{"id":36677,"count":1,"description":"","link":"https:\/\/www.cocondedecoration.com\/blog\/tag\/deco-noel-et-fetes-mobilier\/","name":"d\u00e9co No\u00ebl et f\u00eates mobilier","slug":"deco-noel-et-fetes-mobilier","taxonomy":"post_tag","meta":[],"_links":{"self":[{"href":"https:\/\/www.cocondedecoration.com\/blog\/wp-json\/wp\/v2\/tags\/36677"}],"collection":[{"href":"https:\/\/www.cocondedecoration.com\/blog\/wp-json\/wp\/v2\/tags"}],"about":[{"href":"https:\/\/www.cocondedecoration.com\/blog\/wp-json\/wp\/v2\/taxonomies\/post_tag"}],"wp:post_type":[{"href":"https:\/\/www.cocondedecoration.com\/blog\/wp-json\/wp\/v2\/posts?tags=36677"}],"curies":[{"name":"wp","href":"https:\/\/api.w.org\/{rel}","templated":true}]}}