{"id":25092,"count":1,"description":"","link":"https:\/\/www.cocondedecoration.com\/blog\/tag\/fleurs-sechees-et-eucalyptus-noel\/","name":"fleurs s\u00e9ch\u00e9es et eucalyptus no\u00ebl","slug":"fleurs-sechees-et-eucalyptus-noel","taxonomy":"post_tag","meta":[],"_links":{"self":[{"href":"https:\/\/www.cocondedecoration.com\/blog\/wp-json\/wp\/v2\/tags\/25092"}],"collection":[{"href":"https:\/\/www.cocondedecoration.com\/blog\/wp-json\/wp\/v2\/tags"}],"about":[{"href":"https:\/\/www.cocondedecoration.com\/blog\/wp-json\/wp\/v2\/taxonomies\/post_tag"}],"wp:post_type":[{"href":"https:\/\/www.cocondedecoration.com\/blog\/wp-json\/wp\/v2\/posts?tags=25092"}],"curies":[{"name":"wp","href":"https:\/\/api.w.org\/{rel}","templated":true}]}}