{"id":19599,"count":1,"description":"","link":"https:\/\/www.cocondedecoration.com\/blog\/tag\/amenagement-interieur-porte-vitree\/","name":"am\u00e9nagement int\u00e9rieur porte vitr\u00e9e","slug":"amenagement-interieur-porte-vitree","taxonomy":"post_tag","meta":[],"_links":{"self":[{"href":"https:\/\/www.cocondedecoration.com\/blog\/wp-json\/wp\/v2\/tags\/19599"}],"collection":[{"href":"https:\/\/www.cocondedecoration.com\/blog\/wp-json\/wp\/v2\/tags"}],"about":[{"href":"https:\/\/www.cocondedecoration.com\/blog\/wp-json\/wp\/v2\/taxonomies\/post_tag"}],"wp:post_type":[{"href":"https:\/\/www.cocondedecoration.com\/blog\/wp-json\/wp\/v2\/posts?tags=19599"}],"curies":[{"name":"wp","href":"https:\/\/api.w.org\/{rel}","templated":true}]}}