{"id":9918,"date":"2015-03-30T08:32:32","date_gmt":"2015-03-30T06:32:32","guid":{"rendered":"http:\/\/www.cocondedecoration.com\/blog\/?p=9918"},"modified":"2016-08-24T07:39:38","modified_gmt":"2016-08-24T05:39:38","slug":"il-etait-une-fois-interieurs-3-1","status":"publish","type":"post","link":"https:\/\/www.cocondedecoration.com\/blog\/2015\/03\/il-etait-une-fois-interieurs-3-1\/","title":{"rendered":"Il \u00e9tait une fois&#8230; Int\u00e9rieurs 3.1"},"content":{"rendered":"<p style=\"text-align: justify;\">J'aime les projets. Vous savez quand vous avez une id\u00e9e, qu'elle reste en t\u00eate et qu'au final, on se lance pour lui donner une vie. Dans mon quotidien, j'ai des\u00a0tonnes d'id\u00e9es. Parfois, je me dis que je devrais les noter. Aujourd'hui, je vais vous parler d'une id\u00e9e qui trotte dans mon esprit depuis un bout de temps. Et jusqu'\u00e0 quelques semaines, ce n'\u00e9tait qu'une id\u00e9e... J'avais en t\u00eate de cr\u00e9er mon propre magazine de d\u00e9co.<\/p>\n<p style=\"text-align: justify;\"><!--more--><\/p>\n<p style=\"text-align: justify;\"><a href=\"http:\/\/www.cocondedecoration.com\/blog\/wp-content\/uploads\/2015\/03\/magazine-deco-malin.jpg\"><img loading=\"lazy\" decoding=\"async\" class=\"alignleft wp-image-9933 size-full\" src=\"http:\/\/www.cocondedecoration.com\/blog\/wp-content\/uploads\/2015\/03\/magazine-deco-malin.jpg\" alt=\"magazine deco malin\" width=\"369\" height=\"346\" srcset=\"https:\/\/www.cocondedecoration.com\/blog\/wp-content\/uploads\/2015\/03\/magazine-deco-malin.jpg 369w, https:\/\/www.cocondedecoration.com\/blog\/wp-content\/uploads\/2015\/03\/magazine-deco-malin-260x244.jpg 260w\" sizes=\"(max-width: 369px) 100vw, 369px\" \/><\/a>Je blogue depuis 2008 et sur Cocon j'\u00e9cris depuis fin 2010. J'adore mon blog. J'y passe beaucoup de temps. J'en prends soin. J'aime \u00e9crire dessus. J'aime d\u00e9couvrir de nouvelles enseignes. J'aime partager avec mes lecteurs mes coups de coeur, mes id\u00e9es... Tenir un blog r\u00e9guli\u00e8rement m'a apport\u00e9 beaucoup de choses: J'ai une aisance \u00e0 l'\u00e9crit encore plus prononc\u00e9e qu'avant (j'ai un parcours de Lettres\u00a0derri\u00e8re moi). J'ai d\u00e9couvert une passion pour le r\u00e9f\u00e9rencement - un syst\u00e8me de langage particulier que je d\u00e9couvre petit \u00e0 petit et \u00e7a me fait rire. (Si, si je t'assure, je trouve \u00e7a dr\u00f4le). Bloguer m'a aussi permis de cr\u00e9er mon entreprise et m'a ouvert des possibilit\u00e9s professionnelles que je n'avais pas soup\u00e7onn\u00e9es. Bref, pendant longtemps autour de moi on ne comprenait pas pourquoi j'\u00e9crivais autant. Maintenant \u00e7a devient moins abstrait pour mes proches!<\/p>\n<p style=\"text-align: justify;\">M\u00eame si j'aime bloguer ici ou ailleurs, j'ai besoin d'\u00e9volution. Cette \u00e9volution ne tient qu'\u00e0 moi. J'aime les d\u00e9fis, j'aime quand je dois me creuser la t\u00eate et surtout j'aime apprendre des choses nouvelles. Depuis longtemps, je suis une lectrice de magazines. M\u00eame si je lis sur le web au quotidien, j'aime me poser dans mon canap\u00e9 avec un magazine, un caf\u00e9 et les chats. J'aime lire plusieurs fois le magazine. Je commence par regarder les images, sans r\u00e9fl\u00e9chir, juste parce que c'est beau. Puis je lis.<\/p>\n<p style=\"text-align: justify;\">Je ne sais pas depuis quand j'ai l'id\u00e9e en t\u00eate de cr\u00e9er mon propre magazine... Je sais que dans les magazines que je lis, je suis exasp\u00e9r\u00e9e d'acheter autant de publicit\u00e9s. Pub, que je ne lis pas, qui me tapent rarement dans l'oeil et c'est encore plus rare que j'aille chercher d'autres infos sur la marque qui fait de la pub. J'avais aussi remarqu\u00e9 que je n'avais pas un magazine qui regroupait tout ce que j'aimais. Il y a deux ou trois magazines que je trouve tr\u00e8s bons, ils sont compl\u00e9mentaires. Mais il n'y en a pas un qui sort du lot. Pas un qui propose tout ce que j'aime.<\/p>\n<p style=\"text-align: justify;\">Et il y a quelques semaines, je me suis dit pourquoi pas! Pourquoi ne pas cr\u00e9er mon magazine? Pourquoi ne pas essayer!<\/p>\n<p style=\"text-align: justify;\"><a href=\"http:\/\/www.cocondedecoration.com\/blog\/wp-content\/uploads\/2015\/03\/magazine-deco-lancement.jpg\"><img loading=\"lazy\" decoding=\"async\" class=\"aligncenter wp-image-9934 size-full\" title=\"magazine deco lancement\" src=\"http:\/\/www.cocondedecoration.com\/blog\/wp-content\/uploads\/2015\/03\/magazine-deco-lancement.jpg\" alt=\"magazine deco lancement\" width=\"530\" height=\"795\" srcset=\"https:\/\/www.cocondedecoration.com\/blog\/wp-content\/uploads\/2015\/03\/magazine-deco-lancement.jpg 530w, https:\/\/www.cocondedecoration.com\/blog\/wp-content\/uploads\/2015\/03\/magazine-deco-lancement-260x390.jpg 260w\" sizes=\"(max-width: 530px) 100vw, 530px\" \/><\/a><\/p>\n<p style=\"text-align: justify;\">J'ai envoy\u00e9 un mail \u00e0 Thomas. C'est un ami de plus de 10 ans avec qui je m'entends tr\u00e8s bien. Il n'est pas blogueur, il n'est pas dans le monde de la d\u00e9co. Il aime les belles choses. C'est un plaisir de travailler avec lui, on a d\u00e9j\u00e0 tent\u00e9 l'exp\u00e9rience plus d'une fois. On a un tas de points communs et on est tr\u00e8s compl\u00e9mentaires. Je savais que si je devais cr\u00e9er quelque chose, je pouvais compter sur lui. Il a tout de suite accepter, sans aucune question, sans aucune remarque. Voil\u00e0 le tout d\u00e9but d'un projet qui se concr\u00e9tise.<\/p>\n<p style=\"text-align: justify;\">On s'est vus deux fois \u00e0 l'heure o\u00f9 j'\u00e9cris. Deux s\u00e9ances de travail productives. Je lui ai quand m\u00eame donn\u00e9 quelques explications sur ce que j'attendais de lui, du magazine. Et puis, voil\u00e0, on a commenc\u00e9 \u00e0 bosser. On a fix\u00e9 une date de publications, une ligne \u00e9ditoriale, on s'est mis d'accord sur nos exigences. A notre deuxi\u00e8me rencontre, nous avons valid\u00e9 un titre: Int\u00e9rieurs 3.1 et le lendemain je cr\u00e9ais une page Facebook...<\/p>\n<p style=\"text-align: justify;\">Un peu plus haut, je vous expliquais que ma d\u00e9marche venait d'un manque dans ce qui se fait actuellement. Maintenant, je vais vous en dire un peu plus sur ce que vous trouverez dans le magazine... C'est un magazine qui sera diffus\u00e9 en ligne. Pas un magazine papier (pour le moment, on ne sait pas de quoi demain est fait, hein!). Ce n'est pas un blog, sinon je serai rest\u00e9e sur Cocon... C'est un magazine qui va parler de d\u00e9coration d'int\u00e9rieurs avec une petite partie lifestyle. Thomas est un cuisinier hors pair!<\/p>\n<p style=\"text-align: justify;\"><a href=\"http:\/\/www.cocondedecoration.com\/blog\/wp-content\/uploads\/2015\/03\/magazine-deco-rangement.jpg\"><img loading=\"lazy\" decoding=\"async\" class=\"aligncenter wp-image-9935 size-full\" title=\"magazine deco rangement\" src=\"http:\/\/www.cocondedecoration.com\/blog\/wp-content\/uploads\/2015\/03\/magazine-deco-rangement.jpg\" alt=\"magazine deco rangement\" width=\"640\" height=\"746\" srcset=\"https:\/\/www.cocondedecoration.com\/blog\/wp-content\/uploads\/2015\/03\/magazine-deco-rangement.jpg 640w, https:\/\/www.cocondedecoration.com\/blog\/wp-content\/uploads\/2015\/03\/magazine-deco-rangement-260x303.jpg 260w\" sizes=\"(max-width: 640px) 100vw, 640px\" \/><\/a><br \/>\nAu niveau des contenus, il y aura des focus d\u00e9co, diff\u00e9rents de ceux qui sont ici. Je vais prendre un objet d\u00e9co et en parler presque en long, en large et en travers. Toujours dans l'optique d'apporter aux lecteurs des id\u00e9es et des infos utiles \/ pratiques. Il y aura aussi des pages r\u00e9serv\u00e9es \u00e0 l'inspiration, pour vous donner des id\u00e9es pour votre d\u00e9co. Il y aura du dossier, une th\u00e9matique que l'on va traiter de diff\u00e9rentes mani\u00e8res. Pour le premier num\u00e9ro, je peux vous dire que les vacances seront au centre de nos pr\u00e9occupations! Il y aura aussi une partie bricolage... On est nombreux \u00e0 bricoler par nous m\u00eame et on souhaitait que \u00e7a apparaisse dans le magazine.<br \/>\nEt pour finir, il y aura peu de publicit\u00e9s. Thomas et moi \u00e9tions d'accord sur ce point. Trop de pubs, tue la pub! Pour ce premier num\u00e9ro, j'ai fait appel \u00e0 mon r\u00e9seau, mais surtout \u00e0 des jeunes boutiques. J'aime ses boutiques, je connais les personnes qui s'en occupent. Peut-\u00eatre qu'un jour il y aura une grande soci\u00e9t\u00e9 qui fera de la pub dans notre magazine. Pour le moment ce n'est pas pr\u00e9vu au programme. On veut une publicit\u00e9 qui soit intelligente, qui vous fasse d\u00e9couvrir quelque chose que vous ne connaissez pas ou peu. Et il n'est pas question d'avoir une pub toutes les 2 pages!<\/p>\n<p style=\"text-align: justify;\">Vous vous doutez que ce projet demande un travail consid\u00e9rable... Mais on fait \u00e7a dans la bonne humeur! (et avec un verre de vin parfois!) Pour les infos pratiques, le magazine sera diffus\u00e9 au d\u00e9but du mois de juin et il sera gratuit! On esp\u00e8re qu'il vous plaira... En attendant, n'h\u00e9sitez pas \u00e0 suivre la page Facebook d'<a href=\"https:\/\/www.facebook.com\/pages\/Int%C3%A9rieurs-31\/347670848766563?pnref=story\" target=\"_blank\">Int\u00e9rieurs 3.1<\/a> pour suivre toutes nos actus!<\/p>\n<p style=\"text-align: justify;\">Source des images: <a href=\"https:\/\/www.homepolish.com\/mag\/sol-studio\" target=\"_blank\">A la une<\/a> \/ <a href=\"https:\/\/www.tumblr.com\/tagged\/diy?before=1307994136\" target=\"_blank\">tabouret en magazines<\/a> \/ <a href=\"http:\/\/trendenser.se\/2014\/august\/diy-tidningshogar-pa-hjul.html\" target=\"_blank\">pile de magazines<\/a> \/<a href=\"http:\/\/zanaproducts.co.za\/2014\/08\/22\/copper-magazine-stand-diy\/\" target=\"_blank\"> porte-revue<\/a><\/p>\n","protected":false},"excerpt":{"rendered":"<p>J&rsquo;aime les projets. Vous savez quand vous avez une id\u00e9e, qu&rsquo;elle reste en t\u00eate et qu&rsquo;au final, on se lance pour lui donner une vie. Dans mon quotidien, j&rsquo;ai des\u00a0tonnes d&rsquo;id\u00e9es. Parfois, je me dis que je devrais les noter. Aujourd&rsquo;hui, je vais vous parler d&rsquo;une id\u00e9e qui trotte dans<span class=\"more-link\"><a href=\"https:\/\/www.cocondedecoration.com\/blog\/2015\/03\/il-etait-une-fois-interieurs-3-1\/\">Lire la suite<\/a><\/span><\/p>\n","protected":false},"author":1,"featured_media":9938,"comment_status":"open","ping_status":"open","sticky":false,"template":"","format":"standard","meta":{"om_disable_all_campaigns":false,"_monsterinsights_skip_tracking":false,"_monsterinsights_sitenote_active":false,"_monsterinsights_sitenote_note":"","_monsterinsights_sitenote_category":0,"_uf_show_specific_survey":0,"_uf_disable_surveys":false,"footnotes":""},"categories":[2314],"tags":[1523,129,528,1611,1557,1900,34,191,41],"aioseo_notices":[],"_links":{"self":[{"href":"https:\/\/www.cocondedecoration.com\/blog\/wp-json\/wp\/v2\/posts\/9918"}],"collection":[{"href":"https:\/\/www.cocondedecoration.com\/blog\/wp-json\/wp\/v2\/posts"}],"about":[{"href":"https:\/\/www.cocondedecoration.com\/blog\/wp-json\/wp\/v2\/types\/post"}],"author":[{"embeddable":true,"href":"https:\/\/www.cocondedecoration.com\/blog\/wp-json\/wp\/v2\/users\/1"}],"replies":[{"embeddable":true,"href":"https:\/\/www.cocondedecoration.com\/blog\/wp-json\/wp\/v2\/comments?post=9918"}],"version-history":[{"count":0,"href":"https:\/\/www.cocondedecoration.com\/blog\/wp-json\/wp\/v2\/posts\/9918\/revisions"}],"wp:featuredmedia":[{"embeddable":true,"href":"https:\/\/www.cocondedecoration.com\/blog\/wp-json\/wp\/v2\/media\/9938"}],"wp:attachment":[{"href":"https:\/\/www.cocondedecoration.com\/blog\/wp-json\/wp\/v2\/media?parent=9918"}],"wp:term":[{"taxonomy":"category","embeddable":true,"href":"https:\/\/www.cocondedecoration.com\/blog\/wp-json\/wp\/v2\/categories?post=9918"},{"taxonomy":"post_tag","embeddable":true,"href":"https:\/\/www.cocondedecoration.com\/blog\/wp-json\/wp\/v2\/tags?post=9918"}],"curies":[{"name":"wp","href":"https:\/\/api.w.org\/{rel}","templated":true}]}}