{"id":9585,"date":"2015-02-25T07:00:11","date_gmt":"2015-02-25T05:00:11","guid":{"rendered":"http:\/\/www.cocondedecoration.com\/blog\/?p=9585"},"modified":"2018-07-26T10:47:15","modified_gmt":"2018-07-26T08:47:15","slug":"5-raisons-daimer-22-22-edition-design","status":"publish","type":"post","link":"https:\/\/www.cocondedecoration.com\/blog\/2015\/02\/5-raisons-daimer-22-22-edition-design\/","title":{"rendered":"5 raisons d&rsquo;aimer 22 22 \u00c9dition Design"},"content":{"rendered":"<p style=\"text-align: justify;\">J'ai rencontr\u00e9 le cr\u00e9ateur de 22 22 \u00c9dition Design lors du salon Maison et Objet de janvier: Jean-Claude. J'ai \u00e9t\u00e9 re\u00e7ue sur le stand avec beaucoup de gentillesse et nous avons pris le temps de parler et de faire connaissance. J'ai appris pas mal de chose sur cette maison d'\u00e9dition, des choses qui me plaisent et vous allez comprendre pourquoi. Voil\u00e0 5 raisons d'aimer 22 22 \u00c9dition Design.<\/p>\n<p style=\"text-align: justify;\"><!--more--><\/p>\n<p style=\"text-align: justify;\">1 - <span style=\"text-decoration: underline;\"><a href=\"http:\/\/www.2222editiondesign.fr\/\" target=\"_blank\">22 22 \u00c9dition Design<\/a><\/span> a \u00e9t\u00e9 cr\u00e9\u00e9e en 6 mois. Jean-Claude a propos\u00e9 les dessins de son premier meuble \u00e0 l'organisation du\u00a0salon maison est objet en janvier 2011, ils lui ont dit qu'il y avait la possibilit\u00e9 d'exposer en septembre. Il a donc cr\u00e9\u00e9 la maison d'\u00e9dition et ses premiers meubles en un temps tr\u00e8s rapide.<\/p>\n<p style=\"text-align: justify;\"><a href=\"http:\/\/www.cocondedecoration.com\/blog\/wp-content\/uploads\/2015\/02\/tableIllusionAmbiance.jpg\"><img loading=\"lazy\" decoding=\"async\" class=\"aligncenter wp-image-9588 size-full\" title=\"tableIllusionAmbiance 22 22 edition design\" src=\"http:\/\/www.cocondedecoration.com\/blog\/wp-content\/uploads\/2015\/02\/tableIllusionAmbiance.jpg\" alt=\"tableIllusionAmbiance\" width=\"405\" height=\"270\" srcset=\"https:\/\/www.cocondedecoration.com\/blog\/wp-content\/uploads\/2015\/02\/tableIllusionAmbiance.jpg 405w, https:\/\/www.cocondedecoration.com\/blog\/wp-content\/uploads\/2015\/02\/tableIllusionAmbiance-260x173.jpg 260w\" sizes=\"(max-width: 405px) 100vw, 405px\" \/><\/a><\/p>\n<p style=\"text-align: justify;\">2 - On aime 22 22 \u00c9dition Design parce que c'est une entreprise parisienne avec des racines bretonnes. (Et lui comme moi on aime la Bretagne).<\/p>\n<p style=\"text-align: justify;\"><a href=\"http:\/\/www.cocondedecoration.com\/blog\/wp-content\/uploads\/2015\/02\/Lampe-LICORNE-ambiance-bleue.jpg\"><img loading=\"lazy\" decoding=\"async\" class=\"aligncenter wp-image-9589 size-full\" title=\"Lampe-LICORNE-ambiance-bleue 22 22 edition design\" src=\"http:\/\/www.cocondedecoration.com\/blog\/wp-content\/uploads\/2015\/02\/Lampe-LICORNE-ambiance-bleue.jpg\" alt=\"Lampe-LICORNE-ambiance-bleue\" width=\"405\" height=\"310\" srcset=\"https:\/\/www.cocondedecoration.com\/blog\/wp-content\/uploads\/2015\/02\/Lampe-LICORNE-ambiance-bleue.jpg 405w, https:\/\/www.cocondedecoration.com\/blog\/wp-content\/uploads\/2015\/02\/Lampe-LICORNE-ambiance-bleue-260x199.jpg 260w\" sizes=\"(max-width: 405px) 100vw, 405px\" \/><\/a><\/p>\n<p style=\"text-align: justify;\">3 - La gamme Palais, la premi\u00e8re cr\u00e9ation de la maison d'\u00e9dition a \u00e9t\u00e9 cr\u00e9\u00e9e suite \u00e0 une exposition sur le trompe l'oeil. Entre l'art et le mobilier, il n'y a qu'un pas.<\/p>\n<p style=\"text-align: justify;\"><a href=\"http:\/\/www.cocondedecoration.com\/blog\/wp-content\/uploads\/2015\/02\/Banc-2222-PALAIS-Gamme-couleur.jpg\"><img loading=\"lazy\" decoding=\"async\" class=\"aligncenter wp-image-9590 size-full\" title=\"Banc-2222-PALAIS-Gamme-couleur 22 22 edition design \" src=\"http:\/\/www.cocondedecoration.com\/blog\/wp-content\/uploads\/2015\/02\/Banc-2222-PALAIS-Gamme-couleur.jpg\" alt=\"Banc-2222-PALAIS-Gamme-couleur\" width=\"405\" height=\"573\" srcset=\"https:\/\/www.cocondedecoration.com\/blog\/wp-content\/uploads\/2015\/02\/Banc-2222-PALAIS-Gamme-couleur.jpg 405w, https:\/\/www.cocondedecoration.com\/blog\/wp-content\/uploads\/2015\/02\/Banc-2222-PALAIS-Gamme-couleur-260x368.jpg 260w\" sizes=\"(max-width: 405px) 100vw, 405px\" \/><\/a><\/p>\n<p style=\"text-align: justify;\">4 - On aime 22 22 Edition Design parce que ce sont des artisans fran\u00e7ais qui confectionnent les objets, qui font des exp\u00e9riences et qui passent beaucoup de temps pour produire \u00e0 la main certaines pi\u00e8ces. Jean-Claude m'expliquait que pour le <span style=\"text-decoration: underline;\"><a href=\"http:\/\/www.2222editiondesign.fr\/CollCielTerre.htm\" target=\"_blank\">soliflore \/ photophore Ciel et Terre<\/a><\/span>, il a fallu de nombreux essais au porcelainier pour avoir se r\u00e9sultat.<\/p>\n<p style=\"text-align: justify;\"><a href=\"http:\/\/www.cocondedecoration.com\/blog\/wp-content\/uploads\/2015\/02\/Vase-PhotophoreCIELetTERRE-fleur.jpg\"><img loading=\"lazy\" decoding=\"async\" class=\"aligncenter wp-image-9591 size-full\" title=\"Vase-PhotophoreCIELetTERRE-fleur 22 22 edition design\" src=\"http:\/\/www.cocondedecoration.com\/blog\/wp-content\/uploads\/2015\/02\/Vase-PhotophoreCIELetTERRE-fleur.jpg\" alt=\"Vase-PhotophoreCIELetTERRE-fleur\" width=\"403\" height=\"560\" srcset=\"https:\/\/www.cocondedecoration.com\/blog\/wp-content\/uploads\/2015\/02\/Vase-PhotophoreCIELetTERRE-fleur.jpg 403w, https:\/\/www.cocondedecoration.com\/blog\/wp-content\/uploads\/2015\/02\/Vase-PhotophoreCIELetTERRE-fleur-260x361.jpg 260w\" sizes=\"(max-width: 403px) 100vw, 403px\" \/><\/a><\/p>\n<p style=\"text-align: justify;\">5 - Enfin, on aime 22 22 \u00c9dition Design parce que chaque homme se cache une femme! Je ne peux pas juste attribuer le m\u00e9rite \u00e0 Jean-Claude. Il fait \u00e9quipe avec Faridha, qui ne cr\u00e9e pas mais qui a largement de quoi s'occuper \ud83d\ude09<\/p>\n<p style=\"text-align: justify;\"><a href=\"http:\/\/www.cocondedecoration.com\/blog\/wp-content\/uploads\/2015\/02\/LUSTRE-SOLEIL-RESTO.jpg\"><img loading=\"lazy\" decoding=\"async\" class=\"aligncenter wp-image-9592 size-full\" title=\"LUSTRE-SOLEIL-RESTO luminaire 22 22 edition design\" src=\"http:\/\/www.cocondedecoration.com\/blog\/wp-content\/uploads\/2015\/02\/LUSTRE-SOLEIL-RESTO.jpg\" alt=\"LUSTRE-SOLEIL-RESTO\" width=\"405\" height=\"570\" srcset=\"https:\/\/www.cocondedecoration.com\/blog\/wp-content\/uploads\/2015\/02\/LUSTRE-SOLEIL-RESTO.jpg 405w, https:\/\/www.cocondedecoration.com\/blog\/wp-content\/uploads\/2015\/02\/LUSTRE-SOLEIL-RESTO-260x366.jpg 260w\" sizes=\"(max-width: 405px) 100vw, 405px\" \/><\/a><\/p>\n<p style=\"text-align: justify;\">J'esp\u00e8re que ces 5 raisons vous ont donn\u00e9 envie d'en savoir et d'en voir plus sur 22 22 \u00c9dition Design! Je vous laisse avec les quelques images prises au salon Maison et Objet le mois pass\u00e9.<\/p>\n<p style=\"text-align: justify;\"><a href=\"http:\/\/www.cocondedecoration.com\/blog\/wp-content\/uploads\/2015\/02\/22-22-edition-design-photophore-design-porcelaine-limoges.jpg\"><img loading=\"lazy\" decoding=\"async\" class=\"aligncenter wp-image-9594 size-full\" title=\"photophore design 22 22 edition design\" src=\"http:\/\/www.cocondedecoration.com\/blog\/wp-content\/uploads\/2015\/02\/22-22-edition-design-photophore-design-porcelaine-limoges.jpg\" alt=\"photophore design 22 22 edition design\" width=\"3128\" height=\"2346\" srcset=\"https:\/\/www.cocondedecoration.com\/blog\/wp-content\/uploads\/2015\/02\/22-22-edition-design-photophore-design-porcelaine-limoges.jpg 3128w, https:\/\/www.cocondedecoration.com\/blog\/wp-content\/uploads\/2015\/02\/22-22-edition-design-photophore-design-porcelaine-limoges-260x195.jpg 260w, https:\/\/www.cocondedecoration.com\/blog\/wp-content\/uploads\/2015\/02\/22-22-edition-design-photophore-design-porcelaine-limoges-640x480.jpg 640w, https:\/\/www.cocondedecoration.com\/blog\/wp-content\/uploads\/2015\/02\/22-22-edition-design-photophore-design-porcelaine-limoges-940x705.jpg 940w\" sizes=\"(max-width: 3128px) 100vw, 3128px\" \/><\/a><\/p>\n<p style=\"text-align: justify;\"><a href=\"http:\/\/www.cocondedecoration.com\/blog\/wp-content\/uploads\/2015\/02\/22-22-edition-design-maison-et-objet-mobilier.jpg\"><img loading=\"lazy\" decoding=\"async\" class=\"aligncenter wp-image-9595 size-full\" title=\"mobilier design metal 22 22 edition design\" src=\"http:\/\/www.cocondedecoration.com\/blog\/wp-content\/uploads\/2015\/02\/22-22-edition-design-maison-et-objet-mobilier.jpg\" alt=\"mobilier design metal 22 22 edition design\" width=\"2346\" height=\"3128\" srcset=\"https:\/\/www.cocondedecoration.com\/blog\/wp-content\/uploads\/2015\/02\/22-22-edition-design-maison-et-objet-mobilier.jpg 2346w, https:\/\/www.cocondedecoration.com\/blog\/wp-content\/uploads\/2015\/02\/22-22-edition-design-maison-et-objet-mobilier-260x347.jpg 260w, https:\/\/www.cocondedecoration.com\/blog\/wp-content\/uploads\/2015\/02\/22-22-edition-design-maison-et-objet-mobilier-640x853.jpg 640w, https:\/\/www.cocondedecoration.com\/blog\/wp-content\/uploads\/2015\/02\/22-22-edition-design-maison-et-objet-mobilier-940x1253.jpg 940w\" sizes=\"(max-width: 2346px) 100vw, 2346px\" \/><\/a><\/p>\n<p style=\"text-align: justify;\"><a href=\"http:\/\/www.cocondedecoration.com\/blog\/wp-content\/uploads\/2015\/02\/mobilier-design-createur-francais-chaise-et-table.jpg\"><img loading=\"lazy\" decoding=\"async\" class=\"aligncenter wp-image-9596 size-full\" title=\"mobilier trompe oeil design \" src=\"http:\/\/www.cocondedecoration.com\/blog\/wp-content\/uploads\/2015\/02\/mobilier-design-createur-francais-chaise-et-table.jpg\" alt=\"mobilier trompe oeil design \" width=\"3128\" height=\"2346\" srcset=\"https:\/\/www.cocondedecoration.com\/blog\/wp-content\/uploads\/2015\/02\/mobilier-design-createur-francais-chaise-et-table.jpg 3128w, https:\/\/www.cocondedecoration.com\/blog\/wp-content\/uploads\/2015\/02\/mobilier-design-createur-francais-chaise-et-table-260x195.jpg 260w, https:\/\/www.cocondedecoration.com\/blog\/wp-content\/uploads\/2015\/02\/mobilier-design-createur-francais-chaise-et-table-640x480.jpg 640w, https:\/\/www.cocondedecoration.com\/blog\/wp-content\/uploads\/2015\/02\/mobilier-design-createur-francais-chaise-et-table-940x705.jpg 940w\" sizes=\"(max-width: 3128px) 100vw, 3128px\" \/><\/a><\/p>\n<p style=\"text-align: justify;\"><a href=\"http:\/\/www.cocondedecoration.com\/blog\/wp-content\/uploads\/2015\/02\/luminaire-design-licorne-22-22-edition-design.jpg\"><img loading=\"lazy\" decoding=\"async\" class=\"aligncenter wp-image-9597 size-full\" title=\"luminaire licorne design\" src=\"http:\/\/www.cocondedecoration.com\/blog\/wp-content\/uploads\/2015\/02\/luminaire-design-licorne-22-22-edition-design.jpg\" alt=\"luminaire licorne design\" width=\"3128\" height=\"2346\" srcset=\"https:\/\/www.cocondedecoration.com\/blog\/wp-content\/uploads\/2015\/02\/luminaire-design-licorne-22-22-edition-design.jpg 3128w, https:\/\/www.cocondedecoration.com\/blog\/wp-content\/uploads\/2015\/02\/luminaire-design-licorne-22-22-edition-design-260x195.jpg 260w, https:\/\/www.cocondedecoration.com\/blog\/wp-content\/uploads\/2015\/02\/luminaire-design-licorne-22-22-edition-design-640x480.jpg 640w, https:\/\/www.cocondedecoration.com\/blog\/wp-content\/uploads\/2015\/02\/luminaire-design-licorne-22-22-edition-design-940x705.jpg 940w\" sizes=\"(max-width: 3128px) 100vw, 3128px\" \/><\/a><\/p>\n<p style=\"text-align: justify;\"><a href=\"http:\/\/www.cocondedecoration.com\/blog\/wp-content\/uploads\/2015\/02\/22-22-maison-edition-mobilier-design.jpg\"><img loading=\"lazy\" decoding=\"async\" class=\"aligncenter wp-image-9598 size-full\" title=\"mobilier palais metal\" src=\"http:\/\/www.cocondedecoration.com\/blog\/wp-content\/uploads\/2015\/02\/22-22-maison-edition-mobilier-design.jpg\" alt=\"mobilier palais metal\" width=\"2346\" height=\"3128\" srcset=\"https:\/\/www.cocondedecoration.com\/blog\/wp-content\/uploads\/2015\/02\/22-22-maison-edition-mobilier-design.jpg 2346w, https:\/\/www.cocondedecoration.com\/blog\/wp-content\/uploads\/2015\/02\/22-22-maison-edition-mobilier-design-260x347.jpg 260w, https:\/\/www.cocondedecoration.com\/blog\/wp-content\/uploads\/2015\/02\/22-22-maison-edition-mobilier-design-640x853.jpg 640w, https:\/\/www.cocondedecoration.com\/blog\/wp-content\/uploads\/2015\/02\/22-22-maison-edition-mobilier-design-940x1253.jpg 940w\" sizes=\"(max-width: 2346px) 100vw, 2346px\" \/><\/a><\/p>\n<p style=\"text-align: justify;\"><a href=\"http:\/\/www.cocondedecoration.com\/blog\/wp-content\/uploads\/2015\/02\/lustre-pampille-22-22-edition-design.jpg\"><img loading=\"lazy\" decoding=\"async\" class=\"aligncenter wp-image-9599 size-full\" title=\"lustre pampille deco design\" src=\"http:\/\/www.cocondedecoration.com\/blog\/wp-content\/uploads\/2015\/02\/lustre-pampille-22-22-edition-design.jpg\" alt=\"lustre pampille deco design\" width=\"1564\" height=\"2086\" srcset=\"https:\/\/www.cocondedecoration.com\/blog\/wp-content\/uploads\/2015\/02\/lustre-pampille-22-22-edition-design.jpg 1564w, https:\/\/www.cocondedecoration.com\/blog\/wp-content\/uploads\/2015\/02\/lustre-pampille-22-22-edition-design-260x347.jpg 260w, https:\/\/www.cocondedecoration.com\/blog\/wp-content\/uploads\/2015\/02\/lustre-pampille-22-22-edition-design-640x854.jpg 640w, https:\/\/www.cocondedecoration.com\/blog\/wp-content\/uploads\/2015\/02\/lustre-pampille-22-22-edition-design-940x1254.jpg 940w\" sizes=\"(max-width: 1564px) 100vw, 1564px\" \/><\/a><\/p>\n<p style=\"text-align: justify;\"><a href=\"http:\/\/www.cocondedecoration.com\/blog\/wp-content\/uploads\/2015\/02\/luminaire-soleil-design.jpg\"><img loading=\"lazy\" decoding=\"async\" class=\"aligncenter wp-image-9600 size-full\" title=\"luminaire soleil design\" src=\"http:\/\/www.cocondedecoration.com\/blog\/wp-content\/uploads\/2015\/02\/luminaire-soleil-design.jpg\" alt=\"luminaire soleil design\" width=\"680\" height=\"510\" srcset=\"https:\/\/www.cocondedecoration.com\/blog\/wp-content\/uploads\/2015\/02\/luminaire-soleil-design.jpg 680w, https:\/\/www.cocondedecoration.com\/blog\/wp-content\/uploads\/2015\/02\/luminaire-soleil-design-260x195.jpg 260w, https:\/\/www.cocondedecoration.com\/blog\/wp-content\/uploads\/2015\/02\/luminaire-soleil-design-640x480.jpg 640w\" sizes=\"(max-width: 680px) 100vw, 680px\" \/><\/a><\/p>\n","protected":false},"excerpt":{"rendered":"<p>J&rsquo;ai rencontr\u00e9 le cr\u00e9ateur de 22 22 \u00c9dition Design lors du salon Maison et Objet de janvier: Jean-Claude. J&rsquo;ai \u00e9t\u00e9 re\u00e7ue sur le stand avec beaucoup de gentillesse et nous avons pris le temps de parler et de faire connaissance. J&rsquo;ai appris pas mal de chose sur cette maison d&rsquo;\u00e9dition,<span class=\"more-link\"><a href=\"https:\/\/www.cocondedecoration.com\/blog\/2015\/02\/5-raisons-daimer-22-22-edition-design\/\">Lire la suite<\/a><\/span><\/p>\n","protected":false},"author":1,"featured_media":9599,"comment_status":"open","ping_status":"open","sticky":false,"template":"","format":"standard","meta":{"om_disable_all_campaigns":false,"_monsterinsights_skip_tracking":false,"_monsterinsights_sitenote_active":false,"_monsterinsights_sitenote_note":"","_monsterinsights_sitenote_category":0,"_uf_show_specific_survey":0,"_uf_disable_surveys":false,"footnotes":""},"categories":[2314],"tags":[1754,1863,129,528,362,220,120,1865,1864],"aioseo_notices":[],"_links":{"self":[{"href":"https:\/\/www.cocondedecoration.com\/blog\/wp-json\/wp\/v2\/posts\/9585"}],"collection":[{"href":"https:\/\/www.cocondedecoration.com\/blog\/wp-json\/wp\/v2\/posts"}],"about":[{"href":"https:\/\/www.cocondedecoration.com\/blog\/wp-json\/wp\/v2\/types\/post"}],"author":[{"embeddable":true,"href":"https:\/\/www.cocondedecoration.com\/blog\/wp-json\/wp\/v2\/users\/1"}],"replies":[{"embeddable":true,"href":"https:\/\/www.cocondedecoration.com\/blog\/wp-json\/wp\/v2\/comments?post=9585"}],"version-history":[{"count":0,"href":"https:\/\/www.cocondedecoration.com\/blog\/wp-json\/wp\/v2\/posts\/9585\/revisions"}],"wp:featuredmedia":[{"embeddable":true,"href":"https:\/\/www.cocondedecoration.com\/blog\/wp-json\/wp\/v2\/media\/9599"}],"wp:attachment":[{"href":"https:\/\/www.cocondedecoration.com\/blog\/wp-json\/wp\/v2\/media?parent=9585"}],"wp:term":[{"taxonomy":"category","embeddable":true,"href":"https:\/\/www.cocondedecoration.com\/blog\/wp-json\/wp\/v2\/categories?post=9585"},{"taxonomy":"post_tag","embeddable":true,"href":"https:\/\/www.cocondedecoration.com\/blog\/wp-json\/wp\/v2\/tags?post=9585"}],"curies":[{"name":"wp","href":"https:\/\/api.w.org\/{rel}","templated":true}]}}