{"id":9569,"date":"2015-02-20T07:00:23","date_gmt":"2015-02-20T05:00:23","guid":{"rendered":"http:\/\/www.cocondedecoration.com\/blog\/?p=9569"},"modified":"2016-08-24T08:24:14","modified_gmt":"2016-08-24T06:24:14","slug":"be-my-guest-matthieu-de-barnabe","status":"publish","type":"post","link":"https:\/\/www.cocondedecoration.com\/blog\/2015\/02\/be-my-guest-matthieu-de-barnabe\/","title":{"rendered":"Be my guest &#8211; Matthieu de Barnab\u00e9\u00a9"},"content":{"rendered":"<p style=\"text-align: justify;\"><em>Cette semaine, je tenais \u00e0 vous pr\u00e9senter Matthieu qui a cr\u00e9\u00e9 son entreprise d'auto-\u00e9dition, <span style=\"text-decoration: underline;\"><a href=\"http:\/\/www.barnabe-design.com\/\" target=\"_blank\">Barnab\u00e9\u00a9<\/a><\/span>. Auto-\u00e9dition de quoi, vous allez me dire? De mobilier. Ce qui m'a plu dans le profil de Matthieu, c'est qu'il a un parcours atypique, mais qu'il s'est clairement donn\u00e9 les moyens de r\u00e9ussir...\u00a0<\/em><\/p>\n<p style=\"text-align: justify;\"><!--more--><\/p>\n<p style=\"text-align: justify;\"><b>1\/ Qui es-tu\u00a0? <\/b><\/p>\n<p style=\"text-align: justify;\" align=\"JUSTIFY\">Je m\u2019appelle Matthieu Lunet, j\u2019ai 34 ans et je suis parisien, originaire d\u2019Aveyron. Comme disait Jos\u00e9phine Baker\u00a0: <i>j\u2019ai deux amours mon pays et Paris<\/i>\u00a0!<\/p>\n<p style=\"text-align: justify;\" align=\"JUSTIFY\">Je suis, depuis peu, <strong>\u00e9b\u00e9niste, designer et artisan<\/strong>.<\/p>\n<p style=\"text-align: justify;\" align=\"JUSTIFY\">Apr\u00e8s avoir suivi des \u00e9tudes commerciales, je me suis tourn\u00e9 vers le secteur du marketing, au sein duquel j\u2019ai pu d\u00e9velopper certaines comp\u00e9tences mais <strong>sans ressentir de r\u00e9el \u00e9panouissement<\/strong>. En 2009, il m\u2019est apparu n\u00e9cessaire de proc\u00e9der \u00e0 une <strong>reconversion professionnelle radicale<\/strong> en revenant \u00e0 mes premi\u00e8res amours. Je souhaitais retrouver cette \u00e9motion lorsque enfant, je restais dans l\u2019atelier de mon p\u00e8re pour le voir transformer une simple planche de bois en un coffret ouvrag\u00e9. C\u2019est ainsi que j\u2019ai d\u00e9cid\u00e9 de franchir les portes de l\u2019<strong>Ecole Boulle<\/strong> afin de passer un dipl\u00f4me d\u2019\u00e9b\u00e9niste et d\u2019effectuer un m\u00e9tier plus en lien avec le domaine de la cr\u00e9ation, au contact de la mati\u00e8re et de la nature.<\/p>\n<p style=\"text-align: justify;\" align=\"JUSTIFY\"><a href=\"http:\/\/www.cocondedecoration.com\/blog\/wp-content\/uploads\/2015\/02\/table-basse-metis-bois-barnabe-2.jpg\"><img loading=\"lazy\" decoding=\"async\" class=\"aligncenter wp-image-9574 size-full\" title=\"table-basse-metis-bois-barnabe-2\" src=\"http:\/\/www.cocondedecoration.com\/blog\/wp-content\/uploads\/2015\/02\/table-basse-metis-bois-barnabe-2.jpg\" alt=\"table-basse-metis-bois-barnabe-2\" width=\"1200\" height=\"800\" srcset=\"https:\/\/www.cocondedecoration.com\/blog\/wp-content\/uploads\/2015\/02\/table-basse-metis-bois-barnabe-2.jpg 1200w, https:\/\/www.cocondedecoration.com\/blog\/wp-content\/uploads\/2015\/02\/table-basse-metis-bois-barnabe-2-260x173.jpg 260w, https:\/\/www.cocondedecoration.com\/blog\/wp-content\/uploads\/2015\/02\/table-basse-metis-bois-barnabe-2-640x427.jpg 640w, https:\/\/www.cocondedecoration.com\/blog\/wp-content\/uploads\/2015\/02\/table-basse-metis-bois-barnabe-2-940x627.jpg 940w, https:\/\/www.cocondedecoration.com\/blog\/wp-content\/uploads\/2015\/02\/table-basse-metis-bois-barnabe-2-440x294.jpg 440w\" sizes=\"(max-width: 1200px) 100vw, 1200px\" \/><\/a><\/p>\n<p style=\"text-align: justify;\"><b>2\/ Depuis quand as-tu cr\u00e9\u00e9 ton entreprise\u00a0? <\/b><\/p>\n<p style=\"text-align: justify;\">J\u2019ai cr\u00e9\u00e9 en <strong>octobre 2012<\/strong> la soci\u00e9t\u00e9 barnab\u00e9\u00a9 (mon surnom au quotidien), en faisant le pari de l\u2019<strong>autonomie et de l\u2019auto-\u00e9dition<\/strong>, me permettant ainsi <strong>une plus grande libert\u00e9 de cr\u00e9ation<\/strong>.<\/p>\n<p style=\"text-align: justify;\"><b>3\/ Pourquoi le mobilier et ce secteur d'activit\u00e9\u00a0? <\/b><\/p>\n<p style=\"text-align: justify;\">Comme je le disais plus haut, j\u2019ai toujours \u00e9t\u00e9 passionn\u00e9 par la <strong>conception de meubles et le travail du bois<\/strong>.<\/p>\n<p style=\"text-align: justify;\">Toutefois, \u00e9tant sans r\u00e9elle exp\u00e9rience dans ce secteur d\u2019activit\u00e9, je ne savais pas encore o\u00f9 se situerait ma place. Mon projet s\u2019est donc construit <strong>petit \u00e0 petit<\/strong>. J\u2019ai vite r\u00e9alis\u00e9 que j\u2019avais envie <strong>de dessiner mes collections<\/strong> tout en conservant mon ind\u00e9pendance, raisons pour lesquelles j\u2019ai ouvert ma propre soci\u00e9t\u00e9 de cr\u00e9ation et d\u2019\u00e9dition de mobilier.<\/p>\n<p style=\"text-align: justify;\"><b>4\/ D'o\u00f9 te vient l'inspiration\u00a0? <\/b><\/p>\n<p style=\"text-align: justify;\">Je puise mon inspiration de <strong>la nature<\/strong>, des <strong>diff\u00e9rents voyages<\/strong> et des <strong>diverses rencontres<\/strong> que j\u2019ai pu faire. Mes id\u00e9es me viennent \u00e9galement des <strong>demandes fr\u00e9quentes de mes amis parisiens au sujet de l\u2019agencement de leur appartement<\/strong>. La configuration et l\u2019architecture des logements parisiens sont souvent complexes et li\u00e9es \u00e0 de nombreuses contraintes. Cela m\u2019a donc pouss\u00e9 \u00e0 d\u00e9velopper des meubles con\u00e7us pour \u00eatre vendus<strong> sur mesure, customisables, adapt\u00e9s<\/strong> \u00e0 tous les int\u00e9rieurs tout en d\u00e9veloppant un caract\u00e8re original\u00a0! T\u00e2che qui s\u2019av\u00e8re parfois ardue\u2026<\/p>\n<p style=\"text-align: justify;\"><a href=\"http:\/\/www.cocondedecoration.com\/blog\/wp-content\/uploads\/2015\/02\/Bibliotheque-zephyr-esther-barnabe.jpg\"><img loading=\"lazy\" decoding=\"async\" class=\"aligncenter wp-image-9572 size-full\" title=\"Bibliotheque-zephyr-esther-barnabe\" src=\"http:\/\/www.cocondedecoration.com\/blog\/wp-content\/uploads\/2015\/02\/Bibliotheque-zephyr-esther-barnabe.jpg\" alt=\"Bibliotheque-zephyr-esther-barnabe\" width=\"750\" height=\"750\" srcset=\"https:\/\/www.cocondedecoration.com\/blog\/wp-content\/uploads\/2015\/02\/Bibliotheque-zephyr-esther-barnabe.jpg 750w, https:\/\/www.cocondedecoration.com\/blog\/wp-content\/uploads\/2015\/02\/Bibliotheque-zephyr-esther-barnabe-165x165.jpg 165w, https:\/\/www.cocondedecoration.com\/blog\/wp-content\/uploads\/2015\/02\/Bibliotheque-zephyr-esther-barnabe-260x260.jpg 260w, https:\/\/www.cocondedecoration.com\/blog\/wp-content\/uploads\/2015\/02\/Bibliotheque-zephyr-esther-barnabe-640x640.jpg 640w\" sizes=\"(max-width: 750px) 100vw, 750px\" \/><\/a><\/p>\n<p style=\"text-align: justify;\"><b>5\/ Dans un monde parfait, \u00e0 quoi ressemblerait ta maison\u00a0? <\/b><\/p>\n<p style=\"text-align: justify;\">Ah \u00e7a c\u2019est facile comme question car j\u2019ai la chance de pouvoir r\u00e9aliser ce r\u00eave en retapant <strong>une ancienne bergerie<\/strong> situ\u00e9e dans le sud de l\u2019Aveyron au pied du Causse du Larzac.<\/p>\n<p style=\"text-align: justify;\">Cette petite maisonn\u00e9e, toute de pierre v\u00eatue, est lov\u00e9e au fond d\u2019une vall\u00e9e enchanteresse et accol\u00e9e \u00e0 une rivi\u00e8re. C\u2019est un lieu vraiment paradisiaque, en tout cas \u00e0 mes yeux.<\/p>\n<p style=\"text-align: justify;\"><b>6\/ Si tu avais un budget illimit\u00e9, quel est l'objet d\u00e9co que tu t'offrirais\u00a0? <\/b><\/p>\n<p style=\"text-align: justify;\">R\u00e9ponse facile\u00a0: si j\u2019avais un budget illimit\u00e9, je m\u2019offrirais ENORMEMENT d\u2019objets d\u00e9co\u2026.. Mais si je devais en choisir un ce serait la \u00ab\u00a0<strong>Eames Lounge Chair<\/strong>\u00a0\u00bb. J\u2019ai eu la chance, il y a quelques ann\u00e9es, d\u2019avoir pu go\u00fbter au confort et \u00e0 l\u2019assise de ce fauteuil. Mon s\u00e9ant s\u2019en souvient encore\u00a0!<\/p>\n<p style=\"text-align: justify;\">Il correspond compl\u00e8tement \u00e0 ma philosophie du mobilier, <strong>c\u2019est un objet de d\u00e9coration qui est esth\u00e9tiquement tr\u00e8s r\u00e9ussi, mais qui n\u2019a pas oubli\u00e9 sa fonction et son utilit\u00e9 premi\u00e8re, celle d\u2019\u00eatre un meuble<\/strong>.<\/p>\n<p style=\"text-align: justify;\"><a href=\"http:\/\/www.cocondedecoration.com\/blog\/wp-content\/uploads\/2015\/02\/transart-transat-pochoir-barnabe-4.jpg\"><img loading=\"lazy\" decoding=\"async\" class=\"aligncenter wp-image-9573 size-full\" title=\"transart-transat-pochoir-barnabe-4\" src=\"http:\/\/www.cocondedecoration.com\/blog\/wp-content\/uploads\/2015\/02\/transart-transat-pochoir-barnabe-4.jpg\" alt=\"transart-transat-pochoir-barnabe-4\" width=\"750\" height=\"500\" srcset=\"https:\/\/www.cocondedecoration.com\/blog\/wp-content\/uploads\/2015\/02\/transart-transat-pochoir-barnabe-4.jpg 750w, https:\/\/www.cocondedecoration.com\/blog\/wp-content\/uploads\/2015\/02\/transart-transat-pochoir-barnabe-4-260x173.jpg 260w, https:\/\/www.cocondedecoration.com\/blog\/wp-content\/uploads\/2015\/02\/transart-transat-pochoir-barnabe-4-640x427.jpg 640w, https:\/\/www.cocondedecoration.com\/blog\/wp-content\/uploads\/2015\/02\/transart-transat-pochoir-barnabe-4-440x294.jpg 440w\" sizes=\"(max-width: 750px) 100vw, 750px\" \/><\/a><\/p>\n<p style=\"text-align: justify;\"><b>7\/ Quel est l'objet qui te plait le plus dans ta boutique\u00a0? Pourquoi\u00a0? <\/b><\/p>\n<p style=\"text-align: justify;\">Question difficile\u00a0! Je me suis investi dans chacune de mes cr\u00e9ations\u2026.<\/p>\n<p style=\"text-align: justify;\">Mais si vraiment je devais op\u00e9rer un choix, j\u2019opterais pour <a href=\"http:\/\/www.barnabe-design.com\/?port=bibliotheque-zephyr\" target=\"_blank\">la biblioth\u00e8que Z\u00e9phyr<\/a> car il s\u2019agit de ma premi\u00e8re cr\u00e9ation, et j\u2019y vois assur\u00e9ment le symbole du d\u00e9but de ma 2<sup>\u00e8me<\/sup> vie professionnelle.<\/p>\n<p style=\"text-align: justify;\"><b>8\/ Tes pr\u00e9sences sur les r\u00e9seaux sociaux\u00a0? (avec les liens si possible...) <\/b><\/p>\n<p style=\"text-align: justify;\">Je suis pr\u00e9sent sur Facebook pour relayer mes actus et les nouveaut\u00e9s barnab\u00e9\u00a9 sur la page\u00a0<span style=\"color: #0000ff;\"><span style=\"text-decoration: underline;\"><a href=\"https:\/\/www.facebook.com\/barnabedesign\">https:\/\/www.facebook.com\/barnabedesign<\/a><\/span><\/span>.<\/p>\n<p style=\"text-align: justify;\">Et bien s\u00fbr il y a aussi le site web <span style=\"color: #0000ff;\"><span style=\"text-decoration: underline;\"><a href=\"http:\/\/www.barnabe-design.com\/\">www.barnabe-design.com<\/a><\/span><\/span>.<\/p>\n","protected":false},"excerpt":{"rendered":"<p>Cette semaine, je tenais \u00e0 vous pr\u00e9senter Matthieu qui a cr\u00e9\u00e9 son entreprise d&rsquo;auto-\u00e9dition, Barnab\u00e9\u00a9. Auto-\u00e9dition de quoi, vous allez me dire? De mobilier. Ce qui m&rsquo;a plu dans le profil de Matthieu, c&rsquo;est qu&rsquo;il a un parcours atypique, mais qu&rsquo;il s&rsquo;est clairement donn\u00e9 les moyens de r\u00e9ussir&#8230;\u00a0<span class=\"more-link\"><a href=\"https:\/\/www.cocondedecoration.com\/blog\/2015\/02\/be-my-guest-matthieu-de-barnabe\/\">Lire la suite<\/a><\/span><\/p>\n","protected":false},"author":1,"featured_media":9571,"comment_status":"open","ping_status":"open","sticky":false,"template":"","format":"standard","meta":{"om_disable_all_campaigns":false,"_monsterinsights_skip_tracking":false,"_monsterinsights_sitenote_active":false,"_monsterinsights_sitenote_note":"","_monsterinsights_sitenote_category":0,"_uf_show_specific_survey":0,"_uf_disable_surveys":false,"footnotes":""},"categories":[2314,1832],"tags":[1856,1297,129,528,1854,407,1855,1311,41],"aioseo_notices":[],"_links":{"self":[{"href":"https:\/\/www.cocondedecoration.com\/blog\/wp-json\/wp\/v2\/posts\/9569"}],"collection":[{"href":"https:\/\/www.cocondedecoration.com\/blog\/wp-json\/wp\/v2\/posts"}],"about":[{"href":"https:\/\/www.cocondedecoration.com\/blog\/wp-json\/wp\/v2\/types\/post"}],"author":[{"embeddable":true,"href":"https:\/\/www.cocondedecoration.com\/blog\/wp-json\/wp\/v2\/users\/1"}],"replies":[{"embeddable":true,"href":"https:\/\/www.cocondedecoration.com\/blog\/wp-json\/wp\/v2\/comments?post=9569"}],"version-history":[{"count":0,"href":"https:\/\/www.cocondedecoration.com\/blog\/wp-json\/wp\/v2\/posts\/9569\/revisions"}],"wp:featuredmedia":[{"embeddable":true,"href":"https:\/\/www.cocondedecoration.com\/blog\/wp-json\/wp\/v2\/media\/9571"}],"wp:attachment":[{"href":"https:\/\/www.cocondedecoration.com\/blog\/wp-json\/wp\/v2\/media?parent=9569"}],"wp:term":[{"taxonomy":"category","embeddable":true,"href":"https:\/\/www.cocondedecoration.com\/blog\/wp-json\/wp\/v2\/categories?post=9569"},{"taxonomy":"post_tag","embeddable":true,"href":"https:\/\/www.cocondedecoration.com\/blog\/wp-json\/wp\/v2\/tags?post=9569"}],"curies":[{"name":"wp","href":"https:\/\/api.w.org\/{rel}","templated":true}]}}