{"id":9446,"date":"2015-02-01T07:00:41","date_gmt":"2015-02-01T05:00:41","guid":{"rendered":"http:\/\/www.cocondedecoration.com\/blog\/?p=9446"},"modified":"2018-07-26T10:47:38","modified_gmt":"2018-07-26T08:47:38","slug":"maison-objet-janvier-2015-partie-2","status":"publish","type":"post","link":"https:\/\/www.cocondedecoration.com\/blog\/2015\/02\/maison-objet-janvier-2015-partie-2\/","title":{"rendered":"Maison &#038; Objet &#8211; Janvier 2015 (partie 2)"},"content":{"rendered":"<p style=\"text-align: justify;\">Voil\u00e0 la 2\u00e8me partie du salon Maison et Objets, salon qui f\u00eate ses 20 ans cette ann\u00e9e. 20 ans de d\u00e9coration, de mobilier et de passion. Parce que m\u00eame si c'est un salon pro, il y a avant tout des gens qui aiment ce qu'ils font! Ce qui rend les rencontres vraiment agr\u00e9able... Mais j'y reviendrai!<br \/>\nLa premi\u00e8re partie des images est visible dans l'article:\u00a0<a href=\"http:\/\/www.cocondedecoration.com\/blog\/2015\/01\/maison-objet-janvier-2015-partie-1\/\" target=\"_blank\">Maison &amp; Objet - Janvier 2015 (partie 1)<\/a> et la suite sera sur <a href=\"https:\/\/www.facebook.com\/pages\/Cocon-de-d%C3%A9coration\/122572007816592?fref=ts\" target=\"_blank\">la page Facebook<\/a> d'ici quelques jours!<\/p>\n<p style=\"text-align: justify;\"><!--more--><\/p>\n<p style=\"text-align: justify;\"><a href=\"http:\/\/www.cocondedecoration.com\/blog\/wp-content\/uploads\/2015\/01\/bureau-scandinave.jpg\"><img loading=\"lazy\" decoding=\"async\" class=\"aligncenter wp-image-9441 size-large\" title=\"bureau scandinave\" src=\"http:\/\/www.cocondedecoration.com\/blog\/wp-content\/uploads\/2015\/01\/bureau-scandinave-640x480.jpg\" alt=\"bureau scandinave\" width=\"640\" height=\"480\" srcset=\"https:\/\/www.cocondedecoration.com\/blog\/wp-content\/uploads\/2015\/01\/bureau-scandinave-640x480.jpg 640w, https:\/\/www.cocondedecoration.com\/blog\/wp-content\/uploads\/2015\/01\/bureau-scandinave-260x195.jpg 260w, https:\/\/www.cocondedecoration.com\/blog\/wp-content\/uploads\/2015\/01\/bureau-scandinave-940x705.jpg 940w\" sizes=\"(max-width: 640px) 100vw, 640px\" \/><\/a><\/p>\n<p style=\"text-align: justify;\">\n<p style=\"text-align: justify;\"><a href=\"http:\/\/www.cocondedecoration.com\/blog\/wp-content\/uploads\/2015\/01\/fauteuil-et-pouff-design.jpg\"><img loading=\"lazy\" decoding=\"async\" class=\"aligncenter wp-image-9440 size-large\" title=\"fauteuil et pouff design\" src=\"http:\/\/www.cocondedecoration.com\/blog\/wp-content\/uploads\/2015\/01\/fauteuil-et-pouff-design-640x853.jpg\" alt=\"fauteuil et pouff design\" width=\"640\" height=\"853\" srcset=\"https:\/\/www.cocondedecoration.com\/blog\/wp-content\/uploads\/2015\/01\/fauteuil-et-pouff-design-640x853.jpg 640w, https:\/\/www.cocondedecoration.com\/blog\/wp-content\/uploads\/2015\/01\/fauteuil-et-pouff-design-260x347.jpg 260w, https:\/\/www.cocondedecoration.com\/blog\/wp-content\/uploads\/2015\/01\/fauteuil-et-pouff-design-940x1253.jpg 940w\" sizes=\"(max-width: 640px) 100vw, 640px\" \/><\/a><\/p>\n<p style=\"text-align: justify;\">\n<p style=\"text-align: justify;\"><a href=\"http:\/\/www.cocondedecoration.com\/blog\/wp-content\/uploads\/2015\/01\/ambiance-scandinave-et-cactus.jpg\"><img loading=\"lazy\" decoding=\"async\" class=\"aligncenter wp-image-9439 size-large\" title=\"ambiance scandinave et cactus\" src=\"http:\/\/www.cocondedecoration.com\/blog\/wp-content\/uploads\/2015\/01\/ambiance-scandinave-et-cactus-640x853.jpg\" alt=\"ambiance scandinave et cactus\" width=\"640\" height=\"853\" srcset=\"https:\/\/www.cocondedecoration.com\/blog\/wp-content\/uploads\/2015\/01\/ambiance-scandinave-et-cactus-640x853.jpg 640w, https:\/\/www.cocondedecoration.com\/blog\/wp-content\/uploads\/2015\/01\/ambiance-scandinave-et-cactus-260x347.jpg 260w, https:\/\/www.cocondedecoration.com\/blog\/wp-content\/uploads\/2015\/01\/ambiance-scandinave-et-cactus-940x1253.jpg 940w\" sizes=\"(max-width: 640px) 100vw, 640px\" \/><\/a><\/p>\n<p style=\"text-align: justify;\">\n<p style=\"text-align: justify;\"><a href=\"http:\/\/www.cocondedecoration.com\/blog\/wp-content\/uploads\/2015\/01\/luminaire-handmade-made-in-france.jpg\"><img loading=\"lazy\" decoding=\"async\" class=\"aligncenter wp-image-9438 size-large\" title=\"luminaire made in France\" src=\"http:\/\/www.cocondedecoration.com\/blog\/wp-content\/uploads\/2015\/01\/luminaire-handmade-made-in-france-640x480.jpg\" alt=\"luminaire made in France\" width=\"640\" height=\"480\" srcset=\"https:\/\/www.cocondedecoration.com\/blog\/wp-content\/uploads\/2015\/01\/luminaire-handmade-made-in-france-640x480.jpg 640w, https:\/\/www.cocondedecoration.com\/blog\/wp-content\/uploads\/2015\/01\/luminaire-handmade-made-in-france-260x195.jpg 260w, https:\/\/www.cocondedecoration.com\/blog\/wp-content\/uploads\/2015\/01\/luminaire-handmade-made-in-france-940x705.jpg 940w\" sizes=\"(max-width: 640px) 100vw, 640px\" \/><\/a><\/p>\n<p style=\"text-align: justify;\">\n<p style=\"text-align: justify;\"><a href=\"http:\/\/www.cocondedecoration.com\/blog\/wp-content\/uploads\/2015\/01\/decor-rafine-et-elegant-maison-et-objet-2015.jpg\"><img loading=\"lazy\" decoding=\"async\" class=\"aligncenter wp-image-9437 size-large\" title=\"decor elegant maison et objet 2015\" src=\"http:\/\/www.cocondedecoration.com\/blog\/wp-content\/uploads\/2015\/01\/decor-rafine-et-elegant-maison-et-objet-2015-640x853.jpg\" alt=\"decor elegant maison et objet 2015\" width=\"640\" height=\"853\" srcset=\"https:\/\/www.cocondedecoration.com\/blog\/wp-content\/uploads\/2015\/01\/decor-rafine-et-elegant-maison-et-objet-2015-640x853.jpg 640w, https:\/\/www.cocondedecoration.com\/blog\/wp-content\/uploads\/2015\/01\/decor-rafine-et-elegant-maison-et-objet-2015-260x347.jpg 260w, https:\/\/www.cocondedecoration.com\/blog\/wp-content\/uploads\/2015\/01\/decor-rafine-et-elegant-maison-et-objet-2015-940x1253.jpg 940w\" sizes=\"(max-width: 640px) 100vw, 640px\" \/><\/a><\/p>\n<p style=\"text-align: justify;\">\n<p style=\"text-align: justify;\"><a href=\"http:\/\/www.cocondedecoration.com\/blog\/wp-content\/uploads\/2015\/01\/commode-deco-chambre.jpg\"><img loading=\"lazy\" decoding=\"async\" class=\"aligncenter wp-image-9436 size-large\" title=\"commode deco chambre \" src=\"http:\/\/www.cocondedecoration.com\/blog\/wp-content\/uploads\/2015\/01\/commode-deco-chambre-640x480.jpg\" alt=\"commode deco chambre \" width=\"640\" height=\"480\" srcset=\"https:\/\/www.cocondedecoration.com\/blog\/wp-content\/uploads\/2015\/01\/commode-deco-chambre-640x480.jpg 640w, https:\/\/www.cocondedecoration.com\/blog\/wp-content\/uploads\/2015\/01\/commode-deco-chambre-260x195.jpg 260w, https:\/\/www.cocondedecoration.com\/blog\/wp-content\/uploads\/2015\/01\/commode-deco-chambre-940x705.jpg 940w\" sizes=\"(max-width: 640px) 100vw, 640px\" \/><\/a><\/p>\n<p style=\"text-align: justify;\">\n<p style=\"text-align: justify;\"><a href=\"http:\/\/www.cocondedecoration.com\/blog\/wp-content\/uploads\/2015\/01\/canape-sofa-bleu-canard.jpg\"><img loading=\"lazy\" decoding=\"async\" class=\"aligncenter wp-image-9435 size-large\" title=\"canape sofa bleu canard\" src=\"http:\/\/www.cocondedecoration.com\/blog\/wp-content\/uploads\/2015\/01\/canape-sofa-bleu-canard-640x480.jpg\" alt=\"canape sofa bleu canard\" width=\"640\" height=\"480\" srcset=\"https:\/\/www.cocondedecoration.com\/blog\/wp-content\/uploads\/2015\/01\/canape-sofa-bleu-canard-640x480.jpg 640w, https:\/\/www.cocondedecoration.com\/blog\/wp-content\/uploads\/2015\/01\/canape-sofa-bleu-canard-260x195.jpg 260w, https:\/\/www.cocondedecoration.com\/blog\/wp-content\/uploads\/2015\/01\/canape-sofa-bleu-canard-940x705.jpg 940w\" sizes=\"(max-width: 640px) 100vw, 640px\" \/><\/a><\/p>\n<p style=\"text-align: justify;\">\n<p style=\"text-align: justify;\"><a href=\"http:\/\/www.cocondedecoration.com\/blog\/wp-content\/uploads\/2015\/01\/mobilier-scandinave-salon-table-basse.jpg\"><img loading=\"lazy\" decoding=\"async\" class=\"aligncenter wp-image-9434 size-large\" title=\"mobilier scandinave salon table basse\" src=\"http:\/\/www.cocondedecoration.com\/blog\/wp-content\/uploads\/2015\/01\/mobilier-scandinave-salon-table-basse-640x480.jpg\" alt=\"mobilier scandinave salon table basse\" width=\"640\" height=\"480\" srcset=\"https:\/\/www.cocondedecoration.com\/blog\/wp-content\/uploads\/2015\/01\/mobilier-scandinave-salon-table-basse-640x480.jpg 640w, https:\/\/www.cocondedecoration.com\/blog\/wp-content\/uploads\/2015\/01\/mobilier-scandinave-salon-table-basse-260x195.jpg 260w, https:\/\/www.cocondedecoration.com\/blog\/wp-content\/uploads\/2015\/01\/mobilier-scandinave-salon-table-basse-940x705.jpg 940w\" sizes=\"(max-width: 640px) 100vw, 640px\" \/><\/a><\/p>\n<p style=\"text-align: justify;\">\n<p style=\"text-align: justify;\"><a href=\"http:\/\/www.cocondedecoration.com\/blog\/wp-content\/uploads\/2015\/01\/mur-vegetal-maison-et-objet.jpg\"><img loading=\"lazy\" decoding=\"async\" class=\"aligncenter wp-image-9433 size-large\" title=\"mur vegetal maison et objet\" src=\"http:\/\/www.cocondedecoration.com\/blog\/wp-content\/uploads\/2015\/01\/mur-vegetal-maison-et-objet-640x853.jpg\" alt=\"mur vegetal maison et objet\" width=\"640\" height=\"853\" srcset=\"https:\/\/www.cocondedecoration.com\/blog\/wp-content\/uploads\/2015\/01\/mur-vegetal-maison-et-objet-640x853.jpg 640w, https:\/\/www.cocondedecoration.com\/blog\/wp-content\/uploads\/2015\/01\/mur-vegetal-maison-et-objet-260x347.jpg 260w, https:\/\/www.cocondedecoration.com\/blog\/wp-content\/uploads\/2015\/01\/mur-vegetal-maison-et-objet-940x1253.jpg 940w\" sizes=\"(max-width: 640px) 100vw, 640px\" \/><\/a><\/p>\n<p style=\"text-align: justify;\">\n<p style=\"text-align: justify;\"><a href=\"http:\/\/www.cocondedecoration.com\/blog\/wp-content\/uploads\/2015\/01\/canape-angle-design-maison-et-objet.jpg\"><img loading=\"lazy\" decoding=\"async\" class=\"aligncenter wp-image-9432 size-large\" title=\"canape dangle design maison et objet\" src=\"http:\/\/www.cocondedecoration.com\/blog\/wp-content\/uploads\/2015\/01\/canape-angle-design-maison-et-objet-640x480.jpg\" alt=\"canape dangle design maison et objet\" width=\"640\" height=\"480\" srcset=\"https:\/\/www.cocondedecoration.com\/blog\/wp-content\/uploads\/2015\/01\/canape-angle-design-maison-et-objet-640x480.jpg 640w, https:\/\/www.cocondedecoration.com\/blog\/wp-content\/uploads\/2015\/01\/canape-angle-design-maison-et-objet-260x195.jpg 260w, https:\/\/www.cocondedecoration.com\/blog\/wp-content\/uploads\/2015\/01\/canape-angle-design-maison-et-objet-940x705.jpg 940w\" sizes=\"(max-width: 640px) 100vw, 640px\" \/><\/a><\/p>\n<p style=\"text-align: justify;\">\n<p style=\"text-align: justify;\"><a href=\"http:\/\/www.cocondedecoration.com\/blog\/wp-content\/uploads\/2015\/01\/balancelle-design-maison-et-objet-2015.jpg\"><img loading=\"lazy\" decoding=\"async\" class=\"aligncenter wp-image-9431 size-large\" title=\"balancelle design maison et objet 2015\" src=\"http:\/\/www.cocondedecoration.com\/blog\/wp-content\/uploads\/2015\/01\/balancelle-design-maison-et-objet-2015-640x480.jpg\" alt=\"balancelle design maison et objet 2015\" width=\"640\" height=\"480\" srcset=\"https:\/\/www.cocondedecoration.com\/blog\/wp-content\/uploads\/2015\/01\/balancelle-design-maison-et-objet-2015-640x480.jpg 640w, https:\/\/www.cocondedecoration.com\/blog\/wp-content\/uploads\/2015\/01\/balancelle-design-maison-et-objet-2015-260x195.jpg 260w, https:\/\/www.cocondedecoration.com\/blog\/wp-content\/uploads\/2015\/01\/balancelle-design-maison-et-objet-2015-940x705.jpg 940w\" sizes=\"(max-width: 640px) 100vw, 640px\" \/><\/a><\/p>\n<p style=\"text-align: justify;\">\n<p style=\"text-align: justify;\"><a href=\"http:\/\/www.cocondedecoration.com\/blog\/wp-content\/uploads\/2015\/01\/salle-a-manger-tendance-2015.jpg\"><img loading=\"lazy\" decoding=\"async\" class=\"aligncenter wp-image-9430 size-large\" title=\"salle \u00e0 manger tendance 2015\" src=\"http:\/\/www.cocondedecoration.com\/blog\/wp-content\/uploads\/2015\/01\/salle-a-manger-tendance-2015-640x480.jpg\" alt=\"salle \u00e0 manger tendance 2015\" width=\"640\" height=\"480\" srcset=\"https:\/\/www.cocondedecoration.com\/blog\/wp-content\/uploads\/2015\/01\/salle-a-manger-tendance-2015-640x480.jpg 640w, https:\/\/www.cocondedecoration.com\/blog\/wp-content\/uploads\/2015\/01\/salle-a-manger-tendance-2015-260x195.jpg 260w, https:\/\/www.cocondedecoration.com\/blog\/wp-content\/uploads\/2015\/01\/salle-a-manger-tendance-2015-940x705.jpg 940w\" sizes=\"(max-width: 640px) 100vw, 640px\" \/><\/a><\/p>\n<p style=\"text-align: justify;\">\n<p style=\"text-align: justify;\"><a href=\"http:\/\/www.cocondedecoration.com\/blog\/wp-content\/uploads\/2015\/01\/fauteuil-suspendu-cocon.jpg\"><img loading=\"lazy\" decoding=\"async\" class=\"aligncenter wp-image-9429 size-large\" title=\"fauteuil suspendu cocon\" src=\"http:\/\/www.cocondedecoration.com\/blog\/wp-content\/uploads\/2015\/01\/fauteuil-suspendu-cocon-640x853.jpg\" alt=\"fauteuil suspendu cocon\" width=\"640\" height=\"853\" srcset=\"https:\/\/www.cocondedecoration.com\/blog\/wp-content\/uploads\/2015\/01\/fauteuil-suspendu-cocon-640x853.jpg 640w, https:\/\/www.cocondedecoration.com\/blog\/wp-content\/uploads\/2015\/01\/fauteuil-suspendu-cocon-260x347.jpg 260w, https:\/\/www.cocondedecoration.com\/blog\/wp-content\/uploads\/2015\/01\/fauteuil-suspendu-cocon-940x1253.jpg 940w\" sizes=\"(max-width: 640px) 100vw, 640px\" \/><\/a><\/p>\n<p style=\"text-align: justify;\">\n<p style=\"text-align: justify;\"><a href=\"http:\/\/www.cocondedecoration.com\/blog\/wp-content\/uploads\/2015\/01\/mobilier-haut-de-gamme-marquetterie.jpg\"><img loading=\"lazy\" decoding=\"async\" class=\"aligncenter wp-image-9428 size-large\" title=\"mobilier haut de gamme marquetterie\" src=\"http:\/\/www.cocondedecoration.com\/blog\/wp-content\/uploads\/2015\/01\/mobilier-haut-de-gamme-marquetterie-640x480.jpg\" alt=\"mobilier haut de gamme marquetterie\" width=\"640\" height=\"480\" srcset=\"https:\/\/www.cocondedecoration.com\/blog\/wp-content\/uploads\/2015\/01\/mobilier-haut-de-gamme-marquetterie-640x480.jpg 640w, https:\/\/www.cocondedecoration.com\/blog\/wp-content\/uploads\/2015\/01\/mobilier-haut-de-gamme-marquetterie-260x195.jpg 260w, https:\/\/www.cocondedecoration.com\/blog\/wp-content\/uploads\/2015\/01\/mobilier-haut-de-gamme-marquetterie-940x705.jpg 940w\" sizes=\"(max-width: 640px) 100vw, 640px\" \/><\/a><\/p>\n<p style=\"text-align: justify;\">\n<p style=\"text-align: justify;\"><a href=\"http:\/\/www.cocondedecoration.com\/blog\/wp-content\/uploads\/2015\/01\/bibliotheque-contemporaine.jpg\"><img loading=\"lazy\" decoding=\"async\" class=\"aligncenter wp-image-9427 size-large\" title=\"biblioth\u00e8que contemporaine\" src=\"http:\/\/www.cocondedecoration.com\/blog\/wp-content\/uploads\/2015\/01\/bibliotheque-contemporaine-640x853.jpg\" alt=\"biblioth\u00e8que contemporaine\" width=\"640\" height=\"853\" srcset=\"https:\/\/www.cocondedecoration.com\/blog\/wp-content\/uploads\/2015\/01\/bibliotheque-contemporaine-640x853.jpg 640w, https:\/\/www.cocondedecoration.com\/blog\/wp-content\/uploads\/2015\/01\/bibliotheque-contemporaine-260x347.jpg 260w, https:\/\/www.cocondedecoration.com\/blog\/wp-content\/uploads\/2015\/01\/bibliotheque-contemporaine-940x1253.jpg 940w\" sizes=\"(max-width: 640px) 100vw, 640px\" \/><\/a><\/p>\n<p style=\"text-align: justify;\">\n<p style=\"text-align: justify;\"><a href=\"http:\/\/www.cocondedecoration.com\/blog\/wp-content\/uploads\/2015\/01\/salon-deco-suspension-basse-aerienne.jpg\"><img loading=\"lazy\" decoding=\"async\" class=\"aligncenter wp-image-9426 size-large\" title=\"salon desco suspension basse \" src=\"http:\/\/www.cocondedecoration.com\/blog\/wp-content\/uploads\/2015\/01\/salon-deco-suspension-basse-aerienne-640x480.jpg\" alt=\"salon desco suspension basse \" width=\"640\" height=\"480\" srcset=\"https:\/\/www.cocondedecoration.com\/blog\/wp-content\/uploads\/2015\/01\/salon-deco-suspension-basse-aerienne-640x480.jpg 640w, https:\/\/www.cocondedecoration.com\/blog\/wp-content\/uploads\/2015\/01\/salon-deco-suspension-basse-aerienne-260x195.jpg 260w, https:\/\/www.cocondedecoration.com\/blog\/wp-content\/uploads\/2015\/01\/salon-deco-suspension-basse-aerienne-940x705.jpg 940w\" sizes=\"(max-width: 640px) 100vw, 640px\" \/><\/a><\/p>\n<p style=\"text-align: justify;\">\n<p style=\"text-align: justify;\"><a href=\"http:\/\/www.cocondedecoration.com\/blog\/wp-content\/uploads\/2015\/01\/table-basse-ovale-made-in-france.jpg\"><img loading=\"lazy\" decoding=\"async\" class=\"aligncenter wp-image-9425 size-large\" title=\"table basse ovale made in France\" src=\"http:\/\/www.cocondedecoration.com\/blog\/wp-content\/uploads\/2015\/01\/table-basse-ovale-made-in-france-640x480.jpg\" alt=\"table basse ovale made in France\" width=\"640\" height=\"480\" srcset=\"https:\/\/www.cocondedecoration.com\/blog\/wp-content\/uploads\/2015\/01\/table-basse-ovale-made-in-france-640x480.jpg 640w, https:\/\/www.cocondedecoration.com\/blog\/wp-content\/uploads\/2015\/01\/table-basse-ovale-made-in-france-260x195.jpg 260w, https:\/\/www.cocondedecoration.com\/blog\/wp-content\/uploads\/2015\/01\/table-basse-ovale-made-in-france-940x705.jpg 940w\" sizes=\"(max-width: 640px) 100vw, 640px\" \/><\/a><\/p>\n<p style=\"text-align: justify;\">\n<p style=\"text-align: justify;\"><a href=\"http:\/\/www.cocondedecoration.com\/blog\/wp-content\/uploads\/2015\/01\/mobilier-vintage-et-scandinave-maison-et-objet-2015.jpg\"><img loading=\"lazy\" decoding=\"async\" class=\"aligncenter wp-image-9424 size-large\" title=\"mobilier vintage et scandinave maison et objets 2015\" src=\"http:\/\/www.cocondedecoration.com\/blog\/wp-content\/uploads\/2015\/01\/mobilier-vintage-et-scandinave-maison-et-objet-2015-640x480.jpg\" alt=\"mobilier vintage et scandinave maison et objets 2015\" width=\"640\" height=\"480\" srcset=\"https:\/\/www.cocondedecoration.com\/blog\/wp-content\/uploads\/2015\/01\/mobilier-vintage-et-scandinave-maison-et-objet-2015-640x480.jpg 640w, https:\/\/www.cocondedecoration.com\/blog\/wp-content\/uploads\/2015\/01\/mobilier-vintage-et-scandinave-maison-et-objet-2015-260x195.jpg 260w, https:\/\/www.cocondedecoration.com\/blog\/wp-content\/uploads\/2015\/01\/mobilier-vintage-et-scandinave-maison-et-objet-2015-940x705.jpg 940w\" sizes=\"(max-width: 640px) 100vw, 640px\" \/><\/a><\/p>\n","protected":false},"excerpt":{"rendered":"<p>Voil\u00e0 la 2\u00e8me partie du salon Maison et Objets, salon qui f\u00eate ses 20 ans cette ann\u00e9e. 20 ans de d\u00e9coration, de mobilier et de passion. Parce que m\u00eame si c&rsquo;est un salon pro, il y a avant tout des gens qui aiment ce qu&rsquo;ils font! Ce qui rend les<span class=\"more-link\"><a href=\"https:\/\/www.cocondedecoration.com\/blog\/2015\/02\/maison-objet-janvier-2015-partie-2\/\">Lire la suite<\/a><\/span><\/p>\n","protected":false},"author":1,"featured_media":9443,"comment_status":"open","ping_status":"open","sticky":false,"template":"","format":"standard","meta":{"om_disable_all_campaigns":false,"_monsterinsights_skip_tracking":false,"_monsterinsights_sitenote_active":false,"_monsterinsights_sitenote_note":"","_monsterinsights_sitenote_category":0,"_uf_show_specific_survey":0,"_uf_disable_surveys":false,"footnotes":""},"categories":[2314,4],"tags":[129,528,126,433,1846,913,912],"aioseo_notices":[],"_links":{"self":[{"href":"https:\/\/www.cocondedecoration.com\/blog\/wp-json\/wp\/v2\/posts\/9446"}],"collection":[{"href":"https:\/\/www.cocondedecoration.com\/blog\/wp-json\/wp\/v2\/posts"}],"about":[{"href":"https:\/\/www.cocondedecoration.com\/blog\/wp-json\/wp\/v2\/types\/post"}],"author":[{"embeddable":true,"href":"https:\/\/www.cocondedecoration.com\/blog\/wp-json\/wp\/v2\/users\/1"}],"replies":[{"embeddable":true,"href":"https:\/\/www.cocondedecoration.com\/blog\/wp-json\/wp\/v2\/comments?post=9446"}],"version-history":[{"count":0,"href":"https:\/\/www.cocondedecoration.com\/blog\/wp-json\/wp\/v2\/posts\/9446\/revisions"}],"wp:featuredmedia":[{"embeddable":true,"href":"https:\/\/www.cocondedecoration.com\/blog\/wp-json\/wp\/v2\/media\/9443"}],"wp:attachment":[{"href":"https:\/\/www.cocondedecoration.com\/blog\/wp-json\/wp\/v2\/media?parent=9446"}],"wp:term":[{"taxonomy":"category","embeddable":true,"href":"https:\/\/www.cocondedecoration.com\/blog\/wp-json\/wp\/v2\/categories?post=9446"},{"taxonomy":"post_tag","embeddable":true,"href":"https:\/\/www.cocondedecoration.com\/blog\/wp-json\/wp\/v2\/tags?post=9446"}],"curies":[{"name":"wp","href":"https:\/\/api.w.org\/{rel}","templated":true}]}}