{"id":9400,"date":"2015-01-31T10:12:05","date_gmt":"2015-01-31T08:12:05","guid":{"rendered":"http:\/\/www.cocondedecoration.com\/blog\/?p=9400"},"modified":"2018-07-26T10:47:53","modified_gmt":"2018-07-26T08:47:53","slug":"maison-objet-janvier-2015-partie-1","status":"publish","type":"post","link":"https:\/\/www.cocondedecoration.com\/blog\/2015\/01\/maison-objet-janvier-2015-partie-1\/","title":{"rendered":"Maison &#038; Objet &#8211; Janvier 2015 (partie 1)"},"content":{"rendered":"<p style=\"text-align: justify;\">Mardi j'ai eu la chance d'aller au salon Maison et Objet \u00e0 Villepinte. De 10h \u00e0 18h j'ai arpent\u00e9 les diff\u00e9rents halls, mais pas tous, c'est impossible quand on veut prendre son temps. C'est un monde magique avec de la d\u00e9coration partout. Il y en a pour tous les styles \u00a0et pour tous les budgets. Il y a du mobilier pour toutes les pi\u00e8ces de la maison, des accessoires d\u00e9co, des luminaires, des textiles... C'est impressionnant! J'ai \u00e9videmment fait des rencontres, j'y reviendrai au cours de l'ann\u00e9e. J'ai aussi fait pas mal de photos. En voil\u00e0 une petite partie. Il y a un deuxi\u00e8me article qui devrait voir le jour pour mettre d'autres images et vous pourrez aussi en trouver dans quelques jours sur <a href=\"https:\/\/www.facebook.com\/pages\/Cocon-de-d%C3%A9coration\/122572007816592?fref=ts\" target=\"_blank\">ma page Facebook<\/a>.<\/p>\n<p style=\"text-align: justify;\"><!--more--><\/p>\n<p style=\"text-align: justify;\"><a href=\"http:\/\/www.cocondedecoration.com\/blog\/wp-content\/uploads\/2015\/01\/petite-deco-tendance-2015.jpg\"><img loading=\"lazy\" decoding=\"async\" class=\"aligncenter wp-image-9401 size-full\" title=\"petite deco tendance 2015\" src=\"http:\/\/www.cocondedecoration.com\/blog\/wp-content\/uploads\/2015\/01\/petite-deco-tendance-2015.jpg\" alt=\"petite deco tendance 2015\" width=\"3128\" height=\"2346\" srcset=\"https:\/\/www.cocondedecoration.com\/blog\/wp-content\/uploads\/2015\/01\/petite-deco-tendance-2015.jpg 3128w, https:\/\/www.cocondedecoration.com\/blog\/wp-content\/uploads\/2015\/01\/petite-deco-tendance-2015-260x195.jpg 260w, https:\/\/www.cocondedecoration.com\/blog\/wp-content\/uploads\/2015\/01\/petite-deco-tendance-2015-640x480.jpg 640w, https:\/\/www.cocondedecoration.com\/blog\/wp-content\/uploads\/2015\/01\/petite-deco-tendance-2015-940x705.jpg 940w\" sizes=\"(max-width: 3128px) 100vw, 3128px\" \/><\/a><\/p>\n<p style=\"text-align: justify;\"><a href=\"http:\/\/www.cocondedecoration.com\/blog\/wp-content\/uploads\/2015\/01\/salon-et-canape-beu-canard.jpg\"><img loading=\"lazy\" decoding=\"async\" class=\"aligncenter wp-image-9423 size-full\" title=\"salon canap\u00e9 bleu canard\" src=\"http:\/\/www.cocondedecoration.com\/blog\/wp-content\/uploads\/2015\/01\/salon-et-canape-beu-canard.jpg\" alt=\"salon canap\u00e9 bleu canard\" width=\"3128\" height=\"2346\" srcset=\"https:\/\/www.cocondedecoration.com\/blog\/wp-content\/uploads\/2015\/01\/salon-et-canape-beu-canard.jpg 3128w, https:\/\/www.cocondedecoration.com\/blog\/wp-content\/uploads\/2015\/01\/salon-et-canape-beu-canard-260x195.jpg 260w, https:\/\/www.cocondedecoration.com\/blog\/wp-content\/uploads\/2015\/01\/salon-et-canape-beu-canard-640x480.jpg 640w, https:\/\/www.cocondedecoration.com\/blog\/wp-content\/uploads\/2015\/01\/salon-et-canape-beu-canard-940x705.jpg 940w\" sizes=\"(max-width: 3128px) 100vw, 3128px\" \/><\/a><\/p>\n<p style=\"text-align: justify;\"><a href=\"http:\/\/www.cocondedecoration.com\/blog\/wp-content\/uploads\/2015\/01\/salon-maison-et-objet-bureau-scandinave.jpg\"><img loading=\"lazy\" decoding=\"async\" class=\"aligncenter wp-image-9422 size-full\" title=\"salon maison et objet bureau scandinave\" src=\"http:\/\/www.cocondedecoration.com\/blog\/wp-content\/uploads\/2015\/01\/salon-maison-et-objet-bureau-scandinave.jpg\" alt=\"salon maison et objet bureau scandinave\" width=\"3128\" height=\"2346\" srcset=\"https:\/\/www.cocondedecoration.com\/blog\/wp-content\/uploads\/2015\/01\/salon-maison-et-objet-bureau-scandinave.jpg 3128w, https:\/\/www.cocondedecoration.com\/blog\/wp-content\/uploads\/2015\/01\/salon-maison-et-objet-bureau-scandinave-260x195.jpg 260w, https:\/\/www.cocondedecoration.com\/blog\/wp-content\/uploads\/2015\/01\/salon-maison-et-objet-bureau-scandinave-640x480.jpg 640w, https:\/\/www.cocondedecoration.com\/blog\/wp-content\/uploads\/2015\/01\/salon-maison-et-objet-bureau-scandinave-940x705.jpg 940w\" sizes=\"(max-width: 3128px) 100vw, 3128px\" \/><\/a><\/p>\n<p style=\"text-align: justify;\"><a href=\"http:\/\/www.cocondedecoration.com\/blog\/wp-content\/uploads\/2015\/01\/miroir-soleil-maison-et-objet-2015-tendance.jpg\"><img loading=\"lazy\" decoding=\"async\" class=\"aligncenter wp-image-9421 size-full\" title=\"miroir soleil maison et objet\" src=\"http:\/\/www.cocondedecoration.com\/blog\/wp-content\/uploads\/2015\/01\/miroir-soleil-maison-et-objet-2015-tendance.jpg\" alt=\"miroir soleil maison et objet\" width=\"3128\" height=\"2346\" srcset=\"https:\/\/www.cocondedecoration.com\/blog\/wp-content\/uploads\/2015\/01\/miroir-soleil-maison-et-objet-2015-tendance.jpg 3128w, https:\/\/www.cocondedecoration.com\/blog\/wp-content\/uploads\/2015\/01\/miroir-soleil-maison-et-objet-2015-tendance-260x195.jpg 260w, https:\/\/www.cocondedecoration.com\/blog\/wp-content\/uploads\/2015\/01\/miroir-soleil-maison-et-objet-2015-tendance-640x480.jpg 640w, https:\/\/www.cocondedecoration.com\/blog\/wp-content\/uploads\/2015\/01\/miroir-soleil-maison-et-objet-2015-tendance-940x705.jpg 940w\" sizes=\"(max-width: 3128px) 100vw, 3128px\" \/><\/a><\/p>\n<p style=\"text-align: justify;\"><a href=\"http:\/\/www.cocondedecoration.com\/blog\/wp-content\/uploads\/2015\/01\/ambiance-couleur-orange-tendance-deco.jpg\"><img loading=\"lazy\" decoding=\"async\" class=\"aligncenter wp-image-9420 size-full\" title=\"ambiance couleur orange tendance vintage\" src=\"http:\/\/www.cocondedecoration.com\/blog\/wp-content\/uploads\/2015\/01\/ambiance-couleur-orange-tendance-deco.jpg\" alt=\"ambiance couleur orange tendance vintage\" width=\"3128\" height=\"2346\" srcset=\"https:\/\/www.cocondedecoration.com\/blog\/wp-content\/uploads\/2015\/01\/ambiance-couleur-orange-tendance-deco.jpg 3128w, https:\/\/www.cocondedecoration.com\/blog\/wp-content\/uploads\/2015\/01\/ambiance-couleur-orange-tendance-deco-260x195.jpg 260w, https:\/\/www.cocondedecoration.com\/blog\/wp-content\/uploads\/2015\/01\/ambiance-couleur-orange-tendance-deco-640x480.jpg 640w, https:\/\/www.cocondedecoration.com\/blog\/wp-content\/uploads\/2015\/01\/ambiance-couleur-orange-tendance-deco-940x705.jpg 940w\" sizes=\"(max-width: 3128px) 100vw, 3128px\" \/><\/a><\/p>\n<p style=\"text-align: justify;\"><a href=\"http:\/\/www.cocondedecoration.com\/blog\/wp-content\/uploads\/2015\/01\/vaisselle-et-fleurs-tendance-deco-2015.jpg\"><img loading=\"lazy\" decoding=\"async\" class=\"aligncenter wp-image-9419 size-full\" title=\"vaisselle et fleurs tendance deco 2015\" src=\"http:\/\/www.cocondedecoration.com\/blog\/wp-content\/uploads\/2015\/01\/vaisselle-et-fleurs-tendance-deco-2015.jpg\" alt=\"vaisselle et fleurs tendance deco 2015\" width=\"3128\" height=\"2346\" srcset=\"https:\/\/www.cocondedecoration.com\/blog\/wp-content\/uploads\/2015\/01\/vaisselle-et-fleurs-tendance-deco-2015.jpg 3128w, https:\/\/www.cocondedecoration.com\/blog\/wp-content\/uploads\/2015\/01\/vaisselle-et-fleurs-tendance-deco-2015-260x195.jpg 260w, https:\/\/www.cocondedecoration.com\/blog\/wp-content\/uploads\/2015\/01\/vaisselle-et-fleurs-tendance-deco-2015-640x480.jpg 640w, https:\/\/www.cocondedecoration.com\/blog\/wp-content\/uploads\/2015\/01\/vaisselle-et-fleurs-tendance-deco-2015-940x705.jpg 940w\" sizes=\"(max-width: 3128px) 100vw, 3128px\" \/><\/a><\/p>\n<p style=\"text-align: justify;\"><a href=\"http:\/\/www.cocondedecoration.com\/blog\/wp-content\/uploads\/2015\/01\/table-deco-reglable-pastel.jpg\"><img loading=\"lazy\" decoding=\"async\" class=\"aligncenter wp-image-9418 size-full\" title=\"table deco reglable pastel\" src=\"http:\/\/www.cocondedecoration.com\/blog\/wp-content\/uploads\/2015\/01\/table-deco-reglable-pastel.jpg\" alt=\"table deco reglable pastel\" width=\"3128\" height=\"2346\" srcset=\"https:\/\/www.cocondedecoration.com\/blog\/wp-content\/uploads\/2015\/01\/table-deco-reglable-pastel.jpg 3128w, https:\/\/www.cocondedecoration.com\/blog\/wp-content\/uploads\/2015\/01\/table-deco-reglable-pastel-260x195.jpg 260w, https:\/\/www.cocondedecoration.com\/blog\/wp-content\/uploads\/2015\/01\/table-deco-reglable-pastel-640x480.jpg 640w, https:\/\/www.cocondedecoration.com\/blog\/wp-content\/uploads\/2015\/01\/table-deco-reglable-pastel-940x705.jpg 940w\" sizes=\"(max-width: 3128px) 100vw, 3128px\" \/><\/a><\/p>\n<p style=\"text-align: justify;\"><a href=\"http:\/\/www.cocondedecoration.com\/blog\/wp-content\/uploads\/2015\/01\/coussin-deco-couleur.jpg\"><img loading=\"lazy\" decoding=\"async\" class=\"aligncenter wp-image-9417 size-full\" title=\"coussin deco couleur \" src=\"http:\/\/www.cocondedecoration.com\/blog\/wp-content\/uploads\/2015\/01\/coussin-deco-couleur.jpg\" alt=\"coussin deco couleur \" width=\"3128\" height=\"2346\" srcset=\"https:\/\/www.cocondedecoration.com\/blog\/wp-content\/uploads\/2015\/01\/coussin-deco-couleur.jpg 3128w, https:\/\/www.cocondedecoration.com\/blog\/wp-content\/uploads\/2015\/01\/coussin-deco-couleur-260x195.jpg 260w, https:\/\/www.cocondedecoration.com\/blog\/wp-content\/uploads\/2015\/01\/coussin-deco-couleur-640x480.jpg 640w, https:\/\/www.cocondedecoration.com\/blog\/wp-content\/uploads\/2015\/01\/coussin-deco-couleur-940x705.jpg 940w\" sizes=\"(max-width: 3128px) 100vw, 3128px\" \/><\/a><\/p>\n<p style=\"text-align: justify;\"><a href=\"http:\/\/www.cocondedecoration.com\/blog\/wp-content\/uploads\/2015\/01\/chaise-metal-deco-design.jpg\"><img loading=\"lazy\" decoding=\"async\" class=\"aligncenter wp-image-9416 size-full\" title=\"chaise deco metal design\" src=\"http:\/\/www.cocondedecoration.com\/blog\/wp-content\/uploads\/2015\/01\/chaise-metal-deco-design.jpg\" alt=\"chaise deco metal design\" width=\"3128\" height=\"2346\" srcset=\"https:\/\/www.cocondedecoration.com\/blog\/wp-content\/uploads\/2015\/01\/chaise-metal-deco-design.jpg 3128w, https:\/\/www.cocondedecoration.com\/blog\/wp-content\/uploads\/2015\/01\/chaise-metal-deco-design-260x195.jpg 260w, https:\/\/www.cocondedecoration.com\/blog\/wp-content\/uploads\/2015\/01\/chaise-metal-deco-design-640x480.jpg 640w, https:\/\/www.cocondedecoration.com\/blog\/wp-content\/uploads\/2015\/01\/chaise-metal-deco-design-940x705.jpg 940w\" sizes=\"(max-width: 3128px) 100vw, 3128px\" \/><\/a><\/p>\n<p style=\"text-align: justify;\"><a href=\"http:\/\/www.cocondedecoration.com\/blog\/wp-content\/uploads\/2015\/01\/art-de-la-table-maison-et-objet-blanc-et-or.jpg\"><img loading=\"lazy\" decoding=\"async\" class=\"aligncenter wp-image-9415 size-full\" title=\"art de la table maison et objet blanc et or\" src=\"http:\/\/www.cocondedecoration.com\/blog\/wp-content\/uploads\/2015\/01\/art-de-la-table-maison-et-objet-blanc-et-or.jpg\" alt=\"art de la table maison et objet blanc et or\" width=\"3128\" height=\"2346\" srcset=\"https:\/\/www.cocondedecoration.com\/blog\/wp-content\/uploads\/2015\/01\/art-de-la-table-maison-et-objet-blanc-et-or.jpg 3128w, https:\/\/www.cocondedecoration.com\/blog\/wp-content\/uploads\/2015\/01\/art-de-la-table-maison-et-objet-blanc-et-or-260x195.jpg 260w, https:\/\/www.cocondedecoration.com\/blog\/wp-content\/uploads\/2015\/01\/art-de-la-table-maison-et-objet-blanc-et-or-640x480.jpg 640w, https:\/\/www.cocondedecoration.com\/blog\/wp-content\/uploads\/2015\/01\/art-de-la-table-maison-et-objet-blanc-et-or-940x705.jpg 940w\" sizes=\"(max-width: 3128px) 100vw, 3128px\" \/><\/a><\/p>\n<p style=\"text-align: justify;\"><a href=\"http:\/\/www.cocondedecoration.com\/blog\/wp-content\/uploads\/2015\/01\/deco-lettre-tendance-2015.jpg\"><img loading=\"lazy\" decoding=\"async\" class=\"aligncenter wp-image-9414 size-full\" title=\"deco lettre tendance\" src=\"http:\/\/www.cocondedecoration.com\/blog\/wp-content\/uploads\/2015\/01\/deco-lettre-tendance-2015.jpg\" alt=\"deco lettre tendance\" width=\"3128\" height=\"2346\" srcset=\"https:\/\/www.cocondedecoration.com\/blog\/wp-content\/uploads\/2015\/01\/deco-lettre-tendance-2015.jpg 3128w, https:\/\/www.cocondedecoration.com\/blog\/wp-content\/uploads\/2015\/01\/deco-lettre-tendance-2015-260x195.jpg 260w, https:\/\/www.cocondedecoration.com\/blog\/wp-content\/uploads\/2015\/01\/deco-lettre-tendance-2015-640x480.jpg 640w, https:\/\/www.cocondedecoration.com\/blog\/wp-content\/uploads\/2015\/01\/deco-lettre-tendance-2015-940x705.jpg 940w\" sizes=\"(max-width: 3128px) 100vw, 3128px\" \/><\/a><\/p>\n<p style=\"text-align: justify;\"><a href=\"http:\/\/www.cocondedecoration.com\/blog\/wp-content\/uploads\/2015\/01\/luminaire-a-poser-tendance-deco.jpg\"><img loading=\"lazy\" decoding=\"async\" class=\"aligncenter wp-image-9413 size-full\" title=\"luminaire a poser tendance deco\" src=\"http:\/\/www.cocondedecoration.com\/blog\/wp-content\/uploads\/2015\/01\/luminaire-a-poser-tendance-deco.jpg\" alt=\"luminaire a poser tendance deco\" width=\"3128\" height=\"2346\" srcset=\"https:\/\/www.cocondedecoration.com\/blog\/wp-content\/uploads\/2015\/01\/luminaire-a-poser-tendance-deco.jpg 3128w, https:\/\/www.cocondedecoration.com\/blog\/wp-content\/uploads\/2015\/01\/luminaire-a-poser-tendance-deco-260x195.jpg 260w, https:\/\/www.cocondedecoration.com\/blog\/wp-content\/uploads\/2015\/01\/luminaire-a-poser-tendance-deco-640x480.jpg 640w, https:\/\/www.cocondedecoration.com\/blog\/wp-content\/uploads\/2015\/01\/luminaire-a-poser-tendance-deco-940x705.jpg 940w\" sizes=\"(max-width: 3128px) 100vw, 3128px\" \/><\/a><\/p>\n<p style=\"text-align: justify;\"><a href=\"http:\/\/www.cocondedecoration.com\/blog\/wp-content\/uploads\/2015\/01\/fauteuil-en-cuir-tendance-2015-deco.jpg\"><img loading=\"lazy\" decoding=\"async\" class=\"aligncenter wp-image-9412 size-full\" title=\"fauteuil en cuit tendance 2015 deco\" src=\"http:\/\/www.cocondedecoration.com\/blog\/wp-content\/uploads\/2015\/01\/fauteuil-en-cuir-tendance-2015-deco.jpg\" alt=\"fauteuil en cuit tendance 2015 deco\" width=\"2346\" height=\"3128\" srcset=\"https:\/\/www.cocondedecoration.com\/blog\/wp-content\/uploads\/2015\/01\/fauteuil-en-cuir-tendance-2015-deco.jpg 2346w, https:\/\/www.cocondedecoration.com\/blog\/wp-content\/uploads\/2015\/01\/fauteuil-en-cuir-tendance-2015-deco-260x347.jpg 260w, https:\/\/www.cocondedecoration.com\/blog\/wp-content\/uploads\/2015\/01\/fauteuil-en-cuir-tendance-2015-deco-640x853.jpg 640w, https:\/\/www.cocondedecoration.com\/blog\/wp-content\/uploads\/2015\/01\/fauteuil-en-cuir-tendance-2015-deco-940x1253.jpg 940w\" sizes=\"(max-width: 2346px) 100vw, 2346px\" \/><\/a><\/p>\n<p style=\"text-align: justify;\"><a href=\"http:\/\/www.cocondedecoration.com\/blog\/wp-content\/uploads\/2015\/01\/petit-canape-vichy-noir-et-blanc.jpg\"><img loading=\"lazy\" decoding=\"async\" class=\"aligncenter wp-image-9411 size-full\" title=\"petit canape pied de poule noir et blanc\" src=\"http:\/\/www.cocondedecoration.com\/blog\/wp-content\/uploads\/2015\/01\/petit-canape-vichy-noir-et-blanc.jpg\" alt=\"petit canape pied de poule noir et blanc\" width=\"3128\" height=\"2346\" srcset=\"https:\/\/www.cocondedecoration.com\/blog\/wp-content\/uploads\/2015\/01\/petit-canape-vichy-noir-et-blanc.jpg 3128w, https:\/\/www.cocondedecoration.com\/blog\/wp-content\/uploads\/2015\/01\/petit-canape-vichy-noir-et-blanc-260x195.jpg 260w, https:\/\/www.cocondedecoration.com\/blog\/wp-content\/uploads\/2015\/01\/petit-canape-vichy-noir-et-blanc-640x480.jpg 640w, https:\/\/www.cocondedecoration.com\/blog\/wp-content\/uploads\/2015\/01\/petit-canape-vichy-noir-et-blanc-940x705.jpg 940w\" sizes=\"(max-width: 3128px) 100vw, 3128px\" \/><\/a><\/p>\n<p style=\"text-align: justify;\"><a href=\"http:\/\/www.cocondedecoration.com\/blog\/wp-content\/uploads\/2015\/01\/salon-cosy-tendance-2015.jpg\"><img loading=\"lazy\" decoding=\"async\" class=\"aligncenter wp-image-9410 size-full\" title=\"salon cosy tendance 2015\" src=\"http:\/\/www.cocondedecoration.com\/blog\/wp-content\/uploads\/2015\/01\/salon-cosy-tendance-2015.jpg\" alt=\"salon cosy tendance 2015\" width=\"3128\" height=\"2346\" srcset=\"https:\/\/www.cocondedecoration.com\/blog\/wp-content\/uploads\/2015\/01\/salon-cosy-tendance-2015.jpg 3128w, https:\/\/www.cocondedecoration.com\/blog\/wp-content\/uploads\/2015\/01\/salon-cosy-tendance-2015-260x195.jpg 260w, https:\/\/www.cocondedecoration.com\/blog\/wp-content\/uploads\/2015\/01\/salon-cosy-tendance-2015-640x480.jpg 640w, https:\/\/www.cocondedecoration.com\/blog\/wp-content\/uploads\/2015\/01\/salon-cosy-tendance-2015-940x705.jpg 940w\" sizes=\"(max-width: 3128px) 100vw, 3128px\" \/><\/a><\/p>\n<p style=\"text-align: justify;\"><a href=\"http:\/\/www.cocondedecoration.com\/blog\/wp-content\/uploads\/2015\/01\/salle-de-bain-decoration-2015.jpg\"><img loading=\"lazy\" decoding=\"async\" class=\"aligncenter wp-image-9409 size-full\" title=\"decoration de salle de bain tendance deco 2015\" src=\"http:\/\/www.cocondedecoration.com\/blog\/wp-content\/uploads\/2015\/01\/salle-de-bain-decoration-2015.jpg\" alt=\"decoration de salle de bain tendance deco 2015\" width=\"2346\" height=\"3128\" srcset=\"https:\/\/www.cocondedecoration.com\/blog\/wp-content\/uploads\/2015\/01\/salle-de-bain-decoration-2015.jpg 2346w, https:\/\/www.cocondedecoration.com\/blog\/wp-content\/uploads\/2015\/01\/salle-de-bain-decoration-2015-260x347.jpg 260w, https:\/\/www.cocondedecoration.com\/blog\/wp-content\/uploads\/2015\/01\/salle-de-bain-decoration-2015-640x853.jpg 640w, https:\/\/www.cocondedecoration.com\/blog\/wp-content\/uploads\/2015\/01\/salle-de-bain-decoration-2015-940x1253.jpg 940w\" sizes=\"(max-width: 2346px) 100vw, 2346px\" \/><\/a><\/p>\n<p style=\"text-align: justify;\"><a href=\"http:\/\/www.cocondedecoration.com\/blog\/wp-content\/uploads\/2015\/01\/luminaire-en-bois.jpg\"><img loading=\"lazy\" decoding=\"async\" class=\"aligncenter wp-image-9408 size-full\" title=\"luminaire en bois deco \" src=\"http:\/\/www.cocondedecoration.com\/blog\/wp-content\/uploads\/2015\/01\/luminaire-en-bois.jpg\" alt=\"luminaire en bois deco \" width=\"3128\" height=\"2346\" srcset=\"https:\/\/www.cocondedecoration.com\/blog\/wp-content\/uploads\/2015\/01\/luminaire-en-bois.jpg 3128w, https:\/\/www.cocondedecoration.com\/blog\/wp-content\/uploads\/2015\/01\/luminaire-en-bois-260x195.jpg 260w, https:\/\/www.cocondedecoration.com\/blog\/wp-content\/uploads\/2015\/01\/luminaire-en-bois-640x480.jpg 640w, https:\/\/www.cocondedecoration.com\/blog\/wp-content\/uploads\/2015\/01\/luminaire-en-bois-940x705.jpg 940w\" sizes=\"(max-width: 3128px) 100vw, 3128px\" \/><\/a><\/p>\n<p style=\"text-align: justify;\"><a href=\"http:\/\/www.cocondedecoration.com\/blog\/wp-content\/uploads\/2015\/01\/composition-contemporaine-luminaire.jpg\"><img loading=\"lazy\" decoding=\"async\" class=\"aligncenter wp-image-9407 size-full\" title=\"composition contemporaine de luminaires\" src=\"http:\/\/www.cocondedecoration.com\/blog\/wp-content\/uploads\/2015\/01\/composition-contemporaine-luminaire.jpg\" alt=\"composition contemporaine de luminaires\" width=\"3128\" height=\"2346\" srcset=\"https:\/\/www.cocondedecoration.com\/blog\/wp-content\/uploads\/2015\/01\/composition-contemporaine-luminaire.jpg 3128w, https:\/\/www.cocondedecoration.com\/blog\/wp-content\/uploads\/2015\/01\/composition-contemporaine-luminaire-260x195.jpg 260w, https:\/\/www.cocondedecoration.com\/blog\/wp-content\/uploads\/2015\/01\/composition-contemporaine-luminaire-640x480.jpg 640w, https:\/\/www.cocondedecoration.com\/blog\/wp-content\/uploads\/2015\/01\/composition-contemporaine-luminaire-940x705.jpg 940w\" sizes=\"(max-width: 3128px) 100vw, 3128px\" \/><\/a><\/p>\n<p style=\"text-align: justify;\"><a href=\"http:\/\/www.cocondedecoration.com\/blog\/wp-content\/uploads\/2015\/01\/ambiance-douce-et-tendance-2015.jpg\"><img loading=\"lazy\" decoding=\"async\" class=\"aligncenter wp-image-9406 size-full\" title=\"ambiance douce et tendance 2015\" src=\"http:\/\/www.cocondedecoration.com\/blog\/wp-content\/uploads\/2015\/01\/ambiance-douce-et-tendance-2015.jpg\" alt=\"ambiance douce et tendance 2015\" width=\"3128\" height=\"2346\" srcset=\"https:\/\/www.cocondedecoration.com\/blog\/wp-content\/uploads\/2015\/01\/ambiance-douce-et-tendance-2015.jpg 3128w, https:\/\/www.cocondedecoration.com\/blog\/wp-content\/uploads\/2015\/01\/ambiance-douce-et-tendance-2015-260x195.jpg 260w, https:\/\/www.cocondedecoration.com\/blog\/wp-content\/uploads\/2015\/01\/ambiance-douce-et-tendance-2015-640x480.jpg 640w, https:\/\/www.cocondedecoration.com\/blog\/wp-content\/uploads\/2015\/01\/ambiance-douce-et-tendance-2015-940x705.jpg 940w\" sizes=\"(max-width: 3128px) 100vw, 3128px\" \/><\/a><\/p>\n<p style=\"text-align: justify;\"><a href=\"http:\/\/www.cocondedecoration.com\/blog\/wp-content\/uploads\/2015\/01\/bibliotheque-rangement-design-bois.jpg\"><img loading=\"lazy\" decoding=\"async\" class=\"aligncenter wp-image-9405 size-full\" title=\"bibliotheque rangement design\" src=\"http:\/\/www.cocondedecoration.com\/blog\/wp-content\/uploads\/2015\/01\/bibliotheque-rangement-design-bois.jpg\" alt=\"bibliotheque rangement design\" width=\"3128\" height=\"2346\" srcset=\"https:\/\/www.cocondedecoration.com\/blog\/wp-content\/uploads\/2015\/01\/bibliotheque-rangement-design-bois.jpg 3128w, https:\/\/www.cocondedecoration.com\/blog\/wp-content\/uploads\/2015\/01\/bibliotheque-rangement-design-bois-260x195.jpg 260w, https:\/\/www.cocondedecoration.com\/blog\/wp-content\/uploads\/2015\/01\/bibliotheque-rangement-design-bois-640x480.jpg 640w, https:\/\/www.cocondedecoration.com\/blog\/wp-content\/uploads\/2015\/01\/bibliotheque-rangement-design-bois-940x705.jpg 940w\" sizes=\"(max-width: 3128px) 100vw, 3128px\" \/><\/a><\/p>\n<p style=\"text-align: justify;\"><a href=\"http:\/\/www.cocondedecoration.com\/blog\/wp-content\/uploads\/2015\/01\/ambiance-feminine-deco-tendance-2015-chambre.jpg\"><img loading=\"lazy\" decoding=\"async\" class=\"aligncenter wp-image-9404 size-full\" title=\"ambiance feminine deco chambre 2015\" src=\"http:\/\/www.cocondedecoration.com\/blog\/wp-content\/uploads\/2015\/01\/ambiance-feminine-deco-tendance-2015-chambre.jpg\" alt=\"ambiance feminine deco chambre 2015\" width=\"3128\" height=\"2346\" srcset=\"https:\/\/www.cocondedecoration.com\/blog\/wp-content\/uploads\/2015\/01\/ambiance-feminine-deco-tendance-2015-chambre.jpg 3128w, https:\/\/www.cocondedecoration.com\/blog\/wp-content\/uploads\/2015\/01\/ambiance-feminine-deco-tendance-2015-chambre-260x195.jpg 260w, https:\/\/www.cocondedecoration.com\/blog\/wp-content\/uploads\/2015\/01\/ambiance-feminine-deco-tendance-2015-chambre-640x480.jpg 640w, https:\/\/www.cocondedecoration.com\/blog\/wp-content\/uploads\/2015\/01\/ambiance-feminine-deco-tendance-2015-chambre-940x705.jpg 940w\" sizes=\"(max-width: 3128px) 100vw, 3128px\" \/><\/a><\/p>\n<p style=\"text-align: justify;\"><a href=\"http:\/\/www.cocondedecoration.com\/blog\/wp-content\/uploads\/2015\/01\/vaiselle-fun-petits-chats.jpg\"><img loading=\"lazy\" decoding=\"async\" class=\"aligncenter wp-image-9403 size-full\" title=\"vaisselle fun petits chats \" src=\"http:\/\/www.cocondedecoration.com\/blog\/wp-content\/uploads\/2015\/01\/vaiselle-fun-petits-chats.jpg\" alt=\"vaisselle fun petits chats \" width=\"3128\" height=\"2346\" srcset=\"https:\/\/www.cocondedecoration.com\/blog\/wp-content\/uploads\/2015\/01\/vaiselle-fun-petits-chats.jpg 3128w, https:\/\/www.cocondedecoration.com\/blog\/wp-content\/uploads\/2015\/01\/vaiselle-fun-petits-chats-260x195.jpg 260w, https:\/\/www.cocondedecoration.com\/blog\/wp-content\/uploads\/2015\/01\/vaiselle-fun-petits-chats-640x480.jpg 640w, https:\/\/www.cocondedecoration.com\/blog\/wp-content\/uploads\/2015\/01\/vaiselle-fun-petits-chats-940x705.jpg 940w\" sizes=\"(max-width: 3128px) 100vw, 3128px\" \/><\/a><\/p>\n<p style=\"text-align: justify;\"><a href=\"http:\/\/www.cocondedecoration.com\/blog\/wp-content\/uploads\/2015\/01\/deco-florale-originale-.jpg\"><img loading=\"lazy\" decoding=\"async\" class=\"aligncenter wp-image-9402 size-full\" title=\"deco fleur papier toile vaisselle\" src=\"http:\/\/www.cocondedecoration.com\/blog\/wp-content\/uploads\/2015\/01\/deco-florale-originale-.jpg\" alt=\"deco fleur papier toile vaisselle\" width=\"2346\" height=\"3128\" srcset=\"https:\/\/www.cocondedecoration.com\/blog\/wp-content\/uploads\/2015\/01\/deco-florale-originale-.jpg 2346w, https:\/\/www.cocondedecoration.com\/blog\/wp-content\/uploads\/2015\/01\/deco-florale-originale--260x347.jpg 260w, https:\/\/www.cocondedecoration.com\/blog\/wp-content\/uploads\/2015\/01\/deco-florale-originale--640x853.jpg 640w, https:\/\/www.cocondedecoration.com\/blog\/wp-content\/uploads\/2015\/01\/deco-florale-originale--940x1253.jpg 940w\" sizes=\"(max-width: 2346px) 100vw, 2346px\" \/><\/a><\/p>\n","protected":false},"excerpt":{"rendered":"<p>Mardi j&rsquo;ai eu la chance d&rsquo;aller au salon Maison et Objet \u00e0 Villepinte. De 10h \u00e0 18h j&rsquo;ai arpent\u00e9 les diff\u00e9rents halls, mais pas tous, c&rsquo;est impossible quand on veut prendre son temps. C&rsquo;est un monde magique avec de la d\u00e9coration partout. Il y en a pour tous les styles<span class=\"more-link\"><a href=\"https:\/\/www.cocondedecoration.com\/blog\/2015\/01\/maison-objet-janvier-2015-partie-1\/\">Lire la suite<\/a><\/span><\/p>\n","protected":false},"author":1,"featured_media":9443,"comment_status":"open","ping_status":"open","sticky":false,"template":"","format":"standard","meta":{"om_disable_all_campaigns":false,"_monsterinsights_skip_tracking":false,"_monsterinsights_sitenote_active":false,"_monsterinsights_sitenote_note":"","_monsterinsights_sitenote_category":0,"_uf_show_specific_survey":0,"_uf_disable_surveys":false,"footnotes":""},"categories":[2314,4],"tags":[129,528,1846,1845,41],"aioseo_notices":[],"_links":{"self":[{"href":"https:\/\/www.cocondedecoration.com\/blog\/wp-json\/wp\/v2\/posts\/9400"}],"collection":[{"href":"https:\/\/www.cocondedecoration.com\/blog\/wp-json\/wp\/v2\/posts"}],"about":[{"href":"https:\/\/www.cocondedecoration.com\/blog\/wp-json\/wp\/v2\/types\/post"}],"author":[{"embeddable":true,"href":"https:\/\/www.cocondedecoration.com\/blog\/wp-json\/wp\/v2\/users\/1"}],"replies":[{"embeddable":true,"href":"https:\/\/www.cocondedecoration.com\/blog\/wp-json\/wp\/v2\/comments?post=9400"}],"version-history":[{"count":0,"href":"https:\/\/www.cocondedecoration.com\/blog\/wp-json\/wp\/v2\/posts\/9400\/revisions"}],"wp:featuredmedia":[{"embeddable":true,"href":"https:\/\/www.cocondedecoration.com\/blog\/wp-json\/wp\/v2\/media\/9443"}],"wp:attachment":[{"href":"https:\/\/www.cocondedecoration.com\/blog\/wp-json\/wp\/v2\/media?parent=9400"}],"wp:term":[{"taxonomy":"category","embeddable":true,"href":"https:\/\/www.cocondedecoration.com\/blog\/wp-json\/wp\/v2\/categories?post=9400"},{"taxonomy":"post_tag","embeddable":true,"href":"https:\/\/www.cocondedecoration.com\/blog\/wp-json\/wp\/v2\/tags?post=9400"}],"curies":[{"name":"wp","href":"https:\/\/api.w.org\/{rel}","templated":true}]}}