{"id":9285,"date":"2015-01-11T15:05:03","date_gmt":"2015-01-11T13:05:03","guid":{"rendered":"http:\/\/www.cocondedecoration.com\/blog\/?p=9285"},"modified":"2015-01-11T15:05:03","modified_gmt":"2015-01-11T13:05:03","slug":"un-trop-plein-demotions-apres-lattentat-de-charlie-hebdo","status":"publish","type":"post","link":"https:\/\/www.cocondedecoration.com\/blog\/2015\/01\/un-trop-plein-demotions-apres-lattentat-de-charlie-hebdo\/","title":{"rendered":"Un trop plein d&rsquo;\u00e9motions (#07012015 &#038; apr\u00e8s)"},"content":{"rendered":"<p style=\"text-align: justify;\">Je me suis demand\u00e9e pendant plusieurs jours si je devais en parler ici, sur le blog. Habituellement, cet espace est r\u00e9serv\u00e9 \u00e0 la d\u00e9coration et je me suis souvenue qu'il m'\u00e9tait d\u00e9j\u00e0 arriv\u00e9 de p\u00e9ter les plombs et de crier un bon coup. L\u00e0, c'est diff\u00e9rent. C'est un trop plein d'\u00e9motions, qui doivent sortir... Plusieurs id\u00e9es aussi qui doivent \u00eatre mises \u00e0 plat. Forc\u00e9ment, vous l'avez compris, \u00a0je vais parler du massacre qui a eu lieu chez <em>Charlie Hebdo<\/em> et des \u00e9v\u00e9nements qui ont suivi.<\/p>\n<p style=\"text-align: justify;\"><!--more--><\/p>\n<p style=\"text-align: justify;\">Je viens de l'\u00e9crire, il y a un trop plein d'\u00e9motions. Mercredi, j'ai vu vite fait passer l'info, mais je bossais donc je n'y ai pas plus pr\u00eater attention que \u00e7a avant 17h et des patates. Depuis que j'ai compris, que j'ai percut\u00e9 ce qu'il s'\u00e9tait pass\u00e9, je suis sur le cul. Il y a une part de moi qui ne veut pas y croire et qui me r\u00e9p\u00e8te: \"Voyons Julie, c'est comme \u00e0 la t\u00e9l\u00e9, \u00e7a ne peut pas \u00eatre vrai!\". Et il est pourtant vrai que 12 personnes sont mortes, alors qu'elles ne faisaient que travailler. Il y a une part de moi qui est triste, vraiment tr\u00e8s triste. C'est con, je ne connais pas personnellement ces 12 personnes, mais je suis triste. J'ai de nombreuses pens\u00e9es qui vont aux proches et aux familles des victimes. C'est toujours plus compliqu\u00e9 pour ceux qui restent. Je suis triste aussi pour ces personnes qui ont un deuil douloureux \/ violent \/ ultra-m\u00e9diatique qui les attends. Je suis aussi en col\u00e8re. Je suis convaincue que ce massacre aurait pu \u00eatre \u00e9vit\u00e9.<br \/>\nJe ne suis pas terrifi\u00e9e. Je n'ai pas peur de ce qui pourrait se passer par la suite. Ce qui doit arriver, arrivera. Je ne vais pas arr\u00eater de vivre par crainte d'un \u00e9ventuel attentat.<br \/>\nJe ne cherche pas \u00e0 comprendre les motivations de ces hommes qui ont pris la vie d'autres hommes et femmes. Je sais que ce qu'ils ont pens\u00e9, malgr\u00e9 toute la tol\u00e9rance dont je pourrai faire preuve, \u00e7a, je ne peux pas le comprendre.<\/p>\n<p style=\"text-align: justify;\">Je ressens aussi beaucoup de tristesse pour les victimes des prises d'otages, qu'elles soient mortes ou vivantes. Parce que l\u00e0 aussi c'est d\u00e9gueulasse de jouer avec la vie des gens. Rien ne justifie qu'on s'octroie le droit de vie ou de mort sur quelqu'un d'autre. RIEN!<\/p>\n<p style=\"text-align: justify;\">Je suis aussi horrifi\u00e9e par ce que j'ai pu lire sur les r\u00e9seaux sociaux, m\u00eame si dans l'ensemble, les gens se sont bien tenus. N'emp\u00eache que la plupart de mes contacts ne lisaient pas <em>Charlie Hebdo<\/em>, ils ont juste suivi un mouvement sur lequel je reviendrai apr\u00e8s. Je disais donc \u00eatre horrifi\u00e9e par ce que j'ai lu. Les amalgames \u00e0 la con que je ne r\u00e9p\u00e9terai pas ici. La joie de certains quand les terroristes sont morts. Putain, c'\u00e9tait pas un film!! Malgr\u00e9 leur monstruosit\u00e9, ils restaient des hommes. J'aurais tellement aim\u00e9 qu'ils soient jug\u00e9s, un vrai jugement! Ce qu'ils ont fait ne vous donne pas le droit de vous r\u00e9jouir de leur mort. Certes ils ne feront plus de mal, mais ils ne peuvent pas non plus assumer et r\u00e9pondre de leurs actes inf\u00e2mes.<\/p>\n<p style=\"text-align: justify;\">Je suis en p\u00e9tard aussi, par rapport aux proportions qu'a pris la fusillade. Il est certain, que le choix de <em>Charlie Hebdo<\/em> n'\u00e9tait pas anodin. C'est pas le premi\u00e8re journal auquel j'aurais pens\u00e9. (En m\u00eame temps, je ne m'\u00e9tais jamais pos\u00e9 la question...). Je suis \u00e9coeur\u00e9e par les r\u00e9actions tout azimut qu'on eu les gens. La fameuse libert\u00e9 d'expression, dont tout le monde s'inqui\u00e8te, l\u00e0 d'un coup. Alors que mardi, ils n'en avaient rien \u00e0 branler. Non, mais c'est vrai! Je suis s\u00fbre qu'il y avait une flopp\u00e9e de gens qui rembarraient leur coll\u00e8gue \/ leur ado \/ leur conjoint mardi, juste sous pr\u00e9texte qu'il y avait un d\u00e9saccord. Et l\u00e0, Bim! il y a 12 personnes tu\u00e9es, dont 9 qui faisaient partie d'un magazine, et Bim! on crie haut et fort qu'il faut pr\u00e9server notre libert\u00e9 d'expression. Ouais ben, il faudrait commencer par apprendre \u00e0 \u00e9couter les gens qu'on c\u00f4toie au quotidien avant d'aller nous casser les couilles avec la Libert\u00e9 d'Expression, celle avec des majuscules, celle qui est abstraite. Si tu veux qu'on t'\u00e9coute, apprend \u00e0 \u00e9couter d'abord! Le \"Je suis Charlie\" a pris une envergure qui est un peu absurde \u00e0 mon sens. Trop symbolique pour <em>Charlie Hebdo<\/em>. Si les dessinateurs avaient \u00e9t\u00e9 l\u00e0, vous pouvez \u00eatre certain qu'ils seraient en train de se foutre de votre gueule puissamment.<\/p>\n<p style=\"text-align: justify;\">Je suis perplexe aussi. Oui, perplexe. J'ai suivi ces 3 jours \u00e0 travers diff\u00e9rents m\u00e9dias. J'ai m\u00eame allum\u00e9 la t\u00e9l\u00e9 (d'ailleurs, j'ai du demander \u00e0 Ch\u00e9ri comment on faisait, parce que je ne le fais jamais). Je crois que je n'ai jamais autant regard\u00e9 la t\u00e9l\u00e9vision (si une fois, quand le Prince et Kate se sont mari\u00e9s). \u00a0Je n'avais jamais autant lu les journaux. J'ai \u00e9t\u00e9 peu sur les r\u00e9seaux sociaux. Et avec tout ce que j'ai lu, entendu et vu, j'ai le sentiment que tout n'est pas dit. Je ne sais pas, on dirait qu'il manque une ou plusieurs mailles au tissus. Je comprends bien que les autorit\u00e9s ne peuvent pas tout dire. Mais l\u00e0, il y a un truc qui cloche. Je ne saurais probablement pas quoi, jamais.<\/p>\n<p style=\"text-align: justify;\">Je suis confuse face aux rassemblements de ce week-end. Samedi matin, je me suis pos\u00e9e la question d'aller ou non \u00e0 la marche r\u00e9publicaine l'apr\u00e8s-midi. Je suis all\u00e9e au rassemblement le mercredi soir. C'est un acte spontan\u00e9, une mani\u00e8re peut-\u00eatre de rendre les choses r\u00e9elles <del>en vain<\/del>. L\u00e0, les marches r\u00e9publicaines, j'ai plus de mal. J'avais envie d'expier ce trop plein d'\u00e9motions. En revanche, je ne voulais pas \u00eatre dans une d\u00e9marche r\u00e9publicaine. On est \u00e0 20 000 lieux de l'attentat. Je suis d\u00e9sol\u00e9e, je vais s\u00fbrement choquer des gens, mais je ne crois pas \u00e0 100% \u00e0 notre r\u00e9publique. Je ne suis pas souvent d'accord avec les choix qui sont faits. Elle a de nombreuses imperfections. Et je ne pouvais pas \u00eatre dans ce type de rassemblement. Ce n'\u00e9tait pas une marche comm\u00e9morative. Ce n'\u00e9tait pas une marche pour la libert\u00e9 d'expression. Ce n'\u00e9tait pas tout \u00e0 fait une r\u00e9ponse aux terroristes et \u00e0 la terreur qu'ils souhaitent instaurer. C'\u00e9tait une marche r\u00e9publicaine. C'est un peu trop politis\u00e9 pour moi. Ce n'\u00e9tait pas assez neutre. Donc je n'y suis pas all\u00e9e.<br \/>\nLa seule fois o\u00f9 j'ai \u00e9crit sur les r\u00e9seaux sociaux de l'attentat qui s'est d\u00e9roul\u00e9 chez Charlie Hebdo, dans mon statut il y avait le mot propagande. (Je pr\u00e9parais un article \u00e0 ce propos...) Je suis m\u00e9fiante comme fille. Je refuse qu'on utilise mes sentiments, mes \u00e9motions \u00e0 des fins diff\u00e9rentes et politiques. J'ai regard\u00e9 quelques interventions de notre pr\u00e9sident. Je savais qu'avant il \u00e9tait tr\u00e8s tr\u00e8s bas dans les sondages de popularit\u00e9 (un peu comme quand t'es nul et que tu vas chanter \u00e0 <em>The Voice<\/em>). L\u00e0, je ne l'ai pas trouv\u00e9 mal du tout. Cela n'emp\u00eache, que je ne voulais pas que l'\u00e9motion que je ressens encore soit instrumentalis\u00e9e.<\/p>\n<p style=\"text-align: justify;\">Je sais tr\u00e8s bien que dans ce texte, il y a des personnes qui vont s'y reconnaitre un peu, beaucoup, passionn\u00e9ment et pas du tout. Je m'en fout \u00e9perdument. J'en avais d\u00e9j\u00e0 rien \u00e0 secouer en d\u00e9but de semaine, \u00e7a n'a pas chang\u00e9. Que vous me rejoignez ou pas quant \u00e0 mes propos l\u00e0 n'est pas le sujet. J'avais juste besoin d'ext\u00e9rioris\u00e9 ce trop plein...<\/p>\n<p style=\"text-align: justify;\">Pour terminer, je tiens \u00e0 redire que nombreuses de mes pens\u00e9es vont aux familles des victimes. Parce que c'est \u00e0 elles qu'il faut penser avant tout!<\/p>\n","protected":false},"excerpt":{"rendered":"<p>Je me suis demand\u00e9e pendant plusieurs jours si je devais en parler ici, sur le blog. Habituellement, cet espace est r\u00e9serv\u00e9 \u00e0 la d\u00e9coration et je me suis souvenue qu&rsquo;il m&rsquo;\u00e9tait d\u00e9j\u00e0 arriv\u00e9 de p\u00e9ter les plombs et de crier un bon coup. L\u00e0, c&rsquo;est diff\u00e9rent. C&rsquo;est un trop plein<span class=\"more-link\"><a href=\"https:\/\/www.cocondedecoration.com\/blog\/2015\/01\/un-trop-plein-demotions-apres-lattentat-de-charlie-hebdo\/\">Lire la suite<\/a><\/span><\/p>\n","protected":false},"author":1,"featured_media":9287,"comment_status":"open","ping_status":"open","sticky":false,"template":"","format":"standard","meta":{"om_disable_all_campaigns":false,"_monsterinsights_skip_tracking":false,"_monsterinsights_sitenote_active":false,"_monsterinsights_sitenote_note":"","_monsterinsights_sitenote_category":0,"_uf_show_specific_survey":0,"_uf_disable_surveys":false,"footnotes":""},"categories":[5],"tags":[1824,1823,1827,2095,1194,1825,1826],"aioseo_notices":[],"_links":{"self":[{"href":"https:\/\/www.cocondedecoration.com\/blog\/wp-json\/wp\/v2\/posts\/9285"}],"collection":[{"href":"https:\/\/www.cocondedecoration.com\/blog\/wp-json\/wp\/v2\/posts"}],"about":[{"href":"https:\/\/www.cocondedecoration.com\/blog\/wp-json\/wp\/v2\/types\/post"}],"author":[{"embeddable":true,"href":"https:\/\/www.cocondedecoration.com\/blog\/wp-json\/wp\/v2\/users\/1"}],"replies":[{"embeddable":true,"href":"https:\/\/www.cocondedecoration.com\/blog\/wp-json\/wp\/v2\/comments?post=9285"}],"version-history":[{"count":0,"href":"https:\/\/www.cocondedecoration.com\/blog\/wp-json\/wp\/v2\/posts\/9285\/revisions"}],"wp:featuredmedia":[{"embeddable":true,"href":"https:\/\/www.cocondedecoration.com\/blog\/wp-json\/wp\/v2\/media\/9287"}],"wp:attachment":[{"href":"https:\/\/www.cocondedecoration.com\/blog\/wp-json\/wp\/v2\/media?parent=9285"}],"wp:term":[{"taxonomy":"category","embeddable":true,"href":"https:\/\/www.cocondedecoration.com\/blog\/wp-json\/wp\/v2\/categories?post=9285"},{"taxonomy":"post_tag","embeddable":true,"href":"https:\/\/www.cocondedecoration.com\/blog\/wp-json\/wp\/v2\/tags?post=9285"}],"curies":[{"name":"wp","href":"https:\/\/api.w.org\/{rel}","templated":true}]}}