{"id":89057,"date":"2026-04-28T08:05:11","date_gmt":"2026-04-28T06:05:11","guid":{"rendered":"https:\/\/www.cocondedecoration.com\/blog\/?p=89057"},"modified":"2026-04-28T08:05:13","modified_gmt":"2026-04-28T06:05:13","slug":"meuble-salon-bois","status":"publish","type":"post","link":"https:\/\/www.cocondedecoration.com\/blog\/2026\/04\/meuble-salon-bois\/","title":{"rendered":"Meuble en bois de salon : id\u00e9es, tendances et astuces d\u00e9co"},"content":{"rendered":"\n<p>On va parler mobilier et d\u00e9coration dans le salon aujourd'hui. Je l'ai souvent r\u00e9p\u00e9t\u00e9 au travers de mes articles, les meubles contribuent \u00e0 la d\u00e9coration d'un espace autant que le rev\u00eatement mural ou encore les accessoires textiles. Le design, la taille, les mat\u00e9riaux... sont des crit\u00e8res \u00e0 prendre en compte parce qu'ils vont influencer l'atmosph\u00e8re de la pi\u00e8ce de vie. Et on va regarder de plus pr\u00e8s les meubles de salon en bois. Quels choix s'offrent \u00e0 vous? Quelle essence de bois choisir? Quel style? Ou encore comment harmoniser sa d\u00e9co de salon avec le mobilier? Je r\u00e9ponds \u00e0 ces questions dans la suite de cet article. <\/p>\n\n\n\n<!--more-->\n\n\n\n<h2 class=\"wp-block-heading\">Le bois, un mat\u00e9riau polyvalent pour les meubles du salon<\/h2>\n\n\n\n<p>Vous verrez tout au long de cet article, que le bois pour les meubles du salon offre de tr\u00e8s tr\u00e8s nombreuses possibilit\u00e9s d'am\u00e9nagement et de d\u00e9coration. C'est un mat\u00e9riau de choix depuis toujours dans la conception de mobilier et m\u00eame si les tendances \u00e9voluent, le bois reste. Et que vous souhaitiez changer un meuble ou votre salon complet, en magasin vous aurez du choix. Le bois dans le salon peut se trouver \u00e0 travers: <\/p>\n\n\n\n<ul>\n<li><a href=\"https:\/\/www.cocondedecoration.com\/blog\/2018\/10\/conseils-deco-comment-bien-choisir-sa-table-basse\/\" target=\"_blank\" rel=\"noopener\" title=\"\">table basse <\/a><\/li>\n\n\n\n<li>buffet <\/li>\n\n\n\n<li>armature de canap\u00e9 <\/li>\n\n\n\n<li><a href=\"https:\/\/www.cocondedecoration.com\/blog\/2026\/01\/meuble-tele-tendance\/\" target=\"_blank\" rel=\"noopener\" title=\"\">meuble TV <\/a><\/li>\n\n\n\n<li>bout de canap\u00e9 <\/li>\n\n\n\n<li>biblioth\u00e8que <\/li>\n\n\n\n<li>vitrine <\/li>\n\n\n\n<li>armature de fauteuil <\/li>\n\n\n\n<li>\u00e9tag\u00e8re \u00e0 poser ou murale <\/li>\n<\/ul>\n\n\n\n<p>A lire aussi: <a href=\"https:\/\/www.cocondedecoration.com\/blog\/2026\/03\/decoration-salon-appartement\/\" target=\"_blank\" rel=\"noopener\" title=\"\">D\u00e9co salon d\u2019appartement : id\u00e9es modernes et fonctionnelles<\/a><\/p>\n\n\n\n<figure class=\"wp-block-gallery has-nested-images columns-default is-cropped wp-block-gallery-1 is-layout-flex wp-block-gallery-is-layout-flex\">\n<figure class=\"wp-block-image size-large\"><a href=\"https:\/\/www.cocondedecoration.com\/blog\/wp-content\/uploads\/2026\/04\/meuble-salon-bois.001.jpeg\"><img loading=\"lazy\" decoding=\"async\" width=\"640\" height=\"960\" data-id=\"89059\" src=\"https:\/\/www.cocondedecoration.com\/blog\/wp-content\/uploads\/2026\/04\/meuble-salon-bois.001-640x960.jpeg\" alt=\"d\u00e9coration salon meuble en bois vintage petit buffet avec plantes accessoire d\u00e9co t\u00e9l\u00e9vision accroch\u00e9e au mur dans une galerie de cadres \" class=\"wp-image-89059\" title=\"d\u00e9coration salon meuble en bois vintage petit buffet avec plantes accessoire d\u00e9co t\u00e9l\u00e9vision accroch\u00e9e au mur dans une galerie de cadres \" srcset=\"https:\/\/www.cocondedecoration.com\/blog\/wp-content\/uploads\/2026\/04\/meuble-salon-bois.001-640x960.jpeg 640w, https:\/\/www.cocondedecoration.com\/blog\/wp-content\/uploads\/2026\/04\/meuble-salon-bois.001-260x390.jpeg 260w, https:\/\/www.cocondedecoration.com\/blog\/wp-content\/uploads\/2026\/04\/meuble-salon-bois.001-768x1152.jpeg 768w, https:\/\/www.cocondedecoration.com\/blog\/wp-content\/uploads\/2026\/04\/meuble-salon-bois.001-367x550.jpeg 367w, https:\/\/www.cocondedecoration.com\/blog\/wp-content\/uploads\/2026\/04\/meuble-salon-bois.001-333x500.jpeg 333w, https:\/\/www.cocondedecoration.com\/blog\/wp-content\/uploads\/2026\/04\/meuble-salon-bois.001.jpeg 1000w\" sizes=\"(max-width: 640px) 100vw, 640px\" \/><\/a><figcaption class=\"wp-element-caption\">sakihaya.theletter.jp<\/figcaption><\/figure>\n\n\n\n<figure class=\"wp-block-image size-large\"><a href=\"https:\/\/www.cocondedecoration.com\/blog\/wp-content\/uploads\/2026\/04\/meuble-salon-bois.002.jpeg\"><img loading=\"lazy\" decoding=\"async\" width=\"640\" height=\"960\" data-id=\"89060\" src=\"https:\/\/www.cocondedecoration.com\/blog\/wp-content\/uploads\/2026\/04\/meuble-salon-bois.002-640x960.jpeg\" alt=\"salon mobilier en bois style beach house fauteuil essence clair table basse osier tress\u00e9 planche de surf long board \" class=\"wp-image-89060\" title=\"salon mobilier en bois style beach house fauteuil essence clair table basse osier tress\u00e9 planche de surf long board \" srcset=\"https:\/\/www.cocondedecoration.com\/blog\/wp-content\/uploads\/2026\/04\/meuble-salon-bois.002-640x960.jpeg 640w, https:\/\/www.cocondedecoration.com\/blog\/wp-content\/uploads\/2026\/04\/meuble-salon-bois.002-260x390.jpeg 260w, https:\/\/www.cocondedecoration.com\/blog\/wp-content\/uploads\/2026\/04\/meuble-salon-bois.002-768x1152.jpeg 768w, https:\/\/www.cocondedecoration.com\/blog\/wp-content\/uploads\/2026\/04\/meuble-salon-bois.002-367x550.jpeg 367w, https:\/\/www.cocondedecoration.com\/blog\/wp-content\/uploads\/2026\/04\/meuble-salon-bois.002-333x500.jpeg 333w, https:\/\/www.cocondedecoration.com\/blog\/wp-content\/uploads\/2026\/04\/meuble-salon-bois.002.jpeg 1000w\" sizes=\"(max-width: 640px) 100vw, 640px\" \/><\/a><figcaption class=\"wp-element-caption\">homestolove.com.au<\/figcaption><\/figure>\n<\/figure>\n\n\n\n<h2 class=\"wp-block-heading\">Quelle essence de bois choisir pour le salon? <\/h2>\n\n\n\n<p>L'essence de bois, une question qu'il faut se poser avant d'aller en magasin chercher de nouveaux meubles. Parmi les essences de bois clair, on peut compter sur le ch\u00eane clair, le h\u00eatre, l'\u00e9rable, le fr\u00eane, le bouleau ou encore le pin. C\u00f4t\u00e9 essences de bois fonc\u00e9, il y a le noyer, l'acajou, le palissandre. Selon l'essence choisie, il y aura un aspect visuel et esth\u00e9tique diff\u00e9rent: un bois plus ou moins jaune, plus ou moins nervur\u00e9, etc. Je vous propose un tableau r\u00e9capitulatif en dessous. <\/p>\n\n\n\n<p>Par ailleurs, il n'y a pas que l'aspect clair \/ fonc\u00e9 de l'essence de bois \u00e0 prendre en compte. Pour vous aider \u00e0 faire votre choix, vous pouvez regarder sa provenance. Une essence de bois local qui pousse en Europe voire en France est plus durable dans le sens o\u00f9 le bois ne fait pas 36 fois le tour de la plan\u00e8te avant d'arriver chez vous. Mais de nombreux bois poussent en zone tropicale, dans un climat plus chaud.  <\/p>\n\n\n\n<p>Note sur les <a href=\"https:\/\/www.cocondedecoration.com\/blog\/2017\/07\/meubles-en-rotin-pour-un-salon-naturel-et-contemporain\/\" target=\"_blank\" rel=\"noopener\" title=\"\">meubles en rotin<\/a>, osier et bambou. Ces 3 mat\u00e9riaux ne sont pas du bois mais viennent de plantes. Le rotin est un nom g\u00e9n\u00e9rique pour plusieurs plantes d'Asie du sud-est dont les tiges servent \u00e0 faire des meubles. Il y a plusieurs essences de rotin. G\u00e9n\u00e9ralement pour le mobilier, ce sont les essences \"Manille\" (brun) et \"Malacca\" (clair).<\/p>\n\n\n\n<figure class=\"wp-block-gallery has-nested-images columns-default is-cropped wp-block-gallery-2 is-layout-flex wp-block-gallery-is-layout-flex\">\n<figure class=\"wp-block-image size-large\"><a href=\"https:\/\/www.cocondedecoration.com\/blog\/wp-content\/uploads\/2026\/04\/meuble-salon-bois.003.jpeg\"><img loading=\"lazy\" decoding=\"async\" width=\"640\" height=\"960\" data-id=\"89062\" src=\"https:\/\/www.cocondedecoration.com\/blog\/wp-content\/uploads\/2026\/04\/meuble-salon-bois.003-640x960.jpeg\" alt=\"id\u00e9e salon meuble en bois table basse oblongue vitrine ancienne esprit chic et contemporain \" class=\"wp-image-89062\" title=\"id\u00e9e salon meuble en bois table basse oblongue vitrine ancienne esprit chic et contemporain \" srcset=\"https:\/\/www.cocondedecoration.com\/blog\/wp-content\/uploads\/2026\/04\/meuble-salon-bois.003-640x960.jpeg 640w, https:\/\/www.cocondedecoration.com\/blog\/wp-content\/uploads\/2026\/04\/meuble-salon-bois.003-260x390.jpeg 260w, https:\/\/www.cocondedecoration.com\/blog\/wp-content\/uploads\/2026\/04\/meuble-salon-bois.003-768x1152.jpeg 768w, https:\/\/www.cocondedecoration.com\/blog\/wp-content\/uploads\/2026\/04\/meuble-salon-bois.003-367x550.jpeg 367w, https:\/\/www.cocondedecoration.com\/blog\/wp-content\/uploads\/2026\/04\/meuble-salon-bois.003-333x500.jpeg 333w, https:\/\/www.cocondedecoration.com\/blog\/wp-content\/uploads\/2026\/04\/meuble-salon-bois.003.jpeg 1000w\" sizes=\"(max-width: 640px) 100vw, 640px\" \/><\/a><figcaption class=\"wp-element-caption\">shopltk.com<\/figcaption><\/figure>\n\n\n\n<figure class=\"wp-block-image size-large\"><a href=\"https:\/\/www.cocondedecoration.com\/blog\/wp-content\/uploads\/2026\/04\/meuble-salon-bois.004.jpeg\"><img loading=\"lazy\" decoding=\"async\" width=\"640\" height=\"960\" data-id=\"89061\" src=\"https:\/\/www.cocondedecoration.com\/blog\/wp-content\/uploads\/2026\/04\/meuble-salon-bois.004-640x960.jpeg\" alt=\"salon mobilier en bois petit buffet vintage mid century moderne vase d\u00e9co design grand miroir rond espace lumineux \" class=\"wp-image-89061\" title=\"salon mobilier en bois petit buffet vintage mid century moderne vase d\u00e9co design grand miroir rond espace lumineux \" srcset=\"https:\/\/www.cocondedecoration.com\/blog\/wp-content\/uploads\/2026\/04\/meuble-salon-bois.004-640x960.jpeg 640w, https:\/\/www.cocondedecoration.com\/blog\/wp-content\/uploads\/2026\/04\/meuble-salon-bois.004-260x390.jpeg 260w, https:\/\/www.cocondedecoration.com\/blog\/wp-content\/uploads\/2026\/04\/meuble-salon-bois.004-768x1152.jpeg 768w, https:\/\/www.cocondedecoration.com\/blog\/wp-content\/uploads\/2026\/04\/meuble-salon-bois.004-367x550.jpeg 367w, https:\/\/www.cocondedecoration.com\/blog\/wp-content\/uploads\/2026\/04\/meuble-salon-bois.004-333x500.jpeg 333w, https:\/\/www.cocondedecoration.com\/blog\/wp-content\/uploads\/2026\/04\/meuble-salon-bois.004.jpeg 1000w\" sizes=\"(max-width: 640px) 100vw, 640px\" \/><\/a><figcaption class=\"wp-element-caption\">sites.google.com<\/figcaption><\/figure>\n<\/figure>\n\n\n\n<h3 class=\"wp-block-heading\">Tableau r\u00e9capitulatif des essences de bois: esth\u00e9tique, couleur, caract\u00e9ristiques, provenance<\/h3>\n\n\n\n<figure class=\"wp-block-table\"><table class=\"has-fixed-layout\"><tbody><tr><td>Essences de bois<\/td><td>clair \/ fonc\u00e9 <\/td><td>couleur<\/td><td>autres caract\u00e9ristiques<\/td><td>Origine g\u00e9ographique<\/td><\/tr><tr><td>Fr\u00eane <\/td><td>clair <\/td><td>de blanc \u00e0 dor\u00e9 <\/td><td>r\u00e9sistant et flexible <\/td><td>Europe <\/td><\/tr><tr><td>Erable <\/td><td>clair<\/td><td>blanc <\/td><td>bois tr\u00e8s dur, mat, grain fin <\/td><td>Europe, Am\u00e9rique du nord et Asie (climat temp\u00e9r\u00e9)<\/td><\/tr><tr><td>H\u00eatre<\/td><td>clair <\/td><td>ros\u00e9 \u00e0 cr\u00e8me <\/td><td>dur et homog\u00e8ne <\/td><td>Europe <\/td><\/tr><tr><td>Ch\u00eane clair \/ ch\u00eane blanc<\/td><td>clair<\/td><td>blanc ou dor\u00e9 <\/td><td>solide, grain aparent <\/td><td>Europe, Am\u00e9rique du nord<\/td><\/tr><tr><td>Pin<\/td><td>clair<\/td><td>jaune p\u00e2le, cr\u00e8me \u00e0 beige clair<\/td><td>abordable niveau prix, noeuds visibles<\/td><td>Europe, lAm\u00e9rique du nord et du sud, Asie et Australie<\/td><\/tr><tr><td>Bouleau<\/td><td>clair <\/td><td>Blanc-cr\u00e8me \u00e0 brun clair<\/td><td>l\u00e9ger, grain l\u00e9ger <\/td><td>Europe, Asie et Am\u00e9rique du nord<\/td><\/tr><tr><td>Manguier <\/td><td>entre les 2<\/td><td>brun clair, brun dor\u00e9<\/td><td>grain vif <\/td><td>Asie du sud et sud-est<\/td><\/tr><tr><td>Noyer <\/td><td>fonc\u00e9<\/td><td>brun<\/td><td>veinures distinctes<\/td><td>Europe et Am\u00e9rique du nord <\/td><\/tr><tr><td>Acajou <\/td><td>fonc\u00e9 <\/td><td>brun au rouge<\/td><td>bois dur, dense, tr\u00e8s durable<\/td><td>Afrique, Am\u00e9rique centrale, Am\u00e9rique du sud et Antilles<\/td><\/tr><tr><td>Palissandre <\/td><td>fonc\u00e9 <\/td><td>brun chocolat\u00a0au\u00a0brun violac\u00e9, en passant par des nuances de\u00a0rouge profond\u00a0et de\u00a0rose<\/td><td>veinures prononc\u00e9es, aspect luxueux<\/td><td>Am\u00e9rique du sud, Asie (Inde) et Madagascar<\/td><\/tr><tr><td>Eb\u00e8ne <\/td><td>fonc\u00e9 <\/td><td>noir<\/td><td>dense, bois pr\u00e9cieux<\/td><td>Asie, Afrique <\/td><\/tr><tr><td>Weng\u00e9 <\/td><td>fonc\u00e9 <\/td><td>presque noir<\/td><td>robuste, design contemporain <\/td><td>Afrique centrale et occidentale<\/td><\/tr><tr><td>Ch\u00eane teint\u00e9 <\/td><td>fonc\u00e9 <\/td><td>Tout est possible<\/td><td>solide, grain aparent <\/td><td>Europe, Am\u00e9rique du nord<\/td><\/tr><tr><td>Bois de rose <\/td><td>fonc\u00e9<\/td><td>rose p\u00e2le, orang\u00e9 ou saumon\u00e9, au rouge brun\u00e2tre<\/td><td>bois pr\u00e9cieux (luxe), vein\u00e9 de stries plus fonc\u00e9es, souvent utilis\u00e9 en marqueterie <\/td><td>for\u00eat amazonienne (Br\u00e9sil, Guyane)<\/td><\/tr><\/tbody><\/table><figcaption class=\"wp-element-caption\">Les diff\u00e9rentes essences de bois pour le mobilier<\/figcaption><\/figure>\n\n\n\n<figure class=\"wp-block-gallery has-nested-images columns-default is-cropped wp-block-gallery-3 is-layout-flex wp-block-gallery-is-layout-flex\">\n<figure class=\"wp-block-image size-large\"><a href=\"https:\/\/www.cocondedecoration.com\/blog\/wp-content\/uploads\/2026\/04\/meuble-salon-bois.005.jpeg\"><img loading=\"lazy\" decoding=\"async\" width=\"640\" height=\"960\" data-id=\"89064\" src=\"https:\/\/www.cocondedecoration.com\/blog\/wp-content\/uploads\/2026\/04\/meuble-salon-bois.005-640x960.jpeg\" alt=\"table basse salon meuble en bois simple et pratique en pin ambiance moderne mur accent rose poudr\u00e9 canap\u00e9 jaune \" class=\"wp-image-89064\" title=\"table basse salon meuble en bois simple et pratique en pin ambiance moderne mur accent rose poudr\u00e9 canap\u00e9 jaune \" srcset=\"https:\/\/www.cocondedecoration.com\/blog\/wp-content\/uploads\/2026\/04\/meuble-salon-bois.005-640x960.jpeg 640w, https:\/\/www.cocondedecoration.com\/blog\/wp-content\/uploads\/2026\/04\/meuble-salon-bois.005-260x390.jpeg 260w, https:\/\/www.cocondedecoration.com\/blog\/wp-content\/uploads\/2026\/04\/meuble-salon-bois.005-768x1152.jpeg 768w, https:\/\/www.cocondedecoration.com\/blog\/wp-content\/uploads\/2026\/04\/meuble-salon-bois.005-367x550.jpeg 367w, https:\/\/www.cocondedecoration.com\/blog\/wp-content\/uploads\/2026\/04\/meuble-salon-bois.005-333x500.jpeg 333w, https:\/\/www.cocondedecoration.com\/blog\/wp-content\/uploads\/2026\/04\/meuble-salon-bois.005.jpeg 1000w\" sizes=\"(max-width: 640px) 100vw, 640px\" \/><\/a><figcaption class=\"wp-element-caption\">thegreathackshack.com<\/figcaption><\/figure>\n\n\n\n<figure class=\"wp-block-image size-large\"><a href=\"https:\/\/www.cocondedecoration.com\/blog\/wp-content\/uploads\/2026\/04\/meuble-salon-bois.006.jpeg\"><img loading=\"lazy\" decoding=\"async\" width=\"640\" height=\"960\" data-id=\"89063\" src=\"https:\/\/www.cocondedecoration.com\/blog\/wp-content\/uploads\/2026\/04\/meuble-salon-bois.006-640x960.jpeg\" alt=\"meuble t\u00e9l\u00e9 bas petit format biblioth\u00e8que du sol au plafond salon mobilier en bois ambiance moderne et lumineuse canap\u00e9 blanc fauteuil rose \" class=\"wp-image-89063\" title=\"meuble t\u00e9l\u00e9 bas petit format biblioth\u00e8que du sol au plafond salon mobilier en bois ambiance moderne et lumineuse canap\u00e9 blanc fauteuil rose \" srcset=\"https:\/\/www.cocondedecoration.com\/blog\/wp-content\/uploads\/2026\/04\/meuble-salon-bois.006-640x960.jpeg 640w, https:\/\/www.cocondedecoration.com\/blog\/wp-content\/uploads\/2026\/04\/meuble-salon-bois.006-260x390.jpeg 260w, https:\/\/www.cocondedecoration.com\/blog\/wp-content\/uploads\/2026\/04\/meuble-salon-bois.006-768x1152.jpeg 768w, https:\/\/www.cocondedecoration.com\/blog\/wp-content\/uploads\/2026\/04\/meuble-salon-bois.006-367x550.jpeg 367w, https:\/\/www.cocondedecoration.com\/blog\/wp-content\/uploads\/2026\/04\/meuble-salon-bois.006-333x500.jpeg 333w, https:\/\/www.cocondedecoration.com\/blog\/wp-content\/uploads\/2026\/04\/meuble-salon-bois.006.jpeg 1000w\" sizes=\"(max-width: 640px) 100vw, 640px\" \/><\/a><figcaption class=\"wp-element-caption\">sites.google.com<\/figcaption><\/figure>\n<\/figure>\n\n\n\n<h2 class=\"wp-block-heading\">Epoque et esth\u00e9tique des meubles de salon en bois <\/h2>\n\n\n\n<p>Les meubles en bois pour le salon peuvent aussi bien \u00eatre vintage que modernes. Le bois n'est pas exclusif \u00e0 une \u00e9poque sp\u00e9cifique. On peut avoir des meubles anciens de diff\u00e9rentes \u00e9poques souvent meuble en bois massif. Personnellement, j'ai un amour immod\u00e9r\u00e9 pour les <a href=\"https:\/\/www.cocondedecoration.com\/blog\/2021\/05\/ou-trouver-meuble-vintage-salon\/\" target=\"_blank\" rel=\"noopener\" title=\"\">meubles vintage mid century modern<\/a> (ann\u00e9es 40 et 60). C'est un style dont je ne me lasse pas malgr\u00e9 le temps qui passe et en plus, en brocante, il est parfois possible de faire de belles trouvailles. <\/p>\n\n\n\n<p>Et puis, il y a les meubles modernes. Leurs caract\u00e9ristiques esth\u00e9tiques \u00e9voluent avec les tendances. Il y a 15 ans, le style scandinave \u00e9tait au summum de sa popularit\u00e9. On avait des meubles de salon en bois clair ou dor\u00e9, un design simple presque \u00e9pur\u00e9. Il y a quelques ann\u00e9es, le cannage s'est invit\u00e9 dans nos int\u00e9rieur et notamment \u00e0 travers les meubles de salon. En 2026, c'est diff\u00e9rent. Maintenant, on peut compter sur les arrondis ou m\u00eame <a href=\"https:\/\/www.cocondedecoration.com\/blog\/2025\/11\/mobilier-ondule-cannele\/\" target=\"_blank\" rel=\"noopener\" title=\"\">la texture<\/a>. Le meuble t\u00e9l\u00e9, la table basse ou encore le buffet se parent de cannelures, de rainures, d'ondulations. <\/p>\n\n\n\n<figure class=\"wp-block-gallery has-nested-images columns-default is-cropped wp-block-gallery-4 is-layout-flex wp-block-gallery-is-layout-flex\">\n<figure class=\"wp-block-image size-large\"><a href=\"https:\/\/www.cocondedecoration.com\/blog\/wp-content\/uploads\/2026\/04\/meuble-salon-bois.007.jpeg\"><img loading=\"lazy\" decoding=\"async\" width=\"640\" height=\"960\" data-id=\"89065\" src=\"https:\/\/www.cocondedecoration.com\/blog\/wp-content\/uploads\/2026\/04\/meuble-salon-bois.007-640x960.jpeg\" alt=\"enfilade vintage \u00e9poque mid century moderne salon meuble en bois d\u00e9coration murale grand tableau abstrait multicolore \" class=\"wp-image-89065\" title=\"enfilade vintage \u00e9poque mid century moderne salon meuble en bois d\u00e9coration murale grand tableau abstrait multicolore \" srcset=\"https:\/\/www.cocondedecoration.com\/blog\/wp-content\/uploads\/2026\/04\/meuble-salon-bois.007-640x960.jpeg 640w, https:\/\/www.cocondedecoration.com\/blog\/wp-content\/uploads\/2026\/04\/meuble-salon-bois.007-260x390.jpeg 260w, https:\/\/www.cocondedecoration.com\/blog\/wp-content\/uploads\/2026\/04\/meuble-salon-bois.007-768x1152.jpeg 768w, https:\/\/www.cocondedecoration.com\/blog\/wp-content\/uploads\/2026\/04\/meuble-salon-bois.007-367x550.jpeg 367w, https:\/\/www.cocondedecoration.com\/blog\/wp-content\/uploads\/2026\/04\/meuble-salon-bois.007-333x500.jpeg 333w, https:\/\/www.cocondedecoration.com\/blog\/wp-content\/uploads\/2026\/04\/meuble-salon-bois.007.jpeg 1000w\" sizes=\"(max-width: 640px) 100vw, 640px\" \/><\/a><figcaption class=\"wp-element-caption\">kipandco.com.au<\/figcaption><\/figure>\n\n\n\n<figure class=\"wp-block-image size-large\"><a href=\"https:\/\/www.cocondedecoration.com\/blog\/wp-content\/uploads\/2026\/04\/meuble-salon-bois.008.jpeg\"><img loading=\"lazy\" decoding=\"async\" width=\"640\" height=\"960\" data-id=\"89066\" src=\"https:\/\/www.cocondedecoration.com\/blog\/wp-content\/uploads\/2026\/04\/meuble-salon-bois.008-640x960.jpeg\" alt=\"biblioth\u00e8que murale sur-mesure salon mobilier en bois rangement gain de place petite pi\u00e8ce de vie design moderne \" class=\"wp-image-89066\" title=\"biblioth\u00e8que murale sur-mesure salon mobilier en bois rangement gain de place petite pi\u00e8ce de vie design moderne \" srcset=\"https:\/\/www.cocondedecoration.com\/blog\/wp-content\/uploads\/2026\/04\/meuble-salon-bois.008-640x960.jpeg 640w, https:\/\/www.cocondedecoration.com\/blog\/wp-content\/uploads\/2026\/04\/meuble-salon-bois.008-260x390.jpeg 260w, https:\/\/www.cocondedecoration.com\/blog\/wp-content\/uploads\/2026\/04\/meuble-salon-bois.008-768x1152.jpeg 768w, https:\/\/www.cocondedecoration.com\/blog\/wp-content\/uploads\/2026\/04\/meuble-salon-bois.008-367x550.jpeg 367w, https:\/\/www.cocondedecoration.com\/blog\/wp-content\/uploads\/2026\/04\/meuble-salon-bois.008-333x500.jpeg 333w, https:\/\/www.cocondedecoration.com\/blog\/wp-content\/uploads\/2026\/04\/meuble-salon-bois.008.jpeg 1000w\" sizes=\"(max-width: 640px) 100vw, 640px\" \/><\/a><figcaption class=\"wp-element-caption\">likemagazine.com.br<\/figcaption><\/figure>\n<\/figure>\n\n\n\n<h2 class=\"wp-block-heading\">Quel style d\u00e9co adopter avec des meubles de salon en bois clair? <\/h2>\n\n\n\n<p>Dans le salon, les meubles en bois clair sont tr\u00e8s faciles \u00e0 vivre. Ils sont lumineux et chaleureux \u00e0 la fois. On les trouve aussi bien avec une esth\u00e9tique rustique qu'un <a href=\"https:\/\/www.elle.fr\/Deco\/Pieces\/Salon\/20-salons-design\" target=\"_blank\" rel=\"noopener\" title=\"\">design<\/a> plus moderne. Et on peut cr\u00e9er diff\u00e9rentes atmosph\u00e8res d\u00e9co autour des meubles en bois. <\/p>\n\n\n\n<p>Si vous aimez le mobilier \u00e9pur\u00e9 et une forme de minimalisme dans la pi\u00e8ce de vie, vous aurez du choix quant au style \u00e0 adopter dans votre espace. Les styles <a href=\"https:\/\/www.cocondedecoration.com\/blog\/2025\/05\/style-scandinave-minimaliste\/\" target=\"_blank\" rel=\"noopener\" title=\"\">scandinave<\/a>, minimaliste, slow d\u00e9co, Japandi sont souvent compos\u00e9 de bois clair. <\/p>\n\n\n\n<p>Comme il est question ici de bois, et que le bois est un mat\u00e9riau naturel, le <a href=\"https:\/\/www.cocondedecoration.com\/blog\/2020\/09\/idee-deco-salon-style-nature-chic\/\" target=\"_blank\" rel=\"noopener\" title=\"\">style Nature chic<\/a> semble \u00eatre une \u00e9vidence. C'est un univers d\u00e9coratif qui invite aussi bien les essences claires que fonc\u00e9es. On va marier les meubles avec toute une palette de couleurs organiques, des motifs v\u00e9g\u00e9taux et \/ ou botaniques, des plantes. <\/p>\n\n\n\n<p>Et toujours dans l'id\u00e9e de salon meubl\u00e9 avec du bois clair, il est possible de cr\u00e9er un univers boh\u00e8me ou encore <a href=\"https:\/\/www.cocondedecoration.com\/blog\/2020\/03\/idee-deco-une-ambiance-bord-de-mer-dans-le-salon\/\" target=\"_blank\" rel=\"noopener\" title=\"\">bord de mer<\/a>. Ce sont deux styles tr\u00e8s diff\u00e9rents cependant le point commun entre les deux, c'est que les meubles racontent une histoire. Dans un <a href=\"https:\/\/www.cocondedecoration.com\/blog\/2018\/07\/inspiration-deco-pour-un-salon-boheme\/\" target=\"_blank\" rel=\"noopener\" title=\"\">salon style boh\u00e8me<\/a>, le mobilier en bois va nous faire voyager dans des contr\u00e9es lointaines ou des \u00e9poques pass\u00e9es. Pour ce qui est de l'ambiance bord de mer ou beach house, le mobilier nous fait voyager en vacances, pr\u00e8s de la mer ou de l'oc\u00e9an. <\/p>\n\n\n\n<figure class=\"wp-block-gallery has-nested-images columns-default is-cropped wp-block-gallery-5 is-layout-flex wp-block-gallery-is-layout-flex\">\n<figure class=\"wp-block-image size-large\"><a href=\"https:\/\/www.cocondedecoration.com\/blog\/wp-content\/uploads\/2026\/04\/meuble-salon-bois.009.jpeg\"><img loading=\"lazy\" decoding=\"async\" width=\"640\" height=\"960\" data-id=\"89067\" src=\"https:\/\/www.cocondedecoration.com\/blog\/wp-content\/uploads\/2026\/04\/meuble-salon-bois.009-640x960.jpeg\" alt=\"petite table basse style scandinave salon meuble en bois tapis motif ethnique canap\u00e9 en cuir pi\u00e8tement bois plante verte suspendue \" class=\"wp-image-89067\" title=\"petite table basse style scandinave salon meuble en bois tapis motif ethnique canap\u00e9 en cuir pi\u00e8tement bois plante verte suspendue \" srcset=\"https:\/\/www.cocondedecoration.com\/blog\/wp-content\/uploads\/2026\/04\/meuble-salon-bois.009-640x960.jpeg 640w, https:\/\/www.cocondedecoration.com\/blog\/wp-content\/uploads\/2026\/04\/meuble-salon-bois.009-260x390.jpeg 260w, https:\/\/www.cocondedecoration.com\/blog\/wp-content\/uploads\/2026\/04\/meuble-salon-bois.009-768x1152.jpeg 768w, https:\/\/www.cocondedecoration.com\/blog\/wp-content\/uploads\/2026\/04\/meuble-salon-bois.009-367x550.jpeg 367w, https:\/\/www.cocondedecoration.com\/blog\/wp-content\/uploads\/2026\/04\/meuble-salon-bois.009-333x500.jpeg 333w, https:\/\/www.cocondedecoration.com\/blog\/wp-content\/uploads\/2026\/04\/meuble-salon-bois.009.jpeg 1000w\" sizes=\"(max-width: 640px) 100vw, 640px\" \/><\/a><figcaption class=\"wp-element-caption\">hello-hello.fr<\/figcaption><\/figure>\n\n\n\n<figure class=\"wp-block-image size-large\"><a href=\"https:\/\/www.cocondedecoration.com\/blog\/wp-content\/uploads\/2026\/04\/meuble-salon-bois.010.jpeg\"><img loading=\"lazy\" decoding=\"async\" width=\"640\" height=\"960\" data-id=\"89068\" src=\"https:\/\/www.cocondedecoration.com\/blog\/wp-content\/uploads\/2026\/04\/meuble-salon-bois.010-640x960.jpeg\" alt=\"meuble biblioth\u00e8que rangement collection vinyle salon mobilier en bois chic et \u00e9l\u00e9gant fauteuil design vintage en velours tapis motif cert et blanc \" class=\"wp-image-89068\" title=\"meuble biblioth\u00e8que rangement collection vinyle salon mobilier en bois chic et \u00e9l\u00e9gant fauteuil design vintage en velours tapis motif cert et blanc \" srcset=\"https:\/\/www.cocondedecoration.com\/blog\/wp-content\/uploads\/2026\/04\/meuble-salon-bois.010-640x960.jpeg 640w, https:\/\/www.cocondedecoration.com\/blog\/wp-content\/uploads\/2026\/04\/meuble-salon-bois.010-260x390.jpeg 260w, https:\/\/www.cocondedecoration.com\/blog\/wp-content\/uploads\/2026\/04\/meuble-salon-bois.010-768x1152.jpeg 768w, https:\/\/www.cocondedecoration.com\/blog\/wp-content\/uploads\/2026\/04\/meuble-salon-bois.010-367x550.jpeg 367w, https:\/\/www.cocondedecoration.com\/blog\/wp-content\/uploads\/2026\/04\/meuble-salon-bois.010-333x500.jpeg 333w, https:\/\/www.cocondedecoration.com\/blog\/wp-content\/uploads\/2026\/04\/meuble-salon-bois.010.jpeg 1000w\" sizes=\"(max-width: 640px) 100vw, 640px\" \/><\/a><figcaption class=\"wp-element-caption\">apartmenttherapy.com<\/figcaption><\/figure>\n<\/figure>\n\n\n\n<h2 class=\"wp-block-heading\">Comment cr\u00e9er une d\u00e9co lumineuse de salon avec des meubles fonc\u00e9s? <\/h2>\n\n\n\n<p>Si vos go\u00fbts pour le mobilier tend vers des essences de bois fonc\u00e9, vous avez peut-\u00eatre une appr\u00e9hension: celle de rendre trop sombre la pi\u00e8ce de vie. Voici quelques conseils pour cr\u00e9er une d\u00e9co de salon plus claire et lumineuse malgr\u00e9 des meubles en bois fonc\u00e9: <\/p>\n\n\n\n<ul>\n<li>Ne pas surcharger l'espace avec trop de meubles. <\/li>\n\n\n\n<li>Choisir des meubles plus petits. <\/li>\n\n\n\n<li>Privil\u00e9gier les couleurs claires comme le blanc, le beige, le gris ou encore des teintes color\u00e9es teint\u00e9es de blanc (<a href=\"https:\/\/www.cocondedecoration.com\/blog\/2025\/12\/decoration-jaune-beurre\/\" target=\"_blank\" rel=\"noopener\" title=\"\">jaune beurre<\/a> tr\u00e8s actuel par exemple, c\u00e9ladon...) <\/li>\n\n\n\n<li>Placer un miroir au dessus d'un buffet pr\u00e8s d'une fen\u00eatre.<\/li>\n\n\n\n<li>Eviter d'obscurcir les fen\u00eatres (pr\u00e9f\u00e9rer un l\u00e9ger voilage ou des rideaux en lin plut\u00f4t que de gros rideaux sombres en velours).<\/li>\n\n\n\n<li>Placer une lampe \u00e0 poser ou un lampadaire dans la zone la plus sombre du salon. <\/li>\n<\/ul>\n\n\n\n<p>A lire aussi: <a href=\"https:\/\/www.cocondedecoration.com\/blog\/2026\/02\/buffet-salon-moderne\/\" target=\"_blank\" rel=\"noopener\" title=\"\">Buffet de salon - quel mod\u00e8le choisir pour plus de rangement?<\/a><\/p>\n\n\n\n<figure class=\"wp-block-gallery has-nested-images columns-default is-cropped wp-block-gallery-6 is-layout-flex wp-block-gallery-is-layout-flex\">\n<figure class=\"wp-block-image size-large\"><a href=\"https:\/\/www.cocondedecoration.com\/blog\/wp-content\/uploads\/2026\/04\/meuble-salon-bois.011.jpeg\"><img loading=\"lazy\" decoding=\"async\" width=\"640\" height=\"960\" data-id=\"89070\" src=\"https:\/\/www.cocondedecoration.com\/blog\/wp-content\/uploads\/2026\/04\/meuble-salon-bois.011-640x960.jpeg\" alt=\"salon meuble en bois rustique ancien petit buffet table basse ronde en noyer canap\u00e9 blanc fauteuil cuir armature bois tapis gris mur blanc espace lumineux \" class=\"wp-image-89070\" title=\"salon meuble en bois rustique ancien petit buffet table basse ronde en noyer canap\u00e9 blanc fauteuil cuir armature bois tapis gris mur blanc espace lumineux \" srcset=\"https:\/\/www.cocondedecoration.com\/blog\/wp-content\/uploads\/2026\/04\/meuble-salon-bois.011-640x960.jpeg 640w, https:\/\/www.cocondedecoration.com\/blog\/wp-content\/uploads\/2026\/04\/meuble-salon-bois.011-260x390.jpeg 260w, https:\/\/www.cocondedecoration.com\/blog\/wp-content\/uploads\/2026\/04\/meuble-salon-bois.011-768x1152.jpeg 768w, https:\/\/www.cocondedecoration.com\/blog\/wp-content\/uploads\/2026\/04\/meuble-salon-bois.011-367x550.jpeg 367w, https:\/\/www.cocondedecoration.com\/blog\/wp-content\/uploads\/2026\/04\/meuble-salon-bois.011-333x500.jpeg 333w, https:\/\/www.cocondedecoration.com\/blog\/wp-content\/uploads\/2026\/04\/meuble-salon-bois.011.jpeg 1000w\" sizes=\"(max-width: 640px) 100vw, 640px\" \/><\/a><figcaption class=\"wp-element-caption\">stylebyemilyhenderson.com<\/figcaption><\/figure>\n\n\n\n<figure class=\"wp-block-image size-large\"><a href=\"https:\/\/www.cocondedecoration.com\/blog\/wp-content\/uploads\/2026\/04\/meuble-salon-bois.012.jpeg\"><img loading=\"lazy\" decoding=\"async\" width=\"640\" height=\"960\" data-id=\"89069\" src=\"https:\/\/www.cocondedecoration.com\/blog\/wp-content\/uploads\/2026\/04\/meuble-salon-bois.012-640x960.jpeg\" alt=\"grand meuble t\u00e9l\u00e9 surplomb\u00e9 d'\u00e9tag\u00e8res salon mobilier en bois d\u00e9coration pi\u00e8ce \u00e0 vivre chaleureuse minimaliste et moderne \" class=\"wp-image-89069\" title=\"grand meuble t\u00e9l\u00e9 surplomb\u00e9 d'\u00e9tag\u00e8res salon mobilier en bois d\u00e9coration pi\u00e8ce \u00e0 vivre chaleureuse minimaliste et moderne \" srcset=\"https:\/\/www.cocondedecoration.com\/blog\/wp-content\/uploads\/2026\/04\/meuble-salon-bois.012-640x960.jpeg 640w, https:\/\/www.cocondedecoration.com\/blog\/wp-content\/uploads\/2026\/04\/meuble-salon-bois.012-260x390.jpeg 260w, https:\/\/www.cocondedecoration.com\/blog\/wp-content\/uploads\/2026\/04\/meuble-salon-bois.012-768x1152.jpeg 768w, https:\/\/www.cocondedecoration.com\/blog\/wp-content\/uploads\/2026\/04\/meuble-salon-bois.012-367x550.jpeg 367w, https:\/\/www.cocondedecoration.com\/blog\/wp-content\/uploads\/2026\/04\/meuble-salon-bois.012-333x500.jpeg 333w, https:\/\/www.cocondedecoration.com\/blog\/wp-content\/uploads\/2026\/04\/meuble-salon-bois.012.jpeg 1000w\" sizes=\"(max-width: 640px) 100vw, 640px\" \/><\/a><figcaption class=\"wp-element-caption\">shelfloveco.com<\/figcaption><\/figure>\n<\/figure>\n\n\n\n<h2 class=\"wp-block-heading\">Meubles en bois rustique dans le salon <\/h2>\n\n\n\n<p>Derni\u00e8re partie de cet article d\u00e9di\u00e9 au meuble en bois dans le salon. Parlons de mobilier rustique. L\u00e0 aussi il y a plusieurs styles qui peuvent vous aider \u00e0 cr\u00e9er votre d\u00e9co de pi\u00e8ce \u00e0 vivre. Par exemple, vous pouvez partir sur un salon style industriel. C'est un univers intemporel que l'on connait toutes et tous tr\u00e8s bien. Le mobilier de salon va mixer bois \u00e0 l'apparence ancienne voire rustique et m\u00e9tal (souvent noir). C'est un style qui ne manque pas de charme et d'histoire. <\/p>\n\n\n\n<p>Dans une autre voie, on peut aussi penser au style wabi-sabi venu du Japon. La particularit\u00e9 de ce style est de donner une dimension philosophique au mobilier ancien. L'histoire du meuble, ses imperfections contribuent au d\u00e9cor de la pi\u00e8ce \u00e0 vivre. <\/p>\n\n\n\n<p>Enfin, pour le mobilier rustique on peut s'orienter vers des styles campagne chic ou chalet de montagne. Ce sont des univers d\u00e9coratifs qui ne manquent pas de charme et d'histoire. Le bois va \u00eatre associ\u00e9 \u00e0 d'autres mat\u00e9riaux naturels comme la pierre naturel (pour un pan de mur par exemple), de la laine (tapis, plaid). Deux univers d\u00e9coratifs assez douillets et cosy. <\/p>\n\n\n\n<p>A lire \u00e9galement: <a href=\"https:\/\/www.cocondedecoration.com\/blog\/2025\/10\/deco-salon-meuble-blanc\/\" target=\"_blank\" rel=\"noopener\" title=\"\">Quelle d\u00e9co adopter avec des meubles de salon blancs?<\/a><\/p>\n\n\n\n<figure class=\"wp-block-gallery has-nested-images columns-default is-cropped wp-block-gallery-7 is-layout-flex wp-block-gallery-is-layout-flex\">\n<figure class=\"wp-block-image size-large\"><a href=\"https:\/\/www.cocondedecoration.com\/blog\/wp-content\/uploads\/2026\/04\/meuble-salon-bois.013.jpeg\"><img loading=\"lazy\" decoding=\"async\" width=\"640\" height=\"960\" data-id=\"89071\" src=\"https:\/\/www.cocondedecoration.com\/blog\/wp-content\/uploads\/2026\/04\/meuble-salon-bois.013-640x960.jpeg\" alt=\"enfilade avec porte coulissante salon meuble en bois chaleureux canap\u00e9 cuir plante verte rev\u00eatement mural lambris \" class=\"wp-image-89071\" title=\"enfilade avec porte coulissante salon meuble en bois chaleureux canap\u00e9 cuir plante verte rev\u00eatement mural lambris \" srcset=\"https:\/\/www.cocondedecoration.com\/blog\/wp-content\/uploads\/2026\/04\/meuble-salon-bois.013-640x960.jpeg 640w, https:\/\/www.cocondedecoration.com\/blog\/wp-content\/uploads\/2026\/04\/meuble-salon-bois.013-260x390.jpeg 260w, https:\/\/www.cocondedecoration.com\/blog\/wp-content\/uploads\/2026\/04\/meuble-salon-bois.013-768x1152.jpeg 768w, https:\/\/www.cocondedecoration.com\/blog\/wp-content\/uploads\/2026\/04\/meuble-salon-bois.013-367x550.jpeg 367w, https:\/\/www.cocondedecoration.com\/blog\/wp-content\/uploads\/2026\/04\/meuble-salon-bois.013-333x500.jpeg 333w, https:\/\/www.cocondedecoration.com\/blog\/wp-content\/uploads\/2026\/04\/meuble-salon-bois.013.jpeg 1000w\" sizes=\"(max-width: 640px) 100vw, 640px\" \/><\/a><figcaption class=\"wp-element-caption\">abeautifulmess.com<\/figcaption><\/figure>\n\n\n\n<figure class=\"wp-block-image size-large\"><a href=\"https:\/\/www.cocondedecoration.com\/blog\/wp-content\/uploads\/2026\/04\/meuble-salon-bois.014.jpeg\"><img loading=\"lazy\" decoding=\"async\" width=\"640\" height=\"960\" data-id=\"89072\" src=\"https:\/\/www.cocondedecoration.com\/blog\/wp-content\/uploads\/2026\/04\/meuble-salon-bois.014-640x960.jpeg\" alt=\"salon mobilier en bois table basse ronde vintage pi\u00e8tement organique grand canap\u00e9 d'angle fauteuil Eames en cuir mur blanc poutre plafond grande plante verte \" class=\"wp-image-89072\" title=\"salon mobilier en bois table basse ronde vintage pi\u00e8tement organique grand canap\u00e9 d'angle fauteuil Eames en cuir mur blanc poutre plafond grande plante verte \" srcset=\"https:\/\/www.cocondedecoration.com\/blog\/wp-content\/uploads\/2026\/04\/meuble-salon-bois.014-640x960.jpeg 640w, https:\/\/www.cocondedecoration.com\/blog\/wp-content\/uploads\/2026\/04\/meuble-salon-bois.014-260x390.jpeg 260w, https:\/\/www.cocondedecoration.com\/blog\/wp-content\/uploads\/2026\/04\/meuble-salon-bois.014-768x1152.jpeg 768w, https:\/\/www.cocondedecoration.com\/blog\/wp-content\/uploads\/2026\/04\/meuble-salon-bois.014-367x550.jpeg 367w, https:\/\/www.cocondedecoration.com\/blog\/wp-content\/uploads\/2026\/04\/meuble-salon-bois.014-333x500.jpeg 333w, https:\/\/www.cocondedecoration.com\/blog\/wp-content\/uploads\/2026\/04\/meuble-salon-bois.014.jpeg 1000w\" sizes=\"(max-width: 640px) 100vw, 640px\" \/><\/a><figcaption class=\"wp-element-caption\">dreamgreendiy.com<\/figcaption><\/figure>\n<\/figure>\n\n\n\n<hr class=\"wp-block-separator has-alpha-channel-opacity is-style-wide\"\/>\n\n\n\n<h2 class=\"wp-block-heading\">Guides d\u00e9co: meublez et am\u00e9nagez facilement votre salon <\/h2>\n\n\n\n<div class=\"wp-block-cb-carousel\" data-slick=\"{&quot;slidesToShow&quot;:3,&quot;slidesToScroll&quot;:1,&quot;speed&quot;:300,&quot;arrows&quot;:true,&quot;dots&quot;:false,&quot;autoplay&quot;:false,&quot;autoplaySpeed&quot;:3000,&quot;infinite&quot;:true,&quot;responsive&quot;:[{&quot;breakpoint&quot;:769,&quot;settings&quot;:{&quot;slidesToShow&quot;:1,&quot;slidesToScroll&quot;:1}}]}\">\n<div class=\"wp-block-cb-slide\">\n<figure class=\"wp-block-image size-large\"><a href=\"https:\/\/www.cocondedecoration.com\/blog\/wp-content\/uploads\/2025\/11\/guide-deco-meuble-salon-1.png\"><img loading=\"lazy\" decoding=\"async\" width=\"640\" height=\"960\" src=\"https:\/\/www.cocondedecoration.com\/blog\/wp-content\/uploads\/2025\/11\/guide-deco-meuble-salon-1-640x960.png\" alt=\"guide d\u00e9co meuble salon bien choisir petit meuble TV \" class=\"wp-image-86628\" title=\"guide d\u00e9co meuble salon bien choisir petit meuble TV \" srcset=\"https:\/\/www.cocondedecoration.com\/blog\/wp-content\/uploads\/2025\/11\/guide-deco-meuble-salon-1-640x960.png 640w, https:\/\/www.cocondedecoration.com\/blog\/wp-content\/uploads\/2025\/11\/guide-deco-meuble-salon-1-260x390.png 260w, https:\/\/www.cocondedecoration.com\/blog\/wp-content\/uploads\/2025\/11\/guide-deco-meuble-salon-1-768x1152.png 768w, https:\/\/www.cocondedecoration.com\/blog\/wp-content\/uploads\/2025\/11\/guide-deco-meuble-salon-1-367x550.png 367w, https:\/\/www.cocondedecoration.com\/blog\/wp-content\/uploads\/2025\/11\/guide-deco-meuble-salon-1-333x500.png 333w, https:\/\/www.cocondedecoration.com\/blog\/wp-content\/uploads\/2025\/11\/guide-deco-meuble-salon-1.png 1000w\" sizes=\"(max-width: 640px) 100vw, 640px\" \/><\/a><figcaption class=\"wp-element-caption\">O\u00f9 trouver un petit meuble t\u00e9l\u00e9? > <a href=\"https:\/\/www.cocondedecoration.com\/blog\/2020\/01\/shopping-deco-un-petit-meuble-tele\/\" target=\"_blank\" rel=\"noopener\" title=\"\">Le guide d\u00e9co est dispo ici<\/a><\/figcaption><\/figure>\n<\/div>\n\n\n\n<div class=\"wp-block-cb-slide\">\n<figure class=\"wp-block-image size-large\"><a href=\"https:\/\/www.cocondedecoration.com\/blog\/wp-content\/uploads\/2025\/11\/guide-deco-meuble-salon-2.png\"><img loading=\"lazy\" decoding=\"async\" width=\"640\" height=\"960\" src=\"https:\/\/www.cocondedecoration.com\/blog\/wp-content\/uploads\/2025\/11\/guide-deco-meuble-salon-2-640x960.png\" alt=\"guide d\u00e9co meuble salon bien choisir canap\u00e9 d'angle \" class=\"wp-image-86627\" title=\"guide d\u00e9co meuble salon bien choisir canap\u00e9 d'angle \" srcset=\"https:\/\/www.cocondedecoration.com\/blog\/wp-content\/uploads\/2025\/11\/guide-deco-meuble-salon-2-640x960.png 640w, https:\/\/www.cocondedecoration.com\/blog\/wp-content\/uploads\/2025\/11\/guide-deco-meuble-salon-2-260x390.png 260w, https:\/\/www.cocondedecoration.com\/blog\/wp-content\/uploads\/2025\/11\/guide-deco-meuble-salon-2-768x1152.png 768w, https:\/\/www.cocondedecoration.com\/blog\/wp-content\/uploads\/2025\/11\/guide-deco-meuble-salon-2-367x550.png 367w, https:\/\/www.cocondedecoration.com\/blog\/wp-content\/uploads\/2025\/11\/guide-deco-meuble-salon-2-333x500.png 333w, https:\/\/www.cocondedecoration.com\/blog\/wp-content\/uploads\/2025\/11\/guide-deco-meuble-salon-2.png 1000w\" sizes=\"(max-width: 640px) 100vw, 640px\" \/><\/a><figcaption class=\"wp-element-caption\">Tout savoir sur le canap\u00e9 d'angle > <a href=\"https:\/\/www.cocondedecoration.com\/blog\/2020\/05\/conseils-deco-tout-savoir-sur-le-canape-dangle\/\" target=\"_blank\" rel=\"noopener\" title=\"\">D\u00e9couvrir le guide d\u00e9co<\/a><\/figcaption><\/figure>\n<\/div>\n\n\n\n<div class=\"wp-block-cb-slide\">\n<figure class=\"wp-block-image size-large\"><a href=\"https:\/\/www.cocondedecoration.com\/blog\/wp-content\/uploads\/2025\/11\/guide-deco-meuble-salon-3.png\"><img loading=\"lazy\" decoding=\"async\" width=\"640\" height=\"960\" src=\"https:\/\/www.cocondedecoration.com\/blog\/wp-content\/uploads\/2025\/11\/guide-deco-meuble-salon-3-640x960.png\" alt=\"guide d\u00e9co meuble salon bien choisir table basse\" class=\"wp-image-86626\" title=\"guide d\u00e9co meuble salon bien choisir table basse\" srcset=\"https:\/\/www.cocondedecoration.com\/blog\/wp-content\/uploads\/2025\/11\/guide-deco-meuble-salon-3-640x960.png 640w, https:\/\/www.cocondedecoration.com\/blog\/wp-content\/uploads\/2025\/11\/guide-deco-meuble-salon-3-260x390.png 260w, https:\/\/www.cocondedecoration.com\/blog\/wp-content\/uploads\/2025\/11\/guide-deco-meuble-salon-3-768x1152.png 768w, https:\/\/www.cocondedecoration.com\/blog\/wp-content\/uploads\/2025\/11\/guide-deco-meuble-salon-3-367x550.png 367w, https:\/\/www.cocondedecoration.com\/blog\/wp-content\/uploads\/2025\/11\/guide-deco-meuble-salon-3-333x500.png 333w, https:\/\/www.cocondedecoration.com\/blog\/wp-content\/uploads\/2025\/11\/guide-deco-meuble-salon-3.png 1000w\" sizes=\"(max-width: 640px) 100vw, 640px\" \/><\/a><figcaption class=\"wp-element-caption\">Comment choisir sa nouvelle table basse? > <a href=\"https:\/\/www.cocondedecoration.com\/blog\/2018\/10\/conseils-deco-comment-bien-choisir-sa-table-basse\/\" target=\"_blank\" rel=\"noopener\" title=\"\">En savoir plus ici <\/a><\/figcaption><\/figure>\n<\/div>\n\n\n\n<div class=\"wp-block-cb-slide\">\n<figure class=\"wp-block-image size-large\"><a href=\"https:\/\/www.cocondedecoration.com\/blog\/wp-content\/uploads\/2025\/11\/guide-deco-meuble-salon-4.png\"><img loading=\"lazy\" decoding=\"async\" width=\"640\" height=\"960\" src=\"https:\/\/www.cocondedecoration.com\/blog\/wp-content\/uploads\/2025\/11\/guide-deco-meuble-salon-4-640x960.png\" alt=\"guide d\u00e9co meuble salon bien choisir housse de canap\u00e9 \" class=\"wp-image-86625\" title=\"guide d\u00e9co meuble salon bien choisir housse de canap\u00e9 \" srcset=\"https:\/\/www.cocondedecoration.com\/blog\/wp-content\/uploads\/2025\/11\/guide-deco-meuble-salon-4-640x960.png 640w, https:\/\/www.cocondedecoration.com\/blog\/wp-content\/uploads\/2025\/11\/guide-deco-meuble-salon-4-260x390.png 260w, https:\/\/www.cocondedecoration.com\/blog\/wp-content\/uploads\/2025\/11\/guide-deco-meuble-salon-4-768x1152.png 768w, https:\/\/www.cocondedecoration.com\/blog\/wp-content\/uploads\/2025\/11\/guide-deco-meuble-salon-4-367x550.png 367w, https:\/\/www.cocondedecoration.com\/blog\/wp-content\/uploads\/2025\/11\/guide-deco-meuble-salon-4-333x500.png 333w, https:\/\/www.cocondedecoration.com\/blog\/wp-content\/uploads\/2025\/11\/guide-deco-meuble-salon-4.png 1000w\" sizes=\"(max-width: 640px) 100vw, 640px\" \/><\/a><figcaption class=\"wp-element-caption\">Prot\u00e9ger son canap\u00e9 avec une housse d\u00e9co > <a href=\"https:\/\/www.cocondedecoration.com\/blog\/2025\/07\/housse-de-canape\/\" target=\"_blank\" rel=\"noopener\" title=\"\">Le guide d\u00e9co est ici<\/a><\/figcaption><\/figure>\n<\/div>\n\n\n\n<div class=\"wp-block-cb-slide\">\n<figure class=\"wp-block-image size-large is-resized\"><a href=\"https:\/\/www.cocondedecoration.com\/blog\/wp-content\/uploads\/2025\/11\/guide-deco-meuble-salon-5.png\"><img loading=\"lazy\" decoding=\"async\" width=\"640\" height=\"960\" src=\"https:\/\/www.cocondedecoration.com\/blog\/wp-content\/uploads\/2025\/11\/guide-deco-meuble-salon-5-640x960.png\" alt=\"guide d\u00e9co meuble salon bien choisir canap\u00e9 petit salon \" class=\"wp-image-86624\" style=\"width:257px;height:auto\" title=\"guide d\u00e9co meuble salon bien choisir canap\u00e9 petit salon \" srcset=\"https:\/\/www.cocondedecoration.com\/blog\/wp-content\/uploads\/2025\/11\/guide-deco-meuble-salon-5-640x960.png 640w, https:\/\/www.cocondedecoration.com\/blog\/wp-content\/uploads\/2025\/11\/guide-deco-meuble-salon-5-260x390.png 260w, https:\/\/www.cocondedecoration.com\/blog\/wp-content\/uploads\/2025\/11\/guide-deco-meuble-salon-5-768x1152.png 768w, https:\/\/www.cocondedecoration.com\/blog\/wp-content\/uploads\/2025\/11\/guide-deco-meuble-salon-5-367x550.png 367w, https:\/\/www.cocondedecoration.com\/blog\/wp-content\/uploads\/2025\/11\/guide-deco-meuble-salon-5-333x500.png 333w, https:\/\/www.cocondedecoration.com\/blog\/wp-content\/uploads\/2025\/11\/guide-deco-meuble-salon-5.png 1000w\" sizes=\"(max-width: 640px) 100vw, 640px\" \/><\/a><figcaption class=\"wp-element-caption\">Bien choisir son petit canap\u00e9 > <a href=\"https:\/\/www.cocondedecoration.com\/blog\/2018\/05\/10-canapes-pour-un-petit-salon\/\" target=\"_blank\" rel=\"noopener\" title=\"\">D\u00e9couvrez mes conseils<\/a><\/figcaption><\/figure>\n<\/div>\n\n\n\n<div class=\"wp-block-cb-slide\">\n<figure class=\"wp-block-image size-large\"><a href=\"https:\/\/www.cocondedecoration.com\/blog\/wp-content\/uploads\/2025\/11\/guide-deco-meuble-salon-6.png\"><img loading=\"lazy\" decoding=\"async\" width=\"640\" height=\"960\" src=\"https:\/\/www.cocondedecoration.com\/blog\/wp-content\/uploads\/2025\/11\/guide-deco-meuble-salon-6-640x960.png\" alt=\"guide d\u00e9co meuble salon bien choisir bout de canap\u00e9 table d'appoint \" class=\"wp-image-86623\" title=\"guide d\u00e9co meuble salon bien choisir bout de canap\u00e9 table d'appoint \" srcset=\"https:\/\/www.cocondedecoration.com\/blog\/wp-content\/uploads\/2025\/11\/guide-deco-meuble-salon-6-640x960.png 640w, https:\/\/www.cocondedecoration.com\/blog\/wp-content\/uploads\/2025\/11\/guide-deco-meuble-salon-6-260x390.png 260w, https:\/\/www.cocondedecoration.com\/blog\/wp-content\/uploads\/2025\/11\/guide-deco-meuble-salon-6-768x1152.png 768w, https:\/\/www.cocondedecoration.com\/blog\/wp-content\/uploads\/2025\/11\/guide-deco-meuble-salon-6-367x550.png 367w, https:\/\/www.cocondedecoration.com\/blog\/wp-content\/uploads\/2025\/11\/guide-deco-meuble-salon-6-333x500.png 333w, https:\/\/www.cocondedecoration.com\/blog\/wp-content\/uploads\/2025\/11\/guide-deco-meuble-salon-6.png 1000w\" sizes=\"(max-width: 640px) 100vw, 640px\" \/><\/a><figcaption class=\"wp-element-caption\">Bout de canap\u00e9 > <a href=\"https:\/\/www.cocondedecoration.com\/blog\/2022\/07\/ou-trouver-bout-de-canape-moderne\/\" target=\"_blank\" rel=\"noopener\" title=\"\">S\u00e9lection \u00e0 retrouver ici<\/a><\/figcaption><\/figure>\n<\/div>\n\n\n\n<div class=\"wp-block-cb-slide\">\n<figure class=\"wp-block-image size-large\"><a href=\"https:\/\/www.cocondedecoration.com\/blog\/wp-content\/uploads\/2025\/11\/guide-deco-meuble-salon-7.png\"><img loading=\"lazy\" decoding=\"async\" width=\"640\" height=\"960\" src=\"https:\/\/www.cocondedecoration.com\/blog\/wp-content\/uploads\/2025\/11\/guide-deco-meuble-salon-7-640x960.png\" alt=\"guide d\u00e9co meuble salon bien choisir canap\u00e9 convertible pas cher \" class=\"wp-image-86622\" title=\"guide d\u00e9co meuble salon bien choisir canap\u00e9 convertible pas cher \" srcset=\"https:\/\/www.cocondedecoration.com\/blog\/wp-content\/uploads\/2025\/11\/guide-deco-meuble-salon-7-640x960.png 640w, https:\/\/www.cocondedecoration.com\/blog\/wp-content\/uploads\/2025\/11\/guide-deco-meuble-salon-7-260x390.png 260w, https:\/\/www.cocondedecoration.com\/blog\/wp-content\/uploads\/2025\/11\/guide-deco-meuble-salon-7-768x1152.png 768w, https:\/\/www.cocondedecoration.com\/blog\/wp-content\/uploads\/2025\/11\/guide-deco-meuble-salon-7-367x550.png 367w, https:\/\/www.cocondedecoration.com\/blog\/wp-content\/uploads\/2025\/11\/guide-deco-meuble-salon-7-333x500.png 333w, https:\/\/www.cocondedecoration.com\/blog\/wp-content\/uploads\/2025\/11\/guide-deco-meuble-salon-7.png 1000w\" sizes=\"(max-width: 640px) 100vw, 640px\" \/><\/a><figcaption class=\"wp-element-caption\"><a href=\"https:\/\/www.cocondedecoration.com\/blog\/2021\/01\/ou-trouver-canape-convertible-petit-prix\/\" target=\"_blank\" rel=\"noopener\" title=\"\">O\u00f9 trouver un canap\u00e9 convertible pas cher? <\/a>> En savoir plus<\/figcaption><\/figure>\n<\/div>\n\n\n\n<div class=\"wp-block-cb-slide\">\n<figure class=\"wp-block-image size-large\"><a href=\"https:\/\/www.cocondedecoration.com\/blog\/wp-content\/uploads\/2025\/11\/guide-deco-meuble-salon-8.png\"><img loading=\"lazy\" decoding=\"async\" width=\"640\" height=\"960\" src=\"https:\/\/www.cocondedecoration.com\/blog\/wp-content\/uploads\/2025\/11\/guide-deco-meuble-salon-8-640x960.png\" alt=\"guide d\u00e9co meuble salon bien choisir liseuse derri\u00e8re canap\u00e9 luminaire lampadaire \" class=\"wp-image-86621\" title=\"guide d\u00e9co meuble salon bien choisir liseuse derri\u00e8re canap\u00e9 luminaire lampadaire \" srcset=\"https:\/\/www.cocondedecoration.com\/blog\/wp-content\/uploads\/2025\/11\/guide-deco-meuble-salon-8-640x960.png 640w, https:\/\/www.cocondedecoration.com\/blog\/wp-content\/uploads\/2025\/11\/guide-deco-meuble-salon-8-260x390.png 260w, https:\/\/www.cocondedecoration.com\/blog\/wp-content\/uploads\/2025\/11\/guide-deco-meuble-salon-8-768x1152.png 768w, https:\/\/www.cocondedecoration.com\/blog\/wp-content\/uploads\/2025\/11\/guide-deco-meuble-salon-8-367x550.png 367w, https:\/\/www.cocondedecoration.com\/blog\/wp-content\/uploads\/2025\/11\/guide-deco-meuble-salon-8-333x500.png 333w, https:\/\/www.cocondedecoration.com\/blog\/wp-content\/uploads\/2025\/11\/guide-deco-meuble-salon-8.png 1000w\" sizes=\"(max-width: 640px) 100vw, 640px\" \/><\/a><figcaption class=\"wp-element-caption\">Une liseuse derri\u00e8re le canap\u00e9 > <a href=\"https:\/\/www.cocondedecoration.com\/blog\/2024\/11\/choisir-lampe-lecture-salon\/\" target=\"_blank\" rel=\"noopener\" title=\"\">D\u00e9couvrir le guide<\/a><\/figcaption><\/figure>\n<\/div>\n<\/div>\n\n\n\n<p class=\"has-small-font-size\">Pour plus d'inspirations d\u00e9co au quotidien (pour le salon mais pas que!) rejoignez moi sur <a href=\"https:\/\/pinterest.fr\/cocondedeco\/\" target=\"_blank\" rel=\"noopener\" title=\"\">Pinterest<\/a> et sur <a href=\"https:\/\/www.threads.com\/@cocondedeco\" target=\"_blank\" rel=\"noopener\" title=\"\">Threads<\/a> (: <\/p>\n\n\n\n<p class=\"has-small-font-size\">Source de l'image \u00e0 la une: digsdigs.com<\/p>\n","protected":false},"excerpt":{"rendered":"<p>Le bois a toujours fait partie des options quand il est question de mobilier de salon. D\u00e9couvrez ici comment choisir votre prochain meuble facilement. <span class=\"more-link\"><a href=\"https:\/\/www.cocondedecoration.com\/blog\/2026\/04\/meuble-salon-bois\/\">Lire la suite<\/a><\/span><\/p>\n","protected":false},"author":1,"featured_media":89074,"comment_status":"open","ping_status":"open","sticky":false,"template":"","format":"standard","meta":{"om_disable_all_campaigns":false,"_monsterinsights_skip_tracking":false,"_monsterinsights_sitenote_active":false,"_monsterinsights_sitenote_note":"","_monsterinsights_sitenote_category":0,"_uf_show_specific_survey":0,"_uf_disable_surveys":false,"footnotes":""},"categories":[62064],"tags":[3566,10630,62206,9828,22756,9165,37,5496,7902],"aioseo_notices":[],"_links":{"self":[{"href":"https:\/\/www.cocondedecoration.com\/blog\/wp-json\/wp\/v2\/posts\/89057"}],"collection":[{"href":"https:\/\/www.cocondedecoration.com\/blog\/wp-json\/wp\/v2\/posts"}],"about":[{"href":"https:\/\/www.cocondedecoration.com\/blog\/wp-json\/wp\/v2\/types\/post"}],"author":[{"embeddable":true,"href":"https:\/\/www.cocondedecoration.com\/blog\/wp-json\/wp\/v2\/users\/1"}],"replies":[{"embeddable":true,"href":"https:\/\/www.cocondedecoration.com\/blog\/wp-json\/wp\/v2\/comments?post=89057"}],"version-history":[{"count":3,"href":"https:\/\/www.cocondedecoration.com\/blog\/wp-json\/wp\/v2\/posts\/89057\/revisions"}],"predecessor-version":[{"id":89075,"href":"https:\/\/www.cocondedecoration.com\/blog\/wp-json\/wp\/v2\/posts\/89057\/revisions\/89075"}],"wp:featuredmedia":[{"embeddable":true,"href":"https:\/\/www.cocondedecoration.com\/blog\/wp-json\/wp\/v2\/media\/89074"}],"wp:attachment":[{"href":"https:\/\/www.cocondedecoration.com\/blog\/wp-json\/wp\/v2\/media?parent=89057"}],"wp:term":[{"taxonomy":"category","embeddable":true,"href":"https:\/\/www.cocondedecoration.com\/blog\/wp-json\/wp\/v2\/categories?post=89057"},{"taxonomy":"post_tag","embeddable":true,"href":"https:\/\/www.cocondedecoration.com\/blog\/wp-json\/wp\/v2\/tags?post=89057"}],"curies":[{"name":"wp","href":"https:\/\/api.w.org\/{rel}","templated":true}]}}