{"id":88539,"date":"2026-03-12T08:57:25","date_gmt":"2026-03-12T06:57:25","guid":{"rendered":"https:\/\/www.cocondedecoration.com\/blog\/?p=88539"},"modified":"2026-03-12T08:57:27","modified_gmt":"2026-03-12T06:57:27","slug":"ikebana-art-floral","status":"publish","type":"post","link":"https:\/\/www.cocondedecoration.com\/blog\/2026\/03\/ikebana-art-floral\/","title":{"rendered":"Ikebana, l&rsquo;art floral minimaliste et \u00e9l\u00e9gant \u00e0 la japonaise"},"content":{"rendered":"\n<p>Le printemps est d\u00e9finitivement une saison qui m'inspire quand il est question de d\u00e9coration mais pas que. La question du renouveau, de renaissance est quelque chose d'important dans mon quotidien qui peut \u00eatre tr\u00e8s chaotique. C'est un sujet de m\u00e9ditation, une impulsion que j'aime ressentir, un symbole qui peut prendre de nombreuses formes. Le printemps signe le retour des fleurs dans le jardin et \u00e0 l'int\u00e9rieur. Et on va parler plus particuli\u00e8rement d'un style de compositions florales sp\u00e9cifiques: l'Ikebana. Un art venu du Japon qui est inspirant \u00e0 plus d'un titre.   <\/p>\n\n\n\n<!--more-->\n\n\n\n<h2 class=\"wp-block-heading\">D\u00e9finition: qu'est-ce que l'Ikebana? <\/h2>\n\n\n\n<p>L'Ikebana est un ensemble de techniques qui visent \u00e0 cr\u00e9er une composition florale \u00e9pur\u00e9e et graphique. Ca n'a rien \u00e0 voir avec les gros bouquets ronds que l'on trouve chez le fleuriste et qu'on offre \u00e0 l'occasion de <a href=\"https:\/\/www.cocondedecoration.com\/blog\/2024\/05\/cadeau-fete-des-meres-a-fabriquer\/\" target=\"_blank\" rel=\"noopener\" title=\"\">la f\u00eate des m\u00e8res<\/a>. C'est bien plus minimaliste et c'est une activit\u00e9 qui conjugue m\u00e9ditation, nature et esth\u00e9tique.  <\/p>\n\n\n<div class=\"wp-block-image\">\n<figure class=\"aligncenter size-large\"><a href=\"https:\/\/www.cocondedecoration.com\/blog\/wp-content\/uploads\/2026\/03\/ikebana-definition.001.jpeg\"><img loading=\"lazy\" decoding=\"async\" width=\"640\" height=\"960\" src=\"https:\/\/www.cocondedecoration.com\/blog\/wp-content\/uploads\/2026\/03\/ikebana-definition.001-640x960.jpeg\" alt=\"ikebana d\u00e9finition origine Japon composition florale minimaliste printemps DIY \" class=\"wp-image-88540\" title=\"ikebana d\u00e9finition origine Japon composition florale minimaliste printemps DIY \" srcset=\"https:\/\/www.cocondedecoration.com\/blog\/wp-content\/uploads\/2026\/03\/ikebana-definition.001-640x960.jpeg 640w, https:\/\/www.cocondedecoration.com\/blog\/wp-content\/uploads\/2026\/03\/ikebana-definition.001-260x390.jpeg 260w, https:\/\/www.cocondedecoration.com\/blog\/wp-content\/uploads\/2026\/03\/ikebana-definition.001-768x1152.jpeg 768w, https:\/\/www.cocondedecoration.com\/blog\/wp-content\/uploads\/2026\/03\/ikebana-definition.001-367x550.jpeg 367w, https:\/\/www.cocondedecoration.com\/blog\/wp-content\/uploads\/2026\/03\/ikebana-definition.001-333x500.jpeg 333w, https:\/\/www.cocondedecoration.com\/blog\/wp-content\/uploads\/2026\/03\/ikebana-definition.001.jpeg 1000w\" sizes=\"(max-width: 640px) 100vw, 640px\" \/><\/a><figcaption class=\"wp-element-caption\">weddingforward.com<\/figcaption><\/figure><\/div>\n\n\n<h2 class=\"wp-block-heading\">Quelles sont les origines de L'Ikebana? <\/h2>\n\n\n\n<p>Cet art floral vient <a href=\"https:\/\/www.cocondedecoration.com\/blog\/2024\/08\/salon-decoration-japonaise\/\" target=\"_blank\" rel=\"noopener\" title=\"\">du Japon<\/a> et a travers\u00e9 les si\u00e8cles. Il est arriv\u00e9 l\u00e0-bas au cours du VI<sup>\u00e8me<\/sup> si\u00e8cle et au d\u00e9part c'\u00e9tait une activit\u00e9 monastique et bouddhique. Un activit\u00e9 spirituelle et m\u00e9ditative qui consistait \u00e0 cr\u00e9er une composition florale en guise d'offrande. D'ailleurs, les fleurs restent encore \u00e0 notre \u00e9poque des offrandes chez les bouddhistes et les hindous mais \u00e7a n'a plus la m\u00eame forme. Au fil des si\u00e8cles, cette pratique est sortie des temples et est devenue profane. N\u00e9anmoins, les symboliques restent. <\/p>\n\n\n\n<p>L'Ikebana est une mani\u00e8re de repr\u00e9senter le monde. On va y placer 3 \u00e9l\u00e9ments: Le ciel (<em>Shin<\/em>), la terre (<em>Soe<\/em>) et l'humain (<em>Hikae<\/em>). Les sources d'inspirations sont la nature et ce qui nous entoure. La ligne, la forme et l'espace ont une grande importance. Il y a aussi un important regard sur le vide, ce qui n'est pas d'o\u00f9 l'aspect \u00e9pur\u00e9 et minimal des compositions Ikebana. <\/p>\n\n\n<div class=\"wp-block-image\">\n<figure class=\"aligncenter size-large\"><a href=\"https:\/\/www.cocondedecoration.com\/blog\/wp-content\/uploads\/2026\/03\/ikebana-definition.002.jpeg\"><img loading=\"lazy\" decoding=\"async\" width=\"640\" height=\"960\" src=\"https:\/\/www.cocondedecoration.com\/blog\/wp-content\/uploads\/2026\/03\/ikebana-definition.002-640x960.jpeg\" alt=\"ikebana d\u00e9finition composition florale minimaliste origine Japon \" class=\"wp-image-88541\" title=\"ikebana d\u00e9finition composition florale minimaliste origine Japon \" srcset=\"https:\/\/www.cocondedecoration.com\/blog\/wp-content\/uploads\/2026\/03\/ikebana-definition.002-640x960.jpeg 640w, https:\/\/www.cocondedecoration.com\/blog\/wp-content\/uploads\/2026\/03\/ikebana-definition.002-260x390.jpeg 260w, https:\/\/www.cocondedecoration.com\/blog\/wp-content\/uploads\/2026\/03\/ikebana-definition.002-768x1152.jpeg 768w, https:\/\/www.cocondedecoration.com\/blog\/wp-content\/uploads\/2026\/03\/ikebana-definition.002-367x550.jpeg 367w, https:\/\/www.cocondedecoration.com\/blog\/wp-content\/uploads\/2026\/03\/ikebana-definition.002-333x500.jpeg 333w, https:\/\/www.cocondedecoration.com\/blog\/wp-content\/uploads\/2026\/03\/ikebana-definition.002.jpeg 1000w\" sizes=\"(max-width: 640px) 100vw, 640px\" \/><\/a><figcaption class=\"wp-element-caption\">paperthinmoon.com<\/figcaption><\/figure><\/div>\n\n\n<h2 class=\"wp-block-heading\">Des fleurs chez soi, une harmonie moins mais mieux <\/h2>\n\n\n\n<p>Si on venait \u00e0 me demander de r\u00e9pondre au tac-au-tac ce qui repr\u00e9sente le Japon \u00e0 mes yeux, je r\u00e9pondrai le minimalisme. Et si on me laisse le temps de d\u00e9velopper, j'expliquerai qu'il y a un regard sur le monde qui est bien diff\u00e9rent de celui qu'on a en occident. Le minimalisme est l'une des cons\u00e9quences de ce regard. L'Ikebana est une forme de minimalisme venu du Japon. Pour le coup, c'est un minimalisme qui se concentre sur les fleurs. Dans une dynamique similaire peut penser au <a href=\"https:\/\/www.cocondedecoration.com\/blog\/2023\/08\/caracteristiques-style-wabi-sabi\/\" target=\"_blank\" rel=\"noopener\" title=\"\">style Wabi Sabi<\/a>. Un univers d\u00e9co qui est plus qu'une simple esth\u00e9tique. Elle d\u00e9coule d'un regard et d'une r\u00e9flexion du monde qui nous entoure. <\/p>\n\n\n\n<p>Comme je l'\u00e9crivais plus haut, l'Ikebana est une forme d'arrangement floral qui n'a rien \u00e0 voir avec les bouquets de fleurs qu'on offre bien souvent. Il y a beaucoup moins de fleurs, elles sont dispos\u00e9es d'une toute autre mani\u00e8re, le volume de la composition est diff\u00e9rent. D'un point de vue d\u00e9co, poser une composition Ikebana quelque part c'est offrir \u00e0 cet espace une nouvelle dimension. Table de salle \u00e0 manger, console dans le couloir, dessus du <a href=\"https:\/\/www.cocondedecoration.com\/blog\/2026\/02\/buffet-salon-moderne\/\" target=\"_blank\" rel=\"noopener\" title=\"\">buffet de salon<\/a>, rebord de fen\u00eatre... prendront des dimensions plus spirituelles et sculpturales gr\u00e2ce \u00e0 l'Ikebana.   <\/p>\n\n\n<div class=\"wp-block-image\">\n<figure class=\"aligncenter size-large\"><a href=\"https:\/\/www.cocondedecoration.com\/blog\/wp-content\/uploads\/2026\/03\/ikebana-definition.003.jpeg\"><img loading=\"lazy\" decoding=\"async\" width=\"640\" height=\"960\" src=\"https:\/\/www.cocondedecoration.com\/blog\/wp-content\/uploads\/2026\/03\/ikebana-definition.003-640x960.jpeg\" alt=\"ikebana d\u00e9finition technique composition florale bouquet minimaliste en volume \" class=\"wp-image-88542\" title=\"ikebana d\u00e9finition technique composition florale bouquet minimaliste en volume \" srcset=\"https:\/\/www.cocondedecoration.com\/blog\/wp-content\/uploads\/2026\/03\/ikebana-definition.003-640x960.jpeg 640w, https:\/\/www.cocondedecoration.com\/blog\/wp-content\/uploads\/2026\/03\/ikebana-definition.003-260x390.jpeg 260w, https:\/\/www.cocondedecoration.com\/blog\/wp-content\/uploads\/2026\/03\/ikebana-definition.003-768x1152.jpeg 768w, https:\/\/www.cocondedecoration.com\/blog\/wp-content\/uploads\/2026\/03\/ikebana-definition.003-367x550.jpeg 367w, https:\/\/www.cocondedecoration.com\/blog\/wp-content\/uploads\/2026\/03\/ikebana-definition.003-333x500.jpeg 333w, https:\/\/www.cocondedecoration.com\/blog\/wp-content\/uploads\/2026\/03\/ikebana-definition.003.jpeg 1000w\" sizes=\"(max-width: 640px) 100vw, 640px\" \/><\/a><figcaption class=\"wp-element-caption\">instagram.com\/lasenteur.nyc\/<\/figcaption><\/figure><\/div>\n\n\n<h2 class=\"wp-block-heading\">Les diff\u00e9rentes \u00e9coles et styles Ikebana <\/h2>\n\n\n\n<p>Vu que cet art floral ne date pas d'hier, il a connu plusieurs \u00e9volutions et plusieurs \u00e9coles. <\/p>\n\n\n\n<ul>\n<li>\u00e9cole Ikenob\u014d qui a plus de 500 ans <\/li>\n\n\n\n<li>style\u00a0<em>heika<\/em> avec les fleurs dress\u00e9es <em>rikka<\/em>, les fleurs vivantes <em>shoka<\/em>, les fleurs \u00e9parpill\u00e9es <em>seika<\/em>. <\/li>\n\n\n\n<li>style\u00a0<em>moribana<\/em> avec les fleurs empil\u00e9es dans un r\u00e9cipient comme une coupelle\u00a0<em>suiban<\/em>.<\/li>\n\n\n\n<li>le style\u00a0<em>hanaisho<\/em>\u00a0de l'\u00e9cole Ohara, une approche occidentale dans les sources d'inspirations <\/li>\n\n\n\n<li>\u00e9cole <em>Sogetsu<\/em>, la technique passe au rang d'art et compositions florales deviennent sculptures (avec une plus grande libert\u00e9 des \u00e9l\u00e9ments associ\u00e9s)<\/li>\n<\/ul>\n\n\n<div class=\"wp-block-image\">\n<figure class=\"aligncenter size-large\"><a href=\"https:\/\/www.cocondedecoration.com\/blog\/wp-content\/uploads\/2026\/03\/ikebana-definition.004.jpeg\"><img loading=\"lazy\" decoding=\"async\" width=\"640\" height=\"960\" src=\"https:\/\/www.cocondedecoration.com\/blog\/wp-content\/uploads\/2026\/03\/ikebana-definition.004-640x960.jpeg\" alt=\"ikebana d\u00e9finition exemple histoire diff\u00e9rentes \u00e9coles id\u00e9es fleurir maison DIY \" class=\"wp-image-88543\" title=\"ikebana d\u00e9finition exemple histoire diff\u00e9rentes \u00e9coles id\u00e9es fleurir maison DIY \" srcset=\"https:\/\/www.cocondedecoration.com\/blog\/wp-content\/uploads\/2026\/03\/ikebana-definition.004-640x960.jpeg 640w, https:\/\/www.cocondedecoration.com\/blog\/wp-content\/uploads\/2026\/03\/ikebana-definition.004-260x390.jpeg 260w, https:\/\/www.cocondedecoration.com\/blog\/wp-content\/uploads\/2026\/03\/ikebana-definition.004-768x1152.jpeg 768w, https:\/\/www.cocondedecoration.com\/blog\/wp-content\/uploads\/2026\/03\/ikebana-definition.004-367x550.jpeg 367w, https:\/\/www.cocondedecoration.com\/blog\/wp-content\/uploads\/2026\/03\/ikebana-definition.004-333x500.jpeg 333w, https:\/\/www.cocondedecoration.com\/blog\/wp-content\/uploads\/2026\/03\/ikebana-definition.004.jpeg 1000w\" sizes=\"(max-width: 640px) 100vw, 640px\" \/><\/a><figcaption class=\"wp-element-caption\">thefarmerflorist.com<\/figcaption><\/figure><\/div>\n\n\n<h2 class=\"wp-block-heading\">Outils et mat\u00e9riel pour d\u00e9buter l'Ikebana <\/h2>\n\n\n\n<p>Pour se lancer dans la pratique de l'Ikebana, il n'est pas n\u00e9cessaire d'acheter 50 000 fournitures. Le mat\u00e9riel ne fait pas tout. Il y a une grosse partie r\u00e9flexion mais aussi des techniques \u00e0 conna\u00eetre (je les compile dans la partie ressources). Pour commencer, en plus des fleurs, vous aurez besoin de: <\/p>\n\n\n\n<ul>\n<li>hanabasami = ciseaux pour couper les fleurs<\/li>\n\n\n\n<li>kenzan = structure pour fixer les fleurs avec des petits pics dessus <\/li>\n\n\n\n<li>r\u00e9cipient avec des bords bas <\/li>\n<\/ul>\n\n\n\n<p>Le Kenzan existe dans diff\u00e9rentes formes, diff\u00e9rents formats. <\/p>\n\n\n<div class=\"wp-block-image\">\n<figure class=\"aligncenter size-large\"><a href=\"https:\/\/www.cocondedecoration.com\/blog\/wp-content\/uploads\/2026\/03\/ikebana-definition.005.jpeg\"><img loading=\"lazy\" decoding=\"async\" width=\"640\" height=\"960\" src=\"https:\/\/www.cocondedecoration.com\/blog\/wp-content\/uploads\/2026\/03\/ikebana-definition.005-640x960.jpeg\" alt=\"ikebana d\u00e9finition exemple composition florale \u00e9l\u00e9gante et minimaliste d\u00e9cor salle \u00e0 manger \" class=\"wp-image-88544\" title=\"ikebana d\u00e9finition exemple composition florale \u00e9l\u00e9gante et minimaliste d\u00e9cor salle \u00e0 manger \" srcset=\"https:\/\/www.cocondedecoration.com\/blog\/wp-content\/uploads\/2026\/03\/ikebana-definition.005-640x960.jpeg 640w, https:\/\/www.cocondedecoration.com\/blog\/wp-content\/uploads\/2026\/03\/ikebana-definition.005-260x390.jpeg 260w, https:\/\/www.cocondedecoration.com\/blog\/wp-content\/uploads\/2026\/03\/ikebana-definition.005-768x1152.jpeg 768w, https:\/\/www.cocondedecoration.com\/blog\/wp-content\/uploads\/2026\/03\/ikebana-definition.005-367x550.jpeg 367w, https:\/\/www.cocondedecoration.com\/blog\/wp-content\/uploads\/2026\/03\/ikebana-definition.005-333x500.jpeg 333w, https:\/\/www.cocondedecoration.com\/blog\/wp-content\/uploads\/2026\/03\/ikebana-definition.005.jpeg 1000w\" sizes=\"(max-width: 640px) 100vw, 640px\" \/><\/a><figcaption class=\"wp-element-caption\">hildestories.com<\/figcaption><\/figure><\/div>\n\n\n<h2 class=\"wp-block-heading\">Ressources pour comprendre les bases et techniques de l'Ikebana <\/h2>\n\n\n\n<p><em>Thurds<\/em> - <a href=\"https:\/\/thursd.com\/articles\/ikebana-for-beginners\" target=\"_blank\" rel=\"noopener\" title=\"\">Ikebana for Beginners - What You Need to Know About This Floral Art as a Novice <\/a>(L'ikebana pour d\u00e9butants\u00a0: ce que vous devez savoir sur cet art floral en tant que novice). Un article tr\u00e8s int\u00e9ressant pour comprendre les bases techniques de l'Ikebana. Il est question de taille, de coupe, des m\u00e9thodes pour que tout tienne debout. <\/p>\n\n\n\n<p><em>Maikoya<\/em> - <a href=\"https:\/\/mai-ko.com\/travel\/culture-in-japan\/floral-art\/japanese-ikebana-or-flower-arranging\/\" target=\"_blank\" rel=\"noopener\" title=\"\">Japanese Ikebana or Flower Arranging<\/a> (L'ikebana japonais ou art floral). Je vous conseille cet article pour ces visuels simples et efficaces qui vous permettent de comprendre les r\u00e8gles de base et l'esth\u00e9tique des compositions florales en un clin d'oeil. <\/p>\n\n\n\n<p><em>Web Japan<\/em> - <a href=\"https:\/\/web-japan.org\/kidsweb\/virtual\/ikebana\/ikebana03.html\" target=\"_blank\" rel=\"noopener\" title=\"\">Types of Ikebana: Moribana<\/a> (Types d'ikebana :\u00a0<em>Moribana)<\/em>. Cet article vous explique clairement comment mettre en oeuvre votre composition florale et les angles \u00e0 respecter pour cr\u00e9er une harmonie. Il y a deux sch\u00e9mas pratiques qui vous montrent \u00e0 quoi doit ressembler la composition vue de dessus et de face. <\/p>\n\n\n\n<p>Si vous \u00eates en train de pr\u00e9voir un voyage au Japon, vous pouvez passer par Kyoto et le temple Daikaku-ji. Eric et Chlo\u00e9 d'<em>Evasions Rebelles<\/em> vous expliquent la richesse culturelle de l'endroit o\u00f9 il est possible d'admirer des r\u00e9alisations Ikebana et plus encore. <a href=\"https:\/\/evasionsrebelles.com\/japon\/kansai\/daikaku-ji-kyoto\/\" target=\"_blank\" rel=\"noopener\" title=\"\">Temple Daikaku-ji : h\u00e9ritage imp\u00e9rial et spiritualit\u00e9 au c\u0153ur de Kyoto<\/a> <\/p>\n\n\n\n<h2 class=\"wp-block-heading\">Inspirations: Compositions florales Ikebana <\/h2>\n\n\n\n<figure class=\"wp-block-gallery has-nested-images columns-default is-cropped wp-block-gallery-1 is-layout-flex wp-block-gallery-is-layout-flex\">\n<figure class=\"wp-block-image size-large\"><a href=\"https:\/\/www.cocondedecoration.com\/blog\/wp-content\/uploads\/2026\/03\/composition-florale-ikebana.001.jpeg\"><img loading=\"lazy\" decoding=\"async\" width=\"640\" height=\"960\" data-id=\"88554\" src=\"https:\/\/www.cocondedecoration.com\/blog\/wp-content\/uploads\/2026\/03\/composition-florale-ikebana.001-640x960.jpeg\" alt=\"composition florale Ikebana technique esth\u00e9tique bouquet fleur en volume minimaliste \" class=\"wp-image-88554\" title=\"composition florale Ikebana technique esth\u00e9tique bouquet fleur en volume minimaliste \" srcset=\"https:\/\/www.cocondedecoration.com\/blog\/wp-content\/uploads\/2026\/03\/composition-florale-ikebana.001-640x960.jpeg 640w, https:\/\/www.cocondedecoration.com\/blog\/wp-content\/uploads\/2026\/03\/composition-florale-ikebana.001-260x390.jpeg 260w, https:\/\/www.cocondedecoration.com\/blog\/wp-content\/uploads\/2026\/03\/composition-florale-ikebana.001-768x1152.jpeg 768w, https:\/\/www.cocondedecoration.com\/blog\/wp-content\/uploads\/2026\/03\/composition-florale-ikebana.001-367x550.jpeg 367w, https:\/\/www.cocondedecoration.com\/blog\/wp-content\/uploads\/2026\/03\/composition-florale-ikebana.001-333x500.jpeg 333w, https:\/\/www.cocondedecoration.com\/blog\/wp-content\/uploads\/2026\/03\/composition-florale-ikebana.001.jpeg 1000w\" sizes=\"(max-width: 640px) 100vw, 640px\" \/><\/a><figcaption class=\"wp-element-caption\">culturallyours.com<\/figcaption><\/figure>\n\n\n\n<figure class=\"wp-block-image size-large\"><a href=\"https:\/\/www.cocondedecoration.com\/blog\/wp-content\/uploads\/2026\/03\/composition-florale-ikebana.002.jpeg\"><img loading=\"lazy\" decoding=\"async\" width=\"640\" height=\"960\" data-id=\"88547\" src=\"https:\/\/www.cocondedecoration.com\/blog\/wp-content\/uploads\/2026\/03\/composition-florale-ikebana.002-640x960.jpeg\" alt=\"composition florale Ikebana id\u00e9es \u00e0 copier centre de table salle \u00e0 manger esth\u00e9tique \u00e9pur\u00e9 fleurs color\u00e9es \" class=\"wp-image-88547\" title=\"composition florale Ikebana id\u00e9es \u00e0 copier centre de table salle \u00e0 manger esth\u00e9tique \u00e9pur\u00e9 fleurs color\u00e9es \" srcset=\"https:\/\/www.cocondedecoration.com\/blog\/wp-content\/uploads\/2026\/03\/composition-florale-ikebana.002-640x960.jpeg 640w, https:\/\/www.cocondedecoration.com\/blog\/wp-content\/uploads\/2026\/03\/composition-florale-ikebana.002-260x390.jpeg 260w, https:\/\/www.cocondedecoration.com\/blog\/wp-content\/uploads\/2026\/03\/composition-florale-ikebana.002-768x1152.jpeg 768w, https:\/\/www.cocondedecoration.com\/blog\/wp-content\/uploads\/2026\/03\/composition-florale-ikebana.002-367x550.jpeg 367w, https:\/\/www.cocondedecoration.com\/blog\/wp-content\/uploads\/2026\/03\/composition-florale-ikebana.002-333x500.jpeg 333w, https:\/\/www.cocondedecoration.com\/blog\/wp-content\/uploads\/2026\/03\/composition-florale-ikebana.002.jpeg 1000w\" sizes=\"(max-width: 640px) 100vw, 640px\" \/><\/a><figcaption class=\"wp-element-caption\">thesorrygirls.com<\/figcaption><\/figure>\n\n\n\n<figure class=\"wp-block-image size-large\"><a href=\"https:\/\/www.cocondedecoration.com\/blog\/wp-content\/uploads\/2026\/03\/composition-florale-ikebana.003.jpeg\"><img loading=\"lazy\" decoding=\"async\" width=\"640\" height=\"960\" data-id=\"88552\" src=\"https:\/\/www.cocondedecoration.com\/blog\/wp-content\/uploads\/2026\/03\/composition-florale-ikebana.003-640x960.jpeg\" alt=\"composition florale Ikebana exemple simple et \u00e9l\u00e9gant petit bouquet fleur inspiration Japon \u00e9l\u00e9gant \" class=\"wp-image-88552\" title=\"composition florale Ikebana exemple simple et \u00e9l\u00e9gant petit bouquet fleur inspiration Japon \u00e9l\u00e9gant \" srcset=\"https:\/\/www.cocondedecoration.com\/blog\/wp-content\/uploads\/2026\/03\/composition-florale-ikebana.003-640x960.jpeg 640w, https:\/\/www.cocondedecoration.com\/blog\/wp-content\/uploads\/2026\/03\/composition-florale-ikebana.003-260x390.jpeg 260w, https:\/\/www.cocondedecoration.com\/blog\/wp-content\/uploads\/2026\/03\/composition-florale-ikebana.003-768x1152.jpeg 768w, https:\/\/www.cocondedecoration.com\/blog\/wp-content\/uploads\/2026\/03\/composition-florale-ikebana.003-367x550.jpeg 367w, https:\/\/www.cocondedecoration.com\/blog\/wp-content\/uploads\/2026\/03\/composition-florale-ikebana.003-333x500.jpeg 333w, https:\/\/www.cocondedecoration.com\/blog\/wp-content\/uploads\/2026\/03\/composition-florale-ikebana.003.jpeg 1000w\" sizes=\"(max-width: 640px) 100vw, 640px\" \/><\/a><figcaption class=\"wp-element-caption\">weddingchicks.com<\/figcaption><\/figure>\n\n\n\n<figure class=\"wp-block-image size-large\"><a href=\"https:\/\/www.cocondedecoration.com\/blog\/wp-content\/uploads\/2026\/03\/composition-florale-ikebana.004.jpeg\"><img loading=\"lazy\" decoding=\"async\" width=\"640\" height=\"960\" data-id=\"88546\" src=\"https:\/\/www.cocondedecoration.com\/blog\/wp-content\/uploads\/2026\/03\/composition-florale-ikebana.004-640x960.jpeg\" alt=\"composition florale Ikebana centre de table \u00e0 r\u00e9aliser soi-m\u00eame minimaliste \u00e9pur\u00e9 inspiration japonaise \" class=\"wp-image-88546\" title=\"composition florale Ikebana centre de table \u00e0 r\u00e9aliser soi-m\u00eame minimaliste \u00e9pur\u00e9 inspiration japonaise \" srcset=\"https:\/\/www.cocondedecoration.com\/blog\/wp-content\/uploads\/2026\/03\/composition-florale-ikebana.004-640x960.jpeg 640w, https:\/\/www.cocondedecoration.com\/blog\/wp-content\/uploads\/2026\/03\/composition-florale-ikebana.004-260x390.jpeg 260w, https:\/\/www.cocondedecoration.com\/blog\/wp-content\/uploads\/2026\/03\/composition-florale-ikebana.004-768x1152.jpeg 768w, https:\/\/www.cocondedecoration.com\/blog\/wp-content\/uploads\/2026\/03\/composition-florale-ikebana.004-367x550.jpeg 367w, https:\/\/www.cocondedecoration.com\/blog\/wp-content\/uploads\/2026\/03\/composition-florale-ikebana.004-333x500.jpeg 333w, https:\/\/www.cocondedecoration.com\/blog\/wp-content\/uploads\/2026\/03\/composition-florale-ikebana.004.jpeg 1000w\" sizes=\"(max-width: 640px) 100vw, 640px\" \/><\/a><figcaption class=\"wp-element-caption\">shebonny.com<\/figcaption><\/figure>\n\n\n\n<figure class=\"wp-block-image size-large\"><a href=\"https:\/\/www.cocondedecoration.com\/blog\/wp-content\/uploads\/2026\/03\/composition-florale-ikebana.005.jpeg\"><img loading=\"lazy\" decoding=\"async\" width=\"640\" height=\"960\" data-id=\"88549\" src=\"https:\/\/www.cocondedecoration.com\/blog\/wp-content\/uploads\/2026\/03\/composition-florale-ikebana.005-640x960.jpeg\" alt=\"composition florale Ikebana id\u00e9es \u00e0 copier mini centre de table \u00e0 faire soi-m\u00eame volume fleur \" class=\"wp-image-88549\" title=\"composition florale Ikebana id\u00e9es \u00e0 copier mini centre de table \u00e0 faire soi-m\u00eame volume fleur \" srcset=\"https:\/\/www.cocondedecoration.com\/blog\/wp-content\/uploads\/2026\/03\/composition-florale-ikebana.005-640x960.jpeg 640w, https:\/\/www.cocondedecoration.com\/blog\/wp-content\/uploads\/2026\/03\/composition-florale-ikebana.005-260x390.jpeg 260w, https:\/\/www.cocondedecoration.com\/blog\/wp-content\/uploads\/2026\/03\/composition-florale-ikebana.005-768x1152.jpeg 768w, https:\/\/www.cocondedecoration.com\/blog\/wp-content\/uploads\/2026\/03\/composition-florale-ikebana.005-367x550.jpeg 367w, https:\/\/www.cocondedecoration.com\/blog\/wp-content\/uploads\/2026\/03\/composition-florale-ikebana.005-333x500.jpeg 333w, https:\/\/www.cocondedecoration.com\/blog\/wp-content\/uploads\/2026\/03\/composition-florale-ikebana.005.jpeg 1000w\" sizes=\"(max-width: 640px) 100vw, 640px\" \/><\/a><figcaption class=\"wp-element-caption\">cloverhome.nl<\/figcaption><\/figure>\n\n\n\n<figure class=\"wp-block-image size-large\"><a href=\"https:\/\/www.cocondedecoration.com\/blog\/wp-content\/uploads\/2026\/03\/composition-florale-ikebana.006.jpeg\"><img loading=\"lazy\" decoding=\"async\" width=\"640\" height=\"960\" data-id=\"88555\" src=\"https:\/\/www.cocondedecoration.com\/blog\/wp-content\/uploads\/2026\/03\/composition-florale-ikebana.006-640x960.jpeg\" alt=\"composition florale Ikebana exemple arrangement fleur color\u00e9e \u00e0 faire soi-m\u00eame volume \" class=\"wp-image-88555\" title=\"composition florale Ikebana exemple arrangement fleur color\u00e9e \u00e0 faire soi-m\u00eame volume \" srcset=\"https:\/\/www.cocondedecoration.com\/blog\/wp-content\/uploads\/2026\/03\/composition-florale-ikebana.006-640x960.jpeg 640w, https:\/\/www.cocondedecoration.com\/blog\/wp-content\/uploads\/2026\/03\/composition-florale-ikebana.006-260x390.jpeg 260w, https:\/\/www.cocondedecoration.com\/blog\/wp-content\/uploads\/2026\/03\/composition-florale-ikebana.006-768x1152.jpeg 768w, https:\/\/www.cocondedecoration.com\/blog\/wp-content\/uploads\/2026\/03\/composition-florale-ikebana.006-367x550.jpeg 367w, https:\/\/www.cocondedecoration.com\/blog\/wp-content\/uploads\/2026\/03\/composition-florale-ikebana.006-333x500.jpeg 333w, https:\/\/www.cocondedecoration.com\/blog\/wp-content\/uploads\/2026\/03\/composition-florale-ikebana.006.jpeg 1000w\" sizes=\"(max-width: 640px) 100vw, 640px\" \/><\/a><figcaption class=\"wp-element-caption\">veranda.com<\/figcaption><\/figure>\n\n\n\n<figure class=\"wp-block-image size-large\"><a href=\"https:\/\/www.cocondedecoration.com\/blog\/wp-content\/uploads\/2026\/03\/composition-florale-ikebana.007.jpeg\"><img loading=\"lazy\" decoding=\"async\" width=\"640\" height=\"960\" data-id=\"88551\" src=\"https:\/\/www.cocondedecoration.com\/blog\/wp-content\/uploads\/2026\/03\/composition-florale-ikebana.007-640x960.jpeg\" alt=\"composition florale Ikebana \u00e9l\u00e9gant minimaliste volume d\u00e9corer la maison avec des fleurs \" class=\"wp-image-88551\" title=\"composition florale Ikebana \u00e9l\u00e9gant minimaliste volume d\u00e9corer la maison avec des fleurs \" srcset=\"https:\/\/www.cocondedecoration.com\/blog\/wp-content\/uploads\/2026\/03\/composition-florale-ikebana.007-640x960.jpeg 640w, https:\/\/www.cocondedecoration.com\/blog\/wp-content\/uploads\/2026\/03\/composition-florale-ikebana.007-260x390.jpeg 260w, https:\/\/www.cocondedecoration.com\/blog\/wp-content\/uploads\/2026\/03\/composition-florale-ikebana.007-768x1152.jpeg 768w, https:\/\/www.cocondedecoration.com\/blog\/wp-content\/uploads\/2026\/03\/composition-florale-ikebana.007-367x550.jpeg 367w, https:\/\/www.cocondedecoration.com\/blog\/wp-content\/uploads\/2026\/03\/composition-florale-ikebana.007-333x500.jpeg 333w, https:\/\/www.cocondedecoration.com\/blog\/wp-content\/uploads\/2026\/03\/composition-florale-ikebana.007.jpeg 1000w\" sizes=\"(max-width: 640px) 100vw, 640px\" \/><\/a><figcaption class=\"wp-element-caption\">centsationalstyle.com<\/figcaption><\/figure>\n\n\n\n<figure class=\"wp-block-image size-large\"><a href=\"https:\/\/www.cocondedecoration.com\/blog\/wp-content\/uploads\/2026\/03\/composition-florale-ikebana.008.jpeg\"><img loading=\"lazy\" decoding=\"async\" width=\"640\" height=\"960\" data-id=\"88553\" src=\"https:\/\/www.cocondedecoration.com\/blog\/wp-content\/uploads\/2026\/03\/composition-florale-ikebana.008-640x960.jpeg\" alt=\"composition florale Ikebana id\u00e9es \u00e0 copier simple \u00e9l\u00e9gant fleurs color\u00e9es printemps \" class=\"wp-image-88553\" title=\"composition florale Ikebana id\u00e9es \u00e0 copier simple \u00e9l\u00e9gant fleurs color\u00e9es printemps \" srcset=\"https:\/\/www.cocondedecoration.com\/blog\/wp-content\/uploads\/2026\/03\/composition-florale-ikebana.008-640x960.jpeg 640w, https:\/\/www.cocondedecoration.com\/blog\/wp-content\/uploads\/2026\/03\/composition-florale-ikebana.008-260x390.jpeg 260w, https:\/\/www.cocondedecoration.com\/blog\/wp-content\/uploads\/2026\/03\/composition-florale-ikebana.008-768x1152.jpeg 768w, https:\/\/www.cocondedecoration.com\/blog\/wp-content\/uploads\/2026\/03\/composition-florale-ikebana.008-367x550.jpeg 367w, https:\/\/www.cocondedecoration.com\/blog\/wp-content\/uploads\/2026\/03\/composition-florale-ikebana.008-333x500.jpeg 333w, https:\/\/www.cocondedecoration.com\/blog\/wp-content\/uploads\/2026\/03\/composition-florale-ikebana.008.jpeg 1000w\" sizes=\"(max-width: 640px) 100vw, 640px\" \/><\/a><figcaption class=\"wp-element-caption\">fianceebodas.com<\/figcaption><\/figure>\n\n\n\n<figure class=\"wp-block-image size-large\"><a href=\"https:\/\/www.cocondedecoration.com\/blog\/wp-content\/uploads\/2026\/03\/composition-florale-ikebana.009.jpeg\"><img loading=\"lazy\" decoding=\"async\" width=\"640\" height=\"960\" data-id=\"88545\" src=\"https:\/\/www.cocondedecoration.com\/blog\/wp-content\/uploads\/2026\/03\/composition-florale-ikebana.009-640x960.jpeg\" alt=\"composition florale Ikebana exemple minimaliste simple \u00e0 faire bouquet \u00e9pur\u00e9 inspiration Japonaise \" class=\"wp-image-88545\" title=\"composition florale Ikebana exemple minimaliste simple \u00e0 faire bouquet \u00e9pur\u00e9 inspiration Japonaise \" srcset=\"https:\/\/www.cocondedecoration.com\/blog\/wp-content\/uploads\/2026\/03\/composition-florale-ikebana.009-640x960.jpeg 640w, https:\/\/www.cocondedecoration.com\/blog\/wp-content\/uploads\/2026\/03\/composition-florale-ikebana.009-260x390.jpeg 260w, https:\/\/www.cocondedecoration.com\/blog\/wp-content\/uploads\/2026\/03\/composition-florale-ikebana.009-768x1152.jpeg 768w, https:\/\/www.cocondedecoration.com\/blog\/wp-content\/uploads\/2026\/03\/composition-florale-ikebana.009-367x550.jpeg 367w, https:\/\/www.cocondedecoration.com\/blog\/wp-content\/uploads\/2026\/03\/composition-florale-ikebana.009-333x500.jpeg 333w, https:\/\/www.cocondedecoration.com\/blog\/wp-content\/uploads\/2026\/03\/composition-florale-ikebana.009.jpeg 1000w\" sizes=\"(max-width: 640px) 100vw, 640px\" \/><\/a><figcaption class=\"wp-element-caption\">instagram.com\/juliarushflowers\/<\/figcaption><\/figure>\n\n\n\n<figure class=\"wp-block-image size-large\"><a href=\"https:\/\/www.cocondedecoration.com\/blog\/wp-content\/uploads\/2026\/03\/composition-florale-ikebana.010.jpeg\"><img loading=\"lazy\" decoding=\"async\" width=\"640\" height=\"960\" data-id=\"88550\" src=\"https:\/\/www.cocondedecoration.com\/blog\/wp-content\/uploads\/2026\/03\/composition-florale-ikebana.010-640x960.jpeg\" alt=\"composition florale Ikebana centre de table d\u00e9coration salle \u00e0 manger id\u00e9e \u00e0 copier et \u00e0 faire soi-m\u00eame \" class=\"wp-image-88550\" title=\"composition florale Ikebana centre de table d\u00e9coration salle \u00e0 manger id\u00e9e \u00e0 copier et \u00e0 faire soi-m\u00eame \" srcset=\"https:\/\/www.cocondedecoration.com\/blog\/wp-content\/uploads\/2026\/03\/composition-florale-ikebana.010-640x960.jpeg 640w, https:\/\/www.cocondedecoration.com\/blog\/wp-content\/uploads\/2026\/03\/composition-florale-ikebana.010-260x390.jpeg 260w, https:\/\/www.cocondedecoration.com\/blog\/wp-content\/uploads\/2026\/03\/composition-florale-ikebana.010-768x1152.jpeg 768w, https:\/\/www.cocondedecoration.com\/blog\/wp-content\/uploads\/2026\/03\/composition-florale-ikebana.010-367x550.jpeg 367w, https:\/\/www.cocondedecoration.com\/blog\/wp-content\/uploads\/2026\/03\/composition-florale-ikebana.010-333x500.jpeg 333w, https:\/\/www.cocondedecoration.com\/blog\/wp-content\/uploads\/2026\/03\/composition-florale-ikebana.010.jpeg 1000w\" sizes=\"(max-width: 640px) 100vw, 640px\" \/><\/a><figcaption class=\"wp-element-caption\">farmfreshtherapy.com<\/figcaption><\/figure>\n\n\n\n<figure class=\"wp-block-image size-large\"><a href=\"https:\/\/www.cocondedecoration.com\/blog\/wp-content\/uploads\/2026\/03\/composition-florale-ikebana.011.jpeg\"><img loading=\"lazy\" decoding=\"async\" width=\"640\" height=\"960\" data-id=\"88548\" src=\"https:\/\/www.cocondedecoration.com\/blog\/wp-content\/uploads\/2026\/03\/composition-florale-ikebana.011-640x960.jpeg\" alt=\"composition florale Ikebana id\u00e9es \u00e0 copier bouquet de fleur \u00e9pur\u00e9 d\u00e9coration \u00e0 poser sur meuble \" class=\"wp-image-88548\" title=\"composition florale Ikebana id\u00e9es \u00e0 copier bouquet de fleur \u00e9pur\u00e9 d\u00e9coration \u00e0 poser sur meuble \" srcset=\"https:\/\/www.cocondedecoration.com\/blog\/wp-content\/uploads\/2026\/03\/composition-florale-ikebana.011-640x960.jpeg 640w, https:\/\/www.cocondedecoration.com\/blog\/wp-content\/uploads\/2026\/03\/composition-florale-ikebana.011-260x390.jpeg 260w, https:\/\/www.cocondedecoration.com\/blog\/wp-content\/uploads\/2026\/03\/composition-florale-ikebana.011-768x1152.jpeg 768w, https:\/\/www.cocondedecoration.com\/blog\/wp-content\/uploads\/2026\/03\/composition-florale-ikebana.011-367x550.jpeg 367w, https:\/\/www.cocondedecoration.com\/blog\/wp-content\/uploads\/2026\/03\/composition-florale-ikebana.011-333x500.jpeg 333w, https:\/\/www.cocondedecoration.com\/blog\/wp-content\/uploads\/2026\/03\/composition-florale-ikebana.011.jpeg 1000w\" sizes=\"(max-width: 640px) 100vw, 640px\" \/><\/a><figcaption class=\"wp-element-caption\">botanicafloristry.com<\/figcaption><\/figure>\n\n\n\n<figure class=\"wp-block-image size-large\"><a href=\"https:\/\/www.cocondedecoration.com\/blog\/wp-content\/uploads\/2026\/03\/composition-florale-ikebana.012.jpeg\"><img loading=\"lazy\" decoding=\"async\" width=\"640\" height=\"960\" data-id=\"88556\" src=\"https:\/\/www.cocondedecoration.com\/blog\/wp-content\/uploads\/2026\/03\/composition-florale-ikebana.012-640x960.jpeg\" alt=\"composition florale Ikebana exemple color\u00e9e fleurs exotiques en volume esth\u00e9tique \u00e9pur\u00e9 printemps moderne \" class=\"wp-image-88556\" title=\"composition florale Ikebana exemple color\u00e9e fleurs exotiques en volume esth\u00e9tique \u00e9pur\u00e9 printemps moderne \" srcset=\"https:\/\/www.cocondedecoration.com\/blog\/wp-content\/uploads\/2026\/03\/composition-florale-ikebana.012-640x960.jpeg 640w, https:\/\/www.cocondedecoration.com\/blog\/wp-content\/uploads\/2026\/03\/composition-florale-ikebana.012-260x390.jpeg 260w, https:\/\/www.cocondedecoration.com\/blog\/wp-content\/uploads\/2026\/03\/composition-florale-ikebana.012-768x1152.jpeg 768w, https:\/\/www.cocondedecoration.com\/blog\/wp-content\/uploads\/2026\/03\/composition-florale-ikebana.012-367x550.jpeg 367w, https:\/\/www.cocondedecoration.com\/blog\/wp-content\/uploads\/2026\/03\/composition-florale-ikebana.012-333x500.jpeg 333w, https:\/\/www.cocondedecoration.com\/blog\/wp-content\/uploads\/2026\/03\/composition-florale-ikebana.012.jpeg 1000w\" sizes=\"(max-width: 640px) 100vw, 640px\" \/><\/a><figcaption class=\"wp-element-caption\">1854.photography<\/figcaption><\/figure>\n<\/figure>\n\n\n\n<hr class=\"wp-block-separator has-alpha-channel-opacity is-style-wide\"\/>\n\n\n\n<h2 class=\"wp-block-heading\">Parfaire sa d\u00e9co int\u00e9rieure gr\u00e2ce \u00e0 de jolis accessoires<\/h2>\n\n\n\n<div class=\"wp-block-cb-carousel\" data-slick=\"{&quot;slidesToShow&quot;:3,&quot;slidesToScroll&quot;:1,&quot;speed&quot;:300,&quot;arrows&quot;:true,&quot;dots&quot;:false,&quot;autoplay&quot;:false,&quot;autoplaySpeed&quot;:3000,&quot;infinite&quot;:true,&quot;responsive&quot;:[{&quot;breakpoint&quot;:769,&quot;settings&quot;:{&quot;slidesToShow&quot;:1,&quot;slidesToScroll&quot;:1}}]}\">\n<div class=\"wp-block-cb-slide\">\n<figure class=\"wp-block-image size-large\"><a href=\"https:\/\/www.cocondedecoration.com\/blog\/wp-content\/uploads\/2026\/02\/accessoires-decoratifs-1.png\"><img loading=\"lazy\" decoding=\"async\" width=\"640\" height=\"960\" src=\"https:\/\/www.cocondedecoration.com\/blog\/wp-content\/uploads\/2026\/02\/accessoires-decoratifs-1-640x960.png\" alt=\"accessoires d\u00e9coratifs couleur rose\" class=\"wp-image-87906\" title=\"accessoires d\u00e9coratifs couleur rose\" srcset=\"https:\/\/www.cocondedecoration.com\/blog\/wp-content\/uploads\/2026\/02\/accessoires-decoratifs-1-640x960.png 640w, https:\/\/www.cocondedecoration.com\/blog\/wp-content\/uploads\/2026\/02\/accessoires-decoratifs-1-260x390.png 260w, https:\/\/www.cocondedecoration.com\/blog\/wp-content\/uploads\/2026\/02\/accessoires-decoratifs-1-768x1152.png 768w, https:\/\/www.cocondedecoration.com\/blog\/wp-content\/uploads\/2026\/02\/accessoires-decoratifs-1-367x550.png 367w, https:\/\/www.cocondedecoration.com\/blog\/wp-content\/uploads\/2026\/02\/accessoires-decoratifs-1-333x500.png 333w, https:\/\/www.cocondedecoration.com\/blog\/wp-content\/uploads\/2026\/02\/accessoires-decoratifs-1.png 1000w\" sizes=\"(max-width: 640px) 100vw, 640px\" \/><\/a><figcaption class=\"wp-element-caption\">\u2192 <a href=\"https:\/\/www.cocondedecoration.com\/blog\/2025\/08\/accessoire-decoratif-rose\/\" target=\"_blank\" rel=\"noopener\" title=\"\">Accessoires roses pour une d\u00e9coration douce et voluptueuse<\/a><\/figcaption><\/figure>\n<\/div>\n\n\n\n<div class=\"wp-block-cb-slide\">\n<figure class=\"wp-block-image size-large\"><a href=\"https:\/\/www.cocondedecoration.com\/blog\/wp-content\/uploads\/2026\/02\/accessoires-decoratifs-2.png\"><img loading=\"lazy\" decoding=\"async\" width=\"640\" height=\"960\" src=\"https:\/\/www.cocondedecoration.com\/blog\/wp-content\/uploads\/2026\/02\/accessoires-decoratifs-2-640x960.png\" alt=\"accessoires d\u00e9coratifs bougeoirs et photophores \" class=\"wp-image-87907\" title=\"accessoires d\u00e9coratifs bougeoirs et photophores \" srcset=\"https:\/\/www.cocondedecoration.com\/blog\/wp-content\/uploads\/2026\/02\/accessoires-decoratifs-2-640x960.png 640w, https:\/\/www.cocondedecoration.com\/blog\/wp-content\/uploads\/2026\/02\/accessoires-decoratifs-2-260x390.png 260w, https:\/\/www.cocondedecoration.com\/blog\/wp-content\/uploads\/2026\/02\/accessoires-decoratifs-2-768x1152.png 768w, https:\/\/www.cocondedecoration.com\/blog\/wp-content\/uploads\/2026\/02\/accessoires-decoratifs-2-367x550.png 367w, https:\/\/www.cocondedecoration.com\/blog\/wp-content\/uploads\/2026\/02\/accessoires-decoratifs-2-333x500.png 333w, https:\/\/www.cocondedecoration.com\/blog\/wp-content\/uploads\/2026\/02\/accessoires-decoratifs-2.png 1000w\" sizes=\"(max-width: 640px) 100vw, 640px\" \/><\/a><figcaption class=\"wp-element-caption\">\u2192 <a href=\"https:\/\/www.cocondedecoration.com\/blog\/2024\/12\/bougeoir-photophore-deco\/\" target=\"_blank\" rel=\"noopener\" title=\"\">Bougeoirs et photophores: s\u00e9lection pour une d\u00e9co \u00e9l\u00e9gante et cosy<\/a><\/figcaption><\/figure>\n<\/div>\n\n\n\n<div class=\"wp-block-cb-slide\">\n<figure class=\"wp-block-image size-large\"><a href=\"https:\/\/www.cocondedecoration.com\/blog\/wp-content\/uploads\/2026\/02\/accessoires-decoratifs-3.png\"><img loading=\"lazy\" decoding=\"async\" width=\"640\" height=\"960\" src=\"https:\/\/www.cocondedecoration.com\/blog\/wp-content\/uploads\/2026\/02\/accessoires-decoratifs-3-640x960.png\" alt=\"accessoires d\u00e9coratifs petit budget moins 20 euros \" class=\"wp-image-87908\" title=\"accessoires d\u00e9coratifs petit budget moins 20 euros \" srcset=\"https:\/\/www.cocondedecoration.com\/blog\/wp-content\/uploads\/2026\/02\/accessoires-decoratifs-3-640x960.png 640w, https:\/\/www.cocondedecoration.com\/blog\/wp-content\/uploads\/2026\/02\/accessoires-decoratifs-3-260x390.png 260w, https:\/\/www.cocondedecoration.com\/blog\/wp-content\/uploads\/2026\/02\/accessoires-decoratifs-3-768x1152.png 768w, https:\/\/www.cocondedecoration.com\/blog\/wp-content\/uploads\/2026\/02\/accessoires-decoratifs-3-367x550.png 367w, https:\/\/www.cocondedecoration.com\/blog\/wp-content\/uploads\/2026\/02\/accessoires-decoratifs-3-333x500.png 333w, https:\/\/www.cocondedecoration.com\/blog\/wp-content\/uploads\/2026\/02\/accessoires-decoratifs-3.png 1000w\" sizes=\"(max-width: 640px) 100vw, 640px\" \/><\/a><figcaption class=\"wp-element-caption\">\u2192 <a href=\"https:\/\/www.cocondedecoration.com\/blog\/2022\/11\/cadeaux-deco-moins-de-20-euros\/\" target=\"_blank\" rel=\"noopener\" title=\"\">Accessoires d\u00e9co \u00e0 moins de 20\u20ac pour d\u00e9corer sans se ruiner<\/a><\/figcaption><\/figure>\n<\/div>\n\n\n\n<div class=\"wp-block-cb-slide\">\n<figure class=\"wp-block-image size-large\"><a href=\"https:\/\/www.cocondedecoration.com\/blog\/wp-content\/uploads\/2026\/02\/accessoires-decoratifs-4.png\"><img loading=\"lazy\" decoding=\"async\" width=\"640\" height=\"960\" src=\"https:\/\/www.cocondedecoration.com\/blog\/wp-content\/uploads\/2026\/02\/accessoires-decoratifs-4-640x960.png\" alt=\"accessoires d\u00e9coratifs s\u00e9lection de vases \" class=\"wp-image-87909\" title=\"accessoires d\u00e9coratifs s\u00e9lection de vases \" srcset=\"https:\/\/www.cocondedecoration.com\/blog\/wp-content\/uploads\/2026\/02\/accessoires-decoratifs-4-640x960.png 640w, https:\/\/www.cocondedecoration.com\/blog\/wp-content\/uploads\/2026\/02\/accessoires-decoratifs-4-260x390.png 260w, https:\/\/www.cocondedecoration.com\/blog\/wp-content\/uploads\/2026\/02\/accessoires-decoratifs-4-768x1152.png 768w, https:\/\/www.cocondedecoration.com\/blog\/wp-content\/uploads\/2026\/02\/accessoires-decoratifs-4-367x550.png 367w, https:\/\/www.cocondedecoration.com\/blog\/wp-content\/uploads\/2026\/02\/accessoires-decoratifs-4-333x500.png 333w, https:\/\/www.cocondedecoration.com\/blog\/wp-content\/uploads\/2026\/02\/accessoires-decoratifs-4.png 1000w\" sizes=\"(max-width: 640px) 100vw, 640px\" \/><\/a><figcaption class=\"wp-element-caption\">\u2192 <a href=\"https:\/\/www.cocondedecoration.com\/blog\/2020\/12\/ou-trouver-jolis-vases\/\" target=\"_blank\" rel=\"noopener\" title=\"\">Toutes les occasions sont bonnes pour offrir un joli vase<\/a><\/figcaption><\/figure>\n<\/div>\n\n\n\n<div class=\"wp-block-cb-slide\">\n<figure class=\"wp-block-image size-large\"><a href=\"https:\/\/www.cocondedecoration.com\/blog\/wp-content\/uploads\/2026\/02\/accessoires-decoratifs-5.png\"><img loading=\"lazy\" decoding=\"async\" width=\"640\" height=\"960\" src=\"https:\/\/www.cocondedecoration.com\/blog\/wp-content\/uploads\/2026\/02\/accessoires-decoratifs-5-640x960.png\" alt=\"accessoires d\u00e9coratifs couleur bleu\" class=\"wp-image-87910\" title=\"accessoires d\u00e9coratifs couleur bleu\" srcset=\"https:\/\/www.cocondedecoration.com\/blog\/wp-content\/uploads\/2026\/02\/accessoires-decoratifs-5-640x960.png 640w, https:\/\/www.cocondedecoration.com\/blog\/wp-content\/uploads\/2026\/02\/accessoires-decoratifs-5-260x390.png 260w, https:\/\/www.cocondedecoration.com\/blog\/wp-content\/uploads\/2026\/02\/accessoires-decoratifs-5-768x1152.png 768w, https:\/\/www.cocondedecoration.com\/blog\/wp-content\/uploads\/2026\/02\/accessoires-decoratifs-5-367x550.png 367w, https:\/\/www.cocondedecoration.com\/blog\/wp-content\/uploads\/2026\/02\/accessoires-decoratifs-5-333x500.png 333w, https:\/\/www.cocondedecoration.com\/blog\/wp-content\/uploads\/2026\/02\/accessoires-decoratifs-5.png 1000w\" sizes=\"(max-width: 640px) 100vw, 640px\" \/><\/a><figcaption class=\"wp-element-caption\">\u2192 <a href=\"https:\/\/www.cocondedecoration.com\/blog\/2024\/12\/meuble-decoration-couleur-bleu\/\" target=\"_blank\" rel=\"noopener\" title=\"\">Cr\u00e9ez une ambiance \u00e9l\u00e9gante et calme gr\u00e2ce au bleu d\u00e9co<\/a><\/figcaption><\/figure>\n<\/div>\n\n\n\n<div class=\"wp-block-cb-slide\">\n<figure class=\"wp-block-image size-large\"><a href=\"https:\/\/www.cocondedecoration.com\/blog\/wp-content\/uploads\/2026\/02\/accessoires-decoratifs-6.png\"><img loading=\"lazy\" decoding=\"async\" width=\"640\" height=\"960\" src=\"https:\/\/www.cocondedecoration.com\/blog\/wp-content\/uploads\/2026\/02\/accessoires-decoratifs-6-640x960.png\" alt=\"accessoires d\u00e9coratifs motif l\u00e9opard\" class=\"wp-image-87911\" title=\"accessoires d\u00e9coratifs motif l\u00e9opard\" srcset=\"https:\/\/www.cocondedecoration.com\/blog\/wp-content\/uploads\/2026\/02\/accessoires-decoratifs-6-640x960.png 640w, https:\/\/www.cocondedecoration.com\/blog\/wp-content\/uploads\/2026\/02\/accessoires-decoratifs-6-260x390.png 260w, https:\/\/www.cocondedecoration.com\/blog\/wp-content\/uploads\/2026\/02\/accessoires-decoratifs-6-768x1152.png 768w, https:\/\/www.cocondedecoration.com\/blog\/wp-content\/uploads\/2026\/02\/accessoires-decoratifs-6-367x550.png 367w, https:\/\/www.cocondedecoration.com\/blog\/wp-content\/uploads\/2026\/02\/accessoires-decoratifs-6-333x500.png 333w, https:\/\/www.cocondedecoration.com\/blog\/wp-content\/uploads\/2026\/02\/accessoires-decoratifs-6.png 1000w\" sizes=\"(max-width: 640px) 100vw, 640px\" \/><\/a><figcaption class=\"wp-element-caption\">\u2192 <a href=\"https:\/\/www.cocondedecoration.com\/blog\/2025\/10\/deco-leopard-maison\/\" target=\"_blank\" rel=\"noopener\" title=\"\">Osez le motif l\u00e9opard pour dynamiser votre d\u00e9co int\u00e9rieure<\/a><\/figcaption><\/figure>\n<\/div>\n\n\n\n<div class=\"wp-block-cb-slide\">\n<figure class=\"wp-block-image size-large\"><a href=\"https:\/\/www.cocondedecoration.com\/blog\/wp-content\/uploads\/2026\/02\/accessoires-decoratifs-7.png\"><img loading=\"lazy\" decoding=\"async\" width=\"640\" height=\"960\" src=\"https:\/\/www.cocondedecoration.com\/blog\/wp-content\/uploads\/2026\/02\/accessoires-decoratifs-7-640x960.png\" alt=\"accessoires d\u00e9coratifs linge de lit \u00e0 rayures \" class=\"wp-image-87912\" title=\"accessoires d\u00e9coratifs linge de lit \u00e0 rayures \" srcset=\"https:\/\/www.cocondedecoration.com\/blog\/wp-content\/uploads\/2026\/02\/accessoires-decoratifs-7-640x960.png 640w, https:\/\/www.cocondedecoration.com\/blog\/wp-content\/uploads\/2026\/02\/accessoires-decoratifs-7-260x390.png 260w, https:\/\/www.cocondedecoration.com\/blog\/wp-content\/uploads\/2026\/02\/accessoires-decoratifs-7-768x1152.png 768w, https:\/\/www.cocondedecoration.com\/blog\/wp-content\/uploads\/2026\/02\/accessoires-decoratifs-7-367x550.png 367w, https:\/\/www.cocondedecoration.com\/blog\/wp-content\/uploads\/2026\/02\/accessoires-decoratifs-7-333x500.png 333w, https:\/\/www.cocondedecoration.com\/blog\/wp-content\/uploads\/2026\/02\/accessoires-decoratifs-7.png 1000w\" sizes=\"(max-width: 640px) 100vw, 640px\" \/><\/a><figcaption class=\"wp-element-caption\">\u2192 <a href=\"https:\/\/www.cocondedecoration.com\/blog\/2025\/12\/linge-de-lit-rayures\/\" target=\"_blank\" rel=\"noopener\" title=\"\">Une touche moderne et color\u00e9e dans la chambre avec le linge de lit \u00e0 rayures<\/a><\/figcaption><\/figure>\n<\/div>\n<\/div>\n\n\n\n<p class=\"has-small-font-size\">Pour plus d'id\u00e9es au quotidien rejoignez moi sur <a href=\"https:\/\/www.threads.com\/@cocondedeco\" target=\"_blank\" rel=\"noopener\" title=\"\">Threads<\/a> ou sur <a href=\"https:\/\/fr.pinterest.com\/cocondedeco\/\" target=\"_blank\" rel=\"noopener\" title=\"\">Pinterest<\/a><\/p>\n\n\n\n<p class=\"has-small-font-size\">Source de l'image \u00e0 la une: nippon.com<\/p>\n","protected":false},"excerpt":{"rendered":"<p>En d\u00e9coration, le Japon est inspirant \u00e0 plus d&rsquo;un titre. Cette fois, on s&rsquo;int\u00e9resse \u00e0 l&rsquo;Ikebana, une forme d&rsquo;arrangement floral \u00e9pur\u00e9 et m\u00e9ditatif.<span class=\"more-link\"><a href=\"https:\/\/www.cocondedecoration.com\/blog\/2026\/03\/ikebana-art-floral\/\">Lire la suite<\/a><\/span><\/p>\n","protected":false},"author":1,"featured_media":88557,"comment_status":"open","ping_status":"open","sticky":false,"template":"","format":"standard","meta":{"om_disable_all_campaigns":false,"_monsterinsights_skip_tracking":false,"_monsterinsights_sitenote_active":false,"_monsterinsights_sitenote_note":"","_monsterinsights_sitenote_category":0,"_uf_show_specific_survey":0,"_uf_disable_surveys":false,"footnotes":""},"categories":[44587,57],"tags":[62403,62402,2179,1549,61598,10311,61889,6522,61890,62401,503,1372,9974],"aioseo_notices":[],"_links":{"self":[{"href":"https:\/\/www.cocondedecoration.com\/blog\/wp-json\/wp\/v2\/posts\/88539"}],"collection":[{"href":"https:\/\/www.cocondedecoration.com\/blog\/wp-json\/wp\/v2\/posts"}],"about":[{"href":"https:\/\/www.cocondedecoration.com\/blog\/wp-json\/wp\/v2\/types\/post"}],"author":[{"embeddable":true,"href":"https:\/\/www.cocondedecoration.com\/blog\/wp-json\/wp\/v2\/users\/1"}],"replies":[{"embeddable":true,"href":"https:\/\/www.cocondedecoration.com\/blog\/wp-json\/wp\/v2\/comments?post=88539"}],"version-history":[{"count":2,"href":"https:\/\/www.cocondedecoration.com\/blog\/wp-json\/wp\/v2\/posts\/88539\/revisions"}],"predecessor-version":[{"id":88559,"href":"https:\/\/www.cocondedecoration.com\/blog\/wp-json\/wp\/v2\/posts\/88539\/revisions\/88559"}],"wp:featuredmedia":[{"embeddable":true,"href":"https:\/\/www.cocondedecoration.com\/blog\/wp-json\/wp\/v2\/media\/88557"}],"wp:attachment":[{"href":"https:\/\/www.cocondedecoration.com\/blog\/wp-json\/wp\/v2\/media?parent=88539"}],"wp:term":[{"taxonomy":"category","embeddable":true,"href":"https:\/\/www.cocondedecoration.com\/blog\/wp-json\/wp\/v2\/categories?post=88539"},{"taxonomy":"post_tag","embeddable":true,"href":"https:\/\/www.cocondedecoration.com\/blog\/wp-json\/wp\/v2\/tags?post=88539"}],"curies":[{"name":"wp","href":"https:\/\/api.w.org\/{rel}","templated":true}]}}