{"id":88478,"date":"2026-03-10T08:15:31","date_gmt":"2026-03-10T06:15:31","guid":{"rendered":"https:\/\/www.cocondedecoration.com\/blog\/?p=88478"},"modified":"2026-03-10T08:15:33","modified_gmt":"2026-03-10T06:15:33","slug":"carport-moderne","status":"publish","type":"post","link":"https:\/\/www.cocondedecoration.com\/blog\/2026\/03\/carport-moderne\/","title":{"rendered":"Carport, une alternative \u00e9conomique pour abriter la voiture"},"content":{"rendered":"\n<p>L'am\u00e9nagement ext\u00e9rieur peut prendre bien des formes. Comme pour l'int\u00e9rieur de la maison, un am\u00e9nagement a du sens surtout quand il r\u00e9pond \u00e0 un besoin. Au fil des \u00e9t\u00e9s, j'ai d\u00e9j\u00e0 trait\u00e9 de nombreux am\u00e9nagements et besoins pour le jardin: la cuisine et l'espace repas ext\u00e9rieurs pour la convivialit\u00e9, l'\u00e9clairage ou la pergola pour le confort, les piscines et jacuzzi pour la fra\u00eecheur. Cette fois, on va s'int\u00e9resser \u00e0 un point plus pratico-pratique: la voiture, la \"ranger\" et la prot\u00e9ger gr\u00e2ce notamment au carport. <\/p>\n\n\n\n<!--more-->\n\n\n\n<h2 class=\"wp-block-heading\">D\u00e9finition: qu'est-ce qu'un carport? <\/h2>\n\n\n\n<p>Un carport est une installation ext\u00e9rieure qui remplace le garage. Un abri qui prot\u00e8ge la voiture des rayons du soleil mais aussi de la neige en hiver. C'est une solution plus l\u00e9g\u00e8re visuellement qu'un garage. Une mani\u00e8re de cr\u00e9er une place de parking couvert chez vous pour abriter la voiture, les v\u00e9los ou le camping-car. Un carport est compos\u00e9 de pieds et d'une toiture. Ce type d'abri voiture est \u00e9galement une solution plus \u00e9conomique et rapide que la cr\u00e9ation d'un garage. <\/p>\n\n\n\n<h2 class=\"wp-block-heading\">Diff\u00e9rences entre carport adoss\u00e9 et abri autoportant<\/h2>\n\n\n\n<p>Il y a deux types de carport: l'abri qui est adoss\u00e9 \u00e0 la fa\u00e7ade de la maison et le carport autoportant qui est autonome. <\/p>\n\n\n\n<figure class=\"wp-block-table\"><table class=\"has-fixed-layout\"><tbody><tr><td><\/td><td>Carport adoss\u00e9 <\/td><td>Carport autoportant \/ en \u00eelot<\/td><\/tr><tr><td>Nombre de piliers <\/td><td>2<\/td><td>4<\/td><\/tr><tr><td>Besoin d'un mur porteur <\/td><td>Oui<\/td><td>Non<\/td><\/tr><tr><td>Avantages <\/td><td>- gain de place<br>- possible acc\u00e8s direct \u00e0 la maison<\/td><td>- on le place o\u00f9 l'on veut<br>- pas la contrainte relative \u00e0 la dimension de la fa\u00e7ade sur laquelle on s'adosse <\/td><\/tr><tr><td>Prix <\/td><td>entre 350 et 6000\u20ac<\/td><td>entre 800 et 6000\u20ac<\/td><\/tr><\/tbody><\/table><\/figure>\n\n\n\n<p>A lire aussi: <a href=\"https:\/\/www.cocondedecoration.com\/blog\/2026\/01\/jacuzzi-exterieur-terrasse\/\" target=\"_blank\" rel=\"noopener\" title=\"\">Jacuzzi ext\u00e9rieur, comment l\u2019int\u00e9grer \u00e0 votre terrasse?<\/a><\/p>\n\n\n\n<h2 class=\"wp-block-heading\">Quels crit\u00e8res prendre en compte pour construire un carport dans le jardin? <\/h2>\n\n\n\n<p>Outre la \"pose\" de l'abri voiture, il y a plusieurs crit\u00e8res \u00e0 prendre en compte avant de vous lancer dans le projet. <\/p>\n\n\n\n<p>Le premier concerne les dimensions de votre am\u00e9nagement. Qu'allez-vous entreposer sous votre carport? La voiture? Des v\u00e9los? La caravane? Pour bien choisir votre carport, vous devez prendre en compte les dimensions de votre voiture par exemple et pr\u00e9voir un espace pour ouvrir les porti\u00e8res et circuler autour. Si vous avez une Twingo ou un SUV, vos besoins ne seront pas les m\u00eames. <\/p>\n\n\n\n<p>Ensuite vient la question des mat\u00e9riaux. Ils vont jouer sur le prix et l'esth\u00e9tique de votre am\u00e9nagement ext\u00e9rieur. Pour les poteaux et la charpente: <\/p>\n\n\n\n<ul>\n<li>Bois: pin, Douglas, \u00e9pic\u00e9a, ch\u00eane <\/li>\n\n\n\n<li>Aluminium <\/li>\n\n\n\n<li>Acier galvanis\u00e9 <\/li>\n\n\n\n<li>PVC <\/li>\n<\/ul>\n\n\n\n<p>Pour la toiture de votre carport, plusieurs choix sont possibles \u00e9galement: <\/p>\n\n\n\n<ul>\n<li>T\u00f4le ondul\u00e9e <\/li>\n\n\n\n<li>Polycarbonate <\/li>\n\n\n\n<li>Tuiles ou bitumes <\/li>\n<\/ul>\n\n\n\n<p>Le choix du rev\u00eatement d\u00e9pend de votre budget mais aussi du type de toitures: Toit plat (moderne), toit cintr\u00e9, ou toiture solaire avec panneaux photovolta\u00efques. <\/p>\n\n\n\n<p>Enfin, dernier crit\u00e8re \u00e0 prendre en compte: le choix d'un carport en kit ou d'un abri sur-mesure. M\u00eame s'il existe de tr\u00e8s nombreuses solutions en kit, si vous avez des besoins sp\u00e9cifiques, il faudra peut-\u00eatre faire appel \u00e0 du sur-mesure.  <\/p>\n\n\n\n<h2 class=\"wp-block-heading\">R\u00e9glementation pour la construction d'un carport pour abriter la voiture<\/h2>\n\n\n\n<p>M\u00eame si le carport est un am\u00e9nagement l\u00e9ger (en comparaison avec un garage classique), il est <a href=\"https:\/\/www.service-public.gouv.fr\/particuliers\/vosdroits\/F36773\" target=\"_blank\" rel=\"noopener\" title=\"\">soumis \u00e0 r\u00e9glementation<\/a>. Comme pour tout am\u00e9nagement, la superficie d\u00e9finit les d\u00e9marches. <\/p>\n\n\n\n<ul>\n<li>moins de 5m2: pas de d\u00e9marches \u00e0 faire <\/li>\n\n\n\n<li>entre 5 et 20m2: d\u00e9claration pr\u00e9ablable de travaux (Cerfa 13703*07)<\/li>\n\n\n\n<li>plus de 20m2: permis de construire<\/li>\n\n\n\n<li>hauteur sup\u00e9rieure \u00e0 12m: permis de construire<\/li>\n<\/ul>\n\n\n\n<p>Si votre logement se trouve dans une zone prot\u00e9g\u00e9e, il vous faudra l'autorisation par exemple des  architectes de monuments de France. Dans tous les cas, je vous recommande de vous rapprocher des services d'urbanisme de votre commune. <\/p>\n\n\n\n<p>Dans le cas o\u00f9 vous envisagez d'installer un carport ferm\u00e9 avec des panneaux et une porte, il va \u00eatre transform\u00e9 en garage. Cette diff\u00e9rence d'appellation jouera essentiellement sur les imp\u00f4ts mais aussi l'assurance de votre logement. <\/p>\n\n\n\n<h2 class=\"wp-block-heading\">O\u00f9 trouver un abri de voiture moderne? <\/h2>\n\n\n\n<p>De tr\u00e8s nombreuses enseignes proposent des carports. Il y a les grandes surfaces de bricolage comme Leroy Merlin ou Castorama. Il y a aussi les enseignes sp\u00e9cialis\u00e9es dans l'am\u00e9nagement ext\u00e9rieur qui proposent des carports: Akena, Gustave Rideau, France Abris, Concept Alu... <\/p>\n\n\n\n<p>Pour aller plus loin: <a href=\"https:\/\/www.cocondedecoration.com\/blog\/2024\/06\/cuisine-exterieure-pergola\/\" target=\"_blank\" rel=\"noopener\" title=\"\">Comment am\u00e9nager votre cuisine ext\u00e9rieure sous une pergola ?<\/a><\/p>\n\n\n\n<h2 class=\"wp-block-heading\">Exemples de carports pour am\u00e9nager votre ext\u00e9rieur <\/h2>\n\n\n\n<h3 class=\"wp-block-heading\">Carport bois <\/h3>\n\n\n\n<div class=\"wp-block-columns is-layout-flex wp-container-core-columns-layout-1 wp-block-columns-is-layout-flex\">\n<div class=\"wp-block-column is-layout-flow wp-block-column-is-layout-flow\">\n<figure class=\"wp-block-image size-large\"><a href=\"https:\/\/www.cocondedecoration.com\/blog\/wp-content\/uploads\/2026\/03\/exemple-carport.001.jpeg\"><img loading=\"lazy\" decoding=\"async\" width=\"640\" height=\"960\" src=\"https:\/\/www.cocondedecoration.com\/blog\/wp-content\/uploads\/2026\/03\/exemple-carport.001-640x960.jpeg\" alt=\"carport en bois abri ind\u00e9pendant dalle b\u00e9ton toit en t\u00f4le am\u00e9nagement parking couvert\" class=\"wp-image-88479\" title=\"carport en bois abri ind\u00e9pendant dalle b\u00e9ton toit en t\u00f4le am\u00e9nagement parking couvert\" srcset=\"https:\/\/www.cocondedecoration.com\/blog\/wp-content\/uploads\/2026\/03\/exemple-carport.001-640x960.jpeg 640w, https:\/\/www.cocondedecoration.com\/blog\/wp-content\/uploads\/2026\/03\/exemple-carport.001-260x390.jpeg 260w, https:\/\/www.cocondedecoration.com\/blog\/wp-content\/uploads\/2026\/03\/exemple-carport.001-768x1152.jpeg 768w, https:\/\/www.cocondedecoration.com\/blog\/wp-content\/uploads\/2026\/03\/exemple-carport.001-367x550.jpeg 367w, https:\/\/www.cocondedecoration.com\/blog\/wp-content\/uploads\/2026\/03\/exemple-carport.001-333x500.jpeg 333w, https:\/\/www.cocondedecoration.com\/blog\/wp-content\/uploads\/2026\/03\/exemple-carport.001.jpeg 1000w\" sizes=\"(max-width: 640px) 100vw, 640px\" \/><\/a><figcaption class=\"wp-element-caption\">bricommerce.com<\/figcaption><\/figure>\n<\/div>\n\n\n\n<div class=\"wp-block-column is-layout-flow wp-block-column-is-layout-flow\">\n<figure class=\"wp-block-image size-large\"><a href=\"https:\/\/www.cocondedecoration.com\/blog\/wp-content\/uploads\/2026\/03\/exemple-carport.002.jpeg\"><img loading=\"lazy\" decoding=\"async\" width=\"640\" height=\"960\" src=\"https:\/\/www.cocondedecoration.com\/blog\/wp-content\/uploads\/2026\/03\/exemple-carport.002-640x960.jpeg\" alt=\"exemple carport en bois autoportant 1 voiture am\u00e9nagement parking couvert devant garage \" class=\"wp-image-88480\" title=\"exemple carport en bois autoportant 1 voiture am\u00e9nagement parking couvert devant garage \" srcset=\"https:\/\/www.cocondedecoration.com\/blog\/wp-content\/uploads\/2026\/03\/exemple-carport.002-640x960.jpeg 640w, https:\/\/www.cocondedecoration.com\/blog\/wp-content\/uploads\/2026\/03\/exemple-carport.002-260x390.jpeg 260w, https:\/\/www.cocondedecoration.com\/blog\/wp-content\/uploads\/2026\/03\/exemple-carport.002-768x1152.jpeg 768w, https:\/\/www.cocondedecoration.com\/blog\/wp-content\/uploads\/2026\/03\/exemple-carport.002-367x550.jpeg 367w, https:\/\/www.cocondedecoration.com\/blog\/wp-content\/uploads\/2026\/03\/exemple-carport.002-333x500.jpeg 333w, https:\/\/www.cocondedecoration.com\/blog\/wp-content\/uploads\/2026\/03\/exemple-carport.002.jpeg 1000w\" sizes=\"(max-width: 640px) 100vw, 640px\" \/><\/a><figcaption class=\"wp-element-caption\">cerland.com<\/figcaption><\/figure>\n<\/div>\n<\/div>\n\n\n\n<h3 class=\"wp-block-heading\">Carport m\u00e9tal <\/h3>\n\n\n\n<div class=\"wp-block-columns is-layout-flex wp-container-core-columns-layout-2 wp-block-columns-is-layout-flex\">\n<div class=\"wp-block-column is-layout-flow wp-block-column-is-layout-flow\">\n<figure class=\"wp-block-image size-large\"><a href=\"https:\/\/www.cocondedecoration.com\/blog\/wp-content\/uploads\/2026\/03\/exemple-carport.003.jpeg\"><img loading=\"lazy\" decoding=\"async\" width=\"640\" height=\"960\" src=\"https:\/\/www.cocondedecoration.com\/blog\/wp-content\/uploads\/2026\/03\/exemple-carport.003-640x960.jpeg\" alt=\"carport c\u00f4t\u00e9 maison structure m\u00e9tal et bois moderne \" class=\"wp-image-88481\" title=\"carport c\u00f4t\u00e9 maison structure m\u00e9tal et bois moderne \" srcset=\"https:\/\/www.cocondedecoration.com\/blog\/wp-content\/uploads\/2026\/03\/exemple-carport.003-640x960.jpeg 640w, https:\/\/www.cocondedecoration.com\/blog\/wp-content\/uploads\/2026\/03\/exemple-carport.003-260x390.jpeg 260w, https:\/\/www.cocondedecoration.com\/blog\/wp-content\/uploads\/2026\/03\/exemple-carport.003-768x1152.jpeg 768w, https:\/\/www.cocondedecoration.com\/blog\/wp-content\/uploads\/2026\/03\/exemple-carport.003-367x550.jpeg 367w, https:\/\/www.cocondedecoration.com\/blog\/wp-content\/uploads\/2026\/03\/exemple-carport.003-333x500.jpeg 333w, https:\/\/www.cocondedecoration.com\/blog\/wp-content\/uploads\/2026\/03\/exemple-carport.003.jpeg 1000w\" sizes=\"(max-width: 640px) 100vw, 640px\" \/><\/a><figcaption class=\"wp-element-caption\">conceptabri.be<\/figcaption><\/figure>\n<\/div>\n\n\n\n<div class=\"wp-block-column is-layout-flow wp-block-column-is-layout-flow\">\n<figure class=\"wp-block-image size-large\"><a href=\"https:\/\/www.cocondedecoration.com\/blog\/wp-content\/uploads\/2026\/03\/exemple-carport.004.jpeg\"><img loading=\"lazy\" decoding=\"async\" width=\"640\" height=\"960\" src=\"https:\/\/www.cocondedecoration.com\/blog\/wp-content\/uploads\/2026\/03\/exemple-carport.004-640x960.jpeg\" alt=\"exemple carport en \u00eelot m\u00e9tal et verre autoportant devanture garage \" class=\"wp-image-88482\" title=\"exemple carport en \u00eelot m\u00e9tal et verre autoportant devanture garage \" srcset=\"https:\/\/www.cocondedecoration.com\/blog\/wp-content\/uploads\/2026\/03\/exemple-carport.004-640x960.jpeg 640w, https:\/\/www.cocondedecoration.com\/blog\/wp-content\/uploads\/2026\/03\/exemple-carport.004-260x390.jpeg 260w, https:\/\/www.cocondedecoration.com\/blog\/wp-content\/uploads\/2026\/03\/exemple-carport.004-768x1152.jpeg 768w, https:\/\/www.cocondedecoration.com\/blog\/wp-content\/uploads\/2026\/03\/exemple-carport.004-367x550.jpeg 367w, https:\/\/www.cocondedecoration.com\/blog\/wp-content\/uploads\/2026\/03\/exemple-carport.004-333x500.jpeg 333w, https:\/\/www.cocondedecoration.com\/blog\/wp-content\/uploads\/2026\/03\/exemple-carport.004.jpeg 1000w\" sizes=\"(max-width: 640px) 100vw, 640px\" \/><\/a><figcaption class=\"wp-element-caption\">metal-garden.com<\/figcaption><\/figure>\n<\/div>\n<\/div>\n\n\n\n<h3 class=\"wp-block-heading\">Exemple carport aluminium <\/h3>\n\n\n\n<div class=\"wp-block-columns is-layout-flex wp-container-core-columns-layout-3 wp-block-columns-is-layout-flex\">\n<div class=\"wp-block-column is-layout-flow wp-block-column-is-layout-flow\">\n<figure class=\"wp-block-image size-large\"><a href=\"https:\/\/www.cocondedecoration.com\/blog\/wp-content\/uploads\/2026\/03\/exemple-carport.005.jpeg\"><img loading=\"lazy\" decoding=\"async\" width=\"640\" height=\"960\" src=\"https:\/\/www.cocondedecoration.com\/blog\/wp-content\/uploads\/2026\/03\/exemple-carport.005-640x960.jpeg\" alt=\"carport en aluminium et verre \u00e9l\u00e9gant autoportant ind\u00e9pendant en \u00eelot \" class=\"wp-image-88483\" title=\"carport en aluminium et verre \u00e9l\u00e9gant autoportant ind\u00e9pendant en \u00eelot \" srcset=\"https:\/\/www.cocondedecoration.com\/blog\/wp-content\/uploads\/2026\/03\/exemple-carport.005-640x960.jpeg 640w, https:\/\/www.cocondedecoration.com\/blog\/wp-content\/uploads\/2026\/03\/exemple-carport.005-260x390.jpeg 260w, https:\/\/www.cocondedecoration.com\/blog\/wp-content\/uploads\/2026\/03\/exemple-carport.005-768x1152.jpeg 768w, https:\/\/www.cocondedecoration.com\/blog\/wp-content\/uploads\/2026\/03\/exemple-carport.005-367x550.jpeg 367w, https:\/\/www.cocondedecoration.com\/blog\/wp-content\/uploads\/2026\/03\/exemple-carport.005-333x500.jpeg 333w, https:\/\/www.cocondedecoration.com\/blog\/wp-content\/uploads\/2026\/03\/exemple-carport.005.jpeg 1000w\" sizes=\"(max-width: 640px) 100vw, 640px\" \/><\/a><figcaption class=\"wp-element-caption\">grosfillex-fenetres.com<\/figcaption><\/figure>\n<\/div>\n\n\n\n<div class=\"wp-block-column is-layout-flow wp-block-column-is-layout-flow\">\n<figure class=\"wp-block-image size-large\"><a href=\"https:\/\/www.cocondedecoration.com\/blog\/wp-content\/uploads\/2026\/03\/exemple-carport.006.jpeg\"><img loading=\"lazy\" decoding=\"async\" width=\"640\" height=\"960\" src=\"https:\/\/www.cocondedecoration.com\/blog\/wp-content\/uploads\/2026\/03\/exemple-carport.006-640x960.jpeg\" alt=\"exemple carport en aluminium \u00e9l\u00e9gant moderne et simple toit plat adoss\u00e9 2 murs \" class=\"wp-image-88484\" title=\"exemple carport en aluminium \u00e9l\u00e9gant moderne et simple toit plat adoss\u00e9 2 murs \" srcset=\"https:\/\/www.cocondedecoration.com\/blog\/wp-content\/uploads\/2026\/03\/exemple-carport.006-640x960.jpeg 640w, https:\/\/www.cocondedecoration.com\/blog\/wp-content\/uploads\/2026\/03\/exemple-carport.006-260x390.jpeg 260w, https:\/\/www.cocondedecoration.com\/blog\/wp-content\/uploads\/2026\/03\/exemple-carport.006-768x1152.jpeg 768w, https:\/\/www.cocondedecoration.com\/blog\/wp-content\/uploads\/2026\/03\/exemple-carport.006-367x550.jpeg 367w, https:\/\/www.cocondedecoration.com\/blog\/wp-content\/uploads\/2026\/03\/exemple-carport.006-333x500.jpeg 333w, https:\/\/www.cocondedecoration.com\/blog\/wp-content\/uploads\/2026\/03\/exemple-carport.006.jpeg 1000w\" sizes=\"(max-width: 640px) 100vw, 640px\" \/><\/a><figcaption class=\"wp-element-caption\">tschoeppe.fr<\/figcaption><\/figure>\n<\/div>\n<\/div>\n\n\n\n<h3 class=\"wp-block-heading\">Carport adoss\u00e9 <\/h3>\n\n\n\n<div class=\"wp-block-columns is-layout-flex wp-container-core-columns-layout-4 wp-block-columns-is-layout-flex\">\n<div class=\"wp-block-column is-layout-flow wp-block-column-is-layout-flow\">\n<figure class=\"wp-block-image size-large\"><a href=\"https:\/\/www.cocondedecoration.com\/blog\/wp-content\/uploads\/2026\/03\/exemple-carport.007.jpeg\"><img loading=\"lazy\" decoding=\"async\" width=\"640\" height=\"960\" src=\"https:\/\/www.cocondedecoration.com\/blog\/wp-content\/uploads\/2026\/03\/exemple-carport.007-640x960.jpeg\" alt=\"carport adoss\u00e9 moderne et minimaliste parking couvert pratique am\u00e9nagement ext\u00e9rieur \" class=\"wp-image-88485\" title=\"carport adoss\u00e9 moderne et minimaliste parking couvert pratique am\u00e9nagement ext\u00e9rieur \" srcset=\"https:\/\/www.cocondedecoration.com\/blog\/wp-content\/uploads\/2026\/03\/exemple-carport.007-640x960.jpeg 640w, https:\/\/www.cocondedecoration.com\/blog\/wp-content\/uploads\/2026\/03\/exemple-carport.007-260x390.jpeg 260w, https:\/\/www.cocondedecoration.com\/blog\/wp-content\/uploads\/2026\/03\/exemple-carport.007-768x1152.jpeg 768w, https:\/\/www.cocondedecoration.com\/blog\/wp-content\/uploads\/2026\/03\/exemple-carport.007-367x550.jpeg 367w, https:\/\/www.cocondedecoration.com\/blog\/wp-content\/uploads\/2026\/03\/exemple-carport.007-333x500.jpeg 333w, https:\/\/www.cocondedecoration.com\/blog\/wp-content\/uploads\/2026\/03\/exemple-carport.007.jpeg 1000w\" sizes=\"(max-width: 640px) 100vw, 640px\" \/><\/a><figcaption class=\"wp-element-caption\">yvescarton.fr<\/figcaption><\/figure>\n<\/div>\n\n\n\n<div class=\"wp-block-column is-layout-flow wp-block-column-is-layout-flow\">\n<figure class=\"wp-block-image size-large\"><a href=\"https:\/\/www.cocondedecoration.com\/blog\/wp-content\/uploads\/2026\/03\/exemple-carport.008.jpeg\"><img loading=\"lazy\" decoding=\"async\" width=\"640\" height=\"960\" src=\"https:\/\/www.cocondedecoration.com\/blog\/wp-content\/uploads\/2026\/03\/exemple-carport.008-640x960.jpeg\" alt=\"exemple carport adoss\u00e9 c\u00f4t\u00e9 maison petite terrasse une voiture berline \" class=\"wp-image-88486\" title=\"exemple carport adoss\u00e9 c\u00f4t\u00e9 maison petite terrasse une voiture berline \" srcset=\"https:\/\/www.cocondedecoration.com\/blog\/wp-content\/uploads\/2026\/03\/exemple-carport.008-640x960.jpeg 640w, https:\/\/www.cocondedecoration.com\/blog\/wp-content\/uploads\/2026\/03\/exemple-carport.008-260x390.jpeg 260w, https:\/\/www.cocondedecoration.com\/blog\/wp-content\/uploads\/2026\/03\/exemple-carport.008-768x1152.jpeg 768w, https:\/\/www.cocondedecoration.com\/blog\/wp-content\/uploads\/2026\/03\/exemple-carport.008-367x550.jpeg 367w, https:\/\/www.cocondedecoration.com\/blog\/wp-content\/uploads\/2026\/03\/exemple-carport.008-333x500.jpeg 333w, https:\/\/www.cocondedecoration.com\/blog\/wp-content\/uploads\/2026\/03\/exemple-carport.008.jpeg 1000w\" sizes=\"(max-width: 640px) 100vw, 640px\" \/><\/a><figcaption class=\"wp-element-caption\">vente-unique.com<\/figcaption><\/figure>\n<\/div>\n<\/div>\n\n\n\n<h3 class=\"wp-block-heading\">Carport adoss\u00e9 sans pied <\/h3>\n\n\n\n<div class=\"wp-block-columns is-layout-flex wp-container-core-columns-layout-5 wp-block-columns-is-layout-flex\">\n<div class=\"wp-block-column is-layout-flow wp-block-column-is-layout-flow\">\n<figure class=\"wp-block-image size-large\"><a href=\"https:\/\/www.cocondedecoration.com\/blog\/wp-content\/uploads\/2026\/03\/exemple-carport.009.jpeg\"><img loading=\"lazy\" decoding=\"async\" width=\"640\" height=\"960\" src=\"https:\/\/www.cocondedecoration.com\/blog\/wp-content\/uploads\/2026\/03\/exemple-carport.009-640x960.jpeg\" alt=\"carport adoss\u00e9 2 pieds mod\u00e8le aluminium moderne c\u00f4t\u00e9 fa\u00e7ade maison \" class=\"wp-image-88487\" title=\"carport adoss\u00e9 2 pieds mod\u00e8le aluminium moderne c\u00f4t\u00e9 fa\u00e7ade maison \" srcset=\"https:\/\/www.cocondedecoration.com\/blog\/wp-content\/uploads\/2026\/03\/exemple-carport.009-640x960.jpeg 640w, https:\/\/www.cocondedecoration.com\/blog\/wp-content\/uploads\/2026\/03\/exemple-carport.009-260x390.jpeg 260w, https:\/\/www.cocondedecoration.com\/blog\/wp-content\/uploads\/2026\/03\/exemple-carport.009-768x1152.jpeg 768w, https:\/\/www.cocondedecoration.com\/blog\/wp-content\/uploads\/2026\/03\/exemple-carport.009-367x550.jpeg 367w, https:\/\/www.cocondedecoration.com\/blog\/wp-content\/uploads\/2026\/03\/exemple-carport.009-333x500.jpeg 333w, https:\/\/www.cocondedecoration.com\/blog\/wp-content\/uploads\/2026\/03\/exemple-carport.009.jpeg 1000w\" sizes=\"(max-width: 640px) 100vw, 640px\" \/><\/a><figcaption class=\"wp-element-caption\">abrisud.com<\/figcaption><\/figure>\n<\/div>\n\n\n\n<div class=\"wp-block-column is-layout-flow wp-block-column-is-layout-flow\">\n<figure class=\"wp-block-image size-large\"><a href=\"https:\/\/www.cocondedecoration.com\/blog\/wp-content\/uploads\/2026\/03\/exemple-carport.010.jpeg\"><img loading=\"lazy\" decoding=\"async\" width=\"640\" height=\"960\" src=\"https:\/\/www.cocondedecoration.com\/blog\/wp-content\/uploads\/2026\/03\/exemple-carport.010-640x960.jpeg\" alt=\"exemple carport sans pied prolongement construction pr\u00e9au \u00e9l\u00e9gant moderne \" class=\"wp-image-88488\" title=\"exemple carport sans pied prolongement construction pr\u00e9au \u00e9l\u00e9gant moderne \" srcset=\"https:\/\/www.cocondedecoration.com\/blog\/wp-content\/uploads\/2026\/03\/exemple-carport.010-640x960.jpeg 640w, https:\/\/www.cocondedecoration.com\/blog\/wp-content\/uploads\/2026\/03\/exemple-carport.010-260x390.jpeg 260w, https:\/\/www.cocondedecoration.com\/blog\/wp-content\/uploads\/2026\/03\/exemple-carport.010-768x1152.jpeg 768w, https:\/\/www.cocondedecoration.com\/blog\/wp-content\/uploads\/2026\/03\/exemple-carport.010-367x550.jpeg 367w, https:\/\/www.cocondedecoration.com\/blog\/wp-content\/uploads\/2026\/03\/exemple-carport.010-333x500.jpeg 333w, https:\/\/www.cocondedecoration.com\/blog\/wp-content\/uploads\/2026\/03\/exemple-carport.010.jpeg 1000w\" sizes=\"(max-width: 640px) 100vw, 640px\" \/><\/a><figcaption class=\"wp-element-caption\">gc-terrasses.fr<\/figcaption><\/figure>\n<\/div>\n<\/div>\n\n\n\n<h3 class=\"wp-block-heading\">Abri voiture adoss\u00e9 \u00e0 la maison <\/h3>\n\n\n\n<div class=\"wp-block-columns is-layout-flex wp-container-core-columns-layout-6 wp-block-columns-is-layout-flex\">\n<div class=\"wp-block-column is-layout-flow wp-block-column-is-layout-flow\">\n<figure class=\"wp-block-image size-large\"><a href=\"https:\/\/www.cocondedecoration.com\/blog\/wp-content\/uploads\/2026\/03\/exemple-carport.011.jpeg\"><img loading=\"lazy\" decoding=\"async\" width=\"640\" height=\"960\" src=\"https:\/\/www.cocondedecoration.com\/blog\/wp-content\/uploads\/2026\/03\/exemple-carport.011-640x960.jpeg\" alt=\"carport adoss\u00e9 \u00e0 la maison am\u00e9nagement parking couvert  solution en kit \u00e0 monter soi-m\u00eame \" class=\"wp-image-88489\" title=\"carport adoss\u00e9 \u00e0 la maison am\u00e9nagement parking couvert  solution en kit \u00e0 monter soi-m\u00eame \" srcset=\"https:\/\/www.cocondedecoration.com\/blog\/wp-content\/uploads\/2026\/03\/exemple-carport.011-640x960.jpeg 640w, https:\/\/www.cocondedecoration.com\/blog\/wp-content\/uploads\/2026\/03\/exemple-carport.011-260x390.jpeg 260w, https:\/\/www.cocondedecoration.com\/blog\/wp-content\/uploads\/2026\/03\/exemple-carport.011-768x1152.jpeg 768w, https:\/\/www.cocondedecoration.com\/blog\/wp-content\/uploads\/2026\/03\/exemple-carport.011-367x550.jpeg 367w, https:\/\/www.cocondedecoration.com\/blog\/wp-content\/uploads\/2026\/03\/exemple-carport.011-333x500.jpeg 333w, https:\/\/www.cocondedecoration.com\/blog\/wp-content\/uploads\/2026\/03\/exemple-carport.011.jpeg 1000w\" sizes=\"(max-width: 640px) 100vw, 640px\" \/><\/a><figcaption class=\"wp-element-caption\">brico-fenetre.com<\/figcaption><\/figure>\n<\/div>\n\n\n\n<div class=\"wp-block-column is-layout-flow wp-block-column-is-layout-flow\">\n<figure class=\"wp-block-image size-large\"><a href=\"https:\/\/www.cocondedecoration.com\/blog\/wp-content\/uploads\/2026\/03\/exemple-carport.012.jpeg\"><img loading=\"lazy\" decoding=\"async\" width=\"640\" height=\"960\" src=\"https:\/\/www.cocondedecoration.com\/blog\/wp-content\/uploads\/2026\/03\/exemple-carport.012-640x960.jpeg\" alt=\"exemple carport adoss\u00e9 \u00e0 la maison fa\u00e7ade \u00e9l\u00e9gante bois et aluminium 2 voitures \" class=\"wp-image-88490\" title=\"exemple carport adoss\u00e9 \u00e0 la maison fa\u00e7ade \u00e9l\u00e9gante bois et aluminium 2 voitures \" srcset=\"https:\/\/www.cocondedecoration.com\/blog\/wp-content\/uploads\/2026\/03\/exemple-carport.012-640x960.jpeg 640w, https:\/\/www.cocondedecoration.com\/blog\/wp-content\/uploads\/2026\/03\/exemple-carport.012-260x390.jpeg 260w, https:\/\/www.cocondedecoration.com\/blog\/wp-content\/uploads\/2026\/03\/exemple-carport.012-768x1152.jpeg 768w, https:\/\/www.cocondedecoration.com\/blog\/wp-content\/uploads\/2026\/03\/exemple-carport.012-367x550.jpeg 367w, https:\/\/www.cocondedecoration.com\/blog\/wp-content\/uploads\/2026\/03\/exemple-carport.012-333x500.jpeg 333w, https:\/\/www.cocondedecoration.com\/blog\/wp-content\/uploads\/2026\/03\/exemple-carport.012.jpeg 1000w\" sizes=\"(max-width: 640px) 100vw, 640px\" \/><\/a><figcaption class=\"wp-element-caption\">studio-jardin-bois.com<\/figcaption><\/figure>\n<\/div>\n<\/div>\n\n\n\n<h3 class=\"wp-block-heading\">Exemple carport adoss\u00e9 bois <\/h3>\n\n\n\n<div class=\"wp-block-columns is-layout-flex wp-container-core-columns-layout-7 wp-block-columns-is-layout-flex\">\n<div class=\"wp-block-column is-layout-flow wp-block-column-is-layout-flow\">\n<figure class=\"wp-block-image size-large\"><a href=\"https:\/\/www.cocondedecoration.com\/blog\/wp-content\/uploads\/2026\/03\/exemple-carport.013.jpeg\"><img loading=\"lazy\" decoding=\"async\" width=\"640\" height=\"960\" src=\"https:\/\/www.cocondedecoration.com\/blog\/wp-content\/uploads\/2026\/03\/exemple-carport.013-640x960.jpeg\" alt=\"carport en bois adoss\u00e9 fa\u00e7ade de maison non-mitoyenne am\u00e9nagement ext\u00e9rieur chaleureux \" class=\"wp-image-88491\" title=\"carport en bois adoss\u00e9 fa\u00e7ade de maison non-mitoyenne am\u00e9nagement ext\u00e9rieur chaleureux \" srcset=\"https:\/\/www.cocondedecoration.com\/blog\/wp-content\/uploads\/2026\/03\/exemple-carport.013-640x960.jpeg 640w, https:\/\/www.cocondedecoration.com\/blog\/wp-content\/uploads\/2026\/03\/exemple-carport.013-260x390.jpeg 260w, https:\/\/www.cocondedecoration.com\/blog\/wp-content\/uploads\/2026\/03\/exemple-carport.013-768x1152.jpeg 768w, https:\/\/www.cocondedecoration.com\/blog\/wp-content\/uploads\/2026\/03\/exemple-carport.013-367x550.jpeg 367w, https:\/\/www.cocondedecoration.com\/blog\/wp-content\/uploads\/2026\/03\/exemple-carport.013-333x500.jpeg 333w, https:\/\/www.cocondedecoration.com\/blog\/wp-content\/uploads\/2026\/03\/exemple-carport.013.jpeg 1000w\" sizes=\"(max-width: 640px) 100vw, 640px\" \/><\/a><figcaption class=\"wp-element-caption\">bricoman.fr<\/figcaption><\/figure>\n<\/div>\n\n\n\n<div class=\"wp-block-column is-layout-flow wp-block-column-is-layout-flow\">\n<figure class=\"wp-block-image size-large\"><a href=\"https:\/\/www.cocondedecoration.com\/blog\/wp-content\/uploads\/2026\/03\/exemple-carport.014.jpeg\"><img loading=\"lazy\" decoding=\"async\" width=\"640\" height=\"960\" src=\"https:\/\/www.cocondedecoration.com\/blog\/wp-content\/uploads\/2026\/03\/exemple-carport.014-640x960.jpeg\" alt=\"exemple carport adoss\u00e9 en bois parking couvert c\u00f4t\u00e9 maison am\u00e9nagement \" class=\"wp-image-88492\" title=\"exemple carport adoss\u00e9 en bois parking couvert c\u00f4t\u00e9 maison am\u00e9nagement \" srcset=\"https:\/\/www.cocondedecoration.com\/blog\/wp-content\/uploads\/2026\/03\/exemple-carport.014-640x960.jpeg 640w, https:\/\/www.cocondedecoration.com\/blog\/wp-content\/uploads\/2026\/03\/exemple-carport.014-260x390.jpeg 260w, https:\/\/www.cocondedecoration.com\/blog\/wp-content\/uploads\/2026\/03\/exemple-carport.014-768x1152.jpeg 768w, https:\/\/www.cocondedecoration.com\/blog\/wp-content\/uploads\/2026\/03\/exemple-carport.014-367x550.jpeg 367w, https:\/\/www.cocondedecoration.com\/blog\/wp-content\/uploads\/2026\/03\/exemple-carport.014-333x500.jpeg 333w, https:\/\/www.cocondedecoration.com\/blog\/wp-content\/uploads\/2026\/03\/exemple-carport.014.jpeg 1000w\" sizes=\"(max-width: 640px) 100vw, 640px\" \/><\/a><figcaption class=\"wp-element-caption\">deco-charpente.fr<\/figcaption><\/figure>\n<\/div>\n<\/div>\n\n\n\n<h3 class=\"wp-block-heading\">Carport 2 voitures <\/h3>\n\n\n\n<div class=\"wp-block-columns is-layout-flex wp-container-core-columns-layout-8 wp-block-columns-is-layout-flex\">\n<div class=\"wp-block-column is-layout-flow wp-block-column-is-layout-flow\">\n<figure class=\"wp-block-image size-large\"><a href=\"https:\/\/www.cocondedecoration.com\/blog\/wp-content\/uploads\/2026\/03\/exemple-carport.015.jpeg\"><img loading=\"lazy\" decoding=\"async\" width=\"640\" height=\"960\" src=\"https:\/\/www.cocondedecoration.com\/blog\/wp-content\/uploads\/2026\/03\/exemple-carport.015-640x960.jpeg\" alt=\"carport 2 voitures am\u00e9nagement ext\u00e9rieur terrasse devant maison \" class=\"wp-image-88493\" title=\"carport 2 voitures am\u00e9nagement ext\u00e9rieur terrasse devant maison \" srcset=\"https:\/\/www.cocondedecoration.com\/blog\/wp-content\/uploads\/2026\/03\/exemple-carport.015-640x960.jpeg 640w, https:\/\/www.cocondedecoration.com\/blog\/wp-content\/uploads\/2026\/03\/exemple-carport.015-260x390.jpeg 260w, https:\/\/www.cocondedecoration.com\/blog\/wp-content\/uploads\/2026\/03\/exemple-carport.015-768x1152.jpeg 768w, https:\/\/www.cocondedecoration.com\/blog\/wp-content\/uploads\/2026\/03\/exemple-carport.015-367x550.jpeg 367w, https:\/\/www.cocondedecoration.com\/blog\/wp-content\/uploads\/2026\/03\/exemple-carport.015-333x500.jpeg 333w, https:\/\/www.cocondedecoration.com\/blog\/wp-content\/uploads\/2026\/03\/exemple-carport.015.jpeg 1000w\" sizes=\"(max-width: 640px) 100vw, 640px\" \/><\/a><figcaption class=\"wp-element-caption\">fenetre24.com<\/figcaption><\/figure>\n<\/div>\n\n\n\n<div class=\"wp-block-column is-layout-flow wp-block-column-is-layout-flow\">\n<figure class=\"wp-block-image size-large\"><a href=\"https:\/\/www.cocondedecoration.com\/blog\/wp-content\/uploads\/2026\/03\/exemple-carport.016.jpeg\"><img loading=\"lazy\" decoding=\"async\" width=\"640\" height=\"960\" src=\"https:\/\/www.cocondedecoration.com\/blog\/wp-content\/uploads\/2026\/03\/exemple-carport.016-640x960.jpeg\" alt=\"exemple carport pour 2 voitures adoss\u00e9 fa\u00e7ade maison alternative garage parking couvert \" class=\"wp-image-88494\" title=\"exemple carport pour 2 voitures adoss\u00e9 fa\u00e7ade maison alternative garage parking couvert \" srcset=\"https:\/\/www.cocondedecoration.com\/blog\/wp-content\/uploads\/2026\/03\/exemple-carport.016-640x960.jpeg 640w, https:\/\/www.cocondedecoration.com\/blog\/wp-content\/uploads\/2026\/03\/exemple-carport.016-260x390.jpeg 260w, https:\/\/www.cocondedecoration.com\/blog\/wp-content\/uploads\/2026\/03\/exemple-carport.016-768x1152.jpeg 768w, https:\/\/www.cocondedecoration.com\/blog\/wp-content\/uploads\/2026\/03\/exemple-carport.016-367x550.jpeg 367w, https:\/\/www.cocondedecoration.com\/blog\/wp-content\/uploads\/2026\/03\/exemple-carport.016-333x500.jpeg 333w, https:\/\/www.cocondedecoration.com\/blog\/wp-content\/uploads\/2026\/03\/exemple-carport.016.jpeg 1000w\" sizes=\"(max-width: 640px) 100vw, 640px\" \/><\/a><figcaption class=\"wp-element-caption\">var-pose-alu.com<\/figcaption><\/figure>\n<\/div>\n<\/div>\n\n\n\n<h3 class=\"wp-block-heading\">Exemple carport Camping-Car<\/h3>\n\n\n\n<div class=\"wp-block-columns is-layout-flex wp-container-core-columns-layout-9 wp-block-columns-is-layout-flex\">\n<div class=\"wp-block-column is-layout-flow wp-block-column-is-layout-flow\">\n<figure class=\"wp-block-image size-large\"><a href=\"https:\/\/www.cocondedecoration.com\/blog\/wp-content\/uploads\/2026\/03\/exemple-carport.017.jpeg\"><img loading=\"lazy\" decoding=\"async\" width=\"640\" height=\"960\" src=\"https:\/\/www.cocondedecoration.com\/blog\/wp-content\/uploads\/2026\/03\/exemple-carport.017-640x960.jpeg\" alt=\"carport camping-car protection ext\u00e9rieur hiver am\u00e9nagement bois pas cher \" class=\"wp-image-88495\" title=\"carport camping-car protection ext\u00e9rieur hiver am\u00e9nagement bois pas cher \" srcset=\"https:\/\/www.cocondedecoration.com\/blog\/wp-content\/uploads\/2026\/03\/exemple-carport.017-640x960.jpeg 640w, https:\/\/www.cocondedecoration.com\/blog\/wp-content\/uploads\/2026\/03\/exemple-carport.017-260x390.jpeg 260w, https:\/\/www.cocondedecoration.com\/blog\/wp-content\/uploads\/2026\/03\/exemple-carport.017-768x1152.jpeg 768w, https:\/\/www.cocondedecoration.com\/blog\/wp-content\/uploads\/2026\/03\/exemple-carport.017-367x550.jpeg 367w, https:\/\/www.cocondedecoration.com\/blog\/wp-content\/uploads\/2026\/03\/exemple-carport.017-333x500.jpeg 333w, https:\/\/www.cocondedecoration.com\/blog\/wp-content\/uploads\/2026\/03\/exemple-carport.017.jpeg 1000w\" sizes=\"(max-width: 640px) 100vw, 640px\" \/><\/a><figcaption class=\"wp-element-caption\">normandiecheval.fr<\/figcaption><\/figure>\n<\/div>\n\n\n\n<div class=\"wp-block-column is-layout-flow wp-block-column-is-layout-flow\">\n<figure class=\"wp-block-image size-large\"><a href=\"https:\/\/www.cocondedecoration.com\/blog\/wp-content\/uploads\/2026\/03\/exemple-carport.018.jpeg\"><img loading=\"lazy\" decoding=\"async\" width=\"640\" height=\"960\" src=\"https:\/\/www.cocondedecoration.com\/blog\/wp-content\/uploads\/2026\/03\/exemple-carport.018-640x960.jpeg\" alt=\"exemple carport van camping car am\u00e9nagement jardin protection \" class=\"wp-image-88496\" title=\"exemple carport van camping car am\u00e9nagement jardin protection \" srcset=\"https:\/\/www.cocondedecoration.com\/blog\/wp-content\/uploads\/2026\/03\/exemple-carport.018-640x960.jpeg 640w, https:\/\/www.cocondedecoration.com\/blog\/wp-content\/uploads\/2026\/03\/exemple-carport.018-260x390.jpeg 260w, https:\/\/www.cocondedecoration.com\/blog\/wp-content\/uploads\/2026\/03\/exemple-carport.018-768x1152.jpeg 768w, https:\/\/www.cocondedecoration.com\/blog\/wp-content\/uploads\/2026\/03\/exemple-carport.018-367x550.jpeg 367w, https:\/\/www.cocondedecoration.com\/blog\/wp-content\/uploads\/2026\/03\/exemple-carport.018-333x500.jpeg 333w, https:\/\/www.cocondedecoration.com\/blog\/wp-content\/uploads\/2026\/03\/exemple-carport.018.jpeg 1000w\" sizes=\"(max-width: 640px) 100vw, 640px\" \/><\/a><figcaption class=\"wp-element-caption\">renoval-veranda.com<\/figcaption><\/figure>\n<\/div>\n<\/div>\n\n\n\n<hr class=\"wp-block-separator has-alpha-channel-opacity is-style-wide\"\/>\n\n\n\n<p class=\"has-medium-font-size\"><strong>Des guides d\u00e9co pour vous aider \u00e0 d\u00e9corer et am\u00e9nager votre ext\u00e9rieur<\/strong><\/p>\n\n\n\n<div class=\"wp-block-cb-carousel\" data-slick=\"{&quot;slidesToShow&quot;:3,&quot;slidesToScroll&quot;:1,&quot;speed&quot;:300,&quot;arrows&quot;:true,&quot;dots&quot;:false,&quot;autoplay&quot;:true,&quot;autoplaySpeed&quot;:3000,&quot;infinite&quot;:true,&quot;responsive&quot;:[{&quot;breakpoint&quot;:769,&quot;settings&quot;:{&quot;slidesToShow&quot;:1,&quot;slidesToScroll&quot;:1}}]}\">\n<div class=\"wp-block-cb-slide\">\n<figure class=\"wp-block-image size-large is-resized\"><a href=\"https:\/\/www.cocondedecoration.com\/blog\/wp-content\/uploads\/2025\/04\/guide-deco-jardin-brasero-1.png\"><img loading=\"lazy\" decoding=\"async\" width=\"640\" height=\"960\" src=\"https:\/\/www.cocondedecoration.com\/blog\/wp-content\/uploads\/2025\/04\/guide-deco-jardin-brasero-1-640x960.png\" alt=\"guide deco jardin am\u00e9nagement brasero moderne \" class=\"wp-image-82815\" style=\"width:257px;height:auto\" title=\"guide d\u00e9co jardin am\u00e9nagement brasero\" srcset=\"https:\/\/www.cocondedecoration.com\/blog\/wp-content\/uploads\/2025\/04\/guide-deco-jardin-brasero-1-640x960.png 640w, https:\/\/www.cocondedecoration.com\/blog\/wp-content\/uploads\/2025\/04\/guide-deco-jardin-brasero-1-260x390.png 260w, https:\/\/www.cocondedecoration.com\/blog\/wp-content\/uploads\/2025\/04\/guide-deco-jardin-brasero-1-768x1152.png 768w, https:\/\/www.cocondedecoration.com\/blog\/wp-content\/uploads\/2025\/04\/guide-deco-jardin-brasero-1-367x550.png 367w, https:\/\/www.cocondedecoration.com\/blog\/wp-content\/uploads\/2025\/04\/guide-deco-jardin-brasero-1-333x500.png 333w, https:\/\/www.cocondedecoration.com\/blog\/wp-content\/uploads\/2025\/04\/guide-deco-jardin-brasero-1.png 1000w\" sizes=\"(max-width: 640px) 100vw, 640px\" \/><\/a><figcaption class=\"wp-element-caption\"><a href=\"https:\/\/www.cocondedecoration.com\/blog\/2021\/06\/ou-trouver-brasero-jardin\/\" target=\"_blank\" rel=\"noopener\" title=\"\">D\u00e9couvrir le guide<\/a><\/figcaption><\/figure>\n<\/div>\n\n\n\n<div class=\"wp-block-cb-slide\">\n<figure class=\"wp-block-image size-large\"><a href=\"https:\/\/www.cocondedecoration.com\/blog\/wp-content\/uploads\/2025\/04\/guide-deco-jardin-hamac.png\"><img loading=\"lazy\" decoding=\"async\" width=\"640\" height=\"960\" src=\"https:\/\/www.cocondedecoration.com\/blog\/wp-content\/uploads\/2025\/04\/guide-deco-jardin-hamac-640x960.png\" alt=\"guide d\u00e9co jardin am\u00e9nagement hamac\" class=\"wp-image-82808\" title=\"guide d\u00e9co jardin am\u00e9nagement hamac\" srcset=\"https:\/\/www.cocondedecoration.com\/blog\/wp-content\/uploads\/2025\/04\/guide-deco-jardin-hamac-640x960.png 640w, https:\/\/www.cocondedecoration.com\/blog\/wp-content\/uploads\/2025\/04\/guide-deco-jardin-hamac-260x390.png 260w, https:\/\/www.cocondedecoration.com\/blog\/wp-content\/uploads\/2025\/04\/guide-deco-jardin-hamac-768x1152.png 768w, https:\/\/www.cocondedecoration.com\/blog\/wp-content\/uploads\/2025\/04\/guide-deco-jardin-hamac-367x550.png 367w, https:\/\/www.cocondedecoration.com\/blog\/wp-content\/uploads\/2025\/04\/guide-deco-jardin-hamac-333x500.png 333w, https:\/\/www.cocondedecoration.com\/blog\/wp-content\/uploads\/2025\/04\/guide-deco-jardin-hamac.png 1000w\" sizes=\"(max-width: 640px) 100vw, 640px\" \/><\/a><figcaption class=\"wp-element-caption\"><a href=\"https:\/\/www.cocondedecoration.com\/blog\/2016\/06\/un-hamac-pour-se-reposer-cet-ete\/\" target=\"_blank\" rel=\"noopener\" title=\"\">D\u00e9couvrir le guide<\/a><\/figcaption><\/figure>\n<\/div>\n\n\n\n<div class=\"wp-block-cb-slide\">\n<figure class=\"wp-block-image size-large\"><a href=\"https:\/\/www.cocondedecoration.com\/blog\/wp-content\/uploads\/2025\/04\/guide-deco-jardin-rangement.png\"><img loading=\"lazy\" decoding=\"async\" width=\"640\" height=\"960\" src=\"https:\/\/www.cocondedecoration.com\/blog\/wp-content\/uploads\/2025\/04\/guide-deco-jardin-rangement-640x960.png\" alt=\"guide d\u00e9co jardin am\u00e9nagement rangement jardinage \" class=\"wp-image-82809\" title=\"guide d\u00e9co jardin am\u00e9nagement rangement jardinage \" srcset=\"https:\/\/www.cocondedecoration.com\/blog\/wp-content\/uploads\/2025\/04\/guide-deco-jardin-rangement-640x960.png 640w, https:\/\/www.cocondedecoration.com\/blog\/wp-content\/uploads\/2025\/04\/guide-deco-jardin-rangement-260x390.png 260w, https:\/\/www.cocondedecoration.com\/blog\/wp-content\/uploads\/2025\/04\/guide-deco-jardin-rangement-768x1152.png 768w, https:\/\/www.cocondedecoration.com\/blog\/wp-content\/uploads\/2025\/04\/guide-deco-jardin-rangement-367x550.png 367w, https:\/\/www.cocondedecoration.com\/blog\/wp-content\/uploads\/2025\/04\/guide-deco-jardin-rangement-333x500.png 333w, https:\/\/www.cocondedecoration.com\/blog\/wp-content\/uploads\/2025\/04\/guide-deco-jardin-rangement.png 1000w\" sizes=\"(max-width: 640px) 100vw, 640px\" \/><\/a><figcaption class=\"wp-element-caption\"><a href=\"https:\/\/www.cocondedecoration.com\/blog\/2023\/04\/rangement-jardin\/\" target=\"_blank\" rel=\"noopener\" title=\"\">D\u00e9couvrir le guide<\/a><\/figcaption><\/figure>\n<\/div>\n\n\n\n<div class=\"wp-block-cb-slide\">\n<figure class=\"wp-block-image size-large\"><a href=\"https:\/\/www.cocondedecoration.com\/blog\/wp-content\/uploads\/2025\/04\/guide-deco-jardin-salon-en-bois.png\"><img loading=\"lazy\" decoding=\"async\" width=\"640\" height=\"960\" src=\"https:\/\/www.cocondedecoration.com\/blog\/wp-content\/uploads\/2025\/04\/guide-deco-jardin-salon-en-bois-640x960.png\" alt=\"guide d\u00e9co jardin am\u00e9nagement salon de jardin en bois\" class=\"wp-image-82810\" title=\"guide d\u00e9co jardin am\u00e9nagement salon de jardin en bois\" srcset=\"https:\/\/www.cocondedecoration.com\/blog\/wp-content\/uploads\/2025\/04\/guide-deco-jardin-salon-en-bois-640x960.png 640w, https:\/\/www.cocondedecoration.com\/blog\/wp-content\/uploads\/2025\/04\/guide-deco-jardin-salon-en-bois-260x390.png 260w, https:\/\/www.cocondedecoration.com\/blog\/wp-content\/uploads\/2025\/04\/guide-deco-jardin-salon-en-bois-768x1152.png 768w, https:\/\/www.cocondedecoration.com\/blog\/wp-content\/uploads\/2025\/04\/guide-deco-jardin-salon-en-bois-367x550.png 367w, https:\/\/www.cocondedecoration.com\/blog\/wp-content\/uploads\/2025\/04\/guide-deco-jardin-salon-en-bois-333x500.png 333w, https:\/\/www.cocondedecoration.com\/blog\/wp-content\/uploads\/2025\/04\/guide-deco-jardin-salon-en-bois.png 1000w\" sizes=\"(max-width: 640px) 100vw, 640px\" \/><\/a><figcaption class=\"wp-element-caption\"><a href=\"https:\/\/www.cocondedecoration.com\/blog\/2022\/06\/ou-trouver-salon-jardin-bois\/\" target=\"_blank\" rel=\"noopener\" title=\"\">D\u00e9couvrir le guide<\/a><\/figcaption><\/figure>\n<\/div>\n<\/div>\n\n\n\n<p>Tous les guides autour du jardin et du balcon sont <a href=\"https:\/\/www.cocondedecoration.com\/blog\/category\/deco-piece-par-piece\/jardin-et-exterieur\/guide-deco-mobilier-de-jardin\/\" target=\"_blank\" rel=\"noopener\" title=\"\">dispo ici<\/a><\/p>\n\n\n\n<p class=\"has-small-font-size\">Source de l'image \u00e0 la une: neoverda.fr<\/p>\n","protected":false},"excerpt":{"rendered":"<p>Vous cherchez une solution pour abriter votre voiture? Une alternative au garage traditionnel? D\u00e9couvrez le carport, un am\u00e9nagement plus \u00e9conomique et d\u00e9co.<span class=\"more-link\"><a href=\"https:\/\/www.cocondedecoration.com\/blog\/2026\/03\/carport-moderne\/\">Lire la suite<\/a><\/span><\/p>\n","protected":false},"author":1,"featured_media":88497,"comment_status":"open","ping_status":"open","sticky":false,"template":"","format":"standard","meta":{"om_disable_all_campaigns":false,"_monsterinsights_skip_tracking":false,"_monsterinsights_sitenote_active":false,"_monsterinsights_sitenote_note":"","_monsterinsights_sitenote_category":0,"_uf_show_specific_survey":0,"_uf_disable_surveys":false,"footnotes":""},"categories":[1982],"tags":[3172,2246,62400,61896,62397,62398,22,61932,62399,1983],"aioseo_notices":[],"_links":{"self":[{"href":"https:\/\/www.cocondedecoration.com\/blog\/wp-json\/wp\/v2\/posts\/88478"}],"collection":[{"href":"https:\/\/www.cocondedecoration.com\/blog\/wp-json\/wp\/v2\/posts"}],"about":[{"href":"https:\/\/www.cocondedecoration.com\/blog\/wp-json\/wp\/v2\/types\/post"}],"author":[{"embeddable":true,"href":"https:\/\/www.cocondedecoration.com\/blog\/wp-json\/wp\/v2\/users\/1"}],"replies":[{"embeddable":true,"href":"https:\/\/www.cocondedecoration.com\/blog\/wp-json\/wp\/v2\/comments?post=88478"}],"version-history":[{"count":1,"href":"https:\/\/www.cocondedecoration.com\/blog\/wp-json\/wp\/v2\/posts\/88478\/revisions"}],"predecessor-version":[{"id":88498,"href":"https:\/\/www.cocondedecoration.com\/blog\/wp-json\/wp\/v2\/posts\/88478\/revisions\/88498"}],"wp:featuredmedia":[{"embeddable":true,"href":"https:\/\/www.cocondedecoration.com\/blog\/wp-json\/wp\/v2\/media\/88497"}],"wp:attachment":[{"href":"https:\/\/www.cocondedecoration.com\/blog\/wp-json\/wp\/v2\/media?parent=88478"}],"wp:term":[{"taxonomy":"category","embeddable":true,"href":"https:\/\/www.cocondedecoration.com\/blog\/wp-json\/wp\/v2\/categories?post=88478"},{"taxonomy":"post_tag","embeddable":true,"href":"https:\/\/www.cocondedecoration.com\/blog\/wp-json\/wp\/v2\/tags?post=88478"}],"curies":[{"name":"wp","href":"https:\/\/api.w.org\/{rel}","templated":true}]}}