{"id":8840,"date":"2014-11-24T10:48:34","date_gmt":"2014-11-24T08:48:34","guid":{"rendered":"http:\/\/www.cocondedecoration.com\/blog\/?p=8840"},"modified":"2015-01-22T10:29:06","modified_gmt":"2015-01-22T08:29:06","slug":"be-my-guest-matthieu-de-tiptoe","status":"publish","type":"post","link":"https:\/\/www.cocondedecoration.com\/blog\/2014\/11\/be-my-guest-matthieu-de-tiptoe\/","title":{"rendered":"Be my Guest &#8211; Matthieu de TipToe"},"content":{"rendered":"<p style=\"text-align: justify;\"><em>J'ai pu faire la connaissance de Matthieu gr\u00e2ce \u00e0 Facebook la semaine pass\u00e9e. Il n'a pas eu besoin de beaucoup de mails pour me convaincre de lui consacrer un article; En fait, il m'en a fallu un seul. Je suis tout de suite tomb\u00e9e sous le charme de son entreprise et de ses produits. TipToe c'est c'est l'entreprise. Il travaille dessus depuis plusieurs mois avec un ami designer. Le concept est simple: TipToe propose des pieds de tables et de meubles faciles \u00e0 installer avec des couleurs qui changent de l'ordinaire. Sans plus attendre, je laisse la parole \u00e0 Matthieu!<\/em><\/p>\n<p style=\"text-align: justify;\"><!--more--><\/p>\n<p><b>1\/ Qui es-tu\u00a0? <\/b><\/p>\n<p align=\"JUSTIFY\">Je m\u2019appelle Matthieu, j\u2019ai 25 ans. Je suis <strong>fou de d\u00e9coration d\u2019int\u00e9rieur<\/strong>, et particuli\u00e8rement des atmosph\u00e8res que l\u2019on peut cr\u00e9er gr\u00e2ce \u00e0 l\u2019ameublement et la d\u00e9coration. L\u2019atmosph\u00e8re d\u2019un lieu peut arriver \u00e0 faire changer l\u2019humeur ou l\u2019\u00e9tat d\u2019esprit d\u2019une personne, je trouve \u00e7a fascinant.<\/p>\n<p><b>2\/ Depuis quand as-tu cr\u00e9\u00e9 ton entreprise\u00a0? <\/b><\/p>\n<p align=\"JUSTIFY\">Nous l\u2019avons cr\u00e9\u00e9 il y a quelques mois avec un ami designer industriel. <strong>Les pr\u00e9ventes ouvrent le 25 novembre<\/strong> avec deux tailles et cinq coloris au choix (possibilit\u00e9 d\u2019opter pour des pieds d\u00e9pareill\u00e9s) et plusieurs plateaux propos\u00e9s. Les jeux de pieds seront disponibles \u00e0 moins de 89 EUR.<\/p>\n<p align=\"JUSTIFY\"><a href=\"http:\/\/www.cocondedecoration.com\/blog\/wp-content\/uploads\/2014\/11\/tiptoe-deco.jpeg\"><img loading=\"lazy\" decoding=\"async\" class=\"aligncenter size-full wp-image-8841\" src=\"http:\/\/www.cocondedecoration.com\/blog\/wp-content\/uploads\/2014\/11\/tiptoe-deco.jpeg\" alt=\"tiptoe deco\" width=\"484\" height=\"252\" srcset=\"https:\/\/www.cocondedecoration.com\/blog\/wp-content\/uploads\/2014\/11\/tiptoe-deco.jpeg 484w, https:\/\/www.cocondedecoration.com\/blog\/wp-content\/uploads\/2014\/11\/tiptoe-deco-260x135.jpeg 260w\" sizes=\"(max-width: 484px) 100vw, 484px\" \/><\/a><\/p>\n<p><b>3\/ Pourquoi les pieds de tables et de meubles\u00a0? <\/b><\/p>\n<p align=\"JUSTIFY\">J\u2019aime la simplicit\u00e9 et la libert\u00e9 qu\u2019offrent les concepts modulables. Cela laisse une grande part \u00e0 la cr\u00e9ativit\u00e9. \u00c9tant plut\u00f4t bricoleur j\u2019adore r\u00e9cup\u00e9rer des mat\u00e9riaux et <strong>transformer mon mobilier<\/strong>, m\u00eame tr\u00e8s l\u00e9g\u00e8rement. Je m\u2019approprie beaucoup mieux les int\u00e9rieurs de cette fa\u00e7on. C\u2019est ce qui fait que je me sens chez moi. Nous avons cr\u00e9\u00e9 TipToe avec cette m\u00eame id\u00e9e. Les pieds sont le socle de n\u2019importe quel meuble. Proposer des pieds qui sont indiff\u00e9rents au support, c\u2019est laisser <strong>une libert\u00e9 de cr\u00e9ation infinie,<\/strong> c\u2019est ce que nous avons ador\u00e9\u00a0dans cette id\u00e9e !<\/p>\n<p align=\"JUSTIFY\">Ajoutez \u00e0 cela un design industriel et des mat\u00e9riaux inusables, la possibilit\u00e9 d\u2019\u00eatre mont\u00e9 et d\u00e9mont\u00e9 en quelques secondes, de faire varier les dimensions comme on le souhaite en changeant le plateau, et tout cela au prix des meubles de grandes enseignes de mobilier low cost.<\/p>\n<p align=\"JUSTIFY\"><a href=\"http:\/\/www.cocondedecoration.com\/blog\/wp-content\/uploads\/2014\/11\/tiptoe-pied-de-mobilier-coiffeuse.jpeg\"><img loading=\"lazy\" decoding=\"async\" class=\"aligncenter size-full wp-image-8842\" src=\"http:\/\/www.cocondedecoration.com\/blog\/wp-content\/uploads\/2014\/11\/tiptoe-pied-de-mobilier-coiffeuse.jpeg\" alt=\"tiptoe pied de mobilier coiffeuse\" width=\"526\" height=\"347\" srcset=\"https:\/\/www.cocondedecoration.com\/blog\/wp-content\/uploads\/2014\/11\/tiptoe-pied-de-mobilier-coiffeuse.jpeg 526w, https:\/\/www.cocondedecoration.com\/blog\/wp-content\/uploads\/2014\/11\/tiptoe-pied-de-mobilier-coiffeuse-260x171.jpeg 260w\" sizes=\"(max-width: 526px) 100vw, 526px\" \/><\/a><\/p>\n<p><b>4\/ Dans un monde parfait, \u00e0 quoi ressemblerait ta maison\u00a0? <\/b><\/p>\n<p align=\"JUSTIFY\">J\u2019adore cette question\u2026 Premi\u00e8rement elle aurait une vue tr\u00e8s d\u00e9gag\u00e9e sur les montagnes et la mer en m\u00eame temps (si si, il y a des endroits o\u00f9 \u00e7a existe je crois\u2026), avec de grandes baies vitr\u00e9es. Ce serait <strong>une vieille b\u00e2tisse authentique<\/strong> dans laquelle des mat\u00e9riaux et meubles modernes viendrait apporter de la l\u00e9g\u00e8ret\u00e9. Les mat\u00e9riaux\u00a0: du verre et du bois, mais aussi de la pierre. J\u2019aimerais beaucoup de blanc pour la luminosit\u00e9, et des touches de rouge vif pour la chaleur du lieu. Une immense chemin\u00e9e et un mix de mobilier industriel et scandinave. Je ne sais pas si vous arrivez \u00e0 imaginer le r\u00e9sultat final mais je crois bien que ce ne serait pas mal du tout\u2026<\/p>\n<p><b>5\/ Si tu avais un budget illimit\u00e9, quel est l'objet d\u00e9co que tu t'offrirais\u00a0? <\/b><\/p>\n<p>En ce moment j\u2019ai besoin d\u2019un canap\u00e9, donc avec un budget illimit\u00e9 je pense que je foncerais chez Red Edition acheter un<strong> \u00ab\u00a0Love Seat\u00a0\u00bb 50\u2019s<\/strong> sans trop h\u00e9siter.<\/p>\n<p><b>6\/ Quel est l'objet qui te plait le plus dans ta boutique\u00a0? Pourquoi\u00a0? <\/b><\/p>\n<p>Sans doute des pieds de tables, je ne sais pas vraiment pourquoi\u2026 (rires)<\/p>\n<p><a href=\"http:\/\/www.cocondedecoration.com\/blog\/wp-content\/uploads\/2014\/11\/Tiptoe-pieds-de-bureau.jpeg\"><img loading=\"lazy\" decoding=\"async\" class=\"aligncenter size-full wp-image-8843\" src=\"http:\/\/www.cocondedecoration.com\/blog\/wp-content\/uploads\/2014\/11\/Tiptoe-pieds-de-bureau.jpeg\" alt=\"Tiptoe pieds de bureau\" width=\"525\" height=\"350\" srcset=\"https:\/\/www.cocondedecoration.com\/blog\/wp-content\/uploads\/2014\/11\/Tiptoe-pieds-de-bureau.jpeg 525w, https:\/\/www.cocondedecoration.com\/blog\/wp-content\/uploads\/2014\/11\/Tiptoe-pieds-de-bureau-260x173.jpeg 260w, https:\/\/www.cocondedecoration.com\/blog\/wp-content\/uploads\/2014\/11\/Tiptoe-pieds-de-bureau-440x294.jpeg 440w\" sizes=\"(max-width: 525px) 100vw, 525px\" \/><\/a><\/p>\n<p><b>7\/ Tes pr\u00e9sences sur les r\u00e9seaux sociaux\u00a0? <\/b><\/p>\n<p>Nous sommes sur <a href=\"https:\/\/www.facebook.com\/pages\/TipToe\/304689183054220\" target=\"_blank\">Facebook<\/a> et <a href=\"http:\/\/instagram.com\/tiptoedesign\" target=\"_blank\">Instagram<\/a> et <a href=\"http:\/\/tiptoe.fr\/\" target=\"_blank\">le site est par ici<\/a>. Bient\u00f4t sur Pinterest.<\/p>\n<p><a href=\"http:\/\/www.cocondedecoration.com\/blog\/wp-content\/uploads\/2014\/11\/tiptoe-pieds-rose-pour-table.jpeg\"><img loading=\"lazy\" decoding=\"async\" class=\"aligncenter size-full wp-image-8844\" src=\"http:\/\/www.cocondedecoration.com\/blog\/wp-content\/uploads\/2014\/11\/tiptoe-pieds-rose-pour-table.jpeg\" alt=\"tiptoe pieds rose pour table\" width=\"526\" height=\"347\" srcset=\"https:\/\/www.cocondedecoration.com\/blog\/wp-content\/uploads\/2014\/11\/tiptoe-pieds-rose-pour-table.jpeg 526w, https:\/\/www.cocondedecoration.com\/blog\/wp-content\/uploads\/2014\/11\/tiptoe-pieds-rose-pour-table-260x171.jpeg 260w\" sizes=\"(max-width: 526px) 100vw, 526px\" \/><\/a><\/p>\n","protected":false},"excerpt":{"rendered":"<p>J&rsquo;ai pu faire la connaissance de Matthieu gr\u00e2ce \u00e0 Facebook la semaine pass\u00e9e. Il n&rsquo;a pas eu besoin de beaucoup de mails pour me convaincre de lui consacrer un article; En fait, il m&rsquo;en a fallu un seul. Je suis tout de suite tomb\u00e9e sous le charme de son entreprise<span class=\"more-link\"><a href=\"https:\/\/www.cocondedecoration.com\/blog\/2014\/11\/be-my-guest-matthieu-de-tiptoe\/\">Lire la suite<\/a><\/span><\/p>\n","protected":false},"author":1,"featured_media":8845,"comment_status":"open","ping_status":"open","sticky":false,"template":"","format":"standard","meta":{"om_disable_all_campaigns":false,"_monsterinsights_skip_tracking":false,"_monsterinsights_sitenote_active":false,"_monsterinsights_sitenote_note":"","_monsterinsights_sitenote_category":0,"_uf_show_specific_survey":0,"_uf_disable_surveys":false,"footnotes":""},"categories":[1832,4],"tags":[1768,129,528,1723,1591,1294,1766,1765,1767,41],"aioseo_notices":[],"_links":{"self":[{"href":"https:\/\/www.cocondedecoration.com\/blog\/wp-json\/wp\/v2\/posts\/8840"}],"collection":[{"href":"https:\/\/www.cocondedecoration.com\/blog\/wp-json\/wp\/v2\/posts"}],"about":[{"href":"https:\/\/www.cocondedecoration.com\/blog\/wp-json\/wp\/v2\/types\/post"}],"author":[{"embeddable":true,"href":"https:\/\/www.cocondedecoration.com\/blog\/wp-json\/wp\/v2\/users\/1"}],"replies":[{"embeddable":true,"href":"https:\/\/www.cocondedecoration.com\/blog\/wp-json\/wp\/v2\/comments?post=8840"}],"version-history":[{"count":0,"href":"https:\/\/www.cocondedecoration.com\/blog\/wp-json\/wp\/v2\/posts\/8840\/revisions"}],"wp:featuredmedia":[{"embeddable":true,"href":"https:\/\/www.cocondedecoration.com\/blog\/wp-json\/wp\/v2\/media\/8845"}],"wp:attachment":[{"href":"https:\/\/www.cocondedecoration.com\/blog\/wp-json\/wp\/v2\/media?parent=8840"}],"wp:term":[{"taxonomy":"category","embeddable":true,"href":"https:\/\/www.cocondedecoration.com\/blog\/wp-json\/wp\/v2\/categories?post=8840"},{"taxonomy":"post_tag","embeddable":true,"href":"https:\/\/www.cocondedecoration.com\/blog\/wp-json\/wp\/v2\/tags?post=8840"}],"curies":[{"name":"wp","href":"https:\/\/api.w.org\/{rel}","templated":true}]}}