{"id":86845,"date":"2025-12-09T10:16:58","date_gmt":"2025-12-09T08:16:58","guid":{"rendered":"https:\/\/www.cocondedecoration.com\/blog\/?p=86845"},"modified":"2025-12-09T10:17:00","modified_gmt":"2025-12-09T08:17:00","slug":"tendances-salon-2026","status":"publish","type":"post","link":"https:\/\/www.cocondedecoration.com\/blog\/2025\/12\/tendances-salon-2026\/","title":{"rendered":"D\u00e9corer le salon: quelles tendances pour 2026?"},"content":{"rendered":"\n<p>Tous les ans, je t\u00e2che de faire un r\u00e9sum\u00e9 des futures tendances qui s'annoncent. M\u00eame si vous ne cherchez pas \u00e0 cr\u00e9er une d\u00e9co de salon totalement dans la tendance du moment, j'y vois une source int\u00e9ressante d'inspirations pour re-d\u00e9corer totalement la pi\u00e8ce de vie ou juste donner un nouveau souffle \u00e0 votre d\u00e9co existante. Voici 10 nouvelles tendances salon pour 2026. <\/p>\n\n\n\n<!--more-->\n\n\n\n<h2 class=\"wp-block-heading\">Mix and match de mat\u00e9riaux naturels pour un maximalisme \u00e9quilibr\u00e9<\/h2>\n\n\n\n<p>Ces derni\u00e8res ann\u00e9es on a beaucoup vu du bois associ\u00e9 \u00e0 des neutres (notamment de l'\u00e9cru). En 2026, on va un peu plus loin dans l'id\u00e9e de naturel et de mat\u00e9riaux. On va les superposer, les juxtaposer pour cr\u00e9er une nouvelle dynamique dans la pi\u00e8ce \u00e0 vivre. Une dynamique toujours naturelle. <\/p>\n\n\n\n<p>Ce qui est chouette, c'est que vous n'avez pas besoin de revendre <a href=\"https:\/\/www.cocondedecoration.com\/blog\/2018\/10\/conseils-deco-comment-bien-choisir-sa-table-basse\/\" target=\"_blank\" rel=\"noopener\" title=\"\">votre table basse<\/a> ou vos meubles de rangement en bois. Ils peuvent rester dans votre nouvelle d\u00e9co. En revanche, on va y ajouter d'autres textures comme du <a href=\"https:\/\/www.cocondedecoration.com\/blog\/2023\/11\/decoration-interieure-elegante-marbre\/\" target=\"_blank\" rel=\"noopener\" title=\"\">marbre<\/a> (plateau de table basse ou panneau mural), de la pierre (rev\u00eatement mural), des textiles et fibres naturels (jute, rotin, lin, bambou...) <\/p>\n\n\n\n<p>Le minimalisme tend a \u00e9volu\u00e9. Le moins mais mieux prend une autre forme. On va garder les mat\u00e9riaux naturels, les couleurs inspir\u00e9es de la nature, l'\u00e9quilibre des mat\u00e9riaux. En revanche, on va les utiliser de mani\u00e8re diff\u00e9rente. On aura une plus large palette de mat\u00e9riaux qui va cr\u00e9er une forme de maximalisme. Mais un maximalisme \u00e9quilibr\u00e9. <\/p>\n\n\n\n<figure class=\"wp-block-gallery has-nested-images columns-default is-cropped wp-block-gallery-1 is-layout-flex wp-block-gallery-is-layout-flex\">\n<figure class=\"wp-block-image size-large\"><a href=\"https:\/\/www.cocondedecoration.com\/blog\/wp-content\/uploads\/2025\/12\/tendances-salon-2026.001.jpeg\"><img loading=\"lazy\" decoding=\"async\" width=\"640\" height=\"960\" data-id=\"86847\" src=\"https:\/\/www.cocondedecoration.com\/blog\/wp-content\/uploads\/2025\/12\/tendances-salon-2026.001-640x960.jpeg\" alt=\"tendances salon 2026 m\u00e9lange de mat\u00e9riaux naturels maximalisme \u00e9quilibr\u00e9 marbre bois velours couleurs neutres \" class=\"wp-image-86847\" title=\"tendances salon 2026 m\u00e9lange de mat\u00e9riaux naturels maximalisme \u00e9quilibr\u00e9 marbre bois velours couleurs neutres \" srcset=\"https:\/\/www.cocondedecoration.com\/blog\/wp-content\/uploads\/2025\/12\/tendances-salon-2026.001-640x960.jpeg 640w, https:\/\/www.cocondedecoration.com\/blog\/wp-content\/uploads\/2025\/12\/tendances-salon-2026.001-260x390.jpeg 260w, https:\/\/www.cocondedecoration.com\/blog\/wp-content\/uploads\/2025\/12\/tendances-salon-2026.001-768x1152.jpeg 768w, https:\/\/www.cocondedecoration.com\/blog\/wp-content\/uploads\/2025\/12\/tendances-salon-2026.001-367x550.jpeg 367w, https:\/\/www.cocondedecoration.com\/blog\/wp-content\/uploads\/2025\/12\/tendances-salon-2026.001-333x500.jpeg 333w, https:\/\/www.cocondedecoration.com\/blog\/wp-content\/uploads\/2025\/12\/tendances-salon-2026.001.jpeg 1000w\" sizes=\"(max-width: 640px) 100vw, 640px\" \/><\/a><figcaption class=\"wp-element-caption\">instagram.com\/servinistudio\/<\/figcaption><\/figure>\n\n\n\n<figure class=\"wp-block-image size-large\"><a href=\"https:\/\/www.cocondedecoration.com\/blog\/wp-content\/uploads\/2025\/12\/tendances-salon-2026.002.jpeg\"><img loading=\"lazy\" decoding=\"async\" width=\"640\" height=\"960\" data-id=\"86848\" src=\"https:\/\/www.cocondedecoration.com\/blog\/wp-content\/uploads\/2025\/12\/tendances-salon-2026.002-640x960.jpeg\" alt=\"tendances d\u00e9co salon 2026 panneaux muraux marbre effet textur\u00e9 chic mat\u00e9riaux \" class=\"wp-image-86848\" title=\"tendances d\u00e9co salon 2026 panneaux muraux marbre effet textur\u00e9 chic mat\u00e9riaux \" srcset=\"https:\/\/www.cocondedecoration.com\/blog\/wp-content\/uploads\/2025\/12\/tendances-salon-2026.002-640x960.jpeg 640w, https:\/\/www.cocondedecoration.com\/blog\/wp-content\/uploads\/2025\/12\/tendances-salon-2026.002-260x390.jpeg 260w, https:\/\/www.cocondedecoration.com\/blog\/wp-content\/uploads\/2025\/12\/tendances-salon-2026.002-768x1152.jpeg 768w, https:\/\/www.cocondedecoration.com\/blog\/wp-content\/uploads\/2025\/12\/tendances-salon-2026.002-367x550.jpeg 367w, https:\/\/www.cocondedecoration.com\/blog\/wp-content\/uploads\/2025\/12\/tendances-salon-2026.002-333x500.jpeg 333w, https:\/\/www.cocondedecoration.com\/blog\/wp-content\/uploads\/2025\/12\/tendances-salon-2026.002.jpeg 1000w\" sizes=\"(max-width: 640px) 100vw, 640px\" \/><\/a><figcaption class=\"wp-element-caption\">fancyhouse-design.com<\/figcaption><\/figure>\n<\/figure>\n\n\n\n<h2 class=\"wp-block-heading\">Peindre en couleur les menuiseries du salon <\/h2>\n\n\n\n<p>Plinthes, poutres au plafond, encadrement de porte, encadrement de fen\u00eatre, portes de placard... G\u00e9n\u00e9ralement, on fait en sorte que ces d\u00e9tails d\u00e9coratifs se fondent dans la masse et se fassent oublier. Visiblement, l'une des tendances pour 2026 serait des les colorer. Et il y a plusieurs avantages dans cette d\u00e9marche: <\/p>\n\n\n\n<ul>\n<li>Pas besoin de changer totalement la d\u00e9co du salon <\/li>\n\n\n\n<li>Offrir une nouvelle dynamique \u00e0 l'espace <\/li>\n\n\n\n<li>Pas besoin de repeindre tout le salon (moins de travaux \u00e0 pr\u00e9voir) <\/li>\n\n\n\n<li>Apporter une nouvelle touche de couleur chez vous <\/li>\n<\/ul>\n\n\n\n<p>A lire aussi: <a href=\"https:\/\/www.cocondedecoration.com\/blog\/2023\/05\/peinture-boiseries-interieures\/\" target=\"_blank\" rel=\"noopener\" title=\"\">Peindre, r\u00e9nover, colorer des boiseries int\u00e9rieures<\/a><\/p>\n\n\n\n<figure class=\"wp-block-gallery has-nested-images columns-default is-cropped wp-block-gallery-2 is-layout-flex wp-block-gallery-is-layout-flex\">\n<figure class=\"wp-block-image size-large\"><a href=\"https:\/\/www.cocondedecoration.com\/blog\/wp-content\/uploads\/2025\/12\/tendances-salon-2026.003.jpeg\"><img loading=\"lazy\" decoding=\"async\" width=\"640\" height=\"960\" data-id=\"86850\" src=\"https:\/\/www.cocondedecoration.com\/blog\/wp-content\/uploads\/2025\/12\/tendances-salon-2026.003-640x960.jpeg\" alt=\"tendances salon 2026 peinture couleur boiseries portes vitr\u00e9e vert chic et \u00e9l\u00e9gant \" class=\"wp-image-86850\" title=\"tendances salon 2026 peinture couleur boiseries portes vitr\u00e9e vert chic et \u00e9l\u00e9gant \" srcset=\"https:\/\/www.cocondedecoration.com\/blog\/wp-content\/uploads\/2025\/12\/tendances-salon-2026.003-640x960.jpeg 640w, https:\/\/www.cocondedecoration.com\/blog\/wp-content\/uploads\/2025\/12\/tendances-salon-2026.003-260x390.jpeg 260w, https:\/\/www.cocondedecoration.com\/blog\/wp-content\/uploads\/2025\/12\/tendances-salon-2026.003-768x1152.jpeg 768w, https:\/\/www.cocondedecoration.com\/blog\/wp-content\/uploads\/2025\/12\/tendances-salon-2026.003-367x550.jpeg 367w, https:\/\/www.cocondedecoration.com\/blog\/wp-content\/uploads\/2025\/12\/tendances-salon-2026.003-333x500.jpeg 333w, https:\/\/www.cocondedecoration.com\/blog\/wp-content\/uploads\/2025\/12\/tendances-salon-2026.003.jpeg 1000w\" sizes=\"(max-width: 640px) 100vw, 640px\" \/><\/a><figcaption class=\"wp-element-caption\">instagram.com\/playmatters.dubai<\/figcaption><\/figure>\n\n\n\n<figure class=\"wp-block-image size-large\"><a href=\"https:\/\/www.cocondedecoration.com\/blog\/wp-content\/uploads\/2025\/12\/tendances-salon-2026.004.jpeg\"><img loading=\"lazy\" decoding=\"async\" width=\"640\" height=\"960\" data-id=\"86849\" src=\"https:\/\/www.cocondedecoration.com\/blog\/wp-content\/uploads\/2025\/12\/tendances-salon-2026.004-640x960.jpeg\" alt=\"tendances d\u00e9co salon 2026 peinture porte int\u00e9rieure vitr\u00e9e plinthe orange id\u00e9e originale \" class=\"wp-image-86849\" title=\"tendances d\u00e9co salon 2026 peinture porte int\u00e9rieure vitr\u00e9e plinthe orange id\u00e9e originale \" srcset=\"https:\/\/www.cocondedecoration.com\/blog\/wp-content\/uploads\/2025\/12\/tendances-salon-2026.004-640x960.jpeg 640w, https:\/\/www.cocondedecoration.com\/blog\/wp-content\/uploads\/2025\/12\/tendances-salon-2026.004-260x390.jpeg 260w, https:\/\/www.cocondedecoration.com\/blog\/wp-content\/uploads\/2025\/12\/tendances-salon-2026.004-768x1152.jpeg 768w, https:\/\/www.cocondedecoration.com\/blog\/wp-content\/uploads\/2025\/12\/tendances-salon-2026.004-367x550.jpeg 367w, https:\/\/www.cocondedecoration.com\/blog\/wp-content\/uploads\/2025\/12\/tendances-salon-2026.004-333x500.jpeg 333w, https:\/\/www.cocondedecoration.com\/blog\/wp-content\/uploads\/2025\/12\/tendances-salon-2026.004.jpeg 1000w\" sizes=\"(max-width: 640px) 100vw, 640px\" \/><\/a><figcaption class=\"wp-element-caption\">se.readly.com<\/figcaption><\/figure>\n<\/figure>\n\n\n\n<h2 class=\"wp-block-heading\">Freehand artistry quand l'art \u00e0 main lev\u00e9 vous aide \u00e0 d\u00e9corer le salon <\/h2>\n\n\n\n<p>J'ai l'impression qu'en 2026, notamment dans le salon, on va chercher \u00e0 casser une certaine forme plus ou moins rigide de d\u00e9coration. Que ce soit dans la superposition de mat\u00e9riaux ou dans le fait de colorer les boiseries, l'id\u00e9e n'est pas de tout changer mais d'apporter un nouveau rythme \u00e0 la pi\u00e8ce de vie. Quelque chose qui change, quelque chose qui casse l'ordre \u00e9tabli. Il n'est pas question de cr\u00e9er du chaos (si vous avez des enfants ou si vous \u00eates bord\u00e9lique comme moi, vous savez que c'est un lifestyle plus qu'un style d\u00e9co). Pas de chaos, juste un nouveau rythme. <\/p>\n\n\n\n<p>Et pour la 3\u00e8me tendance de cet article, on est dans la m\u00eame veine avec des motifs peints \u00e0 la main. Que ce soit vous ou un artiste qui les r\u00e9alisiez, ces motifs imparfaits vont casser la monotonie ou du moins l'ordre \u00e9tabli. On va pouvoir les retrouver sous forme de toiles murales, de fresques, de sculptures. Des petits d\u00e9tails qui vont vous aider \u00e0 parfaire votre d\u00e9co de salon. <\/p>\n\n\n\n<p>Ceci peut vous int\u00e9resser: <a href=\"https:\/\/www.cocondedecoration.com\/blog\/2025\/11\/decoration-salon-mur\/\" target=\"_blank\" rel=\"noopener\" title=\"\">Quelle d\u00e9coration murale mettre en oeuvre dans le salon?<\/a><\/p>\n\n\n\n<figure class=\"wp-block-gallery has-nested-images columns-default is-cropped wp-block-gallery-3 is-layout-flex wp-block-gallery-is-layout-flex\">\n<figure class=\"wp-block-image size-large\"><a href=\"https:\/\/www.cocondedecoration.com\/blog\/wp-content\/uploads\/2025\/12\/tendances-salon-2026.005.jpeg\"><img loading=\"lazy\" decoding=\"async\" width=\"640\" height=\"960\" data-id=\"86852\" src=\"https:\/\/www.cocondedecoration.com\/blog\/wp-content\/uploads\/2025\/12\/tendances-salon-2026.005-640x960.jpeg\" alt=\"tendances salon 2026 tableau mural peint \u00e0 la main freehand art \" class=\"wp-image-86852\" title=\"tendances salon 2026 tableau mural peint \u00e0 la main freehand art \" srcset=\"https:\/\/www.cocondedecoration.com\/blog\/wp-content\/uploads\/2025\/12\/tendances-salon-2026.005-640x960.jpeg 640w, https:\/\/www.cocondedecoration.com\/blog\/wp-content\/uploads\/2025\/12\/tendances-salon-2026.005-260x390.jpeg 260w, https:\/\/www.cocondedecoration.com\/blog\/wp-content\/uploads\/2025\/12\/tendances-salon-2026.005-768x1152.jpeg 768w, https:\/\/www.cocondedecoration.com\/blog\/wp-content\/uploads\/2025\/12\/tendances-salon-2026.005-367x550.jpeg 367w, https:\/\/www.cocondedecoration.com\/blog\/wp-content\/uploads\/2025\/12\/tendances-salon-2026.005-333x500.jpeg 333w, https:\/\/www.cocondedecoration.com\/blog\/wp-content\/uploads\/2025\/12\/tendances-salon-2026.005.jpeg 1000w\" sizes=\"(max-width: 640px) 100vw, 640px\" \/><\/a><figcaption class=\"wp-element-caption\">thedesignfiles.net<\/figcaption><\/figure>\n\n\n\n<figure class=\"wp-block-image size-large\"><a href=\"https:\/\/www.cocondedecoration.com\/blog\/wp-content\/uploads\/2025\/12\/tendances-salon-2026.006.jpeg\"><img loading=\"lazy\" decoding=\"async\" width=\"640\" height=\"960\" data-id=\"86851\" src=\"https:\/\/www.cocondedecoration.com\/blog\/wp-content\/uploads\/2025\/12\/tendances-salon-2026.006-640x960.jpeg\" alt=\"tendances d\u00e9co salon 2026 d\u00e9coration murale \u00e0 main lev\u00e9e freehand artstyle \" class=\"wp-image-86851\" title=\"tendances d\u00e9co salon 2026 d\u00e9coration murale \u00e0 main lev\u00e9e freehand artstyle \" srcset=\"https:\/\/www.cocondedecoration.com\/blog\/wp-content\/uploads\/2025\/12\/tendances-salon-2026.006-640x960.jpeg 640w, https:\/\/www.cocondedecoration.com\/blog\/wp-content\/uploads\/2025\/12\/tendances-salon-2026.006-260x390.jpeg 260w, https:\/\/www.cocondedecoration.com\/blog\/wp-content\/uploads\/2025\/12\/tendances-salon-2026.006-768x1152.jpeg 768w, https:\/\/www.cocondedecoration.com\/blog\/wp-content\/uploads\/2025\/12\/tendances-salon-2026.006-367x550.jpeg 367w, https:\/\/www.cocondedecoration.com\/blog\/wp-content\/uploads\/2025\/12\/tendances-salon-2026.006-333x500.jpeg 333w, https:\/\/www.cocondedecoration.com\/blog\/wp-content\/uploads\/2025\/12\/tendances-salon-2026.006.jpeg 1000w\" sizes=\"(max-width: 640px) 100vw, 640px\" \/><\/a><figcaption class=\"wp-element-caption\">apartmenttherapy.com<\/figcaption><\/figure>\n<\/figure>\n\n\n\n<h2 class=\"wp-block-heading\">Meuble en bois textur\u00e9 dans le salon <\/h2>\n\n\n\n<p>Cela fait maintenant un ou deux ans qu'on a vu arriver dans la sph\u00e8re d\u00e9co du bois textur\u00e9. Il peut \u00eatre ondul\u00e9, cannel\u00e9, rainur\u00e9. Et cette tendance perdure en 2026. Ce qui est int\u00e9ressant c'est qu'il est<a href=\"https:\/\/www.cocondedecoration.com\/blog\/2025\/11\/mobilier-ondule-cannele\/\" target=\"_blank\" rel=\"noopener\" title=\"\"> de plus en plus facile de trouver<\/a> du mobilier de salon en bois avec une finition textur\u00e9e. La table basse est sans doute l'\u00e9l\u00e9ment le plus facile \u00e0 changer. <\/p>\n\n\n\n<figure class=\"wp-block-gallery has-nested-images columns-default is-cropped wp-block-gallery-4 is-layout-flex wp-block-gallery-is-layout-flex\">\n<figure class=\"wp-block-image size-large\"><a href=\"https:\/\/www.cocondedecoration.com\/blog\/wp-content\/uploads\/2025\/12\/tendances-salon-2026.007.jpeg\"><img loading=\"lazy\" decoding=\"async\" width=\"640\" height=\"960\" data-id=\"86853\" src=\"https:\/\/www.cocondedecoration.com\/blog\/wp-content\/uploads\/2025\/12\/tendances-salon-2026.007-640x960.jpeg\" alt=\"tendances d\u00e9co salon 2026 meuble textur\u00e9 table basse pi\u00e8tement cannel\u00e9 \" class=\"wp-image-86853\" title=\"tendances d\u00e9co salon 2026 meuble textur\u00e9 table basse pi\u00e8tement cannel\u00e9 \" srcset=\"https:\/\/www.cocondedecoration.com\/blog\/wp-content\/uploads\/2025\/12\/tendances-salon-2026.007-640x960.jpeg 640w, https:\/\/www.cocondedecoration.com\/blog\/wp-content\/uploads\/2025\/12\/tendances-salon-2026.007-260x390.jpeg 260w, https:\/\/www.cocondedecoration.com\/blog\/wp-content\/uploads\/2025\/12\/tendances-salon-2026.007-768x1152.jpeg 768w, https:\/\/www.cocondedecoration.com\/blog\/wp-content\/uploads\/2025\/12\/tendances-salon-2026.007-367x550.jpeg 367w, https:\/\/www.cocondedecoration.com\/blog\/wp-content\/uploads\/2025\/12\/tendances-salon-2026.007-333x500.jpeg 333w, https:\/\/www.cocondedecoration.com\/blog\/wp-content\/uploads\/2025\/12\/tendances-salon-2026.007.jpeg 1000w\" sizes=\"(max-width: 640px) 100vw, 640px\" \/><\/a><figcaption class=\"wp-element-caption\">leroymerlin.fr<\/figcaption><\/figure>\n\n\n\n<figure class=\"wp-block-image size-large\"><a href=\"https:\/\/www.cocondedecoration.com\/blog\/wp-content\/uploads\/2025\/12\/tendances-salon-2026.008.jpeg\"><img loading=\"lazy\" decoding=\"async\" width=\"640\" height=\"960\" data-id=\"86854\" src=\"https:\/\/www.cocondedecoration.com\/blog\/wp-content\/uploads\/2025\/12\/tendances-salon-2026.008-640x960.jpeg\" alt=\"tendances salon 2026 meuble buffet vaisselier porte textur\u00e9 ambiance moderne \" class=\"wp-image-86854\" title=\"tendances salon 2026 meuble buffet vaisselier porte textur\u00e9 ambiance moderne \" srcset=\"https:\/\/www.cocondedecoration.com\/blog\/wp-content\/uploads\/2025\/12\/tendances-salon-2026.008-640x960.jpeg 640w, https:\/\/www.cocondedecoration.com\/blog\/wp-content\/uploads\/2025\/12\/tendances-salon-2026.008-260x390.jpeg 260w, https:\/\/www.cocondedecoration.com\/blog\/wp-content\/uploads\/2025\/12\/tendances-salon-2026.008-768x1152.jpeg 768w, https:\/\/www.cocondedecoration.com\/blog\/wp-content\/uploads\/2025\/12\/tendances-salon-2026.008-367x550.jpeg 367w, https:\/\/www.cocondedecoration.com\/blog\/wp-content\/uploads\/2025\/12\/tendances-salon-2026.008-333x500.jpeg 333w, https:\/\/www.cocondedecoration.com\/blog\/wp-content\/uploads\/2025\/12\/tendances-salon-2026.008.jpeg 1000w\" sizes=\"(max-width: 640px) 100vw, 640px\" \/><\/a><figcaption class=\"wp-element-caption\">instagram.com\/madduxcreative\/<\/figcaption><\/figure>\n<\/figure>\n\n\n\n<h2 class=\"wp-block-heading\">Canap\u00e9s XXL pour un salon hyper confortable <\/h2>\n\n\n\n<p>Si vous suivez un peu les tendances ces derni\u00e8res ann\u00e9es, vous savez que l'audace peut \u00eatre un moteur pour d\u00e9corer un espace. L'audace peut se retranscrire de tr\u00e8s nombreuses mani\u00e8res. Perso, j'aime les motifs ou encore les couleurs. <\/p>\n\n\n\n<p>Et l\u00e0 dans le salon, il y a une nouvelle forme d'audace qui va voir le jour: les assises en grand format, tr\u00e8s grand format. Que ce soit le fauteuil ou le canap\u00e9, ils seront en taille XXL. Un <a href=\"https:\/\/www.cocondedecoration.com\/blog\/2020\/05\/conseils-deco-tout-savoir-sur-le-canape-dangle\/\" target=\"_blank\" rel=\"noopener\" title=\"\">grand canap\u00e9<\/a>, vous allez me dire que \u00e7a n'a rien d'audacieux. Et dans l'absolu, vous aurez raison. En revanche, cela va modifier le ratio classique canap\u00e9 \/ espace vide autour. Cela va cr\u00e9er un am\u00e9nagement plus cosy et plus imposant. <\/p>\n\n\n\n<figure class=\"wp-block-gallery has-nested-images columns-default is-cropped wp-block-gallery-5 is-layout-flex wp-block-gallery-is-layout-flex\">\n<figure class=\"wp-block-image size-large\"><a href=\"https:\/\/www.cocondedecoration.com\/blog\/wp-content\/uploads\/2025\/12\/tendances-salon-2026.009.jpeg\"><img loading=\"lazy\" decoding=\"async\" width=\"640\" height=\"960\" data-id=\"86856\" src=\"https:\/\/www.cocondedecoration.com\/blog\/wp-content\/uploads\/2025\/12\/tendances-salon-2026.009-640x960.jpeg\" alt=\"tendances d\u00e9co salon 2026 canap\u00e9 format XXL angle grande capacit\u00e9 d'assise confort cosy \" class=\"wp-image-86856\" title=\"tendances d\u00e9co salon 2026 canap\u00e9 format XXL angle grande capacit\u00e9 d'assise confort cosy \" srcset=\"https:\/\/www.cocondedecoration.com\/blog\/wp-content\/uploads\/2025\/12\/tendances-salon-2026.009-640x960.jpeg 640w, https:\/\/www.cocondedecoration.com\/blog\/wp-content\/uploads\/2025\/12\/tendances-salon-2026.009-260x390.jpeg 260w, https:\/\/www.cocondedecoration.com\/blog\/wp-content\/uploads\/2025\/12\/tendances-salon-2026.009-768x1152.jpeg 768w, https:\/\/www.cocondedecoration.com\/blog\/wp-content\/uploads\/2025\/12\/tendances-salon-2026.009-367x550.jpeg 367w, https:\/\/www.cocondedecoration.com\/blog\/wp-content\/uploads\/2025\/12\/tendances-salon-2026.009-333x500.jpeg 333w, https:\/\/www.cocondedecoration.com\/blog\/wp-content\/uploads\/2025\/12\/tendances-salon-2026.009.jpeg 1000w\" sizes=\"(max-width: 640px) 100vw, 640px\" \/><\/a><figcaption class=\"wp-element-caption\">haus-und-gartentrends.de<\/figcaption><\/figure>\n\n\n\n<figure class=\"wp-block-image size-large\"><a href=\"https:\/\/www.cocondedecoration.com\/blog\/wp-content\/uploads\/2025\/12\/tendances-salon-2026.010.jpeg\"><img loading=\"lazy\" decoding=\"async\" width=\"640\" height=\"960\" data-id=\"86855\" src=\"https:\/\/www.cocondedecoration.com\/blog\/wp-content\/uploads\/2025\/12\/tendances-salon-2026.010-640x960.jpeg\" alt=\"tendances salon 2026 canap\u00e9 d'angle XXL moderne grand format \" class=\"wp-image-86855\" title=\"tendances salon 2026 canap\u00e9 d'angle XXL moderne grand format \" srcset=\"https:\/\/www.cocondedecoration.com\/blog\/wp-content\/uploads\/2025\/12\/tendances-salon-2026.010-640x960.jpeg 640w, https:\/\/www.cocondedecoration.com\/blog\/wp-content\/uploads\/2025\/12\/tendances-salon-2026.010-260x390.jpeg 260w, https:\/\/www.cocondedecoration.com\/blog\/wp-content\/uploads\/2025\/12\/tendances-salon-2026.010-768x1152.jpeg 768w, https:\/\/www.cocondedecoration.com\/blog\/wp-content\/uploads\/2025\/12\/tendances-salon-2026.010-367x550.jpeg 367w, https:\/\/www.cocondedecoration.com\/blog\/wp-content\/uploads\/2025\/12\/tendances-salon-2026.010-333x500.jpeg 333w, https:\/\/www.cocondedecoration.com\/blog\/wp-content\/uploads\/2025\/12\/tendances-salon-2026.010.jpeg 1000w\" sizes=\"(max-width: 640px) 100vw, 640px\" \/><\/a><figcaption class=\"wp-element-caption\">loods5.nl<\/figcaption><\/figure>\n<\/figure>\n\n\n\n<h2 class=\"wp-block-heading\">En 2026, le retour de la fausse fourrure pour d\u00e9corer le salon s\u00e9jour? <\/h2>\n\n\n\n<p>Je n'ai jamais eu le d\u00e9sir de faire les tendances. Je me contente de vous les pr\u00e9senter et de les d\u00e9crypter si besoin. Il y a des tendances qui me parlent plus que d'autres. Et certaines peuvent \u00e9ventuellement me laisser dubitative. C'est un peu le cas pour ce sixi\u00e8me point. L'an prochain signerait le retour de la fausse fourrure. En revanche, elle ne sera plus exclusivement blanche \u00e0 poil long dans un <a href=\"https:\/\/www.cocondedecoration.com\/blog\/2023\/12\/caracteristique-deco-hygge\/\" target=\"_blank\" rel=\"noopener\" title=\"\">style tr\u00e8s hygge<\/a>. Elle pourra aussi \u00eatre \u00e0 motif, \u00e0 poil courte. On a d\u00e9j\u00e0 vu <a href=\"https:\/\/www.cocondedecoration.com\/blog\/2025\/10\/deco-leopard-maison\/\" target=\"_blank\" rel=\"noopener\" title=\"\">le motif l\u00e9opard<\/a> revenir dans les inspirations d\u00e9co. Il sera encore l\u00e0 en 2026 mais plus textur\u00e9 avec un effet fourrure. <\/p>\n\n\n\n<figure class=\"wp-block-gallery has-nested-images columns-default is-cropped wp-block-gallery-6 is-layout-flex wp-block-gallery-is-layout-flex\">\n<figure class=\"wp-block-image size-large\"><a href=\"https:\/\/www.cocondedecoration.com\/blog\/wp-content\/uploads\/2025\/12\/tendances-salon-2026.011.jpeg\"><img loading=\"lazy\" decoding=\"async\" width=\"640\" height=\"960\" data-id=\"86858\" src=\"https:\/\/www.cocondedecoration.com\/blog\/wp-content\/uploads\/2025\/12\/tendances-salon-2026.011-640x960.jpeg\" alt=\"tendances d\u00e9co salon 2026 fauteuil effet fourrure l\u00e9opard id\u00e9e moderne et d\u00e9cor \u00e9clectique pi\u00e8ce \u00e0 vivre \" class=\"wp-image-86858\" title=\"tendances d\u00e9co salon 2026 fauteuil effet fourrure l\u00e9opard id\u00e9e moderne et d\u00e9cor \u00e9clectique pi\u00e8ce \u00e0 vivre \" srcset=\"https:\/\/www.cocondedecoration.com\/blog\/wp-content\/uploads\/2025\/12\/tendances-salon-2026.011-640x960.jpeg 640w, https:\/\/www.cocondedecoration.com\/blog\/wp-content\/uploads\/2025\/12\/tendances-salon-2026.011-260x390.jpeg 260w, https:\/\/www.cocondedecoration.com\/blog\/wp-content\/uploads\/2025\/12\/tendances-salon-2026.011-768x1152.jpeg 768w, https:\/\/www.cocondedecoration.com\/blog\/wp-content\/uploads\/2025\/12\/tendances-salon-2026.011-367x550.jpeg 367w, https:\/\/www.cocondedecoration.com\/blog\/wp-content\/uploads\/2025\/12\/tendances-salon-2026.011-333x500.jpeg 333w, https:\/\/www.cocondedecoration.com\/blog\/wp-content\/uploads\/2025\/12\/tendances-salon-2026.011.jpeg 1000w\" sizes=\"(max-width: 640px) 100vw, 640px\" \/><\/a><figcaption class=\"wp-element-caption\">jeweledinteriors.com<\/figcaption><\/figure>\n\n\n\n<figure class=\"wp-block-image size-large\"><a href=\"https:\/\/www.cocondedecoration.com\/blog\/wp-content\/uploads\/2025\/12\/tendances-salon-2026.012.jpeg\"><img loading=\"lazy\" decoding=\"async\" width=\"640\" height=\"960\" data-id=\"86857\" src=\"https:\/\/www.cocondedecoration.com\/blog\/wp-content\/uploads\/2025\/12\/tendances-salon-2026.012-640x960.jpeg\" alt=\"tendances salon 2026 fausse fourrure blanche pouf table basse transparente \" class=\"wp-image-86857\" title=\"tendances salon 2026 fausse fourrure blanche pouf table basse transparente \" srcset=\"https:\/\/www.cocondedecoration.com\/blog\/wp-content\/uploads\/2025\/12\/tendances-salon-2026.012-640x960.jpeg 640w, https:\/\/www.cocondedecoration.com\/blog\/wp-content\/uploads\/2025\/12\/tendances-salon-2026.012-260x390.jpeg 260w, https:\/\/www.cocondedecoration.com\/blog\/wp-content\/uploads\/2025\/12\/tendances-salon-2026.012-768x1152.jpeg 768w, https:\/\/www.cocondedecoration.com\/blog\/wp-content\/uploads\/2025\/12\/tendances-salon-2026.012-367x550.jpeg 367w, https:\/\/www.cocondedecoration.com\/blog\/wp-content\/uploads\/2025\/12\/tendances-salon-2026.012-333x500.jpeg 333w, https:\/\/www.cocondedecoration.com\/blog\/wp-content\/uploads\/2025\/12\/tendances-salon-2026.012.jpeg 1000w\" sizes=\"(max-width: 640px) 100vw, 640px\" \/><\/a><figcaption class=\"wp-element-caption\">wilkieblog.com<\/figcaption><\/figure>\n<\/figure>\n\n\n\n<h2 class=\"wp-block-heading\">Tendance 2026, un salon monochrome<\/h2>\n\n\n\n<p>J'ai d\u00e9j\u00e0 eu l'occasion de vous parler il y a quelques semaines de la <a href=\"https:\/\/www.cocondedecoration.com\/blog\/2025\/10\/decoration-interieure-monochrome\/\" target=\"_blank\" rel=\"noopener\" title=\"\">tendance du Color Drenching<\/a>. Elle se traduit par monochrome en fran\u00e7ais (ce terme a un sens diff\u00e9rent en anglais et en fran\u00e7ais). On va plus loin que le ton sur ton qui lui apporte des effets lumineux. Et cette tendance du monochrome s'invite dans toutes les pi\u00e8ces de la maison. Je vous en ai parl\u00e9 quand j'ai \u00e9crit sur <a href=\"https:\/\/www.cocondedecoration.com\/blog\/2025\/11\/tendances-deco-chambre-2026\/\" target=\"_blank\" rel=\"noopener\" title=\"\">les tendances pour la chambre adulte<\/a>. Et dans le salon, le Color Drenching peut vous aider \u00e0 cr\u00e9er un cadre intime et \/ ou plus chaleureux. <\/p>\n\n\n\n<figure class=\"wp-block-gallery has-nested-images columns-default is-cropped wp-block-gallery-7 is-layout-flex wp-block-gallery-is-layout-flex\">\n<figure class=\"wp-block-image size-large\"><a href=\"https:\/\/www.cocondedecoration.com\/blog\/wp-content\/uploads\/2025\/12\/tendances-salon-2026.013.jpeg\"><img loading=\"lazy\" decoding=\"async\" width=\"640\" height=\"960\" data-id=\"86860\" src=\"https:\/\/www.cocondedecoration.com\/blog\/wp-content\/uploads\/2025\/12\/tendances-salon-2026.013-640x960.jpeg\" alt=\"tendances d\u00e9co salon 2026 peinture couleur monochrome color drenching neutre esprit cosy chic \" class=\"wp-image-86860\" title=\"tendances d\u00e9co salon 2026 peinture couleur monochrome color drenching neutre esprit cosy chic \" srcset=\"https:\/\/www.cocondedecoration.com\/blog\/wp-content\/uploads\/2025\/12\/tendances-salon-2026.013-640x960.jpeg 640w, https:\/\/www.cocondedecoration.com\/blog\/wp-content\/uploads\/2025\/12\/tendances-salon-2026.013-260x390.jpeg 260w, https:\/\/www.cocondedecoration.com\/blog\/wp-content\/uploads\/2025\/12\/tendances-salon-2026.013-768x1152.jpeg 768w, https:\/\/www.cocondedecoration.com\/blog\/wp-content\/uploads\/2025\/12\/tendances-salon-2026.013-367x550.jpeg 367w, https:\/\/www.cocondedecoration.com\/blog\/wp-content\/uploads\/2025\/12\/tendances-salon-2026.013-333x500.jpeg 333w, https:\/\/www.cocondedecoration.com\/blog\/wp-content\/uploads\/2025\/12\/tendances-salon-2026.013.jpeg 1000w\" sizes=\"(max-width: 640px) 100vw, 640px\" \/><\/a><figcaption class=\"wp-element-caption\">decoholic.org<\/figcaption><\/figure>\n\n\n\n<figure class=\"wp-block-image size-large\"><a href=\"https:\/\/www.cocondedecoration.com\/blog\/wp-content\/uploads\/2025\/12\/tendances-salon-2026.014.jpeg\"><img loading=\"lazy\" decoding=\"async\" width=\"640\" height=\"960\" data-id=\"86859\" src=\"https:\/\/www.cocondedecoration.com\/blog\/wp-content\/uploads\/2025\/12\/tendances-salon-2026.014-640x960.jpeg\" alt=\"tendances salon 2026 color drenching exemple pi\u00e8ce de vie bleu couleur peinture et canap\u00e9 \" class=\"wp-image-86859\" title=\"tendances salon 2026 color drenching exemple pi\u00e8ce de vie bleu couleur peinture et canap\u00e9 \" srcset=\"https:\/\/www.cocondedecoration.com\/blog\/wp-content\/uploads\/2025\/12\/tendances-salon-2026.014-640x960.jpeg 640w, https:\/\/www.cocondedecoration.com\/blog\/wp-content\/uploads\/2025\/12\/tendances-salon-2026.014-260x390.jpeg 260w, https:\/\/www.cocondedecoration.com\/blog\/wp-content\/uploads\/2025\/12\/tendances-salon-2026.014-768x1152.jpeg 768w, https:\/\/www.cocondedecoration.com\/blog\/wp-content\/uploads\/2025\/12\/tendances-salon-2026.014-367x550.jpeg 367w, https:\/\/www.cocondedecoration.com\/blog\/wp-content\/uploads\/2025\/12\/tendances-salon-2026.014-333x500.jpeg 333w, https:\/\/www.cocondedecoration.com\/blog\/wp-content\/uploads\/2025\/12\/tendances-salon-2026.014.jpeg 1000w\" sizes=\"(max-width: 640px) 100vw, 640px\" \/><\/a><figcaption class=\"wp-element-caption\">fr.upscale.ch<\/figcaption><\/figure>\n<\/figure>\n\n\n\n<h2 class=\"wp-block-heading\">Pantone 2026, un salon blanc \"cloud dancer\" et pastel <\/h2>\n\n\n\n<p>Il y a quelques jours, Pantone a annonc\u00e9 sa nouvelle couleur de l'ann\u00e9e. On en a pas mal <a href=\"https:\/\/www.threads.com\/@cocondedeco\/post\/DR4jgCsE7bB\" target=\"_blank\" rel=\"noopener\" title=\"\">discut\u00e9 sur Threads<\/a>, j'ai \u00e9crit aussi ce que je pensais de cette couleur sur Threads \/ Patreon. Je ne vais pas revenir dessus. Je pense que sur le blog, cette partie sera la seule r\u00e9f\u00e9rence \u00e0 cette couleur. Elle ne colle pas tout \u00e0 fait \u00e0 mon mood du moment qui est bien plus color\u00e9. Bref! <\/p>\n\n\n\n<p>Le blanc \"cloud dancer\" de Pantone est un blanc pas tout \u00e0 fait blanc. Et sur son site, Pantone propose une inspiration de salon. Dans cette inspiration, on retrouve d'ailleurs le canap\u00e9 format XXL dont le parlais plus haut. Il est en bleu pastel. A proximit\u00e9, un pouf lui aussi pastel mais jaune. Un univers teint\u00e9 \u00e9galement d'une forme de minimalisme. Je ne vous dis pas de suivre \u00e0 la lettre cette inspiration. Cependant, le mix de couleurs peut vous inspirer si vous cherchez \u00e0 cr\u00e9er une ambiance douce et calme dans votre espace de vie. <\/p>\n\n\n\n<figure class=\"wp-block-gallery has-nested-images columns-default is-cropped wp-block-gallery-8 is-layout-flex wp-block-gallery-is-layout-flex\">\n<figure class=\"wp-block-image size-large\"><a href=\"https:\/\/www.cocondedecoration.com\/blog\/wp-content\/uploads\/2025\/12\/tendances-salon-2026.015.jpeg\"><img loading=\"lazy\" decoding=\"async\" width=\"640\" height=\"960\" data-id=\"86861\" src=\"https:\/\/www.cocondedecoration.com\/blog\/wp-content\/uploads\/2025\/12\/tendances-salon-2026.015-640x960.jpeg\" alt=\"tendances d\u00e9co salon 2026 couleur Pantone blanc Cloud Dancer canap\u00e9 XXL bleu pastel pouf jaune \" class=\"wp-image-86861\" title=\"tendances d\u00e9co salon 2026 couleur Pantone blanc Cloud Dancer canap\u00e9 XXL bleu pastel pouf jaune \" srcset=\"https:\/\/www.cocondedecoration.com\/blog\/wp-content\/uploads\/2025\/12\/tendances-salon-2026.015-640x960.jpeg 640w, https:\/\/www.cocondedecoration.com\/blog\/wp-content\/uploads\/2025\/12\/tendances-salon-2026.015-260x390.jpeg 260w, https:\/\/www.cocondedecoration.com\/blog\/wp-content\/uploads\/2025\/12\/tendances-salon-2026.015-768x1152.jpeg 768w, https:\/\/www.cocondedecoration.com\/blog\/wp-content\/uploads\/2025\/12\/tendances-salon-2026.015-367x550.jpeg 367w, https:\/\/www.cocondedecoration.com\/blog\/wp-content\/uploads\/2025\/12\/tendances-salon-2026.015-333x500.jpeg 333w, https:\/\/www.cocondedecoration.com\/blog\/wp-content\/uploads\/2025\/12\/tendances-salon-2026.015.jpeg 1000w\" sizes=\"(max-width: 640px) 100vw, 640px\" \/><\/a><figcaption class=\"wp-element-caption\">pantone.com<\/figcaption><\/figure>\n\n\n\n<figure class=\"wp-block-image size-large\"><a href=\"https:\/\/www.cocondedecoration.com\/blog\/wp-content\/uploads\/2025\/12\/tendances-salon-2026.016.jpeg\"><img loading=\"lazy\" decoding=\"async\" width=\"640\" height=\"960\" data-id=\"86862\" src=\"https:\/\/www.cocondedecoration.com\/blog\/wp-content\/uploads\/2025\/12\/tendances-salon-2026.016-640x960.jpeg\" alt=\"tendances salon 2026 couleur de l'ann\u00e9e pantone blanc gris canap\u00e9 peinture mur pouf ray\u00e9 \" class=\"wp-image-86862\" title=\"tendances salon 2026 couleur de l'ann\u00e9e pantone blanc gris canap\u00e9 peinture mur pouf ray\u00e9 \" srcset=\"https:\/\/www.cocondedecoration.com\/blog\/wp-content\/uploads\/2025\/12\/tendances-salon-2026.016-640x960.jpeg 640w, https:\/\/www.cocondedecoration.com\/blog\/wp-content\/uploads\/2025\/12\/tendances-salon-2026.016-260x390.jpeg 260w, https:\/\/www.cocondedecoration.com\/blog\/wp-content\/uploads\/2025\/12\/tendances-salon-2026.016-768x1152.jpeg 768w, https:\/\/www.cocondedecoration.com\/blog\/wp-content\/uploads\/2025\/12\/tendances-salon-2026.016-367x550.jpeg 367w, https:\/\/www.cocondedecoration.com\/blog\/wp-content\/uploads\/2025\/12\/tendances-salon-2026.016-333x500.jpeg 333w, https:\/\/www.cocondedecoration.com\/blog\/wp-content\/uploads\/2025\/12\/tendances-salon-2026.016.jpeg 1000w\" sizes=\"(max-width: 640px) 100vw, 640px\" \/><\/a><figcaption class=\"wp-element-caption\">thenordroom.com<\/figcaption><\/figure>\n<\/figure>\n\n\n\n<h2 class=\"wp-block-heading\">Couleur argile ou rouille pour inviter l'esprit nature de mani\u00e8re subtile <\/h2>\n\n\n\n<p>On reste dans l'id\u00e9e de couleur mais un poil diff\u00e9rentes avec des teintes plus nature. D'ailleurs en y pensant, la couleur argile et la couleur Cloud Dancer ont des similitudes. Si vous suivez le blog, vous savez qu'il y a des th\u00e8mes d\u00e9co que j'affectionne. Les couleurs en font partie, la d\u00e9co naturelle aussi. On mixe les deux ici. Argile comme rouille seront des couleurs que l'on devrait voir de plus en plus souvent pour cr\u00e9er une touche organique et naturelle dans le salon. Une mani\u00e8re plus subtile et d\u00e9licate que le vert par exemple. <\/p>\n\n\n\n<p>Ceci peut vous int\u00e9resser: <a href=\"https:\/\/www.cocondedecoration.com\/blog\/2025\/03\/interieur-minimaliste-naturel\/\" target=\"_blank\" rel=\"noopener\" title=\"\">\u00c9quilibre et simplicit\u00e9: m\u00e9lange du style minimaliste et nature<\/a><\/p>\n\n\n\n<figure class=\"wp-block-gallery has-nested-images columns-default is-cropped wp-block-gallery-9 is-layout-flex wp-block-gallery-is-layout-flex\">\n<figure class=\"wp-block-image size-large\"><a href=\"https:\/\/www.cocondedecoration.com\/blog\/wp-content\/uploads\/2025\/12\/tendances-salon-2026.017.jpeg\"><img loading=\"lazy\" decoding=\"async\" width=\"640\" height=\"960\" data-id=\"86863\" src=\"https:\/\/www.cocondedecoration.com\/blog\/wp-content\/uploads\/2025\/12\/tendances-salon-2026.017-640x960.jpeg\" alt=\"tendances d\u00e9co salon 2026 couleur chaleureuse rouille peinture murale soubassement XXL canap\u00e9 beige ambiance nature subtile \" class=\"wp-image-86863\" title=\"tendances d\u00e9co salon 2026 couleur chaleureuse rouille peinture murale soubassement XXL canap\u00e9 beige ambiance nature subtile \" srcset=\"https:\/\/www.cocondedecoration.com\/blog\/wp-content\/uploads\/2025\/12\/tendances-salon-2026.017-640x960.jpeg 640w, https:\/\/www.cocondedecoration.com\/blog\/wp-content\/uploads\/2025\/12\/tendances-salon-2026.017-260x390.jpeg 260w, https:\/\/www.cocondedecoration.com\/blog\/wp-content\/uploads\/2025\/12\/tendances-salon-2026.017-768x1152.jpeg 768w, https:\/\/www.cocondedecoration.com\/blog\/wp-content\/uploads\/2025\/12\/tendances-salon-2026.017-367x550.jpeg 367w, https:\/\/www.cocondedecoration.com\/blog\/wp-content\/uploads\/2025\/12\/tendances-salon-2026.017-333x500.jpeg 333w, https:\/\/www.cocondedecoration.com\/blog\/wp-content\/uploads\/2025\/12\/tendances-salon-2026.017.jpeg 1000w\" sizes=\"(max-width: 640px) 100vw, 640px\" \/><\/a><figcaption class=\"wp-element-caption\">diyhome.com.br<\/figcaption><\/figure>\n\n\n\n<figure class=\"wp-block-image size-large\"><a href=\"https:\/\/www.cocondedecoration.com\/blog\/wp-content\/uploads\/2025\/12\/tendances-salon-2026.018.jpeg\"><img loading=\"lazy\" decoding=\"async\" width=\"640\" height=\"960\" data-id=\"86864\" src=\"https:\/\/www.cocondedecoration.com\/blog\/wp-content\/uploads\/2025\/12\/tendances-salon-2026.018-640x960.jpeg\" alt=\"tendances salon 2026 couleur rouille canap\u00e9 velours mur orange br\u00fbl\u00e9 table basse sombre ambiance chic et \u00e9l\u00e9gante \" class=\"wp-image-86864\" title=\"tendances salon 2026 couleur rouille canap\u00e9 velours mur orange br\u00fbl\u00e9 table basse sombre ambiance chic et \u00e9l\u00e9gante \" srcset=\"https:\/\/www.cocondedecoration.com\/blog\/wp-content\/uploads\/2025\/12\/tendances-salon-2026.018-640x960.jpeg 640w, https:\/\/www.cocondedecoration.com\/blog\/wp-content\/uploads\/2025\/12\/tendances-salon-2026.018-260x390.jpeg 260w, https:\/\/www.cocondedecoration.com\/blog\/wp-content\/uploads\/2025\/12\/tendances-salon-2026.018-768x1152.jpeg 768w, https:\/\/www.cocondedecoration.com\/blog\/wp-content\/uploads\/2025\/12\/tendances-salon-2026.018-367x550.jpeg 367w, https:\/\/www.cocondedecoration.com\/blog\/wp-content\/uploads\/2025\/12\/tendances-salon-2026.018-333x500.jpeg 333w, https:\/\/www.cocondedecoration.com\/blog\/wp-content\/uploads\/2025\/12\/tendances-salon-2026.018.jpeg 1000w\" sizes=\"(max-width: 640px) 100vw, 640px\" \/><\/a><figcaption class=\"wp-element-caption\">decoactual.com<\/figcaption><\/figure>\n<\/figure>\n\n\n\n<h2 class=\"wp-block-heading\">Tendance 2026: Un nouveau fauteuil d'appoint d\u00e9coratif <\/h2>\n\n\n\n<p>Le fauteuil est bien plus qu'un simple meuble dans le salon s\u00e9jour. Il offre certes plus de place assise mais il peut aussi contribuer \u00e0 votre d\u00e9coration int\u00e9rieur. C'est chouette je trouve qu'on se remette \u00e0 s'y int\u00e9resser parce qu'il peut vous offrir une nouvelle possibilit\u00e9 pour personnaliser la d\u00e9coration du salon. <\/p>\n\n\n\n<p>Perso, j'aime la couleur et j'ai une tendance \u00e0<a href=\"https:\/\/www.cocondedecoration.com\/blog\/2025\/11\/fauteuil-couleur-salon\/\" target=\"_blank\" rel=\"noopener\" title=\"\"> aimer les fauteuils color\u00e9s<\/a>. Une touche de peps (plus ou moins inattendue) dans la pi\u00e8ce \u00e0 vivre. Mais si vous \u00eates plus classique, vous serez peut-\u00eatre s\u00e9duit\u2022e par un mod\u00e8le plus sculptural, plus audacieux quant \u00e0 son design. Une mani\u00e8re diff\u00e9rente d'apporter du volume autour de la table basse. Souvent son design est une r\u00e9-interpr\u00e9tation des ann\u00e9es Mid Century Modern, ce qui n'est pas pour me d\u00e9plaire. Une nuance l\u00e9g\u00e8rement vintage avec de la subtilit\u00e9. <\/p>\n\n\n\n<figure class=\"wp-block-gallery has-nested-images columns-default is-cropped wp-block-gallery-10 is-layout-flex wp-block-gallery-is-layout-flex\">\n<figure class=\"wp-block-image size-large\"><a href=\"https:\/\/www.cocondedecoration.com\/blog\/wp-content\/uploads\/2025\/12\/tendances-salon-2026.019.jpeg\"><img loading=\"lazy\" decoding=\"async\" width=\"640\" height=\"960\" data-id=\"86865\" src=\"https:\/\/www.cocondedecoration.com\/blog\/wp-content\/uploads\/2025\/12\/tendances-salon-2026.019-640x960.jpeg\" alt=\"tendances d\u00e9co salon 2026 fauteuil d\u00e9coratif design rose id\u00e9e facile \u00e0 copier \" class=\"wp-image-86865\" title=\"tendances d\u00e9co salon 2026 fauteuil d\u00e9coratif design rose id\u00e9e facile \u00e0 copier \" srcset=\"https:\/\/www.cocondedecoration.com\/blog\/wp-content\/uploads\/2025\/12\/tendances-salon-2026.019-640x960.jpeg 640w, https:\/\/www.cocondedecoration.com\/blog\/wp-content\/uploads\/2025\/12\/tendances-salon-2026.019-260x390.jpeg 260w, https:\/\/www.cocondedecoration.com\/blog\/wp-content\/uploads\/2025\/12\/tendances-salon-2026.019-768x1152.jpeg 768w, https:\/\/www.cocondedecoration.com\/blog\/wp-content\/uploads\/2025\/12\/tendances-salon-2026.019-367x550.jpeg 367w, https:\/\/www.cocondedecoration.com\/blog\/wp-content\/uploads\/2025\/12\/tendances-salon-2026.019-333x500.jpeg 333w, https:\/\/www.cocondedecoration.com\/blog\/wp-content\/uploads\/2025\/12\/tendances-salon-2026.019.jpeg 1000w\" sizes=\"(max-width: 640px) 100vw, 640px\" \/><\/a><figcaption class=\"wp-element-caption\">instagram.com\/prshotsonline\/<\/figcaption><\/figure>\n\n\n\n<figure class=\"wp-block-image size-large\"><a href=\"https:\/\/www.cocondedecoration.com\/blog\/wp-content\/uploads\/2025\/12\/tendances-salon-2026.020.jpeg\"><img loading=\"lazy\" decoding=\"async\" width=\"640\" height=\"960\" data-id=\"86866\" src=\"https:\/\/www.cocondedecoration.com\/blog\/wp-content\/uploads\/2025\/12\/tendances-salon-2026.020-640x960.jpeg\" alt=\"tendances salon 2026 fauteuil forme vintage tissus original \u00e0 carreaux id\u00e9e facile \u00e0 mettre en oeuvre \" class=\"wp-image-86866\" title=\"tendances salon 2026 fauteuil forme vintage tissus original \u00e0 carreaux id\u00e9e facile \u00e0 mettre en oeuvre \" srcset=\"https:\/\/www.cocondedecoration.com\/blog\/wp-content\/uploads\/2025\/12\/tendances-salon-2026.020-640x960.jpeg 640w, https:\/\/www.cocondedecoration.com\/blog\/wp-content\/uploads\/2025\/12\/tendances-salon-2026.020-260x390.jpeg 260w, https:\/\/www.cocondedecoration.com\/blog\/wp-content\/uploads\/2025\/12\/tendances-salon-2026.020-768x1152.jpeg 768w, https:\/\/www.cocondedecoration.com\/blog\/wp-content\/uploads\/2025\/12\/tendances-salon-2026.020-367x550.jpeg 367w, https:\/\/www.cocondedecoration.com\/blog\/wp-content\/uploads\/2025\/12\/tendances-salon-2026.020-333x500.jpeg 333w, https:\/\/www.cocondedecoration.com\/blog\/wp-content\/uploads\/2025\/12\/tendances-salon-2026.020.jpeg 1000w\" sizes=\"(max-width: 640px) 100vw, 640px\" \/><\/a><figcaption class=\"wp-element-caption\">thelocalproject.com.au<\/figcaption><\/figure>\n<\/figure>\n\n\n\n<hr class=\"wp-block-separator has-alpha-channel-opacity is-style-wide\"\/>\n\n\n\n<h2 class=\"wp-block-heading\">Guides d\u00e9co: meublez et am\u00e9nagez facilement votre salon <\/h2>\n\n\n\n<div class=\"wp-block-cb-carousel\" data-slick=\"{&quot;slidesToShow&quot;:3,&quot;slidesToScroll&quot;:1,&quot;speed&quot;:300,&quot;arrows&quot;:true,&quot;dots&quot;:false,&quot;autoplay&quot;:false,&quot;autoplaySpeed&quot;:3000,&quot;infinite&quot;:true,&quot;responsive&quot;:[{&quot;breakpoint&quot;:769,&quot;settings&quot;:{&quot;slidesToShow&quot;:1,&quot;slidesToScroll&quot;:1}}]}\">\n<div class=\"wp-block-cb-slide\">\n<figure class=\"wp-block-image size-large\"><a href=\"https:\/\/www.cocondedecoration.com\/blog\/wp-content\/uploads\/2025\/11\/guide-deco-meuble-salon-1.png\"><img loading=\"lazy\" decoding=\"async\" width=\"640\" height=\"960\" src=\"https:\/\/www.cocondedecoration.com\/blog\/wp-content\/uploads\/2025\/11\/guide-deco-meuble-salon-1-640x960.png\" alt=\"guide d\u00e9co meuble salon bien choisir petit meuble TV \" class=\"wp-image-86628\" title=\"guide d\u00e9co meuble salon bien choisir petit meuble TV \" srcset=\"https:\/\/www.cocondedecoration.com\/blog\/wp-content\/uploads\/2025\/11\/guide-deco-meuble-salon-1-640x960.png 640w, https:\/\/www.cocondedecoration.com\/blog\/wp-content\/uploads\/2025\/11\/guide-deco-meuble-salon-1-260x390.png 260w, https:\/\/www.cocondedecoration.com\/blog\/wp-content\/uploads\/2025\/11\/guide-deco-meuble-salon-1-768x1152.png 768w, https:\/\/www.cocondedecoration.com\/blog\/wp-content\/uploads\/2025\/11\/guide-deco-meuble-salon-1-367x550.png 367w, https:\/\/www.cocondedecoration.com\/blog\/wp-content\/uploads\/2025\/11\/guide-deco-meuble-salon-1-333x500.png 333w, https:\/\/www.cocondedecoration.com\/blog\/wp-content\/uploads\/2025\/11\/guide-deco-meuble-salon-1.png 1000w\" sizes=\"(max-width: 640px) 100vw, 640px\" \/><\/a><figcaption class=\"wp-element-caption\">O\u00f9 trouver un petit meuble t\u00e9l\u00e9? > <a href=\"https:\/\/www.cocondedecoration.com\/blog\/2020\/01\/shopping-deco-un-petit-meuble-tele\/\" target=\"_blank\" rel=\"noopener\" title=\"\">Le guide d\u00e9co est dispo ici<\/a><\/figcaption><\/figure>\n<\/div>\n\n\n\n<div class=\"wp-block-cb-slide\">\n<figure class=\"wp-block-image size-large\"><a href=\"https:\/\/www.cocondedecoration.com\/blog\/wp-content\/uploads\/2025\/11\/guide-deco-meuble-salon-2.png\"><img loading=\"lazy\" decoding=\"async\" width=\"640\" height=\"960\" src=\"https:\/\/www.cocondedecoration.com\/blog\/wp-content\/uploads\/2025\/11\/guide-deco-meuble-salon-2-640x960.png\" alt=\"guide d\u00e9co meuble salon bien choisir canap\u00e9 d'angle \" class=\"wp-image-86627\" title=\"guide d\u00e9co meuble salon bien choisir canap\u00e9 d'angle \" srcset=\"https:\/\/www.cocondedecoration.com\/blog\/wp-content\/uploads\/2025\/11\/guide-deco-meuble-salon-2-640x960.png 640w, https:\/\/www.cocondedecoration.com\/blog\/wp-content\/uploads\/2025\/11\/guide-deco-meuble-salon-2-260x390.png 260w, https:\/\/www.cocondedecoration.com\/blog\/wp-content\/uploads\/2025\/11\/guide-deco-meuble-salon-2-768x1152.png 768w, https:\/\/www.cocondedecoration.com\/blog\/wp-content\/uploads\/2025\/11\/guide-deco-meuble-salon-2-367x550.png 367w, https:\/\/www.cocondedecoration.com\/blog\/wp-content\/uploads\/2025\/11\/guide-deco-meuble-salon-2-333x500.png 333w, https:\/\/www.cocondedecoration.com\/blog\/wp-content\/uploads\/2025\/11\/guide-deco-meuble-salon-2.png 1000w\" sizes=\"(max-width: 640px) 100vw, 640px\" \/><\/a><figcaption class=\"wp-element-caption\">Tout savoir sur le canap\u00e9 d'angle > <a href=\"https:\/\/www.cocondedecoration.com\/blog\/2020\/05\/conseils-deco-tout-savoir-sur-le-canape-dangle\/\" target=\"_blank\" rel=\"noopener\" title=\"\">D\u00e9couvrir le guide d\u00e9co<\/a><\/figcaption><\/figure>\n<\/div>\n\n\n\n<div class=\"wp-block-cb-slide\">\n<figure class=\"wp-block-image size-large\"><a href=\"https:\/\/www.cocondedecoration.com\/blog\/wp-content\/uploads\/2025\/11\/guide-deco-meuble-salon-3.png\"><img loading=\"lazy\" decoding=\"async\" width=\"640\" height=\"960\" src=\"https:\/\/www.cocondedecoration.com\/blog\/wp-content\/uploads\/2025\/11\/guide-deco-meuble-salon-3-640x960.png\" alt=\"guide d\u00e9co meuble salon bien choisir table basse\" class=\"wp-image-86626\" title=\"guide d\u00e9co meuble salon bien choisir table basse\" srcset=\"https:\/\/www.cocondedecoration.com\/blog\/wp-content\/uploads\/2025\/11\/guide-deco-meuble-salon-3-640x960.png 640w, https:\/\/www.cocondedecoration.com\/blog\/wp-content\/uploads\/2025\/11\/guide-deco-meuble-salon-3-260x390.png 260w, https:\/\/www.cocondedecoration.com\/blog\/wp-content\/uploads\/2025\/11\/guide-deco-meuble-salon-3-768x1152.png 768w, https:\/\/www.cocondedecoration.com\/blog\/wp-content\/uploads\/2025\/11\/guide-deco-meuble-salon-3-367x550.png 367w, https:\/\/www.cocondedecoration.com\/blog\/wp-content\/uploads\/2025\/11\/guide-deco-meuble-salon-3-333x500.png 333w, https:\/\/www.cocondedecoration.com\/blog\/wp-content\/uploads\/2025\/11\/guide-deco-meuble-salon-3.png 1000w\" sizes=\"(max-width: 640px) 100vw, 640px\" \/><\/a><figcaption class=\"wp-element-caption\">Comment choisir sa nouvelle table basse? > <a href=\"https:\/\/www.cocondedecoration.com\/blog\/2018\/10\/conseils-deco-comment-bien-choisir-sa-table-basse\/\" target=\"_blank\" rel=\"noopener\" title=\"\">En savoir plus ici <\/a><\/figcaption><\/figure>\n<\/div>\n\n\n\n<div class=\"wp-block-cb-slide\">\n<figure class=\"wp-block-image size-large\"><a href=\"https:\/\/www.cocondedecoration.com\/blog\/wp-content\/uploads\/2025\/11\/guide-deco-meuble-salon-4.png\"><img loading=\"lazy\" decoding=\"async\" width=\"640\" height=\"960\" src=\"https:\/\/www.cocondedecoration.com\/blog\/wp-content\/uploads\/2025\/11\/guide-deco-meuble-salon-4-640x960.png\" alt=\"guide d\u00e9co meuble salon bien choisir housse de canap\u00e9 \" class=\"wp-image-86625\" title=\"guide d\u00e9co meuble salon bien choisir housse de canap\u00e9 \" srcset=\"https:\/\/www.cocondedecoration.com\/blog\/wp-content\/uploads\/2025\/11\/guide-deco-meuble-salon-4-640x960.png 640w, https:\/\/www.cocondedecoration.com\/blog\/wp-content\/uploads\/2025\/11\/guide-deco-meuble-salon-4-260x390.png 260w, https:\/\/www.cocondedecoration.com\/blog\/wp-content\/uploads\/2025\/11\/guide-deco-meuble-salon-4-768x1152.png 768w, https:\/\/www.cocondedecoration.com\/blog\/wp-content\/uploads\/2025\/11\/guide-deco-meuble-salon-4-367x550.png 367w, https:\/\/www.cocondedecoration.com\/blog\/wp-content\/uploads\/2025\/11\/guide-deco-meuble-salon-4-333x500.png 333w, https:\/\/www.cocondedecoration.com\/blog\/wp-content\/uploads\/2025\/11\/guide-deco-meuble-salon-4.png 1000w\" sizes=\"(max-width: 640px) 100vw, 640px\" \/><\/a><figcaption class=\"wp-element-caption\">Prot\u00e9ger son canap\u00e9 avec une housse d\u00e9co > <a href=\"https:\/\/www.cocondedecoration.com\/blog\/2025\/07\/housse-de-canape\/\" target=\"_blank\" rel=\"noopener\" title=\"\">Le guide d\u00e9co est ici<\/a><\/figcaption><\/figure>\n<\/div>\n\n\n\n<div class=\"wp-block-cb-slide\">\n<figure class=\"wp-block-image size-large is-resized\"><a href=\"https:\/\/www.cocondedecoration.com\/blog\/wp-content\/uploads\/2025\/11\/guide-deco-meuble-salon-5.png\"><img loading=\"lazy\" decoding=\"async\" width=\"640\" height=\"960\" src=\"https:\/\/www.cocondedecoration.com\/blog\/wp-content\/uploads\/2025\/11\/guide-deco-meuble-salon-5-640x960.png\" alt=\"guide d\u00e9co meuble salon bien choisir canap\u00e9 petit salon \" class=\"wp-image-86624\" style=\"width:257px;height:auto\" title=\"guide d\u00e9co meuble salon bien choisir canap\u00e9 petit salon \" srcset=\"https:\/\/www.cocondedecoration.com\/blog\/wp-content\/uploads\/2025\/11\/guide-deco-meuble-salon-5-640x960.png 640w, https:\/\/www.cocondedecoration.com\/blog\/wp-content\/uploads\/2025\/11\/guide-deco-meuble-salon-5-260x390.png 260w, https:\/\/www.cocondedecoration.com\/blog\/wp-content\/uploads\/2025\/11\/guide-deco-meuble-salon-5-768x1152.png 768w, https:\/\/www.cocondedecoration.com\/blog\/wp-content\/uploads\/2025\/11\/guide-deco-meuble-salon-5-367x550.png 367w, https:\/\/www.cocondedecoration.com\/blog\/wp-content\/uploads\/2025\/11\/guide-deco-meuble-salon-5-333x500.png 333w, https:\/\/www.cocondedecoration.com\/blog\/wp-content\/uploads\/2025\/11\/guide-deco-meuble-salon-5.png 1000w\" sizes=\"(max-width: 640px) 100vw, 640px\" \/><\/a><figcaption class=\"wp-element-caption\">Bien choisir son petit canap\u00e9 > <a href=\"https:\/\/www.cocondedecoration.com\/blog\/2018\/05\/10-canapes-pour-un-petit-salon\/\" target=\"_blank\" rel=\"noopener\" title=\"\">D\u00e9couvrez mes conseils<\/a><\/figcaption><\/figure>\n<\/div>\n\n\n\n<div class=\"wp-block-cb-slide\">\n<figure class=\"wp-block-image size-large\"><a href=\"https:\/\/www.cocondedecoration.com\/blog\/wp-content\/uploads\/2025\/11\/guide-deco-meuble-salon-6.png\"><img loading=\"lazy\" decoding=\"async\" width=\"640\" height=\"960\" src=\"https:\/\/www.cocondedecoration.com\/blog\/wp-content\/uploads\/2025\/11\/guide-deco-meuble-salon-6-640x960.png\" alt=\"guide d\u00e9co meuble salon bien choisir bout de canap\u00e9 table d'appoint \" class=\"wp-image-86623\" title=\"guide d\u00e9co meuble salon bien choisir bout de canap\u00e9 table d'appoint \" srcset=\"https:\/\/www.cocondedecoration.com\/blog\/wp-content\/uploads\/2025\/11\/guide-deco-meuble-salon-6-640x960.png 640w, https:\/\/www.cocondedecoration.com\/blog\/wp-content\/uploads\/2025\/11\/guide-deco-meuble-salon-6-260x390.png 260w, https:\/\/www.cocondedecoration.com\/blog\/wp-content\/uploads\/2025\/11\/guide-deco-meuble-salon-6-768x1152.png 768w, https:\/\/www.cocondedecoration.com\/blog\/wp-content\/uploads\/2025\/11\/guide-deco-meuble-salon-6-367x550.png 367w, https:\/\/www.cocondedecoration.com\/blog\/wp-content\/uploads\/2025\/11\/guide-deco-meuble-salon-6-333x500.png 333w, https:\/\/www.cocondedecoration.com\/blog\/wp-content\/uploads\/2025\/11\/guide-deco-meuble-salon-6.png 1000w\" sizes=\"(max-width: 640px) 100vw, 640px\" \/><\/a><figcaption class=\"wp-element-caption\">Bout de canap\u00e9 > <a href=\"https:\/\/www.cocondedecoration.com\/blog\/2022\/07\/ou-trouver-bout-de-canape-moderne\/\" target=\"_blank\" rel=\"noopener\" title=\"\">S\u00e9lection \u00e0 retrouver ici<\/a><\/figcaption><\/figure>\n<\/div>\n\n\n\n<div class=\"wp-block-cb-slide\">\n<figure class=\"wp-block-image size-large\"><a href=\"https:\/\/www.cocondedecoration.com\/blog\/wp-content\/uploads\/2025\/11\/guide-deco-meuble-salon-7.png\"><img loading=\"lazy\" decoding=\"async\" width=\"640\" height=\"960\" src=\"https:\/\/www.cocondedecoration.com\/blog\/wp-content\/uploads\/2025\/11\/guide-deco-meuble-salon-7-640x960.png\" alt=\"guide d\u00e9co meuble salon bien choisir canap\u00e9 convertible pas cher \" class=\"wp-image-86622\" title=\"guide d\u00e9co meuble salon bien choisir canap\u00e9 convertible pas cher \" srcset=\"https:\/\/www.cocondedecoration.com\/blog\/wp-content\/uploads\/2025\/11\/guide-deco-meuble-salon-7-640x960.png 640w, https:\/\/www.cocondedecoration.com\/blog\/wp-content\/uploads\/2025\/11\/guide-deco-meuble-salon-7-260x390.png 260w, https:\/\/www.cocondedecoration.com\/blog\/wp-content\/uploads\/2025\/11\/guide-deco-meuble-salon-7-768x1152.png 768w, https:\/\/www.cocondedecoration.com\/blog\/wp-content\/uploads\/2025\/11\/guide-deco-meuble-salon-7-367x550.png 367w, https:\/\/www.cocondedecoration.com\/blog\/wp-content\/uploads\/2025\/11\/guide-deco-meuble-salon-7-333x500.png 333w, https:\/\/www.cocondedecoration.com\/blog\/wp-content\/uploads\/2025\/11\/guide-deco-meuble-salon-7.png 1000w\" sizes=\"(max-width: 640px) 100vw, 640px\" \/><\/a><figcaption class=\"wp-element-caption\"><a href=\"https:\/\/www.cocondedecoration.com\/blog\/2021\/01\/ou-trouver-canape-convertible-petit-prix\/\" target=\"_blank\" rel=\"noopener\" title=\"\">O\u00f9 trouver un canap\u00e9 convertible pas cher? <\/a>> En savoir plus<\/figcaption><\/figure>\n<\/div>\n\n\n\n<div class=\"wp-block-cb-slide\">\n<figure class=\"wp-block-image size-large\"><a href=\"https:\/\/www.cocondedecoration.com\/blog\/wp-content\/uploads\/2025\/11\/guide-deco-meuble-salon-8.png\"><img loading=\"lazy\" decoding=\"async\" width=\"640\" height=\"960\" src=\"https:\/\/www.cocondedecoration.com\/blog\/wp-content\/uploads\/2025\/11\/guide-deco-meuble-salon-8-640x960.png\" alt=\"guide d\u00e9co meuble salon bien choisir liseuse derri\u00e8re canap\u00e9 luminaire lampadaire \" class=\"wp-image-86621\" title=\"guide d\u00e9co meuble salon bien choisir liseuse derri\u00e8re canap\u00e9 luminaire lampadaire \" srcset=\"https:\/\/www.cocondedecoration.com\/blog\/wp-content\/uploads\/2025\/11\/guide-deco-meuble-salon-8-640x960.png 640w, https:\/\/www.cocondedecoration.com\/blog\/wp-content\/uploads\/2025\/11\/guide-deco-meuble-salon-8-260x390.png 260w, https:\/\/www.cocondedecoration.com\/blog\/wp-content\/uploads\/2025\/11\/guide-deco-meuble-salon-8-768x1152.png 768w, https:\/\/www.cocondedecoration.com\/blog\/wp-content\/uploads\/2025\/11\/guide-deco-meuble-salon-8-367x550.png 367w, https:\/\/www.cocondedecoration.com\/blog\/wp-content\/uploads\/2025\/11\/guide-deco-meuble-salon-8-333x500.png 333w, https:\/\/www.cocondedecoration.com\/blog\/wp-content\/uploads\/2025\/11\/guide-deco-meuble-salon-8.png 1000w\" sizes=\"(max-width: 640px) 100vw, 640px\" \/><\/a><figcaption class=\"wp-element-caption\">Une liseuse derri\u00e8re le canap\u00e9 > <a href=\"https:\/\/www.cocondedecoration.com\/blog\/2024\/11\/choisir-lampe-lecture-salon\/\" target=\"_blank\" rel=\"noopener\" title=\"\">D\u00e9couvrir le guide<\/a><\/figcaption><\/figure>\n<\/div>\n<\/div>\n\n\n\n<p class=\"has-small-font-size\">Pour plus d'inspirations d\u00e9co au quotidien (pour le salon mais pas que!) rejoignez moi sur <a href=\"https:\/\/pinterest.fr\/cocondedeco\/\" target=\"_blank\" rel=\"noopener\" title=\"\">Pinterest<\/a> et sur <a href=\"https:\/\/www.threads.com\/@cocondedeco\" target=\"_blank\" rel=\"noopener\" title=\"\">Threads<\/a> (: <\/p>\n\n\n\n<p class=\"has-small-font-size\">Source de l'image \u00e0 la une: westwing.de<\/p>\n","protected":false},"excerpt":{"rendered":"<p>Les tendances d\u00e9co \u00e9voluent chaque ann\u00e9e et elles sont une formidable source d&rsquo;inspirations. D\u00e9couvrez 10 tendances \u00e0 suivre pour le salon en 2026. <span class=\"more-link\"><a href=\"https:\/\/www.cocondedecoration.com\/blog\/2025\/12\/tendances-salon-2026\/\">Lire la suite<\/a><\/span><\/p>\n","protected":false},"author":1,"featured_media":86868,"comment_status":"open","ping_status":"open","sticky":false,"template":"","format":"standard","meta":{"om_disable_all_campaigns":false,"_monsterinsights_skip_tracking":false,"_monsterinsights_sitenote_active":false,"_monsterinsights_sitenote_note":"","_monsterinsights_sitenote_category":0,"_uf_show_specific_survey":0,"_uf_disable_surveys":false,"footnotes":""},"categories":[61761,1714],"tags":[62288,62105,62224,62289,3945,10630,10635,3282,62290,62223,62294,5496,62292,62117,62291,52800,61649,62293],"aioseo_notices":[],"_links":{"self":[{"href":"https:\/\/www.cocondedecoration.com\/blog\/wp-json\/wp\/v2\/posts\/86845"}],"collection":[{"href":"https:\/\/www.cocondedecoration.com\/blog\/wp-json\/wp\/v2\/posts"}],"about":[{"href":"https:\/\/www.cocondedecoration.com\/blog\/wp-json\/wp\/v2\/types\/post"}],"author":[{"embeddable":true,"href":"https:\/\/www.cocondedecoration.com\/blog\/wp-json\/wp\/v2\/users\/1"}],"replies":[{"embeddable":true,"href":"https:\/\/www.cocondedecoration.com\/blog\/wp-json\/wp\/v2\/comments?post=86845"}],"version-history":[{"count":4,"href":"https:\/\/www.cocondedecoration.com\/blog\/wp-json\/wp\/v2\/posts\/86845\/revisions"}],"predecessor-version":[{"id":86870,"href":"https:\/\/www.cocondedecoration.com\/blog\/wp-json\/wp\/v2\/posts\/86845\/revisions\/86870"}],"wp:featuredmedia":[{"embeddable":true,"href":"https:\/\/www.cocondedecoration.com\/blog\/wp-json\/wp\/v2\/media\/86868"}],"wp:attachment":[{"href":"https:\/\/www.cocondedecoration.com\/blog\/wp-json\/wp\/v2\/media?parent=86845"}],"wp:term":[{"taxonomy":"category","embeddable":true,"href":"https:\/\/www.cocondedecoration.com\/blog\/wp-json\/wp\/v2\/categories?post=86845"},{"taxonomy":"post_tag","embeddable":true,"href":"https:\/\/www.cocondedecoration.com\/blog\/wp-json\/wp\/v2\/tags?post=86845"}],"curies":[{"name":"wp","href":"https:\/\/api.w.org\/{rel}","templated":true}]}}