{"id":86419,"date":"2025-11-11T08:15:40","date_gmt":"2025-11-11T06:15:40","guid":{"rendered":"https:\/\/www.cocondedecoration.com\/blog\/?p=86419"},"modified":"2025-11-11T08:15:41","modified_gmt":"2025-11-11T06:15:41","slug":"solutions-fermer-cuisine-ouverte","status":"publish","type":"post","link":"https:\/\/www.cocondedecoration.com\/blog\/2025\/11\/solutions-fermer-cuisine-ouverte\/","title":{"rendered":"Quelles solutions pour fermer une cuisine ouverte?"},"content":{"rendered":"\n<p>Est-ce la fin des cuisines ouvertes? Je ne sais pas. Ce dont je suis s\u00fbre c'est qu'on voit de plus en plus de cuisines ferm\u00e9es et que la cuisine ouverte n'a plus le monopole. On peut vouloir fermer la cuisine pour de nombreuses raisons: la tranquillit\u00e9, les odeurs, l'esth\u00e9tique... Dans cet article, on ne va pas parler de d\u00e9limiter l'espace mais bien de le fermer. Plusieurs solutions s'offrent \u00e0 vous. On va les passer en revue pour vous aider \u00e0 faire votre choix et avancer dans votre projet de r\u00e9novation de cuisine. <\/p>\n\n\n\n<!--more-->\n\n\n\n<h2 class=\"wp-block-heading\">Une verri\u00e8re pour fermer une cuisine ouverte <\/h2>\n\n\n\n<p>Premi\u00e8re solution pour fermer la cuisine: <a href=\"https:\/\/www.cocondedecoration.com\/blog\/2021\/05\/verriere-moderne-cuisine\/\" target=\"_blank\" rel=\"noopener\" title=\"\">la verri\u00e8re<\/a>. C'est une solution que nous connaissons toutes et tous. Et m\u00eame si elle est archi-connue, c'est une solution qui est int\u00e9ressante \u00e0 prendre en compte. La verri\u00e8re prend diff\u00e9rentes formes et s'adapte \u00e0 vos envies, votre int\u00e9rieur. On peut la monter sur un muret ou encore cr\u00e9er un mur vitr\u00e9 du sol au plafond.  <\/p>\n\n\n\n<p>La verri\u00e8re \u00e0 plusieurs avantages: Elle laisse passer la lumi\u00e8re entre la cuisine et la pi\u00e8ce attenante. C'est int\u00e9ressant si vous avez peur de cr\u00e9er un espace sombre en fermant la cuisine. Le second avantage est plus de l'ordre de l'esth\u00e9tique. La verri\u00e8re existe dans de tr\u00e8s nombreux mod\u00e8les du plus industriel au plus moderne. Peu importe le style de votre cuisine et de la pi\u00e8ce attenante, vous trouverez une verri\u00e8re qui correspond. Le seul inconv\u00e9nient de cette solution c'est l'entretien. Si nous n'aimez pas laver les vitres, ce n'est pas la solution id\u00e9ale.  <\/p>\n\n\n\n<figure class=\"wp-block-gallery has-nested-images columns-default is-cropped wp-block-gallery-1 is-layout-flex wp-block-gallery-is-layout-flex\">\n<figure class=\"wp-block-image size-large\"><a href=\"https:\/\/www.cocondedecoration.com\/blog\/wp-content\/uploads\/2025\/11\/solution-fermer-cuisine.001.jpeg\"><img loading=\"lazy\" decoding=\"async\" width=\"640\" height=\"960\" data-id=\"86421\" src=\"https:\/\/www.cocondedecoration.com\/blog\/wp-content\/uploads\/2025\/11\/solution-fermer-cuisine.001-640x960.jpeg\" alt=\"solution pour fermer la cuisine verri\u00e8re moderne montant m\u00e9tal noir permet de conserver la lumi\u00e8re naturelle effet miroir\" class=\"wp-image-86421\" title=\"solution pour fermer la cuisine verri\u00e8re moderne montant m\u00e9tal noir permet de conserver la lumi\u00e8re naturelle effet miroir\" srcset=\"https:\/\/www.cocondedecoration.com\/blog\/wp-content\/uploads\/2025\/11\/solution-fermer-cuisine.001-640x960.jpeg 640w, https:\/\/www.cocondedecoration.com\/blog\/wp-content\/uploads\/2025\/11\/solution-fermer-cuisine.001-260x390.jpeg 260w, https:\/\/www.cocondedecoration.com\/blog\/wp-content\/uploads\/2025\/11\/solution-fermer-cuisine.001-768x1152.jpeg 768w, https:\/\/www.cocondedecoration.com\/blog\/wp-content\/uploads\/2025\/11\/solution-fermer-cuisine.001-367x550.jpeg 367w, https:\/\/www.cocondedecoration.com\/blog\/wp-content\/uploads\/2025\/11\/solution-fermer-cuisine.001-333x500.jpeg 333w, https:\/\/www.cocondedecoration.com\/blog\/wp-content\/uploads\/2025\/11\/solution-fermer-cuisine.001.jpeg 1000w\" sizes=\"(max-width: 640px) 100vw, 640px\" \/><\/a><figcaption class=\"wp-element-caption\">decoholic.org<\/figcaption><\/figure>\n\n\n\n<figure class=\"wp-block-image size-large\"><a href=\"https:\/\/www.cocondedecoration.com\/blog\/wp-content\/uploads\/2025\/11\/solution-fermer-cuisine.002.jpeg\"><img loading=\"lazy\" decoding=\"async\" width=\"640\" height=\"960\" data-id=\"86420\" src=\"https:\/\/www.cocondedecoration.com\/blog\/wp-content\/uploads\/2025\/11\/solution-fermer-cuisine.002-640x960.jpeg\" alt=\"solution pour fermer la cuisine verri\u00e8re bois et vitre moderne chaleureux mont\u00e9e sur un muret \" class=\"wp-image-86420\" title=\"solution pour fermer la cuisine verri\u00e8re bois et vitre moderne chaleureux mont\u00e9e sur un muret \" srcset=\"https:\/\/www.cocondedecoration.com\/blog\/wp-content\/uploads\/2025\/11\/solution-fermer-cuisine.002-640x960.jpeg 640w, https:\/\/www.cocondedecoration.com\/blog\/wp-content\/uploads\/2025\/11\/solution-fermer-cuisine.002-260x390.jpeg 260w, https:\/\/www.cocondedecoration.com\/blog\/wp-content\/uploads\/2025\/11\/solution-fermer-cuisine.002-768x1152.jpeg 768w, https:\/\/www.cocondedecoration.com\/blog\/wp-content\/uploads\/2025\/11\/solution-fermer-cuisine.002-367x550.jpeg 367w, https:\/\/www.cocondedecoration.com\/blog\/wp-content\/uploads\/2025\/11\/solution-fermer-cuisine.002-333x500.jpeg 333w, https:\/\/www.cocondedecoration.com\/blog\/wp-content\/uploads\/2025\/11\/solution-fermer-cuisine.002.jpeg 1000w\" sizes=\"(max-width: 640px) 100vw, 640px\" \/><\/a><figcaption class=\"wp-element-caption\">cocolapinedesign.com<\/figcaption><\/figure>\n<\/figure>\n\n\n\n<h2 class=\"wp-block-heading\">Fermer la cuisine \u00e0 l'aide de claustras int\u00e9rieurs<\/h2>\n\n\n\n<p>Plus r\u00e9cemment, les <a href=\"https:\/\/www.cocondedecoration.com\/blog\/2020\/07\/ou-trouver-des-claustras-interieurs\/\" target=\"_blank\" rel=\"noopener\" title=\"\">claustras<\/a> se sont invit\u00e9s dans la sph\u00e8re d\u00e9co et ils sont en train de se faire une place confortable. Les claustras int\u00e9rieurs sont \u00e0 la fois d\u00e9co et pratiques quand on cherche \u00e0 fermer et isoler une pi\u00e8ce, \u00e0 structurer l'espace.  <\/p>\n\n\n\n<p>Tout comme la verri\u00e8re, les claustras ont l'avantage de laisser la lumi\u00e8re circuler puisque ce sont des cloisons ajour\u00e9es. Il y a aussi un vaste choix esth\u00e9tique: mat\u00e9riaux, design des espaces vides, couleurs... C'est une solution qui est encore plus libre niveau personnalisation quand on passe par du sur-mesure.  <br>En revanche, le principal inconv\u00e9nient du claustra c'est l'absence d'isolation. Il laisse passer les odeurs de cuisson et n'isole pas du bruit. C'est une solution qui va essentiellement fermer visuellement votre cuisine. <\/p>\n\n\n\n<figure class=\"wp-block-gallery has-nested-images columns-default is-cropped wp-block-gallery-2 is-layout-flex wp-block-gallery-is-layout-flex\">\n<figure class=\"wp-block-image size-large\"><a href=\"https:\/\/www.cocondedecoration.com\/blog\/wp-content\/uploads\/2025\/11\/solution-fermer-cuisine.003.jpeg\"><img loading=\"lazy\" decoding=\"async\" width=\"640\" height=\"960\" data-id=\"86423\" src=\"https:\/\/www.cocondedecoration.com\/blog\/wp-content\/uploads\/2025\/11\/solution-fermer-cuisine.003-640x960.jpeg\" alt=\"solution pour fermer la cuisine claustra moderne m\u00e9tal chic noir orientables \" class=\"wp-image-86423\" title=\"solution pour fermer la cuisine claustra moderne m\u00e9tal chic noir orientables \" srcset=\"https:\/\/www.cocondedecoration.com\/blog\/wp-content\/uploads\/2025\/11\/solution-fermer-cuisine.003-640x960.jpeg 640w, https:\/\/www.cocondedecoration.com\/blog\/wp-content\/uploads\/2025\/11\/solution-fermer-cuisine.003-260x390.jpeg 260w, https:\/\/www.cocondedecoration.com\/blog\/wp-content\/uploads\/2025\/11\/solution-fermer-cuisine.003-768x1152.jpeg 768w, https:\/\/www.cocondedecoration.com\/blog\/wp-content\/uploads\/2025\/11\/solution-fermer-cuisine.003-367x550.jpeg 367w, https:\/\/www.cocondedecoration.com\/blog\/wp-content\/uploads\/2025\/11\/solution-fermer-cuisine.003-333x500.jpeg 333w, https:\/\/www.cocondedecoration.com\/blog\/wp-content\/uploads\/2025\/11\/solution-fermer-cuisine.003.jpeg 1000w\" sizes=\"(max-width: 640px) 100vw, 640px\" \/><\/a><figcaption class=\"wp-element-caption\">instagram.com\/fernandadiehlarq\/<\/figcaption><\/figure>\n\n\n\n<figure class=\"wp-block-image size-large\"><a href=\"https:\/\/www.cocondedecoration.com\/blog\/wp-content\/uploads\/2025\/11\/solution-fermer-cuisine.004.jpeg\"><img loading=\"lazy\" decoding=\"async\" width=\"640\" height=\"960\" data-id=\"86422\" src=\"https:\/\/www.cocondedecoration.com\/blog\/wp-content\/uploads\/2025\/11\/solution-fermer-cuisine.004-640x960.jpeg\" alt=\"solution pour fermer la cuisine claustra bois mont\u00e9s sur un muret s\u00e9paration salon id\u00e9es \" class=\"wp-image-86422\" title=\"solution pour fermer la cuisine claustra bois mont\u00e9s sur un muret s\u00e9paration salon id\u00e9es \" srcset=\"https:\/\/www.cocondedecoration.com\/blog\/wp-content\/uploads\/2025\/11\/solution-fermer-cuisine.004-640x960.jpeg 640w, https:\/\/www.cocondedecoration.com\/blog\/wp-content\/uploads\/2025\/11\/solution-fermer-cuisine.004-260x390.jpeg 260w, https:\/\/www.cocondedecoration.com\/blog\/wp-content\/uploads\/2025\/11\/solution-fermer-cuisine.004-768x1152.jpeg 768w, https:\/\/www.cocondedecoration.com\/blog\/wp-content\/uploads\/2025\/11\/solution-fermer-cuisine.004-367x550.jpeg 367w, https:\/\/www.cocondedecoration.com\/blog\/wp-content\/uploads\/2025\/11\/solution-fermer-cuisine.004-333x500.jpeg 333w, https:\/\/www.cocondedecoration.com\/blog\/wp-content\/uploads\/2025\/11\/solution-fermer-cuisine.004.jpeg 1000w\" sizes=\"(max-width: 640px) 100vw, 640px\" \/><\/a><figcaption class=\"wp-element-caption\">dexdecor.com<\/figcaption><\/figure>\n<\/figure>\n\n\n\n<h2 class=\"wp-block-heading\">Panneaux coulissants pour une cuisine modulable <\/h2>\n\n\n\n<p>Pourquoi choisir quand on peut avoir une cuisine ouverte et ferm\u00e9e \u00e0 la fois? C'est ce que permettent les panneaux coulissants. Quand vous recevez et que vous souhaitez profiter de vos convives, les panneaux sont ouverts. Et quand vous avez envie de cuisiner en paix, il suffit de fermer les panneaux.  <\/p>\n\n\n\n<p>Outre le fait de cr\u00e9er un espace modulable, les panneaux coulissants ont un autre avantage: ils isolent la cuisine compl\u00e8tement quand ils sont ferm\u00e9s. Si vous ne voulez pas voir la cuisine le soir depuis le canap\u00e9, c'est parfait.  En revanche, leur inconv\u00e9nient c'est qu'il faut pr\u00e9voir un espace pour faire coulisser les panneaux (soit dans la cloison, soit contre un mur dans la pi\u00e8ce attenante). C'est surtout un point \u00e0 prendre en compte dans votre projet r\u00e9no plus qu'un inconv\u00e9nient. <\/p>\n\n\n\n<p>A lire aussi: <a href=\"https:\/\/www.cocondedecoration.com\/blog\/2025\/07\/ilot-central-cuisine-independant\/\" target=\"_blank\" rel=\"noopener\" title=\"\">Parfaire la cuisine avec un \u00eelot central ind\u00e9pendant<\/a><\/p>\n\n\n\n<figure class=\"wp-block-gallery has-nested-images columns-default is-cropped wp-block-gallery-3 is-layout-flex wp-block-gallery-is-layout-flex\">\n<figure class=\"wp-block-image size-large\"><a href=\"https:\/\/www.cocondedecoration.com\/blog\/wp-content\/uploads\/2025\/11\/solution-fermer-cuisine.005.jpeg\"><img loading=\"lazy\" decoding=\"async\" width=\"640\" height=\"960\" data-id=\"86425\" src=\"https:\/\/www.cocondedecoration.com\/blog\/wp-content\/uploads\/2025\/11\/solution-fermer-cuisine.005-640x960.jpeg\" alt=\"solution pour fermer la cuisine porte panneaux coulissants en verre et m\u00e9tal \" class=\"wp-image-86425\" title=\"solution pour fermer la cuisine porte panneaux coulissants en verre et m\u00e9tal \" srcset=\"https:\/\/www.cocondedecoration.com\/blog\/wp-content\/uploads\/2025\/11\/solution-fermer-cuisine.005-640x960.jpeg 640w, https:\/\/www.cocondedecoration.com\/blog\/wp-content\/uploads\/2025\/11\/solution-fermer-cuisine.005-260x390.jpeg 260w, https:\/\/www.cocondedecoration.com\/blog\/wp-content\/uploads\/2025\/11\/solution-fermer-cuisine.005-768x1152.jpeg 768w, https:\/\/www.cocondedecoration.com\/blog\/wp-content\/uploads\/2025\/11\/solution-fermer-cuisine.005-367x550.jpeg 367w, https:\/\/www.cocondedecoration.com\/blog\/wp-content\/uploads\/2025\/11\/solution-fermer-cuisine.005-333x500.jpeg 333w, https:\/\/www.cocondedecoration.com\/blog\/wp-content\/uploads\/2025\/11\/solution-fermer-cuisine.005.jpeg 1000w\" sizes=\"(max-width: 640px) 100vw, 640px\" \/><\/a><figcaption class=\"wp-element-caption\">magicbricks.com<\/figcaption><\/figure>\n\n\n\n<figure class=\"wp-block-image size-large\"><a href=\"https:\/\/www.cocondedecoration.com\/blog\/wp-content\/uploads\/2025\/11\/solution-fermer-cuisine.006.jpeg\"><img loading=\"lazy\" decoding=\"async\" width=\"640\" height=\"960\" data-id=\"86424\" src=\"https:\/\/www.cocondedecoration.com\/blog\/wp-content\/uploads\/2025\/11\/solution-fermer-cuisine.006-640x960.jpeg\" alt=\"solution pour fermer la cuisine panneaux coulissants en bois et verre opacifi\u00e9 ambiance chaleureuse s\u00e9paration salon \" class=\"wp-image-86424\" title=\"solution pour fermer la cuisine panneaux coulissants en bois et verre opacifi\u00e9 ambiance chaleureuse s\u00e9paration salon \" srcset=\"https:\/\/www.cocondedecoration.com\/blog\/wp-content\/uploads\/2025\/11\/solution-fermer-cuisine.006-640x960.jpeg 640w, https:\/\/www.cocondedecoration.com\/blog\/wp-content\/uploads\/2025\/11\/solution-fermer-cuisine.006-260x390.jpeg 260w, https:\/\/www.cocondedecoration.com\/blog\/wp-content\/uploads\/2025\/11\/solution-fermer-cuisine.006-768x1152.jpeg 768w, https:\/\/www.cocondedecoration.com\/blog\/wp-content\/uploads\/2025\/11\/solution-fermer-cuisine.006-367x550.jpeg 367w, https:\/\/www.cocondedecoration.com\/blog\/wp-content\/uploads\/2025\/11\/solution-fermer-cuisine.006-333x500.jpeg 333w, https:\/\/www.cocondedecoration.com\/blog\/wp-content\/uploads\/2025\/11\/solution-fermer-cuisine.006.jpeg 1000w\" sizes=\"(max-width: 640px) 100vw, 640px\" \/><\/a><figcaption class=\"wp-element-caption\">architecturaldigest.in<\/figcaption><\/figure>\n<\/figure>\n\n\n\n<h2 class=\"wp-block-heading\">Cr\u00e9er un passe-plat pour une cuisine partiellement ferm\u00e9e <\/h2>\n\n\n\n<p>Le passe-plat est une ouverture dans une cloison pleine. Comme son nom l'indique c'est une ouverture qui permet de passer les plats de la cuisine \u00e0 la salle \u00e0 manger. Cela signifie que le passe-plat n'est pas forc\u00e9ment tr\u00e8s grand. <\/p>\n\n\n\n<p>Son principal avantage est de cloisonner mais pas totalement: On garde un oeil sur la pi\u00e8ce attenante malgr\u00e9 la pr\u00e9sence d'un mur plein. Selon la taille et l'emplacement du passe-plat, il peut \u00eatre un atout quant \u00e0 la luminosit\u00e9 de votre espace cuisine. En revanche, il y a des inconv\u00e9nients \u00e0 cette solution. La cuisine n'est pas totalement ferm\u00e9e, on voit encore se qui s'y passe. Si vous cherchez \u00e0 isoler les odeurs de cuisson, ce n'est pas l'id\u00e9al non-plus. <\/p>\n\n\n\n<p>A lire \u00e9galement: <a href=\"https:\/\/www.cocondedecoration.com\/blog\/2025\/10\/amenagement-cuisine-m2\/\" target=\"_blank\" rel=\"noopener\" title=\"\">Cuisine ferm\u00e9e ou ouverte: quelle est la surface id\u00e9ale?<\/a><\/p>\n\n\n\n<figure class=\"wp-block-gallery has-nested-images columns-default is-cropped wp-block-gallery-4 is-layout-flex wp-block-gallery-is-layout-flex\">\n<figure class=\"wp-block-image size-large\"><a href=\"https:\/\/www.cocondedecoration.com\/blog\/wp-content\/uploads\/2025\/11\/solution-fermer-cuisine.007.jpeg\"><img loading=\"lazy\" decoding=\"async\" width=\"640\" height=\"960\" data-id=\"86427\" src=\"https:\/\/www.cocondedecoration.com\/blog\/wp-content\/uploads\/2025\/11\/solution-fermer-cuisine.007-640x960.jpeg\" alt=\"solution pour fermer la cuisine passe-plat original ovale id\u00e9e s\u00e9paration salon appartement \" class=\"wp-image-86427\" title=\"solution pour fermer la cuisine passe-plat original ovale id\u00e9e s\u00e9paration salon appartement \" srcset=\"https:\/\/www.cocondedecoration.com\/blog\/wp-content\/uploads\/2025\/11\/solution-fermer-cuisine.007-640x960.jpeg 640w, https:\/\/www.cocondedecoration.com\/blog\/wp-content\/uploads\/2025\/11\/solution-fermer-cuisine.007-260x390.jpeg 260w, https:\/\/www.cocondedecoration.com\/blog\/wp-content\/uploads\/2025\/11\/solution-fermer-cuisine.007-768x1152.jpeg 768w, https:\/\/www.cocondedecoration.com\/blog\/wp-content\/uploads\/2025\/11\/solution-fermer-cuisine.007-367x550.jpeg 367w, https:\/\/www.cocondedecoration.com\/blog\/wp-content\/uploads\/2025\/11\/solution-fermer-cuisine.007-333x500.jpeg 333w, https:\/\/www.cocondedecoration.com\/blog\/wp-content\/uploads\/2025\/11\/solution-fermer-cuisine.007.jpeg 1000w\" sizes=\"(max-width: 640px) 100vw, 640px\" \/><\/a><figcaption class=\"wp-element-caption\">domino.com<\/figcaption><\/figure>\n\n\n\n<figure class=\"wp-block-image size-large\"><a href=\"https:\/\/www.cocondedecoration.com\/blog\/wp-content\/uploads\/2025\/11\/solution-fermer-cuisine.008.jpeg\"><img loading=\"lazy\" decoding=\"async\" width=\"640\" height=\"960\" data-id=\"86426\" src=\"https:\/\/www.cocondedecoration.com\/blog\/wp-content\/uploads\/2025\/11\/solution-fermer-cuisine.008-640x960.jpeg\" alt=\"solution pour fermer la cuisine passe-plat simple avec \u00e9tag\u00e8res s\u00e9paration partielle pi\u00e8ce \u00e0 vivre \" class=\"wp-image-86426\" title=\"solution pour fermer la cuisine passe-plat simple avec \u00e9tag\u00e8res s\u00e9paration partielle pi\u00e8ce \u00e0 vivre \" srcset=\"https:\/\/www.cocondedecoration.com\/blog\/wp-content\/uploads\/2025\/11\/solution-fermer-cuisine.008-640x960.jpeg 640w, https:\/\/www.cocondedecoration.com\/blog\/wp-content\/uploads\/2025\/11\/solution-fermer-cuisine.008-260x390.jpeg 260w, https:\/\/www.cocondedecoration.com\/blog\/wp-content\/uploads\/2025\/11\/solution-fermer-cuisine.008-768x1152.jpeg 768w, https:\/\/www.cocondedecoration.com\/blog\/wp-content\/uploads\/2025\/11\/solution-fermer-cuisine.008-367x550.jpeg 367w, https:\/\/www.cocondedecoration.com\/blog\/wp-content\/uploads\/2025\/11\/solution-fermer-cuisine.008-333x500.jpeg 333w, https:\/\/www.cocondedecoration.com\/blog\/wp-content\/uploads\/2025\/11\/solution-fermer-cuisine.008.jpeg 1000w\" sizes=\"(max-width: 640px) 100vw, 640px\" \/><\/a><figcaption class=\"wp-element-caption\">designsponge.com<\/figcaption><\/figure>\n<\/figure>\n\n\n\n<h2 class=\"wp-block-heading\">Monter un mur en pav\u00e9s de verre pour cloisonner la cuisine <\/h2>\n\n\n\n<p>Les briques de verre sont une solution que j'affectionne beaucoup. C'est un mat\u00e9riau qui est assez intemporel et r\u00e9solument d\u00e9coratif. Et cela peut \u00eatre la solution qui convient \u00e0 votre projet et votre int\u00e9rieur. Un <a href=\"https:\/\/www.cocondedecoration.com\/blog\/2025\/02\/cloison-briques-de-verre\/\" target=\"_blank\" rel=\"noopener\" title=\"\">mur en pav\u00e9s de verre<\/a> a plusieurs avantages: <\/p>\n\n\n\n<ul>\n<li>laisse passer la lumi\u00e8re <\/li>\n\n\n\n<li>esth\u00e9tique (grand choix de design de briques en verre) <\/li>\n\n\n\n<li>isolation thermique et phonique<\/li>\n\n\n\n<li>peut \u00eatre mont\u00e9 comme un mur complet ou sur un muret<\/li>\n\n\n\n<li>possible de monter un mur en brique de verre soi-m\u00eame<\/li>\n<\/ul>\n\n\n\n<p>Il y a n\u00e9anmoins un point \u00e0 prendre en compte et qui peut \u00eatre consid\u00e9r\u00e9 comme un inconv\u00e9nient: Un mur en pav\u00e9s de verre sera plus \u00e9pais qu'une verri\u00e8re. L'\u00e9paisseur d'une brique de verre est comprise entre 5 et 10 cm (l'\u00e9paisseur standard est de 8cm) alors que celle d'une verri\u00e8re est g\u00e9n\u00e9ralement comprise entre 4 et 5 cm. <\/p>\n\n\n\n<figure class=\"wp-block-gallery has-nested-images columns-default is-cropped wp-block-gallery-5 is-layout-flex wp-block-gallery-is-layout-flex\">\n<figure class=\"wp-block-image size-large\"><a href=\"https:\/\/www.cocondedecoration.com\/blog\/wp-content\/uploads\/2025\/11\/solution-fermer-cuisine.009.jpeg\"><img loading=\"lazy\" decoding=\"async\" width=\"640\" height=\"960\" data-id=\"86429\" src=\"https:\/\/www.cocondedecoration.com\/blog\/wp-content\/uploads\/2025\/11\/solution-fermer-cuisine.009-640x960.jpeg\" alt=\"solution pour fermer la cuisine mur en brique de verre espace moderne et lumineux \" class=\"wp-image-86429\" title=\"solution pour fermer la cuisine mur en brique de verre espace moderne et lumineux \" srcset=\"https:\/\/www.cocondedecoration.com\/blog\/wp-content\/uploads\/2025\/11\/solution-fermer-cuisine.009-640x960.jpeg 640w, https:\/\/www.cocondedecoration.com\/blog\/wp-content\/uploads\/2025\/11\/solution-fermer-cuisine.009-260x390.jpeg 260w, https:\/\/www.cocondedecoration.com\/blog\/wp-content\/uploads\/2025\/11\/solution-fermer-cuisine.009-768x1152.jpeg 768w, https:\/\/www.cocondedecoration.com\/blog\/wp-content\/uploads\/2025\/11\/solution-fermer-cuisine.009-367x550.jpeg 367w, https:\/\/www.cocondedecoration.com\/blog\/wp-content\/uploads\/2025\/11\/solution-fermer-cuisine.009-333x500.jpeg 333w, https:\/\/www.cocondedecoration.com\/blog\/wp-content\/uploads\/2025\/11\/solution-fermer-cuisine.009.jpeg 1000w\" sizes=\"(max-width: 640px) 100vw, 640px\" \/><\/a><figcaption class=\"wp-element-caption\">archilovers.com<\/figcaption><\/figure>\n\n\n\n<figure class=\"wp-block-image size-large\"><a href=\"https:\/\/www.cocondedecoration.com\/blog\/wp-content\/uploads\/2025\/11\/solution-fermer-cuisine.010.jpeg\"><img loading=\"lazy\" decoding=\"async\" width=\"640\" height=\"960\" data-id=\"86428\" src=\"https:\/\/www.cocondedecoration.com\/blog\/wp-content\/uploads\/2025\/11\/solution-fermer-cuisine.010-640x960.jpeg\" alt=\"solution pour fermer la cuisine mur en pav\u00e9s de verre id\u00e9e d\u00e9coration lumi\u00e8re \" class=\"wp-image-86428\" title=\"solution pour fermer la cuisine mur en pav\u00e9s de verre id\u00e9e d\u00e9coration lumi\u00e8re \" srcset=\"https:\/\/www.cocondedecoration.com\/blog\/wp-content\/uploads\/2025\/11\/solution-fermer-cuisine.010-640x960.jpeg 640w, https:\/\/www.cocondedecoration.com\/blog\/wp-content\/uploads\/2025\/11\/solution-fermer-cuisine.010-260x390.jpeg 260w, https:\/\/www.cocondedecoration.com\/blog\/wp-content\/uploads\/2025\/11\/solution-fermer-cuisine.010-768x1152.jpeg 768w, https:\/\/www.cocondedecoration.com\/blog\/wp-content\/uploads\/2025\/11\/solution-fermer-cuisine.010-367x550.jpeg 367w, https:\/\/www.cocondedecoration.com\/blog\/wp-content\/uploads\/2025\/11\/solution-fermer-cuisine.010-333x500.jpeg 333w, https:\/\/www.cocondedecoration.com\/blog\/wp-content\/uploads\/2025\/11\/solution-fermer-cuisine.010.jpeg 1000w\" sizes=\"(max-width: 640px) 100vw, 640px\" \/><\/a><figcaption class=\"wp-element-caption\"><a href=\"https:\/\/www.littleworker.fr\/\" target=\"_blank\" rel=\"noopener\" title=\"\">littleworker.fr<\/a><\/figcaption><\/figure>\n<\/figure>\n\n\n\n<h2 class=\"wp-block-heading\">Une biblioth\u00e8que sur-mesure pour s\u00e9parer la cuisine de la pi\u00e8ce \u00e0 vivre <\/h2>\n\n\n\n<p>Si vous cherchez une solution esth\u00e9tique pour fermer la cuisine tout en offrant du rangement, vous pouvez partir sur une biblioth\u00e8que sur mesure. Elle a l'avantage de laisser passer la lumi\u00e8re entre votre s\u00e9jour et la cuisine. Et elle vous permet de ranger vaisselle, livres et d\u00e9co. A l'instar des claustra, le principal inconv\u00e9nient de la biblioth\u00e8que est de laisser passer les odeurs de cuisson et ne pas isoler du bruit. <\/p>\n\n\n\n<p>Pour aller plus loin: <a href=\"https:\/\/www.cocondedecoration.com\/blog\/2025\/05\/comprendre-devis-cuisine\/\" target=\"_blank\" rel=\"noopener\" title=\"\">Nouvelle cuisine: points \u00e0 v\u00e9rifier avant de signer un devis<\/a><\/p>\n\n\n\n<figure class=\"wp-block-gallery has-nested-images columns-default is-cropped wp-block-gallery-6 is-layout-flex wp-block-gallery-is-layout-flex\">\n<figure class=\"wp-block-image size-large\"><a href=\"https:\/\/www.cocondedecoration.com\/blog\/wp-content\/uploads\/2025\/11\/solution-fermer-cuisine.011.jpeg\"><img loading=\"lazy\" decoding=\"async\" width=\"640\" height=\"960\" data-id=\"86430\" src=\"https:\/\/www.cocondedecoration.com\/blog\/wp-content\/uploads\/2025\/11\/solution-fermer-cuisine.011-640x960.jpeg\" alt=\"solution pour fermer la cuisine meuble biblioth\u00e8que rangement vaisselle en bois sur-mesure \" class=\"wp-image-86430\" title=\"solution pour fermer la cuisine meuble biblioth\u00e8que rangement vaisselle en bois sur-mesure \" srcset=\"https:\/\/www.cocondedecoration.com\/blog\/wp-content\/uploads\/2025\/11\/solution-fermer-cuisine.011-640x960.jpeg 640w, https:\/\/www.cocondedecoration.com\/blog\/wp-content\/uploads\/2025\/11\/solution-fermer-cuisine.011-260x390.jpeg 260w, https:\/\/www.cocondedecoration.com\/blog\/wp-content\/uploads\/2025\/11\/solution-fermer-cuisine.011-768x1152.jpeg 768w, https:\/\/www.cocondedecoration.com\/blog\/wp-content\/uploads\/2025\/11\/solution-fermer-cuisine.011-367x550.jpeg 367w, https:\/\/www.cocondedecoration.com\/blog\/wp-content\/uploads\/2025\/11\/solution-fermer-cuisine.011-333x500.jpeg 333w, https:\/\/www.cocondedecoration.com\/blog\/wp-content\/uploads\/2025\/11\/solution-fermer-cuisine.011.jpeg 1000w\" sizes=\"(max-width: 640px) 100vw, 640px\" \/><\/a><figcaption class=\"wp-element-caption\">homevizo.com<\/figcaption><\/figure>\n\n\n\n<figure class=\"wp-block-image size-large\"><a href=\"https:\/\/www.cocondedecoration.com\/blog\/wp-content\/uploads\/2025\/11\/solution-fermer-cuisine.012.jpeg\"><img loading=\"lazy\" decoding=\"async\" width=\"640\" height=\"960\" data-id=\"86431\" src=\"https:\/\/www.cocondedecoration.com\/blog\/wp-content\/uploads\/2025\/11\/solution-fermer-cuisine.012-640x960.jpeg\" alt=\"solution pour fermer la cuisine mobilier sur mesure effet biblioth\u00e8que rangement \" class=\"wp-image-86431\" title=\"solution pour fermer la cuisine mobilier sur mesure effet biblioth\u00e8que rangement \" srcset=\"https:\/\/www.cocondedecoration.com\/blog\/wp-content\/uploads\/2025\/11\/solution-fermer-cuisine.012-640x960.jpeg 640w, https:\/\/www.cocondedecoration.com\/blog\/wp-content\/uploads\/2025\/11\/solution-fermer-cuisine.012-260x390.jpeg 260w, https:\/\/www.cocondedecoration.com\/blog\/wp-content\/uploads\/2025\/11\/solution-fermer-cuisine.012-768x1152.jpeg 768w, https:\/\/www.cocondedecoration.com\/blog\/wp-content\/uploads\/2025\/11\/solution-fermer-cuisine.012-367x550.jpeg 367w, https:\/\/www.cocondedecoration.com\/blog\/wp-content\/uploads\/2025\/11\/solution-fermer-cuisine.012-333x500.jpeg 333w, https:\/\/www.cocondedecoration.com\/blog\/wp-content\/uploads\/2025\/11\/solution-fermer-cuisine.012.jpeg 1000w\" sizes=\"(max-width: 640px) 100vw, 640px\" \/><\/a><figcaption class=\"wp-element-caption\"><a href=\"https:\/\/www.bertinaminel-architecture.com\/\" target=\"_blank\" rel=\"noopener\" title=\"\">bertinaminel-architecture.com<\/a><\/figcaption><\/figure>\n<\/figure>\n\n\n\n<h2 class=\"wp-block-heading\">Solution \u00e9conomique pour fermer une cuisine: monter une cloison pleine <\/h2>\n\n\n\n<p>Si vous avez un petit budget pour r\u00e9nover et fermer la cuisine, il reste une solution. C'est la plus classique mais aussi la plus \u00e9conomique: monter une cloison en placo-pl\u00e2tre. Il y a de <a href=\"https:\/\/www.cocondedecoration.com\/blog\/2025\/04\/materiau-cloison-interieur\/\" target=\"_blank\" rel=\"noopener\" title=\"\">nombreux mat\u00e9riaux qui vous permettront de monter une cloison pleine<\/a> mais le placo est \u00e9conomique. En plus, il peut \u00eatre ignifug\u00e9. Point pratique si vous posez la plaque de cuisson contre ce nouveau mur. Le principal inconv\u00e9nient de cette solution est de ne pas laisser passer la lumi\u00e8re. En revanche, rien ne vous emp\u00eache de monter une porte vitr\u00e9e pour avoir un espace un peu plus lumineux. <\/p>\n\n\n\n<figure class=\"wp-block-gallery has-nested-images columns-default is-cropped wp-block-gallery-7 is-layout-flex wp-block-gallery-is-layout-flex\">\n<figure class=\"wp-block-image size-large\"><a href=\"https:\/\/www.cocondedecoration.com\/blog\/wp-content\/uploads\/2025\/11\/solution-fermer-cuisine.013.jpeg\"><img loading=\"lazy\" decoding=\"async\" width=\"640\" height=\"960\" data-id=\"86432\" src=\"https:\/\/www.cocondedecoration.com\/blog\/wp-content\/uploads\/2025\/11\/solution-fermer-cuisine.013-640x960.jpeg\" alt=\"solution pour fermer la cuisine mur en placo avec grande porte vir\u00e9e montant color\u00e9 bleu \" class=\"wp-image-86432\" title=\"solution pour fermer la cuisine mur en placo avec grande porte vir\u00e9e montant color\u00e9 bleu \" srcset=\"https:\/\/www.cocondedecoration.com\/blog\/wp-content\/uploads\/2025\/11\/solution-fermer-cuisine.013-640x960.jpeg 640w, https:\/\/www.cocondedecoration.com\/blog\/wp-content\/uploads\/2025\/11\/solution-fermer-cuisine.013-260x390.jpeg 260w, https:\/\/www.cocondedecoration.com\/blog\/wp-content\/uploads\/2025\/11\/solution-fermer-cuisine.013-768x1152.jpeg 768w, https:\/\/www.cocondedecoration.com\/blog\/wp-content\/uploads\/2025\/11\/solution-fermer-cuisine.013-367x550.jpeg 367w, https:\/\/www.cocondedecoration.com\/blog\/wp-content\/uploads\/2025\/11\/solution-fermer-cuisine.013-333x500.jpeg 333w, https:\/\/www.cocondedecoration.com\/blog\/wp-content\/uploads\/2025\/11\/solution-fermer-cuisine.013.jpeg 1000w\" sizes=\"(max-width: 640px) 100vw, 640px\" \/><\/a><figcaption class=\"wp-element-caption\">e-bstudio.com<\/figcaption><\/figure>\n\n\n\n<figure class=\"wp-block-image size-large\"><a href=\"https:\/\/www.cocondedecoration.com\/blog\/wp-content\/uploads\/2025\/11\/solution-fermer-cuisine.014.jpeg\"><img loading=\"lazy\" decoding=\"async\" width=\"640\" height=\"960\" data-id=\"86433\" src=\"https:\/\/www.cocondedecoration.com\/blog\/wp-content\/uploads\/2025\/11\/solution-fermer-cuisine.014-640x960.jpeg\" alt=\"solution pour fermer la cuisine porte vitr\u00e9e mur plein en placo id\u00e9e moderne et chaleureuse \" class=\"wp-image-86433\" title=\"solution pour fermer la cuisine porte vitr\u00e9e mur plein en placo id\u00e9e moderne et chaleureuse \" srcset=\"https:\/\/www.cocondedecoration.com\/blog\/wp-content\/uploads\/2025\/11\/solution-fermer-cuisine.014-640x960.jpeg 640w, https:\/\/www.cocondedecoration.com\/blog\/wp-content\/uploads\/2025\/11\/solution-fermer-cuisine.014-260x390.jpeg 260w, https:\/\/www.cocondedecoration.com\/blog\/wp-content\/uploads\/2025\/11\/solution-fermer-cuisine.014-768x1152.jpeg 768w, https:\/\/www.cocondedecoration.com\/blog\/wp-content\/uploads\/2025\/11\/solution-fermer-cuisine.014-367x550.jpeg 367w, https:\/\/www.cocondedecoration.com\/blog\/wp-content\/uploads\/2025\/11\/solution-fermer-cuisine.014-333x500.jpeg 333w, https:\/\/www.cocondedecoration.com\/blog\/wp-content\/uploads\/2025\/11\/solution-fermer-cuisine.014.jpeg 1000w\" sizes=\"(max-width: 640px) 100vw, 640px\" \/><\/a><figcaption class=\"wp-element-caption\">indu-doors.nl<\/figcaption><\/figure>\n<\/figure>\n\n\n\n<h2 class=\"wp-block-heading\">Solutions pour fermer la cuisine: tableau r\u00e9capitulatif des avantages et inconv\u00e9nients <\/h2>\n\n\n\n<figure class=\"wp-block-table\"><table class=\"has-fixed-layout\"><tbody><tr><td><\/td><td>Laisse passer la lumi\u00e8re<\/td><td>Isole du bruit et les odeurs <\/td><td>Sur-mesure ou standard? <\/td><\/tr><tr><td>Verri\u00e8re <\/td><td>Oui<\/td><td>Oui<\/td><td>Les 2<\/td><\/tr><tr><td>Claustra<\/td><td>Oui<\/td><td>Non<\/td><td>Les 2<\/td><\/tr><tr><td>Panneaux coulissants<\/td><td>S'ils sont ouverts<\/td><td>S'ils sont ferm\u00e9s<\/td><td>Sur mesure <\/td><\/tr><tr><td>Passe-plat <\/td><td>Partiellement<\/td><td>Non<\/td><td>Sur mesure<\/td><\/tr><tr><td>Pav\u00e9s de verre<\/td><td>Oui<\/td><td>Oui<\/td><td>\/ <\/td><\/tr><tr><td>Biblioth\u00e8que<\/td><td>Oui<\/td><td>Non<\/td><td>Sur mesure <\/td><\/tr><tr><td>Cloison en placo<\/td><td>Non <\/td><td>Oui<\/td><td>\/ <\/td><\/tr><\/tbody><\/table><\/figure>\n\n\n\n<p>Pour les murs en pav\u00e9s de verre et en placo, on peut dire que ce sont des solutions sur-mesure. En revanche, vous aurez toujours des contraintes de pose. J'ai parl\u00e9 plus haut de l'\u00e9paisseur des carreaux de verre. Pour le placo, il faudra aussi prendre en compte la structure portante et l'\u00e9paisseur des plaques. <\/p>\n\n\n\n<p class=\"has-small-font-size\">Source de l'image \u00e0 la une: contemporist.com<\/p>\n","protected":false},"excerpt":{"rendered":"<p>Vous avez envie de fermer la cuisine? La s\u00e9parer de votre pi\u00e8ce \u00e0 vivre? D\u00e9couvrez 7 solutions qui vous aideront \u00e0 concr\u00e9tiser votre projet r\u00e9no. <span class=\"more-link\"><a href=\"https:\/\/www.cocondedecoration.com\/blog\/2025\/11\/solutions-fermer-cuisine-ouverte\/\">Lire la suite<\/a><\/span><\/p>\n","protected":false},"author":1,"featured_media":86435,"comment_status":"open","ping_status":"open","sticky":false,"template":"","format":"standard","meta":{"om_disable_all_campaigns":false,"_monsterinsights_skip_tracking":false,"_monsterinsights_sitenote_active":false,"_monsterinsights_sitenote_note":"","_monsterinsights_sitenote_category":0,"_uf_show_specific_survey":0,"_uf_disable_surveys":false,"footnotes":""},"categories":[62045],"tags":[3466,62162,62242,22424,62246,62244,61841,199,3079,419,418,4254,62243,62245,62249,62247,62248,2153,62163,459],"aioseo_notices":[],"_links":{"self":[{"href":"https:\/\/www.cocondedecoration.com\/blog\/wp-json\/wp\/v2\/posts\/86419"}],"collection":[{"href":"https:\/\/www.cocondedecoration.com\/blog\/wp-json\/wp\/v2\/posts"}],"about":[{"href":"https:\/\/www.cocondedecoration.com\/blog\/wp-json\/wp\/v2\/types\/post"}],"author":[{"embeddable":true,"href":"https:\/\/www.cocondedecoration.com\/blog\/wp-json\/wp\/v2\/users\/1"}],"replies":[{"embeddable":true,"href":"https:\/\/www.cocondedecoration.com\/blog\/wp-json\/wp\/v2\/comments?post=86419"}],"version-history":[{"count":2,"href":"https:\/\/www.cocondedecoration.com\/blog\/wp-json\/wp\/v2\/posts\/86419\/revisions"}],"predecessor-version":[{"id":86436,"href":"https:\/\/www.cocondedecoration.com\/blog\/wp-json\/wp\/v2\/posts\/86419\/revisions\/86436"}],"wp:featuredmedia":[{"embeddable":true,"href":"https:\/\/www.cocondedecoration.com\/blog\/wp-json\/wp\/v2\/media\/86435"}],"wp:attachment":[{"href":"https:\/\/www.cocondedecoration.com\/blog\/wp-json\/wp\/v2\/media?parent=86419"}],"wp:term":[{"taxonomy":"category","embeddable":true,"href":"https:\/\/www.cocondedecoration.com\/blog\/wp-json\/wp\/v2\/categories?post=86419"},{"taxonomy":"post_tag","embeddable":true,"href":"https:\/\/www.cocondedecoration.com\/blog\/wp-json\/wp\/v2\/tags?post=86419"}],"curies":[{"name":"wp","href":"https:\/\/api.w.org\/{rel}","templated":true}]}}