{"id":85872,"date":"2025-10-26T01:00:00","date_gmt":"2025-10-25T23:00:00","guid":{"rendered":"https:\/\/www.cocondedecoration.com\/blog\/?p=85872"},"modified":"2025-11-07T09:03:55","modified_gmt":"2025-11-07T07:03:55","slug":"salon-organique-chic","status":"publish","type":"post","link":"https:\/\/www.cocondedecoration.com\/blog\/2025\/10\/salon-organique-chic\/","title":{"rendered":"Cr\u00e9er facilement une ambiance organique chic dans le salon"},"content":{"rendered":"\n<p>La nature peut prendre diff\u00e9rentes formes en d\u00e9coration int\u00e9rieure. On peut penser aux plantes, \u00e0 la couleur verte, au bois... On peut aussi s'orienter vers une ambiance organique. Une mani\u00e8re peut-\u00eatre plus subtile pour faire entrer l'id\u00e9e de nature chez soi. Et aujourd'hui, ce qui nous int\u00e9resse c'est la mani\u00e8re de cr\u00e9er ce type d'univers dans le salon.<\/p>\n\n\n\n<!--more-->\n\n\n\n<div class=\"wp-block-columns is-layout-flex wp-container-core-columns-layout-1 wp-block-columns-is-layout-flex\">\n<div class=\"wp-block-column is-layout-flow wp-block-column-is-layout-flow\">\n<h2 class=\"wp-block-heading\">Les codes \u00e0 suivre pour une d\u00e9co de salon organique et \u00e9l\u00e9gante <\/h2>\n\n\n\n<p>Ce qui me plait avec les styles d\u00e9co c'est qu'ils offrent une marche \u00e0 suivre pour les mettre en oeuvre. On est libre de suivre les codes ou pas mais \u00e7a permet de ne pas partir de z\u00e9ro. Les atmosph\u00e8res organiques vous offrent plusieurs pistes \u00e0 suivre qui marient \u00e9l\u00e9gance naturelle et confort \u00e9pur\u00e9: <\/p>\n\n\n\n<ul>\n<li>couleurs dans l'air du temps et inspir\u00e9es de la nature (vert, terracotta, marron, ocre...) <\/li>\n\n\n\n<li>mat\u00e9riaux nobles et naturels: bois, velours, jute... <\/li>\n\n\n\n<li>touche artisanale: broderie faite \u00e0 la main, poterie... <\/li>\n<\/ul>\n\n\n\n<p>Ceci peut \u00e9galement vous int\u00e9resser: <a href=\"https:\/\/www.cocondedecoration.com\/blog\/2025\/10\/decoration-marron-salon-chic\/\" target=\"_blank\" rel=\"noopener\" title=\"\">D\u00e9coration marron pour l\u2019automne: salon s\u00e9jour chic<\/a><\/p>\n\n\n\n<h2 class=\"wp-block-heading\">Comment cr\u00e9er une ambiance organique chic dans la pi\u00e8ce \u00e0 vivre? <\/h2>\n\n\n\n<p>Voici les r\u00e9f\u00e9rences produits qui sont utilis\u00e9s dans la planche d'ambiance: <\/p>\n\n\n\n<ul>\n<li class=\"has-small-font-size\"><a href=\"https:\/\/track.effiliation.com\/servlet\/effi.redir?id_compteur=21809597&amp;url=https%3A%2F%2Fwww.maisonsdumonde.com%2FFR%2Ffr%2Fp%2Fcanape-style-scandinave-3-places-en-velours-cotele-orange-ecureuil-brooke-250166.htm\" target=\"_blank\" rel=\"noopener\" title=\"\">Canap\u00e9 style scandinave 3 places en velours c\u00f4tel\u00e9 orange \u00e9cureuil<\/a> - Maisons du Monde<\/li>\n\n\n\n<li class=\"has-small-font-size\"><a href=\"https:\/\/c3po.link\/QyK4WeQfN5\" target=\"_blank\" rel=\"noopener\" title=\"\">Fauteuil capitonn\u00e9 en velours chenill\u00e9 <\/a>- La Redoute<\/li>\n\n\n\n<li class=\"has-small-font-size\"><a href=\"https:\/\/track.effiliation.com\/servlet\/effi.redir?id_compteur=23194477&amp;url=https%3A%2F%2Fwww.berahgetah.com%2Fproducts%2Ftable-basse-bois-finition-noyer-160-cm\" target=\"_blank\" rel=\"noopener\" title=\"\">Table basse en mindi massif finition noyer 160 cm<\/a> - Berah Getah <\/li>\n\n\n\n<li class=\"has-small-font-size\"><a href=\"https:\/\/track.effiliation.com\/servlet\/effi.redir?id_compteur=23194477&amp;url=https%3A%2F%2Fwww.berahgetah.com%2Fproducts%2Fmeuble-tv-suspendu-en-bois-de-mindi-finition-noyer-140-cm\" target=\"_blank\" rel=\"noopener\" title=\"\">Meuble TV suspendu en bois de mindi finition noyer 140 cm<\/a> - Berah Getah <\/li>\n\n\n\n<li class=\"has-small-font-size\"><a href=\"https:\/\/track.effiliation.com\/servlet\/effi.redir?id_compteur=21809597&amp;url=https%3A%2F%2Fwww.maisonsdumonde.com%2FFR%2Ffr%2Fp%2Fpouf-rond-vert-kaki-cassia-248701.htm\" target=\"_blank\" rel=\"noopener\" title=\"\">Pouf rond vert kaki<\/a> - Maisons du Monde<\/li>\n\n\n\n<li class=\"has-small-font-size\"><a href=\"https:\/\/track.effiliation.com\/servlet\/effi.redir?id_compteur=21809597&amp;url=https%3A%2F%2Fwww.maisonsdumonde.com%2FFR%2Ffr%2Fp%2Fbout-de-canape-en-ceramique-a-rayures-bordeaux-et-blanches-isabella-248694.htm\" target=\"_blank\" rel=\"noopener\" title=\"\">Bout de canap\u00e9 en c\u00e9ramique \u00e0 rayures bordeaux et blanches<\/a> - Maisons du Monde<\/li>\n\n\n\n<li class=\"has-small-font-size\"><a href=\"https:\/\/track.effiliation.com\/servlet\/effi.redir?id_compteur=23194477&amp;url=https%3A%2F%2Fwww.berahgetah.com%2Fproducts%2Fmiroir-organique-en-bois-de-teck-90x60-cm\" target=\"_blank\" rel=\"noopener\" title=\"\">Miroir organique en bois de teck 90x60 cm<\/a> - Berah Getah <\/li>\n\n\n\n<li class=\"has-small-font-size\"><a href=\"https:\/\/track.effiliation.com\/servlet\/effi.redir?id_compteur=21809597&amp;url=https%3A%2F%2Fwww.maisonsdumonde.com%2FFR%2Ffr%2Fp%2Fdeco-murale-en-bois-de-manguier-64x110-gesten-249717.htm\" target=\"_blank\" rel=\"noopener\" title=\"\">D\u00e9co murale en bois de manguier 64x110<\/a> - Maisons du Monde <\/li>\n\n\n\n<li class=\"has-small-font-size\"><a href=\"https:\/\/c3po.link\/QeVakVH9M3\" target=\"_blank\" rel=\"noopener\" title=\"\">Suspension plexiglas et verre opalin<\/a> - La Redoute <\/li>\n\n\n\n<li class=\"has-small-font-size\"><a href=\"https:\/\/c3po.link\/QPhB6zb3za\" target=\"_blank\" rel=\"noopener\" title=\"\">Lampadaire en tissu bouclette H187cm<\/a> - La Redoute <\/li>\n\n\n\n<li class=\"has-small-font-size\"><a href=\"https:\/\/glp8.net\/c\/?si=19884&amp;li=1847438&amp;wi=389952&amp;ws=2025%20collage%20salon%20organique&amp;dl=prod-lampe-sans-fil-rechargeable-panthella-250-v3-plastique-vert-led-o-25-x-h-34-6-cm-verner-panton-1971-louis-poulsen-refm116594801.html\" target=\"_blank\" rel=\"noopener\" title=\"\">Lampe sans fil rechargeable Panthella Verner Panton, 1971<\/a> - Made in Design <\/li>\n\n\n\n<li class=\"has-small-font-size\"><a href=\"https:\/\/c3po.link\/QdbybbqTer\" target=\"_blank\" rel=\"noopener\" title=\"\">Tapis en jute motif vintage<\/a> - La Redoute<\/li>\n\n\n\n<li class=\"has-small-font-size\"><a href=\"https:\/\/glp8.net\/c\/?si=19884&amp;li=1847438&amp;wi=389952&amp;ws=2025%20collage%20salon%20organique&amp;dl=prod-vase-hibou-small-ceramique-bleu-by-marni-h-23-cm-serax-refm116509401.html\" target=\"_blank\" rel=\"noopener\" title=\"\">Vase Hibou Small by Marni \/ H 23 cm<\/a> - Made in Design <\/li>\n\n\n\n<li class=\"has-small-font-size\"><a href=\"https:\/\/glp8.net\/c\/?si=19884&amp;li=1847438&amp;wi=389952&amp;ws=2025%20collage%20salon%20organique&amp;dl=prod-housse-de-coussin-figure-tissu-marron-50-x-50-cm-motif-brode-a-la-main-ferm-living-refm115463501.html\" target=\"_blank\" rel=\"noopener\" title=\"\">Housse de coussin Figure tissu \/ 50 x 50 cm - Motif brod\u00e9 \u00e0 la main <\/a>- Made in Design <\/li>\n\n\n\n<li class=\"has-small-font-size\"><a href=\"https:\/\/glp8.net\/c\/?si=19884&amp;li=1847438&amp;wi=389952&amp;ws=2025%20collage%20salon%20organique&amp;dl=prod-vase-stand-small-verre-marron-o-11-x-h-18-cm-huebsch-refm116672401.html\" target=\"_blank\" rel=\"noopener\" title=\"\">Vase Stand Small verre marron <\/a>- Made in Design<\/li>\n\n\n\n<li class=\"has-small-font-size\"><a href=\"https:\/\/track.effiliation.com\/servlet\/effi.redir?id_compteur=21809597&amp;url=https%3A%2F%2Fwww.maisonsdumonde.com%2FFR%2Ffr%2Fp%2Fbougie-parfumee-en-ceramique-verte-giorgio-249127.htm\" target=\"_blank\" rel=\"noopener\" title=\"\">Bougie parfum\u00e9e en c\u00e9ramique verte<\/a> - Maisons du Monde <\/li>\n<\/ul>\n<\/div>\n\n\n\n<div class=\"wp-block-column is-layout-flow wp-block-column-is-layout-flow\">\n<iframe loading=\"lazy\" src=\"https:\/\/assets.pinterest.com\/ext\/embed.html?id=24980972929686671\" height=\"1167\" width=\"600\" frameborder=\"0\" scrolling=\"no\" ><\/iframe>\n<\/div>\n<\/div>\n\n\n\n<p class=\"has-small-font-size\">Note: Cet article contient des liens affili\u00e9s. <\/p>\n","protected":false},"excerpt":{"rendered":"<p>Envie de nouveaut\u00e9 dans le salon? Et si vous optiez pour une d\u00e9co organique et \u00e9l\u00e9gante? Un univers inspir\u00e9 de la nature, facile \u00e0 d\u00e9velopper chez vous.<span class=\"more-link\"><a href=\"https:\/\/www.cocondedecoration.com\/blog\/2025\/10\/salon-organique-chic\/\">Lire la suite<\/a><\/span><\/p>\n","protected":false},"author":1,"featured_media":85877,"comment_status":"open","ping_status":"open","sticky":false,"template":"","format":"standard","meta":{"om_disable_all_campaigns":false,"_monsterinsights_skip_tracking":false,"_monsterinsights_sitenote_active":false,"_monsterinsights_sitenote_note":"","_monsterinsights_sitenote_category":0,"_uf_show_specific_survey":0,"_uf_disable_surveys":false,"footnotes":""},"categories":[62064,62239],"tags":[3566,62149,5496,62186],"aioseo_notices":[],"_links":{"self":[{"href":"https:\/\/www.cocondedecoration.com\/blog\/wp-json\/wp\/v2\/posts\/85872"}],"collection":[{"href":"https:\/\/www.cocondedecoration.com\/blog\/wp-json\/wp\/v2\/posts"}],"about":[{"href":"https:\/\/www.cocondedecoration.com\/blog\/wp-json\/wp\/v2\/types\/post"}],"author":[{"embeddable":true,"href":"https:\/\/www.cocondedecoration.com\/blog\/wp-json\/wp\/v2\/users\/1"}],"replies":[{"embeddable":true,"href":"https:\/\/www.cocondedecoration.com\/blog\/wp-json\/wp\/v2\/comments?post=85872"}],"version-history":[{"count":5,"href":"https:\/\/www.cocondedecoration.com\/blog\/wp-json\/wp\/v2\/posts\/85872\/revisions"}],"predecessor-version":[{"id":85878,"href":"https:\/\/www.cocondedecoration.com\/blog\/wp-json\/wp\/v2\/posts\/85872\/revisions\/85878"}],"wp:featuredmedia":[{"embeddable":true,"href":"https:\/\/www.cocondedecoration.com\/blog\/wp-json\/wp\/v2\/media\/85877"}],"wp:attachment":[{"href":"https:\/\/www.cocondedecoration.com\/blog\/wp-json\/wp\/v2\/media?parent=85872"}],"wp:term":[{"taxonomy":"category","embeddable":true,"href":"https:\/\/www.cocondedecoration.com\/blog\/wp-json\/wp\/v2\/categories?post=85872"},{"taxonomy":"post_tag","embeddable":true,"href":"https:\/\/www.cocondedecoration.com\/blog\/wp-json\/wp\/v2\/tags?post=85872"}],"curies":[{"name":"wp","href":"https:\/\/api.w.org\/{rel}","templated":true}]}}