{"id":85531,"date":"2025-10-16T09:33:55","date_gmt":"2025-10-16T07:33:55","guid":{"rendered":"https:\/\/www.cocondedecoration.com\/blog\/?p=85531"},"modified":"2025-10-21T08:17:16","modified_gmt":"2025-10-21T06:17:16","slug":"separation-entree-salon","status":"publish","type":"post","link":"https:\/\/www.cocondedecoration.com\/blog\/2025\/10\/separation-entree-salon\/","title":{"rendered":"S\u00e9parer l&rsquo;entr\u00e9e du salon: 10 id\u00e9es pour structurer l&rsquo;espace"},"content":{"rendered":"\n<div class=\"wp-block-columns is-layout-flex wp-container-core-columns-layout-1 wp-block-columns-is-layout-flex\">\n<div class=\"wp-block-column is-layout-flow wp-block-column-is-layout-flow\">\n<p>Aujourd'hui, on s'int\u00e9resse \u00e0 un cas de figure particulier dans le domaine de l'am\u00e9nagement int\u00e9rieur: une entr\u00e9e ouverte sur le salon et la volont\u00e9 de s\u00e9parer les deux espaces. Un cas de figure qui n'est pas si rare et vous verrez, plusieurs solutions s'offrent \u00e0 vous. Ici, nous allons donc aborder ces diff\u00e9rentes solutions, nous verrons leurs avantages et leurs inconv\u00e9nients. <\/p>\n\n\n\n<!--more-->\n\n\n\n<p class=\"has-medium-font-size\">Sommaire: comment s\u00e9parer l'entr\u00e9e du salon dans une pi\u00e8ce ouverte? <\/p>\n\n\n\n<div class=\"wp-block-aioseo-table-of-contents\"><ul><li><a href=\"#aioseo-creer-un-muret-pour-separer-lentree-du-salon\">Cr\u00e9er un muret pour s\u00e9parer l'entr\u00e9e du salon<\/a><\/li><li><a href=\"#aioseo-monter-une-cloison-pleine-entre-lentree-et-le-salon\">Monter une cloison pleine entre l'entr\u00e9e et le salon<\/a><\/li><li><a href=\"#aioseo-installer-un-claustra-interieur-entre-lentree-et-le-salon\">Installer un claustra int\u00e9rieur entre l'entr\u00e9e et le salon<\/a><\/li><li><a href=\"#aioseo-choisir-une-verriere-pour-delimiter-lentree-du-salon\">Choisir une verri\u00e8re pour d\u00e9limiter l'entr\u00e9e du salon<\/a><\/li><li><a href=\"#aioseo-separer-entree-et-salon-grace-a-un-mur-en-paves-de-verre\">S\u00e9parer entr\u00e9e et salon gr\u00e2ce \u00e0 un mur en pav\u00e9s de verre<\/a><\/li><li><a href=\"#aioseo-un-meuble-sur-mesure-en-guise-de-separation-entre-lentree-et-la-piece-de-vie\">Un meuble sur-mesure en guise de s\u00e9paration entre l'entr\u00e9e et la pi\u00e8ce de vie<\/a><\/li><li><a href=\"#aioseo-separer-entree-et-salon-sans-creer-un-mur-cest-possible\">S\u00e9parer entr\u00e9e et salon sans cr\u00e9er un mur, c'est possible<\/a><ul><li><a href=\"#aioseo-differencier-le-salon-et-lentree-grace-au-revetement-de-sol\">Diff\u00e9rencier le salon et l'entr\u00e9e gr\u00e2ce au rev\u00eatement de sol<\/a><\/li><li><a href=\"#aioseo-le-revetement-mural-pour-separer-entree-et-piece-a-vivre\">Le rev\u00eatement mural pour s\u00e9parer entr\u00e9e et pi\u00e8ce \u00e0 vivre<\/a><\/li><\/ul><\/li><li><a href=\"#aioseo-separer-entree-et-salon-dans-un-logement-en-location\">S\u00e9parer entr\u00e9e et salon dans un logement en location<\/a><ul><li><a href=\"#aioseo-marquer-visuellement-lentree-avec-des-meubles-specifiques\">Marquer visuellement l\u2019entr\u00e9e avec des meubles sp\u00e9cifiques<\/a><\/li><li><a href=\"#aioseo-installer-un-meuble-qui-fera-office-de-separation-entre-les-2-espaces\">Installer un meuble qui fera office de s\u00e9paration entre les 2 espaces<\/a><\/li><\/ul><\/li><li><a href=\"#aioseo-tableau-recapitulatif-quelle-solution-pour-separer-entree-et-salon-chez-vous\">Tableau r\u00e9capitulatif: quelle solution pour s\u00e9parer entr\u00e9e et salon chez vous?<\/a><\/li><\/ul><\/div>\n<\/div>\n\n\n\n<div class=\"wp-block-column is-layout-flow wp-block-column-is-layout-flow\">\n<figure class=\"wp-block-image size-large\"><a href=\"https:\/\/www.cocondedecoration.com\/blog\/wp-content\/uploads\/2025\/10\/separation-entree-salon-solutions.001.jpeg\"><img loading=\"lazy\" decoding=\"async\" width=\"640\" height=\"960\" src=\"https:\/\/www.cocondedecoration.com\/blog\/wp-content\/uploads\/2025\/10\/separation-entree-salon-solutions.001-640x960.jpeg\" alt=\"s\u00e9paration entr\u00e9e et salon quelles solutions s'offrent \u00e0 vous pour d\u00e9limiter les espaces\" class=\"wp-image-85553\" title=\"s\u00e9paration entr\u00e9e et salon quelles solutions s'offrent \u00e0 vous pour d\u00e9limiter les espaces\" srcset=\"https:\/\/www.cocondedecoration.com\/blog\/wp-content\/uploads\/2025\/10\/separation-entree-salon-solutions.001-640x960.jpeg 640w, https:\/\/www.cocondedecoration.com\/blog\/wp-content\/uploads\/2025\/10\/separation-entree-salon-solutions.001-260x390.jpeg 260w, https:\/\/www.cocondedecoration.com\/blog\/wp-content\/uploads\/2025\/10\/separation-entree-salon-solutions.001-768x1152.jpeg 768w, https:\/\/www.cocondedecoration.com\/blog\/wp-content\/uploads\/2025\/10\/separation-entree-salon-solutions.001-367x550.jpeg 367w, https:\/\/www.cocondedecoration.com\/blog\/wp-content\/uploads\/2025\/10\/separation-entree-salon-solutions.001-333x500.jpeg 333w, https:\/\/www.cocondedecoration.com\/blog\/wp-content\/uploads\/2025\/10\/separation-entree-salon-solutions.001.jpeg 1000w\" sizes=\"(max-width: 640px) 100vw, 640px\" \/><\/a><figcaption class=\"wp-element-caption\">blog.naver.com<\/figcaption><\/figure>\n<\/div>\n<\/div>\n\n\n\n<h2 class=\"wp-block-heading\" id=\"aioseo-la-creation-dune-cloison-pour-separer-entree-et-salon\">La cr\u00e9ation d'une cloison pour s\u00e9parer entr\u00e9e et salon <\/h2>\n\n\n\n<p>Except\u00e9 dans le cas du muret qui est un cas particulier, cr\u00e9er une cloison de s\u00e9paration entre l'entr\u00e9e et le salon \u00e0 plusieurs avantages: La cloison vous permet de pr\u00e9server votre intimit\u00e9 quand <a href=\"https:\/\/www.cocondedecoration.com\/blog\/2025\/07\/choix-porte-entree\/\" target=\"_blank\" rel=\"noopener\" title=\"\">la porte d'entr\u00e9e<\/a> est ouverte; le livreur ou le facteur ne verront pas votre salon quand vous leur ouvrirez la porte. Monter une cloison permet \u00e9galement de cr\u00e9er un vrai sas d'entr\u00e9e et donc ne pas avoir le meuble \u00e0 chaussures dans la pi\u00e8ce \u00e0 vivre, ne pas voir tous les manteaux suspendus au porte-manteau quand on est assis dans le canap\u00e9. Et puis, avec une cloison, quand on ouvre la porte d'entr\u00e9e, le froid ne s'invite pas dans le salon. <\/p>\n\n\n\n<p>Certains b\u00e9mols sont aussi \u00e0 \u00e9voquer dans le fait de cr\u00e9er une cloison de s\u00e9paration. Ils pourront \u00eatre consid\u00e9r\u00e9s comme des inconv\u00e9nients pour certain\u2022e\u2022s. La premi\u00e8re chose \u00e0 prendre en compte c'est les travaux: temps, co\u00fbt, poussi\u00e8re. Ce n'est pas juste de la d\u00e9co qu'on met en place, des meubles qu'on r\u00e9-arrange. Et c'est un point \u00e0 prendre en compte. Ce type d'am\u00e9nagement est \u00e9galement permanent. M\u00eame si pour les claustras par exemple, il y a des mod\u00e8les amovibles. La majorit\u00e9 des cloisons sont des solutions permanentes. <\/p>\n\n\n\n<p>A lire aussi: <a href=\"https:\/\/www.cocondedecoration.com\/blog\/2025\/05\/entree-moderne-accueillante\/\" target=\"_blank\" rel=\"noopener\" title=\"\">Une d\u00e9co d\u2019entr\u00e9e accueillante \u2013 100 id\u00e9es inspirantes<\/a><\/p>\n\n\n\n<h3 class=\"wp-block-heading\" id=\"aioseo-creer-un-muret-pour-separer-lentree-du-salon\">Cr\u00e9er un muret pour s\u00e9parer l'entr\u00e9e du salon <\/h3>\n\n\n\n<p>Le muret est un mur partiel qui ne va pas jusqu'au plafond. C'est une solution int\u00e9ressante pour d\u00e9limiter visuellement les fonctions dans une grande pi\u00e8ce sans perdre le sentiment d'espace. En plus d'un int\u00e9r\u00eat visuel, il va vous permettre de meubler facilement l'entr\u00e9e comme le salon. Contre le muret, on peut poser un meuble \u00e0 chaussures d'un c\u00f4t\u00e9 et le canap\u00e9 de l'autre par exemple. En revanche, comme je le disais un peu plus haut, le muret ne vous pr\u00e9serve ni du froid qui s'engouffre par la porte d'entr\u00e9e, ni des regards indiscrets. <\/p>\n\n\n\n<figure class=\"wp-block-gallery has-nested-images columns-default is-cropped wp-block-gallery-1 is-layout-flex wp-block-gallery-is-layout-flex\">\n<figure class=\"wp-block-image size-large\"><a href=\"https:\/\/www.cocondedecoration.com\/blog\/wp-content\/uploads\/2025\/10\/separer-entree-salon.001.jpeg\"><img loading=\"lazy\" decoding=\"async\" width=\"640\" height=\"960\" data-id=\"85534\" src=\"https:\/\/www.cocondedecoration.com\/blog\/wp-content\/uploads\/2025\/10\/separer-entree-salon.001-640x960.jpeg\" alt=\"s\u00e9parer entr\u00e9e du salon exemple claustra chic et \u00e9l\u00e9gant en bois sur-mesure structurer grande pi\u00e8ce de vie ouverte \" class=\"wp-image-85534\" title=\"s\u00e9parer entr\u00e9e du salon exemple claustra chic et \u00e9l\u00e9gant en bois sur-mesure structurer grande pi\u00e8ce de vie ouverte \" srcset=\"https:\/\/www.cocondedecoration.com\/blog\/wp-content\/uploads\/2025\/10\/separer-entree-salon.001-640x960.jpeg 640w, https:\/\/www.cocondedecoration.com\/blog\/wp-content\/uploads\/2025\/10\/separer-entree-salon.001-260x390.jpeg 260w, https:\/\/www.cocondedecoration.com\/blog\/wp-content\/uploads\/2025\/10\/separer-entree-salon.001-768x1152.jpeg 768w, https:\/\/www.cocondedecoration.com\/blog\/wp-content\/uploads\/2025\/10\/separer-entree-salon.001-367x550.jpeg 367w, https:\/\/www.cocondedecoration.com\/blog\/wp-content\/uploads\/2025\/10\/separer-entree-salon.001-333x500.jpeg 333w, https:\/\/www.cocondedecoration.com\/blog\/wp-content\/uploads\/2025\/10\/separer-entree-salon.001.jpeg 1000w\" sizes=\"(max-width: 640px) 100vw, 640px\" \/><\/a><figcaption class=\"wp-element-caption\"><a href=\"https:\/\/kasq.fr\/projets\/breteuil\/\" target=\"_blank\" rel=\"noopener\" title=\"\">kasq.fr<\/a><\/figcaption><\/figure>\n\n\n\n<figure class=\"wp-block-image size-large\"><a href=\"https:\/\/www.cocondedecoration.com\/blog\/wp-content\/uploads\/2025\/10\/separer-entree-salon.002.jpeg\"><img loading=\"lazy\" decoding=\"async\" width=\"640\" height=\"960\" data-id=\"85533\" src=\"https:\/\/www.cocondedecoration.com\/blog\/wp-content\/uploads\/2025\/10\/separer-entree-salon.002-640x960.jpeg\" alt=\"s\u00e9parer entr\u00e9e du salon exemple verri\u00e8re moderne chic et \u00e9l\u00e9gante verre filet\u00e9 soubassement textur\u00e9 sol diff\u00e9rents entre les espace banc en cuir \" class=\"wp-image-85533\" title=\"s\u00e9parer entr\u00e9e du salon exemple verri\u00e8re moderne chic et \u00e9l\u00e9gante verre filet\u00e9 soubassement textur\u00e9 sol diff\u00e9rents entre les espace banc en cuir \" srcset=\"https:\/\/www.cocondedecoration.com\/blog\/wp-content\/uploads\/2025\/10\/separer-entree-salon.002-640x960.jpeg 640w, https:\/\/www.cocondedecoration.com\/blog\/wp-content\/uploads\/2025\/10\/separer-entree-salon.002-260x390.jpeg 260w, https:\/\/www.cocondedecoration.com\/blog\/wp-content\/uploads\/2025\/10\/separer-entree-salon.002-768x1152.jpeg 768w, https:\/\/www.cocondedecoration.com\/blog\/wp-content\/uploads\/2025\/10\/separer-entree-salon.002-367x550.jpeg 367w, https:\/\/www.cocondedecoration.com\/blog\/wp-content\/uploads\/2025\/10\/separer-entree-salon.002-333x500.jpeg 333w, https:\/\/www.cocondedecoration.com\/blog\/wp-content\/uploads\/2025\/10\/separer-entree-salon.002.jpeg 1000w\" sizes=\"(max-width: 640px) 100vw, 640px\" \/><\/a><figcaption class=\"wp-element-caption\">behance.net<\/figcaption><\/figure>\n<\/figure>\n\n\n\n<h3 class=\"wp-block-heading\" id=\"aioseo-monter-une-cloison-pleine-entre-lentree-et-le-salon\">Monter une cloison pleine entre l'entr\u00e9e et le salon <\/h3>\n\n\n\n<p>Deuxi\u00e8me solution qui peut \u00eatre envisag\u00e9e: la cloison classique. G\u00e9n\u00e9ralement \u00e0 l'int\u00e9rieur, on privil\u00e9gie une cloison en BA13 mont\u00e9e sur une structure m\u00e9tallique pour ce type d'am\u00e9nagement. La cloison pleine  d\u00e9limite les espaces et permet de poser des meubles de chaque c\u00f4t\u00e9 du mur. On a un peu plus de possibilit\u00e9s sur ce point puisque la cloison va jusqu'au plafond et donc on peut partir sur des meubles muraux cot\u00e9 entr\u00e9e et salon. On peut \u00e9galement imaginer fixer la t\u00e9l\u00e9 sur ce nouveau mur c\u00f4t\u00e9 pi\u00e8ce de vie. Par ailleurs, cette solution entravera les regards comme le froid qui viennent de la porte. <\/p>\n\n\n\n<p>Il y a deux inconv\u00e9nients \u00e0 cette solution. Le premier est de casser le sentiment d'espace que vous avez actuellement dans votre pi\u00e8ce ouverte. M\u00eame si vous ne construisez pas un sas, la s\u00e9paration sera pr\u00e9sente. Le second inconv\u00e9nient est plus \"grave\" dans un sens, il m\u00e9rite plus de consid\u00e9ration du moins: la cloison va obscurcir votre entr\u00e9e. Si vous n'avez pas de fen\u00eatres ou de porte d'entr\u00e9e vitr\u00e9e et que vous cr\u00e9ez un sas avec des cloisons pleines, vous aurez une pi\u00e8ce aveugle. C'est un point important \u00e0 prendre en compte puisqu'il vous faudra repenser totalement l'\u00e9clairage de votre entr\u00e9e. <\/p>\n\n\n\n<p>Pour aller plus loin: <a href=\"https:\/\/www.cocondedecoration.com\/blog\/2025\/04\/materiau-cloison-interieur\/\" target=\"_blank\" rel=\"noopener\" title=\"\">Construire une cloison: quels mat\u00e9riaux privil\u00e9gier?<\/a><\/p>\n\n\n\n<figure class=\"wp-block-gallery has-nested-images columns-default is-cropped wp-block-gallery-2 is-layout-flex wp-block-gallery-is-layout-flex\">\n<figure class=\"wp-block-image size-large\"><a href=\"https:\/\/www.cocondedecoration.com\/blog\/wp-content\/uploads\/2025\/10\/separer-entree-salon.003.jpeg\"><img loading=\"lazy\" decoding=\"async\" width=\"640\" height=\"960\" data-id=\"85536\" src=\"https:\/\/www.cocondedecoration.com\/blog\/wp-content\/uploads\/2025\/10\/separer-entree-salon.003-640x960.jpeg\" alt=\"s\u00e9parer entr\u00e9e du salon mur ajour\u00e9 cloison moderne sol carrelage diff\u00e9rent id\u00e9e moderne et \u00e9l\u00e9gante \" class=\"wp-image-85536\" title=\"s\u00e9parer entr\u00e9e du salon mur ajour\u00e9 cloison moderne sol carrelage diff\u00e9rent id\u00e9e moderne et \u00e9l\u00e9gante \" srcset=\"https:\/\/www.cocondedecoration.com\/blog\/wp-content\/uploads\/2025\/10\/separer-entree-salon.003-640x960.jpeg 640w, https:\/\/www.cocondedecoration.com\/blog\/wp-content\/uploads\/2025\/10\/separer-entree-salon.003-260x390.jpeg 260w, https:\/\/www.cocondedecoration.com\/blog\/wp-content\/uploads\/2025\/10\/separer-entree-salon.003-768x1152.jpeg 768w, https:\/\/www.cocondedecoration.com\/blog\/wp-content\/uploads\/2025\/10\/separer-entree-salon.003-367x550.jpeg 367w, https:\/\/www.cocondedecoration.com\/blog\/wp-content\/uploads\/2025\/10\/separer-entree-salon.003-333x500.jpeg 333w, https:\/\/www.cocondedecoration.com\/blog\/wp-content\/uploads\/2025\/10\/separer-entree-salon.003.jpeg 1000w\" sizes=\"(max-width: 640px) 100vw, 640px\" \/><\/a><figcaption class=\"wp-element-caption\">.fifthavenue.com.sg<\/figcaption><\/figure>\n\n\n\n<figure class=\"wp-block-image size-large\"><a href=\"https:\/\/www.cocondedecoration.com\/blog\/wp-content\/uploads\/2025\/10\/separer-entree-salon.004.jpeg\"><img loading=\"lazy\" decoding=\"async\" width=\"640\" height=\"960\" data-id=\"85535\" src=\"https:\/\/www.cocondedecoration.com\/blog\/wp-content\/uploads\/2025\/10\/separer-entree-salon.004-640x960.jpeg\" alt=\"s\u00e9parer entr\u00e9e du salon exemple meuble \u00e9tag\u00e8res sur mesure en bois ouvert chic et \u00e9l\u00e9gant simple \" class=\"wp-image-85535\" title=\"s\u00e9parer entr\u00e9e du salon exemple meuble \u00e9tag\u00e8res sur mesure en bois ouvert chic et \u00e9l\u00e9gant simple \" srcset=\"https:\/\/www.cocondedecoration.com\/blog\/wp-content\/uploads\/2025\/10\/separer-entree-salon.004-640x960.jpeg 640w, https:\/\/www.cocondedecoration.com\/blog\/wp-content\/uploads\/2025\/10\/separer-entree-salon.004-260x390.jpeg 260w, https:\/\/www.cocondedecoration.com\/blog\/wp-content\/uploads\/2025\/10\/separer-entree-salon.004-768x1152.jpeg 768w, https:\/\/www.cocondedecoration.com\/blog\/wp-content\/uploads\/2025\/10\/separer-entree-salon.004-367x550.jpeg 367w, https:\/\/www.cocondedecoration.com\/blog\/wp-content\/uploads\/2025\/10\/separer-entree-salon.004-333x500.jpeg 333w, https:\/\/www.cocondedecoration.com\/blog\/wp-content\/uploads\/2025\/10\/separer-entree-salon.004.jpeg 1000w\" sizes=\"(max-width: 640px) 100vw, 640px\" \/><\/a><figcaption class=\"wp-element-caption\">otag.ir<\/figcaption><\/figure>\n<\/figure>\n\n\n\n<h3 class=\"wp-block-heading\" id=\"aioseo-installer-un-claustra-interieur-entre-lentree-et-le-salon\">Installer un claustra int\u00e9rieur entre l'entr\u00e9e et le salon <\/h3>\n\n\n\n<p>Depuis quelques ann\u00e9es, <a href=\"https:\/\/www.cocondedecoration.com\/blog\/2019\/12\/idees-deco-des-claustras-dans-lentree\/\" target=\"_blank\" rel=\"noopener\" title=\"\">les claustras<\/a> sont sur le devant de la sc\u00e8ne d\u00e9co. Un claustra int\u00e9rieur est une cloison ajour\u00e9e. Elle peut \u00eatre faite de diff\u00e9rents mat\u00e9riaux comme le bois ou l'aluminium. Cette solution peut-\u00eatre faite sur mesure ou \u00eatre achet\u00e9e en grande surface de bricolage. Et vous aurez un vaste choix quant au design du claustra. <\/p>\n\n\n\n<p>Les solutions pr\u00eates \u00e0 l'emploi sont faciles et rapides \u00e0 poser. Il vous faudra fixer le panneau au sol et au mur. Pas de gros travaux \u00e0 pr\u00e9voir donc. Et ce type de cloisons amovibles peut \u00eatre une solution quand on est locataire. Quand vous quitterez votre logement, vous enlevez le claustra, rebouchez les trous et c'est fini. <\/p>\n\n\n\n<p>Selon le design de claustra choisi, vous serez plus ou moins prot\u00e9g\u00e9\u2022e des regards indiscrets. Plus le claustra est ajour\u00e9, plus la pi\u00e8ce de vie sera visible. Idem pour le froid quand on ouvre la porte en hiver. Mais le c\u00f4t\u00e9 ajour\u00e9 permet de ne pas entraver de trop la circulation de la lumi\u00e8re naturelle qui vient de vos fen\u00eatres de salon. <\/p>\n\n\n\n<figure class=\"wp-block-gallery has-nested-images columns-default is-cropped wp-block-gallery-3 is-layout-flex wp-block-gallery-is-layout-flex\">\n<figure class=\"wp-block-image size-large\"><a href=\"https:\/\/www.cocondedecoration.com\/blog\/wp-content\/uploads\/2025\/10\/separer-entree-salon.005.jpeg\"><img loading=\"lazy\" decoding=\"async\" width=\"640\" height=\"960\" data-id=\"85537\" src=\"https:\/\/www.cocondedecoration.com\/blog\/wp-content\/uploads\/2025\/10\/separer-entree-salon.005-640x960.jpeg\" alt=\"s\u00e9parer entr\u00e9e du salon petite verri\u00e8re moderne couleur terracotta \" class=\"wp-image-85537\" title=\"s\u00e9parer entr\u00e9e du salon petite verri\u00e8re moderne couleur terracotta \" srcset=\"https:\/\/www.cocondedecoration.com\/blog\/wp-content\/uploads\/2025\/10\/separer-entree-salon.005-640x960.jpeg 640w, https:\/\/www.cocondedecoration.com\/blog\/wp-content\/uploads\/2025\/10\/separer-entree-salon.005-260x390.jpeg 260w, https:\/\/www.cocondedecoration.com\/blog\/wp-content\/uploads\/2025\/10\/separer-entree-salon.005-768x1152.jpeg 768w, https:\/\/www.cocondedecoration.com\/blog\/wp-content\/uploads\/2025\/10\/separer-entree-salon.005-367x550.jpeg 367w, https:\/\/www.cocondedecoration.com\/blog\/wp-content\/uploads\/2025\/10\/separer-entree-salon.005-333x500.jpeg 333w, https:\/\/www.cocondedecoration.com\/blog\/wp-content\/uploads\/2025\/10\/separer-entree-salon.005.jpeg 1000w\" sizes=\"(max-width: 640px) 100vw, 640px\" \/><\/a><figcaption class=\"wp-element-caption\">melanielissackinteriors.com<\/figcaption><\/figure>\n\n\n\n<figure class=\"wp-block-image size-large\"><a href=\"https:\/\/www.cocondedecoration.com\/blog\/wp-content\/uploads\/2025\/10\/separer-entree-salon.006.jpeg\"><img loading=\"lazy\" decoding=\"async\" width=\"640\" height=\"960\" data-id=\"85538\" src=\"https:\/\/www.cocondedecoration.com\/blog\/wp-content\/uploads\/2025\/10\/separer-entree-salon.006-640x960.jpeg\" alt=\"s\u00e9parer entr\u00e9e du salon exemple meuble blanc sur mesure biblioth\u00e8que moderne chic et \u00e9l\u00e9gante garder sentiment d'espace \" class=\"wp-image-85538\" title=\"s\u00e9parer entr\u00e9e du salon exemple meuble blanc sur mesure biblioth\u00e8que moderne chic et \u00e9l\u00e9gante garder sentiment d'espace \" srcset=\"https:\/\/www.cocondedecoration.com\/blog\/wp-content\/uploads\/2025\/10\/separer-entree-salon.006-640x960.jpeg 640w, https:\/\/www.cocondedecoration.com\/blog\/wp-content\/uploads\/2025\/10\/separer-entree-salon.006-260x390.jpeg 260w, https:\/\/www.cocondedecoration.com\/blog\/wp-content\/uploads\/2025\/10\/separer-entree-salon.006-768x1152.jpeg 768w, https:\/\/www.cocondedecoration.com\/blog\/wp-content\/uploads\/2025\/10\/separer-entree-salon.006-367x550.jpeg 367w, https:\/\/www.cocondedecoration.com\/blog\/wp-content\/uploads\/2025\/10\/separer-entree-salon.006-333x500.jpeg 333w, https:\/\/www.cocondedecoration.com\/blog\/wp-content\/uploads\/2025\/10\/separer-entree-salon.006.jpeg 1000w\" sizes=\"(max-width: 640px) 100vw, 640px\" \/><\/a><figcaption class=\"wp-element-caption\">mako.co.il<\/figcaption><\/figure>\n<\/figure>\n\n\n\n<h3 class=\"wp-block-heading\" id=\"aioseo-choisir-une-verriere-pour-delimiter-lentree-du-salon\">Choisir une verri\u00e8re pour d\u00e9limiter l'entr\u00e9e du salon<\/h3>\n\n\n\n<p>Autre solution: la verri\u00e8re. Elle peut \u00eatre mont\u00e9e sur un muret ou aller du sol au plafond. Il existe des verri\u00e8res standards vendues en grande surface de bricolage mais elle peut \u00e9galement \u00eatre r\u00e9alis\u00e9e sur-mesure pour r\u00e9pondre parfaitement \u00e0 vos besoins, votre espace et vos envies d\u00e9co. <\/p>\n\n\n\n<p>Le principal avantage de la verri\u00e8re est de laisser la lumi\u00e8re naturelle circuler entre les 2 espaces. On garde la lumi\u00e8re mais on laisse les courants d'air dans l'entr\u00e9e quand on ouvre la porte. En revanche, un mur de verre ne prot\u00e8ge pas votre intimit\u00e9 dans la pi\u00e8ce \u00e0 vivre. Vous serrez un peu plus tranquille si la verri\u00e8re est mont\u00e9e sur un muret. <\/p>\n\n\n\n<p>A lire aussi: <a href=\"https:\/\/www.cocondedecoration.com\/blog\/2021\/05\/porte-vitree-interieure\/\" target=\"_blank\" rel=\"noopener\" title=\"\">El\u00e9gance et transparence avec la porte vitr\u00e9e<\/a><\/p>\n\n\n\n<figure class=\"wp-block-gallery has-nested-images columns-default is-cropped wp-block-gallery-4 is-layout-flex wp-block-gallery-is-layout-flex\">\n<figure class=\"wp-block-image size-large\"><a href=\"https:\/\/www.cocondedecoration.com\/blog\/wp-content\/uploads\/2025\/10\/separer-entree-salon.007.jpeg\"><img loading=\"lazy\" decoding=\"async\" width=\"640\" height=\"960\" data-id=\"85539\" src=\"https:\/\/www.cocondedecoration.com\/blog\/wp-content\/uploads\/2025\/10\/separer-entree-salon.007-640x960.jpeg\" alt=\"s\u00e9parer entr\u00e9e du salon biblioth\u00e8que partiellement ouverte meuble sur-mesure moderne et chaleureux \" class=\"wp-image-85539\" title=\"s\u00e9parer entr\u00e9e du salon biblioth\u00e8que partiellement ouverte meuble sur-mesure moderne et chaleureux \" srcset=\"https:\/\/www.cocondedecoration.com\/blog\/wp-content\/uploads\/2025\/10\/separer-entree-salon.007-640x960.jpeg 640w, https:\/\/www.cocondedecoration.com\/blog\/wp-content\/uploads\/2025\/10\/separer-entree-salon.007-260x390.jpeg 260w, https:\/\/www.cocondedecoration.com\/blog\/wp-content\/uploads\/2025\/10\/separer-entree-salon.007-768x1152.jpeg 768w, https:\/\/www.cocondedecoration.com\/blog\/wp-content\/uploads\/2025\/10\/separer-entree-salon.007-367x550.jpeg 367w, https:\/\/www.cocondedecoration.com\/blog\/wp-content\/uploads\/2025\/10\/separer-entree-salon.007-333x500.jpeg 333w, https:\/\/www.cocondedecoration.com\/blog\/wp-content\/uploads\/2025\/10\/separer-entree-salon.007.jpeg 1000w\" sizes=\"(max-width: 640px) 100vw, 640px\" \/><\/a><figcaption class=\"wp-element-caption\"><a href=\"https:\/\/www.auxau.com\/vinciane-et-frederic\/\" target=\"_blank\" rel=\"noopener\" title=\"\">auxau.com<\/a><\/figcaption><\/figure>\n\n\n\n<figure class=\"wp-block-image size-large\"><a href=\"https:\/\/www.cocondedecoration.com\/blog\/wp-content\/uploads\/2025\/10\/separer-entree-salon.008.jpeg\"><img loading=\"lazy\" decoding=\"async\" width=\"640\" height=\"960\" data-id=\"85540\" src=\"https:\/\/www.cocondedecoration.com\/blog\/wp-content\/uploads\/2025\/10\/separer-entree-salon.008-640x960.jpeg\" alt=\"s\u00e9parer entr\u00e9e du salon exemple meuble biblioth\u00e8que du sol au plafond \" class=\"wp-image-85540\" title=\"s\u00e9parer entr\u00e9e du salon exemple meuble biblioth\u00e8que du sol au plafond \" srcset=\"https:\/\/www.cocondedecoration.com\/blog\/wp-content\/uploads\/2025\/10\/separer-entree-salon.008-640x960.jpeg 640w, https:\/\/www.cocondedecoration.com\/blog\/wp-content\/uploads\/2025\/10\/separer-entree-salon.008-260x390.jpeg 260w, https:\/\/www.cocondedecoration.com\/blog\/wp-content\/uploads\/2025\/10\/separer-entree-salon.008-768x1152.jpeg 768w, https:\/\/www.cocondedecoration.com\/blog\/wp-content\/uploads\/2025\/10\/separer-entree-salon.008-367x550.jpeg 367w, https:\/\/www.cocondedecoration.com\/blog\/wp-content\/uploads\/2025\/10\/separer-entree-salon.008-333x500.jpeg 333w, https:\/\/www.cocondedecoration.com\/blog\/wp-content\/uploads\/2025\/10\/separer-entree-salon.008.jpeg 1000w\" sizes=\"(max-width: 640px) 100vw, 640px\" \/><\/a><figcaption class=\"wp-element-caption\">whitemad.pl<\/figcaption><\/figure>\n<\/figure>\n\n\n\n<h3 class=\"wp-block-heading\" id=\"aioseo-separer-entree-et-salon-grace-a-un-mur-en-paves-de-verre\">S\u00e9parer entr\u00e9e et salon gr\u00e2ce \u00e0 un mur en pav\u00e9s de verre<\/h3>\n\n\n\n<p>Si vous cherchez \u00e0 cr\u00e9er une entr\u00e9e lumineuse, vous pr\u00e9server du froid et des regards, il y a la solution des briques de verres. Ce mat\u00e9riau a plus d'un avantage mais ce qui est int\u00e9ressant \u00e0 souligner ici c'est qu'il offre une isolation thermique et phonique. Pour la pose, si vous \u00eates un minimum bricoleur\u2022se, il existe des kits qui vous aideront \u00e0 cr\u00e9er votre cloison en briques de verre facilement. C'est sans doute la solution que je pr\u00e9f\u00e8re parce qu'elle offre de nombreuses possibilit\u00e9s esth\u00e9tiques. Cependant, j'ai conscience que cette solution n'est pas au go\u00fbt de tous\u2022tes. <\/p>\n\n\n\n<p>Pour aller plus loin: <a href=\"https:\/\/www.cocondedecoration.com\/blog\/2025\/02\/cloison-briques-de-verre\/\" target=\"_blank\" rel=\"noopener\" title=\"\">Briques de verre pour cloisonner sans perdre en luminosit\u00e9<\/a><\/p>\n\n\n\n<figure class=\"wp-block-gallery has-nested-images columns-default is-cropped wp-block-gallery-5 is-layout-flex wp-block-gallery-is-layout-flex\">\n<figure class=\"wp-block-image size-large\"><a href=\"https:\/\/www.cocondedecoration.com\/blog\/wp-content\/uploads\/2025\/10\/separer-entree-salon.009.jpeg\"><img loading=\"lazy\" decoding=\"async\" width=\"640\" height=\"960\" data-id=\"85541\" src=\"https:\/\/www.cocondedecoration.com\/blog\/wp-content\/uploads\/2025\/10\/separer-entree-salon.009-640x960.jpeg\" alt=\"s\u00e9parer entr\u00e9e du salon claustra en m\u00e9tal graphique meuble console mural id\u00e9e \u00e9l\u00e9gante \" class=\"wp-image-85541\" title=\"s\u00e9parer entr\u00e9e du salon claustra en m\u00e9tal graphique meuble console mural id\u00e9e \u00e9l\u00e9gante \" srcset=\"https:\/\/www.cocondedecoration.com\/blog\/wp-content\/uploads\/2025\/10\/separer-entree-salon.009-640x960.jpeg 640w, https:\/\/www.cocondedecoration.com\/blog\/wp-content\/uploads\/2025\/10\/separer-entree-salon.009-260x390.jpeg 260w, https:\/\/www.cocondedecoration.com\/blog\/wp-content\/uploads\/2025\/10\/separer-entree-salon.009-768x1152.jpeg 768w, https:\/\/www.cocondedecoration.com\/blog\/wp-content\/uploads\/2025\/10\/separer-entree-salon.009-367x550.jpeg 367w, https:\/\/www.cocondedecoration.com\/blog\/wp-content\/uploads\/2025\/10\/separer-entree-salon.009-333x500.jpeg 333w, https:\/\/www.cocondedecoration.com\/blog\/wp-content\/uploads\/2025\/10\/separer-entree-salon.009.jpeg 1000w\" sizes=\"(max-width: 640px) 100vw, 640px\" \/><\/a><figcaption class=\"wp-element-caption\">magicbricks.com<\/figcaption><\/figure>\n\n\n\n<figure class=\"wp-block-image size-large\"><a href=\"https:\/\/www.cocondedecoration.com\/blog\/wp-content\/uploads\/2025\/10\/separer-entree-salon.010.jpeg\"><img loading=\"lazy\" decoding=\"async\" width=\"640\" height=\"960\" data-id=\"85542\" src=\"https:\/\/www.cocondedecoration.com\/blog\/wp-content\/uploads\/2025\/10\/separer-entree-salon.010-640x960.jpeg\" alt=\"s\u00e9parer entr\u00e9e du salon exemple petit meuble sur mesure renfoncement banc rangement \u00e9tag\u00e8re couleur jaune \" class=\"wp-image-85542\" title=\"s\u00e9parer entr\u00e9e du salon exemple petit meuble sur mesure renfoncement banc rangement \u00e9tag\u00e8re couleur jaune \" srcset=\"https:\/\/www.cocondedecoration.com\/blog\/wp-content\/uploads\/2025\/10\/separer-entree-salon.010-640x960.jpeg 640w, https:\/\/www.cocondedecoration.com\/blog\/wp-content\/uploads\/2025\/10\/separer-entree-salon.010-260x390.jpeg 260w, https:\/\/www.cocondedecoration.com\/blog\/wp-content\/uploads\/2025\/10\/separer-entree-salon.010-768x1152.jpeg 768w, https:\/\/www.cocondedecoration.com\/blog\/wp-content\/uploads\/2025\/10\/separer-entree-salon.010-367x550.jpeg 367w, https:\/\/www.cocondedecoration.com\/blog\/wp-content\/uploads\/2025\/10\/separer-entree-salon.010-333x500.jpeg 333w, https:\/\/www.cocondedecoration.com\/blog\/wp-content\/uploads\/2025\/10\/separer-entree-salon.010.jpeg 1000w\" sizes=\"(max-width: 640px) 100vw, 640px\" \/><\/a><figcaption class=\"wp-element-caption\">gardenista.com<\/figcaption><\/figure>\n<\/figure>\n\n\n\n<h3 class=\"wp-block-heading\" id=\"aioseo-un-meuble-sur-mesure-en-guise-de-separation-entre-lentree-et-la-piece-de-vie\">Un meuble sur-mesure en guise de s\u00e9paration entre l'entr\u00e9e et la pi\u00e8ce de vie <\/h3>\n\n\n\n<p>Derni\u00e8re solution qui cloisonne les espaces: le meuble sur-mesure. Avec cette solution, les possibilit\u00e9s sont infinies. Les limites sont l'espace dont vous disposez et votre budget. Parce que oui, un meuble sur-mesure qui correspond parfaitement \u00e0 vos besoins et \u00e0 vos envies d\u00e9co, \u00e7a implique souvent un investissement financier. Et c'est donc un point \u00e0 prendre en compte. <\/p>\n\n\n\n<p>C\u00f4t\u00e9 entr\u00e9e, ce meuble est l'occasion d'avoir des rangements (\u00e9tag\u00e8res, vestiaire, <a href=\"https:\/\/www.cocondedecoration.com\/blog\/2020\/03\/pratique-comment-choisir-son-meuble-a-chaussures\/\" target=\"_blank\" rel=\"noopener\" title=\"\">meuble \u00e0 chaussures<\/a>) mais aussi des \u00e9l\u00e9ments pratiques au quotidien comme un banc. De l'autre c\u00f4t\u00e9, niveau salon, ce meuble peut \u00eatre l'occasion d'avoir une biblioth\u00e8que pour ranger livres, collections de vinyles ou quelques objets d\u00e9co et plantes. <\/p>\n\n\n\n<p>Ceci peut vous int\u00e9resser: <a href=\"https:\/\/www.cocondedecoration.com\/blog\/2023\/11\/plans-amenagement-petite-entree\/\" target=\"_blank\" rel=\"noopener\" title=\"\">Am\u00e9nager une petite entr\u00e9e de 3m2 (avec plans)<\/a><\/p>\n\n\n\n<figure class=\"wp-block-gallery has-nested-images columns-default is-cropped wp-block-gallery-6 is-layout-flex wp-block-gallery-is-layout-flex\">\n<figure class=\"wp-block-image size-large\"><a href=\"https:\/\/www.cocondedecoration.com\/blog\/wp-content\/uploads\/2025\/10\/separer-entree-salon.011.jpeg\"><img loading=\"lazy\" decoding=\"async\" width=\"640\" height=\"960\" data-id=\"85543\" src=\"https:\/\/www.cocondedecoration.com\/blog\/wp-content\/uploads\/2025\/10\/separer-entree-salon.011-640x960.jpeg\" alt=\"s\u00e9parer entr\u00e9e du salon meuble miroir \u00e9tag\u00e8re chic et \u00e9l\u00e9gant \" class=\"wp-image-85543\" title=\"s\u00e9parer entr\u00e9e du salon meuble miroir \u00e9tag\u00e8re chic et \u00e9l\u00e9gant \" srcset=\"https:\/\/www.cocondedecoration.com\/blog\/wp-content\/uploads\/2025\/10\/separer-entree-salon.011-640x960.jpeg 640w, https:\/\/www.cocondedecoration.com\/blog\/wp-content\/uploads\/2025\/10\/separer-entree-salon.011-260x390.jpeg 260w, https:\/\/www.cocondedecoration.com\/blog\/wp-content\/uploads\/2025\/10\/separer-entree-salon.011-768x1152.jpeg 768w, https:\/\/www.cocondedecoration.com\/blog\/wp-content\/uploads\/2025\/10\/separer-entree-salon.011-367x550.jpeg 367w, https:\/\/www.cocondedecoration.com\/blog\/wp-content\/uploads\/2025\/10\/separer-entree-salon.011-333x500.jpeg 333w, https:\/\/www.cocondedecoration.com\/blog\/wp-content\/uploads\/2025\/10\/separer-entree-salon.011.jpeg 1000w\" sizes=\"(max-width: 640px) 100vw, 640px\" \/><\/a><figcaption class=\"wp-element-caption\">architecturaldigest.in<\/figcaption><\/figure>\n\n\n\n<figure class=\"wp-block-image size-large\"><a href=\"https:\/\/www.cocondedecoration.com\/blog\/wp-content\/uploads\/2025\/10\/separer-entree-salon.012.jpeg\"><img loading=\"lazy\" decoding=\"async\" width=\"640\" height=\"960\" data-id=\"85544\" src=\"https:\/\/www.cocondedecoration.com\/blog\/wp-content\/uploads\/2025\/10\/separer-entree-salon.012-640x960.jpeg\" alt=\"s\u00e9parer entr\u00e9e du salon exemple grand espace de vie ouvert biblioth\u00e8que plantes \" class=\"wp-image-85544\" title=\"s\u00e9parer entr\u00e9e du salon exemple grand espace de vie ouvert biblioth\u00e8que plantes \" srcset=\"https:\/\/www.cocondedecoration.com\/blog\/wp-content\/uploads\/2025\/10\/separer-entree-salon.012-640x960.jpeg 640w, https:\/\/www.cocondedecoration.com\/blog\/wp-content\/uploads\/2025\/10\/separer-entree-salon.012-260x390.jpeg 260w, https:\/\/www.cocondedecoration.com\/blog\/wp-content\/uploads\/2025\/10\/separer-entree-salon.012-768x1152.jpeg 768w, https:\/\/www.cocondedecoration.com\/blog\/wp-content\/uploads\/2025\/10\/separer-entree-salon.012-367x550.jpeg 367w, https:\/\/www.cocondedecoration.com\/blog\/wp-content\/uploads\/2025\/10\/separer-entree-salon.012-333x500.jpeg 333w, https:\/\/www.cocondedecoration.com\/blog\/wp-content\/uploads\/2025\/10\/separer-entree-salon.012.jpeg 1000w\" sizes=\"(max-width: 640px) 100vw, 640px\" \/><\/a><figcaption class=\"wp-element-caption\">lovelyleolexy via Pinterest<\/figcaption><\/figure>\n<\/figure>\n\n\n\n<h2 class=\"wp-block-heading\" id=\"aioseo-separer-entree-et-salon-sans-creer-un-mur-cest-possible\">S\u00e9parer entr\u00e9e et salon sans cr\u00e9er un mur, c'est possible <\/h2>\n\n\n\n<p>M\u00eame si cloisonner offre de nombreuses possibilit\u00e9s, ce n'est pas la seule solution qui s'offre \u00e0 vous. Vous pouvez tr\u00e8s bien marquer visuellement les deux fonctions de votre pi\u00e8ce sans cr\u00e9er un mur. Vous conserverez alors le sentiment d'espace. <\/p>\n\n\n\n<h3 class=\"wp-block-heading\" id=\"aioseo-differencier-le-salon-et-lentree-grace-au-revetement-de-sol\">Diff\u00e9rencier le salon et l'entr\u00e9e gr\u00e2ce au rev\u00eatement de sol<\/h3>\n\n\n\n<p>L'id\u00e9e est simple: choisir deux rev\u00eatements de sols diff\u00e9rents. Un sol pour l'entr\u00e9e, un autre pour le salon. J'aime beaucoup cette solution parce qu'elle permet de choisir un sol qui s'entretient facilement pour l'entr\u00e9e. On a le temps de se d\u00e9chausser quand il a plu par exemple et qu'on a les chaussures mouill\u00e9es. Carrelage, carreaux de ciment, mosa\u00efque peuvent trouver leur place dans l'entr\u00e9e. Et dans le salon, on peut choisir un autre rev\u00eatement de sol plus chaleureux comme le bois et le parquet. L'inconv\u00e9nient de cette solution est les travaux que cela demande. Il vous faudra changer une partie de votre rev\u00eatement de sol au minimum. <\/p>\n\n\n\n<figure class=\"wp-block-gallery has-nested-images columns-default is-cropped wp-block-gallery-7 is-layout-flex wp-block-gallery-is-layout-flex\">\n<figure class=\"wp-block-image size-large\"><a href=\"https:\/\/www.cocondedecoration.com\/blog\/wp-content\/uploads\/2025\/10\/separer-entree-salon.013.jpeg\"><img loading=\"lazy\" decoding=\"async\" width=\"640\" height=\"960\" data-id=\"85545\" src=\"https:\/\/www.cocondedecoration.com\/blog\/wp-content\/uploads\/2025\/10\/separer-entree-salon.013-640x960.jpeg\" alt=\"s\u00e9parer entr\u00e9e du salon muret avec biblioth\u00e8que claustra couleur diff\u00e9rentes entre les deux espaces am\u00e9nagement maison appartement \" class=\"wp-image-85545\" title=\"s\u00e9parer entr\u00e9e du salon muret avec biblioth\u00e8que claustra couleur diff\u00e9rentes entre les deux espaces am\u00e9nagement maison appartement \" srcset=\"https:\/\/www.cocondedecoration.com\/blog\/wp-content\/uploads\/2025\/10\/separer-entree-salon.013-640x960.jpeg 640w, https:\/\/www.cocondedecoration.com\/blog\/wp-content\/uploads\/2025\/10\/separer-entree-salon.013-260x390.jpeg 260w, https:\/\/www.cocondedecoration.com\/blog\/wp-content\/uploads\/2025\/10\/separer-entree-salon.013-768x1152.jpeg 768w, https:\/\/www.cocondedecoration.com\/blog\/wp-content\/uploads\/2025\/10\/separer-entree-salon.013-367x550.jpeg 367w, https:\/\/www.cocondedecoration.com\/blog\/wp-content\/uploads\/2025\/10\/separer-entree-salon.013-333x500.jpeg 333w, https:\/\/www.cocondedecoration.com\/blog\/wp-content\/uploads\/2025\/10\/separer-entree-salon.013.jpeg 1000w\" sizes=\"(max-width: 640px) 100vw, 640px\" \/><\/a><figcaption class=\"wp-element-caption\"><a href=\"https:\/\/www.berenicefallot.com\/\" target=\"_blank\" rel=\"noopener\" title=\"\">berenicefallot.com<\/a><\/figcaption><\/figure>\n\n\n\n<figure class=\"wp-block-image size-large\"><a href=\"https:\/\/www.cocondedecoration.com\/blog\/wp-content\/uploads\/2025\/10\/separer-entree-salon.014.jpeg\"><img loading=\"lazy\" decoding=\"async\" width=\"640\" height=\"960\" data-id=\"85546\" src=\"https:\/\/www.cocondedecoration.com\/blog\/wp-content\/uploads\/2025\/10\/separer-entree-salon.014-640x960.jpeg\" alt=\"s\u00e9parer entr\u00e9e du salon exemple claustras en cannage \u00e9l\u00e9gant \u00e0 fixer au sol et au plafond\" class=\"wp-image-85546\" title=\"s\u00e9parer entr\u00e9e du salon exemple claustras en cannage \u00e9l\u00e9gant \u00e0 fixer au sol et au plafond\" srcset=\"https:\/\/www.cocondedecoration.com\/blog\/wp-content\/uploads\/2025\/10\/separer-entree-salon.014-640x960.jpeg 640w, https:\/\/www.cocondedecoration.com\/blog\/wp-content\/uploads\/2025\/10\/separer-entree-salon.014-260x390.jpeg 260w, https:\/\/www.cocondedecoration.com\/blog\/wp-content\/uploads\/2025\/10\/separer-entree-salon.014-768x1152.jpeg 768w, https:\/\/www.cocondedecoration.com\/blog\/wp-content\/uploads\/2025\/10\/separer-entree-salon.014-367x550.jpeg 367w, https:\/\/www.cocondedecoration.com\/blog\/wp-content\/uploads\/2025\/10\/separer-entree-salon.014-333x500.jpeg 333w, https:\/\/www.cocondedecoration.com\/blog\/wp-content\/uploads\/2025\/10\/separer-entree-salon.014.jpeg 1000w\" sizes=\"(max-width: 640px) 100vw, 640px\" \/><\/a><figcaption class=\"wp-element-caption\">foyr.com<\/figcaption><\/figure>\n<\/figure>\n\n\n\n<h3 class=\"wp-block-heading\" id=\"aioseo-le-revetement-mural-pour-separer-entree-et-piece-a-vivre\">Le rev\u00eatement mural pour s\u00e9parer entr\u00e9e et pi\u00e8ce \u00e0 vivre <\/h3>\n\n\n\n<p>Dans le m\u00eame esprit que la solution pr\u00e9c\u00e9dente, on peut s'int\u00e9resser au rev\u00eatement mural. C'est bien plus facile et rapide \u00e0 mettre en oeuvre. C'est une solution qui est accessible aussi bien aux propri\u00e9taires de leur logement qu'au locataire. L'id\u00e9e est de diff\u00e9rencier les deux fonctions de la pi\u00e8ce avec des rev\u00eatements muraux diff\u00e9rents. <\/p>\n\n\n\n<p>On peut tr\u00e8s bien choisir deux couleurs de peintures diff\u00e9rentes comme choisir du papier peint pour l'entr\u00e9e et de la peinture pour la salle de s\u00e9jour. Ces derni\u00e8res ann\u00e9es, on a vu aussi les panneaux muraux et autres <a href=\"https:\/\/www.cocondedecoration.com\/blog\/2023\/06\/deco-mur-tasseau-bois\/\" target=\"_blank\" rel=\"noopener\" title=\"\">murs en tasseaux<\/a> pour cr\u00e9er une s\u00e9paration visuelle entre les 2 espaces. Vous pouvez \u00e9galement choisir de coordonner les deux espaces (couleurs en cama\u00efeux, rappel de motifs...) ou cr\u00e9er deux univers diff\u00e9rents pour les plus audacieux. <\/p>\n\n\n\n<p>Pour aller plus loin: <a href=\"https:\/\/www.cocondedecoration.com\/blog\/2024\/12\/liste-revetement-mural\/\" target=\"_blank\" rel=\"noopener\" title=\"\">Liste des rev\u00eatements muraux: options et caract\u00e9ristiques<\/a><\/p>\n\n\n\n<figure class=\"wp-block-gallery has-nested-images columns-default is-cropped wp-block-gallery-8 is-layout-flex wp-block-gallery-is-layout-flex\">\n<figure class=\"wp-block-image size-large\"><a href=\"https:\/\/www.cocondedecoration.com\/blog\/wp-content\/uploads\/2025\/10\/separer-entree-salon.015.jpeg\"><img loading=\"lazy\" decoding=\"async\" width=\"640\" height=\"960\" data-id=\"85548\" src=\"https:\/\/www.cocondedecoration.com\/blog\/wp-content\/uploads\/2025\/10\/separer-entree-salon.015-640x960.jpeg\" alt=\"s\u00e9parer entr\u00e9e du salon papier peint noir et blanc moderne banc en bois et pat\u00e8re murale rustique \" class=\"wp-image-85548\" title=\"s\u00e9parer entr\u00e9e du salon papier peint noir et blanc moderne banc en bois et pat\u00e8re murale rustique \" srcset=\"https:\/\/www.cocondedecoration.com\/blog\/wp-content\/uploads\/2025\/10\/separer-entree-salon.015-640x960.jpeg 640w, https:\/\/www.cocondedecoration.com\/blog\/wp-content\/uploads\/2025\/10\/separer-entree-salon.015-260x390.jpeg 260w, https:\/\/www.cocondedecoration.com\/blog\/wp-content\/uploads\/2025\/10\/separer-entree-salon.015-768x1152.jpeg 768w, https:\/\/www.cocondedecoration.com\/blog\/wp-content\/uploads\/2025\/10\/separer-entree-salon.015-367x550.jpeg 367w, https:\/\/www.cocondedecoration.com\/blog\/wp-content\/uploads\/2025\/10\/separer-entree-salon.015-333x500.jpeg 333w, https:\/\/www.cocondedecoration.com\/blog\/wp-content\/uploads\/2025\/10\/separer-entree-salon.015.jpeg 1000w\" sizes=\"(max-width: 640px) 100vw, 640px\" \/><\/a><figcaption class=\"wp-element-caption\">etsy.com\/fr\/shop\/Jumanjii<\/figcaption><\/figure>\n\n\n\n<figure class=\"wp-block-image size-large\"><a href=\"https:\/\/www.cocondedecoration.com\/blog\/wp-content\/uploads\/2025\/10\/separer-entree-salon.016.jpeg\"><img loading=\"lazy\" decoding=\"async\" width=\"640\" height=\"960\" data-id=\"85547\" src=\"https:\/\/www.cocondedecoration.com\/blog\/wp-content\/uploads\/2025\/10\/separer-entree-salon.016-640x960.jpeg\" alt=\"s\u00e9parer entr\u00e9e du salon exemple verri\u00e8re color\u00e9e esprit vitrail moderne chic et original \" class=\"wp-image-85547\" title=\"s\u00e9parer entr\u00e9e du salon exemple verri\u00e8re color\u00e9e esprit vitrail moderne chic et original \" srcset=\"https:\/\/www.cocondedecoration.com\/blog\/wp-content\/uploads\/2025\/10\/separer-entree-salon.016-640x960.jpeg 640w, https:\/\/www.cocondedecoration.com\/blog\/wp-content\/uploads\/2025\/10\/separer-entree-salon.016-260x390.jpeg 260w, https:\/\/www.cocondedecoration.com\/blog\/wp-content\/uploads\/2025\/10\/separer-entree-salon.016-768x1152.jpeg 768w, https:\/\/www.cocondedecoration.com\/blog\/wp-content\/uploads\/2025\/10\/separer-entree-salon.016-367x550.jpeg 367w, https:\/\/www.cocondedecoration.com\/blog\/wp-content\/uploads\/2025\/10\/separer-entree-salon.016-333x500.jpeg 333w, https:\/\/www.cocondedecoration.com\/blog\/wp-content\/uploads\/2025\/10\/separer-entree-salon.016.jpeg 1000w\" sizes=\"(max-width: 640px) 100vw, 640px\" \/><\/a><figcaption class=\"wp-element-caption\">apartmentcharm.com<\/figcaption><\/figure>\n<\/figure>\n\n\n\n<h2 class=\"wp-block-heading\" id=\"aioseo-separer-entree-et-salon-dans-un-logement-en-location\">S\u00e9parer entr\u00e9e et salon dans un logement en location <\/h2>\n\n\n\n<p>J'ai d\u00e9j\u00e0 \u00e9voqu\u00e9 plusieurs solutions qui sont adapt\u00e9es aux locataires dans cet article. Mais il y en a d'autres. Ce sont des solutions qui demandent peu d'investissement financier et qui peuvent facilement \u00eatre enlev\u00e9es quand arrive le moment de quitter le logement. <\/p>\n\n\n\n<h3 class=\"wp-block-heading\" id=\"aioseo-marquer-visuellement-lentree-avec-des-meubles-specifiques\">Marquer visuellement l\u2019entr\u00e9e avec des meubles sp\u00e9cifiques  <\/h3>\n\n\n\n<p>L'entr\u00e9e comporte son lot de meubles bien particuliers: porte-manteau mural, console, banc, meuble \u00e0 chaussures\u2026 Et en les regroupant ensemble sans d\u00e9border sur le salon, cela peut vous aider \u00e0 cr\u00e9er une d\u00e9marcation visuelle. La difficult\u00e9 ici est de ne pas d\u00e9border et fixer une limite. Cette limite peut par exemple \u00eatre symbolis\u00e9e par une console surmont\u00e9e d'un miroir. Entre la porte et la console, c'est l'espace d'entr\u00e9e. On y trouvera un porte-manteau ou des pat\u00e8res murales, un <a href=\"https:\/\/www.cocondedecoration.com\/blog\/2021\/01\/ou-trouver-petit-meuble-chaussures\/\" target=\"_blank\" rel=\"noopener\" title=\"\">petit meuble \u00e0 chaussures<\/a> par exemple. <\/p>\n\n\n\n<figure class=\"wp-block-gallery has-nested-images columns-default is-cropped wp-block-gallery-9 is-layout-flex wp-block-gallery-is-layout-flex\">\n<figure class=\"wp-block-image size-large\"><a href=\"https:\/\/www.cocondedecoration.com\/blog\/wp-content\/uploads\/2025\/10\/separer-entree-salon.017.jpeg\"><img loading=\"lazy\" decoding=\"async\" width=\"640\" height=\"960\" data-id=\"85550\" src=\"https:\/\/www.cocondedecoration.com\/blog\/wp-content\/uploads\/2025\/10\/separer-entree-salon.017-640x960.jpeg\" alt=\"s\u00e9parer entr\u00e9e du salon cloison en pav\u00e9s de verre rev\u00eatement de sol mosa\u00efque et parquet pi\u00e8ce de vie chic et moderne \" class=\"wp-image-85550\" title=\"s\u00e9parer entr\u00e9e du salon cloison en pav\u00e9s de verre rev\u00eatement de sol mosa\u00efque et parquet pi\u00e8ce de vie chic et moderne \" srcset=\"https:\/\/www.cocondedecoration.com\/blog\/wp-content\/uploads\/2025\/10\/separer-entree-salon.017-640x960.jpeg 640w, https:\/\/www.cocondedecoration.com\/blog\/wp-content\/uploads\/2025\/10\/separer-entree-salon.017-260x390.jpeg 260w, https:\/\/www.cocondedecoration.com\/blog\/wp-content\/uploads\/2025\/10\/separer-entree-salon.017-768x1152.jpeg 768w, https:\/\/www.cocondedecoration.com\/blog\/wp-content\/uploads\/2025\/10\/separer-entree-salon.017-367x550.jpeg 367w, https:\/\/www.cocondedecoration.com\/blog\/wp-content\/uploads\/2025\/10\/separer-entree-salon.017-333x500.jpeg 333w, https:\/\/www.cocondedecoration.com\/blog\/wp-content\/uploads\/2025\/10\/separer-entree-salon.017.jpeg 1000w\" sizes=\"(max-width: 640px) 100vw, 640px\" \/><\/a><figcaption class=\"wp-element-caption\">itsmynest.com<\/figcaption><\/figure>\n\n\n\n<figure class=\"wp-block-image size-large\"><a href=\"https:\/\/www.cocondedecoration.com\/blog\/wp-content\/uploads\/2025\/10\/separer-entree-salon.018.jpeg\"><img loading=\"lazy\" decoding=\"async\" width=\"640\" height=\"960\" data-id=\"85549\" src=\"https:\/\/www.cocondedecoration.com\/blog\/wp-content\/uploads\/2025\/10\/separer-entree-salon.018-640x960.jpeg\" alt=\"s\u00e9parer entr\u00e9e du salon exemple porte vitr\u00e9e coulissante ambiance classique chic \" class=\"wp-image-85549\" title=\"s\u00e9parer entr\u00e9e du salon exemple porte vitr\u00e9e coulissante ambiance classique chic \" srcset=\"https:\/\/www.cocondedecoration.com\/blog\/wp-content\/uploads\/2025\/10\/separer-entree-salon.018-640x960.jpeg 640w, https:\/\/www.cocondedecoration.com\/blog\/wp-content\/uploads\/2025\/10\/separer-entree-salon.018-260x390.jpeg 260w, https:\/\/www.cocondedecoration.com\/blog\/wp-content\/uploads\/2025\/10\/separer-entree-salon.018-768x1152.jpeg 768w, https:\/\/www.cocondedecoration.com\/blog\/wp-content\/uploads\/2025\/10\/separer-entree-salon.018-367x550.jpeg 367w, https:\/\/www.cocondedecoration.com\/blog\/wp-content\/uploads\/2025\/10\/separer-entree-salon.018-333x500.jpeg 333w, https:\/\/www.cocondedecoration.com\/blog\/wp-content\/uploads\/2025\/10\/separer-entree-salon.018.jpeg 1000w\" sizes=\"(max-width: 640px) 100vw, 640px\" \/><\/a><figcaption class=\"wp-element-caption\">laurelberninteriors.com<\/figcaption><\/figure>\n<\/figure>\n\n\n\n<h3 class=\"wp-block-heading\" id=\"aioseo-installer-un-meuble-qui-fera-office-de-separation-entre-les-2-espaces\">Installer un meuble qui fera office de s\u00e9paration entre les 2 espaces <\/h3>\n\n\n\n<p>Enfin, derni\u00e8re solution: poser un meuble entre le salon et l'entr\u00e9e. C'est la solution que j'avais choisie dans mon dernier appartement en France. La porte d'entr\u00e9e donnait directement dans le salon. J'avais donc install\u00e9 un meuble Ikea Kallax avec 4 casiers \u00e0 c\u00f4t\u00e9 de la porte pour cr\u00e9er une impression d'entr\u00e9e et avoir un peu de rangement pour nos chaussures et mon sac \u00e0 main. <\/p>\n\n\n\n<p>A lire \u00e9galement: <a href=\"https:\/\/www.cocondedecoration.com\/blog\/2019\/07\/conseils-deco-creer-une-entree-quand-on-nen-a-pas\/\" target=\"_blank\" rel=\"noopener\" title=\"\">Cr\u00e9er une entr\u00e9e quand on n\u2019en a pas<\/a><\/p>\n\n\n\n<figure class=\"wp-block-gallery has-nested-images columns-default is-cropped wp-block-gallery-10 is-layout-flex wp-block-gallery-is-layout-flex\">\n<figure class=\"wp-block-image size-large\"><a href=\"https:\/\/www.cocondedecoration.com\/blog\/wp-content\/uploads\/2025\/10\/separer-entree-salon.019.jpeg\"><img loading=\"lazy\" decoding=\"async\" width=\"640\" height=\"960\" data-id=\"85552\" src=\"https:\/\/www.cocondedecoration.com\/blog\/wp-content\/uploads\/2025\/10\/separer-entree-salon.019-640x960.jpeg\" alt=\"s\u00e9parer entr\u00e9e du salon meuble Ikea Kallax solution pas cher grand espace \u00e0 vivre moderne esprit loft \" class=\"wp-image-85552\" title=\"s\u00e9parer entr\u00e9e du salon meuble Ikea Kallax solution pas cher grand espace \u00e0 vivre moderne esprit loft \" srcset=\"https:\/\/www.cocondedecoration.com\/blog\/wp-content\/uploads\/2025\/10\/separer-entree-salon.019-640x960.jpeg 640w, https:\/\/www.cocondedecoration.com\/blog\/wp-content\/uploads\/2025\/10\/separer-entree-salon.019-260x390.jpeg 260w, https:\/\/www.cocondedecoration.com\/blog\/wp-content\/uploads\/2025\/10\/separer-entree-salon.019-768x1152.jpeg 768w, https:\/\/www.cocondedecoration.com\/blog\/wp-content\/uploads\/2025\/10\/separer-entree-salon.019-367x550.jpeg 367w, https:\/\/www.cocondedecoration.com\/blog\/wp-content\/uploads\/2025\/10\/separer-entree-salon.019-333x500.jpeg 333w, https:\/\/www.cocondedecoration.com\/blog\/wp-content\/uploads\/2025\/10\/separer-entree-salon.019.jpeg 1000w\" sizes=\"(max-width: 640px) 100vw, 640px\" \/><\/a><figcaption class=\"wp-element-caption\">sj33.cn<\/figcaption><\/figure>\n\n\n\n<figure class=\"wp-block-image size-large\"><a href=\"https:\/\/www.cocondedecoration.com\/blog\/wp-content\/uploads\/2025\/10\/separer-entree-salon.020.jpeg\"><img loading=\"lazy\" decoding=\"async\" width=\"640\" height=\"960\" data-id=\"85551\" src=\"https:\/\/www.cocondedecoration.com\/blog\/wp-content\/uploads\/2025\/10\/separer-entree-salon.020-640x960.jpeg\" alt=\"s\u00e9parer entr\u00e9e du salon exemple meuble en m\u00e9tal sur-mesure \u00e9tag\u00e8re biblioth\u00e8que orange \" class=\"wp-image-85551\" title=\"s\u00e9parer entr\u00e9e du salon exemple meuble en m\u00e9tal sur-mesure \u00e9tag\u00e8re biblioth\u00e8que orange \" srcset=\"https:\/\/www.cocondedecoration.com\/blog\/wp-content\/uploads\/2025\/10\/separer-entree-salon.020-640x960.jpeg 640w, https:\/\/www.cocondedecoration.com\/blog\/wp-content\/uploads\/2025\/10\/separer-entree-salon.020-260x390.jpeg 260w, https:\/\/www.cocondedecoration.com\/blog\/wp-content\/uploads\/2025\/10\/separer-entree-salon.020-768x1152.jpeg 768w, https:\/\/www.cocondedecoration.com\/blog\/wp-content\/uploads\/2025\/10\/separer-entree-salon.020-367x550.jpeg 367w, https:\/\/www.cocondedecoration.com\/blog\/wp-content\/uploads\/2025\/10\/separer-entree-salon.020-333x500.jpeg 333w, https:\/\/www.cocondedecoration.com\/blog\/wp-content\/uploads\/2025\/10\/separer-entree-salon.020.jpeg 1000w\" sizes=\"(max-width: 640px) 100vw, 640px\" \/><\/a><figcaption class=\"wp-element-caption\"><a href=\"https:\/\/www.troisquartfort.com\/\" target=\"_blank\" rel=\"noopener\" title=\"\">troisquartfort.com<\/a><\/figcaption><\/figure>\n<\/figure>\n\n\n\n<h2 class=\"wp-block-heading\" id=\"aioseo-tableau-recapitulatif-quelle-solution-pour-separer-entree-et-salon-chez-vous\">Tableau r\u00e9capitulatif: quelle solution pour s\u00e9parer entr\u00e9e et salon chez vous? <\/h2>\n\n\n\n<figure class=\"wp-block-table\"><table class=\"has-fixed-layout\"><thead><tr><th>Type de s\u00e9paration<\/th><th>Avantages <\/th><th>Inconv\u00e9nients<\/th><th>Pour qui?<\/th><\/tr><\/thead><tbody><tr><td>Muret <\/td><td>- Permet de garder le sentiment d'espace<br>- D\u00e9limite visuellement les espaces<br>- Permet poser les meubles contre un mur<\/td><td>Ne prot\u00e8ge ni des regards indiscrets, ni du froid quand on ouvre la porte<\/td><td>Propri\u00e9taires<\/td><\/tr><tr><td>Cloison pleine <\/td><td>- D\u00e9limite visuellement les espaces<br>- Permet poser les meubles contre un mur<br>- Prot\u00e8ge des regards indiscrets<br>- Prot\u00e8ge des courants d'air<\/td><td>- Casse la sensation d'espace \/ cr\u00e9er une rupture franche<br>- Moins de luminosit\u00e9 dans l'entr\u00e9e<br>- Temps, co\u00fbt, poussi\u00e8re des travaux \u00e0 prendre en compte <\/td><td>Propri\u00e9taires <\/td><\/tr><tr><td>Claustras int\u00e9rieurs <\/td><td>- D\u00e9limite visuellement les espaces.<br>- Permet poser les meubles contre un mur.<br>- Laisse circuler la lumi\u00e8re naturelle entre les 2 espaces.<br>- Facile et rapide \u00e0 poser<br>- Possibilit\u00e9 d'avoir des mod\u00e8les sur-mesure<\/td><td>Prot\u00e8ge moins des regards indiscrets ou du froid quand on ouvre la porte<\/td><td>Propri\u00e9taires <br>Locataires (claustras amovibles) <\/td><\/tr><tr><td>Verri\u00e8re <\/td><td>- Laisse circuler la lumi\u00e8re naturelle entre les 2 espaces<br>- D\u00e9limite visuellement les espaces.<br>- Prot\u00e8ge des courants d'air<br>- Permet poser les meubles contre un mur (dans le cas du muret + verri\u00e8re)<br>- Possibilit\u00e9 d'avoir des mod\u00e8les sur-mesure<\/td><td>Ne prot\u00e8ge pas ou peu des regards indiscrets<\/td><td>Propri\u00e9taires <\/td><\/tr><tr><td>Mur en pav\u00e9s de verre <\/td><td>- Laisse circuler la lumi\u00e8re naturelle entre les 2 espaces. <br>- D\u00e9limite visuellement les espaces<br>- Prot\u00e8ge des courants d'air et des regards indiscrets<br>- Possibilit\u00e9 de monter la cloison soi-m\u00eame. <br>- Isolation phonique et thermique<br>- Choix vari\u00e9 quant au design de la brique de verre<\/td><td>N'est pas forc\u00e9ment au go\u00fbt de tout le monde <\/td><td>Propri\u00e9taires <\/td><\/tr><tr><td>Meuble sur-mesure<\/td><td>- possibilit\u00e9s infinies en mati\u00e8re de design et d'am\u00e9nagement <\/td><td>Le prix<\/td><td>Propri\u00e9taires <\/td><\/tr><tr><td>Rev\u00eatement de sol<\/td><td>- Ne rompt pas le sentiment d'espace <br>- Permet de cr\u00e9er deux univers distincts<br>- Possibilit\u00e9 d'avoir un rev\u00eatement facile \u00e0 entretenir dans l'entr\u00e9e <\/td><td>- N\u00e9cessite des travaux pour changer au moins une partie de votre rev\u00eatement de sol <br>- Ne vous pr\u00e9serve ni des regards, ni des courants d'air <\/td><td>Propri\u00e9taires <\/td><\/tr><tr><td>Rev\u00eatement mural<\/td><td>- Permet de garder le sentiment d'espace<br>- Nombreuses possibilit\u00e9s d\u00e9co<\/td><td>- R\u00e9ussir \u00e0 cr\u00e9er un espace harmonieux tout en marquant la diff\u00e9rence entre les 2 fonctions <\/td><td>Propri\u00e9taires et locataires<\/td><\/tr><tr><td>Marquer l'entr\u00e9e avec une d\u00e9co sp\u00e9cifique et le mobilier<\/td><td>- Pas besoin de travaux <\/td><td>- R\u00e9ussir \u00e0 cr\u00e9er un espace harmonieux tout en marquant la diff\u00e9rence entre les 2 fonctions <br>- Ne pas d\u00e9border sur le salon <\/td><td>Propri\u00e9taires et locataires<\/td><\/tr><tr><td>Meuble de s\u00e9paration <\/td><td>- Pas besoin de travaux<\/td><td><\/td><td>Propri\u00e9taires et locataires<\/td><\/tr><\/tbody><\/table><\/figure>\n\n\n\n<hr class=\"wp-block-separator has-alpha-channel-opacity is-style-wide\"\/>\n\n\n\n<div style=\"height:20px\" aria-hidden=\"true\" class=\"wp-block-spacer\"><\/div>\n\n\n\n<div class=\"wp-block-media-text alignwide\"><figure class=\"wp-block-media-text__media\"><img loading=\"lazy\" decoding=\"async\" width=\"640\" height=\"366\" src=\"https:\/\/www.cocondedecoration.com\/blog\/wp-content\/uploads\/2023\/12\/newsletter-patreon-640x366.png\" alt=\"\" class=\"wp-image-70176\" srcset=\"https:\/\/www.cocondedecoration.com\/blog\/wp-content\/uploads\/2023\/12\/newsletter-patreon-640x366.png 640w, https:\/\/www.cocondedecoration.com\/blog\/wp-content\/uploads\/2023\/12\/newsletter-patreon-260x149.png 260w, https:\/\/www.cocondedecoration.com\/blog\/wp-content\/uploads\/2023\/12\/newsletter-patreon-768x439.png 768w, https:\/\/www.cocondedecoration.com\/blog\/wp-content\/uploads\/2023\/12\/newsletter-patreon-465x266.png 465w, https:\/\/www.cocondedecoration.com\/blog\/wp-content\/uploads\/2023\/12\/newsletter-patreon-695x397.png 695w, https:\/\/www.cocondedecoration.com\/blog\/wp-content\/uploads\/2023\/12\/newsletter-patreon.png 1050w\" sizes=\"(max-width: 640px) 100vw, 640px\" \/><\/figure><div class=\"wp-block-media-text__content\">\n<p style=\"text-align:center\"><strong>La newsletter du blog est sur Patreon<\/strong><\/p>\n\n\n\n<p>Devenez membre gratuitement de mon Patron pour lire toutes les newsletters du blog &amp; recevoir une notification quand les prochaines seront en ligne. <\/p>\n\n\n\n<div class=\"wp-block-button aligncenter\"><a class=\"wp-block-button__link\" href=\"https:\/\/www.patreon.com\/cocondedeco\">Acc\u00e9der \u00e0 Patreon gratuitement<\/a><\/div>\n<\/div><\/div>\n\n\n\n<div style=\"height:30px\" aria-hidden=\"true\" class=\"wp-block-spacer\"><\/div>\n\n\n\n<p class=\"has-small-font-size\">Source de l'image \u00e0 la une: instagram.com\/gd_interiores\/<\/p>\n","protected":false},"excerpt":{"rendered":"<p>Propri\u00e9taires ou locataires, plusieurs solutions s&rsquo;offrent \u00e0 vous pour cr\u00e9er une entr\u00e9e dans le salon. D\u00e9couvrez celle qu&rsquo;il vous faut dans cet article. <span class=\"more-link\"><a href=\"https:\/\/www.cocondedecoration.com\/blog\/2025\/10\/separation-entree-salon\/\">Lire la suite<\/a><\/span><\/p>\n","protected":false},"author":1,"featured_media":85554,"comment_status":"open","ping_status":"open","sticky":false,"template":"","format":"standard","meta":{"om_disable_all_campaigns":false,"_monsterinsights_skip_tracking":false,"_monsterinsights_sitenote_active":false,"_monsterinsights_sitenote_note":"","_monsterinsights_sitenote_category":0,"_uf_show_specific_survey":0,"_uf_disable_surveys":false,"footnotes":""},"categories":[62179],"tags":[62162,4511,2955,116,7544,61841,61872,4146,19195,1869,56336,62163],"aioseo_notices":[],"_links":{"self":[{"href":"https:\/\/www.cocondedecoration.com\/blog\/wp-json\/wp\/v2\/posts\/85531"}],"collection":[{"href":"https:\/\/www.cocondedecoration.com\/blog\/wp-json\/wp\/v2\/posts"}],"about":[{"href":"https:\/\/www.cocondedecoration.com\/blog\/wp-json\/wp\/v2\/types\/post"}],"author":[{"embeddable":true,"href":"https:\/\/www.cocondedecoration.com\/blog\/wp-json\/wp\/v2\/users\/1"}],"replies":[{"embeddable":true,"href":"https:\/\/www.cocondedecoration.com\/blog\/wp-json\/wp\/v2\/comments?post=85531"}],"version-history":[{"count":4,"href":"https:\/\/www.cocondedecoration.com\/blog\/wp-json\/wp\/v2\/posts\/85531\/revisions"}],"predecessor-version":[{"id":85557,"href":"https:\/\/www.cocondedecoration.com\/blog\/wp-json\/wp\/v2\/posts\/85531\/revisions\/85557"}],"wp:featuredmedia":[{"embeddable":true,"href":"https:\/\/www.cocondedecoration.com\/blog\/wp-json\/wp\/v2\/media\/85554"}],"wp:attachment":[{"href":"https:\/\/www.cocondedecoration.com\/blog\/wp-json\/wp\/v2\/media?parent=85531"}],"wp:term":[{"taxonomy":"category","embeddable":true,"href":"https:\/\/www.cocondedecoration.com\/blog\/wp-json\/wp\/v2\/categories?post=85531"},{"taxonomy":"post_tag","embeddable":true,"href":"https:\/\/www.cocondedecoration.com\/blog\/wp-json\/wp\/v2\/tags?post=85531"}],"curies":[{"name":"wp","href":"https:\/\/api.w.org\/{rel}","templated":true}]}}