{"id":85385,"date":"2025-10-13T09:08:14","date_gmt":"2025-10-13T07:08:14","guid":{"rendered":"https:\/\/www.cocondedecoration.com\/blog\/?p=85385"},"modified":"2025-10-13T09:08:16","modified_gmt":"2025-10-13T07:08:16","slug":"deco-tendance-vert-gen-z","status":"publish","type":"post","link":"https:\/\/www.cocondedecoration.com\/blog\/2025\/10\/deco-tendance-vert-gen-z\/","title":{"rendered":"Green Gen Z, une nuance de vert pour une d\u00e9co audacieuse"},"content":{"rendered":"\n<p>Si vous aimez le vert, si vous en avez un peu ras le bol du vert sauge, si vous cherchez une couleur tendance, le Green Gen Z peut vous int\u00e9resser. C'est une nuance de vert que l'on devrait voir de plus en plus dans la sph\u00e8re d\u00e9co (mais pas que) <a href=\"https:\/\/www.cocondedecoration.com\/blog\/2025\/09\/couleurs-tendance-2026\/\" target=\"_blank\" rel=\"noopener\" title=\"\">en 2026<\/a>. Et c'est parfait pour cr\u00e9er un int\u00e9rieur audacieux, vibrant et plein de vie. Dans cet article, on a t\u00e2cher de d\u00e9finir cette couleur. Je vais aussi vous proposer des r\u00e9f\u00e9rences de peinture ainsi que de nombreux exemples pour vous aider \u00e0 imaginer votre future d\u00e9co en Vert Gen Z. <\/p>\n\n\n\n<!--more-->\n\n\n\n<div class=\"wp-block-columns is-layout-flex wp-container-core-columns-layout-1 wp-block-columns-is-layout-flex\">\n<div class=\"wp-block-column is-layout-flow wp-block-column-is-layout-flow\">\n<h2 class=\"wp-block-heading\">Comment d\u00e9finir la couleur Green Gen Z? <\/h2>\n\n\n\n<p>La couleur Green Gen Z n'est pas une nuance mais plus une famille de couleurs avec des caract\u00e9ristiques communes: <\/p>\n\n\n\n<ul>\n<li>un vert teint\u00e9 de jaune <\/li>\n\n\n\n<li>des nuances g\u00e9n\u00e9ralement lumineuses et vitamin\u00e9es <\/li>\n\n\n\n<li>inspir\u00e9e de la nature et de la pr\u00e9servation de l'environnement <\/li>\n<\/ul>\n\n\n\n<p>Toutes les g\u00e9n\u00e9rations ont des couleurs qui les repr\u00e9sentent. La nouvelle g\u00e9n\u00e9ration d'adultes tend \u00e0 l'audace et \u00e0 la vitalit\u00e9. Chez les millenials par exemple, on avait du rose ou encore un gris sp\u00e9cifique. L\u00e0, c'est un vert peps, un vert citron \/ lime green que je trouve joyeux. <\/p>\n\n\n\n<h2 class=\"wp-block-heading\">Nuances de peinture Vert Gen Z tendance<\/h2>\n\n\n\n<p>Si vous aimez cette couleur et que vous vous demander quelle peinture choisir, voici des r\u00e9f\u00e9rences pour vous aider \u00e0 concr\u00e9tiser votre projet d\u00e9co: <\/p>\n\n\n\n<ul>\n<li><a href=\"https:\/\/ressource-peintures.com\/produits\/peintures\/les-collections\/ressource\/leuphorbe-anis-vivifiant-r264\/\" target=\"_blank\" rel=\"noopener\" title=\"\">201.R264 \u2013 L\u2019Euphorbe<\/a> chez Ressource <\/li>\n\n\n\n<li><a href=\"https:\/\/www.liberon.fr\/produit\/velours-de-peinture-couleur-vert-reine-claude\/\" target=\"_blank\" rel=\"noopener\" title=\"\">Couleur Vert Reine-Claude<\/a> - Velours de peinture chez Liberon<\/li>\n\n\n\n<li><a href=\"https:\/\/www.littlegreene.fr\/pale-lime\" target=\"_blank\" rel=\"noopener\" title=\"\">Pale Lime\u2122<\/a> chez Little Greene <\/li>\n\n\n\n<li><a href=\"https:\/\/tidd.ly\/4o5EN64\" target=\"_blank\" rel=\"noopener\" title=\"\">Vert kiwi<\/a> de Deluxe Valentine chez Castorama <\/li>\n\n\n\n<li><a href=\"https:\/\/tidd.ly\/48nQK2H\" target=\"_blank\" rel=\"noopener\" title=\"\">Peinture vert<\/a> acide chez Castorama <\/li>\n\n\n\n<li><a href=\"https:\/\/tidd.ly\/42BWtya\" target=\"_blank\" rel=\"noopener\" title=\"\">Citron vert<\/a> de Rust-Oleum Peinture Murale Chalky chez Castorama <\/li>\n<\/ul>\n<\/div>\n\n\n\n<div class=\"wp-block-column is-layout-flow wp-block-column-is-layout-flow\">\n<figure class=\"wp-block-image size-large\"><a href=\"https:\/\/www.cocondedecoration.com\/blog\/wp-content\/uploads\/2025\/10\/peinture-green-gen-Z.png\"><img loading=\"lazy\" decoding=\"async\" width=\"640\" height=\"960\" src=\"https:\/\/www.cocondedecoration.com\/blog\/wp-content\/uploads\/2025\/10\/peinture-green-gen-Z-640x960.png\" alt=\"Nuances de peintures vert Green Gen Z r\u00e9f\u00e9rences \" class=\"wp-image-85387\" title=\"Nuances de peintures vert Green Gen Z r\u00e9f\u00e9rences \" srcset=\"https:\/\/www.cocondedecoration.com\/blog\/wp-content\/uploads\/2025\/10\/peinture-green-gen-Z-640x960.png 640w, https:\/\/www.cocondedecoration.com\/blog\/wp-content\/uploads\/2025\/10\/peinture-green-gen-Z-260x390.png 260w, https:\/\/www.cocondedecoration.com\/blog\/wp-content\/uploads\/2025\/10\/peinture-green-gen-Z-768x1152.png 768w, https:\/\/www.cocondedecoration.com\/blog\/wp-content\/uploads\/2025\/10\/peinture-green-gen-Z-367x550.png 367w, https:\/\/www.cocondedecoration.com\/blog\/wp-content\/uploads\/2025\/10\/peinture-green-gen-Z-333x500.png 333w, https:\/\/www.cocondedecoration.com\/blog\/wp-content\/uploads\/2025\/10\/peinture-green-gen-Z.png 1000w\" sizes=\"(max-width: 640px) 100vw, 640px\" \/><\/a><\/figure>\n<\/div>\n<\/div>\n\n\n\n<div class=\"wp-block-columns is-layout-flex wp-container-core-columns-layout-2 wp-block-columns-is-layout-flex\">\n<div class=\"wp-block-column is-layout-flow wp-block-column-is-layout-flow\">\n<h2 class=\"wp-block-heading\">Peindre les portes int\u00e9rieures en Vert Gen Z<\/h2>\n\n\n\n<p>Passons aux exemples d\u00e9co avec du Green Gen Z. J'en ai s\u00e9lectionn\u00e9 12 et j'ai mis en valeur les associations de couleurs pr\u00e9sentes dans ces exemples pour vous aider \u00e0 concr\u00e9tiser votre projet.<\/p>\n\n\n\n<p>On commence avec des portes int\u00e9rieures color\u00e9es. Si vous avez des portes en bois, il est assez facile de les repeindre. Choisir le Green Gen Z les mettra en valeur (que votre pi\u00e8ce soit blanche ou non). Ce vert est lumineux et original. Il attire le regard. Ce qui est int\u00e9ressant avec ce vert c'est qu'il n'est pas n\u00e9cessaire de l'utiliser en grande quantit\u00e9 pour qu'il apporte du peps dans un espace. On peut donc se contenter de <a href=\"https:\/\/www.cocondedecoration.com\/blog\/2023\/05\/peinture-boiseries-interieures\/\" target=\"_blank\" rel=\"noopener\" title=\"\">peindre les boiseries<\/a> (dont les portes) en cette couleur. <\/p>\n\n\n\n<p>Ce qui est aussi int\u00e9ressant dans cet exemple, c'est que le Vert Gen Z est associ\u00e9 avec d'autres couleurs. On a du orange \u00e0 proximit\u00e9 directe sur le montant de la porte. Le mur quant \u00e0 lui est multicolore: du orange pour les <a href=\"https:\/\/www.cocondedecoration.com\/blog\/2023\/07\/joint-carrelage-couleur-exemple\/\" target=\"_blank\" rel=\"noopener\" title=\"\">joints de carrelage<\/a>, un listel en deux nuances de vert, une peinture pastel bleu. <\/p>\n\n\n\n<p>A lire aussi: <a href=\"https:\/\/www.cocondedecoration.com\/blog\/2023\/01\/couleur-portes-interieures\/\" target=\"_blank\" rel=\"noopener\" title=\"\">Peindre en couleur ses portes int\u00e9rieures <\/a><\/p>\n<\/div>\n\n\n\n<div class=\"wp-block-column is-layout-flow wp-block-column-is-layout-flow\">\n<div class=\"wp-block-cb-carousel cb-single-slide\" data-slick=\"{&quot;slidesToShow&quot;:1,&quot;slidesToScroll&quot;:1,&quot;speed&quot;:300,&quot;arrows&quot;:true,&quot;dots&quot;:false,&quot;autoplay&quot;:false,&quot;autoplaySpeed&quot;:3000,&quot;infinite&quot;:true,&quot;responsive&quot;:[{&quot;breakpoint&quot;:769,&quot;settings&quot;:{&quot;slidesToShow&quot;:1,&quot;slidesToScroll&quot;:1}}]}\">\n<div class=\"wp-block-cb-slide\">\n<figure class=\"wp-block-image size-large\"><a href=\"https:\/\/www.cocondedecoration.com\/blog\/wp-content\/uploads\/2025\/10\/palette-couleur-deco-vert-gen-Z-1.png\"><img loading=\"lazy\" decoding=\"async\" width=\"640\" height=\"960\" src=\"https:\/\/www.cocondedecoration.com\/blog\/wp-content\/uploads\/2025\/10\/palette-couleur-deco-vert-gen-Z-1-640x960.png\" alt=\"palette d\u00e9co couleur vert Gen Z peinture boiserie int\u00e9rieure porte verte et orange mur multicolore joint de carrelage rouge d\u00e9cor original bouton de porte laiton \" class=\"wp-image-85389\" title=\"palette d\u00e9co couleur vert Gen Z peinture boiserie int\u00e9rieure porte verte et orange mur multicolore joint de carrelage rouge d\u00e9cor original bouton de porte laiton \" srcset=\"https:\/\/www.cocondedecoration.com\/blog\/wp-content\/uploads\/2025\/10\/palette-couleur-deco-vert-gen-Z-1-640x960.png 640w, https:\/\/www.cocondedecoration.com\/blog\/wp-content\/uploads\/2025\/10\/palette-couleur-deco-vert-gen-Z-1-260x390.png 260w, https:\/\/www.cocondedecoration.com\/blog\/wp-content\/uploads\/2025\/10\/palette-couleur-deco-vert-gen-Z-1-768x1152.png 768w, https:\/\/www.cocondedecoration.com\/blog\/wp-content\/uploads\/2025\/10\/palette-couleur-deco-vert-gen-Z-1-367x550.png 367w, https:\/\/www.cocondedecoration.com\/blog\/wp-content\/uploads\/2025\/10\/palette-couleur-deco-vert-gen-Z-1-333x500.png 333w, https:\/\/www.cocondedecoration.com\/blog\/wp-content\/uploads\/2025\/10\/palette-couleur-deco-vert-gen-Z-1.png 1000w\" sizes=\"(max-width: 640px) 100vw, 640px\" \/><\/a><\/figure>\n<\/div>\n\n\n\n<div class=\"wp-block-cb-slide\">\n<figure class=\"wp-block-image size-large\"><a href=\"https:\/\/www.cocondedecoration.com\/blog\/wp-content\/uploads\/2025\/10\/deco-couleur-green-gen-Z.001.jpeg\"><img loading=\"lazy\" decoding=\"async\" width=\"640\" height=\"960\" src=\"https:\/\/www.cocondedecoration.com\/blog\/wp-content\/uploads\/2025\/10\/deco-couleur-green-gen-Z.001-640x960.jpeg\" alt=\"d\u00e9coration couleur Green Gen Z porte int\u00e9rieure peine en vert et orange bouton laiton chic int\u00e9rieur original color\u00e9 et audacieux \" class=\"wp-image-85401\" title=\"d\u00e9coration couleur Green Gen Z porte int\u00e9rieure peine en vert et orange bouton laiton chic int\u00e9rieur original color\u00e9 et audacieux \" srcset=\"https:\/\/www.cocondedecoration.com\/blog\/wp-content\/uploads\/2025\/10\/deco-couleur-green-gen-Z.001-640x960.jpeg 640w, https:\/\/www.cocondedecoration.com\/blog\/wp-content\/uploads\/2025\/10\/deco-couleur-green-gen-Z.001-260x390.jpeg 260w, https:\/\/www.cocondedecoration.com\/blog\/wp-content\/uploads\/2025\/10\/deco-couleur-green-gen-Z.001-768x1152.jpeg 768w, https:\/\/www.cocondedecoration.com\/blog\/wp-content\/uploads\/2025\/10\/deco-couleur-green-gen-Z.001-367x550.jpeg 367w, https:\/\/www.cocondedecoration.com\/blog\/wp-content\/uploads\/2025\/10\/deco-couleur-green-gen-Z.001-333x500.jpeg 333w, https:\/\/www.cocondedecoration.com\/blog\/wp-content\/uploads\/2025\/10\/deco-couleur-green-gen-Z.001.jpeg 1000w\" sizes=\"(max-width: 640px) 100vw, 640px\" \/><\/a><figcaption class=\"wp-element-caption\">studiograndpere.com<\/figcaption><\/figure>\n<\/div>\n<\/div>\n<\/div>\n<\/div>\n\n\n\n<div class=\"wp-block-columns is-layout-flex wp-container-core-columns-layout-3 wp-block-columns-is-layout-flex\">\n<div class=\"wp-block-column is-layout-flow wp-block-column-is-layout-flow\">\n<h2 class=\"wp-block-heading\">Un salon chic, l\u00e9g\u00e8rement vintage avec du Green Gen Z <\/h2>\n\n\n\n<p>Vous verrez dans cet article, il y a plusieurs exemples de salons. C'est une pi\u00e8ce \u00e0 vivre et donc les couleurs vitamin\u00e9es comme cette nuance de vert y trouvent facilement leur place. Ici le vert lime est pr\u00e9sent gr\u00e2ce au mobilier: <a href=\"https:\/\/www.cocondedecoration.com\/blog\/2020\/06\/ou-trouver-un-canape-en-velours-vert\/\" target=\"_blank\" rel=\"noopener\" title=\"\">le canap\u00e9<\/a> , la table basse et le bout de canap\u00e9. Ces deux derniers meubles sont en m\u00e9tal et ont une esth\u00e9tique l\u00e9g\u00e8re qui accentue l'id\u00e9e de modernit\u00e9. <\/p>\n\n\n\n<p>Dans cet exemple, la modernit\u00e9 et le vintage sont associ\u00e9s. Ce qui offre un c\u00f4t\u00e9 venu d'une autre \u00e9poque est pluriel: les franges du canap\u00e9, <a href=\"https:\/\/www.cocondedecoration.com\/blog\/2021\/05\/moulures-ton-sur-ton\/\" target=\"_blank\" rel=\"noopener\" title=\"\">les moulures au mur<\/a>, la lampe \u00e0 poser en vert franc avec un abat-jour vichy. <\/p>\n\n\n\n<p>Les couleurs associ\u00e9es se trouvent essentiellement dans les accessoires: la lampe dont je parlais juste avant, les vases et les fleurs. C'est une mani\u00e8re d'utiliser la couleur qui est plus subtile que l'exemple pr\u00e9c\u00e9dent. On y trouve un bleu gris\u00e9 mais aussi un <a href=\"https:\/\/www.cocondedecoration.com\/blog\/2025\/09\/moodboard-deco-fuchsia\/\" target=\"_blank\" rel=\"noopener\" title=\"\">fuchsia<\/a> fonc\u00e9. C'est discret mais bien pr\u00e9sent. <\/p>\n\n\n\n<p>Ceci peut vous int\u00e9resser: <a href=\"https:\/\/www.cocondedecoration.com\/blog\/2023\/04\/decoration-vert-franc-emeraude\/\" target=\"_blank\" rel=\"noopener\" title=\"\">Vert franc &amp; vert \u00e9meraude pour vivifier votre int\u00e9rieur<\/a><\/p>\n<\/div>\n\n\n\n<div class=\"wp-block-column is-layout-flow wp-block-column-is-layout-flow\">\n<div class=\"wp-block-cb-carousel cb-single-slide\" data-slick=\"{&quot;slidesToShow&quot;:1,&quot;slidesToScroll&quot;:1,&quot;speed&quot;:300,&quot;arrows&quot;:true,&quot;dots&quot;:false,&quot;autoplay&quot;:false,&quot;autoplaySpeed&quot;:3000,&quot;infinite&quot;:true,&quot;responsive&quot;:[{&quot;breakpoint&quot;:769,&quot;settings&quot;:{&quot;slidesToShow&quot;:1,&quot;slidesToScroll&quot;:1}}]}\">\n<div class=\"wp-block-cb-slide\">\n<figure class=\"wp-block-image size-large\"><a href=\"https:\/\/www.cocondedecoration.com\/blog\/wp-content\/uploads\/2025\/10\/palette-couleur-deco-vert-gen-Z-2.png\"><img loading=\"lazy\" decoding=\"async\" width=\"640\" height=\"960\" src=\"https:\/\/www.cocondedecoration.com\/blog\/wp-content\/uploads\/2025\/10\/palette-couleur-deco-vert-gen-Z-2-640x960.png\" alt=\"palette d\u00e9co couleur vert Gen Z salon s\u00e9jour canap\u00e9 color\u00e9 table basse verte en m\u00e9tal lampe avec abat-jour r\u00e9tro vichy vase fleur \" class=\"wp-image-85390\" title=\"palette d\u00e9co couleur vert Gen Z salon s\u00e9jour canap\u00e9 color\u00e9 table basse verte en m\u00e9tal lampe avec abat-jour r\u00e9tro vichy vase fleur \" srcset=\"https:\/\/www.cocondedecoration.com\/blog\/wp-content\/uploads\/2025\/10\/palette-couleur-deco-vert-gen-Z-2-640x960.png 640w, https:\/\/www.cocondedecoration.com\/blog\/wp-content\/uploads\/2025\/10\/palette-couleur-deco-vert-gen-Z-2-260x390.png 260w, https:\/\/www.cocondedecoration.com\/blog\/wp-content\/uploads\/2025\/10\/palette-couleur-deco-vert-gen-Z-2-768x1152.png 768w, https:\/\/www.cocondedecoration.com\/blog\/wp-content\/uploads\/2025\/10\/palette-couleur-deco-vert-gen-Z-2-367x550.png 367w, https:\/\/www.cocondedecoration.com\/blog\/wp-content\/uploads\/2025\/10\/palette-couleur-deco-vert-gen-Z-2-333x500.png 333w, https:\/\/www.cocondedecoration.com\/blog\/wp-content\/uploads\/2025\/10\/palette-couleur-deco-vert-gen-Z-2.png 1000w\" sizes=\"(max-width: 640px) 100vw, 640px\" \/><\/a><\/figure>\n<\/div>\n\n\n\n<div class=\"wp-block-cb-slide\">\n<figure class=\"wp-block-image size-large\"><a href=\"https:\/\/www.cocondedecoration.com\/blog\/wp-content\/uploads\/2025\/10\/deco-couleur-green-gen-Z.002.jpeg\"><img loading=\"lazy\" decoding=\"async\" width=\"640\" height=\"960\" src=\"https:\/\/www.cocondedecoration.com\/blog\/wp-content\/uploads\/2025\/10\/deco-couleur-green-gen-Z.002-640x960.jpeg\" alt=\"d\u00e9coration couleur Green Gen Z salon table basse moderne en m\u00e9tal color\u00e9 accessoire d\u00e9coratif vases fleurs et lampes ambiance moderne \" class=\"wp-image-85402\" title=\"d\u00e9coration couleur Green Gen Z salon table basse moderne en m\u00e9tal color\u00e9 accessoire d\u00e9coratif vases fleurs et lampes ambiance moderne \" srcset=\"https:\/\/www.cocondedecoration.com\/blog\/wp-content\/uploads\/2025\/10\/deco-couleur-green-gen-Z.002-640x960.jpeg 640w, https:\/\/www.cocondedecoration.com\/blog\/wp-content\/uploads\/2025\/10\/deco-couleur-green-gen-Z.002-260x390.jpeg 260w, https:\/\/www.cocondedecoration.com\/blog\/wp-content\/uploads\/2025\/10\/deco-couleur-green-gen-Z.002-768x1152.jpeg 768w, https:\/\/www.cocondedecoration.com\/blog\/wp-content\/uploads\/2025\/10\/deco-couleur-green-gen-Z.002-367x550.jpeg 367w, https:\/\/www.cocondedecoration.com\/blog\/wp-content\/uploads\/2025\/10\/deco-couleur-green-gen-Z.002-333x500.jpeg 333w, https:\/\/www.cocondedecoration.com\/blog\/wp-content\/uploads\/2025\/10\/deco-couleur-green-gen-Z.002.jpeg 1000w\" sizes=\"(max-width: 640px) 100vw, 640px\" \/><\/a><figcaption class=\"wp-element-caption\">instagram.com\/spoak\/<\/figcaption><\/figure>\n<\/div>\n<\/div>\n<\/div>\n<\/div>\n\n\n\n<div class=\"wp-block-columns is-layout-flex wp-container-core-columns-layout-4 wp-block-columns-is-layout-flex\">\n<div class=\"wp-block-column is-layout-flow wp-block-column-is-layout-flow\">\n<h2 class=\"wp-block-heading\">Jouer la carte des couleurs compl\u00e9mentaires avec le Green Gen Z <\/h2>\n\n\n\n<p>Les couleurs compl\u00e9mentaires sont des couleurs qui sont oppos\u00e9es l'une \u00e0 l'autre sur le cercle chromatique. Le vert et le rose sont des couleurs compl\u00e9mentaires. C'est probablement l'association la plus populaire quand on parle de couleurs compl\u00e9mentaires. <\/p>\n\n\n\n<p>Ce qui est int\u00e9ressant avec ce combo de couleur, c'est que le rose vient \u00e9quilibrer le vert. Cette derni\u00e8re couleur est la couleur principale et seule, elle pourrait avoir un air un peu glauque. Le rose \u00e9vite cet effet n\u00e9gatif. Il apporte douceur et vie \u00e0 l'espace m\u00eame s'il est utilis\u00e9 en moindre quantit\u00e9. <\/p>\n\n\n\n<p>Pour ce 3<sup>\u00e8me<\/sup> exemple,  cette association de couleurs est dans <a href=\"https:\/\/www.cocondedecoration.com\/blog\/category\/deco-piece-par-piece\/deco-chambre\/decoration-chambre-adulte\/\" target=\"_blank\" rel=\"noopener\" title=\"\">la chambre<\/a>. Un choix \u00e9tonnant puisqu'en g\u00e9n\u00e9ral on fait le choix de couleurs douces et apaisantes pour d\u00e9corer cet espace de la maison. <\/p>\n\n\n\n<p>Pour aller plus loin: <a href=\"https:\/\/www.cocondedecoration.com\/blog\/2023\/04\/associer-vert-et-rose-decoration\/\" target=\"_blank\" rel=\"noopener\" title=\"\">14 id\u00e9es pour associer du vert &amp; du rose dans votre int\u00e9rieur<\/a><\/p>\n<\/div>\n\n\n\n<div class=\"wp-block-column is-layout-flow wp-block-column-is-layout-flow\">\n<div class=\"wp-block-cb-carousel cb-single-slide\" data-slick=\"{&quot;slidesToShow&quot;:1,&quot;slidesToScroll&quot;:1,&quot;speed&quot;:300,&quot;arrows&quot;:true,&quot;dots&quot;:false,&quot;autoplay&quot;:false,&quot;autoplaySpeed&quot;:3000,&quot;infinite&quot;:true,&quot;responsive&quot;:[{&quot;breakpoint&quot;:769,&quot;settings&quot;:{&quot;slidesToShow&quot;:1,&quot;slidesToScroll&quot;:1}}]}\">\n<div class=\"wp-block-cb-slide\">\n<figure class=\"wp-block-image size-large\"><a href=\"https:\/\/www.cocondedecoration.com\/blog\/wp-content\/uploads\/2025\/10\/palette-couleur-deco-vert-gen-Z-3.png\"><img loading=\"lazy\" decoding=\"async\" width=\"640\" height=\"960\" src=\"https:\/\/www.cocondedecoration.com\/blog\/wp-content\/uploads\/2025\/10\/palette-couleur-deco-vert-gen-Z-3-640x960.png\" alt=\"palette d\u00e9co couleur vert Gen Z chambre \u00e0 coucher adulte color bloc mur peinture verte t\u00eate de lit rose couleur compl\u00e9mentaire \" class=\"wp-image-85391\" title=\"palette d\u00e9co couleur vert Gen Z chambre \u00e0 coucher adulte color bloc mur peinture verte t\u00eate de lit rose couleur compl\u00e9mentaire \" srcset=\"https:\/\/www.cocondedecoration.com\/blog\/wp-content\/uploads\/2025\/10\/palette-couleur-deco-vert-gen-Z-3-640x960.png 640w, https:\/\/www.cocondedecoration.com\/blog\/wp-content\/uploads\/2025\/10\/palette-couleur-deco-vert-gen-Z-3-260x390.png 260w, https:\/\/www.cocondedecoration.com\/blog\/wp-content\/uploads\/2025\/10\/palette-couleur-deco-vert-gen-Z-3-768x1152.png 768w, https:\/\/www.cocondedecoration.com\/blog\/wp-content\/uploads\/2025\/10\/palette-couleur-deco-vert-gen-Z-3-367x550.png 367w, https:\/\/www.cocondedecoration.com\/blog\/wp-content\/uploads\/2025\/10\/palette-couleur-deco-vert-gen-Z-3-333x500.png 333w, https:\/\/www.cocondedecoration.com\/blog\/wp-content\/uploads\/2025\/10\/palette-couleur-deco-vert-gen-Z-3.png 1000w\" sizes=\"(max-width: 640px) 100vw, 640px\" \/><\/a><\/figure>\n<\/div>\n\n\n\n<div class=\"wp-block-cb-slide\">\n<figure class=\"wp-block-image size-large\"><a href=\"https:\/\/www.cocondedecoration.com\/blog\/wp-content\/uploads\/2025\/10\/deco-couleur-green-gen-Z.003.jpeg\"><img loading=\"lazy\" decoding=\"async\" width=\"640\" height=\"960\" src=\"https:\/\/www.cocondedecoration.com\/blog\/wp-content\/uploads\/2025\/10\/deco-couleur-green-gen-Z.003-640x960.jpeg\" alt=\"d\u00e9coration couleur Green Gen Z contraste chambre \u00e0 coucher adulte peinture murale verte t\u00eate de lit capitonn\u00e9e rose \" class=\"wp-image-85403\" title=\"d\u00e9coration couleur Green Gen Z contraste chambre \u00e0 coucher adulte peinture murale verte t\u00eate de lit capitonn\u00e9e rose \" srcset=\"https:\/\/www.cocondedecoration.com\/blog\/wp-content\/uploads\/2025\/10\/deco-couleur-green-gen-Z.003-640x960.jpeg 640w, https:\/\/www.cocondedecoration.com\/blog\/wp-content\/uploads\/2025\/10\/deco-couleur-green-gen-Z.003-260x390.jpeg 260w, https:\/\/www.cocondedecoration.com\/blog\/wp-content\/uploads\/2025\/10\/deco-couleur-green-gen-Z.003-768x1152.jpeg 768w, https:\/\/www.cocondedecoration.com\/blog\/wp-content\/uploads\/2025\/10\/deco-couleur-green-gen-Z.003-367x550.jpeg 367w, https:\/\/www.cocondedecoration.com\/blog\/wp-content\/uploads\/2025\/10\/deco-couleur-green-gen-Z.003-333x500.jpeg 333w, https:\/\/www.cocondedecoration.com\/blog\/wp-content\/uploads\/2025\/10\/deco-couleur-green-gen-Z.003.jpeg 1000w\" sizes=\"(max-width: 640px) 100vw, 640px\" \/><\/a><figcaption class=\"wp-element-caption\">homecollective.org<\/figcaption><\/figure>\n<\/div>\n<\/div>\n<\/div>\n<\/div>\n\n\n\n<div class=\"wp-block-columns is-layout-flex wp-container-core-columns-layout-5 wp-block-columns-is-layout-flex\">\n<div class=\"wp-block-column is-layout-flow wp-block-column-is-layout-flow\">\n<h2 class=\"wp-block-heading\">Une touche de peps et tendance dans un espace pastel <\/h2>\n\n\n\n<p>La principale caract\u00e9ristique des <a href=\"https:\/\/www.cocondedecoration.com\/blog\/2023\/12\/maison-pastel-vintage-eclectique\/\" target=\"_blank\" rel=\"noopener\" title=\"\">couleurs pastel<\/a> c'est de cr\u00e9er un univers doux et l\u00e9ger. Ce sont aussi des couleurs assez intemporelles qui ne quittent jamais vraiment la sph\u00e8re d\u00e9co. Le hic \u00e9ventuel que vous pouvez rencontrer en utilisant ces couleurs en grandes quantit\u00e9s, c'est un manque de relief et de peps. <\/p>\n\n\n\n<p>Et c'est l\u00e0 que le Green Gen Z entre en jeu. Sur l'exemple s\u00e9lectionn\u00e9, vous voyez que la nuance de vert qui nous int\u00e9resse dans cet article ne se trouve qu'\u00e0 travers la table basse. Une mani\u00e8re de vitaminer le salon rapidement, la table basse se trouvant g\u00e9n\u00e9ralement au coeur de la pi\u00e8ce \u00e0 vivre. <\/p>\n\n\n\n<p>Cette \"astuce\" pour donner du relief et peps dans une pi\u00e8ce n'est pas valable uniquement pour les int\u00e9rieurs pastel. Ca marche aussi avec les couleurs neutres par exemple. Si vous avez un salon neutre qui semble manquer de vie, il est peut-\u00eatre int\u00e9ressant de penser \u00e0 changer la table basse et d'opter pour un mod\u00e8le color\u00e9. <\/p>\n\n\n\n<p>Pour aller plus loin: <a href=\"https:\/\/www.cocondedecoration.com\/blog\/2025\/09\/couleur-table-basse\/\" target=\"_blank\" rel=\"noopener\" title=\"\">De la couleur au coeur du salon gr\u00e2ce \u00e0 la table basse<\/a><\/p>\n<\/div>\n\n\n\n<div class=\"wp-block-column is-layout-flow wp-block-column-is-layout-flow\">\n<div class=\"wp-block-cb-carousel cb-single-slide\" data-slick=\"{&quot;slidesToShow&quot;:1,&quot;slidesToScroll&quot;:1,&quot;speed&quot;:300,&quot;arrows&quot;:true,&quot;dots&quot;:false,&quot;autoplay&quot;:false,&quot;autoplaySpeed&quot;:3000,&quot;infinite&quot;:true,&quot;responsive&quot;:[{&quot;breakpoint&quot;:769,&quot;settings&quot;:{&quot;slidesToShow&quot;:1,&quot;slidesToScroll&quot;:1}}]}\">\n<div class=\"wp-block-cb-slide\">\n<figure class=\"wp-block-image size-large\"><a href=\"https:\/\/www.cocondedecoration.com\/blog\/wp-content\/uploads\/2025\/10\/palette-couleur-deco-vert-gen-Z-4.png\"><img loading=\"lazy\" decoding=\"async\" width=\"640\" height=\"960\" src=\"https:\/\/www.cocondedecoration.com\/blog\/wp-content\/uploads\/2025\/10\/palette-couleur-deco-vert-gen-Z-4-640x960.png\" alt=\"palette d\u00e9co couleur vert Gen Z pastel salon s\u00e9jour canap\u00e9 vert touche plus vive table basse mur rose ambiance douce et originale \" class=\"wp-image-85392\" title=\"palette d\u00e9co couleur vert Gen Z pastel salon s\u00e9jour canap\u00e9 vert touche plus vive table basse mur rose ambiance douce et originale \" srcset=\"https:\/\/www.cocondedecoration.com\/blog\/wp-content\/uploads\/2025\/10\/palette-couleur-deco-vert-gen-Z-4-640x960.png 640w, https:\/\/www.cocondedecoration.com\/blog\/wp-content\/uploads\/2025\/10\/palette-couleur-deco-vert-gen-Z-4-260x390.png 260w, https:\/\/www.cocondedecoration.com\/blog\/wp-content\/uploads\/2025\/10\/palette-couleur-deco-vert-gen-Z-4-768x1152.png 768w, https:\/\/www.cocondedecoration.com\/blog\/wp-content\/uploads\/2025\/10\/palette-couleur-deco-vert-gen-Z-4-367x550.png 367w, https:\/\/www.cocondedecoration.com\/blog\/wp-content\/uploads\/2025\/10\/palette-couleur-deco-vert-gen-Z-4-333x500.png 333w, https:\/\/www.cocondedecoration.com\/blog\/wp-content\/uploads\/2025\/10\/palette-couleur-deco-vert-gen-Z-4.png 1000w\" sizes=\"(max-width: 640px) 100vw, 640px\" \/><\/a><\/figure>\n<\/div>\n\n\n\n<div class=\"wp-block-cb-slide\">\n<figure class=\"wp-block-image size-large\"><a href=\"https:\/\/www.cocondedecoration.com\/blog\/wp-content\/uploads\/2025\/10\/deco-couleur-green-gen-Z.004.jpeg\"><img loading=\"lazy\" decoding=\"async\" width=\"640\" height=\"960\" src=\"https:\/\/www.cocondedecoration.com\/blog\/wp-content\/uploads\/2025\/10\/deco-couleur-green-gen-Z.004-640x960.jpeg\" alt=\"d\u00e9coration couleur Green Gen Z table basse ronde salon s\u00e9jour pastel canap\u00e9 d'angle original mur rose \" class=\"wp-image-85404\" title=\"d\u00e9coration couleur Green Gen Z table basse ronde salon s\u00e9jour pastel canap\u00e9 d'angle original mur rose \" srcset=\"https:\/\/www.cocondedecoration.com\/blog\/wp-content\/uploads\/2025\/10\/deco-couleur-green-gen-Z.004-640x960.jpeg 640w, https:\/\/www.cocondedecoration.com\/blog\/wp-content\/uploads\/2025\/10\/deco-couleur-green-gen-Z.004-260x390.jpeg 260w, https:\/\/www.cocondedecoration.com\/blog\/wp-content\/uploads\/2025\/10\/deco-couleur-green-gen-Z.004-768x1152.jpeg 768w, https:\/\/www.cocondedecoration.com\/blog\/wp-content\/uploads\/2025\/10\/deco-couleur-green-gen-Z.004-367x550.jpeg 367w, https:\/\/www.cocondedecoration.com\/blog\/wp-content\/uploads\/2025\/10\/deco-couleur-green-gen-Z.004-333x500.jpeg 333w, https:\/\/www.cocondedecoration.com\/blog\/wp-content\/uploads\/2025\/10\/deco-couleur-green-gen-Z.004.jpeg 1000w\" sizes=\"(max-width: 640px) 100vw, 640px\" \/><\/a><figcaption class=\"wp-element-caption\">suchevalier via Pinterest<\/figcaption><\/figure>\n<\/div>\n<\/div>\n<\/div>\n<\/div>\n\n\n\n<div class=\"wp-block-columns is-layout-flex wp-container-core-columns-layout-6 wp-block-columns-is-layout-flex\">\n<div class=\"wp-block-column is-layout-flow wp-block-column-is-layout-flow\">\n<h2 class=\"wp-block-heading\">Le retour de la cuisine vert citron? <\/h2>\n\n\n\n<p>En mode comme en d\u00e9co, il y a des choses d'une \u00e9poque \/ d'une g\u00e9n\u00e9ration qui reviennent plusieurs d\u00e9cennies plus tard. Quand j'\u00e9tais ado, j'aimais porter des pantalons patte d'\u00e9l\u00e9phant qui appartenaient \u00e0 la jeunesse de mes parents. En d\u00e9coration, les \"revival\" sont assez courant \u00e9galement. Et avec la couleur Vert Gen Z, on peut se demander si cela va signer le retour de la cuisine vert citron qu'on a bien connu dans la premi\u00e8re partie des ann\u00e9es 2000. <\/p>\n\n\n\n<p>A lire aussi: <a href=\"https:\/\/www.cocondedecoration.com\/blog\/2025\/01\/deco-des-annees-2000\/\" target=\"_blank\" rel=\"noopener\" title=\"\">Retour de la d\u00e9co des ann\u00e9es 2000 \u2013 est-ce une bonne chose?<\/a><\/p>\n\n\n\n<p>Dans cet exemple de cuisine, on a un espace lumineux et joyeux. L'aspect lumineux vient du fait qu'il y a plusieurs ouvertures vitr\u00e9es sur l'ext\u00e9rieur mais aussi du blanc des murs (peinture et <a href=\"https:\/\/www.cocondedecoration.com\/blog\/2025\/02\/credence-cuisine-moderne\/\" target=\"_blank\" rel=\"noopener\" title=\"\">cr\u00e9dence<\/a> en carrelage m\u00e9tro). Le plan de travail est \u00e9galement teint\u00e9 de blanc, un blanc marbr\u00e9. <\/p>\n\n\n\n<p>L'effet peps de la cuisine ne tient pas uniquement au vert des fa\u00e7ades de meubles. Il y a aussi les petits accessoires d\u00e9coratifs en jaune et en orange qui accentuent l'esprit vitamin\u00e9 de l'espace. <\/p>\n<\/div>\n\n\n\n<div class=\"wp-block-column is-layout-flow wp-block-column-is-layout-flow\">\n<div class=\"wp-block-cb-carousel cb-single-slide\" data-slick=\"{&quot;slidesToShow&quot;:1,&quot;slidesToScroll&quot;:1,&quot;speed&quot;:300,&quot;arrows&quot;:true,&quot;dots&quot;:false,&quot;autoplay&quot;:false,&quot;autoplaySpeed&quot;:3000,&quot;infinite&quot;:true,&quot;responsive&quot;:[{&quot;breakpoint&quot;:769,&quot;settings&quot;:{&quot;slidesToShow&quot;:1,&quot;slidesToScroll&quot;:1}}]}\">\n<div class=\"wp-block-cb-slide\">\n<figure class=\"wp-block-image size-large\"><a href=\"https:\/\/www.cocondedecoration.com\/blog\/wp-content\/uploads\/2025\/10\/palette-couleur-deco-vert-gen-Z-5.png\"><img loading=\"lazy\" decoding=\"async\" width=\"640\" height=\"960\" src=\"https:\/\/www.cocondedecoration.com\/blog\/wp-content\/uploads\/2025\/10\/palette-couleur-deco-vert-gen-Z-5-640x960.png\" alt=\"palette d\u00e9co couleur vert Gen Z cuisine lumineuse mur blanc carrelage m\u00e9tro meuble vert vitamin\u00e9 touche de jaune et orange \" class=\"wp-image-85393\" title=\"palette d\u00e9co couleur vert Gen Z cuisine lumineuse mur blanc carrelage m\u00e9tro meuble vert vitamin\u00e9 touche de jaune et orange \" srcset=\"https:\/\/www.cocondedecoration.com\/blog\/wp-content\/uploads\/2025\/10\/palette-couleur-deco-vert-gen-Z-5-640x960.png 640w, https:\/\/www.cocondedecoration.com\/blog\/wp-content\/uploads\/2025\/10\/palette-couleur-deco-vert-gen-Z-5-260x390.png 260w, https:\/\/www.cocondedecoration.com\/blog\/wp-content\/uploads\/2025\/10\/palette-couleur-deco-vert-gen-Z-5-768x1152.png 768w, https:\/\/www.cocondedecoration.com\/blog\/wp-content\/uploads\/2025\/10\/palette-couleur-deco-vert-gen-Z-5-367x550.png 367w, https:\/\/www.cocondedecoration.com\/blog\/wp-content\/uploads\/2025\/10\/palette-couleur-deco-vert-gen-Z-5-333x500.png 333w, https:\/\/www.cocondedecoration.com\/blog\/wp-content\/uploads\/2025\/10\/palette-couleur-deco-vert-gen-Z-5.png 1000w\" sizes=\"(max-width: 640px) 100vw, 640px\" \/><\/a><\/figure>\n<\/div>\n\n\n\n<div class=\"wp-block-cb-slide\">\n<figure class=\"wp-block-image size-large\"><a href=\"https:\/\/www.cocondedecoration.com\/blog\/wp-content\/uploads\/2025\/10\/deco-couleur-green-gen-Z.005.jpeg\"><img loading=\"lazy\" decoding=\"async\" width=\"640\" height=\"960\" src=\"https:\/\/www.cocondedecoration.com\/blog\/wp-content\/uploads\/2025\/10\/deco-couleur-green-gen-Z.005-640x960.jpeg\" alt=\"d\u00e9coration couleur Green Gen Z cuisine vitamin\u00e9e meuble color\u00e9 mur blanc espace lumineux touche de jaune et de orange \" class=\"wp-image-85405\" title=\"d\u00e9coration couleur Green Gen Z cuisine vitamin\u00e9e meuble color\u00e9 mur blanc espace lumineux touche de jaune et de orange \" srcset=\"https:\/\/www.cocondedecoration.com\/blog\/wp-content\/uploads\/2025\/10\/deco-couleur-green-gen-Z.005-640x960.jpeg 640w, https:\/\/www.cocondedecoration.com\/blog\/wp-content\/uploads\/2025\/10\/deco-couleur-green-gen-Z.005-260x390.jpeg 260w, https:\/\/www.cocondedecoration.com\/blog\/wp-content\/uploads\/2025\/10\/deco-couleur-green-gen-Z.005-768x1152.jpeg 768w, https:\/\/www.cocondedecoration.com\/blog\/wp-content\/uploads\/2025\/10\/deco-couleur-green-gen-Z.005-367x550.jpeg 367w, https:\/\/www.cocondedecoration.com\/blog\/wp-content\/uploads\/2025\/10\/deco-couleur-green-gen-Z.005-333x500.jpeg 333w, https:\/\/www.cocondedecoration.com\/blog\/wp-content\/uploads\/2025\/10\/deco-couleur-green-gen-Z.005.jpeg 1000w\" sizes=\"(max-width: 640px) 100vw, 640px\" \/><\/a><figcaption class=\"wp-element-caption\">rerooms.ru\/<\/figcaption><\/figure>\n<\/div>\n<\/div>\n<\/div>\n<\/div>\n\n\n\n<div class=\"wp-block-columns is-layout-flex wp-container-core-columns-layout-7 wp-block-columns-is-layout-flex\">\n<div class=\"wp-block-column is-layout-flow wp-block-column-is-layout-flow\">\n<h2 class=\"wp-block-heading\">Apporter de l'\u00e9clat dans un salon sombre avec un canap\u00e9 vert Gen Z <\/h2>\n\n\n\n<p>Les couleurs sourdes ont \u00e9t\u00e9 tendance il y a quelques ann\u00e9es et il est possible que vous ayez succomb\u00e9 \u00e0 cette tendance pour d\u00e9corer le salon. L'un des points importants pour r\u00e9ussir une d\u00e9co sourde, c'est le contraste cr\u00e9\u00e9 avec la lumi\u00e8re. Cela vous \u00e9vite de cr\u00e9er un effet placard \/ cercueil pas tr\u00e8s agr\u00e9able \u00e0 vivre. Et le Green Gen Z peut vous aider \u00e0 cr\u00e9er cet \u00e9quilibre lumineux. <\/p>\n\n\n\n<p>Dans ce 6<sup>\u00e8me<\/sup> exemple, le vert Gen Z se trouve uniquement gr\u00e2ce au <a href=\"https:\/\/www.cocondedecoration.com\/blog\/category\/deco-piece-par-piece\/deco-salon\/canape\/\" target=\"_blank\" rel=\"noopener\" title=\"\">canap\u00e9<\/a>. Il tranche avec le mur bleu nuit contre lequel il est pos\u00e9. Entre la couleur, son \u00e9clat et le contraste, le canap\u00e9 cr\u00e9e un point focal dans la pi\u00e8ce \u00e0 vivre. Il a une place singuli\u00e8re. <\/p>\n\n\n\n<p>Le reste de la d\u00e9coration quant \u00e0 elle est dans un cama\u00efeux de couleurs sourdes: du noir, <a href=\"https:\/\/www.cocondedecoration.com\/blog\/2025\/07\/association-couleur-bleu-canard\/\" target=\"_blank\" rel=\"noopener\" title=\"\">du bleu canard<\/a>, du bleu marine. <\/p>\n\n\n\n<p>Faites le plein d'id\u00e9es pour votre salon: <a href=\"https:\/\/www.cocondedecoration.com\/blog\/2024\/09\/100-salons-deco-moderne\/\" target=\"_blank\" rel=\"noopener\" title=\"\">100 salons modernes pour une d\u00e9co qui vous ressemble<\/a><\/p>\n<\/div>\n\n\n\n<div class=\"wp-block-column is-layout-flow wp-block-column-is-layout-flow\">\n<div class=\"wp-block-cb-carousel cb-single-slide\" data-slick=\"{&quot;slidesToShow&quot;:1,&quot;slidesToScroll&quot;:1,&quot;speed&quot;:300,&quot;arrows&quot;:true,&quot;dots&quot;:false,&quot;autoplay&quot;:false,&quot;autoplaySpeed&quot;:3000,&quot;infinite&quot;:true,&quot;responsive&quot;:[{&quot;breakpoint&quot;:769,&quot;settings&quot;:{&quot;slidesToShow&quot;:1,&quot;slidesToScroll&quot;:1}}]}\">\n<div class=\"wp-block-cb-slide\">\n<figure class=\"wp-block-image size-large\"><a href=\"https:\/\/www.cocondedecoration.com\/blog\/wp-content\/uploads\/2025\/10\/palette-couleur-deco-vert-gen-Z-6.png\"><img loading=\"lazy\" decoding=\"async\" width=\"640\" height=\"960\" src=\"https:\/\/www.cocondedecoration.com\/blog\/wp-content\/uploads\/2025\/10\/palette-couleur-deco-vert-gen-Z-6-640x960.png\" alt=\"palette d\u00e9co couleur vert Gen Z salon \u00e9l\u00e9gant bleu marine sourd touche lumineuse canap\u00e9 color\u00e9 contraste chic \" class=\"wp-image-85394\" title=\"palette d\u00e9co couleur vert Gen Z salon \u00e9l\u00e9gant bleu marine sourd touche lumineuse canap\u00e9 color\u00e9 contraste chic \" srcset=\"https:\/\/www.cocondedecoration.com\/blog\/wp-content\/uploads\/2025\/10\/palette-couleur-deco-vert-gen-Z-6-640x960.png 640w, https:\/\/www.cocondedecoration.com\/blog\/wp-content\/uploads\/2025\/10\/palette-couleur-deco-vert-gen-Z-6-260x390.png 260w, https:\/\/www.cocondedecoration.com\/blog\/wp-content\/uploads\/2025\/10\/palette-couleur-deco-vert-gen-Z-6-768x1152.png 768w, https:\/\/www.cocondedecoration.com\/blog\/wp-content\/uploads\/2025\/10\/palette-couleur-deco-vert-gen-Z-6-367x550.png 367w, https:\/\/www.cocondedecoration.com\/blog\/wp-content\/uploads\/2025\/10\/palette-couleur-deco-vert-gen-Z-6-333x500.png 333w, https:\/\/www.cocondedecoration.com\/blog\/wp-content\/uploads\/2025\/10\/palette-couleur-deco-vert-gen-Z-6.png 1000w\" sizes=\"(max-width: 640px) 100vw, 640px\" \/><\/a><\/figure>\n<\/div>\n\n\n\n<div class=\"wp-block-cb-slide\">\n<figure class=\"wp-block-image size-large\"><a href=\"https:\/\/www.cocondedecoration.com\/blog\/wp-content\/uploads\/2025\/10\/deco-couleur-green-gen-Z.006.jpeg\"><img loading=\"lazy\" decoding=\"async\" width=\"640\" height=\"960\" src=\"https:\/\/www.cocondedecoration.com\/blog\/wp-content\/uploads\/2025\/10\/deco-couleur-green-gen-Z.006-640x960.jpeg\" alt=\"d\u00e9coration couleur Green Gen Z salon canap\u00e9 vert lumineux contre mur bleu roi sombre d\u00e9cor chic et \u00e9l\u00e9gant \" class=\"wp-image-85406\" title=\"d\u00e9coration couleur Green Gen Z salon canap\u00e9 vert lumineux contre mur bleu roi sombre d\u00e9cor chic et \u00e9l\u00e9gant \" srcset=\"https:\/\/www.cocondedecoration.com\/blog\/wp-content\/uploads\/2025\/10\/deco-couleur-green-gen-Z.006-640x960.jpeg 640w, https:\/\/www.cocondedecoration.com\/blog\/wp-content\/uploads\/2025\/10\/deco-couleur-green-gen-Z.006-260x390.jpeg 260w, https:\/\/www.cocondedecoration.com\/blog\/wp-content\/uploads\/2025\/10\/deco-couleur-green-gen-Z.006-768x1152.jpeg 768w, https:\/\/www.cocondedecoration.com\/blog\/wp-content\/uploads\/2025\/10\/deco-couleur-green-gen-Z.006-367x550.jpeg 367w, https:\/\/www.cocondedecoration.com\/blog\/wp-content\/uploads\/2025\/10\/deco-couleur-green-gen-Z.006-333x500.jpeg 333w, https:\/\/www.cocondedecoration.com\/blog\/wp-content\/uploads\/2025\/10\/deco-couleur-green-gen-Z.006.jpeg 1000w\" sizes=\"(max-width: 640px) 100vw, 640px\" \/><\/a><figcaption class=\"wp-element-caption\">stallionzo.com<\/figcaption><\/figure>\n<\/div>\n<\/div>\n<\/div>\n<\/div>\n\n\n\n<div class=\"wp-block-columns is-layout-flex wp-container-core-columns-layout-8 wp-block-columns-is-layout-flex\">\n<div class=\"wp-block-column is-layout-flow wp-block-column-is-layout-flow\">\n<h2 class=\"wp-block-heading\">Pi\u00e8ce de vie lumineuse et naturelle avec un Vert Gen Z <\/h2>\n\n\n\n<p>Au d\u00e9but de cet article, dans la d\u00e9finition du Green Gen Z, je vous expliquais que cette nuance de vert \u00e9tait associ\u00e9e \u00e0 la nature. Le vert - peu importe sa nuance - peut faire penser \u00e0 la nature. Personnellement, j'aime les ambiances naturelles. Je les trouve intemporelles et apaisantes. C'est une mani\u00e8re de profiter des bienfaits de la nature dans un quotidien o\u00f9 on n'a pas toujours la possibilit\u00e9 de se promener en ext\u00e9rieur. <\/p>\n\n\n\n<p>Le vert Gen Z est une nouvelle mani\u00e8re de cr\u00e9er une d\u00e9co nature dans le salon. Une forme peut-\u00eatre plus \u00e9nergique qu'un vert sauge ou un vert kaki. La aussi, c'est le canap\u00e9 qui fait entrer la couleur verte dans l'espace de vie. Il est associ\u00e9 \u00e0 d'autres couleurs que l'on trouve dans la nature: du jaune, <a href=\"https:\/\/www.cocondedecoration.com\/blog\/2024\/12\/meuble-decoration-couleur-bleu\/\" target=\"_blank\" rel=\"noopener\" title=\"\">du bleu<\/a> notamment gr\u00e2ce aux textiles d\u00e9co (plaid et coussins). <\/p>\n\n\n\n<p>Ceci peut vous int\u00e9resser: <a href=\"https:\/\/www.cocondedecoration.com\/blog\/2020\/09\/idee-deco-salon-style-nature-chic\/\" target=\"_blank\" rel=\"noopener\" title=\"\">Un salon dans le style nature chic<\/a><\/p>\n<\/div>\n\n\n\n<div class=\"wp-block-column is-layout-flow wp-block-column-is-layout-flow\">\n<div class=\"wp-block-cb-carousel cb-single-slide\" data-slick=\"{&quot;slidesToShow&quot;:1,&quot;slidesToScroll&quot;:1,&quot;speed&quot;:300,&quot;arrows&quot;:true,&quot;dots&quot;:false,&quot;autoplay&quot;:false,&quot;autoplaySpeed&quot;:3000,&quot;infinite&quot;:true,&quot;responsive&quot;:[{&quot;breakpoint&quot;:769,&quot;settings&quot;:{&quot;slidesToShow&quot;:1,&quot;slidesToScroll&quot;:1}}]}\">\n<div class=\"wp-block-cb-slide\">\n<figure class=\"wp-block-image size-large\"><a href=\"https:\/\/www.cocondedecoration.com\/blog\/wp-content\/uploads\/2025\/10\/palette-couleur-deco-vert-gen-Z-7.png\"><img loading=\"lazy\" decoding=\"async\" width=\"640\" height=\"960\" src=\"https:\/\/www.cocondedecoration.com\/blog\/wp-content\/uploads\/2025\/10\/palette-couleur-deco-vert-gen-Z-7-640x960.png\" alt=\"palette d\u00e9co couleur vert Gen Z salon mur blanc canap\u00e9 vert accessoire bleu paon bleu ciel plaid jaune \" class=\"wp-image-85395\" title=\"palette d\u00e9co couleur vert Gen Z salon mur blanc canap\u00e9 vert accessoire bleu paon bleu ciel plaid jaune \" srcset=\"https:\/\/www.cocondedecoration.com\/blog\/wp-content\/uploads\/2025\/10\/palette-couleur-deco-vert-gen-Z-7-640x960.png 640w, https:\/\/www.cocondedecoration.com\/blog\/wp-content\/uploads\/2025\/10\/palette-couleur-deco-vert-gen-Z-7-260x390.png 260w, https:\/\/www.cocondedecoration.com\/blog\/wp-content\/uploads\/2025\/10\/palette-couleur-deco-vert-gen-Z-7-768x1152.png 768w, https:\/\/www.cocondedecoration.com\/blog\/wp-content\/uploads\/2025\/10\/palette-couleur-deco-vert-gen-Z-7-367x550.png 367w, https:\/\/www.cocondedecoration.com\/blog\/wp-content\/uploads\/2025\/10\/palette-couleur-deco-vert-gen-Z-7-333x500.png 333w, https:\/\/www.cocondedecoration.com\/blog\/wp-content\/uploads\/2025\/10\/palette-couleur-deco-vert-gen-Z-7.png 1000w\" sizes=\"(max-width: 640px) 100vw, 640px\" \/><\/a><\/figure>\n<\/div>\n\n\n\n<div class=\"wp-block-cb-slide\">\n<figure class=\"wp-block-image size-large\"><a href=\"https:\/\/www.cocondedecoration.com\/blog\/wp-content\/uploads\/2025\/10\/deco-couleur-green-gen-Z.007.jpeg\"><img loading=\"lazy\" decoding=\"async\" width=\"640\" height=\"960\" src=\"https:\/\/www.cocondedecoration.com\/blog\/wp-content\/uploads\/2025\/10\/deco-couleur-green-gen-Z.007-640x960.jpeg\" alt=\"d\u00e9coration couleur Green Gen Z salon s\u00e9jour canap\u00e9 color\u00e9 vert accessoires textiles bleu jaune ambiance moderne et familiale \" class=\"wp-image-85407\" title=\"d\u00e9coration couleur Green Gen Z salon s\u00e9jour canap\u00e9 color\u00e9 vert accessoires textiles bleu jaune ambiance moderne et familiale \" srcset=\"https:\/\/www.cocondedecoration.com\/blog\/wp-content\/uploads\/2025\/10\/deco-couleur-green-gen-Z.007-640x960.jpeg 640w, https:\/\/www.cocondedecoration.com\/blog\/wp-content\/uploads\/2025\/10\/deco-couleur-green-gen-Z.007-260x390.jpeg 260w, https:\/\/www.cocondedecoration.com\/blog\/wp-content\/uploads\/2025\/10\/deco-couleur-green-gen-Z.007-768x1152.jpeg 768w, https:\/\/www.cocondedecoration.com\/blog\/wp-content\/uploads\/2025\/10\/deco-couleur-green-gen-Z.007-367x550.jpeg 367w, https:\/\/www.cocondedecoration.com\/blog\/wp-content\/uploads\/2025\/10\/deco-couleur-green-gen-Z.007-333x500.jpeg 333w, https:\/\/www.cocondedecoration.com\/blog\/wp-content\/uploads\/2025\/10\/deco-couleur-green-gen-Z.007.jpeg 1000w\" sizes=\"(max-width: 640px) 100vw, 640px\" \/><\/a><figcaption class=\"wp-element-caption\">ittlebigbell.com<\/figcaption><\/figure>\n<\/div>\n<\/div>\n<\/div>\n<\/div>\n\n\n\n<div class=\"wp-block-columns is-layout-flex wp-container-core-columns-layout-9 wp-block-columns-is-layout-flex\">\n<div class=\"wp-block-column is-layout-flow wp-block-column-is-layout-flow\">\n<h2 class=\"wp-block-heading\">Cama\u00efeu de vert dans la chambre adulte <\/h2>\n\n\n\n<p>Plus haut dans cet article, il a \u00e9t\u00e9 question des couleurs compl\u00e9mentaires ou encore des couleurs sourdes, j'ai donc \u00e9voqu\u00e9 la question du contraste. Le contraste est un proc\u00e9d\u00e9 d\u00e9coratif au m\u00eame titre que le cama\u00efeu. Ce dernier consiste \u00e0 prendre plusieurs couleurs proches l'une de l'autre dans le cercle chromatique ou un nuancier pour d\u00e9corer. Ici, c'est un cama\u00efeu de verts: <\/p>\n\n\n\n<ul>\n<li>Green Gen Z <\/li>\n\n\n\n<li>vert sapin <\/li>\n\n\n\n<li><a href=\"https:\/\/www.cocondedecoration.com\/blog\/2022\/10\/interieur-couleur-vert-kaki\/\" target=\"_blank\" rel=\"noopener\" title=\"\">Kaki<\/a> <\/li>\n\n\n\n<li>vert sauge clair <\/li>\n<\/ul>\n\n\n\n<p>Et en plus, on ajoute plusieurs <a href=\"https:\/\/www.cocondedecoration.com\/blog\/2019\/01\/conseils-deco-les-bienfaits-des-plantes-dans-votre-interieur\/\" target=\"_blank\" rel=\"noopener\" title=\"\">plantes d'int\u00e9rieur<\/a> qui compl\u00e8tent l'\u00e9ventail de nuances de vert dans la chambre. <\/p>\n\n\n\n<p>Le cama\u00efeu est un choix audacieux mais quand on aime, on ne compte pas! Plus s\u00e9rieusement, si vous aimez le vert passionn\u00e9ment, c'est une solution d\u00e9corative qui s'offre \u00e0 vous. <\/p>\n<\/div>\n\n\n\n<div class=\"wp-block-column is-layout-flow wp-block-column-is-layout-flow\">\n<div class=\"wp-block-cb-carousel cb-single-slide\" data-slick=\"{&quot;slidesToShow&quot;:1,&quot;slidesToScroll&quot;:1,&quot;speed&quot;:300,&quot;arrows&quot;:true,&quot;dots&quot;:false,&quot;autoplay&quot;:false,&quot;autoplaySpeed&quot;:3000,&quot;infinite&quot;:true,&quot;responsive&quot;:[{&quot;breakpoint&quot;:769,&quot;settings&quot;:{&quot;slidesToShow&quot;:1,&quot;slidesToScroll&quot;:1}}]}\">\n<div class=\"wp-block-cb-slide\">\n<figure class=\"wp-block-image size-large\"><a href=\"https:\/\/www.cocondedecoration.com\/blog\/wp-content\/uploads\/2025\/10\/palette-couleur-deco-vert-gen-Z-8.png\"><img loading=\"lazy\" decoding=\"async\" width=\"640\" height=\"960\" src=\"https:\/\/www.cocondedecoration.com\/blog\/wp-content\/uploads\/2025\/10\/palette-couleur-deco-vert-gen-Z-8-640x960.png\" alt=\"palette d\u00e9co couleur vert Gen Z chambre cama\u00efeu color\u00e9 mur linge de lit plante vert sapin \" class=\"wp-image-85396\" title=\"palette d\u00e9co couleur vert Gen Z chambre cama\u00efeu color\u00e9 mur linge de lit plante vert sapin \" srcset=\"https:\/\/www.cocondedecoration.com\/blog\/wp-content\/uploads\/2025\/10\/palette-couleur-deco-vert-gen-Z-8-640x960.png 640w, https:\/\/www.cocondedecoration.com\/blog\/wp-content\/uploads\/2025\/10\/palette-couleur-deco-vert-gen-Z-8-260x390.png 260w, https:\/\/www.cocondedecoration.com\/blog\/wp-content\/uploads\/2025\/10\/palette-couleur-deco-vert-gen-Z-8-768x1152.png 768w, https:\/\/www.cocondedecoration.com\/blog\/wp-content\/uploads\/2025\/10\/palette-couleur-deco-vert-gen-Z-8-367x550.png 367w, https:\/\/www.cocondedecoration.com\/blog\/wp-content\/uploads\/2025\/10\/palette-couleur-deco-vert-gen-Z-8-333x500.png 333w, https:\/\/www.cocondedecoration.com\/blog\/wp-content\/uploads\/2025\/10\/palette-couleur-deco-vert-gen-Z-8.png 1000w\" sizes=\"(max-width: 640px) 100vw, 640px\" \/><\/a><\/figure>\n<\/div>\n\n\n\n<div class=\"wp-block-cb-slide\">\n<figure class=\"wp-block-image size-large\"><a href=\"https:\/\/www.cocondedecoration.com\/blog\/wp-content\/uploads\/2025\/10\/deco-couleur-green-gen-Z.008.jpeg\"><img loading=\"lazy\" decoding=\"async\" width=\"640\" height=\"960\" src=\"https:\/\/www.cocondedecoration.com\/blog\/wp-content\/uploads\/2025\/10\/deco-couleur-green-gen-Z.008-640x960.jpeg\" alt=\"d\u00e9coration couleur Green Gen Z chambre adulte cama\u00efeu de vert peinture murale parure de lit plantes d'int\u00e9rieur \" class=\"wp-image-85408\" title=\"d\u00e9coration couleur Green Gen Z chambre adulte cama\u00efeu de vert peinture murale parure de lit plantes d'int\u00e9rieur \" srcset=\"https:\/\/www.cocondedecoration.com\/blog\/wp-content\/uploads\/2025\/10\/deco-couleur-green-gen-Z.008-640x960.jpeg 640w, https:\/\/www.cocondedecoration.com\/blog\/wp-content\/uploads\/2025\/10\/deco-couleur-green-gen-Z.008-260x390.jpeg 260w, https:\/\/www.cocondedecoration.com\/blog\/wp-content\/uploads\/2025\/10\/deco-couleur-green-gen-Z.008-768x1152.jpeg 768w, https:\/\/www.cocondedecoration.com\/blog\/wp-content\/uploads\/2025\/10\/deco-couleur-green-gen-Z.008-367x550.jpeg 367w, https:\/\/www.cocondedecoration.com\/blog\/wp-content\/uploads\/2025\/10\/deco-couleur-green-gen-Z.008-333x500.jpeg 333w, https:\/\/www.cocondedecoration.com\/blog\/wp-content\/uploads\/2025\/10\/deco-couleur-green-gen-Z.008.jpeg 1000w\" sizes=\"(max-width: 640px) 100vw, 640px\" \/><\/a><figcaption class=\"wp-element-caption\">stallionzo.com<\/figcaption><\/figure>\n<\/div>\n<\/div>\n<\/div>\n<\/div>\n\n\n\n<div class=\"wp-block-columns is-layout-flex wp-container-core-columns-layout-10 wp-block-columns-is-layout-flex\">\n<div class=\"wp-block-column is-layout-flow wp-block-column-is-layout-flow\">\n<h2 class=\"wp-block-heading\">Une petite cuisine au look r\u00e9tro et maximalisme color\u00e9 <\/h2>\n\n\n\n<p>Qu'es-ce que l'audace en d\u00e9coration? On pourrait croire que c'est un sujet de dissertation. Mais \u00e7a vaut le coup de se poser la question, surtout si vous cherchez des id\u00e9es d\u00e9co originales pour votre int\u00e9rieur. <\/p>\n\n\n\n<p>Avec cet \u00e9ni\u00e8me exemple, on a des \u00e9l\u00e9ments de r\u00e9ponse. L'audace peut passer par le fait d'oser la couleur vive dans un petit espace alors qu'il est souvent conseill\u00e9 d'utiliser des couleurs neutres et claires. C'est aussi des associations de couleurs qui sortent de l'ordinaire: du rose, du bleu, du jaune, du vert. <\/p>\n\n\n\n<p><a href=\"https:\/\/www.cocondedecoration.com\/blog\/2024\/05\/decoration-style-maximaliste\/\" target=\"_blank\" rel=\"noopener\" title=\"\">Faire preuve de maximalisme<\/a> m\u00eame quand on a une toute petite pi\u00e8ce avec de nombreux meuble, c'est une forme d'audace. On ajoute \u00e0 cela des motifs au sol et sur la cr\u00e9dence - motifs d\u00e9pareill\u00e9s tant qu'\u00e0 faire. Au final, c'est un univers totalement diff\u00e9rent de la premi\u00e8re cuisine que je vous ai pr\u00e9sent\u00e9e plus haut dans cet article. <\/p>\n\n\n\n<p>Ceci peut vous int\u00e9resser: <a href=\"https:\/\/www.cocondedecoration.com\/blog\/2025\/10\/amenagement-cuisine-m2\/\" target=\"_blank\" rel=\"noopener\" title=\"\">Cuisine ferm\u00e9e ou ouverte: quelle est la surface id\u00e9ale?<\/a><\/p>\n<\/div>\n\n\n\n<div class=\"wp-block-column is-layout-flow wp-block-column-is-layout-flow\">\n<div class=\"wp-block-cb-carousel cb-single-slide\" data-slick=\"{&quot;slidesToShow&quot;:1,&quot;slidesToScroll&quot;:1,&quot;speed&quot;:300,&quot;arrows&quot;:true,&quot;dots&quot;:false,&quot;autoplay&quot;:false,&quot;autoplaySpeed&quot;:3000,&quot;infinite&quot;:true,&quot;responsive&quot;:[{&quot;breakpoint&quot;:769,&quot;settings&quot;:{&quot;slidesToShow&quot;:1,&quot;slidesToScroll&quot;:1}}]}\">\n<div class=\"wp-block-cb-slide\">\n<figure class=\"wp-block-image size-large\"><a href=\"https:\/\/www.cocondedecoration.com\/blog\/wp-content\/uploads\/2025\/10\/palette-couleur-deco-vert-gen-Z-9.png\"><img loading=\"lazy\" decoding=\"async\" width=\"640\" height=\"960\" src=\"https:\/\/www.cocondedecoration.com\/blog\/wp-content\/uploads\/2025\/10\/palette-couleur-deco-vert-gen-Z-9-640x960.png\" alt=\"palette d\u00e9co couleur vert Gen Z cuisine color\u00e9 verte et rose petit espace original touche de jaune et de bleu color bloc \" class=\"wp-image-85397\" title=\"palette d\u00e9co couleur vert Gen Z cuisine color\u00e9 verte et rose petit espace original touche de jaune et de bleu color bloc \" srcset=\"https:\/\/www.cocondedecoration.com\/blog\/wp-content\/uploads\/2025\/10\/palette-couleur-deco-vert-gen-Z-9-640x960.png 640w, https:\/\/www.cocondedecoration.com\/blog\/wp-content\/uploads\/2025\/10\/palette-couleur-deco-vert-gen-Z-9-260x390.png 260w, https:\/\/www.cocondedecoration.com\/blog\/wp-content\/uploads\/2025\/10\/palette-couleur-deco-vert-gen-Z-9-768x1152.png 768w, https:\/\/www.cocondedecoration.com\/blog\/wp-content\/uploads\/2025\/10\/palette-couleur-deco-vert-gen-Z-9-367x550.png 367w, https:\/\/www.cocondedecoration.com\/blog\/wp-content\/uploads\/2025\/10\/palette-couleur-deco-vert-gen-Z-9-333x500.png 333w, https:\/\/www.cocondedecoration.com\/blog\/wp-content\/uploads\/2025\/10\/palette-couleur-deco-vert-gen-Z-9.png 1000w\" sizes=\"(max-width: 640px) 100vw, 640px\" \/><\/a><\/figure>\n<\/div>\n\n\n\n<div class=\"wp-block-cb-slide\">\n<figure class=\"wp-block-image size-large\"><a href=\"https:\/\/www.cocondedecoration.com\/blog\/wp-content\/uploads\/2025\/10\/deco-couleur-green-gen-Z.009.jpeg\"><img loading=\"lazy\" decoding=\"async\" width=\"640\" height=\"960\" src=\"https:\/\/www.cocondedecoration.com\/blog\/wp-content\/uploads\/2025\/10\/deco-couleur-green-gen-Z.009-640x960.jpeg\" alt=\"d\u00e9coration couleur Green Gen Z petite cuisine originale meuble vert frigo rose cuisini\u00e8re bleue sol vintage \" class=\"wp-image-85409\" title=\"d\u00e9coration couleur Green Gen Z petite cuisine originale meuble vert frigo rose cuisini\u00e8re bleue sol vintage \" srcset=\"https:\/\/www.cocondedecoration.com\/blog\/wp-content\/uploads\/2025\/10\/deco-couleur-green-gen-Z.009-640x960.jpeg 640w, https:\/\/www.cocondedecoration.com\/blog\/wp-content\/uploads\/2025\/10\/deco-couleur-green-gen-Z.009-260x390.jpeg 260w, https:\/\/www.cocondedecoration.com\/blog\/wp-content\/uploads\/2025\/10\/deco-couleur-green-gen-Z.009-768x1152.jpeg 768w, https:\/\/www.cocondedecoration.com\/blog\/wp-content\/uploads\/2025\/10\/deco-couleur-green-gen-Z.009-367x550.jpeg 367w, https:\/\/www.cocondedecoration.com\/blog\/wp-content\/uploads\/2025\/10\/deco-couleur-green-gen-Z.009-333x500.jpeg 333w, https:\/\/www.cocondedecoration.com\/blog\/wp-content\/uploads\/2025\/10\/deco-couleur-green-gen-Z.009.jpeg 1000w\" sizes=\"(max-width: 640px) 100vw, 640px\" \/><\/a><figcaption class=\"wp-element-caption\">vivedeco.es<\/figcaption><\/figure>\n<\/div>\n<\/div>\n<\/div>\n<\/div>\n\n\n\n<div class=\"wp-block-columns is-layout-flex wp-container-core-columns-layout-11 wp-block-columns-is-layout-flex\">\n<div class=\"wp-block-column is-layout-flow wp-block-column-is-layout-flow\">\n<h2 class=\"wp-block-heading\">Cr\u00e9er une chambre boh\u00e8me chaleureuse avec du Vert Gen Z <\/h2>\n\n\n\n<p>Cette inspiration fait partie de mes coups de coeur dans l'article... Et ce n'est pas peu dire parce qu'en g\u00e9n\u00e9ral, je ne suis pas une grande fan du style boh\u00e8me. <\/p>\n\n\n\n<p>Pourtant l\u00e0, la couleur me fait aimer cet univers. Le vert lime se trouve au mur, un peinture unie simple. Les autres couleurs de la pi\u00e8ces font elles aussi partie de la gamme des couleurs organiques: de l'ocre, du terracotta, de l'orange. Des couleurs chaleureuses, solaires mais pas trop. C'est parfait pour un univers comme la chambre d'adulte. Toujours dans l'id\u00e9e de chaleur, il y a le mobilier ou encore la d\u00e9co murale (notamment le macram\u00e9 ou <a href=\"https:\/\/www.cocondedecoration.com\/blog\/2023\/06\/loisirs-creatifs-tissage-moderne\/\" target=\"_blank\" rel=\"noopener\" title=\"\">le tissage moderne<\/a> fait \u00e0 la main). <\/p>\n\n\n\n<p>Gr\u00e2ce \u00e0 l'association de couleurs, au cannage ou encore \u00e0 la <a href=\"https:\/\/www.cocondedecoration.com\/blog\/2018\/06\/une-table-de-nuit-dans-la-chambre\/\" target=\"_blank\" rel=\"noopener\" title=\"\">table de chevet<\/a> mid century modern, cette chambre a une allure vintage chaleureuse. Et c'est b\u00eate, mais apr\u00e8s plusieurs ann\u00e9es \u00e0 vous avoir parl\u00e9 du <a href=\"https:\/\/www.cocondedecoration.com\/blog\/2020\/10\/couleur-vert-sauge-chambre\/\" target=\"_blank\" rel=\"noopener\" title=\"\">vert sauge dans la chambre<\/a>, je suis contente de voir une autre nuance de vert investir l'espace sommeil! <\/p>\n\n\n\n<p>A lire aussi: <a href=\"https:\/\/www.cocondedecoration.com\/blog\/2025\/09\/deco-interieure-orange-brulee\/\" target=\"_blank\" rel=\"noopener\" title=\"\">Moodboard d\u00e9co \u2013 Int\u00e9rieur chaleureux en orange br\u00fbl\u00e9e<\/a><\/p>\n<\/div>\n\n\n\n<div class=\"wp-block-column is-layout-flow wp-block-column-is-layout-flow\">\n<div class=\"wp-block-cb-carousel cb-single-slide\" data-slick=\"{&quot;slidesToShow&quot;:1,&quot;slidesToScroll&quot;:1,&quot;speed&quot;:300,&quot;arrows&quot;:true,&quot;dots&quot;:false,&quot;autoplay&quot;:false,&quot;autoplaySpeed&quot;:3000,&quot;infinite&quot;:true,&quot;responsive&quot;:[{&quot;breakpoint&quot;:769,&quot;settings&quot;:{&quot;slidesToShow&quot;:1,&quot;slidesToScroll&quot;:1}}]}\">\n<div class=\"wp-block-cb-slide\">\n<figure class=\"wp-block-image size-large\"><a href=\"https:\/\/www.cocondedecoration.com\/blog\/wp-content\/uploads\/2025\/10\/palette-couleur-deco-vert-gen-Z-10.png\"><img loading=\"lazy\" decoding=\"async\" width=\"640\" height=\"960\" src=\"https:\/\/www.cocondedecoration.com\/blog\/wp-content\/uploads\/2025\/10\/palette-couleur-deco-vert-gen-Z-10-640x960.png\" alt=\"palette d\u00e9co couleur vert Gen Z chambre parentale boh\u00e8me lit en cannage peinture mur color\u00e9 et accessoires textiles terracotta ambiance moderne \" class=\"wp-image-85398\" title=\"palette d\u00e9co couleur vert Gen Z chambre parentale boh\u00e8me lit en cannage peinture mur color\u00e9 et accessoires textiles terracotta ambiance moderne \" srcset=\"https:\/\/www.cocondedecoration.com\/blog\/wp-content\/uploads\/2025\/10\/palette-couleur-deco-vert-gen-Z-10-640x960.png 640w, https:\/\/www.cocondedecoration.com\/blog\/wp-content\/uploads\/2025\/10\/palette-couleur-deco-vert-gen-Z-10-260x390.png 260w, https:\/\/www.cocondedecoration.com\/blog\/wp-content\/uploads\/2025\/10\/palette-couleur-deco-vert-gen-Z-10-768x1152.png 768w, https:\/\/www.cocondedecoration.com\/blog\/wp-content\/uploads\/2025\/10\/palette-couleur-deco-vert-gen-Z-10-367x550.png 367w, https:\/\/www.cocondedecoration.com\/blog\/wp-content\/uploads\/2025\/10\/palette-couleur-deco-vert-gen-Z-10-333x500.png 333w, https:\/\/www.cocondedecoration.com\/blog\/wp-content\/uploads\/2025\/10\/palette-couleur-deco-vert-gen-Z-10.png 1000w\" sizes=\"(max-width: 640px) 100vw, 640px\" \/><\/a><\/figure>\n<\/div>\n\n\n\n<div class=\"wp-block-cb-slide\">\n<figure class=\"wp-block-image size-large\"><a href=\"https:\/\/www.cocondedecoration.com\/blog\/wp-content\/uploads\/2025\/10\/deco-couleur-green-gen-Z.010.jpeg\"><img loading=\"lazy\" decoding=\"async\" width=\"640\" height=\"960\" src=\"https:\/\/www.cocondedecoration.com\/blog\/wp-content\/uploads\/2025\/10\/deco-couleur-green-gen-Z.010-640x960.jpeg\" alt=\"d\u00e9coration couleur Green Gen Z chambre parentale moderne peinture murale verte d\u00e9tail textiles terracotta et ocre ambiance boh\u00e8me chic \" class=\"wp-image-85410\" title=\"d\u00e9coration couleur Green Gen Z chambre parentale moderne peinture murale verte d\u00e9tail textiles terracotta et ocre ambiance boh\u00e8me chic \" srcset=\"https:\/\/www.cocondedecoration.com\/blog\/wp-content\/uploads\/2025\/10\/deco-couleur-green-gen-Z.010-640x960.jpeg 640w, https:\/\/www.cocondedecoration.com\/blog\/wp-content\/uploads\/2025\/10\/deco-couleur-green-gen-Z.010-260x390.jpeg 260w, https:\/\/www.cocondedecoration.com\/blog\/wp-content\/uploads\/2025\/10\/deco-couleur-green-gen-Z.010-768x1152.jpeg 768w, https:\/\/www.cocondedecoration.com\/blog\/wp-content\/uploads\/2025\/10\/deco-couleur-green-gen-Z.010-367x550.jpeg 367w, https:\/\/www.cocondedecoration.com\/blog\/wp-content\/uploads\/2025\/10\/deco-couleur-green-gen-Z.010-333x500.jpeg 333w, https:\/\/www.cocondedecoration.com\/blog\/wp-content\/uploads\/2025\/10\/deco-couleur-green-gen-Z.010.jpeg 1000w\" sizes=\"(max-width: 640px) 100vw, 640px\" \/><\/a><figcaption class=\"wp-element-caption\">ideafactory247.com<\/figcaption><\/figure>\n<\/div>\n<\/div>\n<\/div>\n<\/div>\n\n\n\n<div class=\"wp-block-columns is-layout-flex wp-container-core-columns-layout-12 wp-block-columns-is-layout-flex\">\n<div class=\"wp-block-column is-layout-flow wp-block-column-is-layout-flow\">\n<h2 class=\"wp-block-heading\">Une salle de bain vert lime pour se r\u00e9veiller avec une bonne dose de vitamine <\/h2>\n\n\n\n<p>On est quasiment \u00e0 la fin de cet article et jusqu'\u00e0 pr\u00e9sent, je n'avais pas eu l'occasion de vous parler de <a href=\"https:\/\/www.cocondedecoration.com\/blog\/2022\/05\/salle-de-bain-maximalisme-couleur\/\" target=\"_blank\" rel=\"noopener\" title=\"\">la salle de bain<\/a>. C'est pourtant un espace de la maison dans lequel on peut int\u00e9grer du vert Gen Z facilement - surtout quand on a besoin d'aide pour se r\u00e9veiller le matin! <\/p>\n\n\n\n<p>Du blanc, du jaune, du orange viennent en compl\u00e9ment du Green Lime qui est en grande quantit\u00e9 gr\u00e2ce au meuble vasque ou encore le carrelage mural de la salle de bain. Et je ne sais pas vous, mais quand je regarde cette palette de couleurs, \u00e7a me met de bonne humeur. Je sais qu'une partie de mes lectrices et lecteurs aime la douceur au r\u00e9veil et dans la salle de bain. Mais si vous avez besoin d'un coup de pouce et plus d'\u00e9nergie, le Green Gen Z peut vous aider! <\/p>\n\n\n\n<p>Pour aller plus loin: <a href=\"https:\/\/www.cocondedecoration.com\/blog\/2025\/09\/carrelage-tendance-2026-salle-de-bain\/\" target=\"_blank\" rel=\"noopener\" title=\"\">Carrelage: 10 mod\u00e8les pour relooker la salle de bain en 2026<\/a><\/p>\n<\/div>\n\n\n\n<div class=\"wp-block-column is-layout-flow wp-block-column-is-layout-flow\">\n<div class=\"wp-block-cb-carousel cb-single-slide\" data-slick=\"{&quot;slidesToShow&quot;:1,&quot;slidesToScroll&quot;:1,&quot;speed&quot;:300,&quot;arrows&quot;:true,&quot;dots&quot;:false,&quot;autoplay&quot;:false,&quot;autoplaySpeed&quot;:3000,&quot;infinite&quot;:true,&quot;responsive&quot;:[{&quot;breakpoint&quot;:769,&quot;settings&quot;:{&quot;slidesToShow&quot;:1,&quot;slidesToScroll&quot;:1}}]}\">\n<div class=\"wp-block-cb-slide\">\n<figure class=\"wp-block-image size-large\"><a href=\"https:\/\/www.cocondedecoration.com\/blog\/wp-content\/uploads\/2025\/10\/palette-couleur-deco-vert-gen-Z-11.png\"><img loading=\"lazy\" decoding=\"async\" width=\"640\" height=\"960\" src=\"https:\/\/www.cocondedecoration.com\/blog\/wp-content\/uploads\/2025\/10\/palette-couleur-deco-vert-gen-Z-11-640x960.png\" alt=\"palette d\u00e9co couleur vert Gen Z salle de bain petit espace meuble color\u00e9 rideau de douche orange serviette jaune ambiance vitamin\u00e9e \" class=\"wp-image-85399\" title=\"palette d\u00e9co couleur vert Gen Z salle de bain petit espace meuble color\u00e9 rideau de douche orange serviette jaune ambiance vitamin\u00e9e \" srcset=\"https:\/\/www.cocondedecoration.com\/blog\/wp-content\/uploads\/2025\/10\/palette-couleur-deco-vert-gen-Z-11-640x960.png 640w, https:\/\/www.cocondedecoration.com\/blog\/wp-content\/uploads\/2025\/10\/palette-couleur-deco-vert-gen-Z-11-260x390.png 260w, https:\/\/www.cocondedecoration.com\/blog\/wp-content\/uploads\/2025\/10\/palette-couleur-deco-vert-gen-Z-11-768x1152.png 768w, https:\/\/www.cocondedecoration.com\/blog\/wp-content\/uploads\/2025\/10\/palette-couleur-deco-vert-gen-Z-11-367x550.png 367w, https:\/\/www.cocondedecoration.com\/blog\/wp-content\/uploads\/2025\/10\/palette-couleur-deco-vert-gen-Z-11-333x500.png 333w, https:\/\/www.cocondedecoration.com\/blog\/wp-content\/uploads\/2025\/10\/palette-couleur-deco-vert-gen-Z-11.png 1000w\" sizes=\"(max-width: 640px) 100vw, 640px\" \/><\/a><\/figure>\n<\/div>\n\n\n\n<div class=\"wp-block-cb-slide\">\n<figure class=\"wp-block-image size-large\"><a href=\"https:\/\/www.cocondedecoration.com\/blog\/wp-content\/uploads\/2025\/10\/deco-couleur-green-gen-Z.011.jpeg\"><img loading=\"lazy\" decoding=\"async\" width=\"640\" height=\"960\" src=\"https:\/\/www.cocondedecoration.com\/blog\/wp-content\/uploads\/2025\/10\/deco-couleur-green-gen-Z.011-640x960.jpeg\" alt=\"d\u00e9coration couleur Green Gen Z petite salle de bain vitamin\u00e9e carrelage et meuble vert rideau de douche orange serviette jaune \" class=\"wp-image-85411\" title=\"d\u00e9coration couleur Green Gen Z petite salle de bain vitamin\u00e9e carrelage et meuble vert rideau de douche orange serviette jaune \" srcset=\"https:\/\/www.cocondedecoration.com\/blog\/wp-content\/uploads\/2025\/10\/deco-couleur-green-gen-Z.011-640x960.jpeg 640w, https:\/\/www.cocondedecoration.com\/blog\/wp-content\/uploads\/2025\/10\/deco-couleur-green-gen-Z.011-260x390.jpeg 260w, https:\/\/www.cocondedecoration.com\/blog\/wp-content\/uploads\/2025\/10\/deco-couleur-green-gen-Z.011-768x1152.jpeg 768w, https:\/\/www.cocondedecoration.com\/blog\/wp-content\/uploads\/2025\/10\/deco-couleur-green-gen-Z.011-367x550.jpeg 367w, https:\/\/www.cocondedecoration.com\/blog\/wp-content\/uploads\/2025\/10\/deco-couleur-green-gen-Z.011-333x500.jpeg 333w, https:\/\/www.cocondedecoration.com\/blog\/wp-content\/uploads\/2025\/10\/deco-couleur-green-gen-Z.011.jpeg 1000w\" sizes=\"(max-width: 640px) 100vw, 640px\" \/><\/a><figcaption class=\"wp-element-caption\">myeleganthome.com<\/figcaption><\/figure>\n<\/div>\n<\/div>\n<\/div>\n<\/div>\n\n\n\n<div class=\"wp-block-columns is-layout-flex wp-container-core-columns-layout-13 wp-block-columns-is-layout-flex\">\n<div class=\"wp-block-column is-layout-flow wp-block-column-is-layout-flow\">\n<h2 class=\"wp-block-heading\">Vert Gen Z et ambiance mid century modern dans le salon<\/h2>\n\n\n\n<p>Si vous lisez r\u00e9guli\u00e8rement le blog, il y a deux ou trois choses que vous connaissez d\u00e9j\u00e0 \u00e0 mon sujet. J'aime infiniment le vert et j'aime presque tout autant le style <a href=\"https:\/\/www.cocondedecoration.com\/blog\/2021\/05\/ou-trouver-meuble-vintage-salon\/\" target=\"_blank\" rel=\"noopener\" title=\"\">Mid Century Modern<\/a> (ann\u00e9es 40 \u00e0 60). Par cons\u00e9quent, ma derni\u00e8re inspiration ne devrait pas vous \u00e9tonner! <\/p>\n\n\n\n<p>Murs blanc calcaire, tapis gris clair, <a href=\"https:\/\/www.cocondedecoration.com\/blog\/2018\/10\/conseils-deco-comment-bien-choisir-sa-table-basse\/\" target=\"_blank\" rel=\"noopener\" title=\"\">table basse<\/a> en bois, affiche r\u00e9tro avec un fond beige, un coussin jaune... Et un canap\u00e9 et un fauteuil vert peps. C'est tout \u00e0 fait le genre d'univers que j'aime et qui j'esp\u00e8re vous plait \u00e9galement. <\/p>\n\n\n\n<p>A lire aussi: <a href=\"https:\/\/www.cocondedecoration.com\/blog\/2023\/12\/touche-de-couleur-salon\/\" target=\"_blank\" rel=\"noopener\" title=\"\">Une touche de couleur dans le salon \u2013 16 d\u00e9cors qui vous mettront de bonne humeur<\/a><\/p>\n\n\n\n<p>Nous sommes \u00e0 la fin de cet article. J'esp\u00e8re qu'il vous aura aid\u00e9 \u00e0 voir les nombreux potentiels d\u00e9co de cette nuance sp\u00e9cifique de vert. J'esp\u00e8re aussi qu'il vous aura aid\u00e9 \u00e0 trouver des id\u00e9es \u00e0 copier pour votre int\u00e9rieur. <\/p>\n<\/div>\n\n\n\n<div class=\"wp-block-column is-layout-flow wp-block-column-is-layout-flow\">\n<div class=\"wp-block-cb-carousel cb-single-slide\" data-slick=\"{&quot;slidesToShow&quot;:1,&quot;slidesToScroll&quot;:1,&quot;speed&quot;:300,&quot;arrows&quot;:true,&quot;dots&quot;:false,&quot;autoplay&quot;:false,&quot;autoplaySpeed&quot;:3000,&quot;infinite&quot;:true,&quot;responsive&quot;:[{&quot;breakpoint&quot;:769,&quot;settings&quot;:{&quot;slidesToShow&quot;:1,&quot;slidesToScroll&quot;:1}}]}\">\n<div class=\"wp-block-cb-slide\">\n<figure class=\"wp-block-image size-large\"><a href=\"https:\/\/www.cocondedecoration.com\/blog\/wp-content\/uploads\/2025\/10\/palette-couleur-deco-vert-gen-Z-12.png\"><img loading=\"lazy\" decoding=\"async\" width=\"640\" height=\"960\" src=\"https:\/\/www.cocondedecoration.com\/blog\/wp-content\/uploads\/2025\/10\/palette-couleur-deco-vert-gen-Z-12-640x960.png\" alt=\"palettes d\u00e9co couleur vert Gen Z salon moderne chic canap\u00e9 color\u00e9 coussin jaune tapis gris table en bois ronde \" class=\"wp-image-85400\" title=\"palettes d\u00e9co couleur vert Gen Z salon moderne chic canap\u00e9 color\u00e9 coussin jaune tapis gris table en bois ronde \" srcset=\"https:\/\/www.cocondedecoration.com\/blog\/wp-content\/uploads\/2025\/10\/palette-couleur-deco-vert-gen-Z-12-640x960.png 640w, https:\/\/www.cocondedecoration.com\/blog\/wp-content\/uploads\/2025\/10\/palette-couleur-deco-vert-gen-Z-12-260x390.png 260w, https:\/\/www.cocondedecoration.com\/blog\/wp-content\/uploads\/2025\/10\/palette-couleur-deco-vert-gen-Z-12-768x1152.png 768w, https:\/\/www.cocondedecoration.com\/blog\/wp-content\/uploads\/2025\/10\/palette-couleur-deco-vert-gen-Z-12-367x550.png 367w, https:\/\/www.cocondedecoration.com\/blog\/wp-content\/uploads\/2025\/10\/palette-couleur-deco-vert-gen-Z-12-333x500.png 333w, https:\/\/www.cocondedecoration.com\/blog\/wp-content\/uploads\/2025\/10\/palette-couleur-deco-vert-gen-Z-12.png 1000w\" sizes=\"(max-width: 640px) 100vw, 640px\" \/><\/a><\/figure>\n<\/div>\n\n\n\n<div class=\"wp-block-cb-slide\">\n<figure class=\"wp-block-image size-large\"><a href=\"https:\/\/www.cocondedecoration.com\/blog\/wp-content\/uploads\/2025\/10\/deco-couleur-green-gen-Z.012.jpeg\"><img loading=\"lazy\" decoding=\"async\" width=\"640\" height=\"960\" src=\"https:\/\/www.cocondedecoration.com\/blog\/wp-content\/uploads\/2025\/10\/deco-couleur-green-gen-Z.012-640x960.jpeg\" alt=\"d\u00e9coration couleur Green Gen Z salon vintage moderne blanc gris beige avec canap\u00e9 vert et coussin jaune \" class=\"wp-image-85412\" title=\"d\u00e9coration couleur Green Gen Z salon vintage moderne blanc gris beige avec canap\u00e9 vert et coussin jaune \" srcset=\"https:\/\/www.cocondedecoration.com\/blog\/wp-content\/uploads\/2025\/10\/deco-couleur-green-gen-Z.012-640x960.jpeg 640w, https:\/\/www.cocondedecoration.com\/blog\/wp-content\/uploads\/2025\/10\/deco-couleur-green-gen-Z.012-260x390.jpeg 260w, https:\/\/www.cocondedecoration.com\/blog\/wp-content\/uploads\/2025\/10\/deco-couleur-green-gen-Z.012-768x1152.jpeg 768w, https:\/\/www.cocondedecoration.com\/blog\/wp-content\/uploads\/2025\/10\/deco-couleur-green-gen-Z.012-367x550.jpeg 367w, https:\/\/www.cocondedecoration.com\/blog\/wp-content\/uploads\/2025\/10\/deco-couleur-green-gen-Z.012-333x500.jpeg 333w, https:\/\/www.cocondedecoration.com\/blog\/wp-content\/uploads\/2025\/10\/deco-couleur-green-gen-Z.012.jpeg 1000w\" sizes=\"(max-width: 640px) 100vw, 640px\" \/><\/a><figcaption class=\"wp-element-caption\">gardeningolivia.com<\/figcaption><\/figure>\n<\/div>\n<\/div>\n<\/div>\n<\/div>\n\n\n\n<hr class=\"wp-block-separator has-alpha-channel-opacity is-style-wide\"\/>\n\n\n\n<div style=\"height:20px\" aria-hidden=\"true\" class=\"wp-block-spacer\"><\/div>\n\n\n\n<div class=\"wp-block-media-text alignwide\"><figure class=\"wp-block-media-text__media\"><img loading=\"lazy\" decoding=\"async\" width=\"640\" height=\"366\" src=\"https:\/\/www.cocondedecoration.com\/blog\/wp-content\/uploads\/2023\/12\/newsletter-patreon-640x366.png\" alt=\"\" class=\"wp-image-70176\" srcset=\"https:\/\/www.cocondedecoration.com\/blog\/wp-content\/uploads\/2023\/12\/newsletter-patreon-640x366.png 640w, https:\/\/www.cocondedecoration.com\/blog\/wp-content\/uploads\/2023\/12\/newsletter-patreon-260x149.png 260w, https:\/\/www.cocondedecoration.com\/blog\/wp-content\/uploads\/2023\/12\/newsletter-patreon-768x439.png 768w, https:\/\/www.cocondedecoration.com\/blog\/wp-content\/uploads\/2023\/12\/newsletter-patreon-465x266.png 465w, https:\/\/www.cocondedecoration.com\/blog\/wp-content\/uploads\/2023\/12\/newsletter-patreon-695x397.png 695w, https:\/\/www.cocondedecoration.com\/blog\/wp-content\/uploads\/2023\/12\/newsletter-patreon.png 1050w\" sizes=\"(max-width: 640px) 100vw, 640px\" \/><\/figure><div class=\"wp-block-media-text__content\">\n<p style=\"text-align:center\"><strong>La newsletter du blog est sur Patreon<\/strong><\/p>\n\n\n\n<p>Devenez membre gratuitement de mon Patron pour lire toutes les newsletters du blog &amp; recevoir une notification quand les prochaines seront en ligne. <\/p>\n\n\n\n<div class=\"wp-block-button aligncenter\"><a class=\"wp-block-button__link\" href=\"https:\/\/www.patreon.com\/cocondedeco\">Acc\u00e9der \u00e0 Patreon gratuitement<\/a><\/div>\n<\/div><\/div>\n\n\n\n<div style=\"height:30px\" aria-hidden=\"true\" class=\"wp-block-spacer\"><\/div>\n\n\n\n<p class=\"has-small-font-size\">Source de l'image d'en-t\u00eate: pngtree.com<br>Note: Cet article contient des liens affili\u00e9s. <\/p>\n","protected":false},"excerpt":{"rendered":"<p>Le vert Gen Z fait partie des couleurs tendance en 2026. D\u00e9couvrez comment utiliser cette nuance de vert vitamin\u00e9 chez vous. <span class=\"more-link\"><a href=\"https:\/\/www.cocondedecoration.com\/blog\/2025\/10\/deco-tendance-vert-gen-z\/\">Lire la suite<\/a><\/span><\/p>\n","protected":false},"author":1,"featured_media":85421,"comment_status":"open","ping_status":"open","sticky":false,"template":"","format":"standard","meta":{"om_disable_all_campaigns":false,"_monsterinsights_skip_tracking":false,"_monsterinsights_sitenote_active":false,"_monsterinsights_sitenote_note":"","_monsterinsights_sitenote_category":0,"_uf_show_specific_survey":0,"_uf_disable_surveys":false,"footnotes":""},"categories":[61761,8886],"tags":[9082,3199,62105,62120,62158,44654,62154,62156,62121,62119,1152,62117,62118,62153,62155,62157],"aioseo_notices":[],"_links":{"self":[{"href":"https:\/\/www.cocondedecoration.com\/blog\/wp-json\/wp\/v2\/posts\/85385"}],"collection":[{"href":"https:\/\/www.cocondedecoration.com\/blog\/wp-json\/wp\/v2\/posts"}],"about":[{"href":"https:\/\/www.cocondedecoration.com\/blog\/wp-json\/wp\/v2\/types\/post"}],"author":[{"embeddable":true,"href":"https:\/\/www.cocondedecoration.com\/blog\/wp-json\/wp\/v2\/users\/1"}],"replies":[{"embeddable":true,"href":"https:\/\/www.cocondedecoration.com\/blog\/wp-json\/wp\/v2\/comments?post=85385"}],"version-history":[{"count":11,"href":"https:\/\/www.cocondedecoration.com\/blog\/wp-json\/wp\/v2\/posts\/85385\/revisions"}],"predecessor-version":[{"id":85424,"href":"https:\/\/www.cocondedecoration.com\/blog\/wp-json\/wp\/v2\/posts\/85385\/revisions\/85424"}],"wp:featuredmedia":[{"embeddable":true,"href":"https:\/\/www.cocondedecoration.com\/blog\/wp-json\/wp\/v2\/media\/85421"}],"wp:attachment":[{"href":"https:\/\/www.cocondedecoration.com\/blog\/wp-json\/wp\/v2\/media?parent=85385"}],"wp:term":[{"taxonomy":"category","embeddable":true,"href":"https:\/\/www.cocondedecoration.com\/blog\/wp-json\/wp\/v2\/categories?post=85385"},{"taxonomy":"post_tag","embeddable":true,"href":"https:\/\/www.cocondedecoration.com\/blog\/wp-json\/wp\/v2\/tags?post=85385"}],"curies":[{"name":"wp","href":"https:\/\/api.w.org\/{rel}","templated":true}]}}