{"id":85370,"date":"2025-10-11T01:00:00","date_gmt":"2025-10-10T23:00:00","guid":{"rendered":"https:\/\/www.cocondedecoration.com\/blog\/?p=85370"},"modified":"2025-11-07T09:06:23","modified_gmt":"2025-11-07T07:06:23","slug":"decoration-marron-salon-chic","status":"publish","type":"post","link":"https:\/\/www.cocondedecoration.com\/blog\/2025\/10\/decoration-marron-salon-chic\/","title":{"rendered":"D\u00e9coration marron pour l\u2019automne: salon s\u00e9jour chic"},"content":{"rendered":"\n<div class=\"wp-block-columns is-layout-flex wp-container-core-columns-layout-1 wp-block-columns-is-layout-flex\">\n<div class=\"wp-block-column is-layout-flow wp-block-column-is-layout-flow\">\n<p>Depuis quelques semaines, Pinterest offre la possibilit\u00e9 de faire de collages sur sa plateforme. C'est un format que j'affectionne particuli\u00e8rement. Je trouve que c'est assez ludique. J'en fais r\u00e9guli\u00e8rement et je me suis dit que certains d'entre eux pouvaient vous plaire et qu'il pouvait \u00eatre sympa de les partager sur le blog. Et pour ce collage, je suis sortie de mes petites habitudes et j'ai choisi comme th\u00e8me central une couleur dont je parle rarement: le marron. <\/p>\n\n\n\n<h2 class=\"wp-block-heading\">Le marron, couleur phare de l'automne <\/h2>\n\n\n\n<p>L'automne est une saison qui est inspirante \u00e0 plus d'un titre. Riche de nombreuses couleurs, cette saison est l'occasion de pencher sur la couleur marron particuli\u00e8rement dans le salon. Cette couleur peut se trouver dans votre pi\u00e8ce de vie gr\u00e2ce aux rev\u00eatements (sols, murs) mais aussi gr\u00e2ce au mobilier ou aux accessoires d\u00e9coratifs. Le marron s'associe \u00e0 merveille avec des nuances de beiges ou <a href=\"https:\/\/www.cocondedecoration.com\/blog\/2023\/08\/decoration-interieure-couleur-ecru\/\" target=\"_blank\" rel=\"noopener\" title=\"\">d'\u00e9crus<\/a> pour cr\u00e9er un cama\u00efeux doux et cosy. On peut aussi compter sur le bois ou le dor\u00e9 \/ laiton pour une touche plus chic.<\/p>\n\n\n\n<h2 class=\"wp-block-heading\">Shoppez cette planche d'ambiance<\/h2>\n\n\n\n<p>Ce qui est chouette avec Pinterest c'est que vous avez acc\u00e8s directement aux r\u00e9f\u00e9rences des produits. En revanche, je n'ai pas trouv\u00e9 la fonctionnalit\u00e9 pour que \u00e7a soit pareil sur le blog. Si vous n'avez pas Pinterest, pas d'inqui\u00e9tude! Vous trouverez les r\u00e9f\u00e9rences de ce collage dans la liste juste en dessous: <\/p>\n\n\n\n<ul>\n<li><a href=\"https:\/\/tidd.ly\/3J0VaC8\" target=\"_blank\" rel=\"noopener\" title=\"\">Papier peint panoramique<\/a> - Castorama<\/li>\n\n\n\n<li><a href=\"https:\/\/tidd.ly\/48lFeon\" target=\"_blank\" rel=\"noopener\" title=\"\">Carrelage effet marbr\u00e9 <\/a>- Castorama <\/li>\n\n\n\n<li><a href=\"https:\/\/fnty.co\/c\/r-TwVqoFSZ\" target=\"_blank\" rel=\"noopener\" title=\"\">Suspension en verre<\/a> - Maisons du Monde<\/li>\n\n\n\n<li><a href=\"https:\/\/c3po.link\/Q3fsDFskgy\" target=\"_blank\" rel=\"noopener\" title=\"\">Lampe \u00e0 poser<\/a> - Conforama <\/li>\n\n\n\n<li><a href=\"https:\/\/c3po.link\/QZ3ppRusPS\" target=\"_blank\" rel=\"noopener\" title=\"\">Tapis<\/a> - Conforama<\/li>\n\n\n\n<li><a href=\"https:\/\/c3po.link\/QPhN3KWQgX\" target=\"_blank\" rel=\"noopener\" title=\"\">Console murale <\/a>- La Redoute<\/li>\n\n\n\n<li><a href=\"https:\/\/c3po.link\/Q7HgMEaPAC\" target=\"_blank\" rel=\"noopener\" title=\"\">Canap\u00e9<\/a> - La Redoute<\/li>\n\n\n\n<li><a href=\"https:\/\/fnty.co\/c\/r-zKJdVzGN\" target=\"_blank\" rel=\"noopener\" title=\"\">Fauteuil papillon en cuir<\/a> - Maisons du Monde<\/li>\n\n\n\n<li><a href=\"https:\/\/c3po.link\/QqBEadnvMD\" target=\"_blank\" rel=\"noopener\" title=\"\">Bout de canap\u00e9<\/a> - La Redoute <\/li>\n<\/ul>\n\n\n\n<p>J'esp\u00e8re que ce nouveau format vous plait. Et si c'est le cas, n'h\u00e9sitez pas \u00e0 me donner des id\u00e9es de nouvelles planches en commentaire. Ce sera \u00e9ventuellement l'occasion de continuer \u00e0 sortir de ma zone de confort! <\/p>\n<\/div>\n\n\n\n<div class=\"wp-block-column is-layout-flow wp-block-column-is-layout-flow\">\n<iframe loading=\"lazy\" src=\"https:\/\/assets.pinterest.com\/ext\/embed.html?id=24980972929635567\" height=\"1167\" width=\"600\" frameborder=\"0\" scrolling=\"no\" ><\/iframe>\n<\/div>\n<\/div>\n\n\n\n<p class=\"has-small-font-size\">Note: Cet article contient des liens affili\u00e9s. <\/p>\n","protected":false},"excerpt":{"rendered":"<p>Le marron, une couleur phare de l&rsquo;automne. Une couleur aussi qui peut \u00eatre l&rsquo;occasion de cr\u00e9er une d\u00e9co de salon chic et \u00e9l\u00e9gante. <span class=\"more-link\"><a href=\"https:\/\/www.cocondedecoration.com\/blog\/2025\/10\/decoration-marron-salon-chic\/\">Lire la suite<\/a><\/span><\/p>\n","protected":false},"author":1,"featured_media":85376,"comment_status":"open","ping_status":"open","sticky":false,"template":"","format":"standard","meta":{"om_disable_all_campaigns":false,"_monsterinsights_skip_tracking":false,"_monsterinsights_sitenote_active":false,"_monsterinsights_sitenote_note":"","_monsterinsights_sitenote_category":0,"_uf_show_specific_survey":0,"_uf_disable_surveys":false,"footnotes":""},"categories":[51333,62239],"tags":[62147,51659,61618,62148,62125,61621,62149,5496],"aioseo_notices":[],"_links":{"self":[{"href":"https:\/\/www.cocondedecoration.com\/blog\/wp-json\/wp\/v2\/posts\/85370"}],"collection":[{"href":"https:\/\/www.cocondedecoration.com\/blog\/wp-json\/wp\/v2\/posts"}],"about":[{"href":"https:\/\/www.cocondedecoration.com\/blog\/wp-json\/wp\/v2\/types\/post"}],"author":[{"embeddable":true,"href":"https:\/\/www.cocondedecoration.com\/blog\/wp-json\/wp\/v2\/users\/1"}],"replies":[{"embeddable":true,"href":"https:\/\/www.cocondedecoration.com\/blog\/wp-json\/wp\/v2\/comments?post=85370"}],"version-history":[{"count":7,"href":"https:\/\/www.cocondedecoration.com\/blog\/wp-json\/wp\/v2\/posts\/85370\/revisions"}],"predecessor-version":[{"id":85378,"href":"https:\/\/www.cocondedecoration.com\/blog\/wp-json\/wp\/v2\/posts\/85370\/revisions\/85378"}],"wp:featuredmedia":[{"embeddable":true,"href":"https:\/\/www.cocondedecoration.com\/blog\/wp-json\/wp\/v2\/media\/85376"}],"wp:attachment":[{"href":"https:\/\/www.cocondedecoration.com\/blog\/wp-json\/wp\/v2\/media?parent=85370"}],"wp:term":[{"taxonomy":"category","embeddable":true,"href":"https:\/\/www.cocondedecoration.com\/blog\/wp-json\/wp\/v2\/categories?post=85370"},{"taxonomy":"post_tag","embeddable":true,"href":"https:\/\/www.cocondedecoration.com\/blog\/wp-json\/wp\/v2\/tags?post=85370"}],"curies":[{"name":"wp","href":"https:\/\/api.w.org\/{rel}","templated":true}]}}