{"id":85115,"date":"2025-09-30T09:55:33","date_gmt":"2025-09-30T07:55:33","guid":{"rendered":"https:\/\/www.cocondedecoration.com\/blog\/?p=85115"},"modified":"2025-09-30T09:55:35","modified_gmt":"2025-09-30T07:55:35","slug":"salon-salle-a-manger-moderne","status":"publish","type":"post","link":"https:\/\/www.cocondedecoration.com\/blog\/2025\/09\/salon-salle-a-manger-moderne\/","title":{"rendered":"Salon salle \u00e0 manger moderne: 14 id\u00e9es d\u00e9co \u00e0 copier"},"content":{"rendered":"\n<p>Le salon salle \u00e0 manger ouverts. Une th\u00e9matique que j'ai souvent trait\u00e9e en filigrane dans mes articles. Et je me suis rendue compte que \u00e7a faisait tr\u00e8s longtemps que je n'avais pas abord\u00e9 directement cet espace singulier. Une seule pi\u00e8ce \u00e0 vivre, deux fonctions diff\u00e9rentes. Et forc\u00e9ment, des probl\u00e9matiques sp\u00e9cifiques quand on cherche \u00e0 (re)d\u00e9corer. Voici 14 id\u00e9es \u00e0 copier pour cr\u00e9er une d\u00e9coration moderne dans votre espace salon salle \u00e0 manger. <\/p>\n\n\n\n<!--more-->\n\n\n\n<div class=\"wp-block-columns is-layout-flex wp-container-core-columns-layout-1 wp-block-columns-is-layout-flex\">\n<div class=\"wp-block-column is-layout-flow wp-block-column-is-layout-flow\">\n<p class=\"has-medium-font-size\">Sommaire - 14 id\u00e9es pour cr\u00e9er un salon salle \u00e0 manger moderne <\/p>\n\n\n\n<div class=\"wp-block-aioseo-table-of-contents\"><ul><li><a href=\"#aioseo-harmonie-des-couleurs-et-des-materiaux-dans-un-salon-salle-a-manger-ouvert\">Harmonie des couleurs et des mat\u00e9riaux dans un salon salle \u00e0 manger ouvert<\/a><ul><li><a href=\"#aioseo-comment-utiliser-les-couleurs-dans-un-salon-salle-a-manger\">Comment utiliser les couleurs dans un salon salle \u00e0 manger?<\/a><\/li><li><a href=\"#aioseo-harmoniser-les-materiaux-dans-un-salon-salle-a-manger\">Harmoniser les mat\u00e9riaux dans un salon salle \u00e0 manger<\/a><\/li><li><a href=\"#aioseo-meubler-le-salon-salle-a-manger-tout-en-gardant-une-idee-dharmonie\">Meubler le salon salle \u00e0 manger tout en gardant une id\u00e9e d'harmonie<\/a><\/li><\/ul><\/li><li><a href=\"#aioseo-bien-choisir-la-place-du-canape-dans-une-piece-de-vie-ouverte\">Bien choisir la place du canap\u00e9 dans une pi\u00e8ce de vie ouverte<\/a><\/li><li><a href=\"#aioseo-structurer-lespace-dans-un-salon-salle-a-manger\">Structurer l'espace dans un salon salle \u00e0 manger<\/a><ul><li><a href=\"#aioseo-ajouter-une-bibliotheque-pour-structurer-une-piece-de-vie-ouverte\">Ajouter une biblioth\u00e8que pour structurer une pi\u00e8ce de vie ouverte<\/a><\/li><li><a href=\"#aioseo-structurer-lespace-avec-des-cloisons-basses-ou-cloisons-amovibles\">Structurer l'espace avec des cloisons basses ou cloisons amovibles<\/a><\/li><li><a href=\"#aioseo-tirer-partie-des-poteaux-arches-et-elements-porteurs-pour-structurer-un-espace-ouvert\">Tirer partie des poteaux, arches et \u00e9l\u00e9ments porteurs pour structurer un espace ouvert<\/a><\/li><li><a href=\"#aioseo-profiter-de-la-transparence-des-portes-vitrees-pour-structurer-le-salon-salle-a-manger\">Profiter de la transparence des portes vitr\u00e9es pour structurer le salon salle \u00e0 manger<\/a><\/li><\/ul><\/li><li><a href=\"#aioseo-bien-choisir-la-table-de-salle-a-manger-dans-une-piece-a-vivre-ouverte\">Bien choisir la table de salle \u00e0 manger dans une pi\u00e8ce \u00e0 vivre ouverte<\/a><ul><li><a href=\"#aioseo-taille-et-forme-de-la-table-de-salle-a-manger-dans-une-piece-ouverte\">Taille et forme de la table de salle \u00e0 manger dans une pi\u00e8ce ouverte<\/a><\/li><li><a href=\"#aioseo-creer-un-coin-repas-dans-un-salon\">Cr\u00e9er un coin repas dans un salon<\/a><\/li><li><a href=\"#aioseo-une-grande-table-de-salle-a-manger-dans-une-piece-ouverte\">Une grande table de salle \u00e0 manger dans une pi\u00e8ce ouverte<\/a><\/li><\/ul><\/li><li><a href=\"#aioseo-quelques-idees-deco-pour-sublimer-votre-salon-salle-a-manger\">Quelques id\u00e9es d\u00e9co pour sublimer votre salon salle \u00e0 manger<\/a><ul><li><a href=\"#aioseo-eclairage-et-luminaires-dans-une-piece-de-vie-ouverte\">Eclairage et luminaires dans une pi\u00e8ce de vie ouverte<\/a><\/li><li><a href=\"#aioseo-les-tapis-pour-delimiter-les-espaces-ou-pas\">Les tapis pour d\u00e9limiter les espaces ou pas<\/a><\/li><li><a href=\"#aioseo-est-il-possible-de-creer-un-mur-accent-dans-un-salon-salle-a-manger\">Est-il possible de cr\u00e9er un mur accent dans un salon salle \u00e0 manger?<\/a><\/li><\/ul><\/li><\/ul><\/div>\n<\/div>\n\n\n\n<div class=\"wp-block-column is-layout-flow wp-block-column-is-layout-flow\">\n<figure class=\"wp-block-image size-large\"><a href=\"https:\/\/www.cocondedecoration.com\/blog\/wp-content\/uploads\/2025\/09\/salon-salle-a-manger-deco-moderne.png\"><img loading=\"lazy\" decoding=\"async\" width=\"640\" height=\"960\" src=\"https:\/\/www.cocondedecoration.com\/blog\/wp-content\/uploads\/2025\/09\/salon-salle-a-manger-deco-moderne-640x960.png\" alt=\"salon salle \u00e0 manger d\u00e9coration moderne exemple canap\u00e9 plante table \" class=\"wp-image-85148\" title=\"salon salle \u00e0 manger d\u00e9coration moderne exemple canap\u00e9 plante table \" srcset=\"https:\/\/www.cocondedecoration.com\/blog\/wp-content\/uploads\/2025\/09\/salon-salle-a-manger-deco-moderne-640x960.png 640w, https:\/\/www.cocondedecoration.com\/blog\/wp-content\/uploads\/2025\/09\/salon-salle-a-manger-deco-moderne-260x390.png 260w, https:\/\/www.cocondedecoration.com\/blog\/wp-content\/uploads\/2025\/09\/salon-salle-a-manger-deco-moderne-768x1152.png 768w, https:\/\/www.cocondedecoration.com\/blog\/wp-content\/uploads\/2025\/09\/salon-salle-a-manger-deco-moderne-367x550.png 367w, https:\/\/www.cocondedecoration.com\/blog\/wp-content\/uploads\/2025\/09\/salon-salle-a-manger-deco-moderne-333x500.png 333w, https:\/\/www.cocondedecoration.com\/blog\/wp-content\/uploads\/2025\/09\/salon-salle-a-manger-deco-moderne.png 1000w\" sizes=\"(max-width: 640px) 100vw, 640px\" \/><\/a><\/figure>\n<\/div>\n<\/div>\n\n\n\n<h2 class=\"wp-block-heading\" id=\"aioseo-harmonie-des-couleurs-et-des-materiaux-dans-un-salon-salle-a-manger-ouvert\">Harmonie des couleurs et des mat\u00e9riaux dans un salon salle \u00e0 manger ouvert <\/h2>\n\n\n\n<p>On commence avec un point important, un point qui pose souvent probl\u00e8me: l'harmonie entre les deux espaces ouverts l'un sur l'autre. Pour vous aider \u00e0 imaginer votre projet d\u00e9co, oubliez les deux espaces et imaginez votre pi\u00e8ce dans son ensemble. Partez de l'id\u00e9e d'unit\u00e9. Un salon salle \u00e0 manger est avant tout un seul et m\u00eame espace o\u00f9 se trouve deux fonctions. Et il est plus facile de cr\u00e9er un d\u00e9cor harmonieux en pensant l'espace dans son ensemble dans un premier temps, puis ajouter des sp\u00e9cificit\u00e9s d'un c\u00f4t\u00e9 comme de l'autre dans un second temps. <\/p>\n\n\n\n<h3 class=\"wp-block-heading\" id=\"aioseo-comment-utiliser-les-couleurs-dans-un-salon-salle-a-manger\">Comment utiliser les couleurs dans un salon salle \u00e0 manger? <\/h3>\n\n\n\n<p>Les couleurs et les mat\u00e9riaux vont vous aider \u00e0 cr\u00e9er un univers harmonieux dans votre pi\u00e8ce de vie ouverte. Je vous conseille de fonctionner en famille de couleurs et de mat\u00e9riaux puis affiner petit \u00e0 petit vos choix. Imaginons que vous souhaitez d\u00e9corer avec du vert. Avant de vous dire: \"je veux une salle \u00e0 manger vert sauge\", imaginez o\u00f9 va se trouver la couleur. Et selon la mani\u00e8re dont vous aller l'utiliser, vous pourrez choisir la meilleure nuance de vert, celle qui magnifiera votre espace dans son ensemble. <\/p>\n\n\n\n<p>Pour la couleur, la r\u00e8gle du 60 \/ 30 \/ 10 peut s'appliquer facilement. Pour rappel, cette r\u00e8gle consiste \u00e0 choisir 3 couleurs: 60% de couleur dominante (souvent du neutre), 30% de couleur secondaire, 10% de couleur accent. Dans une pi\u00e8ce ouverte comme le salon salle \u00e0 manger, il y a plusieurs solutions: <\/p>\n\n\n\n<ul>\n<li>d\u00e9corer l'ensemble en suivant la r\u00e8gle des  60 \/ 30 \/ 10<\/li>\n\n\n\n<li>m\u00eame couleur dominante, m\u00eame couleur secondaire mais une couleur accent diff\u00e9rente dans chacun des 2 espaces (couleur diff\u00e9rentes mais harmonieuses entre elles) <\/li>\n\n\n\n<li>ne pas utiliser les m\u00eames proportions dans chaque espace<\/li>\n\n\n\n<li>disposer les couleurs de mani\u00e8res diff\u00e9rentes dans le salon et dans la salle \u00e0 manger <\/li>\n<\/ul>\n\n\n\n<p>Le plus souvent, la premi\u00e8re solution, c'est \u00e0 dire appliquer la r\u00e8gle du 60 \/ 30 \/ 10  dans l'ensemble de la pi\u00e8ce est privil\u00e9gi\u00e9e. C'est une mani\u00e8re de ne pas faire un faux pas malencontreux. Et si vous avez envie par exemple de donner plus d'importance au salon plut\u00f4t qu'\u00e0 la salle \u00e0 manger, vous pouvez changer l\u00e9g\u00e8rement les proportions. Plus de couleur dominante dans le coin repas, plus de d\u00e9tails dans le salon. <\/p>\n\n\n\n<figure class=\"wp-block-gallery has-nested-images columns-default is-cropped wp-block-gallery-1 is-layout-flex wp-block-gallery-is-layout-flex\">\n<figure class=\"wp-block-image size-large\"><a href=\"https:\/\/www.cocondedecoration.com\/blog\/wp-content\/uploads\/2025\/09\/salon-salle-a-manger-moderne.001.jpeg\"><img loading=\"lazy\" decoding=\"async\" width=\"640\" height=\"960\" data-id=\"85119\" src=\"https:\/\/www.cocondedecoration.com\/blog\/wp-content\/uploads\/2025\/09\/salon-salle-a-manger-moderne.001-640x960.jpeg\" alt=\"salon salle \u00e0 manger moderne photo canap\u00e9 gris beige meuble en bois rustique table basse patin\u00e9e avec le temps ambiance industrielle chic mezzanine pi\u00e8ce toute en longueur \" class=\"wp-image-85119\" title=\"salon salle \u00e0 manger moderne photo canap\u00e9 gris beige meuble en bois rustique table basse patin\u00e9e avec le temps ambiance industrielle chic mezzanine pi\u00e8ce toute en longueur \" srcset=\"https:\/\/www.cocondedecoration.com\/blog\/wp-content\/uploads\/2025\/09\/salon-salle-a-manger-moderne.001-640x960.jpeg 640w, https:\/\/www.cocondedecoration.com\/blog\/wp-content\/uploads\/2025\/09\/salon-salle-a-manger-moderne.001-260x390.jpeg 260w, https:\/\/www.cocondedecoration.com\/blog\/wp-content\/uploads\/2025\/09\/salon-salle-a-manger-moderne.001-768x1152.jpeg 768w, https:\/\/www.cocondedecoration.com\/blog\/wp-content\/uploads\/2025\/09\/salon-salle-a-manger-moderne.001-367x550.jpeg 367w, https:\/\/www.cocondedecoration.com\/blog\/wp-content\/uploads\/2025\/09\/salon-salle-a-manger-moderne.001-333x500.jpeg 333w, https:\/\/www.cocondedecoration.com\/blog\/wp-content\/uploads\/2025\/09\/salon-salle-a-manger-moderne.001.jpeg 1000w\" sizes=\"(max-width: 640px) 100vw, 640px\" \/><\/a><figcaption class=\"wp-element-caption\">facebook.com\/karrie.cornwellhayes\/<\/figcaption><\/figure>\n\n\n\n<figure class=\"wp-block-image size-large\"><a href=\"https:\/\/www.cocondedecoration.com\/blog\/wp-content\/uploads\/2025\/09\/salon-salle-a-manger-moderne.002.jpeg\"><img loading=\"lazy\" decoding=\"async\" width=\"640\" height=\"960\" data-id=\"85118\" src=\"https:\/\/www.cocondedecoration.com\/blog\/wp-content\/uploads\/2025\/09\/salon-salle-a-manger-moderne.002-640x960.jpeg\" alt=\"salon salle \u00e0 manger moderne exemple grand espace \u00e0 vivre chic et \u00e9l\u00e9gant sol b\u00e9ton cir\u00e9 tapis naturel beige table 10 personnes baie vitr\u00e9e jardin \" class=\"wp-image-85118\" title=\"salon salle \u00e0 manger moderne exemple grand espace \u00e0 vivre chic et \u00e9l\u00e9gant sol b\u00e9ton cir\u00e9 tapis naturel beige table 10 personnes baie vitr\u00e9e jardin \" srcset=\"https:\/\/www.cocondedecoration.com\/blog\/wp-content\/uploads\/2025\/09\/salon-salle-a-manger-moderne.002-640x960.jpeg 640w, https:\/\/www.cocondedecoration.com\/blog\/wp-content\/uploads\/2025\/09\/salon-salle-a-manger-moderne.002-260x390.jpeg 260w, https:\/\/www.cocondedecoration.com\/blog\/wp-content\/uploads\/2025\/09\/salon-salle-a-manger-moderne.002-768x1152.jpeg 768w, https:\/\/www.cocondedecoration.com\/blog\/wp-content\/uploads\/2025\/09\/salon-salle-a-manger-moderne.002-367x550.jpeg 367w, https:\/\/www.cocondedecoration.com\/blog\/wp-content\/uploads\/2025\/09\/salon-salle-a-manger-moderne.002-333x500.jpeg 333w, https:\/\/www.cocondedecoration.com\/blog\/wp-content\/uploads\/2025\/09\/salon-salle-a-manger-moderne.002.jpeg 1000w\" sizes=\"(max-width: 640px) 100vw, 640px\" \/><\/a><figcaption class=\"wp-element-caption\">divar.ir<\/figcaption><\/figure>\n<\/figure>\n\n\n\n<h3 class=\"wp-block-heading\" id=\"aioseo-harmoniser-les-materiaux-dans-un-salon-salle-a-manger\">Harmoniser les mat\u00e9riaux dans un salon salle \u00e0 manger  <\/h3>\n\n\n\n<p>Les couleurs ne sont pas les seules choses \u00e0 prendre en compte dans votre projet d\u00e9co. Les mat\u00e9riaux vont aussi vous aider \u00e0 cr\u00e9er une d\u00e9coration harmonieuse dans votre pi\u00e8ce ouverte. D'un c\u00f4t\u00e9, il y a les mat\u00e9riaux propres \u00e0 la pi\u00e8ce: sol, mur, plafond, fen\u00eatres, portes... Et de l'autre c\u00f4t\u00e9, les mat\u00e9riaux \"ajout\u00e9s\" comme ceux des meubles. <\/p>\n\n\n\n<p>Au sol, souvent on choisit un seul rev\u00eatement comme le parquet, le carrelage ou \u00e9ventuellement du lino. N\u00e9anmoins, on peut aussi faire le choix de cr\u00e9er un tapis de carrelage pour diff\u00e9rencier la salle \u00e0 manger du salon. Un tapis de carrelage est une zone au sol avec du carrelage, mat\u00e9riau diff\u00e9rent du reste de la pi\u00e8ce. On peut avoir une pi\u00e8ce tout en parquet et cr\u00e9er une zone carrel\u00e9e. Ca s'appelle un tapis de carrelage. Et c'est pratique pour d\u00e9limiter visuellement une fonction \/ un espace dans une pi\u00e8ce ouverte. <\/p>\n\n\n\n<p>Comme pour le sol, le plafond est g\u00e9n\u00e9ralement d'une seule couleur. Le blanc est le choix le plus fr\u00e9quent. Cependant, si vous souhaitez mettre en avant et d\u00e9limiter un coin repas par exemple, il est possible de <a href=\"https:\/\/www.cocondedecoration.com\/blog\/2025\/03\/peindre-plafond-couleur\/\" target=\"_blank\" rel=\"noopener\" title=\"\">peindre en couleur une partie du plafond<\/a>. Un choix qui peut \u00eatre audacieux et qui est r\u00e9solument d\u00e9co! <\/p>\n\n\n\n<figure class=\"wp-block-gallery has-nested-images columns-default is-cropped wp-block-gallery-2 is-layout-flex wp-block-gallery-is-layout-flex\">\n<figure class=\"wp-block-image size-large\"><a href=\"https:\/\/www.cocondedecoration.com\/blog\/wp-content\/uploads\/2025\/09\/salon-salle-a-manger-moderne.003.jpeg\"><img loading=\"lazy\" decoding=\"async\" width=\"640\" height=\"960\" data-id=\"85120\" src=\"https:\/\/www.cocondedecoration.com\/blog\/wp-content\/uploads\/2025\/09\/salon-salle-a-manger-moderne.003-640x960.jpeg\" alt=\"salon salle \u00e0 manger moderne photo esprit industriel \u00e9l\u00e9gant harmonie couleur mat\u00e9riaux gris bois noir luminaires \" class=\"wp-image-85120\" title=\"salon salle \u00e0 manger moderne photo esprit industriel \u00e9l\u00e9gant harmonie couleur mat\u00e9riaux gris bois noir luminaires \" srcset=\"https:\/\/www.cocondedecoration.com\/blog\/wp-content\/uploads\/2025\/09\/salon-salle-a-manger-moderne.003-640x960.jpeg 640w, https:\/\/www.cocondedecoration.com\/blog\/wp-content\/uploads\/2025\/09\/salon-salle-a-manger-moderne.003-260x390.jpeg 260w, https:\/\/www.cocondedecoration.com\/blog\/wp-content\/uploads\/2025\/09\/salon-salle-a-manger-moderne.003-768x1152.jpeg 768w, https:\/\/www.cocondedecoration.com\/blog\/wp-content\/uploads\/2025\/09\/salon-salle-a-manger-moderne.003-367x550.jpeg 367w, https:\/\/www.cocondedecoration.com\/blog\/wp-content\/uploads\/2025\/09\/salon-salle-a-manger-moderne.003-333x500.jpeg 333w, https:\/\/www.cocondedecoration.com\/blog\/wp-content\/uploads\/2025\/09\/salon-salle-a-manger-moderne.003.jpeg 1000w\" sizes=\"(max-width: 640px) 100vw, 640px\" \/><\/a><figcaption class=\"wp-element-caption\">vestiairecollective.com<\/figcaption><\/figure>\n\n\n\n<figure class=\"wp-block-image size-large\"><a href=\"https:\/\/www.cocondedecoration.com\/blog\/wp-content\/uploads\/2025\/09\/salon-salle-a-manger-moderne.004.jpeg\"><img loading=\"lazy\" decoding=\"async\" width=\"640\" height=\"960\" data-id=\"85121\" src=\"https:\/\/www.cocondedecoration.com\/blog\/wp-content\/uploads\/2025\/09\/salon-salle-a-manger-moderne.004-640x960.jpeg\" alt=\"salon salle \u00e0 manger moderne exemple petit espace claustra bois simple plantes vertes id\u00e9e d\u00e9coration structurer pi\u00e8ce \" class=\"wp-image-85121\" title=\"salon salle \u00e0 manger moderne exemple petit espace claustra bois simple plantes vertes id\u00e9e d\u00e9coration structurer pi\u00e8ce \" srcset=\"https:\/\/www.cocondedecoration.com\/blog\/wp-content\/uploads\/2025\/09\/salon-salle-a-manger-moderne.004-640x960.jpeg 640w, https:\/\/www.cocondedecoration.com\/blog\/wp-content\/uploads\/2025\/09\/salon-salle-a-manger-moderne.004-260x390.jpeg 260w, https:\/\/www.cocondedecoration.com\/blog\/wp-content\/uploads\/2025\/09\/salon-salle-a-manger-moderne.004-768x1152.jpeg 768w, https:\/\/www.cocondedecoration.com\/blog\/wp-content\/uploads\/2025\/09\/salon-salle-a-manger-moderne.004-367x550.jpeg 367w, https:\/\/www.cocondedecoration.com\/blog\/wp-content\/uploads\/2025\/09\/salon-salle-a-manger-moderne.004-333x500.jpeg 333w, https:\/\/www.cocondedecoration.com\/blog\/wp-content\/uploads\/2025\/09\/salon-salle-a-manger-moderne.004.jpeg 1000w\" sizes=\"(max-width: 640px) 100vw, 640px\" \/><\/a><figcaption class=\"wp-element-caption\">deco.fr<\/figcaption><\/figure>\n<\/figure>\n\n\n\n<h3 class=\"wp-block-heading\" id=\"aioseo-meubler-le-salon-salle-a-manger-tout-en-gardant-une-idee-dharmonie\">Meubler le salon salle \u00e0 manger tout en gardant une id\u00e9e d'harmonie <\/h3>\n\n\n\n<p>En ce qui concerne le mobilier, pour une harmonie parfaite, l'id\u00e9al est de choisir des meubles de salon et de salle \u00e0 manger complets, c'est \u00e0 dire un ensemble de meubles qui sont de la m\u00eame collection chez un m\u00eame vendeur. C'est un choix traditionnel qui se perd petit \u00e0 petit pour un bon nombre de raisons (mais ce n'est pas le sujet ici). Si vous ne trouvez pas votre bonheur dans les salles \u00e0 manger et salons complets, t\u00e2chez de rester sur la m\u00eame famille de mat\u00e9riaux: essence de bois clair, peinture laqu\u00e9e, etc. Si vous cherchez absolument l'harmonie, l'esth\u00e9tique globale des meubles jouera un r\u00f4le aussi (meubles rustiques, meubles minimalistes, etc.) <\/p>\n\n\n\n<figure class=\"wp-block-gallery has-nested-images columns-default is-cropped wp-block-gallery-3 is-layout-flex wp-block-gallery-is-layout-flex\">\n<figure class=\"wp-block-image size-large\"><a href=\"https:\/\/www.cocondedecoration.com\/blog\/wp-content\/uploads\/2025\/09\/salon-salle-a-manger-moderne.005.jpeg\"><img loading=\"lazy\" decoding=\"async\" width=\"640\" height=\"960\" data-id=\"85122\" src=\"https:\/\/www.cocondedecoration.com\/blog\/wp-content\/uploads\/2025\/09\/salon-salle-a-manger-moderne.005-640x960.jpeg\" alt=\"salon salle \u00e0 manger moderne photo ambiance lumineuse vintage canap\u00e9 marron velours chaises cannage plantes vertes table en verre \" class=\"wp-image-85122\" title=\"salon salle \u00e0 manger moderne photo ambiance lumineuse vintage canap\u00e9 marron velours chaises cannage plantes vertes table en verre \" srcset=\"https:\/\/www.cocondedecoration.com\/blog\/wp-content\/uploads\/2025\/09\/salon-salle-a-manger-moderne.005-640x960.jpeg 640w, https:\/\/www.cocondedecoration.com\/blog\/wp-content\/uploads\/2025\/09\/salon-salle-a-manger-moderne.005-260x390.jpeg 260w, https:\/\/www.cocondedecoration.com\/blog\/wp-content\/uploads\/2025\/09\/salon-salle-a-manger-moderne.005-768x1152.jpeg 768w, https:\/\/www.cocondedecoration.com\/blog\/wp-content\/uploads\/2025\/09\/salon-salle-a-manger-moderne.005-367x550.jpeg 367w, https:\/\/www.cocondedecoration.com\/blog\/wp-content\/uploads\/2025\/09\/salon-salle-a-manger-moderne.005-333x500.jpeg 333w, https:\/\/www.cocondedecoration.com\/blog\/wp-content\/uploads\/2025\/09\/salon-salle-a-manger-moderne.005.jpeg 1000w\" sizes=\"(max-width: 640px) 100vw, 640px\" \/><\/a><figcaption class=\"wp-element-caption\">saintatlas.com.au<\/figcaption><\/figure>\n\n\n\n<figure class=\"wp-block-image size-large\"><a href=\"https:\/\/www.cocondedecoration.com\/blog\/wp-content\/uploads\/2025\/09\/salon-salle-a-manger-moderne.006.jpeg\"><img loading=\"lazy\" decoding=\"async\" width=\"640\" height=\"960\" data-id=\"85123\" src=\"https:\/\/www.cocondedecoration.com\/blog\/wp-content\/uploads\/2025\/09\/salon-salle-a-manger-moderne.006-640x960.jpeg\" alt=\"salon salle \u00e0 manger moderne exemple classique rustique meuble blanc cuisine luminaire fibre naturelle canap\u00e9 vert table basse en bois ancien tapis \" class=\"wp-image-85123\" title=\"salon salle \u00e0 manger moderne exemple classique rustique meuble blanc cuisine luminaire fibre naturelle canap\u00e9 vert table basse en bois ancien tapis \" srcset=\"https:\/\/www.cocondedecoration.com\/blog\/wp-content\/uploads\/2025\/09\/salon-salle-a-manger-moderne.006-640x960.jpeg 640w, https:\/\/www.cocondedecoration.com\/blog\/wp-content\/uploads\/2025\/09\/salon-salle-a-manger-moderne.006-260x390.jpeg 260w, https:\/\/www.cocondedecoration.com\/blog\/wp-content\/uploads\/2025\/09\/salon-salle-a-manger-moderne.006-768x1152.jpeg 768w, https:\/\/www.cocondedecoration.com\/blog\/wp-content\/uploads\/2025\/09\/salon-salle-a-manger-moderne.006-367x550.jpeg 367w, https:\/\/www.cocondedecoration.com\/blog\/wp-content\/uploads\/2025\/09\/salon-salle-a-manger-moderne.006-333x500.jpeg 333w, https:\/\/www.cocondedecoration.com\/blog\/wp-content\/uploads\/2025\/09\/salon-salle-a-manger-moderne.006.jpeg 1000w\" sizes=\"(max-width: 640px) 100vw, 640px\" \/><\/a><figcaption class=\"wp-element-caption\">deco.fr<\/figcaption><\/figure>\n<\/figure>\n\n\n\n<div style=\"height:100px\" aria-hidden=\"true\" class=\"wp-block-spacer\"><\/div>\n\n\n\n<h2 class=\"wp-block-heading\" id=\"aioseo-bien-choisir-la-place-du-canape-dans-une-piece-de-vie-ouverte\">Bien choisir la place du canap\u00e9 dans une pi\u00e8ce de vie ouverte <\/h2>\n\n\n\n<p>On reste dans l'id\u00e9e de mobilier mais cette fois, on s'int\u00e9resse au canap\u00e9. C'est l'\u00e9l\u00e9ment principal du salon. Dans la salle \u00e0 manger, c'est la table et je vais vous en parler un peu plus bas dans cet article. Mais int\u00e9ressons-nous \u00e0 la place du <a href=\"https:\/\/www.cocondedecoration.com\/blog\/category\/deco-piece-par-piece\/deco-salon\/canape\/\" target=\"_blank\" rel=\"noopener\" title=\"\">canap\u00e9<\/a>. O\u00f9 le mettre dans un espace ouvert? Plusieurs possibilit\u00e9s s'offrent \u00e0 vous. <\/p>\n\n\n\n<p>La premi\u00e8re est de coller le canap\u00e9 contre un mur. Sur le mur du fond, vous aurez une vue sur l'ensemble de l'espace quand vous vous assoirez. Pos\u00e9 contre un mur adjacent, vous aurez le sentiment d'avoir un espace salon plus intime, plus cosy. Il y a \u00e9galement la possibilit\u00e9 de placer le canap\u00e9 ailleurs que contre un mur: au centre ou non de l'espace. Dans ce cas, le canap\u00e9 fera office de d\u00e9limitation visuelle dans l'espace. C'est une solution tr\u00e8s esth\u00e9tique mais elle ne convient pas \u00e0 tout le monde. Ne rien avoir derri\u00e8re soi quand on se pose dans le canap\u00e9, c'est parfois d\u00e9rangeant. <\/p>\n\n\n\n<p>A lire aussi: <a href=\"https:\/\/www.cocondedecoration.com\/blog\/2025\/02\/place-canape-salon\/\" target=\"_blank\" rel=\"noopener\" title=\"\">Comment placer le canap\u00e9 dans le salon? O\u00f9 le positionner?<\/a> Cet article ne se concentre pas sur les pi\u00e8ces de vie ouvertes mais vous aurez plus d'exemples et d'id\u00e9es pour placer votre ou vos canap\u00e9s dans l'espace. <\/p>\n\n\n\n<figure class=\"wp-block-gallery has-nested-images columns-default is-cropped wp-block-gallery-4 is-layout-flex wp-block-gallery-is-layout-flex\">\n<figure class=\"wp-block-image size-large\"><a href=\"https:\/\/www.cocondedecoration.com\/blog\/wp-content\/uploads\/2025\/09\/salon-salle-a-manger-moderne.007.jpeg\"><img loading=\"lazy\" decoding=\"async\" width=\"640\" height=\"960\" data-id=\"85125\" src=\"https:\/\/www.cocondedecoration.com\/blog\/wp-content\/uploads\/2025\/09\/salon-salle-a-manger-moderne.007-640x960.jpeg\" alt=\"salon salle \u00e0 manger moderne photo ambiance boh\u00e8me chic pouf berb\u00e8re tapis ethnique petit canap\u00e9 blanc table repas en bois \" class=\"wp-image-85125\" title=\"salon salle \u00e0 manger moderne photo ambiance boh\u00e8me chic pouf berb\u00e8re tapis ethnique petit canap\u00e9 blanc table repas en bois \" srcset=\"https:\/\/www.cocondedecoration.com\/blog\/wp-content\/uploads\/2025\/09\/salon-salle-a-manger-moderne.007-640x960.jpeg 640w, https:\/\/www.cocondedecoration.com\/blog\/wp-content\/uploads\/2025\/09\/salon-salle-a-manger-moderne.007-260x390.jpeg 260w, https:\/\/www.cocondedecoration.com\/blog\/wp-content\/uploads\/2025\/09\/salon-salle-a-manger-moderne.007-768x1152.jpeg 768w, https:\/\/www.cocondedecoration.com\/blog\/wp-content\/uploads\/2025\/09\/salon-salle-a-manger-moderne.007-367x550.jpeg 367w, https:\/\/www.cocondedecoration.com\/blog\/wp-content\/uploads\/2025\/09\/salon-salle-a-manger-moderne.007-333x500.jpeg 333w, https:\/\/www.cocondedecoration.com\/blog\/wp-content\/uploads\/2025\/09\/salon-salle-a-manger-moderne.007.jpeg 1000w\" sizes=\"(max-width: 640px) 100vw, 640px\" \/><\/a><figcaption class=\"wp-element-caption\">saltyluxe.com<\/figcaption><\/figure>\n\n\n\n<figure class=\"wp-block-image size-large\"><a href=\"https:\/\/www.cocondedecoration.com\/blog\/wp-content\/uploads\/2025\/09\/salon-salle-a-manger-moderne.008.jpeg\"><img loading=\"lazy\" decoding=\"async\" width=\"640\" height=\"960\" data-id=\"85124\" src=\"https:\/\/www.cocondedecoration.com\/blog\/wp-content\/uploads\/2025\/09\/salon-salle-a-manger-moderne.008-640x960.jpeg\" alt=\"salon salle \u00e0 manger moderne exemple canap\u00e9 centre de l'espace biblioth\u00e8que \u00e0 l'arri\u00e8re tapis gris meuble TV  vintage mid century modern \" class=\"wp-image-85124\" title=\"salon salle \u00e0 manger moderne exemple canap\u00e9 centre de l'espace biblioth\u00e8que \u00e0 l'arri\u00e8re tapis gris meuble TV  vintage mid century modern \" srcset=\"https:\/\/www.cocondedecoration.com\/blog\/wp-content\/uploads\/2025\/09\/salon-salle-a-manger-moderne.008-640x960.jpeg 640w, https:\/\/www.cocondedecoration.com\/blog\/wp-content\/uploads\/2025\/09\/salon-salle-a-manger-moderne.008-260x390.jpeg 260w, https:\/\/www.cocondedecoration.com\/blog\/wp-content\/uploads\/2025\/09\/salon-salle-a-manger-moderne.008-768x1152.jpeg 768w, https:\/\/www.cocondedecoration.com\/blog\/wp-content\/uploads\/2025\/09\/salon-salle-a-manger-moderne.008-367x550.jpeg 367w, https:\/\/www.cocondedecoration.com\/blog\/wp-content\/uploads\/2025\/09\/salon-salle-a-manger-moderne.008-333x500.jpeg 333w, https:\/\/www.cocondedecoration.com\/blog\/wp-content\/uploads\/2025\/09\/salon-salle-a-manger-moderne.008.jpeg 1000w\" sizes=\"(max-width: 640px) 100vw, 640px\" \/><\/a><figcaption class=\"wp-element-caption\">seebykelly.com<\/figcaption><\/figure>\n<\/figure>\n\n\n\n<div style=\"height:100px\" aria-hidden=\"true\" class=\"wp-block-spacer\"><\/div>\n\n\n\n<h2 class=\"wp-block-heading\" id=\"aioseo-structurer-lespace-dans-un-salon-salle-a-manger\">Structurer l'espace dans un salon salle \u00e0 manger <\/h2>\n\n\n\n<p>Je viens d'\u00e9voquer la question du canap\u00e9 comme \u00e9l\u00e9ment pour structurer et diff\u00e9rencier les espaces dans votre pi\u00e8ce ouverte. Une fois encore, ce n'est pas la seule solution. L'id\u00e9e ici n'est pas de <a href=\"https:\/\/www.cocondedecoration.com\/blog\/2025\/04\/materiau-cloison-interieur\/\" target=\"_blank\" rel=\"noopener\" title=\"\">cloisonner compl\u00e8tement les deux espaces<\/a> mais de cr\u00e9er une nouvelle dynamique visuelle dans l'espace. Cette dynamique peut vous permettre de d\u00e9limiter les fonctions mais aussi combler une sensation de trop grand \/ trop vide. <\/p>\n\n\n\n<h3 class=\"wp-block-heading\" id=\"aioseo-ajouter-une-bibliotheque-pour-structurer-une-piece-de-vie-ouverte\">Ajouter une biblioth\u00e8que pour structurer une pi\u00e8ce de vie ouverte<\/h3>\n\n\n\n<p>On peut par exemple penser \u00e0 installer une biblioth\u00e8que pour structurer la pi\u00e8ce. Elle peut \u00eatre ouverte sur les deux espaces. Elle peut aussi laisser voir ce qui se passe d'un c\u00f4t\u00e9 et de l'autre dans le cas o\u00f9 elle ne d\u00e9borde pas de livres. Cette biblioth\u00e8que peut \u00eatre un <a href=\"https:\/\/www.cocondedecoration.com\/blog\/2022\/10\/ou-trouver-petite-bibliotheque\/\" target=\"_blank\" rel=\"noopener\" title=\"\">meuble achet\u00e9 dans le commerce<\/a> o\u00f9 un meuble sur-mesure. Dans ce dernier cas, les possibilit\u00e9s sont nombreuses et on peut faire monter le meuble jusqu'au plafond. <\/p>\n\n\n\n<figure class=\"wp-block-gallery has-nested-images columns-default is-cropped wp-block-gallery-5 is-layout-flex wp-block-gallery-is-layout-flex\">\n<figure class=\"wp-block-image size-large\"><a href=\"https:\/\/www.cocondedecoration.com\/blog\/wp-content\/uploads\/2025\/09\/salon-salle-a-manger-moderne.009.jpeg\"><img loading=\"lazy\" decoding=\"async\" width=\"640\" height=\"960\" data-id=\"85126\" src=\"https:\/\/www.cocondedecoration.com\/blog\/wp-content\/uploads\/2025\/09\/salon-salle-a-manger-moderne.009-640x960.jpeg\" alt=\"salon salle \u00e0 manger moderne photo verri\u00e8re porte vitr\u00e9e chic et \u00e9l\u00e9gante couleur bleu cloisonner sans perdre en lumi\u00e8re \" class=\"wp-image-85126\" title=\"salon salle \u00e0 manger moderne photo verri\u00e8re porte vitr\u00e9e chic et \u00e9l\u00e9gante couleur bleu cloisonner sans perdre en lumi\u00e8re \" srcset=\"https:\/\/www.cocondedecoration.com\/blog\/wp-content\/uploads\/2025\/09\/salon-salle-a-manger-moderne.009-640x960.jpeg 640w, https:\/\/www.cocondedecoration.com\/blog\/wp-content\/uploads\/2025\/09\/salon-salle-a-manger-moderne.009-260x390.jpeg 260w, https:\/\/www.cocondedecoration.com\/blog\/wp-content\/uploads\/2025\/09\/salon-salle-a-manger-moderne.009-768x1152.jpeg 768w, https:\/\/www.cocondedecoration.com\/blog\/wp-content\/uploads\/2025\/09\/salon-salle-a-manger-moderne.009-367x550.jpeg 367w, https:\/\/www.cocondedecoration.com\/blog\/wp-content\/uploads\/2025\/09\/salon-salle-a-manger-moderne.009-333x500.jpeg 333w, https:\/\/www.cocondedecoration.com\/blog\/wp-content\/uploads\/2025\/09\/salon-salle-a-manger-moderne.009.jpeg 1000w\" sizes=\"(max-width: 640px) 100vw, 640px\" \/><\/a><figcaption class=\"wp-element-caption\">archilovers.com<\/figcaption><\/figure>\n\n\n\n<figure class=\"wp-block-image size-large\"><a href=\"https:\/\/www.cocondedecoration.com\/blog\/wp-content\/uploads\/2025\/09\/salon-salle-a-manger-moderne.010.jpeg\"><img loading=\"lazy\" decoding=\"async\" width=\"640\" height=\"960\" data-id=\"85127\" src=\"https:\/\/www.cocondedecoration.com\/blog\/wp-content\/uploads\/2025\/09\/salon-salle-a-manger-moderne.010-640x960.jpeg\" alt=\"salon salle \u00e0 manger moderne exemple verri\u00e8re industrielle s\u00e9paration des espaces bois m\u00e9tal et verre \" class=\"wp-image-85127\" title=\"salon salle \u00e0 manger moderne exemple verri\u00e8re industrielle s\u00e9paration des espaces bois m\u00e9tal et verre \" srcset=\"https:\/\/www.cocondedecoration.com\/blog\/wp-content\/uploads\/2025\/09\/salon-salle-a-manger-moderne.010-640x960.jpeg 640w, https:\/\/www.cocondedecoration.com\/blog\/wp-content\/uploads\/2025\/09\/salon-salle-a-manger-moderne.010-260x390.jpeg 260w, https:\/\/www.cocondedecoration.com\/blog\/wp-content\/uploads\/2025\/09\/salon-salle-a-manger-moderne.010-768x1152.jpeg 768w, https:\/\/www.cocondedecoration.com\/blog\/wp-content\/uploads\/2025\/09\/salon-salle-a-manger-moderne.010-367x550.jpeg 367w, https:\/\/www.cocondedecoration.com\/blog\/wp-content\/uploads\/2025\/09\/salon-salle-a-manger-moderne.010-333x500.jpeg 333w, https:\/\/www.cocondedecoration.com\/blog\/wp-content\/uploads\/2025\/09\/salon-salle-a-manger-moderne.010.jpeg 1000w\" sizes=\"(max-width: 640px) 100vw, 640px\" \/><\/a><figcaption class=\"wp-element-caption\">se.readly.com<\/figcaption><\/figure>\n<\/figure>\n\n\n\n<h3 class=\"wp-block-heading\" id=\"aioseo-structurer-lespace-avec-des-cloisons-basses-ou-cloisons-amovibles\">Structurer l'espace avec des cloisons basses ou cloisons amovibles <\/h3>\n\n\n\n<p>Pour structurer l'espace dans une pi\u00e8ce ouverte, il y a \u00e9galement la possibilit\u00e9 des <a href=\"https:\/\/www.cocondedecoration.com\/blog\/2020\/01\/idee-deco-des-claustras-dans-le-salon\/\" target=\"_blank\" rel=\"noopener\" title=\"\">claustras<\/a>, verri\u00e8res, murets. Le point commun de ces 3 solutions est de cloisonner partiellement l'espace sans pour autant cr\u00e9er un mur plein qui va couper la sensation d'espace et la lumi\u00e8re. Le muret est le choix le moins courant. On utilise souvent le muret pour d\u00e9limiter une entr\u00e9e, moins pour s\u00e9parer le salon de la salle \u00e0 manger. Il peut cependant \u00eatre pratique pour poser contre le canap\u00e9 et \/ ou le buffet. Les claustras et <a href=\"https:\/\/www.cocondedecoration.com\/blog\/2021\/04\/verriere-moderne-salle-a-manger\/\" target=\"_blank\" rel=\"noopener\" title=\"\">verri\u00e8res<\/a> sont quant \u00e0 eux des choix plus modernes. <\/p>\n\n\n\n<figure class=\"wp-block-gallery has-nested-images columns-default is-cropped wp-block-gallery-6 is-layout-flex wp-block-gallery-is-layout-flex\">\n<figure class=\"wp-block-image size-large\"><a href=\"https:\/\/www.cocondedecoration.com\/blog\/wp-content\/uploads\/2025\/09\/salon-salle-a-manger-moderne.011.jpeg\"><img loading=\"lazy\" decoding=\"async\" width=\"640\" height=\"960\" data-id=\"85129\" src=\"https:\/\/www.cocondedecoration.com\/blog\/wp-content\/uploads\/2025\/09\/salon-salle-a-manger-moderne.011-640x960.jpeg\" alt=\"salon salle \u00e0 manger moderne photo poteaux meuble sur mesure table de repas id\u00e9e originale espace ouvert architecture int\u00e9rieure \" class=\"wp-image-85129\" title=\"salon salle \u00e0 manger moderne photo poteaux meuble sur mesure table de repas id\u00e9e originale espace ouvert architecture int\u00e9rieure \" srcset=\"https:\/\/www.cocondedecoration.com\/blog\/wp-content\/uploads\/2025\/09\/salon-salle-a-manger-moderne.011-640x960.jpeg 640w, https:\/\/www.cocondedecoration.com\/blog\/wp-content\/uploads\/2025\/09\/salon-salle-a-manger-moderne.011-260x390.jpeg 260w, https:\/\/www.cocondedecoration.com\/blog\/wp-content\/uploads\/2025\/09\/salon-salle-a-manger-moderne.011-768x1152.jpeg 768w, https:\/\/www.cocondedecoration.com\/blog\/wp-content\/uploads\/2025\/09\/salon-salle-a-manger-moderne.011-367x550.jpeg 367w, https:\/\/www.cocondedecoration.com\/blog\/wp-content\/uploads\/2025\/09\/salon-salle-a-manger-moderne.011-333x500.jpeg 333w, https:\/\/www.cocondedecoration.com\/blog\/wp-content\/uploads\/2025\/09\/salon-salle-a-manger-moderne.011.jpeg 1000w\" sizes=\"(max-width: 640px) 100vw, 640px\" \/><\/a><figcaption class=\"wp-element-caption\">maison.20minutes.fr<\/figcaption><\/figure>\n\n\n\n<figure class=\"wp-block-image size-large\"><a href=\"https:\/\/www.cocondedecoration.com\/blog\/wp-content\/uploads\/2025\/09\/salon-salle-a-manger-moderne.012.jpeg\"><img loading=\"lazy\" decoding=\"async\" width=\"640\" height=\"960\" data-id=\"85128\" src=\"https:\/\/www.cocondedecoration.com\/blog\/wp-content\/uploads\/2025\/09\/salon-salle-a-manger-moderne.012-640x960.jpeg\" alt=\"salon salle \u00e0 manger moderne exemple biblioth\u00e8que cloison structurer espace mani\u00e8re originale rangement sur-mesure \" class=\"wp-image-85128\" title=\"salon salle \u00e0 manger moderne exemple biblioth\u00e8que cloison structurer espace mani\u00e8re originale rangement sur-mesure \" srcset=\"https:\/\/www.cocondedecoration.com\/blog\/wp-content\/uploads\/2025\/09\/salon-salle-a-manger-moderne.012-640x960.jpeg 640w, https:\/\/www.cocondedecoration.com\/blog\/wp-content\/uploads\/2025\/09\/salon-salle-a-manger-moderne.012-260x390.jpeg 260w, https:\/\/www.cocondedecoration.com\/blog\/wp-content\/uploads\/2025\/09\/salon-salle-a-manger-moderne.012-768x1152.jpeg 768w, https:\/\/www.cocondedecoration.com\/blog\/wp-content\/uploads\/2025\/09\/salon-salle-a-manger-moderne.012-367x550.jpeg 367w, https:\/\/www.cocondedecoration.com\/blog\/wp-content\/uploads\/2025\/09\/salon-salle-a-manger-moderne.012-333x500.jpeg 333w, https:\/\/www.cocondedecoration.com\/blog\/wp-content\/uploads\/2025\/09\/salon-salle-a-manger-moderne.012.jpeg 1000w\" sizes=\"(max-width: 640px) 100vw, 640px\" \/><\/a><figcaption class=\"wp-element-caption\">instagram.com\/pennyandreiby<\/figcaption><\/figure>\n<\/figure>\n\n\n\n<h2 class=\"wp-block-heading\">Guides d\u00e9co: meublez et am\u00e9nagez facilement votre salon <\/h2>\n\n\n\n<div class=\"wp-block-cb-carousel\" data-slick=\"{&quot;slidesToShow&quot;:3,&quot;slidesToScroll&quot;:1,&quot;speed&quot;:300,&quot;arrows&quot;:true,&quot;dots&quot;:false,&quot;autoplay&quot;:false,&quot;autoplaySpeed&quot;:3000,&quot;infinite&quot;:true,&quot;responsive&quot;:[{&quot;breakpoint&quot;:769,&quot;settings&quot;:{&quot;slidesToShow&quot;:1,&quot;slidesToScroll&quot;:1}}]}\">\n<div class=\"wp-block-cb-slide\">\n<figure class=\"wp-block-image size-large\"><a href=\"https:\/\/www.cocondedecoration.com\/blog\/wp-content\/uploads\/2025\/11\/guide-deco-meuble-salon-1.png\"><img loading=\"lazy\" decoding=\"async\" width=\"640\" height=\"960\" src=\"https:\/\/www.cocondedecoration.com\/blog\/wp-content\/uploads\/2025\/11\/guide-deco-meuble-salon-1-640x960.png\" alt=\"guide d\u00e9co meuble salon bien choisir petit meuble TV \" class=\"wp-image-86628\" title=\"guide d\u00e9co meuble salon bien choisir petit meuble TV \" srcset=\"https:\/\/www.cocondedecoration.com\/blog\/wp-content\/uploads\/2025\/11\/guide-deco-meuble-salon-1-640x960.png 640w, https:\/\/www.cocondedecoration.com\/blog\/wp-content\/uploads\/2025\/11\/guide-deco-meuble-salon-1-260x390.png 260w, https:\/\/www.cocondedecoration.com\/blog\/wp-content\/uploads\/2025\/11\/guide-deco-meuble-salon-1-768x1152.png 768w, https:\/\/www.cocondedecoration.com\/blog\/wp-content\/uploads\/2025\/11\/guide-deco-meuble-salon-1-367x550.png 367w, https:\/\/www.cocondedecoration.com\/blog\/wp-content\/uploads\/2025\/11\/guide-deco-meuble-salon-1-333x500.png 333w, https:\/\/www.cocondedecoration.com\/blog\/wp-content\/uploads\/2025\/11\/guide-deco-meuble-salon-1.png 1000w\" sizes=\"(max-width: 640px) 100vw, 640px\" \/><\/a><figcaption class=\"wp-element-caption\">O\u00f9 trouver un petit meuble t\u00e9l\u00e9? > <a href=\"https:\/\/www.cocondedecoration.com\/blog\/2020\/01\/shopping-deco-un-petit-meuble-tele\/\" target=\"_blank\" rel=\"noopener\" title=\"\">Le guide d\u00e9co est dispo ici<\/a><\/figcaption><\/figure>\n<\/div>\n\n\n\n<div class=\"wp-block-cb-slide\">\n<figure class=\"wp-block-image size-large\"><a href=\"https:\/\/www.cocondedecoration.com\/blog\/wp-content\/uploads\/2025\/11\/guide-deco-meuble-salon-2.png\"><img loading=\"lazy\" decoding=\"async\" width=\"640\" height=\"960\" src=\"https:\/\/www.cocondedecoration.com\/blog\/wp-content\/uploads\/2025\/11\/guide-deco-meuble-salon-2-640x960.png\" alt=\"guide d\u00e9co meuble salon bien choisir canap\u00e9 d'angle \" class=\"wp-image-86627\" title=\"guide d\u00e9co meuble salon bien choisir canap\u00e9 d'angle \" srcset=\"https:\/\/www.cocondedecoration.com\/blog\/wp-content\/uploads\/2025\/11\/guide-deco-meuble-salon-2-640x960.png 640w, https:\/\/www.cocondedecoration.com\/blog\/wp-content\/uploads\/2025\/11\/guide-deco-meuble-salon-2-260x390.png 260w, https:\/\/www.cocondedecoration.com\/blog\/wp-content\/uploads\/2025\/11\/guide-deco-meuble-salon-2-768x1152.png 768w, https:\/\/www.cocondedecoration.com\/blog\/wp-content\/uploads\/2025\/11\/guide-deco-meuble-salon-2-367x550.png 367w, https:\/\/www.cocondedecoration.com\/blog\/wp-content\/uploads\/2025\/11\/guide-deco-meuble-salon-2-333x500.png 333w, https:\/\/www.cocondedecoration.com\/blog\/wp-content\/uploads\/2025\/11\/guide-deco-meuble-salon-2.png 1000w\" sizes=\"(max-width: 640px) 100vw, 640px\" \/><\/a><figcaption class=\"wp-element-caption\">Tout savoir sur le canap\u00e9 d'angle > <a href=\"https:\/\/www.cocondedecoration.com\/blog\/2020\/05\/conseils-deco-tout-savoir-sur-le-canape-dangle\/\" target=\"_blank\" rel=\"noopener\" title=\"\">D\u00e9couvrir le guide d\u00e9co<\/a><\/figcaption><\/figure>\n<\/div>\n\n\n\n<div class=\"wp-block-cb-slide\">\n<figure class=\"wp-block-image size-large\"><a href=\"https:\/\/www.cocondedecoration.com\/blog\/wp-content\/uploads\/2025\/11\/guide-deco-meuble-salon-3.png\"><img loading=\"lazy\" decoding=\"async\" width=\"640\" height=\"960\" src=\"https:\/\/www.cocondedecoration.com\/blog\/wp-content\/uploads\/2025\/11\/guide-deco-meuble-salon-3-640x960.png\" alt=\"guide d\u00e9co meuble salon bien choisir table basse\" class=\"wp-image-86626\" title=\"guide d\u00e9co meuble salon bien choisir table basse\" srcset=\"https:\/\/www.cocondedecoration.com\/blog\/wp-content\/uploads\/2025\/11\/guide-deco-meuble-salon-3-640x960.png 640w, https:\/\/www.cocondedecoration.com\/blog\/wp-content\/uploads\/2025\/11\/guide-deco-meuble-salon-3-260x390.png 260w, https:\/\/www.cocondedecoration.com\/blog\/wp-content\/uploads\/2025\/11\/guide-deco-meuble-salon-3-768x1152.png 768w, https:\/\/www.cocondedecoration.com\/blog\/wp-content\/uploads\/2025\/11\/guide-deco-meuble-salon-3-367x550.png 367w, https:\/\/www.cocondedecoration.com\/blog\/wp-content\/uploads\/2025\/11\/guide-deco-meuble-salon-3-333x500.png 333w, https:\/\/www.cocondedecoration.com\/blog\/wp-content\/uploads\/2025\/11\/guide-deco-meuble-salon-3.png 1000w\" sizes=\"(max-width: 640px) 100vw, 640px\" \/><\/a><figcaption class=\"wp-element-caption\">Comment choisir sa nouvelle table basse? > <a href=\"https:\/\/www.cocondedecoration.com\/blog\/2018\/10\/conseils-deco-comment-bien-choisir-sa-table-basse\/\" target=\"_blank\" rel=\"noopener\" title=\"\">En savoir plus ici <\/a><\/figcaption><\/figure>\n<\/div>\n\n\n\n<div class=\"wp-block-cb-slide\">\n<figure class=\"wp-block-image size-large\"><a href=\"https:\/\/www.cocondedecoration.com\/blog\/wp-content\/uploads\/2025\/11\/guide-deco-meuble-salon-4.png\"><img loading=\"lazy\" decoding=\"async\" width=\"640\" height=\"960\" src=\"https:\/\/www.cocondedecoration.com\/blog\/wp-content\/uploads\/2025\/11\/guide-deco-meuble-salon-4-640x960.png\" alt=\"guide d\u00e9co meuble salon bien choisir housse de canap\u00e9 \" class=\"wp-image-86625\" title=\"guide d\u00e9co meuble salon bien choisir housse de canap\u00e9 \" srcset=\"https:\/\/www.cocondedecoration.com\/blog\/wp-content\/uploads\/2025\/11\/guide-deco-meuble-salon-4-640x960.png 640w, https:\/\/www.cocondedecoration.com\/blog\/wp-content\/uploads\/2025\/11\/guide-deco-meuble-salon-4-260x390.png 260w, https:\/\/www.cocondedecoration.com\/blog\/wp-content\/uploads\/2025\/11\/guide-deco-meuble-salon-4-768x1152.png 768w, https:\/\/www.cocondedecoration.com\/blog\/wp-content\/uploads\/2025\/11\/guide-deco-meuble-salon-4-367x550.png 367w, https:\/\/www.cocondedecoration.com\/blog\/wp-content\/uploads\/2025\/11\/guide-deco-meuble-salon-4-333x500.png 333w, https:\/\/www.cocondedecoration.com\/blog\/wp-content\/uploads\/2025\/11\/guide-deco-meuble-salon-4.png 1000w\" sizes=\"(max-width: 640px) 100vw, 640px\" \/><\/a><figcaption class=\"wp-element-caption\">Prot\u00e9ger son canap\u00e9 avec une housse d\u00e9co > <a href=\"https:\/\/www.cocondedecoration.com\/blog\/2025\/07\/housse-de-canape\/\" target=\"_blank\" rel=\"noopener\" title=\"\">Le guide d\u00e9co est ici<\/a><\/figcaption><\/figure>\n<\/div>\n\n\n\n<div class=\"wp-block-cb-slide\">\n<figure class=\"wp-block-image size-large is-resized\"><a href=\"https:\/\/www.cocondedecoration.com\/blog\/wp-content\/uploads\/2025\/11\/guide-deco-meuble-salon-5.png\"><img loading=\"lazy\" decoding=\"async\" width=\"640\" height=\"960\" src=\"https:\/\/www.cocondedecoration.com\/blog\/wp-content\/uploads\/2025\/11\/guide-deco-meuble-salon-5-640x960.png\" alt=\"guide d\u00e9co meuble salon bien choisir canap\u00e9 petit salon \" class=\"wp-image-86624\" style=\"width:257px;height:auto\" title=\"guide d\u00e9co meuble salon bien choisir canap\u00e9 petit salon \" srcset=\"https:\/\/www.cocondedecoration.com\/blog\/wp-content\/uploads\/2025\/11\/guide-deco-meuble-salon-5-640x960.png 640w, https:\/\/www.cocondedecoration.com\/blog\/wp-content\/uploads\/2025\/11\/guide-deco-meuble-salon-5-260x390.png 260w, https:\/\/www.cocondedecoration.com\/blog\/wp-content\/uploads\/2025\/11\/guide-deco-meuble-salon-5-768x1152.png 768w, https:\/\/www.cocondedecoration.com\/blog\/wp-content\/uploads\/2025\/11\/guide-deco-meuble-salon-5-367x550.png 367w, https:\/\/www.cocondedecoration.com\/blog\/wp-content\/uploads\/2025\/11\/guide-deco-meuble-salon-5-333x500.png 333w, https:\/\/www.cocondedecoration.com\/blog\/wp-content\/uploads\/2025\/11\/guide-deco-meuble-salon-5.png 1000w\" sizes=\"(max-width: 640px) 100vw, 640px\" \/><\/a><figcaption class=\"wp-element-caption\">Bien choisir son petit canap\u00e9 > <a href=\"https:\/\/www.cocondedecoration.com\/blog\/2018\/05\/10-canapes-pour-un-petit-salon\/\" target=\"_blank\" rel=\"noopener\" title=\"\">D\u00e9couvrez mes conseils<\/a><\/figcaption><\/figure>\n<\/div>\n\n\n\n<div class=\"wp-block-cb-slide\">\n<figure class=\"wp-block-image size-large\"><a href=\"https:\/\/www.cocondedecoration.com\/blog\/wp-content\/uploads\/2025\/11\/guide-deco-meuble-salon-6.png\"><img loading=\"lazy\" decoding=\"async\" width=\"640\" height=\"960\" src=\"https:\/\/www.cocondedecoration.com\/blog\/wp-content\/uploads\/2025\/11\/guide-deco-meuble-salon-6-640x960.png\" alt=\"guide d\u00e9co meuble salon bien choisir bout de canap\u00e9 table d'appoint \" class=\"wp-image-86623\" title=\"guide d\u00e9co meuble salon bien choisir bout de canap\u00e9 table d'appoint \" srcset=\"https:\/\/www.cocondedecoration.com\/blog\/wp-content\/uploads\/2025\/11\/guide-deco-meuble-salon-6-640x960.png 640w, https:\/\/www.cocondedecoration.com\/blog\/wp-content\/uploads\/2025\/11\/guide-deco-meuble-salon-6-260x390.png 260w, https:\/\/www.cocondedecoration.com\/blog\/wp-content\/uploads\/2025\/11\/guide-deco-meuble-salon-6-768x1152.png 768w, https:\/\/www.cocondedecoration.com\/blog\/wp-content\/uploads\/2025\/11\/guide-deco-meuble-salon-6-367x550.png 367w, https:\/\/www.cocondedecoration.com\/blog\/wp-content\/uploads\/2025\/11\/guide-deco-meuble-salon-6-333x500.png 333w, https:\/\/www.cocondedecoration.com\/blog\/wp-content\/uploads\/2025\/11\/guide-deco-meuble-salon-6.png 1000w\" sizes=\"(max-width: 640px) 100vw, 640px\" \/><\/a><figcaption class=\"wp-element-caption\">Bout de canap\u00e9 > <a href=\"https:\/\/www.cocondedecoration.com\/blog\/2022\/07\/ou-trouver-bout-de-canape-moderne\/\" target=\"_blank\" rel=\"noopener\" title=\"\">S\u00e9lection \u00e0 retrouver ici<\/a><\/figcaption><\/figure>\n<\/div>\n\n\n\n<div class=\"wp-block-cb-slide\">\n<figure class=\"wp-block-image size-large\"><a href=\"https:\/\/www.cocondedecoration.com\/blog\/wp-content\/uploads\/2025\/11\/guide-deco-meuble-salon-7.png\"><img loading=\"lazy\" decoding=\"async\" width=\"640\" height=\"960\" src=\"https:\/\/www.cocondedecoration.com\/blog\/wp-content\/uploads\/2025\/11\/guide-deco-meuble-salon-7-640x960.png\" alt=\"guide d\u00e9co meuble salon bien choisir canap\u00e9 convertible pas cher \" class=\"wp-image-86622\" title=\"guide d\u00e9co meuble salon bien choisir canap\u00e9 convertible pas cher \" srcset=\"https:\/\/www.cocondedecoration.com\/blog\/wp-content\/uploads\/2025\/11\/guide-deco-meuble-salon-7-640x960.png 640w, https:\/\/www.cocondedecoration.com\/blog\/wp-content\/uploads\/2025\/11\/guide-deco-meuble-salon-7-260x390.png 260w, https:\/\/www.cocondedecoration.com\/blog\/wp-content\/uploads\/2025\/11\/guide-deco-meuble-salon-7-768x1152.png 768w, https:\/\/www.cocondedecoration.com\/blog\/wp-content\/uploads\/2025\/11\/guide-deco-meuble-salon-7-367x550.png 367w, https:\/\/www.cocondedecoration.com\/blog\/wp-content\/uploads\/2025\/11\/guide-deco-meuble-salon-7-333x500.png 333w, https:\/\/www.cocondedecoration.com\/blog\/wp-content\/uploads\/2025\/11\/guide-deco-meuble-salon-7.png 1000w\" sizes=\"(max-width: 640px) 100vw, 640px\" \/><\/a><figcaption class=\"wp-element-caption\"><a href=\"https:\/\/www.cocondedecoration.com\/blog\/2021\/01\/ou-trouver-canape-convertible-petit-prix\/\" target=\"_blank\" rel=\"noopener\" title=\"\">O\u00f9 trouver un canap\u00e9 convertible pas cher? <\/a>> En savoir plus<\/figcaption><\/figure>\n<\/div>\n\n\n\n<div class=\"wp-block-cb-slide\">\n<figure class=\"wp-block-image size-large\"><a href=\"https:\/\/www.cocondedecoration.com\/blog\/wp-content\/uploads\/2025\/11\/guide-deco-meuble-salon-8.png\"><img loading=\"lazy\" decoding=\"async\" width=\"640\" height=\"960\" src=\"https:\/\/www.cocondedecoration.com\/blog\/wp-content\/uploads\/2025\/11\/guide-deco-meuble-salon-8-640x960.png\" alt=\"guide d\u00e9co meuble salon bien choisir liseuse derri\u00e8re canap\u00e9 luminaire lampadaire \" class=\"wp-image-86621\" title=\"guide d\u00e9co meuble salon bien choisir liseuse derri\u00e8re canap\u00e9 luminaire lampadaire \" srcset=\"https:\/\/www.cocondedecoration.com\/blog\/wp-content\/uploads\/2025\/11\/guide-deco-meuble-salon-8-640x960.png 640w, https:\/\/www.cocondedecoration.com\/blog\/wp-content\/uploads\/2025\/11\/guide-deco-meuble-salon-8-260x390.png 260w, https:\/\/www.cocondedecoration.com\/blog\/wp-content\/uploads\/2025\/11\/guide-deco-meuble-salon-8-768x1152.png 768w, https:\/\/www.cocondedecoration.com\/blog\/wp-content\/uploads\/2025\/11\/guide-deco-meuble-salon-8-367x550.png 367w, https:\/\/www.cocondedecoration.com\/blog\/wp-content\/uploads\/2025\/11\/guide-deco-meuble-salon-8-333x500.png 333w, https:\/\/www.cocondedecoration.com\/blog\/wp-content\/uploads\/2025\/11\/guide-deco-meuble-salon-8.png 1000w\" sizes=\"(max-width: 640px) 100vw, 640px\" \/><\/a><figcaption class=\"wp-element-caption\">Une liseuse derri\u00e8re le canap\u00e9 > <a href=\"https:\/\/www.cocondedecoration.com\/blog\/2024\/11\/choisir-lampe-lecture-salon\/\" target=\"_blank\" rel=\"noopener\" title=\"\">D\u00e9couvrir le guide<\/a><\/figcaption><\/figure>\n<\/div>\n<\/div>\n\n\n\n<p class=\"has-small-font-size\">Pour plus d'inspirations d\u00e9co au quotidien (pour le salon mais pas que!) rejoignez moi sur <a href=\"https:\/\/pinterest.fr\/cocondedeco\/\" target=\"_blank\" rel=\"noopener\" title=\"\">Pinterest<\/a> et sur <a href=\"https:\/\/www.threads.com\/@cocondedeco\" target=\"_blank\" rel=\"noopener\" title=\"\">Threads<\/a> (: <\/p>\n\n\n\n<h3 class=\"wp-block-heading\" id=\"aioseo-tirer-partie-des-poteaux-arches-et-elements-porteurs-pour-structurer-un-espace-ouvert\">Tirer partie des poteaux, arches et \u00e9l\u00e9ments porteurs pour structurer un espace ouvert<\/h3>\n\n\n\n<p>Il est possible que dans votre espace soient visibles des \u00e9l\u00e9ments porteurs de votre logement. C'est assez fr\u00e9quent quand on avait deux pi\u00e8ces ferm\u00e9es que l'on a d\u00e9cid\u00e9 d'ouvrir l'une sur l'autre. On peut presque dire que ce sont les structures naturelles des espaces. Et si vous avez un ou deux poteaux au centre de votre pi\u00e8ce ouverte, vous pouvez en tirer partie pour structurer l'espace: <\/p>\n\n\n\n<ul>\n<li>colorer diff\u00e9remment les poteaux pour qu'ils se d\u00e9marquent visuellement<\/li>\n\n\n\n<li>cr\u00e9er un meuble sur mesure en les int\u00e9grants dedans <\/li>\n\n\n\n<li>y placer des plantes vertes, de la d\u00e9co<\/li>\n<\/ul>\n\n\n\n<p>Souvent les poteaux sont vus comme des freins dans un projets d\u00e9co. Mais c'est tr\u00e8s contraignant et co\u00fbteux de les supprimer. Donc plut\u00f4t que de les voir comme un inconv\u00e9nient, mettez les en valeur et utilisez-les pour structurer votre pi\u00e8ce. <\/p>\n\n\n\n<p>Pour aller plus loin: <a href=\"https:\/\/www.cocondedecoration.com\/blog\/2022\/04\/arche-architecture-interieure\/\" target=\"_blank\" rel=\"noopener\" title=\"\">Arches &amp; architecture int\u00e9rieure<\/a> <\/p>\n\n\n\n<figure class=\"wp-block-gallery has-nested-images columns-default is-cropped wp-block-gallery-7 is-layout-flex wp-block-gallery-is-layout-flex\">\n<figure class=\"wp-block-image size-large\"><a href=\"https:\/\/www.cocondedecoration.com\/blog\/wp-content\/uploads\/2025\/09\/salon-salle-a-manger-moderne.013.jpeg\"><img loading=\"lazy\" decoding=\"async\" width=\"640\" height=\"960\" data-id=\"85130\" src=\"https:\/\/www.cocondedecoration.com\/blog\/wp-content\/uploads\/2025\/09\/salon-salle-a-manger-moderne.013-640x960.jpeg\" alt=\"salon salle \u00e0 manger moderne photo biblioth\u00e8que architecture int\u00e9rieure am\u00e9nagement structurer espace rangement \" class=\"wp-image-85130\" title=\"salon salle \u00e0 manger moderne photo biblioth\u00e8que architecture int\u00e9rieure am\u00e9nagement structurer espace rangement \" srcset=\"https:\/\/www.cocondedecoration.com\/blog\/wp-content\/uploads\/2025\/09\/salon-salle-a-manger-moderne.013-640x960.jpeg 640w, https:\/\/www.cocondedecoration.com\/blog\/wp-content\/uploads\/2025\/09\/salon-salle-a-manger-moderne.013-260x390.jpeg 260w, https:\/\/www.cocondedecoration.com\/blog\/wp-content\/uploads\/2025\/09\/salon-salle-a-manger-moderne.013-768x1152.jpeg 768w, https:\/\/www.cocondedecoration.com\/blog\/wp-content\/uploads\/2025\/09\/salon-salle-a-manger-moderne.013-367x550.jpeg 367w, https:\/\/www.cocondedecoration.com\/blog\/wp-content\/uploads\/2025\/09\/salon-salle-a-manger-moderne.013-333x500.jpeg 333w, https:\/\/www.cocondedecoration.com\/blog\/wp-content\/uploads\/2025\/09\/salon-salle-a-manger-moderne.013.jpeg 1000w\" sizes=\"(max-width: 640px) 100vw, 640px\" \/><\/a><figcaption class=\"wp-element-caption\">youm7.com<\/figcaption><\/figure>\n\n\n\n<figure class=\"wp-block-image size-large\"><a href=\"https:\/\/www.cocondedecoration.com\/blog\/wp-content\/uploads\/2025\/09\/salon-salle-a-manger-moderne.014.jpeg\"><img loading=\"lazy\" decoding=\"async\" width=\"640\" height=\"960\" data-id=\"85131\" src=\"https:\/\/www.cocondedecoration.com\/blog\/wp-content\/uploads\/2025\/09\/salon-salle-a-manger-moderne.014-640x960.jpeg\" alt=\"salon salle \u00e0 manger moderne exemple position du canap\u00e9 d'angle centre de la pi\u00e8ce biblioth\u00e8que sur mesure \u00e0 faire soi-m\u00eame \" class=\"wp-image-85131\" title=\"salon salle \u00e0 manger moderne exemple position du canap\u00e9 d'angle centre de la pi\u00e8ce biblioth\u00e8que sur mesure \u00e0 faire soi-m\u00eame \" srcset=\"https:\/\/www.cocondedecoration.com\/blog\/wp-content\/uploads\/2025\/09\/salon-salle-a-manger-moderne.014-640x960.jpeg 640w, https:\/\/www.cocondedecoration.com\/blog\/wp-content\/uploads\/2025\/09\/salon-salle-a-manger-moderne.014-260x390.jpeg 260w, https:\/\/www.cocondedecoration.com\/blog\/wp-content\/uploads\/2025\/09\/salon-salle-a-manger-moderne.014-768x1152.jpeg 768w, https:\/\/www.cocondedecoration.com\/blog\/wp-content\/uploads\/2025\/09\/salon-salle-a-manger-moderne.014-367x550.jpeg 367w, https:\/\/www.cocondedecoration.com\/blog\/wp-content\/uploads\/2025\/09\/salon-salle-a-manger-moderne.014-333x500.jpeg 333w, https:\/\/www.cocondedecoration.com\/blog\/wp-content\/uploads\/2025\/09\/salon-salle-a-manger-moderne.014.jpeg 1000w\" sizes=\"(max-width: 640px) 100vw, 640px\" \/><\/a><figcaption class=\"wp-element-caption\">notreloft.com<\/figcaption><\/figure>\n<\/figure>\n\n\n\n<h3 class=\"wp-block-heading\" id=\"aioseo-profiter-de-la-transparence-des-portes-vitrees-pour-structurer-le-salon-salle-a-manger\">Profiter de la transparence des portes vitr\u00e9es pour structurer le salon salle \u00e0 manger <\/h3>\n\n\n\n<p>Derni\u00e8re id\u00e9e pour apporter une forme de structure \u00e0 votre espace salon salle \u00e0 manger: <a href=\"https:\/\/www.cocondedecoration.com\/blog\/2021\/05\/porte-vitree-interieure\/\" target=\"_blank\" rel=\"noopener\" title=\"\">la porte vitr\u00e9e<\/a>. Elle a de nombreux avantages: <\/p>\n\n\n\n<ul>\n<li>laisse passer la lumi\u00e8re <\/li>\n\n\n\n<li>permet d'isoler les deux espaces (isolation du bruit de la Tv par exemple) <\/li>\n\n\n\n<li>se fait oublier facilement (principe de la vitre) <\/li>\n\n\n\n<li>offre une myriade de possibilit\u00e9s d\u00e9co: vitraux, montants plus ou moins modernes... <\/li>\n<\/ul>\n\n\n\n<p>En ce moment, la tendance des espaces ouverts est en train de s'inverser. Alors que pendant une bonne quinzaine d'ann\u00e9es, on avait envie de casser les murs, \u00e0 pr\u00e9sent, on tend \u00e0 refermer les espaces. La porte vitr\u00e9e est un bon compromis entre les deux. <\/p>\n\n\n\n<figure class=\"wp-block-gallery has-nested-images columns-default is-cropped wp-block-gallery-8 is-layout-flex wp-block-gallery-is-layout-flex\">\n<figure class=\"wp-block-image size-large\"><a href=\"https:\/\/www.cocondedecoration.com\/blog\/wp-content\/uploads\/2025\/09\/salon-salle-a-manger-moderne.015.jpeg\"><img loading=\"lazy\" decoding=\"async\" width=\"640\" height=\"960\" data-id=\"85132\" src=\"https:\/\/www.cocondedecoration.com\/blog\/wp-content\/uploads\/2025\/09\/salon-salle-a-manger-moderne.015-640x960.jpeg\" alt=\"salon salle \u00e0 manger moderne photo structurer espace canap\u00e9 cosy biblioth\u00e8que meuble sur mesure id\u00e9e originale \" class=\"wp-image-85132\" title=\"salon salle \u00e0 manger moderne photo structurer espace canap\u00e9 cosy biblioth\u00e8que meuble sur mesure id\u00e9e originale \" srcset=\"https:\/\/www.cocondedecoration.com\/blog\/wp-content\/uploads\/2025\/09\/salon-salle-a-manger-moderne.015-640x960.jpeg 640w, https:\/\/www.cocondedecoration.com\/blog\/wp-content\/uploads\/2025\/09\/salon-salle-a-manger-moderne.015-260x390.jpeg 260w, https:\/\/www.cocondedecoration.com\/blog\/wp-content\/uploads\/2025\/09\/salon-salle-a-manger-moderne.015-768x1152.jpeg 768w, https:\/\/www.cocondedecoration.com\/blog\/wp-content\/uploads\/2025\/09\/salon-salle-a-manger-moderne.015-367x550.jpeg 367w, https:\/\/www.cocondedecoration.com\/blog\/wp-content\/uploads\/2025\/09\/salon-salle-a-manger-moderne.015-333x500.jpeg 333w, https:\/\/www.cocondedecoration.com\/blog\/wp-content\/uploads\/2025\/09\/salon-salle-a-manger-moderne.015.jpeg 1000w\" sizes=\"(max-width: 640px) 100vw, 640px\" \/><\/a><figcaption class=\"wp-element-caption\">madame.lefigaro.fr<\/figcaption><\/figure>\n\n\n\n<figure class=\"wp-block-image size-large\"><a href=\"https:\/\/www.cocondedecoration.com\/blog\/wp-content\/uploads\/2025\/09\/salon-salle-a-manger-moderne.016.jpeg\"><img loading=\"lazy\" decoding=\"async\" width=\"640\" height=\"960\" data-id=\"85133\" src=\"https:\/\/www.cocondedecoration.com\/blog\/wp-content\/uploads\/2025\/09\/salon-salle-a-manger-moderne.016-640x960.jpeg\" alt=\"salon salle \u00e0 manger moderne exemple meuble derri\u00e8re canap\u00e9 console bois et m\u00e9tal plante verte rangement livre id\u00e9e d\u00e9co\" class=\"wp-image-85133\" title=\"salon salle \u00e0 manger moderne exemple meuble derri\u00e8re canap\u00e9 console bois et m\u00e9tal plante verte rangement livre id\u00e9e d\u00e9co\" srcset=\"https:\/\/www.cocondedecoration.com\/blog\/wp-content\/uploads\/2025\/09\/salon-salle-a-manger-moderne.016-640x960.jpeg 640w, https:\/\/www.cocondedecoration.com\/blog\/wp-content\/uploads\/2025\/09\/salon-salle-a-manger-moderne.016-260x390.jpeg 260w, https:\/\/www.cocondedecoration.com\/blog\/wp-content\/uploads\/2025\/09\/salon-salle-a-manger-moderne.016-768x1152.jpeg 768w, https:\/\/www.cocondedecoration.com\/blog\/wp-content\/uploads\/2025\/09\/salon-salle-a-manger-moderne.016-367x550.jpeg 367w, https:\/\/www.cocondedecoration.com\/blog\/wp-content\/uploads\/2025\/09\/salon-salle-a-manger-moderne.016-333x500.jpeg 333w, https:\/\/www.cocondedecoration.com\/blog\/wp-content\/uploads\/2025\/09\/salon-salle-a-manger-moderne.016.jpeg 1000w\" sizes=\"(max-width: 640px) 100vw, 640px\" \/><\/a><figcaption class=\"wp-element-caption\">mochmag.ir<\/figcaption><\/figure>\n<\/figure>\n\n\n\n<div style=\"height:100px\" aria-hidden=\"true\" class=\"wp-block-spacer\"><\/div>\n\n\n\n<h2 class=\"wp-block-heading\" id=\"aioseo-bien-choisir-la-table-de-salle-a-manger-dans-une-piece-a-vivre-ouverte\">Bien choisir la table de salle \u00e0 manger dans une pi\u00e8ce \u00e0 vivre ouverte <\/h2>\n\n\n\n<p>On a parl\u00e9 du canap\u00e9, il est temps de parler de la table de salle \u00e0 manger. Elle est tout aussi importante que le canap\u00e9 mais les tenants et aboutissants sont diff\u00e9rents. <\/p>\n\n\n\n<h3 class=\"wp-block-heading\" id=\"aioseo-taille-et-forme-de-la-table-de-salle-a-manger-dans-une-piece-ouverte\">Taille et forme de la table de salle \u00e0 manger dans une pi\u00e8ce ouverte<\/h3>\n\n\n\n<p>Comme dans une salle \u00e0 manger ferm\u00e9e entre 4 murs, la taille et la forme de la table sont \u00e0 prendre en compte. La taille doit \u00eatre adapt\u00e9e \u00e0 l'espace. On ne choisit pas la m\u00eame table quand on a un salon salle \u00e0 manger de 15m<sup>2<\/sup> que quand on a un espace qui en fait 30 ou 60. <\/p>\n\n\n\n<p>Peu importe la superficie au sol de votre pi\u00e8ce, en choisissant votre nouvelle table de salle \u00e0 manger, gardez en t\u00eate l'id\u00e9e qu'il faut pouvoir circuler autour de la table. Par cons\u00e9quent, en plus de la dimension de la table, il faut pr\u00e9voir les espaces de passages: 120 cm quand la chaise est rang\u00e9e sous la table, 60 cm quand quelqu'un est assis. <\/p>\n\n\n\n<p>La forme quant \u00e0 elle va plus r\u00e9pondre \u00e0 un besoin pratique en mati\u00e8re de nombre de convives (en plus de l'esth\u00e9tique). Les petites tables rondes et carr\u00e9es par exemple sont nickel pour cr\u00e9er un coin repas. Les tables ovales ou rectangulaires sont plus adapt\u00e9es au grands espaces et permettent d'accueillir plus de monde \u00e0 table. <\/p>\n\n\n\n<figure class=\"wp-block-gallery has-nested-images columns-default is-cropped wp-block-gallery-9 is-layout-flex wp-block-gallery-is-layout-flex\">\n<figure class=\"wp-block-image size-large\"><a href=\"https:\/\/www.cocondedecoration.com\/blog\/wp-content\/uploads\/2025\/09\/salon-salle-a-manger-moderne.017.jpeg\"><img loading=\"lazy\" decoding=\"async\" width=\"640\" height=\"960\" data-id=\"85134\" src=\"https:\/\/www.cocondedecoration.com\/blog\/wp-content\/uploads\/2025\/09\/salon-salle-a-manger-moderne.017-640x960.jpeg\" alt=\"salon salle \u00e0 manger moderne photo pi\u00e8ce en longueur ambiance \u00e9l\u00e9gante mur accent en plaquette de parement tapis et canap\u00e9 gris petite table carr\u00e9e \" class=\"wp-image-85134\" title=\"salon salle \u00e0 manger moderne photo pi\u00e8ce en longueur ambiance \u00e9l\u00e9gante mur accent en plaquette de parement tapis et canap\u00e9 gris petite table carr\u00e9e \" srcset=\"https:\/\/www.cocondedecoration.com\/blog\/wp-content\/uploads\/2025\/09\/salon-salle-a-manger-moderne.017-640x960.jpeg 640w, https:\/\/www.cocondedecoration.com\/blog\/wp-content\/uploads\/2025\/09\/salon-salle-a-manger-moderne.017-260x390.jpeg 260w, https:\/\/www.cocondedecoration.com\/blog\/wp-content\/uploads\/2025\/09\/salon-salle-a-manger-moderne.017-768x1152.jpeg 768w, https:\/\/www.cocondedecoration.com\/blog\/wp-content\/uploads\/2025\/09\/salon-salle-a-manger-moderne.017-367x550.jpeg 367w, https:\/\/www.cocondedecoration.com\/blog\/wp-content\/uploads\/2025\/09\/salon-salle-a-manger-moderne.017-333x500.jpeg 333w, https:\/\/www.cocondedecoration.com\/blog\/wp-content\/uploads\/2025\/09\/salon-salle-a-manger-moderne.017.jpeg 1000w\" sizes=\"(max-width: 640px) 100vw, 640px\" \/><\/a><figcaption class=\"wp-element-caption\">olx.in<\/figcaption><\/figure>\n\n\n\n<figure class=\"wp-block-image size-large\"><a href=\"https:\/\/www.cocondedecoration.com\/blog\/wp-content\/uploads\/2025\/09\/salon-salle-a-manger-moderne.018.jpeg\"><img loading=\"lazy\" decoding=\"async\" width=\"640\" height=\"960\" data-id=\"85135\" src=\"https:\/\/www.cocondedecoration.com\/blog\/wp-content\/uploads\/2025\/09\/salon-salle-a-manger-moderne.018-640x960.jpeg\" alt=\"salon salle \u00e0 manger moderne exemple en longueur deux canap\u00e9s l'un en face de l'autre table rectangulaire mur blanc cuisine atmosph\u00e8re familiale \" class=\"wp-image-85135\" title=\"salon salle \u00e0 manger moderne exemple en longueur deux canap\u00e9s l'un en face de l'autre table rectangulaire mur blanc cuisine atmosph\u00e8re familiale \" srcset=\"https:\/\/www.cocondedecoration.com\/blog\/wp-content\/uploads\/2025\/09\/salon-salle-a-manger-moderne.018-640x960.jpeg 640w, https:\/\/www.cocondedecoration.com\/blog\/wp-content\/uploads\/2025\/09\/salon-salle-a-manger-moderne.018-260x390.jpeg 260w, https:\/\/www.cocondedecoration.com\/blog\/wp-content\/uploads\/2025\/09\/salon-salle-a-manger-moderne.018-768x1152.jpeg 768w, https:\/\/www.cocondedecoration.com\/blog\/wp-content\/uploads\/2025\/09\/salon-salle-a-manger-moderne.018-367x550.jpeg 367w, https:\/\/www.cocondedecoration.com\/blog\/wp-content\/uploads\/2025\/09\/salon-salle-a-manger-moderne.018-333x500.jpeg 333w, https:\/\/www.cocondedecoration.com\/blog\/wp-content\/uploads\/2025\/09\/salon-salle-a-manger-moderne.018.jpeg 1000w\" sizes=\"(max-width: 640px) 100vw, 640px\" \/><\/a><figcaption class=\"wp-element-caption\">for-interieur.fr<\/figcaption><\/figure>\n<\/figure>\n\n\n\n<h3 class=\"wp-block-heading\" id=\"aioseo-creer-un-coin-repas-dans-un-salon\">Cr\u00e9er un coin repas dans un salon <\/h3>\n\n\n\n<p>Si vous avez un petit logement, il est possible que vous n'ayez pas de salle \u00e0 manger \u00e0 proprement parl\u00e9 mais que vous souhaitiez un petit espace pour pouvoir manger. Le salon est donc une possibilit\u00e9 pour cr\u00e9er un coin repas et par cons\u00e9quent, on a un espace avec deux fonctions ouvertes l'une sur l'autre. La cr\u00e9ation d'un coin repas est un sujet que j'ai d\u00e9j\u00e0 abord\u00e9 \u00e0 plusieurs reprises (j'aime passionn\u00e9ment les petits espaces). <\/p>\n\n\n\n<p>Ici je vais la faire courte. Pour gagner de la place ou du moins pas en perdre inutilement, le choix de la table est primordial. M\u00eame dans un petit espace, il est possible d'asseoir 3 \u00e0 5 convives gr\u00e2ce \u00e0 une table ronde ou carr\u00e9e. Pour gagner un peu plus de place, envisagez \u00e9galement <a href=\"https:\/\/www.cocondedecoration.com\/blog\/2021\/01\/idees-a-copier-banquette-angle-coin-repas\/\" target=\"_blank\" rel=\"noopener\" title=\"\">la banquette<\/a>. Avec elle, pas besoin de pr\u00e9voir le recul de la chaise. <\/p>\n\n\n\n<p>Pour aller plus loin: <a href=\"https:\/\/www.cocondedecoration.com\/blog\/2021\/04\/quelle-table-choisir-petit-espace-repas\/\" target=\"_blank\" rel=\"noopener\" title=\"\">Quelle table choisir pour un petit espace repas? |\u00a0guide d\u00e9co<\/a><\/p>\n\n\n\n<figure class=\"wp-block-gallery has-nested-images columns-default is-cropped wp-block-gallery-10 is-layout-flex wp-block-gallery-is-layout-flex\">\n<figure class=\"wp-block-image size-large\"><a href=\"https:\/\/www.cocondedecoration.com\/blog\/wp-content\/uploads\/2025\/09\/salon-salle-a-manger-moderne.019.jpeg\"><img loading=\"lazy\" decoding=\"async\" width=\"640\" height=\"960\" data-id=\"85136\" src=\"https:\/\/www.cocondedecoration.com\/blog\/wp-content\/uploads\/2025\/09\/salon-salle-a-manger-moderne.019-640x960.jpeg\" alt=\"salon salle \u00e0 manger moderne photo canap\u00e9 d'angle dos \u00e0 l'espace repas table 8 personnes en bois appartement \" class=\"wp-image-85136\" title=\"salon salle \u00e0 manger moderne photo canap\u00e9 d'angle dos \u00e0 l'espace repas table 8 personnes en bois appartement \" srcset=\"https:\/\/www.cocondedecoration.com\/blog\/wp-content\/uploads\/2025\/09\/salon-salle-a-manger-moderne.019-640x960.jpeg 640w, https:\/\/www.cocondedecoration.com\/blog\/wp-content\/uploads\/2025\/09\/salon-salle-a-manger-moderne.019-260x390.jpeg 260w, https:\/\/www.cocondedecoration.com\/blog\/wp-content\/uploads\/2025\/09\/salon-salle-a-manger-moderne.019-768x1152.jpeg 768w, https:\/\/www.cocondedecoration.com\/blog\/wp-content\/uploads\/2025\/09\/salon-salle-a-manger-moderne.019-367x550.jpeg 367w, https:\/\/www.cocondedecoration.com\/blog\/wp-content\/uploads\/2025\/09\/salon-salle-a-manger-moderne.019-333x500.jpeg 333w, https:\/\/www.cocondedecoration.com\/blog\/wp-content\/uploads\/2025\/09\/salon-salle-a-manger-moderne.019.jpeg 1000w\" sizes=\"(max-width: 640px) 100vw, 640px\" \/><\/a><figcaption class=\"wp-element-caption\">nieruchomosci-online.pl<\/figcaption><\/figure>\n\n\n\n<figure class=\"wp-block-image size-large\"><a href=\"https:\/\/www.cocondedecoration.com\/blog\/wp-content\/uploads\/2025\/09\/salon-salle-a-manger-moderne.020.jpeg\"><img loading=\"lazy\" decoding=\"async\" width=\"640\" height=\"960\" data-id=\"85137\" src=\"https:\/\/www.cocondedecoration.com\/blog\/wp-content\/uploads\/2025\/09\/salon-salle-a-manger-moderne.020-640x960.jpeg\" alt=\"salon salle \u00e0 manger moderne exemple grand canap\u00e9 d'angle beige tapis table basse ronde table repas rectangulaire bois et m\u00e9tal 8 places \" class=\"wp-image-85137\" title=\"salon salle \u00e0 manger moderne exemple grand canap\u00e9 d'angle beige tapis table basse ronde table repas rectangulaire bois et m\u00e9tal 8 places \" srcset=\"https:\/\/www.cocondedecoration.com\/blog\/wp-content\/uploads\/2025\/09\/salon-salle-a-manger-moderne.020-640x960.jpeg 640w, https:\/\/www.cocondedecoration.com\/blog\/wp-content\/uploads\/2025\/09\/salon-salle-a-manger-moderne.020-260x390.jpeg 260w, https:\/\/www.cocondedecoration.com\/blog\/wp-content\/uploads\/2025\/09\/salon-salle-a-manger-moderne.020-768x1152.jpeg 768w, https:\/\/www.cocondedecoration.com\/blog\/wp-content\/uploads\/2025\/09\/salon-salle-a-manger-moderne.020-367x550.jpeg 367w, https:\/\/www.cocondedecoration.com\/blog\/wp-content\/uploads\/2025\/09\/salon-salle-a-manger-moderne.020-333x500.jpeg 333w, https:\/\/www.cocondedecoration.com\/blog\/wp-content\/uploads\/2025\/09\/salon-salle-a-manger-moderne.020.jpeg 1000w\" sizes=\"(max-width: 640px) 100vw, 640px\" \/><\/a><figcaption class=\"wp-element-caption\">ensohomes.in<\/figcaption><\/figure>\n<\/figure>\n\n\n\n<h3 class=\"wp-block-heading\" id=\"aioseo-une-grande-table-de-salle-a-manger-dans-une-piece-ouverte\">Une grande table de salle \u00e0 manger dans une pi\u00e8ce ouverte <\/h3>\n\n\n\n<p>Ne pensez pas qu'il est plus facile d'avoir un grand espace qu'un petit pour une salle \u00e0 manger ouverte sur le salon. Ce n'est pas tout \u00e0 fait vrai. Il serait dommage d'avoir une table qui tombe comme un cheveux sur la soupe dans votre espace. La difficult\u00e9 quand on a de la place - voire beaucoup de place - c'est que la table ne soit pas isol\u00e9e et ne semble pas perdue au milieu du vide. <\/p>\n\n\n\n<p>Tirez partie de l'espace et du \"vide\" pour mettre en valeur l'esth\u00e9tique de la table. La forme du plateau, le ou les pieds de la table, les mat\u00e9riaux... Ce sont des \u00e9l\u00e9ments qui peuvent sortir de l'ordinaire et d\u00e9corer votre espace (sans pour autant ajouter 50 meubles). <a href=\"https:\/\/www.cocondedecoration.com\/blog\/2024\/06\/chaise-moderne-salle-a-manger\/\" target=\"_blank\" rel=\"noopener\" title=\"\">Les chaises<\/a> aussi vous aideront \u00e0 parfaire votre d\u00e9co c\u00f4t\u00e9 salle \u00e0 manger. Et si vous avez de l'espace, vous pouvez partir sur des fauteuils de table. <\/p>\n\n\n\n<p>Pour aller plus loin: <a href=\"https:\/\/www.cocondedecoration.com\/blog\/2015\/11\/table-ronde-ou-table-rectangulaire\/\" target=\"_blank\" rel=\"noopener\" title=\"\">Choisir une table ronde, ovale ou rectangulaire? | guide d\u00e9co<\/a><\/p>\n\n\n\n<figure class=\"wp-block-gallery has-nested-images columns-default is-cropped wp-block-gallery-11 is-layout-flex wp-block-gallery-is-layout-flex\">\n<figure class=\"wp-block-image size-large\"><a href=\"https:\/\/www.cocondedecoration.com\/blog\/wp-content\/uploads\/2025\/09\/salon-salle-a-manger-moderne.021.jpeg\"><img loading=\"lazy\" decoding=\"async\" width=\"640\" height=\"960\" data-id=\"85139\" src=\"https:\/\/www.cocondedecoration.com\/blog\/wp-content\/uploads\/2025\/09\/salon-salle-a-manger-moderne.021-640x960.jpeg\" alt=\"salon salle \u00e0 manger moderne photo grande baie vitr\u00e9e canap\u00e9 d'angle noir lampadaire petite table repas 4 personne en bois tapis pour d\u00e9limiter les espaces \" class=\"wp-image-85139\" title=\"salon salle \u00e0 manger moderne photo grande baie vitr\u00e9e canap\u00e9 d'angle noir lampadaire petite table repas 4 personne en bois tapis pour d\u00e9limiter les espaces \" srcset=\"https:\/\/www.cocondedecoration.com\/blog\/wp-content\/uploads\/2025\/09\/salon-salle-a-manger-moderne.021-640x960.jpeg 640w, https:\/\/www.cocondedecoration.com\/blog\/wp-content\/uploads\/2025\/09\/salon-salle-a-manger-moderne.021-260x390.jpeg 260w, https:\/\/www.cocondedecoration.com\/blog\/wp-content\/uploads\/2025\/09\/salon-salle-a-manger-moderne.021-768x1152.jpeg 768w, https:\/\/www.cocondedecoration.com\/blog\/wp-content\/uploads\/2025\/09\/salon-salle-a-manger-moderne.021-367x550.jpeg 367w, https:\/\/www.cocondedecoration.com\/blog\/wp-content\/uploads\/2025\/09\/salon-salle-a-manger-moderne.021-333x500.jpeg 333w, https:\/\/www.cocondedecoration.com\/blog\/wp-content\/uploads\/2025\/09\/salon-salle-a-manger-moderne.021.jpeg 1000w\" sizes=\"(max-width: 640px) 100vw, 640px\" \/><\/a><figcaption class=\"wp-element-caption\">westelm.com<\/figcaption><\/figure>\n\n\n\n<figure class=\"wp-block-image size-large\"><a href=\"https:\/\/www.cocondedecoration.com\/blog\/wp-content\/uploads\/2025\/09\/salon-salle-a-manger-moderne.022.jpeg\"><img loading=\"lazy\" decoding=\"async\" width=\"640\" height=\"960\" data-id=\"85138\" src=\"https:\/\/www.cocondedecoration.com\/blog\/wp-content\/uploads\/2025\/09\/salon-salle-a-manger-moderne.022-640x960.jpeg\" alt=\"salon salle \u00e0 manger moderne exemple coin repas banquette en bois petite table ronde id\u00e9e gain de place pi\u00e8ce \u00e0 vivre \" class=\"wp-image-85138\" title=\"salon salle \u00e0 manger moderne exemple coin repas banquette en bois petite table ronde id\u00e9e gain de place pi\u00e8ce \u00e0 vivre \" srcset=\"https:\/\/www.cocondedecoration.com\/blog\/wp-content\/uploads\/2025\/09\/salon-salle-a-manger-moderne.022-640x960.jpeg 640w, https:\/\/www.cocondedecoration.com\/blog\/wp-content\/uploads\/2025\/09\/salon-salle-a-manger-moderne.022-260x390.jpeg 260w, https:\/\/www.cocondedecoration.com\/blog\/wp-content\/uploads\/2025\/09\/salon-salle-a-manger-moderne.022-768x1152.jpeg 768w, https:\/\/www.cocondedecoration.com\/blog\/wp-content\/uploads\/2025\/09\/salon-salle-a-manger-moderne.022-367x550.jpeg 367w, https:\/\/www.cocondedecoration.com\/blog\/wp-content\/uploads\/2025\/09\/salon-salle-a-manger-moderne.022-333x500.jpeg 333w, https:\/\/www.cocondedecoration.com\/blog\/wp-content\/uploads\/2025\/09\/salon-salle-a-manger-moderne.022.jpeg 1000w\" sizes=\"(max-width: 640px) 100vw, 640px\" \/><\/a><figcaption class=\"wp-element-caption\">roomofinspo.com<\/figcaption><\/figure>\n<\/figure>\n\n\n\n<div style=\"height:100px\" aria-hidden=\"true\" class=\"wp-block-spacer\"><\/div>\n\n\n\n<h2 class=\"wp-block-heading\" id=\"aioseo-quelques-idees-deco-pour-sublimer-votre-salon-salle-a-manger\">Quelques id\u00e9es d\u00e9co pour sublimer votre salon salle \u00e0 manger <\/h2>\n\n\n\n<p>Quand j'ai commenc\u00e9 cet article, je ne pensais pas \u00e9crire autant. Je me suis un peu enflamm\u00e9e. Je vous remercie si vous avez tout lu jusqu'\u00e0 maintenant. On arrive \u00e0 la derni\u00e8re grosse partie de cet article: sublimer la d\u00e9co d'une pi\u00e8ce ouverte. <\/p>\n\n\n\n<h3 class=\"wp-block-heading\" id=\"aioseo-eclairage-et-luminaires-dans-une-piece-de-vie-ouverte\">Eclairage et luminaires dans une pi\u00e8ce de vie ouverte <\/h3>\n\n\n\n<p>Dans une pi\u00e8ce ferm\u00e9e classique, on a un luminaire principal au plafond, des luminaires secondaires qui \u00e9clairent des zones sp\u00e9cifiques (comme <a href=\"https:\/\/www.cocondedecoration.com\/blog\/2024\/11\/choisir-lampe-lecture-salon\/\" target=\"_blank\" rel=\"noopener\" title=\"\">la liseuse derri\u00e8re le canap\u00e9<\/a>) et des luminaires d'ambiance. Cependant, dans le cas d'une pi\u00e8ce de vie ouverte, on n'est pas sur un sch\u00e9ma classique. Avant toutes choses, pour l'\u00e9clairage de votre espace, pensez par zones. Il faut un \u00e9clairage sp\u00e9cifique pour le salon, un autre pour la salle \u00e0 manger histoire que ce soit confortable au quotidien. Les luminaires d'ambiance, ceux qui servent \u00e0 faire joli, seront la jonction entre les deux zones distinctes. <\/p>\n\n\n\n<figure class=\"wp-block-gallery has-nested-images columns-default is-cropped wp-block-gallery-12 is-layout-flex wp-block-gallery-is-layout-flex\">\n<figure class=\"wp-block-image size-large\"><a href=\"https:\/\/www.cocondedecoration.com\/blog\/wp-content\/uploads\/2025\/09\/salon-salle-a-manger-moderne.023.jpeg\"><img loading=\"lazy\" decoding=\"async\" width=\"640\" height=\"960\" data-id=\"85140\" src=\"https:\/\/www.cocondedecoration.com\/blog\/wp-content\/uploads\/2025\/09\/salon-salle-a-manger-moderne.023-640x960.jpeg\" alt=\"salon salle \u00e0 manger moderne photo grande table en bois rectangulaire 8 personnes suspension en rotin mur accent vert canap\u00e9 beige \" class=\"wp-image-85140\" title=\"salon salle \u00e0 manger moderne photo grande table en bois rectangulaire 8 personnes suspension en rotin mur accent vert canap\u00e9 beige \" srcset=\"https:\/\/www.cocondedecoration.com\/blog\/wp-content\/uploads\/2025\/09\/salon-salle-a-manger-moderne.023-640x960.jpeg 640w, https:\/\/www.cocondedecoration.com\/blog\/wp-content\/uploads\/2025\/09\/salon-salle-a-manger-moderne.023-260x390.jpeg 260w, https:\/\/www.cocondedecoration.com\/blog\/wp-content\/uploads\/2025\/09\/salon-salle-a-manger-moderne.023-768x1152.jpeg 768w, https:\/\/www.cocondedecoration.com\/blog\/wp-content\/uploads\/2025\/09\/salon-salle-a-manger-moderne.023-367x550.jpeg 367w, https:\/\/www.cocondedecoration.com\/blog\/wp-content\/uploads\/2025\/09\/salon-salle-a-manger-moderne.023-333x500.jpeg 333w, https:\/\/www.cocondedecoration.com\/blog\/wp-content\/uploads\/2025\/09\/salon-salle-a-manger-moderne.023.jpeg 1000w\" sizes=\"(max-width: 640px) 100vw, 640px\" \/><\/a><figcaption class=\"wp-element-caption\">edwardgeorgelondon.com<\/figcaption><\/figure>\n\n\n\n<figure class=\"wp-block-image size-large\"><a href=\"https:\/\/www.cocondedecoration.com\/blog\/wp-content\/uploads\/2025\/09\/salon-salle-a-manger-moderne.024.jpeg\"><img loading=\"lazy\" decoding=\"async\" width=\"640\" height=\"960\" data-id=\"85141\" src=\"https:\/\/www.cocondedecoration.com\/blog\/wp-content\/uploads\/2025\/09\/salon-salle-a-manger-moderne.024-640x960.jpeg\" alt=\"salon salle \u00e0 manger moderne exemple mur accent galerie murale canap\u00e9 beige table repas ronde ambiance chic et \u00e9l\u00e9gante \" class=\"wp-image-85141\" title=\"salon salle \u00e0 manger moderne exemple mur accent galerie murale canap\u00e9 beige table repas ronde ambiance chic et \u00e9l\u00e9gante \" srcset=\"https:\/\/www.cocondedecoration.com\/blog\/wp-content\/uploads\/2025\/09\/salon-salle-a-manger-moderne.024-640x960.jpeg 640w, https:\/\/www.cocondedecoration.com\/blog\/wp-content\/uploads\/2025\/09\/salon-salle-a-manger-moderne.024-260x390.jpeg 260w, https:\/\/www.cocondedecoration.com\/blog\/wp-content\/uploads\/2025\/09\/salon-salle-a-manger-moderne.024-768x1152.jpeg 768w, https:\/\/www.cocondedecoration.com\/blog\/wp-content\/uploads\/2025\/09\/salon-salle-a-manger-moderne.024-367x550.jpeg 367w, https:\/\/www.cocondedecoration.com\/blog\/wp-content\/uploads\/2025\/09\/salon-salle-a-manger-moderne.024-333x500.jpeg 333w, https:\/\/www.cocondedecoration.com\/blog\/wp-content\/uploads\/2025\/09\/salon-salle-a-manger-moderne.024.jpeg 1000w\" sizes=\"(max-width: 640px) 100vw, 640px\" \/><\/a><figcaption class=\"wp-element-caption\">sereneandspace.com<\/figcaption><\/figure>\n<\/figure>\n\n\n\n<h3 class=\"wp-block-heading\" id=\"aioseo-les-tapis-pour-delimiter-les-espaces-ou-pas\">Les tapis pour d\u00e9limiter les espaces ou pas <\/h3>\n\n\n\n<p>Il y a quelques mois sur Threads, j'avais pos\u00e9 une question sommaire: pour ou contre le tapis sous la table de salle \u00e0 manger? Une question qui fait d\u00e9bat. Cela d\u00e9pend du go\u00fbt de chacun... Le tapis c\u00f4t\u00e9 salon fait beaucoup moins pol\u00e9mique. Il est synonyme de confort. Je ne vais pas vous dire qu'il faut absolument un tapis dans chacun des 2 espaces, c'est \u00e0 vous de voir. <\/p>\n\n\n\n<p>En revanche, le tapis peut vous aider \u00e0 d\u00e9finir visuellement un espace. Sans avoir \u00e0 cloisonner ou \u00e0 meubler, le tapis va d\u00e9limiter un espace. On peut choisir de d\u00e9limiter le salon avec un tapis XXL, d\u00e9limiter le salon et la salle \u00e0 manger avec deux tapis diff\u00e9rents ou choisir de ne pas en mettre du tout. Dans ce cas, votre d\u00e9co semblera plus \u00e9pur\u00e9e. <\/p>\n\n\n\n<figure class=\"wp-block-gallery has-nested-images columns-default is-cropped wp-block-gallery-13 is-layout-flex wp-block-gallery-is-layout-flex\">\n<figure class=\"wp-block-image size-large\"><a href=\"https:\/\/www.cocondedecoration.com\/blog\/wp-content\/uploads\/2025\/09\/salon-salle-a-manger-moderne.025.jpeg\"><img loading=\"lazy\" decoding=\"async\" width=\"640\" height=\"960\" data-id=\"85142\" src=\"https:\/\/www.cocondedecoration.com\/blog\/wp-content\/uploads\/2025\/09\/salon-salle-a-manger-moderne.025-640x960.jpeg\" alt=\"salon salle \u00e0 manger moderne photo biblioth\u00e8que galerie murale table repas ronde canap\u00e9 beige tapis pour d\u00e9limiter les espaces\" class=\"wp-image-85142\" title=\"salon salle \u00e0 manger moderne photo biblioth\u00e8que galerie murale table repas ronde canap\u00e9 beige tapis pour d\u00e9limiter les espaces\" srcset=\"https:\/\/www.cocondedecoration.com\/blog\/wp-content\/uploads\/2025\/09\/salon-salle-a-manger-moderne.025-640x960.jpeg 640w, https:\/\/www.cocondedecoration.com\/blog\/wp-content\/uploads\/2025\/09\/salon-salle-a-manger-moderne.025-260x390.jpeg 260w, https:\/\/www.cocondedecoration.com\/blog\/wp-content\/uploads\/2025\/09\/salon-salle-a-manger-moderne.025-768x1152.jpeg 768w, https:\/\/www.cocondedecoration.com\/blog\/wp-content\/uploads\/2025\/09\/salon-salle-a-manger-moderne.025-367x550.jpeg 367w, https:\/\/www.cocondedecoration.com\/blog\/wp-content\/uploads\/2025\/09\/salon-salle-a-manger-moderne.025-333x500.jpeg 333w, https:\/\/www.cocondedecoration.com\/blog\/wp-content\/uploads\/2025\/09\/salon-salle-a-manger-moderne.025.jpeg 1000w\" sizes=\"(max-width: 640px) 100vw, 640px\" \/><\/a><figcaption class=\"wp-element-caption\">balthazarinterior.no<\/figcaption><\/figure>\n\n\n\n<figure class=\"wp-block-image size-large\"><a href=\"https:\/\/www.cocondedecoration.com\/blog\/wp-content\/uploads\/2025\/09\/salon-salle-a-manger-moderne.026.jpeg\"><img loading=\"lazy\" decoding=\"async\" width=\"640\" height=\"960\" data-id=\"85143\" src=\"https:\/\/www.cocondedecoration.com\/blog\/wp-content\/uploads\/2025\/09\/salon-salle-a-manger-moderne.026-640x960.jpeg\" alt=\"salon salle \u00e0 manger moderne exemple int\u00e9rieur neutre et chic meuble en bois harmonie couleur et mat\u00e9riaux \" class=\"wp-image-85143\" title=\"salon salle \u00e0 manger moderne exemple int\u00e9rieur neutre et chic meuble en bois harmonie couleur et mat\u00e9riaux \" srcset=\"https:\/\/www.cocondedecoration.com\/blog\/wp-content\/uploads\/2025\/09\/salon-salle-a-manger-moderne.026-640x960.jpeg 640w, https:\/\/www.cocondedecoration.com\/blog\/wp-content\/uploads\/2025\/09\/salon-salle-a-manger-moderne.026-260x390.jpeg 260w, https:\/\/www.cocondedecoration.com\/blog\/wp-content\/uploads\/2025\/09\/salon-salle-a-manger-moderne.026-768x1152.jpeg 768w, https:\/\/www.cocondedecoration.com\/blog\/wp-content\/uploads\/2025\/09\/salon-salle-a-manger-moderne.026-367x550.jpeg 367w, https:\/\/www.cocondedecoration.com\/blog\/wp-content\/uploads\/2025\/09\/salon-salle-a-manger-moderne.026-333x500.jpeg 333w, https:\/\/www.cocondedecoration.com\/blog\/wp-content\/uploads\/2025\/09\/salon-salle-a-manger-moderne.026.jpeg 1000w\" sizes=\"(max-width: 640px) 100vw, 640px\" \/><\/a><figcaption class=\"wp-element-caption\">blackmagicwoman.eu<\/figcaption><\/figure>\n<\/figure>\n\n\n\n<h2 class=\"wp-block-heading\">Mes guides d\u00e9co pour cr\u00e9er une salle \u00e0 manger \u00e0 votre image<\/h2>\n\n\n\n<div class=\"wp-block-cb-carousel\" data-slick=\"{&quot;slidesToShow&quot;:3,&quot;slidesToScroll&quot;:1,&quot;speed&quot;:300,&quot;arrows&quot;:true,&quot;dots&quot;:false,&quot;autoplay&quot;:false,&quot;autoplaySpeed&quot;:3000,&quot;infinite&quot;:true,&quot;responsive&quot;:[{&quot;breakpoint&quot;:769,&quot;settings&quot;:{&quot;slidesToShow&quot;:1,&quot;slidesToScroll&quot;:1}}]}\">\n<div class=\"wp-block-cb-slide\">\n<figure class=\"wp-block-image size-large is-resized\"><a href=\"https:\/\/www.cocondedecoration.com\/blog\/wp-content\/uploads\/2025\/10\/guide-deco-salle-a-manger-1.png\"><img loading=\"lazy\" decoding=\"async\" width=\"640\" height=\"960\" src=\"https:\/\/www.cocondedecoration.com\/blog\/wp-content\/uploads\/2025\/10\/guide-deco-salle-a-manger-1-640x960.png\" alt=\"guide d\u00e9co salle \u00e0 manger conseils choix mobilier table de repas \" class=\"wp-image-85979\" style=\"width:257px;height:auto\" title=\"guide d\u00e9co salle \u00e0 manger conseils choix mobilier table de repas \" srcset=\"https:\/\/www.cocondedecoration.com\/blog\/wp-content\/uploads\/2025\/10\/guide-deco-salle-a-manger-1-640x960.png 640w, https:\/\/www.cocondedecoration.com\/blog\/wp-content\/uploads\/2025\/10\/guide-deco-salle-a-manger-1-260x390.png 260w, https:\/\/www.cocondedecoration.com\/blog\/wp-content\/uploads\/2025\/10\/guide-deco-salle-a-manger-1-768x1152.png 768w, https:\/\/www.cocondedecoration.com\/blog\/wp-content\/uploads\/2025\/10\/guide-deco-salle-a-manger-1-367x550.png 367w, https:\/\/www.cocondedecoration.com\/blog\/wp-content\/uploads\/2025\/10\/guide-deco-salle-a-manger-1-333x500.png 333w, https:\/\/www.cocondedecoration.com\/blog\/wp-content\/uploads\/2025\/10\/guide-deco-salle-a-manger-1.png 1000w\" sizes=\"(max-width: 640px) 100vw, 640px\" \/><\/a><figcaption class=\"wp-element-caption\">Quelle table choisir? > <a href=\"https:\/\/www.cocondedecoration.com\/blog\/2015\/11\/table-ronde-ou-table-rectangulaire\/\" target=\"_blank\" rel=\"noopener\" title=\"\">Guide d\u00e9co<\/a><\/figcaption><\/figure>\n<\/div>\n\n\n\n<div class=\"wp-block-cb-slide\">\n<figure class=\"wp-block-image size-large\"><a href=\"https:\/\/www.cocondedecoration.com\/blog\/wp-content\/uploads\/2025\/10\/guide-deco-salle-a-manger-2.png\"><img loading=\"lazy\" decoding=\"async\" width=\"640\" height=\"960\" src=\"https:\/\/www.cocondedecoration.com\/blog\/wp-content\/uploads\/2025\/10\/guide-deco-salle-a-manger-2-640x960.png\" alt=\"guide d\u00e9co salle \u00e0 manger conseils choix meubles rangement buffet vaisselier enfilade exemple \" class=\"wp-image-85980\" title=\"guide d\u00e9co salle \u00e0 manger conseils choix meubles rangement buffet vaisselier enfilade exemple \" srcset=\"https:\/\/www.cocondedecoration.com\/blog\/wp-content\/uploads\/2025\/10\/guide-deco-salle-a-manger-2-640x960.png 640w, https:\/\/www.cocondedecoration.com\/blog\/wp-content\/uploads\/2025\/10\/guide-deco-salle-a-manger-2-260x390.png 260w, https:\/\/www.cocondedecoration.com\/blog\/wp-content\/uploads\/2025\/10\/guide-deco-salle-a-manger-2-768x1152.png 768w, https:\/\/www.cocondedecoration.com\/blog\/wp-content\/uploads\/2025\/10\/guide-deco-salle-a-manger-2-367x550.png 367w, https:\/\/www.cocondedecoration.com\/blog\/wp-content\/uploads\/2025\/10\/guide-deco-salle-a-manger-2-333x500.png 333w, https:\/\/www.cocondedecoration.com\/blog\/wp-content\/uploads\/2025\/10\/guide-deco-salle-a-manger-2.png 1000w\" sizes=\"(max-width: 640px) 100vw, 640px\" \/><\/a><figcaption class=\"wp-element-caption\">Buffet, vaisselier, enfilade? > <a href=\"https:\/\/www.cocondedecoration.com\/blog\/2015\/04\/buffet-vaisselier-ou-enfilade\/\" target=\"_blank\" rel=\"noopener\" title=\"\">Guide d\u00e9co<\/a><\/figcaption><\/figure>\n<\/div>\n\n\n\n<div class=\"wp-block-cb-slide\">\n<figure class=\"wp-block-image size-large\"><a href=\"https:\/\/www.cocondedecoration.com\/blog\/wp-content\/uploads\/2025\/10\/guide-deco-salle-a-manger-3.png\"><img loading=\"lazy\" decoding=\"async\" width=\"640\" height=\"960\" src=\"https:\/\/www.cocondedecoration.com\/blog\/wp-content\/uploads\/2025\/10\/guide-deco-salle-a-manger-3-640x960.png\" alt=\"guide d\u00e9co salle \u00e0 manger conseils r\u00e9ussir \u00e9clairage espace luminaires \" class=\"wp-image-85981\" title=\"guide d\u00e9co salle \u00e0 manger conseils r\u00e9ussir \u00e9clairage espace luminaires \" srcset=\"https:\/\/www.cocondedecoration.com\/blog\/wp-content\/uploads\/2025\/10\/guide-deco-salle-a-manger-3-640x960.png 640w, https:\/\/www.cocondedecoration.com\/blog\/wp-content\/uploads\/2025\/10\/guide-deco-salle-a-manger-3-260x390.png 260w, https:\/\/www.cocondedecoration.com\/blog\/wp-content\/uploads\/2025\/10\/guide-deco-salle-a-manger-3-768x1152.png 768w, https:\/\/www.cocondedecoration.com\/blog\/wp-content\/uploads\/2025\/10\/guide-deco-salle-a-manger-3-367x550.png 367w, https:\/\/www.cocondedecoration.com\/blog\/wp-content\/uploads\/2025\/10\/guide-deco-salle-a-manger-3-333x500.png 333w, https:\/\/www.cocondedecoration.com\/blog\/wp-content\/uploads\/2025\/10\/guide-deco-salle-a-manger-3.png 1000w\" sizes=\"(max-width: 640px) 100vw, 640px\" \/><\/a><figcaption class=\"wp-element-caption\">R\u00e9ussir l'\u00e9clairage de la salle \u00e0 manger > <a href=\"https:\/\/www.cocondedecoration.com\/blog\/2020\/03\/conseils-deco-comment-reussir-leclairage-de-sa-salle-a-manger\/\" target=\"_blank\" rel=\"noopener\" title=\"\">Guide d\u00e9co<\/a><\/figcaption><\/figure>\n<\/div>\n\n\n\n<div class=\"wp-block-cb-slide\">\n<figure class=\"wp-block-image size-large\"><a href=\"https:\/\/www.cocondedecoration.com\/blog\/wp-content\/uploads\/2025\/10\/guide-deco-salle-a-manger-4.png\"><img loading=\"lazy\" decoding=\"async\" width=\"640\" height=\"960\" src=\"https:\/\/www.cocondedecoration.com\/blog\/wp-content\/uploads\/2025\/10\/guide-deco-salle-a-manger-4-640x960.png\" alt=\"guide d\u00e9co salle \u00e0 manger s\u00e9lection chaises modernes tendance\" class=\"wp-image-85982\" title=\"guide d\u00e9co salle \u00e0 manger s\u00e9lection chaises modernes tendance\" srcset=\"https:\/\/www.cocondedecoration.com\/blog\/wp-content\/uploads\/2025\/10\/guide-deco-salle-a-manger-4-640x960.png 640w, https:\/\/www.cocondedecoration.com\/blog\/wp-content\/uploads\/2025\/10\/guide-deco-salle-a-manger-4-260x390.png 260w, https:\/\/www.cocondedecoration.com\/blog\/wp-content\/uploads\/2025\/10\/guide-deco-salle-a-manger-4-768x1152.png 768w, https:\/\/www.cocondedecoration.com\/blog\/wp-content\/uploads\/2025\/10\/guide-deco-salle-a-manger-4-367x550.png 367w, https:\/\/www.cocondedecoration.com\/blog\/wp-content\/uploads\/2025\/10\/guide-deco-salle-a-manger-4-333x500.png 333w, https:\/\/www.cocondedecoration.com\/blog\/wp-content\/uploads\/2025\/10\/guide-deco-salle-a-manger-4.png 1000w\" sizes=\"(max-width: 640px) 100vw, 640px\" \/><\/a><figcaption class=\"wp-element-caption\">S\u00e9lection de chaises modernes > <a href=\"https:\/\/www.cocondedecoration.com\/blog\/2024\/06\/chaise-moderne-salle-a-manger\/\" target=\"_blank\" rel=\"noopener\" title=\"\">Guide d\u00e9co <\/a><\/figcaption><\/figure>\n<\/div>\n\n\n\n<div class=\"wp-block-cb-slide\">\n<figure class=\"wp-block-image size-large\"><a href=\"https:\/\/www.cocondedecoration.com\/blog\/wp-content\/uploads\/2025\/10\/guide-deco-salle-a-manger-5.png\"><img loading=\"lazy\" decoding=\"async\" width=\"640\" height=\"960\" src=\"https:\/\/www.cocondedecoration.com\/blog\/wp-content\/uploads\/2025\/10\/guide-deco-salle-a-manger-5-640x960.png\" alt=\"guide d\u00e9co salle \u00e0 manger choix lampe \u00e0 poser sur le buffet \" class=\"wp-image-85983\" title=\"guide d\u00e9co salle \u00e0 manger choix lampe \u00e0 poser sur le buffet \" srcset=\"https:\/\/www.cocondedecoration.com\/blog\/wp-content\/uploads\/2025\/10\/guide-deco-salle-a-manger-5-640x960.png 640w, https:\/\/www.cocondedecoration.com\/blog\/wp-content\/uploads\/2025\/10\/guide-deco-salle-a-manger-5-260x390.png 260w, https:\/\/www.cocondedecoration.com\/blog\/wp-content\/uploads\/2025\/10\/guide-deco-salle-a-manger-5-768x1152.png 768w, https:\/\/www.cocondedecoration.com\/blog\/wp-content\/uploads\/2025\/10\/guide-deco-salle-a-manger-5-367x550.png 367w, https:\/\/www.cocondedecoration.com\/blog\/wp-content\/uploads\/2025\/10\/guide-deco-salle-a-manger-5-333x500.png 333w, https:\/\/www.cocondedecoration.com\/blog\/wp-content\/uploads\/2025\/10\/guide-deco-salle-a-manger-5.png 1000w\" sizes=\"(max-width: 640px) 100vw, 640px\" \/><\/a><figcaption class=\"wp-element-caption\">Quelle lampe \u00e0 poser sur le buffet? > <a href=\"https:\/\/www.cocondedecoration.com\/blog\/2022\/12\/choisir-lampe-a-poser-buffet\/\" target=\"_blank\" rel=\"noopener\" title=\"\">Guide d\u00e9co <\/a><\/figcaption><\/figure>\n<\/div>\n\n\n\n<div class=\"wp-block-cb-slide\">\n<figure class=\"wp-block-image size-large\"><a href=\"https:\/\/www.cocondedecoration.com\/blog\/wp-content\/uploads\/2025\/10\/guide-deco-salle-a-manger-6.png\"><img loading=\"lazy\" decoding=\"async\" width=\"640\" height=\"960\" src=\"https:\/\/www.cocondedecoration.com\/blog\/wp-content\/uploads\/2025\/10\/guide-deco-salle-a-manger-6-640x960.png\" alt=\"guide d\u00e9co salle \u00e0 manger conseils d\u00e9coration am\u00e9nagement mobilier \" class=\"wp-image-85984\" title=\"guide d\u00e9co salle \u00e0 manger conseils d\u00e9coration am\u00e9nagement mobilier \" srcset=\"https:\/\/www.cocondedecoration.com\/blog\/wp-content\/uploads\/2025\/10\/guide-deco-salle-a-manger-6-640x960.png 640w, https:\/\/www.cocondedecoration.com\/blog\/wp-content\/uploads\/2025\/10\/guide-deco-salle-a-manger-6-260x390.png 260w, https:\/\/www.cocondedecoration.com\/blog\/wp-content\/uploads\/2025\/10\/guide-deco-salle-a-manger-6-768x1152.png 768w, https:\/\/www.cocondedecoration.com\/blog\/wp-content\/uploads\/2025\/10\/guide-deco-salle-a-manger-6-367x550.png 367w, https:\/\/www.cocondedecoration.com\/blog\/wp-content\/uploads\/2025\/10\/guide-deco-salle-a-manger-6-333x500.png 333w, https:\/\/www.cocondedecoration.com\/blog\/wp-content\/uploads\/2025\/10\/guide-deco-salle-a-manger-6.png 1000w\" sizes=\"(max-width: 640px) 100vw, 640px\" \/><\/a><figcaption class=\"wp-element-caption\"><a href=\"https:\/\/www.cocondedecoration.com\/blog\/category\/deco-piece-par-piece\/deco-salle-a-manger\/meubles-salle-a-manger-moderne-guide-deco\/\" target=\"_blank\" rel=\"noopener\" title=\"\">Tous les guides pour la salle \u00e0 manger <\/a><\/figcaption><\/figure>\n<\/div>\n<\/div>\n\n\n\n<h3 class=\"wp-block-heading\" id=\"aioseo-est-il-possible-de-creer-un-mur-accent-dans-un-salon-salle-a-manger\">Est-il possible de cr\u00e9er un mur accent dans un salon salle \u00e0 manger? <\/h3>\n\n\n\n<p>Dernier point de cet article, la question du mur accent. Par d\u00e9finition, un mur accent est un mur d\u00e9cor\u00e9 de mani\u00e8re diff\u00e9rente des autres murs de la pi\u00e8ce. Il permet d'attirer le regard, l'attention. Dans un salon classique entre 4 murs, le mur accent peut \u00eatre celui de la t\u00e9l\u00e9 ou celui contre lequel on pose le canap\u00e9. Dans le premier cas, la t\u00e9l\u00e9 va avoir une place esth\u00e9tique plus importante, dans le second cas la place du canap\u00e9 sera renforc\u00e9e et le salon semblera plus cosy et confortable. Mais quand on a une pi\u00e8ce de vie ouverte, c'est un peu diff\u00e9rent. <\/p>\n\n\n\n<p>Le mur accent peut faire le lien entre le salon et la salle \u00e0 manger. C'est une solution id\u00e9ale pour cr\u00e9er une harmonie entre les deux espaces. Et dans ce cas, le mur accent sera l'un des murs qu'on trouve dans les 2 espaces. Cependant, le mur accent peut vous aider \u00e0 donner plus d'importance \u00e0 un espace par rapport \u00e0 l'autre. Un mur accent c\u00f4t\u00e9 salon donnera plus d'importance \u00e0 cet espace mais aussi \u00e0 l'ambiance associ\u00e9e: repos, convivialit\u00e9, d\u00e9contraction... A contrario, un mur accent c\u00f4t\u00e9 salle \u00e0 manger peut vous aider \u00e0 cr\u00e9er une d\u00e9co plus personnelle, plus chaleureuse. <\/p>\n\n\n\n<figure class=\"wp-block-gallery has-nested-images columns-default is-cropped wp-block-gallery-14 is-layout-flex wp-block-gallery-is-layout-flex\">\n<figure class=\"wp-block-image size-large\"><a href=\"https:\/\/www.cocondedecoration.com\/blog\/wp-content\/uploads\/2025\/09\/salon-salle-a-manger-moderne.027.jpeg\"><img loading=\"lazy\" decoding=\"async\" width=\"640\" height=\"960\" data-id=\"85144\" src=\"https:\/\/www.cocondedecoration.com\/blog\/wp-content\/uploads\/2025\/09\/salon-salle-a-manger-moderne.027-640x960.jpeg\" alt=\"salon salle \u00e0 manger moderne photo claustra s\u00e9paration support pour fixer \u00e9cran de t\u00e9l\u00e9 bois chic et \u00e9l\u00e9gant appartement \" class=\"wp-image-85144\" title=\"salon salle \u00e0 manger moderne photo claustra s\u00e9paration support pour fixer \u00e9cran de t\u00e9l\u00e9 bois chic et \u00e9l\u00e9gant appartement \" srcset=\"https:\/\/www.cocondedecoration.com\/blog\/wp-content\/uploads\/2025\/09\/salon-salle-a-manger-moderne.027-640x960.jpeg 640w, https:\/\/www.cocondedecoration.com\/blog\/wp-content\/uploads\/2025\/09\/salon-salle-a-manger-moderne.027-260x390.jpeg 260w, https:\/\/www.cocondedecoration.com\/blog\/wp-content\/uploads\/2025\/09\/salon-salle-a-manger-moderne.027-768x1152.jpeg 768w, https:\/\/www.cocondedecoration.com\/blog\/wp-content\/uploads\/2025\/09\/salon-salle-a-manger-moderne.027-367x550.jpeg 367w, https:\/\/www.cocondedecoration.com\/blog\/wp-content\/uploads\/2025\/09\/salon-salle-a-manger-moderne.027-333x500.jpeg 333w, https:\/\/www.cocondedecoration.com\/blog\/wp-content\/uploads\/2025\/09\/salon-salle-a-manger-moderne.027.jpeg 1000w\" sizes=\"(max-width: 640px) 100vw, 640px\" \/><\/a><figcaption class=\"wp-element-caption\">summatapete.rs<\/figcaption><\/figure>\n\n\n\n<figure class=\"wp-block-image size-large\"><a href=\"https:\/\/www.cocondedecoration.com\/blog\/wp-content\/uploads\/2025\/09\/salon-salle-a-manger-moderne.028.jpeg\"><img loading=\"lazy\" decoding=\"async\" width=\"640\" height=\"960\" data-id=\"85145\" src=\"https:\/\/www.cocondedecoration.com\/blog\/wp-content\/uploads\/2025\/09\/salon-salle-a-manger-moderne.028-640x960.jpeg\" alt=\"salon salle \u00e0 manger moderne exemple petit espace ouvert canap\u00e9 droit beige table rectangulaire bois parquet cosy \" class=\"wp-image-85145\" title=\"salon salle \u00e0 manger moderne exemple petit espace ouvert canap\u00e9 droit beige table rectangulaire bois parquet cosy \" srcset=\"https:\/\/www.cocondedecoration.com\/blog\/wp-content\/uploads\/2025\/09\/salon-salle-a-manger-moderne.028-640x960.jpeg 640w, https:\/\/www.cocondedecoration.com\/blog\/wp-content\/uploads\/2025\/09\/salon-salle-a-manger-moderne.028-260x390.jpeg 260w, https:\/\/www.cocondedecoration.com\/blog\/wp-content\/uploads\/2025\/09\/salon-salle-a-manger-moderne.028-768x1152.jpeg 768w, https:\/\/www.cocondedecoration.com\/blog\/wp-content\/uploads\/2025\/09\/salon-salle-a-manger-moderne.028-367x550.jpeg 367w, https:\/\/www.cocondedecoration.com\/blog\/wp-content\/uploads\/2025\/09\/salon-salle-a-manger-moderne.028-333x500.jpeg 333w, https:\/\/www.cocondedecoration.com\/blog\/wp-content\/uploads\/2025\/09\/salon-salle-a-manger-moderne.028.jpeg 1000w\" sizes=\"(max-width: 640px) 100vw, 640px\" \/><\/a><figcaption class=\"wp-element-caption\">iconexdesign.com<\/figcaption><\/figure>\n<\/figure>\n\n\n\n<p class=\"has-small-font-size\">Source de l'image d'en-t\u00eate: rhinov.fr<\/p>\n","protected":false},"excerpt":{"rendered":"<p>Vous envisagez de (re)d\u00e9corer votre espace salon salle \u00e0 manger? Vous avez envie d&rsquo;un espace moderne et harmonieux? Voici 14 id\u00e9es et 28 exemples \u00e0 copier.<span class=\"more-link\"><a href=\"https:\/\/www.cocondedecoration.com\/blog\/2025\/09\/salon-salle-a-manger-moderne\/\">Lire la suite<\/a><\/span><\/p>\n","protected":false},"author":1,"featured_media":85147,"comment_status":"open","ping_status":"open","sticky":false,"template":"","format":"standard","meta":{"om_disable_all_campaigns":false,"_monsterinsights_skip_tracking":false,"_monsterinsights_sitenote_active":false,"_monsterinsights_sitenote_note":"","_monsterinsights_sitenote_category":0,"_uf_show_specific_survey":0,"_uf_disable_surveys":false,"footnotes":""},"categories":[62064,1715],"tags":[62129,3493,13788,1869,61621,38054,56336,60743,5496,61713,13782],"aioseo_notices":[],"_links":{"self":[{"href":"https:\/\/www.cocondedecoration.com\/blog\/wp-json\/wp\/v2\/posts\/85115"}],"collection":[{"href":"https:\/\/www.cocondedecoration.com\/blog\/wp-json\/wp\/v2\/posts"}],"about":[{"href":"https:\/\/www.cocondedecoration.com\/blog\/wp-json\/wp\/v2\/types\/post"}],"author":[{"embeddable":true,"href":"https:\/\/www.cocondedecoration.com\/blog\/wp-json\/wp\/v2\/users\/1"}],"replies":[{"embeddable":true,"href":"https:\/\/www.cocondedecoration.com\/blog\/wp-json\/wp\/v2\/comments?post=85115"}],"version-history":[{"count":5,"href":"https:\/\/www.cocondedecoration.com\/blog\/wp-json\/wp\/v2\/posts\/85115\/revisions"}],"predecessor-version":[{"id":85150,"href":"https:\/\/www.cocondedecoration.com\/blog\/wp-json\/wp\/v2\/posts\/85115\/revisions\/85150"}],"wp:featuredmedia":[{"embeddable":true,"href":"https:\/\/www.cocondedecoration.com\/blog\/wp-json\/wp\/v2\/media\/85147"}],"wp:attachment":[{"href":"https:\/\/www.cocondedecoration.com\/blog\/wp-json\/wp\/v2\/media?parent=85115"}],"wp:term":[{"taxonomy":"category","embeddable":true,"href":"https:\/\/www.cocondedecoration.com\/blog\/wp-json\/wp\/v2\/categories?post=85115"},{"taxonomy":"post_tag","embeddable":true,"href":"https:\/\/www.cocondedecoration.com\/blog\/wp-json\/wp\/v2\/tags?post=85115"}],"curies":[{"name":"wp","href":"https:\/\/api.w.org\/{rel}","templated":true}]}}