{"id":85087,"date":"2025-09-25T07:23:49","date_gmt":"2025-09-25T05:23:49","guid":{"rendered":"https:\/\/www.cocondedecoration.com\/blog\/?p=85087"},"modified":"2025-09-25T07:23:51","modified_gmt":"2025-09-25T05:23:51","slug":"calendrier-mural-organisation","status":"publish","type":"post","link":"https:\/\/www.cocondedecoration.com\/blog\/2025\/09\/calendrier-mural-organisation\/","title":{"rendered":"Calendrier mural XL: organiser la vie de famille facilement"},"content":{"rendered":"\n<p>La rentr\u00e9e des classes est pass\u00e9e. Il est probable que depuis quelques semaines, vous ayez repris un certain train train quotidien: Conduire les enfants \u00e0 l'\u00e9cole, aux activit\u00e9s extra-scolaires, faire les courses, ne pas oublier de mettre vos chaussures avant de partir au boulot (parce qu'y aller en chaussons, \u00e7a fait d\u00e9sordre il para\u00eet)... Je ne vais pas \u00e9piloguer sur la question de la charge mentale qui incombe bien souvent les femmes et encore plus les mamans. En revanche, je vous propose aujourd'hui un outil qui peut \u00eatre d\u00e9co pour vous aider \u00e0 vous organiser au quotidien: le calendrier mural XL. Un centre de contr\u00f4le du quotidien pour ne rien perdre de vue. <\/p>\n\n\n\n<!--more-->\n\n\n\n<h2 class=\"wp-block-heading\">Plus qu'un simple calendrier mural, une aide visuelle pour vous lib\u00e9rer en partie de la charge mentale quotidienne  <\/h2>\n\n\n\n<p>Perso, je n'ai pas d'enfant mais j'ai un calendrier sous les yeux tous les jours pour le boulot. J'en ai d'autres aussi que je regarde moins souvent et qui me permettent d'\u00eatre organis\u00e9e sur plusieurs mois. Je ne suis pas (plus) une \"control freak\" mais j'ai compris que pour avoir du temps pour moi, les calendriers \u00e9taient n\u00e9cessaires. Ca fait partie de ma routine pour une slow life douce et agr\u00e9able. <\/p>\n\n\n\n<p>La m\u00e8re de mon fr\u00e8re a elle-aussi un calendrier. Elle me fait rire quand on s'appelle en visio et qu'elle sort la grande planche en carton pour me dire quand mon frangin est en stage ou quand elle re\u00e7oit du monde chez elle. Ca me fait rire parce que ce n'est pas des plus d\u00e9co, parce que ce n'est pas non plus hyper pratique. Mais \u00e7a lui permet de rien oublier et de rester organis\u00e9e. <\/p>\n\n\n\n<p>L\u00e0, je vous propose de mettre en place un calendrier grand format dans votre int\u00e9rieur. Mais tant qu'\u00e0 faire, on va associer l'utile \u00e0 l'agr\u00e9able. Et on va se pencher sur les solutions qui vous permettront de rien oublier au quotidien et qui feront partie int\u00e9grante de votre d\u00e9co. <\/p>\n\n\n\n<p>A lire aussi: <a href=\"https:\/\/www.cocondedecoration.com\/blog\/2025\/03\/organiser-armoire-a-pharmacie\/\" target=\"_blank\" rel=\"noopener\" title=\"\">Comment organiser efficacement l\u2019armoire \u00e0 pharmacie?<\/a><\/p>\n\n\n<div class=\"wp-block-image\">\n<figure class=\"aligncenter size-large\"><a href=\"https:\/\/www.cocondedecoration.com\/blog\/wp-content\/uploads\/2025\/09\/organisation-vie-de-famille-deco-murale.001.jpeg\"><img loading=\"lazy\" decoding=\"async\" width=\"640\" height=\"960\" src=\"https:\/\/www.cocondedecoration.com\/blog\/wp-content\/uploads\/2025\/09\/organisation-vie-de-famille-deco-murale.001-640x960.jpeg\" alt=\"calendrier familial centre de contr\u00f4le d\u00e9coration murale pan de mur cuisine organisation quotidienne pratique liste de courses panier rangement d\u00e9co\" class=\"wp-image-85088\" title=\"calendrier familial centre de contr\u00f4le d\u00e9coration murale pan de mur cuisine organisation quotidienne pratique liste de courses panier rangement d\u00e9co\" srcset=\"https:\/\/www.cocondedecoration.com\/blog\/wp-content\/uploads\/2025\/09\/organisation-vie-de-famille-deco-murale.001-640x960.jpeg 640w, https:\/\/www.cocondedecoration.com\/blog\/wp-content\/uploads\/2025\/09\/organisation-vie-de-famille-deco-murale.001-260x390.jpeg 260w, https:\/\/www.cocondedecoration.com\/blog\/wp-content\/uploads\/2025\/09\/organisation-vie-de-famille-deco-murale.001-768x1152.jpeg 768w, https:\/\/www.cocondedecoration.com\/blog\/wp-content\/uploads\/2025\/09\/organisation-vie-de-famille-deco-murale.001-367x550.jpeg 367w, https:\/\/www.cocondedecoration.com\/blog\/wp-content\/uploads\/2025\/09\/organisation-vie-de-famille-deco-murale.001-333x500.jpeg 333w, https:\/\/www.cocondedecoration.com\/blog\/wp-content\/uploads\/2025\/09\/organisation-vie-de-famille-deco-murale.001.jpeg 1000w\" sizes=\"(max-width: 640px) 100vw, 640px\" \/><\/a><figcaption class=\"wp-element-caption\">kippiathome.com<\/figcaption><\/figure><\/div>\n\n\n<h2 class=\"wp-block-heading\">Comment cr\u00e9er un espace calendrier et centre de contr\u00f4le pour un quotidien bien organis\u00e9? <\/h2>\n\n\n\n<p>La base: un calendrier dans un format suffisamment grand pour 1\/ noter tous les rendez-vous au quotidien 2\/ voir en un clin d'oeil ce qui vous attend chaque jour.  Ce calendrier peut pendre diff\u00e9rentes formes: <\/p>\n\n\n\n<ul>\n<li>tableau blanc avec des feutres effa\u00e7ables (perp\u00e9tuel)<\/li>\n\n\n\n<li>calendrier mensuel avec des pages qui se tournent <\/li>\n\n\n\n<li>12 pages de calendrier (une \/ mois) les unes \u00e0 c\u00f4t\u00e9 des autres <\/li>\n\n\n\n<li>panneau en li\u00e8ge avec des cases de calendrier (perp\u00e9tuel) ou tableau aimant\u00e9 <\/li>\n<\/ul>\n\n\n\n<p>Vous pouvez m\u00eame imaginer un code couleur pour avoir des rep\u00e8res visuels plus parlants. Perso, j'ai une grande passion pour les post-it. Ce genre de panneau de contr\u00f4le me permettrait de caser tous mes post-it au m\u00eame endroit. <\/p>\n\n\n\n<p>Et comme c'est quelque chose que vous allez cr\u00e9er vous-m\u00eame, il est tr\u00e8s facile de l'adapter \u00e0 vos besoins. En plus du calendrier, \u00e0 proximit\u00e9, vous pouvez ajouter des accessoires pour vous rendre la vie plus facile. Par exemple: <\/p>\n\n\n\n<ul>\n<li>petite boite o\u00f9 tout le monde pose ses clefs de maison <\/li>\n\n\n\n<li>d\u00e9rouleur \u00e0 papier pour \u00e9crire la liste de course <\/li>\n\n\n\n<li>range-courier <\/li>\n\n\n\n<li>rangement pour glisser les papiers \u00e0 ne pas perdre (ordonnances, papiers d'\u00e9cole \u00e0 remplir et signer...) <\/li>\n<\/ul>\n\n\n<div class=\"wp-block-image\">\n<figure class=\"aligncenter size-large\"><a href=\"https:\/\/www.cocondedecoration.com\/blog\/wp-content\/uploads\/2025\/09\/organisation-vie-de-famille-deco-murale.002.jpeg\"><img loading=\"lazy\" decoding=\"async\" width=\"640\" height=\"960\" src=\"https:\/\/www.cocondedecoration.com\/blog\/wp-content\/uploads\/2025\/09\/organisation-vie-de-famille-deco-murale.002-640x960.jpeg\" alt=\"calendrier familial centre de contr\u00f4le d\u00e9coration murale pan de mur cuisine ouverte panneau en plexiglas photo de famille panier rangement mural miroir cadre avec citation positive \" class=\"wp-image-85089\" title=\"calendrier familial centre de contr\u00f4le d\u00e9coration murale pan de mur cuisine ouverte panneau en plexiglas photo de famille panier rangement mural miroir cadre avec citation positive \" srcset=\"https:\/\/www.cocondedecoration.com\/blog\/wp-content\/uploads\/2025\/09\/organisation-vie-de-famille-deco-murale.002-640x960.jpeg 640w, https:\/\/www.cocondedecoration.com\/blog\/wp-content\/uploads\/2025\/09\/organisation-vie-de-famille-deco-murale.002-260x390.jpeg 260w, https:\/\/www.cocondedecoration.com\/blog\/wp-content\/uploads\/2025\/09\/organisation-vie-de-famille-deco-murale.002-768x1152.jpeg 768w, https:\/\/www.cocondedecoration.com\/blog\/wp-content\/uploads\/2025\/09\/organisation-vie-de-famille-deco-murale.002-367x550.jpeg 367w, https:\/\/www.cocondedecoration.com\/blog\/wp-content\/uploads\/2025\/09\/organisation-vie-de-famille-deco-murale.002-333x500.jpeg 333w, https:\/\/www.cocondedecoration.com\/blog\/wp-content\/uploads\/2025\/09\/organisation-vie-de-famille-deco-murale.002.jpeg 1000w\" sizes=\"(max-width: 640px) 100vw, 640px\" \/><\/a><figcaption class=\"wp-element-caption\">downer0032 via Pinterest<\/figcaption><\/figure><\/div>\n\n\n<h2 class=\"wp-block-heading\">O\u00f9 installer calendrier familial et centre de contr\u00f4le \u00e0 la maison? <\/h2>\n\n\n\n<p>Pas besoin de beaucoup d'espace, un pan de mur suffit g\u00e9n\u00e9ralement pour installer ce centre de contr\u00f4le. Comme je l'\u00e9crivais plus haut, c'est un ensemble de choses que vous composez vous m\u00eame. Par cons\u00e9quent, en plus de s'adapter \u00e0 vos besoins, cela s'adapte aussi \u00e0 la place dont vous disposez (et \u00e0 votre d\u00e9co). <\/p>\n\n\n\n<p>Comme c'est une installation qui reste du domaine du fonctionnel, on la trouve g\u00e9n\u00e9ralement dans la cuisine ou <a href=\"https:\/\/www.cocondedecoration.com\/blog\/2025\/05\/entree-moderne-accueillante\/\" target=\"_blank\" rel=\"noopener\" title=\"\">dans l'entr\u00e9e<\/a>. Dans la cuisine, parce que c'est un espace o\u00f9 l'on passe du temps et qui plus est du temps en famille. Dans l'entr\u00e9e parce que c'est un endroit o\u00f9 l'on passe forc\u00e9ment avant de quitter la maison. On peut checker en un coup d'oeil ce qui nous attend chaque jour et si on n'oublie rien d'important. <\/p>\n\n\n\n<p>A lire \u00e9galement: <a href=\"https:\/\/www.cocondedecoration.com\/blog\/2025\/09\/ranger-collection-mugs\/\" target=\"_blank\" rel=\"noopener\" title=\"\">Mettre en valeur sa collection de mugs dans la cuisine<\/a><\/p>\n\n\n\n<h2 class=\"wp-block-heading\">Exemples de calendriers familiaux et centres de contr\u00f4le <\/h2>\n\n\n\n<figure class=\"wp-block-gallery has-nested-images columns-default is-cropped wp-block-gallery-1 is-layout-flex wp-block-gallery-is-layout-flex\">\n<figure class=\"wp-block-image size-large\"><a href=\"https:\/\/www.cocondedecoration.com\/blog\/wp-content\/uploads\/2025\/09\/organisation-vie-de-famille-deco-murale.003.jpeg\"><img loading=\"lazy\" decoding=\"async\" width=\"640\" height=\"960\" data-id=\"85091\" src=\"https:\/\/www.cocondedecoration.com\/blog\/wp-content\/uploads\/2025\/09\/organisation-vie-de-famille-deco-murale.003-640x960.jpeg\" alt=\"calendrier familial centre de contr\u00f4le d\u00e9coration murale cadre panneau en li\u00e8ge pot \u00e0 crayon id\u00e9e pratique slow life \" class=\"wp-image-85091\" title=\"calendrier familial centre de contr\u00f4le d\u00e9coration murale cadre panneau en li\u00e8ge pot \u00e0 crayon id\u00e9e pratique slow life \" srcset=\"https:\/\/www.cocondedecoration.com\/blog\/wp-content\/uploads\/2025\/09\/organisation-vie-de-famille-deco-murale.003-640x960.jpeg 640w, https:\/\/www.cocondedecoration.com\/blog\/wp-content\/uploads\/2025\/09\/organisation-vie-de-famille-deco-murale.003-260x390.jpeg 260w, https:\/\/www.cocondedecoration.com\/blog\/wp-content\/uploads\/2025\/09\/organisation-vie-de-famille-deco-murale.003-768x1152.jpeg 768w, https:\/\/www.cocondedecoration.com\/blog\/wp-content\/uploads\/2025\/09\/organisation-vie-de-famille-deco-murale.003-367x550.jpeg 367w, https:\/\/www.cocondedecoration.com\/blog\/wp-content\/uploads\/2025\/09\/organisation-vie-de-famille-deco-murale.003-333x500.jpeg 333w, https:\/\/www.cocondedecoration.com\/blog\/wp-content\/uploads\/2025\/09\/organisation-vie-de-famille-deco-murale.003.jpeg 1000w\" sizes=\"(max-width: 640px) 100vw, 640px\" \/><\/a><figcaption class=\"wp-element-caption\">homeandkind.com<\/figcaption><\/figure>\n\n\n\n<figure class=\"wp-block-image size-large\"><a href=\"https:\/\/www.cocondedecoration.com\/blog\/wp-content\/uploads\/2025\/09\/organisation-vie-de-famille-deco-murale.004.jpeg\"><img loading=\"lazy\" decoding=\"async\" width=\"640\" height=\"960\" data-id=\"85101\" src=\"https:\/\/www.cocondedecoration.com\/blog\/wp-content\/uploads\/2025\/09\/organisation-vie-de-famille-deco-murale.004-640x960.jpeg\" alt=\"calendrier familial centre de contr\u00f4le d\u00e9coration murale couleur id\u00e9e originale page A4 calendrier annuel \" class=\"wp-image-85101\" title=\"calendrier familial centre de contr\u00f4le d\u00e9coration murale couleur id\u00e9e originale page A4 calendrier annuel \" srcset=\"https:\/\/www.cocondedecoration.com\/blog\/wp-content\/uploads\/2025\/09\/organisation-vie-de-famille-deco-murale.004-640x960.jpeg 640w, https:\/\/www.cocondedecoration.com\/blog\/wp-content\/uploads\/2025\/09\/organisation-vie-de-famille-deco-murale.004-260x390.jpeg 260w, https:\/\/www.cocondedecoration.com\/blog\/wp-content\/uploads\/2025\/09\/organisation-vie-de-famille-deco-murale.004-768x1152.jpeg 768w, https:\/\/www.cocondedecoration.com\/blog\/wp-content\/uploads\/2025\/09\/organisation-vie-de-famille-deco-murale.004-367x550.jpeg 367w, https:\/\/www.cocondedecoration.com\/blog\/wp-content\/uploads\/2025\/09\/organisation-vie-de-famille-deco-murale.004-333x500.jpeg 333w, https:\/\/www.cocondedecoration.com\/blog\/wp-content\/uploads\/2025\/09\/organisation-vie-de-famille-deco-murale.004.jpeg 1000w\" sizes=\"(max-width: 640px) 100vw, 640px\" \/><\/a><figcaption class=\"wp-element-caption\">hometimeactivities.com<\/figcaption><\/figure>\n\n\n\n<figure class=\"wp-block-image size-large\"><a href=\"https:\/\/www.cocondedecoration.com\/blog\/wp-content\/uploads\/2025\/09\/organisation-vie-de-famille-deco-murale.005.jpeg\"><img loading=\"lazy\" decoding=\"async\" width=\"640\" height=\"960\" data-id=\"85094\" src=\"https:\/\/www.cocondedecoration.com\/blog\/wp-content\/uploads\/2025\/09\/organisation-vie-de-famille-deco-murale.005-640x960.jpeg\" alt=\"calendrier familial centre de contr\u00f4le d\u00e9coration murale une page par mois dessus buffet d\u00e9cor couloir entr\u00e9e pratique \" class=\"wp-image-85094\" title=\"calendrier familial centre de contr\u00f4le d\u00e9coration murale une page par mois dessus buffet d\u00e9cor couloir entr\u00e9e pratique \" srcset=\"https:\/\/www.cocondedecoration.com\/blog\/wp-content\/uploads\/2025\/09\/organisation-vie-de-famille-deco-murale.005-640x960.jpeg 640w, https:\/\/www.cocondedecoration.com\/blog\/wp-content\/uploads\/2025\/09\/organisation-vie-de-famille-deco-murale.005-260x390.jpeg 260w, https:\/\/www.cocondedecoration.com\/blog\/wp-content\/uploads\/2025\/09\/organisation-vie-de-famille-deco-murale.005-768x1152.jpeg 768w, https:\/\/www.cocondedecoration.com\/blog\/wp-content\/uploads\/2025\/09\/organisation-vie-de-famille-deco-murale.005-367x550.jpeg 367w, https:\/\/www.cocondedecoration.com\/blog\/wp-content\/uploads\/2025\/09\/organisation-vie-de-famille-deco-murale.005-333x500.jpeg 333w, https:\/\/www.cocondedecoration.com\/blog\/wp-content\/uploads\/2025\/09\/organisation-vie-de-famille-deco-murale.005.jpeg 1000w\" sizes=\"(max-width: 640px) 100vw, 640px\" \/><\/a><figcaption class=\"wp-element-caption\">notonthehighstreet.com<\/figcaption><\/figure>\n\n\n\n<figure class=\"wp-block-image size-large\"><a href=\"https:\/\/www.cocondedecoration.com\/blog\/wp-content\/uploads\/2025\/09\/organisation-vie-de-famille-deco-murale.006.jpeg\"><img loading=\"lazy\" decoding=\"async\" width=\"640\" height=\"960\" data-id=\"85090\" src=\"https:\/\/www.cocondedecoration.com\/blog\/wp-content\/uploads\/2025\/09\/organisation-vie-de-famille-deco-murale.006-640x960.jpeg\" alt=\"calendrier familial centre de contr\u00f4le d\u00e9coration murale pan de mur peinture noire contraste plaque en plexi pochette de rangement liste de course \" class=\"wp-image-85090\" title=\"calendrier familial centre de contr\u00f4le d\u00e9coration murale pan de mur peinture noire contraste plaque en plexi pochette de rangement liste de course \" srcset=\"https:\/\/www.cocondedecoration.com\/blog\/wp-content\/uploads\/2025\/09\/organisation-vie-de-famille-deco-murale.006-640x960.jpeg 640w, https:\/\/www.cocondedecoration.com\/blog\/wp-content\/uploads\/2025\/09\/organisation-vie-de-famille-deco-murale.006-260x390.jpeg 260w, https:\/\/www.cocondedecoration.com\/blog\/wp-content\/uploads\/2025\/09\/organisation-vie-de-famille-deco-murale.006-768x1152.jpeg 768w, https:\/\/www.cocondedecoration.com\/blog\/wp-content\/uploads\/2025\/09\/organisation-vie-de-famille-deco-murale.006-367x550.jpeg 367w, https:\/\/www.cocondedecoration.com\/blog\/wp-content\/uploads\/2025\/09\/organisation-vie-de-famille-deco-murale.006-333x500.jpeg 333w, https:\/\/www.cocondedecoration.com\/blog\/wp-content\/uploads\/2025\/09\/organisation-vie-de-famille-deco-murale.006.jpeg 1000w\" sizes=\"(max-width: 640px) 100vw, 640px\" \/><\/a><figcaption class=\"wp-element-caption\">designertrapped.com<\/figcaption><\/figure>\n\n\n\n<figure class=\"wp-block-image size-large\"><a href=\"https:\/\/www.cocondedecoration.com\/blog\/wp-content\/uploads\/2025\/09\/organisation-vie-de-famille-deco-murale.007.jpeg\"><img loading=\"lazy\" decoding=\"async\" width=\"640\" height=\"960\" data-id=\"85092\" src=\"https:\/\/www.cocondedecoration.com\/blog\/wp-content\/uploads\/2025\/09\/organisation-vie-de-famille-deco-murale.007-640x960.jpeg\" alt=\"calendrier familial centre de contr\u00f4le d\u00e9coration murale plaque en plexi transparent personnalis\u00e9e \" class=\"wp-image-85092\" title=\"calendrier familial centre de contr\u00f4le d\u00e9coration murale plaque en plexi transparent personnalis\u00e9e \" srcset=\"https:\/\/www.cocondedecoration.com\/blog\/wp-content\/uploads\/2025\/09\/organisation-vie-de-famille-deco-murale.007-640x960.jpeg 640w, https:\/\/www.cocondedecoration.com\/blog\/wp-content\/uploads\/2025\/09\/organisation-vie-de-famille-deco-murale.007-260x390.jpeg 260w, https:\/\/www.cocondedecoration.com\/blog\/wp-content\/uploads\/2025\/09\/organisation-vie-de-famille-deco-murale.007-768x1152.jpeg 768w, https:\/\/www.cocondedecoration.com\/blog\/wp-content\/uploads\/2025\/09\/organisation-vie-de-famille-deco-murale.007-367x550.jpeg 367w, https:\/\/www.cocondedecoration.com\/blog\/wp-content\/uploads\/2025\/09\/organisation-vie-de-famille-deco-murale.007-333x500.jpeg 333w, https:\/\/www.cocondedecoration.com\/blog\/wp-content\/uploads\/2025\/09\/organisation-vie-de-famille-deco-murale.007.jpeg 1000w\" sizes=\"(max-width: 640px) 100vw, 640px\" \/><\/a><figcaption class=\"wp-element-caption\">etsy.com<\/figcaption><\/figure>\n\n\n\n<figure class=\"wp-block-image size-large\"><a href=\"https:\/\/www.cocondedecoration.com\/blog\/wp-content\/uploads\/2025\/09\/organisation-vie-de-famille-deco-murale.008.jpeg\"><img loading=\"lazy\" decoding=\"async\" width=\"640\" height=\"960\" data-id=\"85095\" src=\"https:\/\/www.cocondedecoration.com\/blog\/wp-content\/uploads\/2025\/09\/organisation-vie-de-famille-deco-murale.008-640x960.jpeg\" alt=\"calendrier familial centre de contr\u00f4le d\u00e9coration murale tableau blanc post-it dessus table de cuisine facile \u00e0 faire \" class=\"wp-image-85095\" title=\"calendrier familial centre de contr\u00f4le d\u00e9coration murale tableau blanc post-it dessus table de cuisine facile \u00e0 faire \" srcset=\"https:\/\/www.cocondedecoration.com\/blog\/wp-content\/uploads\/2025\/09\/organisation-vie-de-famille-deco-murale.008-640x960.jpeg 640w, https:\/\/www.cocondedecoration.com\/blog\/wp-content\/uploads\/2025\/09\/organisation-vie-de-famille-deco-murale.008-260x390.jpeg 260w, https:\/\/www.cocondedecoration.com\/blog\/wp-content\/uploads\/2025\/09\/organisation-vie-de-famille-deco-murale.008-768x1152.jpeg 768w, https:\/\/www.cocondedecoration.com\/blog\/wp-content\/uploads\/2025\/09\/organisation-vie-de-famille-deco-murale.008-367x550.jpeg 367w, https:\/\/www.cocondedecoration.com\/blog\/wp-content\/uploads\/2025\/09\/organisation-vie-de-famille-deco-murale.008-333x500.jpeg 333w, https:\/\/www.cocondedecoration.com\/blog\/wp-content\/uploads\/2025\/09\/organisation-vie-de-famille-deco-murale.008.jpeg 1000w\" sizes=\"(max-width: 640px) 100vw, 640px\" \/><\/a><figcaption class=\"wp-element-caption\">hyggefeeling.de<\/figcaption><\/figure>\n\n\n\n<figure class=\"wp-block-image size-large\"><a href=\"https:\/\/www.cocondedecoration.com\/blog\/wp-content\/uploads\/2025\/09\/organisation-vie-de-famille-deco-murale.009.jpeg\"><img loading=\"lazy\" decoding=\"async\" width=\"640\" height=\"960\" data-id=\"85100\" src=\"https:\/\/www.cocondedecoration.com\/blog\/wp-content\/uploads\/2025\/09\/organisation-vie-de-famille-deco-murale.009-640x960.jpeg\" alt=\"organisation vie de famille d\u00e9co murale exemple menu notes photo pan de mur petit espace exemple \" class=\"wp-image-85100\" title=\"organisation vie de famille d\u00e9co murale exemple menu notes photo pan de mur petit espace exemple \" srcset=\"https:\/\/www.cocondedecoration.com\/blog\/wp-content\/uploads\/2025\/09\/organisation-vie-de-famille-deco-murale.009-640x960.jpeg 640w, https:\/\/www.cocondedecoration.com\/blog\/wp-content\/uploads\/2025\/09\/organisation-vie-de-famille-deco-murale.009-260x390.jpeg 260w, https:\/\/www.cocondedecoration.com\/blog\/wp-content\/uploads\/2025\/09\/organisation-vie-de-famille-deco-murale.009-768x1152.jpeg 768w, https:\/\/www.cocondedecoration.com\/blog\/wp-content\/uploads\/2025\/09\/organisation-vie-de-famille-deco-murale.009-367x550.jpeg 367w, https:\/\/www.cocondedecoration.com\/blog\/wp-content\/uploads\/2025\/09\/organisation-vie-de-famille-deco-murale.009-333x500.jpeg 333w, https:\/\/www.cocondedecoration.com\/blog\/wp-content\/uploads\/2025\/09\/organisation-vie-de-famille-deco-murale.009.jpeg 1000w\" sizes=\"(max-width: 640px) 100vw, 640px\" \/><\/a><figcaption class=\"wp-element-caption\">1thrive.com<\/figcaption><\/figure>\n\n\n\n<figure class=\"wp-block-image size-large\"><a href=\"https:\/\/www.cocondedecoration.com\/blog\/wp-content\/uploads\/2025\/09\/organisation-vie-de-famille-deco-murale.010.jpeg\"><img loading=\"lazy\" decoding=\"async\" width=\"640\" height=\"960\" data-id=\"85098\" src=\"https:\/\/www.cocondedecoration.com\/blog\/wp-content\/uploads\/2025\/09\/organisation-vie-de-famille-deco-murale.010-640x960.jpeg\" alt=\"organisation vie de famille d\u00e9co murale exemple rangement clef calendrier planche li\u00e8ge punaise pratique gain de place \" class=\"wp-image-85098\" title=\"organisation vie de famille d\u00e9co murale exemple rangement clef calendrier planche li\u00e8ge punaise pratique gain de place \" srcset=\"https:\/\/www.cocondedecoration.com\/blog\/wp-content\/uploads\/2025\/09\/organisation-vie-de-famille-deco-murale.010-640x960.jpeg 640w, https:\/\/www.cocondedecoration.com\/blog\/wp-content\/uploads\/2025\/09\/organisation-vie-de-famille-deco-murale.010-260x390.jpeg 260w, https:\/\/www.cocondedecoration.com\/blog\/wp-content\/uploads\/2025\/09\/organisation-vie-de-famille-deco-murale.010-768x1152.jpeg 768w, https:\/\/www.cocondedecoration.com\/blog\/wp-content\/uploads\/2025\/09\/organisation-vie-de-famille-deco-murale.010-367x550.jpeg 367w, https:\/\/www.cocondedecoration.com\/blog\/wp-content\/uploads\/2025\/09\/organisation-vie-de-famille-deco-murale.010-333x500.jpeg 333w, https:\/\/www.cocondedecoration.com\/blog\/wp-content\/uploads\/2025\/09\/organisation-vie-de-famille-deco-murale.010.jpeg 1000w\" sizes=\"(max-width: 640px) 100vw, 640px\" \/><\/a><figcaption class=\"wp-element-caption\">crazy-wonderful.com<\/figcaption><\/figure>\n\n\n\n<figure class=\"wp-block-image size-large\"><a href=\"https:\/\/www.cocondedecoration.com\/blog\/wp-content\/uploads\/2025\/09\/organisation-vie-de-famille-deco-murale.011.jpeg\"><img loading=\"lazy\" decoding=\"async\" width=\"640\" height=\"960\" data-id=\"85097\" src=\"https:\/\/www.cocondedecoration.com\/blog\/wp-content\/uploads\/2025\/09\/organisation-vie-de-famille-deco-murale.011-640x960.jpeg\" alt=\"organisation vie de famille d\u00e9co murale exemple couloir entr\u00e9e appartement tableau blanc calendrier pratique \" class=\"wp-image-85097\" title=\"organisation vie de famille d\u00e9co murale exemple couloir entr\u00e9e appartement tableau blanc calendrier pratique \" srcset=\"https:\/\/www.cocondedecoration.com\/blog\/wp-content\/uploads\/2025\/09\/organisation-vie-de-famille-deco-murale.011-640x960.jpeg 640w, https:\/\/www.cocondedecoration.com\/blog\/wp-content\/uploads\/2025\/09\/organisation-vie-de-famille-deco-murale.011-260x390.jpeg 260w, https:\/\/www.cocondedecoration.com\/blog\/wp-content\/uploads\/2025\/09\/organisation-vie-de-famille-deco-murale.011-768x1152.jpeg 768w, https:\/\/www.cocondedecoration.com\/blog\/wp-content\/uploads\/2025\/09\/organisation-vie-de-famille-deco-murale.011-367x550.jpeg 367w, https:\/\/www.cocondedecoration.com\/blog\/wp-content\/uploads\/2025\/09\/organisation-vie-de-famille-deco-murale.011-333x500.jpeg 333w, https:\/\/www.cocondedecoration.com\/blog\/wp-content\/uploads\/2025\/09\/organisation-vie-de-famille-deco-murale.011.jpeg 1000w\" sizes=\"(max-width: 640px) 100vw, 640px\" \/><\/a><figcaption class=\"wp-element-caption\">lumoraliving via Pinterest<\/figcaption><\/figure>\n\n\n\n<figure class=\"wp-block-image size-large\"><a href=\"https:\/\/www.cocondedecoration.com\/blog\/wp-content\/uploads\/2025\/09\/organisation-vie-de-famille-deco-murale.012.jpeg\"><img loading=\"lazy\" decoding=\"async\" width=\"640\" height=\"960\" data-id=\"85093\" src=\"https:\/\/www.cocondedecoration.com\/blog\/wp-content\/uploads\/2025\/09\/organisation-vie-de-famille-deco-murale.012-640x960.jpeg\" alt=\"organisation vie de famille d\u00e9co murale exemple petit calendrier crochet pour les clefs \u00e9tag\u00e8re suspendue tableau en li\u00e8ge \" class=\"wp-image-85093\" title=\"organisation vie de famille d\u00e9co murale exemple petit calendrier crochet pour les clefs \u00e9tag\u00e8re suspendue tableau en li\u00e8ge \" srcset=\"https:\/\/www.cocondedecoration.com\/blog\/wp-content\/uploads\/2025\/09\/organisation-vie-de-famille-deco-murale.012-640x960.jpeg 640w, https:\/\/www.cocondedecoration.com\/blog\/wp-content\/uploads\/2025\/09\/organisation-vie-de-famille-deco-murale.012-260x390.jpeg 260w, https:\/\/www.cocondedecoration.com\/blog\/wp-content\/uploads\/2025\/09\/organisation-vie-de-famille-deco-murale.012-768x1152.jpeg 768w, https:\/\/www.cocondedecoration.com\/blog\/wp-content\/uploads\/2025\/09\/organisation-vie-de-famille-deco-murale.012-367x550.jpeg 367w, https:\/\/www.cocondedecoration.com\/blog\/wp-content\/uploads\/2025\/09\/organisation-vie-de-famille-deco-murale.012-333x500.jpeg 333w, https:\/\/www.cocondedecoration.com\/blog\/wp-content\/uploads\/2025\/09\/organisation-vie-de-famille-deco-murale.012.jpeg 1000w\" sizes=\"(max-width: 640px) 100vw, 640px\" \/><\/a><figcaption class=\"wp-element-caption\">shopee.com.my<\/figcaption><\/figure>\n\n\n\n<figure class=\"wp-block-image size-large\"><a href=\"https:\/\/www.cocondedecoration.com\/blog\/wp-content\/uploads\/2025\/09\/organisation-vie-de-famille-deco-murale.013.jpeg\"><img loading=\"lazy\" decoding=\"async\" width=\"640\" height=\"960\" data-id=\"85099\" src=\"https:\/\/www.cocondedecoration.com\/blog\/wp-content\/uploads\/2025\/09\/organisation-vie-de-famille-deco-murale.013-640x960.jpeg\" alt=\"organisation vie de famille d\u00e9co murale exemple facile \u00e0 faire adaptable planche avec pince crayon pour ne rien oublier \" class=\"wp-image-85099\" title=\"organisation vie de famille d\u00e9co murale exemple facile \u00e0 faire adaptable planche avec pince crayon pour ne rien oublier \" srcset=\"https:\/\/www.cocondedecoration.com\/blog\/wp-content\/uploads\/2025\/09\/organisation-vie-de-famille-deco-murale.013-640x960.jpeg 640w, https:\/\/www.cocondedecoration.com\/blog\/wp-content\/uploads\/2025\/09\/organisation-vie-de-famille-deco-murale.013-260x390.jpeg 260w, https:\/\/www.cocondedecoration.com\/blog\/wp-content\/uploads\/2025\/09\/organisation-vie-de-famille-deco-murale.013-768x1152.jpeg 768w, https:\/\/www.cocondedecoration.com\/blog\/wp-content\/uploads\/2025\/09\/organisation-vie-de-famille-deco-murale.013-367x550.jpeg 367w, https:\/\/www.cocondedecoration.com\/blog\/wp-content\/uploads\/2025\/09\/organisation-vie-de-famille-deco-murale.013-333x500.jpeg 333w, https:\/\/www.cocondedecoration.com\/blog\/wp-content\/uploads\/2025\/09\/organisation-vie-de-famille-deco-murale.013.jpeg 1000w\" sizes=\"(max-width: 640px) 100vw, 640px\" \/><\/a><figcaption class=\"wp-element-caption\">youaremoreblog.com<\/figcaption><\/figure>\n\n\n\n<figure class=\"wp-block-image size-large\"><a href=\"https:\/\/www.cocondedecoration.com\/blog\/wp-content\/uploads\/2025\/09\/organisation-vie-de-famille-deco-murale.014.jpeg\"><img loading=\"lazy\" decoding=\"async\" width=\"640\" height=\"960\" data-id=\"85096\" src=\"https:\/\/www.cocondedecoration.com\/blog\/wp-content\/uploads\/2025\/09\/organisation-vie-de-famille-deco-murale.014-640x960.jpeg\" alt=\"organisation vie de famille d\u00e9co murale exemple panneau li\u00e8ge calendrier perp\u00e9tuel boite rangement clef \u00e9tag\u00e8re \" class=\"wp-image-85096\" title=\"organisation vie de famille d\u00e9co murale exemple panneau li\u00e8ge calendrier perp\u00e9tuel boite rangement clef \u00e9tag\u00e8re \" srcset=\"https:\/\/www.cocondedecoration.com\/blog\/wp-content\/uploads\/2025\/09\/organisation-vie-de-famille-deco-murale.014-640x960.jpeg 640w, https:\/\/www.cocondedecoration.com\/blog\/wp-content\/uploads\/2025\/09\/organisation-vie-de-famille-deco-murale.014-260x390.jpeg 260w, https:\/\/www.cocondedecoration.com\/blog\/wp-content\/uploads\/2025\/09\/organisation-vie-de-famille-deco-murale.014-768x1152.jpeg 768w, https:\/\/www.cocondedecoration.com\/blog\/wp-content\/uploads\/2025\/09\/organisation-vie-de-famille-deco-murale.014-367x550.jpeg 367w, https:\/\/www.cocondedecoration.com\/blog\/wp-content\/uploads\/2025\/09\/organisation-vie-de-famille-deco-murale.014-333x500.jpeg 333w, https:\/\/www.cocondedecoration.com\/blog\/wp-content\/uploads\/2025\/09\/organisation-vie-de-famille-deco-murale.014.jpeg 1000w\" sizes=\"(max-width: 640px) 100vw, 640px\" \/><\/a><figcaption class=\"wp-element-caption\">nancyshome.com<\/figcaption><\/figure>\n<\/figure>\n\n\n\n<hr class=\"wp-block-separator has-alpha-channel-opacity is-style-wide\"\/>\n\n\n\n<div style=\"height:20px\" aria-hidden=\"true\" class=\"wp-block-spacer\"><\/div>\n\n\n\n<div class=\"wp-block-media-text alignwide\"><figure class=\"wp-block-media-text__media\"><img loading=\"lazy\" decoding=\"async\" width=\"640\" height=\"366\" src=\"https:\/\/www.cocondedecoration.com\/blog\/wp-content\/uploads\/2023\/12\/newsletter-patreon-640x366.png\" alt=\"\" class=\"wp-image-70176\" srcset=\"https:\/\/www.cocondedecoration.com\/blog\/wp-content\/uploads\/2023\/12\/newsletter-patreon-640x366.png 640w, https:\/\/www.cocondedecoration.com\/blog\/wp-content\/uploads\/2023\/12\/newsletter-patreon-260x149.png 260w, https:\/\/www.cocondedecoration.com\/blog\/wp-content\/uploads\/2023\/12\/newsletter-patreon-768x439.png 768w, https:\/\/www.cocondedecoration.com\/blog\/wp-content\/uploads\/2023\/12\/newsletter-patreon-465x266.png 465w, https:\/\/www.cocondedecoration.com\/blog\/wp-content\/uploads\/2023\/12\/newsletter-patreon-695x397.png 695w, https:\/\/www.cocondedecoration.com\/blog\/wp-content\/uploads\/2023\/12\/newsletter-patreon.png 1050w\" sizes=\"(max-width: 640px) 100vw, 640px\" \/><\/figure><div class=\"wp-block-media-text__content\">\n<p style=\"text-align:center\"><strong>La newsletter du blog est sur Patreon<\/strong><\/p>\n\n\n\n<p>Devenez membre gratuitement de mon Patron pour lire toutes les newsletters du blog &amp; recevoir une notification quand les prochaines seront en ligne. <\/p>\n\n\n\n<div class=\"wp-block-button aligncenter\"><a class=\"wp-block-button__link\" href=\"https:\/\/www.patreon.com\/cocondedeco\">Acc\u00e9der \u00e0 Patreon gratuitement<\/a><\/div>\n<\/div><\/div>\n\n\n\n<div style=\"height:30px\" aria-hidden=\"true\" class=\"wp-block-spacer\"><\/div>\n\n\n\n<p class=\"has-small-font-size\">Source de l'image \u00e0 la une: simplifycreateinspire.com<\/p>\n","protected":false},"excerpt":{"rendered":"<p>Ne perdez pas de vue tout ce que vous avez \u00e0 faire au quotidien. Cr\u00e9ez chez vous un centre de commande pratique et d\u00e9co pour ne rien oublier. <span class=\"more-link\"><a href=\"https:\/\/www.cocondedecoration.com\/blog\/2025\/09\/calendrier-mural-organisation\/\">Lire la suite<\/a><\/span><\/p>\n","protected":false},"author":1,"featured_media":85102,"comment_status":"open","ping_status":"open","sticky":false,"template":"","format":"standard","meta":{"om_disable_all_campaigns":false,"_monsterinsights_skip_tracking":false,"_monsterinsights_sitenote_active":false,"_monsterinsights_sitenote_note":"","_monsterinsights_sitenote_category":0,"_uf_show_specific_survey":0,"_uf_disable_surveys":false,"footnotes":""},"categories":[16321],"tags":[62127,992,60744,66,4167,9731,2193,62126],"aioseo_notices":[],"_links":{"self":[{"href":"https:\/\/www.cocondedecoration.com\/blog\/wp-json\/wp\/v2\/posts\/85087"}],"collection":[{"href":"https:\/\/www.cocondedecoration.com\/blog\/wp-json\/wp\/v2\/posts"}],"about":[{"href":"https:\/\/www.cocondedecoration.com\/blog\/wp-json\/wp\/v2\/types\/post"}],"author":[{"embeddable":true,"href":"https:\/\/www.cocondedecoration.com\/blog\/wp-json\/wp\/v2\/users\/1"}],"replies":[{"embeddable":true,"href":"https:\/\/www.cocondedecoration.com\/blog\/wp-json\/wp\/v2\/comments?post=85087"}],"version-history":[{"count":2,"href":"https:\/\/www.cocondedecoration.com\/blog\/wp-json\/wp\/v2\/posts\/85087\/revisions"}],"predecessor-version":[{"id":85104,"href":"https:\/\/www.cocondedecoration.com\/blog\/wp-json\/wp\/v2\/posts\/85087\/revisions\/85104"}],"wp:featuredmedia":[{"embeddable":true,"href":"https:\/\/www.cocondedecoration.com\/blog\/wp-json\/wp\/v2\/media\/85102"}],"wp:attachment":[{"href":"https:\/\/www.cocondedecoration.com\/blog\/wp-json\/wp\/v2\/media?parent=85087"}],"wp:term":[{"taxonomy":"category","embeddable":true,"href":"https:\/\/www.cocondedecoration.com\/blog\/wp-json\/wp\/v2\/categories?post=85087"},{"taxonomy":"post_tag","embeddable":true,"href":"https:\/\/www.cocondedecoration.com\/blog\/wp-json\/wp\/v2\/tags?post=85087"}],"curies":[{"name":"wp","href":"https:\/\/api.w.org\/{rel}","templated":true}]}}