{"id":85028,"date":"2025-09-11T08:32:10","date_gmt":"2025-09-11T06:32:10","guid":{"rendered":"https:\/\/www.cocondedecoration.com\/blog\/?p=85028"},"modified":"2025-09-11T08:32:12","modified_gmt":"2025-09-11T06:32:12","slug":"couleur-table-basse","status":"publish","type":"post","link":"https:\/\/www.cocondedecoration.com\/blog\/2025\/09\/couleur-table-basse\/","title":{"rendered":"De la couleur au coeur du salon gr\u00e2ce \u00e0 la table basse"},"content":{"rendered":"\n<p>Plusieurs possibilit\u00e9s s'offrent \u00e0 vous pour cr\u00e9er une touche de couleur dans le salon sans forc\u00e9ment peindre ou changer le papier peint. Ces derni\u00e8res ann\u00e9es, les canap\u00e9s se sont color\u00e9s. J'ai d\u00e9j\u00e0 eu l'occasion de vous en parler \u00e0 plusieurs reprises. Cette fois, on va s'int\u00e9resser \u00e0 un meuble qui se trouve \u00e0 proximit\u00e9 du canap\u00e9: la table basse. Et elle aussi peut \u00eatre source de couleur dans votre pi\u00e8ce de vie.  <\/p>\n\n\n\n<div class=\"wp-block-columns is-layout-flex wp-container-core-columns-layout-1 wp-block-columns-is-layout-flex\">\n<div class=\"wp-block-column is-layout-flow wp-block-column-is-layout-flow\">\n<div style=\"height:100px\" aria-hidden=\"true\" class=\"wp-block-spacer\"><\/div>\n\n\n\n<h2 class=\"wp-block-heading\">Petite table basse multicolore d'inspiration Memphis <\/h2>\n\n\n\n<p>On commence avec une petite table qui sort de l'ordinaire autant par la forme de son plateau que par les couleurs qui la composent. Ce mix de couleurs et de motifs est inspir\u00e9 du design Memphis italien des ann\u00e9es 60 et 70. Un peid rouge, les arr\u00eates de la table rose et le plateau est en damier noir et blanc. De quoi apporter une toute nouvelle dimension au coeur du salon et une touche plus design. <\/p>\n\n\n\n<div class=\"wp-block-buttons is-content-justification-center is-layout-flex wp-container-core-buttons-layout-1 wp-block-buttons-is-layout-flex\">\n<div class=\"wp-block-button\"><a class=\"wp-block-button__link wp-element-button\" href=\"https:\/\/glp8.net\/c\/?si=19884&amp;li=1847438&amp;wi=389952&amp;ws=2025%20table%20basse%20couleur&amp;dl=prod-table-basse-super-coffee-table-bois-multicolore-54-x-54-x-h-36-cm-seletti-refm116341201.html\" target=\"_blank\" rel=\"noreferrer noopener\">Acheter<\/a><\/div>\n<\/div>\n\n\n\n<p>O\u00f9? Seletti chez Made in Design <br>Prix: 440\u20ac<br>Dimensions: 54 x 54 x H 36 cm<\/p>\n\n\n\n<p>A lire aussi: <a href=\"https:\/\/www.cocondedecoration.com\/blog\/2023\/12\/style-memphis-decoration\/\" target=\"_blank\" rel=\"noopener\" title=\"\">Design &amp; Histoire | Le style Memphis des ann\u00e9es 80<\/a><\/p>\n<\/div>\n\n\n\n<div class=\"wp-block-column is-layout-flow wp-block-column-is-layout-flow\">\n<figure class=\"wp-block-image size-large\"><a href=\"https:\/\/www.cocondedecoration.com\/blog\/wp-content\/uploads\/2025\/09\/table-basse-couleur-design.001.jpeg\"><img loading=\"lazy\" decoding=\"async\" width=\"640\" height=\"960\" src=\"https:\/\/www.cocondedecoration.com\/blog\/wp-content\/uploads\/2025\/09\/table-basse-couleur-design.001-640x960.jpeg\" alt=\"Table basse Super Coffee Table bois multicolore design Memphis \" class=\"wp-image-85029\" title=\"Table basse Super Coffee Table bois multicolore design Memphis \" srcset=\"https:\/\/www.cocondedecoration.com\/blog\/wp-content\/uploads\/2025\/09\/table-basse-couleur-design.001-640x960.jpeg 640w, https:\/\/www.cocondedecoration.com\/blog\/wp-content\/uploads\/2025\/09\/table-basse-couleur-design.001-260x390.jpeg 260w, https:\/\/www.cocondedecoration.com\/blog\/wp-content\/uploads\/2025\/09\/table-basse-couleur-design.001-768x1152.jpeg 768w, https:\/\/www.cocondedecoration.com\/blog\/wp-content\/uploads\/2025\/09\/table-basse-couleur-design.001-367x550.jpeg 367w, https:\/\/www.cocondedecoration.com\/blog\/wp-content\/uploads\/2025\/09\/table-basse-couleur-design.001-333x500.jpeg 333w, https:\/\/www.cocondedecoration.com\/blog\/wp-content\/uploads\/2025\/09\/table-basse-couleur-design.001.jpeg 1000w\" sizes=\"(max-width: 640px) 100vw, 640px\" \/><\/a><\/figure>\n<\/div>\n<\/div>\n\n\n\n<div class=\"wp-block-columns is-layout-flex wp-container-core-columns-layout-2 wp-block-columns-is-layout-flex\">\n<div class=\"wp-block-column is-layout-flow wp-block-column-is-layout-flow\">\n<div style=\"height:100px\" aria-hidden=\"true\" class=\"wp-block-spacer\"><\/div>\n\n\n\n<h2 class=\"wp-block-heading\">Petite table basse jaune pour illuminer le coeur du salon<\/h2>\n\n\n\n<p>On reste sur un mini format avec une table carr\u00e9e simple et \u00e9pur\u00e9e. Sa structure jaune apportera au salon une vibe solaire et moderne. Id\u00e9al pour rehausser une d\u00e9co de salon un peu plate et lui offrir un \u00e9lan de modernit\u00e9. Son format compact est parfait pour les petites pi\u00e8ces de vie. <\/p>\n\n\n\n<div class=\"wp-block-buttons is-content-justification-center is-layout-flex wp-container-core-buttons-layout-2 wp-block-buttons-is-layout-flex\">\n<div class=\"wp-block-button\"><a class=\"wp-block-button__link wp-element-button\" href=\"https:\/\/c3po.link\/QCNZxxf3pd\" target=\"_blank\" rel=\"noreferrer noopener\">Acheter<\/a><\/div>\n<\/div>\n\n\n\n<p>O\u00f9? Recollection chez La Redoute<br>Prix: 431,90\u20ac<br>Dimensions: 50 x 50 x 45 cm<\/p>\n<\/div>\n\n\n\n<div class=\"wp-block-column is-layout-flow wp-block-column-is-layout-flow\">\n<figure class=\"wp-block-image size-large\"><a href=\"https:\/\/www.cocondedecoration.com\/blog\/wp-content\/uploads\/2025\/09\/table-basse-couleur-moderne-idee-salon.001.jpeg\"><img loading=\"lazy\" decoding=\"async\" width=\"640\" height=\"960\" src=\"https:\/\/www.cocondedecoration.com\/blog\/wp-content\/uploads\/2025\/09\/table-basse-couleur-moderne-idee-salon.001-640x960.jpeg\" alt=\"Table d'appoint en m\u00e9tal carr\u00e9 jaune \" class=\"wp-image-85037\" title=\"Table d'appoint en m\u00e9tal carr\u00e9\" srcset=\"https:\/\/www.cocondedecoration.com\/blog\/wp-content\/uploads\/2025\/09\/table-basse-couleur-moderne-idee-salon.001-640x960.jpeg 640w, https:\/\/www.cocondedecoration.com\/blog\/wp-content\/uploads\/2025\/09\/table-basse-couleur-moderne-idee-salon.001-260x390.jpeg 260w, https:\/\/www.cocondedecoration.com\/blog\/wp-content\/uploads\/2025\/09\/table-basse-couleur-moderne-idee-salon.001-768x1152.jpeg 768w, https:\/\/www.cocondedecoration.com\/blog\/wp-content\/uploads\/2025\/09\/table-basse-couleur-moderne-idee-salon.001-367x550.jpeg 367w, https:\/\/www.cocondedecoration.com\/blog\/wp-content\/uploads\/2025\/09\/table-basse-couleur-moderne-idee-salon.001-333x500.jpeg 333w, https:\/\/www.cocondedecoration.com\/blog\/wp-content\/uploads\/2025\/09\/table-basse-couleur-moderne-idee-salon.001.jpeg 1000w\" sizes=\"(max-width: 640px) 100vw, 640px\" \/><\/a><\/figure>\n<\/div>\n<\/div>\n\n\n\n<div class=\"wp-block-columns is-layout-flex wp-container-core-columns-layout-3 wp-block-columns-is-layout-flex\">\n<div class=\"wp-block-column is-layout-flow wp-block-column-is-layout-flow\">\n<div style=\"height:100px\" aria-hidden=\"true\" class=\"wp-block-spacer\"><\/div>\n\n\n\n<h2 class=\"wp-block-heading\">Tables gigognes rectangulaires aux couleurs vintage <\/h2>\n\n\n\n<p>Chaque \u00e9poque design a son lot de couleurs. Ici, on a deux tables basses aux couleurs qui rappellent aussi bien les ann\u00e9es 50 que les ann\u00e9es 70, gr\u00e2ce au jaune et au orange. Le pi\u00e8tement blanc est discret et se fait oublier \u00e0 la faveur des plateaux color\u00e9s qui \u00e9gayeront votre salon. <\/p>\n\n\n\n<div class=\"wp-block-buttons is-content-justification-center is-layout-flex wp-container-core-buttons-layout-3 wp-block-buttons-is-layout-flex\">\n<div class=\"wp-block-button\"><a class=\"wp-block-button__link wp-element-button\" href=\"https:\/\/fnty.co\/c\/r-EzAVgflQ\" target=\"_blank\" rel=\"noreferrer noopener\">Acheter<\/a><\/div>\n<\/div>\n\n\n\n<p>O\u00f9? Chehoma chez Maisons du Monde<br>Prix: 515\u20ac (lot de 2)<br>Dimensions: 62 x 45 x 105cm<\/p>\n<\/div>\n\n\n\n<div class=\"wp-block-column is-layout-flow wp-block-column-is-layout-flow\">\n<figure class=\"wp-block-image size-large\"><a href=\"https:\/\/www.cocondedecoration.com\/blog\/wp-content\/uploads\/2025\/09\/table-basse-couleur-pas-cher.001.jpeg\"><img loading=\"lazy\" decoding=\"async\" width=\"640\" height=\"960\" src=\"https:\/\/www.cocondedecoration.com\/blog\/wp-content\/uploads\/2025\/09\/table-basse-couleur-pas-cher.001-640x960.jpeg\" alt=\"Lot de 2 tables basses en m\u00e9tal orange et jaune\" class=\"wp-image-85038\" title=\"Lot de 2 tables basses en m\u00e9tal orange et jaune\" srcset=\"https:\/\/www.cocondedecoration.com\/blog\/wp-content\/uploads\/2025\/09\/table-basse-couleur-pas-cher.001-640x960.jpeg 640w, https:\/\/www.cocondedecoration.com\/blog\/wp-content\/uploads\/2025\/09\/table-basse-couleur-pas-cher.001-260x390.jpeg 260w, https:\/\/www.cocondedecoration.com\/blog\/wp-content\/uploads\/2025\/09\/table-basse-couleur-pas-cher.001-768x1152.jpeg 768w, https:\/\/www.cocondedecoration.com\/blog\/wp-content\/uploads\/2025\/09\/table-basse-couleur-pas-cher.001-367x550.jpeg 367w, https:\/\/www.cocondedecoration.com\/blog\/wp-content\/uploads\/2025\/09\/table-basse-couleur-pas-cher.001-333x500.jpeg 333w, https:\/\/www.cocondedecoration.com\/blog\/wp-content\/uploads\/2025\/09\/table-basse-couleur-pas-cher.001.jpeg 1000w\" sizes=\"(max-width: 640px) 100vw, 640px\" \/><\/a><\/figure>\n<\/div>\n<\/div>\n\n\n\n<div class=\"wp-block-columns is-layout-flex wp-container-core-columns-layout-4 wp-block-columns-is-layout-flex\">\n<div class=\"wp-block-column is-layout-flow wp-block-column-is-layout-flow\">\n<div style=\"height:100px\" aria-hidden=\"true\" class=\"wp-block-spacer\"><\/div>\n\n\n\n<h2 class=\"wp-block-heading\">Table basse ronde monochrome vert \u00e9l\u00e9gante<\/h2>\n\n\n\n<p>J'en parlais encore hier dans mon article \u00e0 propos des <a href=\"https:\/\/www.cocondedecoration.com\/blog\/2025\/09\/couleurs-tendance-2026\/\" target=\"_blank\" rel=\"noopener\" title=\"\">couleurs tendances pour 2026<\/a>, le vert est une couleur dans l'air du temps. Elle repr\u00e9sente g\u00e9n\u00e9ralement la nature mais c'est aussi un symbole des enjeux \u00e9cologiques actuels. Outre sa couleur intense, cette table ronde en bois se distingue gr\u00e2ce \u00e0 son pied arrondi qui sort de l'ordinaire. Un d\u00e9tail qui offrira \u00e0 votre salon une touche d'\u00e9l\u00e9gance naturelle suppl\u00e9mentaire. <\/p>\n\n\n\n<div class=\"wp-block-buttons is-content-justification-center is-layout-flex wp-container-core-buttons-layout-4 wp-block-buttons-is-layout-flex\">\n<div class=\"wp-block-button\"><a class=\"wp-block-button__link wp-element-button\" href=\"https:\/\/fnty.co\/c\/r-iRAcZNnq\" target=\"_blank\" rel=\"noreferrer noopener\">Acheter<\/a><\/div>\n<\/div>\n\n\n\n<p>O\u00f9? Noo.ma chez Maisons du Monde<br>Prix: 699\u20ac<br>Dimensions: 95 x 44 x 95cm<\/p>\n\n\n\n<p>Ceci peut \u00e9galement vous int\u00e9resser: <a href=\"https:\/\/www.cocondedecoration.com\/blog\/2020\/09\/idee-deco-salon-style-nature-chic\/\" target=\"_blank\" rel=\"noopener\" title=\"\">Un salon dans le style nature chic<\/a><\/p>\n<\/div>\n\n\n\n<div class=\"wp-block-column is-layout-flow wp-block-column-is-layout-flow\">\n<figure class=\"wp-block-image size-large\"><a href=\"https:\/\/www.cocondedecoration.com\/blog\/wp-content\/uploads\/2025\/09\/table-basse-couleur-pas-cher.002.jpeg\"><img loading=\"lazy\" decoding=\"async\" width=\"640\" height=\"960\" src=\"https:\/\/www.cocondedecoration.com\/blog\/wp-content\/uploads\/2025\/09\/table-basse-couleur-pas-cher.002-640x960.jpeg\" alt=\"Table basse ronde en bois de fr\u00eane, vert\" class=\"wp-image-85039\" title=\"Table basse ronde en bois de fr\u00eane, vert\" srcset=\"https:\/\/www.cocondedecoration.com\/blog\/wp-content\/uploads\/2025\/09\/table-basse-couleur-pas-cher.002-640x960.jpeg 640w, https:\/\/www.cocondedecoration.com\/blog\/wp-content\/uploads\/2025\/09\/table-basse-couleur-pas-cher.002-260x390.jpeg 260w, https:\/\/www.cocondedecoration.com\/blog\/wp-content\/uploads\/2025\/09\/table-basse-couleur-pas-cher.002-768x1152.jpeg 768w, https:\/\/www.cocondedecoration.com\/blog\/wp-content\/uploads\/2025\/09\/table-basse-couleur-pas-cher.002-367x550.jpeg 367w, https:\/\/www.cocondedecoration.com\/blog\/wp-content\/uploads\/2025\/09\/table-basse-couleur-pas-cher.002-333x500.jpeg 333w, https:\/\/www.cocondedecoration.com\/blog\/wp-content\/uploads\/2025\/09\/table-basse-couleur-pas-cher.002.jpeg 1000w\" sizes=\"(max-width: 640px) 100vw, 640px\" \/><\/a><\/figure>\n<\/div>\n<\/div>\n\n\n\n<div class=\"wp-block-columns is-layout-flex wp-container-core-columns-layout-5 wp-block-columns-is-layout-flex\">\n<div class=\"wp-block-column is-layout-flow wp-block-column-is-layout-flow\">\n<div style=\"height:100px\" aria-hidden=\"true\" class=\"wp-block-spacer\"><\/div>\n\n\n\n<h2 class=\"wp-block-heading\">Tables gigognes color\u00e9es avec pi\u00e8tement dor\u00e9 <\/h2>\n\n\n\n<p>Les tables gigognes sont int\u00e9ressantes \u00e0 plus d'un titre. Elles sont modulables et ouvrent la porte \u00e0 plusieurs dispositions pour que chaque personnes assises dans le salon puisse y acc\u00e9der facilement. Elles sont aussi une possibilit\u00e9 d'apporter plusieurs couleurs au centre de l'espace salon. Ici en l'occurence: du bleu, du jaune et du bleu canard, en plus du pi\u00e8tement des tables couleur laiton. <\/p>\n\n\n\n<div class=\"wp-block-buttons is-content-justification-center is-layout-flex wp-container-core-buttons-layout-5 wp-block-buttons-is-layout-flex\">\n<div class=\"wp-block-button\"><a class=\"wp-block-button__link wp-element-button\" href=\"https:\/\/lk.gt\/aurC5\" target=\"_blank\" rel=\"noreferrer noopener\">Acheter<\/a><\/div>\n<\/div>\n\n\n\n<p>O\u00f9? Miliboo<br>Prix: 379,99\u20ac (lot de 3) <br>Dimensions: L81 x P62 x H48 cm + L70 x P50 x H42 cm + L67 x P46 x H38 cm<\/p>\n<\/div>\n\n\n\n<div class=\"wp-block-column is-layout-flow wp-block-column-is-layout-flow\">\n<figure class=\"wp-block-image size-large\"><a href=\"https:\/\/www.cocondedecoration.com\/blog\/wp-content\/uploads\/2025\/09\/table-basse-couleur-elegante.001.jpeg\"><img loading=\"lazy\" decoding=\"async\" width=\"640\" height=\"960\" src=\"https:\/\/www.cocondedecoration.com\/blog\/wp-content\/uploads\/2025\/09\/table-basse-couleur-elegante.001-640x960.jpeg\" alt=\"Tables basses gigognes laqu\u00e9es moutarde, bleu canard et bleu (lot de 3)\" class=\"wp-image-85047\" title=\"Tables basses gigognes laqu\u00e9es moutarde, bleu canard et bleu (lot de 3)\" srcset=\"https:\/\/www.cocondedecoration.com\/blog\/wp-content\/uploads\/2025\/09\/table-basse-couleur-elegante.001-640x960.jpeg 640w, https:\/\/www.cocondedecoration.com\/blog\/wp-content\/uploads\/2025\/09\/table-basse-couleur-elegante.001-260x390.jpeg 260w, https:\/\/www.cocondedecoration.com\/blog\/wp-content\/uploads\/2025\/09\/table-basse-couleur-elegante.001-768x1152.jpeg 768w, https:\/\/www.cocondedecoration.com\/blog\/wp-content\/uploads\/2025\/09\/table-basse-couleur-elegante.001-367x550.jpeg 367w, https:\/\/www.cocondedecoration.com\/blog\/wp-content\/uploads\/2025\/09\/table-basse-couleur-elegante.001-333x500.jpeg 333w, https:\/\/www.cocondedecoration.com\/blog\/wp-content\/uploads\/2025\/09\/table-basse-couleur-elegante.001.jpeg 1000w\" sizes=\"(max-width: 640px) 100vw, 640px\" \/><\/a><\/figure>\n<\/div>\n<\/div>\n\n\n\n<div class=\"wp-block-columns is-layout-flex wp-container-core-columns-layout-6 wp-block-columns-is-layout-flex\">\n<div class=\"wp-block-column is-layout-flow wp-block-column-is-layout-flow\">\n<div style=\"height:100px\" aria-hidden=\"true\" class=\"wp-block-spacer\"><\/div>\n\n\n\n<h2 class=\"wp-block-heading\">Table basse design aux formes \u00e9l\u00e9gantes <\/h2>\n\n\n\n<p>Si vous aimez les int\u00e9rieurs chic et \u00e9l\u00e9gants, il est possible que vous ne vous retrouviez pas dans les mod\u00e8les aux couleurs vives. Ce n'est pas grave. Il existe aussi des tables basses aux couleurs plus sobres comme le bleu. Une couleur tendre associ\u00e9e \u00e0 des formes rondes, simples et massives pour sublimer votre pi\u00e8ce de vie. <\/p>\n\n\n\n<div class=\"wp-block-buttons is-content-justification-center is-layout-flex wp-container-core-buttons-layout-6 wp-block-buttons-is-layout-flex\">\n<div class=\"wp-block-button\"><a class=\"wp-block-button__link wp-element-button\" href=\"https:\/\/glp8.net\/c\/?si=19884&amp;li=1847438&amp;wi=389952&amp;ws=2025%20table%20basse%20couleur&amp;dl=prod-table-basse-tottori-bois-bleu-4-pieds-64-x-44-x-h-40-cm-driade-refm115335701.html\" target=\"_blank\" rel=\"noreferrer noopener\">Acheter<\/a><\/div>\n<\/div>\n\n\n\n<p>O\u00f9? Driade chez Made in Design <br>Prix: 910\u20ac<br>Dimensions: 64 x 44 cm x H 40 cm<\/p>\n<\/div>\n\n\n\n<div class=\"wp-block-column is-layout-flow wp-block-column-is-layout-flow\">\n<figure class=\"wp-block-image size-large\"><a href=\"https:\/\/www.cocondedecoration.com\/blog\/wp-content\/uploads\/2025\/09\/table-basse-couleur-design.002.jpeg\"><img loading=\"lazy\" decoding=\"async\" width=\"640\" height=\"960\" src=\"https:\/\/www.cocondedecoration.com\/blog\/wp-content\/uploads\/2025\/09\/table-basse-couleur-design.002-640x960.jpeg\" alt=\"Table basse Tottori bois bleu \/ 4 pieds design arrondi bleu \" class=\"wp-image-85030\" title=\"Table basse Tottori bois bleu \/ 4 pieds design arrondi bleu \" srcset=\"https:\/\/www.cocondedecoration.com\/blog\/wp-content\/uploads\/2025\/09\/table-basse-couleur-design.002-640x960.jpeg 640w, https:\/\/www.cocondedecoration.com\/blog\/wp-content\/uploads\/2025\/09\/table-basse-couleur-design.002-260x390.jpeg 260w, https:\/\/www.cocondedecoration.com\/blog\/wp-content\/uploads\/2025\/09\/table-basse-couleur-design.002-768x1152.jpeg 768w, https:\/\/www.cocondedecoration.com\/blog\/wp-content\/uploads\/2025\/09\/table-basse-couleur-design.002-367x550.jpeg 367w, https:\/\/www.cocondedecoration.com\/blog\/wp-content\/uploads\/2025\/09\/table-basse-couleur-design.002-333x500.jpeg 333w, https:\/\/www.cocondedecoration.com\/blog\/wp-content\/uploads\/2025\/09\/table-basse-couleur-design.002.jpeg 1000w\" sizes=\"(max-width: 640px) 100vw, 640px\" \/><\/a><\/figure>\n<\/div>\n<\/div>\n\n\n\n<div class=\"wp-block-columns is-layout-flex wp-container-core-columns-layout-7 wp-block-columns-is-layout-flex\">\n<div class=\"wp-block-column is-layout-flow wp-block-column-is-layout-flow\">\n<div style=\"height:100px\" aria-hidden=\"true\" class=\"wp-block-spacer\"><\/div>\n\n\n\n<h2 class=\"wp-block-heading\">Table basse color\u00e9e ronde avec pied central <\/h2>\n\n\n\n<p>J'aime passionn\u00e9ment la couleur verte et en pr\u00e9parant cette s\u00e9lection, j'ai du faire attention \u00e0 ne pas s\u00e9lectionn\u00e9 que des mod\u00e8les verts. Une nouvelle fois, le vert est associ\u00e9 \u00e0 la rondeur du plateau et du pi\u00e8tement. Une table d'esprit naturel qui vous permettra de rehausser un salon essentiellement neutre et magnifier le style naturel chic de votre espace. <\/p>\n\n\n\n<div class=\"wp-block-buttons is-content-justification-center is-layout-flex wp-container-core-buttons-layout-7 wp-block-buttons-is-layout-flex\">\n<div class=\"wp-block-button\"><a class=\"wp-block-button__link wp-element-button\" href=\"https:\/\/fnty.co\/c\/r-QEMcYzaF\" target=\"_blank\" rel=\"noreferrer noopener\">Acheter<\/a><\/div>\n<\/div>\n\n\n\n<p>O\u00f9? Teulat chez Maisons du Monde<br>Prix: 786,45\u20ac<br>Dimensions: 110 x 36 x 110cm<\/p>\n<\/div>\n\n\n\n<div class=\"wp-block-column is-layout-flow wp-block-column-is-layout-flow\">\n<figure class=\"wp-block-image size-large\"><a href=\"https:\/\/www.cocondedecoration.com\/blog\/wp-content\/uploads\/2025\/09\/table-basse-couleur-pas-cher.003.jpeg\"><img loading=\"lazy\" decoding=\"async\" width=\"640\" height=\"960\" src=\"https:\/\/www.cocondedecoration.com\/blog\/wp-content\/uploads\/2025\/09\/table-basse-couleur-pas-cher.003-640x960.jpeg\" alt=\"Table basse ronde 110cm en bois et pied central rond vert fonc\u00e9\" class=\"wp-image-85040\" title=\"Table basse ronde 110cm en bois et pied central rond vert fonc\u00e9\" srcset=\"https:\/\/www.cocondedecoration.com\/blog\/wp-content\/uploads\/2025\/09\/table-basse-couleur-pas-cher.003-640x960.jpeg 640w, https:\/\/www.cocondedecoration.com\/blog\/wp-content\/uploads\/2025\/09\/table-basse-couleur-pas-cher.003-260x390.jpeg 260w, https:\/\/www.cocondedecoration.com\/blog\/wp-content\/uploads\/2025\/09\/table-basse-couleur-pas-cher.003-768x1152.jpeg 768w, https:\/\/www.cocondedecoration.com\/blog\/wp-content\/uploads\/2025\/09\/table-basse-couleur-pas-cher.003-367x550.jpeg 367w, https:\/\/www.cocondedecoration.com\/blog\/wp-content\/uploads\/2025\/09\/table-basse-couleur-pas-cher.003-333x500.jpeg 333w, https:\/\/www.cocondedecoration.com\/blog\/wp-content\/uploads\/2025\/09\/table-basse-couleur-pas-cher.003.jpeg 1000w\" sizes=\"(max-width: 640px) 100vw, 640px\" \/><\/a><\/figure>\n<\/div>\n<\/div>\n\n\n\n<div class=\"wp-block-columns is-layout-flex wp-container-core-columns-layout-8 wp-block-columns-is-layout-flex\">\n<div class=\"wp-block-column is-layout-flow wp-block-column-is-layout-flow\">\n<div style=\"height:100px\" aria-hidden=\"true\" class=\"wp-block-spacer\"><\/div>\n\n\n\n<h2 class=\"wp-block-heading\">Table au design chic orange laqu\u00e9 <\/h2>\n\n\n\n<p>Le jaune n'est pas la seule couleur solaire et chaleureuse qui peut s'inviter sur la table basse. Le orange peut \u00eatre une bonne alternative d'autant plus quand l'esth\u00e9tique de la table sort de l'ordinaire avec son plateau ovale et ses pieds asym\u00e9triques. <\/p>\n\n\n\n<div class=\"wp-block-buttons is-content-justification-center is-layout-flex wp-container-core-buttons-layout-8 wp-block-buttons-is-layout-flex\">\n<div class=\"wp-block-button\"><a class=\"wp-block-button__link wp-element-button\" href=\"https:\/\/fnty.co\/c\/r-sFXukRcU\" target=\"_blank\" rel=\"noreferrer noopener\">Acheter<\/a><\/div>\n<\/div>\n\n\n\n<p>O\u00f9? Kodu chez Maisons du Monde <br>Prix: 705,87\u20ac<br>Dimensions: 60 x 35 x 120cm<\/p>\n\n\n\n<p>A lire aussi: <a href=\"https:\/\/www.cocondedecoration.com\/blog\/2025\/02\/marques-decoration-couleur\/\" target=\"_blank\" rel=\"noopener\" title=\"\">10 marques qui feront entrer la couleur dans votre int\u00e9rieur<\/a><\/p>\n<\/div>\n\n\n\n<div class=\"wp-block-column is-layout-flow wp-block-column-is-layout-flow\">\n<figure class=\"wp-block-image size-large\"><a href=\"https:\/\/www.cocondedecoration.com\/blog\/wp-content\/uploads\/2025\/09\/table-basse-couleur-pas-cher.004.jpeg\"><img loading=\"lazy\" decoding=\"async\" width=\"640\" height=\"960\" src=\"https:\/\/www.cocondedecoration.com\/blog\/wp-content\/uploads\/2025\/09\/table-basse-couleur-pas-cher.004-640x960.jpeg\" alt=\"Table basse en bois mdf orange laqu\u00e9 119x60x35 cm\" class=\"wp-image-85041\" title=\"Table basse en bois mdf orange laqu\u00e9 119x60x35 cm\" srcset=\"https:\/\/www.cocondedecoration.com\/blog\/wp-content\/uploads\/2025\/09\/table-basse-couleur-pas-cher.004-640x960.jpeg 640w, https:\/\/www.cocondedecoration.com\/blog\/wp-content\/uploads\/2025\/09\/table-basse-couleur-pas-cher.004-260x390.jpeg 260w, https:\/\/www.cocondedecoration.com\/blog\/wp-content\/uploads\/2025\/09\/table-basse-couleur-pas-cher.004-768x1152.jpeg 768w, https:\/\/www.cocondedecoration.com\/blog\/wp-content\/uploads\/2025\/09\/table-basse-couleur-pas-cher.004-367x550.jpeg 367w, https:\/\/www.cocondedecoration.com\/blog\/wp-content\/uploads\/2025\/09\/table-basse-couleur-pas-cher.004-333x500.jpeg 333w, https:\/\/www.cocondedecoration.com\/blog\/wp-content\/uploads\/2025\/09\/table-basse-couleur-pas-cher.004.jpeg 1000w\" sizes=\"(max-width: 640px) 100vw, 640px\" \/><\/a><\/figure>\n<\/div>\n<\/div>\n\n\n\n<div class=\"wp-block-columns is-layout-flex wp-container-core-columns-layout-9 wp-block-columns-is-layout-flex\">\n<div class=\"wp-block-column is-layout-flow wp-block-column-is-layout-flow\">\n<div style=\"height:100px\" aria-hidden=\"true\" class=\"wp-block-spacer\"><\/div>\n\n\n\n<h2 class=\"wp-block-heading\">Petites tables gigognes \u00e9l\u00e9gantes rose et laiton <\/h2>\n\n\n\n<p>Ses petites tables basses allient \u00e9l\u00e9gance et praticit\u00e9 avec leur plateau rose d\u00e9licat associ\u00e9 \u00e0 un pi\u00e8tement dor\u00e9 raffin\u00e9. Son design compact et modulable permet d'optimiser l'espace tout en apportant une touche de douceur et de luxe \u00e0 votre salon. Les nuances ros\u00e9es s'harmonisent parfaitement avec la chaleur m\u00e9tallique du dor\u00e9, cr\u00e9ant un \u00e9quilibre chic et contemporain qui rehausse subtilement votre d\u00e9coration int\u00e9rieure.<\/p>\n\n\n\n<div class=\"wp-block-buttons is-content-justification-center is-layout-flex wp-container-core-buttons-layout-9 wp-block-buttons-is-layout-flex\">\n<div class=\"wp-block-button\"><a class=\"wp-block-button__link wp-element-button\" href=\"https:\/\/lk.gt\/aamgE\" target=\"_blank\" rel=\"noreferrer noopener\">Acheter<\/a><\/div>\n<\/div>\n\n\n\n<p>O\u00f9? Miliboo<br>Prix: 219,99\u20ac (lot de 2)<br>Dimensions: L56.1 x P30 x H45.3 cm + L49.8 x P27 x H40 cm<\/p>\n\n\n\n<p>Pour aller plus loin: <a href=\"https:\/\/www.cocondedecoration.com\/blog\/2018\/10\/conseils-deco-comment-bien-choisir-sa-table-basse\/\" target=\"_blank\" rel=\"noopener\" title=\"\">Comment bien choisir sa table basse? | guide d\u00e9co <\/a><\/p>\n<\/div>\n\n\n\n<div class=\"wp-block-column is-layout-flow wp-block-column-is-layout-flow\">\n<figure class=\"wp-block-image size-large\"><a href=\"https:\/\/www.cocondedecoration.com\/blog\/wp-content\/uploads\/2025\/09\/table-basse-couleur-elegante.002.jpeg\"><img loading=\"lazy\" decoding=\"async\" width=\"640\" height=\"960\" src=\"https:\/\/www.cocondedecoration.com\/blog\/wp-content\/uploads\/2025\/09\/table-basse-couleur-elegante.002-640x960.jpeg\" alt=\"Tables basses gigognes rectangulaires design terracotta, rose et m\u00e9tal dor\u00e9 (lot de 2)\" class=\"wp-image-85048\" title=\"Tables basses gigognes rectangulaires design terracotta, rose et m\u00e9tal dor\u00e9 (lot de 2)\" srcset=\"https:\/\/www.cocondedecoration.com\/blog\/wp-content\/uploads\/2025\/09\/table-basse-couleur-elegante.002-640x960.jpeg 640w, https:\/\/www.cocondedecoration.com\/blog\/wp-content\/uploads\/2025\/09\/table-basse-couleur-elegante.002-260x390.jpeg 260w, https:\/\/www.cocondedecoration.com\/blog\/wp-content\/uploads\/2025\/09\/table-basse-couleur-elegante.002-768x1152.jpeg 768w, https:\/\/www.cocondedecoration.com\/blog\/wp-content\/uploads\/2025\/09\/table-basse-couleur-elegante.002-367x550.jpeg 367w, https:\/\/www.cocondedecoration.com\/blog\/wp-content\/uploads\/2025\/09\/table-basse-couleur-elegante.002-333x500.jpeg 333w, https:\/\/www.cocondedecoration.com\/blog\/wp-content\/uploads\/2025\/09\/table-basse-couleur-elegante.002.jpeg 1000w\" sizes=\"(max-width: 640px) 100vw, 640px\" \/><\/a><\/figure>\n<\/div>\n<\/div>\n\n\n\n<div class=\"wp-block-columns is-layout-flex wp-container-core-columns-layout-10 wp-block-columns-is-layout-flex\">\n<div class=\"wp-block-column is-layout-flow wp-block-column-is-layout-flow\">\n<div style=\"height:100px\" aria-hidden=\"true\" class=\"wp-block-spacer\"><\/div>\n\n\n\n<h2 class=\"wp-block-heading\">Petite table basse vert cactus \u00e0 l'esth\u00e9tique l\u00e9g\u00e8re <\/h2>\n\n\n\n<p>Contrairement aux deux mod\u00e8les ronds et verts propos\u00e9s pr\u00e9c\u00e9demment, cette fois, on est sur un mod\u00e8le de table l\u00e9ger visuellemment. Cela s'explique d'une part par l'\u00e9paisseur du plateau et par les pieds en compas d'autre part. Une esth\u00e9tique moderne et jeune qui convient aussi bien aux grands comme aux petits salons. On aime aussi sa couleur vert cactus. <\/p>\n\n\n\n<div class=\"wp-block-buttons is-content-justification-center is-layout-flex wp-container-core-buttons-layout-10 wp-block-buttons-is-layout-flex\">\n<div class=\"wp-block-button\"><a class=\"wp-block-button__link wp-element-button\" href=\"https:\/\/c3po.link\/QghZwQfbfj\" target=\"_blank\" rel=\"noreferrer noopener\">Acheter<\/a><\/div>\n<\/div>\n\n\n\n<p>O\u00f9? Oviala chez La Redoute<br>Prix: 69,90\u20ac<br>Dimensions: Diam\u00e8tre : 50 cm, hauteur : 34 cm<\/p>\n<\/div>\n\n\n\n<div class=\"wp-block-column is-layout-flow wp-block-column-is-layout-flow\">\n<figure class=\"wp-block-image size-large\"><a href=\"https:\/\/www.cocondedecoration.com\/blog\/wp-content\/uploads\/2025\/09\/table-basse-couleur-moderne-idee-salon.002.jpeg\"><img loading=\"lazy\" decoding=\"async\" width=\"640\" height=\"960\" src=\"https:\/\/www.cocondedecoration.com\/blog\/wp-content\/uploads\/2025\/09\/table-basse-couleur-moderne-idee-salon.002-640x960.jpeg\" alt=\"Table basse en m\u00e9tal ronde diam\u00e8tre 50 cm vert cactus\" class=\"wp-image-85036\" title=\"Table basse en m\u00e9tal ronde diam\u00e8tre 50 cm vert cactus\" srcset=\"https:\/\/www.cocondedecoration.com\/blog\/wp-content\/uploads\/2025\/09\/table-basse-couleur-moderne-idee-salon.002-640x960.jpeg 640w, https:\/\/www.cocondedecoration.com\/blog\/wp-content\/uploads\/2025\/09\/table-basse-couleur-moderne-idee-salon.002-260x390.jpeg 260w, https:\/\/www.cocondedecoration.com\/blog\/wp-content\/uploads\/2025\/09\/table-basse-couleur-moderne-idee-salon.002-768x1152.jpeg 768w, https:\/\/www.cocondedecoration.com\/blog\/wp-content\/uploads\/2025\/09\/table-basse-couleur-moderne-idee-salon.002-367x550.jpeg 367w, https:\/\/www.cocondedecoration.com\/blog\/wp-content\/uploads\/2025\/09\/table-basse-couleur-moderne-idee-salon.002-333x500.jpeg 333w, https:\/\/www.cocondedecoration.com\/blog\/wp-content\/uploads\/2025\/09\/table-basse-couleur-moderne-idee-salon.002.jpeg 1000w\" sizes=\"(max-width: 640px) 100vw, 640px\" \/><\/a><\/figure>\n<\/div>\n<\/div>\n\n\n\n<div class=\"wp-block-columns is-layout-flex wp-container-core-columns-layout-11 wp-block-columns-is-layout-flex\">\n<div class=\"wp-block-column is-layout-flow wp-block-column-is-layout-flow\">\n<div style=\"height:100px\" aria-hidden=\"true\" class=\"wp-block-spacer\"><\/div>\n\n\n\n<h2 class=\"wp-block-heading\">Une table basse chic avec des pieds color\u00e9s et un plateau en verre <\/h2>\n\n\n\n<p>C'est un des mod\u00e8les de cette s\u00e9lection que je pr\u00e9f\u00e8re avec ses pieds tubulaires bleu et vert et son plateau transparent en verre. Une forme fantaisiste qui change de l'ordinaire et qui mettra l'accent subtilement sur le coeur de votre espace. <\/p>\n\n\n\n<div class=\"wp-block-buttons is-content-justification-center is-layout-flex wp-container-core-buttons-layout-11 wp-block-buttons-is-layout-flex\">\n<div class=\"wp-block-button\"><a class=\"wp-block-button__link wp-element-button\" href=\"https:\/\/glp8.net\/c\/?si=19884&amp;li=1847438&amp;wi=389952&amp;ws=2025%20table%20basse%20couleur&amp;dl=prod-table-basse-verre-bleu-vert-110-x-65-cm-x-h-45-cm-colortherapis-refm115688301.html\" target=\"_blank\" rel=\"noreferrer noopener\">Acheter<\/a><\/div>\n<\/div>\n\n\n\n<p>O\u00f9? Colortherapis chez Made in Design <br>Prix: 1190\u20ac<br>Dimensions: 110 x 65 cm x H 45 cm<br>fabrication artisanale <\/p>\n<\/div>\n\n\n\n<div class=\"wp-block-column is-layout-flow wp-block-column-is-layout-flow\">\n<figure class=\"wp-block-image size-large\"><a href=\"https:\/\/www.cocondedecoration.com\/blog\/wp-content\/uploads\/2025\/09\/table-basse-couleur-design.003.jpeg\"><img loading=\"lazy\" decoding=\"async\" width=\"640\" height=\"960\" src=\"https:\/\/www.cocondedecoration.com\/blog\/wp-content\/uploads\/2025\/09\/table-basse-couleur-design.003-640x960.jpeg\" alt=\"Table basse verre bleu vert design moderne pieds de table color\u00e9 \" class=\"wp-image-85031\" title=\"Table basse verre bleu vert design moderne pieds de table color\u00e9 \" srcset=\"https:\/\/www.cocondedecoration.com\/blog\/wp-content\/uploads\/2025\/09\/table-basse-couleur-design.003-640x960.jpeg 640w, https:\/\/www.cocondedecoration.com\/blog\/wp-content\/uploads\/2025\/09\/table-basse-couleur-design.003-260x390.jpeg 260w, https:\/\/www.cocondedecoration.com\/blog\/wp-content\/uploads\/2025\/09\/table-basse-couleur-design.003-768x1152.jpeg 768w, https:\/\/www.cocondedecoration.com\/blog\/wp-content\/uploads\/2025\/09\/table-basse-couleur-design.003-367x550.jpeg 367w, https:\/\/www.cocondedecoration.com\/blog\/wp-content\/uploads\/2025\/09\/table-basse-couleur-design.003-333x500.jpeg 333w, https:\/\/www.cocondedecoration.com\/blog\/wp-content\/uploads\/2025\/09\/table-basse-couleur-design.003.jpeg 1000w\" sizes=\"(max-width: 640px) 100vw, 640px\" \/><\/a><\/figure>\n<\/div>\n<\/div>\n\n\n\n<div class=\"wp-block-columns is-layout-flex wp-container-core-columns-layout-12 wp-block-columns-is-layout-flex\">\n<div class=\"wp-block-column is-layout-flow wp-block-column-is-layout-flow\">\n<div style=\"height:100px\" aria-hidden=\"true\" class=\"wp-block-spacer\"><\/div>\n\n\n\n<h2 class=\"wp-block-heading\">Table ronde rouge flamme pour r\u00e9chauffer et dynamiser le salon <\/h2>\n\n\n\n<p>Il est assez rare que je parle de la couleur rouge. J'appr\u00e9cie cependant cette couleur dans certains cas, comme ici, sous la forme de table basse. Un rouge flamboyant qui r\u00e9chauffera automatiquement l'ambiance de votre salon. Cette couleur a aussi le pouvoir de dynamiser l'espace, nickel pour une pi\u00e8ce \u00e0 vivre familiale. <\/p>\n\n\n\n<div class=\"wp-block-buttons is-content-justification-center is-layout-flex wp-container-core-buttons-layout-12 wp-block-buttons-is-layout-flex\">\n<div class=\"wp-block-button\"><a class=\"wp-block-button__link wp-element-button\" href=\"https:\/\/fnty.co\/c\/r-VXpocFrS\" target=\"_blank\" rel=\"noreferrer noopener\">Acheter<\/a><\/div>\n<\/div>\n\n\n\n<p>O\u00f9? RNT by Really Nice Things chez Maisons du Monde<br>Prix: 379\u20ac<br>Dimensions: 100 x 42 x 100cm<\/p>\n\n\n\n<p>A lire aussi: <a href=\"https:\/\/www.cocondedecoration.com\/blog\/2024\/02\/decoration-associer-rouge-et-rose\/\" target=\"_blank\" rel=\"noopener\" title=\"\">Pour ou contre l\u2019association du rose et du rouge dans la d\u00e9co? | + de 25 inspirations<\/a><\/p>\n<\/div>\n\n\n\n<div class=\"wp-block-column is-layout-flow wp-block-column-is-layout-flow\">\n<figure class=\"wp-block-image size-large\"><a href=\"https:\/\/www.cocondedecoration.com\/blog\/wp-content\/uploads\/2025\/09\/table-basse-couleur-pas-cher.005.jpeg\"><img loading=\"lazy\" decoding=\"async\" width=\"640\" height=\"960\" src=\"https:\/\/www.cocondedecoration.com\/blog\/wp-content\/uploads\/2025\/09\/table-basse-couleur-pas-cher.005-640x960.jpeg\" alt=\" Table basse ronde, panneau stratifi\u00e9 de 3cm rouge Flamme 100cm\" class=\"wp-image-85042\" title=\" Table basse ronde, panneau stratifi\u00e9 de 3cm rouge Flamme 100cm\" srcset=\"https:\/\/www.cocondedecoration.com\/blog\/wp-content\/uploads\/2025\/09\/table-basse-couleur-pas-cher.005-640x960.jpeg 640w, https:\/\/www.cocondedecoration.com\/blog\/wp-content\/uploads\/2025\/09\/table-basse-couleur-pas-cher.005-260x390.jpeg 260w, https:\/\/www.cocondedecoration.com\/blog\/wp-content\/uploads\/2025\/09\/table-basse-couleur-pas-cher.005-768x1152.jpeg 768w, https:\/\/www.cocondedecoration.com\/blog\/wp-content\/uploads\/2025\/09\/table-basse-couleur-pas-cher.005-367x550.jpeg 367w, https:\/\/www.cocondedecoration.com\/blog\/wp-content\/uploads\/2025\/09\/table-basse-couleur-pas-cher.005-333x500.jpeg 333w, https:\/\/www.cocondedecoration.com\/blog\/wp-content\/uploads\/2025\/09\/table-basse-couleur-pas-cher.005.jpeg 1000w\" sizes=\"(max-width: 640px) 100vw, 640px\" \/><\/a><\/figure>\n<\/div>\n<\/div>\n\n\n\n<div class=\"wp-block-columns is-layout-flex wp-container-core-columns-layout-13 wp-block-columns-is-layout-flex\">\n<div class=\"wp-block-column is-layout-flow wp-block-column-is-layout-flow\">\n<div style=\"height:100px\" aria-hidden=\"true\" class=\"wp-block-spacer\"><\/div>\n\n\n\n<h2 class=\"wp-block-heading\">Une table basse \u00e9l\u00e9gante, pratique et color\u00e9e <\/h2>\n\n\n\n<p>Vous aurez compris \u00e0 ce stade de l'article que la couleur \u00e0 travers la table basse peut vous aider \u00e0 parfaire une certaine forme d'\u00e9l\u00e9gance. Cette table basse cache \u00e9galement un petit coffre en velours orange, id\u00e9al pour ranger ce qui traine habituellement sur la table. On aime aussi son plateau effet marbre blanc. <\/p>\n\n\n\n<div class=\"wp-block-buttons is-content-justification-center is-layout-flex wp-container-core-buttons-layout-13 wp-block-buttons-is-layout-flex\">\n<div class=\"wp-block-button\"><a class=\"wp-block-button__link wp-element-button\" href=\"https:\/\/fnty.co\/c\/r-kbOZApvW\" target=\"_blank\" rel=\"noreferrer noopener\">Acheter<\/a><\/div>\n<\/div>\n\n\n\n<p>O\u00f9? Kare Design chez Maisons du Monde<br>Prix: 249\u20ac<br>Dimensions: 60 x 46 x 114cm<\/p>\n<\/div>\n\n\n\n<div class=\"wp-block-column is-layout-flow wp-block-column-is-layout-flow\">\n<figure class=\"wp-block-image size-large\"><a href=\"https:\/\/www.cocondedecoration.com\/blog\/wp-content\/uploads\/2025\/09\/table-basse-couleur-pas-cher.006.jpeg\"><img loading=\"lazy\" decoding=\"async\" width=\"640\" height=\"960\" src=\"https:\/\/www.cocondedecoration.com\/blog\/wp-content\/uploads\/2025\/09\/table-basse-couleur-pas-cher.006-640x960.jpeg\" alt=\"Table basse coffre en velours orange et effet marbre blanc\" class=\"wp-image-85043\" title=\"Table basse coffre en velours orange et effet marbre blanc\" srcset=\"https:\/\/www.cocondedecoration.com\/blog\/wp-content\/uploads\/2025\/09\/table-basse-couleur-pas-cher.006-640x960.jpeg 640w, https:\/\/www.cocondedecoration.com\/blog\/wp-content\/uploads\/2025\/09\/table-basse-couleur-pas-cher.006-260x390.jpeg 260w, https:\/\/www.cocondedecoration.com\/blog\/wp-content\/uploads\/2025\/09\/table-basse-couleur-pas-cher.006-768x1152.jpeg 768w, https:\/\/www.cocondedecoration.com\/blog\/wp-content\/uploads\/2025\/09\/table-basse-couleur-pas-cher.006-367x550.jpeg 367w, https:\/\/www.cocondedecoration.com\/blog\/wp-content\/uploads\/2025\/09\/table-basse-couleur-pas-cher.006-333x500.jpeg 333w, https:\/\/www.cocondedecoration.com\/blog\/wp-content\/uploads\/2025\/09\/table-basse-couleur-pas-cher.006.jpeg 1000w\" sizes=\"(max-width: 640px) 100vw, 640px\" \/><\/a><\/figure>\n<\/div>\n<\/div>\n\n\n\n<div class=\"wp-block-columns is-layout-flex wp-container-core-columns-layout-14 wp-block-columns-is-layout-flex\">\n<div class=\"wp-block-column is-layout-flow wp-block-column-is-layout-flow\">\n<div style=\"height:100px\" aria-hidden=\"true\" class=\"wp-block-spacer\"><\/div>\n\n\n\n<h2 class=\"wp-block-heading\">Du bleu Prusse pour un salon moderne et dynamique <\/h2>\n\n\n\n<p>Le bleu Prusse, le bleu Klein, le bleu cobalt sont des <a href=\"https:\/\/www.cocondedecoration.com\/blog\/2023\/02\/interieur-couleur-bleu-electrique\/\" target=\"_blank\" rel=\"noopener\" title=\"\">nuances \u00e9lectriques et vives<\/a>. Il n'est pas utile de l'utiliser en grande quantit\u00e9 pour profiter de son aura dynamique. La table basse peut vous aider \u00e0 d\u00e9velopper la couleur accent de votre salon et donc \u00eatre color\u00e9e de ce bleu si singulier. <\/p>\n\n\n\n<div class=\"wp-block-buttons is-content-justification-center is-layout-flex wp-container-core-buttons-layout-14 wp-block-buttons-is-layout-flex\">\n<div class=\"wp-block-button\"><a class=\"wp-block-button__link wp-element-button\" href=\"https:\/\/fnty.co\/c\/r-HmFQARzN\" target=\"_blank\" rel=\"noreferrer noopener\">Acheter<\/a><\/div>\n<\/div>\n\n\n\n<p>O\u00f9? RNT by Really Nice Things chez Maisons du Monde<br>Prix: 399\u20ac<br>Dimensions: 100 x 42 x 60cm<\/p>\n<\/div>\n\n\n\n<div class=\"wp-block-column is-layout-flow wp-block-column-is-layout-flow\">\n<figure class=\"wp-block-image size-large\"><a href=\"https:\/\/www.cocondedecoration.com\/blog\/wp-content\/uploads\/2025\/09\/table-basse-couleur-pas-cher.007.jpeg\"><img loading=\"lazy\" decoding=\"async\" width=\"640\" height=\"960\" src=\"https:\/\/www.cocondedecoration.com\/blog\/wp-content\/uploads\/2025\/09\/table-basse-couleur-pas-cher.007-640x960.jpeg\" alt=\"Table basse panneau stratifi\u00e9 de 3cm, bleu Prusse 100x60cm\" class=\"wp-image-85044\" title=\"Table basse panneau stratifi\u00e9 de 3cm, bleu Prusse 100x60cm\" srcset=\"https:\/\/www.cocondedecoration.com\/blog\/wp-content\/uploads\/2025\/09\/table-basse-couleur-pas-cher.007-640x960.jpeg 640w, https:\/\/www.cocondedecoration.com\/blog\/wp-content\/uploads\/2025\/09\/table-basse-couleur-pas-cher.007-260x390.jpeg 260w, https:\/\/www.cocondedecoration.com\/blog\/wp-content\/uploads\/2025\/09\/table-basse-couleur-pas-cher.007-768x1152.jpeg 768w, https:\/\/www.cocondedecoration.com\/blog\/wp-content\/uploads\/2025\/09\/table-basse-couleur-pas-cher.007-367x550.jpeg 367w, https:\/\/www.cocondedecoration.com\/blog\/wp-content\/uploads\/2025\/09\/table-basse-couleur-pas-cher.007-333x500.jpeg 333w, https:\/\/www.cocondedecoration.com\/blog\/wp-content\/uploads\/2025\/09\/table-basse-couleur-pas-cher.007.jpeg 1000w\" sizes=\"(max-width: 640px) 100vw, 640px\" \/><\/a><\/figure>\n<\/div>\n<\/div>\n\n\n\n<div class=\"wp-block-columns is-layout-flex wp-container-core-columns-layout-15 wp-block-columns-is-layout-flex\">\n<div class=\"wp-block-column is-layout-flow wp-block-column-is-layout-flow\">\n<div style=\"height:100px\" aria-hidden=\"true\" class=\"wp-block-spacer\"><\/div>\n\n\n\n<h2 class=\"wp-block-heading\">Table basse ronde au design contemporain bleu \u00e9lectrique <\/h2>\n\n\n\n<p>On reste sur l'id\u00e9e de bleu \u00e9lectrique mais avec un style contemporain gr\u00e2ce \u00e0 un plateau tr\u00e8s fin et un pi\u00e8tement de table audacieux. La couleur sublime le design de la table. Une mani\u00e8re d'apporter une touche d'originalit\u00e9. <\/p>\n\n\n\n<div class=\"wp-block-buttons is-content-justification-center is-layout-flex wp-container-core-buttons-layout-15 wp-block-buttons-is-layout-flex\">\n<div class=\"wp-block-button\"><a class=\"wp-block-button__link wp-element-button\" href=\"https:\/\/c3po.link\/QZ2MTsBfM9\" target=\"_blank\" rel=\"noreferrer noopener\">Acheter<\/a><\/div>\n<\/div>\n\n\n\n<p>O\u00f9? Drawer chez La Redoute<br>Prix: 139\u20ac<br>Dimensions: Largeur : 60 cm, hauteur : 35 cm, profondeur : 60 cm<\/p>\n<\/div>\n\n\n\n<div class=\"wp-block-column is-layout-flow wp-block-column-is-layout-flow\">\n<figure class=\"wp-block-image size-large\"><a href=\"https:\/\/www.cocondedecoration.com\/blog\/wp-content\/uploads\/2025\/09\/table-basse-couleur-moderne-idee-salon.003.jpeg\"><img loading=\"lazy\" decoding=\"async\" width=\"640\" height=\"960\" src=\"https:\/\/www.cocondedecoration.com\/blog\/wp-content\/uploads\/2025\/09\/table-basse-couleur-moderne-idee-salon.003-640x960.jpeg\" alt=\"Table basse ronde en m\u00e9tal couleur bleu \u00e9lectrique \" class=\"wp-image-85035\" title=\"Table basse ronde en m\u00e9tal couleur bleu \u00e9lectrique \" srcset=\"https:\/\/www.cocondedecoration.com\/blog\/wp-content\/uploads\/2025\/09\/table-basse-couleur-moderne-idee-salon.003-640x960.jpeg 640w, https:\/\/www.cocondedecoration.com\/blog\/wp-content\/uploads\/2025\/09\/table-basse-couleur-moderne-idee-salon.003-260x390.jpeg 260w, https:\/\/www.cocondedecoration.com\/blog\/wp-content\/uploads\/2025\/09\/table-basse-couleur-moderne-idee-salon.003-768x1152.jpeg 768w, https:\/\/www.cocondedecoration.com\/blog\/wp-content\/uploads\/2025\/09\/table-basse-couleur-moderne-idee-salon.003-367x550.jpeg 367w, https:\/\/www.cocondedecoration.com\/blog\/wp-content\/uploads\/2025\/09\/table-basse-couleur-moderne-idee-salon.003-333x500.jpeg 333w, https:\/\/www.cocondedecoration.com\/blog\/wp-content\/uploads\/2025\/09\/table-basse-couleur-moderne-idee-salon.003.jpeg 1000w\" sizes=\"(max-width: 640px) 100vw, 640px\" \/><\/a><\/figure>\n<\/div>\n<\/div>\n\n\n\n<div class=\"wp-block-columns is-layout-flex wp-container-core-columns-layout-16 wp-block-columns-is-layout-flex\">\n<div class=\"wp-block-column is-layout-flow wp-block-column-is-layout-flow\">\n<div style=\"height:100px\" aria-hidden=\"true\" class=\"wp-block-spacer\"><\/div>\n\n\n\n<h2 class=\"wp-block-heading\">Une table basse color\u00e9e design italien<\/h2>\n\n\n\n<p>Le multicolore peut \u00eatre \u00e9l\u00e9gant. C'est le cas pour cette table en verre fabriqu\u00e9e en Italie. Les diff\u00e9rentes rayures color\u00e9es de la table cr\u00e9er un effet kal\u00e9idoscopique unique en son genre. <\/p>\n\n\n\n<div class=\"wp-block-buttons is-content-justification-center is-layout-flex wp-container-core-buttons-layout-16 wp-block-buttons-is-layout-flex\">\n<div class=\"wp-block-button\"><a class=\"wp-block-button__link wp-element-button\" href=\"https:\/\/glp8.net\/c\/?si=19884&amp;li=1847438&amp;wi=389952&amp;ws=2025%20table%20basse%20couleur&amp;dl=prod-table-basse-the-dark-side-of-the-moon-verre-multicolore-155-x-55-cm-piero-lissoni-2011-glas-italia-refthe05-coloured.html\" target=\"_blank\" rel=\"noreferrer noopener\">Acheter<\/a><\/div>\n<\/div>\n\n\n\n<p>O\u00f9? Glas Italia chez Made in Design <br>Prix: 2202\u20ac<br>Dimensions: L 155 cm x l 55 cm x H 30 cm<\/p>\n<\/div>\n\n\n\n<div class=\"wp-block-column is-layout-flow wp-block-column-is-layout-flow\">\n<figure class=\"wp-block-image size-large\"><a href=\"https:\/\/www.cocondedecoration.com\/blog\/wp-content\/uploads\/2025\/09\/table-basse-couleur-design.004.jpeg\"><img loading=\"lazy\" decoding=\"async\" width=\"640\" height=\"960\" src=\"https:\/\/www.cocondedecoration.com\/blog\/wp-content\/uploads\/2025\/09\/table-basse-couleur-design.004-640x960.jpeg\" alt=\"Table basse The Dark Side of the Moon verre design multicolore \" class=\"wp-image-85032\" title=\"Table basse The Dark Side of the Moon verre design multicolore \" srcset=\"https:\/\/www.cocondedecoration.com\/blog\/wp-content\/uploads\/2025\/09\/table-basse-couleur-design.004-640x960.jpeg 640w, https:\/\/www.cocondedecoration.com\/blog\/wp-content\/uploads\/2025\/09\/table-basse-couleur-design.004-260x390.jpeg 260w, https:\/\/www.cocondedecoration.com\/blog\/wp-content\/uploads\/2025\/09\/table-basse-couleur-design.004-768x1152.jpeg 768w, https:\/\/www.cocondedecoration.com\/blog\/wp-content\/uploads\/2025\/09\/table-basse-couleur-design.004-367x550.jpeg 367w, https:\/\/www.cocondedecoration.com\/blog\/wp-content\/uploads\/2025\/09\/table-basse-couleur-design.004-333x500.jpeg 333w, https:\/\/www.cocondedecoration.com\/blog\/wp-content\/uploads\/2025\/09\/table-basse-couleur-design.004.jpeg 1000w\" sizes=\"(max-width: 640px) 100vw, 640px\" \/><\/a><\/figure>\n<\/div>\n<\/div>\n\n\n\n<div class=\"wp-block-columns is-layout-flex wp-container-core-columns-layout-17 wp-block-columns-is-layout-flex\">\n<div class=\"wp-block-column is-layout-flow wp-block-column-is-layout-flow\">\n<div style=\"height:100px\" aria-hidden=\"true\" class=\"wp-block-spacer\"><\/div>\n\n\n\n<h2 class=\"wp-block-heading\">Petites tables basses rouges et jaunes <\/h2>\n\n\n\n<p>Si vous cherchez \u00e0 cr\u00e9er dans votre salon, un d\u00e9cor fantaisiste et color\u00e9, ces petites tables sont parfaites pour votre projet. Un plateau jaune rond, un pi\u00e8tement en m\u00e9tal l\u00e9ger et rouge, une forme arrondie. <\/p>\n\n\n\n<div class=\"wp-block-buttons is-content-justification-center is-layout-flex wp-container-core-buttons-layout-17 wp-block-buttons-is-layout-flex\">\n<div class=\"wp-block-button\"><a class=\"wp-block-button__link wp-element-button\" href=\"https:\/\/fnty.co\/c\/r-OWzlIDzq\" target=\"_blank\" rel=\"noreferrer noopener\">Acheter<\/a><\/div>\n<\/div>\n\n\n\n<p>O\u00f9? Mica D\u00e9corations chez Maisons du Monde<br>Prix: 125\u20ac (lot de 2)<br>Dimensions: 40 x 46cm et 38 x 32cm<\/p>\n<\/div>\n\n\n\n<div class=\"wp-block-column is-layout-flow wp-block-column-is-layout-flow\">\n<figure class=\"wp-block-image size-large\"><a href=\"https:\/\/www.cocondedecoration.com\/blog\/wp-content\/uploads\/2025\/09\/table-basse-couleur-pas-cher.008.jpeg\"><img loading=\"lazy\" decoding=\"async\" width=\"640\" height=\"960\" src=\"https:\/\/www.cocondedecoration.com\/blog\/wp-content\/uploads\/2025\/09\/table-basse-couleur-pas-cher.008-640x960.jpeg\" alt=\"Lot de 2 tables d'appoint en m\u00e9tal jaune H40 pied rouge original \" class=\"wp-image-85045\" title=\"Lot de 2 tables d'appoint en m\u00e9tal jaune H40 pied rouge original \" srcset=\"https:\/\/www.cocondedecoration.com\/blog\/wp-content\/uploads\/2025\/09\/table-basse-couleur-pas-cher.008-640x960.jpeg 640w, https:\/\/www.cocondedecoration.com\/blog\/wp-content\/uploads\/2025\/09\/table-basse-couleur-pas-cher.008-260x390.jpeg 260w, https:\/\/www.cocondedecoration.com\/blog\/wp-content\/uploads\/2025\/09\/table-basse-couleur-pas-cher.008-768x1152.jpeg 768w, https:\/\/www.cocondedecoration.com\/blog\/wp-content\/uploads\/2025\/09\/table-basse-couleur-pas-cher.008-367x550.jpeg 367w, https:\/\/www.cocondedecoration.com\/blog\/wp-content\/uploads\/2025\/09\/table-basse-couleur-pas-cher.008-333x500.jpeg 333w, https:\/\/www.cocondedecoration.com\/blog\/wp-content\/uploads\/2025\/09\/table-basse-couleur-pas-cher.008.jpeg 1000w\" sizes=\"(max-width: 640px) 100vw, 640px\" \/><\/a><\/figure>\n<\/div>\n<\/div>\n\n\n\n<div class=\"wp-block-columns is-layout-flex wp-container-core-columns-layout-18 wp-block-columns-is-layout-flex\">\n<div class=\"wp-block-column is-layout-flow wp-block-column-is-layout-flow\">\n<div style=\"height:100px\" aria-hidden=\"true\" class=\"wp-block-spacer\"><\/div>\n\n\n\n<h2 class=\"wp-block-heading\">Tables gigognes forme galet color\u00e9<\/h2>\n\n\n\n<p>Dernier exemple de tables gigognes de cet article avec une forme inspir\u00e9e de la nature et plus pr\u00e9cis\u00e9ment des galets. Des couleurs intemporelles couvrent les plateaux (jaune et deux nuances de bleu). Le pi\u00e8tement noir offre une touche \u00e9l\u00e9gante aux tables. Des courbes organiques et ses lignes tout en douceur, \u00e9voquant la nature et la fluidit\u00e9 vous s\u00e9duiront probablement. <\/p>\n\n\n\n<div class=\"wp-block-buttons is-content-justification-center is-layout-flex wp-container-core-buttons-layout-18 wp-block-buttons-is-layout-flex\">\n<div class=\"wp-block-button\"><a class=\"wp-block-button__link wp-element-button\" href=\"https:\/\/fnty.co\/c\/r-ywWEhijz\" target=\"_blank\" rel=\"noreferrer noopener\">Acheter<\/a><\/div>\n<\/div>\n\n\n\n<p>O\u00f9? Maisons du Monde<br>Prix: 399\u20ac (lot de 3)<br>Dimensions: 68 x 40cm<\/p>\n<\/div>\n\n\n\n<div class=\"wp-block-column is-layout-flow wp-block-column-is-layout-flow\">\n<figure class=\"wp-block-image size-large\"><a href=\"https:\/\/www.cocondedecoration.com\/blog\/wp-content\/uploads\/2025\/09\/table-basse-couleur-pas-cher.009.jpeg\"><img loading=\"lazy\" decoding=\"async\" width=\"640\" height=\"960\" src=\"https:\/\/www.cocondedecoration.com\/blog\/wp-content\/uploads\/2025\/09\/table-basse-couleur-pas-cher.009-640x960.jpeg\" alt=\"Tables gigognes en m\u00e9tal laqu\u00e9 bleu et jaune forme galet \" class=\"wp-image-85046\" title=\"Tables gigognes en m\u00e9tal laqu\u00e9 bleu et jaune forme galet \" srcset=\"https:\/\/www.cocondedecoration.com\/blog\/wp-content\/uploads\/2025\/09\/table-basse-couleur-pas-cher.009-640x960.jpeg 640w, https:\/\/www.cocondedecoration.com\/blog\/wp-content\/uploads\/2025\/09\/table-basse-couleur-pas-cher.009-260x390.jpeg 260w, https:\/\/www.cocondedecoration.com\/blog\/wp-content\/uploads\/2025\/09\/table-basse-couleur-pas-cher.009-768x1152.jpeg 768w, https:\/\/www.cocondedecoration.com\/blog\/wp-content\/uploads\/2025\/09\/table-basse-couleur-pas-cher.009-367x550.jpeg 367w, https:\/\/www.cocondedecoration.com\/blog\/wp-content\/uploads\/2025\/09\/table-basse-couleur-pas-cher.009-333x500.jpeg 333w, https:\/\/www.cocondedecoration.com\/blog\/wp-content\/uploads\/2025\/09\/table-basse-couleur-pas-cher.009.jpeg 1000w\" sizes=\"(max-width: 640px) 100vw, 640px\" \/><\/a><\/figure>\n<\/div>\n<\/div>\n\n\n\n<div class=\"wp-block-columns is-layout-flex wp-container-core-columns-layout-19 wp-block-columns-is-layout-flex\">\n<div class=\"wp-block-column is-layout-flow wp-block-column-is-layout-flow\">\n<div style=\"height:100px\" aria-hidden=\"true\" class=\"wp-block-spacer\"><\/div>\n\n\n\n<h2 class=\"wp-block-heading\">Simplicit\u00e9 carr\u00e9e mise en valeur par un vert dynamique et actuel <\/h2>\n\n\n\n<p>Avant dernier mod\u00e8le de table de cet article: une table basse carr\u00e9e au design simple et \u00e9pur\u00e9. Son charme r\u00e9side dans sa couleur: un vert franc qui \u00e9voque la nature mais aussi une certaine forme de vitalit\u00e9. <\/p>\n\n\n\n<div class=\"wp-block-buttons is-content-justification-center is-layout-flex wp-container-core-buttons-layout-19 wp-block-buttons-is-layout-flex\">\n<div class=\"wp-block-button\"><a class=\"wp-block-button__link wp-element-button\" href=\"https:\/\/c3po.link\/Qt3fYpg3sy\" target=\"_blank\" rel=\"noreferrer noopener\">Acheter<\/a><\/div>\n<\/div>\n\n\n\n<p>O\u00f9? Oviala chez La Redoute<br>Prix: 89\u20ac<br>Dimensions: 90 x 90 x 35 cm<\/p>\n\n\n\n<p>Ceci peut vous int\u00e9resser: <a href=\"https:\/\/www.cocondedecoration.com\/blog\/2023\/04\/decoration-vert-franc-emeraude\/\" target=\"_blank\" rel=\"noopener\" title=\"\">Vert franc &amp; vert \u00e9meraude pour vivifier votre int\u00e9rieur<\/a><\/p>\n<\/div>\n\n\n\n<div class=\"wp-block-column is-layout-flow wp-block-column-is-layout-flow\">\n<figure class=\"wp-block-image size-large\"><a href=\"https:\/\/www.cocondedecoration.com\/blog\/wp-content\/uploads\/2025\/09\/table-basse-couleur-moderne-idee-salon.004.jpeg\"><img loading=\"lazy\" decoding=\"async\" width=\"640\" height=\"960\" src=\"https:\/\/www.cocondedecoration.com\/blog\/wp-content\/uploads\/2025\/09\/table-basse-couleur-moderne-idee-salon.004-640x960.jpeg\" alt=\"Table basse en m\u00e9tal carr\u00e9e 120x40 cm vert moderne \" class=\"wp-image-85034\" title=\"Table basse en m\u00e9tal carr\u00e9e 120x40 cm vert moderne \" srcset=\"https:\/\/www.cocondedecoration.com\/blog\/wp-content\/uploads\/2025\/09\/table-basse-couleur-moderne-idee-salon.004-640x960.jpeg 640w, https:\/\/www.cocondedecoration.com\/blog\/wp-content\/uploads\/2025\/09\/table-basse-couleur-moderne-idee-salon.004-260x390.jpeg 260w, https:\/\/www.cocondedecoration.com\/blog\/wp-content\/uploads\/2025\/09\/table-basse-couleur-moderne-idee-salon.004-768x1152.jpeg 768w, https:\/\/www.cocondedecoration.com\/blog\/wp-content\/uploads\/2025\/09\/table-basse-couleur-moderne-idee-salon.004-367x550.jpeg 367w, https:\/\/www.cocondedecoration.com\/blog\/wp-content\/uploads\/2025\/09\/table-basse-couleur-moderne-idee-salon.004-333x500.jpeg 333w, https:\/\/www.cocondedecoration.com\/blog\/wp-content\/uploads\/2025\/09\/table-basse-couleur-moderne-idee-salon.004.jpeg 1000w\" sizes=\"(max-width: 640px) 100vw, 640px\" \/><\/a><\/figure>\n<\/div>\n<\/div>\n\n\n\n<div class=\"wp-block-columns is-layout-flex wp-container-core-columns-layout-20 wp-block-columns-is-layout-flex\">\n<div class=\"wp-block-column is-layout-flow wp-block-column-is-layout-flow\">\n<div style=\"height:100px\" aria-hidden=\"true\" class=\"wp-block-spacer\"><\/div>\n\n\n\n<h2 class=\"wp-block-heading\">Une table design luxe bleu Klein<\/h2>\n\n\n\n<p>Et je termine cette s\u00e9lection avec une table design compos\u00e9e d'une structure en Z, minimaliste et ing\u00e9nieuse. Une table originale mise en valeur par un magnifique bleu Klein. <\/p>\n\n\n\n<div class=\"wp-block-buttons is-content-justification-center is-layout-flex wp-container-core-buttons-layout-20 wp-block-buttons-is-layout-flex\">\n<div class=\"wp-block-button\"><a class=\"wp-block-button__link wp-element-button\" href=\"https:\/\/glp8.net\/c\/?si=19884&amp;li=1847438&amp;wi=389952&amp;ws=2025%20table%20basse%20couleur&amp;dl=prod-table-basse-zorro-verre-bleu-2-plateaux-verre-104-x-80-x-h-35-5-cm-la-chance-refm115760701.html\" target=\"_blank\" rel=\"noreferrer noopener\">Acheter<\/a><\/div>\n<\/div>\n\n\n\n<p>O\u00f9? La Chance chez Made in Design <br>Prix: 1963,20\u20ac<br>Dimensions: Envergure totale : L 104 x larg. 80 x H 35.5 cm - Plateau sup\u00e9rieur : \u00d8 80 cm x H 35,5 cm - Plateau inf\u00e9rieur : \u00d8 60 cm x H 28 cm<\/p>\n\n\n\n<p>A lire aussi: <a href=\"https:\/\/www.cocondedecoration.com\/blog\/2025\/05\/decoration-originale-bleu-blanc\/\" target=\"_blank\" rel=\"noopener\" title=\"\">13 id\u00e9es originales pour associer bleu et blanc chez soi<\/a><\/p>\n<\/div>\n\n\n\n<div class=\"wp-block-column is-layout-flow wp-block-column-is-layout-flow\">\n<figure class=\"wp-block-image size-large\"><a href=\"https:\/\/www.cocondedecoration.com\/blog\/wp-content\/uploads\/2025\/09\/table-basse-couleur-design.005.jpeg\"><img loading=\"lazy\" decoding=\"async\" width=\"640\" height=\"960\" src=\"https:\/\/www.cocondedecoration.com\/blog\/wp-content\/uploads\/2025\/09\/table-basse-couleur-design.005-640x960.jpeg\" alt=\"Table basse Zorro verre bleu \/ 2 plateaux verre bleu klein design \" class=\"wp-image-85033\" title=\"Table basse Zorro verre bleu \/ 2 plateaux verre bleu klein design \" srcset=\"https:\/\/www.cocondedecoration.com\/blog\/wp-content\/uploads\/2025\/09\/table-basse-couleur-design.005-640x960.jpeg 640w, https:\/\/www.cocondedecoration.com\/blog\/wp-content\/uploads\/2025\/09\/table-basse-couleur-design.005-260x390.jpeg 260w, https:\/\/www.cocondedecoration.com\/blog\/wp-content\/uploads\/2025\/09\/table-basse-couleur-design.005-768x1152.jpeg 768w, https:\/\/www.cocondedecoration.com\/blog\/wp-content\/uploads\/2025\/09\/table-basse-couleur-design.005-367x550.jpeg 367w, https:\/\/www.cocondedecoration.com\/blog\/wp-content\/uploads\/2025\/09\/table-basse-couleur-design.005-333x500.jpeg 333w, https:\/\/www.cocondedecoration.com\/blog\/wp-content\/uploads\/2025\/09\/table-basse-couleur-design.005.jpeg 1000w\" sizes=\"(max-width: 640px) 100vw, 640px\" \/><\/a><\/figure>\n<\/div>\n<\/div>\n\n\n\n<p class=\"has-small-font-size\">Note: Cet article contient des liens affili\u00e9s. <br>Source de l'image d'en-t\u00eate: \u00d6mer G\u00fclen via Pexels <\/p>\n","protected":false},"excerpt":{"rendered":"<p>Et pour apporter une touche de couleur dans le salon, la table basse \u00e9tait la solution? D\u00e9couvrez 20 mod\u00e8les modernes et color\u00e9s de tables de salon. <span class=\"more-link\"><a href=\"https:\/\/www.cocondedecoration.com\/blog\/2025\/09\/couleur-table-basse\/\">Lire la suite<\/a><\/span><\/p>\n","protected":false},"author":1,"featured_media":85052,"comment_status":"open","ping_status":"open","sticky":false,"template":"","format":"standard","meta":{"om_disable_all_campaigns":false,"_monsterinsights_skip_tracking":false,"_monsterinsights_sitenote_active":false,"_monsterinsights_sitenote_note":"","_monsterinsights_sitenote_category":0,"_uf_show_specific_survey":0,"_uf_disable_surveys":false,"footnotes":""},"categories":[56841],"tags":[3199,3568,56853,3426,61621,61508,5496,412],"aioseo_notices":[],"_links":{"self":[{"href":"https:\/\/www.cocondedecoration.com\/blog\/wp-json\/wp\/v2\/posts\/85028"}],"collection":[{"href":"https:\/\/www.cocondedecoration.com\/blog\/wp-json\/wp\/v2\/posts"}],"about":[{"href":"https:\/\/www.cocondedecoration.com\/blog\/wp-json\/wp\/v2\/types\/post"}],"author":[{"embeddable":true,"href":"https:\/\/www.cocondedecoration.com\/blog\/wp-json\/wp\/v2\/users\/1"}],"replies":[{"embeddable":true,"href":"https:\/\/www.cocondedecoration.com\/blog\/wp-json\/wp\/v2\/comments?post=85028"}],"version-history":[{"count":5,"href":"https:\/\/www.cocondedecoration.com\/blog\/wp-json\/wp\/v2\/posts\/85028\/revisions"}],"predecessor-version":[{"id":85054,"href":"https:\/\/www.cocondedecoration.com\/blog\/wp-json\/wp\/v2\/posts\/85028\/revisions\/85054"}],"wp:featuredmedia":[{"embeddable":true,"href":"https:\/\/www.cocondedecoration.com\/blog\/wp-json\/wp\/v2\/media\/85052"}],"wp:attachment":[{"href":"https:\/\/www.cocondedecoration.com\/blog\/wp-json\/wp\/v2\/media?parent=85028"}],"wp:term":[{"taxonomy":"category","embeddable":true,"href":"https:\/\/www.cocondedecoration.com\/blog\/wp-json\/wp\/v2\/categories?post=85028"},{"taxonomy":"post_tag","embeddable":true,"href":"https:\/\/www.cocondedecoration.com\/blog\/wp-json\/wp\/v2\/tags?post=85028"}],"curies":[{"name":"wp","href":"https:\/\/api.w.org\/{rel}","templated":true}]}}