{"id":84958,"date":"2025-09-12T01:00:00","date_gmt":"2025-09-11T23:00:00","guid":{"rendered":"https:\/\/www.cocondedecoration.com\/blog\/?p=84958"},"modified":"2025-09-08T08:59:18","modified_gmt":"2025-09-08T06:59:18","slug":"luminaires-my-leone","status":"publish","type":"post","link":"https:\/\/www.cocondedecoration.com\/blog\/2025\/09\/luminaires-my-leone\/","title":{"rendered":"Les luminaires \u00e9l\u00e9gants et color\u00e9s de My L\u00e9one"},"content":{"rendered":"\n<div class=\"wp-block-columns is-layout-flex wp-container-core-columns-layout-1 wp-block-columns-is-layout-flex\">\n<div class=\"wp-block-column is-layout-flow wp-block-column-is-layout-flow\">\n<p>Si vous suivez le blog, vous savez que j'aime la couleur. Et d\u00e8s que possible, j'aime partager avec vous des d\u00e9couvertes qui vous permettront de mettre une touche de couleur dans votre int\u00e9rieur. Il y a quelques jours, en pr\u00e9parant un post pour Threads, je suis tomb\u00e9e sur l'enseigne fran\u00e7aise My L\u00e9one. Et je me suis dit qu'elle pouvait vous plaire. <\/p>\n\n\n\n<div style=\"height:100px\" aria-hidden=\"true\" class=\"wp-block-spacer\"><\/div>\n\n\n\n<h2 class=\"wp-block-heading\">My L\u00e9one, des cr\u00e9ations d\u00e9co color\u00e9es et \u00e9l\u00e9gantes <\/h2>\n\n\n\n<p>Marie, la cr\u00e9atrice de My L\u00e9one et moi, partageons plus d'un point commun. Nos grands-m\u00e8res maternelles s'appelaient toutes les deux L\u00e9one. Vous comprenez alors une partie de l'origine du nom de cette jolie enseigne fran\u00e7aise. Le \"my\" vient des initiales de la cr\u00e9atrice et de son mari. <\/p>\n\n\n\n<p>Marie et moi avons un autre point commun: Toutes les deux avons conscience de l'importance d'avoir un int\u00e9rieur qui nous ressemble. Et cela passe par de beaux objets, de la couleur. Sur son site, la cr\u00e9atrice propose des cr\u00e9ations personnelles, des collaborations et une s\u00e9lection d'objets s\u00e9lectionn\u00e9s avec soin. <\/p>\n\n\n\n<div class=\"wp-block-buttons is-content-justification-center is-layout-flex wp-container-core-buttons-layout-1 wp-block-buttons-is-layout-flex\">\n<div class=\"wp-block-button\"><a class=\"wp-block-button__link wp-element-button\" href=\"https:\/\/myleone.fr\/\" target=\"_blank\" rel=\"noreferrer noopener\">D\u00e9couvrir My L\u00e9one<\/a><\/div>\n<\/div>\n\n\n\n<p>Vous pouvez \u00e9galement suivre <a href=\"https:\/\/www.instagram.com\/my.leone.officiel\/\" target=\"_blank\" rel=\"noopener\" title=\"\">My L\u00e9one sur Instagram <\/a><\/p>\n<\/div>\n\n\n\n<div class=\"wp-block-column is-layout-flow wp-block-column-is-layout-flow\">\n<figure class=\"wp-block-image size-large\"><a href=\"https:\/\/www.cocondedecoration.com\/blog\/wp-content\/uploads\/2025\/09\/luminaire-colore-my-leone.001.jpeg\"><img loading=\"lazy\" decoding=\"async\" width=\"640\" height=\"960\" src=\"https:\/\/www.cocondedecoration.com\/blog\/wp-content\/uploads\/2025\/09\/luminaire-colore-my-leone.001-640x960.jpeg\" alt=\"luminaire fabriqu\u00e9 en France My L\u00e9one applique murale jaune et blanche \u00e0 rayure avec un liser\u00e9 noir chic et \u00e9l\u00e9gant \" class=\"wp-image-84959\" title=\"luminaire fabriqu\u00e9 en France My L\u00e9one applique murale jaune et blanche \u00e0 rayure avec un liser\u00e9 noir chic et \u00e9l\u00e9gant \" srcset=\"https:\/\/www.cocondedecoration.com\/blog\/wp-content\/uploads\/2025\/09\/luminaire-colore-my-leone.001-640x960.jpeg 640w, https:\/\/www.cocondedecoration.com\/blog\/wp-content\/uploads\/2025\/09\/luminaire-colore-my-leone.001-260x390.jpeg 260w, https:\/\/www.cocondedecoration.com\/blog\/wp-content\/uploads\/2025\/09\/luminaire-colore-my-leone.001-768x1152.jpeg 768w, https:\/\/www.cocondedecoration.com\/blog\/wp-content\/uploads\/2025\/09\/luminaire-colore-my-leone.001-367x550.jpeg 367w, https:\/\/www.cocondedecoration.com\/blog\/wp-content\/uploads\/2025\/09\/luminaire-colore-my-leone.001-333x500.jpeg 333w, https:\/\/www.cocondedecoration.com\/blog\/wp-content\/uploads\/2025\/09\/luminaire-colore-my-leone.001.jpeg 1000w\" sizes=\"(max-width: 640px) 100vw, 640px\" \/><\/a><figcaption class=\"wp-element-caption\">LA DIVINE \u2013 Applique rayures transat jaune<\/figcaption><\/figure>\n<\/div>\n<\/div>\n\n\n\n<div class=\"wp-block-columns is-layout-flex wp-container-core-columns-layout-2 wp-block-columns-is-layout-flex\">\n<div class=\"wp-block-column is-layout-flow wp-block-column-is-layout-flow\">\n<figure class=\"wp-block-image size-large\"><a href=\"https:\/\/www.cocondedecoration.com\/blog\/wp-content\/uploads\/2025\/09\/luminaire-colore-my-leone.002.jpeg\"><img loading=\"lazy\" decoding=\"async\" width=\"640\" height=\"960\" src=\"https:\/\/www.cocondedecoration.com\/blog\/wp-content\/uploads\/2025\/09\/luminaire-colore-my-leone.002-640x960.jpeg\" alt=\"Lampe \u00e0 poser fabrication artisanale en France motif vichy safran chic et color\u00e9 My L\u00e9one \" class=\"wp-image-84960\" title=\"Lampe \u00e0 poser fabrication artisanale en France motif vichy safran chic et color\u00e9 My L\u00e9one \" srcset=\"https:\/\/www.cocondedecoration.com\/blog\/wp-content\/uploads\/2025\/09\/luminaire-colore-my-leone.002-640x960.jpeg 640w, https:\/\/www.cocondedecoration.com\/blog\/wp-content\/uploads\/2025\/09\/luminaire-colore-my-leone.002-260x390.jpeg 260w, https:\/\/www.cocondedecoration.com\/blog\/wp-content\/uploads\/2025\/09\/luminaire-colore-my-leone.002-768x1152.jpeg 768w, https:\/\/www.cocondedecoration.com\/blog\/wp-content\/uploads\/2025\/09\/luminaire-colore-my-leone.002-367x550.jpeg 367w, https:\/\/www.cocondedecoration.com\/blog\/wp-content\/uploads\/2025\/09\/luminaire-colore-my-leone.002-333x500.jpeg 333w, https:\/\/www.cocondedecoration.com\/blog\/wp-content\/uploads\/2025\/09\/luminaire-colore-my-leone.002.jpeg 1000w\" sizes=\"(max-width: 640px) 100vw, 640px\" \/><\/a><figcaption class=\"wp-element-caption\">SUZIE \u2013 Lampe \u00e0 poser vichy safran<\/figcaption><\/figure>\n<\/div>\n\n\n\n<div class=\"wp-block-column is-layout-flow wp-block-column-is-layout-flow\">\n<div style=\"height:100px\" aria-hidden=\"true\" class=\"wp-block-spacer\"><\/div>\n\n\n\n<h2 class=\"wp-block-heading\">Gr\u00e2ce \u00e0 My L\u00e9one et ses luminaires, faites entrer la couleur et les motifs dans votre int\u00e9rieur <\/h2>\n\n\n\n<p>J'aime particuli\u00e8rement les luminaires propos\u00e9s par My L\u00e9one. Lampes \u00e0 poser, appliques murales, lampes \u00e0 poser format XL ou encore suspensions... L'enseigne offre une large gamme de luminaires. Ils ont tous pour point commun de vous offrir l'opportunit\u00e9 de personnaliser votre int\u00e9rieur avec des motifs dans l'air du temps et de la couleur. <\/p>\n\n\n\n<p>Par exemple, si vous aimez les rayures, vous trouverez votre bonheur gr\u00e2ce \u00e0 la <a href=\"https:\/\/myleone.fr\/produit\/alice-lampe-cube-a-poser-rayures-transat-jaunes-et-blanches\/\" target=\"_blank\" rel=\"noopener\" title=\"\">lampe cube Alice<\/a>, la lampe \u00e0 poser <a href=\"https:\/\/myleone.fr\/produit\/eugenie-lampe-tube-a-poser-rayures-transat-jaunes-et-blanches\/\" target=\"_blank\" rel=\"noopener\" title=\"\">Eug\u00e9nie<\/a> ou encore <a href=\"https:\/\/myleone.fr\/produit\/eugenie-lampe-tube-a-poser-rayures-transat-jaunes-et-blanches\/\" target=\"_blank\" rel=\"noopener\" title=\"\">la Grande Octav\u00e9o<\/a> (son format XL est \u00e0 tomber!). Si vous aimez le motif L\u00e9opard, My L\u00e9one propose aussi ce motif \u00e0 travers entre autre l'applique <a href=\"https:\/\/myleone.fr\/produit\/la-divine-applique-leopard-velours-cotele\/\" target=\"_blank\" rel=\"noopener\" title=\"\">La Divine en velours c\u00f4tel\u00e9<\/a> ou l'applique <a href=\"https:\/\/myleone.fr\/produit\/louisa-en-collaboration-avec-assise-studio-applique-murale-rectangulaire-leopard-x-vert\/\" target=\"_blank\" rel=\"noopener\" title=\"\">Louisa<\/a> qui r\u00e9sulte d'une collaboration avec ASSISE STUDIO. Et si j'ai connu l'enseigne en premier lieu, c'est parce que je faisais des recherches sur le motif vichy. Certaines des lampes propos\u00e9es mixent le vichy en 2 couleurs et d'autres comme <a href=\"https:\/\/myleone.fr\/produit\/suzie-lampe-a-poser-vichy-safran\/\" target=\"_blank\" rel=\"noopener\" title=\"\">la lampe Suzie<\/a> est en un seul vichy (en l'occurence couleur safran) <\/p>\n\n\n\n<p>A lire \u00e9galement: <a href=\"https:\/\/www.cocondedecoration.com\/blog\/2025\/06\/tapisserie-murale-design\/\" target=\"_blank\" rel=\"noopener\" title=\"\">Magnifiez votre int\u00e9rieur avec les tapisseries de Gr\u00e9gory B<\/a><\/p>\n<\/div>\n<\/div>\n\n\n\n<h2 class=\"wp-block-heading\">L'univers My L\u00e9one en image: pour un int\u00e9rieur chic et color\u00e9 <\/h2>\n\n\n\n<figure class=\"wp-block-gallery has-nested-images columns-default is-cropped wp-block-gallery-1 is-layout-flex wp-block-gallery-is-layout-flex\">\n<figure class=\"wp-block-image size-large\"><a href=\"https:\/\/www.cocondedecoration.com\/blog\/wp-content\/uploads\/2025\/09\/luminaire-colore-my-leone.003.jpeg\"><img loading=\"lazy\" decoding=\"async\" width=\"640\" height=\"960\" data-id=\"84962\" src=\"https:\/\/www.cocondedecoration.com\/blog\/wp-content\/uploads\/2025\/09\/luminaire-colore-my-leone.003-640x960.jpeg\" alt=\"Lampe \u00e0 poser color\u00e9 pied jaune ocre abat-jours tropical luminaire enseigne fran\u00e7aise My L\u00e9one \" class=\"wp-image-84962\" title=\"Lampe \u00e0 poser color\u00e9 pied jaune ocre abat-jours tropical luminaire enseigne fran\u00e7aise My L\u00e9one \" srcset=\"https:\/\/www.cocondedecoration.com\/blog\/wp-content\/uploads\/2025\/09\/luminaire-colore-my-leone.003-640x960.jpeg 640w, https:\/\/www.cocondedecoration.com\/blog\/wp-content\/uploads\/2025\/09\/luminaire-colore-my-leone.003-260x390.jpeg 260w, https:\/\/www.cocondedecoration.com\/blog\/wp-content\/uploads\/2025\/09\/luminaire-colore-my-leone.003-768x1152.jpeg 768w, https:\/\/www.cocondedecoration.com\/blog\/wp-content\/uploads\/2025\/09\/luminaire-colore-my-leone.003-367x550.jpeg 367w, https:\/\/www.cocondedecoration.com\/blog\/wp-content\/uploads\/2025\/09\/luminaire-colore-my-leone.003-333x500.jpeg 333w, https:\/\/www.cocondedecoration.com\/blog\/wp-content\/uploads\/2025\/09\/luminaire-colore-my-leone.003.jpeg 1000w\" sizes=\"(max-width: 640px) 100vw, 640px\" \/><\/a><figcaption class=\"wp-element-caption\">OCTAVEO \u2013 Lampe \u00e0 poser tropicale<\/figcaption><\/figure>\n\n\n\n<figure class=\"wp-block-image size-large\"><a href=\"https:\/\/www.cocondedecoration.com\/blog\/wp-content\/uploads\/2025\/09\/luminaire-colore-my-leone.004.jpeg\"><img loading=\"lazy\" decoding=\"async\" width=\"640\" height=\"960\" data-id=\"84966\" src=\"https:\/\/www.cocondedecoration.com\/blog\/wp-content\/uploads\/2025\/09\/luminaire-colore-my-leone.004-640x960.jpeg\" alt=\"Lampe \u00e0 poser originale rayures roses et rouges cr\u00e9ation My L\u00e9one ambiance d\u00e9co color\u00e9e et moderne \" class=\"wp-image-84966\" title=\"Lampe \u00e0 poser originale rayures roses et rouges cr\u00e9ation My L\u00e9one ambiance d\u00e9co color\u00e9e et moderne \" srcset=\"https:\/\/www.cocondedecoration.com\/blog\/wp-content\/uploads\/2025\/09\/luminaire-colore-my-leone.004-640x960.jpeg 640w, https:\/\/www.cocondedecoration.com\/blog\/wp-content\/uploads\/2025\/09\/luminaire-colore-my-leone.004-260x390.jpeg 260w, https:\/\/www.cocondedecoration.com\/blog\/wp-content\/uploads\/2025\/09\/luminaire-colore-my-leone.004-768x1152.jpeg 768w, https:\/\/www.cocondedecoration.com\/blog\/wp-content\/uploads\/2025\/09\/luminaire-colore-my-leone.004-367x550.jpeg 367w, https:\/\/www.cocondedecoration.com\/blog\/wp-content\/uploads\/2025\/09\/luminaire-colore-my-leone.004-333x500.jpeg 333w, https:\/\/www.cocondedecoration.com\/blog\/wp-content\/uploads\/2025\/09\/luminaire-colore-my-leone.004.jpeg 1000w\" sizes=\"(max-width: 640px) 100vw, 640px\" \/><\/a><figcaption class=\"wp-element-caption\">SERGIO \u2013 Lampe \u00e0 poser rayures rose x framboise<\/figcaption><\/figure>\n\n\n\n<figure class=\"wp-block-image size-large\"><a href=\"https:\/\/www.cocondedecoration.com\/blog\/wp-content\/uploads\/2025\/09\/luminaire-colore-my-leone.005.jpeg\"><img loading=\"lazy\" decoding=\"async\" width=\"640\" height=\"960\" data-id=\"84964\" src=\"https:\/\/www.cocondedecoration.com\/blog\/wp-content\/uploads\/2025\/09\/luminaire-colore-my-leone.005-640x960.jpeg\" alt=\"Lampe \u00e0 poser originale pied ray\u00e9 rouge et blanc abat-jour l\u00e9opard motifs modernes d\u00e9coration int\u00e9rieure My L\u00e9one \" class=\"wp-image-84964\" title=\"Lampe \u00e0 poser originale pied ray\u00e9 rouge et blanc abat-jour l\u00e9opard motifs modernes d\u00e9coration int\u00e9rieure My L\u00e9one \" srcset=\"https:\/\/www.cocondedecoration.com\/blog\/wp-content\/uploads\/2025\/09\/luminaire-colore-my-leone.005-640x960.jpeg 640w, https:\/\/www.cocondedecoration.com\/blog\/wp-content\/uploads\/2025\/09\/luminaire-colore-my-leone.005-260x390.jpeg 260w, https:\/\/www.cocondedecoration.com\/blog\/wp-content\/uploads\/2025\/09\/luminaire-colore-my-leone.005-768x1152.jpeg 768w, https:\/\/www.cocondedecoration.com\/blog\/wp-content\/uploads\/2025\/09\/luminaire-colore-my-leone.005-367x550.jpeg 367w, https:\/\/www.cocondedecoration.com\/blog\/wp-content\/uploads\/2025\/09\/luminaire-colore-my-leone.005-333x500.jpeg 333w, https:\/\/www.cocondedecoration.com\/blog\/wp-content\/uploads\/2025\/09\/luminaire-colore-my-leone.005.jpeg 1000w\" sizes=\"(max-width: 640px) 100vw, 640px\" \/><\/a><figcaption class=\"wp-element-caption\">OCTAVEO \u2013 Lampe \u00e0 poser rayures rouges et blanches x l\u00e9opard<\/figcaption><\/figure>\n\n\n\n<figure class=\"wp-block-image size-large\"><a href=\"https:\/\/www.cocondedecoration.com\/blog\/wp-content\/uploads\/2025\/09\/luminaire-colore-my-leone.006.jpeg\"><img loading=\"lazy\" decoding=\"async\" width=\"640\" height=\"960\" data-id=\"84968\" src=\"https:\/\/www.cocondedecoration.com\/blog\/wp-content\/uploads\/2025\/09\/luminaire-colore-my-leone.006-640x960.jpeg\" alt=\"Applique murale en tissus effet aquarelle couleur neutre et chaleureuses id\u00e9e d\u00e9co chic et \u00e9l\u00e9gante My L\u00e9one \" class=\"wp-image-84968\" title=\"Applique murale en tissus effet aquarelle couleur neutre et chaleureuses id\u00e9e d\u00e9co chic et \u00e9l\u00e9gante My L\u00e9one \" srcset=\"https:\/\/www.cocondedecoration.com\/blog\/wp-content\/uploads\/2025\/09\/luminaire-colore-my-leone.006-640x960.jpeg 640w, https:\/\/www.cocondedecoration.com\/blog\/wp-content\/uploads\/2025\/09\/luminaire-colore-my-leone.006-260x390.jpeg 260w, https:\/\/www.cocondedecoration.com\/blog\/wp-content\/uploads\/2025\/09\/luminaire-colore-my-leone.006-768x1152.jpeg 768w, https:\/\/www.cocondedecoration.com\/blog\/wp-content\/uploads\/2025\/09\/luminaire-colore-my-leone.006-367x550.jpeg 367w, https:\/\/www.cocondedecoration.com\/blog\/wp-content\/uploads\/2025\/09\/luminaire-colore-my-leone.006-333x500.jpeg 333w, https:\/\/www.cocondedecoration.com\/blog\/wp-content\/uploads\/2025\/09\/luminaire-colore-my-leone.006.jpeg 1000w\" sizes=\"(max-width: 640px) 100vw, 640px\" \/><\/a><figcaption class=\"wp-element-caption\">LA CELESTE \u2013 Applique Aquarelle<\/figcaption><\/figure>\n\n\n\n<figure class=\"wp-block-image size-large\"><a href=\"https:\/\/www.cocondedecoration.com\/blog\/wp-content\/uploads\/2025\/09\/luminaire-colore-my-leone.007.jpeg\"><img loading=\"lazy\" decoding=\"async\" width=\"640\" height=\"960\" data-id=\"84967\" src=\"https:\/\/www.cocondedecoration.com\/blog\/wp-content\/uploads\/2025\/09\/luminaire-colore-my-leone.007-640x960.jpeg\" alt=\"Lampe \u00e0 poser pied et abat-jour en tissu l\u00e9opard d\u00e9coration motif et couleur chic My L\u00e9one \" class=\"wp-image-84967\" title=\"Lampe \u00e0 poser pied et abat-jour en tissu l\u00e9opard d\u00e9coration motif et couleur chic My L\u00e9one \" srcset=\"https:\/\/www.cocondedecoration.com\/blog\/wp-content\/uploads\/2025\/09\/luminaire-colore-my-leone.007-640x960.jpeg 640w, https:\/\/www.cocondedecoration.com\/blog\/wp-content\/uploads\/2025\/09\/luminaire-colore-my-leone.007-260x390.jpeg 260w, https:\/\/www.cocondedecoration.com\/blog\/wp-content\/uploads\/2025\/09\/luminaire-colore-my-leone.007-768x1152.jpeg 768w, https:\/\/www.cocondedecoration.com\/blog\/wp-content\/uploads\/2025\/09\/luminaire-colore-my-leone.007-367x550.jpeg 367w, https:\/\/www.cocondedecoration.com\/blog\/wp-content\/uploads\/2025\/09\/luminaire-colore-my-leone.007-333x500.jpeg 333w, https:\/\/www.cocondedecoration.com\/blog\/wp-content\/uploads\/2025\/09\/luminaire-colore-my-leone.007.jpeg 1000w\" sizes=\"(max-width: 640px) 100vw, 640px\" \/><\/a><figcaption class=\"wp-element-caption\">OCTAVEO \u2013 Lampe \u00e0 poser l\u00e9opard<\/figcaption><\/figure>\n\n\n\n<figure class=\"wp-block-image size-large\"><a href=\"https:\/\/www.cocondedecoration.com\/blog\/wp-content\/uploads\/2025\/09\/luminaire-colore-my-leone.008.jpeg\"><img loading=\"lazy\" decoding=\"async\" width=\"640\" height=\"960\" data-id=\"84969\" src=\"https:\/\/www.cocondedecoration.com\/blog\/wp-content\/uploads\/2025\/09\/luminaire-colore-my-leone.008-640x960.jpeg\" alt=\"Lampe \u00e0 poser format XL lampadaire avec abat-jour rayures blanches et rouges My L\u00e9one \" class=\"wp-image-84969\" title=\"Lampe \u00e0 poser format XL lampadaire avec abat-jour rayures blanches et rouges My L\u00e9one \" srcset=\"https:\/\/www.cocondedecoration.com\/blog\/wp-content\/uploads\/2025\/09\/luminaire-colore-my-leone.008-640x960.jpeg 640w, https:\/\/www.cocondedecoration.com\/blog\/wp-content\/uploads\/2025\/09\/luminaire-colore-my-leone.008-260x390.jpeg 260w, https:\/\/www.cocondedecoration.com\/blog\/wp-content\/uploads\/2025\/09\/luminaire-colore-my-leone.008-768x1152.jpeg 768w, https:\/\/www.cocondedecoration.com\/blog\/wp-content\/uploads\/2025\/09\/luminaire-colore-my-leone.008-367x550.jpeg 367w, https:\/\/www.cocondedecoration.com\/blog\/wp-content\/uploads\/2025\/09\/luminaire-colore-my-leone.008-333x500.jpeg 333w, https:\/\/www.cocondedecoration.com\/blog\/wp-content\/uploads\/2025\/09\/luminaire-colore-my-leone.008.jpeg 1000w\" sizes=\"(max-width: 640px) 100vw, 640px\" \/><\/a><figcaption class=\"wp-element-caption\">Grande OCTAVEO \u2013 Lampe \u00e0 poser rayures rouges et blanches<\/figcaption><\/figure>\n\n\n\n<figure class=\"wp-block-image size-large\"><a href=\"https:\/\/www.cocondedecoration.com\/blog\/wp-content\/uploads\/2025\/09\/luminaire-colore-my-leone.009.jpeg\"><img loading=\"lazy\" decoding=\"async\" width=\"640\" height=\"960\" data-id=\"84965\" src=\"https:\/\/www.cocondedecoration.com\/blog\/wp-content\/uploads\/2025\/09\/luminaire-colore-my-leone.009-640x960.jpeg\" alt=\"Petite lampe \u00e0 poser format rectangulaire rayure transat jaune et blanc id\u00e9e d\u00e9co made in France My L\u00e9one \" class=\"wp-image-84965\" title=\"Petite lampe \u00e0 poser format rectangulaire rayure transat jaune et blanc id\u00e9e d\u00e9co made in France My L\u00e9one \" srcset=\"https:\/\/www.cocondedecoration.com\/blog\/wp-content\/uploads\/2025\/09\/luminaire-colore-my-leone.009-640x960.jpeg 640w, https:\/\/www.cocondedecoration.com\/blog\/wp-content\/uploads\/2025\/09\/luminaire-colore-my-leone.009-260x390.jpeg 260w, https:\/\/www.cocondedecoration.com\/blog\/wp-content\/uploads\/2025\/09\/luminaire-colore-my-leone.009-768x1152.jpeg 768w, https:\/\/www.cocondedecoration.com\/blog\/wp-content\/uploads\/2025\/09\/luminaire-colore-my-leone.009-367x550.jpeg 367w, https:\/\/www.cocondedecoration.com\/blog\/wp-content\/uploads\/2025\/09\/luminaire-colore-my-leone.009-333x500.jpeg 333w, https:\/\/www.cocondedecoration.com\/blog\/wp-content\/uploads\/2025\/09\/luminaire-colore-my-leone.009.jpeg 1000w\" sizes=\"(max-width: 640px) 100vw, 640px\" \/><\/a><figcaption class=\"wp-element-caption\">ALICE \u2013 Lampe cube \u00e0 poser sans fil<\/figcaption><\/figure>\n\n\n\n<figure class=\"wp-block-image size-large\"><a href=\"https:\/\/www.cocondedecoration.com\/blog\/wp-content\/uploads\/2025\/09\/luminaire-colore-my-leone.010.jpeg\"><img loading=\"lazy\" decoding=\"async\" width=\"640\" height=\"960\" data-id=\"84963\" src=\"https:\/\/www.cocondedecoration.com\/blog\/wp-content\/uploads\/2025\/09\/luminaire-colore-my-leone.010-640x960.jpeg\" alt=\"Applique murale chic et \u00e9l\u00e9gante couleur ivoire et l\u00e9opard d\u00e9coration int\u00e9rieur My L\u00e9one \" class=\"wp-image-84963\" title=\"Applique murale chic et \u00e9l\u00e9gante couleur ivoire et l\u00e9opard d\u00e9coration int\u00e9rieur My L\u00e9one \" srcset=\"https:\/\/www.cocondedecoration.com\/blog\/wp-content\/uploads\/2025\/09\/luminaire-colore-my-leone.010-640x960.jpeg 640w, https:\/\/www.cocondedecoration.com\/blog\/wp-content\/uploads\/2025\/09\/luminaire-colore-my-leone.010-260x390.jpeg 260w, https:\/\/www.cocondedecoration.com\/blog\/wp-content\/uploads\/2025\/09\/luminaire-colore-my-leone.010-768x1152.jpeg 768w, https:\/\/www.cocondedecoration.com\/blog\/wp-content\/uploads\/2025\/09\/luminaire-colore-my-leone.010-367x550.jpeg 367w, https:\/\/www.cocondedecoration.com\/blog\/wp-content\/uploads\/2025\/09\/luminaire-colore-my-leone.010-333x500.jpeg 333w, https:\/\/www.cocondedecoration.com\/blog\/wp-content\/uploads\/2025\/09\/luminaire-colore-my-leone.010.jpeg 1000w\" sizes=\"(max-width: 640px) 100vw, 640px\" \/><\/a><figcaption class=\"wp-element-caption\">PIA \u2013 Applique murale lin ivoire x l\u00e9opard<\/figcaption><\/figure>\n\n\n\n<figure class=\"wp-block-image size-large\"><a href=\"https:\/\/www.cocondedecoration.com\/blog\/wp-content\/uploads\/2025\/09\/luminaire-colore-my-leone.011.jpeg\"><img loading=\"lazy\" decoding=\"async\" width=\"640\" height=\"960\" data-id=\"84961\" src=\"https:\/\/www.cocondedecoration.com\/blog\/wp-content\/uploads\/2025\/09\/luminaire-colore-my-leone.011-640x960.jpeg\" alt=\"Lampe murale applique motif l\u00e9opard liser\u00e9 bleu accessoire d\u00e9coration int\u00e9rieure originale \" class=\"wp-image-84961\" title=\"Lampe murale applique motif l\u00e9opard liser\u00e9 bleu accessoire d\u00e9coration int\u00e9rieure originale \" srcset=\"https:\/\/www.cocondedecoration.com\/blog\/wp-content\/uploads\/2025\/09\/luminaire-colore-my-leone.011-640x960.jpeg 640w, https:\/\/www.cocondedecoration.com\/blog\/wp-content\/uploads\/2025\/09\/luminaire-colore-my-leone.011-260x390.jpeg 260w, https:\/\/www.cocondedecoration.com\/blog\/wp-content\/uploads\/2025\/09\/luminaire-colore-my-leone.011-768x1152.jpeg 768w, https:\/\/www.cocondedecoration.com\/blog\/wp-content\/uploads\/2025\/09\/luminaire-colore-my-leone.011-367x550.jpeg 367w, https:\/\/www.cocondedecoration.com\/blog\/wp-content\/uploads\/2025\/09\/luminaire-colore-my-leone.011-333x500.jpeg 333w, https:\/\/www.cocondedecoration.com\/blog\/wp-content\/uploads\/2025\/09\/luminaire-colore-my-leone.011.jpeg 1000w\" sizes=\"(max-width: 640px) 100vw, 640px\" \/><\/a><figcaption class=\"wp-element-caption\">LOUISA \u2013 en collaboration avec ASSISE STUDIO<\/figcaption><\/figure>\n<\/figure>\n\n\n\n<hr class=\"wp-block-separator has-alpha-channel-opacity is-style-wide\"\/>\n\n\n\n<div style=\"height:20px\" aria-hidden=\"true\" class=\"wp-block-spacer\"><\/div>\n\n\n\n<div class=\"wp-block-media-text alignwide\"><figure class=\"wp-block-media-text__media\"><img loading=\"lazy\" decoding=\"async\" width=\"640\" height=\"366\" src=\"https:\/\/www.cocondedecoration.com\/blog\/wp-content\/uploads\/2023\/12\/newsletter-patreon-640x366.png\" alt=\"\" class=\"wp-image-70176\" srcset=\"https:\/\/www.cocondedecoration.com\/blog\/wp-content\/uploads\/2023\/12\/newsletter-patreon-640x366.png 640w, https:\/\/www.cocondedecoration.com\/blog\/wp-content\/uploads\/2023\/12\/newsletter-patreon-260x149.png 260w, https:\/\/www.cocondedecoration.com\/blog\/wp-content\/uploads\/2023\/12\/newsletter-patreon-768x439.png 768w, https:\/\/www.cocondedecoration.com\/blog\/wp-content\/uploads\/2023\/12\/newsletter-patreon-465x266.png 465w, https:\/\/www.cocondedecoration.com\/blog\/wp-content\/uploads\/2023\/12\/newsletter-patreon-695x397.png 695w, https:\/\/www.cocondedecoration.com\/blog\/wp-content\/uploads\/2023\/12\/newsletter-patreon.png 1050w\" sizes=\"(max-width: 640px) 100vw, 640px\" \/><\/figure><div class=\"wp-block-media-text__content\">\n<p style=\"text-align:center\"><strong>La newsletter du blog est sur Patreon<\/strong><\/p>\n\n\n\n<p>Devenez membre gratuitement de mon Patron pour lire toutes les newsletters du blog &amp; recevoir une notification quand les prochaines seront en ligne. <\/p>\n\n\n\n<div class=\"wp-block-button aligncenter\"><a class=\"wp-block-button__link\" href=\"https:\/\/www.patreon.com\/cocondedeco\">Acc\u00e9der \u00e0 Patreon gratuitement<\/a><\/div>\n<\/div><\/div>\n\n\n\n<div style=\"height:30px\" aria-hidden=\"true\" class=\"wp-block-spacer\"><\/div>\n\n\n\n<p class=\"has-small-font-size\">Source de l'image \u00e0 la une: My L\u00e9one x <a href=\"https:\/\/www.instagram.com\/studioboheme\/\" target=\"_blank\" rel=\"noopener\" title=\"\">Studio Boh\u00e8me<\/a> <\/p>\n","protected":false},"excerpt":{"rendered":"<p>Vous \u00eates \u00e0 la recherche du prochain accessoire qui personnalisera votre int\u00e9rieur? Vous aimez la couleur et les motifs? D\u00e9couvrez l&rsquo;univers de My L\u00e9one.<span class=\"more-link\"><a href=\"https:\/\/www.cocondedecoration.com\/blog\/2025\/09\/luminaires-my-leone\/\">Lire la suite<\/a><\/span><\/p>\n","protected":false},"author":1,"featured_media":84970,"comment_status":"open","ping_status":"open","sticky":false,"template":"","format":"standard","meta":{"om_disable_all_campaigns":false,"_monsterinsights_skip_tracking":false,"_monsterinsights_sitenote_active":false,"_monsterinsights_sitenote_note":"","_monsterinsights_sitenote_category":0,"_uf_show_specific_survey":0,"_uf_disable_surveys":false,"footnotes":""},"categories":[11078],"tags":[62113,3199,736,61607,1248,61674,3478,61673,5254,880,61572],"aioseo_notices":[],"_links":{"self":[{"href":"https:\/\/www.cocondedecoration.com\/blog\/wp-json\/wp\/v2\/posts\/84958"}],"collection":[{"href":"https:\/\/www.cocondedecoration.com\/blog\/wp-json\/wp\/v2\/posts"}],"about":[{"href":"https:\/\/www.cocondedecoration.com\/blog\/wp-json\/wp\/v2\/types\/post"}],"author":[{"embeddable":true,"href":"https:\/\/www.cocondedecoration.com\/blog\/wp-json\/wp\/v2\/users\/1"}],"replies":[{"embeddable":true,"href":"https:\/\/www.cocondedecoration.com\/blog\/wp-json\/wp\/v2\/comments?post=84958"}],"version-history":[{"count":4,"href":"https:\/\/www.cocondedecoration.com\/blog\/wp-json\/wp\/v2\/posts\/84958\/revisions"}],"predecessor-version":[{"id":84974,"href":"https:\/\/www.cocondedecoration.com\/blog\/wp-json\/wp\/v2\/posts\/84958\/revisions\/84974"}],"wp:featuredmedia":[{"embeddable":true,"href":"https:\/\/www.cocondedecoration.com\/blog\/wp-json\/wp\/v2\/media\/84970"}],"wp:attachment":[{"href":"https:\/\/www.cocondedecoration.com\/blog\/wp-json\/wp\/v2\/media?parent=84958"}],"wp:term":[{"taxonomy":"category","embeddable":true,"href":"https:\/\/www.cocondedecoration.com\/blog\/wp-json\/wp\/v2\/categories?post=84958"},{"taxonomy":"post_tag","embeddable":true,"href":"https:\/\/www.cocondedecoration.com\/blog\/wp-json\/wp\/v2\/tags?post=84958"}],"curies":[{"name":"wp","href":"https:\/\/api.w.org\/{rel}","templated":true}]}}