{"id":84246,"date":"2025-08-11T08:01:24","date_gmt":"2025-08-11T06:01:24","guid":{"rendered":"https:\/\/www.cocondedecoration.com\/blog\/?p=84246"},"modified":"2025-08-11T08:01:26","modified_gmt":"2025-08-11T06:01:26","slug":"accessoire-decoratif-rose","status":"publish","type":"post","link":"https:\/\/www.cocondedecoration.com\/blog\/2025\/08\/accessoire-decoratif-rose\/","title":{"rendered":"Accessoires roses pour une d\u00e9coration douce et voluptueuse"},"content":{"rendered":"\n<p>La couleur est l'une des mani\u00e8res possibles pour personnaliser votre int\u00e9rieur. Chaque couleur va avec son lot de symboles. Et cette fois, je vous propose une s\u00e9lection en rose, afin d'apporter une touche de douceur dans votre int\u00e9rieur. Le rose est aussi synonyme de volupt\u00e9, de calme, de chaleur discr\u00e8te. Et c'est une couleur qui se d\u00e9cline dans une foule d'accessoires d\u00e9coratifs: textiles, objets, luminaires... Vous trouverez ici de nombreuses id\u00e9es pour int\u00e9grer cette couleur \u00e0 votre d\u00e9co.  <\/p>\n\n\n\n<!--more-->\n\n\n\n<div class=\"wp-block-columns is-layout-flex wp-container-core-columns-layout-1 wp-block-columns-is-layout-flex\">\n<div class=\"wp-block-column is-layout-flow wp-block-column-is-layout-flow\">\n<figure class=\"wp-block-image size-large\"><a href=\"https:\/\/www.cocondedecoration.com\/blog\/wp-content\/uploads\/2025\/08\/accessoire-decoratif-couleur-rose-la-redoute.001.jpeg\"><img loading=\"lazy\" decoding=\"async\" width=\"640\" height=\"960\" src=\"https:\/\/www.cocondedecoration.com\/blog\/wp-content\/uploads\/2025\/08\/accessoire-decoratif-couleur-rose-la-redoute.001-640x960.jpeg\" alt=\"Housse de couette coton lav\u00e9 imprim\u00e9 fleur fond rose\" class=\"wp-image-84294\" title=\"Housse de couette coton lav\u00e9 imprim\u00e9 fleur fond rose\" srcset=\"https:\/\/www.cocondedecoration.com\/blog\/wp-content\/uploads\/2025\/08\/accessoire-decoratif-couleur-rose-la-redoute.001-640x960.jpeg 640w, https:\/\/www.cocondedecoration.com\/blog\/wp-content\/uploads\/2025\/08\/accessoire-decoratif-couleur-rose-la-redoute.001-260x390.jpeg 260w, https:\/\/www.cocondedecoration.com\/blog\/wp-content\/uploads\/2025\/08\/accessoire-decoratif-couleur-rose-la-redoute.001-768x1152.jpeg 768w, https:\/\/www.cocondedecoration.com\/blog\/wp-content\/uploads\/2025\/08\/accessoire-decoratif-couleur-rose-la-redoute.001-367x550.jpeg 367w, https:\/\/www.cocondedecoration.com\/blog\/wp-content\/uploads\/2025\/08\/accessoire-decoratif-couleur-rose-la-redoute.001-333x500.jpeg 333w, https:\/\/www.cocondedecoration.com\/blog\/wp-content\/uploads\/2025\/08\/accessoire-decoratif-couleur-rose-la-redoute.001.jpeg 1000w\" sizes=\"(max-width: 640px) 100vw, 640px\" \/><\/a><figcaption class=\"wp-element-caption\"><a href=\"https:\/\/c3po.link\/QeS8zRXnCD\" target=\"_blank\" rel=\"noopener\" title=\"\">Housse de couette coton lav\u00e9 imprim\u00e9 fleur fond rose<\/a> - La Redoute Int\u00e9rieurs<\/figcaption><\/figure>\n<\/div>\n\n\n\n<div class=\"wp-block-column is-layout-flow wp-block-column-is-layout-flow\">\n<figure class=\"wp-block-image size-large\"><a href=\"https:\/\/www.cocondedecoration.com\/blog\/wp-content\/uploads\/2025\/08\/accessoire-decoratif-couleur-rose-la-redoute.002.jpeg\"><img loading=\"lazy\" decoding=\"async\" width=\"640\" height=\"960\" src=\"https:\/\/www.cocondedecoration.com\/blog\/wp-content\/uploads\/2025\/08\/accessoire-decoratif-couleur-rose-la-redoute.002-640x960.jpeg\" alt=\"Rideau gaze de coton ajustable\" class=\"wp-image-84293\" title=\"Rideau gaze de coton ajustable\" srcset=\"https:\/\/www.cocondedecoration.com\/blog\/wp-content\/uploads\/2025\/08\/accessoire-decoratif-couleur-rose-la-redoute.002-640x960.jpeg 640w, https:\/\/www.cocondedecoration.com\/blog\/wp-content\/uploads\/2025\/08\/accessoire-decoratif-couleur-rose-la-redoute.002-260x390.jpeg 260w, https:\/\/www.cocondedecoration.com\/blog\/wp-content\/uploads\/2025\/08\/accessoire-decoratif-couleur-rose-la-redoute.002-768x1152.jpeg 768w, https:\/\/www.cocondedecoration.com\/blog\/wp-content\/uploads\/2025\/08\/accessoire-decoratif-couleur-rose-la-redoute.002-367x550.jpeg 367w, https:\/\/www.cocondedecoration.com\/blog\/wp-content\/uploads\/2025\/08\/accessoire-decoratif-couleur-rose-la-redoute.002-333x500.jpeg 333w, https:\/\/www.cocondedecoration.com\/blog\/wp-content\/uploads\/2025\/08\/accessoire-decoratif-couleur-rose-la-redoute.002.jpeg 1000w\" sizes=\"(max-width: 640px) 100vw, 640px\" \/><\/a><figcaption class=\"wp-element-caption\"><a href=\"https:\/\/c3po.link\/QzhgxsNzct\" target=\"_blank\" rel=\"noopener\" title=\"\">Rideau gaze de coton ajustable<\/a> - Terre de Nuit chez La Redoute<\/figcaption><\/figure>\n<\/div>\n<\/div>\n\n\n\n<div class=\"wp-block-columns is-layout-flex wp-container-core-columns-layout-2 wp-block-columns-is-layout-flex\">\n<div class=\"wp-block-column is-layout-flow wp-block-column-is-layout-flow\">\n<figure class=\"wp-block-image size-large\"><a href=\"https:\/\/www.cocondedecoration.com\/blog\/wp-content\/uploads\/2025\/08\/accessoire-deco-rose-maisons-du-monde.001.jpeg\"><img loading=\"lazy\" decoding=\"async\" width=\"640\" height=\"960\" src=\"https:\/\/www.cocondedecoration.com\/blog\/wp-content\/uploads\/2025\/08\/accessoire-deco-rose-maisons-du-monde.001-640x960.jpeg\" alt=\"Fauteuil pivotant en tissu boucl\u00e9 rose poudr\u00e9\" class=\"wp-image-84260\" title=\"Fauteuil pivotant en tissu boucl\u00e9 rose poudr\u00e9\" srcset=\"https:\/\/www.cocondedecoration.com\/blog\/wp-content\/uploads\/2025\/08\/accessoire-deco-rose-maisons-du-monde.001-640x960.jpeg 640w, https:\/\/www.cocondedecoration.com\/blog\/wp-content\/uploads\/2025\/08\/accessoire-deco-rose-maisons-du-monde.001-260x390.jpeg 260w, https:\/\/www.cocondedecoration.com\/blog\/wp-content\/uploads\/2025\/08\/accessoire-deco-rose-maisons-du-monde.001-768x1152.jpeg 768w, https:\/\/www.cocondedecoration.com\/blog\/wp-content\/uploads\/2025\/08\/accessoire-deco-rose-maisons-du-monde.001-367x550.jpeg 367w, https:\/\/www.cocondedecoration.com\/blog\/wp-content\/uploads\/2025\/08\/accessoire-deco-rose-maisons-du-monde.001-333x500.jpeg 333w, https:\/\/www.cocondedecoration.com\/blog\/wp-content\/uploads\/2025\/08\/accessoire-deco-rose-maisons-du-monde.001.jpeg 1000w\" sizes=\"(max-width: 640px) 100vw, 640px\" \/><\/a><figcaption class=\"wp-element-caption\"><a href=\"https:\/\/fnty.co\/c\/r-QQQFHREG\" target=\"_blank\" rel=\"noopener\" title=\"\">Fauteuil pivotant en tissu boucl\u00e9 rose poudr\u00e9<\/a> - Micadoni Home chez Maisons du Monde<\/figcaption><\/figure>\n<\/div>\n\n\n\n<div class=\"wp-block-column is-layout-flow wp-block-column-is-layout-flow\">\n<figure class=\"wp-block-image size-large\"><a href=\"https:\/\/www.cocondedecoration.com\/blog\/wp-content\/uploads\/2025\/08\/accessoire-deco-rose-maisons-du-monde.002.jpeg\"><img loading=\"lazy\" decoding=\"async\" width=\"640\" height=\"960\" src=\"https:\/\/www.cocondedecoration.com\/blog\/wp-content\/uploads\/2025\/08\/accessoire-deco-rose-maisons-du-monde.002-640x960.jpeg\" alt=\"Rideau occultant \u00e0 oeillets uni 140x240 cm rose poudr\u00e9 clair\" class=\"wp-image-84259\" title=\"Rideau occultant \u00e0 oeillets uni 140x240 cm rose poudr\u00e9 clair\" srcset=\"https:\/\/www.cocondedecoration.com\/blog\/wp-content\/uploads\/2025\/08\/accessoire-deco-rose-maisons-du-monde.002-640x960.jpeg 640w, https:\/\/www.cocondedecoration.com\/blog\/wp-content\/uploads\/2025\/08\/accessoire-deco-rose-maisons-du-monde.002-260x390.jpeg 260w, https:\/\/www.cocondedecoration.com\/blog\/wp-content\/uploads\/2025\/08\/accessoire-deco-rose-maisons-du-monde.002-768x1152.jpeg 768w, https:\/\/www.cocondedecoration.com\/blog\/wp-content\/uploads\/2025\/08\/accessoire-deco-rose-maisons-du-monde.002-367x550.jpeg 367w, https:\/\/www.cocondedecoration.com\/blog\/wp-content\/uploads\/2025\/08\/accessoire-deco-rose-maisons-du-monde.002-333x500.jpeg 333w, https:\/\/www.cocondedecoration.com\/blog\/wp-content\/uploads\/2025\/08\/accessoire-deco-rose-maisons-du-monde.002.jpeg 1000w\" sizes=\"(max-width: 640px) 100vw, 640px\" \/><\/a><figcaption class=\"wp-element-caption\"><a href=\"https:\/\/fnty.co\/c\/r-VOenfudi\" target=\"_blank\" rel=\"noopener\" title=\"\">Rideau occultant \u00e0 oeillets uni 140x240 cm<\/a> - Today chez Maisons du Monde<\/figcaption><\/figure>\n<\/div>\n<\/div>\n\n\n\n<div class=\"wp-block-columns is-layout-flex wp-container-core-columns-layout-3 wp-block-columns-is-layout-flex\">\n<div class=\"wp-block-column is-layout-flow wp-block-column-is-layout-flow\">\n<figure class=\"wp-block-image size-large\"><a href=\"https:\/\/www.cocondedecoration.com\/blog\/wp-content\/uploads\/2025\/08\/parure-de-lit-rose-blancheporte.001.jpeg\"><img loading=\"lazy\" decoding=\"async\" width=\"640\" height=\"960\" src=\"https:\/\/www.cocondedecoration.com\/blog\/wp-content\/uploads\/2025\/08\/parure-de-lit-rose-blancheporte.001-640x960.jpeg\" alt=\"Linge de lit imprim\u00e9 H\u00e9l\u00e8ne coton\" class=\"wp-image-84273\" title=\"Linge de lit imprim\u00e9 H\u00e9l\u00e8ne coton\" srcset=\"https:\/\/www.cocondedecoration.com\/blog\/wp-content\/uploads\/2025\/08\/parure-de-lit-rose-blancheporte.001-640x960.jpeg 640w, https:\/\/www.cocondedecoration.com\/blog\/wp-content\/uploads\/2025\/08\/parure-de-lit-rose-blancheporte.001-260x390.jpeg 260w, https:\/\/www.cocondedecoration.com\/blog\/wp-content\/uploads\/2025\/08\/parure-de-lit-rose-blancheporte.001-768x1152.jpeg 768w, https:\/\/www.cocondedecoration.com\/blog\/wp-content\/uploads\/2025\/08\/parure-de-lit-rose-blancheporte.001-367x550.jpeg 367w, https:\/\/www.cocondedecoration.com\/blog\/wp-content\/uploads\/2025\/08\/parure-de-lit-rose-blancheporte.001-333x500.jpeg 333w, https:\/\/www.cocondedecoration.com\/blog\/wp-content\/uploads\/2025\/08\/parure-de-lit-rose-blancheporte.001.jpeg 1000w\" sizes=\"(max-width: 640px) 100vw, 640px\" \/><\/a><figcaption class=\"wp-element-caption\"><a href=\"https:\/\/fnty.co\/c\/r-jQpiIsHH\" target=\"_blank\" rel=\"noopener\" title=\"\">Linge de lit imprim\u00e9 v\u00e9g\u00e9tal coton<\/a> - Blancheporte<\/figcaption><\/figure>\n<\/div>\n\n\n\n<div class=\"wp-block-column is-layout-flow wp-block-column-is-layout-flow\">\n<figure class=\"wp-block-image size-large is-resized\"><a href=\"https:\/\/www.cocondedecoration.com\/blog\/wp-content\/uploads\/2025\/08\/parure-de-lit-rose-blancheporte.002.jpeg\"><img loading=\"lazy\" decoding=\"async\" width=\"640\" height=\"960\" src=\"https:\/\/www.cocondedecoration.com\/blog\/wp-content\/uploads\/2025\/08\/parure-de-lit-rose-blancheporte.002-640x960.jpeg\" alt=\"Linge de lit imprim\u00e9 floral coton\" class=\"wp-image-84274\" style=\"width:416px;height:auto\" srcset=\"https:\/\/www.cocondedecoration.com\/blog\/wp-content\/uploads\/2025\/08\/parure-de-lit-rose-blancheporte.002-640x960.jpeg 640w, https:\/\/www.cocondedecoration.com\/blog\/wp-content\/uploads\/2025\/08\/parure-de-lit-rose-blancheporte.002-260x390.jpeg 260w, https:\/\/www.cocondedecoration.com\/blog\/wp-content\/uploads\/2025\/08\/parure-de-lit-rose-blancheporte.002-768x1152.jpeg 768w, https:\/\/www.cocondedecoration.com\/blog\/wp-content\/uploads\/2025\/08\/parure-de-lit-rose-blancheporte.002-367x550.jpeg 367w, https:\/\/www.cocondedecoration.com\/blog\/wp-content\/uploads\/2025\/08\/parure-de-lit-rose-blancheporte.002-333x500.jpeg 333w, https:\/\/www.cocondedecoration.com\/blog\/wp-content\/uploads\/2025\/08\/parure-de-lit-rose-blancheporte.002.jpeg 1000w\" sizes=\"(max-width: 640px) 100vw, 640px\" \/><\/a><figcaption class=\"wp-element-caption\"><a href=\"https:\/\/fnty.co\/c\/r-semRJuff\" target=\"_blank\" rel=\"noopener\" title=\"\">Linge de lit imprim\u00e9 floral coton<\/a> - Blancheporte<\/figcaption><\/figure>\n<\/div>\n<\/div>\n\n\n\n<div class=\"wp-block-columns is-layout-flex wp-container-core-columns-layout-4 wp-block-columns-is-layout-flex\">\n<div class=\"wp-block-column is-layout-flow wp-block-column-is-layout-flow\">\n<figure class=\"wp-block-image size-large\"><a href=\"https:\/\/www.cocondedecoration.com\/blog\/wp-content\/uploads\/2025\/08\/accessoire-decoratif-couleur-rose-la-redoute.003.jpeg\"><img loading=\"lazy\" decoding=\"async\" width=\"640\" height=\"960\" src=\"https:\/\/www.cocondedecoration.com\/blog\/wp-content\/uploads\/2025\/08\/accessoire-decoratif-couleur-rose-la-redoute.003-640x960.jpeg\" alt=\"Tapis doux \u00e0 poils ras rose poudr\u00e9\" class=\"wp-image-84292\" title=\"Tapis doux \u00e0 poils ras rose poudr\u00e9\" srcset=\"https:\/\/www.cocondedecoration.com\/blog\/wp-content\/uploads\/2025\/08\/accessoire-decoratif-couleur-rose-la-redoute.003-640x960.jpeg 640w, https:\/\/www.cocondedecoration.com\/blog\/wp-content\/uploads\/2025\/08\/accessoire-decoratif-couleur-rose-la-redoute.003-260x390.jpeg 260w, https:\/\/www.cocondedecoration.com\/blog\/wp-content\/uploads\/2025\/08\/accessoire-decoratif-couleur-rose-la-redoute.003-768x1152.jpeg 768w, https:\/\/www.cocondedecoration.com\/blog\/wp-content\/uploads\/2025\/08\/accessoire-decoratif-couleur-rose-la-redoute.003-367x550.jpeg 367w, https:\/\/www.cocondedecoration.com\/blog\/wp-content\/uploads\/2025\/08\/accessoire-decoratif-couleur-rose-la-redoute.003-333x500.jpeg 333w, https:\/\/www.cocondedecoration.com\/blog\/wp-content\/uploads\/2025\/08\/accessoire-decoratif-couleur-rose-la-redoute.003.jpeg 1000w\" sizes=\"(max-width: 640px) 100vw, 640px\" \/><\/a><figcaption class=\"wp-element-caption\"><a href=\"https:\/\/c3po.link\/QN45nNEuHg\" target=\"_blank\" rel=\"noopener\" title=\"\">Tapis doux \u00e0 poils ras<\/a> - Homie Living chez La Redoute<\/figcaption><\/figure>\n<\/div>\n\n\n\n<div class=\"wp-block-column is-layout-flow wp-block-column-is-layout-flow\">\n<figure class=\"wp-block-image size-large\"><a href=\"https:\/\/www.cocondedecoration.com\/blog\/wp-content\/uploads\/2025\/08\/accessoire-decoratif-couleur-rose-la-redoute.004.jpeg\"><img loading=\"lazy\" decoding=\"async\" width=\"640\" height=\"960\" src=\"https:\/\/www.cocondedecoration.com\/blog\/wp-content\/uploads\/2025\/08\/accessoire-decoratif-couleur-rose-la-redoute.004-640x960.jpeg\" alt=\"Lampe \u00e0 poser avec pied en ch\u00eane design moderne\" class=\"wp-image-84291\" title=\"Lampe \u00e0 poser avec pied en ch\u00eane design moderne\" srcset=\"https:\/\/www.cocondedecoration.com\/blog\/wp-content\/uploads\/2025\/08\/accessoire-decoratif-couleur-rose-la-redoute.004-640x960.jpeg 640w, https:\/\/www.cocondedecoration.com\/blog\/wp-content\/uploads\/2025\/08\/accessoire-decoratif-couleur-rose-la-redoute.004-260x390.jpeg 260w, https:\/\/www.cocondedecoration.com\/blog\/wp-content\/uploads\/2025\/08\/accessoire-decoratif-couleur-rose-la-redoute.004-768x1152.jpeg 768w, https:\/\/www.cocondedecoration.com\/blog\/wp-content\/uploads\/2025\/08\/accessoire-decoratif-couleur-rose-la-redoute.004-367x550.jpeg 367w, https:\/\/www.cocondedecoration.com\/blog\/wp-content\/uploads\/2025\/08\/accessoire-decoratif-couleur-rose-la-redoute.004-333x500.jpeg 333w, https:\/\/www.cocondedecoration.com\/blog\/wp-content\/uploads\/2025\/08\/accessoire-decoratif-couleur-rose-la-redoute.004.jpeg 1000w\" sizes=\"(max-width: 640px) 100vw, 640px\" \/><\/a><figcaption class=\"wp-element-caption\"><a href=\"https:\/\/c3po.link\/QtcqHRHhhx\" target=\"_blank\" rel=\"noopener\" title=\"\">Lampe \u00e0 poser avec pied en ch\u00eane<\/a> - Harto chez La Redoute<\/figcaption><\/figure>\n<\/div>\n<\/div>\n\n\n\n<div style=\"height:20px\" aria-hidden=\"true\" class=\"wp-block-spacer\"><\/div>\n\n\n\n<div class=\"wp-block-media-text alignwide\"><figure class=\"wp-block-media-text__media\"><img loading=\"lazy\" decoding=\"async\" width=\"640\" height=\"366\" src=\"https:\/\/www.cocondedecoration.com\/blog\/wp-content\/uploads\/2023\/12\/newsletter-patreon-640x366.png\" alt=\"\" class=\"wp-image-70176\" srcset=\"https:\/\/www.cocondedecoration.com\/blog\/wp-content\/uploads\/2023\/12\/newsletter-patreon-640x366.png 640w, https:\/\/www.cocondedecoration.com\/blog\/wp-content\/uploads\/2023\/12\/newsletter-patreon-260x149.png 260w, https:\/\/www.cocondedecoration.com\/blog\/wp-content\/uploads\/2023\/12\/newsletter-patreon-768x439.png 768w, https:\/\/www.cocondedecoration.com\/blog\/wp-content\/uploads\/2023\/12\/newsletter-patreon-465x266.png 465w, https:\/\/www.cocondedecoration.com\/blog\/wp-content\/uploads\/2023\/12\/newsletter-patreon-695x397.png 695w, https:\/\/www.cocondedecoration.com\/blog\/wp-content\/uploads\/2023\/12\/newsletter-patreon.png 1050w\" sizes=\"(max-width: 640px) 100vw, 640px\" \/><\/figure><div class=\"wp-block-media-text__content\">\n<p style=\"text-align:center\"><strong>La newsletter du blog est sur Patreon<\/strong><\/p>\n\n\n\n<p>Devenez membre gratuitement de mon Patron pour lire toutes les newsletters du blog &amp; recevoir une notification quand les prochaines seront en ligne. <\/p>\n\n\n\n<div class=\"wp-block-button aligncenter\"><a class=\"wp-block-button__link\" href=\"https:\/\/www.patreon.com\/cocondedeco\">Acc\u00e9der \u00e0 Patreon gratuitement<\/a><\/div>\n<\/div><\/div>\n\n\n\n<div style=\"height:30px\" aria-hidden=\"true\" class=\"wp-block-spacer\"><\/div>\n\n\n\n<div class=\"wp-block-columns is-layout-flex wp-container-core-columns-layout-5 wp-block-columns-is-layout-flex\">\n<div class=\"wp-block-column is-layout-flow wp-block-column-is-layout-flow\">\n<figure class=\"wp-block-image size-large\"><a href=\"https:\/\/www.cocondedecoration.com\/blog\/wp-content\/uploads\/2025\/08\/objet-deco-rose-maisons-du-monde.001.jpeg\"><img loading=\"lazy\" decoding=\"async\" width=\"640\" height=\"640\" src=\"https:\/\/www.cocondedecoration.com\/blog\/wp-content\/uploads\/2025\/08\/objet-deco-rose-maisons-du-monde.001-640x640.jpeg\" alt=\"Pouf velours c\u00f4tel\u00e9 rose\" class=\"wp-image-84272\" title=\"Pouf velours c\u00f4tel\u00e9 rose\" srcset=\"https:\/\/www.cocondedecoration.com\/blog\/wp-content\/uploads\/2025\/08\/objet-deco-rose-maisons-du-monde.001-640x640.jpeg 640w, https:\/\/www.cocondedecoration.com\/blog\/wp-content\/uploads\/2025\/08\/objet-deco-rose-maisons-du-monde.001-260x260.jpeg 260w, https:\/\/www.cocondedecoration.com\/blog\/wp-content\/uploads\/2025\/08\/objet-deco-rose-maisons-du-monde.001-165x165.jpeg 165w, https:\/\/www.cocondedecoration.com\/blog\/wp-content\/uploads\/2025\/08\/objet-deco-rose-maisons-du-monde.001-465x465.jpeg 465w, https:\/\/www.cocondedecoration.com\/blog\/wp-content\/uploads\/2025\/08\/objet-deco-rose-maisons-du-monde.001-500x500.jpeg 500w, https:\/\/www.cocondedecoration.com\/blog\/wp-content\/uploads\/2025\/08\/objet-deco-rose-maisons-du-monde.001.jpeg 650w\" sizes=\"(max-width: 640px) 100vw, 640px\" \/><\/a><figcaption class=\"wp-element-caption\"><a href=\"https:\/\/fnty.co\/c\/r-effVxybV\" target=\"_blank\" rel=\"noopener\" title=\"\">Pouf velours c\u00f4tel\u00e9 rose<\/a> - Icon chez Maisons du Monde<\/figcaption><\/figure>\n<\/div>\n\n\n\n<div class=\"wp-block-column is-layout-flow wp-block-column-is-layout-flow\">\n<figure class=\"wp-block-image size-large\"><a href=\"https:\/\/www.cocondedecoration.com\/blog\/wp-content\/uploads\/2025\/08\/objet-deco-rose-maisons-du-monde.002.jpeg\"><img loading=\"lazy\" decoding=\"async\" width=\"640\" height=\"640\" src=\"https:\/\/www.cocondedecoration.com\/blog\/wp-content\/uploads\/2025\/08\/objet-deco-rose-maisons-du-monde.002-640x640.jpeg\" alt=\"Lampe en c\u00e9ramique \u00e0 motif floral et abat-jour en polyester recycl\u00e9\" class=\"wp-image-84271\" title=\"Lampe en c\u00e9ramique \u00e0 motif floral et abat-jour en polyester recycl\u00e9\" srcset=\"https:\/\/www.cocondedecoration.com\/blog\/wp-content\/uploads\/2025\/08\/objet-deco-rose-maisons-du-monde.002-640x640.jpeg 640w, https:\/\/www.cocondedecoration.com\/blog\/wp-content\/uploads\/2025\/08\/objet-deco-rose-maisons-du-monde.002-260x260.jpeg 260w, https:\/\/www.cocondedecoration.com\/blog\/wp-content\/uploads\/2025\/08\/objet-deco-rose-maisons-du-monde.002-165x165.jpeg 165w, https:\/\/www.cocondedecoration.com\/blog\/wp-content\/uploads\/2025\/08\/objet-deco-rose-maisons-du-monde.002-465x465.jpeg 465w, https:\/\/www.cocondedecoration.com\/blog\/wp-content\/uploads\/2025\/08\/objet-deco-rose-maisons-du-monde.002-500x500.jpeg 500w, https:\/\/www.cocondedecoration.com\/blog\/wp-content\/uploads\/2025\/08\/objet-deco-rose-maisons-du-monde.002.jpeg 650w\" sizes=\"(max-width: 640px) 100vw, 640px\" \/><\/a><figcaption class=\"wp-element-caption\"><a href=\"https:\/\/fnty.co\/c\/r-AQyarBzO\" target=\"_blank\" rel=\"noopener\" title=\"\">Lampe en c\u00e9ramique \u00e0 motif floral et abat-jour en polyester recycl\u00e9<\/a> - Maisons du Monde<\/figcaption><\/figure>\n<\/div>\n\n\n\n<div class=\"wp-block-column is-layout-flow wp-block-column-is-layout-flow\">\n<figure class=\"wp-block-image size-large\"><a href=\"https:\/\/www.cocondedecoration.com\/blog\/wp-content\/uploads\/2025\/08\/objet-deco-rose-maisons-du-monde.003.jpeg\"><img loading=\"lazy\" decoding=\"async\" width=\"640\" height=\"640\" src=\"https:\/\/www.cocondedecoration.com\/blog\/wp-content\/uploads\/2025\/08\/objet-deco-rose-maisons-du-monde.003-640x640.jpeg\" alt=\"Herbarium de theophile - Plante immerg\u00e9e Ruscus\" class=\"wp-image-84270\" title=\"Herbarium de theophile - Plante immerg\u00e9e Ruscus\" srcset=\"https:\/\/www.cocondedecoration.com\/blog\/wp-content\/uploads\/2025\/08\/objet-deco-rose-maisons-du-monde.003-640x640.jpeg 640w, https:\/\/www.cocondedecoration.com\/blog\/wp-content\/uploads\/2025\/08\/objet-deco-rose-maisons-du-monde.003-260x260.jpeg 260w, https:\/\/www.cocondedecoration.com\/blog\/wp-content\/uploads\/2025\/08\/objet-deco-rose-maisons-du-monde.003-165x165.jpeg 165w, https:\/\/www.cocondedecoration.com\/blog\/wp-content\/uploads\/2025\/08\/objet-deco-rose-maisons-du-monde.003-465x465.jpeg 465w, https:\/\/www.cocondedecoration.com\/blog\/wp-content\/uploads\/2025\/08\/objet-deco-rose-maisons-du-monde.003-500x500.jpeg 500w, https:\/\/www.cocondedecoration.com\/blog\/wp-content\/uploads\/2025\/08\/objet-deco-rose-maisons-du-monde.003.jpeg 650w\" sizes=\"(max-width: 640px) 100vw, 640px\" \/><\/a><figcaption class=\"wp-element-caption\"><a href=\"https:\/\/fnty.co\/c\/r-lpCKmyfx\" target=\"_blank\" rel=\"noopener\" title=\"\">Herbarium de theophile - Plante immerg\u00e9e Ruscus<\/a> - Th\u00e9ophine Berton chez Maisons du Monde<\/figcaption><\/figure>\n<\/div>\n<\/div>\n\n\n\n<div class=\"wp-block-columns is-layout-flex wp-container-core-columns-layout-6 wp-block-columns-is-layout-flex\">\n<div class=\"wp-block-column is-layout-flow wp-block-column-is-layout-flow\">\n<figure class=\"wp-block-image size-large\"><a href=\"https:\/\/www.cocondedecoration.com\/blog\/wp-content\/uploads\/2025\/08\/accessoire-deco-rose-maisons-du-monde.003.jpeg\"><img loading=\"lazy\" decoding=\"async\" width=\"640\" height=\"960\" src=\"https:\/\/www.cocondedecoration.com\/blog\/wp-content\/uploads\/2025\/08\/accessoire-deco-rose-maisons-du-monde.003-640x960.jpeg\" alt=\"Tapis salon tiss\u00e9 motif g\u00e9om\u00e9trique contemporain, rose 200x290\" class=\"wp-image-84258\" title=\"Tapis salon tiss\u00e9 motif g\u00e9om\u00e9trique contemporain, rose 200x290\" srcset=\"https:\/\/www.cocondedecoration.com\/blog\/wp-content\/uploads\/2025\/08\/accessoire-deco-rose-maisons-du-monde.003-640x960.jpeg 640w, https:\/\/www.cocondedecoration.com\/blog\/wp-content\/uploads\/2025\/08\/accessoire-deco-rose-maisons-du-monde.003-260x390.jpeg 260w, https:\/\/www.cocondedecoration.com\/blog\/wp-content\/uploads\/2025\/08\/accessoire-deco-rose-maisons-du-monde.003-768x1152.jpeg 768w, https:\/\/www.cocondedecoration.com\/blog\/wp-content\/uploads\/2025\/08\/accessoire-deco-rose-maisons-du-monde.003-367x550.jpeg 367w, https:\/\/www.cocondedecoration.com\/blog\/wp-content\/uploads\/2025\/08\/accessoire-deco-rose-maisons-du-monde.003-333x500.jpeg 333w, https:\/\/www.cocondedecoration.com\/blog\/wp-content\/uploads\/2025\/08\/accessoire-deco-rose-maisons-du-monde.003.jpeg 1000w\" sizes=\"(max-width: 640px) 100vw, 640px\" \/><\/a><figcaption class=\"wp-element-caption\"><a href=\"https:\/\/fnty.co\/c\/r-mZDAIlKM\" target=\"_blank\" rel=\"noopener\" title=\"\">Tapis salon tiss\u00e9 motif g\u00e9om\u00e9trique contemporain, rose 200x290<\/a> - Un amour de Tapis chez Maisons du Monde<\/figcaption><\/figure>\n<\/div>\n\n\n\n<div class=\"wp-block-column is-layout-flow wp-block-column-is-layout-flow\">\n<figure class=\"wp-block-image size-large\"><a href=\"https:\/\/www.cocondedecoration.com\/blog\/wp-content\/uploads\/2025\/08\/accessoire-deco-rose-maisons-du-monde.004.jpeg\"><img loading=\"lazy\" decoding=\"async\" width=\"640\" height=\"960\" src=\"https:\/\/www.cocondedecoration.com\/blog\/wp-content\/uploads\/2025\/08\/accessoire-deco-rose-maisons-du-monde.004-640x960.jpeg\" alt=\"Vase en bois rose saumon\" class=\"wp-image-84257\" title=\"Vase en bois rose saumon\" srcset=\"https:\/\/www.cocondedecoration.com\/blog\/wp-content\/uploads\/2025\/08\/accessoire-deco-rose-maisons-du-monde.004-640x960.jpeg 640w, https:\/\/www.cocondedecoration.com\/blog\/wp-content\/uploads\/2025\/08\/accessoire-deco-rose-maisons-du-monde.004-260x390.jpeg 260w, https:\/\/www.cocondedecoration.com\/blog\/wp-content\/uploads\/2025\/08\/accessoire-deco-rose-maisons-du-monde.004-768x1152.jpeg 768w, https:\/\/www.cocondedecoration.com\/blog\/wp-content\/uploads\/2025\/08\/accessoire-deco-rose-maisons-du-monde.004-367x550.jpeg 367w, https:\/\/www.cocondedecoration.com\/blog\/wp-content\/uploads\/2025\/08\/accessoire-deco-rose-maisons-du-monde.004-333x500.jpeg 333w, https:\/\/www.cocondedecoration.com\/blog\/wp-content\/uploads\/2025\/08\/accessoire-deco-rose-maisons-du-monde.004.jpeg 1000w\" sizes=\"(max-width: 640px) 100vw, 640px\" \/><\/a><figcaption class=\"wp-element-caption\"><a href=\"https:\/\/fnty.co\/c\/r-DQXRNzHv\" target=\"_blank\" rel=\"noopener\" title=\"\">Vase en bois rose saumon<\/a> - Becquet chez Maisons du Monde<\/figcaption><\/figure>\n<\/div>\n<\/div>\n\n\n\n<div class=\"wp-block-columns is-layout-flex wp-container-core-columns-layout-7 wp-block-columns-is-layout-flex\">\n<div class=\"wp-block-column is-layout-flow wp-block-column-is-layout-flow\">\n<figure class=\"wp-block-image size-large\"><a href=\"https:\/\/www.cocondedecoration.com\/blog\/wp-content\/uploads\/2025\/08\/accessoire-decoratif-couleur-rose-la-redoute.005.jpeg\"><img loading=\"lazy\" decoding=\"async\" width=\"640\" height=\"960\" src=\"https:\/\/www.cocondedecoration.com\/blog\/wp-content\/uploads\/2025\/08\/accessoire-decoratif-couleur-rose-la-redoute.005-640x960.jpeg\" alt=\"Tapis chenille rectangulaire en polyester \u00e0 poils courts\" class=\"wp-image-84290\" title=\"Tapis chenille rectangulaire en polyester \u00e0 poils courts\" srcset=\"https:\/\/www.cocondedecoration.com\/blog\/wp-content\/uploads\/2025\/08\/accessoire-decoratif-couleur-rose-la-redoute.005-640x960.jpeg 640w, https:\/\/www.cocondedecoration.com\/blog\/wp-content\/uploads\/2025\/08\/accessoire-decoratif-couleur-rose-la-redoute.005-260x390.jpeg 260w, https:\/\/www.cocondedecoration.com\/blog\/wp-content\/uploads\/2025\/08\/accessoire-decoratif-couleur-rose-la-redoute.005-768x1152.jpeg 768w, https:\/\/www.cocondedecoration.com\/blog\/wp-content\/uploads\/2025\/08\/accessoire-decoratif-couleur-rose-la-redoute.005-367x550.jpeg 367w, https:\/\/www.cocondedecoration.com\/blog\/wp-content\/uploads\/2025\/08\/accessoire-decoratif-couleur-rose-la-redoute.005-333x500.jpeg 333w, https:\/\/www.cocondedecoration.com\/blog\/wp-content\/uploads\/2025\/08\/accessoire-decoratif-couleur-rose-la-redoute.005.jpeg 1000w\" sizes=\"(max-width: 640px) 100vw, 640px\" \/><\/a><figcaption class=\"wp-element-caption\"><a href=\"https:\/\/c3po.link\/QxNZfRcrRm\" target=\"_blank\" rel=\"noopener\" title=\"\">Tapis chenille rectangulaire en polyester \u00e0 poils courts<\/a> - Oviala chez La Redoute<\/figcaption><\/figure>\n<\/div>\n\n\n\n<div class=\"wp-block-column is-layout-flow wp-block-column-is-layout-flow\">\n<figure class=\"wp-block-image size-large\"><a href=\"https:\/\/www.cocondedecoration.com\/blog\/wp-content\/uploads\/2025\/08\/accessoire-decoratif-couleur-rose-la-redoute.006.jpeg\"><img loading=\"lazy\" decoding=\"async\" width=\"640\" height=\"960\" src=\"https:\/\/www.cocondedecoration.com\/blog\/wp-content\/uploads\/2025\/08\/accessoire-decoratif-couleur-rose-la-redoute.006-640x960.jpeg\" alt=\"\" class=\"wp-image-84289\" srcset=\"https:\/\/www.cocondedecoration.com\/blog\/wp-content\/uploads\/2025\/08\/accessoire-decoratif-couleur-rose-la-redoute.006-640x960.jpeg 640w, https:\/\/www.cocondedecoration.com\/blog\/wp-content\/uploads\/2025\/08\/accessoire-decoratif-couleur-rose-la-redoute.006-260x390.jpeg 260w, https:\/\/www.cocondedecoration.com\/blog\/wp-content\/uploads\/2025\/08\/accessoire-decoratif-couleur-rose-la-redoute.006-768x1152.jpeg 768w, https:\/\/www.cocondedecoration.com\/blog\/wp-content\/uploads\/2025\/08\/accessoire-decoratif-couleur-rose-la-redoute.006-367x550.jpeg 367w, https:\/\/www.cocondedecoration.com\/blog\/wp-content\/uploads\/2025\/08\/accessoire-decoratif-couleur-rose-la-redoute.006-333x500.jpeg 333w, https:\/\/www.cocondedecoration.com\/blog\/wp-content\/uploads\/2025\/08\/accessoire-decoratif-couleur-rose-la-redoute.006.jpeg 1000w\" sizes=\"(max-width: 640px) 100vw, 640px\" \/><\/a><figcaption class=\"wp-element-caption\"><a href=\"https:\/\/c3po.link\/QkryY8YBkk\" target=\"_blank\" rel=\"noopener\" title=\"\">Store bateau en Lin lav\u00e9 l\u00e9g\u00e8rement froiss\u00e9<\/a> - Madura chez La Redoute<\/figcaption><\/figure>\n<\/div>\n<\/div>\n\n\n\n<div class=\"wp-block-columns is-layout-flex wp-container-core-columns-layout-8 wp-block-columns-is-layout-flex\">\n<div class=\"wp-block-column is-layout-flow wp-block-column-is-layout-flow\">\n<figure class=\"wp-block-image size-large\"><a href=\"https:\/\/www.cocondedecoration.com\/blog\/wp-content\/uploads\/2025\/08\/objet-deco-rose-maisons-du-monde.004.jpeg\"><img loading=\"lazy\" decoding=\"async\" width=\"640\" height=\"640\" src=\"https:\/\/www.cocondedecoration.com\/blog\/wp-content\/uploads\/2025\/08\/objet-deco-rose-maisons-du-monde.004-640x640.jpeg\" alt=\"Globe terrestre carte du monde rose et dor\u00e9\" class=\"wp-image-84269\" title=\"Globe terrestre carte du monde rose et dor\u00e9\" srcset=\"https:\/\/www.cocondedecoration.com\/blog\/wp-content\/uploads\/2025\/08\/objet-deco-rose-maisons-du-monde.004-640x640.jpeg 640w, https:\/\/www.cocondedecoration.com\/blog\/wp-content\/uploads\/2025\/08\/objet-deco-rose-maisons-du-monde.004-260x260.jpeg 260w, https:\/\/www.cocondedecoration.com\/blog\/wp-content\/uploads\/2025\/08\/objet-deco-rose-maisons-du-monde.004-165x165.jpeg 165w, https:\/\/www.cocondedecoration.com\/blog\/wp-content\/uploads\/2025\/08\/objet-deco-rose-maisons-du-monde.004-465x465.jpeg 465w, https:\/\/www.cocondedecoration.com\/blog\/wp-content\/uploads\/2025\/08\/objet-deco-rose-maisons-du-monde.004-500x500.jpeg 500w, https:\/\/www.cocondedecoration.com\/blog\/wp-content\/uploads\/2025\/08\/objet-deco-rose-maisons-du-monde.004.jpeg 650w\" sizes=\"(max-width: 640px) 100vw, 640px\" \/><\/a><figcaption class=\"wp-element-caption\"><a href=\"https:\/\/fnty.co\/c\/r-XgoRBZLv\" target=\"_blank\" rel=\"noopener\" title=\"\">Globe terrestre carte du monde rose et dor\u00e9 <\/a>- Maisons du Monde<\/figcaption><\/figure>\n<\/div>\n\n\n\n<div class=\"wp-block-column is-layout-flow wp-block-column-is-layout-flow\">\n<figure class=\"wp-block-image size-large\"><a href=\"https:\/\/www.cocondedecoration.com\/blog\/wp-content\/uploads\/2025\/08\/objet-deco-rose-maisons-du-monde.005.jpeg\"><img loading=\"lazy\" decoding=\"async\" width=\"640\" height=\"640\" src=\"https:\/\/www.cocondedecoration.com\/blog\/wp-content\/uploads\/2025\/08\/objet-deco-rose-maisons-du-monde.005-640x640.jpeg\" alt=\" Tapis Rose 183 X 274 cm\" class=\"wp-image-84268\" title=\" Tapis Rose 183 X 274 cm\" srcset=\"https:\/\/www.cocondedecoration.com\/blog\/wp-content\/uploads\/2025\/08\/objet-deco-rose-maisons-du-monde.005-640x640.jpeg 640w, https:\/\/www.cocondedecoration.com\/blog\/wp-content\/uploads\/2025\/08\/objet-deco-rose-maisons-du-monde.005-260x260.jpeg 260w, https:\/\/www.cocondedecoration.com\/blog\/wp-content\/uploads\/2025\/08\/objet-deco-rose-maisons-du-monde.005-165x165.jpeg 165w, https:\/\/www.cocondedecoration.com\/blog\/wp-content\/uploads\/2025\/08\/objet-deco-rose-maisons-du-monde.005-465x465.jpeg 465w, https:\/\/www.cocondedecoration.com\/blog\/wp-content\/uploads\/2025\/08\/objet-deco-rose-maisons-du-monde.005-500x500.jpeg 500w, https:\/\/www.cocondedecoration.com\/blog\/wp-content\/uploads\/2025\/08\/objet-deco-rose-maisons-du-monde.005.jpeg 650w\" sizes=\"(max-width: 640px) 100vw, 640px\" \/><\/a><figcaption class=\"wp-element-caption\">\u00a0<a href=\"https:\/\/fnty.co\/c\/r-oIPzGRpK\" target=\"_blank\" rel=\"noopener\" title=\"\">Tapis Rose 183 X 274 cm<\/a> - Safavieh chez Maisons du Monde<\/figcaption><\/figure>\n<\/div>\n\n\n\n<div class=\"wp-block-column is-layout-flow wp-block-column-is-layout-flow\">\n<figure class=\"wp-block-image size-large\"><a href=\"https:\/\/www.cocondedecoration.com\/blog\/wp-content\/uploads\/2025\/08\/objet-deco-rose-maisons-du-monde.006.jpeg\"><img loading=\"lazy\" decoding=\"async\" width=\"640\" height=\"640\" src=\"https:\/\/www.cocondedecoration.com\/blog\/wp-content\/uploads\/2025\/08\/objet-deco-rose-maisons-du-monde.006-640x640.jpeg\" alt=\"Miroir rond d\u00e9coratif ondul\u00e9 en bois rose H76\" class=\"wp-image-84267\" title=\"Miroir rond d\u00e9coratif ondul\u00e9 en bois rose H76\" srcset=\"https:\/\/www.cocondedecoration.com\/blog\/wp-content\/uploads\/2025\/08\/objet-deco-rose-maisons-du-monde.006-640x640.jpeg 640w, https:\/\/www.cocondedecoration.com\/blog\/wp-content\/uploads\/2025\/08\/objet-deco-rose-maisons-du-monde.006-260x260.jpeg 260w, https:\/\/www.cocondedecoration.com\/blog\/wp-content\/uploads\/2025\/08\/objet-deco-rose-maisons-du-monde.006-165x165.jpeg 165w, https:\/\/www.cocondedecoration.com\/blog\/wp-content\/uploads\/2025\/08\/objet-deco-rose-maisons-du-monde.006-465x465.jpeg 465w, https:\/\/www.cocondedecoration.com\/blog\/wp-content\/uploads\/2025\/08\/objet-deco-rose-maisons-du-monde.006-500x500.jpeg 500w, https:\/\/www.cocondedecoration.com\/blog\/wp-content\/uploads\/2025\/08\/objet-deco-rose-maisons-du-monde.006.jpeg 650w\" sizes=\"(max-width: 640px) 100vw, 640px\" \/><\/a><figcaption class=\"wp-element-caption\"><a href=\"https:\/\/fnty.co\/c\/r-BfuJQzOY\" target=\"_blank\" rel=\"noopener\" title=\"\">Miroir rond d\u00e9coratif ondul\u00e9 en bois rose H76<\/a> - Sia d\u00e9co chez Maisons du Monde<\/figcaption><\/figure>\n<\/div>\n<\/div>\n\n\n\n<div class=\"wp-block-columns is-layout-flex wp-container-core-columns-layout-9 wp-block-columns-is-layout-flex\">\n<div class=\"wp-block-column is-layout-flow wp-block-column-is-layout-flow\">\n<figure class=\"wp-block-image size-large\"><a href=\"https:\/\/www.cocondedecoration.com\/blog\/wp-content\/uploads\/2025\/08\/accessoire-deco-rose-maisons-du-monde.005.jpeg\"><img loading=\"lazy\" decoding=\"async\" width=\"640\" height=\"960\" src=\"https:\/\/www.cocondedecoration.com\/blog\/wp-content\/uploads\/2025\/08\/accessoire-deco-rose-maisons-du-monde.005-640x960.jpeg\" alt=\"Suspension en m\u00e9tal rose \u00e9pur\u00e9\" class=\"wp-image-84256\" title=\"Suspension en m\u00e9tal rose \u00e9pur\u00e9\" srcset=\"https:\/\/www.cocondedecoration.com\/blog\/wp-content\/uploads\/2025\/08\/accessoire-deco-rose-maisons-du-monde.005-640x960.jpeg 640w, https:\/\/www.cocondedecoration.com\/blog\/wp-content\/uploads\/2025\/08\/accessoire-deco-rose-maisons-du-monde.005-260x390.jpeg 260w, https:\/\/www.cocondedecoration.com\/blog\/wp-content\/uploads\/2025\/08\/accessoire-deco-rose-maisons-du-monde.005-768x1152.jpeg 768w, https:\/\/www.cocondedecoration.com\/blog\/wp-content\/uploads\/2025\/08\/accessoire-deco-rose-maisons-du-monde.005-367x550.jpeg 367w, https:\/\/www.cocondedecoration.com\/blog\/wp-content\/uploads\/2025\/08\/accessoire-deco-rose-maisons-du-monde.005-333x500.jpeg 333w, https:\/\/www.cocondedecoration.com\/blog\/wp-content\/uploads\/2025\/08\/accessoire-deco-rose-maisons-du-monde.005.jpeg 1000w\" sizes=\"(max-width: 640px) 100vw, 640px\" \/><\/a><figcaption class=\"wp-element-caption\"><a href=\"https:\/\/fnty.co\/c\/r-tDlbDmpk\" target=\"_blank\" rel=\"noopener\" title=\"\">Suspension en m\u00e9tal rose<\/a> - Lumicom chez Maisons du Monde<\/figcaption><\/figure>\n<\/div>\n\n\n\n<div class=\"wp-block-column is-layout-flow wp-block-column-is-layout-flow\">\n<figure class=\"wp-block-image size-large\"><a href=\"https:\/\/www.cocondedecoration.com\/blog\/wp-content\/uploads\/2025\/08\/accessoire-deco-rose-maisons-du-monde.006.jpeg\"><img loading=\"lazy\" decoding=\"async\" width=\"640\" height=\"960\" src=\"https:\/\/www.cocondedecoration.com\/blog\/wp-content\/uploads\/2025\/08\/accessoire-deco-rose-maisons-du-monde.006-640x960.jpeg\" alt=\"Vase dame jeanne en verre rose 28x28x42 cm\" class=\"wp-image-84255\" title=\"Vase dame jeanne en verre rose 28x28x42 cm\" srcset=\"https:\/\/www.cocondedecoration.com\/blog\/wp-content\/uploads\/2025\/08\/accessoire-deco-rose-maisons-du-monde.006-640x960.jpeg 640w, https:\/\/www.cocondedecoration.com\/blog\/wp-content\/uploads\/2025\/08\/accessoire-deco-rose-maisons-du-monde.006-260x390.jpeg 260w, https:\/\/www.cocondedecoration.com\/blog\/wp-content\/uploads\/2025\/08\/accessoire-deco-rose-maisons-du-monde.006-768x1152.jpeg 768w, https:\/\/www.cocondedecoration.com\/blog\/wp-content\/uploads\/2025\/08\/accessoire-deco-rose-maisons-du-monde.006-367x550.jpeg 367w, https:\/\/www.cocondedecoration.com\/blog\/wp-content\/uploads\/2025\/08\/accessoire-deco-rose-maisons-du-monde.006-333x500.jpeg 333w, https:\/\/www.cocondedecoration.com\/blog\/wp-content\/uploads\/2025\/08\/accessoire-deco-rose-maisons-du-monde.006.jpeg 1000w\" sizes=\"(max-width: 640px) 100vw, 640px\" \/><\/a><figcaption class=\"wp-element-caption\"><a href=\"https:\/\/fnty.co\/c\/r-pHSuzMwe\" target=\"_blank\" rel=\"noopener\" title=\"\">Vase dame jeanne en verre rose 28x28x42 cm<\/a> - Jline chez Maisons du Monde<\/figcaption><\/figure>\n<\/div>\n<\/div>\n\n\n\n<div class=\"wp-block-columns is-layout-flex wp-container-core-columns-layout-10 wp-block-columns-is-layout-flex\">\n<div class=\"wp-block-column is-layout-flow wp-block-column-is-layout-flow\">\n<figure class=\"wp-block-image size-large\"><a href=\"https:\/\/www.cocondedecoration.com\/blog\/wp-content\/uploads\/2025\/08\/objet-deco-rose-maisons-du-monde.007.jpeg\"><img loading=\"lazy\" decoding=\"async\" width=\"640\" height=\"640\" src=\"https:\/\/www.cocondedecoration.com\/blog\/wp-content\/uploads\/2025\/08\/objet-deco-rose-maisons-du-monde.007-640x640.jpeg\" alt=\"Papier peint panoramique L\u00e9opard\" class=\"wp-image-84266\" title=\"Papier peint panoramique L\u00e9opard\" srcset=\"https:\/\/www.cocondedecoration.com\/blog\/wp-content\/uploads\/2025\/08\/objet-deco-rose-maisons-du-monde.007-640x640.jpeg 640w, https:\/\/www.cocondedecoration.com\/blog\/wp-content\/uploads\/2025\/08\/objet-deco-rose-maisons-du-monde.007-260x260.jpeg 260w, https:\/\/www.cocondedecoration.com\/blog\/wp-content\/uploads\/2025\/08\/objet-deco-rose-maisons-du-monde.007-165x165.jpeg 165w, https:\/\/www.cocondedecoration.com\/blog\/wp-content\/uploads\/2025\/08\/objet-deco-rose-maisons-du-monde.007-465x465.jpeg 465w, https:\/\/www.cocondedecoration.com\/blog\/wp-content\/uploads\/2025\/08\/objet-deco-rose-maisons-du-monde.007-500x500.jpeg 500w, https:\/\/www.cocondedecoration.com\/blog\/wp-content\/uploads\/2025\/08\/objet-deco-rose-maisons-du-monde.007.jpeg 650w\" sizes=\"(max-width: 640px) 100vw, 640px\" \/><\/a><figcaption class=\"wp-element-caption\"><a href=\"https:\/\/fnty.co\/c\/r-UHPzXIaB\" target=\"_blank\" rel=\"noopener\" title=\"\">Papier peint panoramique L\u00e9opard<\/a> - L\u00e9 Papiers de Ninon chez Maisons du Monde<\/figcaption><\/figure>\n<\/div>\n\n\n\n<div class=\"wp-block-column is-layout-flow wp-block-column-is-layout-flow\">\n<figure class=\"wp-block-image size-large\"><a href=\"https:\/\/www.cocondedecoration.com\/blog\/wp-content\/uploads\/2025\/08\/objet-deco-rose-maisons-du-monde.008.jpeg\"><img loading=\"lazy\" decoding=\"async\" width=\"640\" height=\"640\" src=\"https:\/\/www.cocondedecoration.com\/blog\/wp-content\/uploads\/2025\/08\/objet-deco-rose-maisons-du-monde.008-640x640.jpeg\" alt=\"Miroir Mural Asym\u00e9trique 70x50x4cm Rose\" class=\"wp-image-84265\" title=\"Miroir Mural Asym\u00e9trique 70x50x4cm Rose\" srcset=\"https:\/\/www.cocondedecoration.com\/blog\/wp-content\/uploads\/2025\/08\/objet-deco-rose-maisons-du-monde.008-640x640.jpeg 640w, https:\/\/www.cocondedecoration.com\/blog\/wp-content\/uploads\/2025\/08\/objet-deco-rose-maisons-du-monde.008-260x260.jpeg 260w, https:\/\/www.cocondedecoration.com\/blog\/wp-content\/uploads\/2025\/08\/objet-deco-rose-maisons-du-monde.008-165x165.jpeg 165w, https:\/\/www.cocondedecoration.com\/blog\/wp-content\/uploads\/2025\/08\/objet-deco-rose-maisons-du-monde.008-465x465.jpeg 465w, https:\/\/www.cocondedecoration.com\/blog\/wp-content\/uploads\/2025\/08\/objet-deco-rose-maisons-du-monde.008-500x500.jpeg 500w, https:\/\/www.cocondedecoration.com\/blog\/wp-content\/uploads\/2025\/08\/objet-deco-rose-maisons-du-monde.008.jpeg 650w\" sizes=\"(max-width: 640px) 100vw, 640px\" \/><\/a><figcaption class=\"wp-element-caption\"><a href=\"https:\/\/fnty.co\/c\/r-cLxxuTzs\" target=\"_blank\" rel=\"noopener\" title=\"\">Miroir Mural Asym\u00e9trique 70x50x4cm Rose<\/a> - Flamingueo chez Maisons du Monde<\/figcaption><\/figure>\n<\/div>\n\n\n\n<div class=\"wp-block-column is-layout-flow wp-block-column-is-layout-flow\">\n<figure class=\"wp-block-image size-large\"><a href=\"https:\/\/www.cocondedecoration.com\/blog\/wp-content\/uploads\/2025\/08\/objet-deco-rose-maisons-du-monde.009.jpeg\"><img loading=\"lazy\" decoding=\"async\" width=\"640\" height=\"640\" src=\"https:\/\/www.cocondedecoration.com\/blog\/wp-content\/uploads\/2025\/08\/objet-deco-rose-maisons-du-monde.009-640x640.jpeg\" alt=\"Toiles peintes marron et beiges (x3) 60x90\" class=\"wp-image-84264\" title=\"Toiles peintes marron et beiges (x3) 60x90\" srcset=\"https:\/\/www.cocondedecoration.com\/blog\/wp-content\/uploads\/2025\/08\/objet-deco-rose-maisons-du-monde.009-640x640.jpeg 640w, https:\/\/www.cocondedecoration.com\/blog\/wp-content\/uploads\/2025\/08\/objet-deco-rose-maisons-du-monde.009-260x260.jpeg 260w, https:\/\/www.cocondedecoration.com\/blog\/wp-content\/uploads\/2025\/08\/objet-deco-rose-maisons-du-monde.009-165x165.jpeg 165w, https:\/\/www.cocondedecoration.com\/blog\/wp-content\/uploads\/2025\/08\/objet-deco-rose-maisons-du-monde.009-465x465.jpeg 465w, https:\/\/www.cocondedecoration.com\/blog\/wp-content\/uploads\/2025\/08\/objet-deco-rose-maisons-du-monde.009-500x500.jpeg 500w, https:\/\/www.cocondedecoration.com\/blog\/wp-content\/uploads\/2025\/08\/objet-deco-rose-maisons-du-monde.009.jpeg 650w\" sizes=\"(max-width: 640px) 100vw, 640px\" \/><\/a><figcaption class=\"wp-element-caption\"><a href=\"https:\/\/fnty.co\/c\/r-EgVzADmF\" target=\"_blank\" rel=\"noopener\" title=\"\">Toiles peintes marron et beiges (x3) 60x90<\/a> - Maisons du Monde<\/figcaption><\/figure>\n<\/div>\n<\/div>\n\n\n\n<div class=\"wp-block-columns is-layout-flex wp-container-core-columns-layout-11 wp-block-columns-is-layout-flex\">\n<div class=\"wp-block-column is-layout-flow wp-block-column-is-layout-flow\">\n<figure class=\"wp-block-image size-large\"><a href=\"https:\/\/www.cocondedecoration.com\/blog\/wp-content\/uploads\/2025\/08\/accessoire-decoratif-couleur-rose-la-redoute.007.jpeg\"><img loading=\"lazy\" decoding=\"async\" width=\"640\" height=\"960\" src=\"https:\/\/www.cocondedecoration.com\/blog\/wp-content\/uploads\/2025\/08\/accessoire-decoratif-couleur-rose-la-redoute.007-640x960.jpeg\" alt=\"Lampe \u00e0 poser en verre color\u00e9\" class=\"wp-image-84288\" title=\"Lampe \u00e0 poser en verre color\u00e9\" srcset=\"https:\/\/www.cocondedecoration.com\/blog\/wp-content\/uploads\/2025\/08\/accessoire-decoratif-couleur-rose-la-redoute.007-640x960.jpeg 640w, https:\/\/www.cocondedecoration.com\/blog\/wp-content\/uploads\/2025\/08\/accessoire-decoratif-couleur-rose-la-redoute.007-260x390.jpeg 260w, https:\/\/www.cocondedecoration.com\/blog\/wp-content\/uploads\/2025\/08\/accessoire-decoratif-couleur-rose-la-redoute.007-768x1152.jpeg 768w, https:\/\/www.cocondedecoration.com\/blog\/wp-content\/uploads\/2025\/08\/accessoire-decoratif-couleur-rose-la-redoute.007-367x550.jpeg 367w, https:\/\/www.cocondedecoration.com\/blog\/wp-content\/uploads\/2025\/08\/accessoire-decoratif-couleur-rose-la-redoute.007-333x500.jpeg 333w, https:\/\/www.cocondedecoration.com\/blog\/wp-content\/uploads\/2025\/08\/accessoire-decoratif-couleur-rose-la-redoute.007.jpeg 1000w\" sizes=\"(max-width: 640px) 100vw, 640px\" \/><\/a><figcaption class=\"wp-element-caption\"><a href=\"https:\/\/c3po.link\/QZDS5C3thc\" target=\"_blank\" rel=\"noopener\" title=\"\">Lampe \u00e0 poser en verre color\u00e9<\/a> - La Redoute Int\u00e9rieurs <\/figcaption><\/figure>\n<\/div>\n\n\n\n<div class=\"wp-block-column is-layout-flow wp-block-column-is-layout-flow\">\n<figure class=\"wp-block-image size-large\"><a href=\"https:\/\/www.cocondedecoration.com\/blog\/wp-content\/uploads\/2025\/08\/accessoire-decoratif-couleur-rose-la-redoute.008.jpeg\"><img loading=\"lazy\" decoding=\"async\" width=\"640\" height=\"960\" src=\"https:\/\/www.cocondedecoration.com\/blog\/wp-content\/uploads\/2025\/08\/accessoire-decoratif-couleur-rose-la-redoute.008-640x960.jpeg\" alt=\"Vase d\u00e9coratif ray\u00e9 en c\u00e9ramique rose et blanc\" class=\"wp-image-84287\" title=\"Vase d\u00e9coratif ray\u00e9 en c\u00e9ramique rose et blanc\" srcset=\"https:\/\/www.cocondedecoration.com\/blog\/wp-content\/uploads\/2025\/08\/accessoire-decoratif-couleur-rose-la-redoute.008-640x960.jpeg 640w, https:\/\/www.cocondedecoration.com\/blog\/wp-content\/uploads\/2025\/08\/accessoire-decoratif-couleur-rose-la-redoute.008-260x390.jpeg 260w, https:\/\/www.cocondedecoration.com\/blog\/wp-content\/uploads\/2025\/08\/accessoire-decoratif-couleur-rose-la-redoute.008-768x1152.jpeg 768w, https:\/\/www.cocondedecoration.com\/blog\/wp-content\/uploads\/2025\/08\/accessoire-decoratif-couleur-rose-la-redoute.008-367x550.jpeg 367w, https:\/\/www.cocondedecoration.com\/blog\/wp-content\/uploads\/2025\/08\/accessoire-decoratif-couleur-rose-la-redoute.008-333x500.jpeg 333w, https:\/\/www.cocondedecoration.com\/blog\/wp-content\/uploads\/2025\/08\/accessoire-decoratif-couleur-rose-la-redoute.008.jpeg 1000w\" sizes=\"(max-width: 640px) 100vw, 640px\" \/><\/a><figcaption class=\"wp-element-caption\"><a href=\"https:\/\/c3po.link\/Qgfrzcu7k2\" target=\"_blank\" rel=\"noopener\" title=\"\">Vase d\u00e9coratif ray\u00e9 en c\u00e9ramique<\/a> - Potiron Paris chez La Redoute<\/figcaption><\/figure>\n<\/div>\n<\/div>\n\n\n\n<div class=\"wp-block-columns is-layout-flex wp-container-core-columns-layout-12 wp-block-columns-is-layout-flex\">\n<div class=\"wp-block-column is-layout-flow wp-block-column-is-layout-flow\">\n<figure class=\"wp-block-image size-large\"><a href=\"https:\/\/www.cocondedecoration.com\/blog\/wp-content\/uploads\/2025\/08\/parure-de-lit-rose-blancheporte.003.jpeg\"><img loading=\"lazy\" decoding=\"async\" width=\"640\" height=\"960\" src=\"https:\/\/www.cocondedecoration.com\/blog\/wp-content\/uploads\/2025\/08\/parure-de-lit-rose-blancheporte.003-640x960.jpeg\" alt=\"Linge de lit Kelly en coton imprim\u00e9 floral couleur bois de rose \" class=\"wp-image-84275\" title=\"Linge de lit Kelly en coton imprim\u00e9 floral couleur bois de rose \" srcset=\"https:\/\/www.cocondedecoration.com\/blog\/wp-content\/uploads\/2025\/08\/parure-de-lit-rose-blancheporte.003-640x960.jpeg 640w, https:\/\/www.cocondedecoration.com\/blog\/wp-content\/uploads\/2025\/08\/parure-de-lit-rose-blancheporte.003-260x390.jpeg 260w, https:\/\/www.cocondedecoration.com\/blog\/wp-content\/uploads\/2025\/08\/parure-de-lit-rose-blancheporte.003-768x1152.jpeg 768w, https:\/\/www.cocondedecoration.com\/blog\/wp-content\/uploads\/2025\/08\/parure-de-lit-rose-blancheporte.003-367x550.jpeg 367w, https:\/\/www.cocondedecoration.com\/blog\/wp-content\/uploads\/2025\/08\/parure-de-lit-rose-blancheporte.003-333x500.jpeg 333w, https:\/\/www.cocondedecoration.com\/blog\/wp-content\/uploads\/2025\/08\/parure-de-lit-rose-blancheporte.003.jpeg 1000w\" sizes=\"(max-width: 640px) 100vw, 640px\" \/><\/a><figcaption class=\"wp-element-caption\"><a href=\"https:\/\/fnty.co\/c\/r-kBYGVnQy\" target=\"_blank\" rel=\"noopener\" title=\"\">Linge de lit Kelly en coton imprim\u00e9 floral couleur bois de rose<\/a> - Blancheporte<\/figcaption><\/figure>\n<\/div>\n\n\n\n<div class=\"wp-block-column is-layout-flow wp-block-column-is-layout-flow\">\n<figure class=\"wp-block-image size-large\"><a href=\"https:\/\/www.cocondedecoration.com\/blog\/wp-content\/uploads\/2025\/08\/parure-de-lit-rose-blancheporte.004.jpeg\"><img loading=\"lazy\" decoding=\"async\" width=\"640\" height=\"960\" src=\"https:\/\/www.cocondedecoration.com\/blog\/wp-content\/uploads\/2025\/08\/parure-de-lit-rose-blancheporte.004-640x960.jpeg\" alt=\"Linge de lit uni percale rose poudr\u00e9 \" class=\"wp-image-84276\" title=\"Linge de lit uni percale rose poudr\u00e9 \" srcset=\"https:\/\/www.cocondedecoration.com\/blog\/wp-content\/uploads\/2025\/08\/parure-de-lit-rose-blancheporte.004-640x960.jpeg 640w, https:\/\/www.cocondedecoration.com\/blog\/wp-content\/uploads\/2025\/08\/parure-de-lit-rose-blancheporte.004-260x390.jpeg 260w, https:\/\/www.cocondedecoration.com\/blog\/wp-content\/uploads\/2025\/08\/parure-de-lit-rose-blancheporte.004-768x1152.jpeg 768w, https:\/\/www.cocondedecoration.com\/blog\/wp-content\/uploads\/2025\/08\/parure-de-lit-rose-blancheporte.004-367x550.jpeg 367w, https:\/\/www.cocondedecoration.com\/blog\/wp-content\/uploads\/2025\/08\/parure-de-lit-rose-blancheporte.004-333x500.jpeg 333w, https:\/\/www.cocondedecoration.com\/blog\/wp-content\/uploads\/2025\/08\/parure-de-lit-rose-blancheporte.004.jpeg 1000w\" sizes=\"(max-width: 640px) 100vw, 640px\" \/><\/a><figcaption class=\"wp-element-caption\"><a href=\"https:\/\/fnty.co\/c\/r-mIgRMIUX\" target=\"_blank\" rel=\"noopener\" title=\"\">Linge de lit uni percale rose poudr\u00e9<\/a> - Blancheporte<\/figcaption><\/figure>\n<\/div>\n<\/div>\n\n\n\n<div class=\"wp-block-columns is-layout-flex wp-container-core-columns-layout-13 wp-block-columns-is-layout-flex\">\n<div class=\"wp-block-column is-layout-flow wp-block-column-is-layout-flow\">\n<figure class=\"wp-block-image size-large\"><a href=\"https:\/\/www.cocondedecoration.com\/blog\/wp-content\/uploads\/2025\/08\/objet-deco-rose-la-redoute.007.jpeg\"><img loading=\"lazy\" decoding=\"async\" width=\"640\" height=\"640\" src=\"https:\/\/www.cocondedecoration.com\/blog\/wp-content\/uploads\/2025\/08\/objet-deco-rose-la-redoute.007-640x640.jpeg\" alt=\"Housse de couette unie en gaze de coton rose pivoine \" class=\"wp-image-84297\" title=\"Housse de couette unie en gaze de coton rose pivoine \" srcset=\"https:\/\/www.cocondedecoration.com\/blog\/wp-content\/uploads\/2025\/08\/objet-deco-rose-la-redoute.007-640x640.jpeg 640w, https:\/\/www.cocondedecoration.com\/blog\/wp-content\/uploads\/2025\/08\/objet-deco-rose-la-redoute.007-260x260.jpeg 260w, https:\/\/www.cocondedecoration.com\/blog\/wp-content\/uploads\/2025\/08\/objet-deco-rose-la-redoute.007-165x165.jpeg 165w, https:\/\/www.cocondedecoration.com\/blog\/wp-content\/uploads\/2025\/08\/objet-deco-rose-la-redoute.007-465x465.jpeg 465w, https:\/\/www.cocondedecoration.com\/blog\/wp-content\/uploads\/2025\/08\/objet-deco-rose-la-redoute.007-500x500.jpeg 500w, https:\/\/www.cocondedecoration.com\/blog\/wp-content\/uploads\/2025\/08\/objet-deco-rose-la-redoute.007.jpeg 650w\" sizes=\"(max-width: 640px) 100vw, 640px\" \/><\/a><figcaption class=\"wp-element-caption\"><a href=\"https:\/\/c3po.link\/Qs4MJtA5Yz\" target=\"_blank\" rel=\"noopener\" title=\"\">Housse de couette unie en gaze de coton rose pivoine<\/a> - La Redoute Int\u00e9rieurs<\/figcaption><\/figure>\n<\/div>\n\n\n\n<div class=\"wp-block-column is-layout-flow wp-block-column-is-layout-flow\">\n<figure class=\"wp-block-image size-large\"><a href=\"https:\/\/www.cocondedecoration.com\/blog\/wp-content\/uploads\/2025\/08\/objet-deco-rose-la-redoute.008.jpeg\"><img loading=\"lazy\" decoding=\"async\" width=\"640\" height=\"640\" src=\"https:\/\/www.cocondedecoration.com\/blog\/wp-content\/uploads\/2025\/08\/objet-deco-rose-la-redoute.008-640x640.jpeg\" alt=\"Cache-pot gr\u00e8s organique design \" class=\"wp-image-84296\" title=\"Cache-pot gr\u00e8s organique design \" srcset=\"https:\/\/www.cocondedecoration.com\/blog\/wp-content\/uploads\/2025\/08\/objet-deco-rose-la-redoute.008-640x640.jpeg 640w, https:\/\/www.cocondedecoration.com\/blog\/wp-content\/uploads\/2025\/08\/objet-deco-rose-la-redoute.008-260x260.jpeg 260w, https:\/\/www.cocondedecoration.com\/blog\/wp-content\/uploads\/2025\/08\/objet-deco-rose-la-redoute.008-165x165.jpeg 165w, https:\/\/www.cocondedecoration.com\/blog\/wp-content\/uploads\/2025\/08\/objet-deco-rose-la-redoute.008-465x465.jpeg 465w, https:\/\/www.cocondedecoration.com\/blog\/wp-content\/uploads\/2025\/08\/objet-deco-rose-la-redoute.008-500x500.jpeg 500w, https:\/\/www.cocondedecoration.com\/blog\/wp-content\/uploads\/2025\/08\/objet-deco-rose-la-redoute.008.jpeg 650w\" sizes=\"(max-width: 640px) 100vw, 640px\" \/><\/a><figcaption class=\"wp-element-caption\"><a href=\"https:\/\/c3po.link\/QhpK6ButFf\" target=\"_blank\" rel=\"noopener\" title=\"\">Cache-pot gr\u00e8s organique<\/a> - Bloomingville chez La Redoute<\/figcaption><\/figure>\n<\/div>\n\n\n\n<div class=\"wp-block-column is-layout-flow wp-block-column-is-layout-flow\">\n<figure class=\"wp-block-image size-large\"><a href=\"https:\/\/www.cocondedecoration.com\/blog\/wp-content\/uploads\/2025\/08\/objet-deco-rose-la-redoute.009.jpeg\"><img loading=\"lazy\" decoding=\"async\" width=\"640\" height=\"640\" src=\"https:\/\/www.cocondedecoration.com\/blog\/wp-content\/uploads\/2025\/08\/objet-deco-rose-la-redoute.009-640x640.jpeg\" alt=\"Petit vase femme gr\u00e8s\" class=\"wp-image-84295\" title=\"Petit vase femme gr\u00e8s\" srcset=\"https:\/\/www.cocondedecoration.com\/blog\/wp-content\/uploads\/2025\/08\/objet-deco-rose-la-redoute.009-640x640.jpeg 640w, https:\/\/www.cocondedecoration.com\/blog\/wp-content\/uploads\/2025\/08\/objet-deco-rose-la-redoute.009-260x260.jpeg 260w, https:\/\/www.cocondedecoration.com\/blog\/wp-content\/uploads\/2025\/08\/objet-deco-rose-la-redoute.009-165x165.jpeg 165w, https:\/\/www.cocondedecoration.com\/blog\/wp-content\/uploads\/2025\/08\/objet-deco-rose-la-redoute.009-465x465.jpeg 465w, https:\/\/www.cocondedecoration.com\/blog\/wp-content\/uploads\/2025\/08\/objet-deco-rose-la-redoute.009-500x500.jpeg 500w, https:\/\/www.cocondedecoration.com\/blog\/wp-content\/uploads\/2025\/08\/objet-deco-rose-la-redoute.009.jpeg 650w\" sizes=\"(max-width: 640px) 100vw, 640px\" \/><\/a><figcaption class=\"wp-element-caption\"><a href=\"https:\/\/c3po.link\/QNHMbQQrV3\" target=\"_blank\" rel=\"noopener\" title=\"\">Petit vase femme gr\u00e8s<\/a> - Bloomingville chez La Redoute<\/figcaption><\/figure>\n<\/div>\n<\/div>\n\n\n\n<div class=\"wp-block-columns is-layout-flex wp-container-core-columns-layout-14 wp-block-columns-is-layout-flex\">\n<div class=\"wp-block-column is-layout-flow wp-block-column-is-layout-flow\">\n<figure class=\"wp-block-image size-large\"><a href=\"https:\/\/www.cocondedecoration.com\/blog\/wp-content\/uploads\/2025\/08\/accessoire-decoratif-couleur-rose-la-redoute.009.jpeg\"><img loading=\"lazy\" decoding=\"async\" width=\"640\" height=\"960\" src=\"https:\/\/www.cocondedecoration.com\/blog\/wp-content\/uploads\/2025\/08\/accessoire-decoratif-couleur-rose-la-redoute.009-640x960.jpeg\" alt=\"Housse de coussin Carina \" class=\"wp-image-84286\" srcset=\"https:\/\/www.cocondedecoration.com\/blog\/wp-content\/uploads\/2025\/08\/accessoire-decoratif-couleur-rose-la-redoute.009-640x960.jpeg 640w, https:\/\/www.cocondedecoration.com\/blog\/wp-content\/uploads\/2025\/08\/accessoire-decoratif-couleur-rose-la-redoute.009-260x390.jpeg 260w, https:\/\/www.cocondedecoration.com\/blog\/wp-content\/uploads\/2025\/08\/accessoire-decoratif-couleur-rose-la-redoute.009-768x1152.jpeg 768w, https:\/\/www.cocondedecoration.com\/blog\/wp-content\/uploads\/2025\/08\/accessoire-decoratif-couleur-rose-la-redoute.009-367x550.jpeg 367w, https:\/\/www.cocondedecoration.com\/blog\/wp-content\/uploads\/2025\/08\/accessoire-decoratif-couleur-rose-la-redoute.009-333x500.jpeg 333w, https:\/\/www.cocondedecoration.com\/blog\/wp-content\/uploads\/2025\/08\/accessoire-decoratif-couleur-rose-la-redoute.009.jpeg 1000w\" sizes=\"(max-width: 640px) 100vw, 640px\" \/><\/a><figcaption class=\"wp-element-caption\"><a href=\"https:\/\/c3po.link\/QRRWA2DTEC\" target=\"_blank\" rel=\"noopener\" title=\"\">Housse de coussin Carina<\/a>\u00a0- Dutch decor chez La Redoute<\/figcaption><\/figure>\n<\/div>\n\n\n\n<div class=\"wp-block-column is-layout-flow wp-block-column-is-layout-flow\">\n<figure class=\"wp-block-image size-large\"><a href=\"https:\/\/www.cocondedecoration.com\/blog\/wp-content\/uploads\/2025\/08\/accessoire-decoratif-couleur-rose-la-redoute.010.jpeg\"><img loading=\"lazy\" decoding=\"async\" width=\"640\" height=\"960\" src=\"https:\/\/www.cocondedecoration.com\/blog\/wp-content\/uploads\/2025\/08\/accessoire-decoratif-couleur-rose-la-redoute.010-640x960.jpeg\" alt=\"Housse de couette coton imprim\u00e9 Nude \" class=\"wp-image-84285\" title=\"Housse de couette coton imprim\u00e9 Nude \" srcset=\"https:\/\/www.cocondedecoration.com\/blog\/wp-content\/uploads\/2025\/08\/accessoire-decoratif-couleur-rose-la-redoute.010-640x960.jpeg 640w, https:\/\/www.cocondedecoration.com\/blog\/wp-content\/uploads\/2025\/08\/accessoire-decoratif-couleur-rose-la-redoute.010-260x390.jpeg 260w, https:\/\/www.cocondedecoration.com\/blog\/wp-content\/uploads\/2025\/08\/accessoire-decoratif-couleur-rose-la-redoute.010-768x1152.jpeg 768w, https:\/\/www.cocondedecoration.com\/blog\/wp-content\/uploads\/2025\/08\/accessoire-decoratif-couleur-rose-la-redoute.010-367x550.jpeg 367w, https:\/\/www.cocondedecoration.com\/blog\/wp-content\/uploads\/2025\/08\/accessoire-decoratif-couleur-rose-la-redoute.010-333x500.jpeg 333w, https:\/\/www.cocondedecoration.com\/blog\/wp-content\/uploads\/2025\/08\/accessoire-decoratif-couleur-rose-la-redoute.010.jpeg 1000w\" sizes=\"(max-width: 640px) 100vw, 640px\" \/><\/a><figcaption class=\"wp-element-caption\"><a href=\"https:\/\/c3po.link\/nmJknyb5Xy\" target=\"_blank\" rel=\"noopener\" title=\"\">Housse de couette coton imprim\u00e9 Nude<\/a> - La Redoute Int\u00e9rieurs<\/figcaption><\/figure>\n<\/div>\n<\/div>\n\n\n\n<div class=\"wp-block-columns is-layout-flex wp-container-core-columns-layout-15 wp-block-columns-is-layout-flex\">\n<div class=\"wp-block-column is-layout-flow wp-block-column-is-layout-flow\">\n<figure class=\"wp-block-image size-large\"><a href=\"https:\/\/www.cocondedecoration.com\/blog\/wp-content\/uploads\/2025\/08\/accessoire-deco-rose-maisons-du-monde.007.jpeg\"><img loading=\"lazy\" decoding=\"async\" width=\"640\" height=\"960\" src=\"https:\/\/www.cocondedecoration.com\/blog\/wp-content\/uploads\/2025\/08\/accessoire-deco-rose-maisons-du-monde.007-640x960.jpeg\" alt=\"Lampe en c\u00e9ramique vieux rose et abat-jour en polyester recycl\u00e9 beige cr\u00e8me\" class=\"wp-image-84254\" title=\"Lampe en c\u00e9ramique vieux rose et abat-jour en polyester recycl\u00e9 beige cr\u00e8me\" srcset=\"https:\/\/www.cocondedecoration.com\/blog\/wp-content\/uploads\/2025\/08\/accessoire-deco-rose-maisons-du-monde.007-640x960.jpeg 640w, https:\/\/www.cocondedecoration.com\/blog\/wp-content\/uploads\/2025\/08\/accessoire-deco-rose-maisons-du-monde.007-260x390.jpeg 260w, https:\/\/www.cocondedecoration.com\/blog\/wp-content\/uploads\/2025\/08\/accessoire-deco-rose-maisons-du-monde.007-768x1152.jpeg 768w, https:\/\/www.cocondedecoration.com\/blog\/wp-content\/uploads\/2025\/08\/accessoire-deco-rose-maisons-du-monde.007-367x550.jpeg 367w, https:\/\/www.cocondedecoration.com\/blog\/wp-content\/uploads\/2025\/08\/accessoire-deco-rose-maisons-du-monde.007-333x500.jpeg 333w, https:\/\/www.cocondedecoration.com\/blog\/wp-content\/uploads\/2025\/08\/accessoire-deco-rose-maisons-du-monde.007.jpeg 1000w\" sizes=\"(max-width: 640px) 100vw, 640px\" \/><\/a><figcaption class=\"wp-element-caption\"><a href=\"https:\/\/fnty.co\/c\/r-dPsJnhDz\" target=\"_blank\" rel=\"noopener\" title=\"\">Lampe en c\u00e9ramique vieux rose et abat-jour en polyester recycl\u00e9 beige cr\u00e8me<\/a> - Maisons du Monde<\/figcaption><\/figure>\n<\/div>\n\n\n\n<div class=\"wp-block-column is-layout-flow wp-block-column-is-layout-flow\">\n<figure class=\"wp-block-image size-large\"><a href=\"https:\/\/www.cocondedecoration.com\/blog\/wp-content\/uploads\/2025\/08\/accessoire-deco-rose-maisons-du-monde.008.jpeg\"><img loading=\"lazy\" decoding=\"async\" width=\"640\" height=\"960\" src=\"https:\/\/www.cocondedecoration.com\/blog\/wp-content\/uploads\/2025\/08\/accessoire-deco-rose-maisons-du-monde.008-640x960.jpeg\" alt=\"Vase rose-violet et jaune ambr\u00e9 en verre H25\" class=\"wp-image-84253\" title=\"Vase rose-violet et jaune ambr\u00e9 en verre H25\" srcset=\"https:\/\/www.cocondedecoration.com\/blog\/wp-content\/uploads\/2025\/08\/accessoire-deco-rose-maisons-du-monde.008-640x960.jpeg 640w, https:\/\/www.cocondedecoration.com\/blog\/wp-content\/uploads\/2025\/08\/accessoire-deco-rose-maisons-du-monde.008-260x390.jpeg 260w, https:\/\/www.cocondedecoration.com\/blog\/wp-content\/uploads\/2025\/08\/accessoire-deco-rose-maisons-du-monde.008-768x1152.jpeg 768w, https:\/\/www.cocondedecoration.com\/blog\/wp-content\/uploads\/2025\/08\/accessoire-deco-rose-maisons-du-monde.008-367x550.jpeg 367w, https:\/\/www.cocondedecoration.com\/blog\/wp-content\/uploads\/2025\/08\/accessoire-deco-rose-maisons-du-monde.008-333x500.jpeg 333w, https:\/\/www.cocondedecoration.com\/blog\/wp-content\/uploads\/2025\/08\/accessoire-deco-rose-maisons-du-monde.008.jpeg 1000w\" sizes=\"(max-width: 640px) 100vw, 640px\" \/><\/a><figcaption class=\"wp-element-caption\"><a href=\"https:\/\/fnty.co\/c\/r-sABUVros\" target=\"_blank\" rel=\"noopener\" title=\"\">Vase rose-violet et jaune ambr\u00e9 en verre H25 <\/a>- Kare Design chez Maisons du Monde<\/figcaption><\/figure>\n<\/div>\n<\/div>\n\n\n\n<div class=\"wp-block-columns is-layout-flex wp-container-core-columns-layout-16 wp-block-columns-is-layout-flex\">\n<div class=\"wp-block-column is-layout-flow wp-block-column-is-layout-flow\">\n<figure class=\"wp-block-image size-large\"><a href=\"https:\/\/www.cocondedecoration.com\/blog\/wp-content\/uploads\/2025\/08\/accessoire-decoratif-couleur-rose-la-redoute.011.jpeg\"><img loading=\"lazy\" decoding=\"async\" width=\"640\" height=\"960\" src=\"https:\/\/www.cocondedecoration.com\/blog\/wp-content\/uploads\/2025\/08\/accessoire-decoratif-couleur-rose-la-redoute.011-640x960.jpeg\" alt=\"Voilage gaze de coton\/lin\" class=\"wp-image-84284\" title=\"Voilage gaze de coton\/lin\" srcset=\"https:\/\/www.cocondedecoration.com\/blog\/wp-content\/uploads\/2025\/08\/accessoire-decoratif-couleur-rose-la-redoute.011-640x960.jpeg 640w, https:\/\/www.cocondedecoration.com\/blog\/wp-content\/uploads\/2025\/08\/accessoire-decoratif-couleur-rose-la-redoute.011-260x390.jpeg 260w, https:\/\/www.cocondedecoration.com\/blog\/wp-content\/uploads\/2025\/08\/accessoire-decoratif-couleur-rose-la-redoute.011-768x1152.jpeg 768w, https:\/\/www.cocondedecoration.com\/blog\/wp-content\/uploads\/2025\/08\/accessoire-decoratif-couleur-rose-la-redoute.011-367x550.jpeg 367w, https:\/\/www.cocondedecoration.com\/blog\/wp-content\/uploads\/2025\/08\/accessoire-decoratif-couleur-rose-la-redoute.011-333x500.jpeg 333w, https:\/\/www.cocondedecoration.com\/blog\/wp-content\/uploads\/2025\/08\/accessoire-decoratif-couleur-rose-la-redoute.011.jpeg 1000w\" sizes=\"(max-width: 640px) 100vw, 640px\" \/><\/a><figcaption class=\"wp-element-caption\"><a href=\"https:\/\/c3po.link\/nn2vCwrj9t\" target=\"_blank\" rel=\"noopener\" title=\"\">Voilage gaze de coton\/lin<\/a> - AMPM<\/figcaption><\/figure>\n<\/div>\n\n\n\n<div class=\"wp-block-column is-layout-flow wp-block-column-is-layout-flow\">\n<figure class=\"wp-block-image size-large\"><a href=\"https:\/\/www.cocondedecoration.com\/blog\/wp-content\/uploads\/2025\/08\/accessoire-decoratif-couleur-rose-la-redoute.012.jpeg\"><img loading=\"lazy\" decoding=\"async\" width=\"640\" height=\"960\" src=\"https:\/\/www.cocondedecoration.com\/blog\/wp-content\/uploads\/2025\/08\/accessoire-decoratif-couleur-rose-la-redoute.012-640x960.jpeg\" alt=\"Vase Nek Petit PERLEMOR\" class=\"wp-image-84283\" title=\"Vase Nek Petit PERLEMOR\" srcset=\"https:\/\/www.cocondedecoration.com\/blog\/wp-content\/uploads\/2025\/08\/accessoire-decoratif-couleur-rose-la-redoute.012-640x960.jpeg 640w, https:\/\/www.cocondedecoration.com\/blog\/wp-content\/uploads\/2025\/08\/accessoire-decoratif-couleur-rose-la-redoute.012-260x390.jpeg 260w, https:\/\/www.cocondedecoration.com\/blog\/wp-content\/uploads\/2025\/08\/accessoire-decoratif-couleur-rose-la-redoute.012-768x1152.jpeg 768w, https:\/\/www.cocondedecoration.com\/blog\/wp-content\/uploads\/2025\/08\/accessoire-decoratif-couleur-rose-la-redoute.012-367x550.jpeg 367w, https:\/\/www.cocondedecoration.com\/blog\/wp-content\/uploads\/2025\/08\/accessoire-decoratif-couleur-rose-la-redoute.012-333x500.jpeg 333w, https:\/\/www.cocondedecoration.com\/blog\/wp-content\/uploads\/2025\/08\/accessoire-decoratif-couleur-rose-la-redoute.012.jpeg 1000w\" sizes=\"(max-width: 640px) 100vw, 640px\" \/><\/a><figcaption class=\"wp-element-caption\"><a href=\"https:\/\/c3po.link\/QktQnbKMNH\" target=\"_blank\" rel=\"noopener\" title=\"\">Vase Nek Petit PERLEMOR <\/a>- Like by Villeroy &amp; Boch chez La Redoute<\/figcaption><\/figure>\n<\/div>\n<\/div>\n\n\n\n<div class=\"wp-block-columns is-layout-flex wp-container-core-columns-layout-17 wp-block-columns-is-layout-flex\">\n<div class=\"wp-block-column is-layout-flow wp-block-column-is-layout-flow\">\n<figure class=\"wp-block-image size-large\"><a href=\"https:\/\/www.cocondedecoration.com\/blog\/wp-content\/uploads\/2025\/08\/objet-deco-rose-la-redoute.004.jpeg\"><img loading=\"lazy\" decoding=\"async\" width=\"640\" height=\"640\" src=\"https:\/\/www.cocondedecoration.com\/blog\/wp-content\/uploads\/2025\/08\/objet-deco-rose-la-redoute.004-640x640.jpeg\" alt=\"Housse de couette pur coton imprim\u00e9 pois\" class=\"wp-image-84300\" title=\"Housse de couette pur coton imprim\u00e9 pois\" srcset=\"https:\/\/www.cocondedecoration.com\/blog\/wp-content\/uploads\/2025\/08\/objet-deco-rose-la-redoute.004-640x640.jpeg 640w, https:\/\/www.cocondedecoration.com\/blog\/wp-content\/uploads\/2025\/08\/objet-deco-rose-la-redoute.004-260x260.jpeg 260w, https:\/\/www.cocondedecoration.com\/blog\/wp-content\/uploads\/2025\/08\/objet-deco-rose-la-redoute.004-165x165.jpeg 165w, https:\/\/www.cocondedecoration.com\/blog\/wp-content\/uploads\/2025\/08\/objet-deco-rose-la-redoute.004-465x465.jpeg 465w, https:\/\/www.cocondedecoration.com\/blog\/wp-content\/uploads\/2025\/08\/objet-deco-rose-la-redoute.004-500x500.jpeg 500w, https:\/\/www.cocondedecoration.com\/blog\/wp-content\/uploads\/2025\/08\/objet-deco-rose-la-redoute.004.jpeg 650w\" sizes=\"(max-width: 640px) 100vw, 640px\" \/><\/a><figcaption class=\"wp-element-caption\"><a href=\"https:\/\/c3po.link\/QPRdwNVF2Q\" target=\"_blank\" rel=\"noopener\" title=\"\">Housse de couette pur coton imprim\u00e9 pois<\/a> - La Redoute Int\u00e9rieurs <\/figcaption><\/figure>\n<\/div>\n\n\n\n<div class=\"wp-block-column is-layout-flow wp-block-column-is-layout-flow\">\n<figure class=\"wp-block-image size-large\"><a href=\"https:\/\/www.cocondedecoration.com\/blog\/wp-content\/uploads\/2025\/08\/objet-deco-rose-la-redoute.005.jpeg\"><img loading=\"lazy\" decoding=\"async\" width=\"640\" height=\"640\" src=\"https:\/\/www.cocondedecoration.com\/blog\/wp-content\/uploads\/2025\/08\/objet-deco-rose-la-redoute.005-640x640.jpeg\" alt=\"Housse de couette unie coton biologique Bois de rose\" class=\"wp-image-84299\" title=\"Housse de couette unie coton biologique Bois de rose\" srcset=\"https:\/\/www.cocondedecoration.com\/blog\/wp-content\/uploads\/2025\/08\/objet-deco-rose-la-redoute.005-640x640.jpeg 640w, https:\/\/www.cocondedecoration.com\/blog\/wp-content\/uploads\/2025\/08\/objet-deco-rose-la-redoute.005-260x260.jpeg 260w, https:\/\/www.cocondedecoration.com\/blog\/wp-content\/uploads\/2025\/08\/objet-deco-rose-la-redoute.005-165x165.jpeg 165w, https:\/\/www.cocondedecoration.com\/blog\/wp-content\/uploads\/2025\/08\/objet-deco-rose-la-redoute.005-465x465.jpeg 465w, https:\/\/www.cocondedecoration.com\/blog\/wp-content\/uploads\/2025\/08\/objet-deco-rose-la-redoute.005-500x500.jpeg 500w, https:\/\/www.cocondedecoration.com\/blog\/wp-content\/uploads\/2025\/08\/objet-deco-rose-la-redoute.005.jpeg 650w\" sizes=\"(max-width: 640px) 100vw, 640px\" \/><\/a><figcaption class=\"wp-element-caption\"><a href=\"https:\/\/c3po.link\/QevRPseU4A\" target=\"_blank\" rel=\"noopener\" title=\"\">Housse de couette unie coton biologique Bois de rose<\/a> - La Redoute Int\u00e9rieurs <\/figcaption><\/figure>\n<\/div>\n\n\n\n<div class=\"wp-block-column is-layout-flow wp-block-column-is-layout-flow\">\n<figure class=\"wp-block-image size-large\"><a href=\"https:\/\/www.cocondedecoration.com\/blog\/wp-content\/uploads\/2025\/08\/objet-deco-rose-la-redoute.006.jpeg\"><img loading=\"lazy\" decoding=\"async\" width=\"640\" height=\"640\" src=\"https:\/\/www.cocondedecoration.com\/blog\/wp-content\/uploads\/2025\/08\/objet-deco-rose-la-redoute.006-640x640.jpeg\" alt=\"Tableau floral aquarelle rose et beige\" class=\"wp-image-84298\" title=\"Tableau floral aquarelle rose et beige\" srcset=\"https:\/\/www.cocondedecoration.com\/blog\/wp-content\/uploads\/2025\/08\/objet-deco-rose-la-redoute.006-640x640.jpeg 640w, https:\/\/www.cocondedecoration.com\/blog\/wp-content\/uploads\/2025\/08\/objet-deco-rose-la-redoute.006-260x260.jpeg 260w, https:\/\/www.cocondedecoration.com\/blog\/wp-content\/uploads\/2025\/08\/objet-deco-rose-la-redoute.006-165x165.jpeg 165w, https:\/\/www.cocondedecoration.com\/blog\/wp-content\/uploads\/2025\/08\/objet-deco-rose-la-redoute.006-465x465.jpeg 465w, https:\/\/www.cocondedecoration.com\/blog\/wp-content\/uploads\/2025\/08\/objet-deco-rose-la-redoute.006-500x500.jpeg 500w, https:\/\/www.cocondedecoration.com\/blog\/wp-content\/uploads\/2025\/08\/objet-deco-rose-la-redoute.006.jpeg 650w\" sizes=\"(max-width: 640px) 100vw, 640px\" \/><\/a><figcaption class=\"wp-element-caption\"><a href=\"https:\/\/c3po.link\/QpjzMEkpbF\" target=\"_blank\" rel=\"noopener\" title=\"\">Tableau floral aquarelle rose et beige<\/a> - Pier Import chez La Redoute<\/figcaption><\/figure>\n<\/div>\n<\/div>\n\n\n\n<div class=\"wp-block-columns is-layout-flex wp-container-core-columns-layout-18 wp-block-columns-is-layout-flex\">\n<div class=\"wp-block-column is-layout-flow wp-block-column-is-layout-flow\">\n<figure class=\"wp-block-image size-large\"><a href=\"https:\/\/www.cocondedecoration.com\/blog\/wp-content\/uploads\/2025\/08\/accessoire-deco-rose-maisons-du-monde.009.jpeg\"><img loading=\"lazy\" decoding=\"async\" width=\"640\" height=\"960\" src=\"https:\/\/www.cocondedecoration.com\/blog\/wp-content\/uploads\/2025\/08\/accessoire-deco-rose-maisons-du-monde.009-640x960.jpeg\" alt=\"Fauteuil en velours rose et acier dor\u00e9\" class=\"wp-image-84252\" title=\"Fauteuil en velours rose et acier dor\u00e9\" srcset=\"https:\/\/www.cocondedecoration.com\/blog\/wp-content\/uploads\/2025\/08\/accessoire-deco-rose-maisons-du-monde.009-640x960.jpeg 640w, https:\/\/www.cocondedecoration.com\/blog\/wp-content\/uploads\/2025\/08\/accessoire-deco-rose-maisons-du-monde.009-260x390.jpeg 260w, https:\/\/www.cocondedecoration.com\/blog\/wp-content\/uploads\/2025\/08\/accessoire-deco-rose-maisons-du-monde.009-768x1152.jpeg 768w, https:\/\/www.cocondedecoration.com\/blog\/wp-content\/uploads\/2025\/08\/accessoire-deco-rose-maisons-du-monde.009-367x550.jpeg 367w, https:\/\/www.cocondedecoration.com\/blog\/wp-content\/uploads\/2025\/08\/accessoire-deco-rose-maisons-du-monde.009-333x500.jpeg 333w, https:\/\/www.cocondedecoration.com\/blog\/wp-content\/uploads\/2025\/08\/accessoire-deco-rose-maisons-du-monde.009.jpeg 1000w\" sizes=\"(max-width: 640px) 100vw, 640px\" \/><\/a><figcaption class=\"wp-element-caption\"><a href=\"https:\/\/fnty.co\/c\/r-sutjDaJB\" target=\"_blank\" rel=\"noopener\" title=\"\">Fauteuil en velours rose et acier dor\u00e9<\/a> - Kare Design chez Maisons du Monde<\/figcaption><\/figure>\n<\/div>\n\n\n\n<div class=\"wp-block-column is-layout-flow wp-block-column-is-layout-flow\">\n<figure class=\"wp-block-image size-large\"><a href=\"https:\/\/www.cocondedecoration.com\/blog\/wp-content\/uploads\/2025\/08\/accessoire-deco-rose-maisons-du-monde.010.jpeg\"><img loading=\"lazy\" decoding=\"async\" width=\"640\" height=\"960\" src=\"https:\/\/www.cocondedecoration.com\/blog\/wp-content\/uploads\/2025\/08\/accessoire-deco-rose-maisons-du-monde.010-640x960.jpeg\" alt=\"Suspension en m\u00e9tal rose 4 abat-jours\" class=\"wp-image-84251\" title=\"Suspension en m\u00e9tal rose 4 abat-jours\" srcset=\"https:\/\/www.cocondedecoration.com\/blog\/wp-content\/uploads\/2025\/08\/accessoire-deco-rose-maisons-du-monde.010-640x960.jpeg 640w, https:\/\/www.cocondedecoration.com\/blog\/wp-content\/uploads\/2025\/08\/accessoire-deco-rose-maisons-du-monde.010-260x390.jpeg 260w, https:\/\/www.cocondedecoration.com\/blog\/wp-content\/uploads\/2025\/08\/accessoire-deco-rose-maisons-du-monde.010-768x1152.jpeg 768w, https:\/\/www.cocondedecoration.com\/blog\/wp-content\/uploads\/2025\/08\/accessoire-deco-rose-maisons-du-monde.010-367x550.jpeg 367w, https:\/\/www.cocondedecoration.com\/blog\/wp-content\/uploads\/2025\/08\/accessoire-deco-rose-maisons-du-monde.010-333x500.jpeg 333w, https:\/\/www.cocondedecoration.com\/blog\/wp-content\/uploads\/2025\/08\/accessoire-deco-rose-maisons-du-monde.010.jpeg 1000w\" sizes=\"(max-width: 640px) 100vw, 640px\" \/><\/a><figcaption class=\"wp-element-caption\"><a href=\"https:\/\/fnty.co\/c\/r-xBoDPlrT\" target=\"_blank\" rel=\"noopener\" title=\"\">Suspension en m\u00e9tal rose 4 abat-jours<\/a> - Lumicom chez Maisons du Monde<\/figcaption><\/figure>\n<\/div>\n<\/div>\n\n\n\n<div class=\"wp-block-columns is-layout-flex wp-container-core-columns-layout-19 wp-block-columns-is-layout-flex\">\n<div class=\"wp-block-column is-layout-flow wp-block-column-is-layout-flow\">\n<figure class=\"wp-block-image size-large\"><a href=\"https:\/\/www.cocondedecoration.com\/blog\/wp-content\/uploads\/2025\/08\/parure-de-lit-rose-blancheporte.005.jpeg\"><img loading=\"lazy\" decoding=\"async\" width=\"640\" height=\"960\" src=\"https:\/\/www.cocondedecoration.com\/blog\/wp-content\/uploads\/2025\/08\/parure-de-lit-rose-blancheporte.005-640x960.jpeg\" alt=\"Linge de lit Clarisse en coton imprim\u00e9 couleur bois de rose \" class=\"wp-image-84277\" title=\"Linge de lit Clarisse en coton imprim\u00e9 couleur bois de rose \" srcset=\"https:\/\/www.cocondedecoration.com\/blog\/wp-content\/uploads\/2025\/08\/parure-de-lit-rose-blancheporte.005-640x960.jpeg 640w, https:\/\/www.cocondedecoration.com\/blog\/wp-content\/uploads\/2025\/08\/parure-de-lit-rose-blancheporte.005-260x390.jpeg 260w, https:\/\/www.cocondedecoration.com\/blog\/wp-content\/uploads\/2025\/08\/parure-de-lit-rose-blancheporte.005-768x1152.jpeg 768w, https:\/\/www.cocondedecoration.com\/blog\/wp-content\/uploads\/2025\/08\/parure-de-lit-rose-blancheporte.005-367x550.jpeg 367w, https:\/\/www.cocondedecoration.com\/blog\/wp-content\/uploads\/2025\/08\/parure-de-lit-rose-blancheporte.005-333x500.jpeg 333w, https:\/\/www.cocondedecoration.com\/blog\/wp-content\/uploads\/2025\/08\/parure-de-lit-rose-blancheporte.005.jpeg 1000w\" sizes=\"(max-width: 640px) 100vw, 640px\" \/><\/a><figcaption class=\"wp-element-caption\"><a href=\"https:\/\/fnty.co\/c\/r-jehJJodS\" target=\"_blank\" rel=\"noopener\" title=\"\">Linge de lit Clarisse en coton imprim\u00e9 couleur bois de rose<\/a> - Blancheporte<\/figcaption><\/figure>\n<\/div>\n\n\n\n<div class=\"wp-block-column is-layout-flow wp-block-column-is-layout-flow\">\n<figure class=\"wp-block-image size-large\"><a href=\"https:\/\/www.cocondedecoration.com\/blog\/wp-content\/uploads\/2025\/08\/parure-de-lit-rose-blancheporte.006.jpeg\"><img loading=\"lazy\" decoding=\"async\" width=\"640\" height=\"960\" src=\"https:\/\/www.cocondedecoration.com\/blog\/wp-content\/uploads\/2025\/08\/parure-de-lit-rose-blancheporte.006-640x960.jpeg\" alt=\"\" class=\"wp-image-84278\" srcset=\"https:\/\/www.cocondedecoration.com\/blog\/wp-content\/uploads\/2025\/08\/parure-de-lit-rose-blancheporte.006-640x960.jpeg 640w, https:\/\/www.cocondedecoration.com\/blog\/wp-content\/uploads\/2025\/08\/parure-de-lit-rose-blancheporte.006-260x390.jpeg 260w, https:\/\/www.cocondedecoration.com\/blog\/wp-content\/uploads\/2025\/08\/parure-de-lit-rose-blancheporte.006-768x1152.jpeg 768w, https:\/\/www.cocondedecoration.com\/blog\/wp-content\/uploads\/2025\/08\/parure-de-lit-rose-blancheporte.006-367x550.jpeg 367w, https:\/\/www.cocondedecoration.com\/blog\/wp-content\/uploads\/2025\/08\/parure-de-lit-rose-blancheporte.006-333x500.jpeg 333w, https:\/\/www.cocondedecoration.com\/blog\/wp-content\/uploads\/2025\/08\/parure-de-lit-rose-blancheporte.006.jpeg 1000w\" sizes=\"(max-width: 640px) 100vw, 640px\" \/><\/a><figcaption class=\"wp-element-caption\"><a href=\"https:\/\/fnty.co\/c\/r-Erobzrkw\" target=\"_blank\" rel=\"noopener\" title=\"\">Linge de lit Petunia en flanelle imprim\u00e9e<\/a> - Blancheporte<\/figcaption><\/figure>\n<\/div>\n<\/div>\n\n\n\n<div class=\"wp-block-columns is-layout-flex wp-container-core-columns-layout-20 wp-block-columns-is-layout-flex\">\n<div class=\"wp-block-column is-layout-flow wp-block-column-is-layout-flow\">\n<figure class=\"wp-block-image size-large\"><a href=\"https:\/\/www.cocondedecoration.com\/blog\/wp-content\/uploads\/2025\/08\/accessoire-decoratif-couleur-rose-la-redoute.013.jpeg\"><img loading=\"lazy\" decoding=\"async\" width=\"640\" height=\"960\" src=\"https:\/\/www.cocondedecoration.com\/blog\/wp-content\/uploads\/2025\/08\/accessoire-decoratif-couleur-rose-la-redoute.013-640x960.jpeg\" alt=\"Housse de coussin Flore\" class=\"wp-image-84282\" title=\"Housse de coussin Flore\" srcset=\"https:\/\/www.cocondedecoration.com\/blog\/wp-content\/uploads\/2025\/08\/accessoire-decoratif-couleur-rose-la-redoute.013-640x960.jpeg 640w, https:\/\/www.cocondedecoration.com\/blog\/wp-content\/uploads\/2025\/08\/accessoire-decoratif-couleur-rose-la-redoute.013-260x390.jpeg 260w, https:\/\/www.cocondedecoration.com\/blog\/wp-content\/uploads\/2025\/08\/accessoire-decoratif-couleur-rose-la-redoute.013-768x1152.jpeg 768w, https:\/\/www.cocondedecoration.com\/blog\/wp-content\/uploads\/2025\/08\/accessoire-decoratif-couleur-rose-la-redoute.013-367x550.jpeg 367w, https:\/\/www.cocondedecoration.com\/blog\/wp-content\/uploads\/2025\/08\/accessoire-decoratif-couleur-rose-la-redoute.013-333x500.jpeg 333w, https:\/\/www.cocondedecoration.com\/blog\/wp-content\/uploads\/2025\/08\/accessoire-decoratif-couleur-rose-la-redoute.013.jpeg 1000w\" sizes=\"(max-width: 640px) 100vw, 640px\" \/><\/a><figcaption class=\"wp-element-caption\"><a href=\"https:\/\/c3po.link\/QswrBn9jCm\" target=\"_blank\" rel=\"noopener\" title=\"\">Housse de coussin Flore<\/a> - Dutch Decor chez La Redoute<\/figcaption><\/figure>\n<\/div>\n\n\n\n<div class=\"wp-block-column is-layout-flow wp-block-column-is-layout-flow\">\n<figure class=\"wp-block-image size-large\"><a href=\"https:\/\/www.cocondedecoration.com\/blog\/wp-content\/uploads\/2025\/08\/accessoire-decoratif-couleur-rose-la-redoute.014.jpeg\"><img loading=\"lazy\" decoding=\"async\" width=\"640\" height=\"960\" src=\"https:\/\/www.cocondedecoration.com\/blog\/wp-content\/uploads\/2025\/08\/accessoire-decoratif-couleur-rose-la-redoute.014-640x960.jpeg\" alt=\"Papier peint fleuri aquarelle Herbier Pallington Bloom\" class=\"wp-image-84281\" title=\"Papier peint fleuri aquarelle Herbier Pallington Bloom\" srcset=\"https:\/\/www.cocondedecoration.com\/blog\/wp-content\/uploads\/2025\/08\/accessoire-decoratif-couleur-rose-la-redoute.014-640x960.jpeg 640w, https:\/\/www.cocondedecoration.com\/blog\/wp-content\/uploads\/2025\/08\/accessoire-decoratif-couleur-rose-la-redoute.014-260x390.jpeg 260w, https:\/\/www.cocondedecoration.com\/blog\/wp-content\/uploads\/2025\/08\/accessoire-decoratif-couleur-rose-la-redoute.014-768x1152.jpeg 768w, https:\/\/www.cocondedecoration.com\/blog\/wp-content\/uploads\/2025\/08\/accessoire-decoratif-couleur-rose-la-redoute.014-367x550.jpeg 367w, https:\/\/www.cocondedecoration.com\/blog\/wp-content\/uploads\/2025\/08\/accessoire-decoratif-couleur-rose-la-redoute.014-333x500.jpeg 333w, https:\/\/www.cocondedecoration.com\/blog\/wp-content\/uploads\/2025\/08\/accessoire-decoratif-couleur-rose-la-redoute.014.jpeg 1000w\" sizes=\"(max-width: 640px) 100vw, 640px\" \/><\/a><figcaption class=\"wp-element-caption\"><a href=\"https:\/\/c3po.link\/Q9Ps3hgjZg\" target=\"_blank\" rel=\"noopener\" title=\"\">Papier peint fleuri aquarelle Herbier Pallington Bloom<\/a> - Laura Ashley chez La Redoute<\/figcaption><\/figure>\n<\/div>\n<\/div>\n\n\n\n<div class=\"wp-block-columns is-layout-flex wp-container-core-columns-layout-21 wp-block-columns-is-layout-flex\">\n<div class=\"wp-block-column is-layout-flow wp-block-column-is-layout-flow\">\n<figure class=\"wp-block-image size-large\"><a href=\"https:\/\/www.cocondedecoration.com\/blog\/wp-content\/uploads\/2025\/08\/objet-deco-rose-la-redoute.001.jpeg\"><img loading=\"lazy\" decoding=\"async\" width=\"640\" height=\"640\" src=\"https:\/\/www.cocondedecoration.com\/blog\/wp-content\/uploads\/2025\/08\/objet-deco-rose-la-redoute.001-640x640.jpeg\" alt=\"Vase oval en verre fuchsia\" class=\"wp-image-84303\" srcset=\"https:\/\/www.cocondedecoration.com\/blog\/wp-content\/uploads\/2025\/08\/objet-deco-rose-la-redoute.001-640x640.jpeg 640w, https:\/\/www.cocondedecoration.com\/blog\/wp-content\/uploads\/2025\/08\/objet-deco-rose-la-redoute.001-260x260.jpeg 260w, https:\/\/www.cocondedecoration.com\/blog\/wp-content\/uploads\/2025\/08\/objet-deco-rose-la-redoute.001-165x165.jpeg 165w, https:\/\/www.cocondedecoration.com\/blog\/wp-content\/uploads\/2025\/08\/objet-deco-rose-la-redoute.001-465x465.jpeg 465w, https:\/\/www.cocondedecoration.com\/blog\/wp-content\/uploads\/2025\/08\/objet-deco-rose-la-redoute.001-500x500.jpeg 500w, https:\/\/www.cocondedecoration.com\/blog\/wp-content\/uploads\/2025\/08\/objet-deco-rose-la-redoute.001.jpeg 650w\" sizes=\"(max-width: 640px) 100vw, 640px\" \/><\/a><figcaption class=\"wp-element-caption\"><a href=\"https:\/\/c3po.link\/QPj6QUncJn\" target=\"_blank\" rel=\"noopener\" title=\"\">Vase oval en verre fuchsia<\/a> - Recollection chez La Redoute<\/figcaption><\/figure>\n<\/div>\n\n\n\n<div class=\"wp-block-column is-layout-flow wp-block-column-is-layout-flow\">\n<figure class=\"wp-block-image size-large\"><a href=\"https:\/\/www.cocondedecoration.com\/blog\/wp-content\/uploads\/2025\/08\/objet-deco-rose-la-redoute.002.jpeg\"><img loading=\"lazy\" decoding=\"async\" width=\"640\" height=\"640\" src=\"https:\/\/www.cocondedecoration.com\/blog\/wp-content\/uploads\/2025\/08\/objet-deco-rose-la-redoute.002-640x640.jpeg\" alt=\"Tapis interieur exterieur \u00e0 motif graphique\" class=\"wp-image-84302\" srcset=\"https:\/\/www.cocondedecoration.com\/blog\/wp-content\/uploads\/2025\/08\/objet-deco-rose-la-redoute.002-640x640.jpeg 640w, https:\/\/www.cocondedecoration.com\/blog\/wp-content\/uploads\/2025\/08\/objet-deco-rose-la-redoute.002-260x260.jpeg 260w, https:\/\/www.cocondedecoration.com\/blog\/wp-content\/uploads\/2025\/08\/objet-deco-rose-la-redoute.002-165x165.jpeg 165w, https:\/\/www.cocondedecoration.com\/blog\/wp-content\/uploads\/2025\/08\/objet-deco-rose-la-redoute.002-465x465.jpeg 465w, https:\/\/www.cocondedecoration.com\/blog\/wp-content\/uploads\/2025\/08\/objet-deco-rose-la-redoute.002-500x500.jpeg 500w, https:\/\/www.cocondedecoration.com\/blog\/wp-content\/uploads\/2025\/08\/objet-deco-rose-la-redoute.002.jpeg 650w\" sizes=\"(max-width: 640px) 100vw, 640px\" \/><\/a><figcaption class=\"wp-element-caption\"><a href=\"https:\/\/c3po.link\/QarYcuY4Rf\" target=\"_blank\" rel=\"noopener\" title=\"\">Tapis interieur exterieur \u00e0 motif graphique<\/a> - Nazar Rugs chez La Redoute<\/figcaption><\/figure>\n<\/div>\n\n\n\n<div class=\"wp-block-column is-layout-flow wp-block-column-is-layout-flow\">\n<figure class=\"wp-block-image size-large\"><a href=\"https:\/\/www.cocondedecoration.com\/blog\/wp-content\/uploads\/2025\/08\/objet-deco-rose-la-redoute.003.jpeg\"><img loading=\"lazy\" decoding=\"async\" width=\"640\" height=\"640\" src=\"https:\/\/www.cocondedecoration.com\/blog\/wp-content\/uploads\/2025\/08\/objet-deco-rose-la-redoute.003-640x640.jpeg\" alt=\"Couvre lit boutis matelass\u00e9 brod\u00e9 rose clair\" class=\"wp-image-84301\" title=\"Couvre lit boutis matelass\u00e9 brod\u00e9 rose clair\" srcset=\"https:\/\/www.cocondedecoration.com\/blog\/wp-content\/uploads\/2025\/08\/objet-deco-rose-la-redoute.003-640x640.jpeg 640w, https:\/\/www.cocondedecoration.com\/blog\/wp-content\/uploads\/2025\/08\/objet-deco-rose-la-redoute.003-260x260.jpeg 260w, https:\/\/www.cocondedecoration.com\/blog\/wp-content\/uploads\/2025\/08\/objet-deco-rose-la-redoute.003-165x165.jpeg 165w, https:\/\/www.cocondedecoration.com\/blog\/wp-content\/uploads\/2025\/08\/objet-deco-rose-la-redoute.003-465x465.jpeg 465w, https:\/\/www.cocondedecoration.com\/blog\/wp-content\/uploads\/2025\/08\/objet-deco-rose-la-redoute.003-500x500.jpeg 500w, https:\/\/www.cocondedecoration.com\/blog\/wp-content\/uploads\/2025\/08\/objet-deco-rose-la-redoute.003.jpeg 650w\" sizes=\"(max-width: 640px) 100vw, 640px\" \/><\/a><figcaption class=\"wp-element-caption\"><a href=\"https:\/\/c3po.link\/nQerhMbts6\" target=\"_blank\" rel=\"noopener\" title=\"\">Couvre lit boutis matelass\u00e9 brod\u00e9<\/a> - La redoute Int\u00e9rieurs<\/figcaption><\/figure>\n<\/div>\n<\/div>\n\n\n\n<div class=\"wp-block-columns is-layout-flex wp-container-core-columns-layout-22 wp-block-columns-is-layout-flex\">\n<div class=\"wp-block-column is-layout-flow wp-block-column-is-layout-flow\">\n<figure class=\"wp-block-image size-large\"><a href=\"https:\/\/www.cocondedecoration.com\/blog\/wp-content\/uploads\/2025\/08\/accessoire-deco-rose-maisons-du-monde.011.jpeg\"><img loading=\"lazy\" decoding=\"async\" width=\"640\" height=\"960\" src=\"https:\/\/www.cocondedecoration.com\/blog\/wp-content\/uploads\/2025\/08\/accessoire-deco-rose-maisons-du-monde.011-640x960.jpeg\" alt=\"Suspension triples en verre rose, orange et m\u00e9tal dor\u00e9\" class=\"wp-image-84250\" title=\"Suspension triples en verre rose, orange et m\u00e9tal dor\u00e9\" srcset=\"https:\/\/www.cocondedecoration.com\/blog\/wp-content\/uploads\/2025\/08\/accessoire-deco-rose-maisons-du-monde.011-640x960.jpeg 640w, https:\/\/www.cocondedecoration.com\/blog\/wp-content\/uploads\/2025\/08\/accessoire-deco-rose-maisons-du-monde.011-260x390.jpeg 260w, https:\/\/www.cocondedecoration.com\/blog\/wp-content\/uploads\/2025\/08\/accessoire-deco-rose-maisons-du-monde.011-768x1152.jpeg 768w, https:\/\/www.cocondedecoration.com\/blog\/wp-content\/uploads\/2025\/08\/accessoire-deco-rose-maisons-du-monde.011-367x550.jpeg 367w, https:\/\/www.cocondedecoration.com\/blog\/wp-content\/uploads\/2025\/08\/accessoire-deco-rose-maisons-du-monde.011-333x500.jpeg 333w, https:\/\/www.cocondedecoration.com\/blog\/wp-content\/uploads\/2025\/08\/accessoire-deco-rose-maisons-du-monde.011.jpeg 1000w\" sizes=\"(max-width: 640px) 100vw, 640px\" \/><\/a><figcaption class=\"wp-element-caption\"><a href=\"https:\/\/fnty.co\/c\/r-ZnEiBsTV\" target=\"_blank\" rel=\"noopener\" title=\"\">Suspension triples en verre rose, orange et m\u00e9tal dor\u00e9<\/a> - Maisons du Monde<\/figcaption><\/figure>\n<\/div>\n\n\n\n<div class=\"wp-block-column is-layout-flow wp-block-column-is-layout-flow\">\n<figure class=\"wp-block-image size-large\"><a href=\"https:\/\/www.cocondedecoration.com\/blog\/wp-content\/uploads\/2025\/08\/accessoire-deco-rose-maisons-du-monde.012.jpeg\"><img loading=\"lazy\" decoding=\"async\" width=\"640\" height=\"960\" src=\"https:\/\/www.cocondedecoration.com\/blog\/wp-content\/uploads\/2025\/08\/accessoire-deco-rose-maisons-du-monde.012-640x960.jpeg\" alt=\"Vase d\u00e9coratif en verre rose H31\" class=\"wp-image-84249\" title=\"Vase d\u00e9coratif en verre rose H31\" srcset=\"https:\/\/www.cocondedecoration.com\/blog\/wp-content\/uploads\/2025\/08\/accessoire-deco-rose-maisons-du-monde.012-640x960.jpeg 640w, https:\/\/www.cocondedecoration.com\/blog\/wp-content\/uploads\/2025\/08\/accessoire-deco-rose-maisons-du-monde.012-260x390.jpeg 260w, https:\/\/www.cocondedecoration.com\/blog\/wp-content\/uploads\/2025\/08\/accessoire-deco-rose-maisons-du-monde.012-768x1152.jpeg 768w, https:\/\/www.cocondedecoration.com\/blog\/wp-content\/uploads\/2025\/08\/accessoire-deco-rose-maisons-du-monde.012-367x550.jpeg 367w, https:\/\/www.cocondedecoration.com\/blog\/wp-content\/uploads\/2025\/08\/accessoire-deco-rose-maisons-du-monde.012-333x500.jpeg 333w, https:\/\/www.cocondedecoration.com\/blog\/wp-content\/uploads\/2025\/08\/accessoire-deco-rose-maisons-du-monde.012.jpeg 1000w\" sizes=\"(max-width: 640px) 100vw, 640px\" \/><\/a><figcaption class=\"wp-element-caption\"><a href=\"https:\/\/fnty.co\/c\/r-QAsLIBET\" target=\"_blank\" rel=\"noopener\" title=\"\">Vase d\u00e9coratif en verre rose H31<\/a> - Beliani chez Maisons du Monde<\/figcaption><\/figure>\n<\/div>\n<\/div>\n\n\n\n<div class=\"wp-block-columns is-layout-flex wp-container-core-columns-layout-23 wp-block-columns-is-layout-flex\">\n<div class=\"wp-block-column is-layout-flow wp-block-column-is-layout-flow\">\n<figure class=\"wp-block-image size-large\"><a href=\"https:\/\/www.cocondedecoration.com\/blog\/wp-content\/uploads\/2025\/08\/accessoire-deco-rose-maisons-du-monde.013.jpeg\"><img loading=\"lazy\" decoding=\"async\" width=\"640\" height=\"960\" src=\"https:\/\/www.cocondedecoration.com\/blog\/wp-content\/uploads\/2025\/08\/accessoire-deco-rose-maisons-du-monde.013-640x960.jpeg\" alt=\"Vase ovale en c\u00e9ramique rose pastel H13cm\" class=\"wp-image-84248\" title=\"Vase ovale en c\u00e9ramique rose pastel H13cm\" srcset=\"https:\/\/www.cocondedecoration.com\/blog\/wp-content\/uploads\/2025\/08\/accessoire-deco-rose-maisons-du-monde.013-640x960.jpeg 640w, https:\/\/www.cocondedecoration.com\/blog\/wp-content\/uploads\/2025\/08\/accessoire-deco-rose-maisons-du-monde.013-260x390.jpeg 260w, https:\/\/www.cocondedecoration.com\/blog\/wp-content\/uploads\/2025\/08\/accessoire-deco-rose-maisons-du-monde.013-768x1152.jpeg 768w, https:\/\/www.cocondedecoration.com\/blog\/wp-content\/uploads\/2025\/08\/accessoire-deco-rose-maisons-du-monde.013-367x550.jpeg 367w, https:\/\/www.cocondedecoration.com\/blog\/wp-content\/uploads\/2025\/08\/accessoire-deco-rose-maisons-du-monde.013-333x500.jpeg 333w, https:\/\/www.cocondedecoration.com\/blog\/wp-content\/uploads\/2025\/08\/accessoire-deco-rose-maisons-du-monde.013.jpeg 1000w\" sizes=\"(max-width: 640px) 100vw, 640px\" \/><\/a><figcaption class=\"wp-element-caption\"><a href=\"https:\/\/fnty.co\/c\/r-RBbpdvOK\" target=\"_blank\" rel=\"noopener\" title=\"\">Vase ovale en c\u00e9ramique rose pastel H13cm<\/a> - J-line chez Maisons du Monde<\/figcaption><\/figure>\n<\/div>\n\n\n\n<div class=\"wp-block-column is-layout-flow wp-block-column-is-layout-flow\">\n<figure class=\"wp-block-image size-large\"><a href=\"https:\/\/www.cocondedecoration.com\/blog\/wp-content\/uploads\/2025\/08\/accessoire-deco-rose-maisons-du-monde.014.jpeg\"><img loading=\"lazy\" decoding=\"async\" width=\"640\" height=\"960\" src=\"https:\/\/www.cocondedecoration.com\/blog\/wp-content\/uploads\/2025\/08\/accessoire-deco-rose-maisons-du-monde.014-640x960.jpeg\" alt=\"Plaid en coton, rose et rouge moderne \" class=\"wp-image-84247\" title=\"Plaid en coton, rose et rouge moderne \" srcset=\"https:\/\/www.cocondedecoration.com\/blog\/wp-content\/uploads\/2025\/08\/accessoire-deco-rose-maisons-du-monde.014-640x960.jpeg 640w, https:\/\/www.cocondedecoration.com\/blog\/wp-content\/uploads\/2025\/08\/accessoire-deco-rose-maisons-du-monde.014-260x390.jpeg 260w, https:\/\/www.cocondedecoration.com\/blog\/wp-content\/uploads\/2025\/08\/accessoire-deco-rose-maisons-du-monde.014-768x1152.jpeg 768w, https:\/\/www.cocondedecoration.com\/blog\/wp-content\/uploads\/2025\/08\/accessoire-deco-rose-maisons-du-monde.014-367x550.jpeg 367w, https:\/\/www.cocondedecoration.com\/blog\/wp-content\/uploads\/2025\/08\/accessoire-deco-rose-maisons-du-monde.014-333x500.jpeg 333w, https:\/\/www.cocondedecoration.com\/blog\/wp-content\/uploads\/2025\/08\/accessoire-deco-rose-maisons-du-monde.014.jpeg 1000w\" sizes=\"(max-width: 640px) 100vw, 640px\" \/><\/a><figcaption class=\"wp-element-caption\"><a href=\"https:\/\/fnty.co\/c\/r-hkocBeJg\" target=\"_blank\" rel=\"noopener\" title=\"\">Plaid en coton, rose<\/a> - Noo.ma chez Maisons du Monde<\/figcaption><\/figure>\n<\/div>\n<\/div>\n\n\n\n<div class=\"wp-block-columns is-layout-flex wp-container-core-columns-layout-24 wp-block-columns-is-layout-flex\">\n<div class=\"wp-block-column is-layout-flow wp-block-column-is-layout-flow\">\n<figure class=\"wp-block-image size-large\"><a href=\"https:\/\/www.cocondedecoration.com\/blog\/wp-content\/uploads\/2025\/08\/accessoire-decoratif-couleur-rose-la-redoute.015.jpeg\"><img loading=\"lazy\" decoding=\"async\" width=\"640\" height=\"960\" src=\"https:\/\/www.cocondedecoration.com\/blog\/wp-content\/uploads\/2025\/08\/accessoire-decoratif-couleur-rose-la-redoute.015-640x960.jpeg\" alt=\"Bougeoir en verre H27,3 cm\" class=\"wp-image-84280\" title=\"Bougeoir en verre H27,3 cm\" srcset=\"https:\/\/www.cocondedecoration.com\/blog\/wp-content\/uploads\/2025\/08\/accessoire-decoratif-couleur-rose-la-redoute.015-640x960.jpeg 640w, https:\/\/www.cocondedecoration.com\/blog\/wp-content\/uploads\/2025\/08\/accessoire-decoratif-couleur-rose-la-redoute.015-260x390.jpeg 260w, https:\/\/www.cocondedecoration.com\/blog\/wp-content\/uploads\/2025\/08\/accessoire-decoratif-couleur-rose-la-redoute.015-768x1152.jpeg 768w, https:\/\/www.cocondedecoration.com\/blog\/wp-content\/uploads\/2025\/08\/accessoire-decoratif-couleur-rose-la-redoute.015-367x550.jpeg 367w, https:\/\/www.cocondedecoration.com\/blog\/wp-content\/uploads\/2025\/08\/accessoire-decoratif-couleur-rose-la-redoute.015-333x500.jpeg 333w, https:\/\/www.cocondedecoration.com\/blog\/wp-content\/uploads\/2025\/08\/accessoire-decoratif-couleur-rose-la-redoute.015.jpeg 1000w\" sizes=\"(max-width: 640px) 100vw, 640px\" \/><\/a><figcaption class=\"wp-element-caption\"><a href=\"https:\/\/c3po.link\/QaH5ah95Su\" target=\"_blank\" rel=\"noopener\" title=\"\">Bougeoir en verre H27,3 cm<\/a> - La Redoute Int\u00e9rieurs<\/figcaption><\/figure>\n<\/div>\n\n\n\n<div class=\"wp-block-column is-layout-flow wp-block-column-is-layout-flow\">\n<figure class=\"wp-block-image size-large\"><a href=\"https:\/\/www.cocondedecoration.com\/blog\/wp-content\/uploads\/2025\/08\/accessoire-decoratif-couleur-rose-la-redoute.016.jpeg\"><img loading=\"lazy\" decoding=\"async\" width=\"640\" height=\"960\" src=\"https:\/\/www.cocondedecoration.com\/blog\/wp-content\/uploads\/2025\/08\/accessoire-decoratif-couleur-rose-la-redoute.016-640x960.jpeg\" alt=\"Pouf tissu textur\u00e9 rose \" class=\"wp-image-84279\" title=\"Pouf tissu textur\u00e9 rose \" srcset=\"https:\/\/www.cocondedecoration.com\/blog\/wp-content\/uploads\/2025\/08\/accessoire-decoratif-couleur-rose-la-redoute.016-640x960.jpeg 640w, https:\/\/www.cocondedecoration.com\/blog\/wp-content\/uploads\/2025\/08\/accessoire-decoratif-couleur-rose-la-redoute.016-260x390.jpeg 260w, https:\/\/www.cocondedecoration.com\/blog\/wp-content\/uploads\/2025\/08\/accessoire-decoratif-couleur-rose-la-redoute.016-768x1152.jpeg 768w, https:\/\/www.cocondedecoration.com\/blog\/wp-content\/uploads\/2025\/08\/accessoire-decoratif-couleur-rose-la-redoute.016-367x550.jpeg 367w, https:\/\/www.cocondedecoration.com\/blog\/wp-content\/uploads\/2025\/08\/accessoire-decoratif-couleur-rose-la-redoute.016-333x500.jpeg 333w, https:\/\/www.cocondedecoration.com\/blog\/wp-content\/uploads\/2025\/08\/accessoire-decoratif-couleur-rose-la-redoute.016.jpeg 1000w\" sizes=\"(max-width: 640px) 100vw, 640px\" \/><\/a><figcaption class=\"wp-element-caption\"><a href=\"https:\/\/c3po.link\/QSa8D5gwRQ\" target=\"_blank\" rel=\"noopener\" title=\"\">Pouf tissu textur\u00e9<\/a> - La Redoute Int\u00e9rieurs<\/figcaption><\/figure>\n<\/div>\n<\/div>\n\n\n\n<div class=\"wp-block-columns is-layout-flex wp-container-core-columns-layout-25 wp-block-columns-is-layout-flex\">\n<div class=\"wp-block-column is-layout-flow wp-block-column-is-layout-flow\">\n<figure class=\"wp-block-image size-large\"><a href=\"https:\/\/www.cocondedecoration.com\/blog\/wp-content\/uploads\/2025\/08\/objet-deco-rose-maisons-du-monde.010.jpeg\"><img loading=\"lazy\" decoding=\"async\" width=\"640\" height=\"640\" src=\"https:\/\/www.cocondedecoration.com\/blog\/wp-content\/uploads\/2025\/08\/objet-deco-rose-maisons-du-monde.010-640x640.jpeg\" alt=\"Tapis lavable et antid\u00e9rapant, uni, rose, 120 cm, rond\" class=\"wp-image-84263\" title=\"Tapis lavable et antid\u00e9rapant, uni, rose, 120 cm, rond\" srcset=\"https:\/\/www.cocondedecoration.com\/blog\/wp-content\/uploads\/2025\/08\/objet-deco-rose-maisons-du-monde.010-640x640.jpeg 640w, https:\/\/www.cocondedecoration.com\/blog\/wp-content\/uploads\/2025\/08\/objet-deco-rose-maisons-du-monde.010-260x260.jpeg 260w, https:\/\/www.cocondedecoration.com\/blog\/wp-content\/uploads\/2025\/08\/objet-deco-rose-maisons-du-monde.010-165x165.jpeg 165w, https:\/\/www.cocondedecoration.com\/blog\/wp-content\/uploads\/2025\/08\/objet-deco-rose-maisons-du-monde.010-465x465.jpeg 465w, https:\/\/www.cocondedecoration.com\/blog\/wp-content\/uploads\/2025\/08\/objet-deco-rose-maisons-du-monde.010-500x500.jpeg 500w, https:\/\/www.cocondedecoration.com\/blog\/wp-content\/uploads\/2025\/08\/objet-deco-rose-maisons-du-monde.010.jpeg 650w\" sizes=\"(max-width: 640px) 100vw, 640px\" \/><\/a><figcaption class=\"wp-element-caption\"><a href=\"https:\/\/fnty.co\/c\/r-OKdGDVSr\" target=\"_blank\" rel=\"noopener\" title=\"\">Tapis lavable et antid\u00e9rapant, uni, rose, 120 cm, rond <\/a>- The Carpet chez Maisons du Monde<\/figcaption><\/figure>\n<\/div>\n\n\n\n<div class=\"wp-block-column is-layout-flow wp-block-column-is-layout-flow\">\n<figure class=\"wp-block-image size-large\"><a href=\"https:\/\/www.cocondedecoration.com\/blog\/wp-content\/uploads\/2025\/08\/objet-deco-rose-maisons-du-monde.011.jpeg\"><img loading=\"lazy\" decoding=\"async\" width=\"640\" height=\"640\" src=\"https:\/\/www.cocondedecoration.com\/blog\/wp-content\/uploads\/2025\/08\/objet-deco-rose-maisons-du-monde.011-640x640.jpeg\" alt=\"Papier peint panoramique Songeen\" class=\"wp-image-84262\" title=\"Papier peint panoramique Songeen\" srcset=\"https:\/\/www.cocondedecoration.com\/blog\/wp-content\/uploads\/2025\/08\/objet-deco-rose-maisons-du-monde.011-640x640.jpeg 640w, https:\/\/www.cocondedecoration.com\/blog\/wp-content\/uploads\/2025\/08\/objet-deco-rose-maisons-du-monde.011-260x260.jpeg 260w, https:\/\/www.cocondedecoration.com\/blog\/wp-content\/uploads\/2025\/08\/objet-deco-rose-maisons-du-monde.011-165x165.jpeg 165w, https:\/\/www.cocondedecoration.com\/blog\/wp-content\/uploads\/2025\/08\/objet-deco-rose-maisons-du-monde.011-465x465.jpeg 465w, https:\/\/www.cocondedecoration.com\/blog\/wp-content\/uploads\/2025\/08\/objet-deco-rose-maisons-du-monde.011-500x500.jpeg 500w, https:\/\/www.cocondedecoration.com\/blog\/wp-content\/uploads\/2025\/08\/objet-deco-rose-maisons-du-monde.011.jpeg 650w\" sizes=\"(max-width: 640px) 100vw, 640px\" \/><\/a><figcaption class=\"wp-element-caption\"><a href=\"https:\/\/fnty.co\/c\/r-sOusbHKV\" target=\"_blank\" rel=\"noopener\" title=\"\">Papier peint panoramique Songeen<\/a> - L\u00e9 Papiers de Ninon chez Maisons du Monde<\/figcaption><\/figure>\n<\/div>\n\n\n\n<div class=\"wp-block-column is-layout-flow wp-block-column-is-layout-flow\">\n<figure class=\"wp-block-image size-large\"><a href=\"https:\/\/www.cocondedecoration.com\/blog\/wp-content\/uploads\/2025\/08\/objet-deco-rose-maisons-du-monde.012.jpeg\"><img loading=\"lazy\" decoding=\"async\" width=\"640\" height=\"640\" src=\"https:\/\/www.cocondedecoration.com\/blog\/wp-content\/uploads\/2025\/08\/objet-deco-rose-maisons-du-monde.012-640x640.jpeg\" alt=\"Plaid imitation fourrure rose 150x180\" class=\"wp-image-84261\" title=\"Plaid imitation fourrure rose 150x180\" srcset=\"https:\/\/www.cocondedecoration.com\/blog\/wp-content\/uploads\/2025\/08\/objet-deco-rose-maisons-du-monde.012-640x640.jpeg 640w, https:\/\/www.cocondedecoration.com\/blog\/wp-content\/uploads\/2025\/08\/objet-deco-rose-maisons-du-monde.012-260x260.jpeg 260w, https:\/\/www.cocondedecoration.com\/blog\/wp-content\/uploads\/2025\/08\/objet-deco-rose-maisons-du-monde.012-165x165.jpeg 165w, https:\/\/www.cocondedecoration.com\/blog\/wp-content\/uploads\/2025\/08\/objet-deco-rose-maisons-du-monde.012-465x465.jpeg 465w, https:\/\/www.cocondedecoration.com\/blog\/wp-content\/uploads\/2025\/08\/objet-deco-rose-maisons-du-monde.012-500x500.jpeg 500w, https:\/\/www.cocondedecoration.com\/blog\/wp-content\/uploads\/2025\/08\/objet-deco-rose-maisons-du-monde.012.jpeg 650w\" sizes=\"(max-width: 640px) 100vw, 640px\" \/><\/a><figcaption class=\"wp-element-caption\"><a href=\"https:\/\/fnty.co\/c\/r-aQSTUcnm\" target=\"_blank\" rel=\"noopener\" title=\"\">Plaid imitation fourrure rose 150x180<\/a> - Maisons du Monde<\/figcaption><\/figure>\n<\/div>\n<\/div>\n\n\n\n<p class=\"has-small-font-size\">Note: Cet article contient des liens affili\u00e9s.<\/p>\n","protected":false},"excerpt":{"rendered":"<p>Le rose apporte de la douceur dans votre int\u00e9rieur et votre quotidien. D\u00e9couvrez sans attendre ma s\u00e9lection d&rsquo;accessoires et d&rsquo;objets d\u00e9co tout en rose. <span class=\"more-link\"><a href=\"https:\/\/www.cocondedecoration.com\/blog\/2025\/08\/accessoire-decoratif-rose\/\">Lire la suite<\/a><\/span><\/p>\n","protected":false},"author":1,"featured_media":84306,"comment_status":"open","ping_status":"open","sticky":false,"template":"","format":"standard","meta":{"om_disable_all_campaigns":false,"_monsterinsights_skip_tracking":false,"_monsterinsights_sitenote_active":false,"_monsterinsights_sitenote_note":"","_monsterinsights_sitenote_category":0,"_uf_show_specific_survey":0,"_uf_disable_surveys":false,"footnotes":""},"categories":[8979,2661],"tags":[61797,3199,61867,55986,753,1247,72,60867],"aioseo_notices":[],"_links":{"self":[{"href":"https:\/\/www.cocondedecoration.com\/blog\/wp-json\/wp\/v2\/posts\/84246"}],"collection":[{"href":"https:\/\/www.cocondedecoration.com\/blog\/wp-json\/wp\/v2\/posts"}],"about":[{"href":"https:\/\/www.cocondedecoration.com\/blog\/wp-json\/wp\/v2\/types\/post"}],"author":[{"embeddable":true,"href":"https:\/\/www.cocondedecoration.com\/blog\/wp-json\/wp\/v2\/users\/1"}],"replies":[{"embeddable":true,"href":"https:\/\/www.cocondedecoration.com\/blog\/wp-json\/wp\/v2\/comments?post=84246"}],"version-history":[{"count":4,"href":"https:\/\/www.cocondedecoration.com\/blog\/wp-json\/wp\/v2\/posts\/84246\/revisions"}],"predecessor-version":[{"id":84308,"href":"https:\/\/www.cocondedecoration.com\/blog\/wp-json\/wp\/v2\/posts\/84246\/revisions\/84308"}],"wp:featuredmedia":[{"embeddable":true,"href":"https:\/\/www.cocondedecoration.com\/blog\/wp-json\/wp\/v2\/media\/84306"}],"wp:attachment":[{"href":"https:\/\/www.cocondedecoration.com\/blog\/wp-json\/wp\/v2\/media?parent=84246"}],"wp:term":[{"taxonomy":"category","embeddable":true,"href":"https:\/\/www.cocondedecoration.com\/blog\/wp-json\/wp\/v2\/categories?post=84246"},{"taxonomy":"post_tag","embeddable":true,"href":"https:\/\/www.cocondedecoration.com\/blog\/wp-json\/wp\/v2\/tags?post=84246"}],"curies":[{"name":"wp","href":"https:\/\/api.w.org\/{rel}","templated":true}]}}