{"id":84103,"date":"2025-08-01T08:43:09","date_gmt":"2025-08-01T06:43:09","guid":{"rendered":"https:\/\/www.cocondedecoration.com\/blog\/?p=84103"},"modified":"2025-08-01T08:43:10","modified_gmt":"2025-08-01T06:43:10","slug":"organisation-arriere-cuisine","status":"publish","type":"post","link":"https:\/\/www.cocondedecoration.com\/blog\/2025\/08\/organisation-arriere-cuisine\/","title":{"rendered":"Organiser l&rsquo;arri\u00e8re-cuisine pour un espace pratique au quotidien"},"content":{"rendered":"\n<p>Il y a des pi\u00e8ces dans la maison qui se veulent plus fonctionnelles que d\u00e9co. C'est le cas <a href=\"https:\/\/www.cocondedecoration.com\/blog\/2025\/04\/rangement-organisation-garage\/\" target=\"_blank\" rel=\"noopener\" title=\"\">du garage<\/a> par exemple ou encore de l'arri\u00e8re-cuisine. C'est d'ailleurs cet espace qui nous int\u00e9resse ici. G\u00e9n\u00e9ralement, dans l'arri\u00e8re-cuisine on cherche \u00e0 avoir suffisamment de rangements mais aussi cr\u00e9er un espace pratique o\u00f9 l'on trouve facilement ce que l'on cherche. Alors comment am\u00e9nager, optimiser, organiser l'arri\u00e8re cuisine? <\/p>\n\n\n\n<!--more-->\n\n\n\n<h2 class=\"wp-block-heading\">Penser l'am\u00e9nagement de l'arri\u00e8re-cuisine avant l'organisation des placards <\/h2>\n\n\n\n<p>L'am\u00e9nagement et l'organisation sont deux choses indissociables dans l'arri\u00e8re-cuisine. Des meubles et une implantation de meubles qui ne vous correspondent pas rendront pas votre quotidien confortable. Et donc avant de vous parler d'organisation de placards, on va s'int\u00e9resser aux placards en tant que tels!<\/p>\n\n\n\n<h3 class=\"wp-block-heading\">Choisir les bons meubles d'arri\u00e8re-cuisine<\/h3>\n\n\n\n<p>Am\u00e9nager et optimiser l'espace est le crit\u00e8re le plus difficile pour certain\u2022e\u2022s. Les arri\u00e8re-cuisines sont souvent de petits espaces dans lequel on veut mettre un maximum de choses et donc un maximum de meubles. Trop de meubles peut \u00eatre un frein au quotidien. La pi\u00e8ce devient exigu\u00eb, elle manque parfois de lumi\u00e8re. Bref, le c\u00f4t\u00e9 fonctionnel doit \u00eatre confortable dans votre quotidien pas l'inverse. Alors comment choisir les bons meubles pour votre espace? <\/p>\n\n\n\n<p>Tout simplement en partant de vos besoins. Qu'allez-vous ranger dans votre arri\u00e8re cuisine? Est-ce que vous allez y mettre le frigo \/ cong\u00e9lateur? La machine \u00e0 laver et \/ ou s\u00e8che-linge? Est-ce un espace qui sert de garde-manger ou qui va \u00eatre multi-fonctions (le rangement des balais \/ aspirateurs \/ n\u00e9cessaire de nettoyage par exemple)? En partant de vos besoins, vous pourrez trouver des meubles qui y r\u00e9pondront. Quels types de meubles choisir pour l'arri\u00e8re-cuisine? <\/p>\n\n\n\n<ul>\n<li>meuble de cuisine avec portes et \u00e9tag\u00e8res <\/li>\n\n\n\n<li><a href=\"https:\/\/www.cocondedecoration.com\/blog\/2020\/04\/conseils-deco-tout-savoir-sur-les-meubles-de-cuisine\/\" target=\"_blank\" rel=\"noopener\" title=\"\">meuble de cuisine<\/a> avec tiroirs <\/li>\n\n\n\n<li>colonne de cuisine <\/li>\n\n\n\n<li>meuble avec tiroirs coulissants et portes<\/li>\n\n\n\n<li>meuble d'angle<\/li>\n\n\n\n<li>casiers \u00e0 bouteilles<\/li>\n\n\n\n<li>\u00e9tag\u00e8res ouvertes <\/li>\n\n\n\n<li>meuble mural de cuisine <\/li>\n\n\n\n<li>crochets muraux (avec ou sans barre murale) <\/li>\n<\/ul>\n\n\n\n<p>Les meubles de cuisine sont des atouts pour l'am\u00e9nagement de votre espace. Ce qui me plait avec cette solution, c'est qu'elle peut \u00eatre accessible financi\u00e8rement et vous pouvez vous en occuper vous-m\u00eame. Il existe aussi des solutions sur-mesure plus on\u00e9reuses. <\/p>\n\n\n\n<figure class=\"wp-block-gallery has-nested-images columns-default is-cropped wp-block-gallery-1 is-layout-flex wp-block-gallery-is-layout-flex\">\n<figure class=\"wp-block-image size-large\"><a href=\"https:\/\/www.cocondedecoration.com\/blog\/wp-content\/uploads\/2025\/08\/organisation-arriere-cuisine.001.jpeg\"><img loading=\"lazy\" decoding=\"async\" width=\"640\" height=\"960\" data-id=\"84106\" src=\"https:\/\/www.cocondedecoration.com\/blog\/wp-content\/uploads\/2025\/08\/organisation-arriere-cuisine.001-640x960.jpeg\" alt=\"organisation arri\u00e8re-cuisine petit espace cellier meuble avec tiroir ouvert plan de travail \u00e9tag\u00e8res murale lambris murs couleur beige chaleureux \" class=\"wp-image-84106\" title=\"organisation arri\u00e8re-cuisine petit espace cellier meuble avec tiroir ouvert plan de travail \u00e9tag\u00e8res murale lambris murs couleur beige chaleureux \" srcset=\"https:\/\/www.cocondedecoration.com\/blog\/wp-content\/uploads\/2025\/08\/organisation-arriere-cuisine.001-640x960.jpeg 640w, https:\/\/www.cocondedecoration.com\/blog\/wp-content\/uploads\/2025\/08\/organisation-arriere-cuisine.001-260x390.jpeg 260w, https:\/\/www.cocondedecoration.com\/blog\/wp-content\/uploads\/2025\/08\/organisation-arriere-cuisine.001-768x1152.jpeg 768w, https:\/\/www.cocondedecoration.com\/blog\/wp-content\/uploads\/2025\/08\/organisation-arriere-cuisine.001-367x550.jpeg 367w, https:\/\/www.cocondedecoration.com\/blog\/wp-content\/uploads\/2025\/08\/organisation-arriere-cuisine.001-333x500.jpeg 333w, https:\/\/www.cocondedecoration.com\/blog\/wp-content\/uploads\/2025\/08\/organisation-arriere-cuisine.001.jpeg 1000w\" sizes=\"(max-width: 640px) 100vw, 640px\" \/><\/a><figcaption class=\"wp-element-caption\">ashleychildershome.com<\/figcaption><\/figure>\n\n\n\n<figure class=\"wp-block-image size-large\"><a href=\"https:\/\/www.cocondedecoration.com\/blog\/wp-content\/uploads\/2025\/08\/organisation-arriere-cuisine.002.jpeg\"><img loading=\"lazy\" decoding=\"async\" width=\"640\" height=\"960\" data-id=\"84105\" src=\"https:\/\/www.cocondedecoration.com\/blog\/wp-content\/uploads\/2025\/08\/organisation-arriere-cuisine.002-640x960.jpeg\" alt=\"organisation arri\u00e8re-cuisine meuble optimisation d'espace rangement pratique coulissant gain de place \" class=\"wp-image-84105\" title=\"organisation arri\u00e8re-cuisine meuble optimisation d'espace rangement pratique coulissant gain de place \" srcset=\"https:\/\/www.cocondedecoration.com\/blog\/wp-content\/uploads\/2025\/08\/organisation-arriere-cuisine.002-640x960.jpeg 640w, https:\/\/www.cocondedecoration.com\/blog\/wp-content\/uploads\/2025\/08\/organisation-arriere-cuisine.002-260x390.jpeg 260w, https:\/\/www.cocondedecoration.com\/blog\/wp-content\/uploads\/2025\/08\/organisation-arriere-cuisine.002-768x1152.jpeg 768w, https:\/\/www.cocondedecoration.com\/blog\/wp-content\/uploads\/2025\/08\/organisation-arriere-cuisine.002-367x550.jpeg 367w, https:\/\/www.cocondedecoration.com\/blog\/wp-content\/uploads\/2025\/08\/organisation-arriere-cuisine.002-333x500.jpeg 333w, https:\/\/www.cocondedecoration.com\/blog\/wp-content\/uploads\/2025\/08\/organisation-arriere-cuisine.002.jpeg 1000w\" sizes=\"(max-width: 640px) 100vw, 640px\" \/><\/a><figcaption class=\"wp-element-caption\">hgtv.com<\/figcaption><\/figure>\n<\/figure>\n\n\n\n<h3 class=\"wp-block-heading\">Optimiser l'espace pour une arri\u00e8re-cuisine pratique <\/h3>\n\n\n\n<p>Dans l'id\u00e9e d'optimiser l'espace, il y a plusieurs choses \u00e0 prendre en compte. D'un c\u00f4t\u00e9, il y a les meubles en tant que tels qui peuvent \u00eatre des atouts: <\/p>\n\n\n\n<ul>\n<li>portes coulissantes <\/li>\n\n\n\n<li>portes pliantes <\/li>\n\n\n\n<li><a href=\"https:\/\/www.cocondedecoration.com\/blog\/2025\/07\/ilot-central-cuisine-independant\/\" target=\"_blank\" rel=\"noopener\" title=\"\">\u00eelot de cuisine<\/a> avec rangements int\u00e9gr\u00e9s (si vous avez suffisamment d'espace) <\/li>\n\n\n\n<li>tiroirs fins \u00e0 glisser entre deux meubles <\/li>\n\n\n\n<li>plan de travail rabattable <\/li>\n<\/ul>\n\n\n\n<p>D'un autre c\u00f4t\u00e9, on revient \u00e0 l'id\u00e9e de r\u00e9pondre \u00e0 ses besoins. Imaginons qu'un plan de travail est inutile pour votre utilisation de l'arri\u00e8re cuisine, pourquoi s'emb\u00eater \u00e0 en poser un? On peut imaginer une implantation en lin\u00e9aire avec des colonnes de rangement qui int\u00e9greront la machine \u00e0 laver ou encore le cong\u00e9lateur. <\/p>\n\n\n\n<p>Est-ce que dans l'arri\u00e8re cuisine on trouve le ballon d'eau chaude? Il y a un imp\u00e9ratif \u00e0 garder en t\u00eate pour ce point: le ballon doit toujours \u00eatre accessible (rien que pour l'entretien). Il est possible de le cacher dans un placard mais ce dernier doit le laisser accessible. Dessous, il est possible de placer un meuble bas pour ne pas perdre inutilement d'espace de rangement. <\/p>\n\n\n\n<figure class=\"wp-block-gallery has-nested-images columns-default is-cropped wp-block-gallery-2 is-layout-flex wp-block-gallery-is-layout-flex\">\n<figure class=\"wp-block-image size-large\"><a href=\"https:\/\/www.cocondedecoration.com\/blog\/wp-content\/uploads\/2025\/08\/organisation-arriere-cuisine.003.jpeg\"><img loading=\"lazy\" decoding=\"async\" width=\"640\" height=\"960\" data-id=\"84108\" src=\"https:\/\/www.cocondedecoration.com\/blog\/wp-content\/uploads\/2025\/08\/organisation-arriere-cuisine.003-640x960.jpeg\" alt=\"organisation arri\u00e8re-cuisine optimisation d'espace \u00e9tag\u00e8re \u00e0 \u00e9pice porte int\u00e9rieure id\u00e9e maline \" class=\"wp-image-84108\" title=\"organisation arri\u00e8re-cuisine optimisation d'espace \u00e9tag\u00e8re \u00e0 \u00e9pice porte int\u00e9rieure id\u00e9e maline \" srcset=\"https:\/\/www.cocondedecoration.com\/blog\/wp-content\/uploads\/2025\/08\/organisation-arriere-cuisine.003-640x960.jpeg 640w, https:\/\/www.cocondedecoration.com\/blog\/wp-content\/uploads\/2025\/08\/organisation-arriere-cuisine.003-260x390.jpeg 260w, https:\/\/www.cocondedecoration.com\/blog\/wp-content\/uploads\/2025\/08\/organisation-arriere-cuisine.003-768x1152.jpeg 768w, https:\/\/www.cocondedecoration.com\/blog\/wp-content\/uploads\/2025\/08\/organisation-arriere-cuisine.003-367x550.jpeg 367w, https:\/\/www.cocondedecoration.com\/blog\/wp-content\/uploads\/2025\/08\/organisation-arriere-cuisine.003-333x500.jpeg 333w, https:\/\/www.cocondedecoration.com\/blog\/wp-content\/uploads\/2025\/08\/organisation-arriere-cuisine.003.jpeg 1000w\" sizes=\"(max-width: 640px) 100vw, 640px\" \/><\/a><figcaption class=\"wp-element-caption\">gb.readly.com<\/figcaption><\/figure>\n\n\n\n<figure class=\"wp-block-image size-large\"><a href=\"https:\/\/www.cocondedecoration.com\/blog\/wp-content\/uploads\/2025\/08\/organisation-arriere-cuisine.004.jpeg\"><img loading=\"lazy\" decoding=\"async\" width=\"640\" height=\"960\" data-id=\"84107\" src=\"https:\/\/www.cocondedecoration.com\/blog\/wp-content\/uploads\/2025\/08\/organisation-arriere-cuisine.004-640x960.jpeg\" alt=\"organisation arri\u00e8re-cuisine espace lumineux bien organis\u00e9 et rang\u00e9 \u00e9tag\u00e8re blanche bocaux transparents paniers en rotin \" class=\"wp-image-84107\" title=\"organisation arri\u00e8re-cuisine espace lumineux bien organis\u00e9 et rang\u00e9 \u00e9tag\u00e8re blanche bocaux transparents paniers en rotin \" srcset=\"https:\/\/www.cocondedecoration.com\/blog\/wp-content\/uploads\/2025\/08\/organisation-arriere-cuisine.004-640x960.jpeg 640w, https:\/\/www.cocondedecoration.com\/blog\/wp-content\/uploads\/2025\/08\/organisation-arriere-cuisine.004-260x390.jpeg 260w, https:\/\/www.cocondedecoration.com\/blog\/wp-content\/uploads\/2025\/08\/organisation-arriere-cuisine.004-768x1152.jpeg 768w, https:\/\/www.cocondedecoration.com\/blog\/wp-content\/uploads\/2025\/08\/organisation-arriere-cuisine.004-367x550.jpeg 367w, https:\/\/www.cocondedecoration.com\/blog\/wp-content\/uploads\/2025\/08\/organisation-arriere-cuisine.004-333x500.jpeg 333w, https:\/\/www.cocondedecoration.com\/blog\/wp-content\/uploads\/2025\/08\/organisation-arriere-cuisine.004.jpeg 1000w\" sizes=\"(max-width: 640px) 100vw, 640px\" \/><\/a><figcaption class=\"wp-element-caption\">organizeeveryroom.com<\/figcaption><\/figure>\n<\/figure>\n\n\n\n<h2 class=\"wp-block-heading\">Rangement et organisation des placards <\/h2>\n\n\n\n<p>Passons \u00e0 l'organisation des placards \u00e0 proprement dit. C'est un point qui va rendre votre quotidien plus confortable. <\/p>\n\n\n\n<h3 class=\"wp-block-heading\">R\u00e8gles \u00e0 respecter autant que possible pour organiser les meubles d'arri\u00e8re-cuisine<\/h3>\n\n\n\n<ul>\n<li>Ce qui sert au quotidien, \u00e0 port\u00e9 de main <\/li>\n\n\n\n<li>Tout ce qui est lourd et \/ ou encombrant, en bas <\/li>\n\n\n\n<li>Ce qui ne sert pas souvent et qui est relativement l\u00e9ger, en hauteur <\/li>\n<\/ul>\n\n\n\n<p>Prenons l'exemple de l'appareil \u00e0 raclette, appareil qui servait r\u00e9guli\u00e8rement quand je vivais en France. C'est le genre d'appareil pas tr\u00e8s lourd qui doit se trouver \u00e0 port\u00e9 de main pour moi. Ahah! En revanche la pierrade avec sa pierre qui sert une fois tous les 36 peut tr\u00e8s bien \u00eatre stock\u00e9e en hauteur.  <\/p>\n\n\n\n<p>Autre exemple: les produits d'entretien achet\u00e9s en gros peuvent trouver leur place au dessus du frigo par exemple. On n'en a pas besoin tous les jours et dans l'id\u00e9al, ils ne doivent pas \u00eatre stock\u00e9s \u00e0 c\u00f4t\u00e9 des aliments ni \u00e0 port\u00e9 des enfants. <\/p>\n\n\n\n<figure class=\"wp-block-gallery has-nested-images columns-default is-cropped wp-block-gallery-3 is-layout-flex wp-block-gallery-is-layout-flex\">\n<figure class=\"wp-block-image size-large\"><a href=\"https:\/\/www.cocondedecoration.com\/blog\/wp-content\/uploads\/2025\/08\/organisation-arriere-cuisine.005.jpeg\"><img loading=\"lazy\" decoding=\"async\" width=\"640\" height=\"960\" data-id=\"84110\" src=\"https:\/\/www.cocondedecoration.com\/blog\/wp-content\/uploads\/2025\/08\/organisation-arriere-cuisine.005-640x960.jpeg\" alt=\"organisation arri\u00e8re-cuisine chic et \u00e9l\u00e9gante chaleureuse blanche et bois bocaux transparents sur \u00e9tag\u00e8res meuble bas porte et tiroir plan de travail \" class=\"wp-image-84110\" title=\"organisation arri\u00e8re-cuisine chic et \u00e9l\u00e9gante chaleureuse blanche et bois bocaux transparents sur \u00e9tag\u00e8res meuble bas porte et tiroir plan de travail \" srcset=\"https:\/\/www.cocondedecoration.com\/blog\/wp-content\/uploads\/2025\/08\/organisation-arriere-cuisine.005-640x960.jpeg 640w, https:\/\/www.cocondedecoration.com\/blog\/wp-content\/uploads\/2025\/08\/organisation-arriere-cuisine.005-260x390.jpeg 260w, https:\/\/www.cocondedecoration.com\/blog\/wp-content\/uploads\/2025\/08\/organisation-arriere-cuisine.005-768x1152.jpeg 768w, https:\/\/www.cocondedecoration.com\/blog\/wp-content\/uploads\/2025\/08\/organisation-arriere-cuisine.005-367x550.jpeg 367w, https:\/\/www.cocondedecoration.com\/blog\/wp-content\/uploads\/2025\/08\/organisation-arriere-cuisine.005-333x500.jpeg 333w, https:\/\/www.cocondedecoration.com\/blog\/wp-content\/uploads\/2025\/08\/organisation-arriere-cuisine.005.jpeg 1000w\" sizes=\"(max-width: 640px) 100vw, 640px\" \/><\/a><figcaption class=\"wp-element-caption\">restoredecorandmore.com<\/figcaption><\/figure>\n\n\n\n<figure class=\"wp-block-image size-large\"><a href=\"https:\/\/www.cocondedecoration.com\/blog\/wp-content\/uploads\/2025\/08\/organisation-arriere-cuisine.006.jpeg\"><img loading=\"lazy\" decoding=\"async\" width=\"640\" height=\"960\" data-id=\"84109\" src=\"https:\/\/www.cocondedecoration.com\/blog\/wp-content\/uploads\/2025\/08\/organisation-arriere-cuisine.006-640x960.jpeg\" alt=\"organisation arri\u00e8re-cuisine petit espace \u00e9tag\u00e8re sur 3 murs bocaux paniers simple et pratique \" class=\"wp-image-84109\" title=\"organisation arri\u00e8re-cuisine petit espace \u00e9tag\u00e8re sur 3 murs bocaux paniers simple et pratique \" srcset=\"https:\/\/www.cocondedecoration.com\/blog\/wp-content\/uploads\/2025\/08\/organisation-arriere-cuisine.006-640x960.jpeg 640w, https:\/\/www.cocondedecoration.com\/blog\/wp-content\/uploads\/2025\/08\/organisation-arriere-cuisine.006-260x390.jpeg 260w, https:\/\/www.cocondedecoration.com\/blog\/wp-content\/uploads\/2025\/08\/organisation-arriere-cuisine.006-768x1152.jpeg 768w, https:\/\/www.cocondedecoration.com\/blog\/wp-content\/uploads\/2025\/08\/organisation-arriere-cuisine.006-367x550.jpeg 367w, https:\/\/www.cocondedecoration.com\/blog\/wp-content\/uploads\/2025\/08\/organisation-arriere-cuisine.006-333x500.jpeg 333w, https:\/\/www.cocondedecoration.com\/blog\/wp-content\/uploads\/2025\/08\/organisation-arriere-cuisine.006.jpeg 1000w\" sizes=\"(max-width: 640px) 100vw, 640px\" \/><\/a><figcaption class=\"wp-element-caption\">4homeideas.com<\/figcaption><\/figure>\n<\/figure>\n\n\n\n<h3 class=\"wp-block-heading\">Des organisateurs de placards pour vous simplifier la vie et le rangement <\/h3>\n\n\n\n<p>Il existe pl\u00e9thore de solutions pour organiser les placards et tirer pleinement profit de l'espace disponible. Encore une fois, les organisateurs de placards doivent r\u00e9pondre \u00e0 vos besoins: <\/p>\n\n\n\n<ul>\n<li>bac de rangement ouvert pour les fruits et les l\u00e9gumes <\/li>\n\n\n\n<li>caisse de rangement avec ou sans couvercle que l'on peut empiler <\/li>\n\n\n\n<li>panier coulissant \u00e0 monter \u00e0 l'int\u00e9rieur d'un meuble de cuisine<\/li>\n\n\n\n<li>panier m\u00e9tallique \u00e0 suspendre \u00e0 une tablette \u00e0 l'int\u00e9rieur d'un meuble <\/li>\n\n\n\n<li>\u00e9tag\u00e8re en m\u00e9tal pour diviser un espace tablette <\/li>\n\n\n\n<li>distributeur de canettes en m\u00e9tal <\/li>\n\n\n\n<li>range-bouteille et rack \u00e0 vin <\/li>\n\n\n\n<li>caisse compartiment\u00e9e <\/li>\n\n\n\n<li>porte-casseroles et couvercles <\/li>\n\n\n\n<li>chariot mince \u00e0 glisser entre deux meubles <\/li>\n<\/ul>\n\n\n\n<p>A lire aussi: <a href=\"https:\/\/www.cocondedecoration.com\/blog\/2025\/06\/organiseur-de-placard\/\" target=\"_blank\" rel=\"noopener\" title=\"\">Comment bien choisir ses organiseurs de placard?<\/a><\/p>\n\n\n\n<figure class=\"wp-block-gallery has-nested-images columns-default is-cropped wp-block-gallery-4 is-layout-flex wp-block-gallery-is-layout-flex\">\n<figure class=\"wp-block-image size-large\"><a href=\"https:\/\/www.cocondedecoration.com\/blog\/wp-content\/uploads\/2025\/08\/organisation-arriere-cuisine.007.jpeg\"><img loading=\"lazy\" decoding=\"async\" width=\"640\" height=\"960\" data-id=\"84112\" src=\"https:\/\/www.cocondedecoration.com\/blog\/wp-content\/uploads\/2025\/08\/organisation-arriere-cuisine.007-640x960.jpeg\" alt=\"organisation arri\u00e8re-cuisine meuble \u00e9tag\u00e8res pas cher m\u00e9tal et bois bocaux paniers en m\u00e9tal vaste espaces de rangement \" class=\"wp-image-84112\" title=\"organisation arri\u00e8re-cuisine meuble \u00e9tag\u00e8res pas cher m\u00e9tal et bois bocaux paniers en m\u00e9tal vaste espaces de rangement \" srcset=\"https:\/\/www.cocondedecoration.com\/blog\/wp-content\/uploads\/2025\/08\/organisation-arriere-cuisine.007-640x960.jpeg 640w, https:\/\/www.cocondedecoration.com\/blog\/wp-content\/uploads\/2025\/08\/organisation-arriere-cuisine.007-260x390.jpeg 260w, https:\/\/www.cocondedecoration.com\/blog\/wp-content\/uploads\/2025\/08\/organisation-arriere-cuisine.007-768x1152.jpeg 768w, https:\/\/www.cocondedecoration.com\/blog\/wp-content\/uploads\/2025\/08\/organisation-arriere-cuisine.007-367x550.jpeg 367w, https:\/\/www.cocondedecoration.com\/blog\/wp-content\/uploads\/2025\/08\/organisation-arriere-cuisine.007-333x500.jpeg 333w, https:\/\/www.cocondedecoration.com\/blog\/wp-content\/uploads\/2025\/08\/organisation-arriere-cuisine.007.jpeg 1000w\" sizes=\"(max-width: 640px) 100vw, 640px\" \/><\/a><figcaption class=\"wp-element-caption\">my-inspo.com<\/figcaption><\/figure>\n\n\n\n<figure class=\"wp-block-image size-large\"><a href=\"https:\/\/www.cocondedecoration.com\/blog\/wp-content\/uploads\/2025\/08\/organisation-arriere-cuisine.008.jpeg\"><img loading=\"lazy\" decoding=\"async\" width=\"640\" height=\"960\" data-id=\"84111\" src=\"https:\/\/www.cocondedecoration.com\/blog\/wp-content\/uploads\/2025\/08\/organisation-arriere-cuisine.008-640x960.jpeg\" alt=\"organisation arri\u00e8re-cuisine espace en longueur pratique meuble bas de cuisine \u00e9tag\u00e8re murale avec cochets bocaux gain de place \" class=\"wp-image-84111\" title=\"organisation arri\u00e8re-cuisine espace en longueur pratique meuble bas de cuisine \u00e9tag\u00e8re murale avec cochets bocaux gain de place \" srcset=\"https:\/\/www.cocondedecoration.com\/blog\/wp-content\/uploads\/2025\/08\/organisation-arriere-cuisine.008-640x960.jpeg 640w, https:\/\/www.cocondedecoration.com\/blog\/wp-content\/uploads\/2025\/08\/organisation-arriere-cuisine.008-260x390.jpeg 260w, https:\/\/www.cocondedecoration.com\/blog\/wp-content\/uploads\/2025\/08\/organisation-arriere-cuisine.008-768x1152.jpeg 768w, https:\/\/www.cocondedecoration.com\/blog\/wp-content\/uploads\/2025\/08\/organisation-arriere-cuisine.008-367x550.jpeg 367w, https:\/\/www.cocondedecoration.com\/blog\/wp-content\/uploads\/2025\/08\/organisation-arriere-cuisine.008-333x500.jpeg 333w, https:\/\/www.cocondedecoration.com\/blog\/wp-content\/uploads\/2025\/08\/organisation-arriere-cuisine.008.jpeg 1000w\" sizes=\"(max-width: 640px) 100vw, 640px\" \/><\/a><figcaption class=\"wp-element-caption\">homestyle.co.nz<\/figcaption><\/figure>\n<\/figure>\n\n\n\n<h2 class=\"wp-block-heading\">Quelle d\u00e9co pour l'arri\u00e8re-cuisine? <\/h2>\n\n\n\n<p>Je me suis t\u00e2t\u00e9e \u00e0 parler d\u00e9co dans cet article et je me suis dit que tant qu'\u00e0 parler d'arri\u00e8re-cuisine, autant \u00e9voquer la question de la d\u00e9coration. Cette derni\u00e8re doit \u00eatre fonctionnelle dans le sens o\u00f9 elle doit vous simplifier la vie. Il y a donc 3 points qui en d\u00e9coulent. <\/p>\n\n\n\n<h3 class=\"wp-block-heading\">Une d\u00e9co d'arri\u00e8re-cuisine facile d'entretien<\/h3>\n\n\n\n<p>Le premier c'est une facilit\u00e9 d'entretien. Des mat\u00e9riaux faciles \u00e0 laver que ce soit au sol, au mur ou encore sur les meubles. Le m\u00e9nage n'est pas une partie de plaisir pour tout le monde et tant qu'\u00e0 faire autant ne pas avoir \u00e0 passer des heures dans cette petite pi\u00e8ce dans laquelle on ne vit pas. <\/p>\n\n\n\n<h3 class=\"wp-block-heading\">Soigner l'\u00e9clairage pour un espace confortable <\/h3>\n\n\n\n<p>Deuxi\u00e8me conseil: <a href=\"https:\/\/www.cocondedecoration.com\/blog\/2025\/01\/luminaire-cuisine\/\" target=\"_blank\" rel=\"noopener\" title=\"\">la lumi\u00e8re<\/a>. Que votre arri\u00e8re-cuisine ait des fen\u00eatres ou qu'elle soit une pi\u00e8ce aveugle, il ne faut pas zapper la question de l'\u00e9clairage. C'est un peu comme pour un dressing, avec un bon \u00e9clairage on trouve plus ais\u00e9ment ce que l'on cherche. Pr\u00e9voyez donc une source de lumi\u00e8re g\u00e9n\u00e9rale (plafonnier \/ lustre) et des sources d'\u00e9clairages plus localis\u00e9es (spots orientables, \u00e9clairage \u00e0 l'int\u00e9rieur de certains placards...) <\/p>\n\n\n\n<h3 class=\"wp-block-heading\">Des couleurs claires pour une arri\u00e8re-cuisine pratique et chaleureuse <\/h3>\n\n\n\n<p>Enfin, la couleur. Il n'est pas n\u00e9cessaire de laisser en blanc toute votre arri\u00e8re-cuisine. M\u00eame si cette couleur est lumineuse, elle est souvent per\u00e7ue comme froide. Au lieu de cela, vous pouvez cr\u00e9er un univers plus chaleureux qui reste lumineux avec des couleurs neutres et claires (blanc cass\u00e9, \u00e9cru, beige, gris perle). Et pourquoi pas ajouter une petite touche de couleur \u00e0 travers certains d\u00e9tails comme la cr\u00e9dence, les poign\u00e9es de portes de placards, etc. <\/p>\n\n\n\n<p>Pour aller plus loin: <a href=\"https:\/\/www.cocondedecoration.com\/blog\/2024\/09\/solutions-aesthetiques-organisation-maison\/\" target=\"_blank\" rel=\"noopener\" title=\"\">20 solutions aesth\u00e9tiques pour organiser la maison<\/a><\/p>\n\n\n\n<figure class=\"wp-block-gallery has-nested-images columns-default is-cropped wp-block-gallery-5 is-layout-flex wp-block-gallery-is-layout-flex\">\n<figure class=\"wp-block-image size-large\"><a href=\"https:\/\/www.cocondedecoration.com\/blog\/wp-content\/uploads\/2025\/08\/organisation-arriere-cuisine.009.jpeg\"><img loading=\"lazy\" decoding=\"async\" width=\"640\" height=\"960\" data-id=\"84113\" src=\"https:\/\/www.cocondedecoration.com\/blog\/wp-content\/uploads\/2025\/08\/organisation-arriere-cuisine.009-640x960.jpeg\" alt=\"organisation arri\u00e8re-cuisine petite espace pi\u00e8ce aveugle \u00e9clairage sous \u00e9tag\u00e8re murale cave \u00e0 vin r\u00e9frig\u00e9r\u00e9e meuble de cuisine colonne porte tiroir \" class=\"wp-image-84113\" title=\"organisation arri\u00e8re-cuisine petite espace pi\u00e8ce aveugle \u00e9clairage sous \u00e9tag\u00e8re murale cave \u00e0 vin r\u00e9frig\u00e9r\u00e9e meuble de cuisine colonne porte tiroir \" srcset=\"https:\/\/www.cocondedecoration.com\/blog\/wp-content\/uploads\/2025\/08\/organisation-arriere-cuisine.009-640x960.jpeg 640w, https:\/\/www.cocondedecoration.com\/blog\/wp-content\/uploads\/2025\/08\/organisation-arriere-cuisine.009-260x390.jpeg 260w, https:\/\/www.cocondedecoration.com\/blog\/wp-content\/uploads\/2025\/08\/organisation-arriere-cuisine.009-768x1152.jpeg 768w, https:\/\/www.cocondedecoration.com\/blog\/wp-content\/uploads\/2025\/08\/organisation-arriere-cuisine.009-367x550.jpeg 367w, https:\/\/www.cocondedecoration.com\/blog\/wp-content\/uploads\/2025\/08\/organisation-arriere-cuisine.009-333x500.jpeg 333w, https:\/\/www.cocondedecoration.com\/blog\/wp-content\/uploads\/2025\/08\/organisation-arriere-cuisine.009.jpeg 1000w\" sizes=\"(max-width: 640px) 100vw, 640px\" \/><\/a><figcaption class=\"wp-element-caption\">realtor.com<\/figcaption><\/figure>\n\n\n\n<figure class=\"wp-block-image size-large\"><a href=\"https:\/\/www.cocondedecoration.com\/blog\/wp-content\/uploads\/2025\/08\/organisation-arriere-cuisine.010.jpeg\"><img loading=\"lazy\" decoding=\"async\" width=\"640\" height=\"960\" data-id=\"84114\" src=\"https:\/\/www.cocondedecoration.com\/blog\/wp-content\/uploads\/2025\/08\/organisation-arriere-cuisine.010-640x960.jpeg\" alt=\"organisation arri\u00e8re-cuisine s\u00e9par\u00e9e de la cuisine avec verri\u00e8re espace de stockage \u00e9tag\u00e8re en bois diff\u00e9rentes hauteur \" class=\"wp-image-84114\" title=\"organisation arri\u00e8re-cuisine s\u00e9par\u00e9e de la cuisine avec verri\u00e8re espace de stockage \u00e9tag\u00e8re en bois diff\u00e9rentes hauteur \" srcset=\"https:\/\/www.cocondedecoration.com\/blog\/wp-content\/uploads\/2025\/08\/organisation-arriere-cuisine.010-640x960.jpeg 640w, https:\/\/www.cocondedecoration.com\/blog\/wp-content\/uploads\/2025\/08\/organisation-arriere-cuisine.010-260x390.jpeg 260w, https:\/\/www.cocondedecoration.com\/blog\/wp-content\/uploads\/2025\/08\/organisation-arriere-cuisine.010-768x1152.jpeg 768w, https:\/\/www.cocondedecoration.com\/blog\/wp-content\/uploads\/2025\/08\/organisation-arriere-cuisine.010-367x550.jpeg 367w, https:\/\/www.cocondedecoration.com\/blog\/wp-content\/uploads\/2025\/08\/organisation-arriere-cuisine.010-333x500.jpeg 333w, https:\/\/www.cocondedecoration.com\/blog\/wp-content\/uploads\/2025\/08\/organisation-arriere-cuisine.010.jpeg 1000w\" sizes=\"(max-width: 640px) 100vw, 640px\" \/><\/a><figcaption class=\"wp-element-caption\">houseandgarden.co.uk<\/figcaption><\/figure>\n<\/figure>\n\n\n\n<hr class=\"wp-block-separator has-alpha-channel-opacity is-style-wide\"\/>\n\n\n\n<div style=\"height:20px\" aria-hidden=\"true\" class=\"wp-block-spacer\"><\/div>\n\n\n\n<div class=\"wp-block-media-text alignwide\"><figure class=\"wp-block-media-text__media\"><img loading=\"lazy\" decoding=\"async\" width=\"640\" height=\"366\" src=\"https:\/\/www.cocondedecoration.com\/blog\/wp-content\/uploads\/2023\/12\/newsletter-patreon-640x366.png\" alt=\"\" class=\"wp-image-70176\" srcset=\"https:\/\/www.cocondedecoration.com\/blog\/wp-content\/uploads\/2023\/12\/newsletter-patreon-640x366.png 640w, https:\/\/www.cocondedecoration.com\/blog\/wp-content\/uploads\/2023\/12\/newsletter-patreon-260x149.png 260w, https:\/\/www.cocondedecoration.com\/blog\/wp-content\/uploads\/2023\/12\/newsletter-patreon-768x439.png 768w, https:\/\/www.cocondedecoration.com\/blog\/wp-content\/uploads\/2023\/12\/newsletter-patreon-465x266.png 465w, https:\/\/www.cocondedecoration.com\/blog\/wp-content\/uploads\/2023\/12\/newsletter-patreon-695x397.png 695w, https:\/\/www.cocondedecoration.com\/blog\/wp-content\/uploads\/2023\/12\/newsletter-patreon.png 1050w\" sizes=\"(max-width: 640px) 100vw, 640px\" \/><\/figure><div class=\"wp-block-media-text__content\">\n<p style=\"text-align:center\"><strong>La newsletter du blog est sur Patreon<\/strong><\/p>\n\n\n\n<p>Devenez membre gratuitement de mon Patron pour lire toutes les newsletters du blog &amp; recevoir une notification quand les prochaines seront en ligne. <\/p>\n\n\n\n<div class=\"wp-block-button aligncenter\"><a class=\"wp-block-button__link\" href=\"https:\/\/www.patreon.com\/cocondedeco\">Acc\u00e9der \u00e0 Patreon gratuitement<\/a><\/div>\n<\/div><\/div>\n\n\n\n<div style=\"height:30px\" aria-hidden=\"true\" class=\"wp-block-spacer\"><\/div>\n\n\n\n<p class=\"has-small-font-size\">Source de l'image \u00e0 la une: gruporitmo.com.br<\/p>\n","protected":false},"excerpt":{"rendered":"<p>Tirez partie pleinement de votre arri\u00e8re cuisine. Retrouvez ici mes conseils pour am\u00e9nager et optimiser l&rsquo;espace ainsi que des id\u00e9es d&rsquo;organisation.<span class=\"more-link\"><a href=\"https:\/\/www.cocondedecoration.com\/blog\/2025\/08\/organisation-arriere-cuisine\/\">Lire la suite<\/a><\/span><\/p>\n","protected":false},"author":1,"featured_media":84115,"comment_status":"open","ping_status":"open","sticky":false,"template":"","format":"standard","meta":{"om_disable_all_campaigns":false,"_monsterinsights_skip_tracking":false,"_monsterinsights_sitenote_active":false,"_monsterinsights_sitenote_note":"","_monsterinsights_sitenote_category":0,"_uf_show_specific_survey":0,"_uf_disable_surveys":false,"footnotes":""},"categories":[62046,34093],"tags":[2887,62049,3158,4167,52],"aioseo_notices":[],"_links":{"self":[{"href":"https:\/\/www.cocondedecoration.com\/blog\/wp-json\/wp\/v2\/posts\/84103"}],"collection":[{"href":"https:\/\/www.cocondedecoration.com\/blog\/wp-json\/wp\/v2\/posts"}],"about":[{"href":"https:\/\/www.cocondedecoration.com\/blog\/wp-json\/wp\/v2\/types\/post"}],"author":[{"embeddable":true,"href":"https:\/\/www.cocondedecoration.com\/blog\/wp-json\/wp\/v2\/users\/1"}],"replies":[{"embeddable":true,"href":"https:\/\/www.cocondedecoration.com\/blog\/wp-json\/wp\/v2\/comments?post=84103"}],"version-history":[{"count":2,"href":"https:\/\/www.cocondedecoration.com\/blog\/wp-json\/wp\/v2\/posts\/84103\/revisions"}],"predecessor-version":[{"id":84116,"href":"https:\/\/www.cocondedecoration.com\/blog\/wp-json\/wp\/v2\/posts\/84103\/revisions\/84116"}],"wp:featuredmedia":[{"embeddable":true,"href":"https:\/\/www.cocondedecoration.com\/blog\/wp-json\/wp\/v2\/media\/84115"}],"wp:attachment":[{"href":"https:\/\/www.cocondedecoration.com\/blog\/wp-json\/wp\/v2\/media?parent=84103"}],"wp:term":[{"taxonomy":"category","embeddable":true,"href":"https:\/\/www.cocondedecoration.com\/blog\/wp-json\/wp\/v2\/categories?post=84103"},{"taxonomy":"post_tag","embeddable":true,"href":"https:\/\/www.cocondedecoration.com\/blog\/wp-json\/wp\/v2\/tags?post=84103"}],"curies":[{"name":"wp","href":"https:\/\/api.w.org\/{rel}","templated":true}]}}