{"id":84061,"date":"2025-07-30T09:01:22","date_gmt":"2025-07-30T07:01:22","guid":{"rendered":"https:\/\/www.cocondedecoration.com\/blog\/?p=84061"},"modified":"2025-08-12T09:30:39","modified_gmt":"2025-08-12T07:30:39","slug":"ilot-central-cuisine-independant","status":"publish","type":"post","link":"https:\/\/www.cocondedecoration.com\/blog\/2025\/07\/ilot-central-cuisine-independant\/","title":{"rendered":"Parfaire la cuisine avec un \u00eelot central ind\u00e9pendant"},"content":{"rendered":"\n<p>Que vous ayez une grande cuisine qui semble un peu vide ou un espace ouvert avec une implantation en lin\u00e9aire, l'\u00eelot de cuisine est un plus aussi bien pour le rangement que pour la convivialit\u00e9. Il existe m\u00eame des mod\u00e8les compacts qui s'int\u00e8grent en un clin d'oeil dans une petite cuisine. Si vous n'aviez pas pr\u00e9vu d'\u00eelot quand vous avez refait votre cuisine, il est possible d'en trouver un ind\u00e9pendant qui satisfera vos envies d\u00e9co, vos besoins de rangement et qui rendra l'espace plus accueillant. Voici 15 mod\u00e8les d'\u00eelots ind\u00e9pendants qui devraient vous plaire. <\/p>\n\n\n\n<!--more-->\n\n\n\n<div class=\"wp-block-columns is-layout-flex wp-container-core-columns-layout-1 wp-block-columns-is-layout-flex\">\n<div class=\"wp-block-column is-layout-flow wp-block-column-is-layout-flow\">\n<div style=\"height:100px\" aria-hidden=\"true\" class=\"wp-block-spacer\"><\/div>\n\n\n\n<h2 class=\"wp-block-heading\">\u00celot central moderne en ch\u00eane massif et plateau en terrazzo <\/h2>\n\n\n\n<p>On commence cette s\u00e9lection avec un \u00eelot tout \u00e0 fait dans l'air du temps qui trouvera sa place dans une cuisine moderne neutre et qui offrira une touche plus \u00e9l\u00e9gante \u00e0 l'espace. <\/p>\n\n\n\n<p>Ses points forts: <\/p>\n\n\n\n<ul>\n<li>son allure \u00e9l\u00e9gante et contemporaine avec des arrondis <\/li>\n\n\n\n<li>les d\u00e9tails dor\u00e9s aux bases de l'\u00eeloy <\/li>\n\n\n\n<li>le mix rangement et espace de repas <\/li>\n\n\n\n<li>l'effet cannel\u00e9 des portes <\/li>\n\n\n\n<li>4 portes qui s'ouvrent sans poign\u00e9es mais par pression pour un look plus \u00e9pur\u00e9 <\/li>\n<\/ul>\n\n\n\n<div class=\"wp-block-buttons is-content-justification-center is-layout-flex wp-container-core-buttons-layout-1 wp-block-buttons-is-layout-flex\">\n<div class=\"wp-block-button\"><a class=\"wp-block-button__link wp-element-button\" href=\"https:\/\/fnty.co\/c\/r-xPEasuSs\" target=\"_blank\" rel=\"noreferrer noopener\">Acheter<\/a><\/div>\n<\/div>\n\n\n\n<p>O\u00f9 trouver cet \u00eelot? Maisons du Monde <br>Dimensions: P80 x H92 x L180cm  <br>Prix: 1\u202f799,00 \u20ac<br>Bois labellis\u00e9 FSC\u2122<\/p>\n\n\n\n<p>A lire \u00e9galement: <a href=\"https:\/\/www.cocondedecoration.com\/blog\/2025\/07\/lexique-cuisine-travaux\/\" target=\"_blank\" rel=\"noopener\" title=\"\">Lexique cuisine : les mots cl\u00e9s pour r\u00e9ussir vos travaux<\/a><\/p>\n<\/div>\n\n\n\n<div class=\"wp-block-column is-layout-flow wp-block-column-is-layout-flow\">\n<figure class=\"wp-block-image size-large\"><a href=\"https:\/\/www.cocondedecoration.com\/blog\/wp-content\/uploads\/2025\/07\/ilot-de-cuisine-independant-maisons-du-monde.001.jpeg\"><img loading=\"lazy\" decoding=\"async\" width=\"640\" height=\"960\" src=\"https:\/\/www.cocondedecoration.com\/blog\/wp-content\/uploads\/2025\/07\/ilot-de-cuisine-independant-maisons-du-monde.001-640x960.jpeg\" alt=\"\u00celot central cuisine 4 portes et terrazzo blanc arrondi moderne cuisine contemporaine \u00e9l\u00e9gante \" class=\"wp-image-84062\" title=\"\u00celot central cuisine 4 portes et terrazzo blanc arrondi moderne cuisine contemporaine \u00e9l\u00e9gante \" srcset=\"https:\/\/www.cocondedecoration.com\/blog\/wp-content\/uploads\/2025\/07\/ilot-de-cuisine-independant-maisons-du-monde.001-640x960.jpeg 640w, https:\/\/www.cocondedecoration.com\/blog\/wp-content\/uploads\/2025\/07\/ilot-de-cuisine-independant-maisons-du-monde.001-260x390.jpeg 260w, https:\/\/www.cocondedecoration.com\/blog\/wp-content\/uploads\/2025\/07\/ilot-de-cuisine-independant-maisons-du-monde.001-768x1152.jpeg 768w, https:\/\/www.cocondedecoration.com\/blog\/wp-content\/uploads\/2025\/07\/ilot-de-cuisine-independant-maisons-du-monde.001-367x550.jpeg 367w, https:\/\/www.cocondedecoration.com\/blog\/wp-content\/uploads\/2025\/07\/ilot-de-cuisine-independant-maisons-du-monde.001-333x500.jpeg 333w, https:\/\/www.cocondedecoration.com\/blog\/wp-content\/uploads\/2025\/07\/ilot-de-cuisine-independant-maisons-du-monde.001.jpeg 1000w\" sizes=\"(max-width: 640px) 100vw, 640px\" \/><\/a><\/figure>\n<\/div>\n<\/div>\n\n\n\n<div class=\"wp-block-columns is-layout-flex wp-container-core-columns-layout-2 wp-block-columns-is-layout-flex\">\n<div class=\"wp-block-column is-layout-flow wp-block-column-is-layout-flow\">\n<div style=\"height:100px\" aria-hidden=\"true\" class=\"wp-block-spacer\"><\/div>\n\n\n\n<h2 class=\"wp-block-heading\">\u00celot de cuisine d'appoint chic, actuel et chaleureux <\/h2>\n\n\n\n<p>On reste dans l'id\u00e9e de bois, d'arrondi et de texture avec un petit \u00eelot simple et chic qui dissimule un coin repas pour deux personnes. Si vous souhaitez moderniser votre cuisine ou lui apporter de la chaleur, cet \u00eelot est parfait. <\/p>\n\n\n\n<p>Ses points forts: <\/p>\n\n\n\n<ul>\n<li>2 tiroirs, 4 niches ferm\u00e9es par 2 portes <\/li>\n\n\n\n<li>espace repas pour 2 personnes sur la longueur de l'\u00eelot <\/li>\n\n\n\n<li>angles adoucis <\/li>\n\n\n\n<li>effet cannel\u00e9 avec baguettes en fr\u00eane massif <\/li>\n\n\n\n<li>poign\u00e9es en acier finition laiton<\/li>\n<\/ul>\n\n\n\n<div class=\"wp-block-buttons is-content-justification-center is-layout-flex wp-container-core-buttons-layout-2 wp-block-buttons-is-layout-flex\">\n<div class=\"wp-block-button\"><a class=\"wp-block-button__link wp-element-button\" href=\"https:\/\/c3po.link\/QhHZJZg4NW\" target=\"_blank\" rel=\"noreferrer noopener\">Acheter<\/a><\/div>\n<\/div>\n\n\n\n<p>O\u00f9 trouver cet \u00eelot? La Redoute<br>Dimensions: L130 x H88,5 x P80 cm<br>Prix: 899,00 \u20ac<\/p>\n\n\n\n<p>Ceci peut vous int\u00e9resser: <a href=\"https:\/\/www.cocondedecoration.com\/blog\/2025\/05\/decoration-cuisine-petit-budget\/\" target=\"_blank\" rel=\"noopener\" title=\"\">10 astuces pour personnaliser la d\u00e9co de cuisine sans se ruiner<\/a><\/p>\n<\/div>\n\n\n\n<div class=\"wp-block-column is-layout-flow wp-block-column-is-layout-flow\">\n<figure class=\"wp-block-image size-large\"><a href=\"https:\/\/www.cocondedecoration.com\/blog\/wp-content\/uploads\/2025\/07\/ilot-cuisine-independant-la-redoute.001.jpeg\"><img loading=\"lazy\" decoding=\"async\" width=\"640\" height=\"960\" src=\"https:\/\/www.cocondedecoration.com\/blog\/wp-content\/uploads\/2025\/07\/ilot-cuisine-independant-la-redoute.001-640x960.jpeg\" alt=\"Il\u00f4t de cuisine, Tamula plaqu\u00e9 ch\u00eane \" class=\"wp-image-84069\" title=\"Il\u00f4t de cuisine, Tamula plaqu\u00e9 ch\u00eane \" srcset=\"https:\/\/www.cocondedecoration.com\/blog\/wp-content\/uploads\/2025\/07\/ilot-cuisine-independant-la-redoute.001-640x960.jpeg 640w, https:\/\/www.cocondedecoration.com\/blog\/wp-content\/uploads\/2025\/07\/ilot-cuisine-independant-la-redoute.001-260x390.jpeg 260w, https:\/\/www.cocondedecoration.com\/blog\/wp-content\/uploads\/2025\/07\/ilot-cuisine-independant-la-redoute.001-768x1152.jpeg 768w, https:\/\/www.cocondedecoration.com\/blog\/wp-content\/uploads\/2025\/07\/ilot-cuisine-independant-la-redoute.001-367x550.jpeg 367w, https:\/\/www.cocondedecoration.com\/blog\/wp-content\/uploads\/2025\/07\/ilot-cuisine-independant-la-redoute.001-333x500.jpeg 333w, https:\/\/www.cocondedecoration.com\/blog\/wp-content\/uploads\/2025\/07\/ilot-cuisine-independant-la-redoute.001.jpeg 1000w\" sizes=\"(max-width: 640px) 100vw, 640px\" \/><\/a><\/figure>\n<\/div>\n<\/div>\n\n\n\n<div class=\"wp-block-columns is-layout-flex wp-container-core-columns-layout-3 wp-block-columns-is-layout-flex\">\n<div class=\"wp-block-column is-layout-flow wp-block-column-is-layout-flow\">\n<div style=\"height:100px\" aria-hidden=\"true\" class=\"wp-block-spacer\"><\/div>\n\n\n\n<h2 class=\"wp-block-heading\">Une cuisine plus fonctionnelle gr\u00e2ce \u00e0 un \u00eelot avec rangement <\/h2>\n\n\n\n<p>Je vous rassure, ma s\u00e9lection est plus \u00e9clectique que les deux mod\u00e8les pr\u00e9c\u00e9dents. On reste ici sur l'id\u00e9e de bois avec un \u00eelot simple et fonctionnel. Son design est passe-partout et convient \u00e0 de nombreux styles de cuisines. <\/p>\n\n\n\n<p>Ses points forts: <\/p>\n\n\n\n<ul>\n<li>un look passe-partout gr\u00e2ce au bois et au plateau effet marbre blanc <\/li>\n\n\n\n<li>une grande capacit\u00e9 de <a href=\"https:\/\/www.cocondedecoration.com\/blog\/2023\/01\/rangement-cuisine-fonctionnelle\/\" target=\"_blank\" rel=\"noopener\" title=\"\">rangement<\/a> (6 niches + 4 tiroirs) <\/li>\n\n\n\n<li>un espace pour prendre un repas sur le pouce <\/li>\n<\/ul>\n\n\n\n<div class=\"wp-block-buttons is-content-justification-center is-layout-flex wp-container-core-buttons-layout-3 wp-block-buttons-is-layout-flex\">\n<div class=\"wp-block-button\"><a class=\"wp-block-button__link wp-element-button\" href=\"https:\/\/fnty.co\/c\/r-KeIiyBoW\" target=\"_blank\" rel=\"noreferrer noopener\">Acheter<\/a><\/div>\n<\/div>\n\n\n\n<p>O\u00f9 trouver cet \u00eelot? Maisons du Monde<br>Dimensions: P78 X H95 X L150cm <br>Prix: 799,00 \u20ac<\/p>\n<\/div>\n\n\n\n<div class=\"wp-block-column is-layout-flow wp-block-column-is-layout-flow\">\n<figure class=\"wp-block-image size-large\"><a href=\"https:\/\/www.cocondedecoration.com\/blog\/wp-content\/uploads\/2025\/07\/ilot-de-cuisine-independant-maisons-du-monde.002.jpeg\"><img loading=\"lazy\" decoding=\"async\" width=\"640\" height=\"960\" src=\"https:\/\/www.cocondedecoration.com\/blog\/wp-content\/uploads\/2025\/07\/ilot-de-cuisine-independant-maisons-du-monde.002-640x960.jpeg\" alt=\"\u00celot central cuisine 4 tiroirs et 6 niches effet marbre blanc\" class=\"wp-image-84063\" title=\"\u00celot central cuisine 4 tiroirs et 6 niches effet marbre blanc\" srcset=\"https:\/\/www.cocondedecoration.com\/blog\/wp-content\/uploads\/2025\/07\/ilot-de-cuisine-independant-maisons-du-monde.002-640x960.jpeg 640w, https:\/\/www.cocondedecoration.com\/blog\/wp-content\/uploads\/2025\/07\/ilot-de-cuisine-independant-maisons-du-monde.002-260x390.jpeg 260w, https:\/\/www.cocondedecoration.com\/blog\/wp-content\/uploads\/2025\/07\/ilot-de-cuisine-independant-maisons-du-monde.002-768x1152.jpeg 768w, https:\/\/www.cocondedecoration.com\/blog\/wp-content\/uploads\/2025\/07\/ilot-de-cuisine-independant-maisons-du-monde.002-367x550.jpeg 367w, https:\/\/www.cocondedecoration.com\/blog\/wp-content\/uploads\/2025\/07\/ilot-de-cuisine-independant-maisons-du-monde.002-333x500.jpeg 333w, https:\/\/www.cocondedecoration.com\/blog\/wp-content\/uploads\/2025\/07\/ilot-de-cuisine-independant-maisons-du-monde.002.jpeg 1000w\" sizes=\"(max-width: 640px) 100vw, 640px\" \/><\/a><\/figure>\n<\/div>\n<\/div>\n\n\n\n<div class=\"wp-block-columns is-layout-flex wp-container-core-columns-layout-4 wp-block-columns-is-layout-flex\">\n<div class=\"wp-block-column is-layout-flow wp-block-column-is-layout-flow\">\n<div style=\"height:100px\" aria-hidden=\"true\" class=\"wp-block-spacer\"><\/div>\n\n\n\n<h2 class=\"wp-block-heading\">Long \u00eelot central \u00e9volutif avec plan de travail r\u00e9glable si vous aimez recevoir<\/h2>\n\n\n\n<p>Dans ma s\u00e9lection, j'ai cherch\u00e9 \u00e0 vous propos\u00e9 des \u00eelots modulables parce qu'on a pas toujours les m\u00eames besoins au quotidien. Si vous aimez cuisiner et recevoir, cet \u00eelot est int\u00e9ressant puisqu'il offre un long plan de travail ainsi qu'un plateau de table qui est modulable. De quoi recevoir facilement amis et familles sans encombrer la cuisine au quotidien. <\/p>\n\n\n\n<p>Ses points forts: <\/p>\n\n\n\n<ul>\n<li>3 tiroirs + \u00e9tag\u00e8res doubles + 1 porte-torchons<\/li>\n\n\n\n<li>possibilit\u00e9 d'ajuster la longueur du plateau de la table (3 longueurs diff\u00e9rentes) <\/li>\n\n\n\n<li>style \u00e9l\u00e9gant et \u00e9pur\u00e9 <\/li>\n<\/ul>\n\n\n\n<div class=\"wp-block-buttons is-content-justification-center is-layout-flex wp-container-core-buttons-layout-4 wp-block-buttons-is-layout-flex\">\n<div class=\"wp-block-button\"><a class=\"wp-block-button__link wp-element-button\" href=\"https:\/\/c3po.link\/QPw7KAT5xK\" target=\"_blank\" rel=\"noreferrer noopener\">Acheter<\/a><\/div>\n<\/div>\n\n\n\n<p>O\u00f9 trouver cet \u00eelot? Conforama<br>Dimensions: Longueur 130 x largeur 71,9 x hauteur 90 cm \/ plan de travail r\u00e9glable: 52,5 cm, 72,5 cm et 92,5 cm<br>Prix: 699\u20ac99<\/p>\n<\/div>\n\n\n\n<div class=\"wp-block-column is-layout-flow wp-block-column-is-layout-flow\">\n<figure class=\"wp-block-image size-large\"><a href=\"https:\/\/www.cocondedecoration.com\/blog\/wp-content\/uploads\/2025\/07\/ilot-central-pas-cher-conforama.001.jpeg\"><img loading=\"lazy\" decoding=\"async\" width=\"640\" height=\"960\" src=\"https:\/\/www.cocondedecoration.com\/blog\/wp-content\/uploads\/2025\/07\/ilot-central-pas-cher-conforama.001-640x960.jpeg\" alt=\"Long \u00eelot central \u00e9volutif avec plan de travail r\u00e9glable chic et \u00e9l\u00e9gant noir et marbre \" class=\"wp-image-84073\" title=\"Long \u00eelot central \u00e9volutif avec plan de travail r\u00e9glable chic et \u00e9l\u00e9gant noir et marbre \" srcset=\"https:\/\/www.cocondedecoration.com\/blog\/wp-content\/uploads\/2025\/07\/ilot-central-pas-cher-conforama.001-640x960.jpeg 640w, https:\/\/www.cocondedecoration.com\/blog\/wp-content\/uploads\/2025\/07\/ilot-central-pas-cher-conforama.001-260x390.jpeg 260w, https:\/\/www.cocondedecoration.com\/blog\/wp-content\/uploads\/2025\/07\/ilot-central-pas-cher-conforama.001-768x1152.jpeg 768w, https:\/\/www.cocondedecoration.com\/blog\/wp-content\/uploads\/2025\/07\/ilot-central-pas-cher-conforama.001-367x550.jpeg 367w, https:\/\/www.cocondedecoration.com\/blog\/wp-content\/uploads\/2025\/07\/ilot-central-pas-cher-conforama.001-333x500.jpeg 333w, https:\/\/www.cocondedecoration.com\/blog\/wp-content\/uploads\/2025\/07\/ilot-central-pas-cher-conforama.001.jpeg 1000w\" sizes=\"(max-width: 640px) 100vw, 640px\" \/><\/a><\/figure>\n<\/div>\n<\/div>\n\n\n\n<div class=\"wp-block-columns is-layout-flex wp-container-core-columns-layout-5 wp-block-columns-is-layout-flex\">\n<div class=\"wp-block-column is-layout-flow wp-block-column-is-layout-flow\">\n<div style=\"height:100px\" aria-hidden=\"true\" class=\"wp-block-spacer\"><\/div>\n\n\n\n<h2 class=\"wp-block-heading\">Billot de cuisine modulable pour un espace de vie rustique et hyper pratique<\/h2>\n\n\n\n<p>Les \u00eelots de cuisine ne sont pas forc\u00e9ment synonymes de cuisine contemporaines. Les designs sont vari\u00e9s et il est possible de trouver un \u00eelot central ind\u00e9pendant dans un style rustique. Ici, un mod\u00e8le robuste avec de nombreux rangement dont un porte-bouteille qui est pratique au quotidien.  <\/p>\n\n\n\n<p>Ses point forts: <\/p>\n\n\n\n<ul>\n<li>en pin recycl\u00e9 et plan de travail en pierre bleue anthracite<\/li>\n\n\n\n<li>une tr\u00e8s grande capacit\u00e9 de rangement pour un mod\u00e8le compact: 4 tiroirs, 2 \u00e9tag\u00e8res ferm\u00e9es avec des portes, 2 barres \u00e0 torchons et 1 casier \u00e0 bouteilles<\/li>\n\n\n\n<li>\u00eelot modulable avec une partie table que l'on peut d\u00e9ployer juste en la tirant <\/li>\n<\/ul>\n\n\n\n<div class=\"wp-block-buttons is-content-justification-center is-layout-flex wp-container-core-buttons-layout-5 wp-block-buttons-is-layout-flex\">\n<div class=\"wp-block-button\"><a class=\"wp-block-button__link wp-element-button\" href=\"https:\/\/fnty.co\/c\/r-GIVGNLAS\" target=\"_blank\" rel=\"noreferrer noopener\">Acheter<\/a><\/div>\n<\/div>\n\n\n\n<p>O\u00f9 trouver cet \u00eelot? Maisons du Monde <br>Dimensions: P75 x H80 x L120 cm<br>Prix: 1\u202f399,00 \u20ac<\/p>\n<\/div>\n\n\n\n<div class=\"wp-block-column is-layout-flow wp-block-column-is-layout-flow\">\n<figure class=\"wp-block-image size-large\"><a href=\"https:\/\/www.cocondedecoration.com\/blog\/wp-content\/uploads\/2025\/07\/ilot-de-cuisine-independant-maisons-du-monde.003.jpeg\"><img loading=\"lazy\" decoding=\"async\" width=\"640\" height=\"960\" src=\"https:\/\/www.cocondedecoration.com\/blog\/wp-content\/uploads\/2025\/07\/ilot-de-cuisine-independant-maisons-du-monde.003-640x960.jpeg\" alt=\"Billot cuisine 2 portes 4 tiroirs en pin recycl\u00e9 effet vieilli\" class=\"wp-image-84064\" title=\"Billot cuisine 2 portes 4 tiroirs en pin recycl\u00e9 effet vieilli\" srcset=\"https:\/\/www.cocondedecoration.com\/blog\/wp-content\/uploads\/2025\/07\/ilot-de-cuisine-independant-maisons-du-monde.003-640x960.jpeg 640w, https:\/\/www.cocondedecoration.com\/blog\/wp-content\/uploads\/2025\/07\/ilot-de-cuisine-independant-maisons-du-monde.003-260x390.jpeg 260w, https:\/\/www.cocondedecoration.com\/blog\/wp-content\/uploads\/2025\/07\/ilot-de-cuisine-independant-maisons-du-monde.003-768x1152.jpeg 768w, https:\/\/www.cocondedecoration.com\/blog\/wp-content\/uploads\/2025\/07\/ilot-de-cuisine-independant-maisons-du-monde.003-367x550.jpeg 367w, https:\/\/www.cocondedecoration.com\/blog\/wp-content\/uploads\/2025\/07\/ilot-de-cuisine-independant-maisons-du-monde.003-333x500.jpeg 333w, https:\/\/www.cocondedecoration.com\/blog\/wp-content\/uploads\/2025\/07\/ilot-de-cuisine-independant-maisons-du-monde.003.jpeg 1000w\" sizes=\"(max-width: 640px) 100vw, 640px\" \/><\/a><\/figure>\n<\/div>\n<\/div>\n\n\n\n<div class=\"wp-block-columns is-layout-flex wp-container-core-columns-layout-6 wp-block-columns-is-layout-flex\">\n<div class=\"wp-block-column is-layout-flow wp-block-column-is-layout-flow\">\n<div style=\"height:100px\" aria-hidden=\"true\" class=\"wp-block-spacer\"><\/div>\n\n\n\n<h2 class=\"wp-block-heading\">\u00celot central rustique pour une cuisine campagne chic <\/h2>\n\n\n\n<p>On reste dans l'id\u00e9e de rustique avec un design plus campagne chic. Il offre une touche plus d\u00e9co \u00e0 votre cuisine gr\u00e2ce \u00e0 sa porte vitr\u00e9e. D'ailleurs, si vous avez une cuisine rustique avec des meubles hauts vitr\u00e9s, c'est une tr\u00e8s bonne solution pour parfaire votre am\u00e9nagement de pi\u00e8ce \u00e0 vivre. <\/p>\n\n\n\n<p>Ses points forts: <\/p>\n\n\n\n<ul>\n<li>en bois recycl\u00e9 <\/li>\n\n\n\n<li>nombreux rangements dont un range-bouteille <\/li>\n\n\n\n<li>une porte vitr\u00e9e <\/li>\n\n\n\n<li>tiroirs pleins et tiroirs effet cagette <\/li>\n<\/ul>\n\n\n\n<div class=\"wp-block-buttons is-content-justification-center is-layout-flex wp-container-core-buttons-layout-6 wp-block-buttons-is-layout-flex\">\n<div class=\"wp-block-button\"><a class=\"wp-block-button__link wp-element-button\" href=\"https:\/\/c3po.link\/Q7SvUzhKCm\" target=\"_blank\" rel=\"noreferrer noopener\">Acheter<\/a><\/div>\n<\/div>\n\n\n\n<p>O\u00f9 trouver cet \u00eelot? La Redoute<br>Dimensions: H90x L180x P75cm<br>Prix: 1389,00 \u20ac<\/p>\n<\/div>\n\n\n\n<div class=\"wp-block-column is-layout-flow wp-block-column-is-layout-flow\">\n<figure class=\"wp-block-image size-large\"><a href=\"https:\/\/www.cocondedecoration.com\/blog\/wp-content\/uploads\/2025\/07\/ilot-cuisine-independant-la-redoute.002.jpeg\"><img loading=\"lazy\" decoding=\"async\" width=\"640\" height=\"960\" src=\"https:\/\/www.cocondedecoration.com\/blog\/wp-content\/uploads\/2025\/07\/ilot-cuisine-independant-la-redoute.002-640x960.jpeg\" alt=\"\u00celot central en bois recycl\u00e9 CHAMP\u00caTRE\" class=\"wp-image-84070\" title=\"\u00celot central en bois recycl\u00e9 CHAMP\u00caTRE\" srcset=\"https:\/\/www.cocondedecoration.com\/blog\/wp-content\/uploads\/2025\/07\/ilot-cuisine-independant-la-redoute.002-640x960.jpeg 640w, https:\/\/www.cocondedecoration.com\/blog\/wp-content\/uploads\/2025\/07\/ilot-cuisine-independant-la-redoute.002-260x390.jpeg 260w, https:\/\/www.cocondedecoration.com\/blog\/wp-content\/uploads\/2025\/07\/ilot-cuisine-independant-la-redoute.002-768x1152.jpeg 768w, https:\/\/www.cocondedecoration.com\/blog\/wp-content\/uploads\/2025\/07\/ilot-cuisine-independant-la-redoute.002-367x550.jpeg 367w, https:\/\/www.cocondedecoration.com\/blog\/wp-content\/uploads\/2025\/07\/ilot-cuisine-independant-la-redoute.002-333x500.jpeg 333w, https:\/\/www.cocondedecoration.com\/blog\/wp-content\/uploads\/2025\/07\/ilot-cuisine-independant-la-redoute.002.jpeg 1000w\" sizes=\"(max-width: 640px) 100vw, 640px\" \/><\/a><\/figure>\n<\/div>\n<\/div>\n\n\n\n<div class=\"wp-block-columns is-layout-flex wp-container-core-columns-layout-7 wp-block-columns-is-layout-flex\">\n<div class=\"wp-block-column is-layout-flow wp-block-column-is-layout-flow\">\n<div style=\"height:100px\" aria-hidden=\"true\" class=\"wp-block-spacer\"><\/div>\n\n\n\n<h2 class=\"wp-block-heading\">\u00celot central accueillant, moderne et compact qui trouve sa place m\u00eame dans une petite cuisine <\/h2>\n\n\n\n<p>A ce stade de la s\u00e9lection, vous avez d\u00e9j\u00e0 du comprendre qu'il existe un vaste choix quant au design de l'\u00eelot ind\u00e9pendant. Il est possible de trouver quelques mod\u00e8les color\u00e9s pour apporter une <a href=\"https:\/\/www.cocondedecoration.com\/blog\/2016\/10\/une-touche-de-couleur-dans-la-cuisine\/\" target=\"_blank\" rel=\"noopener\" title=\"\">touche color\u00e9e<\/a> au centre de la pi\u00e8ce. <\/p>\n\n\n\n<p>Ses points forts: <\/p>\n\n\n\n<ul>\n<li>nombreux rangements: 2 tiroirs, 1 porte, 1 \u00e9tag\u00e8re, 6 niches et porte-torchon<\/li>\n\n\n\n<li>couleur dans l'air du temps: vert d'eau <\/li>\n\n\n\n<li>\u00eelot compact qui trouve sa place dans toutes les tailles de cuisine<\/li>\n\n\n\n<li>petite tablette rabattable pour pouvoir manger ou agrandir le plan de travail <\/li>\n<\/ul>\n\n\n\n<div class=\"wp-block-buttons is-content-justification-center is-layout-flex wp-container-core-buttons-layout-7 wp-block-buttons-is-layout-flex\">\n<div class=\"wp-block-button\"><a class=\"wp-block-button__link wp-element-button\" href=\"https:\/\/fnty.co\/c\/r-MOoqulov\" target=\"_blank\" rel=\"noreferrer noopener\">Acheter<\/a><\/div>\n<\/div>\n\n\n\n<p>O\u00f9 trouver cet \u00eelot? Maisons du Monde <br>Dimensions: P84,5 x H92 x L103cm<br>Prix: 499,00 \u20ac<\/p>\n<\/div>\n\n\n\n<div class=\"wp-block-column is-layout-flow wp-block-column-is-layout-flow\">\n<figure class=\"wp-block-image size-large\"><a href=\"https:\/\/www.cocondedecoration.com\/blog\/wp-content\/uploads\/2025\/07\/ilot-de-cuisine-independant-maisons-du-monde.004.jpeg\"><img loading=\"lazy\" decoding=\"async\" width=\"640\" height=\"960\" src=\"https:\/\/www.cocondedecoration.com\/blog\/wp-content\/uploads\/2025\/07\/ilot-de-cuisine-independant-maisons-du-monde.004-640x960.jpeg\" alt=\"\u00celot central cuisine 2 tiroirs, 1 porte, 1 \u00e9tag\u00e8re et 6 niches vert d'eau et beige\" class=\"wp-image-84065\" title=\"\u00celot central cuisine 2 tiroirs, 1 porte, 1 \u00e9tag\u00e8re et 6 niches vert d'eau et beige\" srcset=\"https:\/\/www.cocondedecoration.com\/blog\/wp-content\/uploads\/2025\/07\/ilot-de-cuisine-independant-maisons-du-monde.004-640x960.jpeg 640w, https:\/\/www.cocondedecoration.com\/blog\/wp-content\/uploads\/2025\/07\/ilot-de-cuisine-independant-maisons-du-monde.004-260x390.jpeg 260w, https:\/\/www.cocondedecoration.com\/blog\/wp-content\/uploads\/2025\/07\/ilot-de-cuisine-independant-maisons-du-monde.004-768x1152.jpeg 768w, https:\/\/www.cocondedecoration.com\/blog\/wp-content\/uploads\/2025\/07\/ilot-de-cuisine-independant-maisons-du-monde.004-367x550.jpeg 367w, https:\/\/www.cocondedecoration.com\/blog\/wp-content\/uploads\/2025\/07\/ilot-de-cuisine-independant-maisons-du-monde.004-333x500.jpeg 333w, https:\/\/www.cocondedecoration.com\/blog\/wp-content\/uploads\/2025\/07\/ilot-de-cuisine-independant-maisons-du-monde.004.jpeg 1000w\" sizes=\"(max-width: 640px) 100vw, 640px\" \/><\/a><\/figure>\n<\/div>\n<\/div>\n\n\n\n<div class=\"wp-block-columns is-layout-flex wp-container-core-columns-layout-8 wp-block-columns-is-layout-flex\">\n<div class=\"wp-block-column is-layout-flow wp-block-column-is-layout-flow\">\n<div style=\"height:100px\" aria-hidden=\"true\" class=\"wp-block-spacer\"><\/div>\n\n\n\n<h2 class=\"wp-block-heading\">Plus de rangement gr\u00e2ce \u00e0 un petit \u00eelot central optimis\u00e9 <\/h2>\n\n\n\n<p>Dans une petite cuisine ou dans un petit appartement, cet \u00eelot vous sera d'une aide pr\u00e9cieuse gr\u00e2ce \u00e0 ses nombreux rangements. Parfait pour d\u00e9sencombrer des placards trop plein et garder sous la main l'essentiel pour cuisiner. <\/p>\n\n\n\n<p>Ses points forts: <\/p>\n\n\n\n<ul>\n<li>plateau rabattable<\/li>\n\n\n\n<li>nombreux rangements: \u00e9tag\u00e8res \u00e0 \u00e9pices, \u00e9tag\u00e8re double face, 3 tiroirs, 2 portes avec tablettes, porte-torchon <\/li>\n\n\n\n<li>5 roulettes lisses, dont 2 avec freins<\/li>\n<\/ul>\n\n\n\n<div class=\"wp-block-buttons is-content-justification-center is-layout-flex wp-container-core-buttons-layout-8 wp-block-buttons-is-layout-flex\">\n<div class=\"wp-block-button\"><a class=\"wp-block-button__link wp-element-button\" href=\"https:\/\/c3po.link\/nmfNqZYryU\" target=\"_blank\" rel=\"noreferrer noopener\">Acheter<\/a><\/div>\n<\/div>\n\n\n\n<p>O\u00f9 trouver cet \u00eelot? Conforama<br>Dimensions: Longueur 140 x largeur 90 x hauteur 92,5cm<br>Prix: 440\u20ac99<\/p>\n<\/div>\n\n\n\n<div class=\"wp-block-column is-layout-flow wp-block-column-is-layout-flow\">\n<figure class=\"wp-block-image size-large\"><a href=\"https:\/\/www.cocondedecoration.com\/blog\/wp-content\/uploads\/2025\/07\/ilot-central-pas-cher-conforama.002.jpeg\"><img loading=\"lazy\" decoding=\"async\" width=\"640\" height=\"960\" src=\"https:\/\/www.cocondedecoration.com\/blog\/wp-content\/uploads\/2025\/07\/ilot-central-pas-cher-conforama.002-640x960.jpeg\" alt=\"\u00eelot cetral avec nombreux rangement \u00e9tag\u00e8res \u00e0 \u00e9pices tiroirs et plateau rabattable noir et bois roulettes avec frein \" class=\"wp-image-84074\" title=\"\u00eelot cetral avec nombreux rangement \u00e9tag\u00e8res \u00e0 \u00e9pices tiroirs et plateau rabattable noir et bois roulettes avec frein \" srcset=\"https:\/\/www.cocondedecoration.com\/blog\/wp-content\/uploads\/2025\/07\/ilot-central-pas-cher-conforama.002-640x960.jpeg 640w, https:\/\/www.cocondedecoration.com\/blog\/wp-content\/uploads\/2025\/07\/ilot-central-pas-cher-conforama.002-260x390.jpeg 260w, https:\/\/www.cocondedecoration.com\/blog\/wp-content\/uploads\/2025\/07\/ilot-central-pas-cher-conforama.002-768x1152.jpeg 768w, https:\/\/www.cocondedecoration.com\/blog\/wp-content\/uploads\/2025\/07\/ilot-central-pas-cher-conforama.002-367x550.jpeg 367w, https:\/\/www.cocondedecoration.com\/blog\/wp-content\/uploads\/2025\/07\/ilot-central-pas-cher-conforama.002-333x500.jpeg 333w, https:\/\/www.cocondedecoration.com\/blog\/wp-content\/uploads\/2025\/07\/ilot-central-pas-cher-conforama.002.jpeg 1000w\" sizes=\"(max-width: 640px) 100vw, 640px\" \/><\/a><\/figure>\n<\/div>\n<\/div>\n\n\n\n<div class=\"wp-block-columns is-layout-flex wp-container-core-columns-layout-9 wp-block-columns-is-layout-flex\">\n<div class=\"wp-block-column is-layout-flow wp-block-column-is-layout-flow\">\n<div style=\"height:100px\" aria-hidden=\"true\" class=\"wp-block-spacer\"><\/div>\n\n\n\n<h2 class=\"wp-block-heading\">\u00celot de cuisine moderne avec grande table et rangements <\/h2>\n\n\n\n<p>Si vous cherchez \u00e0 faire \u00e9voluer le style de votre cuisine et lui offrir un look plus \u00e9l\u00e9gant, cet \u00eelot est id\u00e9al. Le mariage du bois et du marbre offre une grande \u00e9l\u00e9gance \u00e0 ce meuble d'appoint tout comme le pied textur\u00e9 qui soutient la table de repas. <\/p>\n\n\n\n<p>Ses points forts: <\/p>\n\n\n\n<ul>\n<li>2 tiroirs, 1 \u00e9tag\u00e8re spacieuse et 2 niches<\/li>\n\n\n\n<li>mix entre bois et marbre blanc<\/li>\n\n\n\n<li>pied canel\u00e9 et bout de table arrondi <\/li>\n\n\n\n<li>possibilit\u00e9 de manger \u00e0 4 autour de l'\u00eelot <\/li>\n\n\n\n<li>esth\u00e9tique contemporaine et chic  <\/li>\n<\/ul>\n\n\n\n<div class=\"wp-block-buttons is-content-justification-center is-layout-flex wp-container-core-buttons-layout-9 wp-block-buttons-is-layout-flex\">\n<div class=\"wp-block-button\"><a class=\"wp-block-button__link wp-element-button\" href=\"https:\/\/fnty.co\/c\/r-WwCEUuXJ\" target=\"_blank\" rel=\"noreferrer noopener\">Acheter<\/a><\/div>\n<\/div>\n\n\n\n<p>O\u00f9 trouver cet \u00eelot? Maisons du Monde<br>Dimensions: P82 x H91 x L192cm<br>Prix: 1\u202f699,00\u00a0\u20ac<br>Bois responsable FSC\u2122<\/p>\n<\/div>\n\n\n\n<div class=\"wp-block-column is-layout-flow wp-block-column-is-layout-flow\">\n<figure class=\"wp-block-image size-large\"><a href=\"https:\/\/www.cocondedecoration.com\/blog\/wp-content\/uploads\/2025\/07\/ilot-de-cuisine-independant-maisons-du-monde.005.jpeg\"><img loading=\"lazy\" decoding=\"async\" width=\"640\" height=\"960\" src=\"https:\/\/www.cocondedecoration.com\/blog\/wp-content\/uploads\/2025\/07\/ilot-de-cuisine-independant-maisons-du-monde.005-640x960.jpeg\" alt=\"\u00celot central cuisine 2 tiroirs, 1 \u00e9tag\u00e8re et 2 niches pied en marbre blanc chic \" class=\"wp-image-84066\" title=\"\u00celot central cuisine 2 tiroirs, 1 \u00e9tag\u00e8re et 2 niches pied en marbre blanc chic \" srcset=\"https:\/\/www.cocondedecoration.com\/blog\/wp-content\/uploads\/2025\/07\/ilot-de-cuisine-independant-maisons-du-monde.005-640x960.jpeg 640w, https:\/\/www.cocondedecoration.com\/blog\/wp-content\/uploads\/2025\/07\/ilot-de-cuisine-independant-maisons-du-monde.005-260x390.jpeg 260w, https:\/\/www.cocondedecoration.com\/blog\/wp-content\/uploads\/2025\/07\/ilot-de-cuisine-independant-maisons-du-monde.005-768x1152.jpeg 768w, https:\/\/www.cocondedecoration.com\/blog\/wp-content\/uploads\/2025\/07\/ilot-de-cuisine-independant-maisons-du-monde.005-367x550.jpeg 367w, https:\/\/www.cocondedecoration.com\/blog\/wp-content\/uploads\/2025\/07\/ilot-de-cuisine-independant-maisons-du-monde.005-333x500.jpeg 333w, https:\/\/www.cocondedecoration.com\/blog\/wp-content\/uploads\/2025\/07\/ilot-de-cuisine-independant-maisons-du-monde.005.jpeg 1000w\" sizes=\"(max-width: 640px) 100vw, 640px\" \/><\/a><\/figure>\n<\/div>\n<\/div>\n\n\n\n<div class=\"wp-block-columns is-layout-flex wp-container-core-columns-layout-10 wp-block-columns-is-layout-flex\">\n<div class=\"wp-block-column is-layout-flow wp-block-column-is-layout-flow\">\n<div style=\"height:100px\" aria-hidden=\"true\" class=\"wp-block-spacer\"><\/div>\n\n\n\n<h2 class=\"wp-block-heading\">\u00celot et coin repas dans la cuisine <\/h2>\n\n\n\n<p>Pour certain\u2022e\u2022s, manger dans la cuisine est un luxe qui semble inaccessible. Mais avec un petit \u00eelot ce r\u00eave peut devenir r\u00e9alit\u00e9! Son allure moderne et simple s'int\u00e8gre ais\u00e9ment dans de nombreux styles. <\/p>\n\n\n\n<p>Ses points forts: <\/p>\n\n\n\n<ul>\n<li>\u00e9tag\u00e8res de rangement sur le c\u00f4t\u00e9<\/li>\n\n\n\n<li>effet tasseaux en bois <\/li>\n\n\n\n<li>table de repas 2 \u00e0 3 places <\/li>\n\n\n\n<li>look chaleureux et \u00e9pur\u00e9, peu encombrant visuellement <\/li>\n<\/ul>\n\n\n\n<div class=\"wp-block-buttons is-content-justification-center is-layout-flex wp-container-core-buttons-layout-10 wp-block-buttons-is-layout-flex\">\n<div class=\"wp-block-button\"><a class=\"wp-block-button__link wp-element-button\" href=\"https:\/\/c3po.link\/QPSTeNfnDK\" target=\"_blank\" rel=\"noreferrer noopener\">Acheter<\/a><\/div>\n<\/div>\n\n\n\n<p>O\u00f9 trouver cet \u00eelot? La Redoute<br>Dimensions: L130,5 x H90 x P90cm <br>Prix: 869,00 \u20ac<\/p>\n<\/div>\n\n\n\n<div class=\"wp-block-column is-layout-flow wp-block-column-is-layout-flow\">\n<figure class=\"wp-block-image size-large\"><a href=\"https:\/\/www.cocondedecoration.com\/blog\/wp-content\/uploads\/2025\/07\/ilot-cuisine-independant-la-redoute.003.jpeg\"><img loading=\"lazy\" decoding=\"async\" width=\"640\" height=\"960\" src=\"https:\/\/www.cocondedecoration.com\/blog\/wp-content\/uploads\/2025\/07\/ilot-cuisine-independant-la-redoute.003-640x960.jpeg\" alt=\"\u00eelot de cuisine ind\u00e9pendant en bois moderne effet tasseaux avec table de repas 3 personnes \" class=\"wp-image-84071\" title=\"\u00eelot de cuisine ind\u00e9pendant en bois moderne effet tasseaux avec table de repas 3 personnes \" srcset=\"https:\/\/www.cocondedecoration.com\/blog\/wp-content\/uploads\/2025\/07\/ilot-cuisine-independant-la-redoute.003-640x960.jpeg 640w, https:\/\/www.cocondedecoration.com\/blog\/wp-content\/uploads\/2025\/07\/ilot-cuisine-independant-la-redoute.003-260x390.jpeg 260w, https:\/\/www.cocondedecoration.com\/blog\/wp-content\/uploads\/2025\/07\/ilot-cuisine-independant-la-redoute.003-768x1152.jpeg 768w, https:\/\/www.cocondedecoration.com\/blog\/wp-content\/uploads\/2025\/07\/ilot-cuisine-independant-la-redoute.003-367x550.jpeg 367w, https:\/\/www.cocondedecoration.com\/blog\/wp-content\/uploads\/2025\/07\/ilot-cuisine-independant-la-redoute.003-333x500.jpeg 333w, https:\/\/www.cocondedecoration.com\/blog\/wp-content\/uploads\/2025\/07\/ilot-cuisine-independant-la-redoute.003.jpeg 1000w\" sizes=\"(max-width: 640px) 100vw, 640px\" \/><\/a><\/figure>\n<\/div>\n<\/div>\n\n\n\n<div class=\"wp-block-columns is-layout-flex wp-container-core-columns-layout-11 wp-block-columns-is-layout-flex\">\n<div class=\"wp-block-column is-layout-flow wp-block-column-is-layout-flow\">\n<div style=\"height:100px\" aria-hidden=\"true\" class=\"wp-block-spacer\"><\/div>\n\n\n\n<h2 class=\"wp-block-heading\">Petit \u00eelot de cuisine ind\u00e9pendant au look industriel <\/h2>\n\n\n\n<p>Le style industriel est un intemporel qui sied particuli\u00e8rement bien \u00e0 l'espace cuisine. Cet \u00eelot allie m\u00e9tal fonc\u00e9 et bois ainsi qu'un design simple et fonctionnel qui offrira une touche plus r\u00e9tro \/ indus' \/ <a href=\"https:\/\/www.cocondedecoration.com\/blog\/2021\/11\/cuisine-style-masculin\/\" target=\"_blank\" rel=\"noopener\" title=\"\">masculine<\/a> \u00e0 votre espace de vie. <\/p>\n\n\n\n<p>Ses points forts: <\/p>\n\n\n\n<ul>\n<li>rangement de chaque c\u00f4t\u00e9: 1 portes et 4 \u00e9tag\u00e8res\u00a0+ 2 \u00e9tag\u00e8res d\u2019un autre c\u00f4t\u00e9 + porte-torchon <\/li>\n\n\n\n<li>table pour 2 personnes <\/li>\n\n\n\n<li>en m\u00e9tal sombre et sapin <\/li>\n<\/ul>\n\n\n\n<div class=\"wp-block-buttons is-content-justification-center is-layout-flex wp-container-core-buttons-layout-11 wp-block-buttons-is-layout-flex\">\n<div class=\"wp-block-button\"><a class=\"wp-block-button__link wp-element-button\" href=\"https:\/\/fnty.co\/c\/r-NOukeCCP\" target=\"_blank\" rel=\"noreferrer noopener\">Acheter<\/a><\/div>\n<\/div>\n\n\n\n<p>O\u00f9 trouver cet \u00eelot? Maisons du Monde <br>Dimensions: P40 x L90 x H100cm<br>Prix: 299,00 \u20ac<br>Bois responsable FSC\u2122<\/p>\n<\/div>\n\n\n\n<div class=\"wp-block-column is-layout-flow wp-block-column-is-layout-flow\">\n<figure class=\"wp-block-image size-large\"><a href=\"https:\/\/www.cocondedecoration.com\/blog\/wp-content\/uploads\/2025\/07\/ilot-de-cuisine-independant-maisons-du-monde.006.jpeg\"><img loading=\"lazy\" decoding=\"async\" width=\"640\" height=\"960\" src=\"https:\/\/www.cocondedecoration.com\/blog\/wp-content\/uploads\/2025\/07\/ilot-de-cuisine-independant-maisons-du-monde.006-640x960.jpeg\" alt=\"\u00celot central cuisine 1 porte en bois de sapin et m\u00e9tal noir\" class=\"wp-image-84067\" title=\"\u00celot central cuisine 1 porte en bois de sapin et m\u00e9tal noir\" srcset=\"https:\/\/www.cocondedecoration.com\/blog\/wp-content\/uploads\/2025\/07\/ilot-de-cuisine-independant-maisons-du-monde.006-640x960.jpeg 640w, https:\/\/www.cocondedecoration.com\/blog\/wp-content\/uploads\/2025\/07\/ilot-de-cuisine-independant-maisons-du-monde.006-260x390.jpeg 260w, https:\/\/www.cocondedecoration.com\/blog\/wp-content\/uploads\/2025\/07\/ilot-de-cuisine-independant-maisons-du-monde.006-768x1152.jpeg 768w, https:\/\/www.cocondedecoration.com\/blog\/wp-content\/uploads\/2025\/07\/ilot-de-cuisine-independant-maisons-du-monde.006-367x550.jpeg 367w, https:\/\/www.cocondedecoration.com\/blog\/wp-content\/uploads\/2025\/07\/ilot-de-cuisine-independant-maisons-du-monde.006-333x500.jpeg 333w, https:\/\/www.cocondedecoration.com\/blog\/wp-content\/uploads\/2025\/07\/ilot-de-cuisine-independant-maisons-du-monde.006.jpeg 1000w\" sizes=\"(max-width: 640px) 100vw, 640px\" \/><\/a><\/figure>\n<\/div>\n<\/div>\n\n\n\n<div class=\"wp-block-columns is-layout-flex wp-container-core-columns-layout-12 wp-block-columns-is-layout-flex\">\n<div class=\"wp-block-column is-layout-flow wp-block-column-is-layout-flow\">\n<div style=\"height:100px\" aria-hidden=\"true\" class=\"wp-block-spacer\"><\/div>\n\n\n\n<h2 class=\"wp-block-heading\">Petit \u00eelot de cuisine scandinave avec plateau rabattable <\/h2>\n\n\n\n<p>L'association du bois et du blanc n'a plus ses preuves \u00e0 faire. C'est un mix chaleureux et lumineux qui apportera au coeur votre cuisine une touche d'\u00e9clat. En plus d'un design passe-partout, cet \u00eelot offre de nombreux rangement et une tablette de repas pliante. Gain de place non n\u00e9gligeable pour les petites cuisines. <\/p>\n\n\n\n<p>Ses points forts: <\/p>\n\n\n\n<ul>\n<li>deux tiroirs, des \u00e9tag\u00e8res fixes et des surfaces de rangement double face<\/li>\n\n\n\n<li>plateau r\u00e9glable qui peut \u00eatre rabattu <\/li>\n\n\n\n<li>style intemporel <\/li>\n<\/ul>\n\n\n\n<div class=\"wp-block-buttons is-content-justification-center is-layout-flex wp-container-core-buttons-layout-12 wp-block-buttons-is-layout-flex\">\n<div class=\"wp-block-button\"><a class=\"wp-block-button__link wp-element-button\" href=\"https:\/\/c3po.link\/QtNd9WT8f2\" target=\"_blank\" rel=\"noreferrer noopener\">Acheter<\/a><\/div>\n<\/div>\n\n\n\n<p>O\u00f9 trouver cet \u00eelot? Conforama <br>Dimensions: \u00a0120 x 40 x 90 cm (L x l x H) quand il est d\u00e9pli\u00e9 <br>Prix: 428\u20ac98<\/p>\n<\/div>\n\n\n\n<div class=\"wp-block-column is-layout-flow wp-block-column-is-layout-flow\">\n<figure class=\"wp-block-image size-large\"><a href=\"https:\/\/www.cocondedecoration.com\/blog\/wp-content\/uploads\/2025\/07\/ilot-central-pas-cher-conforama.003.jpeg\"><img loading=\"lazy\" decoding=\"async\" width=\"640\" height=\"960\" src=\"https:\/\/www.cocondedecoration.com\/blog\/wp-content\/uploads\/2025\/07\/ilot-central-pas-cher-conforama.003-640x960.jpeg\" alt=\"Petit \u00eelot de cuisine scandinave avec plateau rabattable \" class=\"wp-image-84075\" title=\"Petit \u00eelot de cuisine scandinave avec plateau rabattable \" srcset=\"https:\/\/www.cocondedecoration.com\/blog\/wp-content\/uploads\/2025\/07\/ilot-central-pas-cher-conforama.003-640x960.jpeg 640w, https:\/\/www.cocondedecoration.com\/blog\/wp-content\/uploads\/2025\/07\/ilot-central-pas-cher-conforama.003-260x390.jpeg 260w, https:\/\/www.cocondedecoration.com\/blog\/wp-content\/uploads\/2025\/07\/ilot-central-pas-cher-conforama.003-768x1152.jpeg 768w, https:\/\/www.cocondedecoration.com\/blog\/wp-content\/uploads\/2025\/07\/ilot-central-pas-cher-conforama.003-367x550.jpeg 367w, https:\/\/www.cocondedecoration.com\/blog\/wp-content\/uploads\/2025\/07\/ilot-central-pas-cher-conforama.003-333x500.jpeg 333w, https:\/\/www.cocondedecoration.com\/blog\/wp-content\/uploads\/2025\/07\/ilot-central-pas-cher-conforama.003.jpeg 1000w\" sizes=\"(max-width: 640px) 100vw, 640px\" \/><\/a><\/figure>\n<\/div>\n<\/div>\n\n\n\n<div class=\"wp-block-columns is-layout-flex wp-container-core-columns-layout-13 wp-block-columns-is-layout-flex\">\n<div class=\"wp-block-column is-layout-flow wp-block-column-is-layout-flow\">\n<div style=\"height:100px\" aria-hidden=\"true\" class=\"wp-block-spacer\"><\/div>\n\n\n\n<h2 class=\"wp-block-heading\">\u00celot de cuisine en bois avec tasseaux pour une touche plus chaleureuse et moderne <\/h2>\n\n\n\n<p>Pour r\u00e9chauffer l'ambiance d'une cuisine quoi de mieux que le bois? Cet \u00eelot vous permettra \u00e9galement d'apporter \u00e0 votre espace une touche plus contemporaine gr\u00e2ce \u00e0 la texture tasseaux. <\/p>\n\n\n\n<p>Ses points forts: <\/p>\n\n\n\n<ul>\n<li>moderne avec une fa\u00e7ade en tasseaux<\/li>\n\n\n\n<li>espace de rangement pour les bouteilles <\/li>\n\n\n\n<li>\u00e9tag\u00e8res de plusieurs tailles <\/li>\n\n\n\n<li>tiroir pour ranger les ustensiles de cuisine<\/li>\n\n\n\n<li>sur roulettes, facilement d\u00e9pla\u00e7able <\/li>\n<\/ul>\n\n\n\n<div class=\"wp-block-buttons is-content-justification-center is-layout-flex wp-container-core-buttons-layout-13 wp-block-buttons-is-layout-flex\">\n<div class=\"wp-block-button\"><a class=\"wp-block-button__link wp-element-button\" href=\"https:\/\/fnty.co\/c\/r-RMsCDKXD\" target=\"_blank\" rel=\"noreferrer noopener\">Acheter<\/a><\/div>\n<\/div>\n\n\n\n<p>O\u00f9 trouver cet \u00eelot? Maisons du Monde<br>Dimensions: P60 x H90 x L105cm<br>Prix: 299,99 \u20ac<\/p>\n\n\n\n<p>Plus d'id\u00e9es: <a href=\"https:\/\/www.cocondedecoration.com\/blog\/2019\/02\/idees-deco-du-carrelage-blanc-et-du-bois-dans-la-cuisine\/\" target=\"_blank\" rel=\"noopener\" title=\"\">Du carrelage blanc et du bois dans la cuisine<\/a><\/p>\n<\/div>\n\n\n\n<div class=\"wp-block-column is-layout-flow wp-block-column-is-layout-flow\">\n<figure class=\"wp-block-image size-large\"><a href=\"https:\/\/www.cocondedecoration.com\/blog\/wp-content\/uploads\/2025\/07\/ilot-de-cuisine-independant-maisons-du-monde.007.jpeg\"><img loading=\"lazy\" decoding=\"async\" width=\"640\" height=\"960\" src=\"https:\/\/www.cocondedecoration.com\/blog\/wp-content\/uploads\/2025\/07\/ilot-de-cuisine-independant-maisons-du-monde.007-640x960.jpeg\" alt=\"Ilot de cuisine multi-rangement effet bois avec tasseaux\" class=\"wp-image-84068\" title=\"Ilot de cuisine multi-rangement effet bois avec tasseaux\" srcset=\"https:\/\/www.cocondedecoration.com\/blog\/wp-content\/uploads\/2025\/07\/ilot-de-cuisine-independant-maisons-du-monde.007-640x960.jpeg 640w, https:\/\/www.cocondedecoration.com\/blog\/wp-content\/uploads\/2025\/07\/ilot-de-cuisine-independant-maisons-du-monde.007-260x390.jpeg 260w, https:\/\/www.cocondedecoration.com\/blog\/wp-content\/uploads\/2025\/07\/ilot-de-cuisine-independant-maisons-du-monde.007-768x1152.jpeg 768w, https:\/\/www.cocondedecoration.com\/blog\/wp-content\/uploads\/2025\/07\/ilot-de-cuisine-independant-maisons-du-monde.007-367x550.jpeg 367w, https:\/\/www.cocondedecoration.com\/blog\/wp-content\/uploads\/2025\/07\/ilot-de-cuisine-independant-maisons-du-monde.007-333x500.jpeg 333w, https:\/\/www.cocondedecoration.com\/blog\/wp-content\/uploads\/2025\/07\/ilot-de-cuisine-independant-maisons-du-monde.007.jpeg 1000w\" sizes=\"(max-width: 640px) 100vw, 640px\" \/><\/a><\/figure>\n<\/div>\n<\/div>\n\n\n\n<div class=\"wp-block-columns is-layout-flex wp-container-core-columns-layout-14 wp-block-columns-is-layout-flex\">\n<div class=\"wp-block-column is-layout-flow wp-block-column-is-layout-flow\">\n<div style=\"height:100px\" aria-hidden=\"true\" class=\"wp-block-spacer\"><\/div>\n\n\n\n<h2 class=\"wp-block-heading\">Une touche de couleur et de rangement gr\u00e2ce \u00e0 l'\u00eelot central <\/h2>\n\n\n\n<p>Retour de la couleur avec cet \u00eelot vert et bois qui apportera du charme au centre de votre cuisine. Une certaine simplicit\u00e9 apparente en d\u00e9coule tout en offrant des possibilit\u00e9s de rangement d'appoint non n\u00e9gligeables. <\/p>\n\n\n\n<p>Ses points forts: <\/p>\n\n\n\n<ul>\n<li>plusieurs espaces de rangements: niches ouvertes et niches derri\u00e8res portes <\/li>\n\n\n\n<li>espace repas pour 2 personnes <\/li>\n\n\n\n<li>style maison de campagne <\/li>\n\n\n\n<li>couleur verte + plan de travail en bois <\/li>\n\n\n\n<li>charni\u00e8re soft closing<\/li>\n<\/ul>\n\n\n\n<div class=\"wp-block-buttons is-content-justification-center is-layout-flex wp-container-core-buttons-layout-14 wp-block-buttons-is-layout-flex\">\n<div class=\"wp-block-button\"><a class=\"wp-block-button__link wp-element-button\" href=\"https:\/\/c3po.link\/QuwAxFFDUu\" target=\"_blank\" rel=\"noreferrer noopener\">Acheter<\/a><\/div>\n<\/div>\n\n\n\n<p>O\u00f9 trouver cet \u00eelot? La Redoute<br>Dimensions: L120 x H90 x P90cm<br>Prix: 699,00 \u20ac<br>Bois certifi\u00e9 FSC\u00ae, fabriqu\u00e9 en Europe <\/p>\n\n\n\n<p>A lire aussi: <a href=\"https:\/\/www.cocondedecoration.com\/blog\/2025\/01\/luminaire-cuisine\/\" target=\"_blank\" rel=\"noopener\" title=\"\">Les plus jolis luminaires de cuisine<\/a><\/p>\n<\/div>\n\n\n\n<div class=\"wp-block-column is-layout-flow wp-block-column-is-layout-flow\">\n<figure class=\"wp-block-image size-large\"><a href=\"https:\/\/www.cocondedecoration.com\/blog\/wp-content\/uploads\/2025\/07\/ilot-cuisine-independant-la-redoute.004.jpeg\"><img loading=\"lazy\" decoding=\"async\" width=\"640\" height=\"960\" src=\"https:\/\/www.cocondedecoration.com\/blog\/wp-content\/uploads\/2025\/07\/ilot-cuisine-independant-la-redoute.004-640x960.jpeg\" alt=\"\u00eelot de cuisine avec rangement et espace repas couleur verte bois style maison de campagne\" class=\"wp-image-84072\" title=\"\u00eelot de cuisine avec rangement et espace repas couleur verte bois style maison de campagne\" srcset=\"https:\/\/www.cocondedecoration.com\/blog\/wp-content\/uploads\/2025\/07\/ilot-cuisine-independant-la-redoute.004-640x960.jpeg 640w, https:\/\/www.cocondedecoration.com\/blog\/wp-content\/uploads\/2025\/07\/ilot-cuisine-independant-la-redoute.004-260x390.jpeg 260w, https:\/\/www.cocondedecoration.com\/blog\/wp-content\/uploads\/2025\/07\/ilot-cuisine-independant-la-redoute.004-768x1152.jpeg 768w, https:\/\/www.cocondedecoration.com\/blog\/wp-content\/uploads\/2025\/07\/ilot-cuisine-independant-la-redoute.004-367x550.jpeg 367w, https:\/\/www.cocondedecoration.com\/blog\/wp-content\/uploads\/2025\/07\/ilot-cuisine-independant-la-redoute.004-333x500.jpeg 333w, https:\/\/www.cocondedecoration.com\/blog\/wp-content\/uploads\/2025\/07\/ilot-cuisine-independant-la-redoute.004.jpeg 1000w\" sizes=\"(max-width: 640px) 100vw, 640px\" \/><\/a><\/figure>\n<\/div>\n<\/div>\n\n\n\n<div class=\"wp-block-columns is-layout-flex wp-container-core-columns-layout-15 wp-block-columns-is-layout-flex\">\n<div class=\"wp-block-column is-layout-flow wp-block-column-is-layout-flow\">\n<div style=\"height:100px\" aria-hidden=\"true\" class=\"wp-block-spacer\"><\/div>\n\n\n\n<h2 class=\"wp-block-heading\">\u00celot de cuisine deux niveaux et extensible<\/h2>\n\n\n\n<p>Dernier \u00eelot de ma s\u00e9lection: une forme un peu particuli\u00e8re puisqu'il est en deux niveaux, deux hauteurs diff\u00e9rentes. Une solution qui par exemple peut \u00eatre int\u00e9ressante pour marquer la s\u00e9paration entre la cuisine ouverte et la pi\u00e8ce de vie. <\/p>\n\n\n\n<p>Ses points forts: <\/p>\n\n\n\n<ul>\n<li>\u00e9tag\u00e8res ajustables \u00e0 l'int\u00e9rieur des portes <\/li>\n\n\n\n<li>portes coulissantes <\/li>\n\n\n\n<li>\u00e9tag\u00e8re plus haute que le comptoir <\/li>\n\n\n\n<li>comptoir extensible avec roulettes <\/li>\n<\/ul>\n\n\n\n<div class=\"wp-block-buttons is-content-justification-center is-layout-flex wp-container-core-buttons-layout-15 wp-block-buttons-is-layout-flex\">\n<div class=\"wp-block-button\"><a class=\"wp-block-button__link wp-element-button\" href=\"https:\/\/c3po.link\/QeemNwx9cn\" target=\"_blank\" rel=\"noreferrer noopener\">Acheter<\/a><\/div>\n<\/div>\n\n\n\n<p>O\u00f9 trouver cet \u00eelot? Conforama <br>Dimensions: L110cm x P66cm x H97cm<br>Prix: 214\u20ac95<\/p>\n<\/div>\n\n\n\n<div class=\"wp-block-column is-layout-flow wp-block-column-is-layout-flow\">\n<figure class=\"wp-block-image size-large\"><a href=\"https:\/\/www.cocondedecoration.com\/blog\/wp-content\/uploads\/2025\/07\/ilot-central-pas-cher-conforama.004.jpeg\"><img loading=\"lazy\" decoding=\"async\" width=\"640\" height=\"960\" src=\"https:\/\/www.cocondedecoration.com\/blog\/wp-content\/uploads\/2025\/07\/ilot-central-pas-cher-conforama.004-640x960.jpeg\" alt=\"\u00celot de cuisine deux niveaux et extensible pas cher \" class=\"wp-image-84076\" title=\"\u00celot de cuisine deux niveaux et extensible pas cher \" srcset=\"https:\/\/www.cocondedecoration.com\/blog\/wp-content\/uploads\/2025\/07\/ilot-central-pas-cher-conforama.004-640x960.jpeg 640w, https:\/\/www.cocondedecoration.com\/blog\/wp-content\/uploads\/2025\/07\/ilot-central-pas-cher-conforama.004-260x390.jpeg 260w, https:\/\/www.cocondedecoration.com\/blog\/wp-content\/uploads\/2025\/07\/ilot-central-pas-cher-conforama.004-768x1152.jpeg 768w, https:\/\/www.cocondedecoration.com\/blog\/wp-content\/uploads\/2025\/07\/ilot-central-pas-cher-conforama.004-367x550.jpeg 367w, https:\/\/www.cocondedecoration.com\/blog\/wp-content\/uploads\/2025\/07\/ilot-central-pas-cher-conforama.004-333x500.jpeg 333w, https:\/\/www.cocondedecoration.com\/blog\/wp-content\/uploads\/2025\/07\/ilot-central-pas-cher-conforama.004.jpeg 1000w\" sizes=\"(max-width: 640px) 100vw, 640px\" \/><\/a><\/figure>\n<\/div>\n<\/div>\n\n\n\n<p class=\"has-small-font-size\">Source de l'image d'en-t\u00eate: Andrea Davis via Pexels<br>Note: Cet article contient des liens affili\u00e9s. <\/p>\n","protected":false},"excerpt":{"rendered":"<p>Vous manquez de rangements? de plan de travail? Et si la solution \u00e9tait d&rsquo;ajouter \u00e0 votre cuisine un \u00eelot central ind\u00e9pendant? D\u00e9couvrez ma s\u00e9lection d\u00e9co.<span class=\"more-link\"><a href=\"https:\/\/www.cocondedecoration.com\/blog\/2025\/07\/ilot-central-cuisine-independant\/\">Lire la suite<\/a><\/span><\/p>\n","protected":false},"author":1,"featured_media":84077,"comment_status":"open","ping_status":"open","sticky":true,"template":"","format":"standard","meta":{"om_disable_all_campaigns":false,"_monsterinsights_skip_tracking":false,"_monsterinsights_sitenote_active":false,"_monsterinsights_sitenote_note":"","_monsterinsights_sitenote_category":0,"_uf_show_specific_survey":0,"_uf_disable_surveys":false,"footnotes":""},"categories":[62046],"tags":[3466,2887,3079,4254,1829,2501,2230,2502,2006],"aioseo_notices":[],"_links":{"self":[{"href":"https:\/\/www.cocondedecoration.com\/blog\/wp-json\/wp\/v2\/posts\/84061"}],"collection":[{"href":"https:\/\/www.cocondedecoration.com\/blog\/wp-json\/wp\/v2\/posts"}],"about":[{"href":"https:\/\/www.cocondedecoration.com\/blog\/wp-json\/wp\/v2\/types\/post"}],"author":[{"embeddable":true,"href":"https:\/\/www.cocondedecoration.com\/blog\/wp-json\/wp\/v2\/users\/1"}],"replies":[{"embeddable":true,"href":"https:\/\/www.cocondedecoration.com\/blog\/wp-json\/wp\/v2\/comments?post=84061"}],"version-history":[{"count":2,"href":"https:\/\/www.cocondedecoration.com\/blog\/wp-json\/wp\/v2\/posts\/84061\/revisions"}],"predecessor-version":[{"id":84079,"href":"https:\/\/www.cocondedecoration.com\/blog\/wp-json\/wp\/v2\/posts\/84061\/revisions\/84079"}],"wp:featuredmedia":[{"embeddable":true,"href":"https:\/\/www.cocondedecoration.com\/blog\/wp-json\/wp\/v2\/media\/84077"}],"wp:attachment":[{"href":"https:\/\/www.cocondedecoration.com\/blog\/wp-json\/wp\/v2\/media?parent=84061"}],"wp:term":[{"taxonomy":"category","embeddable":true,"href":"https:\/\/www.cocondedecoration.com\/blog\/wp-json\/wp\/v2\/categories?post=84061"},{"taxonomy":"post_tag","embeddable":true,"href":"https:\/\/www.cocondedecoration.com\/blog\/wp-json\/wp\/v2\/tags?post=84061"}],"curies":[{"name":"wp","href":"https:\/\/api.w.org\/{rel}","templated":true}]}}