{"id":84024,"date":"2025-07-29T08:35:48","date_gmt":"2025-07-29T06:35:48","guid":{"rendered":"https:\/\/www.cocondedecoration.com\/blog\/?p=84024"},"modified":"2025-07-29T09:06:59","modified_gmt":"2025-07-29T07:06:59","slug":"amenager-bureau-10m2","status":"publish","type":"post","link":"https:\/\/www.cocondedecoration.com\/blog\/2025\/07\/amenager-bureau-10m2\/","title":{"rendered":"Comment am\u00e9nager un bureau de 10m2? (avec plans)"},"content":{"rendered":"\n<p>La p\u00e9riode des vacances est souvent propice \u00e0 l'am\u00e9nagement d'un espace de travail \u00e0 la maison. En juillet et ao\u00fbt, on a moins la t\u00eate dans le guidon, on a plus de temps. Et c'est parfait pour mettre au coeur de votre projet d'am\u00e9nagement vos r\u00e9els besoins. Aujourd'hui, je vous propose des s\u00e9ries de plans pour vous aider \u00e0 am\u00e9nager un espace de 10m<sup>2<\/sup> en salle de travail. Plusieurs types d'espaces, plusieurs possibilit\u00e9s. <\/p>\n\n\n\n<!--more-->\n\n\n\n<p><strong>A propos des plans 2D de cet article:<\/strong> ils sont volontairement \u00e9pur\u00e9s. Pas de d\u00e9co, pas de petites choses \"inutiles\". Le but est de vous montrer comment agencer vos meubles pour cr\u00e9er un espace dans lequel il fait bon travailler. M\u00eame si les cotations ne correspondent pas tout \u00e0 fait aux dimensions de votre pi\u00e8ce, ces plans vous permettront de vous faire une id\u00e9e de ce qui est possible chez vous. <\/p>\n\n\n\n<h2 class=\"wp-block-heading\">Plans - bureau 10m<sup>2<\/sup> en longueur comme un couloir <\/h2>\n\n\n\n<p>Premier cas de figure: vous avez un bureau tout en longueur presque comme un couloir. M\u00eame si \u00e7a ne saute pas aux yeux au premier abord, ce format de pi\u00e8ce offre plusieurs possibilit\u00e9s: <\/p>\n\n\n\n<ul>\n<li>espace de travail pour une personne avec de nombreux rangements <\/li>\n\n\n\n<li><a href=\"https:\/\/www.cocondedecoration.com\/blog\/2022\/08\/amenagement-double-bureau\/\" target=\"_blank\" rel=\"noopener\" title=\"\">double bureau<\/a> pour travailler en bin\u00f4me l'un \u00e0 c\u00f4t\u00e9 de l'autre <\/li>\n\n\n\n<li>espace bureau \/ chambre d'amis <\/li>\n<\/ul>\n\n\n\n<div class=\"wp-block-columns is-layout-flex wp-container-core-columns-layout-1 wp-block-columns-is-layout-flex\">\n<div class=\"wp-block-column is-layout-flow wp-block-column-is-layout-flow\">\n<figure class=\"wp-block-image size-large\"><a href=\"https:\/\/www.cocondedecoration.com\/blog\/wp-content\/uploads\/2025\/07\/amenager-bureau-10m2-en-longueur.001.jpeg\"><img loading=\"lazy\" decoding=\"async\" width=\"640\" height=\"960\" src=\"https:\/\/www.cocondedecoration.com\/blog\/wp-content\/uploads\/2025\/07\/amenager-bureau-10m2-en-longueur.001-640x960.jpeg\" alt=\"am\u00e9nager bureau 10m2 en longueur plans 2D espace 5m x 2m une fen\u00eatre une porte\" class=\"wp-image-84025\" title=\"am\u00e9nager bureau 10m2 en longueur plans 2D espace 5m x 2m une fen\u00eatre une porte\" srcset=\"https:\/\/www.cocondedecoration.com\/blog\/wp-content\/uploads\/2025\/07\/amenager-bureau-10m2-en-longueur.001-640x960.jpeg 640w, https:\/\/www.cocondedecoration.com\/blog\/wp-content\/uploads\/2025\/07\/amenager-bureau-10m2-en-longueur.001-260x390.jpeg 260w, https:\/\/www.cocondedecoration.com\/blog\/wp-content\/uploads\/2025\/07\/amenager-bureau-10m2-en-longueur.001-768x1152.jpeg 768w, https:\/\/www.cocondedecoration.com\/blog\/wp-content\/uploads\/2025\/07\/amenager-bureau-10m2-en-longueur.001-367x550.jpeg 367w, https:\/\/www.cocondedecoration.com\/blog\/wp-content\/uploads\/2025\/07\/amenager-bureau-10m2-en-longueur.001-333x500.jpeg 333w, https:\/\/www.cocondedecoration.com\/blog\/wp-content\/uploads\/2025\/07\/amenager-bureau-10m2-en-longueur.001.jpeg 1000w\" sizes=\"(max-width: 640px) 100vw, 640px\" \/><\/a><\/figure>\n<\/div>\n\n\n\n<div class=\"wp-block-column is-layout-flow wp-block-column-is-layout-flow\">\n<figure class=\"wp-block-image size-large\"><a href=\"https:\/\/www.cocondedecoration.com\/blog\/wp-content\/uploads\/2025\/07\/amenager-bureau-10m2-en-longueur.002.jpeg\"><img loading=\"lazy\" decoding=\"async\" width=\"640\" height=\"960\" src=\"https:\/\/www.cocondedecoration.com\/blog\/wp-content\/uploads\/2025\/07\/amenager-bureau-10m2-en-longueur.002-640x960.jpeg\" alt=\"am\u00e9nager bureau 10m2 en longueur une personne bureau d'angle face \u00e0 la fen\u00eatre deux grandes armoires de rangement \" class=\"wp-image-84026\" title=\"am\u00e9nager bureau 10m2 en longueur une personne bureau d'angle face \u00e0 la fen\u00eatre deux grandes armoires de rangement \" srcset=\"https:\/\/www.cocondedecoration.com\/blog\/wp-content\/uploads\/2025\/07\/amenager-bureau-10m2-en-longueur.002-640x960.jpeg 640w, https:\/\/www.cocondedecoration.com\/blog\/wp-content\/uploads\/2025\/07\/amenager-bureau-10m2-en-longueur.002-260x390.jpeg 260w, https:\/\/www.cocondedecoration.com\/blog\/wp-content\/uploads\/2025\/07\/amenager-bureau-10m2-en-longueur.002-768x1152.jpeg 768w, https:\/\/www.cocondedecoration.com\/blog\/wp-content\/uploads\/2025\/07\/amenager-bureau-10m2-en-longueur.002-367x550.jpeg 367w, https:\/\/www.cocondedecoration.com\/blog\/wp-content\/uploads\/2025\/07\/amenager-bureau-10m2-en-longueur.002-333x500.jpeg 333w, https:\/\/www.cocondedecoration.com\/blog\/wp-content\/uploads\/2025\/07\/amenager-bureau-10m2-en-longueur.002.jpeg 1000w\" sizes=\"(max-width: 640px) 100vw, 640px\" \/><\/a><\/figure>\n<\/div>\n<\/div>\n\n\n\n<div class=\"wp-block-columns is-layout-flex wp-container-core-columns-layout-2 wp-block-columns-is-layout-flex\">\n<div class=\"wp-block-column is-layout-flow wp-block-column-is-layout-flow\">\n<figure class=\"wp-block-image size-large\"><a href=\"https:\/\/www.cocondedecoration.com\/blog\/wp-content\/uploads\/2025\/07\/amenager-bureau-10m2-en-longueur.003.jpeg\"><img loading=\"lazy\" decoding=\"async\" width=\"640\" height=\"960\" src=\"https:\/\/www.cocondedecoration.com\/blog\/wp-content\/uploads\/2025\/07\/amenager-bureau-10m2-en-longueur.003-640x960.jpeg\" alt=\"am\u00e9nager bureau 10m2 en longueur double espace de travail pour deux personnes implantation en lin\u00e9aire avec une armoire de rangement \" class=\"wp-image-84027\" title=\"am\u00e9nager bureau 10m2 en longueur double espace de travail pour deux personnes implantation en lin\u00e9aire avec une armoire de rangement \" srcset=\"https:\/\/www.cocondedecoration.com\/blog\/wp-content\/uploads\/2025\/07\/amenager-bureau-10m2-en-longueur.003-640x960.jpeg 640w, https:\/\/www.cocondedecoration.com\/blog\/wp-content\/uploads\/2025\/07\/amenager-bureau-10m2-en-longueur.003-260x390.jpeg 260w, https:\/\/www.cocondedecoration.com\/blog\/wp-content\/uploads\/2025\/07\/amenager-bureau-10m2-en-longueur.003-768x1152.jpeg 768w, https:\/\/www.cocondedecoration.com\/blog\/wp-content\/uploads\/2025\/07\/amenager-bureau-10m2-en-longueur.003-367x550.jpeg 367w, https:\/\/www.cocondedecoration.com\/blog\/wp-content\/uploads\/2025\/07\/amenager-bureau-10m2-en-longueur.003-333x500.jpeg 333w, https:\/\/www.cocondedecoration.com\/blog\/wp-content\/uploads\/2025\/07\/amenager-bureau-10m2-en-longueur.003.jpeg 1000w\" sizes=\"(max-width: 640px) 100vw, 640px\" \/><\/a><\/figure>\n<\/div>\n\n\n\n<div class=\"wp-block-column is-layout-flow wp-block-column-is-layout-flow\">\n<figure class=\"wp-block-image size-large\"><a href=\"https:\/\/www.cocondedecoration.com\/blog\/wp-content\/uploads\/2025\/07\/amenager-bureau-10m2-en-longueur.004.jpeg\"><img loading=\"lazy\" decoding=\"async\" width=\"640\" height=\"960\" src=\"https:\/\/www.cocondedecoration.com\/blog\/wp-content\/uploads\/2025\/07\/amenager-bureau-10m2-en-longueur.004-640x960.jpeg\" alt=\"am\u00e9nager bureau 10m2 en longueur pour une personne espace multi-fonction chambre d'ami avec canap\u00e9 convertible \" class=\"wp-image-84028\" title=\"am\u00e9nager bureau 10m2 en longueur pour une personne espace multi-fonction chambre d'ami avec canap\u00e9 convertible \" srcset=\"https:\/\/www.cocondedecoration.com\/blog\/wp-content\/uploads\/2025\/07\/amenager-bureau-10m2-en-longueur.004-640x960.jpeg 640w, https:\/\/www.cocondedecoration.com\/blog\/wp-content\/uploads\/2025\/07\/amenager-bureau-10m2-en-longueur.004-260x390.jpeg 260w, https:\/\/www.cocondedecoration.com\/blog\/wp-content\/uploads\/2025\/07\/amenager-bureau-10m2-en-longueur.004-768x1152.jpeg 768w, https:\/\/www.cocondedecoration.com\/blog\/wp-content\/uploads\/2025\/07\/amenager-bureau-10m2-en-longueur.004-367x550.jpeg 367w, https:\/\/www.cocondedecoration.com\/blog\/wp-content\/uploads\/2025\/07\/amenager-bureau-10m2-en-longueur.004-333x500.jpeg 333w, https:\/\/www.cocondedecoration.com\/blog\/wp-content\/uploads\/2025\/07\/amenager-bureau-10m2-en-longueur.004.jpeg 1000w\" sizes=\"(max-width: 640px) 100vw, 640px\" \/><\/a><\/figure>\n<\/div>\n<\/div>\n\n\n\n<h3 class=\"wp-block-heading\">Un bureau d'angle et de nombreux rangements <\/h3>\n\n\n\n<p>Possibilit\u00e9 n\u00b01: Un bureau d'angle pour travailler face \u00e0 la fen\u00eatre + des armoires de rangement sur le mur face \u00e0 la porte. Une disposition id\u00e9ale pour travailler seul\u2022e et ranger tout ce qui concerne le travail dans une seule et m\u00eame pi\u00e8ce. Dans cette premi\u00e8re proposition, il y un point \u00e0 prendre en compte qui n'apparait pas forc\u00e9ment sur le plan: la position du soleil dans la fen\u00eatre. Si \u00e0 un moment de la journ\u00e9e, le soleil tape directement dans votre fen\u00eatre, il sera imp\u00e9ratif de pr\u00e9voir <a href=\"https:\/\/www.cocondedecoration.com\/blog\/2023\/05\/comment-choisir-rideaux\/\" target=\"_blank\" rel=\"noopener\" title=\"\">un rideau<\/a> ou un store pour ne pas \u00eatre \u00e9bloui\u2022e. <\/p>\n\n\n\n<h3 class=\"wp-block-heading\">Un bureau double en lin\u00e9aire <\/h3>\n\n\n\n<p>Possibilit\u00e9 n\u00b02: am\u00e9nager un bureau double sur le plus long des murs. Les deux bureaux sont pratiques si vous \u00eates \u00e0 deux \u00e0 travailler \u00e0 domicile ou si vous avez besoin de plusieurs espaces de travail (par exemple: un bureau avec ordinateur + un bureau pour coudre \/ cr\u00e9er). Selon la taille des meubles bureaux choisis et les dimensions de votre mur, il est possible d'ajouter une <a href=\"https:\/\/www.cocondedecoration.com\/blog\/2025\/07\/meuble-rangement-bureau\/\" target=\"_blank\" rel=\"noopener\" title=\"\">armoire de rangement<\/a> dans le prolongement des bureaux. <\/p>\n\n\n\n<h3 class=\"wp-block-heading\">Un espace multi-fonctions: bureau et chambre d'amis<\/h3>\n\n\n\n<p>Possibilit\u00e9 n\u00b03: un espace multi-fonction qui accueille \u00e0 la fois votre bureau et qui peut faire office de chambre d'amis occasionnelle. Ici, j'ai mis un canap\u00e9 2 places pour repr\u00e9senter <a href=\"https:\/\/www.cocondedecoration.com\/blog\/2021\/01\/ou-trouver-canape-convertible-petit-prix\/\" target=\"_blank\" rel=\"noopener\" title=\"\">un convertible<\/a>. Si cet am\u00e9nagement vous parle, la dimension \u00e0 garder en t\u00eate est la longueur du clic-clac d\u00e9pli\u00e9 = 190cm. La largeur de votre pi\u00e8ce doit dont \u00eatre sup\u00e9rieure \u00e0 190cm pour pouvoir d\u00e9plier correctement le canap\u00e9 lit.<\/p>\n\n\n\n<p>Pour approfondir le sujet: <a href=\"https:\/\/www.cocondedecoration.com\/blog\/2022\/04\/amenager-bureau-en-longueur\/\" target=\"_blank\" rel=\"noopener\" title=\"\">Comment am\u00e9nager un bureau en longueur?<\/a>  <\/p>\n\n\n\n<figure class=\"wp-block-gallery has-nested-images columns-default is-cropped wp-block-gallery-1 is-layout-flex wp-block-gallery-is-layout-flex\">\n<figure class=\"wp-block-image size-large\"><a href=\"https:\/\/www.cocondedecoration.com\/blog\/wp-content\/uploads\/2025\/07\/amenagement-bureau-10m2.001.jpeg\"><img loading=\"lazy\" decoding=\"async\" width=\"640\" height=\"960\" data-id=\"84038\" src=\"https:\/\/www.cocondedecoration.com\/blog\/wp-content\/uploads\/2025\/07\/amenagement-bureau-10m2.001-640x960.jpeg\" alt=\"am\u00e9nagement bureau 10m2 pi\u00e8ce en longueur deux espaces de travail en lin\u00e9aire \u00e9tag\u00e8re murale en hauteur d\u00e9co \u00e9pur\u00e9e mur blanc tapis neutre\" class=\"wp-image-84038\" title=\"am\u00e9nagement bureau 10m2 pi\u00e8ce en longueur deux espaces de travail en lin\u00e9aire \u00e9tag\u00e8re murale en hauteur d\u00e9co \u00e9pur\u00e9e mur blanc tapis neutre\" srcset=\"https:\/\/www.cocondedecoration.com\/blog\/wp-content\/uploads\/2025\/07\/amenagement-bureau-10m2.001-640x960.jpeg 640w, https:\/\/www.cocondedecoration.com\/blog\/wp-content\/uploads\/2025\/07\/amenagement-bureau-10m2.001-260x390.jpeg 260w, https:\/\/www.cocondedecoration.com\/blog\/wp-content\/uploads\/2025\/07\/amenagement-bureau-10m2.001-768x1152.jpeg 768w, https:\/\/www.cocondedecoration.com\/blog\/wp-content\/uploads\/2025\/07\/amenagement-bureau-10m2.001-367x550.jpeg 367w, https:\/\/www.cocondedecoration.com\/blog\/wp-content\/uploads\/2025\/07\/amenagement-bureau-10m2.001-333x500.jpeg 333w, https:\/\/www.cocondedecoration.com\/blog\/wp-content\/uploads\/2025\/07\/amenagement-bureau-10m2.001.jpeg 1000w\" sizes=\"(max-width: 640px) 100vw, 640px\" \/><\/a><figcaption class=\"wp-element-caption\">littlereesorhouse.com<\/figcaption><\/figure>\n\n\n\n<figure class=\"wp-block-image size-large\"><a href=\"https:\/\/www.cocondedecoration.com\/blog\/wp-content\/uploads\/2025\/07\/amenagement-bureau-10m2.002.jpeg\"><img loading=\"lazy\" decoding=\"async\" width=\"640\" height=\"960\" data-id=\"84039\" src=\"https:\/\/www.cocondedecoration.com\/blog\/wp-content\/uploads\/2025\/07\/amenagement-bureau-10m2.002-640x960.jpeg\" alt=\"am\u00e9nagement bureau 10m2 en longueur avec canap\u00e9 et petite table id\u00e9e chambre d'amis \" class=\"wp-image-84039\" title=\"am\u00e9nagement bureau 10m2 en longueur avec canap\u00e9 et petite table id\u00e9e chambre d'amis \" srcset=\"https:\/\/www.cocondedecoration.com\/blog\/wp-content\/uploads\/2025\/07\/amenagement-bureau-10m2.002-640x960.jpeg 640w, https:\/\/www.cocondedecoration.com\/blog\/wp-content\/uploads\/2025\/07\/amenagement-bureau-10m2.002-260x390.jpeg 260w, https:\/\/www.cocondedecoration.com\/blog\/wp-content\/uploads\/2025\/07\/amenagement-bureau-10m2.002-768x1152.jpeg 768w, https:\/\/www.cocondedecoration.com\/blog\/wp-content\/uploads\/2025\/07\/amenagement-bureau-10m2.002-367x550.jpeg 367w, https:\/\/www.cocondedecoration.com\/blog\/wp-content\/uploads\/2025\/07\/amenagement-bureau-10m2.002-333x500.jpeg 333w, https:\/\/www.cocondedecoration.com\/blog\/wp-content\/uploads\/2025\/07\/amenagement-bureau-10m2.002.jpeg 1000w\" sizes=\"(max-width: 640px) 100vw, 640px\" \/><\/a><figcaption class=\"wp-element-caption\">przemobania.com<\/figcaption><\/figure>\n\n\n\n<figure class=\"wp-block-image size-large\"><a href=\"https:\/\/www.cocondedecoration.com\/blog\/wp-content\/uploads\/2025\/07\/amenagement-bureau-10m2.003.jpeg\"><img loading=\"lazy\" decoding=\"async\" width=\"640\" height=\"960\" data-id=\"84037\" src=\"https:\/\/www.cocondedecoration.com\/blog\/wp-content\/uploads\/2025\/07\/amenagement-bureau-10m2.003-640x960.jpeg\" alt=\"am\u00e9nagement bureau 10m2 espace de travail pr\u00e8s de la fen\u00eatre meuble en bois avec tiroir d\u00e9co murale galerie cadre papier peint fleuri \" class=\"wp-image-84037\" title=\"am\u00e9nagement bureau 10m2 espace de travail pr\u00e8s de la fen\u00eatre meuble en bois avec tiroir d\u00e9co murale galerie cadre papier peint fleuri \" srcset=\"https:\/\/www.cocondedecoration.com\/blog\/wp-content\/uploads\/2025\/07\/amenagement-bureau-10m2.003-640x960.jpeg 640w, https:\/\/www.cocondedecoration.com\/blog\/wp-content\/uploads\/2025\/07\/amenagement-bureau-10m2.003-260x390.jpeg 260w, https:\/\/www.cocondedecoration.com\/blog\/wp-content\/uploads\/2025\/07\/amenagement-bureau-10m2.003-768x1152.jpeg 768w, https:\/\/www.cocondedecoration.com\/blog\/wp-content\/uploads\/2025\/07\/amenagement-bureau-10m2.003-367x550.jpeg 367w, https:\/\/www.cocondedecoration.com\/blog\/wp-content\/uploads\/2025\/07\/amenagement-bureau-10m2.003-333x500.jpeg 333w, https:\/\/www.cocondedecoration.com\/blog\/wp-content\/uploads\/2025\/07\/amenagement-bureau-10m2.003.jpeg 1000w\" sizes=\"(max-width: 640px) 100vw, 640px\" \/><\/a><figcaption class=\"wp-element-caption\">ainhoagh via Pinterest<\/figcaption><\/figure>\n<\/figure>\n\n\n\n<div class=\"wp-block-columns is-layout-flex wp-container-core-columns-layout-3 wp-block-columns-is-layout-flex\">\n<div class=\"wp-block-column is-layout-flow wp-block-column-is-layout-flow\">\n<figure class=\"wp-block-image size-large\"><a href=\"https:\/\/www.cocondedecoration.com\/blog\/wp-content\/uploads\/2025\/07\/petit-bureau-maisons-du-monde.001.jpeg\"><img loading=\"lazy\" decoding=\"async\" width=\"640\" height=\"640\" src=\"https:\/\/www.cocondedecoration.com\/blog\/wp-content\/uploads\/2025\/07\/petit-bureau-maisons-du-monde.001-640x640.jpeg\" alt=\"Bureau d\u2019ordinateur 3 \u00e9tag\u00e8res 2 tiroirs marron rustique et noir\" class=\"wp-image-84048\" title=\"Bureau d\u2019ordinateur 3 \u00e9tag\u00e8res 2 tiroirs marron rustique et noir\" srcset=\"https:\/\/www.cocondedecoration.com\/blog\/wp-content\/uploads\/2025\/07\/petit-bureau-maisons-du-monde.001-640x640.jpeg 640w, https:\/\/www.cocondedecoration.com\/blog\/wp-content\/uploads\/2025\/07\/petit-bureau-maisons-du-monde.001-260x260.jpeg 260w, https:\/\/www.cocondedecoration.com\/blog\/wp-content\/uploads\/2025\/07\/petit-bureau-maisons-du-monde.001-165x165.jpeg 165w, https:\/\/www.cocondedecoration.com\/blog\/wp-content\/uploads\/2025\/07\/petit-bureau-maisons-du-monde.001-465x465.jpeg 465w, https:\/\/www.cocondedecoration.com\/blog\/wp-content\/uploads\/2025\/07\/petit-bureau-maisons-du-monde.001-500x500.jpeg 500w, https:\/\/www.cocondedecoration.com\/blog\/wp-content\/uploads\/2025\/07\/petit-bureau-maisons-du-monde.001.jpeg 650w\" sizes=\"(max-width: 640px) 100vw, 640px\" \/><\/a><figcaption class=\"wp-element-caption\">Bureau d\u2019ordinateur 3 \u00e9tag\u00e8res 2 tiroirs marron rustique et noir - Maisons du Monde<\/figcaption><\/figure>\n\n\n\n<div class=\"wp-block-buttons is-content-justification-center is-layout-flex wp-container-core-buttons-layout-1 wp-block-buttons-is-layout-flex\">\n<div class=\"wp-block-button\"><a class=\"wp-block-button__link wp-element-button\" href=\"https:\/\/fnty.co\/c\/r-jgCdPWed\" target=\"_blank\" rel=\"noreferrer noopener\">Acheter<\/a><\/div>\n<\/div>\n<\/div>\n\n\n\n<div class=\"wp-block-column is-layout-flow wp-block-column-is-layout-flow\">\n<figure class=\"wp-block-image size-large\"><a href=\"https:\/\/www.cocondedecoration.com\/blog\/wp-content\/uploads\/2025\/07\/bureau-angle-pas-cher-conforama.001.jpeg\"><img loading=\"lazy\" decoding=\"async\" width=\"640\" height=\"640\" src=\"https:\/\/www.cocondedecoration.com\/blog\/wp-content\/uploads\/2025\/07\/bureau-angle-pas-cher-conforama.001-640x640.jpeg\" alt=\"bureau 150 cm coloris Ch\u00eane\/blanc angle\" class=\"wp-image-84051\" title=\"bureau 150 cm coloris Ch\u00eane\/blanc angle\" srcset=\"https:\/\/www.cocondedecoration.com\/blog\/wp-content\/uploads\/2025\/07\/bureau-angle-pas-cher-conforama.001-640x640.jpeg 640w, https:\/\/www.cocondedecoration.com\/blog\/wp-content\/uploads\/2025\/07\/bureau-angle-pas-cher-conforama.001-260x260.jpeg 260w, https:\/\/www.cocondedecoration.com\/blog\/wp-content\/uploads\/2025\/07\/bureau-angle-pas-cher-conforama.001-165x165.jpeg 165w, https:\/\/www.cocondedecoration.com\/blog\/wp-content\/uploads\/2025\/07\/bureau-angle-pas-cher-conforama.001-465x465.jpeg 465w, https:\/\/www.cocondedecoration.com\/blog\/wp-content\/uploads\/2025\/07\/bureau-angle-pas-cher-conforama.001-500x500.jpeg 500w, https:\/\/www.cocondedecoration.com\/blog\/wp-content\/uploads\/2025\/07\/bureau-angle-pas-cher-conforama.001.jpeg 650w\" sizes=\"(max-width: 640px) 100vw, 640px\" \/><\/a><figcaption class=\"wp-element-caption\">Bureau 150 cm coloris Ch\u00eane\/blanc - Conforama<\/figcaption><\/figure>\n\n\n\n<div class=\"wp-block-buttons is-content-justification-center is-layout-flex wp-container-core-buttons-layout-2 wp-block-buttons-is-layout-flex\">\n<div class=\"wp-block-button\"><a class=\"wp-block-button__link wp-element-button\" href=\"https:\/\/c3po.link\/QwpQeBDyZX\" target=\"_blank\" rel=\"noreferrer noopener\">Acheter<\/a><\/div>\n<\/div>\n<\/div>\n\n\n\n<div class=\"wp-block-column is-layout-flow wp-block-column-is-layout-flow\">\n<figure class=\"wp-block-image size-large\"><a href=\"https:\/\/www.cocondedecoration.com\/blog\/wp-content\/uploads\/2025\/07\/bureau-moderne-la-redoute.001.jpeg\"><img loading=\"lazy\" decoding=\"async\" width=\"640\" height=\"640\" src=\"https:\/\/www.cocondedecoration.com\/blog\/wp-content\/uploads\/2025\/07\/bureau-moderne-la-redoute.001-640x640.jpeg\" alt=\"Bureau mindy et cannage \" class=\"wp-image-84054\" title=\"Bureau mindy et cannage \" srcset=\"https:\/\/www.cocondedecoration.com\/blog\/wp-content\/uploads\/2025\/07\/bureau-moderne-la-redoute.001-640x640.jpeg 640w, https:\/\/www.cocondedecoration.com\/blog\/wp-content\/uploads\/2025\/07\/bureau-moderne-la-redoute.001-260x260.jpeg 260w, https:\/\/www.cocondedecoration.com\/blog\/wp-content\/uploads\/2025\/07\/bureau-moderne-la-redoute.001-165x165.jpeg 165w, https:\/\/www.cocondedecoration.com\/blog\/wp-content\/uploads\/2025\/07\/bureau-moderne-la-redoute.001-465x465.jpeg 465w, https:\/\/www.cocondedecoration.com\/blog\/wp-content\/uploads\/2025\/07\/bureau-moderne-la-redoute.001-500x500.jpeg 500w, https:\/\/www.cocondedecoration.com\/blog\/wp-content\/uploads\/2025\/07\/bureau-moderne-la-redoute.001.jpeg 650w\" sizes=\"(max-width: 640px) 100vw, 640px\" \/><\/a><figcaption class=\"wp-element-caption\">Bureau mindy et cannage\u00a0- La Redoute<\/figcaption><\/figure>\n\n\n\n<div class=\"wp-block-buttons is-content-justification-center is-layout-flex wp-container-core-buttons-layout-3 wp-block-buttons-is-layout-flex\">\n<div class=\"wp-block-button\"><a class=\"wp-block-button__link wp-element-button\" href=\"https:\/\/c3po.link\/QwRXnRHfNd\" target=\"_blank\" rel=\"noreferrer noopener\">Acheter<\/a><\/div>\n<\/div>\n<\/div>\n<\/div>\n\n\n\n<h2 class=\"wp-block-heading\">Am\u00e9nagement d'un bureau carr\u00e9 de 10m<sup>2 <\/sup><\/h2>\n\n\n\n<p>Deuxi\u00e8me cas de figure pour un bureau de 10m<sup>2<\/sup>: une pi\u00e8ce plus ou moins carr\u00e9e. Comme dans le cas de figure pr\u00e9c\u00e9dent, plusieurs solutions d'agencement sont possibles: <\/p>\n\n\n\n<ul>\n<li>un bureau d'angle avec un canap\u00e9 convertible <\/li>\n\n\n\n<li>deux bureaux d'angles pour travailler ensemble sans \u00eatre l'un \u00e0 c\u00f4t\u00e9 de l'autre <\/li>\n\n\n\n<li>un bureau double <\/li>\n<\/ul>\n\n\n\n<div class=\"wp-block-columns is-layout-flex wp-container-core-columns-layout-4 wp-block-columns-is-layout-flex\">\n<div class=\"wp-block-column is-layout-flow wp-block-column-is-layout-flow\">\n<figure class=\"wp-block-image size-large\"><a href=\"https:\/\/www.cocondedecoration.com\/blog\/wp-content\/uploads\/2025\/07\/amenagement-bureau-10m2-carre.001.jpeg\"><img loading=\"lazy\" decoding=\"async\" width=\"640\" height=\"960\" src=\"https:\/\/www.cocondedecoration.com\/blog\/wp-content\/uploads\/2025\/07\/amenagement-bureau-10m2-carre.001-640x960.jpeg\" alt=\"am\u00e9nager bureau \u00e0 domicile pi\u00e8ce carr\u00e9e 10m2 une porte deux fen\u00eatre exemples disposition mobilier et possibilit\u00e9s plan 2D\" class=\"wp-image-84029\" title=\"am\u00e9nager bureau \u00e0 domicile pi\u00e8ce carr\u00e9e 10m2 une porte deux fen\u00eatre exemples disposition mobilier et possibilit\u00e9s plan 2D\" srcset=\"https:\/\/www.cocondedecoration.com\/blog\/wp-content\/uploads\/2025\/07\/amenagement-bureau-10m2-carre.001-640x960.jpeg 640w, https:\/\/www.cocondedecoration.com\/blog\/wp-content\/uploads\/2025\/07\/amenagement-bureau-10m2-carre.001-260x390.jpeg 260w, https:\/\/www.cocondedecoration.com\/blog\/wp-content\/uploads\/2025\/07\/amenagement-bureau-10m2-carre.001-768x1152.jpeg 768w, https:\/\/www.cocondedecoration.com\/blog\/wp-content\/uploads\/2025\/07\/amenagement-bureau-10m2-carre.001-367x550.jpeg 367w, https:\/\/www.cocondedecoration.com\/blog\/wp-content\/uploads\/2025\/07\/amenagement-bureau-10m2-carre.001-333x500.jpeg 333w, https:\/\/www.cocondedecoration.com\/blog\/wp-content\/uploads\/2025\/07\/amenagement-bureau-10m2-carre.001.jpeg 1000w\" sizes=\"(max-width: 640px) 100vw, 640px\" \/><\/a><\/figure>\n<\/div>\n\n\n\n<div class=\"wp-block-column is-layout-flow wp-block-column-is-layout-flow\">\n<figure class=\"wp-block-image size-large\"><a href=\"https:\/\/www.cocondedecoration.com\/blog\/wp-content\/uploads\/2025\/07\/amenagement-bureau-10m2-carre.002.jpeg\"><img loading=\"lazy\" decoding=\"async\" width=\"640\" height=\"960\" src=\"https:\/\/www.cocondedecoration.com\/blog\/wp-content\/uploads\/2025\/07\/amenagement-bureau-10m2-carre.002-640x960.jpeg\" alt=\"am\u00e9nager bureau \u00e0 domicile pi\u00e8ce carr\u00e9e 10m2 bureau d'angle armoire de rangement et canap\u00e9 clic-clac chambre d'amis ponctuelle \" class=\"wp-image-84030\" title=\"am\u00e9nager bureau \u00e0 domicile pi\u00e8ce carr\u00e9e 10m2 bureau d'angle armoire de rangement et canap\u00e9 clic-clac chambre d'amis ponctuelle \" srcset=\"https:\/\/www.cocondedecoration.com\/blog\/wp-content\/uploads\/2025\/07\/amenagement-bureau-10m2-carre.002-640x960.jpeg 640w, https:\/\/www.cocondedecoration.com\/blog\/wp-content\/uploads\/2025\/07\/amenagement-bureau-10m2-carre.002-260x390.jpeg 260w, https:\/\/www.cocondedecoration.com\/blog\/wp-content\/uploads\/2025\/07\/amenagement-bureau-10m2-carre.002-768x1152.jpeg 768w, https:\/\/www.cocondedecoration.com\/blog\/wp-content\/uploads\/2025\/07\/amenagement-bureau-10m2-carre.002-367x550.jpeg 367w, https:\/\/www.cocondedecoration.com\/blog\/wp-content\/uploads\/2025\/07\/amenagement-bureau-10m2-carre.002-333x500.jpeg 333w, https:\/\/www.cocondedecoration.com\/blog\/wp-content\/uploads\/2025\/07\/amenagement-bureau-10m2-carre.002.jpeg 1000w\" sizes=\"(max-width: 640px) 100vw, 640px\" \/><\/a><\/figure>\n<\/div>\n<\/div>\n\n\n\n<div class=\"wp-block-columns is-layout-flex wp-container-core-columns-layout-5 wp-block-columns-is-layout-flex\">\n<div class=\"wp-block-column is-layout-flow wp-block-column-is-layout-flow\">\n<figure class=\"wp-block-image size-large\"><a href=\"https:\/\/www.cocondedecoration.com\/blog\/wp-content\/uploads\/2025\/07\/amenagement-bureau-10m2-carre.003.jpeg\"><img loading=\"lazy\" decoding=\"async\" width=\"640\" height=\"960\" src=\"https:\/\/www.cocondedecoration.com\/blog\/wp-content\/uploads\/2025\/07\/amenagement-bureau-10m2-carre.003-640x960.jpeg\" alt=\"am\u00e9nager bureau \u00e0 domicile pi\u00e8ce carr\u00e9e 10m2 deux bureaux s\u00e9par\u00e9s dans chaque angle de l'espace meuble d'angle armoire de rangement et caisson nombreux rangements\" class=\"wp-image-84031\" title=\"am\u00e9nager bureau \u00e0 domicile pi\u00e8ce carr\u00e9e 10m2 deux bureaux s\u00e9par\u00e9s dans chaque angle de l'espace meuble d'angle armoire de rangement et caisson nombreux rangements\" srcset=\"https:\/\/www.cocondedecoration.com\/blog\/wp-content\/uploads\/2025\/07\/amenagement-bureau-10m2-carre.003-640x960.jpeg 640w, https:\/\/www.cocondedecoration.com\/blog\/wp-content\/uploads\/2025\/07\/amenagement-bureau-10m2-carre.003-260x390.jpeg 260w, https:\/\/www.cocondedecoration.com\/blog\/wp-content\/uploads\/2025\/07\/amenagement-bureau-10m2-carre.003-768x1152.jpeg 768w, https:\/\/www.cocondedecoration.com\/blog\/wp-content\/uploads\/2025\/07\/amenagement-bureau-10m2-carre.003-367x550.jpeg 367w, https:\/\/www.cocondedecoration.com\/blog\/wp-content\/uploads\/2025\/07\/amenagement-bureau-10m2-carre.003-333x500.jpeg 333w, https:\/\/www.cocondedecoration.com\/blog\/wp-content\/uploads\/2025\/07\/amenagement-bureau-10m2-carre.003.jpeg 1000w\" sizes=\"(max-width: 640px) 100vw, 640px\" \/><\/a><\/figure>\n<\/div>\n\n\n\n<div class=\"wp-block-column is-layout-flow wp-block-column-is-layout-flow\">\n<figure class=\"wp-block-image size-large\"><a href=\"https:\/\/www.cocondedecoration.com\/blog\/wp-content\/uploads\/2025\/07\/amenagement-bureau-10m2-carre.004.jpeg\"><img loading=\"lazy\" decoding=\"async\" width=\"640\" height=\"960\" src=\"https:\/\/www.cocondedecoration.com\/blog\/wp-content\/uploads\/2025\/07\/amenagement-bureau-10m2-carre.004-640x960.jpeg\" alt=\"am\u00e9nager bureau \u00e0 domicile pi\u00e8ce carr\u00e9e 10m2 deux espaces de travail l'un \u00e0 c\u00f4t\u00e9 de l'autre armoire et caisson de rangement plan\" class=\"wp-image-84032\" title=\"am\u00e9nager bureau \u00e0 domicile pi\u00e8ce carr\u00e9e 10m2 deux espaces de travail l'un \u00e0 c\u00f4t\u00e9 de l'autre armoire et caisson de rangement plan\" srcset=\"https:\/\/www.cocondedecoration.com\/blog\/wp-content\/uploads\/2025\/07\/amenagement-bureau-10m2-carre.004-640x960.jpeg 640w, https:\/\/www.cocondedecoration.com\/blog\/wp-content\/uploads\/2025\/07\/amenagement-bureau-10m2-carre.004-260x390.jpeg 260w, https:\/\/www.cocondedecoration.com\/blog\/wp-content\/uploads\/2025\/07\/amenagement-bureau-10m2-carre.004-768x1152.jpeg 768w, https:\/\/www.cocondedecoration.com\/blog\/wp-content\/uploads\/2025\/07\/amenagement-bureau-10m2-carre.004-367x550.jpeg 367w, https:\/\/www.cocondedecoration.com\/blog\/wp-content\/uploads\/2025\/07\/amenagement-bureau-10m2-carre.004-333x500.jpeg 333w, https:\/\/www.cocondedecoration.com\/blog\/wp-content\/uploads\/2025\/07\/amenagement-bureau-10m2-carre.004.jpeg 1000w\" sizes=\"(max-width: 640px) 100vw, 640px\" \/><\/a><\/figure>\n<\/div>\n<\/div>\n\n\n\n<h3 class=\"wp-block-heading\">Une chambre d'amis et bureau d'angle <\/h3>\n\n\n\n<p>Possibilit\u00e9 n\u00b01: un espace de travail pour une personne qui peut servir de <a href=\"https:\/\/www.cocondedecoration.com\/blog\/2023\/01\/chambre-amis-cosy\/\" target=\"_blank\" rel=\"noopener\" title=\"\">chambre d'amis<\/a> de temps en temps. Ici, j'ai choisi de vous proposer un bureau d'angle puisque l'espace offre la possibilit\u00e9 d'avoir un espace de travail assez grand. Cette disposition est possible si vous n'avez pas de radiateurs sous les fen\u00eatres. J'ai plac\u00e9 le canap\u00e9 convertible sous les fen\u00eatre pour pouvoir le d\u00e9plier et circuler facilement au pied du lit quand il est d\u00e9pli\u00e9. <\/p>\n\n\n\n<p>Pour aller plus loin: <a href=\"https:\/\/www.cocondedecoration.com\/blog\/2024\/10\/chambre-amis-polyvalente\/\" target=\"_blank\" rel=\"noopener\" title=\"\">Chambre d\u2019amis polyvalente \u2013 15 id\u00e9es inspirantes<\/a><\/p>\n\n\n\n<h3 class=\"wp-block-heading\">Deux bureaux d'angles pour travailler tranquillement \u00e0 deux <\/h3>\n\n\n\n<p>Possibilit\u00e9 n\u00b02: un bureau double o\u00f9 chacun a son propre espace de travail. On peut souhaiter travailler \u00e0 deux dans la m\u00eame pi\u00e8ce sans pour autant \u00eatre l'un \u00e0 c\u00f4t\u00e9 de l'autre. C'est une alternative au bureau double en lin\u00e9aire qui offre \u00e0 chacun un espace unique. J'ai ajout\u00e9 des caissons de rangement pour chaque bureau et une armoire de rangement commune. <\/p>\n\n\n\n<h3 class=\"wp-block-heading\">Travailler l'un \u00e0 c\u00f4t\u00e9 de l'autre <\/h3>\n\n\n\n<p>Possibilit\u00e9 n\u00b03: deux bureaux l'un a c\u00f4t\u00e9 de l'autre sur un mur sans ouverture. Selon l'exposition de vos fen\u00eatre, il faudra veiller \u00e0 ce que le premier \u00e9cran d'ordinateur ne soit pas \u00e9bloui par le soleil \u00e0 un moment dans la journ\u00e9e. C'est tr\u00e8s d\u00e9sagr\u00e9able de travailler sur un \u00e9cran avec des reflets ind\u00e9sirables. Pour y rem\u00e9dier, il faudra poser des rideaux ou des stores. Cette disposition de bureaux permet d'ajouter plusieurs meubles de rangement. Il faut juste veiller \u00e0 ce que les armoires ne vous emp\u00eachent pas d'ouvrir les fen\u00eatres (j'ai mis des caissons pr\u00e8s de la fen\u00eatre, ce sont des meubles plus bas qui r\u00e9pondent \u00e0 cette contrainte). <\/p>\n\n\n\n<p>A lire aussi: <a href=\"https:\/\/www.cocondedecoration.com\/blog\/2024\/07\/couleur-bureau-a-domicile\/\" target=\"_blank\" rel=\"noopener\" title=\"\">50 bureaux color\u00e9s pour un espace qui vous ressemble<\/a><\/p>\n\n\n\n<figure class=\"wp-block-gallery has-nested-images columns-default is-cropped wp-block-gallery-2 is-layout-flex wp-block-gallery-is-layout-flex\">\n<figure class=\"wp-block-image size-large\"><a href=\"https:\/\/www.cocondedecoration.com\/blog\/wp-content\/uploads\/2025\/07\/amenagement-bureau-10m2.004.jpeg\"><img loading=\"lazy\" decoding=\"async\" width=\"640\" height=\"960\" data-id=\"84040\" src=\"https:\/\/www.cocondedecoration.com\/blog\/wp-content\/uploads\/2025\/07\/amenagement-bureau-10m2.004-640x960.jpeg\" alt=\"am\u00e9nagement bureau 10m2 deux espaces de travails dos \u00e0 dos meuble sur mesure avec rangement \u00e9tag\u00e8re \" class=\"wp-image-84040\" title=\"am\u00e9nagement bureau 10m2 deux espaces de travails dos \u00e0 dos meuble sur mesure avec rangement \u00e9tag\u00e8re \" srcset=\"https:\/\/www.cocondedecoration.com\/blog\/wp-content\/uploads\/2025\/07\/amenagement-bureau-10m2.004-640x960.jpeg 640w, https:\/\/www.cocondedecoration.com\/blog\/wp-content\/uploads\/2025\/07\/amenagement-bureau-10m2.004-260x390.jpeg 260w, https:\/\/www.cocondedecoration.com\/blog\/wp-content\/uploads\/2025\/07\/amenagement-bureau-10m2.004-768x1152.jpeg 768w, https:\/\/www.cocondedecoration.com\/blog\/wp-content\/uploads\/2025\/07\/amenagement-bureau-10m2.004-367x550.jpeg 367w, https:\/\/www.cocondedecoration.com\/blog\/wp-content\/uploads\/2025\/07\/amenagement-bureau-10m2.004-333x500.jpeg 333w, https:\/\/www.cocondedecoration.com\/blog\/wp-content\/uploads\/2025\/07\/amenagement-bureau-10m2.004.jpeg 1000w\" sizes=\"(max-width: 640px) 100vw, 640px\" \/><\/a><figcaption class=\"wp-element-caption\">itsoverflowing.com<\/figcaption><\/figure>\n\n\n\n<figure class=\"wp-block-image size-large\"><a href=\"https:\/\/www.cocondedecoration.com\/blog\/wp-content\/uploads\/2025\/07\/amenagement-bureau-10m2.005.jpeg\"><img loading=\"lazy\" decoding=\"async\" width=\"640\" height=\"960\" data-id=\"84041\" src=\"https:\/\/www.cocondedecoration.com\/blog\/wp-content\/uploads\/2025\/07\/amenagement-bureau-10m2.005-640x960.jpeg\" alt=\"am\u00e9nagement bureau 10m2 meuble angle 2 espaces de travail moodboard mural \u00e9tag\u00e8re d\u00e9cor \u00e9clectique fauteuil jaune \" class=\"wp-image-84041\" title=\"am\u00e9nagement bureau 10m2 meuble angle 2 espaces de travail moodboard mural \u00e9tag\u00e8re d\u00e9cor \u00e9clectique fauteuil jaune \" srcset=\"https:\/\/www.cocondedecoration.com\/blog\/wp-content\/uploads\/2025\/07\/amenagement-bureau-10m2.005-640x960.jpeg 640w, https:\/\/www.cocondedecoration.com\/blog\/wp-content\/uploads\/2025\/07\/amenagement-bureau-10m2.005-260x390.jpeg 260w, https:\/\/www.cocondedecoration.com\/blog\/wp-content\/uploads\/2025\/07\/amenagement-bureau-10m2.005-768x1152.jpeg 768w, https:\/\/www.cocondedecoration.com\/blog\/wp-content\/uploads\/2025\/07\/amenagement-bureau-10m2.005-367x550.jpeg 367w, https:\/\/www.cocondedecoration.com\/blog\/wp-content\/uploads\/2025\/07\/amenagement-bureau-10m2.005-333x500.jpeg 333w, https:\/\/www.cocondedecoration.com\/blog\/wp-content\/uploads\/2025\/07\/amenagement-bureau-10m2.005.jpeg 1000w\" sizes=\"(max-width: 640px) 100vw, 640px\" \/><\/a><figcaption class=\"wp-element-caption\">nstagram.com\/archdigest<\/figcaption><\/figure>\n\n\n\n<figure class=\"wp-block-image size-large\"><a href=\"https:\/\/www.cocondedecoration.com\/blog\/wp-content\/uploads\/2025\/07\/amenagement-bureau-10m2.006.jpeg\"><img loading=\"lazy\" decoding=\"async\" width=\"640\" height=\"960\" data-id=\"84042\" src=\"https:\/\/www.cocondedecoration.com\/blog\/wp-content\/uploads\/2025\/07\/amenagement-bureau-10m2.006-640x960.jpeg\" alt=\"am\u00e9nagement bureau 10m2 avec meuble de rangement et biblioth\u00e8que id\u00e9e \u00e0 copier \" class=\"wp-image-84042\" title=\"am\u00e9nagement bureau 10m2 avec meuble de rangement et biblioth\u00e8que id\u00e9e \u00e0 copier \" srcset=\"https:\/\/www.cocondedecoration.com\/blog\/wp-content\/uploads\/2025\/07\/amenagement-bureau-10m2.006-640x960.jpeg 640w, https:\/\/www.cocondedecoration.com\/blog\/wp-content\/uploads\/2025\/07\/amenagement-bureau-10m2.006-260x390.jpeg 260w, https:\/\/www.cocondedecoration.com\/blog\/wp-content\/uploads\/2025\/07\/amenagement-bureau-10m2.006-768x1152.jpeg 768w, https:\/\/www.cocondedecoration.com\/blog\/wp-content\/uploads\/2025\/07\/amenagement-bureau-10m2.006-367x550.jpeg 367w, https:\/\/www.cocondedecoration.com\/blog\/wp-content\/uploads\/2025\/07\/amenagement-bureau-10m2.006-333x500.jpeg 333w, https:\/\/www.cocondedecoration.com\/blog\/wp-content\/uploads\/2025\/07\/amenagement-bureau-10m2.006.jpeg 1000w\" sizes=\"(max-width: 640px) 100vw, 640px\" \/><\/a><figcaption class=\"wp-element-caption\">atelieconcreto.com.br<\/figcaption><\/figure>\n<\/figure>\n\n\n\n<div class=\"wp-block-columns is-layout-flex wp-container-core-columns-layout-6 wp-block-columns-is-layout-flex\">\n<div class=\"wp-block-column is-layout-flow wp-block-column-is-layout-flow\">\n<figure class=\"wp-block-image size-large\"><a href=\"https:\/\/www.cocondedecoration.com\/blog\/wp-content\/uploads\/2025\/07\/petit-bureau-maisons-du-monde.002.jpeg\"><img loading=\"lazy\" decoding=\"async\" width=\"640\" height=\"640\" src=\"https:\/\/www.cocondedecoration.com\/blog\/wp-content\/uploads\/2025\/07\/petit-bureau-maisons-du-monde.002-640x640.jpeg\" alt=\"Bureau 3 tiroirs 1 niche marron fonc\u00e9\" class=\"wp-image-84047\" title=\"Bureau 3 tiroirs 1 niche marron fonc\u00e9\" srcset=\"https:\/\/www.cocondedecoration.com\/blog\/wp-content\/uploads\/2025\/07\/petit-bureau-maisons-du-monde.002-640x640.jpeg 640w, https:\/\/www.cocondedecoration.com\/blog\/wp-content\/uploads\/2025\/07\/petit-bureau-maisons-du-monde.002-260x260.jpeg 260w, https:\/\/www.cocondedecoration.com\/blog\/wp-content\/uploads\/2025\/07\/petit-bureau-maisons-du-monde.002-165x165.jpeg 165w, https:\/\/www.cocondedecoration.com\/blog\/wp-content\/uploads\/2025\/07\/petit-bureau-maisons-du-monde.002-465x465.jpeg 465w, https:\/\/www.cocondedecoration.com\/blog\/wp-content\/uploads\/2025\/07\/petit-bureau-maisons-du-monde.002-500x500.jpeg 500w, https:\/\/www.cocondedecoration.com\/blog\/wp-content\/uploads\/2025\/07\/petit-bureau-maisons-du-monde.002.jpeg 650w\" sizes=\"(max-width: 640px) 100vw, 640px\" \/><\/a><figcaption class=\"wp-element-caption\">Bureau 3 tiroirs 1 niche marron fonc\u00e9 - Maisons du Monde<\/figcaption><\/figure>\n\n\n\n<div class=\"wp-block-buttons is-content-justification-center is-layout-flex wp-container-core-buttons-layout-4 wp-block-buttons-is-layout-flex\">\n<div class=\"wp-block-button\"><a class=\"wp-block-button__link wp-element-button\" href=\"https:\/\/fnty.co\/c\/r-YZddQniQ\" target=\"_blank\" rel=\"noreferrer noopener\">Acheter<\/a><\/div>\n<\/div>\n<\/div>\n\n\n\n<div class=\"wp-block-column is-layout-flow wp-block-column-is-layout-flow\">\n<figure class=\"wp-block-image size-large\"><a href=\"https:\/\/www.cocondedecoration.com\/blog\/wp-content\/uploads\/2025\/07\/bureau-angle-pas-cher-conforama.002.jpeg\"><img loading=\"lazy\" decoding=\"async\" width=\"640\" height=\"640\" src=\"https:\/\/www.cocondedecoration.com\/blog\/wp-content\/uploads\/2025\/07\/bureau-angle-pas-cher-conforama.002-640x640.jpeg\" alt=\"Bureau d'angle ID MARKET 147 cm coloris naturel\" class=\"wp-image-84050\" title=\"Bureau d'angle ID MARKET 147 cm coloris naturel\" srcset=\"https:\/\/www.cocondedecoration.com\/blog\/wp-content\/uploads\/2025\/07\/bureau-angle-pas-cher-conforama.002-640x640.jpeg 640w, https:\/\/www.cocondedecoration.com\/blog\/wp-content\/uploads\/2025\/07\/bureau-angle-pas-cher-conforama.002-260x260.jpeg 260w, https:\/\/www.cocondedecoration.com\/blog\/wp-content\/uploads\/2025\/07\/bureau-angle-pas-cher-conforama.002-165x165.jpeg 165w, https:\/\/www.cocondedecoration.com\/blog\/wp-content\/uploads\/2025\/07\/bureau-angle-pas-cher-conforama.002-465x465.jpeg 465w, https:\/\/www.cocondedecoration.com\/blog\/wp-content\/uploads\/2025\/07\/bureau-angle-pas-cher-conforama.002-500x500.jpeg 500w, https:\/\/www.cocondedecoration.com\/blog\/wp-content\/uploads\/2025\/07\/bureau-angle-pas-cher-conforama.002.jpeg 650w\" sizes=\"(max-width: 640px) 100vw, 640px\" \/><\/a><figcaption class=\"wp-element-caption\">Bureau d'angle 147 cm coloris naturel - Conforama <\/figcaption><\/figure>\n\n\n\n<div class=\"wp-block-buttons is-content-justification-center is-layout-flex wp-container-core-buttons-layout-5 wp-block-buttons-is-layout-flex\">\n<div class=\"wp-block-button\"><a class=\"wp-block-button__link wp-element-button\" href=\"https:\/\/c3po.link\/QkBDTsC6yT\" target=\"_blank\" rel=\"noreferrer noopener\">Acheter<\/a><\/div>\n<\/div>\n<\/div>\n\n\n\n<div class=\"wp-block-column is-layout-flow wp-block-column-is-layout-flow\">\n<figure class=\"wp-block-image size-large\"><a href=\"https:\/\/www.cocondedecoration.com\/blog\/wp-content\/uploads\/2025\/07\/bureau-moderne-la-redoute.002.jpeg\"><img loading=\"lazy\" decoding=\"async\" width=\"640\" height=\"640\" src=\"https:\/\/www.cocondedecoration.com\/blog\/wp-content\/uploads\/2025\/07\/bureau-moderne-la-redoute.002-640x640.jpeg\" alt=\"Bureau d\u2019angle r\u00e9versible avec rangement\" class=\"wp-image-84053\" title=\"Bureau d\u2019angle r\u00e9versible avec rangement\" srcset=\"https:\/\/www.cocondedecoration.com\/blog\/wp-content\/uploads\/2025\/07\/bureau-moderne-la-redoute.002-640x640.jpeg 640w, https:\/\/www.cocondedecoration.com\/blog\/wp-content\/uploads\/2025\/07\/bureau-moderne-la-redoute.002-260x260.jpeg 260w, https:\/\/www.cocondedecoration.com\/blog\/wp-content\/uploads\/2025\/07\/bureau-moderne-la-redoute.002-165x165.jpeg 165w, https:\/\/www.cocondedecoration.com\/blog\/wp-content\/uploads\/2025\/07\/bureau-moderne-la-redoute.002-465x465.jpeg 465w, https:\/\/www.cocondedecoration.com\/blog\/wp-content\/uploads\/2025\/07\/bureau-moderne-la-redoute.002-500x500.jpeg 500w, https:\/\/www.cocondedecoration.com\/blog\/wp-content\/uploads\/2025\/07\/bureau-moderne-la-redoute.002.jpeg 650w\" sizes=\"(max-width: 640px) 100vw, 640px\" \/><\/a><figcaption class=\"wp-element-caption\">Bureau d\u2019angle r\u00e9versible avec rangement - La Redoute<\/figcaption><\/figure>\n\n\n\n<div class=\"wp-block-buttons is-content-justification-center is-layout-flex wp-container-core-buttons-layout-6 wp-block-buttons-is-layout-flex\">\n<div class=\"wp-block-button\"><a class=\"wp-block-button__link wp-element-button\" href=\"https:\/\/c3po.link\/QdrkMTsHzc\" target=\"_blank\" rel=\"noreferrer noopener\">Acheter<\/a><\/div>\n<\/div>\n<\/div>\n<\/div>\n\n\n\n<h2 class=\"wp-block-heading\">Plan: combiner chambre et bureau dans un espace de 10m<sup>2<\/sup><\/h2>\n\n\n\n<p>Dernier cas de figure: vous avez une chambre de 10m<sup>2<\/sup> dans laquelle vous souhaitez installer un espace de travail. Les contraintes sont sensiblement diff\u00e9rentes des cas de figures pr\u00e9c\u00e9dents puisqu'il vous faudra composer avec votre lit et vos rangements (armoire, dressing, commode...) <\/p>\n\n\n\n<div class=\"wp-block-columns is-layout-flex wp-container-core-columns-layout-7 wp-block-columns-is-layout-flex\">\n<div class=\"wp-block-column is-layout-flow wp-block-column-is-layout-flow\">\n<figure class=\"wp-block-image size-large\"><a href=\"https:\/\/www.cocondedecoration.com\/blog\/wp-content\/uploads\/2025\/07\/plan-amenagement-chambre-bureau-10m2.001.jpeg\"><img loading=\"lazy\" decoding=\"async\" width=\"640\" height=\"960\" src=\"https:\/\/www.cocondedecoration.com\/blog\/wp-content\/uploads\/2025\/07\/plan-amenagement-chambre-bureau-10m2.001-640x960.jpeg\" alt=\"am\u00e9nagement chambre adulte bureau  petit bureau d'angle lit deux personnes armoire et commode plan 2D conseils\" class=\"wp-image-84033\" title=\"am\u00e9nagement chambre adulte bureau  petit bureau d'angle lit deux personnes armoire et commode plan 2D conseils\" srcset=\"https:\/\/www.cocondedecoration.com\/blog\/wp-content\/uploads\/2025\/07\/plan-amenagement-chambre-bureau-10m2.001-640x960.jpeg 640w, https:\/\/www.cocondedecoration.com\/blog\/wp-content\/uploads\/2025\/07\/plan-amenagement-chambre-bureau-10m2.001-260x390.jpeg 260w, https:\/\/www.cocondedecoration.com\/blog\/wp-content\/uploads\/2025\/07\/plan-amenagement-chambre-bureau-10m2.001-768x1152.jpeg 768w, https:\/\/www.cocondedecoration.com\/blog\/wp-content\/uploads\/2025\/07\/plan-amenagement-chambre-bureau-10m2.001-367x550.jpeg 367w, https:\/\/www.cocondedecoration.com\/blog\/wp-content\/uploads\/2025\/07\/plan-amenagement-chambre-bureau-10m2.001-333x500.jpeg 333w, https:\/\/www.cocondedecoration.com\/blog\/wp-content\/uploads\/2025\/07\/plan-amenagement-chambre-bureau-10m2.001.jpeg 1000w\" sizes=\"(max-width: 640px) 100vw, 640px\" \/><\/a><\/figure>\n<\/div>\n\n\n\n<div class=\"wp-block-column is-layout-flow wp-block-column-is-layout-flow\">\n<figure class=\"wp-block-image size-large\"><a href=\"https:\/\/www.cocondedecoration.com\/blog\/wp-content\/uploads\/2025\/07\/plan-amenagement-chambre-bureau-10m2.002.jpeg\"><img loading=\"lazy\" decoding=\"async\" width=\"640\" height=\"960\" src=\"https:\/\/www.cocondedecoration.com\/blog\/wp-content\/uploads\/2025\/07\/plan-amenagement-chambre-bureau-10m2.002-640x960.jpeg\" alt=\"am\u00e9nagement chambre adulte bureau  plan disposition lit armoire et espace de travail \" class=\"wp-image-84034\" title=\"am\u00e9nagement chambre adulte bureau  plan disposition lit armoire et espace de travail \" srcset=\"https:\/\/www.cocondedecoration.com\/blog\/wp-content\/uploads\/2025\/07\/plan-amenagement-chambre-bureau-10m2.002-640x960.jpeg 640w, https:\/\/www.cocondedecoration.com\/blog\/wp-content\/uploads\/2025\/07\/plan-amenagement-chambre-bureau-10m2.002-260x390.jpeg 260w, https:\/\/www.cocondedecoration.com\/blog\/wp-content\/uploads\/2025\/07\/plan-amenagement-chambre-bureau-10m2.002-768x1152.jpeg 768w, https:\/\/www.cocondedecoration.com\/blog\/wp-content\/uploads\/2025\/07\/plan-amenagement-chambre-bureau-10m2.002-367x550.jpeg 367w, https:\/\/www.cocondedecoration.com\/blog\/wp-content\/uploads\/2025\/07\/plan-amenagement-chambre-bureau-10m2.002-333x500.jpeg 333w, https:\/\/www.cocondedecoration.com\/blog\/wp-content\/uploads\/2025\/07\/plan-amenagement-chambre-bureau-10m2.002.jpeg 1000w\" sizes=\"(max-width: 640px) 100vw, 640px\" \/><\/a><\/figure>\n<\/div>\n<\/div>\n\n\n\n<h3 class=\"wp-block-heading\">Quelle place donner au lit et \u00e0 l'armoire? <\/h3>\n\n\n\n<p>Avant de s'int\u00e9resser \u00e0 la place du bureau, il est primordial de d\u00e9finir celle du lit et celle de l'armoire. La fonction principale de votre chambre reste le sommeil. Et on ne travaille pas bien quand on n'a pas bien dormi. J'ai plac\u00e9 le lit de mani\u00e8re \u00e0 ce que l'on puisse voir la porte sans \u00eatre directement en face de celle-ci. Arrive la question du rangement des v\u00eatements. Et vous avez deux possibilit\u00e9s: placer l'armoire face au lit ou \u00e0 c\u00f4t\u00e9. <\/p>\n\n\n\n<p>Pour plus de plans et de conseils: <a href=\"https:\/\/www.cocondedecoration.com\/blog\/2023\/10\/plans-amenagement-chambre-9m2\/\" target=\"_blank\" rel=\"noopener\" title=\"\">Agencer une chambre adulte de 9m2 (avec plans)<\/a><\/p>\n\n\n\n<h3 class=\"wp-block-heading\">O\u00f9 placer un bureau dans une chambre de 10m<sup>2<\/sup>? <\/h3>\n\n\n\n<p>Si vous placez l'armoire face au lit, il faut veiller \u00e0 ce qu'elle ne perturbe pas l'ouverture de la fen\u00eatre ou qu'elle ne cache pas cette derni\u00e8re. Vous aurez un manque de lumi\u00e8re naturelle qui n'est pas agr\u00e9able (surtout que dans la pi\u00e8ce, vous allez y travailler). <\/p>\n\n\n\n<p>Dans le cas o\u00f9 vous souhaitez placer le bureau face au lit, il faut prendre en compte le recul du <a href=\"https:\/\/www.cocondedecoration.com\/blog\/2024\/08\/choix-fauteuil-bureau\/\" target=\"_blank\" rel=\"noopener\" title=\"\">fauteuil de bureau<\/a>. Tant qu'\u00e0 faire autant \u00e9viter qu'il ne tape le bout du lit ou qu'il vous emp\u00eache de circuler autour. C'est pourquoi j'ai mod\u00e9lis\u00e9 un bureau d'angle qui offre plus de place qu'un bureau droit classique. <\/p>\n\n\n\n<p>Ceci peut vous int\u00e9resser: <a href=\"https:\/\/www.cocondedecoration.com\/blog\/2021\/05\/amenagement-bureau-chambre\/\" target=\"_blank\" rel=\"noopener\" title=\"\">Travailler depuis la chambre \u00e0 coucher<\/a><\/p>\n\n\n\n<figure class=\"wp-block-gallery has-nested-images columns-default is-cropped wp-block-gallery-3 is-layout-flex wp-block-gallery-is-layout-flex\">\n<figure class=\"wp-block-image size-large\"><a href=\"https:\/\/www.cocondedecoration.com\/blog\/wp-content\/uploads\/2025\/07\/amenagement-bureau-10m2.007.jpeg\"><img loading=\"lazy\" decoding=\"async\" width=\"640\" height=\"960\" data-id=\"84043\" src=\"https:\/\/www.cocondedecoration.com\/blog\/wp-content\/uploads\/2025\/07\/amenagement-bureau-10m2.007-640x960.jpeg\" alt=\"am\u00e9nagement bureau 10m2 dans chambre \u00e0 coucher meuble sur mesure avec rangement bout du lit \" class=\"wp-image-84043\" title=\"am\u00e9nagement bureau 10m2 dans chambre \u00e0 coucher meuble sur mesure avec rangement bout du lit \" srcset=\"https:\/\/www.cocondedecoration.com\/blog\/wp-content\/uploads\/2025\/07\/amenagement-bureau-10m2.007-640x960.jpeg 640w, https:\/\/www.cocondedecoration.com\/blog\/wp-content\/uploads\/2025\/07\/amenagement-bureau-10m2.007-260x390.jpeg 260w, https:\/\/www.cocondedecoration.com\/blog\/wp-content\/uploads\/2025\/07\/amenagement-bureau-10m2.007-768x1152.jpeg 768w, https:\/\/www.cocondedecoration.com\/blog\/wp-content\/uploads\/2025\/07\/amenagement-bureau-10m2.007-367x550.jpeg 367w, https:\/\/www.cocondedecoration.com\/blog\/wp-content\/uploads\/2025\/07\/amenagement-bureau-10m2.007-333x500.jpeg 333w, https:\/\/www.cocondedecoration.com\/blog\/wp-content\/uploads\/2025\/07\/amenagement-bureau-10m2.007.jpeg 1000w\" sizes=\"(max-width: 640px) 100vw, 640px\" \/><\/a><figcaption class=\"wp-element-caption\">digsdigs.com<\/figcaption><\/figure>\n\n\n\n<figure class=\"wp-block-image size-large\"><a href=\"https:\/\/www.cocondedecoration.com\/blog\/wp-content\/uploads\/2025\/07\/amenagement-bureau-10m2.008.jpeg\"><img loading=\"lazy\" decoding=\"async\" width=\"640\" height=\"960\" data-id=\"84045\" src=\"https:\/\/www.cocondedecoration.com\/blog\/wp-content\/uploads\/2025\/07\/amenagement-bureau-10m2.008-640x960.jpeg\" alt=\"am\u00e9nagement bureau 10m2 en angle pratique chambre adulte \u00e9tag\u00e8re murale pr\u00e8s de la fen\u00eatre \" class=\"wp-image-84045\" title=\"am\u00e9nagement bureau 10m2 en angle pratique chambre adulte \u00e9tag\u00e8re murale pr\u00e8s de la fen\u00eatre \" srcset=\"https:\/\/www.cocondedecoration.com\/blog\/wp-content\/uploads\/2025\/07\/amenagement-bureau-10m2.008-640x960.jpeg 640w, https:\/\/www.cocondedecoration.com\/blog\/wp-content\/uploads\/2025\/07\/amenagement-bureau-10m2.008-260x390.jpeg 260w, https:\/\/www.cocondedecoration.com\/blog\/wp-content\/uploads\/2025\/07\/amenagement-bureau-10m2.008-768x1152.jpeg 768w, https:\/\/www.cocondedecoration.com\/blog\/wp-content\/uploads\/2025\/07\/amenagement-bureau-10m2.008-367x550.jpeg 367w, https:\/\/www.cocondedecoration.com\/blog\/wp-content\/uploads\/2025\/07\/amenagement-bureau-10m2.008-333x500.jpeg 333w, https:\/\/www.cocondedecoration.com\/blog\/wp-content\/uploads\/2025\/07\/amenagement-bureau-10m2.008.jpeg 1000w\" sizes=\"(max-width: 640px) 100vw, 640px\" \/><\/a><figcaption class=\"wp-element-caption\">modernavenuedesign.com<\/figcaption><\/figure>\n\n\n\n<figure class=\"wp-block-image size-large\"><a href=\"https:\/\/www.cocondedecoration.com\/blog\/wp-content\/uploads\/2025\/07\/amenagement-bureau-10m2.009.jpeg\"><img loading=\"lazy\" decoding=\"async\" width=\"640\" height=\"960\" data-id=\"84044\" src=\"https:\/\/www.cocondedecoration.com\/blog\/wp-content\/uploads\/2025\/07\/amenagement-bureau-10m2.009-640x960.jpeg\" alt=\"am\u00e9nagement bureau 10m2 \u00e0 c\u00f4t\u00e9 du lit chambre adulte biblioth\u00e8que rangement petit meuble en bois \" class=\"wp-image-84044\" title=\"am\u00e9nagement bureau 10m2 \u00e0 c\u00f4t\u00e9 du lit chambre adulte biblioth\u00e8que rangement petit meuble en bois \" srcset=\"https:\/\/www.cocondedecoration.com\/blog\/wp-content\/uploads\/2025\/07\/amenagement-bureau-10m2.009-640x960.jpeg 640w, https:\/\/www.cocondedecoration.com\/blog\/wp-content\/uploads\/2025\/07\/amenagement-bureau-10m2.009-260x390.jpeg 260w, https:\/\/www.cocondedecoration.com\/blog\/wp-content\/uploads\/2025\/07\/amenagement-bureau-10m2.009-768x1152.jpeg 768w, https:\/\/www.cocondedecoration.com\/blog\/wp-content\/uploads\/2025\/07\/amenagement-bureau-10m2.009-367x550.jpeg 367w, https:\/\/www.cocondedecoration.com\/blog\/wp-content\/uploads\/2025\/07\/amenagement-bureau-10m2.009-333x500.jpeg 333w, https:\/\/www.cocondedecoration.com\/blog\/wp-content\/uploads\/2025\/07\/amenagement-bureau-10m2.009.jpeg 1000w\" sizes=\"(max-width: 640px) 100vw, 640px\" \/><\/a><figcaption class=\"wp-element-caption\">dexdecor.com<\/figcaption><\/figure>\n<\/figure>\n\n\n\n<div class=\"wp-block-columns is-layout-flex wp-container-core-columns-layout-8 wp-block-columns-is-layout-flex\">\n<div class=\"wp-block-column is-layout-flow wp-block-column-is-layout-flow\">\n<figure class=\"wp-block-image size-large\"><a href=\"https:\/\/www.cocondedecoration.com\/blog\/wp-content\/uploads\/2025\/07\/petit-bureau-maisons-du-monde.003.jpeg\"><img loading=\"lazy\" decoding=\"async\" width=\"640\" height=\"640\" src=\"https:\/\/www.cocondedecoration.com\/blog\/wp-content\/uploads\/2025\/07\/petit-bureau-maisons-du-monde.003-640x640.jpeg\" alt=\"Bureau en acacia massif et marbre blanc\" class=\"wp-image-84046\" title=\"Bureau en acacia massif et marbre blanc\" srcset=\"https:\/\/www.cocondedecoration.com\/blog\/wp-content\/uploads\/2025\/07\/petit-bureau-maisons-du-monde.003-640x640.jpeg 640w, https:\/\/www.cocondedecoration.com\/blog\/wp-content\/uploads\/2025\/07\/petit-bureau-maisons-du-monde.003-260x260.jpeg 260w, https:\/\/www.cocondedecoration.com\/blog\/wp-content\/uploads\/2025\/07\/petit-bureau-maisons-du-monde.003-165x165.jpeg 165w, https:\/\/www.cocondedecoration.com\/blog\/wp-content\/uploads\/2025\/07\/petit-bureau-maisons-du-monde.003-465x465.jpeg 465w, https:\/\/www.cocondedecoration.com\/blog\/wp-content\/uploads\/2025\/07\/petit-bureau-maisons-du-monde.003-500x500.jpeg 500w, https:\/\/www.cocondedecoration.com\/blog\/wp-content\/uploads\/2025\/07\/petit-bureau-maisons-du-monde.003.jpeg 650w\" sizes=\"(max-width: 640px) 100vw, 640px\" \/><\/a><figcaption class=\"wp-element-caption\">Bureau en acacia massif et marbre blanc - Maisons du Monde <\/figcaption><\/figure>\n\n\n\n<div class=\"wp-block-buttons is-content-justification-center is-layout-flex wp-container-core-buttons-layout-7 wp-block-buttons-is-layout-flex\">\n<div class=\"wp-block-button\"><a class=\"wp-block-button__link wp-element-button\" href=\"https:\/\/fnty.co\/c\/r-xbkpYrin\" target=\"_blank\" rel=\"noreferrer noopener\">Acheter<\/a><\/div>\n<\/div>\n<\/div>\n\n\n\n<div class=\"wp-block-column is-layout-flow wp-block-column-is-layout-flow\">\n<figure class=\"wp-block-image size-large\"><a href=\"https:\/\/www.cocondedecoration.com\/blog\/wp-content\/uploads\/2025\/07\/bureau-angle-pas-cher-conforama.003.jpeg\"><img loading=\"lazy\" decoding=\"async\" width=\"640\" height=\"640\" src=\"https:\/\/www.cocondedecoration.com\/blog\/wp-content\/uploads\/2025\/07\/bureau-angle-pas-cher-conforama.003-640x640.jpeg\" alt=\"Bureau d'angle BEGIN 120.7 cm coloris Ch\u00eane Brooklyn et noir\" class=\"wp-image-84049\" title=\"Bureau d'angle BEGIN 120.7 cm coloris Ch\u00eane Brooklyn et noir\" srcset=\"https:\/\/www.cocondedecoration.com\/blog\/wp-content\/uploads\/2025\/07\/bureau-angle-pas-cher-conforama.003-640x640.jpeg 640w, https:\/\/www.cocondedecoration.com\/blog\/wp-content\/uploads\/2025\/07\/bureau-angle-pas-cher-conforama.003-260x260.jpeg 260w, https:\/\/www.cocondedecoration.com\/blog\/wp-content\/uploads\/2025\/07\/bureau-angle-pas-cher-conforama.003-165x165.jpeg 165w, https:\/\/www.cocondedecoration.com\/blog\/wp-content\/uploads\/2025\/07\/bureau-angle-pas-cher-conforama.003-465x465.jpeg 465w, https:\/\/www.cocondedecoration.com\/blog\/wp-content\/uploads\/2025\/07\/bureau-angle-pas-cher-conforama.003-500x500.jpeg 500w, https:\/\/www.cocondedecoration.com\/blog\/wp-content\/uploads\/2025\/07\/bureau-angle-pas-cher-conforama.003.jpeg 650w\" sizes=\"(max-width: 640px) 100vw, 640px\" \/><\/a><figcaption class=\"wp-element-caption\">Bureau d'angle 120.7 cm coloris Ch\u00eane et noir - Conforama<\/figcaption><\/figure>\n\n\n\n<div class=\"wp-block-buttons is-content-justification-center is-layout-flex wp-container-core-buttons-layout-8 wp-block-buttons-is-layout-flex\">\n<div class=\"wp-block-button\"><a class=\"wp-block-button__link wp-element-button\" href=\"https:\/\/c3po.link\/QxBUYa2wqs\" target=\"_blank\" rel=\"noreferrer noopener\">Acheter<\/a><\/div>\n<\/div>\n<\/div>\n\n\n\n<div class=\"wp-block-column is-layout-flow wp-block-column-is-layout-flow\">\n<figure class=\"wp-block-image size-large\"><a href=\"https:\/\/www.cocondedecoration.com\/blog\/wp-content\/uploads\/2025\/07\/bureau-moderne-la-redoute.003.jpeg\"><img loading=\"lazy\" decoding=\"async\" width=\"640\" height=\"640\" src=\"https:\/\/www.cocondedecoration.com\/blog\/wp-content\/uploads\/2025\/07\/bureau-moderne-la-redoute.003-640x640.jpeg\" alt=\"Bureau 2 tiroirs moderne tubulaire \u00e9cru\" class=\"wp-image-84052\" title=\"Bureau 2 tiroirs moderne tubulaire \u00e9cru\" srcset=\"https:\/\/www.cocondedecoration.com\/blog\/wp-content\/uploads\/2025\/07\/bureau-moderne-la-redoute.003-640x640.jpeg 640w, https:\/\/www.cocondedecoration.com\/blog\/wp-content\/uploads\/2025\/07\/bureau-moderne-la-redoute.003-260x260.jpeg 260w, https:\/\/www.cocondedecoration.com\/blog\/wp-content\/uploads\/2025\/07\/bureau-moderne-la-redoute.003-165x165.jpeg 165w, https:\/\/www.cocondedecoration.com\/blog\/wp-content\/uploads\/2025\/07\/bureau-moderne-la-redoute.003-465x465.jpeg 465w, https:\/\/www.cocondedecoration.com\/blog\/wp-content\/uploads\/2025\/07\/bureau-moderne-la-redoute.003-500x500.jpeg 500w, https:\/\/www.cocondedecoration.com\/blog\/wp-content\/uploads\/2025\/07\/bureau-moderne-la-redoute.003.jpeg 650w\" sizes=\"(max-width: 640px) 100vw, 640px\" \/><\/a><figcaption class=\"wp-element-caption\">Bureau 2 tiroirs - La Redoute<\/figcaption><\/figure>\n\n\n\n<div class=\"wp-block-buttons is-content-justification-center is-layout-flex wp-container-core-buttons-layout-9 wp-block-buttons-is-layout-flex\">\n<div class=\"wp-block-button\"><a class=\"wp-block-button__link wp-element-button\" href=\"https:\/\/c3po.link\/QBa7CDymyM\" target=\"_blank\" rel=\"noreferrer noopener\">Acheter<\/a><\/div>\n<\/div>\n<\/div>\n<\/div>\n\n\n\n<p class=\"has-small-font-size\">Source de l'image d'en-t\u00eate: houzz.com<br>Note: Cet article contient des liens affili\u00e9s. <\/p>\n","protected":false},"excerpt":{"rendered":"<p>Un espace de 10m2, plusieurs possibilit\u00e9s d&rsquo;am\u00e9nagement pour un bureau \u00e0 domicile. D\u00e9couvrez plans, conseils et inspirations pour mettre en oeuvre votre projet<span class=\"more-link\"><a href=\"https:\/\/www.cocondedecoration.com\/blog\/2025\/07\/amenager-bureau-10m2\/\">Lire la suite<\/a><\/span><\/p>\n","protected":false},"author":1,"featured_media":84056,"comment_status":"open","ping_status":"open","sticky":false,"template":"","format":"standard","meta":{"om_disable_all_campaigns":false,"_monsterinsights_skip_tracking":false,"_monsterinsights_sitenote_active":false,"_monsterinsights_sitenote_note":"","_monsterinsights_sitenote_category":0,"_uf_show_specific_survey":0,"_uf_disable_surveys":false,"footnotes":""},"categories":[62014],"tags":[2887,10,62042,22650,199,732,62043],"aioseo_notices":[],"_links":{"self":[{"href":"https:\/\/www.cocondedecoration.com\/blog\/wp-json\/wp\/v2\/posts\/84024"}],"collection":[{"href":"https:\/\/www.cocondedecoration.com\/blog\/wp-json\/wp\/v2\/posts"}],"about":[{"href":"https:\/\/www.cocondedecoration.com\/blog\/wp-json\/wp\/v2\/types\/post"}],"author":[{"embeddable":true,"href":"https:\/\/www.cocondedecoration.com\/blog\/wp-json\/wp\/v2\/users\/1"}],"replies":[{"embeddable":true,"href":"https:\/\/www.cocondedecoration.com\/blog\/wp-json\/wp\/v2\/comments?post=84024"}],"version-history":[{"count":4,"href":"https:\/\/www.cocondedecoration.com\/blog\/wp-json\/wp\/v2\/posts\/84024\/revisions"}],"predecessor-version":[{"id":84057,"href":"https:\/\/www.cocondedecoration.com\/blog\/wp-json\/wp\/v2\/posts\/84024\/revisions\/84057"}],"wp:featuredmedia":[{"embeddable":true,"href":"https:\/\/www.cocondedecoration.com\/blog\/wp-json\/wp\/v2\/media\/84056"}],"wp:attachment":[{"href":"https:\/\/www.cocondedecoration.com\/blog\/wp-json\/wp\/v2\/media?parent=84024"}],"wp:term":[{"taxonomy":"category","embeddable":true,"href":"https:\/\/www.cocondedecoration.com\/blog\/wp-json\/wp\/v2\/categories?post=84024"},{"taxonomy":"post_tag","embeddable":true,"href":"https:\/\/www.cocondedecoration.com\/blog\/wp-json\/wp\/v2\/tags?post=84024"}],"curies":[{"name":"wp","href":"https:\/\/api.w.org\/{rel}","templated":true}]}}