{"id":8355,"date":"2014-10-10T07:00:23","date_gmt":"2014-10-10T05:00:23","guid":{"rendered":"http:\/\/www.cocondedecoration.com\/blog\/?p=8355"},"modified":"2014-10-06T09:38:35","modified_gmt":"2014-10-06T07:38:35","slug":"deco-dautomne","status":"publish","type":"post","link":"https:\/\/www.cocondedecoration.com\/blog\/2014\/10\/deco-dautomne\/","title":{"rendered":"D\u00e9co d&rsquo;automne"},"content":{"rendered":"<p style=\"text-align: justify;\">Dimanche pass\u00e9, Ch\u00e9ri avait mis la t\u00e9l\u00e9, et, il y avait la m\u00e9t\u00e9o. J'\u00e9coutais d'un oreille plus que distraite, mais la dame disais que l'\u00e9t\u00e9 \u00e9tait bel et bien termin\u00e9 et qu'on arrivait en automne. (<del>J'adore quand \u00e0 la t\u00e9l\u00e9, ils enfoncent des portes ouvertes<\/del>) Perso, j'aime l'automne... J'aime rester chez moi. J'aime mettre des gros pulls, des chaussettes pour trainer. J'aime les feuilles qui tourbillonnent. Et j'aime le vent aussi, m\u00eame si sur la plage le sable pique au visage... Les mauvaises langues diront qu'il vaut mieux que j'aime l'automne, vu que j'habite \u00e0 Dunkerque et cette saison dure 8 mois sur 12. (C'est pas vrai, seulement 6)<br \/>\nEt comme je suis contente que l'automne soit l\u00e0, je vous propose quelques images de d\u00e9co automnales qui devraient vous donner des id\u00e9es pour votre chez vous!<\/p>\n<p style=\"text-align: justify;\"><!--more--><\/p>\n<p style=\"text-align: justify;\"><a href=\"http:\/\/www.cocondedecoration.com\/blog\/wp-content\/uploads\/2014\/10\/deco-automne-laine-cosy.jpeg\"><img loading=\"lazy\" decoding=\"async\" class=\"aligncenter wp-image-8362 size-full\" title=\"ne pas avoir froid en automne a la maison\" src=\"http:\/\/www.cocondedecoration.com\/blog\/wp-content\/uploads\/2014\/10\/deco-automne-laine-cosy.jpeg\" alt=\"deco automne laine cosy\" width=\"400\" height=\"462\" srcset=\"https:\/\/www.cocondedecoration.com\/blog\/wp-content\/uploads\/2014\/10\/deco-automne-laine-cosy.jpeg 400w, https:\/\/www.cocondedecoration.com\/blog\/wp-content\/uploads\/2014\/10\/deco-automne-laine-cosy-260x300.jpeg 260w\" sizes=\"(max-width: 400px) 100vw, 400px\" \/><\/a><a href=\"http:\/\/aquieterstorm.tumblr.com\/page\/26\" target=\"_blank\">Source <\/a><\/p>\n<p style=\"text-align: justify;\"><a href=\"http:\/\/www.cocondedecoration.com\/blog\/wp-content\/uploads\/2014\/10\/deco-automne-bois.jpeg\"><img loading=\"lazy\" decoding=\"async\" class=\"aligncenter wp-image-8363 size-large\" title=\"deco ambiance automne\" src=\"http:\/\/www.cocondedecoration.com\/blog\/wp-content\/uploads\/2014\/10\/deco-automne-bois-640x960.jpeg\" alt=\"deco automne bois\" width=\"640\" height=\"960\" srcset=\"https:\/\/www.cocondedecoration.com\/blog\/wp-content\/uploads\/2014\/10\/deco-automne-bois-640x960.jpeg 640w, https:\/\/www.cocondedecoration.com\/blog\/wp-content\/uploads\/2014\/10\/deco-automne-bois-260x390.jpeg 260w, https:\/\/www.cocondedecoration.com\/blog\/wp-content\/uploads\/2014\/10\/deco-automne-bois.jpeg 666w\" sizes=\"(max-width: 640px) 100vw, 640px\" \/><\/a><a href=\"http:\/\/www.archdaily.com\/230172\/under-pohutukawa-herbst-architects\/under-pohutukawa-hse_5624-2\/\" target=\"_blank\">Source <\/a><\/p>\n<p style=\"text-align: justify;\"><a href=\"http:\/\/www.cocondedecoration.com\/blog\/wp-content\/uploads\/2014\/10\/deco-de-table-automne.jpeg\"><img loading=\"lazy\" decoding=\"async\" class=\"aligncenter wp-image-8357 size-full\" title=\"idee deco de table pour l'automne\" src=\"http:\/\/www.cocondedecoration.com\/blog\/wp-content\/uploads\/2014\/10\/deco-de-table-automne.jpeg\" alt=\"deco de table automne\" width=\"427\" height=\"640\" srcset=\"https:\/\/www.cocondedecoration.com\/blog\/wp-content\/uploads\/2014\/10\/deco-de-table-automne.jpeg 427w, https:\/\/www.cocondedecoration.com\/blog\/wp-content\/uploads\/2014\/10\/deco-de-table-automne-260x389.jpeg 260w\" sizes=\"(max-width: 427px) 100vw, 427px\" \/><\/a><a href=\"http:\/\/herz-allerliebst.de\/page\/15\/?blog=3&amp;page=1\" target=\"_blank\">Source <\/a><\/p>\n<p style=\"text-align: justify;\"><a href=\"http:\/\/www.cocondedecoration.com\/blog\/wp-content\/uploads\/2014\/10\/deco-rangement-plaid.jpeg\"><img loading=\"lazy\" decoding=\"async\" class=\"aligncenter wp-image-8356 size-full\" title=\"idee deco pour ranger ses plaids\" src=\"http:\/\/www.cocondedecoration.com\/blog\/wp-content\/uploads\/2014\/10\/deco-rangement-plaid.jpeg\" alt=\"deco rangement plaid\" width=\"427\" height=\"640\" srcset=\"https:\/\/www.cocondedecoration.com\/blog\/wp-content\/uploads\/2014\/10\/deco-rangement-plaid.jpeg 427w, https:\/\/www.cocondedecoration.com\/blog\/wp-content\/uploads\/2014\/10\/deco-rangement-plaid-260x389.jpeg 260w\" sizes=\"(max-width: 427px) 100vw, 427px\" \/><\/a><a href=\"https:\/\/www.flickr.com\/photos\/24285065@N02\/6410694901\/\" target=\"_blank\">Source <\/a><\/p>\n<p style=\"text-align: justify;\"><a href=\"http:\/\/www.cocondedecoration.com\/blog\/wp-content\/uploads\/2014\/10\/deco-cheminee-automne.jpeg\"><img loading=\"lazy\" decoding=\"async\" class=\"aligncenter wp-image-8359 size-full\" title=\"poele cheminee deco bois automne\" src=\"http:\/\/www.cocondedecoration.com\/blog\/wp-content\/uploads\/2014\/10\/deco-cheminee-automne.jpeg\" alt=\"deco cheminee automne\" width=\"309\" height=\"464\" srcset=\"https:\/\/www.cocondedecoration.com\/blog\/wp-content\/uploads\/2014\/10\/deco-cheminee-automne.jpeg 309w, https:\/\/www.cocondedecoration.com\/blog\/wp-content\/uploads\/2014\/10\/deco-cheminee-automne-260x390.jpeg 260w\" sizes=\"(max-width: 309px) 100vw, 309px\" \/><\/a><a href=\"https:\/\/www.flickr.com\/photos\/24285065@N02\/6410694901\/\" target=\"_blank\">Source <\/a><\/p>\n<p style=\"text-align: justify;\"><a href=\"http:\/\/www.cocondedecoration.com\/blog\/wp-content\/uploads\/2014\/10\/deco-chambre-cosy-et-agreable.jpeg\"><img loading=\"lazy\" decoding=\"async\" class=\"aligncenter wp-image-8360 size-full\" title=\"deco chambre cosy pour l automne\" src=\"http:\/\/www.cocondedecoration.com\/blog\/wp-content\/uploads\/2014\/10\/deco-chambre-cosy-et-agreable.jpeg\" alt=\"deco chambre cosy et agreable\" width=\"440\" height=\"550\" srcset=\"https:\/\/www.cocondedecoration.com\/blog\/wp-content\/uploads\/2014\/10\/deco-chambre-cosy-et-agreable.jpeg 440w, https:\/\/www.cocondedecoration.com\/blog\/wp-content\/uploads\/2014\/10\/deco-chambre-cosy-et-agreable-260x325.jpeg 260w\" sizes=\"(max-width: 440px) 100vw, 440px\" \/><\/a><a href=\"http:\/\/shakemyblog.fr\/deco\/appartement-deco-eclectique\/\" target=\"_blank\">Source <\/a><\/p>\n<p style=\"text-align: justify;\"><a href=\"http:\/\/www.cocondedecoration.com\/blog\/wp-content\/uploads\/2014\/10\/deco-cosy-automne.jpeg\"><img loading=\"lazy\" decoding=\"async\" class=\"aligncenter wp-image-8358 size-large\" title=\"deco cosy automne salon\" src=\"http:\/\/www.cocondedecoration.com\/blog\/wp-content\/uploads\/2014\/10\/deco-cosy-automne-640x959.jpeg\" alt=\"deco cosy automne\" width=\"640\" height=\"959\" srcset=\"https:\/\/www.cocondedecoration.com\/blog\/wp-content\/uploads\/2014\/10\/deco-cosy-automne-640x959.jpeg 640w, https:\/\/www.cocondedecoration.com\/blog\/wp-content\/uploads\/2014\/10\/deco-cosy-automne-260x389.jpeg 260w, https:\/\/www.cocondedecoration.com\/blog\/wp-content\/uploads\/2014\/10\/deco-cosy-automne.jpeg 683w\" sizes=\"(max-width: 640px) 100vw, 640px\" \/><\/a><a href=\"http:\/\/interiordesignerinspiredbylove.blogspot.fi\/\" target=\"_blank\">Source <\/a><\/p>\n<p style=\"text-align: justify;\"><a href=\"http:\/\/www.cocondedecoration.com\/blog\/wp-content\/uploads\/2014\/10\/deco-automne-pas-triste.jpeg\"><img loading=\"lazy\" decoding=\"async\" class=\"aligncenter wp-image-8361 size-large\" title=\"deco automne discret\" src=\"http:\/\/www.cocondedecoration.com\/blog\/wp-content\/uploads\/2014\/10\/deco-automne-pas-triste-640x959.jpeg\" alt=\"deco automne pas triste\" width=\"640\" height=\"959\" srcset=\"https:\/\/www.cocondedecoration.com\/blog\/wp-content\/uploads\/2014\/10\/deco-automne-pas-triste-640x959.jpeg 640w, https:\/\/www.cocondedecoration.com\/blog\/wp-content\/uploads\/2014\/10\/deco-automne-pas-triste-260x389.jpeg 260w, https:\/\/www.cocondedecoration.com\/blog\/wp-content\/uploads\/2014\/10\/deco-automne-pas-triste.jpeg 683w\" sizes=\"(max-width: 640px) 100vw, 640px\" \/><\/a><a href=\"http:\/\/myscandinavianhome.blogspot.se\/2013\/10\/a-gothenburg-home-with-touches-of-autumn.html\" target=\"_blank\">Source\u00a0 <\/a>et <a href=\"http:\/\/randommanipulation.tumblr.com\/post\/97835759985\/16sussex-browndresswithwhitedots\" target=\"_blank\">source de l'image \u00e0 la une <\/a><\/p>\n","protected":false},"excerpt":{"rendered":"<p>Dimanche pass\u00e9, Ch\u00e9ri avait mis la t\u00e9l\u00e9, et, il y avait la m\u00e9t\u00e9o. J&rsquo;\u00e9coutais d&rsquo;un oreille plus que distraite, mais la dame disais que l&rsquo;\u00e9t\u00e9 \u00e9tait bel et bien termin\u00e9 et qu&rsquo;on arrivait en automne. (J&rsquo;adore quand \u00e0 la t\u00e9l\u00e9, ils enfoncent des portes ouvertes) Perso, j&rsquo;aime l&rsquo;automne&#8230; J&rsquo;aime rester<span class=\"more-link\"><a href=\"https:\/\/www.cocondedecoration.com\/blog\/2014\/10\/deco-dautomne\/\">Lire la suite<\/a><\/span><\/p>\n","protected":false},"author":1,"featured_media":8364,"comment_status":"open","ping_status":"open","sticky":false,"template":"","format":"standard","meta":{"om_disable_all_campaigns":false,"_monsterinsights_skip_tracking":false,"_monsterinsights_sitenote_active":false,"_monsterinsights_sitenote_note":"","_monsterinsights_sitenote_category":0,"_uf_show_specific_survey":0,"_uf_disable_surveys":false,"footnotes":""},"categories":[4],"tags":[390,12,129,528,282,1028,41],"aioseo_notices":[],"_links":{"self":[{"href":"https:\/\/www.cocondedecoration.com\/blog\/wp-json\/wp\/v2\/posts\/8355"}],"collection":[{"href":"https:\/\/www.cocondedecoration.com\/blog\/wp-json\/wp\/v2\/posts"}],"about":[{"href":"https:\/\/www.cocondedecoration.com\/blog\/wp-json\/wp\/v2\/types\/post"}],"author":[{"embeddable":true,"href":"https:\/\/www.cocondedecoration.com\/blog\/wp-json\/wp\/v2\/users\/1"}],"replies":[{"embeddable":true,"href":"https:\/\/www.cocondedecoration.com\/blog\/wp-json\/wp\/v2\/comments?post=8355"}],"version-history":[{"count":0,"href":"https:\/\/www.cocondedecoration.com\/blog\/wp-json\/wp\/v2\/posts\/8355\/revisions"}],"wp:featuredmedia":[{"embeddable":true,"href":"https:\/\/www.cocondedecoration.com\/blog\/wp-json\/wp\/v2\/media\/8364"}],"wp:attachment":[{"href":"https:\/\/www.cocondedecoration.com\/blog\/wp-json\/wp\/v2\/media?parent=8355"}],"wp:term":[{"taxonomy":"category","embeddable":true,"href":"https:\/\/www.cocondedecoration.com\/blog\/wp-json\/wp\/v2\/categories?post=8355"},{"taxonomy":"post_tag","embeddable":true,"href":"https:\/\/www.cocondedecoration.com\/blog\/wp-json\/wp\/v2\/tags?post=8355"}],"curies":[{"name":"wp","href":"https:\/\/api.w.org\/{rel}","templated":true}]}}