{"id":83444,"date":"2025-06-12T01:00:00","date_gmt":"2025-06-11T23:00:00","guid":{"rendered":"https:\/\/www.cocondedecoration.com\/blog\/?p=83444"},"modified":"2025-06-10T07:12:09","modified_gmt":"2025-06-10T05:12:09","slug":"association-deco-jaune-blanc","status":"publish","type":"post","link":"https:\/\/www.cocondedecoration.com\/blog\/2025\/06\/association-deco-jaune-blanc\/","title":{"rendered":"Du blanc et du jaune associ\u00e9s pour un int\u00e9rieur \u00e9clatant"},"content":{"rendered":"\n<p>Je fais partie de ces gens qui sont sensibles \u00e0 la couleur. Elles influencent \u00e9norm\u00e9ment mon moral et mon \u00e9tat d'esprit. Certaines sont bannies de mon quotidien alors que d'autres ont une place singuli\u00e8re. Pendant des ann\u00e9es, le vert m'a apais\u00e9e et m'a rendue confiante. Cependant, cela fait un moment d\u00e9j\u00e0 que le jaune me parle bien. Plus que son aspect solaire, c'est la joie qui en d\u00e9coule qui me parle beaucoup. J'ai d\u00e9j\u00e0 eu l'occasion de vous parler d'associations de couleurs avec le jaune. Cette fois, c'est le blanc et jaune qui nous int\u00e9resse dans cet article.  <\/p>\n\n\n\n<!--more-->\n\n\n\n<h2 class=\"wp-block-heading\">Associer blanc et jaune sur les murs de son int\u00e9rieur <\/h2>\n\n\n\n<p>Et on commence cet article avec le blanc et jaune au mur. C'est une mani\u00e8re d'utiliser les couleurs qui est assez fr\u00e9quente. Cela s'explique probablement par le fait que ce soit facile \u00e0 faire soi-m\u00eame et que le r\u00e9sultat est rapide. Mais comment peut-on associer le blanc et jaune sur les murs? Plusieurs solutions s'offrent \u00e0 vous: <\/p>\n\n\n\n<ul>\n<li>Mur accent jaune dans une pi\u00e8ce \u00e0 dominante blanche <\/li>\n\n\n\n<li><a href=\"https:\/\/www.cocondedecoration.com\/blog\/2024\/12\/papier-peint-jaune\/\" target=\"_blank\" rel=\"noopener\" title=\"\">Papier peint bicolore en jaune et blanc <\/a><\/li>\n\n\n\n<li>Soubassement blanc et haut du mur en jaune (ou inversement) <\/li>\n\n\n\n<li>Fresque jaune et blanche peinte <\/li>\n\n\n\n<li>Cr\u00e9dence \/ carrelage bicolore (je reviens apr\u00e8s sur la cr\u00e9dence) <\/li>\n<\/ul>\n\n\n\n<p>Le blanc a de nombreux avantages. Il permet \u00e0 une pi\u00e8ce de para\u00eetre plus grande. Il la rend plus lumineuse \u00e9galement. Cependant le blanc a souvent la \"mauvaise r\u00e9putation\" d'\u00eatre une couleur froide et sans \u00e2me. En l'associant au jaune sur les murs, ce point n\u00e9gatif dispara\u00eet. Le jaune rend chaleureuse et \u00e9clatante l'atmosph\u00e8re de la pi\u00e8ce dans laquelle il se trouve - m\u00eame s'il est utilis\u00e9 en petite quantit\u00e9. <\/p>\n\n\n\n<figure class=\"wp-block-gallery has-nested-images columns-default is-cropped wp-block-gallery-1 is-layout-flex wp-block-gallery-is-layout-flex\">\n<figure class=\"wp-block-image size-large\"><a href=\"https:\/\/www.cocondedecoration.com\/blog\/wp-content\/uploads\/2025\/06\/decoration-blanc-et-jaune-association-couleur.001.jpeg\"><img loading=\"lazy\" decoding=\"async\" width=\"640\" height=\"960\" data-id=\"83445\" src=\"https:\/\/www.cocondedecoration.com\/blog\/wp-content\/uploads\/2025\/06\/decoration-blanc-et-jaune-association-couleur.001-640x960.jpeg\" alt=\"d\u00e9coration int\u00e9rieure blanche et jaune  mur accent papier peint graphique moderne motif abstrait \" class=\"wp-image-83445\" title=\"d\u00e9coration int\u00e9rieure blanche et jaune  mur accent papier peint graphique moderne motif abstrait \" srcset=\"https:\/\/www.cocondedecoration.com\/blog\/wp-content\/uploads\/2025\/06\/decoration-blanc-et-jaune-association-couleur.001-640x960.jpeg 640w, https:\/\/www.cocondedecoration.com\/blog\/wp-content\/uploads\/2025\/06\/decoration-blanc-et-jaune-association-couleur.001-260x390.jpeg 260w, https:\/\/www.cocondedecoration.com\/blog\/wp-content\/uploads\/2025\/06\/decoration-blanc-et-jaune-association-couleur.001-768x1152.jpeg 768w, https:\/\/www.cocondedecoration.com\/blog\/wp-content\/uploads\/2025\/06\/decoration-blanc-et-jaune-association-couleur.001-367x550.jpeg 367w, https:\/\/www.cocondedecoration.com\/blog\/wp-content\/uploads\/2025\/06\/decoration-blanc-et-jaune-association-couleur.001-333x500.jpeg 333w, https:\/\/www.cocondedecoration.com\/blog\/wp-content\/uploads\/2025\/06\/decoration-blanc-et-jaune-association-couleur.001.jpeg 1000w\" sizes=\"(max-width: 640px) 100vw, 640px\" \/><\/a><figcaption class=\"wp-element-caption\">cotemaison.fr<\/figcaption><\/figure>\n\n\n\n<figure class=\"wp-block-image size-large\"><a href=\"https:\/\/www.cocondedecoration.com\/blog\/wp-content\/uploads\/2025\/06\/decoration-blanc-et-jaune-association-couleur.002.jpeg\"><img loading=\"lazy\" decoding=\"async\" width=\"640\" height=\"960\" data-id=\"83447\" src=\"https:\/\/www.cocondedecoration.com\/blog\/wp-content\/uploads\/2025\/06\/decoration-blanc-et-jaune-association-couleur.002-640x960.jpeg\" alt=\"int\u00e9rieur blanc et jaune exemple soubassement trashwall peinture id\u00e9e originale et \u00e9l\u00e9gante \" class=\"wp-image-83447\" title=\"int\u00e9rieur blanc et jaune exemple soubassement trashwall peinture id\u00e9e originale et \u00e9l\u00e9gante \" srcset=\"https:\/\/www.cocondedecoration.com\/blog\/wp-content\/uploads\/2025\/06\/decoration-blanc-et-jaune-association-couleur.002-640x960.jpeg 640w, https:\/\/www.cocondedecoration.com\/blog\/wp-content\/uploads\/2025\/06\/decoration-blanc-et-jaune-association-couleur.002-260x390.jpeg 260w, https:\/\/www.cocondedecoration.com\/blog\/wp-content\/uploads\/2025\/06\/decoration-blanc-et-jaune-association-couleur.002-768x1152.jpeg 768w, https:\/\/www.cocondedecoration.com\/blog\/wp-content\/uploads\/2025\/06\/decoration-blanc-et-jaune-association-couleur.002-367x550.jpeg 367w, https:\/\/www.cocondedecoration.com\/blog\/wp-content\/uploads\/2025\/06\/decoration-blanc-et-jaune-association-couleur.002-333x500.jpeg 333w, https:\/\/www.cocondedecoration.com\/blog\/wp-content\/uploads\/2025\/06\/decoration-blanc-et-jaune-association-couleur.002.jpeg 1000w\" sizes=\"(max-width: 640px) 100vw, 640px\" \/><\/a><figcaption class=\"wp-element-caption\">chezzany.rio.br<\/figcaption><\/figure>\n\n\n\n<figure class=\"wp-block-image size-large\"><a href=\"https:\/\/www.cocondedecoration.com\/blog\/wp-content\/uploads\/2025\/06\/decoration-blanc-et-jaune-association-couleur.003.jpeg\"><img loading=\"lazy\" decoding=\"async\" width=\"640\" height=\"960\" data-id=\"83446\" src=\"https:\/\/www.cocondedecoration.com\/blog\/wp-content\/uploads\/2025\/06\/decoration-blanc-et-jaune-association-couleur.003-640x960.jpeg\" alt=\"association couleur jaune et blanc mur accent pour mettre en valeur espace salon s\u00e9jour \" class=\"wp-image-83446\" title=\"association couleur jaune et blanc mur accent pour mettre en valeur espace salon s\u00e9jour \" srcset=\"https:\/\/www.cocondedecoration.com\/blog\/wp-content\/uploads\/2025\/06\/decoration-blanc-et-jaune-association-couleur.003-640x960.jpeg 640w, https:\/\/www.cocondedecoration.com\/blog\/wp-content\/uploads\/2025\/06\/decoration-blanc-et-jaune-association-couleur.003-260x390.jpeg 260w, https:\/\/www.cocondedecoration.com\/blog\/wp-content\/uploads\/2025\/06\/decoration-blanc-et-jaune-association-couleur.003-768x1152.jpeg 768w, https:\/\/www.cocondedecoration.com\/blog\/wp-content\/uploads\/2025\/06\/decoration-blanc-et-jaune-association-couleur.003-367x550.jpeg 367w, https:\/\/www.cocondedecoration.com\/blog\/wp-content\/uploads\/2025\/06\/decoration-blanc-et-jaune-association-couleur.003-333x500.jpeg 333w, https:\/\/www.cocondedecoration.com\/blog\/wp-content\/uploads\/2025\/06\/decoration-blanc-et-jaune-association-couleur.003.jpeg 1000w\" sizes=\"(max-width: 640px) 100vw, 640px\" \/><\/a><figcaption class=\"wp-element-caption\">theinterioreditor.com<\/figcaption><\/figure>\n<\/figure>\n\n\n\n<div style=\"height:20px\" aria-hidden=\"true\" class=\"wp-block-spacer\"><\/div>\n\n\n\n<div class=\"wp-block-media-text alignwide\"><figure class=\"wp-block-media-text__media\"><img loading=\"lazy\" decoding=\"async\" width=\"640\" height=\"366\" src=\"https:\/\/www.cocondedecoration.com\/blog\/wp-content\/uploads\/2023\/12\/newsletter-patreon-640x366.png\" alt=\"\" class=\"wp-image-70176\" srcset=\"https:\/\/www.cocondedecoration.com\/blog\/wp-content\/uploads\/2023\/12\/newsletter-patreon-640x366.png 640w, https:\/\/www.cocondedecoration.com\/blog\/wp-content\/uploads\/2023\/12\/newsletter-patreon-260x149.png 260w, https:\/\/www.cocondedecoration.com\/blog\/wp-content\/uploads\/2023\/12\/newsletter-patreon-768x439.png 768w, https:\/\/www.cocondedecoration.com\/blog\/wp-content\/uploads\/2023\/12\/newsletter-patreon-465x266.png 465w, https:\/\/www.cocondedecoration.com\/blog\/wp-content\/uploads\/2023\/12\/newsletter-patreon-695x397.png 695w, https:\/\/www.cocondedecoration.com\/blog\/wp-content\/uploads\/2023\/12\/newsletter-patreon.png 1050w\" sizes=\"(max-width: 640px) 100vw, 640px\" \/><\/figure><div class=\"wp-block-media-text__content\">\n<p style=\"text-align:center\"><strong>La newsletter du blog est sur Patreon<\/strong><\/p>\n\n\n\n<p>Devenez membre gratuitement de mon Patron pour lire toutes les newsletters du blog &amp; recevoir une notification quand les prochaines seront en ligne. <\/p>\n\n\n\n<div class=\"wp-block-button aligncenter\"><a class=\"wp-block-button__link\" href=\"https:\/\/www.patreon.com\/cocondedeco\">Acc\u00e9der \u00e0 Patreon gratuitement<\/a><\/div>\n<\/div><\/div>\n\n\n\n<div style=\"height:30px\" aria-hidden=\"true\" class=\"wp-block-spacer\"><\/div>\n\n\n\n<h2 class=\"wp-block-heading\">Un salon joyeux gr\u00e2ce au canap\u00e9 jaune <\/h2>\n\n\n\n<p>Une autre solution pour apporter de la couleur dans la pi\u00e8ce \u00e0 vivre consiste \u00e0 changer de canap\u00e9 et opter pour un mod\u00e8le color\u00e9. En l'occurence ici, un <a href=\"https:\/\/www.cocondedecoration.com\/blog\/2024\/10\/ou-trouver-canape-jaune\/\" target=\"_blank\" rel=\"noopener\" title=\"\">canap\u00e9 jaune<\/a>. Le canap\u00e9 est g\u00e9n\u00e9ralement l'\u00e9l\u00e9ment central de l'espace. Il a donc un fort pouvoir d\u00e9coratif (mais pas que). Il influence notre perception de l'espace et son univers. <\/p>\n\n\n\n<p>Un canap\u00e9 jaune va donc v\u00e9hiculer un certain message. Le jaune est une couleur chaude, moderne, accueillante. Elle va aussi \u00eatre relative \u00e0 une id\u00e9e de confort. Ce sont un tas d'id\u00e9es qui ont toute leur place dans une pi\u00e8ce \u00e0 vivre. Par sa position centrale (et je ne parle pas que de <a href=\"https:\/\/www.cocondedecoration.com\/blog\/2025\/02\/place-canape-salon\/\" target=\"_blank\" rel=\"noopener\" title=\"\">l'endroit o\u00f9 le canap\u00e9 se situe dans votre espace<\/a>), le canap\u00e9 jaune va rendre un salon blanc bien plus chaleureux et convivial. <\/p>\n\n\n\n<figure class=\"wp-block-gallery has-nested-images columns-default is-cropped wp-block-gallery-2 is-layout-flex wp-block-gallery-is-layout-flex\">\n<figure class=\"wp-block-image size-large\"><a href=\"https:\/\/www.cocondedecoration.com\/blog\/wp-content\/uploads\/2025\/06\/decoration-blanc-et-jaune-association-couleur.004.jpeg\"><img loading=\"lazy\" decoding=\"async\" width=\"640\" height=\"960\" data-id=\"83449\" src=\"https:\/\/www.cocondedecoration.com\/blog\/wp-content\/uploads\/2025\/06\/decoration-blanc-et-jaune-association-couleur.004-640x960.jpeg\" alt=\"d\u00e9coration int\u00e9rieure blanche et jaune  canap\u00e9 mur lambris d\u00e9co murale tenture boh\u00e8me \" class=\"wp-image-83449\" title=\"d\u00e9coration int\u00e9rieure blanche et jaune  canap\u00e9 mur lambris d\u00e9co murale tenture boh\u00e8me \" srcset=\"https:\/\/www.cocondedecoration.com\/blog\/wp-content\/uploads\/2025\/06\/decoration-blanc-et-jaune-association-couleur.004-640x960.jpeg 640w, https:\/\/www.cocondedecoration.com\/blog\/wp-content\/uploads\/2025\/06\/decoration-blanc-et-jaune-association-couleur.004-260x390.jpeg 260w, https:\/\/www.cocondedecoration.com\/blog\/wp-content\/uploads\/2025\/06\/decoration-blanc-et-jaune-association-couleur.004-768x1152.jpeg 768w, https:\/\/www.cocondedecoration.com\/blog\/wp-content\/uploads\/2025\/06\/decoration-blanc-et-jaune-association-couleur.004-367x550.jpeg 367w, https:\/\/www.cocondedecoration.com\/blog\/wp-content\/uploads\/2025\/06\/decoration-blanc-et-jaune-association-couleur.004-333x500.jpeg 333w, https:\/\/www.cocondedecoration.com\/blog\/wp-content\/uploads\/2025\/06\/decoration-blanc-et-jaune-association-couleur.004.jpeg 1000w\" sizes=\"(max-width: 640px) 100vw, 640px\" \/><\/a><figcaption class=\"wp-element-caption\">loknam.com<\/figcaption><\/figure>\n\n\n\n<figure class=\"wp-block-image size-large\"><a href=\"https:\/\/www.cocondedecoration.com\/blog\/wp-content\/uploads\/2025\/06\/decoration-blanc-et-jaune-association-couleur.005.jpeg\"><img loading=\"lazy\" decoding=\"async\" width=\"640\" height=\"960\" data-id=\"83450\" src=\"https:\/\/www.cocondedecoration.com\/blog\/wp-content\/uploads\/2025\/06\/decoration-blanc-et-jaune-association-couleur.005-640x960.jpeg\" alt=\"int\u00e9rieur blanc et jaune exemple petit canap\u00e9 color\u00e9 ambiance moderne plantes vertes tapis ethnique \" class=\"wp-image-83450\" title=\"int\u00e9rieur blanc et jaune exemple petit canap\u00e9 color\u00e9 ambiance moderne plantes vertes tapis ethnique \" srcset=\"https:\/\/www.cocondedecoration.com\/blog\/wp-content\/uploads\/2025\/06\/decoration-blanc-et-jaune-association-couleur.005-640x960.jpeg 640w, https:\/\/www.cocondedecoration.com\/blog\/wp-content\/uploads\/2025\/06\/decoration-blanc-et-jaune-association-couleur.005-260x390.jpeg 260w, https:\/\/www.cocondedecoration.com\/blog\/wp-content\/uploads\/2025\/06\/decoration-blanc-et-jaune-association-couleur.005-768x1152.jpeg 768w, https:\/\/www.cocondedecoration.com\/blog\/wp-content\/uploads\/2025\/06\/decoration-blanc-et-jaune-association-couleur.005-367x550.jpeg 367w, https:\/\/www.cocondedecoration.com\/blog\/wp-content\/uploads\/2025\/06\/decoration-blanc-et-jaune-association-couleur.005-333x500.jpeg 333w, https:\/\/www.cocondedecoration.com\/blog\/wp-content\/uploads\/2025\/06\/decoration-blanc-et-jaune-association-couleur.005.jpeg 1000w\" sizes=\"(max-width: 640px) 100vw, 640px\" \/><\/a><figcaption class=\"wp-element-caption\">craftycozylife.com<\/figcaption><\/figure>\n\n\n\n<figure class=\"wp-block-image size-large\"><a href=\"https:\/\/www.cocondedecoration.com\/blog\/wp-content\/uploads\/2025\/06\/decoration-blanc-et-jaune-association-couleur.006.jpeg\"><img loading=\"lazy\" decoding=\"async\" width=\"640\" height=\"960\" data-id=\"83448\" src=\"https:\/\/www.cocondedecoration.com\/blog\/wp-content\/uploads\/2025\/06\/decoration-blanc-et-jaune-association-couleur.006-640x960.jpeg\" alt=\"association couleur jaune et blanc salon canap\u00e9 color\u00e9 galerie de cadres murale plante d'int\u00e9rieur \" class=\"wp-image-83448\" title=\"association couleur jaune et blanc salon canap\u00e9 color\u00e9 galerie de cadres murale plante d'int\u00e9rieur \" srcset=\"https:\/\/www.cocondedecoration.com\/blog\/wp-content\/uploads\/2025\/06\/decoration-blanc-et-jaune-association-couleur.006-640x960.jpeg 640w, https:\/\/www.cocondedecoration.com\/blog\/wp-content\/uploads\/2025\/06\/decoration-blanc-et-jaune-association-couleur.006-260x390.jpeg 260w, https:\/\/www.cocondedecoration.com\/blog\/wp-content\/uploads\/2025\/06\/decoration-blanc-et-jaune-association-couleur.006-768x1152.jpeg 768w, https:\/\/www.cocondedecoration.com\/blog\/wp-content\/uploads\/2025\/06\/decoration-blanc-et-jaune-association-couleur.006-367x550.jpeg 367w, https:\/\/www.cocondedecoration.com\/blog\/wp-content\/uploads\/2025\/06\/decoration-blanc-et-jaune-association-couleur.006-333x500.jpeg 333w, https:\/\/www.cocondedecoration.com\/blog\/wp-content\/uploads\/2025\/06\/decoration-blanc-et-jaune-association-couleur.006.jpeg 1000w\" sizes=\"(max-width: 640px) 100vw, 640px\" \/><\/a><figcaption class=\"wp-element-caption\">furnizing.com<\/figcaption><\/figure>\n<\/figure>\n\n\n\n<h2 class=\"wp-block-heading\">Porte d'entr\u00e9e: le jaune pour rendre votre espace plus accueillant <\/h2>\n\n\n\n<p>Il y a peu, j'ai consacr\u00e9 un gros article \u00e0 propos des diff\u00e9rentes mani\u00e8res qui s'offraient \u00e0 vous pour cr\u00e9er une entr\u00e9e plus accueillante. En plus des <a href=\"https:\/\/www.cocondedecoration.com\/blog\/2025\/05\/entree-moderne-accueillante\/\" target=\"_blank\" rel=\"noopener\" title=\"\">50 id\u00e9es (et 100 inspirations)<\/a> propos\u00e9es, on peut partir sur l'id\u00e9e de colorer la porte d'entr\u00e9e. C'est une id\u00e9e qui marche bien pour diff\u00e9rentes configurations d'espace: petite entr\u00e9e, entr\u00e9e en couloir, hall un peu plus grand... A l'instar du canap\u00e9 dans le salon, la porte dans une entr\u00e9e est l'\u00e9l\u00e9ment central de la pi\u00e8ce. La mettre en couleur vous permettra de la d\u00e9marquer mais elle va aussi rayonner dans votre espace. <\/p>\n\n\n\n<p>A lire \u00e9galement: <a href=\"https:\/\/www.cocondedecoration.com\/blog\/2023\/01\/couleur-portes-interieures\/\" target=\"_blank\" rel=\"noopener\" title=\"\">Peindre ses portes en couleur<\/a> (il y a une partie d\u00e9di\u00e9e \u00e0 la porte d'entr\u00e9e)<\/p>\n\n\n\n<figure class=\"wp-block-gallery has-nested-images columns-default is-cropped wp-block-gallery-3 is-layout-flex wp-block-gallery-is-layout-flex\">\n<figure class=\"wp-block-image size-large\"><a href=\"https:\/\/www.cocondedecoration.com\/blog\/wp-content\/uploads\/2025\/06\/decoration-blanc-et-jaune-association-couleur.007.jpeg\"><img loading=\"lazy\" decoding=\"async\" width=\"640\" height=\"960\" data-id=\"83451\" src=\"https:\/\/www.cocondedecoration.com\/blog\/wp-content\/uploads\/2025\/06\/decoration-blanc-et-jaune-association-couleur.007-640x960.jpeg\" alt=\"d\u00e9coration int\u00e9rieure blanche et jaune  porte d'entr\u00e9e color\u00e9e sol damier espace lumineux \" class=\"wp-image-83451\" title=\"d\u00e9coration int\u00e9rieure blanche et jaune  porte d'entr\u00e9e color\u00e9e sol damier espace lumineux \" srcset=\"https:\/\/www.cocondedecoration.com\/blog\/wp-content\/uploads\/2025\/06\/decoration-blanc-et-jaune-association-couleur.007-640x960.jpeg 640w, https:\/\/www.cocondedecoration.com\/blog\/wp-content\/uploads\/2025\/06\/decoration-blanc-et-jaune-association-couleur.007-260x390.jpeg 260w, https:\/\/www.cocondedecoration.com\/blog\/wp-content\/uploads\/2025\/06\/decoration-blanc-et-jaune-association-couleur.007-768x1152.jpeg 768w, https:\/\/www.cocondedecoration.com\/blog\/wp-content\/uploads\/2025\/06\/decoration-blanc-et-jaune-association-couleur.007-367x550.jpeg 367w, https:\/\/www.cocondedecoration.com\/blog\/wp-content\/uploads\/2025\/06\/decoration-blanc-et-jaune-association-couleur.007-333x500.jpeg 333w, https:\/\/www.cocondedecoration.com\/blog\/wp-content\/uploads\/2025\/06\/decoration-blanc-et-jaune-association-couleur.007.jpeg 1000w\" sizes=\"(max-width: 640px) 100vw, 640px\" \/><\/a><figcaption class=\"wp-element-caption\">instagram.com\/deco_x2mangos\/<\/figcaption><\/figure>\n\n\n\n<figure class=\"wp-block-image size-large\"><a href=\"https:\/\/www.cocondedecoration.com\/blog\/wp-content\/uploads\/2025\/06\/decoration-blanc-et-jaune-association-couleur.008.jpeg\"><img loading=\"lazy\" decoding=\"async\" width=\"640\" height=\"960\" data-id=\"83452\" src=\"https:\/\/www.cocondedecoration.com\/blog\/wp-content\/uploads\/2025\/06\/decoration-blanc-et-jaune-association-couleur.008-640x960.jpeg\" alt=\"int\u00e9rieur blanc et jaune exemple peinture porte d'entr\u00e9e couloir chic et \u00e9l\u00e9gant vitrail color\u00e9 \" class=\"wp-image-83452\" title=\"int\u00e9rieur blanc et jaune exemple peinture porte d'entr\u00e9e couloir chic et \u00e9l\u00e9gant vitrail color\u00e9 \" srcset=\"https:\/\/www.cocondedecoration.com\/blog\/wp-content\/uploads\/2025\/06\/decoration-blanc-et-jaune-association-couleur.008-640x960.jpeg 640w, https:\/\/www.cocondedecoration.com\/blog\/wp-content\/uploads\/2025\/06\/decoration-blanc-et-jaune-association-couleur.008-260x390.jpeg 260w, https:\/\/www.cocondedecoration.com\/blog\/wp-content\/uploads\/2025\/06\/decoration-blanc-et-jaune-association-couleur.008-768x1152.jpeg 768w, https:\/\/www.cocondedecoration.com\/blog\/wp-content\/uploads\/2025\/06\/decoration-blanc-et-jaune-association-couleur.008-367x550.jpeg 367w, https:\/\/www.cocondedecoration.com\/blog\/wp-content\/uploads\/2025\/06\/decoration-blanc-et-jaune-association-couleur.008-333x500.jpeg 333w, https:\/\/www.cocondedecoration.com\/blog\/wp-content\/uploads\/2025\/06\/decoration-blanc-et-jaune-association-couleur.008.jpeg 1000w\" sizes=\"(max-width: 640px) 100vw, 640px\" \/><\/a><figcaption class=\"wp-element-caption\">sheerluxe.com<\/figcaption><\/figure>\n\n\n\n<figure class=\"wp-block-image size-large\"><a href=\"https:\/\/www.cocondedecoration.com\/blog\/wp-content\/uploads\/2025\/06\/decoration-blanc-et-jaune-association-couleur.009.jpeg\"><img loading=\"lazy\" decoding=\"async\" width=\"640\" height=\"960\" data-id=\"83453\" src=\"https:\/\/www.cocondedecoration.com\/blog\/wp-content\/uploads\/2025\/06\/decoration-blanc-et-jaune-association-couleur.009-640x960.jpeg\" alt=\"association couleur jaune et blanc couloir entr\u00e9e peinture porte couleur plafond \" class=\"wp-image-83453\" title=\"association couleur jaune et blanc couloir entr\u00e9e peinture porte couleur plafond \" srcset=\"https:\/\/www.cocondedecoration.com\/blog\/wp-content\/uploads\/2025\/06\/decoration-blanc-et-jaune-association-couleur.009-640x960.jpeg 640w, https:\/\/www.cocondedecoration.com\/blog\/wp-content\/uploads\/2025\/06\/decoration-blanc-et-jaune-association-couleur.009-260x390.jpeg 260w, https:\/\/www.cocondedecoration.com\/blog\/wp-content\/uploads\/2025\/06\/decoration-blanc-et-jaune-association-couleur.009-768x1152.jpeg 768w, https:\/\/www.cocondedecoration.com\/blog\/wp-content\/uploads\/2025\/06\/decoration-blanc-et-jaune-association-couleur.009-367x550.jpeg 367w, https:\/\/www.cocondedecoration.com\/blog\/wp-content\/uploads\/2025\/06\/decoration-blanc-et-jaune-association-couleur.009-333x500.jpeg 333w, https:\/\/www.cocondedecoration.com\/blog\/wp-content\/uploads\/2025\/06\/decoration-blanc-et-jaune-association-couleur.009.jpeg 1000w\" sizes=\"(max-width: 640px) 100vw, 640px\" \/><\/a><figcaption class=\"wp-element-caption\">@\u200bcott\u200bagea\u200bnd\u200b\u200bblosso\u200bm via Instagram<\/figcaption><\/figure>\n<\/figure>\n\n\n\n<h2 class=\"wp-block-heading\">Dynamiser une cuisine blanche gr\u00e2ce \u00e0 une cr\u00e9dence jaune <\/h2>\n\n\n\n<p>On change de pi\u00e8ce et on va dans la cuisine. Cette id\u00e9e d'ailleurs marche \u00e9galement dans la salle de bain. Ce sont les deux pi\u00e8ces de votre int\u00e9rieur o\u00f9 l'on trouve facilement du carrelage mural. Et ce rev\u00eatement peut \u00eatre source de couleur. On trouve tr\u00e8s facilement du carrelage jaune ou du carrelage jaune et blanc. Parfois dans la cuisine, la d\u00e9co semble \u00eatre difficile \u00e0 cause de la pr\u00e9sence de meubles en grande quantit\u00e9. Les moyens de personnaliser l'espace sont donc un peu diff\u00e9rents que ceux qu'on utiliserait pour personnaliser le salon ou la chambre. <a href=\"https:\/\/www.cocondedecoration.com\/blog\/2025\/02\/credence-cuisine-moderne\/\" target=\"_blank\" rel=\"noopener\" title=\"\">La cr\u00e9dence<\/a> est un de ses moyens. <\/p>\n\n\n\n<p>J'aime l'id\u00e9e d'associer meubles de cuisine blancs et carrelages jaunes. Il est tr\u00e8s facile d'avoir une cuisine blanche, c'est souvent le cas pour les logements en location. Le blanc est passe-partout. C'est aussi une couleur moins on\u00e9reuse <a href=\"https:\/\/www.cocondedecoration.com\/blog\/2025\/05\/comprendre-devis-cuisine\/\" target=\"_blank\" rel=\"noopener\" title=\"\">quand on change de cuisine<\/a>. Opter pour un rev\u00eatement jaune - m\u00eame s'il n'est que sur une partie du mur rend l'espace de vie bien plus agr\u00e9able et chaleureux. Et pour une touche plus vivante encore, le combo jaune et blanc laisse de la place aux plantes vertes. <\/p>\n\n\n\n<p>A lire aussi: <a href=\"https:\/\/www.cocondedecoration.com\/blog\/2022\/09\/choisir-variete-plante-cuisine\/\" target=\"_blank\" rel=\"noopener\" title=\"\">Quelles vari\u00e9t\u00e9s de plantes vertes choisir pour la cuisine? <\/a><br>Pour aller plus loin: <a href=\"https:\/\/www.cocondedecoration.com\/blog\/2019\/06\/couleur-du-jaune-dans-la-cuisine\/\" target=\"_blank\" rel=\"noopener\" title=\"\">Du jaune dans la cuisine<\/a><\/p>\n\n\n\n<figure class=\"wp-block-gallery has-nested-images columns-default is-cropped wp-block-gallery-4 is-layout-flex wp-block-gallery-is-layout-flex\">\n<figure class=\"wp-block-image size-large\"><a href=\"https:\/\/www.cocondedecoration.com\/blog\/wp-content\/uploads\/2025\/06\/decoration-blanc-et-jaune-association-couleur.010.jpeg\"><img loading=\"lazy\" decoding=\"async\" width=\"640\" height=\"960\" data-id=\"83455\" src=\"https:\/\/www.cocondedecoration.com\/blog\/wp-content\/uploads\/2025\/06\/decoration-blanc-et-jaune-association-couleur.010-640x960.jpeg\" alt=\"d\u00e9coration int\u00e9rieure blanche et jaune  cr\u00e9dence carrelage petite cuisine en couloir \" class=\"wp-image-83455\" title=\"d\u00e9coration int\u00e9rieure blanche et jaune  cr\u00e9dence carrelage petite cuisine en couloir \" srcset=\"https:\/\/www.cocondedecoration.com\/blog\/wp-content\/uploads\/2025\/06\/decoration-blanc-et-jaune-association-couleur.010-640x960.jpeg 640w, https:\/\/www.cocondedecoration.com\/blog\/wp-content\/uploads\/2025\/06\/decoration-blanc-et-jaune-association-couleur.010-260x390.jpeg 260w, https:\/\/www.cocondedecoration.com\/blog\/wp-content\/uploads\/2025\/06\/decoration-blanc-et-jaune-association-couleur.010-768x1152.jpeg 768w, https:\/\/www.cocondedecoration.com\/blog\/wp-content\/uploads\/2025\/06\/decoration-blanc-et-jaune-association-couleur.010-367x550.jpeg 367w, https:\/\/www.cocondedecoration.com\/blog\/wp-content\/uploads\/2025\/06\/decoration-blanc-et-jaune-association-couleur.010-333x500.jpeg 333w, https:\/\/www.cocondedecoration.com\/blog\/wp-content\/uploads\/2025\/06\/decoration-blanc-et-jaune-association-couleur.010.jpeg 1000w\" sizes=\"(max-width: 640px) 100vw, 640px\" \/><\/a><figcaption class=\"wp-element-caption\">carneghia via Pinterest<\/figcaption><\/figure>\n\n\n\n<figure class=\"wp-block-image size-large\"><a href=\"https:\/\/www.cocondedecoration.com\/blog\/wp-content\/uploads\/2025\/06\/decoration-blanc-et-jaune-association-couleur.011.jpeg\"><img loading=\"lazy\" decoding=\"async\" width=\"640\" height=\"960\" data-id=\"83456\" src=\"https:\/\/www.cocondedecoration.com\/blog\/wp-content\/uploads\/2025\/06\/decoration-blanc-et-jaune-association-couleur.011-640x960.jpeg\" alt=\"int\u00e9rieur blanc et jaune exemple mur cuisine carrelage hexagonal meuble blanc mur accent \" class=\"wp-image-83456\" title=\"int\u00e9rieur blanc et jaune exemple mur cuisine carrelage hexagonal meuble blanc mur accent \" srcset=\"https:\/\/www.cocondedecoration.com\/blog\/wp-content\/uploads\/2025\/06\/decoration-blanc-et-jaune-association-couleur.011-640x960.jpeg 640w, https:\/\/www.cocondedecoration.com\/blog\/wp-content\/uploads\/2025\/06\/decoration-blanc-et-jaune-association-couleur.011-260x390.jpeg 260w, https:\/\/www.cocondedecoration.com\/blog\/wp-content\/uploads\/2025\/06\/decoration-blanc-et-jaune-association-couleur.011-768x1152.jpeg 768w, https:\/\/www.cocondedecoration.com\/blog\/wp-content\/uploads\/2025\/06\/decoration-blanc-et-jaune-association-couleur.011-367x550.jpeg 367w, https:\/\/www.cocondedecoration.com\/blog\/wp-content\/uploads\/2025\/06\/decoration-blanc-et-jaune-association-couleur.011-333x500.jpeg 333w, https:\/\/www.cocondedecoration.com\/blog\/wp-content\/uploads\/2025\/06\/decoration-blanc-et-jaune-association-couleur.011.jpeg 1000w\" sizes=\"(max-width: 640px) 100vw, 640px\" \/><\/a><figcaption class=\"wp-element-caption\">apartmentabc.com<\/figcaption><\/figure>\n\n\n\n<figure class=\"wp-block-image size-large\"><a href=\"https:\/\/www.cocondedecoration.com\/blog\/wp-content\/uploads\/2025\/06\/decoration-blanc-et-jaune-association-couleur.012.jpeg\"><img loading=\"lazy\" decoding=\"async\" width=\"640\" height=\"960\" data-id=\"83454\" src=\"https:\/\/www.cocondedecoration.com\/blog\/wp-content\/uploads\/2025\/06\/decoration-blanc-et-jaune-association-couleur.012-640x960.jpeg\" alt=\"association couleur jaune et blanc cr\u00e9dence carrelage graphique bicolore cuisine moderne en bois plan de travail blanc \" class=\"wp-image-83454\" title=\"association couleur jaune et blanc cr\u00e9dence carrelage graphique bicolore cuisine moderne en bois plan de travail blanc \" srcset=\"https:\/\/www.cocondedecoration.com\/blog\/wp-content\/uploads\/2025\/06\/decoration-blanc-et-jaune-association-couleur.012-640x960.jpeg 640w, https:\/\/www.cocondedecoration.com\/blog\/wp-content\/uploads\/2025\/06\/decoration-blanc-et-jaune-association-couleur.012-260x390.jpeg 260w, https:\/\/www.cocondedecoration.com\/blog\/wp-content\/uploads\/2025\/06\/decoration-blanc-et-jaune-association-couleur.012-768x1152.jpeg 768w, https:\/\/www.cocondedecoration.com\/blog\/wp-content\/uploads\/2025\/06\/decoration-blanc-et-jaune-association-couleur.012-367x550.jpeg 367w, https:\/\/www.cocondedecoration.com\/blog\/wp-content\/uploads\/2025\/06\/decoration-blanc-et-jaune-association-couleur.012-333x500.jpeg 333w, https:\/\/www.cocondedecoration.com\/blog\/wp-content\/uploads\/2025\/06\/decoration-blanc-et-jaune-association-couleur.012.jpeg 1000w\" sizes=\"(max-width: 640px) 100vw, 640px\" \/><\/a><figcaption class=\"wp-element-caption\">sustainablekitchens.co.uk<\/figcaption><\/figure>\n<\/figure>\n\n\n\n<h2 class=\"wp-block-heading\">Rideaux et accessoires textiles pour int\u00e9grer une touche solaire dans une pi\u00e8ce blanche <\/h2>\n\n\n\n<p>La d\u00e9co textile trouve sa place dans toute les pi\u00e8ces de la maison. Ce sont un ensemble d'accessoires qui sont avantageux \u00e0 plus d'un titre. Il est tr\u00e8s facile d'en trouver en couleur et sans forc\u00e9ment se ruiner.<\/p>\n\n\n\n<p>Dans la plupart des pi\u00e8ces, on trouve <a href=\"https:\/\/www.cocondedecoration.com\/blog\/2023\/05\/comment-choisir-rideaux\/\" target=\"_blank\" rel=\"noopener\" title=\"\">des rideaux<\/a>. Ils habillent les fen\u00eatres, ils d\u00e9corent le mur. Ils peuvent \u00eatre source de couleur et vous aider dans cette qu\u00eate qui est d'associer le jaune et le blanc chez vous. Les rideaux peuvent vous aider \u00e0 d\u00e9velopper une couleur secondaire ou une couleur accent dans votre espace. Entre le motif, le ou les textiles qui composent votre rideaux, son type de finition et d'attache... les possibilit\u00e9s sont vastes. <\/p>\n\n\n\n<figure class=\"wp-block-gallery has-nested-images columns-default is-cropped wp-block-gallery-5 is-layout-flex wp-block-gallery-is-layout-flex\">\n<figure class=\"wp-block-image size-large\"><a href=\"https:\/\/www.cocondedecoration.com\/blog\/wp-content\/uploads\/2025\/06\/decoration-blanc-et-jaune-association-couleur.015.jpeg\"><img loading=\"lazy\" decoding=\"async\" width=\"640\" height=\"960\" data-id=\"83460\" src=\"https:\/\/www.cocondedecoration.com\/blog\/wp-content\/uploads\/2025\/06\/decoration-blanc-et-jaune-association-couleur.015-640x960.jpeg\" alt=\"d\u00e9coration int\u00e9rieure blanche et jaune  d\u00e9co textile rideaux color\u00e9s salon s\u00e9jour \u00e9l\u00e9gant \" class=\"wp-image-83460\" title=\"d\u00e9coration int\u00e9rieure blanche et jaune  d\u00e9co textile rideaux color\u00e9s salon s\u00e9jour \u00e9l\u00e9gant \" srcset=\"https:\/\/www.cocondedecoration.com\/blog\/wp-content\/uploads\/2025\/06\/decoration-blanc-et-jaune-association-couleur.015-640x960.jpeg 640w, https:\/\/www.cocondedecoration.com\/blog\/wp-content\/uploads\/2025\/06\/decoration-blanc-et-jaune-association-couleur.015-260x390.jpeg 260w, https:\/\/www.cocondedecoration.com\/blog\/wp-content\/uploads\/2025\/06\/decoration-blanc-et-jaune-association-couleur.015-768x1152.jpeg 768w, https:\/\/www.cocondedecoration.com\/blog\/wp-content\/uploads\/2025\/06\/decoration-blanc-et-jaune-association-couleur.015-367x550.jpeg 367w, https:\/\/www.cocondedecoration.com\/blog\/wp-content\/uploads\/2025\/06\/decoration-blanc-et-jaune-association-couleur.015-333x500.jpeg 333w, https:\/\/www.cocondedecoration.com\/blog\/wp-content\/uploads\/2025\/06\/decoration-blanc-et-jaune-association-couleur.015.jpeg 1000w\" sizes=\"(max-width: 640px) 100vw, 640px\" \/><\/a><figcaption class=\"wp-element-caption\">Dialy Peinture via Facebook <\/figcaption><\/figure>\n\n\n\n<figure class=\"wp-block-image size-large\"><a href=\"https:\/\/www.cocondedecoration.com\/blog\/wp-content\/uploads\/2025\/06\/decoration-blanc-et-jaune-association-couleur.013.jpeg\"><img loading=\"lazy\" decoding=\"async\" width=\"640\" height=\"960\" data-id=\"83458\" src=\"https:\/\/www.cocondedecoration.com\/blog\/wp-content\/uploads\/2025\/06\/decoration-blanc-et-jaune-association-couleur.013-640x960.jpeg\" alt=\"int\u00e9rieur blanc et jaune exemple rideau motif floral chambre adulte esprit printemps cottage \" class=\"wp-image-83458\" title=\"int\u00e9rieur blanc et jaune exemple rideau motif floral chambre adulte esprit printemps cottage \" srcset=\"https:\/\/www.cocondedecoration.com\/blog\/wp-content\/uploads\/2025\/06\/decoration-blanc-et-jaune-association-couleur.013-640x960.jpeg 640w, https:\/\/www.cocondedecoration.com\/blog\/wp-content\/uploads\/2025\/06\/decoration-blanc-et-jaune-association-couleur.013-260x390.jpeg 260w, https:\/\/www.cocondedecoration.com\/blog\/wp-content\/uploads\/2025\/06\/decoration-blanc-et-jaune-association-couleur.013-768x1152.jpeg 768w, https:\/\/www.cocondedecoration.com\/blog\/wp-content\/uploads\/2025\/06\/decoration-blanc-et-jaune-association-couleur.013-367x550.jpeg 367w, https:\/\/www.cocondedecoration.com\/blog\/wp-content\/uploads\/2025\/06\/decoration-blanc-et-jaune-association-couleur.013-333x500.jpeg 333w, https:\/\/www.cocondedecoration.com\/blog\/wp-content\/uploads\/2025\/06\/decoration-blanc-et-jaune-association-couleur.013.jpeg 1000w\" sizes=\"(max-width: 640px) 100vw, 640px\" \/><\/a><figcaption class=\"wp-element-caption\">pinterestkusu via Pinterest<\/figcaption><\/figure>\n\n\n\n<figure class=\"wp-block-image size-large\"><a href=\"https:\/\/www.cocondedecoration.com\/blog\/wp-content\/uploads\/2025\/06\/decoration-blanc-et-jaune-association-couleur.014.jpeg\"><img loading=\"lazy\" decoding=\"async\" width=\"640\" height=\"960\" data-id=\"83459\" src=\"https:\/\/www.cocondedecoration.com\/blog\/wp-content\/uploads\/2025\/06\/decoration-blanc-et-jaune-association-couleur.014-640x960.jpeg\" alt=\"association couleur jaune et blanc salon s\u00e9jour moderne rideaux color\u00e9 canap\u00e9 bleu paon \" class=\"wp-image-83459\" title=\"association couleur jaune et blanc salon s\u00e9jour moderne rideaux color\u00e9 canap\u00e9 bleu paon \" srcset=\"https:\/\/www.cocondedecoration.com\/blog\/wp-content\/uploads\/2025\/06\/decoration-blanc-et-jaune-association-couleur.014-640x960.jpeg 640w, https:\/\/www.cocondedecoration.com\/blog\/wp-content\/uploads\/2025\/06\/decoration-blanc-et-jaune-association-couleur.014-260x390.jpeg 260w, https:\/\/www.cocondedecoration.com\/blog\/wp-content\/uploads\/2025\/06\/decoration-blanc-et-jaune-association-couleur.014-768x1152.jpeg 768w, https:\/\/www.cocondedecoration.com\/blog\/wp-content\/uploads\/2025\/06\/decoration-blanc-et-jaune-association-couleur.014-367x550.jpeg 367w, https:\/\/www.cocondedecoration.com\/blog\/wp-content\/uploads\/2025\/06\/decoration-blanc-et-jaune-association-couleur.014-333x500.jpeg 333w, https:\/\/www.cocondedecoration.com\/blog\/wp-content\/uploads\/2025\/06\/decoration-blanc-et-jaune-association-couleur.014.jpeg 1000w\" sizes=\"(max-width: 640px) 100vw, 640px\" \/><\/a><figcaption class=\"wp-element-caption\">myblogdeco.fr<\/figcaption><\/figure>\n<\/figure>\n\n\n\n<h2 class=\"wp-block-heading\">Opter pour des chaises salle \u00e0 manger jaunes <\/h2>\n\n\n\n<p>Les chaises de <a href=\"https:\/\/www.cocondedecoration.com\/blog\/2020\/09\/couleur-jaune-salle-a-manger\/\" target=\"_blank\" rel=\"noopener\" title=\"\">salle \u00e0 manger<\/a> sont un peu comme la cr\u00e9dence de cuisine. Elles ne sont pas l'\u00e9l\u00e9ment principal de l'espace mais elles y sont juxtapos\u00e9es. Elles ont donc un r\u00f4le d\u00e9co \u00e0 jouer. Et au choix, il est possible de les acheter jaune et <a href=\"https:\/\/www.cocondedecoration.com\/blog\/2024\/06\/chaise-moderne-salle-a-manger\/\" target=\"_blank\" rel=\"noopener\" title=\"\">neuves<\/a> ou de les relooker pour les mettre en jaune. Plusieurs possibilit\u00e9s s'offrent \u00e0 vous pour relooker des chaises: <\/p>\n\n\n\n<ul>\n<li>Acheter des housses color\u00e9es <\/li>\n\n\n\n<li>Peindre le m\u00e9tal et \/ ou le bois <\/li>\n\n\n\n<li>Ajouter des galettes de chaises sur l'assise <\/li>\n\n\n\n<li>Faire appel \u00e0 un artisan tapissier<\/li>\n<\/ul>\n\n\n\n<p>J'aime beaucoup cette id\u00e9e. D'une part parce qu'on peut s'amuser \u00e0 <a href=\"https:\/\/www.cocondedecoration.com\/blog\/2022\/11\/exemple-recup-chaise-ancienne\/\" target=\"_blank\" rel=\"noopener\" title=\"\">r\u00e9cup\u00e9rer de vieilles chaises<\/a> et les relooker. Le jaune cr\u00e9e une harmonie alors que les chaises ont toutes une allure diff\u00e9rente. D'autre part parce que dans une pi\u00e8ce essentiellement blanche, elles attireront le regard autour de la table (qui est l'\u00e9l\u00e9ment central de l'espace). <\/p>\n\n\n\n<p>A lire \u00e9galement: <a href=\"https:\/\/www.cocondedecoration.com\/blog\/2020\/11\/couleur-blanc-salle-a-manger\/\" target=\"_blank\" rel=\"noopener\" title=\"\">Du blanc dans la salle \u00e0 manger<\/a> <\/p>\n\n\n\n<figure class=\"wp-block-gallery has-nested-images columns-default is-cropped wp-block-gallery-6 is-layout-flex wp-block-gallery-is-layout-flex\">\n<figure class=\"wp-block-image size-large\"><a href=\"https:\/\/www.cocondedecoration.com\/blog\/wp-content\/uploads\/2025\/06\/decoration-blanc-et-jaune-association-couleur.016.jpeg\"><img loading=\"lazy\" decoding=\"async\" width=\"640\" height=\"960\" data-id=\"83461\" src=\"https:\/\/www.cocondedecoration.com\/blog\/wp-content\/uploads\/2025\/06\/decoration-blanc-et-jaune-association-couleur.016-640x960.jpeg\" alt=\"d\u00e9coration int\u00e9rieure blanche et jaune  chaises d\u00e9pareill\u00e9es et color\u00e9es salle \u00e0 manger \" class=\"wp-image-83461\" title=\"d\u00e9coration int\u00e9rieure blanche et jaune  chaises d\u00e9pareill\u00e9es et color\u00e9es salle \u00e0 manger \" srcset=\"https:\/\/www.cocondedecoration.com\/blog\/wp-content\/uploads\/2025\/06\/decoration-blanc-et-jaune-association-couleur.016-640x960.jpeg 640w, https:\/\/www.cocondedecoration.com\/blog\/wp-content\/uploads\/2025\/06\/decoration-blanc-et-jaune-association-couleur.016-260x390.jpeg 260w, https:\/\/www.cocondedecoration.com\/blog\/wp-content\/uploads\/2025\/06\/decoration-blanc-et-jaune-association-couleur.016-768x1152.jpeg 768w, https:\/\/www.cocondedecoration.com\/blog\/wp-content\/uploads\/2025\/06\/decoration-blanc-et-jaune-association-couleur.016-367x550.jpeg 367w, https:\/\/www.cocondedecoration.com\/blog\/wp-content\/uploads\/2025\/06\/decoration-blanc-et-jaune-association-couleur.016-333x500.jpeg 333w, https:\/\/www.cocondedecoration.com\/blog\/wp-content\/uploads\/2025\/06\/decoration-blanc-et-jaune-association-couleur.016.jpeg 1000w\" sizes=\"(max-width: 640px) 100vw, 640px\" \/><\/a><figcaption class=\"wp-element-caption\">adorodecorar.com.br<\/figcaption><\/figure>\n\n\n\n<figure class=\"wp-block-image size-large\"><a href=\"https:\/\/www.cocondedecoration.com\/blog\/wp-content\/uploads\/2025\/06\/decoration-blanc-et-jaune-association-couleur.017.jpeg\"><img loading=\"lazy\" decoding=\"async\" width=\"640\" height=\"960\" data-id=\"83462\" src=\"https:\/\/www.cocondedecoration.com\/blog\/wp-content\/uploads\/2025\/06\/decoration-blanc-et-jaune-association-couleur.017-640x960.jpeg\" alt=\"int\u00e9rieur blanc et jaune exemple salle \u00e0 manger chaise tolix color\u00e9e en m\u00e9tal touche de couleur \" class=\"wp-image-83462\" title=\"int\u00e9rieur blanc et jaune exemple salle \u00e0 manger chaise tolix color\u00e9e en m\u00e9tal touche de couleur \" srcset=\"https:\/\/www.cocondedecoration.com\/blog\/wp-content\/uploads\/2025\/06\/decoration-blanc-et-jaune-association-couleur.017-640x960.jpeg 640w, https:\/\/www.cocondedecoration.com\/blog\/wp-content\/uploads\/2025\/06\/decoration-blanc-et-jaune-association-couleur.017-260x390.jpeg 260w, https:\/\/www.cocondedecoration.com\/blog\/wp-content\/uploads\/2025\/06\/decoration-blanc-et-jaune-association-couleur.017-768x1152.jpeg 768w, https:\/\/www.cocondedecoration.com\/blog\/wp-content\/uploads\/2025\/06\/decoration-blanc-et-jaune-association-couleur.017-367x550.jpeg 367w, https:\/\/www.cocondedecoration.com\/blog\/wp-content\/uploads\/2025\/06\/decoration-blanc-et-jaune-association-couleur.017-333x500.jpeg 333w, https:\/\/www.cocondedecoration.com\/blog\/wp-content\/uploads\/2025\/06\/decoration-blanc-et-jaune-association-couleur.017.jpeg 1000w\" sizes=\"(max-width: 640px) 100vw, 640px\" \/><\/a><figcaption class=\"wp-element-caption\">mercadolivre.com.br<\/figcaption><\/figure>\n\n\n\n<figure class=\"wp-block-image size-large\"><a href=\"https:\/\/www.cocondedecoration.com\/blog\/wp-content\/uploads\/2025\/06\/decoration-blanc-et-jaune-association-couleur.018.jpeg\"><img loading=\"lazy\" decoding=\"async\" width=\"640\" height=\"960\" data-id=\"83463\" src=\"https:\/\/www.cocondedecoration.com\/blog\/wp-content\/uploads\/2025\/06\/decoration-blanc-et-jaune-association-couleur.018-640x960.jpeg\" alt=\"association couleur jaune et blanc salle \u00e0 manger chaise de couleur ambiance moderne et lumineuse \" class=\"wp-image-83463\" title=\"association couleur jaune et blanc salle \u00e0 manger chaise de couleur ambiance moderne et lumineuse \" srcset=\"https:\/\/www.cocondedecoration.com\/blog\/wp-content\/uploads\/2025\/06\/decoration-blanc-et-jaune-association-couleur.018-640x960.jpeg 640w, https:\/\/www.cocondedecoration.com\/blog\/wp-content\/uploads\/2025\/06\/decoration-blanc-et-jaune-association-couleur.018-260x390.jpeg 260w, https:\/\/www.cocondedecoration.com\/blog\/wp-content\/uploads\/2025\/06\/decoration-blanc-et-jaune-association-couleur.018-768x1152.jpeg 768w, https:\/\/www.cocondedecoration.com\/blog\/wp-content\/uploads\/2025\/06\/decoration-blanc-et-jaune-association-couleur.018-367x550.jpeg 367w, https:\/\/www.cocondedecoration.com\/blog\/wp-content\/uploads\/2025\/06\/decoration-blanc-et-jaune-association-couleur.018-333x500.jpeg 333w, https:\/\/www.cocondedecoration.com\/blog\/wp-content\/uploads\/2025\/06\/decoration-blanc-et-jaune-association-couleur.018.jpeg 1000w\" sizes=\"(max-width: 640px) 100vw, 640px\" \/><\/a><figcaption class=\"wp-element-caption\">nordicnest.fr<\/figcaption><\/figure>\n<\/figure>\n\n\n\n<h2 class=\"wp-block-heading\">Associer jaune et blanc au sol pour un int\u00e9rieur audacieux <\/h2>\n\n\n\n<p>J'ai commenc\u00e9 cet article avec le rev\u00eatement mural comme id\u00e9e pour associer le blanc et le jaune. J'ai \u00e9crit que c'\u00e9tait une solution commune et facile \u00e0 mettre en oeuvre. On reste dans l'id\u00e9e de rev\u00eatement mais cette fois, c'est le sol qui est source de couleur. C'est moins facile \u00e0 faire, moins rapide. C'est aussi moins commun. L'effet d\u00e9co est cependant bien l\u00e0. Peinture du parquet, sol souple avec motif, <a href=\"https:\/\/www.cocondedecoration.com\/blog\/2015\/10\/coup-de-coeur-la-maison-bahya-ses-carreaux-de-ciment\/\" target=\"_blank\" rel=\"noopener\" title=\"\">carreaux de ciment<\/a> sont des mani\u00e8res de juxtaposer deux couleurs au sol.<\/p>\n\n\n\n<figure class=\"wp-block-gallery has-nested-images columns-default is-cropped wp-block-gallery-7 is-layout-flex wp-block-gallery-is-layout-flex\">\n<figure class=\"wp-block-image size-large\"><a href=\"https:\/\/www.cocondedecoration.com\/blog\/wp-content\/uploads\/2025\/06\/decoration-blanc-et-jaune-association-couleur.019.jpeg\"><img loading=\"lazy\" decoding=\"async\" width=\"640\" height=\"960\" data-id=\"83464\" src=\"https:\/\/www.cocondedecoration.com\/blog\/wp-content\/uploads\/2025\/06\/decoration-blanc-et-jaune-association-couleur.019-640x960.jpeg\" alt=\"d\u00e9coration int\u00e9rieure blanche et jaune  rev\u00eatement de sol bicolore salle de bain toilettes id\u00e9e originale \" class=\"wp-image-83464\" title=\"d\u00e9coration int\u00e9rieure blanche et jaune  rev\u00eatement de sol bicolore salle de bain toilettes id\u00e9e originale \" srcset=\"https:\/\/www.cocondedecoration.com\/blog\/wp-content\/uploads\/2025\/06\/decoration-blanc-et-jaune-association-couleur.019-640x960.jpeg 640w, https:\/\/www.cocondedecoration.com\/blog\/wp-content\/uploads\/2025\/06\/decoration-blanc-et-jaune-association-couleur.019-260x390.jpeg 260w, https:\/\/www.cocondedecoration.com\/blog\/wp-content\/uploads\/2025\/06\/decoration-blanc-et-jaune-association-couleur.019-768x1152.jpeg 768w, https:\/\/www.cocondedecoration.com\/blog\/wp-content\/uploads\/2025\/06\/decoration-blanc-et-jaune-association-couleur.019-367x550.jpeg 367w, https:\/\/www.cocondedecoration.com\/blog\/wp-content\/uploads\/2025\/06\/decoration-blanc-et-jaune-association-couleur.019-333x500.jpeg 333w, https:\/\/www.cocondedecoration.com\/blog\/wp-content\/uploads\/2025\/06\/decoration-blanc-et-jaune-association-couleur.019.jpeg 1000w\" sizes=\"(max-width: 640px) 100vw, 640px\" \/><\/a><figcaption class=\"wp-element-caption\">hunker.com<\/figcaption><\/figure>\n\n\n\n<figure class=\"wp-block-image size-large\"><a href=\"https:\/\/www.cocondedecoration.com\/blog\/wp-content\/uploads\/2025\/06\/decoration-blanc-et-jaune-association-couleur.020.jpeg\"><img loading=\"lazy\" decoding=\"async\" width=\"640\" height=\"960\" data-id=\"83466\" src=\"https:\/\/www.cocondedecoration.com\/blog\/wp-content\/uploads\/2025\/06\/decoration-blanc-et-jaune-association-couleur.020-640x960.jpeg\" alt=\"int\u00e9rieur blanc et jaune exemple peinture parquet cuisine rev\u00eatement de sol original grand trap\u00e8ze color\u00e9 \" class=\"wp-image-83466\" title=\"int\u00e9rieur blanc et jaune exemple peinture parquet cuisine rev\u00eatement de sol original grand trap\u00e8ze color\u00e9 \" srcset=\"https:\/\/www.cocondedecoration.com\/blog\/wp-content\/uploads\/2025\/06\/decoration-blanc-et-jaune-association-couleur.020-640x960.jpeg 640w, https:\/\/www.cocondedecoration.com\/blog\/wp-content\/uploads\/2025\/06\/decoration-blanc-et-jaune-association-couleur.020-260x390.jpeg 260w, https:\/\/www.cocondedecoration.com\/blog\/wp-content\/uploads\/2025\/06\/decoration-blanc-et-jaune-association-couleur.020-768x1152.jpeg 768w, https:\/\/www.cocondedecoration.com\/blog\/wp-content\/uploads\/2025\/06\/decoration-blanc-et-jaune-association-couleur.020-367x550.jpeg 367w, https:\/\/www.cocondedecoration.com\/blog\/wp-content\/uploads\/2025\/06\/decoration-blanc-et-jaune-association-couleur.020-333x500.jpeg 333w, https:\/\/www.cocondedecoration.com\/blog\/wp-content\/uploads\/2025\/06\/decoration-blanc-et-jaune-association-couleur.020.jpeg 1000w\" sizes=\"(max-width: 640px) 100vw, 640px\" \/><\/a><figcaption class=\"wp-element-caption\">brit.co<\/figcaption><\/figure>\n\n\n\n<figure class=\"wp-block-image size-large\"><a href=\"https:\/\/www.cocondedecoration.com\/blog\/wp-content\/uploads\/2025\/06\/decoration-blanc-et-jaune-association-couleur.021.jpeg\"><img loading=\"lazy\" decoding=\"async\" width=\"640\" height=\"960\" data-id=\"83465\" src=\"https:\/\/www.cocondedecoration.com\/blog\/wp-content\/uploads\/2025\/06\/decoration-blanc-et-jaune-association-couleur.021-640x960.jpeg\" alt=\"association couleur jaune et blanc rev\u00eatement sol cuisine id\u00e9e d\u00e9co r\u00e9novation carreaux de ciment\" class=\"wp-image-83465\" title=\"association couleur jaune et blanc rev\u00eatement sol cuisine id\u00e9e d\u00e9co r\u00e9novation carreaux de ciment\" srcset=\"https:\/\/www.cocondedecoration.com\/blog\/wp-content\/uploads\/2025\/06\/decoration-blanc-et-jaune-association-couleur.021-640x960.jpeg 640w, https:\/\/www.cocondedecoration.com\/blog\/wp-content\/uploads\/2025\/06\/decoration-blanc-et-jaune-association-couleur.021-260x390.jpeg 260w, https:\/\/www.cocondedecoration.com\/blog\/wp-content\/uploads\/2025\/06\/decoration-blanc-et-jaune-association-couleur.021-768x1152.jpeg 768w, https:\/\/www.cocondedecoration.com\/blog\/wp-content\/uploads\/2025\/06\/decoration-blanc-et-jaune-association-couleur.021-367x550.jpeg 367w, https:\/\/www.cocondedecoration.com\/blog\/wp-content\/uploads\/2025\/06\/decoration-blanc-et-jaune-association-couleur.021-333x500.jpeg 333w, https:\/\/www.cocondedecoration.com\/blog\/wp-content\/uploads\/2025\/06\/decoration-blanc-et-jaune-association-couleur.021.jpeg 1000w\" sizes=\"(max-width: 640px) 100vw, 640px\" \/><\/a><figcaption class=\"wp-element-caption\">maison-bahya.com<\/figcaption><\/figure>\n<\/figure>\n\n\n\n<h2 class=\"wp-block-heading\">Une touche de jaune chez soi gr\u00e2ce aux luminaires<\/h2>\n\n\n\n<p>Dernier point de cet article d\u00e9di\u00e9 \u00e0 l'association de couleur jaune et blanc: les luminaires. Comme les rideaux se sont des accessoires d\u00e9coratifs qui peuvent \u00eatre color\u00e9s. Et on les trouve dans la plupart des pi\u00e8ces. Suspensions, lampes \u00e0 poser, spots, lampe de bureau ou encore lampe de chevet... Ce qui est bien avec les luminaires, c'est que le choix est vaste. Autre avantage: c'est rapide \u00e0 mettre en place et ne n\u00e9cessite pas ou peu de bricolage. Une mani\u00e8re accessible de cr\u00e9er une touche de jaune dans un espace \u00e0 dominante jaune.  <\/p>\n\n\n\n<p>A lire aussi: <a href=\"https:\/\/www.cocondedecoration.com\/blog\/2023\/12\/luminaire-decoratif-couleur\/\" target=\"_blank\" rel=\"noopener\" title=\"\">Cr\u00e9er une touche de couleur gr\u00e2ce aux luminaires<\/a>\u00a0<\/p>\n\n\n\n<figure class=\"wp-block-gallery has-nested-images columns-default is-cropped wp-block-gallery-8 is-layout-flex wp-block-gallery-is-layout-flex\">\n<figure class=\"wp-block-image size-large\"><a href=\"https:\/\/www.cocondedecoration.com\/blog\/wp-content\/uploads\/2025\/06\/decoration-blanc-et-jaune-association-couleur.022.jpeg\"><img loading=\"lazy\" decoding=\"async\" width=\"640\" height=\"960\" data-id=\"83467\" src=\"https:\/\/www.cocondedecoration.com\/blog\/wp-content\/uploads\/2025\/06\/decoration-blanc-et-jaune-association-couleur.022-640x960.jpeg\" alt=\"d\u00e9coration int\u00e9rieure blanche et jaune  luminaires suspension design color\u00e9e au dessus table de salle \u00e0 manger pi\u00e8ce \u00e0 vivre ouverte \" class=\"wp-image-83467\" title=\"d\u00e9coration int\u00e9rieure blanche et jaune  luminaires suspension design color\u00e9e au dessus table de salle \u00e0 manger pi\u00e8ce \u00e0 vivre ouverte \" srcset=\"https:\/\/www.cocondedecoration.com\/blog\/wp-content\/uploads\/2025\/06\/decoration-blanc-et-jaune-association-couleur.022-640x960.jpeg 640w, https:\/\/www.cocondedecoration.com\/blog\/wp-content\/uploads\/2025\/06\/decoration-blanc-et-jaune-association-couleur.022-260x390.jpeg 260w, https:\/\/www.cocondedecoration.com\/blog\/wp-content\/uploads\/2025\/06\/decoration-blanc-et-jaune-association-couleur.022-768x1152.jpeg 768w, https:\/\/www.cocondedecoration.com\/blog\/wp-content\/uploads\/2025\/06\/decoration-blanc-et-jaune-association-couleur.022-367x550.jpeg 367w, https:\/\/www.cocondedecoration.com\/blog\/wp-content\/uploads\/2025\/06\/decoration-blanc-et-jaune-association-couleur.022-333x500.jpeg 333w, https:\/\/www.cocondedecoration.com\/blog\/wp-content\/uploads\/2025\/06\/decoration-blanc-et-jaune-association-couleur.022.jpeg 1000w\" sizes=\"(max-width: 640px) 100vw, 640px\" \/><\/a><figcaption class=\"wp-element-caption\">designhub.co<\/figcaption><\/figure>\n\n\n\n<figure class=\"wp-block-image size-large\"><a href=\"https:\/\/www.cocondedecoration.com\/blog\/wp-content\/uploads\/2025\/06\/decoration-blanc-et-jaune-association-couleur.023.jpeg\"><img loading=\"lazy\" decoding=\"async\" width=\"640\" height=\"960\" data-id=\"83468\" src=\"https:\/\/www.cocondedecoration.com\/blog\/wp-content\/uploads\/2025\/06\/decoration-blanc-et-jaune-association-couleur.023-640x960.jpeg\" alt=\"int\u00e9rieur blanc et jaune exemple lampe de chevet articul\u00e9e id\u00e9e couleur chambre \u00e0 coucher \" class=\"wp-image-83468\" title=\"int\u00e9rieur blanc et jaune exemple lampe de chevet articul\u00e9e id\u00e9e couleur chambre \u00e0 coucher \" srcset=\"https:\/\/www.cocondedecoration.com\/blog\/wp-content\/uploads\/2025\/06\/decoration-blanc-et-jaune-association-couleur.023-640x960.jpeg 640w, https:\/\/www.cocondedecoration.com\/blog\/wp-content\/uploads\/2025\/06\/decoration-blanc-et-jaune-association-couleur.023-260x390.jpeg 260w, https:\/\/www.cocondedecoration.com\/blog\/wp-content\/uploads\/2025\/06\/decoration-blanc-et-jaune-association-couleur.023-768x1152.jpeg 768w, https:\/\/www.cocondedecoration.com\/blog\/wp-content\/uploads\/2025\/06\/decoration-blanc-et-jaune-association-couleur.023-367x550.jpeg 367w, https:\/\/www.cocondedecoration.com\/blog\/wp-content\/uploads\/2025\/06\/decoration-blanc-et-jaune-association-couleur.023-333x500.jpeg 333w, https:\/\/www.cocondedecoration.com\/blog\/wp-content\/uploads\/2025\/06\/decoration-blanc-et-jaune-association-couleur.023.jpeg 1000w\" sizes=\"(max-width: 640px) 100vw, 640px\" \/><\/a><figcaption class=\"wp-element-caption\">tollgardstudio.com<\/figcaption><\/figure>\n\n\n\n<figure class=\"wp-block-image size-large\"><a href=\"https:\/\/www.cocondedecoration.com\/blog\/wp-content\/uploads\/2025\/06\/decoration-blanc-et-jaune-association-couleur.024.jpeg\"><img loading=\"lazy\" decoding=\"async\" width=\"640\" height=\"960\" data-id=\"83469\" src=\"https:\/\/www.cocondedecoration.com\/blog\/wp-content\/uploads\/2025\/06\/decoration-blanc-et-jaune-association-couleur.024-640x960.jpeg\" alt=\"association couleur jaune et blanc lampe \u00e0 poser champignon design salon s\u00e9jour minimaliste et moderne touche de couleur \" class=\"wp-image-83469\" title=\"association couleur jaune et blanc lampe \u00e0 poser champignon design salon s\u00e9jour minimaliste et moderne touche de couleur \" srcset=\"https:\/\/www.cocondedecoration.com\/blog\/wp-content\/uploads\/2025\/06\/decoration-blanc-et-jaune-association-couleur.024-640x960.jpeg 640w, https:\/\/www.cocondedecoration.com\/blog\/wp-content\/uploads\/2025\/06\/decoration-blanc-et-jaune-association-couleur.024-260x390.jpeg 260w, https:\/\/www.cocondedecoration.com\/blog\/wp-content\/uploads\/2025\/06\/decoration-blanc-et-jaune-association-couleur.024-768x1152.jpeg 768w, https:\/\/www.cocondedecoration.com\/blog\/wp-content\/uploads\/2025\/06\/decoration-blanc-et-jaune-association-couleur.024-367x550.jpeg 367w, https:\/\/www.cocondedecoration.com\/blog\/wp-content\/uploads\/2025\/06\/decoration-blanc-et-jaune-association-couleur.024-333x500.jpeg 333w, https:\/\/www.cocondedecoration.com\/blog\/wp-content\/uploads\/2025\/06\/decoration-blanc-et-jaune-association-couleur.024.jpeg 1000w\" sizes=\"(max-width: 640px) 100vw, 640px\" \/><\/a><figcaption class=\"wp-element-caption\">glpnrbhdr via Pinterest<\/figcaption><\/figure>\n<\/figure>\n\n\n\n<div class=\"wp-block-group is-layout-constrained wp-block-group-is-layout-constrained\"><div class=\"wp-block-group__inner-container\">\n<hr class=\"wp-block-separator has-alpha-channel-opacity is-style-wide\"\/>\n\n\n\n<p class=\"has-medium-font-size\">Plus d'id\u00e9es pour d\u00e9corer votre int\u00e9rieur avec du jaune <\/p>\n\n\n\n<div class=\"wp-block-cb-carousel\" data-slick=\"{&quot;slidesToShow&quot;:3,&quot;slidesToScroll&quot;:1,&quot;speed&quot;:300,&quot;arrows&quot;:true,&quot;dots&quot;:false,&quot;autoplay&quot;:true,&quot;autoplaySpeed&quot;:3000,&quot;infinite&quot;:true,&quot;responsive&quot;:[{&quot;breakpoint&quot;:769,&quot;settings&quot;:{&quot;slidesToShow&quot;:1,&quot;slidesToScroll&quot;:1}}]}\">\n<div class=\"wp-block-cb-slide\">\n<figure class=\"wp-block-image size-large\"><a href=\"https:\/\/www.cocondedecoration.com\/blog\/wp-content\/uploads\/2025\/06\/deco-interieure-jaune-1.png\"><img loading=\"lazy\" decoding=\"async\" width=\"640\" height=\"960\" src=\"https:\/\/www.cocondedecoration.com\/blog\/wp-content\/uploads\/2025\/06\/deco-interieure-jaune-1-640x960.png\" alt=\"d\u00e9coration int\u00e9rieure jaune et vert exemple association couleur \" class=\"wp-image-83480\" title=\"d\u00e9coration int\u00e9rieure jaune et vert exemple association couleur \" srcset=\"https:\/\/www.cocondedecoration.com\/blog\/wp-content\/uploads\/2025\/06\/deco-interieure-jaune-1-640x960.png 640w, https:\/\/www.cocondedecoration.com\/blog\/wp-content\/uploads\/2025\/06\/deco-interieure-jaune-1-260x390.png 260w, https:\/\/www.cocondedecoration.com\/blog\/wp-content\/uploads\/2025\/06\/deco-interieure-jaune-1-768x1152.png 768w, https:\/\/www.cocondedecoration.com\/blog\/wp-content\/uploads\/2025\/06\/deco-interieure-jaune-1-367x550.png 367w, https:\/\/www.cocondedecoration.com\/blog\/wp-content\/uploads\/2025\/06\/deco-interieure-jaune-1-333x500.png 333w, https:\/\/www.cocondedecoration.com\/blog\/wp-content\/uploads\/2025\/06\/deco-interieure-jaune-1.png 1000w\" sizes=\"(max-width: 640px) 100vw, 640px\" \/><\/a><figcaption class=\"wp-element-caption\">Associer jaune et vert > <a href=\"https:\/\/www.cocondedecoration.com\/blog\/2024\/12\/association-vert-jaune-deco\/\" target=\"_blank\" rel=\"noopener\" title=\"\">lire l'article<\/a> <\/figcaption><\/figure>\n<\/div>\n\n\n\n<div class=\"wp-block-cb-slide\">\n<figure class=\"wp-block-image size-large\"><a href=\"https:\/\/www.cocondedecoration.com\/blog\/wp-content\/uploads\/2025\/06\/deco-interieure-jaune-2.png\"><img loading=\"lazy\" decoding=\"async\" width=\"640\" height=\"960\" src=\"https:\/\/www.cocondedecoration.com\/blog\/wp-content\/uploads\/2025\/06\/deco-interieure-jaune-2-640x960.png\" alt=\"d\u00e9coration int\u00e9rieure jaune moutarde id\u00e9e d\u00e9co facile accessoires meubles relooking \" class=\"wp-image-83479\" title=\"d\u00e9coration int\u00e9rieure jaune moutarde id\u00e9e d\u00e9co facile accessoires meubles relooking \" srcset=\"https:\/\/www.cocondedecoration.com\/blog\/wp-content\/uploads\/2025\/06\/deco-interieure-jaune-2-640x960.png 640w, https:\/\/www.cocondedecoration.com\/blog\/wp-content\/uploads\/2025\/06\/deco-interieure-jaune-2-260x390.png 260w, https:\/\/www.cocondedecoration.com\/blog\/wp-content\/uploads\/2025\/06\/deco-interieure-jaune-2-768x1152.png 768w, https:\/\/www.cocondedecoration.com\/blog\/wp-content\/uploads\/2025\/06\/deco-interieure-jaune-2-367x550.png 367w, https:\/\/www.cocondedecoration.com\/blog\/wp-content\/uploads\/2025\/06\/deco-interieure-jaune-2-333x500.png 333w, https:\/\/www.cocondedecoration.com\/blog\/wp-content\/uploads\/2025\/06\/deco-interieure-jaune-2.png 1000w\" sizes=\"(max-width: 640px) 100vw, 640px\" \/><\/a><figcaption class=\"wp-element-caption\">D\u00e9corer votre int\u00e9rieur avec du jaune moutarde > <a href=\"https:\/\/www.cocondedecoration.com\/blog\/2024\/10\/decoration-jaune-moutarde\/\" target=\"_blank\" rel=\"noopener\" title=\"\">lire l'article<\/a><\/figcaption><\/figure>\n<\/div>\n\n\n\n<div class=\"wp-block-cb-slide\">\n<figure class=\"wp-block-image size-large\"><a href=\"https:\/\/www.cocondedecoration.com\/blog\/wp-content\/uploads\/2025\/06\/deco-interieure-jaune-3.png\"><img loading=\"lazy\" decoding=\"async\" width=\"640\" height=\"960\" src=\"https:\/\/www.cocondedecoration.com\/blog\/wp-content\/uploads\/2025\/06\/deco-interieure-jaune-3-640x960.png\" alt=\"d\u00e9coration int\u00e9rieure jaune chambre \u00e0 coucher parentale adulte ambiance moderne et chaleureuse \" class=\"wp-image-83478\" title=\"d\u00e9coration int\u00e9rieure jaune chambre \u00e0 coucher parentale adulte ambiance moderne et chaleureuse \" srcset=\"https:\/\/www.cocondedecoration.com\/blog\/wp-content\/uploads\/2025\/06\/deco-interieure-jaune-3-640x960.png 640w, https:\/\/www.cocondedecoration.com\/blog\/wp-content\/uploads\/2025\/06\/deco-interieure-jaune-3-260x390.png 260w, https:\/\/www.cocondedecoration.com\/blog\/wp-content\/uploads\/2025\/06\/deco-interieure-jaune-3-768x1152.png 768w, https:\/\/www.cocondedecoration.com\/blog\/wp-content\/uploads\/2025\/06\/deco-interieure-jaune-3-367x550.png 367w, https:\/\/www.cocondedecoration.com\/blog\/wp-content\/uploads\/2025\/06\/deco-interieure-jaune-3-333x500.png 333w, https:\/\/www.cocondedecoration.com\/blog\/wp-content\/uploads\/2025\/06\/deco-interieure-jaune-3.png 1000w\" sizes=\"(max-width: 640px) 100vw, 640px\" \/><\/a><figcaption class=\"wp-element-caption\">Du jaune dans la chambre > <a href=\"https:\/\/www.cocondedecoration.com\/blog\/2019\/08\/couleur-du-jaune-dans-la-chambre\/\" target=\"_blank\" rel=\"noopener\" title=\"\">lire l'article <\/a><\/figcaption><\/figure>\n<\/div>\n\n\n\n<div class=\"wp-block-cb-slide\">\n<figure class=\"wp-block-image size-large\"><a href=\"https:\/\/www.cocondedecoration.com\/blog\/wp-content\/uploads\/2025\/06\/deco-interieure-jaune-4.png\"><img loading=\"lazy\" decoding=\"async\" width=\"640\" height=\"960\" src=\"https:\/\/www.cocondedecoration.com\/blog\/wp-content\/uploads\/2025\/06\/deco-interieure-jaune-4-640x960.png\" alt=\"d\u00e9coration int\u00e9rieure jaune salon canap\u00e9 s\u00e9lection shopping vaste choix \" class=\"wp-image-83477\" title=\"d\u00e9coration int\u00e9rieure jaune salon canap\u00e9 s\u00e9lection shopping vaste choix \" srcset=\"https:\/\/www.cocondedecoration.com\/blog\/wp-content\/uploads\/2025\/06\/deco-interieure-jaune-4-640x960.png 640w, https:\/\/www.cocondedecoration.com\/blog\/wp-content\/uploads\/2025\/06\/deco-interieure-jaune-4-260x390.png 260w, https:\/\/www.cocondedecoration.com\/blog\/wp-content\/uploads\/2025\/06\/deco-interieure-jaune-4-768x1152.png 768w, https:\/\/www.cocondedecoration.com\/blog\/wp-content\/uploads\/2025\/06\/deco-interieure-jaune-4-367x550.png 367w, https:\/\/www.cocondedecoration.com\/blog\/wp-content\/uploads\/2025\/06\/deco-interieure-jaune-4-333x500.png 333w, https:\/\/www.cocondedecoration.com\/blog\/wp-content\/uploads\/2025\/06\/deco-interieure-jaune-4.png 1000w\" sizes=\"(max-width: 640px) 100vw, 640px\" \/><\/a><figcaption class=\"wp-element-caption\">S\u00e9lection de canap\u00e9 jaune > <a href=\"https:\/\/www.cocondedecoration.com\/blog\/2024\/10\/ou-trouver-canape-jaune\/\" target=\"_blank\" rel=\"noopener\" title=\"\">lire l'article <\/a><\/figcaption><\/figure>\n<\/div>\n\n\n\n<div class=\"wp-block-cb-slide\">\n<figure class=\"wp-block-image size-large\"><a href=\"https:\/\/www.cocondedecoration.com\/blog\/wp-content\/uploads\/2025\/06\/deco-interieure-jaune-5.png\"><img loading=\"lazy\" decoding=\"async\" width=\"640\" height=\"960\" src=\"https:\/\/www.cocondedecoration.com\/blog\/wp-content\/uploads\/2025\/06\/deco-interieure-jaune-5-640x960.png\" alt=\"d\u00e9coration int\u00e9rieure jaune et orange association de couleurs exemples et conseils \" class=\"wp-image-83476\" title=\"d\u00e9coration int\u00e9rieure jaune et orange association de couleurs exemples et conseils \" srcset=\"https:\/\/www.cocondedecoration.com\/blog\/wp-content\/uploads\/2025\/06\/deco-interieure-jaune-5-640x960.png 640w, https:\/\/www.cocondedecoration.com\/blog\/wp-content\/uploads\/2025\/06\/deco-interieure-jaune-5-260x390.png 260w, https:\/\/www.cocondedecoration.com\/blog\/wp-content\/uploads\/2025\/06\/deco-interieure-jaune-5-768x1152.png 768w, https:\/\/www.cocondedecoration.com\/blog\/wp-content\/uploads\/2025\/06\/deco-interieure-jaune-5-367x550.png 367w, https:\/\/www.cocondedecoration.com\/blog\/wp-content\/uploads\/2025\/06\/deco-interieure-jaune-5-333x500.png 333w, https:\/\/www.cocondedecoration.com\/blog\/wp-content\/uploads\/2025\/06\/deco-interieure-jaune-5.png 1000w\" sizes=\"(max-width: 640px) 100vw, 640px\" \/><\/a><figcaption class=\"wp-element-caption\">D\u00e9corer avec du jaune et du orange > <a href=\"https:\/\/www.cocondedecoration.com\/blog\/2025\/01\/association-jaune-orange-decoration\/\" target=\"_blank\" rel=\"noopener\" title=\"\">lire l'article<\/a> <\/figcaption><\/figure>\n<\/div>\n\n\n\n<div class=\"wp-block-cb-slide\">\n<figure class=\"wp-block-image size-large\"><a href=\"https:\/\/www.cocondedecoration.com\/blog\/wp-content\/uploads\/2025\/06\/deco-interieure-jaune-6.png\"><img loading=\"lazy\" decoding=\"async\" width=\"640\" height=\"960\" src=\"https:\/\/www.cocondedecoration.com\/blog\/wp-content\/uploads\/2025\/06\/deco-interieure-jaune-6-640x960.png\" alt=\"d\u00e9coration int\u00e9rieure jaune salon s\u00e9jour pi!ce de vie agr\u00e9able confortable et chaleureuse \" class=\"wp-image-83475\" title=\"d\u00e9coration int\u00e9rieure jaune salon s\u00e9jour pi!ce de vie agr\u00e9able confortable et chaleureuse \" srcset=\"https:\/\/www.cocondedecoration.com\/blog\/wp-content\/uploads\/2025\/06\/deco-interieure-jaune-6-640x960.png 640w, https:\/\/www.cocondedecoration.com\/blog\/wp-content\/uploads\/2025\/06\/deco-interieure-jaune-6-260x390.png 260w, https:\/\/www.cocondedecoration.com\/blog\/wp-content\/uploads\/2025\/06\/deco-interieure-jaune-6-768x1152.png 768w, https:\/\/www.cocondedecoration.com\/blog\/wp-content\/uploads\/2025\/06\/deco-interieure-jaune-6-367x550.png 367w, https:\/\/www.cocondedecoration.com\/blog\/wp-content\/uploads\/2025\/06\/deco-interieure-jaune-6-333x500.png 333w, https:\/\/www.cocondedecoration.com\/blog\/wp-content\/uploads\/2025\/06\/deco-interieure-jaune-6.png 1000w\" sizes=\"(max-width: 640px) 100vw, 640px\" \/><\/a><figcaption class=\"wp-element-caption\">Inspirations &amp; conseils pour un salon jaune > <a href=\"https:\/\/www.cocondedecoration.com\/blog\/2020\/09\/couleur-jaune-salon\/\" target=\"_blank\" rel=\"noopener\" title=\"\">lire l'article <\/a><\/figcaption><\/figure>\n<\/div>\n\n\n\n<div class=\"wp-block-cb-slide\">\n<figure class=\"wp-block-image size-large\"><a href=\"https:\/\/www.cocondedecoration.com\/blog\/wp-content\/uploads\/2025\/06\/deco-interieure-jaune-7-1.png\"><img loading=\"lazy\" decoding=\"async\" width=\"640\" height=\"960\" src=\"https:\/\/www.cocondedecoration.com\/blog\/wp-content\/uploads\/2025\/06\/deco-interieure-jaune-7-1-640x960.png\" alt=\"d\u00e9coration int\u00e9rieure jaune s\u00e9lection shopping papier peint color\u00e9 rev\u00eatement mural moderne\" class=\"wp-image-83482\" title=\"d\u00e9coration int\u00e9rieure jaune s\u00e9lection shopping papier peint color\u00e9 rev\u00eatement mural moderne\" srcset=\"https:\/\/www.cocondedecoration.com\/blog\/wp-content\/uploads\/2025\/06\/deco-interieure-jaune-7-1-640x960.png 640w, https:\/\/www.cocondedecoration.com\/blog\/wp-content\/uploads\/2025\/06\/deco-interieure-jaune-7-1-260x390.png 260w, https:\/\/www.cocondedecoration.com\/blog\/wp-content\/uploads\/2025\/06\/deco-interieure-jaune-7-1-768x1152.png 768w, https:\/\/www.cocondedecoration.com\/blog\/wp-content\/uploads\/2025\/06\/deco-interieure-jaune-7-1-367x550.png 367w, https:\/\/www.cocondedecoration.com\/blog\/wp-content\/uploads\/2025\/06\/deco-interieure-jaune-7-1-333x500.png 333w, https:\/\/www.cocondedecoration.com\/blog\/wp-content\/uploads\/2025\/06\/deco-interieure-jaune-7-1.png 1000w\" sizes=\"(max-width: 640px) 100vw, 640px\" \/><\/a><figcaption class=\"wp-element-caption\">S\u00e9lection de papiers peints jaunes > <a href=\"https:\/\/www.cocondedecoration.com\/blog\/2024\/12\/papier-peint-jaune\/\" target=\"_blank\" rel=\"noopener\" title=\"\">lire l'article<\/a> <\/figcaption><\/figure>\n<\/div>\n<\/div>\n\n\n\n<p class=\"has-small-font-size\">Et pour plus d'inspirations au quotidien, n'h\u00e9sitez pas \u00e0 me rejoindre sur <a href=\"https:\/\/www.pinterest.fr\/cocondedeco\/\" target=\"_blank\" rel=\"noopener\" title=\"\">Pinterest<\/a> ou encore <a href=\"https:\/\/www.threads.net\/@cocondedeco\" target=\"_blank\" rel=\"noopener\" title=\"\">Threads<\/a> (:<\/p>\n<\/div><\/div>\n\n\n\n<p class=\"has-small-font-size\">Source de l'image d'en-t\u00eate: livingetc.com<\/p>\n","protected":false},"excerpt":{"rendered":"<p>La clart\u00e9 du blanc, la joie du jaune. Pourquoi faudrait-il choisir alors que ces 2 couleurs vont tr\u00e8s bien ensemble. D\u00e9couvrez 8 mani\u00e8res de les associer. <span class=\"more-link\"><a href=\"https:\/\/www.cocondedecoration.com\/blog\/2025\/06\/association-deco-jaune-blanc\/\">Lire la suite<\/a><\/span><\/p>\n","protected":false},"author":1,"featured_media":83486,"comment_status":"open","ping_status":"open","sticky":false,"template":"","format":"standard","meta":{"om_disable_all_campaigns":false,"_monsterinsights_skip_tracking":false,"_monsterinsights_sitenote_active":false,"_monsterinsights_sitenote_note":"","_monsterinsights_sitenote_category":0,"_uf_show_specific_survey":0,"_uf_disable_surveys":false,"footnotes":""},"categories":[61763],"tags":[35844,61998,61777,61997,10731,61996,61994,61995,61993],"aioseo_notices":[],"_links":{"self":[{"href":"https:\/\/www.cocondedecoration.com\/blog\/wp-json\/wp\/v2\/posts\/83444"}],"collection":[{"href":"https:\/\/www.cocondedecoration.com\/blog\/wp-json\/wp\/v2\/posts"}],"about":[{"href":"https:\/\/www.cocondedecoration.com\/blog\/wp-json\/wp\/v2\/types\/post"}],"author":[{"embeddable":true,"href":"https:\/\/www.cocondedecoration.com\/blog\/wp-json\/wp\/v2\/users\/1"}],"replies":[{"embeddable":true,"href":"https:\/\/www.cocondedecoration.com\/blog\/wp-json\/wp\/v2\/comments?post=83444"}],"version-history":[{"count":5,"href":"https:\/\/www.cocondedecoration.com\/blog\/wp-json\/wp\/v2\/posts\/83444\/revisions"}],"predecessor-version":[{"id":83487,"href":"https:\/\/www.cocondedecoration.com\/blog\/wp-json\/wp\/v2\/posts\/83444\/revisions\/83487"}],"wp:featuredmedia":[{"embeddable":true,"href":"https:\/\/www.cocondedecoration.com\/blog\/wp-json\/wp\/v2\/media\/83486"}],"wp:attachment":[{"href":"https:\/\/www.cocondedecoration.com\/blog\/wp-json\/wp\/v2\/media?parent=83444"}],"wp:term":[{"taxonomy":"category","embeddable":true,"href":"https:\/\/www.cocondedecoration.com\/blog\/wp-json\/wp\/v2\/categories?post=83444"},{"taxonomy":"post_tag","embeddable":true,"href":"https:\/\/www.cocondedecoration.com\/blog\/wp-json\/wp\/v2\/tags?post=83444"}],"curies":[{"name":"wp","href":"https:\/\/api.w.org\/{rel}","templated":true}]}}