{"id":82565,"date":"2025-04-22T01:00:00","date_gmt":"2025-04-21T23:00:00","guid":{"rendered":"https:\/\/www.cocondedecoration.com\/blog\/?p=82565"},"modified":"2025-04-21T10:25:46","modified_gmt":"2025-04-21T08:25:46","slug":"table-suspendue-balcon","status":"publish","type":"post","link":"https:\/\/www.cocondedecoration.com\/blog\/2025\/04\/table-suspendue-balcon\/","title":{"rendered":"Une table suspendue pour un micro balcon pratique"},"content":{"rendered":"\n<p>Vous vivez dans un appartement et vous avez la chance d'avoir un balcon (m\u00eame tout petit)? Vous cherchez un meuble polyvalent? Une table qui ne vas pas encombrer tout l'espace? Ne cherchez pas plus loin! Aujourd'hui, on va voir que la tablettes suspendue au garde-corps du balcon est un petit meuble d'appoint qui a de nombreux avantages. <\/p>\n\n\n\n<!--more-->\n\n\n\n<div style=\"height:20px\" aria-hidden=\"true\" class=\"wp-block-spacer\"><\/div>\n\n\n\n<div class=\"wp-block-media-text alignwide\"><figure class=\"wp-block-media-text__media\"><img loading=\"lazy\" decoding=\"async\" width=\"640\" height=\"366\" src=\"https:\/\/www.cocondedecoration.com\/blog\/wp-content\/uploads\/2023\/12\/newsletter-patreon-640x366.png\" alt=\"\" class=\"wp-image-70176\" srcset=\"https:\/\/www.cocondedecoration.com\/blog\/wp-content\/uploads\/2023\/12\/newsletter-patreon-640x366.png 640w, https:\/\/www.cocondedecoration.com\/blog\/wp-content\/uploads\/2023\/12\/newsletter-patreon-260x149.png 260w, https:\/\/www.cocondedecoration.com\/blog\/wp-content\/uploads\/2023\/12\/newsletter-patreon-768x439.png 768w, https:\/\/www.cocondedecoration.com\/blog\/wp-content\/uploads\/2023\/12\/newsletter-patreon-465x266.png 465w, https:\/\/www.cocondedecoration.com\/blog\/wp-content\/uploads\/2023\/12\/newsletter-patreon-695x397.png 695w, https:\/\/www.cocondedecoration.com\/blog\/wp-content\/uploads\/2023\/12\/newsletter-patreon.png 1050w\" sizes=\"(max-width: 640px) 100vw, 640px\" \/><\/figure><div class=\"wp-block-media-text__content\">\n<p style=\"text-align:center\"><strong>La newsletter du blog est sur Patreon<\/strong><\/p>\n\n\n\n<p>Devenez membre gratuitement de mon Patron pour lire toutes les newsletters du blog &amp; recevoir une notification quand les prochaines seront en ligne. <\/p>\n\n\n\n<div class=\"wp-block-button aligncenter\"><a class=\"wp-block-button__link\" href=\"https:\/\/www.patreon.com\/cocondedeco\">Acc\u00e9der \u00e0 Patreon gratuitement<\/a><\/div>\n<\/div><\/div>\n\n\n\n<div style=\"height:30px\" aria-hidden=\"true\" class=\"wp-block-spacer\"><\/div>\n\n\n\n<div class=\"wp-block-columns is-layout-flex wp-container-core-columns-layout-1 wp-block-columns-is-layout-flex\">\n<div class=\"wp-block-column is-layout-flow wp-block-column-is-layout-flow\">\n<figure class=\"wp-block-image size-large\"><a href=\"https:\/\/www.cocondedecoration.com\/blog\/wp-content\/uploads\/2025\/04\/tablette-suspendue-garde-corps-balcon.001.jpeg\"><img loading=\"lazy\" decoding=\"async\" width=\"640\" height=\"960\" src=\"https:\/\/www.cocondedecoration.com\/blog\/wp-content\/uploads\/2025\/04\/tablette-suspendue-garde-corps-balcon.001-640x960.jpeg\" alt=\"Table suspendue de balcon pliable r\u00e9glable m\u00e9tal noir\" class=\"wp-image-82566\" title=\"Table suspendue de balcon pliable r\u00e9glable m\u00e9tal noir\" srcset=\"https:\/\/www.cocondedecoration.com\/blog\/wp-content\/uploads\/2025\/04\/tablette-suspendue-garde-corps-balcon.001-640x960.jpeg 640w, https:\/\/www.cocondedecoration.com\/blog\/wp-content\/uploads\/2025\/04\/tablette-suspendue-garde-corps-balcon.001-260x390.jpeg 260w, https:\/\/www.cocondedecoration.com\/blog\/wp-content\/uploads\/2025\/04\/tablette-suspendue-garde-corps-balcon.001-768x1152.jpeg 768w, https:\/\/www.cocondedecoration.com\/blog\/wp-content\/uploads\/2025\/04\/tablette-suspendue-garde-corps-balcon.001-367x550.jpeg 367w, https:\/\/www.cocondedecoration.com\/blog\/wp-content\/uploads\/2025\/04\/tablette-suspendue-garde-corps-balcon.001-333x500.jpeg 333w, https:\/\/www.cocondedecoration.com\/blog\/wp-content\/uploads\/2025\/04\/tablette-suspendue-garde-corps-balcon.001.jpeg 1000w\" sizes=\"(max-width: 640px) 100vw, 640px\" \/><\/a><figcaption class=\"wp-element-caption\">Table suspendue de balcon pliable r\u00e9glable m\u00e9tal noir - Outsunny chez Maisons du Monde<\/figcaption><\/figure>\n\n\n\n<div class=\"wp-block-buttons is-content-justification-center is-layout-flex wp-container-core-buttons-layout-1 wp-block-buttons-is-layout-flex\">\n<div class=\"wp-block-button\"><a class=\"wp-block-button__link wp-element-button\" href=\"https:\/\/fnty.co\/c\/r-QkVhaEBr\" target=\"_blank\" rel=\"noreferrer noopener\">Acheter maintenant<\/a><\/div>\n<\/div>\n<\/div>\n\n\n\n<div class=\"wp-block-column is-layout-flow wp-block-column-is-layout-flow\">\n<figure class=\"wp-block-image size-large\"><a href=\"https:\/\/www.cocondedecoration.com\/blog\/wp-content\/uploads\/2025\/04\/balcon-petite-table-a-suspendre.001.jpeg\"><img loading=\"lazy\" decoding=\"async\" width=\"640\" height=\"960\" src=\"https:\/\/www.cocondedecoration.com\/blog\/wp-content\/uploads\/2025\/04\/balcon-petite-table-a-suspendre.001-640x960.jpeg\" alt=\"Table de balcon suspendue.table murale rabattable avec 3 hauteurs r\u00e9glables.cadre en m\u00e9tal.noir\" class=\"wp-image-82570\" title=\"Table de balcon suspendue.table murale rabattable avec 3 hauteurs r\u00e9glables.cadre en m\u00e9tal.noir\" srcset=\"https:\/\/www.cocondedecoration.com\/blog\/wp-content\/uploads\/2025\/04\/balcon-petite-table-a-suspendre.001-640x960.jpeg 640w, https:\/\/www.cocondedecoration.com\/blog\/wp-content\/uploads\/2025\/04\/balcon-petite-table-a-suspendre.001-260x390.jpeg 260w, https:\/\/www.cocondedecoration.com\/blog\/wp-content\/uploads\/2025\/04\/balcon-petite-table-a-suspendre.001-768x1152.jpeg 768w, https:\/\/www.cocondedecoration.com\/blog\/wp-content\/uploads\/2025\/04\/balcon-petite-table-a-suspendre.001-367x550.jpeg 367w, https:\/\/www.cocondedecoration.com\/blog\/wp-content\/uploads\/2025\/04\/balcon-petite-table-a-suspendre.001-333x500.jpeg 333w, https:\/\/www.cocondedecoration.com\/blog\/wp-content\/uploads\/2025\/04\/balcon-petite-table-a-suspendre.001.jpeg 1000w\" sizes=\"(max-width: 640px) 100vw, 640px\" \/><\/a><figcaption class=\"wp-element-caption\">Table de balcon suspendue.table murale rabattable avec 3 hauteurs r\u00e9glables.cadre en m\u00e9tal.noir - Woltu chez Conforama<\/figcaption><\/figure>\n\n\n\n<div class=\"wp-block-buttons is-content-justification-center is-layout-flex wp-container-core-buttons-layout-2 wp-block-buttons-is-layout-flex\">\n<div class=\"wp-block-button\"><a class=\"wp-block-button__link wp-element-button\" href=\"https:\/\/c3po.link\/Qfyze6zmsx\" target=\"_blank\" rel=\"noreferrer noopener\">Acheter maintenant<\/a><\/div>\n<\/div>\n<\/div>\n<\/div>\n\n\n\n<h2 class=\"wp-block-heading\">Une tablette suspendue au balcon: un syst\u00e8me simple qui fait gagner de la place<\/h2>\n\n\n\n<p>Si vous suivez le blog, vous savez que j'aime la simplicit\u00e9. Et les tables \u00e0 suspendre \u00e0 la rambarde sont un \u00e9l\u00e9ment qui r\u00e9pondent bien \u00e0 cette dynamique. La tablette suspendue <strong>n'encombre pas le sol<\/strong>, on peut y glisser un tabouret ou une chaise en dessus sans soucis. Et visuellement, ce syst\u00e8me est <strong>plus l\u00e9ger qu'une table classique<\/strong> avec deux chaises. <\/p>\n\n\n\n<p>Le gain de place n'est pas le seul avantage de ce petit meuble ext\u00e9rieur. L'un des autres avantages de ce syst\u00e8me d'am\u00e9nagement: certains mod\u00e8les peuvent <strong>\u00eatre r\u00e9glables<\/strong>. Pas besoin donc d'investir dans des tabourets de bar ext\u00e9rieurs. La tablette peut \u00eatre r\u00e9gl\u00e9e pour \u00eatre <strong>\u00e0 la hauteur d'une chaise<\/strong> ou encore d'<a href=\"https:\/\/www.cocondedecoration.com\/blog\/2019\/08\/objet-deco-transats-bains-de-soleil-et-chiliennes\/\" target=\"_blank\" rel=\"noopener\" title=\"\">un transat<\/a>. Par ailleurs, la table \u00e0 suspendre \u00e0 de quoi s\u00e9duire par son installation simple. <strong>Pas besoin de percer<\/strong> (coucou les lecteur\u2022rice\u2022s en location). <strong>Pas besoin de sortir le gros outillage<\/strong> non plus. Un syst\u00e8me de crochets (parfois r\u00e9glables selon le mod\u00e8le) permet de suspendre la tablette au garde-corps en toute simplicit\u00e9. <\/p>\n\n\n\n<div class=\"wp-block-columns is-layout-flex wp-container-core-columns-layout-2 wp-block-columns-is-layout-flex\">\n<div class=\"wp-block-column is-layout-flow wp-block-column-is-layout-flow\">\n<figure class=\"wp-block-image size-large\"><a href=\"https:\/\/www.cocondedecoration.com\/blog\/wp-content\/uploads\/2025\/04\/tablette-suspendue-garde-corps-balcon.002.jpeg\"><img loading=\"lazy\" decoding=\"async\" width=\"640\" height=\"960\" src=\"https:\/\/www.cocondedecoration.com\/blog\/wp-content\/uploads\/2025\/04\/tablette-suspendue-garde-corps-balcon.002-640x960.jpeg\" alt=\"Table de balcon rabattable en acacia\" class=\"wp-image-82567\" title=\"Table de balcon rabattable en acacia\" srcset=\"https:\/\/www.cocondedecoration.com\/blog\/wp-content\/uploads\/2025\/04\/tablette-suspendue-garde-corps-balcon.002-640x960.jpeg 640w, https:\/\/www.cocondedecoration.com\/blog\/wp-content\/uploads\/2025\/04\/tablette-suspendue-garde-corps-balcon.002-260x390.jpeg 260w, https:\/\/www.cocondedecoration.com\/blog\/wp-content\/uploads\/2025\/04\/tablette-suspendue-garde-corps-balcon.002-768x1152.jpeg 768w, https:\/\/www.cocondedecoration.com\/blog\/wp-content\/uploads\/2025\/04\/tablette-suspendue-garde-corps-balcon.002-367x550.jpeg 367w, https:\/\/www.cocondedecoration.com\/blog\/wp-content\/uploads\/2025\/04\/tablette-suspendue-garde-corps-balcon.002-333x500.jpeg 333w, https:\/\/www.cocondedecoration.com\/blog\/wp-content\/uploads\/2025\/04\/tablette-suspendue-garde-corps-balcon.002.jpeg 1000w\" sizes=\"(max-width: 640px) 100vw, 640px\" \/><\/a><figcaption class=\"wp-element-caption\">Table de balcon rabattable en acacia - Happy Garden chez Maisons du Monde<\/figcaption><\/figure>\n\n\n\n<div class=\"wp-block-buttons is-content-justification-center is-layout-flex wp-container-core-buttons-layout-3 wp-block-buttons-is-layout-flex\">\n<div class=\"wp-block-button\"><a class=\"wp-block-button__link wp-element-button\" href=\"https:\/\/fnty.co\/c\/r-ziDgciRO\" target=\"_blank\" rel=\"noreferrer noopener\">Acheter maintenant<\/a><\/div>\n<\/div>\n<\/div>\n\n\n\n<div class=\"wp-block-column is-layout-flow wp-block-column-is-layout-flow\">\n<figure class=\"wp-block-image size-large\"><a href=\"https:\/\/www.cocondedecoration.com\/blog\/wp-content\/uploads\/2025\/04\/balcon-petite-table-a-suspendre.002.jpeg\"><img loading=\"lazy\" decoding=\"async\" width=\"640\" height=\"960\" src=\"https:\/\/www.cocondedecoration.com\/blog\/wp-content\/uploads\/2025\/04\/balcon-petite-table-a-suspendre.002-640x960.jpeg\" alt=\"Ensemble table effet mosa\u00efque\" class=\"wp-image-82571\" title=\"Ensemble table effet mosa\u00efque\" srcset=\"https:\/\/www.cocondedecoration.com\/blog\/wp-content\/uploads\/2025\/04\/balcon-petite-table-a-suspendre.002-640x960.jpeg 640w, https:\/\/www.cocondedecoration.com\/blog\/wp-content\/uploads\/2025\/04\/balcon-petite-table-a-suspendre.002-260x390.jpeg 260w, https:\/\/www.cocondedecoration.com\/blog\/wp-content\/uploads\/2025\/04\/balcon-petite-table-a-suspendre.002-768x1152.jpeg 768w, https:\/\/www.cocondedecoration.com\/blog\/wp-content\/uploads\/2025\/04\/balcon-petite-table-a-suspendre.002-367x550.jpeg 367w, https:\/\/www.cocondedecoration.com\/blog\/wp-content\/uploads\/2025\/04\/balcon-petite-table-a-suspendre.002-333x500.jpeg 333w, https:\/\/www.cocondedecoration.com\/blog\/wp-content\/uploads\/2025\/04\/balcon-petite-table-a-suspendre.002.jpeg 1000w\" sizes=\"(max-width: 640px) 100vw, 640px\" \/><\/a><figcaption class=\"wp-element-caption\">Ensemble table effet mosa\u00efque - TECTAKE chez Conforama<\/figcaption><\/figure>\n\n\n\n<div class=\"wp-block-buttons is-content-justification-center is-layout-flex wp-container-core-buttons-layout-4 wp-block-buttons-is-layout-flex\">\n<div class=\"wp-block-button\"><a class=\"wp-block-button__link wp-element-button\" href=\"https:\/\/c3po.link\/QhDnJ279aC\" target=\"_blank\" rel=\"noreferrer noopener\">Acheter maintenant<\/a><\/div>\n<\/div>\n<\/div>\n<\/div>\n\n\n\n<h2 class=\"wp-block-heading\">Un petit meuble d'appoint pour le balcon qui est polyvalent <\/h2>\n\n\n\n<p>Outre la simplicit\u00e9 de la table \u00e0 suspendre, ce que je trouve s\u00e9duisant dans ce meuble, c'est qu'il est <strong>polyvalent<\/strong>. Il peut r\u00e9pondre \u00e0 plusieurs de vos besoins \/ plusieurs envies d'am\u00e9nagement. La table \u00e0 accrocher au garde-corps du balcon peut vous servir \u00e0: <\/p>\n\n\n\n<ul>\n<li>Prendre <strong>un repas<\/strong> et profiter du soleil \/ du paysage <\/li>\n\n\n\n<li>Poser <strong>une tasse de caf\u00e9 ou un bon bouquin<\/strong> pendant les vacances \/ les week-ends <\/li>\n\n\n\n<li>Poser <strong>de petits pots de fleurs<\/strong> pour ne pas encombrer le sol du balcon<\/li>\n<\/ul>\n\n\n\n<p>Selon la taille de votre balcon, si vous avez <a href=\"https:\/\/www.cocondedecoration.com\/blog\/2022\/07\/amenager-balcon-en-longueur\/\" target=\"_blank\" rel=\"noopener\" title=\"\">un espace ext\u00e9rieur tout en longueur<\/a>, vous pouvez m\u00eame <strong>suspendre plusieurs table<\/strong>s pour pouvoir manger \u00e0 deux ou varier les plaisirs (manger et fleurir en m\u00eame temps). Comme ce meuble est g\u00e9n\u00e9ralement de petites tailles, vous pouvez quand m\u00eame <strong>accrocher des jardini\u00e8res<\/strong> \u00e0 votre balcon. L'un n'emp\u00eache pas l'autre. <\/p>\n\n\n\n<div class=\"wp-block-columns is-layout-flex wp-container-core-columns-layout-3 wp-block-columns-is-layout-flex\">\n<div class=\"wp-block-column is-layout-flow wp-block-column-is-layout-flow\">\n<figure class=\"wp-block-image size-large\"><a href=\"https:\/\/www.cocondedecoration.com\/blog\/wp-content\/uploads\/2025\/04\/balcon-petite-table-a-suspendre.003.jpeg\"><img loading=\"lazy\" decoding=\"async\" width=\"640\" height=\"960\" src=\"https:\/\/www.cocondedecoration.com\/blog\/wp-content\/uploads\/2025\/04\/balcon-petite-table-a-suspendre.003-640x960.jpeg\" alt=\"Table de balcon suspendue table de jardin rabattable hauteur r\u00e9glable sur 5 niveaux anti-rouille noir\" class=\"wp-image-82572\" title=\"Table de balcon suspendue table de jardin rabattable hauteur r\u00e9glable sur 5 niveaux anti-rouille noir\" srcset=\"https:\/\/www.cocondedecoration.com\/blog\/wp-content\/uploads\/2025\/04\/balcon-petite-table-a-suspendre.003-640x960.jpeg 640w, https:\/\/www.cocondedecoration.com\/blog\/wp-content\/uploads\/2025\/04\/balcon-petite-table-a-suspendre.003-260x390.jpeg 260w, https:\/\/www.cocondedecoration.com\/blog\/wp-content\/uploads\/2025\/04\/balcon-petite-table-a-suspendre.003-768x1152.jpeg 768w, https:\/\/www.cocondedecoration.com\/blog\/wp-content\/uploads\/2025\/04\/balcon-petite-table-a-suspendre.003-367x550.jpeg 367w, https:\/\/www.cocondedecoration.com\/blog\/wp-content\/uploads\/2025\/04\/balcon-petite-table-a-suspendre.003-333x500.jpeg 333w, https:\/\/www.cocondedecoration.com\/blog\/wp-content\/uploads\/2025\/04\/balcon-petite-table-a-suspendre.003.jpeg 1000w\" sizes=\"(max-width: 640px) 100vw, 640px\" \/><\/a><figcaption class=\"wp-element-caption\">Table de balcon suspendue table de jardin rabattable hauteur r\u00e9glable sur 5 niveaux anti-rouille noir - Maison Chic chez Conforama<\/figcaption><\/figure>\n\n\n\n<div class=\"wp-block-buttons is-content-justification-center is-layout-flex wp-container-core-buttons-layout-5 wp-block-buttons-is-layout-flex\">\n<div class=\"wp-block-button\"><a class=\"wp-block-button__link wp-element-button\" href=\"https:\/\/c3po.link\/nmnpjnd397\" target=\"_blank\" rel=\"noreferrer noopener\">Acheter maintenant<\/a><\/div>\n<\/div>\n<\/div>\n\n\n\n<div class=\"wp-block-column is-layout-flow wp-block-column-is-layout-flow\">\n<figure class=\"wp-block-image size-large\"><a href=\"https:\/\/www.cocondedecoration.com\/blog\/wp-content\/uploads\/2025\/04\/balcon-petite-table-a-suspendre.004.jpeg\"><img loading=\"lazy\" decoding=\"async\" width=\"640\" height=\"960\" src=\"https:\/\/www.cocondedecoration.com\/blog\/wp-content\/uploads\/2025\/04\/balcon-petite-table-a-suspendre.004-640x960.jpeg\" alt=\"Table de balcon \u00e0 suspendre, acacia\" class=\"wp-image-82573\" title=\"Table de balcon \u00e0 suspendre, acacia\" srcset=\"https:\/\/www.cocondedecoration.com\/blog\/wp-content\/uploads\/2025\/04\/balcon-petite-table-a-suspendre.004-640x960.jpeg 640w, https:\/\/www.cocondedecoration.com\/blog\/wp-content\/uploads\/2025\/04\/balcon-petite-table-a-suspendre.004-260x390.jpeg 260w, https:\/\/www.cocondedecoration.com\/blog\/wp-content\/uploads\/2025\/04\/balcon-petite-table-a-suspendre.004-768x1152.jpeg 768w, https:\/\/www.cocondedecoration.com\/blog\/wp-content\/uploads\/2025\/04\/balcon-petite-table-a-suspendre.004-367x550.jpeg 367w, https:\/\/www.cocondedecoration.com\/blog\/wp-content\/uploads\/2025\/04\/balcon-petite-table-a-suspendre.004-333x500.jpeg 333w, https:\/\/www.cocondedecoration.com\/blog\/wp-content\/uploads\/2025\/04\/balcon-petite-table-a-suspendre.004.jpeg 1000w\" sizes=\"(max-width: 640px) 100vw, 640px\" \/><\/a><figcaption class=\"wp-element-caption\">Table de balcon \u00e0 suspendre, acacia - La Redoute Int\u00e9rieurs<\/figcaption><\/figure>\n\n\n\n<div class=\"wp-block-buttons is-content-justification-center is-layout-flex wp-container-core-buttons-layout-6 wp-block-buttons-is-layout-flex\">\n<div class=\"wp-block-button\"><a class=\"wp-block-button__link wp-element-button\" href=\"https:\/\/c3po.link\/QNQWJRm8yw\" target=\"_blank\" rel=\"noreferrer noopener\">Acheter maintenant<\/a><\/div>\n<\/div>\n<\/div>\n<\/div>\n\n\n\n<h2 class=\"wp-block-heading\">Quels mat\u00e9riaux choisir pour sa table de balcon? <\/h2>\n\n\n\n<p>Vous trouverez des mod\u00e8les en bois et en m\u00e9tal dans le commerce. Comme c'est un \u00e9l\u00e9ment ext\u00e9rieur, il est fait pour <strong>r\u00e9sister aux intemp\u00e9ries<\/strong>. Le bois a l'avantage d'\u00eatre naturel et chaleureux. Il vous aidera \u00e0 cr\u00e9er un espace <strong>fonctionnel et agr\u00e9able<\/strong>. Le m\u00e9tal quant \u00e0 lui offre un design <strong>plus sobre et plus pratique<\/strong>. Visuellement, il est aussi plus l\u00e9ger que le bois. Il est aussi possible de trouver des tablettes qui mixent m\u00e9tal (pour la structure) et <a href=\"https:\/\/www.cocondedecoration.com\/blog\/2023\/04\/ou-trouver-objet-decoratif-mosaique\/\" target=\"_blank\" rel=\"noopener\" title=\"\">mosa\u00efque<\/a>. C'est un m\u00e9lange int\u00e9ressant pour offrir un cachet classique \u00e0 votre petit balcon. <\/p>\n\n\n\n<p>A lire aussi: Balcon: <a href=\"https:\/\/www.cocondedecoration.com\/blog\/2024\/06\/protection-balcon-exterieur\/\" target=\"_blank\" rel=\"noopener\" title=\"\">Se prot\u00e9ger du soleil et des regards indiscrets<\/a><\/p>\n\n\n\n<div class=\"wp-block-columns is-layout-flex wp-container-core-columns-layout-4 wp-block-columns-is-layout-flex\">\n<div class=\"wp-block-column is-layout-flow wp-block-column-is-layout-flow\">\n<figure class=\"wp-block-image size-large\"><a href=\"https:\/\/www.cocondedecoration.com\/blog\/wp-content\/uploads\/2025\/04\/tablette-suspendue-garde-corps-balcon.003.jpeg\"><img loading=\"lazy\" decoding=\"async\" width=\"640\" height=\"960\" src=\"https:\/\/www.cocondedecoration.com\/blog\/wp-content\/uploads\/2025\/04\/tablette-suspendue-garde-corps-balcon.003-640x960.jpeg\" alt=\"Table balcon en bois trait\u00e9 beige 50 x 118 x 69 cm\" class=\"wp-image-82568\" title=\"Table balcon en bois trait\u00e9 beige 50 x 118 x 69 cm\" srcset=\"https:\/\/www.cocondedecoration.com\/blog\/wp-content\/uploads\/2025\/04\/tablette-suspendue-garde-corps-balcon.003-640x960.jpeg 640w, https:\/\/www.cocondedecoration.com\/blog\/wp-content\/uploads\/2025\/04\/tablette-suspendue-garde-corps-balcon.003-260x390.jpeg 260w, https:\/\/www.cocondedecoration.com\/blog\/wp-content\/uploads\/2025\/04\/tablette-suspendue-garde-corps-balcon.003-768x1152.jpeg 768w, https:\/\/www.cocondedecoration.com\/blog\/wp-content\/uploads\/2025\/04\/tablette-suspendue-garde-corps-balcon.003-367x550.jpeg 367w, https:\/\/www.cocondedecoration.com\/blog\/wp-content\/uploads\/2025\/04\/tablette-suspendue-garde-corps-balcon.003-333x500.jpeg 333w, https:\/\/www.cocondedecoration.com\/blog\/wp-content\/uploads\/2025\/04\/tablette-suspendue-garde-corps-balcon.003.jpeg 1000w\" sizes=\"(max-width: 640px) 100vw, 640px\" \/><\/a><figcaption class=\"wp-element-caption\">Table balcon en bois trait\u00e9 beige 50 x 118 x 69 cm - Cerland via Maisons du Monde<\/figcaption><\/figure>\n\n\n\n<div class=\"wp-block-buttons is-content-justification-center is-layout-flex wp-container-core-buttons-layout-7 wp-block-buttons-is-layout-flex\">\n<div class=\"wp-block-button\"><a class=\"wp-block-button__link wp-element-button\" href=\"https:\/\/fnty.co\/c\/r-vaXVoIZG\" target=\"_blank\" rel=\"noreferrer noopener\">Acheter maintenant<\/a><\/div>\n<\/div>\n<\/div>\n\n\n\n<div class=\"wp-block-column is-layout-flow wp-block-column-is-layout-flow\">\n<figure class=\"wp-block-image size-large\"><a href=\"https:\/\/www.cocondedecoration.com\/blog\/wp-content\/uploads\/2025\/04\/balcon-petite-table-a-suspendre.005.jpeg\"><img loading=\"lazy\" decoding=\"async\" width=\"640\" height=\"960\" src=\"https:\/\/www.cocondedecoration.com\/blog\/wp-content\/uploads\/2025\/04\/balcon-petite-table-a-suspendre.005-640x960.jpeg\" alt=\"Table d'appoint rabattable bois d'h\u00e9v\u00e9a pour balcon\" class=\"wp-image-82574\" title=\"Table d'appoint rabattable bois d'h\u00e9v\u00e9a pour balcon\" srcset=\"https:\/\/www.cocondedecoration.com\/blog\/wp-content\/uploads\/2025\/04\/balcon-petite-table-a-suspendre.005-640x960.jpeg 640w, https:\/\/www.cocondedecoration.com\/blog\/wp-content\/uploads\/2025\/04\/balcon-petite-table-a-suspendre.005-260x390.jpeg 260w, https:\/\/www.cocondedecoration.com\/blog\/wp-content\/uploads\/2025\/04\/balcon-petite-table-a-suspendre.005-768x1152.jpeg 768w, https:\/\/www.cocondedecoration.com\/blog\/wp-content\/uploads\/2025\/04\/balcon-petite-table-a-suspendre.005-367x550.jpeg 367w, https:\/\/www.cocondedecoration.com\/blog\/wp-content\/uploads\/2025\/04\/balcon-petite-table-a-suspendre.005-333x500.jpeg 333w, https:\/\/www.cocondedecoration.com\/blog\/wp-content\/uploads\/2025\/04\/balcon-petite-table-a-suspendre.005.jpeg 1000w\" sizes=\"(max-width: 640px) 100vw, 640px\" \/><\/a><figcaption class=\"wp-element-caption\">Table d'appoint rabattable bois d'h\u00e9v\u00e9a pour balcon - Sweeek chez La Redoute<\/figcaption><\/figure>\n\n\n\n<div class=\"wp-block-buttons is-content-justification-center is-layout-flex wp-container-core-buttons-layout-8 wp-block-buttons-is-layout-flex\">\n<div class=\"wp-block-button\"><a class=\"wp-block-button__link wp-element-button\" href=\"https:\/\/c3po.link\/Qf4ccVhwJd\" target=\"_blank\" rel=\"noreferrer noopener\">Acheter maintenant<\/a><\/div>\n<\/div>\n<\/div>\n<\/div>\n\n\n\n<h2 class=\"wp-block-heading\">Une table ext\u00e9rieure compacte qui offre un rangement facile en fin de saison<\/h2>\n\n\n\n<p>M\u00eame si les mat\u00e9riaux sont pens\u00e9s pour r\u00e9sister \u00e0 la pluie, pour une meilleure p\u00e9rennit\u00e9, il est conseill\u00e9 de ranger votre mobilier de balcon en automne. C'est un conseil qui est valable pour les salons de jardin, les tables \u00e0 suspendre sur la rambarde, les fauteuils et transats ext\u00e9rieurs. Il y a un certain nombre de <strong>mod\u00e8les de tablette qui sont pliants<\/strong>. Et c'est un atout quand vient le moment du rangement. Il vous suffira de faire une petite place dans un placard pour la ranger en attendant le printemps suivant. <\/p>\n\n\n\n<p>Pour aller plus loin: <a href=\"https:\/\/www.cocondedecoration.com\/blog\/2020\/06\/ou-trouver-un-salon-de-jardin-pour-le-balcon\/\" target=\"_blank\" rel=\"noopener\" title=\"\">O\u00f9 trouver un salon de jardin pour le balcon? <\/a><\/p>\n\n\n\n<div class=\"wp-block-columns is-layout-flex wp-container-core-columns-layout-5 wp-block-columns-is-layout-flex\">\n<div class=\"wp-block-column is-layout-flow wp-block-column-is-layout-flow\">\n<figure class=\"wp-block-image size-large\"><a href=\"https:\/\/www.cocondedecoration.com\/blog\/wp-content\/uploads\/2025\/04\/tablette-suspendue-garde-corps-balcon.004.jpeg\"><img loading=\"lazy\" decoding=\"async\" width=\"640\" height=\"960\" src=\"https:\/\/www.cocondedecoration.com\/blog\/wp-content\/uploads\/2025\/04\/tablette-suspendue-garde-corps-balcon.004-640x960.jpeg\" alt=\"Table de balcon suspendue r\u00e9glable bois sapin verni coloris teck\" class=\"wp-image-82569\" srcset=\"https:\/\/www.cocondedecoration.com\/blog\/wp-content\/uploads\/2025\/04\/tablette-suspendue-garde-corps-balcon.004-640x960.jpeg 640w, https:\/\/www.cocondedecoration.com\/blog\/wp-content\/uploads\/2025\/04\/tablette-suspendue-garde-corps-balcon.004-260x390.jpeg 260w, https:\/\/www.cocondedecoration.com\/blog\/wp-content\/uploads\/2025\/04\/tablette-suspendue-garde-corps-balcon.004-768x1152.jpeg 768w, https:\/\/www.cocondedecoration.com\/blog\/wp-content\/uploads\/2025\/04\/tablette-suspendue-garde-corps-balcon.004-367x550.jpeg 367w, https:\/\/www.cocondedecoration.com\/blog\/wp-content\/uploads\/2025\/04\/tablette-suspendue-garde-corps-balcon.004-333x500.jpeg 333w, https:\/\/www.cocondedecoration.com\/blog\/wp-content\/uploads\/2025\/04\/tablette-suspendue-garde-corps-balcon.004.jpeg 1000w\" sizes=\"(max-width: 640px) 100vw, 640px\" \/><\/a><figcaption class=\"wp-element-caption\">Table de balcon suspendue r\u00e9glable bois sapin verni coloris teck - Outsunny chez Maisons du Monde<\/figcaption><\/figure>\n\n\n\n<div class=\"wp-block-buttons is-content-justification-center is-layout-flex wp-container-core-buttons-layout-9 wp-block-buttons-is-layout-flex\">\n<div class=\"wp-block-button\"><a class=\"wp-block-button__link wp-element-button\" href=\"https:\/\/fnty.co\/c\/r-FpVhNLyh\" target=\"_blank\" rel=\"noreferrer noopener\">Acheter maintenant<\/a><\/div>\n<\/div>\n<\/div>\n\n\n\n<div class=\"wp-block-column is-layout-flow wp-block-column-is-layout-flow\">\n<figure class=\"wp-block-image size-large\"><a href=\"https:\/\/www.cocondedecoration.com\/blog\/wp-content\/uploads\/2025\/04\/balcon-petite-table-a-suspendre.006.jpeg\"><img loading=\"lazy\" decoding=\"async\" width=\"640\" height=\"960\" src=\"https:\/\/www.cocondedecoration.com\/blog\/wp-content\/uploads\/2025\/04\/balcon-petite-table-a-suspendre.006-640x960.jpeg\" alt=\"Set de balcon table + 2 chaises en acacia\" class=\"wp-image-82575\" title=\"Set de balcon table + 2 chaises en acacia\" srcset=\"https:\/\/www.cocondedecoration.com\/blog\/wp-content\/uploads\/2025\/04\/balcon-petite-table-a-suspendre.006-640x960.jpeg 640w, https:\/\/www.cocondedecoration.com\/blog\/wp-content\/uploads\/2025\/04\/balcon-petite-table-a-suspendre.006-260x390.jpeg 260w, https:\/\/www.cocondedecoration.com\/blog\/wp-content\/uploads\/2025\/04\/balcon-petite-table-a-suspendre.006-768x1152.jpeg 768w, https:\/\/www.cocondedecoration.com\/blog\/wp-content\/uploads\/2025\/04\/balcon-petite-table-a-suspendre.006-367x550.jpeg 367w, https:\/\/www.cocondedecoration.com\/blog\/wp-content\/uploads\/2025\/04\/balcon-petite-table-a-suspendre.006-333x500.jpeg 333w, https:\/\/www.cocondedecoration.com\/blog\/wp-content\/uploads\/2025\/04\/balcon-petite-table-a-suspendre.006.jpeg 1000w\" sizes=\"(max-width: 640px) 100vw, 640px\" \/><\/a><figcaption class=\"wp-element-caption\">Set de balcon table + 2 chaises en acacia - La Redoute Int\u00e9rieurs<\/figcaption><\/figure>\n\n\n\n<div class=\"wp-block-buttons is-content-justification-center is-layout-flex wp-container-core-buttons-layout-10 wp-block-buttons-is-layout-flex\">\n<div class=\"wp-block-button\"><a class=\"wp-block-button__link wp-element-button\" href=\"https:\/\/c3po.link\/QJRD2XFkkU\" target=\"_blank\" rel=\"noreferrer noopener\">Acheter maintenant<\/a><\/div>\n<\/div>\n<\/div>\n<\/div>\n\n\n\n<p class=\"has-small-font-size\">Source de l'image \u00e0 la une: balkonbar.com<br>Note: Cet article contient des liens affili\u00e9s. <\/p>\n","protected":false},"excerpt":{"rendered":"<p>Vous avez un petit balcon? Cette petite table d&rsquo;appoint va probablement vous int\u00e9resser. Elle vous offrira gain de place et plus encore. <span class=\"more-link\"><a href=\"https:\/\/www.cocondedecoration.com\/blog\/2025\/04\/table-suspendue-balcon\/\">Lire la suite<\/a><\/span><\/p>\n","protected":false},"author":1,"featured_media":82576,"comment_status":"open","ping_status":"open","sticky":false,"template":"","format":"standard","meta":{"om_disable_all_campaigns":false,"_monsterinsights_skip_tracking":false,"_monsterinsights_sitenote_active":false,"_monsterinsights_sitenote_note":"","_monsterinsights_sitenote_category":0,"_uf_show_specific_survey":0,"_uf_disable_surveys":false,"footnotes":""},"categories":[31426,59865],"tags":[4382,2246,61928,4336,1656],"aioseo_notices":[],"_links":{"self":[{"href":"https:\/\/www.cocondedecoration.com\/blog\/wp-json\/wp\/v2\/posts\/82565"}],"collection":[{"href":"https:\/\/www.cocondedecoration.com\/blog\/wp-json\/wp\/v2\/posts"}],"about":[{"href":"https:\/\/www.cocondedecoration.com\/blog\/wp-json\/wp\/v2\/types\/post"}],"author":[{"embeddable":true,"href":"https:\/\/www.cocondedecoration.com\/blog\/wp-json\/wp\/v2\/users\/1"}],"replies":[{"embeddable":true,"href":"https:\/\/www.cocondedecoration.com\/blog\/wp-json\/wp\/v2\/comments?post=82565"}],"version-history":[{"count":4,"href":"https:\/\/www.cocondedecoration.com\/blog\/wp-json\/wp\/v2\/posts\/82565\/revisions"}],"predecessor-version":[{"id":82603,"href":"https:\/\/www.cocondedecoration.com\/blog\/wp-json\/wp\/v2\/posts\/82565\/revisions\/82603"}],"wp:featuredmedia":[{"embeddable":true,"href":"https:\/\/www.cocondedecoration.com\/blog\/wp-json\/wp\/v2\/media\/82576"}],"wp:attachment":[{"href":"https:\/\/www.cocondedecoration.com\/blog\/wp-json\/wp\/v2\/media?parent=82565"}],"wp:term":[{"taxonomy":"category","embeddable":true,"href":"https:\/\/www.cocondedecoration.com\/blog\/wp-json\/wp\/v2\/categories?post=82565"},{"taxonomy":"post_tag","embeddable":true,"href":"https:\/\/www.cocondedecoration.com\/blog\/wp-json\/wp\/v2\/tags?post=82565"}],"curies":[{"name":"wp","href":"https:\/\/api.w.org\/{rel}","templated":true}]}}