{"id":82467,"date":"2025-04-17T05:50:22","date_gmt":"2025-04-17T03:50:22","guid":{"rendered":"https:\/\/www.cocondedecoration.com\/blog\/?p=82467"},"modified":"2025-04-17T05:50:24","modified_gmt":"2025-04-17T03:50:24","slug":"deco-interieure-vert-gris","status":"publish","type":"post","link":"https:\/\/www.cocondedecoration.com\/blog\/2025\/04\/deco-interieure-vert-gris\/","title":{"rendered":"Associer vert et gris pour un int\u00e9rieur nature et doux"},"content":{"rendered":"\n<p>Les associations de couleurs n'ont pas n\u00e9cessairement besoin d'\u00eatre compliqu\u00e9es \/ originales pour \u00eatre r\u00e9ussies. Le principal avant tout c'est qu'elles repr\u00e9sentent votre \u00e9tat d'esprit, votre personnalit\u00e9. Personnellement, je suis souvent \u00e0 la recherche de douceur comme pour \u00e9quilibrer mon esprit brouillon mais aussi la violence ext\u00e9rieure qui est parfois tr\u00e8s pesante. Le vert et la nature en g\u00e9n\u00e9ral sont des \u00e9l\u00e9ments qui contribuent \u00e0 mon bien-\u00eatre. Peut-\u00eatre est-ce le cas aussi pour vous. <\/p>\n\n\n\n<!--more-->\n\n\n\n<div class=\"wp-block-columns is-layout-flex wp-container-core-columns-layout-1 wp-block-columns-is-layout-flex\">\n<div class=\"wp-block-column is-layout-flow wp-block-column-is-layout-flow\">\n<p class=\"has-medium-font-size\">Sommaire - un int\u00e9rieur en gris et vert<\/p>\n\n\n\n<div class=\"wp-block-aioseo-table-of-contents\"><ul><li><a href=\"#aioseo-associer-vert-et-gris-dans-la-chambre-parentale\">Associer vert et gris dans la chambre parentale<\/a><ul><\/ul><\/li><li><a href=\"#aioseo-un-interieur-en-vert-et-gris-de-tres-nombreuses-possibilites-deco\">Un int\u00e9rieur en vert et gris, de tr\u00e8s nombreuses possibilit\u00e9s d\u00e9co<\/a><ul><\/ul><\/li><li><a href=\"#aioseo-ou-trouver-du-papier-peint-vert-et-gris\">O\u00f9 trouver du papier peint vert et gris?<\/a><\/li><li><a href=\"#aioseo-combo-vert-et-gris-pour-personnaliser-la-salle-de-bain\">Combo vert et gris pour personnaliser la salle de bain<\/a><\/li><li><a href=\"#aioseo-quels-styles-de-meubles-choisir-pour-completer-une-deco-verte-et-grise\">Quels styles de meubles choisir pour compl\u00e9ter une d\u00e9co verte et grise?<\/a><\/li><li><a href=\"#aioseo-plus-dinspirations-deco-en-vert-et-gris\">Plus d'inspirations d\u00e9co en vert et gris<\/a><\/li><\/ul><\/div>\n<\/div>\n\n\n\n<div class=\"wp-block-column is-layout-flow wp-block-column-is-layout-flow\">\n<p><em>Bienvenue sur le blog Cocon | d\u00e9coration &amp; slow living. Ici vous trouverez des inspirations, conseils et pistes pour cr\u00e9er un int\u00e9rieur qui vous ressemble. <br><\/em><br><em>Pour me soutenir vous pouvez vous abonner \u00e0 ma newsletter et en choisissant un abonnement payant, vous contribuez directement \u00e0 me soutenir et \u00e0 faire perdurer cet espace d'inspirations.<\/em><\/p>\n\n\n\n<div class=\"wp-block-buttons is-content-justification-center is-layout-flex wp-container-core-buttons-layout-1 wp-block-buttons-is-layout-flex\">\n<div class=\"wp-block-button is-style-outline\"><a class=\"wp-block-button__link wp-element-button\" href=\"https:\/\/www.patreon.com\/c\/cocondedeco\/membership\" target=\"_blank\" rel=\"noreferrer noopener\">Let's go<\/a><\/div>\n<\/div>\n<\/div>\n<\/div>\n\n\n\n<h2 class=\"wp-block-heading\" id=\"aioseo-associer-vert-et-gris-dans-la-chambre-parentale\">Associer vert et gris dans la chambre parentale <\/h2>\n\n\n\n<p>Les couleurs dans une chambre jouent un r\u00f4le essentiel. Elles peuvent <strong>vous calmer et vous apaiser<\/strong>. Plusieurs couleurs ont cette caract\u00e9ristique. Le bleu est souvent assimil\u00e9 \u00e0 la qui\u00e9tude. Mais si vous n'aimez pas le bleu, le vert et le gris sont de bonnes alternatives. Pour l'apaisement, on va piocher dans les palettes de <a href=\"https:\/\/www.cocondedecoration.com\/blog\/2020\/10\/couleur-vert-sauge-chambre\/\" target=\"_blank\" rel=\"noopener\" title=\"\">vert sauge<\/a> et vert c\u00e9ladon. Une empreinte naturelle et douce. Le gris quant \u00e0 lui peut \u00eatre clair ou sourd, dans tous les cas il <strong>confortera l'id\u00e9e de douceur<\/strong> de ces tendres nuances de vert.  <\/p>\n\n\n\n<h3 class=\"wp-block-heading\" id=\"aioseo-deco-murale-en-vert-et-gris-pour-la-chambre-dadulte\">D\u00e9co murale en vert et gris pour la chambre d'adulte<\/h3>\n\n\n\n<p>Pour cr\u00e9er un duo de couleurs dans la chambre, on peut d'abord s'int\u00e9resser aux murs. <strong>Plusieurs possibilit\u00e9s<\/strong> s'offrent \u00e0 vous: peinture, <a href=\"https:\/\/www.cocondedecoration.com\/blog\/2025\/03\/papier-peint-vert\/\" target=\"_blank\" rel=\"noopener\" title=\"\">papier peint<\/a>, soubassement. Comme le combo gris + vert est synonyme de douceur, on peut facilement l'utiliser <strong>en grande quantit\u00e9<\/strong>. Si vous avez <a href=\"https:\/\/www.cocondedecoration.com\/blog\/2020\/02\/conseils-deco-comment-amenager-et-decorer-une-petite-chambre\/\" target=\"_blank\" rel=\"noopener\" title=\"\">une petite chambre<\/a>, je vous conseille n\u00e9anmoins de privil\u00e9gier <strong>des nuances claires<\/strong> qui auront tendance \u00e0 rendre l'espace plus grand qu'il ne l'est en r\u00e9alit\u00e9. <\/p>\n\n\n\n<h3 class=\"wp-block-heading\" id=\"aioseo-les-textiles-deco-comme-source-de-couleur-dans-la-chambre\">Les textiles d\u00e9co comme source de couleur dans la chambre<\/h3>\n\n\n\n<p>Les <strong>textiles<\/strong> sont une autre mani\u00e8re d'apporter de la couleur dans une chambre \u00e0 coucher. Ils peuvent venir en compl\u00e9ment de la couleur des murs par exemple. Parure de lit, <a href=\"https:\/\/www.cocondedecoration.com\/blog\/2023\/05\/comment-choisir-rideaux\/\" target=\"_blank\" rel=\"noopener\" title=\"\">rideaux<\/a>, t\u00eate de lit, descente de lit et tapis... Le gros avantage des textiles d\u00e9co c'est d'\u00eatre <strong>tr\u00e8s rapide et facile \u00e0 mettre en oeuvre<\/strong>. Pas besoin d'avoir des comp\u00e9tences en bricolage. Autre avantage: le choix. Vous aurez <strong>un vaste choix<\/strong> de couleurs mais aussi de rendus esth\u00e9tiques avec les textiles d\u00e9co. <a href=\"https:\/\/www.cocondedecoration.com\/blog\/2020\/09\/ou-trouver-tete-de-lit-velours\/\" target=\"_blank\" rel=\"noopener\" title=\"\">Le velours<\/a> rend la couleur plus lumineuse, la laine ou le lin confortent l'id\u00e9e de naturel inh\u00e9rente \u00e0 la couleur verte. <\/p>\n\n\n\n<h3 class=\"wp-block-heading\" id=\"aioseo-le-mobilier-pour-parfaire-lassociation-de-couleurs-dans-la-chambre-a-coucher\">Le mobilier pour parfaire l'association de couleurs dans la chambre \u00e0 coucher <\/h3>\n\n\n\n<p>Dans la chambre, les meubles peuvent \u00e9galement \u00eatre source de couleur. Et les meubles gris ou verts ne sont <strong>pas difficiles \u00e0 trouver en magasin<\/strong>. Cependant, si vous ne trouvez pas votre bonheur, il est tout \u00e0 fait possible de <strong>relooker<\/strong> votre armoire ou votre commode. <\/p>\n\n\n\n<p>A lire aussi: <a href=\"https:\/\/www.cocondedecoration.com\/blog\/2023\/11\/relooking-table-de-chevet\/\" target=\"_blank\" rel=\"noopener\" title=\"\">Relooker la table de nuit \u2013 10 id\u00e9es \u00e0 copier<\/a><\/p>\n\n\n\n<figure class=\"wp-block-gallery has-nested-images columns-default is-cropped wp-block-gallery-1 is-layout-flex wp-block-gallery-is-layout-flex\">\n<figure class=\"wp-block-image size-large\"><a href=\"https:\/\/www.cocondedecoration.com\/blog\/wp-content\/uploads\/2025\/04\/deco-interieure-verte-et-grise.001.jpeg\"><img loading=\"lazy\" decoding=\"async\" width=\"640\" height=\"960\" data-id=\"82496\" src=\"https:\/\/www.cocondedecoration.com\/blog\/wp-content\/uploads\/2025\/04\/deco-interieure-verte-et-grise.001-640x960.jpeg\" alt=\"d\u00e9co int\u00e9rieure verte et grise exemple chambre adulte calme et nature mur gris linge de lit sauge plantes verte \" class=\"wp-image-82496\" title=\"d\u00e9co int\u00e9rieure verte et grise exemple chambre adulte calme et nature mur gris linge de lit sauge plantes verte \" srcset=\"https:\/\/www.cocondedecoration.com\/blog\/wp-content\/uploads\/2025\/04\/deco-interieure-verte-et-grise.001-640x960.jpeg 640w, https:\/\/www.cocondedecoration.com\/blog\/wp-content\/uploads\/2025\/04\/deco-interieure-verte-et-grise.001-260x390.jpeg 260w, https:\/\/www.cocondedecoration.com\/blog\/wp-content\/uploads\/2025\/04\/deco-interieure-verte-et-grise.001-768x1152.jpeg 768w, https:\/\/www.cocondedecoration.com\/blog\/wp-content\/uploads\/2025\/04\/deco-interieure-verte-et-grise.001-367x550.jpeg 367w, https:\/\/www.cocondedecoration.com\/blog\/wp-content\/uploads\/2025\/04\/deco-interieure-verte-et-grise.001-333x500.jpeg 333w, https:\/\/www.cocondedecoration.com\/blog\/wp-content\/uploads\/2025\/04\/deco-interieure-verte-et-grise.001.jpeg 1000w\" sizes=\"(max-width: 640px) 100vw, 640px\" \/><\/a><figcaption class=\"wp-element-caption\">lovelyharbor.com<\/figcaption><\/figure>\n\n\n\n<figure class=\"wp-block-image size-large\"><a href=\"https:\/\/www.cocondedecoration.com\/blog\/wp-content\/uploads\/2025\/04\/deco-interieure-verte-et-grise.002.jpeg\"><img loading=\"lazy\" decoding=\"async\" width=\"640\" height=\"960\" data-id=\"82497\" src=\"https:\/\/www.cocondedecoration.com\/blog\/wp-content\/uploads\/2025\/04\/deco-interieure-verte-et-grise.002-640x960.jpeg\" alt=\"d\u00e9co int\u00e9rieure verte et grise chambre parentale calme apaisante et naturelle peinture sauge clair coussin anthracite \" class=\"wp-image-82497\" title=\"d\u00e9co int\u00e9rieure verte et grise chambre parentale calme apaisante et naturelle peinture sauge clair coussin anthracite \" srcset=\"https:\/\/www.cocondedecoration.com\/blog\/wp-content\/uploads\/2025\/04\/deco-interieure-verte-et-grise.002-640x960.jpeg 640w, https:\/\/www.cocondedecoration.com\/blog\/wp-content\/uploads\/2025\/04\/deco-interieure-verte-et-grise.002-260x390.jpeg 260w, https:\/\/www.cocondedecoration.com\/blog\/wp-content\/uploads\/2025\/04\/deco-interieure-verte-et-grise.002-768x1152.jpeg 768w, https:\/\/www.cocondedecoration.com\/blog\/wp-content\/uploads\/2025\/04\/deco-interieure-verte-et-grise.002-367x550.jpeg 367w, https:\/\/www.cocondedecoration.com\/blog\/wp-content\/uploads\/2025\/04\/deco-interieure-verte-et-grise.002-333x500.jpeg 333w, https:\/\/www.cocondedecoration.com\/blog\/wp-content\/uploads\/2025\/04\/deco-interieure-verte-et-grise.002.jpeg 1000w\" sizes=\"(max-width: 640px) 100vw, 640px\" \/><\/a><figcaption class=\"wp-element-caption\">evyvehomes.com<\/figcaption><\/figure>\n<\/figure>\n\n\n\n<h2 class=\"wp-block-heading\" id=\"aioseo-un-interieur-en-vert-et-gris-de-tres-nombreuses-possibilites-deco\">Un int\u00e9rieur en vert et gris, de tr\u00e8s nombreuses possibilit\u00e9s d\u00e9co <\/h2>\n\n\n\n<p>Les nuances de vert sont nombreuses. C'est la m\u00eame chose pour le gris. Pour certain\u2022e\u2022s, trop de choix est un probl\u00e8me. Pour d'autres (et pour moi), c'est un vaste champ de possibles. <\/p>\n\n\n\n<h3 class=\"wp-block-heading\" id=\"aioseo-le-vert-se-decline-dans-de-nombreuses-nuances\">Le vert se d\u00e9cline dans de nombreuses nuances<\/h3>\n\n\n\n<p>Partons sur une base de <strong>vert clair<\/strong>. On a par exemple les <strong>vert menthe et c\u00e9ladon<\/strong>. Ils sont int\u00e9ressants pour leur clart\u00e9 et on va donc les utiliser dans <strong>une petite pi\u00e8ce<\/strong> ou dans un espace qui <strong>manque de luminosit\u00e9<\/strong>. Les nuances menthe et c\u00e9ladon s'associent facilement avec toutes les nuances de gris. Les gris clairs cr\u00e9eront comme un effet de cama\u00efeu alors qu'une touche de gris plus soutenu dynamisera votre int\u00e9rieur.  <\/p>\n\n\n\n<p>Dans un autre registre: les <strong>nuances de vert sombre<\/strong> ont eu la cote ses derni\u00e8res ann\u00e9es. Elles associent naturel et intimit\u00e9. Elles sont aussi synonyme <strong>d'\u00e9l\u00e9gance<\/strong>. Souvent le vert sourd est associ\u00e9 au gris presque noir pour conforter cette id\u00e9e d'\u00e9l\u00e9gance. SI c'est ce que vous recherchez, je vous invite \u00e0 vous pencher sur des nuances de <strong>vert sapin ou de vert bouteille<\/strong>.<\/p>\n\n\n\n<p>Pour plus de dynamisme, il est possible de partir sur un <a href=\"https:\/\/www.cocondedecoration.com\/blog\/2023\/04\/decoration-vert-franc-emeraude\/\" target=\"_blank\" rel=\"noopener\" title=\"\">vert franc<\/a> comme le vert \u00e9meraude. Visuellement, c'est une couleur qui est <strong>assez forte<\/strong> et il faudra donc probablement chercher un \u00e9quilibre. Le vert peut \u00eatre la couleur secondaire ou la couleur accent de votre espace. On peut imaginer une pi\u00e8ce blanche (couleur principale) avec du gris (couleur secondaire) et du vert franc en couleur accent.   <\/p>\n\n\n\n<h3 class=\"wp-block-heading\" id=\"aioseo-nuances-de-verts-teintes-dautres-couleurs\">Nuances de verts teint\u00e9s d'autres couleurs <\/h3>\n\n\n\n<p>Ces derni\u00e8res ann\u00e9es, on a vu \u00e9norm\u00e9ment d'inspirations d\u00e9co dans un <strong>vert teint\u00e9 de gris<\/strong>. Je parle bien entendu du <a href=\"https:\/\/www.cocondedecoration.com\/blog\/2020\/10\/quelle-couleur-associer-vert-sauge\/\" target=\"_blank\" rel=\"noopener\" title=\"\">vert sauge qui est tr\u00e8s doux<\/a>. Comme le gris est une part du vert, il est hyper facile de les associer ensemble. On peut aussi bien avoir un vert sauge + gris anthracite ou un vert sauge + gris perle. L'anthracite sera plus cosy, le gris perle plus lumineux.  <br><br>On peut partir aussi sur de <strong>verts teint\u00e9s de marron<\/strong>: <a href=\"https:\/\/www.cocondedecoration.com\/blog\/2022\/10\/interieur-couleur-vert-kaki\/\" target=\"_blank\" rel=\"noopener\" title=\"\">kaki<\/a>, \u00e9pinard, vert rouille... M\u00eame si spontan\u00e9ment, on pourrait les associer avec du marron, on peut aussi les mixer avec du gris, notamment des gris sourds. <strong>El\u00e9gance et profondeur<\/strong> s'associent ici.  <\/p>\n\n\n\n<p>Moins courant, les <strong>verts teint\u00e9s de jaune<\/strong>: Anis, asperge, chartreuse. Ce sont des nuances qui apportent de la <strong>vitalit\u00e9<\/strong>, du <strong>dynamisme<\/strong>. Ce sont des nuances qu'on utilise plus facilement comme <strong>couleur accent <\/strong>pour dynamiser une pi\u00e8ce essentiellement neutre. Cette cat\u00e9gorie de verts me fait penser \u00e0 l'association vert anis \/ acidul\u00e9 + gris anthracite. Un mix de couleurs que l'on a pas mal vu <a href=\"https:\/\/www.cocondedecoration.com\/blog\/2025\/01\/deco-des-annees-2000\/\" target=\"_blank\" rel=\"noopener\" title=\"\">dans les ann\u00e9es 2000<\/a>. <\/p>\n\n\n\n<p>Et puis il y a la question du <strong>vert-bleu<\/strong> comme le <strong>vert canard<\/strong> ou le <strong>vert turquoise<\/strong>. Ce sont des nuances singuli\u00e8res. Le gris clair apporte une certaine neutralit\u00e9 \u00e0 ce genre de couleurs. G\u00e9n\u00e9ralement pour apporter une touche de peps ou vert-bleu + gris, on utilise une pointe de jaune. <\/p>\n\n\n\n<p>A lire: <a href=\"https:\/\/www.cocondedecoration.com\/blog\/2024\/09\/objet-deco-vert\/\" target=\"_blank\" rel=\"noopener\" title=\"\">Eveillez votre int\u00e9rieur avec des teintes de vert | shopping d\u00e9co<\/a> <\/p>\n\n\n\n<figure class=\"wp-block-gallery has-nested-images columns-default is-cropped wp-block-gallery-2 is-layout-flex wp-block-gallery-is-layout-flex\">\n<figure class=\"wp-block-image size-large\"><a href=\"https:\/\/www.cocondedecoration.com\/blog\/wp-content\/uploads\/2025\/04\/deco-interieure-verte-et-grise.003.jpeg\"><img loading=\"lazy\" decoding=\"async\" width=\"640\" height=\"960\" data-id=\"82498\" src=\"https:\/\/www.cocondedecoration.com\/blog\/wp-content\/uploads\/2025\/04\/deco-interieure-verte-et-grise.003-640x960.jpeg\" alt=\"d\u00e9co int\u00e9rieure verte et grise salon \u00e9l\u00e9gant peinture kaki mate canap\u00e9 coton anthracite table pouf tapis \" class=\"wp-image-82498\" title=\"d\u00e9co int\u00e9rieure verte et grise salon \u00e9l\u00e9gant peinture kaki mate canap\u00e9 coton anthracite table pouf tapis \" srcset=\"https:\/\/www.cocondedecoration.com\/blog\/wp-content\/uploads\/2025\/04\/deco-interieure-verte-et-grise.003-640x960.jpeg 640w, https:\/\/www.cocondedecoration.com\/blog\/wp-content\/uploads\/2025\/04\/deco-interieure-verte-et-grise.003-260x390.jpeg 260w, https:\/\/www.cocondedecoration.com\/blog\/wp-content\/uploads\/2025\/04\/deco-interieure-verte-et-grise.003-768x1152.jpeg 768w, https:\/\/www.cocondedecoration.com\/blog\/wp-content\/uploads\/2025\/04\/deco-interieure-verte-et-grise.003-367x550.jpeg 367w, https:\/\/www.cocondedecoration.com\/blog\/wp-content\/uploads\/2025\/04\/deco-interieure-verte-et-grise.003-333x500.jpeg 333w, https:\/\/www.cocondedecoration.com\/blog\/wp-content\/uploads\/2025\/04\/deco-interieure-verte-et-grise.003.jpeg 1000w\" sizes=\"(max-width: 640px) 100vw, 640px\" \/><\/a><figcaption class=\"wp-element-caption\">houzmark.com<\/figcaption><\/figure>\n\n\n\n<figure class=\"wp-block-image size-large\"><a href=\"https:\/\/www.cocondedecoration.com\/blog\/wp-content\/uploads\/2025\/04\/deco-interieure-verte-et-grise.004.jpeg\"><img loading=\"lazy\" decoding=\"async\" width=\"640\" height=\"960\" data-id=\"82499\" src=\"https:\/\/www.cocondedecoration.com\/blog\/wp-content\/uploads\/2025\/04\/deco-interieure-verte-et-grise.004-640x960.jpeg\" alt=\"d\u00e9co int\u00e9rieure verte et grise salon moderne dominante blanche grande fen\u00eatre plantes d'int\u00e9rieur tapis canap\u00e9 d'angle pouf rond en velours \" class=\"wp-image-82499\" title=\"d\u00e9co int\u00e9rieure verte et grise salon moderne dominante blanche grande fen\u00eatre plantes d'int\u00e9rieur tapis canap\u00e9 d'angle pouf rond en velours \" srcset=\"https:\/\/www.cocondedecoration.com\/blog\/wp-content\/uploads\/2025\/04\/deco-interieure-verte-et-grise.004-640x960.jpeg 640w, https:\/\/www.cocondedecoration.com\/blog\/wp-content\/uploads\/2025\/04\/deco-interieure-verte-et-grise.004-260x390.jpeg 260w, https:\/\/www.cocondedecoration.com\/blog\/wp-content\/uploads\/2025\/04\/deco-interieure-verte-et-grise.004-768x1152.jpeg 768w, https:\/\/www.cocondedecoration.com\/blog\/wp-content\/uploads\/2025\/04\/deco-interieure-verte-et-grise.004-367x550.jpeg 367w, https:\/\/www.cocondedecoration.com\/blog\/wp-content\/uploads\/2025\/04\/deco-interieure-verte-et-grise.004-333x500.jpeg 333w, https:\/\/www.cocondedecoration.com\/blog\/wp-content\/uploads\/2025\/04\/deco-interieure-verte-et-grise.004.jpeg 1000w\" sizes=\"(max-width: 640px) 100vw, 640px\" \/><\/a><figcaption class=\"wp-element-caption\">my-inspo.com<\/figcaption><\/figure>\n<\/figure>\n\n\n\n<h2 class=\"wp-block-heading\" id=\"aioseo-ou-trouver-du-papier-peint-vert-et-gris\">O\u00f9 trouver du papier peint vert et gris? <\/h2>\n\n\n\n<p>Voici quelques r\u00e9f\u00e9rences de papiers peints qui mixent les deux couleurs: <\/p>\n\n\n\n<ul>\n<li>Le monde du papier peint: Papier peint g\u00e9om\u00e9trique gris, dor\u00e9 et vert<\/li>\n\n\n\n<li>Edito Paris: Papier peint vert d'eau Monnaie de Pape<\/li>\n\n\n\n<li><a href=\"https:\/\/www.papierpeintdesannees70.com\/\" target=\"_blank\" rel=\"noopener\" title=\"\">Papier peint des ann\u00e9es 70<\/a>: Fujikawa anthracite, Berita gris mousse, Aislinn vert bleu, Kimora gris clair<\/li>\n\n\n\n<li>Wellpapers: N\u00ba269 : Papier Peint - M\u00e9li-m\u00e9lo, N\u00ba60 : Papier Peint - Palmier Noir &amp; Blanc, N\u00b0706 - Papier Peint - Formes r\u00e9tro<\/li>\n\n\n\n<li>Papier peint Direct: Floral Chestnut Vintage gris perle (R\u00e9f. LTC-M1821), Bambou le Tout Paris vert paon iris\u00e9 (R\u00e9f. ANFO201037810), &nbsp;Ligne Ribbon anthracite (R\u00e9f. GAME200649808)<\/li>\n<\/ul>\n\n\n\n<figure class=\"wp-block-gallery has-nested-images columns-default is-cropped wp-block-gallery-3 is-layout-flex wp-block-gallery-is-layout-flex\">\n<figure class=\"wp-block-image size-large\"><a href=\"https:\/\/www.cocondedecoration.com\/blog\/wp-content\/uploads\/2025\/04\/deco-interieure-verte-et-grise.005.jpeg\"><img loading=\"lazy\" decoding=\"async\" width=\"640\" height=\"960\" data-id=\"82500\" src=\"https:\/\/www.cocondedecoration.com\/blog\/wp-content\/uploads\/2025\/04\/deco-interieure-verte-et-grise.005-640x960.jpeg\" alt=\"d\u00e9co int\u00e9rieure verte et grise papier peint fond anthracite feuille palmier tropical XXL \" class=\"wp-image-82500\" title=\"d\u00e9co int\u00e9rieure verte et grise papier peint fond anthracite feuille palmier tropical XXL \" srcset=\"https:\/\/www.cocondedecoration.com\/blog\/wp-content\/uploads\/2025\/04\/deco-interieure-verte-et-grise.005-640x960.jpeg 640w, https:\/\/www.cocondedecoration.com\/blog\/wp-content\/uploads\/2025\/04\/deco-interieure-verte-et-grise.005-260x390.jpeg 260w, https:\/\/www.cocondedecoration.com\/blog\/wp-content\/uploads\/2025\/04\/deco-interieure-verte-et-grise.005-768x1152.jpeg 768w, https:\/\/www.cocondedecoration.com\/blog\/wp-content\/uploads\/2025\/04\/deco-interieure-verte-et-grise.005-367x550.jpeg 367w, https:\/\/www.cocondedecoration.com\/blog\/wp-content\/uploads\/2025\/04\/deco-interieure-verte-et-grise.005-333x500.jpeg 333w, https:\/\/www.cocondedecoration.com\/blog\/wp-content\/uploads\/2025\/04\/deco-interieure-verte-et-grise.005.jpeg 1000w\" sizes=\"(max-width: 640px) 100vw, 640px\" \/><\/a><figcaption class=\"wp-element-caption\">hovia.com<\/figcaption><\/figure>\n\n\n\n<figure class=\"wp-block-image size-large\"><a href=\"https:\/\/www.cocondedecoration.com\/blog\/wp-content\/uploads\/2025\/04\/deco-interieure-verte-et-grise.006.jpeg\"><img loading=\"lazy\" decoding=\"async\" width=\"640\" height=\"960\" data-id=\"82501\" src=\"https:\/\/www.cocondedecoration.com\/blog\/wp-content\/uploads\/2025\/04\/deco-interieure-verte-et-grise.006-640x960.jpeg\" alt=\"d\u00e9co int\u00e9rieure verte et grise cuisine meuble gris mur carrelage m\u00e9tro blanc et papier peint fleuri \" class=\"wp-image-82501\" title=\"d\u00e9co int\u00e9rieure verte et grise cuisine meuble gris mur carrelage m\u00e9tro blanc et papier peint fleuri \" srcset=\"https:\/\/www.cocondedecoration.com\/blog\/wp-content\/uploads\/2025\/04\/deco-interieure-verte-et-grise.006-640x960.jpeg 640w, https:\/\/www.cocondedecoration.com\/blog\/wp-content\/uploads\/2025\/04\/deco-interieure-verte-et-grise.006-260x390.jpeg 260w, https:\/\/www.cocondedecoration.com\/blog\/wp-content\/uploads\/2025\/04\/deco-interieure-verte-et-grise.006-768x1152.jpeg 768w, https:\/\/www.cocondedecoration.com\/blog\/wp-content\/uploads\/2025\/04\/deco-interieure-verte-et-grise.006-367x550.jpeg 367w, https:\/\/www.cocondedecoration.com\/blog\/wp-content\/uploads\/2025\/04\/deco-interieure-verte-et-grise.006-333x500.jpeg 333w, https:\/\/www.cocondedecoration.com\/blog\/wp-content\/uploads\/2025\/04\/deco-interieure-verte-et-grise.006.jpeg 1000w\" sizes=\"(max-width: 640px) 100vw, 640px\" \/><\/a><figcaption class=\"wp-element-caption\">wallpaperfromthe70s.com<\/figcaption><\/figure>\n<\/figure>\n\n\n\n<h2 class=\"wp-block-heading\" id=\"aioseo-combo-vert-et-gris-pour-personnaliser-la-salle-de-bain\">Combo vert et gris pour personnaliser la salle de bain <\/h2>\n\n\n\n<p>Le vert et le gris trouvent facilement leur place dans toutes les pi\u00e8ces de la maison. Je ne vais pas les \u00e9voquer toute sinon mon article ne va jamais en finir. En revanche, il y a une pi\u00e8ce pour laquelle j'avais envie de revenir, c'est la <a href=\"https:\/\/www.cocondedecoration.com\/blog\/2023\/10\/touche-couleur-salle-de-bain\/\" target=\"_blank\" rel=\"noopener\" title=\"\">salle de bain<\/a>. Ce combo vert et gris, avec \u00e9ventuellement du blanc colle bien avec la pi\u00e8ce d'eau. Comme <strong>une promesse de prendre soin de soi<\/strong> et de se r\u00e9veiller en douceur. <\/p>\n\n\n\n<p>Dans la salle de bain, on peut imaginer <strong>un sol gris<\/strong>: b\u00e9ton cir\u00e9, sol souple effet b\u00e9ton ou carrelage imitation b\u00e9ton (tr\u00e8s facile \u00e0 trouver en grande surface de bricolage). Plus fonc\u00e9, on peut aussi partir sur du carrelage imitation ardoise. Les murs offrent plus de possibilit\u00e9s pour le vert:<strong> cr\u00e9dence en carrelage color\u00e9<\/strong>, <strong>peinture<\/strong>, <strong>d\u00e9limiter douche avec un carrelage de couleur<\/strong>... Ces derni\u00e8res ann\u00e9es, le Zellige prend une place toute singuli\u00e8re comme rev\u00eatement de salle de bain et il est facile d'en trouver en vert. Parfait pour cr\u00e9er une salle de bain dans l'air du temps. <\/p>\n\n\n\n<p>Ceci peut vous int\u00e9resser: <a href=\"https:\/\/www.cocondedecoration.com\/blog\/2022\/10\/salle-de-bain-chaleureuse\/\" target=\"_blank\" rel=\"noopener\" title=\"\">Comment rendre une salle de bain plus chaleureuse?<\/a><\/p>\n\n\n\n<figure class=\"wp-block-gallery has-nested-images columns-default is-cropped wp-block-gallery-4 is-layout-flex wp-block-gallery-is-layout-flex\">\n<figure class=\"wp-block-image size-large\"><a href=\"https:\/\/www.cocondedecoration.com\/blog\/wp-content\/uploads\/2025\/04\/deco-interieure-verte-et-grise.007.jpeg\"><img loading=\"lazy\" decoding=\"async\" width=\"640\" height=\"960\" data-id=\"82502\" src=\"https:\/\/www.cocondedecoration.com\/blog\/wp-content\/uploads\/2025\/04\/deco-interieure-verte-et-grise.007-640x960.jpeg\" alt=\"d\u00e9co int\u00e9rieure verte et grise salle de bain carrelage mur et sol d\u00e9tail robinetterie noir et serviette de bain vert sauge\" class=\"wp-image-82502\" title=\"d\u00e9co int\u00e9rieure verte et grise salle de bain carrelage mur et sol d\u00e9tail robinetterie noir et serviette de bain vert sauge\" srcset=\"https:\/\/www.cocondedecoration.com\/blog\/wp-content\/uploads\/2025\/04\/deco-interieure-verte-et-grise.007-640x960.jpeg 640w, https:\/\/www.cocondedecoration.com\/blog\/wp-content\/uploads\/2025\/04\/deco-interieure-verte-et-grise.007-260x390.jpeg 260w, https:\/\/www.cocondedecoration.com\/blog\/wp-content\/uploads\/2025\/04\/deco-interieure-verte-et-grise.007-768x1152.jpeg 768w, https:\/\/www.cocondedecoration.com\/blog\/wp-content\/uploads\/2025\/04\/deco-interieure-verte-et-grise.007-367x550.jpeg 367w, https:\/\/www.cocondedecoration.com\/blog\/wp-content\/uploads\/2025\/04\/deco-interieure-verte-et-grise.007-333x500.jpeg 333w, https:\/\/www.cocondedecoration.com\/blog\/wp-content\/uploads\/2025\/04\/deco-interieure-verte-et-grise.007.jpeg 1000w\" sizes=\"(max-width: 640px) 100vw, 640px\" \/><\/a><figcaption class=\"wp-element-caption\">tilerepublic.com.au<\/figcaption><\/figure>\n\n\n\n<figure class=\"wp-block-image size-large\"><a href=\"https:\/\/www.cocondedecoration.com\/blog\/wp-content\/uploads\/2025\/04\/deco-interieure-verte-et-grise.008.jpeg\"><img loading=\"lazy\" decoding=\"async\" width=\"640\" height=\"960\" data-id=\"82503\" src=\"https:\/\/www.cocondedecoration.com\/blog\/wp-content\/uploads\/2025\/04\/deco-interieure-verte-et-grise.008-640x960.jpeg\" alt=\"d\u00e9co int\u00e9rieure verte et grise salle de bain \u00e9l\u00e9gante petit espace soubassement carrelage c\u00e9ladon meuble gris neutre \" class=\"wp-image-82503\" title=\"d\u00e9co int\u00e9rieure verte et grise salle de bain \u00e9l\u00e9gante petit espace soubassement carrelage c\u00e9ladon meuble gris neutre \" srcset=\"https:\/\/www.cocondedecoration.com\/blog\/wp-content\/uploads\/2025\/04\/deco-interieure-verte-et-grise.008-640x960.jpeg 640w, https:\/\/www.cocondedecoration.com\/blog\/wp-content\/uploads\/2025\/04\/deco-interieure-verte-et-grise.008-260x390.jpeg 260w, https:\/\/www.cocondedecoration.com\/blog\/wp-content\/uploads\/2025\/04\/deco-interieure-verte-et-grise.008-768x1152.jpeg 768w, https:\/\/www.cocondedecoration.com\/blog\/wp-content\/uploads\/2025\/04\/deco-interieure-verte-et-grise.008-367x550.jpeg 367w, https:\/\/www.cocondedecoration.com\/blog\/wp-content\/uploads\/2025\/04\/deco-interieure-verte-et-grise.008-333x500.jpeg 333w, https:\/\/www.cocondedecoration.com\/blog\/wp-content\/uploads\/2025\/04\/deco-interieure-verte-et-grise.008.jpeg 1000w\" sizes=\"(max-width: 640px) 100vw, 640px\" \/><\/a><figcaption class=\"wp-element-caption\">compass.com<\/figcaption><\/figure>\n<\/figure>\n\n\n\n<h2 class=\"wp-block-heading\" id=\"aioseo-quels-styles-de-meubles-choisir-pour-completer-une-deco-verte-et-grise\">Quels styles de meubles choisir pour compl\u00e9ter une d\u00e9co verte et grise?  <\/h2>\n\n\n\n<p>Derni\u00e8re partie de cet article consacr\u00e9 \u00e0 l'association d\u00e9co vert et gris: <strong>le mobilier<\/strong>. Il contribue tout autant \u00e0 votre d\u00e9co que la couleur. Et dans l'id\u00e9al, on choisit ses meubles pour qu'ils soient harmonieux avec les couleurs. Avec le combo gris et vert, on a une symbolique de <a href=\"https:\/\/www.cocondedecoration.com\/blog\/2025\/03\/interieur-minimaliste-naturel\/\" target=\"_blank\" rel=\"noopener\" title=\"\">nature<\/a>. Il est donc tr\u00e8s facile d'int\u00e9grer des <strong>meubles en bois<\/strong> \u00e0 ce duo de couleurs. Dans le m\u00eame esprit, il y a les meubles en <a href=\"https:\/\/www.cocondedecoration.com\/blog\/category\/decorer-avec-du-cannage-et-rotin\/\" target=\"_blank\" rel=\"noopener\" title=\"\">cannage<\/a>, rotin, osier. On peut s'orienter aussi sur <strong>des meubles blancs ou noirs<\/strong>. Ils accentueront la neutralit\u00e9 du duo de couleurs et \u00e9ventuellement vous aideront \u00e0 faire un clin d'oeil aux d\u00e9cors scandinaves et \/ ou nordiques. <\/p>\n\n\n\n<h2 class=\"wp-block-heading\" id=\"aioseo-plus-dinspirations-deco-en-vert-et-gris\">Plus d'inspirations d\u00e9co en vert et gris<\/h2>\n\n\n\n<figure class=\"wp-block-gallery has-nested-images columns-default is-cropped wp-block-gallery-5 is-layout-flex wp-block-gallery-is-layout-flex\">\n<figure class=\"wp-block-image size-large\"><a href=\"https:\/\/www.cocondedecoration.com\/blog\/wp-content\/uploads\/2025\/04\/associer-couleur-vert-gris-decoration.001.jpeg\"><img loading=\"lazy\" decoding=\"async\" width=\"640\" height=\"960\" data-id=\"82507\" src=\"https:\/\/www.cocondedecoration.com\/blog\/wp-content\/uploads\/2025\/04\/associer-couleur-vert-gris-decoration.001-640x960.jpeg\" alt=\"associer couleur vert et gris d\u00e9coration ambiance douce calme nature lumineuse nuance claire fauteuil capitonn\u00e9 \" class=\"wp-image-82507\" title=\"associer couleur vert et gris d\u00e9coration ambiance douce calme nature lumineuse nuance claire fauteuil capitonn\u00e9 \" srcset=\"https:\/\/www.cocondedecoration.com\/blog\/wp-content\/uploads\/2025\/04\/associer-couleur-vert-gris-decoration.001-640x960.jpeg 640w, https:\/\/www.cocondedecoration.com\/blog\/wp-content\/uploads\/2025\/04\/associer-couleur-vert-gris-decoration.001-260x390.jpeg 260w, https:\/\/www.cocondedecoration.com\/blog\/wp-content\/uploads\/2025\/04\/associer-couleur-vert-gris-decoration.001-768x1152.jpeg 768w, https:\/\/www.cocondedecoration.com\/blog\/wp-content\/uploads\/2025\/04\/associer-couleur-vert-gris-decoration.001-367x550.jpeg 367w, https:\/\/www.cocondedecoration.com\/blog\/wp-content\/uploads\/2025\/04\/associer-couleur-vert-gris-decoration.001-333x500.jpeg 333w, https:\/\/www.cocondedecoration.com\/blog\/wp-content\/uploads\/2025\/04\/associer-couleur-vert-gris-decoration.001.jpeg 1000w\" sizes=\"(max-width: 640px) 100vw, 640px\" \/><\/a><figcaption class=\"wp-element-caption\">pianetadesign.it<\/figcaption><\/figure>\n\n\n\n<figure class=\"wp-block-image size-large\"><a href=\"https:\/\/www.cocondedecoration.com\/blog\/wp-content\/uploads\/2025\/04\/associer-couleur-vert-gris-decoration.002.jpeg\"><img loading=\"lazy\" decoding=\"async\" width=\"640\" height=\"960\" data-id=\"82504\" src=\"https:\/\/www.cocondedecoration.com\/blog\/wp-content\/uploads\/2025\/04\/associer-couleur-vert-gris-decoration.002-640x960.jpeg\" alt=\"associer couleur vert et gris d\u00e9coration kaki peinture espace \u00e9l\u00e9gant feutr\u00e9 salon s\u00e9jour \" class=\"wp-image-82504\" title=\"associer couleur vert et gris d\u00e9coration kaki peinture espace \u00e9l\u00e9gant feutr\u00e9 salon s\u00e9jour \" srcset=\"https:\/\/www.cocondedecoration.com\/blog\/wp-content\/uploads\/2025\/04\/associer-couleur-vert-gris-decoration.002-640x960.jpeg 640w, https:\/\/www.cocondedecoration.com\/blog\/wp-content\/uploads\/2025\/04\/associer-couleur-vert-gris-decoration.002-260x390.jpeg 260w, https:\/\/www.cocondedecoration.com\/blog\/wp-content\/uploads\/2025\/04\/associer-couleur-vert-gris-decoration.002-768x1152.jpeg 768w, https:\/\/www.cocondedecoration.com\/blog\/wp-content\/uploads\/2025\/04\/associer-couleur-vert-gris-decoration.002-367x550.jpeg 367w, https:\/\/www.cocondedecoration.com\/blog\/wp-content\/uploads\/2025\/04\/associer-couleur-vert-gris-decoration.002-333x500.jpeg 333w, https:\/\/www.cocondedecoration.com\/blog\/wp-content\/uploads\/2025\/04\/associer-couleur-vert-gris-decoration.002.jpeg 1000w\" sizes=\"(max-width: 640px) 100vw, 640px\" \/><\/a><figcaption class=\"wp-element-caption\">Missenocha via Instagram<\/figcaption><\/figure>\n\n\n\n<figure class=\"wp-block-image size-large\"><a href=\"https:\/\/www.cocondedecoration.com\/blog\/wp-content\/uploads\/2025\/04\/associer-couleur-vert-gris-decoration.003.jpeg\"><img loading=\"lazy\" decoding=\"async\" width=\"640\" height=\"960\" data-id=\"82508\" src=\"https:\/\/www.cocondedecoration.com\/blog\/wp-content\/uploads\/2025\/04\/associer-couleur-vert-gris-decoration.003-640x960.jpeg\" alt=\"associer couleur vert et gris d\u00e9coration salle \u00e0 manger peinture mur moulure d\u00e9tail \" class=\"wp-image-82508\" title=\"associer couleur vert et gris d\u00e9coration salle \u00e0 manger peinture mur moulure d\u00e9tail \" srcset=\"https:\/\/www.cocondedecoration.com\/blog\/wp-content\/uploads\/2025\/04\/associer-couleur-vert-gris-decoration.003-640x960.jpeg 640w, https:\/\/www.cocondedecoration.com\/blog\/wp-content\/uploads\/2025\/04\/associer-couleur-vert-gris-decoration.003-260x390.jpeg 260w, https:\/\/www.cocondedecoration.com\/blog\/wp-content\/uploads\/2025\/04\/associer-couleur-vert-gris-decoration.003-768x1152.jpeg 768w, https:\/\/www.cocondedecoration.com\/blog\/wp-content\/uploads\/2025\/04\/associer-couleur-vert-gris-decoration.003-367x550.jpeg 367w, https:\/\/www.cocondedecoration.com\/blog\/wp-content\/uploads\/2025\/04\/associer-couleur-vert-gris-decoration.003-333x500.jpeg 333w, https:\/\/www.cocondedecoration.com\/blog\/wp-content\/uploads\/2025\/04\/associer-couleur-vert-gris-decoration.003.jpeg 1000w\" sizes=\"(max-width: 640px) 100vw, 640px\" \/><\/a><figcaption class=\"wp-element-caption\">inigo.com<\/figcaption><\/figure>\n\n\n\n<figure class=\"wp-block-image size-large\"><a href=\"https:\/\/www.cocondedecoration.com\/blog\/wp-content\/uploads\/2025\/04\/associer-couleur-vert-gris-decoration.004.jpeg\"><img loading=\"lazy\" decoding=\"async\" width=\"640\" height=\"960\" data-id=\"82509\" src=\"https:\/\/www.cocondedecoration.com\/blog\/wp-content\/uploads\/2025\/04\/associer-couleur-vert-gris-decoration.004-640x960.jpeg\" alt=\"associer couleur vert et gris d\u00e9coration salon moderne grande baie vitr\u00e9e canap\u00e9 chin\u00e9 simple, naturel et cosy \" class=\"wp-image-82509\" title=\"associer couleur vert et gris d\u00e9coration salon moderne grande baie vitr\u00e9e canap\u00e9 chin\u00e9 simple, naturel et cosy \" srcset=\"https:\/\/www.cocondedecoration.com\/blog\/wp-content\/uploads\/2025\/04\/associer-couleur-vert-gris-decoration.004-640x960.jpeg 640w, https:\/\/www.cocondedecoration.com\/blog\/wp-content\/uploads\/2025\/04\/associer-couleur-vert-gris-decoration.004-260x390.jpeg 260w, https:\/\/www.cocondedecoration.com\/blog\/wp-content\/uploads\/2025\/04\/associer-couleur-vert-gris-decoration.004-768x1152.jpeg 768w, https:\/\/www.cocondedecoration.com\/blog\/wp-content\/uploads\/2025\/04\/associer-couleur-vert-gris-decoration.004-367x550.jpeg 367w, https:\/\/www.cocondedecoration.com\/blog\/wp-content\/uploads\/2025\/04\/associer-couleur-vert-gris-decoration.004-333x500.jpeg 333w, https:\/\/www.cocondedecoration.com\/blog\/wp-content\/uploads\/2025\/04\/associer-couleur-vert-gris-decoration.004.jpeg 1000w\" sizes=\"(max-width: 640px) 100vw, 640px\" \/><\/a><figcaption class=\"wp-element-caption\">houseandgarden.co.uk<\/figcaption><\/figure>\n\n\n\n<figure class=\"wp-block-image size-large\"><a href=\"https:\/\/www.cocondedecoration.com\/blog\/wp-content\/uploads\/2025\/04\/associer-couleur-vert-gris-decoration.005.jpeg\"><img loading=\"lazy\" decoding=\"async\" width=\"640\" height=\"960\" data-id=\"82512\" src=\"https:\/\/www.cocondedecoration.com\/blog\/wp-content\/uploads\/2025\/04\/associer-couleur-vert-gris-decoration.005-640x960.jpeg\" alt=\"associer couleur vert et gris d\u00e9coration salon ouvert cuisine grande baie vitr\u00e9e plafond ciment b\u00e9ton meuble moderne \" class=\"wp-image-82512\" title=\"associer couleur vert et gris d\u00e9coration salon ouvert cuisine grande baie vitr\u00e9e plafond ciment b\u00e9ton meuble moderne \" srcset=\"https:\/\/www.cocondedecoration.com\/blog\/wp-content\/uploads\/2025\/04\/associer-couleur-vert-gris-decoration.005-640x960.jpeg 640w, https:\/\/www.cocondedecoration.com\/blog\/wp-content\/uploads\/2025\/04\/associer-couleur-vert-gris-decoration.005-260x390.jpeg 260w, https:\/\/www.cocondedecoration.com\/blog\/wp-content\/uploads\/2025\/04\/associer-couleur-vert-gris-decoration.005-768x1152.jpeg 768w, https:\/\/www.cocondedecoration.com\/blog\/wp-content\/uploads\/2025\/04\/associer-couleur-vert-gris-decoration.005-367x550.jpeg 367w, https:\/\/www.cocondedecoration.com\/blog\/wp-content\/uploads\/2025\/04\/associer-couleur-vert-gris-decoration.005-333x500.jpeg 333w, https:\/\/www.cocondedecoration.com\/blog\/wp-content\/uploads\/2025\/04\/associer-couleur-vert-gris-decoration.005.jpeg 1000w\" sizes=\"(max-width: 640px) 100vw, 640px\" \/><\/a><figcaption class=\"wp-element-caption\">medium.com\/@homedecorhub_<\/figcaption><\/figure>\n\n\n\n<figure class=\"wp-block-image size-large\"><a href=\"https:\/\/www.cocondedecoration.com\/blog\/wp-content\/uploads\/2025\/04\/associer-couleur-vert-gris-decoration.006.jpeg\"><img loading=\"lazy\" decoding=\"async\" width=\"640\" height=\"960\" data-id=\"82510\" src=\"https:\/\/www.cocondedecoration.com\/blog\/wp-content\/uploads\/2025\/04\/associer-couleur-vert-gris-decoration.006-640x960.jpeg\" alt=\"associer couleur vert et gris d\u00e9coration canap\u00e9 familial plantes vertes d'int\u00e9rieur ambiance nature \" class=\"wp-image-82510\" title=\"associer couleur vert et gris d\u00e9coration canap\u00e9 familial plantes vertes d'int\u00e9rieur ambiance nature \" srcset=\"https:\/\/www.cocondedecoration.com\/blog\/wp-content\/uploads\/2025\/04\/associer-couleur-vert-gris-decoration.006-640x960.jpeg 640w, https:\/\/www.cocondedecoration.com\/blog\/wp-content\/uploads\/2025\/04\/associer-couleur-vert-gris-decoration.006-260x390.jpeg 260w, https:\/\/www.cocondedecoration.com\/blog\/wp-content\/uploads\/2025\/04\/associer-couleur-vert-gris-decoration.006-768x1152.jpeg 768w, https:\/\/www.cocondedecoration.com\/blog\/wp-content\/uploads\/2025\/04\/associer-couleur-vert-gris-decoration.006-367x550.jpeg 367w, https:\/\/www.cocondedecoration.com\/blog\/wp-content\/uploads\/2025\/04\/associer-couleur-vert-gris-decoration.006-333x500.jpeg 333w, https:\/\/www.cocondedecoration.com\/blog\/wp-content\/uploads\/2025\/04\/associer-couleur-vert-gris-decoration.006.jpeg 1000w\" sizes=\"(max-width: 640px) 100vw, 640px\" \/><\/a><figcaption class=\"wp-element-caption\">homecompanionmag.com<\/figcaption><\/figure>\n\n\n\n<figure class=\"wp-block-image size-large\"><a href=\"https:\/\/www.cocondedecoration.com\/blog\/wp-content\/uploads\/2025\/04\/associer-couleur-vert-gris-decoration.007.jpeg\"><img loading=\"lazy\" decoding=\"async\" width=\"640\" height=\"960\" data-id=\"82505\" src=\"https:\/\/www.cocondedecoration.com\/blog\/wp-content\/uploads\/2025\/04\/associer-couleur-vert-gris-decoration.007-640x960.jpeg\" alt=\"associer couleur vert et gris d\u00e9coration meuble TV biblioth\u00e8que sur mesure design \u00e9l\u00e9gant bois kaki \" class=\"wp-image-82505\" title=\"associer couleur vert et gris d\u00e9coration meuble TV biblioth\u00e8que sur mesure design \u00e9l\u00e9gant bois kaki \" srcset=\"https:\/\/www.cocondedecoration.com\/blog\/wp-content\/uploads\/2025\/04\/associer-couleur-vert-gris-decoration.007-640x960.jpeg 640w, https:\/\/www.cocondedecoration.com\/blog\/wp-content\/uploads\/2025\/04\/associer-couleur-vert-gris-decoration.007-260x390.jpeg 260w, https:\/\/www.cocondedecoration.com\/blog\/wp-content\/uploads\/2025\/04\/associer-couleur-vert-gris-decoration.007-768x1152.jpeg 768w, https:\/\/www.cocondedecoration.com\/blog\/wp-content\/uploads\/2025\/04\/associer-couleur-vert-gris-decoration.007-367x550.jpeg 367w, https:\/\/www.cocondedecoration.com\/blog\/wp-content\/uploads\/2025\/04\/associer-couleur-vert-gris-decoration.007-333x500.jpeg 333w, https:\/\/www.cocondedecoration.com\/blog\/wp-content\/uploads\/2025\/04\/associer-couleur-vert-gris-decoration.007.jpeg 1000w\" sizes=\"(max-width: 640px) 100vw, 640px\" \/><\/a><figcaption class=\"wp-element-caption\">shakemyblog.fr<\/figcaption><\/figure>\n\n\n\n<figure class=\"wp-block-image size-large\"><a href=\"https:\/\/www.cocondedecoration.com\/blog\/wp-content\/uploads\/2025\/04\/associer-couleur-vert-gris-decoration.008.jpeg\"><img loading=\"lazy\" decoding=\"async\" width=\"640\" height=\"960\" data-id=\"82511\" src=\"https:\/\/www.cocondedecoration.com\/blog\/wp-content\/uploads\/2025\/04\/associer-couleur-vert-gris-decoration.008-640x960.jpeg\" alt=\"associer couleur vert et gris d\u00e9coration d\u00e9tail textiles d\u00e9co coussin motif uni \" class=\"wp-image-82511\" title=\"associer couleur vert et gris d\u00e9coration d\u00e9tail textiles d\u00e9co coussin motif uni \" srcset=\"https:\/\/www.cocondedecoration.com\/blog\/wp-content\/uploads\/2025\/04\/associer-couleur-vert-gris-decoration.008-640x960.jpeg 640w, https:\/\/www.cocondedecoration.com\/blog\/wp-content\/uploads\/2025\/04\/associer-couleur-vert-gris-decoration.008-260x390.jpeg 260w, https:\/\/www.cocondedecoration.com\/blog\/wp-content\/uploads\/2025\/04\/associer-couleur-vert-gris-decoration.008-768x1152.jpeg 768w, https:\/\/www.cocondedecoration.com\/blog\/wp-content\/uploads\/2025\/04\/associer-couleur-vert-gris-decoration.008-367x550.jpeg 367w, https:\/\/www.cocondedecoration.com\/blog\/wp-content\/uploads\/2025\/04\/associer-couleur-vert-gris-decoration.008-333x500.jpeg 333w, https:\/\/www.cocondedecoration.com\/blog\/wp-content\/uploads\/2025\/04\/associer-couleur-vert-gris-decoration.008.jpeg 1000w\" sizes=\"(max-width: 640px) 100vw, 640px\" \/><\/a><figcaption class=\"wp-element-caption\">shopltk.com<\/figcaption><\/figure>\n\n\n\n<figure class=\"wp-block-image size-large\"><a href=\"https:\/\/www.cocondedecoration.com\/blog\/wp-content\/uploads\/2025\/04\/associer-couleur-vert-gris-decoration.009.jpeg\"><img loading=\"lazy\" decoding=\"async\" width=\"640\" height=\"960\" data-id=\"82506\" src=\"https:\/\/www.cocondedecoration.com\/blog\/wp-content\/uploads\/2025\/04\/associer-couleur-vert-gris-decoration.009-640x960.jpeg\" alt=\"associer couleur vert et gris d\u00e9coration mur effet b\u00e9ton clair canap\u00e9 color\u00e9 \" class=\"wp-image-82506\" title=\"associer couleur vert et gris d\u00e9coration mur effet b\u00e9ton clair canap\u00e9 color\u00e9 \" srcset=\"https:\/\/www.cocondedecoration.com\/blog\/wp-content\/uploads\/2025\/04\/associer-couleur-vert-gris-decoration.009-640x960.jpeg 640w, https:\/\/www.cocondedecoration.com\/blog\/wp-content\/uploads\/2025\/04\/associer-couleur-vert-gris-decoration.009-260x390.jpeg 260w, https:\/\/www.cocondedecoration.com\/blog\/wp-content\/uploads\/2025\/04\/associer-couleur-vert-gris-decoration.009-768x1152.jpeg 768w, https:\/\/www.cocondedecoration.com\/blog\/wp-content\/uploads\/2025\/04\/associer-couleur-vert-gris-decoration.009-367x550.jpeg 367w, https:\/\/www.cocondedecoration.com\/blog\/wp-content\/uploads\/2025\/04\/associer-couleur-vert-gris-decoration.009-333x500.jpeg 333w, https:\/\/www.cocondedecoration.com\/blog\/wp-content\/uploads\/2025\/04\/associer-couleur-vert-gris-decoration.009.jpeg 1000w\" sizes=\"(max-width: 640px) 100vw, 640px\" \/><\/a><figcaption class=\"wp-element-caption\">fatshackvintage.com.au<\/figcaption><\/figure>\n<\/figure>\n\n\n\n<hr class=\"wp-block-separator has-alpha-channel-opacity is-style-wide\"\/>\n\n\n\n<div class=\"wp-block-columns has-2-columns is-layout-flex wp-container-core-columns-layout-2 wp-block-columns-is-layout-flex\">\n<div class=\"wp-block-column is-layout-flow wp-block-column-is-layout-flow\"><div class='white' style='background:rgba(0,0,0,0); border:solid 0px rgba(0,0,0,0); border-radius:0px; padding:0px 0px 0px 0px;'>\n<div id='slider_54038' class='owl-carousel sa_owl_theme owl-pagination-true autohide-arrows' data-slider-id='slider_54038' style='visibility:hidden;'>\n<div id='slider_54038_slide01' class='sa_hover_container' style='padding:5% 5%; margin:0px 0%; '><p><a href=\"https:\/\/www.cocondedecoration.com\/blog\/wp-content\/uploads\/2024\/01\/revetement-bricolage-deco-castorama.001.jpeg\"><img loading=\"lazy\" decoding=\"async\" class=\"aligncenter size-large wp-image-71133\" src=\"https:\/\/www.cocondedecoration.com\/blog\/wp-content\/uploads\/2024\/01\/revetement-bricolage-deco-castorama.001-640x640.jpeg\" alt=\"revetement bricolage deco castorama tasseaux de bois moderne\" width=\"640\" height=\"640\" srcset=\"https:\/\/www.cocondedecoration.com\/blog\/wp-content\/uploads\/2024\/01\/revetement-bricolage-deco-castorama.001-640x640.jpeg 640w, https:\/\/www.cocondedecoration.com\/blog\/wp-content\/uploads\/2024\/01\/revetement-bricolage-deco-castorama.001-165x165.jpeg 165w, https:\/\/www.cocondedecoration.com\/blog\/wp-content\/uploads\/2024\/01\/revetement-bricolage-deco-castorama.001-260x260.jpeg 260w, https:\/\/www.cocondedecoration.com\/blog\/wp-content\/uploads\/2024\/01\/revetement-bricolage-deco-castorama.001-465x465.jpeg 465w, https:\/\/www.cocondedecoration.com\/blog\/wp-content\/uploads\/2024\/01\/revetement-bricolage-deco-castorama.001-500x500.jpeg 500w, https:\/\/www.cocondedecoration.com\/blog\/wp-content\/uploads\/2024\/01\/revetement-bricolage-deco-castorama.001.jpeg 650w\" sizes=\"(max-width: 640px) 100vw, 640px\" \/><\/a><\/p><\/div>\n<div id='slider_54038_slide02' class='sa_hover_container' style='padding:5% 5%; margin:0px 0%; '><p><a href=\"https:\/\/www.cocondedecoration.com\/blog\/wp-content\/uploads\/2024\/01\/revetement-bricolage-deco-castorama.002.jpeg\"><img loading=\"lazy\" decoding=\"async\" class=\"aligncenter size-large wp-image-71134\" src=\"https:\/\/www.cocondedecoration.com\/blog\/wp-content\/uploads\/2024\/01\/revetement-bricolage-deco-castorama.002-640x640.jpeg\" alt=\"revetement bricolage deco castorama papier peint motif art deco noir et blanc\" width=\"640\" height=\"640\" srcset=\"https:\/\/www.cocondedecoration.com\/blog\/wp-content\/uploads\/2024\/01\/revetement-bricolage-deco-castorama.002-640x640.jpeg 640w, https:\/\/www.cocondedecoration.com\/blog\/wp-content\/uploads\/2024\/01\/revetement-bricolage-deco-castorama.002-165x165.jpeg 165w, https:\/\/www.cocondedecoration.com\/blog\/wp-content\/uploads\/2024\/01\/revetement-bricolage-deco-castorama.002-260x260.jpeg 260w, https:\/\/www.cocondedecoration.com\/blog\/wp-content\/uploads\/2024\/01\/revetement-bricolage-deco-castorama.002-465x465.jpeg 465w, https:\/\/www.cocondedecoration.com\/blog\/wp-content\/uploads\/2024\/01\/revetement-bricolage-deco-castorama.002-500x500.jpeg 500w, https:\/\/www.cocondedecoration.com\/blog\/wp-content\/uploads\/2024\/01\/revetement-bricolage-deco-castorama.002.jpeg 650w\" sizes=\"(max-width: 640px) 100vw, 640px\" \/><\/a><\/p><\/div>\n<div id='slider_54038_slide03' class='sa_hover_container' style='padding:5% 5%; margin:0px 0%; '><p><a href=\"https:\/\/www.cocondedecoration.com\/blog\/wp-content\/uploads\/2024\/01\/revetement-bricolage-deco-castorama.003.jpeg\"><img loading=\"lazy\" decoding=\"async\" class=\"aligncenter size-large wp-image-71135\" src=\"https:\/\/www.cocondedecoration.com\/blog\/wp-content\/uploads\/2024\/01\/revetement-bricolage-deco-castorama.003-640x640.jpeg\" alt=\"revetement bricolage deco castorama cr\u00e9dence adh\u00e9sive terrazzo moderne facile \u00e0 poser\" width=\"640\" height=\"640\" srcset=\"https:\/\/www.cocondedecoration.com\/blog\/wp-content\/uploads\/2024\/01\/revetement-bricolage-deco-castorama.003-640x640.jpeg 640w, https:\/\/www.cocondedecoration.com\/blog\/wp-content\/uploads\/2024\/01\/revetement-bricolage-deco-castorama.003-165x165.jpeg 165w, https:\/\/www.cocondedecoration.com\/blog\/wp-content\/uploads\/2024\/01\/revetement-bricolage-deco-castorama.003-260x260.jpeg 260w, https:\/\/www.cocondedecoration.com\/blog\/wp-content\/uploads\/2024\/01\/revetement-bricolage-deco-castorama.003-465x465.jpeg 465w, https:\/\/www.cocondedecoration.com\/blog\/wp-content\/uploads\/2024\/01\/revetement-bricolage-deco-castorama.003-500x500.jpeg 500w, https:\/\/www.cocondedecoration.com\/blog\/wp-content\/uploads\/2024\/01\/revetement-bricolage-deco-castorama.003.jpeg 650w\" sizes=\"(max-width: 640px) 100vw, 640px\" \/><\/a><\/p><\/div>\n<div id='slider_54038_slide04' class='sa_hover_container' style='padding:5% 5%; margin:0px 0%; '><p><a href=\"https:\/\/www.cocondedecoration.com\/blog\/wp-content\/uploads\/2024\/01\/revetement-bricolage-deco-castorama.004.jpeg\"><img loading=\"lazy\" decoding=\"async\" class=\"aligncenter size-large wp-image-71136\" src=\"https:\/\/www.cocondedecoration.com\/blog\/wp-content\/uploads\/2024\/01\/revetement-bricolage-deco-castorama.004-640x640.jpeg\" alt=\"revetement bricolage deco castorama papier peint fleuri arche peinture vert sauge\" width=\"640\" height=\"640\" srcset=\"https:\/\/www.cocondedecoration.com\/blog\/wp-content\/uploads\/2024\/01\/revetement-bricolage-deco-castorama.004-640x640.jpeg 640w, https:\/\/www.cocondedecoration.com\/blog\/wp-content\/uploads\/2024\/01\/revetement-bricolage-deco-castorama.004-165x165.jpeg 165w, https:\/\/www.cocondedecoration.com\/blog\/wp-content\/uploads\/2024\/01\/revetement-bricolage-deco-castorama.004-260x260.jpeg 260w, https:\/\/www.cocondedecoration.com\/blog\/wp-content\/uploads\/2024\/01\/revetement-bricolage-deco-castorama.004-465x465.jpeg 465w, https:\/\/www.cocondedecoration.com\/blog\/wp-content\/uploads\/2024\/01\/revetement-bricolage-deco-castorama.004-500x500.jpeg 500w, https:\/\/www.cocondedecoration.com\/blog\/wp-content\/uploads\/2024\/01\/revetement-bricolage-deco-castorama.004.jpeg 650w\" sizes=\"(max-width: 640px) 100vw, 640px\" \/><\/a><\/p><\/div>\n<div id='slider_54038_slide05' class='sa_hover_container' style='padding:5% 5%; margin:0px 0%; '><p><a href=\"https:\/\/www.cocondedecoration.com\/blog\/wp-content\/uploads\/2024\/01\/revetement-bricolage-deco-castorama.005.jpeg\"><img loading=\"lazy\" decoding=\"async\" class=\"aligncenter size-large wp-image-71137\" src=\"https:\/\/www.cocondedecoration.com\/blog\/wp-content\/uploads\/2024\/01\/revetement-bricolage-deco-castorama.005-640x640.jpeg\" alt=\"revetement bricolage deco castorama papier peint g\u00e9om\u00e9trique vintage ann\u00e9es 60\" width=\"640\" height=\"640\" srcset=\"https:\/\/www.cocondedecoration.com\/blog\/wp-content\/uploads\/2024\/01\/revetement-bricolage-deco-castorama.005-640x640.jpeg 640w, https:\/\/www.cocondedecoration.com\/blog\/wp-content\/uploads\/2024\/01\/revetement-bricolage-deco-castorama.005-165x165.jpeg 165w, https:\/\/www.cocondedecoration.com\/blog\/wp-content\/uploads\/2024\/01\/revetement-bricolage-deco-castorama.005-260x260.jpeg 260w, https:\/\/www.cocondedecoration.com\/blog\/wp-content\/uploads\/2024\/01\/revetement-bricolage-deco-castorama.005-465x465.jpeg 465w, https:\/\/www.cocondedecoration.com\/blog\/wp-content\/uploads\/2024\/01\/revetement-bricolage-deco-castorama.005-500x500.jpeg 500w, https:\/\/www.cocondedecoration.com\/blog\/wp-content\/uploads\/2024\/01\/revetement-bricolage-deco-castorama.005.jpeg 650w\" sizes=\"(max-width: 640px) 100vw, 640px\" \/><\/a><\/p><\/div>\n<div id='slider_54038_slide06' class='sa_hover_container' style='padding:5% 5%; margin:0px 0%; '><p><a href=\"https:\/\/www.cocondedecoration.com\/blog\/wp-content\/uploads\/2024\/01\/revetement-bricolage-deco-castorama.006.jpeg\"><img loading=\"lazy\" decoding=\"async\" class=\"aligncenter size-large wp-image-71138\" src=\"https:\/\/www.cocondedecoration.com\/blog\/wp-content\/uploads\/2024\/01\/revetement-bricolage-deco-castorama.006-640x640.jpeg\" alt=\"revetement bricolage deco castorama conseil bricolage tutoriel\" width=\"640\" height=\"640\" srcset=\"https:\/\/www.cocondedecoration.com\/blog\/wp-content\/uploads\/2024\/01\/revetement-bricolage-deco-castorama.006-640x640.jpeg 640w, https:\/\/www.cocondedecoration.com\/blog\/wp-content\/uploads\/2024\/01\/revetement-bricolage-deco-castorama.006-165x165.jpeg 165w, https:\/\/www.cocondedecoration.com\/blog\/wp-content\/uploads\/2024\/01\/revetement-bricolage-deco-castorama.006-260x260.jpeg 260w, https:\/\/www.cocondedecoration.com\/blog\/wp-content\/uploads\/2024\/01\/revetement-bricolage-deco-castorama.006-465x465.jpeg 465w, https:\/\/www.cocondedecoration.com\/blog\/wp-content\/uploads\/2024\/01\/revetement-bricolage-deco-castorama.006-500x500.jpeg 500w, https:\/\/www.cocondedecoration.com\/blog\/wp-content\/uploads\/2024\/01\/revetement-bricolage-deco-castorama.006.jpeg 650w\" sizes=\"(max-width: 640px) 100vw, 640px\" \/><\/a><\/p><\/div>\n<\/div>\n<\/div>\n<script type='text\/javascript'>\n\tjQuery(document).ready(function() {\n\t\tjQuery('#slider_54038').owlCarousel({\n\t\t\titems : 1,\n\t\t\tsmartSpeed : 200,\n\t\t\tautoplay : true,\n\t\t\tautoplayTimeout : 2000,\n\t\t\tautoplayHoverPause : true,\n\t\t\tsmartSpeed : 200,\n\t\t\tfluidSpeed : 200,\n\t\t\tautoplaySpeed : 200,\n\t\t\tnavSpeed : 200,\n\t\t\tdotsSpeed : 200,\n\t\t\tloop : true,\n\t\t\tnav : true,\n\t\t\tnavText : ['Previous','Next'],\n\t\t\tdots : true,\n\t\t\tresponsiveRefreshRate : 200,\n\t\t\tslideBy : 1,\n\t\t\tmergeFit : true,\n\t\t\tautoHeight : false,\n\t\t\tmouseDrag : true,\n\t\t\ttouchDrag : true\n\t\t});\n\t\tjQuery('#slider_54038').css('visibility', 'visible');\n\t\tsa_resize_slider_54038();\n\t\twindow.addEventListener('resize', sa_resize_slider_54038);\n\t\tfunction sa_resize_slider_54038() {\n\t\t\tvar min_height = '50';\n\t\t\tvar win_width = jQuery(window).width();\n\t\t\tvar slider_width = jQuery('#slider_54038').width();\n\t\t\tif (win_width < 480) {\n\t\t\t\tvar slide_width = slider_width \/ 1;\n\t\t\t} else if (win_width < 768) {\n\t\t\t\tvar slide_width = slider_width \/ 1;\n\t\t\t} else if (win_width < 980) {\n\t\t\t\tvar slide_width = slider_width \/ 1;\n\t\t\t} else if (win_width < 1200) {\n\t\t\t\tvar slide_width = slider_width \/ 1;\n\t\t\t} else if (win_width < 1500) {\n\t\t\t\tvar slide_width = slider_width \/ 1;\n\t\t\t} else {\n\t\t\t\tvar slide_width = slider_width \/ 1;\n\t\t\t}\n\t\t\tslide_width = Math.round(slide_width);\n\t\t\tvar slide_height = '0';\n\t\t\tif (min_height == 'aspect43') {\n\t\t\t\tslide_height = (slide_width \/ 4) * 3;\t\t\t\tslide_height = Math.round(slide_height);\n\t\t\t} else if (min_height == 'aspect169') {\n\t\t\t\tslide_height = (slide_width \/ 16) * 9;\t\t\t\tslide_height = Math.round(slide_height);\n\t\t\t} else {\n\t\t\t\tslide_height = (slide_width \/ 100) * min_height;\t\t\t\tslide_height = Math.round(slide_height);\n\t\t\t}\n\t\t\tjQuery('#slider_54038 .owl-item .sa_hover_container').css('min-height', slide_height+'px');\n\t\t}\n\t\tvar owl_goto = jQuery('#slider_54038');\n\t\tjQuery('.slider_54038_goto1').click(function(event){\n\t\t\towl_goto.trigger('to.owl.carousel', 0);\n\t\t});\n\t\tjQuery('.slider_54038_goto2').click(function(event){\n\t\t\towl_goto.trigger('to.owl.carousel', 1);\n\t\t});\n\t\tjQuery('.slider_54038_goto3').click(function(event){\n\t\t\towl_goto.trigger('to.owl.carousel', 2);\n\t\t});\n\t\tjQuery('.slider_54038_goto4').click(function(event){\n\t\t\towl_goto.trigger('to.owl.carousel', 3);\n\t\t});\n\t\tjQuery('.slider_54038_goto5').click(function(event){\n\t\t\towl_goto.trigger('to.owl.carousel', 4);\n\t\t});\n\t\tjQuery('.slider_54038_goto6').click(function(event){\n\t\t\towl_goto.trigger('to.owl.carousel', 5);\n\t\t});\n\t\tvar resize_54038 = jQuery('.owl-carousel');\n\t\tresize_54038.on('initialized.owl.carousel', function(e) {\n\t\t\tif (typeof(Event) === 'function') {\n\t\t\t\twindow.dispatchEvent(new Event('resize'));\n\t\t\t} else {\n\t\t\t\tvar evt = window.document.createEvent('UIEvents');\n\t\t\t\tevt.initUIEvent('resize', true, false, window, 0);\n\t\t\t\twindow.dispatchEvent(evt);\n\t\t\t}\n\t\t});\n\t});\n<\/script>\n\n<\/div>\n\n\n\n<div class=\"wp-block-column is-layout-flow wp-block-column-is-layout-flow\">\n<h2 class=\"wp-block-heading\">Cr\u00e9ez une d\u00e9co murale qui vous ressemble avec Castorama<\/h2>\n\n\n\n<p>Castorama vous offre un large choix de peintures, de papiers peints et autres rev\u00eatements muraux pour mettre en oeuvre toutes vos envies d\u00e9co. <a href=\"https:\/\/tidd.ly\/3HozE5L\" target=\"_blank\" rel=\"noreferrer noopener\" aria-label=\"Rendez-vous sur le site (s\u2019ouvre dans un nouvel onglet)\">Rendez-vous sur le site<\/a> pour en savoir plus. <\/p>\n\n\n\n<h2 class=\"wp-block-heading\">Connaissez-vous Hello Casto? <\/h2>\n\n\n\n<p>Castorama vous propose de l'aide pour la r\u00e9alisation de vos projets. Hello Casto vous aide de plusieurs mani\u00e8res. D'une part, cet assistant se sert de l'intelligence artificielle pour r\u00e9pondre \u00e0 vos questions techniques. D'autre part, Hello Casto vous propose des tutoriels \u00e0 commande vocale pour mener \u00e0 bien vos projets d\u00e9co &amp; am\u00e9nagement.   <\/p>\n\n\n\n<div class=\"wp-block-button aligncenter\"><a class=\"wp-block-button__link\" href=\"https:\/\/tidd.ly\/3TUfgBd\">D\u00e9couvrir Hello Casto<\/a><\/div>\n\n\n\n<p class=\"has-small-font-size\">R\u00e9f\u00e9rences des produits en slide: 1. <a rel=\"noreferrer noopener\" aria-label=\"Lambris lamelles bois naturel (s\u2019ouvre dans un nouvel onglet)\" href=\"https:\/\/tidd.ly\/47Egzay\" target=\"_blank\">Lambris lamelles bois naturel<\/a> 2. <a rel=\"noreferrer noopener\" aria-label=\"Papier peint Vinyle Intiss\u00e9 motif art d\u00e9co (s\u2019ouvre dans un nouvel onglet)\" href=\"https:\/\/tidd.ly\/47BP1m2\" target=\"_blank\">Papier peint Vinyle Intiss\u00e9 motif art d\u00e9co<\/a> 3. <a rel=\"noreferrer noopener\" aria-label=\"Cr\u00e9dence de cuisine auto-adh\u00e9sive terrazzo (s\u2019ouvre dans un nouvel onglet)\" href=\"https:\/\/tidd.ly\/48SupHu\" target=\"_blank\">Cr\u00e9dence de cuisine auto-adh\u00e9sive terrazzo<\/a> 4. <a rel=\"noreferrer noopener\" aria-label=\"Papier peint pr\u00e9-encoll\u00e9 vinyle motif floral  (s\u2019ouvre dans un nouvel onglet)\" href=\"https:\/\/tidd.ly\/48J5XZa\" target=\"_blank\">Papier peint pr\u00e9-encoll\u00e9 vinyle motif floral <\/a>5. <a rel=\"noreferrer noopener\" aria-label=\"Papier peint Vinyle Intiss\u00e9 esprit vintage (s\u2019ouvre dans un nouvel onglet)\" href=\"https:\/\/tidd.ly\/48y2Z9S\" target=\"_blank\">Papier peint Vinyle Intiss\u00e9 esprit vintage<\/a> <\/p>\n<\/div>\n<\/div>\n\n\n\n<p class=\"has-small-font-size\">Source de l'image d'en t\u00eate: www.propertydesign.pl<\/p>\n","protected":false},"excerpt":{"rendered":"<p>Le gris et le vert, un combo de couleurs bien connu qui ne se d\u00e9mode pas. Faites le plein d&rsquo;id\u00e9es pour utiliser ces 2 couleurs dans votre int\u00e9rieur.<span class=\"more-link\"><a href=\"https:\/\/www.cocondedecoration.com\/blog\/2025\/04\/deco-interieure-vert-gris\/\">Lire la suite<\/a><\/span><\/p>\n","protected":false},"author":1,"featured_media":82514,"comment_status":"open","ping_status":"open","sticky":false,"template":"","format":"standard","meta":{"om_disable_all_campaigns":false,"_monsterinsights_skip_tracking":false,"_monsterinsights_sitenote_active":false,"_monsterinsights_sitenote_note":"","_monsterinsights_sitenote_category":0,"_uf_show_specific_survey":0,"_uf_disable_surveys":false,"footnotes":""},"categories":[61763],"tags":[35844,61922,61777,61925,61910,61927,61923,61924,61926],"aioseo_notices":[],"_links":{"self":[{"href":"https:\/\/www.cocondedecoration.com\/blog\/wp-json\/wp\/v2\/posts\/82467"}],"collection":[{"href":"https:\/\/www.cocondedecoration.com\/blog\/wp-json\/wp\/v2\/posts"}],"about":[{"href":"https:\/\/www.cocondedecoration.com\/blog\/wp-json\/wp\/v2\/types\/post"}],"author":[{"embeddable":true,"href":"https:\/\/www.cocondedecoration.com\/blog\/wp-json\/wp\/v2\/users\/1"}],"replies":[{"embeddable":true,"href":"https:\/\/www.cocondedecoration.com\/blog\/wp-json\/wp\/v2\/comments?post=82467"}],"version-history":[{"count":5,"href":"https:\/\/www.cocondedecoration.com\/blog\/wp-json\/wp\/v2\/posts\/82467\/revisions"}],"predecessor-version":[{"id":82515,"href":"https:\/\/www.cocondedecoration.com\/blog\/wp-json\/wp\/v2\/posts\/82467\/revisions\/82515"}],"wp:featuredmedia":[{"embeddable":true,"href":"https:\/\/www.cocondedecoration.com\/blog\/wp-json\/wp\/v2\/media\/82514"}],"wp:attachment":[{"href":"https:\/\/www.cocondedecoration.com\/blog\/wp-json\/wp\/v2\/media?parent=82467"}],"wp:term":[{"taxonomy":"category","embeddable":true,"href":"https:\/\/www.cocondedecoration.com\/blog\/wp-json\/wp\/v2\/categories?post=82467"},{"taxonomy":"post_tag","embeddable":true,"href":"https:\/\/www.cocondedecoration.com\/blog\/wp-json\/wp\/v2\/tags?post=82467"}],"curies":[{"name":"wp","href":"https:\/\/api.w.org\/{rel}","templated":true}]}}