{"id":82387,"date":"2025-04-11T01:00:00","date_gmt":"2025-04-10T23:00:00","guid":{"rendered":"https:\/\/www.cocondedecoration.com\/blog\/?p=82387"},"modified":"2025-04-03T06:02:00","modified_gmt":"2025-04-03T04:02:00","slug":"rangement-organisation-garage","status":"publish","type":"post","link":"https:\/\/www.cocondedecoration.com\/blog\/2025\/04\/rangement-organisation-garage\/","title":{"rendered":"Astuces de rangement et d&rsquo;organisation pour le garage"},"content":{"rendered":"\n<p>En fin d'ann\u00e9e pass\u00e9e (\u00e0 l'heure du bilan), je me suis rendue compte que je ne parlais pas si souvent des pi\u00e8ces fonctionnelles: cave, grenier, buanderie et garage. Ce sont pourtant des espaces de la maison. Ils n'ont pas n\u00e9cessairement besoin d'\u00eatre d\u00e9co (\u00e7a se discute pour la buanderie). Ce sont surtout des espaces qui doivent \u00eatre pratiques. Et si vous trouvez que votre garage est loin d'\u00eatre pratique, cet article devrait vous int\u00e9resser! <\/p>\n\n\n\n<!--more-->\n\n\n\n<div class=\"wp-block-columns is-layout-flex wp-container-core-columns-layout-1 wp-block-columns-is-layout-flex\">\n<div class=\"wp-block-column is-layout-flow wp-block-column-is-layout-flow\">\n<p class=\"has-medium-font-size\">Sommaire - Organiser le garage efficacement<\/p>\n\n\n\n<div class=\"wp-block-aioseo-table-of-contents\"><ul><li><a href=\"#aioseo-quelle-est-la-meilleure-saison-pour-desencombrer-et-trier-le-garage\">Quelle est la meilleure saison pour d\u00e9sencombrer et trier le garage?<\/a><\/li><li><a href=\"#aioseo-laisser-de-la-place-pour-la-voiture-et-amenager-autour\">Laisser de la place pour la voiture et am\u00e9nager autour<\/a><\/li><li><a href=\"#aioseo-trier-les-affaires-qui-se-trouvent-entreposees-dans-le-garage\">Trier les affaires qui se trouvent entrepos\u00e9es dans le garage<\/a><\/li><li><a href=\"#aioseo-astuces-dorganisation-pour-gagner-de-la-place-dans-le-garage\">Astuces d'organisation pour gagner de la place dans le garage<\/a><ul><\/ul><\/li><li><a href=\"#aioseo-ranger-les-velos-dans-le-garage-quelles-solutions-soffrent-a-vous\">Ranger les v\u00e9los dans le garage: qu'elles solutions s'offrent \u00e0 vous?<\/a><ul><\/ul><\/li><\/ul><\/div>\n<\/div>\n\n\n\n<div class=\"wp-block-column is-layout-flow wp-block-column-is-layout-flow\">\n<p><em>Bienvenue sur le blog Cocon | d\u00e9coration &amp; slow living. Ici vous trouverez des inspirations, conseils et pistes pour cr\u00e9er un int\u00e9rieur qui vous ressemble. <br><\/em><br><em>Pour me soutenir vous pouvez vous abonner \u00e0 ma newsletter et en choisissant un abonnement payant, vous contribuez directement \u00e0 me soutenir et \u00e0 faire perdurer cet espace d'inspirations.<\/em><\/p>\n\n\n\n<div class=\"wp-block-buttons is-content-justification-center is-layout-flex wp-container-core-buttons-layout-1 wp-block-buttons-is-layout-flex\">\n<div class=\"wp-block-button is-style-outline\"><a class=\"wp-block-button__link wp-element-button\" href=\"https:\/\/www.patreon.com\/c\/cocondedeco\/membership\" target=\"_blank\" rel=\"noreferrer noopener\">Let's go<\/a><\/div>\n<\/div>\n<\/div>\n<\/div>\n\n\n\n<h2 class=\"wp-block-heading\" id=\"aioseo-quelle-est-la-meilleure-saison-pour-desencombrer-et-trier-le-garage\">Quelle est la meilleure saison pour d\u00e9sencombrer et trier le garage? <\/h2>\n\n\n\n<p>Quand d\u00e9barrasser le garage? <strong>Le printemps<\/strong> est la saison du grand m\u00e9nage, c'est aussi une saison o\u00f9 il fait sec et pas trop chaud. Vous allez donc pouvoir tout sortir <strong>sans avoir \u00e0 craindre la pluie<\/strong> et sans trop transpirer. Le printemps me semble \u00eatre la meilleure p\u00e9riode de l'ann\u00e9e pour faire un <a href=\"https:\/\/www.cocondedecoration.com\/blog\/2021\/11\/comment-desencombrer-conseils\/\" target=\"_blank\" rel=\"noopener\" title=\"\">grand tri<\/a> et repenser l'<strong>organisation de l'espace<\/strong>. On peut par exemple profiter des ponts du mois de mai. On peut aussi vouloir mettre de l'ordre dedans avant la saison des brocantes ext\u00e9rieures. <\/p>\n\n\n\n<figure class=\"wp-block-gallery has-nested-images columns-default is-cropped wp-block-gallery-1 is-layout-flex wp-block-gallery-is-layout-flex\">\n<figure class=\"wp-block-image size-large\"><a href=\"https:\/\/www.cocondedecoration.com\/blog\/wp-content\/uploads\/2025\/04\/organisation-garage.001.jpeg\"><img loading=\"lazy\" decoding=\"async\" width=\"640\" height=\"960\" data-id=\"82424\" src=\"https:\/\/www.cocondedecoration.com\/blog\/wp-content\/uploads\/2025\/04\/organisation-garage.001-640x960.jpeg\" alt=\"organisation garage rangement meuble \u00e9tabli \u00e9tag\u00e8re grille suspendue au plafond boite en plastique \" class=\"wp-image-82424\" title=\"organisation garage rangement meuble \u00e9tabli \u00e9tag\u00e8re grille suspendue au plafond boite en plastique \" srcset=\"https:\/\/www.cocondedecoration.com\/blog\/wp-content\/uploads\/2025\/04\/organisation-garage.001-640x960.jpeg 640w, https:\/\/www.cocondedecoration.com\/blog\/wp-content\/uploads\/2025\/04\/organisation-garage.001-260x390.jpeg 260w, https:\/\/www.cocondedecoration.com\/blog\/wp-content\/uploads\/2025\/04\/organisation-garage.001-768x1152.jpeg 768w, https:\/\/www.cocondedecoration.com\/blog\/wp-content\/uploads\/2025\/04\/organisation-garage.001-367x550.jpeg 367w, https:\/\/www.cocondedecoration.com\/blog\/wp-content\/uploads\/2025\/04\/organisation-garage.001-333x500.jpeg 333w, https:\/\/www.cocondedecoration.com\/blog\/wp-content\/uploads\/2025\/04\/organisation-garage.001.jpeg 1000w\" sizes=\"(max-width: 640px) 100vw, 640px\" \/><\/a><figcaption class=\"wp-element-caption\">heydecorgirl.com<\/figcaption><\/figure>\n\n\n\n<figure class=\"wp-block-image size-large\"><a href=\"https:\/\/www.cocondedecoration.com\/blog\/wp-content\/uploads\/2025\/04\/organisation-garage.002.jpeg\"><img loading=\"lazy\" decoding=\"async\" width=\"640\" height=\"960\" data-id=\"82425\" src=\"https:\/\/www.cocondedecoration.com\/blog\/wp-content\/uploads\/2025\/04\/organisation-garage.002-640x960.jpeg\" alt=\"organisation garage rangement \u00e9tabli outils cr\u00e9dence pegboard meuble \u00e9tag\u00e8res murale en hauteur \" class=\"wp-image-82425\" title=\"organisation garage rangement \u00e9tabli outils cr\u00e9dence pegboard meuble \u00e9tag\u00e8res murale en hauteur \" srcset=\"https:\/\/www.cocondedecoration.com\/blog\/wp-content\/uploads\/2025\/04\/organisation-garage.002-640x960.jpeg 640w, https:\/\/www.cocondedecoration.com\/blog\/wp-content\/uploads\/2025\/04\/organisation-garage.002-260x390.jpeg 260w, https:\/\/www.cocondedecoration.com\/blog\/wp-content\/uploads\/2025\/04\/organisation-garage.002-768x1152.jpeg 768w, https:\/\/www.cocondedecoration.com\/blog\/wp-content\/uploads\/2025\/04\/organisation-garage.002-367x550.jpeg 367w, https:\/\/www.cocondedecoration.com\/blog\/wp-content\/uploads\/2025\/04\/organisation-garage.002-333x500.jpeg 333w, https:\/\/www.cocondedecoration.com\/blog\/wp-content\/uploads\/2025\/04\/organisation-garage.002.jpeg 1000w\" sizes=\"(max-width: 640px) 100vw, 640px\" \/><\/a><figcaption class=\"wp-element-caption\">spiritualnexus.net<\/figcaption><\/figure>\n<\/figure>\n\n\n\n<h2 class=\"wp-block-heading\" id=\"aioseo-laisser-de-la-place-pour-la-voiture-et-amenager-autour\">Laisser de la place pour la voiture et am\u00e9nager autour <\/h2>\n\n\n\n<p>Avant de parler tri et rangement, il faut redonner \u00e0 C\u00e9sar ce qui lui appartient. Le garage est souvent un lieu de stockage mais il ne doit pas vous emp\u00eacher de <strong>ranger votre voiture<\/strong> le soir. Donc pour repenser l'organisation de votre espace, autant commencer par \u00e7a. <\/p>\n\n\n\n<p>Dans l'id\u00e9al, il faut un espace vide au centre du garage de la <strong>largeur de votre voiture + l'ouverture des porti\u00e8res<\/strong>. Si vous avez vraiment un grand garage (ou une petite voiture), c'est encore mieux d'avoir un peu d'espace pour circuler. Mais je sais que c'est de moins en moins \u00e9vident. Si votre maison et le garage ont \u00e9t\u00e9 construits avant les ann\u00e9es 80, vous risquez de manquer de place avec une voiture actuelle. Elles sont bien plus larges que les mod\u00e8les d'avant. <\/p>\n\n\n\n<p>L'id\u00e9e \u00e0 garder en t\u00eate c'est de faire en sorte qu'en ouvrant la porti\u00e8re, elle ne tape pas dans quelque chose (mur, \u00e9tag\u00e8re, \u00e9tabli...) Quitte \u00e0 mettre de la <strong>mousse pour \u00e9viter le choc<\/strong>. Ca vous co\u00fbtera moins cher que de faire r\u00e9parer r\u00e9guli\u00e8rement la porti\u00e8re de la voiture. <\/p>\n\n\n\n<p>A lire aussi: <a href=\"https:\/\/www.cocondedecoration.com\/blog\/2025\/02\/organisation-buanderie\/\" target=\"_blank\" rel=\"noopener\" title=\"\">12 id\u00e9es \u00e0 copier pour organiser la buanderie<\/a><\/p>\n\n\n\n<figure class=\"wp-block-gallery has-nested-images columns-default is-cropped wp-block-gallery-2 is-layout-flex wp-block-gallery-is-layout-flex\">\n<figure class=\"wp-block-image size-large\"><a href=\"https:\/\/www.cocondedecoration.com\/blog\/wp-content\/uploads\/2025\/04\/organisation-garage.003.jpeg\"><img loading=\"lazy\" decoding=\"async\" width=\"640\" height=\"960\" data-id=\"82427\" src=\"https:\/\/www.cocondedecoration.com\/blog\/wp-content\/uploads\/2025\/04\/organisation-garage.003-640x960.jpeg\" alt=\"organisation garage rangement \u00e9tag\u00e8re meuble fonctionnel organisation pratique \" class=\"wp-image-82427\" title=\"organisation garage rangement \u00e9tag\u00e8re meuble fonctionnel organisation pratique \" srcset=\"https:\/\/www.cocondedecoration.com\/blog\/wp-content\/uploads\/2025\/04\/organisation-garage.003-640x960.jpeg 640w, https:\/\/www.cocondedecoration.com\/blog\/wp-content\/uploads\/2025\/04\/organisation-garage.003-260x390.jpeg 260w, https:\/\/www.cocondedecoration.com\/blog\/wp-content\/uploads\/2025\/04\/organisation-garage.003-768x1152.jpeg 768w, https:\/\/www.cocondedecoration.com\/blog\/wp-content\/uploads\/2025\/04\/organisation-garage.003-367x550.jpeg 367w, https:\/\/www.cocondedecoration.com\/blog\/wp-content\/uploads\/2025\/04\/organisation-garage.003-333x500.jpeg 333w, https:\/\/www.cocondedecoration.com\/blog\/wp-content\/uploads\/2025\/04\/organisation-garage.003.jpeg 1000w\" sizes=\"(max-width: 640px) 100vw, 640px\" \/><\/a><figcaption class=\"wp-element-caption\">calicosy.com<\/figcaption><\/figure>\n\n\n\n<figure class=\"wp-block-image size-large\"><a href=\"https:\/\/www.cocondedecoration.com\/blog\/wp-content\/uploads\/2025\/04\/organisation-garage.004.jpeg\"><img loading=\"lazy\" decoding=\"async\" width=\"640\" height=\"960\" data-id=\"82426\" src=\"https:\/\/www.cocondedecoration.com\/blog\/wp-content\/uploads\/2025\/04\/organisation-garage.004-640x960.jpeg\" alt=\"organisation garage rangement \u00e9tabli et \u00e9tag\u00e8re pegboard mural espace \u00e9pur\u00e9 \" class=\"wp-image-82426\" title=\"organisation garage rangement \u00e9tabli et \u00e9tag\u00e8re pegboard mural espace \u00e9pur\u00e9 \" srcset=\"https:\/\/www.cocondedecoration.com\/blog\/wp-content\/uploads\/2025\/04\/organisation-garage.004-640x960.jpeg 640w, https:\/\/www.cocondedecoration.com\/blog\/wp-content\/uploads\/2025\/04\/organisation-garage.004-260x390.jpeg 260w, https:\/\/www.cocondedecoration.com\/blog\/wp-content\/uploads\/2025\/04\/organisation-garage.004-768x1152.jpeg 768w, https:\/\/www.cocondedecoration.com\/blog\/wp-content\/uploads\/2025\/04\/organisation-garage.004-367x550.jpeg 367w, https:\/\/www.cocondedecoration.com\/blog\/wp-content\/uploads\/2025\/04\/organisation-garage.004-333x500.jpeg 333w, https:\/\/www.cocondedecoration.com\/blog\/wp-content\/uploads\/2025\/04\/organisation-garage.004.jpeg 1000w\" sizes=\"(max-width: 640px) 100vw, 640px\" \/><\/a><figcaption class=\"wp-element-caption\">bestosmosisexperts.com<\/figcaption><\/figure>\n<\/figure>\n\n\n\n<h2 class=\"wp-block-heading\" id=\"aioseo-trier-les-affaires-qui-se-trouvent-entreposees-dans-le-garage\">Trier les affaires qui se trouvent entrepos\u00e9es dans le garage <\/h2>\n\n\n\n<p>Le soucis avec une pi\u00e8ce comme le garage c'est qu'on y passe sans pour autant vraiment faire attention \u00e0 ce qui s'y trouve. On a donc tendance \u00e0 <strong>entreposer plein de choses et les laisser l\u00e0<\/strong>. Un bon gros tri ne peut pas faire de mal. En plus de vous faire gagner de la place, ce tri va vous aider \u00e0 r\u00e9-organiser votre espace. <\/p>\n\n\n\n<ul>\n<li>Affaires qui servent de temps en temps: ski, luge, parasol... <\/li>\n\n\n\n<li>Mat\u00e9riaux de r\u00e9novation: si vous \u00eates encore en plein travaux ok, si vous les avez termin\u00e9s vous pouvez faire un saut \u00e0 la d\u00e9chetterie. <\/li>\n\n\n\n<li>Cartons non vid\u00e9s du d\u00e9m\u00e9nagement: si \u00e7a ne vous manque pas (vu que c'est encore dans le garage) pourquoi tout garder? Dons + ventes (Vinted, Market Place, Le Bon Coin) + d\u00e9chetterie. <\/li>\n\n\n\n<li>Cartons et boites pour les braderies: faire le tri et \u00e9ventuellement vendre \u00e0 tout petit prix pour vraiment vous d\u00e9barrasser. <\/li>\n\n\n\n<li>Outils qui d\u00e9pannent: Que ce soit les outils pour la voiture ou ceux qui vous permettent de faire de menues r\u00e9parations dans la maison, regroupez les ensemble et gardez-les sous la main. <\/li>\n<\/ul>\n\n\n\n<figure class=\"wp-block-gallery has-nested-images columns-default is-cropped wp-block-gallery-3 is-layout-flex wp-block-gallery-is-layout-flex\">\n<figure class=\"wp-block-image size-large\"><a href=\"https:\/\/www.cocondedecoration.com\/blog\/wp-content\/uploads\/2025\/04\/organisation-garage.005.jpeg\"><img loading=\"lazy\" decoding=\"async\" width=\"640\" height=\"960\" data-id=\"82428\" src=\"https:\/\/www.cocondedecoration.com\/blog\/wp-content\/uploads\/2025\/04\/organisation-garage.005-640x960.jpeg\" alt=\"organisation garage rangement meuble de cuisine \u00e9tag\u00e8re lambris color\u00e9 accroche-v\u00e9lo \" class=\"wp-image-82428\" title=\"organisation garage rangement meuble de cuisine \u00e9tag\u00e8re lambris color\u00e9 accroche-v\u00e9lo \" srcset=\"https:\/\/www.cocondedecoration.com\/blog\/wp-content\/uploads\/2025\/04\/organisation-garage.005-640x960.jpeg 640w, https:\/\/www.cocondedecoration.com\/blog\/wp-content\/uploads\/2025\/04\/organisation-garage.005-260x390.jpeg 260w, https:\/\/www.cocondedecoration.com\/blog\/wp-content\/uploads\/2025\/04\/organisation-garage.005-768x1152.jpeg 768w, https:\/\/www.cocondedecoration.com\/blog\/wp-content\/uploads\/2025\/04\/organisation-garage.005-367x550.jpeg 367w, https:\/\/www.cocondedecoration.com\/blog\/wp-content\/uploads\/2025\/04\/organisation-garage.005-333x500.jpeg 333w, https:\/\/www.cocondedecoration.com\/blog\/wp-content\/uploads\/2025\/04\/organisation-garage.005.jpeg 1000w\" sizes=\"(max-width: 640px) 100vw, 640px\" \/><\/a><figcaption class=\"wp-element-caption\">happyhomehour.com<\/figcaption><\/figure>\n\n\n\n<figure class=\"wp-block-image size-large\"><a href=\"https:\/\/www.cocondedecoration.com\/blog\/wp-content\/uploads\/2025\/04\/organisation-garage.006.jpeg\"><img loading=\"lazy\" decoding=\"async\" width=\"640\" height=\"960\" data-id=\"82429\" src=\"https:\/\/www.cocondedecoration.com\/blog\/wp-content\/uploads\/2025\/04\/organisation-garage.006-640x960.jpeg\" alt=\"organisation garage maison grille suspendu hauteur paniers muraux en m\u00e9tal crochet \u00e9chelle espace fonctionnel et pratique rangement \" class=\"wp-image-82429\" title=\"organisation garage maison grille suspendu hauteur paniers muraux en m\u00e9tal crochet \u00e9chelle espace fonctionnel et pratique rangement \" srcset=\"https:\/\/www.cocondedecoration.com\/blog\/wp-content\/uploads\/2025\/04\/organisation-garage.006-640x960.jpeg 640w, https:\/\/www.cocondedecoration.com\/blog\/wp-content\/uploads\/2025\/04\/organisation-garage.006-260x390.jpeg 260w, https:\/\/www.cocondedecoration.com\/blog\/wp-content\/uploads\/2025\/04\/organisation-garage.006-768x1152.jpeg 768w, https:\/\/www.cocondedecoration.com\/blog\/wp-content\/uploads\/2025\/04\/organisation-garage.006-367x550.jpeg 367w, https:\/\/www.cocondedecoration.com\/blog\/wp-content\/uploads\/2025\/04\/organisation-garage.006-333x500.jpeg 333w, https:\/\/www.cocondedecoration.com\/blog\/wp-content\/uploads\/2025\/04\/organisation-garage.006.jpeg 1000w\" sizes=\"(max-width: 640px) 100vw, 640px\" \/><\/a><figcaption class=\"wp-element-caption\">chrislovesjulia.com<\/figcaption><\/figure>\n<\/figure>\n\n\n\n<h2 class=\"wp-block-heading\" id=\"aioseo-astuces-dorganisation-pour-gagner-de-la-place-dans-le-garage\">Astuces d'organisation pour gagner de la place dans le garage <\/h2>\n\n\n\n<h3 class=\"wp-block-heading\" id=\"aioseo-le-meilleur-conseil-pour-un-garage-bien-organise\">Le meilleur conseil pour un garage bien organis\u00e9 <\/h3>\n\n\n\n<p>Etant une grande bord\u00e9lique, je lis beaucoup autour du rangement et de l'organisation. L'un des points communs des diff\u00e9rentes m\u00e9thodes est tout simple: <strong>donner \u00e0 chaque chose une place bien d\u00e9finie<\/strong>. C'est un conseil qui est valable pour l'int\u00e9rieur de la maison mais aussi pour les espaces fonctionnels. C'est d'ailleurs le seul conseil que j'arrive plus ou moins \u00e0 suivre au quotidien avec la m\u00e9thode de pliage de Mari Kondo.  Essayez de donner \u00e0 chaque chose une place bien sp\u00e9cifique et vous verrez que le rangement sera bien plus rapide. <\/p>\n\n\n\n<p>Ceci peut vous int\u00e9resser: <a href=\"https:\/\/www.cocondedecoration.com\/blog\/2024\/10\/organisation-decoration-frigo\/\" target=\"_blank\" rel=\"noopener\" title=\"\">R\u00e9v\u00e9lez le potentiel de votre frigo: organisation et d\u00e9coration<\/a><\/p>\n\n\n\n<h3 class=\"wp-block-heading\" id=\"aioseo-un-systeme-detageres-pour-organiser-le-garage\">Un syst\u00e8me d'\u00e9tag\u00e8res pour organiser le garage<\/h3>\n\n\n\n<p>J'en parlais rapidement dans mon article \u00e0 propos du <a href=\"https:\/\/www.cocondedecoration.com\/blog\/2025\/03\/rangement-vetement-ete-hiver\/\" target=\"_blank\" rel=\"noopener\" title=\"\">rangement des affaires d'hiver<\/a>, les \u00e9tag\u00e8res sont tr\u00e8s pratiques pour stocker. Je ne parle pas ici n\u00e9cessairement des \u00e9tag\u00e8res murales. Plus des <strong>meubles \u00e9tag\u00e8res<\/strong> qui sont bien plus stables et qui ne co\u00fbtent pas n\u00e9cessairement tr\u00e8s cher. <\/p>\n\n\n\n<p>En bas de l'\u00e9tag\u00e8re, on y range tout ce qui est <strong>lourd et encombrant<\/strong>. Pas la peine de vous faire un tour de rein (ou pire) en allant chercher votre collection d'encyclop\u00e9dies papier. A hauteur de bras, on range ce qui est <strong>l\u00e9ger et qui est susceptible de servir<\/strong> plusieurs mois dans l'ann\u00e9e. <\/p>\n\n\n\n<p>Je parlais plus haut des cartons et boites destin\u00e9es aux brocantes. C'est une bonne place. On peut aussi y mettre les r\u00e9serves alimentaires si vous n'avez pas d'arri\u00e8re cuisine. Les conserves par exemple. Enfin, tout en haut, on trouve ce qui est <strong>encombrant, qui ne sert pas souvent et qui n'est pas trop lourd<\/strong>. Les skis ou la glaci\u00e8re par exemple. <\/p>\n\n\n\n<p>En plus des meubles \u00e9tag\u00e8res, on peut ajouter en hauteur des <strong>\u00e9tag\u00e8res tablettes<\/strong>. Il faut juste veiller \u00e0 ce qu'elles n'entravent pas l'ouverture de votre porte de garage. Utiliser la hauteur est toujours une bonne id\u00e9e surtout dans les espaces fonctionnels. <\/p>\n\n\n\n<h3 class=\"wp-block-heading\" id=\"aioseo-trier-et-ranger-letabli\">Trier et ranger l'\u00e9tabli <\/h3>\n\n\n\n<p>Si vous bricolez, si vous r\u00e9parez facilement votre voiture ou encore si vous \u00eates <a href=\"https:\/\/www.cocondedecoration.com\/blog\/2023\/04\/rangement-jardin\/\" target=\"_blank\" rel=\"noopener\" title=\"\">passionn\u00e9\u2022e de jardinage<\/a>, dans le garage peut se trouver un <strong>\u00e9tabli<\/strong>. Pour trouver la bonne place pour votre \u00e9tabli dans le garage, il y a 3 facteurs \u00e0 prendre en compte: <\/p>\n\n\n\n<ul>\n<li>L'\u00e9tabli ne doit pas vous emp\u00eacher d'ouvrir la porti\u00e8re de la voiture, <\/li>\n\n\n\n<li>il ne doit pas entraver le passage, <\/li>\n\n\n\n<li>il doit \u00eatre facilement accessible. <\/li>\n<\/ul>\n\n\n\n<p>Comme je l'\u00e9crivais plus haut, chaque chose doit avoir sa propre place sur l'\u00e9tabli. Il arrive parfois que la <strong>forme des outils soit dessin\u00e9e<\/strong> sur la cr\u00e9dence de l'\u00e9tabli. Un rep\u00e8re visuel qui vous fera gagner du temps pour le rangement. Apr\u00e8s, pour la question du tri. C'est peut-\u00eatre un peu d\u00e9licat. Pourquoi? Parce que je viens d'une famille o\u00f9 on n'a aucun soucis \u00e0 avoir 4 perceuses alors qu'on ne s'en sert que d'une. Ahahah! En vrai, un bon tri n\u00e9cessite de se d\u00e9barrasser de ce qui ne sert jamais et ce que l'on a en plusieurs exemplaires. <\/p>\n\n\n\n<h3 class=\"wp-block-heading\" id=\"aioseo-optimiser-le-rangement-au-dessus-de-la-voiture\">Optimiser le rangement au dessus de la voiture <\/h3>\n\n\n\n<p>Si votre porte de garage s'ouvre sur le c\u00f4t\u00e9 et non sur le dessus, vous pouvez aussi cr\u00e9er du rangement au dessus de la voiture. Le plus pratique est sans aucun doute l'installation d'un <strong>syst\u00e8me de poulies avec une grille<\/strong>. Cela vous permettra de descendre facilement ce qui est rang\u00e9 en hauteur quand la voiture et hors du garage. Et vous pouvez y stocker tout <strong>ce qui ne sert quasiment jamais<\/strong> ou ce qui est encombrant et l\u00e9ger (le v\u00e9lo par exemple). <\/p>\n\n\n\n<figure class=\"wp-block-gallery has-nested-images columns-default is-cropped wp-block-gallery-4 is-layout-flex wp-block-gallery-is-layout-flex\">\n<figure class=\"wp-block-image size-large\"><a href=\"https:\/\/www.cocondedecoration.com\/blog\/wp-content\/uploads\/2025\/04\/organisation-garage.007.jpeg\"><img loading=\"lazy\" decoding=\"async\" width=\"640\" height=\"960\" data-id=\"82431\" src=\"https:\/\/www.cocondedecoration.com\/blog\/wp-content\/uploads\/2025\/04\/organisation-garage.007-640x960.jpeg\" alt=\"organisation garage maison en longueur \u00e9tabli meuble et cr\u00e9dence \u00e9tag\u00e8re simple et pratique \" class=\"wp-image-82431\" title=\"organisation garage maison en longueur \u00e9tabli meuble et cr\u00e9dence \u00e9tag\u00e8re simple et pratique \" srcset=\"https:\/\/www.cocondedecoration.com\/blog\/wp-content\/uploads\/2025\/04\/organisation-garage.007-640x960.jpeg 640w, https:\/\/www.cocondedecoration.com\/blog\/wp-content\/uploads\/2025\/04\/organisation-garage.007-260x390.jpeg 260w, https:\/\/www.cocondedecoration.com\/blog\/wp-content\/uploads\/2025\/04\/organisation-garage.007-768x1152.jpeg 768w, https:\/\/www.cocondedecoration.com\/blog\/wp-content\/uploads\/2025\/04\/organisation-garage.007-367x550.jpeg 367w, https:\/\/www.cocondedecoration.com\/blog\/wp-content\/uploads\/2025\/04\/organisation-garage.007-333x500.jpeg 333w, https:\/\/www.cocondedecoration.com\/blog\/wp-content\/uploads\/2025\/04\/organisation-garage.007.jpeg 1000w\" sizes=\"(max-width: 640px) 100vw, 640px\" \/><\/a><figcaption class=\"wp-element-caption\">vyleron.com<\/figcaption><\/figure>\n\n\n\n<figure class=\"wp-block-image size-large\"><a href=\"https:\/\/www.cocondedecoration.com\/blog\/wp-content\/uploads\/2025\/04\/organisation-garage.008.jpeg\"><img loading=\"lazy\" decoding=\"async\" width=\"640\" height=\"960\" data-id=\"82430\" src=\"https:\/\/www.cocondedecoration.com\/blog\/wp-content\/uploads\/2025\/04\/organisation-garage.008-640x960.jpeg\" alt=\"organisation garage maison \u00e9tag\u00e8re de rangement ferm\u00e9e avec porte grande capacit\u00e9 efficace et fonctionnel \" class=\"wp-image-82430\" title=\"organisation garage maison \u00e9tag\u00e8re de rangement ferm\u00e9e avec porte grande capacit\u00e9 efficace et fonctionnel \" srcset=\"https:\/\/www.cocondedecoration.com\/blog\/wp-content\/uploads\/2025\/04\/organisation-garage.008-640x960.jpeg 640w, https:\/\/www.cocondedecoration.com\/blog\/wp-content\/uploads\/2025\/04\/organisation-garage.008-260x390.jpeg 260w, https:\/\/www.cocondedecoration.com\/blog\/wp-content\/uploads\/2025\/04\/organisation-garage.008-768x1152.jpeg 768w, https:\/\/www.cocondedecoration.com\/blog\/wp-content\/uploads\/2025\/04\/organisation-garage.008-367x550.jpeg 367w, https:\/\/www.cocondedecoration.com\/blog\/wp-content\/uploads\/2025\/04\/organisation-garage.008-333x500.jpeg 333w, https:\/\/www.cocondedecoration.com\/blog\/wp-content\/uploads\/2025\/04\/organisation-garage.008.jpeg 1000w\" sizes=\"(max-width: 640px) 100vw, 640px\" \/><\/a><figcaption class=\"wp-element-caption\">carsocity.com<\/figcaption><\/figure>\n<\/figure>\n\n\n\n<h2 class=\"wp-block-heading\" id=\"aioseo-ranger-les-velos-dans-le-garage-quelles-solutions-soffrent-a-vous\">Ranger les v\u00e9los dans le garage: qu'elles solutions s'offrent \u00e0 vous? <\/h2>\n\n\n\n<p>Je ne pensais pas avoir autant de choses \u00e0 raconter autour de l'organisation du garage. Pour cette derni\u00e8re partie, je voulais abordais la question du rangement des v\u00e9los. Le garage sert g\u00e9n\u00e9ralement \u00e0 ranger la voiture mais pas seulement. <\/p>\n\n\n\n<h3 class=\"wp-block-heading\" id=\"aioseo-opter-pour-un-ratelier-pour-ranger-un-a-plusieurs-velos\">Opter pour un r\u00e2telier pour ranger un \u00e0 plusieurs v\u00e9los <\/h3>\n\n\n\n<p>Le <strong>r\u00e2telier au sol<\/strong> pour un ou plusieurs v\u00e9los est pratique si vous avez beaucoup d'espace et si vous utiliser fr\u00e9quemment votre <a href=\"https:\/\/www.cocondedecoration.com\/blog\/2022\/08\/deco-recup-vieux-velo\/\" target=\"_blank\" rel=\"noopener\" title=\"\">v\u00e9lo<\/a>. Certains mod\u00e8les de r\u00e2teliers peuvent \u00eatre <strong>fix\u00e9s au mur<\/strong>. C'est un gain de place au sol mais il faut pr\u00e9voir un encombrement vertical (et \u00e7a ne doit pas vous g\u00eaner pour circuler). Toujours dans la gamme des r\u00e2teliers, il y a des <strong>mod\u00e8les orientables<\/strong>. Avec ce type d'am\u00e9nagement, vous pourrez ranger vos v\u00e9los en \u00e9pis et gagner de la place. <\/p>\n\n\n\n<h3 class=\"wp-block-heading\" id=\"aioseo-suspendre-votre-velo-au-plafond-du-garage\">Suspendre votre v\u00e9lo au plafond du garage <\/h3>\n\n\n\n<p>C'est une solution que j'ai \u00e9voqu\u00e9e plus haut. Gr\u00e2ce \u00e0 un <strong>syst\u00e8me de poulie ou de crochet<\/strong>, il est possible de ranger votre v\u00e9lo en hauteur. C'est une solution int\u00e9ressante si vous faites du v\u00e9lo quelques fois dans l'ann\u00e9e. Si vous le sortez tous les week-end ou si vous allez travailler en v\u00e9lo, c'est un syst\u00e8me de rangement qui peut \u00eatre contraignant. <\/p>\n\n\n\n<h3 class=\"wp-block-heading\" id=\"aioseo-rangement-mural-pour-velo\">Rangement mural pour v\u00e9lo <\/h3>\n\n\n\n<p>Enfin derni\u00e8re solution le <strong>rangement mural<\/strong>. C'est souvent un crochet qui permet de suspendre le v\u00e9lo soit par la roue avant soit par les p\u00e9dales. Si votre v\u00e9lo est lourd, il est recommand\u00e9 de choisir un syst\u00e8me d'accroche pour les p\u00e9dales, de cette mani\u00e8re votre roue de risque pas de se d\u00e9former. <\/p>\n\n\n\n<figure class=\"wp-block-gallery has-nested-images columns-default is-cropped wp-block-gallery-5 is-layout-flex wp-block-gallery-is-layout-flex\">\n<figure class=\"wp-block-image size-large\"><a href=\"https:\/\/www.cocondedecoration.com\/blog\/wp-content\/uploads\/2025\/04\/organisation-garage.009.jpeg\"><img loading=\"lazy\" decoding=\"async\" width=\"640\" height=\"960\" data-id=\"82432\" src=\"https:\/\/www.cocondedecoration.com\/blog\/wp-content\/uploads\/2025\/04\/organisation-garage.009-640x960.jpeg\" alt=\"organisation garage maison syst\u00e8me stockage v\u00e9lo en hauteur dessus \u00e9tabli \" class=\"wp-image-82432\" title=\"organisation garage maison syst\u00e8me stockage v\u00e9lo en hauteur dessus \u00e9tabli \" srcset=\"https:\/\/www.cocondedecoration.com\/blog\/wp-content\/uploads\/2025\/04\/organisation-garage.009-640x960.jpeg 640w, https:\/\/www.cocondedecoration.com\/blog\/wp-content\/uploads\/2025\/04\/organisation-garage.009-260x390.jpeg 260w, https:\/\/www.cocondedecoration.com\/blog\/wp-content\/uploads\/2025\/04\/organisation-garage.009-768x1152.jpeg 768w, https:\/\/www.cocondedecoration.com\/blog\/wp-content\/uploads\/2025\/04\/organisation-garage.009-367x550.jpeg 367w, https:\/\/www.cocondedecoration.com\/blog\/wp-content\/uploads\/2025\/04\/organisation-garage.009-333x500.jpeg 333w, https:\/\/www.cocondedecoration.com\/blog\/wp-content\/uploads\/2025\/04\/organisation-garage.009.jpeg 1000w\" sizes=\"(max-width: 640px) 100vw, 640px\" \/><\/a><figcaption class=\"wp-element-caption\">doowrt.com<\/figcaption><\/figure>\n\n\n\n<figure class=\"wp-block-image size-large\"><a href=\"https:\/\/www.cocondedecoration.com\/blog\/wp-content\/uploads\/2025\/04\/organisation-garage.010.jpeg\"><img loading=\"lazy\" decoding=\"async\" width=\"640\" height=\"960\" data-id=\"82433\" src=\"https:\/\/www.cocondedecoration.com\/blog\/wp-content\/uploads\/2025\/04\/organisation-garage.010-640x960.jpeg\" alt=\"organisation garage maison pan de mur optimis\u00e9 meuble bas \u00e9tag\u00e8re \u00e9tabli avec cr\u00e9dence \" class=\"wp-image-82433\" title=\"organisation garage maison pan de mur optimis\u00e9 meuble bas \u00e9tag\u00e8re \u00e9tabli avec cr\u00e9dence \" srcset=\"https:\/\/www.cocondedecoration.com\/blog\/wp-content\/uploads\/2025\/04\/organisation-garage.010-640x960.jpeg 640w, https:\/\/www.cocondedecoration.com\/blog\/wp-content\/uploads\/2025\/04\/organisation-garage.010-260x390.jpeg 260w, https:\/\/www.cocondedecoration.com\/blog\/wp-content\/uploads\/2025\/04\/organisation-garage.010-768x1152.jpeg 768w, https:\/\/www.cocondedecoration.com\/blog\/wp-content\/uploads\/2025\/04\/organisation-garage.010-367x550.jpeg 367w, https:\/\/www.cocondedecoration.com\/blog\/wp-content\/uploads\/2025\/04\/organisation-garage.010-333x500.jpeg 333w, https:\/\/www.cocondedecoration.com\/blog\/wp-content\/uploads\/2025\/04\/organisation-garage.010.jpeg 1000w\" sizes=\"(max-width: 640px) 100vw, 640px\" \/><\/a><figcaption class=\"wp-element-caption\">Mr. Green via Pinterest<\/figcaption><\/figure>\n<\/figure>\n\n\n\n<p class=\"has-small-font-size\">Source de l'image d'en-t\u00eate: bhg.com<\/p>\n","protected":false},"excerpt":{"rendered":"<p>Le printemps est sans doute la meilleure saison pour trier et organiser le garage. Une pi\u00e8ce qui se doit d&rsquo;\u00eatre fonctionnelle au quotidien. <span class=\"more-link\"><a href=\"https:\/\/www.cocondedecoration.com\/blog\/2025\/04\/rangement-organisation-garage\/\">Lire la suite<\/a><\/span><\/p>\n","protected":false},"author":1,"featured_media":82434,"comment_status":"open","ping_status":"open","sticky":false,"template":"","format":"standard","meta":{"om_disable_all_campaigns":false,"_monsterinsights_skip_tracking":false,"_monsterinsights_sitenote_active":false,"_monsterinsights_sitenote_note":"","_monsterinsights_sitenote_category":0,"_uf_show_specific_survey":0,"_uf_disable_surveys":false,"footnotes":""},"categories":[34093],"tags":[2887,61921,3158,4167,52],"aioseo_notices":[],"_links":{"self":[{"href":"https:\/\/www.cocondedecoration.com\/blog\/wp-json\/wp\/v2\/posts\/82387"}],"collection":[{"href":"https:\/\/www.cocondedecoration.com\/blog\/wp-json\/wp\/v2\/posts"}],"about":[{"href":"https:\/\/www.cocondedecoration.com\/blog\/wp-json\/wp\/v2\/types\/post"}],"author":[{"embeddable":true,"href":"https:\/\/www.cocondedecoration.com\/blog\/wp-json\/wp\/v2\/users\/1"}],"replies":[{"embeddable":true,"href":"https:\/\/www.cocondedecoration.com\/blog\/wp-json\/wp\/v2\/comments?post=82387"}],"version-history":[{"count":3,"href":"https:\/\/www.cocondedecoration.com\/blog\/wp-json\/wp\/v2\/posts\/82387\/revisions"}],"predecessor-version":[{"id":82436,"href":"https:\/\/www.cocondedecoration.com\/blog\/wp-json\/wp\/v2\/posts\/82387\/revisions\/82436"}],"wp:featuredmedia":[{"embeddable":true,"href":"https:\/\/www.cocondedecoration.com\/blog\/wp-json\/wp\/v2\/media\/82434"}],"wp:attachment":[{"href":"https:\/\/www.cocondedecoration.com\/blog\/wp-json\/wp\/v2\/media?parent=82387"}],"wp:term":[{"taxonomy":"category","embeddable":true,"href":"https:\/\/www.cocondedecoration.com\/blog\/wp-json\/wp\/v2\/categories?post=82387"},{"taxonomy":"post_tag","embeddable":true,"href":"https:\/\/www.cocondedecoration.com\/blog\/wp-json\/wp\/v2\/tags?post=82387"}],"curies":[{"name":"wp","href":"https:\/\/api.w.org\/{rel}","templated":true}]}}