{"id":81703,"date":"2025-02-27T07:13:35","date_gmt":"2025-02-27T05:13:35","guid":{"rendered":"https:\/\/www.cocondedecoration.com\/blog\/?p=81703"},"modified":"2025-02-27T07:13:38","modified_gmt":"2025-02-27T05:13:38","slug":"interieur-jaune-rose","status":"publish","type":"post","link":"https:\/\/www.cocondedecoration.com\/blog\/2025\/02\/interieur-jaune-rose\/","title":{"rendered":"Un int\u00e9rieur harmonieux gr\u00e2ce au combo jaune et rose"},"content":{"rendered":"\n<p>Vous cherchez de la douceur et de la gait\u00e9 pour votre int\u00e9rieur? Et si le jaune associ\u00e9 au rose \u00e9taient la solution? Ces deux couleurs sont similaire dans le sens o\u00f9 ce sont des couleurs dites \"chaudes\" et elles s'associent facilement dans une pi\u00e8ce pour cr\u00e9er une ambiance chaleureuse et vivante.  <\/p>\n\n\n\n<!--more-->\n\n\n\n<div class=\"wp-block-columns is-layout-flex wp-container-core-columns-layout-1 wp-block-columns-is-layout-flex\">\n<div class=\"wp-block-column is-layout-flow wp-block-column-is-layout-flow\">\n<p class=\"has-medium-font-size\">Sommaire: comment associer jaune et rose dans votre d\u00e9co? <\/p>\n\n\n\n<div class=\"wp-block-aioseo-table-of-contents\"><ul><li><a href=\"#aioseo-symbolique-des-couleurs-quest-ce-quinspirent-le-rose-et-le-jaune\">Symbolique des couleurs: qu'est-ce qu'inspirent le rose et le jaune?<\/a><ul><\/ul><\/li><li><a href=\"#aioseo-decorer-le-salon-en-jaune-et-rose\">D\u00e9corer le salon en jaune et rose<\/a><ul><\/ul><\/li><li><a href=\"#aioseo-pastel-ou-vif-quelles-nuances-de-jaune-et-de-rose-choisir\">Pastel ou vif - quelles nuances de jaune et de rose choisir?<\/a><ul><\/ul><\/li><li><a href=\"#aioseo-est-ce-une-bonne-idee-de-decorer-la-chambre-avec-du-rose-et-du-jaune\">Est-ce une bonne id\u00e9e de d\u00e9corer la chambre avec du rose et du jaune?<\/a><\/li><li><a href=\"#aioseo-references-de-papiers-peints-pour-une-deco-en-jaune-et-rose\">R\u00e9f\u00e9rences de papiers peints pour une d\u00e9co en jaune et rose<\/a><\/li><li><a href=\"#aioseo-quel-style-de-meubles-choisir-pour-un-interieur-rose-et-jaune\">Quel style de meubles choisir pour un int\u00e9rieur rose et jaune?<\/a><\/li><li><a href=\"#aioseo-une-tierce-couleur-pour-equilibrer-le-combo-jaune-et-rose\">Une tierce couleur pour \u00e9quilibrer le combo jaune et rose<\/a><\/li><\/ul><\/div>\n<\/div>\n\n\n\n<div class=\"wp-block-column is-layout-flow wp-block-column-is-layout-flow\">\n<p><em>Bienvenue sur le blog Cocon | d\u00e9coration &amp; slow living. Ici vous trouverez des inspirations, conseils et pistes pour cr\u00e9er un int\u00e9rieur qui vous ressemble. <br><\/em><br><em>Pour me soutenir vous pouvez vous abonner \u00e0 ma newsletter et en choisissant un abonnement payant, vous contribuez directement \u00e0 me soutenir et \u00e0 faire perdurer cet espace d'inspirations.<\/em><\/p>\n\n\n\n<div class=\"wp-block-buttons is-content-justification-center is-layout-flex wp-container-core-buttons-layout-1 wp-block-buttons-is-layout-flex\">\n<div class=\"wp-block-button is-style-outline\"><a class=\"wp-block-button__link wp-element-button\" href=\"https:\/\/www.patreon.com\/c\/cocondedeco\/membership\" target=\"_blank\" rel=\"noreferrer noopener\">Let's go<\/a><\/div>\n<\/div>\n<\/div>\n<\/div>\n\n\n\n<h2 class=\"wp-block-heading\" id=\"aioseo-symbolique-des-couleurs-quest-ce-quinspirent-le-rose-et-le-jaune\">Symbolique des couleurs: qu'est-ce qu'inspirent le rose et le jaune? <\/h2>\n\n\n\n<p>Mes articles autour des associations de couleurs sont une bonne opportunit\u00e9 pour rappeler la symbolique des couleurs. M\u00eame si on n'en a pas n\u00e9cessairement conscience, les couleurs ont une certaine \"valeur\" et cela peut jouer sur le ressenti que l'on a sur notre d\u00e9coration. <\/p>\n\n\n\n<h3 class=\"wp-block-heading\" id=\"aioseo-quest-ce-que-le-jaune-symbolise\">Qu'est-ce que le jaune symbolise? <\/h3>\n\n\n\n<p>Le jaune a plusieurs symboliques. C'est une couleur bien souvent tonique qui rappelle la <strong>couleur du soleil<\/strong> et toutes les bonnes choses qui lui sont relatives (bonne humeur, chaleur, vie en ext\u00e9rieur...) Le jaune est une couleur avec un grand <strong>potentiel positif<\/strong>. Il repr\u00e9sente essentiellement: <\/p>\n\n\n\n<ul>\n<li>joie et bonheur <\/li>\n\n\n\n<li>chaleur et lumi\u00e8re (le soleil) <\/li>\n\n\n\n<li>sagesse et intelligence <\/li>\n\n\n\n<li>richesse et puissance (l'or pas la couleur, le mat\u00e9riau)<\/li>\n\n\n\n<li>\u00e9veil spirituel (une couleur tr\u00e8s pr\u00e9sente dans les \"hautes\" castes de l'hindouisme par exemple)<\/li>\n<\/ul>\n\n\n\n<p>Le jaune se d\u00e9cline en de nombreuses nuances. On peut trouver du jaune soleil comme du <a href=\"https:\/\/www.cocondedecoration.com\/blog\/2024\/10\/decoration-jaune-moutarde\/\" target=\"_blank\" rel=\"noopener\" title=\"\">jaune moutarde<\/a> ou encore de l'ocre. Ces deux derni\u00e8res nuances de jaune justement sont des m\u00e9langes de couleurs. Le moutarde est compos\u00e9 de jaune et de gris, il combine <strong>chaleur et douceur<\/strong>. Le <a href=\"https:\/\/www.cocondedecoration.com\/blog\/2023\/01\/interieur-couleur-jaune-ocre\/\" target=\"_blank\" rel=\"noopener\" title=\"\">jaune ocre<\/a> quant \u00e0 lui est un m\u00e9lange de jaune et de marron. Il est plus <strong>terreux<\/strong>. <\/p>\n\n\n\n<h3 class=\"wp-block-heading\" id=\"aioseo-les-differentes-symboliques-du-rose\">Les diff\u00e9rentes symboliques du rose <\/h3>\n\n\n\n<p>Le rose a lui aussi plusieurs symboliques. Elles sont assez bien connues de tous\u2022tes. Il y a <strong>une grande douceur<\/strong> qui se d\u00e9gage du rose la plupart du temps et pas juste avec des nuances pastel. C'est une couleur qui peut \u00eatre <strong>r\u00e9confortante<\/strong> et <strong>apaiser le moral \/ les angoisses<\/strong>. Les principales symboliques du rose sont: <\/p>\n\n\n\n<ul>\n<li>romantisme et tendresse<\/li>\n\n\n\n<li>f\u00e9minit\u00e9 et \u00e9l\u00e9gance<\/li>\n\n\n\n<li>bonheur et optimisme <\/li>\n\n\n\n<li>jeunesse et innocence <\/li>\n\n\n\n<li>gratitude et admiration (dans le langage des fleurs, les roses roses) <\/li>\n<\/ul>\n\n\n\n<p>Comme pour le jaune, le rose se d\u00e9clinent en diff\u00e9rentes nuances. Le rose pastel que j'\u00e9voquais juste avant est souvent associ\u00e9 \u00e0 l'univers de l'enfant. Le rose poudr\u00e9 est plus profond, il rappelle entre autre les vieilles demeures et une certaine forme d'\u00e9l\u00e9gance. <\/p>\n\n\n\n<p>A lire \u00e9galement: <a href=\"https:\/\/www.cocondedecoration.com\/blog\/2024\/02\/decoration-associer-rouge-et-rose\/\" target=\"_blank\" rel=\"noopener\" title=\"\">Pour ou contre associer le rose et le rouge? + de 25 inspirations<\/a> <\/p>\n\n\n\n<h3 class=\"wp-block-heading\" id=\"aioseo-associer-2-couleurs-entre-elles-pour-mixer-leurs-bienfaits\">Associer 2 couleurs entre elles pour mixer leurs bienfaits <\/h3>\n\n\n\n<p>Associer plusieurs couleurs dans son int\u00e9rieur permet de cr\u00e9er une dynamique mais pas que! En effet, c'est une bonne mani\u00e8re de tirer partie de ce que repr\u00e9sentent les couleurs. Le jaune et le rose sont deux couleurs <strong>globalement positives<\/strong>. Et selon la proportion de couleurs utilis\u00e9es, on aura un int\u00e9rieur <strong>plus ou moins chaleureux<\/strong> (dominante de jaune) ou <strong>plus ou moins doux<\/strong> (dominante de rose). Dans un espace essentiellement rose, le jaune va offrir une touche de <strong>dynamisme<\/strong>. A l'inverse, une touche de rose dans un d\u00e9cor jaune calmera l'intensit\u00e9, la vitalit\u00e9 de cette derni\u00e8re couleur. Ce mix de couleurs vous permettra de cr\u00e9er un d\u00e9cor harmonieux. <\/p>\n\n\n\n<figure class=\"wp-block-gallery has-nested-images columns-default is-cropped wp-block-gallery-1 is-layout-flex wp-block-gallery-is-layout-flex\">\n<figure class=\"wp-block-image size-large\"><a href=\"https:\/\/www.cocondedecoration.com\/blog\/wp-content\/uploads\/2025\/02\/decoration-association-jaune-et-rose.001.jpeg\"><img loading=\"lazy\" decoding=\"async\" width=\"640\" height=\"960\" data-id=\"81704\" src=\"https:\/\/www.cocondedecoration.com\/blog\/wp-content\/uploads\/2025\/02\/decoration-association-jaune-et-rose.001-640x960.jpeg\" alt=\"associer du jaune et du rose d\u00e9coration petite salle de bain carrelage rose pastel meuble vasque jaune soleil couleur secondaire bleu vert \" class=\"wp-image-81704\" title=\"associer du jaune et du rose d\u00e9coration petite salle de bain carrelage rose pastel meuble vasque jaune soleil couleur secondaire bleu vert \" srcset=\"https:\/\/www.cocondedecoration.com\/blog\/wp-content\/uploads\/2025\/02\/decoration-association-jaune-et-rose.001-640x960.jpeg 640w, https:\/\/www.cocondedecoration.com\/blog\/wp-content\/uploads\/2025\/02\/decoration-association-jaune-et-rose.001-260x390.jpeg 260w, https:\/\/www.cocondedecoration.com\/blog\/wp-content\/uploads\/2025\/02\/decoration-association-jaune-et-rose.001-768x1152.jpeg 768w, https:\/\/www.cocondedecoration.com\/blog\/wp-content\/uploads\/2025\/02\/decoration-association-jaune-et-rose.001-367x550.jpeg 367w, https:\/\/www.cocondedecoration.com\/blog\/wp-content\/uploads\/2025\/02\/decoration-association-jaune-et-rose.001-333x500.jpeg 333w, https:\/\/www.cocondedecoration.com\/blog\/wp-content\/uploads\/2025\/02\/decoration-association-jaune-et-rose.001.jpeg 1000w\" sizes=\"(max-width: 640px) 100vw, 640px\" \/><\/a><figcaption class=\"wp-element-caption\">stylingherlife.com<\/figcaption><\/figure>\n\n\n\n<figure class=\"wp-block-image size-large\"><a href=\"https:\/\/www.cocondedecoration.com\/blog\/wp-content\/uploads\/2025\/02\/decoration-association-jaune-et-rose.002.jpeg\"><img loading=\"lazy\" decoding=\"async\" width=\"640\" height=\"960\" data-id=\"81705\" src=\"https:\/\/www.cocondedecoration.com\/blog\/wp-content\/uploads\/2025\/02\/decoration-association-jaune-et-rose.002-640x960.jpeg\" alt=\"associer du jaune et du rose d\u00e9coration salon s\u00e9jour mur peinture rose porte nuance plus fonc\u00e9e canap\u00e9 velours jaune galerie cadre mural \" class=\"wp-image-81705\" title=\"associer du jaune et du rose d\u00e9coration salon s\u00e9jour mur peinture rose porte nuance plus fonc\u00e9e canap\u00e9 velours jaune galerie cadre mural \" srcset=\"https:\/\/www.cocondedecoration.com\/blog\/wp-content\/uploads\/2025\/02\/decoration-association-jaune-et-rose.002-640x960.jpeg 640w, https:\/\/www.cocondedecoration.com\/blog\/wp-content\/uploads\/2025\/02\/decoration-association-jaune-et-rose.002-260x390.jpeg 260w, https:\/\/www.cocondedecoration.com\/blog\/wp-content\/uploads\/2025\/02\/decoration-association-jaune-et-rose.002-768x1152.jpeg 768w, https:\/\/www.cocondedecoration.com\/blog\/wp-content\/uploads\/2025\/02\/decoration-association-jaune-et-rose.002-367x550.jpeg 367w, https:\/\/www.cocondedecoration.com\/blog\/wp-content\/uploads\/2025\/02\/decoration-association-jaune-et-rose.002-333x500.jpeg 333w, https:\/\/www.cocondedecoration.com\/blog\/wp-content\/uploads\/2025\/02\/decoration-association-jaune-et-rose.002.jpeg 1000w\" sizes=\"(max-width: 640px) 100vw, 640px\" \/><\/a><figcaption class=\"wp-element-caption\">theguardian.com<\/figcaption><\/figure>\n<\/figure>\n\n\n\n<h2 class=\"wp-block-heading\" id=\"aioseo-decorer-le-salon-en-jaune-et-rose\">D\u00e9corer le salon en jaune et rose<\/h2>\n\n\n\n<p>L'association du jaune et du rose va particuli\u00e8rement bien dans <strong>les pi\u00e8ces de vie<\/strong>, notamment le salon. C'est un espace qui supporte aussi bien une dominante jaune qu'une dominante rose. Cela d\u00e9pend du type d'\u00e9nergie que vous souhaitez retranscrire dans votre espace de vie. <\/p>\n\n\n\n<h3 class=\"wp-block-heading\" id=\"aioseo-le-canape-colore-un-atout-pour-un-sejour-en-jaune-et-rose\">Le canap\u00e9 color\u00e9, un atout pour un s\u00e9jour en jaune et rose <\/h3>\n\n\n\n<p>Pour combiner les deux couleurs qui nous int\u00e9ressent dans cet article, <strong>le canap\u00e9<\/strong> est tr\u00e8s int\u00e9ressant. Cela fait plusieurs ann\u00e9es maintenant que cette assise tend \u00e0 se colorer. Et il est facile de trouver dans le commerce un <a href=\"https:\/\/www.cocondedecoration.com\/blog\/2020\/06\/ou-trouver-un-canape-en-velours-rose\/\" target=\"_blank\" rel=\"noopener\" title=\"\">canap\u00e9 rose<\/a> ou un <a href=\"https:\/\/www.cocondedecoration.com\/blog\/2024\/10\/ou-trouver-canape-jaune\/\" target=\"_blank\" rel=\"noopener\" title=\"\">canap\u00e9 jaune<\/a>. Par ailleurs, dans le salon, les <strong>accessoires textiles<\/strong> ont une place importante (<a href=\"https:\/\/www.cocondedecoration.com\/blog\/2023\/05\/comment-choisir-rideaux\/\" target=\"_blank\" rel=\"noopener\" title=\"\">rideaux<\/a>, coussin, plaid ou encore tapis). Et ils peuvent donc vous aider \u00e0 d\u00e9velopper votre association de couleurs.<\/p>\n\n\n\n<h3 class=\"wp-block-heading\" id=\"aioseo-trouver-le-bon-equilibre-entre-le-rose-et-le-jaune-dans-le-sejour\">Trouver le bon \u00e9quilibre entre le rose et le jaune dans le s\u00e9jour<\/h3>\n\n\n\n<p>Dans ma s\u00e9lection d'inspirations, j'ai essay\u00e9 de varier les plaisirs. Tout le monde n'aspire pas \u00e0 un univers bicolore dans le s\u00e9jour. <strong>Le blanc<\/strong> est souvent une couleur choisie comme couleur dominante. Le rose et le jaune sont alors des couleurs secondaire et accent. Si vous partez sur une dominante de rose par exemple, il est int\u00e9ressant de s'interroger sur la nuance. Un <strong>rose clair <\/strong>aura presque les m\u00eames propri\u00e9t\u00e9s que le blanc: sentiment que<strong> la pi\u00e8ce est plus grande et plus lumineuse<\/strong>. Les roses sourds dont le rose poudr\u00e9 peut faire partie aura une l\u00e9g\u00e8re tendance \u00e0 tasser l'espace mais c'est aussi une bonne couleur pour cr\u00e9er <strong>un espace intime<\/strong>. <\/p>\n\n\n\n<figure class=\"wp-block-gallery has-nested-images columns-default is-cropped wp-block-gallery-2 is-layout-flex wp-block-gallery-is-layout-flex\">\n<figure class=\"wp-block-image size-large\"><a href=\"https:\/\/www.cocondedecoration.com\/blog\/wp-content\/uploads\/2025\/02\/decoration-association-jaune-et-rose.003.jpeg\"><img loading=\"lazy\" decoding=\"async\" width=\"640\" height=\"960\" data-id=\"81707\" src=\"https:\/\/www.cocondedecoration.com\/blog\/wp-content\/uploads\/2025\/02\/decoration-association-jaune-et-rose.003-640x960.jpeg\" alt=\"associer du jaune et du rose d\u00e9coration chambre \u00e0 coucher boh\u00e8me dominante blanche accessoire textile color\u00e9 grand tableau mural textur\u00e9 \" class=\"wp-image-81707\" title=\"associer du jaune et du rose d\u00e9coration chambre \u00e0 coucher boh\u00e8me dominante blanche accessoire textile color\u00e9 grand tableau mural textur\u00e9 \" srcset=\"https:\/\/www.cocondedecoration.com\/blog\/wp-content\/uploads\/2025\/02\/decoration-association-jaune-et-rose.003-640x960.jpeg 640w, https:\/\/www.cocondedecoration.com\/blog\/wp-content\/uploads\/2025\/02\/decoration-association-jaune-et-rose.003-260x390.jpeg 260w, https:\/\/www.cocondedecoration.com\/blog\/wp-content\/uploads\/2025\/02\/decoration-association-jaune-et-rose.003-768x1152.jpeg 768w, https:\/\/www.cocondedecoration.com\/blog\/wp-content\/uploads\/2025\/02\/decoration-association-jaune-et-rose.003-367x550.jpeg 367w, https:\/\/www.cocondedecoration.com\/blog\/wp-content\/uploads\/2025\/02\/decoration-association-jaune-et-rose.003-333x500.jpeg 333w, https:\/\/www.cocondedecoration.com\/blog\/wp-content\/uploads\/2025\/02\/decoration-association-jaune-et-rose.003.jpeg 1000w\" sizes=\"(max-width: 640px) 100vw, 640px\" \/><\/a><figcaption class=\"wp-element-caption\">i. puah via Pinterest<\/figcaption><\/figure>\n\n\n\n<figure class=\"wp-block-image size-large\"><a href=\"https:\/\/www.cocondedecoration.com\/blog\/wp-content\/uploads\/2025\/02\/decoration-association-jaune-et-rose.004.jpeg\"><img loading=\"lazy\" decoding=\"async\" width=\"640\" height=\"960\" data-id=\"81706\" src=\"https:\/\/www.cocondedecoration.com\/blog\/wp-content\/uploads\/2025\/02\/decoration-association-jaune-et-rose.004-640x960.jpeg\" alt=\"associer du jaune et du rose d\u00e9coration peinture unie mate rideau voilage color\u00e9 canap\u00e9 ocre salon s\u00e9jour intime \" class=\"wp-image-81706\" title=\"associer du jaune et du rose d\u00e9coration peinture unie mate rideau voilage color\u00e9 canap\u00e9 ocre salon s\u00e9jour intime \" srcset=\"https:\/\/www.cocondedecoration.com\/blog\/wp-content\/uploads\/2025\/02\/decoration-association-jaune-et-rose.004-640x960.jpeg 640w, https:\/\/www.cocondedecoration.com\/blog\/wp-content\/uploads\/2025\/02\/decoration-association-jaune-et-rose.004-260x390.jpeg 260w, https:\/\/www.cocondedecoration.com\/blog\/wp-content\/uploads\/2025\/02\/decoration-association-jaune-et-rose.004-768x1152.jpeg 768w, https:\/\/www.cocondedecoration.com\/blog\/wp-content\/uploads\/2025\/02\/decoration-association-jaune-et-rose.004-367x550.jpeg 367w, https:\/\/www.cocondedecoration.com\/blog\/wp-content\/uploads\/2025\/02\/decoration-association-jaune-et-rose.004-333x500.jpeg 333w, https:\/\/www.cocondedecoration.com\/blog\/wp-content\/uploads\/2025\/02\/decoration-association-jaune-et-rose.004.jpeg 1000w\" sizes=\"(max-width: 640px) 100vw, 640px\" \/><\/a><figcaption class=\"wp-element-caption\">homesandgardens.com<\/figcaption><\/figure>\n<\/figure>\n\n\n\n<h2 class=\"wp-block-heading\" id=\"aioseo-pastel-ou-vif-quelles-nuances-de-jaune-et-de-rose-choisir\">Pastel ou vif - quelles nuances de jaune et de rose choisir? <\/h2>\n\n\n\n<p>Il n'y a pas de r\u00e9ponse standard \u00e0 cette question. Cela d\u00e9pend de plusieurs facteurs: <\/p>\n\n\n\n<ul>\n<li>vos go\u00fbts (certain\u2022e\u2022s pr\u00e9f\u00e8rent la douceur des pastel, d'autres sont plus sensible \u00e0 la vitalit\u00e9 des couleurs vives)<\/li>\n\n\n\n<li>l'effet souhait\u00e9 dans la pi\u00e8ce (les pastels auront tendance \u00e0 cr\u00e9er l'illusion que la pi\u00e8ce est plus grande qu'elle ne l'est en r\u00e9alit\u00e9) <\/li>\n\n\n\n<li>la quantit\u00e9 de couleur (il peut \u00eatre plus facile d'utiliser des couleurs vives en petites touches) <\/li>\n<\/ul>\n\n\n\n<h3 class=\"wp-block-heading\" id=\"aioseo-decorer-avec-du-jaune-et-du-rose-pastel\">D\u00e9corer avec du jaune et du rose pastel<\/h3>\n\n\n\n<p>Comme je viens de l'\u00e9crire, les pastels ont l'avantage de ne pas rapetisser l'espace. Ce sont des couleurs claires qui apportent de<strong> la douceur<\/strong>. Le hic c'est que parfois elles peuvent faire r\u00e9f\u00e9rence au monde de l'enfant. Donc si le jaune et rose pastel sont destin\u00e9s \u00e0 la <a href=\"https:\/\/www.cocondedecoration.com\/blog\/2021\/03\/quelle-couleur-chambre-enfant\/\" target=\"_blank\" rel=\"noopener\" title=\"\">chambre de votre kid<\/a>, c'est parfait. Si ce n'est pas le cas, il faudra veiller \u00e0 ne pas cr\u00e9er un univers trop enfantin. L'\u00e9quilibre peut se trouver avec les <strong>mat\u00e9riaux<\/strong> mais aussi les <strong>formes de vos meubles<\/strong> et <strong>objets d\u00e9coratifs<\/strong>. <\/p>\n\n\n\n<p>A lire aussi: <a href=\"https:\/\/www.cocondedecoration.com\/blog\/2023\/12\/maison-pastel-vintage-eclectique\/\" target=\"_blank\" rel=\"noopener\" title=\"\">Une maison pastel, douce et \u00e9clectique | visite d\u00e9co<\/a> <\/p>\n\n\n\n<h3 class=\"wp-block-heading\" id=\"aioseo-un-interieur-en-jaune-et-rose-vifs\">Un int\u00e9rieur en jaune et rose vifs <\/h3>\n\n\n\n<p>Les couleurs franches ont un fort pouvoir d\u00e9coratif et visuel. Il n'est <strong>pas n\u00e9cessaire d'en mettre en grande quantit\u00e9<\/strong> pour colorer et profiter de l'\u00e9nergie de la couleur. Si on prend l'exemple de la <a href=\"https:\/\/www.cocondedecoration.com\/blog\/2023\/06\/reussir-decoration-salle-de-bain\/\" target=\"_blank\" rel=\"noopener\" title=\"\">salle de bain<\/a>, les couleurs vives vous aideront peut-\u00eatre \u00e0 vous r\u00e9veiller le matin. Le combo jaune \/ rose vifs est source de tonus. <\/p>\n\n\n\n<figure class=\"wp-block-gallery has-nested-images columns-default is-cropped wp-block-gallery-3 is-layout-flex wp-block-gallery-is-layout-flex\">\n<figure class=\"wp-block-image size-large\"><a href=\"https:\/\/www.cocondedecoration.com\/blog\/wp-content\/uploads\/2025\/02\/decoration-association-jaune-et-rose.005.jpeg\"><img loading=\"lazy\" decoding=\"async\" width=\"640\" height=\"960\" data-id=\"81708\" src=\"https:\/\/www.cocondedecoration.com\/blog\/wp-content\/uploads\/2025\/02\/decoration-association-jaune-et-rose.005-640x960.jpeg\" alt=\"associer du jaune et du rose d\u00e9coration papier peint color\u00e9 soleil fleur original rev\u00eatement mural \" class=\"wp-image-81708\" title=\"associer du jaune et du rose d\u00e9coration papier peint color\u00e9 soleil fleur original rev\u00eatement mural \" srcset=\"https:\/\/www.cocondedecoration.com\/blog\/wp-content\/uploads\/2025\/02\/decoration-association-jaune-et-rose.005-640x960.jpeg 640w, https:\/\/www.cocondedecoration.com\/blog\/wp-content\/uploads\/2025\/02\/decoration-association-jaune-et-rose.005-260x390.jpeg 260w, https:\/\/www.cocondedecoration.com\/blog\/wp-content\/uploads\/2025\/02\/decoration-association-jaune-et-rose.005-768x1152.jpeg 768w, https:\/\/www.cocondedecoration.com\/blog\/wp-content\/uploads\/2025\/02\/decoration-association-jaune-et-rose.005-367x550.jpeg 367w, https:\/\/www.cocondedecoration.com\/blog\/wp-content\/uploads\/2025\/02\/decoration-association-jaune-et-rose.005-333x500.jpeg 333w, https:\/\/www.cocondedecoration.com\/blog\/wp-content\/uploads\/2025\/02\/decoration-association-jaune-et-rose.005.jpeg 1000w\" sizes=\"(max-width: 640px) 100vw, 640px\" \/><\/a><figcaption class=\"wp-element-caption\">paper-mint.fr<\/figcaption><\/figure>\n\n\n\n<figure class=\"wp-block-image size-large\"><a href=\"https:\/\/www.cocondedecoration.com\/blog\/wp-content\/uploads\/2025\/02\/decoration-association-jaune-et-rose.006.jpeg\"><img loading=\"lazy\" decoding=\"async\" width=\"640\" height=\"960\" data-id=\"81709\" src=\"https:\/\/www.cocondedecoration.com\/blog\/wp-content\/uploads\/2025\/02\/decoration-association-jaune-et-rose.006-640x960.jpeg\" alt=\"associer du jaune et du rose d\u00e9coration salon s\u00e9jour \u00e9l\u00e9gant canap\u00e9 jaune rideau pliss\u00e9 rose ancien \" class=\"wp-image-81709\" title=\"associer du jaune et du rose d\u00e9coration salon s\u00e9jour \u00e9l\u00e9gant canap\u00e9 jaune rideau pliss\u00e9 rose ancien \" srcset=\"https:\/\/www.cocondedecoration.com\/blog\/wp-content\/uploads\/2025\/02\/decoration-association-jaune-et-rose.006-640x960.jpeg 640w, https:\/\/www.cocondedecoration.com\/blog\/wp-content\/uploads\/2025\/02\/decoration-association-jaune-et-rose.006-260x390.jpeg 260w, https:\/\/www.cocondedecoration.com\/blog\/wp-content\/uploads\/2025\/02\/decoration-association-jaune-et-rose.006-768x1152.jpeg 768w, https:\/\/www.cocondedecoration.com\/blog\/wp-content\/uploads\/2025\/02\/decoration-association-jaune-et-rose.006-367x550.jpeg 367w, https:\/\/www.cocondedecoration.com\/blog\/wp-content\/uploads\/2025\/02\/decoration-association-jaune-et-rose.006-333x500.jpeg 333w, https:\/\/www.cocondedecoration.com\/blog\/wp-content\/uploads\/2025\/02\/decoration-association-jaune-et-rose.006.jpeg 1000w\" sizes=\"(max-width: 640px) 100vw, 640px\" \/><\/a><figcaption class=\"wp-element-caption\">interiordesigninfo.com<\/figcaption><\/figure>\n<\/figure>\n\n\n\n<h2 class=\"wp-block-heading\" id=\"aioseo-est-ce-une-bonne-idee-de-decorer-la-chambre-avec-du-rose-et-du-jaune\">Est-ce une bonne id\u00e9e de d\u00e9corer la chambre avec du rose et du jaune? <\/h2>\n\n\n\n<p>La <a href=\"https:\/\/www.cocondedecoration.com\/blog\/2021\/06\/chambre-adulte-coloree\/\" target=\"_blank\" rel=\"noopener\" title=\"\">chambre<\/a> est un espace o\u00f9 l'on cherche la plupart du temps un certain <strong>apaisement<\/strong>. Le jaune bien souvent ne va pas dans ce sens. Et il peut \u00eatre bon de choisir le jaune comme <strong>couleur accent<\/strong> plut\u00f4t qu'en couleur dominante ou secondaire. <\/p>\n\n\n\n<p>N\u00e9anmoins, le jaune peut vous aider \u00e0 <strong>r\u00e9chauffer l'atmosph\u00e8re<\/strong> de votre pi\u00e8ce. La chambre est souvent expos\u00e9e au nord ou nord-est. Elle n'a pas besoin d'autant de luminosit\u00e9 que les pi\u00e8ces de vie. Mais cette exposition cr\u00e9e parfois une ambiance trop froide. La couleur vous aidera \u00e0 rectifier cette impression. <\/p>\n\n\n\n<p>Peinture du soubassement ou du plafond, papier peint, accessoires textiles, <a href=\"https:\/\/www.cocondedecoration.com\/blog\/2020\/09\/ou-trouver-tete-de-lit-velours\/\" target=\"_blank\" rel=\"noopener\" title=\"\">t\u00eate de lit<\/a>, tapis et descente de lit, petit meuble relook\u00e9s... sont autant de possibilit\u00e9s pour apporter de la couleur dans votre espace sommeil. Le rose clair et l\u00e9g\u00e8rement poudr\u00e9 peut vous aider \u00e0 cr\u00e9er <strong>un espace plus tendre et doux<\/strong> qui vous aidera \u00e0 trouver le sommeil plus facilement ou du moins \u00e0 vous d\u00e9tendre. Le rose a \u00e9galement un <strong>aspect enveloppant<\/strong> qui est int\u00e9ressant dans la chambre. <\/p>\n\n\n\n<figure class=\"wp-block-gallery has-nested-images columns-default is-cropped wp-block-gallery-4 is-layout-flex wp-block-gallery-is-layout-flex\">\n<figure class=\"wp-block-image size-large\"><a href=\"https:\/\/www.cocondedecoration.com\/blog\/wp-content\/uploads\/2025\/02\/decoration-association-jaune-et-rose.007.jpeg\"><img loading=\"lazy\" decoding=\"async\" width=\"640\" height=\"960\" data-id=\"81711\" src=\"https:\/\/www.cocondedecoration.com\/blog\/wp-content\/uploads\/2025\/02\/decoration-association-jaune-et-rose.007-640x960.jpeg\" alt=\"exemple association jaune et rose d\u00e9co chambre \u00e0 coucher couleur vive esprit boh\u00e8me voyage \" class=\"wp-image-81711\" title=\"exemple association jaune et rose d\u00e9co chambre \u00e0 coucher couleur vive esprit boh\u00e8me voyage \" srcset=\"https:\/\/www.cocondedecoration.com\/blog\/wp-content\/uploads\/2025\/02\/decoration-association-jaune-et-rose.007-640x960.jpeg 640w, https:\/\/www.cocondedecoration.com\/blog\/wp-content\/uploads\/2025\/02\/decoration-association-jaune-et-rose.007-260x390.jpeg 260w, https:\/\/www.cocondedecoration.com\/blog\/wp-content\/uploads\/2025\/02\/decoration-association-jaune-et-rose.007-768x1152.jpeg 768w, https:\/\/www.cocondedecoration.com\/blog\/wp-content\/uploads\/2025\/02\/decoration-association-jaune-et-rose.007-367x550.jpeg 367w, https:\/\/www.cocondedecoration.com\/blog\/wp-content\/uploads\/2025\/02\/decoration-association-jaune-et-rose.007-333x500.jpeg 333w, https:\/\/www.cocondedecoration.com\/blog\/wp-content\/uploads\/2025\/02\/decoration-association-jaune-et-rose.007.jpeg 1000w\" sizes=\"(max-width: 640px) 100vw, 640px\" \/><\/a><figcaption class=\"wp-element-caption\">houzmark.com<\/figcaption><\/figure>\n\n\n\n<figure class=\"wp-block-image size-large\"><a href=\"https:\/\/www.cocondedecoration.com\/blog\/wp-content\/uploads\/2025\/02\/decoration-association-jaune-et-rose.008.jpeg\"><img loading=\"lazy\" decoding=\"async\" width=\"640\" height=\"960\" data-id=\"81710\" src=\"https:\/\/www.cocondedecoration.com\/blog\/wp-content\/uploads\/2025\/02\/decoration-association-jaune-et-rose.008-640x960.jpeg\" alt=\"exemple association jaune et rose d\u00e9co affiche encadr\u00e9e fleur chambre enfant \" class=\"wp-image-81710\" title=\"exemple association jaune et rose d\u00e9co affiche encadr\u00e9e fleur chambre enfant \" srcset=\"https:\/\/www.cocondedecoration.com\/blog\/wp-content\/uploads\/2025\/02\/decoration-association-jaune-et-rose.008-640x960.jpeg 640w, https:\/\/www.cocondedecoration.com\/blog\/wp-content\/uploads\/2025\/02\/decoration-association-jaune-et-rose.008-260x390.jpeg 260w, https:\/\/www.cocondedecoration.com\/blog\/wp-content\/uploads\/2025\/02\/decoration-association-jaune-et-rose.008-768x1152.jpeg 768w, https:\/\/www.cocondedecoration.com\/blog\/wp-content\/uploads\/2025\/02\/decoration-association-jaune-et-rose.008-367x550.jpeg 367w, https:\/\/www.cocondedecoration.com\/blog\/wp-content\/uploads\/2025\/02\/decoration-association-jaune-et-rose.008-333x500.jpeg 333w, https:\/\/www.cocondedecoration.com\/blog\/wp-content\/uploads\/2025\/02\/decoration-association-jaune-et-rose.008.jpeg 1000w\" sizes=\"(max-width: 640px) 100vw, 640px\" \/><\/a><figcaption class=\"wp-element-caption\">orlaandthegang.co.uk<\/figcaption><\/figure>\n<\/figure>\n\n\n\n<h2 class=\"wp-block-heading\" id=\"aioseo-references-de-papiers-peints-pour-une-deco-en-jaune-et-rose\">R\u00e9f\u00e9rences de papiers peints pour une d\u00e9co en jaune et rose <\/h2>\n\n\n\n<p>Pour les associations de couleurs en g\u00e9n\u00e9ral, le papier peint est un rev\u00eatement int\u00e9ressant. Gr\u00e2ce aux motifs, il est facile de combiner les deux couleurs. Voici quelques r\u00e9f\u00e9rences de papiers peints qui peuvent vous aider \u00e0 mettre en oeuvre votre projet d\u00e9co: <\/p>\n\n\n\n<ul>\n<li>Papier peint intiss\u00e9 Arty arche jaune et rose - LU00397 chez Tollens <\/li>\n\n\n\n<li>Papier peint floral jaune Briar Rose - Indian Yellow chez Little Greene<\/li>\n\n\n\n<li>Doris (FL0080YE03W) - papier peint floral vintage chez Hovia  <\/li>\n\n\n\n<li>N\u00ba278 : Papier Peint - Floral chez Wellpapers<\/li>\n\n\n\n<li>Papier pient N\u00ba566 : R\u00e9tro Pop (m\u00eame enseigne) <\/li>\n\n\n\n<li>N\u00b0 670 - Papier Peint - Danse des Formes (m\u00eame enseigne) <\/li>\n\n\n\n<li>Camille bleu oc\u00e9an chez Papier Peint des ann\u00e9es 70<\/li>\n\n\n\n<li>Ondas blanc cr\u00e8me (m\u00eame enseigne) <\/li>\n\n\n\n<li>Marley jaune ocre (m\u00eame enseigne) <\/li>\n<\/ul>\n\n\n\n<p>SI vous aimez les <a href=\"https:\/\/www.cocondedecoration.com\/blog\/2022\/09\/papier-peint-a-fleur\/\" target=\"_blank\" rel=\"noopener\" title=\"\">tapisseries florales<\/a>, vous aurez pas mal de choix. Parfois le jaune et rose se trouvent associ\u00e9s \u00e0 une <strong>troisi\u00e8me couleur de fond<\/strong>. <\/p>\n\n\n\n<p>Ceci peut \u00e9galement vous int\u00e9resser:<a href=\"https:\/\/www.cocondedecoration.com\/blog\/2024\/12\/papier-peint-jaune\/\" target=\"_blank\" rel=\"noopener\" title=\"\"> Un papier peint jaune pour un int\u00e9rieur joyeux et chaleureux<\/a><\/p>\n\n\n\n<figure class=\"wp-block-gallery has-nested-images columns-default is-cropped wp-block-gallery-5 is-layout-flex wp-block-gallery-is-layout-flex\">\n<figure class=\"wp-block-image size-large\"><a href=\"https:\/\/www.cocondedecoration.com\/blog\/wp-content\/uploads\/2025\/02\/decoration-association-jaune-et-rose.009.jpeg\"><img loading=\"lazy\" decoding=\"async\" width=\"640\" height=\"960\" data-id=\"81713\" src=\"https:\/\/www.cocondedecoration.com\/blog\/wp-content\/uploads\/2025\/02\/decoration-association-jaune-et-rose.009-640x960.jpeg\" alt=\"exemple association jaune et rose d\u00e9co petite chambre adulte rideau linge de lit accessoires textiles peinture \" class=\"wp-image-81713\" title=\"exemple association jaune et rose d\u00e9co petite chambre adulte rideau linge de lit accessoires textiles peinture \" srcset=\"https:\/\/www.cocondedecoration.com\/blog\/wp-content\/uploads\/2025\/02\/decoration-association-jaune-et-rose.009-640x960.jpeg 640w, https:\/\/www.cocondedecoration.com\/blog\/wp-content\/uploads\/2025\/02\/decoration-association-jaune-et-rose.009-260x390.jpeg 260w, https:\/\/www.cocondedecoration.com\/blog\/wp-content\/uploads\/2025\/02\/decoration-association-jaune-et-rose.009-768x1152.jpeg 768w, https:\/\/www.cocondedecoration.com\/blog\/wp-content\/uploads\/2025\/02\/decoration-association-jaune-et-rose.009-367x550.jpeg 367w, https:\/\/www.cocondedecoration.com\/blog\/wp-content\/uploads\/2025\/02\/decoration-association-jaune-et-rose.009-333x500.jpeg 333w, https:\/\/www.cocondedecoration.com\/blog\/wp-content\/uploads\/2025\/02\/decoration-association-jaune-et-rose.009.jpeg 1000w\" sizes=\"(max-width: 640px) 100vw, 640px\" \/><\/a><figcaption class=\"wp-element-caption\">dallasprolist.com<\/figcaption><\/figure>\n\n\n\n<figure class=\"wp-block-image size-large\"><a href=\"https:\/\/www.cocondedecoration.com\/blog\/wp-content\/uploads\/2025\/02\/decoration-association-jaune-et-rose.010.jpeg\"><img loading=\"lazy\" decoding=\"async\" width=\"640\" height=\"960\" data-id=\"81712\" src=\"https:\/\/www.cocondedecoration.com\/blog\/wp-content\/uploads\/2025\/02\/decoration-association-jaune-et-rose.010-640x960.jpeg\" alt=\"exemple association jaune et rose d\u00e9co affiche encadr\u00e9e hippie typo g\u00e9om\u00e9trie \" class=\"wp-image-81712\" title=\"exemple association jaune et rose d\u00e9co affiche encadr\u00e9e hippie typo g\u00e9om\u00e9trie \" srcset=\"https:\/\/www.cocondedecoration.com\/blog\/wp-content\/uploads\/2025\/02\/decoration-association-jaune-et-rose.010-640x960.jpeg 640w, https:\/\/www.cocondedecoration.com\/blog\/wp-content\/uploads\/2025\/02\/decoration-association-jaune-et-rose.010-260x390.jpeg 260w, https:\/\/www.cocondedecoration.com\/blog\/wp-content\/uploads\/2025\/02\/decoration-association-jaune-et-rose.010-768x1152.jpeg 768w, https:\/\/www.cocondedecoration.com\/blog\/wp-content\/uploads\/2025\/02\/decoration-association-jaune-et-rose.010-367x550.jpeg 367w, https:\/\/www.cocondedecoration.com\/blog\/wp-content\/uploads\/2025\/02\/decoration-association-jaune-et-rose.010-333x500.jpeg 333w, https:\/\/www.cocondedecoration.com\/blog\/wp-content\/uploads\/2025\/02\/decoration-association-jaune-et-rose.010.jpeg 1000w\" sizes=\"(max-width: 640px) 100vw, 640px\" \/><\/a><figcaption class=\"wp-element-caption\">etsy.com\/fr<\/figcaption><\/figure>\n<\/figure>\n\n\n\n<h2 class=\"wp-block-heading\" id=\"aioseo-quel-style-de-meubles-choisir-pour-un-interieur-rose-et-jaune\">Quel style de meubles choisir pour un int\u00e9rieur rose et jaune? <\/h2>\n\n\n\n<p>Pour le choix du mobilier, il y a du choix. Cela va d\u00e9pendre essentiellement de votre style. Avec un <strong>rose poudr\u00e9<\/strong> par exemple, on a souvent tendance \u00e0 cr\u00e9er une <a href=\"https:\/\/www.cocondedecoration.com\/blog\/category\/tendances-deco\/style-deco-classique\/\" target=\"_blank\" rel=\"noopener\" title=\"\">atmosph\u00e8re classique<\/a>. On aura donc des meubles avec une esth\u00e9tique traditionnelle voire ancienne. Il y a une <strong>grande \u00e9l\u00e9gance<\/strong> qui ressort de ce type d'univers. On arrive \u00e0 un r\u00e9sultat similaire avec des nuances de rose fuchsia par exemple. <\/p>\n\n\n\n<p>Le jaune et le rose, c'est aussi un combo de couleurs modernes. On peut donc partir sur des <strong>meubles au look contemporains<\/strong> et une certaine forme de <a href=\"https:\/\/www.cocondedecoration.com\/blog\/2021\/05\/minimalisme-petit-logement\/\" target=\"_blank\" rel=\"noopener\" title=\"\">minimalisme<\/a> (moins de chichis et de d\u00e9tails sur les meubles). Les meubles arrondis ou avec des angles adoucis vont dans ce sens et accentue la douceur relative au rose. <\/p>\n\n\n\n<figure class=\"wp-block-gallery has-nested-images columns-default is-cropped wp-block-gallery-6 is-layout-flex wp-block-gallery-is-layout-flex\">\n<figure class=\"wp-block-image size-large\"><a href=\"https:\/\/www.cocondedecoration.com\/blog\/wp-content\/uploads\/2025\/02\/decoration-association-jaune-et-rose.011.jpeg\"><img loading=\"lazy\" decoding=\"async\" width=\"640\" height=\"960\" data-id=\"81714\" src=\"https:\/\/www.cocondedecoration.com\/blog\/wp-content\/uploads\/2025\/02\/decoration-association-jaune-et-rose.011-640x960.jpeg\" alt=\"d\u00e9coration int\u00e9rieure association couleur jaune et rose salon s\u00e9jour porte d'entr\u00e9e couleur dominante blanche canap\u00e9 velours bi-colore \" class=\"wp-image-81714\" title=\"d\u00e9coration int\u00e9rieure association couleur jaune et rose salon s\u00e9jour porte d'entr\u00e9e couleur dominante blanche canap\u00e9 velours bi-colore \" srcset=\"https:\/\/www.cocondedecoration.com\/blog\/wp-content\/uploads\/2025\/02\/decoration-association-jaune-et-rose.011-640x960.jpeg 640w, https:\/\/www.cocondedecoration.com\/blog\/wp-content\/uploads\/2025\/02\/decoration-association-jaune-et-rose.011-260x390.jpeg 260w, https:\/\/www.cocondedecoration.com\/blog\/wp-content\/uploads\/2025\/02\/decoration-association-jaune-et-rose.011-768x1152.jpeg 768w, https:\/\/www.cocondedecoration.com\/blog\/wp-content\/uploads\/2025\/02\/decoration-association-jaune-et-rose.011-367x550.jpeg 367w, https:\/\/www.cocondedecoration.com\/blog\/wp-content\/uploads\/2025\/02\/decoration-association-jaune-et-rose.011-333x500.jpeg 333w, https:\/\/www.cocondedecoration.com\/blog\/wp-content\/uploads\/2025\/02\/decoration-association-jaune-et-rose.011.jpeg 1000w\" sizes=\"(max-width: 640px) 100vw, 640px\" \/><\/a><figcaption class=\"wp-element-caption\">apartmenttherapy.info<\/figcaption><\/figure>\n\n\n\n<figure class=\"wp-block-image size-large\"><a href=\"https:\/\/www.cocondedecoration.com\/blog\/wp-content\/uploads\/2025\/02\/decoration-association-jaune-et-rose.012.jpeg\"><img loading=\"lazy\" decoding=\"async\" width=\"640\" height=\"960\" data-id=\"81715\" src=\"https:\/\/www.cocondedecoration.com\/blog\/wp-content\/uploads\/2025\/02\/decoration-association-jaune-et-rose.012-640x960.jpeg\" alt=\"d\u00e9coration int\u00e9rieure association couleur jaune et rose fuchsia velours rideaux ocre jaune moutarde salon \u00e9l\u00e9gant  \" class=\"wp-image-81715\" title=\"d\u00e9coration int\u00e9rieure association couleur jaune et rose fuchsia velours rideaux ocre jaune moutarde salon \u00e9l\u00e9gant  \" srcset=\"https:\/\/www.cocondedecoration.com\/blog\/wp-content\/uploads\/2025\/02\/decoration-association-jaune-et-rose.012-640x960.jpeg 640w, https:\/\/www.cocondedecoration.com\/blog\/wp-content\/uploads\/2025\/02\/decoration-association-jaune-et-rose.012-260x390.jpeg 260w, https:\/\/www.cocondedecoration.com\/blog\/wp-content\/uploads\/2025\/02\/decoration-association-jaune-et-rose.012-768x1152.jpeg 768w, https:\/\/www.cocondedecoration.com\/blog\/wp-content\/uploads\/2025\/02\/decoration-association-jaune-et-rose.012-367x550.jpeg 367w, https:\/\/www.cocondedecoration.com\/blog\/wp-content\/uploads\/2025\/02\/decoration-association-jaune-et-rose.012-333x500.jpeg 333w, https:\/\/www.cocondedecoration.com\/blog\/wp-content\/uploads\/2025\/02\/decoration-association-jaune-et-rose.012.jpeg 1000w\" sizes=\"(max-width: 640px) 100vw, 640px\" \/><\/a><figcaption class=\"wp-element-caption\">interiordesigninfo.com<\/figcaption><\/figure>\n<\/figure>\n\n\n\n<h2 class=\"wp-block-heading\" id=\"aioseo-une-tierce-couleur-pour-equilibrer-le-combo-jaune-et-rose\">Une tierce couleur pour \u00e9quilibrer le combo jaune et rose <\/h2>\n\n\n\n<p>Je l'ai \u00e9voqu\u00e9 \u00e0 plusieurs reprises tout au long de cet article, votre d\u00e9coration n'a pas a \u00e9t\u00e9 exclusivement rose et jaune (je viens de penser au Malabar, mon esprit me fatigue). Et cette association de couleurs peut \u00eatre combin\u00e9e avec une autre.<\/p>\n\n\n\n<p>Le <a href=\"https:\/\/www.cocondedecoration.com\/blog\/2020\/11\/quels-materiaux-associer-blanc\/\" target=\"_blank\" rel=\"noopener\" title=\"\">blanc<\/a> est sans doute le choix le plus fr\u00e9quent. Le blanc est neutre mais aussi lumineux. Il convient \u00e0 toutes les tailles de pi\u00e8ces m\u00eame les petites. Le <a href=\"https:\/\/www.cocondedecoration.com\/blog\/2025\/02\/asscociation-deco-vert-bleu\/\" target=\"_blank\" rel=\"noopener\" title=\"\">bleu et le vert<\/a> sont \u00e9galement des couleurs qui se juxtaposent facilement au rose et au jaune. C'est une mani\u00e8re de cr\u00e9er un contraste chaud \/ froid, trouver un \u00e9quilibre avec ces 2 couleurs chaudes. En <strong>le noir<\/strong>, en couleur accent souvent met en \u00e9vidence certain d\u00e9tail sur fond jaune et rose. <\/p>\n\n\n\n<p>A lire aussi: <a href=\"https:\/\/www.cocondedecoration.com\/blog\/2025\/01\/association-jaune-orange-decoration\/\" target=\"_blank\" rel=\"noopener\" title=\"\">Chaleur et bonne humeur avec un int\u00e9rieur en jaune et orange<\/a><\/p>\n\n\n\n<figure class=\"wp-block-gallery has-nested-images columns-default is-cropped wp-block-gallery-7 is-layout-flex wp-block-gallery-is-layout-flex\">\n<figure class=\"wp-block-image size-large\"><a href=\"https:\/\/www.cocondedecoration.com\/blog\/wp-content\/uploads\/2025\/02\/decoration-association-jaune-et-rose.013.jpeg\"><img loading=\"lazy\" decoding=\"async\" width=\"640\" height=\"960\" data-id=\"81717\" src=\"https:\/\/www.cocondedecoration.com\/blog\/wp-content\/uploads\/2025\/02\/decoration-association-jaune-et-rose.013-640x960.jpeg\" alt=\"d\u00e9coration int\u00e9rieure association couleur jaune et rose salon s\u00e9jour moderne canap\u00e9 d'angle lustre design \" class=\"wp-image-81717\" title=\"d\u00e9coration int\u00e9rieure association couleur jaune et rose salon s\u00e9jour moderne canap\u00e9 d'angle lustre design \" srcset=\"https:\/\/www.cocondedecoration.com\/blog\/wp-content\/uploads\/2025\/02\/decoration-association-jaune-et-rose.013-640x960.jpeg 640w, https:\/\/www.cocondedecoration.com\/blog\/wp-content\/uploads\/2025\/02\/decoration-association-jaune-et-rose.013-260x390.jpeg 260w, https:\/\/www.cocondedecoration.com\/blog\/wp-content\/uploads\/2025\/02\/decoration-association-jaune-et-rose.013-768x1152.jpeg 768w, https:\/\/www.cocondedecoration.com\/blog\/wp-content\/uploads\/2025\/02\/decoration-association-jaune-et-rose.013-367x550.jpeg 367w, https:\/\/www.cocondedecoration.com\/blog\/wp-content\/uploads\/2025\/02\/decoration-association-jaune-et-rose.013-333x500.jpeg 333w, https:\/\/www.cocondedecoration.com\/blog\/wp-content\/uploads\/2025\/02\/decoration-association-jaune-et-rose.013.jpeg 1000w\" sizes=\"(max-width: 640px) 100vw, 640px\" \/><\/a><figcaption class=\"wp-element-caption\">janskacelik.art<\/figcaption><\/figure>\n\n\n\n<figure class=\"wp-block-image size-large\"><a href=\"https:\/\/www.cocondedecoration.com\/blog\/wp-content\/uploads\/2025\/02\/decoration-association-jaune-et-rose.014.jpeg\"><img loading=\"lazy\" decoding=\"async\" width=\"640\" height=\"960\" data-id=\"81716\" src=\"https:\/\/www.cocondedecoration.com\/blog\/wp-content\/uploads\/2025\/02\/decoration-association-jaune-et-rose.014-640x960.jpeg\" alt=\"d\u00e9coration int\u00e9rieure association couleur jaune et rose lampe liseuse lampadaire pastel couleur douce et harmonieuses \" class=\"wp-image-81716\" title=\"d\u00e9coration int\u00e9rieure association couleur jaune et rose lampe liseuse lampadaire pastel couleur douce et harmonieuses \" srcset=\"https:\/\/www.cocondedecoration.com\/blog\/wp-content\/uploads\/2025\/02\/decoration-association-jaune-et-rose.014-640x960.jpeg 640w, https:\/\/www.cocondedecoration.com\/blog\/wp-content\/uploads\/2025\/02\/decoration-association-jaune-et-rose.014-260x390.jpeg 260w, https:\/\/www.cocondedecoration.com\/blog\/wp-content\/uploads\/2025\/02\/decoration-association-jaune-et-rose.014-768x1152.jpeg 768w, https:\/\/www.cocondedecoration.com\/blog\/wp-content\/uploads\/2025\/02\/decoration-association-jaune-et-rose.014-367x550.jpeg 367w, https:\/\/www.cocondedecoration.com\/blog\/wp-content\/uploads\/2025\/02\/decoration-association-jaune-et-rose.014-333x500.jpeg 333w, https:\/\/www.cocondedecoration.com\/blog\/wp-content\/uploads\/2025\/02\/decoration-association-jaune-et-rose.014.jpeg 1000w\" sizes=\"(max-width: 640px) 100vw, 640px\" \/><\/a><figcaption class=\"wp-element-caption\">lampforlife.com<\/figcaption><\/figure>\n<\/figure>\n\n\n\n<p class=\"has-small-font-size\">Source de l'image d'en-t\u00eate: sophierobinson.co.uk<\/p>\n","protected":false},"excerpt":{"rendered":"<p>Associez dynamisme et douceur dans votre int\u00e9rieur gr\u00e2ce au jaune et rose. D\u00e9couvrez comment utiliser ces deux couleurs pour cr\u00e9er un d\u00e9cor harmonieux. <span class=\"more-link\"><a href=\"https:\/\/www.cocondedecoration.com\/blog\/2025\/02\/interieur-jaune-rose\/\">Lire la suite<\/a><\/span><\/p>\n","protected":false},"author":1,"featured_media":81718,"comment_status":"open","ping_status":"open","sticky":false,"template":"","format":"standard","meta":{"om_disable_all_campaigns":false,"_monsterinsights_skip_tracking":false,"_monsterinsights_sitenote_active":false,"_monsterinsights_sitenote_note":"","_monsterinsights_sitenote_category":0,"_uf_show_specific_survey":0,"_uf_disable_surveys":false,"footnotes":""},"categories":[61763],"tags":[9082,61865,61777,3199,10731,61867,61862,61864,61824,61866,61863,55986,61868,61781],"aioseo_notices":[],"_links":{"self":[{"href":"https:\/\/www.cocondedecoration.com\/blog\/wp-json\/wp\/v2\/posts\/81703"}],"collection":[{"href":"https:\/\/www.cocondedecoration.com\/blog\/wp-json\/wp\/v2\/posts"}],"about":[{"href":"https:\/\/www.cocondedecoration.com\/blog\/wp-json\/wp\/v2\/types\/post"}],"author":[{"embeddable":true,"href":"https:\/\/www.cocondedecoration.com\/blog\/wp-json\/wp\/v2\/users\/1"}],"replies":[{"embeddable":true,"href":"https:\/\/www.cocondedecoration.com\/blog\/wp-json\/wp\/v2\/comments?post=81703"}],"version-history":[{"count":2,"href":"https:\/\/www.cocondedecoration.com\/blog\/wp-json\/wp\/v2\/posts\/81703\/revisions"}],"predecessor-version":[{"id":81727,"href":"https:\/\/www.cocondedecoration.com\/blog\/wp-json\/wp\/v2\/posts\/81703\/revisions\/81727"}],"wp:featuredmedia":[{"embeddable":true,"href":"https:\/\/www.cocondedecoration.com\/blog\/wp-json\/wp\/v2\/media\/81718"}],"wp:attachment":[{"href":"https:\/\/www.cocondedecoration.com\/blog\/wp-json\/wp\/v2\/media?parent=81703"}],"wp:term":[{"taxonomy":"category","embeddable":true,"href":"https:\/\/www.cocondedecoration.com\/blog\/wp-json\/wp\/v2\/categories?post=81703"},{"taxonomy":"post_tag","embeddable":true,"href":"https:\/\/www.cocondedecoration.com\/blog\/wp-json\/wp\/v2\/tags?post=81703"}],"curies":[{"name":"wp","href":"https:\/\/api.w.org\/{rel}","templated":true}]}}