{"id":81607,"date":"2025-02-24T08:56:48","date_gmt":"2025-02-24T06:56:48","guid":{"rendered":"https:\/\/www.cocondedecoration.com\/blog\/?p=81607"},"modified":"2025-02-24T08:56:51","modified_gmt":"2025-02-24T06:56:51","slug":"lit-a-baldaquin","status":"publish","type":"post","link":"https:\/\/www.cocondedecoration.com\/blog\/2025\/02\/lit-a-baldaquin\/","title":{"rendered":"Apportez du volume \u00e0 la chambre avec un lit \u00e0 baldaquin"},"content":{"rendered":"\n<p>Le lit \u00e0 baldaquin, j'en ai bri\u00e8vement parl\u00e9 dans mon article autour des tendances d\u00e9co 2025 pour la chambre \u00e0 coucher. Cette forme de lit n'est pas une nouveaut\u00e9 mais elle se refait une place dans la sph\u00e8re d\u00e9co. Et je le comprends! C'est une autre mani\u00e8re d'apporter du volume dans la chambre, c'est aussi une fa\u00e7on d'attirer le regard vers le meuble le plus important de l'espace: le lit. Ici, on va voir quels sont les crit\u00e8res \u00e0 prendre en compte pour bien choisir votre lit \u00e0 baldaquin. On va \u00e9galement regarder de plus pr\u00e8s les diff\u00e9rents mod\u00e8les qui s'offrent \u00e0 vous. <\/p>\n\n\n\n<!--more-->\n\n\n\n<div class=\"wp-block-columns is-layout-flex wp-container-core-columns-layout-1 wp-block-columns-is-layout-flex\">\n<div class=\"wp-block-column is-layout-flow wp-block-column-is-layout-flow\">\n<p>Sommaire - Un lit \u00e0 baldaquin pour la chambre parentale<\/p>\n\n\n\n<div class=\"wp-block-aioseo-table-of-contents\"><ul><li><a href=\"#aioseo-quels-criteres-prendre-en-compte-pour-choisir-un-lit-a-baldaquin\">Quels crit\u00e8res prendre en compte pour choisir un lit \u00e0 baldaquin?<\/a><\/li><li><a href=\"#aioseo-meubler-et-decorer-la-chambre-avec-un-lit-a-baldaquin-moderne\">Meubler et d\u00e9corer la chambre avec un lit \u00e0 baldaquin moderne<\/a><\/li><li><a href=\"#aioseo-lit-a-baldaquin-pour-une-chambre-au-style-classique-chic\">Lit \u00e0 baldaquin pour une chambre au style classique chic<\/a><\/li><li><a href=\"#aioseo-la-petite-histoire-du-lit-a-baldaquin\">La petite histoire du lit \u00e0 baldaquin<\/a><\/li><li><a href=\"#aioseo-selection-shopping-ou-trouver-un-lit-a-baldaquin\">Selection shopping - O\u00f9 trouver un lit \u00e0 baldaquin?<\/a><\/li><\/ul><\/div>\n<\/div>\n\n\n\n<div class=\"wp-block-column is-layout-flow wp-block-column-is-layout-flow\">\n<p><em>Bienvenue sur le blog Cocon | d\u00e9coration &amp; slow living. Ici vous trouverez des inspirations, conseils et pistes pour cr\u00e9er un int\u00e9rieur qui vous ressemble. <br><\/em><br><em>Pour me soutenir vous pouvez vous abonner \u00e0 ma newsletter et en choisissant un abonnement payant, vous contribuez directement \u00e0 me soutenir et \u00e0 faire perdurer cet espace d'inspirations.<\/em><\/p>\n\n\n\n<div class=\"wp-block-buttons is-content-justification-center is-layout-flex wp-container-core-buttons-layout-1 wp-block-buttons-is-layout-flex\">\n<div class=\"wp-block-button is-style-outline\"><a class=\"wp-block-button__link wp-element-button\" href=\"https:\/\/www.patreon.com\/c\/cocondedeco\/membership\" target=\"_blank\" rel=\"noreferrer noopener\">Let's go<\/a><\/div>\n<\/div>\n<\/div>\n<\/div>\n\n\n\n<h2 class=\"wp-block-heading\" id=\"aioseo-quels-criteres-prendre-en-compte-pour-choisir-un-lit-a-baldaquin\">Quels crit\u00e8res prendre en compte pour choisir un lit \u00e0 baldaquin? <\/h2>\n\n\n\n<p>Commen\u00e7ons avec une partie pratique: quels sont les crit\u00e8res que vous devez garder en t\u00eate pour choisir votre nouveau lit \u00e0 baldaquin? Il y a 4 \u00e9l\u00e9ments \u00e0 prendre en compte: <\/p>\n\n\n\n<p>La taille du lit doit \u00eatre proportionnelle \u00e0 la superficie de la chambre. Pour une <strong>chambre de 12m<sup>2<\/sup><\/strong> par exemple, il est pr\u00e9f\u00e9rable de choisir un lit double standard. Pour les chambre plus grandes, vous aurez le choix entre un lit standard ou des lits King \/ Queen size. <\/p>\n\n\n\n<p>Vous avez une petite chambre? D\u00e9couvrez <a href=\"https:\/\/www.cocondedecoration.com\/blog\/2023\/10\/plans-amenagement-chambre-9m2\/\" target=\"_blank\" rel=\"noopener\" title=\"\">comment agencer votre espace par ici<\/a>.<\/p>\n\n\n\n<p>La hauteur sous plafond est sans h\u00e9siter le point le plus important \u00e0 prendre en compte. Afin d'\u00e9viter un sentiment de tassement, il est recommand\u00e9 de <strong>laisser un espace de 50 \u00e0 60 cm<\/strong> entre le haut du lit et le plafond. <\/p>\n\n\n\n<p>Les mat\u00e9riaux et le styles jouent beaucoup sur l'esth\u00e9tique du lit \u00e0 baldaquin. Je vais y revenir juste apr\u00e8s. Pour le moment, je me contenterai de dire qu'<strong>il y en a pour tous les go\u00fbts<\/strong>: des plus classiques au plus modernes. <\/p>\n\n\n\n<p><strong>Avec ou sans voilages<\/strong>? Dans mon esprit le lit \u00e0 baldaquin est souvent associ\u00e9 \u00e0 la <a href=\"https:\/\/www.cocondedecoration.com\/blog\/2023\/01\/histoire-style-deco-colonial\/\" target=\"_blank\" rel=\"noopener\" title=\"\">d\u00e9coration coloniale<\/a> et donc les voilages font penser aux <strong>moustiquaires<\/strong> bien pratiques en zone tropicales. Cependant, le lit \u00e0 baldaquin moderne se passe bien de cet \u00e9l\u00e9ment. Il est plus \u00e9pur\u00e9. Seule la structure importe. <\/p>\n\n\n\n<h2 class=\"wp-block-heading\" id=\"aioseo-meubler-et-decorer-la-chambre-avec-un-lit-a-baldaquin-moderne\">Meubler et d\u00e9corer la chambre avec un lit \u00e0 baldaquin moderne <\/h2>\n\n\n\n<p>V'est le mod\u00e8le qui personnellement me parle le plus. On peut le trouver en <strong>bois<\/strong> ou en <strong>m\u00e9tal<\/strong>. J'aime beaucoup le mod\u00e8le le m\u00e9tal noir de chez Woood qui est simple et original \u00e0 la fois. Le lit \u00e0 baldaquin moderne est plus <strong>\u00e9pur\u00e9<\/strong> que la version classique. Les montants sont simples, sans fioritures et <strong>sans voilages<\/strong>. Parfois on trouve des <a href=\"https:\/\/www.cocondedecoration.com\/blog\/2023\/03\/reussir-decoration-chambre-adulte\/\" target=\"_blank\" rel=\"noopener\" title=\"\">exemples de chambres<\/a> avec un lit accessoiris\u00e9 (comme de lierre pour une chambre nature). Le lit moderne est souvent en blanc, en noir ou dans des essences de bois claires et lumineuses. <\/p>\n\n\n\n<h2 class=\"wp-block-heading\" id=\"aioseo-lit-a-baldaquin-pour-une-chambre-au-style-classique-chic\">Lit \u00e0 baldaquin pour une chambre au style classique chic <\/h2>\n\n\n\n<p>Votre chambre \u00e0 des <a href=\"https:\/\/www.cocondedecoration.com\/blog\/2021\/05\/moulures-ton-sur-ton\/\" target=\"_blank\" rel=\"noopener\" title=\"\">moulures au mur<\/a>, des meubles en bois anciens. On y trouve aussi des textiles d\u00e9co chaleureux \u00e9l\u00e9gants comme le velours ou la laine. Vous aimez les objets qui ont une histoire et le style classique chic. Le lit \u00e0 baldaquin peut aussi trouver sa place dans ce style de <strong>chambre plus traditionnelle<\/strong>. Ce sont des mod\u00e8les un peu plus difficiles \u00e0 trouver en commerce. Ils seront en bois, souvent <strong>massif<\/strong>. Les montants seront plus travaill\u00e9s voire <strong>sculpt\u00e9s<\/strong>. Et \u00e9videmment, il y a les <a href=\"https:\/\/www.cocondedecoration.com\/blog\/2023\/05\/comment-choisir-rideaux\/\" target=\"_blank\" rel=\"noopener\" title=\"\">voilages<\/a> qui entourent le lit et qui vous permettront de cr\u00e9er un sentiment cosy dans l'espace sommeil. <\/p>\n\n\n\n<h2 class=\"wp-block-heading\" id=\"aioseo-la-petite-histoire-du-lit-a-baldaquin\">La petite histoire du lit \u00e0 baldaquin <\/h2>\n\n\n\n<p>R\u00e9guli\u00e8rement j'aime me pencher sur <a href=\"https:\/\/www.cocondedecoration.com\/blog\/category\/astuces-et-conseils-deco\/histoire-decoration-interieure\/\" target=\"_blank\" rel=\"noopener\" title=\"\">l'histoire des meubles et du design<\/a>. Donc en pr\u00e9parant cet article, je me suis demand\u00e9e quelle \u00e9tait l'origine du lit \u00e0 baldaquin. J'en avais une petite id\u00e9e mais cela restait assez fou. Cette forme de lit \u00e0 \u00e9t\u00e9 adopt\u00e9e <strong>vers 1490<\/strong> dans les maisons riches (nobles et bourgeoises ++) en Europe. Les drap\u00e9s qui descendaient de la structure avaient pour but essentiellement de <strong>conserver la chaleur<\/strong> (le chauffage central n'existait pas \u00e0 cette \u00e9poque). <\/p>\n\n\n\n<p>Il y avait aussi <strong>une question d'intimit\u00e9<\/strong>. A l'\u00e9poque, seigneurs \/ nobles et serviteurs peuvent dormir dans la m\u00eame pi\u00e8ce. Les courtines (les gros rideaux) permettaient de pr\u00e9server l'intimit\u00e9 du sommeil du seigneur. Comme vous pouvez le deviner, les serviteurs n'avaient pas ce luxe. Monsieur et Madame tout le monde non plus. <\/p>\n\n\n\n<p>A lire \u00e9galement: <a href=\"https:\/\/www.cocondedecoration.com\/blog\/2025\/02\/redecorer-chambre-adulte\/\" target=\"_blank\" rel=\"noopener\" title=\"\">Red\u00e9corer la chambre adulte: Plus de 100 inspirations<\/a><\/p>\n\n\n\n<h2 class=\"wp-block-heading\" id=\"aioseo-selection-shopping-ou-trouver-un-lit-a-baldaquin\">Selection shopping - O\u00f9 trouver un lit \u00e0 baldaquin? <\/h2>\n\n\n\n<div class=\"wp-block-columns is-layout-flex wp-container-core-columns-layout-2 wp-block-columns-is-layout-flex\">\n<div class=\"wp-block-column is-layout-flow wp-block-column-is-layout-flow\">\n<figure class=\"wp-block-image size-large\"><a href=\"https:\/\/www.cocondedecoration.com\/blog\/wp-content\/uploads\/2025\/02\/lit-a-baldaquin-deco.001.jpeg\"><img loading=\"lazy\" decoding=\"async\" width=\"640\" height=\"640\" src=\"https:\/\/www.cocondedecoration.com\/blog\/wp-content\/uploads\/2025\/02\/lit-a-baldaquin-deco.001-640x640.jpeg\" alt=\"Lit \u00e0 baldaquin effet bois, coloris noir 140x190\" class=\"wp-image-81608\" title=\"Lit \u00e0 baldaquin effet bois, coloris noir 140x190\" srcset=\"https:\/\/www.cocondedecoration.com\/blog\/wp-content\/uploads\/2025\/02\/lit-a-baldaquin-deco.001-640x640.jpeg 640w, https:\/\/www.cocondedecoration.com\/blog\/wp-content\/uploads\/2025\/02\/lit-a-baldaquin-deco.001-260x260.jpeg 260w, https:\/\/www.cocondedecoration.com\/blog\/wp-content\/uploads\/2025\/02\/lit-a-baldaquin-deco.001-165x165.jpeg 165w, https:\/\/www.cocondedecoration.com\/blog\/wp-content\/uploads\/2025\/02\/lit-a-baldaquin-deco.001-465x465.jpeg 465w, https:\/\/www.cocondedecoration.com\/blog\/wp-content\/uploads\/2025\/02\/lit-a-baldaquin-deco.001-500x500.jpeg 500w, https:\/\/www.cocondedecoration.com\/blog\/wp-content\/uploads\/2025\/02\/lit-a-baldaquin-deco.001.jpeg 650w\" sizes=\"(max-width: 640px) 100vw, 640px\" \/><\/a><figcaption class=\"wp-element-caption\">Lit \u00e0 baldaquin effet bois, coloris noir 140x190 - Terre de nuit chez Maisons du Monde<\/figcaption><\/figure>\n\n\n\n<div class=\"wp-block-buttons is-content-justification-center is-layout-flex wp-container-core-buttons-layout-2 wp-block-buttons-is-layout-flex\">\n<div class=\"wp-block-button\"><a class=\"wp-block-button__link wp-element-button\" href=\"https:\/\/fnty.co\/c\/r-xagNEqrS\" target=\"_blank\" rel=\"noreferrer noopener\">Acheter<\/a><\/div>\n<\/div>\n<\/div>\n\n\n\n<div class=\"wp-block-column is-layout-flow wp-block-column-is-layout-flow\">\n<figure class=\"wp-block-image size-large\"><a href=\"https:\/\/www.cocondedecoration.com\/blog\/wp-content\/uploads\/2025\/02\/lit-a-baldaquin-deco.002.jpeg\"><img loading=\"lazy\" decoding=\"async\" width=\"640\" height=\"640\" src=\"https:\/\/www.cocondedecoration.com\/blog\/wp-content\/uploads\/2025\/02\/lit-a-baldaquin-deco.002-640x640.jpeg\" alt=\"Lit \u00e0 baldaquin 160x200 en bois de pin beige\" class=\"wp-image-81609\" title=\"Lit \u00e0 baldaquin 160x200 en bois de pin beige\" srcset=\"https:\/\/www.cocondedecoration.com\/blog\/wp-content\/uploads\/2025\/02\/lit-a-baldaquin-deco.002-640x640.jpeg 640w, https:\/\/www.cocondedecoration.com\/blog\/wp-content\/uploads\/2025\/02\/lit-a-baldaquin-deco.002-260x260.jpeg 260w, https:\/\/www.cocondedecoration.com\/blog\/wp-content\/uploads\/2025\/02\/lit-a-baldaquin-deco.002-165x165.jpeg 165w, https:\/\/www.cocondedecoration.com\/blog\/wp-content\/uploads\/2025\/02\/lit-a-baldaquin-deco.002-465x465.jpeg 465w, https:\/\/www.cocondedecoration.com\/blog\/wp-content\/uploads\/2025\/02\/lit-a-baldaquin-deco.002-500x500.jpeg 500w, https:\/\/www.cocondedecoration.com\/blog\/wp-content\/uploads\/2025\/02\/lit-a-baldaquin-deco.002.jpeg 650w\" sizes=\"(max-width: 640px) 100vw, 640px\" \/><\/a><figcaption class=\"wp-element-caption\">Lit \u00e0 baldaquin 160x200 en bois de pin beige - Maisons du Monde<\/figcaption><\/figure>\n\n\n\n<div class=\"wp-block-buttons is-content-justification-center is-layout-flex wp-container-core-buttons-layout-3 wp-block-buttons-is-layout-flex\">\n<div class=\"wp-block-button\"><a class=\"wp-block-button__link wp-element-button\" href=\"https:\/\/fnty.co\/c\/r-RTUGInvv\" target=\"_blank\" rel=\"noreferrer noopener\">Acheter<\/a><\/div>\n<\/div>\n<\/div>\n<\/div>\n\n\n\n<div class=\"wp-block-columns is-layout-flex wp-container-core-columns-layout-3 wp-block-columns-is-layout-flex\">\n<div class=\"wp-block-column is-layout-flow wp-block-column-is-layout-flow\">\n<figure class=\"wp-block-image size-large\"><a href=\"https:\/\/www.cocondedecoration.com\/blog\/wp-content\/uploads\/2025\/02\/lit-a-baldaquin-pas-cher-conforama.001.jpeg\"><img loading=\"lazy\" decoding=\"async\" width=\"640\" height=\"640\" src=\"https:\/\/www.cocondedecoration.com\/blog\/wp-content\/uploads\/2025\/02\/lit-a-baldaquin-pas-cher-conforama.001-640x640.jpeg\" alt=\"Lit en bois de h\u00eatre avec baldaquin canopy 160 x 200 cm, couleur blanche\" class=\"wp-image-81617\" title=\"Lit en bois de h\u00eatre avec baldaquin canopy 160 x 200 cm, couleur blanche\" srcset=\"https:\/\/www.cocondedecoration.com\/blog\/wp-content\/uploads\/2025\/02\/lit-a-baldaquin-pas-cher-conforama.001-640x640.jpeg 640w, https:\/\/www.cocondedecoration.com\/blog\/wp-content\/uploads\/2025\/02\/lit-a-baldaquin-pas-cher-conforama.001-260x260.jpeg 260w, https:\/\/www.cocondedecoration.com\/blog\/wp-content\/uploads\/2025\/02\/lit-a-baldaquin-pas-cher-conforama.001-165x165.jpeg 165w, https:\/\/www.cocondedecoration.com\/blog\/wp-content\/uploads\/2025\/02\/lit-a-baldaquin-pas-cher-conforama.001-465x465.jpeg 465w, https:\/\/www.cocondedecoration.com\/blog\/wp-content\/uploads\/2025\/02\/lit-a-baldaquin-pas-cher-conforama.001-500x500.jpeg 500w, https:\/\/www.cocondedecoration.com\/blog\/wp-content\/uploads\/2025\/02\/lit-a-baldaquin-pas-cher-conforama.001.jpeg 650w\" sizes=\"(max-width: 640px) 100vw, 640px\" \/><\/a><figcaption class=\"wp-element-caption\">Lit en bois de h\u00eatre avec baldaquin canopy 160 x 200 cm, couleur blanche - One Market chez Conforama <\/figcaption><\/figure>\n\n\n\n<div class=\"wp-block-buttons is-content-justification-center is-layout-flex wp-container-core-buttons-layout-4 wp-block-buttons-is-layout-flex\">\n<div class=\"wp-block-button\"><a class=\"wp-block-button__link wp-element-button\" href=\"https:\/\/c3po.link\/QhQM2yzVfT\" target=\"_blank\" rel=\"noreferrer noopener\">Acheter<\/a><\/div>\n<\/div>\n<\/div>\n\n\n\n<div class=\"wp-block-column is-layout-flow wp-block-column-is-layout-flow\">\n<figure class=\"wp-block-image size-large\"><a href=\"https:\/\/www.cocondedecoration.com\/blog\/wp-content\/uploads\/2025\/02\/lit-a-baldaquin-pas-cher-conforama.002.jpeg\"><img loading=\"lazy\" decoding=\"async\" width=\"640\" height=\"640\" src=\"https:\/\/www.cocondedecoration.com\/blog\/wp-content\/uploads\/2025\/02\/lit-a-baldaquin-pas-cher-conforama.002-640x640.jpeg\" alt=\"Lit en bois de h\u00eatre avec baldaquin canopy 160 x 200 cm, couleur noyer\" class=\"wp-image-81618\" title=\"Lit en bois de h\u00eatre avec baldaquin canopy 160 x 200 cm, couleur noyer\" srcset=\"https:\/\/www.cocondedecoration.com\/blog\/wp-content\/uploads\/2025\/02\/lit-a-baldaquin-pas-cher-conforama.002-640x640.jpeg 640w, https:\/\/www.cocondedecoration.com\/blog\/wp-content\/uploads\/2025\/02\/lit-a-baldaquin-pas-cher-conforama.002-260x260.jpeg 260w, https:\/\/www.cocondedecoration.com\/blog\/wp-content\/uploads\/2025\/02\/lit-a-baldaquin-pas-cher-conforama.002-165x165.jpeg 165w, https:\/\/www.cocondedecoration.com\/blog\/wp-content\/uploads\/2025\/02\/lit-a-baldaquin-pas-cher-conforama.002-465x465.jpeg 465w, https:\/\/www.cocondedecoration.com\/blog\/wp-content\/uploads\/2025\/02\/lit-a-baldaquin-pas-cher-conforama.002-500x500.jpeg 500w, https:\/\/www.cocondedecoration.com\/blog\/wp-content\/uploads\/2025\/02\/lit-a-baldaquin-pas-cher-conforama.002.jpeg 650w\" sizes=\"(max-width: 640px) 100vw, 640px\" \/><\/a><figcaption class=\"wp-element-caption\">Lit en bois de h\u00eatre avec baldaquin canopy 160 x 200 cm, couleur noyer - One Market chez Conforama <\/figcaption><\/figure>\n\n\n\n<div class=\"wp-block-buttons is-content-justification-center is-layout-flex wp-container-core-buttons-layout-5 wp-block-buttons-is-layout-flex\">\n<div class=\"wp-block-button\"><a class=\"wp-block-button__link wp-element-button\" href=\"https:\/\/c3po.link\/QR6DYm6QRu\" target=\"_blank\" rel=\"noreferrer noopener\">Acheter<\/a><\/div>\n<\/div>\n<\/div>\n<\/div>\n\n\n\n<div class=\"wp-block-columns is-layout-flex wp-container-core-columns-layout-4 wp-block-columns-is-layout-flex\">\n<div class=\"wp-block-column is-layout-flow wp-block-column-is-layout-flow\">\n<figure class=\"wp-block-image size-large\"><a href=\"https:\/\/www.cocondedecoration.com\/blog\/wp-content\/uploads\/2025\/02\/lit-a-baldaquin-adulte-ikea.001.jpeg\"><img loading=\"lazy\" decoding=\"async\" width=\"640\" height=\"640\" src=\"https:\/\/www.cocondedecoration.com\/blog\/wp-content\/uploads\/2025\/02\/lit-a-baldaquin-adulte-ikea.001-640x640.jpeg\" alt=\"Structure lit \u00e0 baldaquin, blanc, 140x200 cm\" class=\"wp-image-81625\" title=\"Structure lit \u00e0 baldaquin, blanc, 140x200 cm\" srcset=\"https:\/\/www.cocondedecoration.com\/blog\/wp-content\/uploads\/2025\/02\/lit-a-baldaquin-adulte-ikea.001-640x640.jpeg 640w, https:\/\/www.cocondedecoration.com\/blog\/wp-content\/uploads\/2025\/02\/lit-a-baldaquin-adulte-ikea.001-260x260.jpeg 260w, https:\/\/www.cocondedecoration.com\/blog\/wp-content\/uploads\/2025\/02\/lit-a-baldaquin-adulte-ikea.001-165x165.jpeg 165w, https:\/\/www.cocondedecoration.com\/blog\/wp-content\/uploads\/2025\/02\/lit-a-baldaquin-adulte-ikea.001-465x465.jpeg 465w, https:\/\/www.cocondedecoration.com\/blog\/wp-content\/uploads\/2025\/02\/lit-a-baldaquin-adulte-ikea.001-500x500.jpeg 500w, https:\/\/www.cocondedecoration.com\/blog\/wp-content\/uploads\/2025\/02\/lit-a-baldaquin-adulte-ikea.001.jpeg 650w\" sizes=\"(max-width: 640px) 100vw, 640px\" \/><\/a><figcaption class=\"wp-element-caption\">Structure lit \u00e0 baldaquin, blanc, 140x200 cm - Ikea <\/figcaption><\/figure>\n<\/div>\n\n\n\n<div class=\"wp-block-column is-layout-flow wp-block-column-is-layout-flow\">\n<figure class=\"wp-block-image size-large\"><a href=\"https:\/\/www.cocondedecoration.com\/blog\/wp-content\/uploads\/2025\/02\/lit-a-baldaquin-adulte-ikea.002.jpeg\"><img loading=\"lazy\" decoding=\"async\" width=\"640\" height=\"640\" src=\"https:\/\/www.cocondedecoration.com\/blog\/wp-content\/uploads\/2025\/02\/lit-a-baldaquin-adulte-ikea.002-640x640.jpeg\" alt=\"Structure lit \u00e0 baldaquin, blanc Lur\u00f6y\/Sk\u00e5dis blanc\" class=\"wp-image-81626\" title=\"Structure lit \u00e0 baldaquin, blanc Lur\u00f6y\/Sk\u00e5dis blanc\" srcset=\"https:\/\/www.cocondedecoration.com\/blog\/wp-content\/uploads\/2025\/02\/lit-a-baldaquin-adulte-ikea.002-640x640.jpeg 640w, https:\/\/www.cocondedecoration.com\/blog\/wp-content\/uploads\/2025\/02\/lit-a-baldaquin-adulte-ikea.002-260x260.jpeg 260w, https:\/\/www.cocondedecoration.com\/blog\/wp-content\/uploads\/2025\/02\/lit-a-baldaquin-adulte-ikea.002-165x165.jpeg 165w, https:\/\/www.cocondedecoration.com\/blog\/wp-content\/uploads\/2025\/02\/lit-a-baldaquin-adulte-ikea.002-465x465.jpeg 465w, https:\/\/www.cocondedecoration.com\/blog\/wp-content\/uploads\/2025\/02\/lit-a-baldaquin-adulte-ikea.002-500x500.jpeg 500w, https:\/\/www.cocondedecoration.com\/blog\/wp-content\/uploads\/2025\/02\/lit-a-baldaquin-adulte-ikea.002.jpeg 650w\" sizes=\"(max-width: 640px) 100vw, 640px\" \/><\/a><figcaption class=\"wp-element-caption\">Structure lit \u00e0 baldaquin, blanc Lur\u00f6y\/Sk\u00e5dis blanc - Ikea <\/figcaption><\/figure>\n<\/div>\n<\/div>\n\n\n<div class=\"wp-block-image\">\n<figure class=\"aligncenter size-full\"><a href=\"https:\/\/www.cocondedecoration.com\/blog\/wp-content\/uploads\/2025\/02\/lit-a-baldaquin-maisons-du-monde.001.jpeg\"><img loading=\"lazy\" decoding=\"async\" width=\"1024\" height=\"768\" src=\"https:\/\/www.cocondedecoration.com\/blog\/wp-content\/uploads\/2025\/02\/lit-a-baldaquin-maisons-du-monde.001.jpeg\" alt=\"Lit \u00e0 baldaquin 140x200 sommier inclus blanc\" class=\"wp-image-81616\" title=\"Lit \u00e0 baldaquin 140x200 sommier inclus blanc\" srcset=\"https:\/\/www.cocondedecoration.com\/blog\/wp-content\/uploads\/2025\/02\/lit-a-baldaquin-maisons-du-monde.001.jpeg 1024w, https:\/\/www.cocondedecoration.com\/blog\/wp-content\/uploads\/2025\/02\/lit-a-baldaquin-maisons-du-monde.001-260x195.jpeg 260w, https:\/\/www.cocondedecoration.com\/blog\/wp-content\/uploads\/2025\/02\/lit-a-baldaquin-maisons-du-monde.001-640x480.jpeg 640w, https:\/\/www.cocondedecoration.com\/blog\/wp-content\/uploads\/2025\/02\/lit-a-baldaquin-maisons-du-monde.001-768x576.jpeg 768w, https:\/\/www.cocondedecoration.com\/blog\/wp-content\/uploads\/2025\/02\/lit-a-baldaquin-maisons-du-monde.001-465x349.jpeg 465w, https:\/\/www.cocondedecoration.com\/blog\/wp-content\/uploads\/2025\/02\/lit-a-baldaquin-maisons-du-monde.001-667x500.jpeg 667w\" sizes=\"(max-width: 1024px) 100vw, 1024px\" \/><\/a><figcaption class=\"wp-element-caption\">Lit \u00e0 baldaquin 140x200 sommier inclus blanc - Vipack chez Maisons du Monde<\/figcaption><\/figure><\/div>\n\n\n<div class=\"wp-block-buttons is-content-justification-center is-layout-flex wp-container-core-buttons-layout-6 wp-block-buttons-is-layout-flex\">\n<div class=\"wp-block-button\"><a class=\"wp-block-button__link wp-element-button\" href=\"https:\/\/fnty.co\/c\/r-zdlXdIow\" target=\"_blank\" rel=\"noreferrer noopener\">Acheter<\/a><\/div>\n<\/div>\n\n\n\n<div class=\"wp-block-columns is-layout-flex wp-container-core-columns-layout-5 wp-block-columns-is-layout-flex\">\n<div class=\"wp-block-column is-layout-flow wp-block-column-is-layout-flow\">\n<figure class=\"wp-block-image size-large\"><a href=\"https:\/\/www.cocondedecoration.com\/blog\/wp-content\/uploads\/2025\/02\/lit-a-baldaquin-en-bois.001.jpeg\"><img loading=\"lazy\" decoding=\"async\" width=\"640\" height=\"640\" src=\"https:\/\/www.cocondedecoration.com\/blog\/wp-content\/uploads\/2025\/02\/lit-a-baldaquin-en-bois.001-640x640.jpeg\" alt=\"Lit \u00e0 baldaquin Porto-Alegre\" class=\"wp-image-81621\" title=\"Lit \u00e0 baldaquin Porto-Alegre\" srcset=\"https:\/\/www.cocondedecoration.com\/blog\/wp-content\/uploads\/2025\/02\/lit-a-baldaquin-en-bois.001-640x640.jpeg 640w, https:\/\/www.cocondedecoration.com\/blog\/wp-content\/uploads\/2025\/02\/lit-a-baldaquin-en-bois.001-260x260.jpeg 260w, https:\/\/www.cocondedecoration.com\/blog\/wp-content\/uploads\/2025\/02\/lit-a-baldaquin-en-bois.001-165x165.jpeg 165w, https:\/\/www.cocondedecoration.com\/blog\/wp-content\/uploads\/2025\/02\/lit-a-baldaquin-en-bois.001-465x465.jpeg 465w, https:\/\/www.cocondedecoration.com\/blog\/wp-content\/uploads\/2025\/02\/lit-a-baldaquin-en-bois.001-500x500.jpeg 500w, https:\/\/www.cocondedecoration.com\/blog\/wp-content\/uploads\/2025\/02\/lit-a-baldaquin-en-bois.001.jpeg 650w\" sizes=\"(max-width: 640px) 100vw, 640px\" \/><\/a><figcaption class=\"wp-element-caption\">Lit \u00e0 baldaquin Porto-Alegre - Home 24<\/figcaption><\/figure>\n<\/div>\n\n\n\n<div class=\"wp-block-column is-layout-flow wp-block-column-is-layout-flow\">\n<figure class=\"wp-block-image size-large\"><a href=\"https:\/\/www.cocondedecoration.com\/blog\/wp-content\/uploads\/2025\/02\/lit-a-baldaquin-en-bois.002.jpeg\"><img loading=\"lazy\" decoding=\"async\" width=\"640\" height=\"640\" src=\"https:\/\/www.cocondedecoration.com\/blog\/wp-content\/uploads\/2025\/02\/lit-a-baldaquin-en-bois.002-640x640.jpeg\" alt=\"Lit baldaquin 140x200cm en bois - avec t\u00eate rembourr\u00e9 et 2 tiroirs - Gris\" class=\"wp-image-81622\" title=\"Lit baldaquin 140x200cm en bois - avec t\u00eate rembourr\u00e9 et 2 tiroirs - Gris\" srcset=\"https:\/\/www.cocondedecoration.com\/blog\/wp-content\/uploads\/2025\/02\/lit-a-baldaquin-en-bois.002-640x640.jpeg 640w, https:\/\/www.cocondedecoration.com\/blog\/wp-content\/uploads\/2025\/02\/lit-a-baldaquin-en-bois.002-260x260.jpeg 260w, https:\/\/www.cocondedecoration.com\/blog\/wp-content\/uploads\/2025\/02\/lit-a-baldaquin-en-bois.002-165x165.jpeg 165w, https:\/\/www.cocondedecoration.com\/blog\/wp-content\/uploads\/2025\/02\/lit-a-baldaquin-en-bois.002-465x465.jpeg 465w, https:\/\/www.cocondedecoration.com\/blog\/wp-content\/uploads\/2025\/02\/lit-a-baldaquin-en-bois.002-500x500.jpeg 500w, https:\/\/www.cocondedecoration.com\/blog\/wp-content\/uploads\/2025\/02\/lit-a-baldaquin-en-bois.002.jpeg 650w\" sizes=\"(max-width: 640px) 100vw, 640px\" \/><\/a><figcaption class=\"wp-element-caption\">Lit baldaquin 140x200cm en bois - avec t\u00eate rembourr\u00e9 et 2 tiroirs - Gris - Vente Unique<\/figcaption><\/figure>\n<\/div>\n<\/div>\n\n\n\n<div class=\"wp-block-columns is-layout-flex wp-container-core-columns-layout-6 wp-block-columns-is-layout-flex\">\n<div class=\"wp-block-column is-layout-flow wp-block-column-is-layout-flow\">\n<figure class=\"wp-block-image size-large\"><a href=\"https:\/\/www.cocondedecoration.com\/blog\/wp-content\/uploads\/2025\/02\/lit-a-baldaquin-deco.003.jpeg\"><img loading=\"lazy\" decoding=\"async\" width=\"640\" height=\"640\" src=\"https:\/\/www.cocondedecoration.com\/blog\/wp-content\/uploads\/2025\/02\/lit-a-baldaquin-deco.003-640x640.jpeg\" alt=\"Lit \u00e0 baldaquin 160x200cm en m\u00e9tal noir\" class=\"wp-image-81610\" title=\"Lit \u00e0 baldaquin 160x200cm en m\u00e9tal noir\" srcset=\"https:\/\/www.cocondedecoration.com\/blog\/wp-content\/uploads\/2025\/02\/lit-a-baldaquin-deco.003-640x640.jpeg 640w, https:\/\/www.cocondedecoration.com\/blog\/wp-content\/uploads\/2025\/02\/lit-a-baldaquin-deco.003-260x260.jpeg 260w, https:\/\/www.cocondedecoration.com\/blog\/wp-content\/uploads\/2025\/02\/lit-a-baldaquin-deco.003-165x165.jpeg 165w, https:\/\/www.cocondedecoration.com\/blog\/wp-content\/uploads\/2025\/02\/lit-a-baldaquin-deco.003-465x465.jpeg 465w, https:\/\/www.cocondedecoration.com\/blog\/wp-content\/uploads\/2025\/02\/lit-a-baldaquin-deco.003-500x500.jpeg 500w, https:\/\/www.cocondedecoration.com\/blog\/wp-content\/uploads\/2025\/02\/lit-a-baldaquin-deco.003.jpeg 650w\" sizes=\"(max-width: 640px) 100vw, 640px\" \/><\/a><figcaption class=\"wp-element-caption\">Lit \u00e0 baldaquin 160x200cm en m\u00e9tal noir - Wood chez Maisons du Monde<\/figcaption><\/figure>\n\n\n\n<div class=\"wp-block-buttons is-content-justification-center is-layout-flex wp-container-core-buttons-layout-7 wp-block-buttons-is-layout-flex\">\n<div class=\"wp-block-button\"><a class=\"wp-block-button__link wp-element-button\" href=\"https:\/\/fnty.co\/c\/r-RmdFgwGg\" target=\"_blank\" rel=\"noreferrer noopener\">Acheter<\/a><\/div>\n<\/div>\n<\/div>\n\n\n\n<div class=\"wp-block-column is-layout-flow wp-block-column-is-layout-flow\">\n<figure class=\"wp-block-image size-large\"><a href=\"https:\/\/www.cocondedecoration.com\/blog\/wp-content\/uploads\/2025\/02\/lit-a-baldaquin-deco.004.jpeg\"><img loading=\"lazy\" decoding=\"async\" width=\"640\" height=\"640\" src=\"https:\/\/www.cocondedecoration.com\/blog\/wp-content\/uploads\/2025\/02\/lit-a-baldaquin-deco.004-640x640.jpeg\" alt=\"Lit \u00e0 baldaquin 160 x 200 en m\u00e9tal\n\" class=\"wp-image-81611\" title=\"Lit \u00e0 baldaquin 160 x 200 en m\u00e9tal\" srcset=\"https:\/\/www.cocondedecoration.com\/blog\/wp-content\/uploads\/2025\/02\/lit-a-baldaquin-deco.004-640x640.jpeg 640w, https:\/\/www.cocondedecoration.com\/blog\/wp-content\/uploads\/2025\/02\/lit-a-baldaquin-deco.004-260x260.jpeg 260w, https:\/\/www.cocondedecoration.com\/blog\/wp-content\/uploads\/2025\/02\/lit-a-baldaquin-deco.004-165x165.jpeg 165w, https:\/\/www.cocondedecoration.com\/blog\/wp-content\/uploads\/2025\/02\/lit-a-baldaquin-deco.004-465x465.jpeg 465w, https:\/\/www.cocondedecoration.com\/blog\/wp-content\/uploads\/2025\/02\/lit-a-baldaquin-deco.004-500x500.jpeg 500w, https:\/\/www.cocondedecoration.com\/blog\/wp-content\/uploads\/2025\/02\/lit-a-baldaquin-deco.004.jpeg 650w\" sizes=\"(max-width: 640px) 100vw, 640px\" \/><\/a><figcaption class=\"wp-element-caption\">Lit \u00e0 baldaquin 160 x 200 en m\u00e9tal - Maisons du Monde<\/figcaption><\/figure>\n\n\n\n<div class=\"wp-block-buttons is-content-justification-center is-layout-flex wp-container-core-buttons-layout-8 wp-block-buttons-is-layout-flex\">\n<div class=\"wp-block-button\"><a class=\"wp-block-button__link wp-element-button\" href=\"https:\/\/fnty.co\/c\/r-ZVpJPIRs\" target=\"_blank\" rel=\"noreferrer noopener\">Acheter<\/a><\/div>\n<\/div>\n<\/div>\n<\/div>\n\n\n\n<div class=\"wp-block-columns is-layout-flex wp-container-core-columns-layout-7 wp-block-columns-is-layout-flex\">\n<div class=\"wp-block-column is-layout-flow wp-block-column-is-layout-flow\">\n<figure class=\"wp-block-image size-large\"><a href=\"https:\/\/www.cocondedecoration.com\/blog\/wp-content\/uploads\/2025\/02\/lit-a-baldaquin-pas-cher-conforama.003.jpeg\"><img loading=\"lazy\" decoding=\"async\" width=\"640\" height=\"640\" src=\"https:\/\/www.cocondedecoration.com\/blog\/wp-content\/uploads\/2025\/02\/lit-a-baldaquin-pas-cher-conforama.003-640x640.jpeg\" alt=\"Lit adulte 140x200cm, lit double, lit baldaquin avec t\u00eate de lit et sommier, cadre de lit en m\u00e9tal, noir, sans matelas\" class=\"wp-image-81619\" title=\"Lit adulte 140x200cm, lit double, lit baldaquin avec t\u00eate de lit et sommier, cadre de lit en m\u00e9tal, noir, sans matelas\" srcset=\"https:\/\/www.cocondedecoration.com\/blog\/wp-content\/uploads\/2025\/02\/lit-a-baldaquin-pas-cher-conforama.003-640x640.jpeg 640w, https:\/\/www.cocondedecoration.com\/blog\/wp-content\/uploads\/2025\/02\/lit-a-baldaquin-pas-cher-conforama.003-260x260.jpeg 260w, https:\/\/www.cocondedecoration.com\/blog\/wp-content\/uploads\/2025\/02\/lit-a-baldaquin-pas-cher-conforama.003-165x165.jpeg 165w, https:\/\/www.cocondedecoration.com\/blog\/wp-content\/uploads\/2025\/02\/lit-a-baldaquin-pas-cher-conforama.003-465x465.jpeg 465w, https:\/\/www.cocondedecoration.com\/blog\/wp-content\/uploads\/2025\/02\/lit-a-baldaquin-pas-cher-conforama.003-500x500.jpeg 500w, https:\/\/www.cocondedecoration.com\/blog\/wp-content\/uploads\/2025\/02\/lit-a-baldaquin-pas-cher-conforama.003.jpeg 650w\" sizes=\"(max-width: 640px) 100vw, 640px\" \/><\/a><figcaption class=\"wp-element-caption\">Lit adulte 140x200cm, lit double, lit baldaquin avec t\u00eate de lit et sommier, cadre de lit en m\u00e9tal, noir - OKWISH chez Conforama<\/figcaption><\/figure>\n\n\n\n<div class=\"wp-block-buttons is-content-justification-center is-layout-flex wp-container-core-buttons-layout-9 wp-block-buttons-is-layout-flex\">\n<div class=\"wp-block-button\"><a class=\"wp-block-button__link wp-element-button\" href=\"https:\/\/c3po.link\/QCYpNQ4qsR\" target=\"_blank\" rel=\"noreferrer noopener\">Acheter<\/a><\/div>\n<\/div>\n<\/div>\n\n\n\n<div class=\"wp-block-column is-layout-flow wp-block-column-is-layout-flow\">\n<figure class=\"wp-block-image size-large\"><a href=\"https:\/\/www.cocondedecoration.com\/blog\/wp-content\/uploads\/2025\/02\/lit-a-baldaquin-pas-cher-conforama.004.jpeg\"><img loading=\"lazy\" decoding=\"async\" width=\"640\" height=\"640\" src=\"https:\/\/www.cocondedecoration.com\/blog\/wp-content\/uploads\/2025\/02\/lit-a-baldaquin-pas-cher-conforama.004-640x640.jpeg\" alt=\"Lit adulte 140x200cm,lit baldaquin en bois massif avec 2 grands tiroirs,dossier rembourr\u00e9 et conception de tente,blanc\" class=\"wp-image-81620\" title=\"Lit adulte 140x200cm,lit baldaquin en bois massif avec 2 grands tiroirs,dossier rembourr\u00e9 et conception de tente,blanc\" srcset=\"https:\/\/www.cocondedecoration.com\/blog\/wp-content\/uploads\/2025\/02\/lit-a-baldaquin-pas-cher-conforama.004-640x640.jpeg 640w, https:\/\/www.cocondedecoration.com\/blog\/wp-content\/uploads\/2025\/02\/lit-a-baldaquin-pas-cher-conforama.004-260x260.jpeg 260w, https:\/\/www.cocondedecoration.com\/blog\/wp-content\/uploads\/2025\/02\/lit-a-baldaquin-pas-cher-conforama.004-165x165.jpeg 165w, https:\/\/www.cocondedecoration.com\/blog\/wp-content\/uploads\/2025\/02\/lit-a-baldaquin-pas-cher-conforama.004-465x465.jpeg 465w, https:\/\/www.cocondedecoration.com\/blog\/wp-content\/uploads\/2025\/02\/lit-a-baldaquin-pas-cher-conforama.004-500x500.jpeg 500w, https:\/\/www.cocondedecoration.com\/blog\/wp-content\/uploads\/2025\/02\/lit-a-baldaquin-pas-cher-conforama.004.jpeg 650w\" sizes=\"(max-width: 640px) 100vw, 640px\" \/><\/a><figcaption class=\"wp-element-caption\">Lit adulte 140x200cm,lit baldaquin en bois massif avec 2 grands tiroirs - Modern Family chez Conforama <\/figcaption><\/figure>\n\n\n\n<div class=\"wp-block-buttons is-content-justification-center is-layout-flex wp-container-core-buttons-layout-10 wp-block-buttons-is-layout-flex\">\n<div class=\"wp-block-button\"><a class=\"wp-block-button__link wp-element-button\" href=\"https:\/\/c3po.link\/QPurUUMEfT\" target=\"_blank\" rel=\"noreferrer noopener\">Acheter<\/a><\/div>\n<\/div>\n<\/div>\n<\/div>\n\n\n<div class=\"wp-block-image\">\n<figure class=\"aligncenter size-full\"><a href=\"https:\/\/www.cocondedecoration.com\/blog\/wp-content\/uploads\/2025\/02\/lit-a-baldaquin-maisons-du-monde.002.jpeg\"><img loading=\"lazy\" decoding=\"async\" width=\"1024\" height=\"768\" src=\"https:\/\/www.cocondedecoration.com\/blog\/wp-content\/uploads\/2025\/02\/lit-a-baldaquin-maisons-du-monde.002.jpeg\" alt=\"Lit baldaquin canopee h\u00eatre Bois Bois clair\" class=\"wp-image-81615\" title=\"Lit baldaquin canopee h\u00eatre Bois Bois clair\" srcset=\"https:\/\/www.cocondedecoration.com\/blog\/wp-content\/uploads\/2025\/02\/lit-a-baldaquin-maisons-du-monde.002.jpeg 1024w, https:\/\/www.cocondedecoration.com\/blog\/wp-content\/uploads\/2025\/02\/lit-a-baldaquin-maisons-du-monde.002-260x195.jpeg 260w, https:\/\/www.cocondedecoration.com\/blog\/wp-content\/uploads\/2025\/02\/lit-a-baldaquin-maisons-du-monde.002-640x480.jpeg 640w, https:\/\/www.cocondedecoration.com\/blog\/wp-content\/uploads\/2025\/02\/lit-a-baldaquin-maisons-du-monde.002-768x576.jpeg 768w, https:\/\/www.cocondedecoration.com\/blog\/wp-content\/uploads\/2025\/02\/lit-a-baldaquin-maisons-du-monde.002-465x349.jpeg 465w, https:\/\/www.cocondedecoration.com\/blog\/wp-content\/uploads\/2025\/02\/lit-a-baldaquin-maisons-du-monde.002-667x500.jpeg 667w\" sizes=\"(max-width: 1024px) 100vw, 1024px\" \/><\/a><figcaption class=\"wp-element-caption\">Lit baldaquin canopee h\u00eatre Bois Bois clair - Skandica chez Maisons du Monde<\/figcaption><\/figure><\/div>\n\n\n<div class=\"wp-block-buttons is-content-justification-center is-layout-flex wp-container-core-buttons-layout-11 wp-block-buttons-is-layout-flex\">\n<div class=\"wp-block-button\"><a class=\"wp-block-button__link wp-element-button\" href=\"https:\/\/fnty.co\/c\/r-BSIhxLul\" target=\"_blank\" rel=\"noreferrer noopener\">Acheter<\/a><\/div>\n<\/div>\n\n\n\n<div class=\"wp-block-columns is-layout-flex wp-container-core-columns-layout-8 wp-block-columns-is-layout-flex\">\n<div class=\"wp-block-column is-layout-flow wp-block-column-is-layout-flow\">\n<figure class=\"wp-block-image size-large\"><a href=\"https:\/\/www.cocondedecoration.com\/blog\/wp-content\/uploads\/2025\/02\/lit-a-baldaquin-deco.005.jpeg\"><img loading=\"lazy\" decoding=\"async\" width=\"640\" height=\"640\" src=\"https:\/\/www.cocondedecoration.com\/blog\/wp-content\/uploads\/2025\/02\/lit-a-baldaquin-deco.005-640x640.jpeg\" alt=\"Lit \u00e0 baldaquin en h\u00eatre massif huil\u00e9 160x200 cm\" class=\"wp-image-81612\" title=\"Lit \u00e0 baldaquin en h\u00eatre massif huil\u00e9 160x200 cm\" srcset=\"https:\/\/www.cocondedecoration.com\/blog\/wp-content\/uploads\/2025\/02\/lit-a-baldaquin-deco.005-640x640.jpeg 640w, https:\/\/www.cocondedecoration.com\/blog\/wp-content\/uploads\/2025\/02\/lit-a-baldaquin-deco.005-260x260.jpeg 260w, https:\/\/www.cocondedecoration.com\/blog\/wp-content\/uploads\/2025\/02\/lit-a-baldaquin-deco.005-165x165.jpeg 165w, https:\/\/www.cocondedecoration.com\/blog\/wp-content\/uploads\/2025\/02\/lit-a-baldaquin-deco.005-465x465.jpeg 465w, https:\/\/www.cocondedecoration.com\/blog\/wp-content\/uploads\/2025\/02\/lit-a-baldaquin-deco.005-500x500.jpeg 500w, https:\/\/www.cocondedecoration.com\/blog\/wp-content\/uploads\/2025\/02\/lit-a-baldaquin-deco.005.jpeg 650w\" sizes=\"(max-width: 640px) 100vw, 640px\" \/><\/a><figcaption class=\"wp-element-caption\">Lit \u00e0 baldaquin en h\u00eatre massif huil\u00e9 160x200 cm - Weber Industries chez Maisons du Monde<\/figcaption><\/figure>\n\n\n\n<div class=\"wp-block-buttons is-content-justification-center is-layout-flex wp-container-core-buttons-layout-12 wp-block-buttons-is-layout-flex\">\n<div class=\"wp-block-button\"><a class=\"wp-block-button__link wp-element-button\" href=\"https:\/\/fnty.co\/c\/r-dFErWmcQ\" target=\"_blank\" rel=\"noreferrer noopener\">Acheter<\/a><\/div>\n<\/div>\n<\/div>\n\n\n\n<div class=\"wp-block-column is-layout-flow wp-block-column-is-layout-flow\">\n<figure class=\"wp-block-image size-large\"><a href=\"https:\/\/www.cocondedecoration.com\/blog\/wp-content\/uploads\/2025\/02\/lit-a-baldaquin-deco.006.jpeg\"><img loading=\"lazy\" decoding=\"async\" width=\"640\" height=\"640\" src=\"https:\/\/www.cocondedecoration.com\/blog\/wp-content\/uploads\/2025\/02\/lit-a-baldaquin-deco.006-640x640.jpeg\" alt=\"Lit \u00e0 baldaquin 160x200 en bois d'acacia avec sommier \u00e0 lattes en bois de pin\" class=\"wp-image-81613\" title=\"Lit \u00e0 baldaquin 160x200 en bois d'acacia avec sommier \u00e0 lattes en bois de pin\" srcset=\"https:\/\/www.cocondedecoration.com\/blog\/wp-content\/uploads\/2025\/02\/lit-a-baldaquin-deco.006-640x640.jpeg 640w, https:\/\/www.cocondedecoration.com\/blog\/wp-content\/uploads\/2025\/02\/lit-a-baldaquin-deco.006-260x260.jpeg 260w, https:\/\/www.cocondedecoration.com\/blog\/wp-content\/uploads\/2025\/02\/lit-a-baldaquin-deco.006-165x165.jpeg 165w, https:\/\/www.cocondedecoration.com\/blog\/wp-content\/uploads\/2025\/02\/lit-a-baldaquin-deco.006-465x465.jpeg 465w, https:\/\/www.cocondedecoration.com\/blog\/wp-content\/uploads\/2025\/02\/lit-a-baldaquin-deco.006-500x500.jpeg 500w, https:\/\/www.cocondedecoration.com\/blog\/wp-content\/uploads\/2025\/02\/lit-a-baldaquin-deco.006.jpeg 650w\" sizes=\"(max-width: 640px) 100vw, 640px\" \/><\/a><figcaption class=\"wp-element-caption\">Lit \u00e0 baldaquin 160x200 en bois d'acacia avec sommier \u00e0 lattes en bois de pin - Maisons du Monde <\/figcaption><\/figure>\n\n\n\n<div class=\"wp-block-buttons is-content-justification-center is-layout-flex wp-container-core-buttons-layout-13 wp-block-buttons-is-layout-flex\">\n<div class=\"wp-block-button\"><a class=\"wp-block-button__link wp-element-button\" href=\"https:\/\/fnty.co\/c\/r-AOMCOnaO\" target=\"_blank\" rel=\"noreferrer noopener\">Acheter<\/a><\/div>\n<\/div>\n<\/div>\n<\/div>\n\n\n\n<div class=\"wp-block-columns is-layout-flex wp-container-core-columns-layout-9 wp-block-columns-is-layout-flex\">\n<div class=\"wp-block-column is-layout-flow wp-block-column-is-layout-flow\">\n<figure class=\"wp-block-image size-large\"><a href=\"https:\/\/www.cocondedecoration.com\/blog\/wp-content\/uploads\/2025\/02\/lit-a-baldaquin-en-bois.003.jpeg\"><img loading=\"lazy\" decoding=\"async\" width=\"640\" height=\"640\" src=\"https:\/\/www.cocondedecoration.com\/blog\/wp-content\/uploads\/2025\/02\/lit-a-baldaquin-en-bois.003-640x640.jpeg\" alt=\"Lit \u00e0 baldaquin 200x200 Acacia laqu\u00e9 Miel\" class=\"wp-image-81624\" title=\"Lit \u00e0 baldaquin 200x200 Acacia laqu\u00e9 Miel\" srcset=\"https:\/\/www.cocondedecoration.com\/blog\/wp-content\/uploads\/2025\/02\/lit-a-baldaquin-en-bois.003-640x640.jpeg 640w, https:\/\/www.cocondedecoration.com\/blog\/wp-content\/uploads\/2025\/02\/lit-a-baldaquin-en-bois.003-260x260.jpeg 260w, https:\/\/www.cocondedecoration.com\/blog\/wp-content\/uploads\/2025\/02\/lit-a-baldaquin-en-bois.003-165x165.jpeg 165w, https:\/\/www.cocondedecoration.com\/blog\/wp-content\/uploads\/2025\/02\/lit-a-baldaquin-en-bois.003-465x465.jpeg 465w, https:\/\/www.cocondedecoration.com\/blog\/wp-content\/uploads\/2025\/02\/lit-a-baldaquin-en-bois.003-500x500.jpeg 500w, https:\/\/www.cocondedecoration.com\/blog\/wp-content\/uploads\/2025\/02\/lit-a-baldaquin-en-bois.003.jpeg 650w\" sizes=\"(max-width: 640px) 100vw, 640px\" \/><\/a><figcaption class=\"wp-element-caption\">Lit \u00e0 baldaquin 200x200 Acacia laqu\u00e9 Miel - Massiv Moebel 24<\/figcaption><\/figure>\n<\/div>\n\n\n\n<div class=\"wp-block-column is-layout-flow wp-block-column-is-layout-flow\">\n<figure class=\"wp-block-image size-large\"><a href=\"https:\/\/www.cocondedecoration.com\/blog\/wp-content\/uploads\/2025\/02\/lit-a-baldaquin-en-bois.004.jpeg\"><img loading=\"lazy\" decoding=\"async\" width=\"640\" height=\"640\" src=\"https:\/\/www.cocondedecoration.com\/blog\/wp-content\/uploads\/2025\/02\/lit-a-baldaquin-en-bois.004-640x640.jpeg\" alt=\"Lit \u00e0 baldaquin 140x200 Palissandre huil\u00e9 Brun\" class=\"wp-image-81623\" title=\"Lit \u00e0 baldaquin 140x200 Palissandre huil\u00e9 Brun\" srcset=\"https:\/\/www.cocondedecoration.com\/blog\/wp-content\/uploads\/2025\/02\/lit-a-baldaquin-en-bois.004-640x640.jpeg 640w, https:\/\/www.cocondedecoration.com\/blog\/wp-content\/uploads\/2025\/02\/lit-a-baldaquin-en-bois.004-260x260.jpeg 260w, https:\/\/www.cocondedecoration.com\/blog\/wp-content\/uploads\/2025\/02\/lit-a-baldaquin-en-bois.004-165x165.jpeg 165w, https:\/\/www.cocondedecoration.com\/blog\/wp-content\/uploads\/2025\/02\/lit-a-baldaquin-en-bois.004-465x465.jpeg 465w, https:\/\/www.cocondedecoration.com\/blog\/wp-content\/uploads\/2025\/02\/lit-a-baldaquin-en-bois.004-500x500.jpeg 500w, https:\/\/www.cocondedecoration.com\/blog\/wp-content\/uploads\/2025\/02\/lit-a-baldaquin-en-bois.004.jpeg 650w\" sizes=\"(max-width: 640px) 100vw, 640px\" \/><\/a><figcaption class=\"wp-element-caption\">Lit \u00e0 baldaquin 140x200 Palissandre huil\u00e9 Brun - Massiv Moebel 24<\/figcaption><\/figure>\n<\/div>\n<\/div>\n\n\n\n<figure class=\"wp-block-image size-full\"><a href=\"https:\/\/www.cocondedecoration.com\/blog\/wp-content\/uploads\/2025\/02\/lit-a-baldaquin-maisons-du-monde.003.jpeg\"><img loading=\"lazy\" decoding=\"async\" width=\"1024\" height=\"768\" src=\"https:\/\/www.cocondedecoration.com\/blog\/wp-content\/uploads\/2025\/02\/lit-a-baldaquin-maisons-du-monde.003.jpeg\" alt=\"Lit \u00e0 baldaquin en acacia massif 160x200\" class=\"wp-image-81614\" title=\"Lit \u00e0 baldaquin en acacia massif 160x200\" srcset=\"https:\/\/www.cocondedecoration.com\/blog\/wp-content\/uploads\/2025\/02\/lit-a-baldaquin-maisons-du-monde.003.jpeg 1024w, https:\/\/www.cocondedecoration.com\/blog\/wp-content\/uploads\/2025\/02\/lit-a-baldaquin-maisons-du-monde.003-260x195.jpeg 260w, https:\/\/www.cocondedecoration.com\/blog\/wp-content\/uploads\/2025\/02\/lit-a-baldaquin-maisons-du-monde.003-640x480.jpeg 640w, https:\/\/www.cocondedecoration.com\/blog\/wp-content\/uploads\/2025\/02\/lit-a-baldaquin-maisons-du-monde.003-768x576.jpeg 768w, https:\/\/www.cocondedecoration.com\/blog\/wp-content\/uploads\/2025\/02\/lit-a-baldaquin-maisons-du-monde.003-465x349.jpeg 465w, https:\/\/www.cocondedecoration.com\/blog\/wp-content\/uploads\/2025\/02\/lit-a-baldaquin-maisons-du-monde.003-667x500.jpeg 667w\" sizes=\"(max-width: 1024px) 100vw, 1024px\" \/><\/a><figcaption class=\"wp-element-caption\">Lit \u00e0 baldaquin en acacia massif 160x200 - Maisons du Monde<\/figcaption><\/figure>\n\n\n\n<div class=\"wp-block-buttons is-content-justification-center is-layout-flex wp-container-core-buttons-layout-14 wp-block-buttons-is-layout-flex\">\n<div class=\"wp-block-button\"><a class=\"wp-block-button__link wp-element-button\" href=\"https:\/\/fnty.co\/c\/r-HcicOHBg\" target=\"_blank\" rel=\"noreferrer noopener\">Acheter<\/a><\/div>\n<\/div>\n\n\n\n<p class=\"has-small-font-size\">Source de l'image d'en-t\u00eate: Pexels \/ Huy Quang Nguy\u1ec5n<br>Note: Cet article contient des liens affili\u00e9s. Ils ne changent rien \u00e0 votre utilisation du blog ou des sites partenaires. Si vous passez commande via l'un de ces liens je touche une faible commission qui me permet d'entretenir r\u00e9guli\u00e8rement le blog. Merci par avance de votre soutien. <\/p>\n","protected":false},"excerpt":{"rendered":"<p>Le lit \u00e0 baldaquin revient sur le devant de la sc\u00e8ne d\u00e9co. D\u00e9couvrez comment le choisir, quelle est son histoire et ma s\u00e9lection shopping. <span class=\"more-link\"><a href=\"https:\/\/www.cocondedecoration.com\/blog\/2025\/02\/lit-a-baldaquin\/\">Lire la suite<\/a><\/span><\/p>\n","protected":false},"author":1,"featured_media":81627,"comment_status":"open","ping_status":"open","sticky":false,"template":"","format":"standard","meta":{"om_disable_all_campaigns":false,"_monsterinsights_skip_tracking":false,"_monsterinsights_sitenote_active":false,"_monsterinsights_sitenote_note":"","_monsterinsights_sitenote_category":0,"_uf_show_specific_survey":0,"_uf_disable_surveys":false,"footnotes":""},"categories":[60905],"tags":[52219,52222,6176,61861,61860,1929,42516,61609,407],"aioseo_notices":[],"_links":{"self":[{"href":"https:\/\/www.cocondedecoration.com\/blog\/wp-json\/wp\/v2\/posts\/81607"}],"collection":[{"href":"https:\/\/www.cocondedecoration.com\/blog\/wp-json\/wp\/v2\/posts"}],"about":[{"href":"https:\/\/www.cocondedecoration.com\/blog\/wp-json\/wp\/v2\/types\/post"}],"author":[{"embeddable":true,"href":"https:\/\/www.cocondedecoration.com\/blog\/wp-json\/wp\/v2\/users\/1"}],"replies":[{"embeddable":true,"href":"https:\/\/www.cocondedecoration.com\/blog\/wp-json\/wp\/v2\/comments?post=81607"}],"version-history":[{"count":3,"href":"https:\/\/www.cocondedecoration.com\/blog\/wp-json\/wp\/v2\/posts\/81607\/revisions"}],"predecessor-version":[{"id":81720,"href":"https:\/\/www.cocondedecoration.com\/blog\/wp-json\/wp\/v2\/posts\/81607\/revisions\/81720"}],"wp:featuredmedia":[{"embeddable":true,"href":"https:\/\/www.cocondedecoration.com\/blog\/wp-json\/wp\/v2\/media\/81627"}],"wp:attachment":[{"href":"https:\/\/www.cocondedecoration.com\/blog\/wp-json\/wp\/v2\/media?parent=81607"}],"wp:term":[{"taxonomy":"category","embeddable":true,"href":"https:\/\/www.cocondedecoration.com\/blog\/wp-json\/wp\/v2\/categories?post=81607"},{"taxonomy":"post_tag","embeddable":true,"href":"https:\/\/www.cocondedecoration.com\/blog\/wp-json\/wp\/v2\/tags?post=81607"}],"curies":[{"name":"wp","href":"https:\/\/api.w.org\/{rel}","templated":true}]}}