{"id":80207,"date":"2024-12-20T06:20:51","date_gmt":"2024-12-20T04:20:51","guid":{"rendered":"https:\/\/www.cocondedecoration.com\/blog\/?p=80207"},"modified":"2024-12-20T06:20:54","modified_gmt":"2024-12-20T04:20:54","slug":"association-vert-jaune-deco","status":"publish","type":"post","link":"https:\/\/www.cocondedecoration.com\/blog\/2024\/12\/association-vert-jaune-deco\/","title":{"rendered":"Associer du vert et du jaune chez soi: 13 exemples \u00e0 copier"},"content":{"rendered":"\n<p>Cet article est le premier d'une longue s\u00e9rie o\u00f9 j'ai l'intention de parler d'association de couleurs. En d\u00e9coration, il est assez rare que l'on utilise une seule et m\u00eame couleur pour d\u00e9corer un espace. Et pour commencer cette s\u00e9rie, j'ai eu envie de me pencher sur un mariage de couleurs que j'affectionne beaucoup: le vert et le jaune. Un mix naturel qui fait du bien au moral.  <\/p>\n\n\n\n<!--more-->\n\n\n\n<div class=\"wp-block-columns is-layout-flex wp-container-core-columns-layout-1 wp-block-columns-is-layout-flex\">\n<div class=\"wp-block-column is-layout-flow wp-block-column-is-layout-flow\">\n<div style=\"height:100px\" aria-hidden=\"true\" class=\"wp-block-spacer\"><\/div>\n\n\n\n<h2 class=\"wp-block-heading\">Papier peint floral vert et jaune au dessus de la cr\u00e9dence de cuisine <\/h2>\n\n\n\n<p>La cuisine \u00e9tant une pi\u00e8ce de vie, il est assez facile de la d\u00e9corer en couleur. L\u00e0 o\u00f9 parfois, c'est un peu compliqu\u00e9, c'est avec le nombre de meubles qui se trouve dans l'espace. Le <strong>rev\u00eatement mural<\/strong> (papier peint comme peinture) peut donc \u00eatre une source de couleurs. Ici c'est un <a href=\"https:\/\/www.cocondedecoration.com\/blog\/2022\/09\/papier-peint-a-fleur\/\" target=\"_blank\" rel=\"noopener\" title=\"\">papier peint fleuri<\/a> sur fond clair, des fleurs jaunes et du feuillage vert qui surplombe une cr\u00e9dence en carrelage. Le vert sauge du papier peint <strong>se retrouve sur l'\u00e9tag\u00e8re<\/strong> murale qui se fond presque avec le rev\u00eatement mural. <\/p>\n\n\n\n<p>En 2025, la <a href=\"https:\/\/www.cocondedecoration.com\/blog\/2024\/12\/tendance-deco-2025-salon\/\" target=\"_blank\" rel=\"noopener\" title=\"\">tendance est aux couleurs vives<\/a>. On aura l'occasion de voir des exemples de mariage entre du jaune et du vert plus vifs dans la suite de cet article. N\u00e9anmoins, je tenais \u00e0 commencer cet article avec <strong>de la douceur<\/strong> et surtout vous montrer que ce mix de couleurs n'\u00e9tait pas n\u00e9cessairement criard. Il peut \u00e9galement \u00eatre <strong>att\u00e9nu\u00e9 par des couleurs neutres<\/strong> (ici le fond du papier peint et la cr\u00e9dence en carrelage). <\/p>\n<\/div>\n\n\n\n<div class=\"wp-block-column is-layout-flow wp-block-column-is-layout-flow\">\n<figure class=\"wp-block-image size-large\"><a href=\"https:\/\/www.cocondedecoration.com\/blog\/wp-content\/uploads\/2024\/12\/interieur-deco-association-couleur-vert-et-jaune.001.jpeg\"><img loading=\"lazy\" decoding=\"async\" width=\"640\" height=\"960\" src=\"https:\/\/www.cocondedecoration.com\/blog\/wp-content\/uploads\/2024\/12\/interieur-deco-association-couleur-vert-et-jaune.001-640x960.jpeg\" alt=\"association couleur d\u00e9coration int\u00e9rieure jaune et vert exemple cuisine \u00e9l\u00e9gante cr\u00e9dence carrelage fonc\u00e9 papier peint floral \u00e9tag\u00e8re murale peinte \" class=\"wp-image-80208\" srcset=\"https:\/\/www.cocondedecoration.com\/blog\/wp-content\/uploads\/2024\/12\/interieur-deco-association-couleur-vert-et-jaune.001-640x960.jpeg 640w, https:\/\/www.cocondedecoration.com\/blog\/wp-content\/uploads\/2024\/12\/interieur-deco-association-couleur-vert-et-jaune.001-260x390.jpeg 260w, https:\/\/www.cocondedecoration.com\/blog\/wp-content\/uploads\/2024\/12\/interieur-deco-association-couleur-vert-et-jaune.001-768x1152.jpeg 768w, https:\/\/www.cocondedecoration.com\/blog\/wp-content\/uploads\/2024\/12\/interieur-deco-association-couleur-vert-et-jaune.001-367x550.jpeg 367w, https:\/\/www.cocondedecoration.com\/blog\/wp-content\/uploads\/2024\/12\/interieur-deco-association-couleur-vert-et-jaune.001-333x500.jpeg 333w, https:\/\/www.cocondedecoration.com\/blog\/wp-content\/uploads\/2024\/12\/interieur-deco-association-couleur-vert-et-jaune.001.jpeg 1000w\" sizes=\"(max-width: 640px) 100vw, 640px\" \/><\/a><figcaption class=\"wp-element-caption\">papierpeintdesannees70.com<\/figcaption><\/figure>\n<\/div>\n<\/div>\n\n\n\n<div class=\"wp-block-columns is-layout-flex wp-container-core-columns-layout-2 wp-block-columns-is-layout-flex\">\n<div class=\"wp-block-column is-layout-flow wp-block-column-is-layout-flow\">\n<figure class=\"wp-block-image size-large\"><a href=\"https:\/\/www.cocondedecoration.com\/blog\/wp-content\/uploads\/2024\/12\/interieur-deco-association-couleur-vert-et-jaune.002.jpeg\"><img loading=\"lazy\" decoding=\"async\" width=\"640\" height=\"960\" src=\"https:\/\/www.cocondedecoration.com\/blog\/wp-content\/uploads\/2024\/12\/interieur-deco-association-couleur-vert-et-jaune.002-640x960.jpeg\" alt=\"association couleur d\u00e9coration int\u00e9rieure jaune et vert exemple papier peint tropical couvre lit jaune franc chambre \u00e0 coucher enfant \" class=\"wp-image-80209\" title=\"association couleur d\u00e9coration int\u00e9rieure jaune et vert exemple papier peint tropical couvre lit jaune franc chambre \u00e0 coucher enfant \" srcset=\"https:\/\/www.cocondedecoration.com\/blog\/wp-content\/uploads\/2024\/12\/interieur-deco-association-couleur-vert-et-jaune.002-640x960.jpeg 640w, https:\/\/www.cocondedecoration.com\/blog\/wp-content\/uploads\/2024\/12\/interieur-deco-association-couleur-vert-et-jaune.002-260x390.jpeg 260w, https:\/\/www.cocondedecoration.com\/blog\/wp-content\/uploads\/2024\/12\/interieur-deco-association-couleur-vert-et-jaune.002-768x1152.jpeg 768w, https:\/\/www.cocondedecoration.com\/blog\/wp-content\/uploads\/2024\/12\/interieur-deco-association-couleur-vert-et-jaune.002-367x550.jpeg 367w, https:\/\/www.cocondedecoration.com\/blog\/wp-content\/uploads\/2024\/12\/interieur-deco-association-couleur-vert-et-jaune.002-333x500.jpeg 333w, https:\/\/www.cocondedecoration.com\/blog\/wp-content\/uploads\/2024\/12\/interieur-deco-association-couleur-vert-et-jaune.002.jpeg 1000w\" sizes=\"(max-width: 640px) 100vw, 640px\" \/><\/a><figcaption class=\"wp-element-caption\">apartmenttherapy.com<\/figcaption><\/figure>\n<\/div>\n\n\n\n<div class=\"wp-block-column is-layout-flow wp-block-column-is-layout-flow\">\n<div style=\"height:100px\" aria-hidden=\"true\" class=\"wp-block-spacer\"><\/div>\n\n\n\n<h2 class=\"wp-block-heading\">Papier peint tropical et couvre lit jaune franc pour une chambre d'enfant pleine de peps <\/h2>\n\n\n\n<p>Il existe de nombreuses mani\u00e8res d'apporter de la couleur dans une pi\u00e8ce. Et dans une chambre d'enfant, on peut tr\u00e8s bien <strong>assortir le rev\u00eatement mural et les textiles d\u00e9coratifs<\/strong> notamment le <a href=\"https:\/\/www.cocondedecoration.com\/blog\/2023\/01\/parures-de-lit-enfant\/\" target=\"_blank\" rel=\"noopener\" title=\"\">linge de lit<\/a>. Dans l'exemple s\u00e9lectionn\u00e9, on a un papier peint tropical \u00e0 dominante verte et un couvre lit jaune soleil. Un mix plein de vie sans que \u00e7a ne soit trop \u00e9nervant. <\/p>\n\n\n\n<p>Il y a deux choses \u00e0 retenir de cet exemple de mariage entre le jaune et le vert: La premi\u00e8re concerne <strong>les proportions de couleurs utilis\u00e9es<\/strong>. Le vert est en plus grande quantit\u00e9 que le jaune. M\u00eame si ce dernier est vif, il est aussi moins important. Il <strong>met en lumi\u00e8re l'\u00e9l\u00e9ment central<\/strong> de la chambre d'enfant: le lit. Les couleurs vives ont un fort impact d\u00e9coratif et visuel. Parfois il est bon de les utiliser en petite quantit\u00e9 pour trouver un bon \u00e9quilibre. <\/p>\n\n\n\n<p>Le deuxi\u00e8me point \u00e0 retenir est <strong>la facilit\u00e9 offerte par le linge de lit<\/strong> pour apporter une touche de couleur suppl\u00e9mentaire. Les textiles d\u00e9co en g\u00e9n\u00e9ral sont de tr\u00e8s bons alli\u00e9s pour parfaire votre mix de couleurs. <\/p>\n<\/div>\n<\/div>\n\n\n\n<div class=\"wp-block-columns is-layout-flex wp-container-core-columns-layout-3 wp-block-columns-is-layout-flex\">\n<div class=\"wp-block-column is-layout-flow wp-block-column-is-layout-flow\">\n<div style=\"height:100px\" aria-hidden=\"true\" class=\"wp-block-spacer\"><\/div>\n\n\n\n<h2 class=\"wp-block-heading\">Une salle \u00e0 manger \u00e0 dominante jaune avec quelques d\u00e9tails verts <\/h2>\n\n\n\n<p>Je trouve que le jaune est une couleur parfaite pour la salle \u00e0 manger. C'est une couleur chaleureuse et conviviale. Et la plupart du temps, j'ai tendance \u00e0 associer le jaune comme une <strong>couleur familiale<\/strong>.<\/p>\n\n\n\n<p>Dans l'inspiration s\u00e9lectionn\u00e9e, le jaune est sous forme de <strong>peinture sur les murs<\/strong> (associ\u00e9 avec un soubassement ocre) et sur <strong>le plafond<\/strong>. Pour <strong>d\u00e9limiter<\/strong> mur et plafond, une boiserie est peinte en vert kaki. Ce vert, on le trouve \u00e9galement avec l'armature d'une chaise, la suspension au dessus de la table, les motifs du <a href=\"https:\/\/www.cocondedecoration.com\/blog\/2023\/05\/comment-choisir-rideaux\/\" target=\"_blank\" rel=\"noopener\" title=\"\">rideau<\/a>. Vase, carafe et verres sont quant \u00e0 eux dans un vert plus acidul\u00e9. Les <strong>accessoires<\/strong> sont une nouvelle fois source de <strong>couleur accent<\/strong>.  <\/p>\n\n\n\n<p>A lire \u00e9galement: <a href=\"https:\/\/www.cocondedecoration.com\/blog\/2022\/10\/interieur-couleur-vert-kaki\/\" target=\"_blank\" rel=\"noopener\" title=\"\">D\u00e9corer son int\u00e9rieur avec du vert kaki<\/a><\/p>\n\n\n\n<p>Cet exemple me permet aussi de vous parler du choix de couleur principale pour <strong>une pi\u00e8ce \u00e0 vivre expos\u00e9e au nord<\/strong>, c'est \u00e0 dire une pi\u00e8ce qui aura peu de lumi\u00e8re naturelle et qui peut sembler froide.  Le jaune \u00e9tant une couleur relative au soleil, c'est une source de chaleur (visuelle \/ psychologique) qui r\u00e9chauffera votre espace en un clin d'oeil. <\/p>\n<\/div>\n\n\n\n<div class=\"wp-block-column is-layout-flow wp-block-column-is-layout-flow\">\n<figure class=\"wp-block-image size-large\"><a href=\"https:\/\/www.cocondedecoration.com\/blog\/wp-content\/uploads\/2024\/12\/interieur-deco-association-couleur-vert-et-jaune.003.jpeg\"><img loading=\"lazy\" decoding=\"async\" width=\"640\" height=\"960\" src=\"https:\/\/www.cocondedecoration.com\/blog\/wp-content\/uploads\/2024\/12\/interieur-deco-association-couleur-vert-et-jaune.003-640x960.jpeg\" alt=\"association couleur d\u00e9coration int\u00e9rieure jaune et vert exemple salle \u00e0 manger peinture soubassement accessoire rideau luminaire vaisselle vase chaise \" class=\"wp-image-80210\" title=\"association couleur d\u00e9coration int\u00e9rieure jaune et vert exemple salle \u00e0 manger peinture soubassement accessoire rideau luminaire vaisselle vase chaise \" srcset=\"https:\/\/www.cocondedecoration.com\/blog\/wp-content\/uploads\/2024\/12\/interieur-deco-association-couleur-vert-et-jaune.003-640x960.jpeg 640w, https:\/\/www.cocondedecoration.com\/blog\/wp-content\/uploads\/2024\/12\/interieur-deco-association-couleur-vert-et-jaune.003-260x390.jpeg 260w, https:\/\/www.cocondedecoration.com\/blog\/wp-content\/uploads\/2024\/12\/interieur-deco-association-couleur-vert-et-jaune.003-768x1152.jpeg 768w, https:\/\/www.cocondedecoration.com\/blog\/wp-content\/uploads\/2024\/12\/interieur-deco-association-couleur-vert-et-jaune.003-367x550.jpeg 367w, https:\/\/www.cocondedecoration.com\/blog\/wp-content\/uploads\/2024\/12\/interieur-deco-association-couleur-vert-et-jaune.003-333x500.jpeg 333w, https:\/\/www.cocondedecoration.com\/blog\/wp-content\/uploads\/2024\/12\/interieur-deco-association-couleur-vert-et-jaune.003.jpeg 1000w\" sizes=\"(max-width: 640px) 100vw, 640px\" \/><\/a><figcaption class=\"wp-element-caption\">housebeautiful.com<\/figcaption><\/figure>\n<\/div>\n<\/div>\n\n\n\n<div style=\"height:20px\" aria-hidden=\"true\" class=\"wp-block-spacer\"><\/div>\n\n\n\n<div class=\"wp-block-media-text alignwide\"><figure class=\"wp-block-media-text__media\"><img loading=\"lazy\" decoding=\"async\" width=\"640\" height=\"366\" src=\"https:\/\/www.cocondedecoration.com\/blog\/wp-content\/uploads\/2023\/12\/newsletter-patreon-640x366.png\" alt=\"\" class=\"wp-image-70176\" srcset=\"https:\/\/www.cocondedecoration.com\/blog\/wp-content\/uploads\/2023\/12\/newsletter-patreon-640x366.png 640w, https:\/\/www.cocondedecoration.com\/blog\/wp-content\/uploads\/2023\/12\/newsletter-patreon-260x149.png 260w, https:\/\/www.cocondedecoration.com\/blog\/wp-content\/uploads\/2023\/12\/newsletter-patreon-768x439.png 768w, https:\/\/www.cocondedecoration.com\/blog\/wp-content\/uploads\/2023\/12\/newsletter-patreon-465x266.png 465w, https:\/\/www.cocondedecoration.com\/blog\/wp-content\/uploads\/2023\/12\/newsletter-patreon-695x397.png 695w, https:\/\/www.cocondedecoration.com\/blog\/wp-content\/uploads\/2023\/12\/newsletter-patreon.png 1050w\" sizes=\"(max-width: 640px) 100vw, 640px\" \/><\/figure><div class=\"wp-block-media-text__content\">\n<p style=\"text-align:center\"><strong>La newsletter du blog est sur Patreon<\/strong><\/p>\n\n\n\n<p>Devenez membre gratuitement de mon Patron pour lire toutes les newsletters du blog &amp; recevoir une notification quand les prochaines seront en ligne. <\/p>\n\n\n\n<div class=\"wp-block-button aligncenter\"><a class=\"wp-block-button__link\" href=\"https:\/\/www.patreon.com\/cocondedeco\">Acc\u00e9der \u00e0 Patreon gratuitement<\/a><\/div>\n<\/div><\/div>\n\n\n\n<div style=\"height:30px\" aria-hidden=\"true\" class=\"wp-block-spacer\"><\/div>\n\n\n\n<div class=\"wp-block-columns is-layout-flex wp-container-core-columns-layout-4 wp-block-columns-is-layout-flex\">\n<div class=\"wp-block-column is-layout-flow wp-block-column-is-layout-flow\">\n<figure class=\"wp-block-image size-large\"><a href=\"https:\/\/www.cocondedecoration.com\/blog\/wp-content\/uploads\/2024\/12\/interieur-deco-association-couleur-vert-et-jaune.004.jpeg\"><img loading=\"lazy\" decoding=\"async\" width=\"640\" height=\"960\" src=\"https:\/\/www.cocondedecoration.com\/blog\/wp-content\/uploads\/2024\/12\/interieur-deco-association-couleur-vert-et-jaune.004-640x960.jpeg\" alt=\"association couleur d\u00e9coration int\u00e9rieure jaune et vert exemple salon s\u00e9jour dominante blanche canap\u00e9 coussin fauteuil \" class=\"wp-image-80211\" title=\"association couleur d\u00e9coration int\u00e9rieure jaune et vert exemple salon s\u00e9jour dominante blanche canap\u00e9 coussin fauteuil \" srcset=\"https:\/\/www.cocondedecoration.com\/blog\/wp-content\/uploads\/2024\/12\/interieur-deco-association-couleur-vert-et-jaune.004-640x960.jpeg 640w, https:\/\/www.cocondedecoration.com\/blog\/wp-content\/uploads\/2024\/12\/interieur-deco-association-couleur-vert-et-jaune.004-260x390.jpeg 260w, https:\/\/www.cocondedecoration.com\/blog\/wp-content\/uploads\/2024\/12\/interieur-deco-association-couleur-vert-et-jaune.004-768x1152.jpeg 768w, https:\/\/www.cocondedecoration.com\/blog\/wp-content\/uploads\/2024\/12\/interieur-deco-association-couleur-vert-et-jaune.004-367x550.jpeg 367w, https:\/\/www.cocondedecoration.com\/blog\/wp-content\/uploads\/2024\/12\/interieur-deco-association-couleur-vert-et-jaune.004-333x500.jpeg 333w, https:\/\/www.cocondedecoration.com\/blog\/wp-content\/uploads\/2024\/12\/interieur-deco-association-couleur-vert-et-jaune.004.jpeg 1000w\" sizes=\"(max-width: 640px) 100vw, 640px\" \/><\/a><figcaption class=\"wp-element-caption\">marmads.com<\/figcaption><\/figure>\n<\/div>\n\n\n\n<div class=\"wp-block-column is-layout-flow wp-block-column-is-layout-flow\">\n<h2 class=\"wp-block-heading\">Des coussins jaunes pour dynamiser un canap\u00e9 vert dans un salon \u00e9l\u00e9gant et lumineux <\/h2>\n\n\n\n<p>Le vert et jaune est un combo de couleurs qui trouve sa place dans toutes les pi\u00e8ces de la maison et <strong>le salon<\/strong> n'y coupe pas. Ici la pi\u00e8ce est blanche, ce sont les <strong>meubles et accessoires<\/strong> qui apportent de la couleur. Un <a href=\"https:\/\/www.cocondedecoration.com\/blog\/2020\/06\/ou-trouver-un-canape-en-velours-vert\/\" target=\"_blank\" rel=\"noopener\" title=\"\">canap\u00e9 vert<\/a>, des coussins jaunes dessus, deux fauteuils jaunes \u00e9galement. <\/p>\n\n\n\n<p>Je ne sais pas pour vous mais je trouve que c'est <strong>un mix d\u00e9co gagnant<\/strong> sur tous les points: On a un espace lumineux et spacieux gr\u00e2ce au blanc, le canap\u00e9 apporte une touche de nature (que j'associe facilement avec l'id\u00e9e de bienveillance) et le jaune dynamise le tout comme pour rappeler que le salon est un espace dans lequel on vit. L'une des caract\u00e9ristique du jaune est de cr\u00e9er une <strong>atmosph\u00e8re accueillante<\/strong>.  <\/p>\n\n\n\n<p>Plus d'id\u00e9es: <a href=\"https:\/\/www.cocondedecoration.com\/blog\/2020\/09\/couleur-jaune-salon\/\" target=\"_blank\" rel=\"noopener\" title=\"\">Du jaune dans le salon<\/a> <\/p>\n\n\n\n<p>Dans une pi\u00e8ce, il y a une r\u00e8gle que l'on suit souvent sans y pr\u00eater attention pour la r\u00e9partition des couleurs. La <strong>r\u00e8gle des 60 \/ 30 \/ 10<\/strong> c'est \u00e0 dire 60% de couleur dominante (ici le blanc), 30% de couleur secondaire et 10% de couleur accent. Je ne vous dis pas de sortir la calculatrice pour trouver le bon mix d\u00e9co. Cette r\u00e8gle est ajustable selon vos envies et vos go\u00fbts. Choisir 3 couleurs dont une neutre dominante permet d'avoir un int\u00e9rieur \u00e9quilibr\u00e9 avec un peu de dynamisme. <\/p>\n<\/div>\n<\/div>\n\n\n\n<div class=\"wp-block-columns is-layout-flex wp-container-core-columns-layout-5 wp-block-columns-is-layout-flex\">\n<div class=\"wp-block-column is-layout-flow wp-block-column-is-layout-flow\">\n<div style=\"height:100px\" aria-hidden=\"true\" class=\"wp-block-spacer\"><\/div>\n\n\n\n<h2 class=\"wp-block-heading\">De la couleur par petites touches dans la cuisine ouverte noire et blanche <\/h2>\n\n\n\n<p>Cette cuisine est sans doute l'un des exemples de mix and match vert et jaune qui me parle le plus. A peu pr\u00e8s tout me parle dans cet exemple. J'aime le c\u00f4t\u00e9 graphique des meubles de cuisine bas en lin\u00e9aire. J'aime comme la <strong>cr\u00e9dence en zellige verts<\/strong> casse le contraste du noir et du blanc. Et j'aime la touche de jaune solaire avec le pi\u00e8tement du plan de travail d'appoint. <\/p>\n\n\n\n<p>Je vous invite souvent par le biais de mes articles \u00e0 cr\u00e9er une d\u00e9coration int\u00e9rieure qui vous ressemble. Si j'avais un chez moi, cette cuisine aurait tout \u00e0 fait sa place. J'aime le blanc (presque autant que le vert), le noir et les touches de couleurs. Le vert et le jaune ici sont dans des <strong>proportions discr\u00e8tes mais suffisantes<\/strong> pour apporter de la personnalit\u00e9 \u00e0 l'espace ouvert. <\/p>\n\n\n\n<p>A lire aussi: <a href=\"https:\/\/www.cocondedecoration.com\/blog\/2023\/09\/decoration-cuisine-couleurs-complementaires\/\" target=\"_blank\" rel=\"noopener\" title=\"\">Des couleurs compl\u00e9mentaires pour une cuisine pleine de vie<\/a><\/p>\n<\/div>\n\n\n\n<div class=\"wp-block-column is-layout-flow wp-block-column-is-layout-flow\">\n<figure class=\"wp-block-image size-large\"><a href=\"https:\/\/www.cocondedecoration.com\/blog\/wp-content\/uploads\/2024\/12\/interieur-deco-association-couleur-vert-et-jaune.005.jpeg\"><img loading=\"lazy\" decoding=\"async\" width=\"640\" height=\"960\" src=\"https:\/\/www.cocondedecoration.com\/blog\/wp-content\/uploads\/2024\/12\/interieur-deco-association-couleur-vert-et-jaune.005-640x960.jpeg\" alt=\"association couleur d\u00e9coration int\u00e9rieure jaune et vert exemple cuisine moderne cr\u00e9dence zellige \u00e9meraude desserte jaune franc soleil meuble noir mur blanc \" class=\"wp-image-80212\" title=\"association couleur d\u00e9coration int\u00e9rieure jaune et vert exemple cuisine moderne cr\u00e9dence zellige \u00e9meraude desserte jaune franc soleil meuble noir mur blanc \" srcset=\"https:\/\/www.cocondedecoration.com\/blog\/wp-content\/uploads\/2024\/12\/interieur-deco-association-couleur-vert-et-jaune.005-640x960.jpeg 640w, https:\/\/www.cocondedecoration.com\/blog\/wp-content\/uploads\/2024\/12\/interieur-deco-association-couleur-vert-et-jaune.005-260x390.jpeg 260w, https:\/\/www.cocondedecoration.com\/blog\/wp-content\/uploads\/2024\/12\/interieur-deco-association-couleur-vert-et-jaune.005-768x1152.jpeg 768w, https:\/\/www.cocondedecoration.com\/blog\/wp-content\/uploads\/2024\/12\/interieur-deco-association-couleur-vert-et-jaune.005-367x550.jpeg 367w, https:\/\/www.cocondedecoration.com\/blog\/wp-content\/uploads\/2024\/12\/interieur-deco-association-couleur-vert-et-jaune.005-333x500.jpeg 333w, https:\/\/www.cocondedecoration.com\/blog\/wp-content\/uploads\/2024\/12\/interieur-deco-association-couleur-vert-et-jaune.005.jpeg 1000w\" sizes=\"(max-width: 640px) 100vw, 640px\" \/><\/a><figcaption class=\"wp-element-caption\">digsdigs.com<\/figcaption><\/figure>\n<\/div>\n<\/div>\n\n\n\n<div class=\"wp-block-columns is-layout-flex wp-container-core-columns-layout-6 wp-block-columns-is-layout-flex\">\n<div class=\"wp-block-column is-layout-flow wp-block-column-is-layout-flow\">\n<figure class=\"wp-block-image size-large\"><a href=\"https:\/\/www.cocondedecoration.com\/blog\/wp-content\/uploads\/2024\/12\/interieur-deco-association-couleur-vert-et-jaune.006.jpeg\"><img loading=\"lazy\" decoding=\"async\" width=\"640\" height=\"960\" src=\"https:\/\/www.cocondedecoration.com\/blog\/wp-content\/uploads\/2024\/12\/interieur-deco-association-couleur-vert-et-jaune.006-640x960.jpeg\" alt=\"association couleur d\u00e9coration int\u00e9rieure jaune et vert exemple papier peint imprim\u00e9 l\u00e9opartd accessoire color\u00e9 moderne \" class=\"wp-image-80213\" title=\"association couleur d\u00e9coration int\u00e9rieure jaune et vert exemple papier peint imprim\u00e9 l\u00e9opartd accessoire color\u00e9 moderne \" srcset=\"https:\/\/www.cocondedecoration.com\/blog\/wp-content\/uploads\/2024\/12\/interieur-deco-association-couleur-vert-et-jaune.006-640x960.jpeg 640w, https:\/\/www.cocondedecoration.com\/blog\/wp-content\/uploads\/2024\/12\/interieur-deco-association-couleur-vert-et-jaune.006-260x390.jpeg 260w, https:\/\/www.cocondedecoration.com\/blog\/wp-content\/uploads\/2024\/12\/interieur-deco-association-couleur-vert-et-jaune.006-768x1152.jpeg 768w, https:\/\/www.cocondedecoration.com\/blog\/wp-content\/uploads\/2024\/12\/interieur-deco-association-couleur-vert-et-jaune.006-367x550.jpeg 367w, https:\/\/www.cocondedecoration.com\/blog\/wp-content\/uploads\/2024\/12\/interieur-deco-association-couleur-vert-et-jaune.006-333x500.jpeg 333w, https:\/\/www.cocondedecoration.com\/blog\/wp-content\/uploads\/2024\/12\/interieur-deco-association-couleur-vert-et-jaune.006.jpeg 1000w\" sizes=\"(max-width: 640px) 100vw, 640px\" \/><\/a><figcaption class=\"wp-element-caption\">wellpapers.com<\/figcaption><\/figure>\n<\/div>\n\n\n\n<div class=\"wp-block-column is-layout-flow wp-block-column-is-layout-flow\">\n<div style=\"height:100px\" aria-hidden=\"true\" class=\"wp-block-spacer\"><\/div>\n\n\n\n<h2 class=\"wp-block-heading\">Papier peint et accessoire pour une d\u00e9co originale en jaune et vert <\/h2>\n\n\n\n<p>Le vert \u00e9tant partiellement compos\u00e9 de jaune, ce sont deux couleurs qui s'associe facilement l'une avec l'autre. M\u00eame si les marier ensemble peut sembler naturel, cela ne vous emp\u00eache pas de faire <strong>preuve d'originalit\u00e9 dans votre d\u00e9co<\/strong> - bien au contraire. On peut tr\u00e8s bien choisir des couleurs \"classiques\" et exprimer sa personnalit\u00e9 par d'autres biais. Ici c'est <strong>le motif<\/strong> sauvage et r\u00e9p\u00e9titif du papier peint et l'esprit cactus comme <strong>objets d\u00e9coratifs<\/strong>. Ca me parle bien n'ayant pas la main verte du tout! <\/p>\n\n\n\n<p>Je peux comprendre que ce parti-pris d\u00e9co ne soit pas au go\u00fbt de tout le monde. J'imagine sans souci le genre de commentaires (parfois d\u00e9sagr\u00e9ables) que je pourrais avoir sur Facebook avec cet exemple. Mais le point ici, c'est que le combo vert et jaune <strong>n'est pas n\u00e9cessairement une association classique<\/strong>. La volont\u00e9 d'associer ces deux couleurs peut \u00eatre un pr\u00e9texte \u00e0 de la fantaisie, une touche d'humour dans la d\u00e9co. <\/p>\n\n\n\n<p>Envie d'un papier peint jaune?<a href=\"https:\/\/www.cocondedecoration.com\/blog\/2024\/12\/papier-peint-jaune\/\" target=\"_blank\" rel=\"noopener\" title=\"\"> D\u00e9couvrez ma s\u00e9lection d\u00e9co par ici<\/a>. <\/p>\n<\/div>\n<\/div>\n\n\n\n<div class=\"wp-block-columns is-layout-flex wp-container-core-columns-layout-7 wp-block-columns-is-layout-flex\">\n<div class=\"wp-block-column is-layout-flow wp-block-column-is-layout-flow\">\n<div style=\"height:100px\" aria-hidden=\"true\" class=\"wp-block-spacer\"><\/div>\n\n\n\n<h2 class=\"wp-block-heading\">Soubassement jaune tendre et parure de lit vert bouteille <\/h2>\n\n\n\n<p>Dans le 2<sup>\u00e8me<\/sup> exemple de cet article, il \u00e9tait d\u00e9j\u00e0 question de la chambre d'enfant. Cette fois, la <strong>proportion des couleurs est invers\u00e9e<\/strong>: le jaune est au mur, le vert sur le lit. <\/p>\n\n\n\n<p>La nuance de jaune est plus l\u00e9g\u00e8re. On est sur un <strong>jaune tendre<\/strong> presque pastel. Un jaune mix\u00e9 et att\u00e9nu\u00e9 avec du blanc qui le rend plus doux \/ moins \u00e9nervant et donc plus adapt\u00e9 \u00e0 un espace sommeil. Pour \u00e9viter l'esprit enfantin du pastel, le vert bouteille de la housse de couette offre \u00e0 l'espace sommeil <strong>plus de profondeur, de maturit\u00e9<\/strong>. C'est un bon mix pour <a href=\"https:\/\/www.cocondedecoration.com\/blog\/2020\/11\/idee-deco-chambre-ado-style-rock\/\" target=\"_blank\" rel=\"noopener\" title=\"\">une chambre d'ado<\/a>: plus tout \u00e0 fait enfant, pas encore tout \u00e0 fait adulte. <\/p>\n\n\n\n<p>Cet exemple est aussi une bonne occasion pour vous montrer <strong>le jaune comme couleur de soubassement<\/strong>. Colorer juste une partie du mur est une solution gagnant \/ gagnant: On profite de la vibration de la couleur, de son dynamisme sans perdre en clart\u00e9. <\/p>\n\n\n\n<p>Vous cherchez des id\u00e9es pour d\u00e9corer la chambre d'enfant? Voici <a href=\"https:\/\/www.cocondedecoration.com\/blog\/2023\/04\/soubassement-deco-chambre-enfant\/\" target=\"_blank\" rel=\"noopener\" title=\"\">23 soubassements \u00e0 copier<\/a> pour personnaliser l'espace de votre kid. <\/p>\n<\/div>\n\n\n\n<div class=\"wp-block-column is-layout-flow wp-block-column-is-layout-flow\">\n<figure class=\"wp-block-image size-large\"><a href=\"https:\/\/www.cocondedecoration.com\/blog\/wp-content\/uploads\/2024\/12\/interieur-deco-association-couleur-vert-et-jaune.007.jpeg\"><img loading=\"lazy\" decoding=\"async\" width=\"640\" height=\"960\" src=\"https:\/\/www.cocondedecoration.com\/blog\/wp-content\/uploads\/2024\/12\/interieur-deco-association-couleur-vert-et-jaune.007-640x960.jpeg\" alt=\"association couleur d\u00e9coration int\u00e9rieure jaune et vert exemple chambre enfant soubassement t\u00eate de lit parure de draps \" class=\"wp-image-80214\" title=\"association couleur d\u00e9coration int\u00e9rieure jaune et vert exemple chambre enfant soubassement t\u00eate de lit parure de draps \" srcset=\"https:\/\/www.cocondedecoration.com\/blog\/wp-content\/uploads\/2024\/12\/interieur-deco-association-couleur-vert-et-jaune.007-640x960.jpeg 640w, https:\/\/www.cocondedecoration.com\/blog\/wp-content\/uploads\/2024\/12\/interieur-deco-association-couleur-vert-et-jaune.007-260x390.jpeg 260w, https:\/\/www.cocondedecoration.com\/blog\/wp-content\/uploads\/2024\/12\/interieur-deco-association-couleur-vert-et-jaune.007-768x1152.jpeg 768w, https:\/\/www.cocondedecoration.com\/blog\/wp-content\/uploads\/2024\/12\/interieur-deco-association-couleur-vert-et-jaune.007-367x550.jpeg 367w, https:\/\/www.cocondedecoration.com\/blog\/wp-content\/uploads\/2024\/12\/interieur-deco-association-couleur-vert-et-jaune.007-333x500.jpeg 333w, https:\/\/www.cocondedecoration.com\/blog\/wp-content\/uploads\/2024\/12\/interieur-deco-association-couleur-vert-et-jaune.007.jpeg 1000w\" sizes=\"(max-width: 640px) 100vw, 640px\" \/><\/a><figcaption class=\"wp-element-caption\">plum-living.com<\/figcaption><\/figure>\n<\/div>\n<\/div>\n\n\n\n<div class=\"wp-block-columns has-2-columns is-layout-flex wp-container-core-columns-layout-8 wp-block-columns-is-layout-flex\">\n<div class=\"wp-block-column is-layout-flow wp-block-column-is-layout-flow\"><div class='white' style='background:rgba(0,0,0,0); border:solid 0px rgba(0,0,0,0); border-radius:0px; padding:0px 0px 0px 0px;'>\n<div id='slider_54038' class='owl-carousel sa_owl_theme owl-pagination-true autohide-arrows' data-slider-id='slider_54038' style='visibility:hidden;'>\n<div id='slider_54038_slide01' class='sa_hover_container' style='padding:5% 5%; margin:0px 0%; '><p><a href=\"https:\/\/www.cocondedecoration.com\/blog\/wp-content\/uploads\/2024\/01\/revetement-bricolage-deco-castorama.001.jpeg\"><img loading=\"lazy\" decoding=\"async\" class=\"aligncenter size-large wp-image-71133\" src=\"https:\/\/www.cocondedecoration.com\/blog\/wp-content\/uploads\/2024\/01\/revetement-bricolage-deco-castorama.001-640x640.jpeg\" alt=\"revetement bricolage deco castorama tasseaux de bois moderne\" width=\"640\" height=\"640\" srcset=\"https:\/\/www.cocondedecoration.com\/blog\/wp-content\/uploads\/2024\/01\/revetement-bricolage-deco-castorama.001-640x640.jpeg 640w, https:\/\/www.cocondedecoration.com\/blog\/wp-content\/uploads\/2024\/01\/revetement-bricolage-deco-castorama.001-165x165.jpeg 165w, https:\/\/www.cocondedecoration.com\/blog\/wp-content\/uploads\/2024\/01\/revetement-bricolage-deco-castorama.001-260x260.jpeg 260w, https:\/\/www.cocondedecoration.com\/blog\/wp-content\/uploads\/2024\/01\/revetement-bricolage-deco-castorama.001-465x465.jpeg 465w, https:\/\/www.cocondedecoration.com\/blog\/wp-content\/uploads\/2024\/01\/revetement-bricolage-deco-castorama.001-500x500.jpeg 500w, https:\/\/www.cocondedecoration.com\/blog\/wp-content\/uploads\/2024\/01\/revetement-bricolage-deco-castorama.001.jpeg 650w\" sizes=\"(max-width: 640px) 100vw, 640px\" \/><\/a><\/p><\/div>\n<div id='slider_54038_slide02' class='sa_hover_container' style='padding:5% 5%; margin:0px 0%; '><p><a href=\"https:\/\/www.cocondedecoration.com\/blog\/wp-content\/uploads\/2024\/01\/revetement-bricolage-deco-castorama.002.jpeg\"><img loading=\"lazy\" decoding=\"async\" class=\"aligncenter size-large wp-image-71134\" src=\"https:\/\/www.cocondedecoration.com\/blog\/wp-content\/uploads\/2024\/01\/revetement-bricolage-deco-castorama.002-640x640.jpeg\" alt=\"revetement bricolage deco castorama papier peint motif art deco noir et blanc\" width=\"640\" height=\"640\" srcset=\"https:\/\/www.cocondedecoration.com\/blog\/wp-content\/uploads\/2024\/01\/revetement-bricolage-deco-castorama.002-640x640.jpeg 640w, https:\/\/www.cocondedecoration.com\/blog\/wp-content\/uploads\/2024\/01\/revetement-bricolage-deco-castorama.002-165x165.jpeg 165w, https:\/\/www.cocondedecoration.com\/blog\/wp-content\/uploads\/2024\/01\/revetement-bricolage-deco-castorama.002-260x260.jpeg 260w, https:\/\/www.cocondedecoration.com\/blog\/wp-content\/uploads\/2024\/01\/revetement-bricolage-deco-castorama.002-465x465.jpeg 465w, https:\/\/www.cocondedecoration.com\/blog\/wp-content\/uploads\/2024\/01\/revetement-bricolage-deco-castorama.002-500x500.jpeg 500w, https:\/\/www.cocondedecoration.com\/blog\/wp-content\/uploads\/2024\/01\/revetement-bricolage-deco-castorama.002.jpeg 650w\" sizes=\"(max-width: 640px) 100vw, 640px\" \/><\/a><\/p><\/div>\n<div id='slider_54038_slide03' class='sa_hover_container' style='padding:5% 5%; margin:0px 0%; '><p><a href=\"https:\/\/www.cocondedecoration.com\/blog\/wp-content\/uploads\/2024\/01\/revetement-bricolage-deco-castorama.003.jpeg\"><img loading=\"lazy\" decoding=\"async\" class=\"aligncenter size-large wp-image-71135\" src=\"https:\/\/www.cocondedecoration.com\/blog\/wp-content\/uploads\/2024\/01\/revetement-bricolage-deco-castorama.003-640x640.jpeg\" alt=\"revetement bricolage deco castorama cr\u00e9dence adh\u00e9sive terrazzo moderne facile \u00e0 poser\" width=\"640\" height=\"640\" srcset=\"https:\/\/www.cocondedecoration.com\/blog\/wp-content\/uploads\/2024\/01\/revetement-bricolage-deco-castorama.003-640x640.jpeg 640w, https:\/\/www.cocondedecoration.com\/blog\/wp-content\/uploads\/2024\/01\/revetement-bricolage-deco-castorama.003-165x165.jpeg 165w, https:\/\/www.cocondedecoration.com\/blog\/wp-content\/uploads\/2024\/01\/revetement-bricolage-deco-castorama.003-260x260.jpeg 260w, https:\/\/www.cocondedecoration.com\/blog\/wp-content\/uploads\/2024\/01\/revetement-bricolage-deco-castorama.003-465x465.jpeg 465w, https:\/\/www.cocondedecoration.com\/blog\/wp-content\/uploads\/2024\/01\/revetement-bricolage-deco-castorama.003-500x500.jpeg 500w, https:\/\/www.cocondedecoration.com\/blog\/wp-content\/uploads\/2024\/01\/revetement-bricolage-deco-castorama.003.jpeg 650w\" sizes=\"(max-width: 640px) 100vw, 640px\" \/><\/a><\/p><\/div>\n<div id='slider_54038_slide04' class='sa_hover_container' style='padding:5% 5%; margin:0px 0%; '><p><a href=\"https:\/\/www.cocondedecoration.com\/blog\/wp-content\/uploads\/2024\/01\/revetement-bricolage-deco-castorama.004.jpeg\"><img loading=\"lazy\" decoding=\"async\" class=\"aligncenter size-large wp-image-71136\" src=\"https:\/\/www.cocondedecoration.com\/blog\/wp-content\/uploads\/2024\/01\/revetement-bricolage-deco-castorama.004-640x640.jpeg\" alt=\"revetement bricolage deco castorama papier peint fleuri arche peinture vert sauge\" width=\"640\" height=\"640\" srcset=\"https:\/\/www.cocondedecoration.com\/blog\/wp-content\/uploads\/2024\/01\/revetement-bricolage-deco-castorama.004-640x640.jpeg 640w, https:\/\/www.cocondedecoration.com\/blog\/wp-content\/uploads\/2024\/01\/revetement-bricolage-deco-castorama.004-165x165.jpeg 165w, https:\/\/www.cocondedecoration.com\/blog\/wp-content\/uploads\/2024\/01\/revetement-bricolage-deco-castorama.004-260x260.jpeg 260w, https:\/\/www.cocondedecoration.com\/blog\/wp-content\/uploads\/2024\/01\/revetement-bricolage-deco-castorama.004-465x465.jpeg 465w, https:\/\/www.cocondedecoration.com\/blog\/wp-content\/uploads\/2024\/01\/revetement-bricolage-deco-castorama.004-500x500.jpeg 500w, https:\/\/www.cocondedecoration.com\/blog\/wp-content\/uploads\/2024\/01\/revetement-bricolage-deco-castorama.004.jpeg 650w\" sizes=\"(max-width: 640px) 100vw, 640px\" \/><\/a><\/p><\/div>\n<div id='slider_54038_slide05' class='sa_hover_container' style='padding:5% 5%; margin:0px 0%; '><p><a href=\"https:\/\/www.cocondedecoration.com\/blog\/wp-content\/uploads\/2024\/01\/revetement-bricolage-deco-castorama.005.jpeg\"><img loading=\"lazy\" decoding=\"async\" class=\"aligncenter size-large wp-image-71137\" src=\"https:\/\/www.cocondedecoration.com\/blog\/wp-content\/uploads\/2024\/01\/revetement-bricolage-deco-castorama.005-640x640.jpeg\" alt=\"revetement bricolage deco castorama papier peint g\u00e9om\u00e9trique vintage ann\u00e9es 60\" width=\"640\" height=\"640\" srcset=\"https:\/\/www.cocondedecoration.com\/blog\/wp-content\/uploads\/2024\/01\/revetement-bricolage-deco-castorama.005-640x640.jpeg 640w, https:\/\/www.cocondedecoration.com\/blog\/wp-content\/uploads\/2024\/01\/revetement-bricolage-deco-castorama.005-165x165.jpeg 165w, https:\/\/www.cocondedecoration.com\/blog\/wp-content\/uploads\/2024\/01\/revetement-bricolage-deco-castorama.005-260x260.jpeg 260w, https:\/\/www.cocondedecoration.com\/blog\/wp-content\/uploads\/2024\/01\/revetement-bricolage-deco-castorama.005-465x465.jpeg 465w, https:\/\/www.cocondedecoration.com\/blog\/wp-content\/uploads\/2024\/01\/revetement-bricolage-deco-castorama.005-500x500.jpeg 500w, https:\/\/www.cocondedecoration.com\/blog\/wp-content\/uploads\/2024\/01\/revetement-bricolage-deco-castorama.005.jpeg 650w\" sizes=\"(max-width: 640px) 100vw, 640px\" \/><\/a><\/p><\/div>\n<div id='slider_54038_slide06' class='sa_hover_container' style='padding:5% 5%; margin:0px 0%; '><p><a href=\"https:\/\/www.cocondedecoration.com\/blog\/wp-content\/uploads\/2024\/01\/revetement-bricolage-deco-castorama.006.jpeg\"><img loading=\"lazy\" decoding=\"async\" class=\"aligncenter size-large wp-image-71138\" src=\"https:\/\/www.cocondedecoration.com\/blog\/wp-content\/uploads\/2024\/01\/revetement-bricolage-deco-castorama.006-640x640.jpeg\" alt=\"revetement bricolage deco castorama conseil bricolage tutoriel\" width=\"640\" height=\"640\" srcset=\"https:\/\/www.cocondedecoration.com\/blog\/wp-content\/uploads\/2024\/01\/revetement-bricolage-deco-castorama.006-640x640.jpeg 640w, https:\/\/www.cocondedecoration.com\/blog\/wp-content\/uploads\/2024\/01\/revetement-bricolage-deco-castorama.006-165x165.jpeg 165w, https:\/\/www.cocondedecoration.com\/blog\/wp-content\/uploads\/2024\/01\/revetement-bricolage-deco-castorama.006-260x260.jpeg 260w, https:\/\/www.cocondedecoration.com\/blog\/wp-content\/uploads\/2024\/01\/revetement-bricolage-deco-castorama.006-465x465.jpeg 465w, https:\/\/www.cocondedecoration.com\/blog\/wp-content\/uploads\/2024\/01\/revetement-bricolage-deco-castorama.006-500x500.jpeg 500w, https:\/\/www.cocondedecoration.com\/blog\/wp-content\/uploads\/2024\/01\/revetement-bricolage-deco-castorama.006.jpeg 650w\" sizes=\"(max-width: 640px) 100vw, 640px\" \/><\/a><\/p><\/div>\n<\/div>\n<\/div>\n<script type='text\/javascript'>\n\tjQuery(document).ready(function() {\n\t\tjQuery('#slider_54038').owlCarousel({\n\t\t\titems : 1,\n\t\t\tsmartSpeed : 200,\n\t\t\tautoplay : true,\n\t\t\tautoplayTimeout : 2000,\n\t\t\tautoplayHoverPause : true,\n\t\t\tsmartSpeed : 200,\n\t\t\tfluidSpeed : 200,\n\t\t\tautoplaySpeed : 200,\n\t\t\tnavSpeed : 200,\n\t\t\tdotsSpeed : 200,\n\t\t\tloop : true,\n\t\t\tnav : true,\n\t\t\tnavText : ['Previous','Next'],\n\t\t\tdots : true,\n\t\t\tresponsiveRefreshRate : 200,\n\t\t\tslideBy : 1,\n\t\t\tmergeFit : true,\n\t\t\tautoHeight : false,\n\t\t\tmouseDrag : true,\n\t\t\ttouchDrag : true\n\t\t});\n\t\tjQuery('#slider_54038').css('visibility', 'visible');\n\t\tsa_resize_slider_54038();\n\t\twindow.addEventListener('resize', sa_resize_slider_54038);\n\t\tfunction sa_resize_slider_54038() {\n\t\t\tvar min_height = '50';\n\t\t\tvar win_width = jQuery(window).width();\n\t\t\tvar slider_width = jQuery('#slider_54038').width();\n\t\t\tif (win_width < 480) {\n\t\t\t\tvar slide_width = slider_width \/ 1;\n\t\t\t} else if (win_width < 768) {\n\t\t\t\tvar slide_width = slider_width \/ 1;\n\t\t\t} else if (win_width < 980) {\n\t\t\t\tvar slide_width = slider_width \/ 1;\n\t\t\t} else if (win_width < 1200) {\n\t\t\t\tvar slide_width = slider_width \/ 1;\n\t\t\t} else if (win_width < 1500) {\n\t\t\t\tvar slide_width = slider_width \/ 1;\n\t\t\t} else {\n\t\t\t\tvar slide_width = slider_width \/ 1;\n\t\t\t}\n\t\t\tslide_width = Math.round(slide_width);\n\t\t\tvar slide_height = '0';\n\t\t\tif (min_height == 'aspect43') {\n\t\t\t\tslide_height = (slide_width \/ 4) * 3;\t\t\t\tslide_height = Math.round(slide_height);\n\t\t\t} else if (min_height == 'aspect169') {\n\t\t\t\tslide_height = (slide_width \/ 16) * 9;\t\t\t\tslide_height = Math.round(slide_height);\n\t\t\t} else {\n\t\t\t\tslide_height = (slide_width \/ 100) * min_height;\t\t\t\tslide_height = Math.round(slide_height);\n\t\t\t}\n\t\t\tjQuery('#slider_54038 .owl-item .sa_hover_container').css('min-height', slide_height+'px');\n\t\t}\n\t\tvar owl_goto = jQuery('#slider_54038');\n\t\tjQuery('.slider_54038_goto1').click(function(event){\n\t\t\towl_goto.trigger('to.owl.carousel', 0);\n\t\t});\n\t\tjQuery('.slider_54038_goto2').click(function(event){\n\t\t\towl_goto.trigger('to.owl.carousel', 1);\n\t\t});\n\t\tjQuery('.slider_54038_goto3').click(function(event){\n\t\t\towl_goto.trigger('to.owl.carousel', 2);\n\t\t});\n\t\tjQuery('.slider_54038_goto4').click(function(event){\n\t\t\towl_goto.trigger('to.owl.carousel', 3);\n\t\t});\n\t\tjQuery('.slider_54038_goto5').click(function(event){\n\t\t\towl_goto.trigger('to.owl.carousel', 4);\n\t\t});\n\t\tjQuery('.slider_54038_goto6').click(function(event){\n\t\t\towl_goto.trigger('to.owl.carousel', 5);\n\t\t});\n\t\tvar resize_54038 = jQuery('.owl-carousel');\n\t\tresize_54038.on('initialized.owl.carousel', function(e) {\n\t\t\tif (typeof(Event) === 'function') {\n\t\t\t\twindow.dispatchEvent(new Event('resize'));\n\t\t\t} else {\n\t\t\t\tvar evt = window.document.createEvent('UIEvents');\n\t\t\t\tevt.initUIEvent('resize', true, false, window, 0);\n\t\t\t\twindow.dispatchEvent(evt);\n\t\t\t}\n\t\t});\n\t});\n<\/script>\n\n<\/div>\n\n\n\n<div class=\"wp-block-column is-layout-flow wp-block-column-is-layout-flow\">\n<h2 class=\"wp-block-heading\">Cr\u00e9ez une d\u00e9co murale qui vous ressemble avec Castorama<\/h2>\n\n\n\n<p>Castorama vous offre un large choix de peintures, de papiers peints et autres rev\u00eatements muraux pour mettre en oeuvre toutes vos envies d\u00e9co. <a href=\"https:\/\/tidd.ly\/3HozE5L\" target=\"_blank\" rel=\"noreferrer noopener\" aria-label=\"Rendez-vous sur le site (s\u2019ouvre dans un nouvel onglet)\">Rendez-vous sur le site<\/a> pour en savoir plus. <\/p>\n\n\n\n<h2 class=\"wp-block-heading\">Connaissez-vous Hello Casto? <\/h2>\n\n\n\n<p>Castorama vous propose de l'aide pour la r\u00e9alisation de vos projets. Hello Casto vous aide de plusieurs mani\u00e8res. D'une part, cet assistant se sert de l'intelligence artificielle pour r\u00e9pondre \u00e0 vos questions techniques. D'autre part, Hello Casto vous propose des tutoriels \u00e0 commande vocale pour mener \u00e0 bien vos projets d\u00e9co &amp; am\u00e9nagement.   <\/p>\n\n\n\n<div class=\"wp-block-button aligncenter\"><a class=\"wp-block-button__link\" href=\"https:\/\/tidd.ly\/3TUfgBd\">D\u00e9couvrir Hello Casto<\/a><\/div>\n\n\n\n<p class=\"has-small-font-size\">R\u00e9f\u00e9rences des produits en slide: 1. <a rel=\"noreferrer noopener\" aria-label=\"Lambris lamelles bois naturel (s\u2019ouvre dans un nouvel onglet)\" href=\"https:\/\/tidd.ly\/47Egzay\" target=\"_blank\">Lambris lamelles bois naturel<\/a> 2. <a rel=\"noreferrer noopener\" aria-label=\"Papier peint Vinyle Intiss\u00e9 motif art d\u00e9co (s\u2019ouvre dans un nouvel onglet)\" href=\"https:\/\/tidd.ly\/47BP1m2\" target=\"_blank\">Papier peint Vinyle Intiss\u00e9 motif art d\u00e9co<\/a> 3. <a rel=\"noreferrer noopener\" aria-label=\"Cr\u00e9dence de cuisine auto-adh\u00e9sive terrazzo (s\u2019ouvre dans un nouvel onglet)\" href=\"https:\/\/tidd.ly\/48SupHu\" target=\"_blank\">Cr\u00e9dence de cuisine auto-adh\u00e9sive terrazzo<\/a> 4. <a rel=\"noreferrer noopener\" aria-label=\"Papier peint pr\u00e9-encoll\u00e9 vinyle motif floral  (s\u2019ouvre dans un nouvel onglet)\" href=\"https:\/\/tidd.ly\/48J5XZa\" target=\"_blank\">Papier peint pr\u00e9-encoll\u00e9 vinyle motif floral <\/a>5. <a rel=\"noreferrer noopener\" aria-label=\"Papier peint Vinyle Intiss\u00e9 esprit vintage (s\u2019ouvre dans un nouvel onglet)\" href=\"https:\/\/tidd.ly\/48y2Z9S\" target=\"_blank\">Papier peint Vinyle Intiss\u00e9 esprit vintage<\/a> <\/p>\n<\/div>\n<\/div>\n\n\n\n<div class=\"wp-block-columns is-layout-flex wp-container-core-columns-layout-9 wp-block-columns-is-layout-flex\">\n<div class=\"wp-block-column is-layout-flow wp-block-column-is-layout-flow\">\n<figure class=\"wp-block-image size-large\"><a href=\"https:\/\/www.cocondedecoration.com\/blog\/wp-content\/uploads\/2024\/12\/interieur-deco-association-couleur-vert-et-jaune.008.jpeg\"><img loading=\"lazy\" decoding=\"async\" width=\"640\" height=\"960\" src=\"https:\/\/www.cocondedecoration.com\/blog\/wp-content\/uploads\/2024\/12\/interieur-deco-association-couleur-vert-et-jaune.008-640x960.jpeg\" alt=\"association couleur d\u00e9coration int\u00e9rieure jaune et vert exemple salle \u00e0 manger c\u00e9ladon chaise color\u00e9e luminaire suspension \" class=\"wp-image-80215\" title=\"association couleur d\u00e9coration int\u00e9rieure jaune et vert exemple salle \u00e0 manger c\u00e9ladon chaise color\u00e9e luminaire suspension \" srcset=\"https:\/\/www.cocondedecoration.com\/blog\/wp-content\/uploads\/2024\/12\/interieur-deco-association-couleur-vert-et-jaune.008-640x960.jpeg 640w, https:\/\/www.cocondedecoration.com\/blog\/wp-content\/uploads\/2024\/12\/interieur-deco-association-couleur-vert-et-jaune.008-260x390.jpeg 260w, https:\/\/www.cocondedecoration.com\/blog\/wp-content\/uploads\/2024\/12\/interieur-deco-association-couleur-vert-et-jaune.008-768x1152.jpeg 768w, https:\/\/www.cocondedecoration.com\/blog\/wp-content\/uploads\/2024\/12\/interieur-deco-association-couleur-vert-et-jaune.008-367x550.jpeg 367w, https:\/\/www.cocondedecoration.com\/blog\/wp-content\/uploads\/2024\/12\/interieur-deco-association-couleur-vert-et-jaune.008-333x500.jpeg 333w, https:\/\/www.cocondedecoration.com\/blog\/wp-content\/uploads\/2024\/12\/interieur-deco-association-couleur-vert-et-jaune.008.jpeg 1000w\" sizes=\"(max-width: 640px) 100vw, 640px\" \/><\/a><figcaption class=\"wp-element-caption\">aihomedesign.com<\/figcaption><\/figure>\n<\/div>\n\n\n\n<div class=\"wp-block-column is-layout-flow wp-block-column-is-layout-flow\">\n<div style=\"height:100px\" aria-hidden=\"true\" class=\"wp-block-spacer\"><\/div>\n\n\n\n<h2 class=\"wp-block-heading\">Salle \u00e0 manger vert tendre dynamis\u00e9e par une touche de jaune <\/h2>\n\n\n\n<p>Comme pour la chambre d'enfant, voici un autre exemple de salle \u00e0 manger d\u00e9cor\u00e9e avec du vert et du jaune dans une autre proportion que l'exemple pr\u00e9c\u00e9demment donn\u00e9. La couleur dominante aux mur est un <strong>vert c\u00e9ladon<\/strong> et le jaune via les chaises et la suspension dynamise l'ensemble de l'espace. Le jaune est concentr\u00e9 autour de la <a href=\"https:\/\/www.cocondedecoration.com\/blog\/2015\/11\/table-ronde-ou-table-rectangulaire\/\" target=\"_blank\" rel=\"noopener\" title=\"\">table de salle \u00e0 manger<\/a>, <strong>\u00e9l\u00e9ment central de la pi\u00e8ce<\/strong>. La couleur lui offre une dimension particuli\u00e8re. <\/p>\n\n\n\n<p>On peut aussi ici parler de <strong>contraste<\/strong>. Il y plusieurs sortes de contrastes possibles dans le domaine de la d\u00e9co. Ici, c'est un contraste chaud (jaune franc) \/ froid (c\u00e9ladon) mais aussi un <strong>contraste de proportions<\/strong>. Le jaune est utilis\u00e9 en moindre quantit\u00e9 mais il est plac\u00e9 de mani\u00e8re \u00e0 mettre en couleur et en \u00e9vidence ce qui fait l'essence de la pi\u00e8ce. <\/p>\n<\/div>\n<\/div>\n\n\n\n<div class=\"wp-block-columns is-layout-flex wp-container-core-columns-layout-10 wp-block-columns-is-layout-flex\">\n<div class=\"wp-block-column is-layout-flow wp-block-column-is-layout-flow\">\n<div style=\"height:100px\" aria-hidden=\"true\" class=\"wp-block-spacer\"><\/div>\n\n\n\n<h2 class=\"wp-block-heading\">Une touche de vert cr\u00e9\u00e9e gr\u00e2ce aux plantes d'int\u00e9rieur <\/h2>\n\n\n\n<p>Je ne con\u00e7ois plus un quotidien sans \u00eatre entour\u00e9e de nature. C'est le c\u00f4t\u00e9 chouette de vivre en Asie, les plantes vertes sont omnipr\u00e9sentes dans mon quotidien. En France, chez vous, c'est un peu diff\u00e9rent mais cela peut \u00eatre une id\u00e9e initiale pour votre d\u00e9coration int\u00e9rieure. <strong>Les plantes<\/strong> sont source de couleur. Ici elles sont plac\u00e9es \u00e0 proximit\u00e9 d'<a href=\"https:\/\/www.cocondedecoration.com\/blog\/2024\/10\/ou-trouver-canape-jaune\/\" target=\"_blank\" rel=\"noopener\" title=\"\">un canap\u00e9 jaune<\/a>. Le caract\u00e8re vivant des plantes et celui de la couleur jaune <strong>se compl\u00e8tent<\/strong>. <\/p>\n\n\n\n<p>L'\u00e9quilibre se trouve avec la <strong>couleur dominante<\/strong> de la pi\u00e8ce de vie qui n'est pas blanche mais rose. Couleur douce et f\u00e9minine \u00e0 souhait. Et je tenais \u00e0 vous montrer que l'association jaune et vert pouvait trouver sa place avec d'autres couleurs que le blanc. <\/p>\n\n\n\n<p>Vous aimez les plantes vertes? Retrouvez <a href=\"https:\/\/www.cocondedecoration.com\/blog\/category\/decoration-plantes\/\" target=\"_blank\" rel=\"noopener\" title=\"\">ici<\/a> tous mes articles \u00e0 ce propos. <\/p>\n<\/div>\n\n\n\n<div class=\"wp-block-column is-layout-flow wp-block-column-is-layout-flow\">\n<figure class=\"wp-block-image size-large\"><a href=\"https:\/\/www.cocondedecoration.com\/blog\/wp-content\/uploads\/2024\/12\/interieur-deco-association-couleur-vert-et-jaune.009.jpeg\"><img loading=\"lazy\" decoding=\"async\" width=\"640\" height=\"960\" src=\"https:\/\/www.cocondedecoration.com\/blog\/wp-content\/uploads\/2024\/12\/interieur-deco-association-couleur-vert-et-jaune.009-640x960.jpeg\" alt=\"association couleur d\u00e9coration int\u00e9rieure jaune et vert exemple salon dominante rose canap\u00e9 jaune plantes vertes \" class=\"wp-image-80216\" title=\"association couleur d\u00e9coration int\u00e9rieure jaune et vert exemple salon dominante rose canap\u00e9 jaune plantes vertes \" srcset=\"https:\/\/www.cocondedecoration.com\/blog\/wp-content\/uploads\/2024\/12\/interieur-deco-association-couleur-vert-et-jaune.009-640x960.jpeg 640w, https:\/\/www.cocondedecoration.com\/blog\/wp-content\/uploads\/2024\/12\/interieur-deco-association-couleur-vert-et-jaune.009-260x390.jpeg 260w, https:\/\/www.cocondedecoration.com\/blog\/wp-content\/uploads\/2024\/12\/interieur-deco-association-couleur-vert-et-jaune.009-768x1152.jpeg 768w, https:\/\/www.cocondedecoration.com\/blog\/wp-content\/uploads\/2024\/12\/interieur-deco-association-couleur-vert-et-jaune.009-367x550.jpeg 367w, https:\/\/www.cocondedecoration.com\/blog\/wp-content\/uploads\/2024\/12\/interieur-deco-association-couleur-vert-et-jaune.009-333x500.jpeg 333w, https:\/\/www.cocondedecoration.com\/blog\/wp-content\/uploads\/2024\/12\/interieur-deco-association-couleur-vert-et-jaune.009.jpeg 1000w\" sizes=\"(max-width: 640px) 100vw, 640px\" \/><\/a><figcaption class=\"wp-element-caption\">clare.com<\/figcaption><\/figure>\n<\/div>\n<\/div>\n\n\n\n<div class=\"wp-block-columns is-layout-flex wp-container-core-columns-layout-11 wp-block-columns-is-layout-flex\">\n<div class=\"wp-block-column is-layout-flow wp-block-column-is-layout-flow\">\n<figure class=\"wp-block-image size-large\"><a href=\"https:\/\/www.cocondedecoration.com\/blog\/wp-content\/uploads\/2024\/12\/interieur-deco-association-couleur-vert-et-jaune.010.jpeg\"><img loading=\"lazy\" decoding=\"async\" width=\"640\" height=\"960\" src=\"https:\/\/www.cocondedecoration.com\/blog\/wp-content\/uploads\/2024\/12\/interieur-deco-association-couleur-vert-et-jaune.010-640x960.jpeg\" alt=\"association couleur d\u00e9coration int\u00e9rieure jaune et vert exemple accessoire d\u00e9coratif color\u00e9s originaux \" class=\"wp-image-80217\" title=\"association couleur d\u00e9coration int\u00e9rieure jaune et vert exemple accessoire d\u00e9coratif color\u00e9s originaux \" srcset=\"https:\/\/www.cocondedecoration.com\/blog\/wp-content\/uploads\/2024\/12\/interieur-deco-association-couleur-vert-et-jaune.010-640x960.jpeg 640w, https:\/\/www.cocondedecoration.com\/blog\/wp-content\/uploads\/2024\/12\/interieur-deco-association-couleur-vert-et-jaune.010-260x390.jpeg 260w, https:\/\/www.cocondedecoration.com\/blog\/wp-content\/uploads\/2024\/12\/interieur-deco-association-couleur-vert-et-jaune.010-768x1152.jpeg 768w, https:\/\/www.cocondedecoration.com\/blog\/wp-content\/uploads\/2024\/12\/interieur-deco-association-couleur-vert-et-jaune.010-367x550.jpeg 367w, https:\/\/www.cocondedecoration.com\/blog\/wp-content\/uploads\/2024\/12\/interieur-deco-association-couleur-vert-et-jaune.010-333x500.jpeg 333w, https:\/\/www.cocondedecoration.com\/blog\/wp-content\/uploads\/2024\/12\/interieur-deco-association-couleur-vert-et-jaune.010.jpeg 1000w\" sizes=\"(max-width: 640px) 100vw, 640px\" \/><\/a><figcaption class=\"wp-element-caption\">architecturaldigest.com<\/figcaption><\/figure>\n<\/div>\n\n\n\n<div class=\"wp-block-column is-layout-flow wp-block-column-is-layout-flow\">\n<div style=\"height:50px\" aria-hidden=\"true\" class=\"wp-block-spacer\"><\/div>\n\n\n\n<h2 class=\"wp-block-heading\">Jouer avec la couleur des objets et accessoires d\u00e9co <\/h2>\n\n\n\n<p>Les accessoires d\u00e9coratifs sont parfaits pour sublimer une pi\u00e8ce. Mais ce n'est pas le seul int\u00e9r\u00eat de ces objets. Imaginons que vous commencez \u00e0 vous lasser de votre d\u00e9co ou que vous souhaitez changer la couleur d'une pi\u00e8ce <strong>sans pour autant entamer de gros travaux<\/strong>, les objets d\u00e9coratifs et accessoires vont \u00eatre vos alli\u00e9s. En bonus, il n'est pas n\u00e9cessaire de se ruiner; la gamme de prix est tr\u00e8s vaste. M\u00eame si vous avez <strong>un petit budget d\u00e9co<\/strong>, vous pouvez mettre de la couleur dans votre pi\u00e8ce gr\u00e2ce aux objets d\u00e9coratifs et accessoires. <\/p>\n\n\n\n<p>A lire aussi: <a href=\"https:\/\/www.cocondedecoration.com\/blog\/2023\/12\/ou-trouver-objet-decoratif-funky\/\" target=\"_blank\" rel=\"noopener\" title=\"\">Des objets d\u00e9coratifs pour un int\u00e9rieur plus funky<\/a><\/p>\n\n\n\n<p>Parmi les accessoires d\u00e9co color\u00e9s, vous pouvez piocher: <\/p>\n\n\n\n<ul>\n<li>cache-pot,<\/li>\n\n\n\n<li>petit meuble d'appoint (bout de canap\u00e9, sellette...) <\/li>\n\n\n\n<li>accessoires textiles (tapis, rideaux, housses de coussin ou de canap\u00e9...) <\/li>\n\n\n\n<li>lampe \u00e0 poser, <\/li>\n\n\n\n<li>serre-livres, <\/li>\n\n\n\n<li>\u00e9tag\u00e8res murales, <\/li>\n\n\n\n<li>d\u00e9co murale (les posters et affiches sont de formidables sources de couleur). <\/li>\n<\/ul>\n<\/div>\n<\/div>\n\n\n\n<div class=\"wp-block-columns is-layout-flex wp-container-core-columns-layout-12 wp-block-columns-is-layout-flex\">\n<div class=\"wp-block-column is-layout-flow wp-block-column-is-layout-flow\">\n<div style=\"height:100px\" aria-hidden=\"true\" class=\"wp-block-spacer\"><\/div>\n\n\n\n<h2 class=\"wp-block-heading\">Un mur accent vert tendre et une biblioth\u00e8que jaune dans le salon <\/h2>\n\n\n\n<p>Le <strong>mobilier<\/strong> peut \u00eatre source de couleur et vous aider \u00e0 combiner le jaune et le vert dans votre int\u00e9rieur. Ici c'est un mur peint en vert tendre et une biblioth\u00e8que jaune. La taille des meubles (et donc la proportion de couleur) va peut-\u00eatre cr\u00e9er <strong>un effet color block<\/strong>. Ce n'est pas un mal si vous le faites avec conscience. Les int\u00e9rieurs color block sont souvent joyeux et plein de vie. Le c\u00f4t\u00e9 tendre des couleurs dans l'exemple apporte un peu de douceur dans cet \u00e9clat de couleur. <\/p>\n\n\n\n<p>Le vert et le jaune sont des <strong>couleurs analogues<\/strong>, c'est \u00e0 dire qu'elles sont compos\u00e9es de la m\u00eame couleur primaire (dans notre cas, le jaune). Ces couleurs s'associent facilement entre elles et ne cr\u00e9ent pas un contraste qui pourrait sembler criard (jaune et noir par exemple). C'est int\u00e9ressant quand on aime avec passion la couleur. Les couleurs analogues peuvent <strong>s'utiliser en plus grandes quantit\u00e9s<\/strong> sans que \u00e7a ne soit vilain \u00e0 voir. <\/p>\n<\/div>\n\n\n\n<div class=\"wp-block-column is-layout-flow wp-block-column-is-layout-flow\">\n<figure class=\"wp-block-image size-large\"><a href=\"https:\/\/www.cocondedecoration.com\/blog\/wp-content\/uploads\/2024\/12\/interieur-deco-association-couleur-vert-et-jaune.011.jpeg\"><img loading=\"lazy\" decoding=\"async\" width=\"640\" height=\"960\" src=\"https:\/\/www.cocondedecoration.com\/blog\/wp-content\/uploads\/2024\/12\/interieur-deco-association-couleur-vert-et-jaune.011-640x960.jpeg\" alt=\"association couleur d\u00e9coration int\u00e9rieure jaune et vert exemple mur peinture vert tendre biblioth\u00e8que vintage jaune salon s\u00e9jour \" class=\"wp-image-80218\" title=\"association couleur d\u00e9coration int\u00e9rieure jaune et vert exemple mur peinture vert tendre biblioth\u00e8que vintage jaune salon s\u00e9jour \" srcset=\"https:\/\/www.cocondedecoration.com\/blog\/wp-content\/uploads\/2024\/12\/interieur-deco-association-couleur-vert-et-jaune.011-640x960.jpeg 640w, https:\/\/www.cocondedecoration.com\/blog\/wp-content\/uploads\/2024\/12\/interieur-deco-association-couleur-vert-et-jaune.011-260x390.jpeg 260w, https:\/\/www.cocondedecoration.com\/blog\/wp-content\/uploads\/2024\/12\/interieur-deco-association-couleur-vert-et-jaune.011-768x1152.jpeg 768w, https:\/\/www.cocondedecoration.com\/blog\/wp-content\/uploads\/2024\/12\/interieur-deco-association-couleur-vert-et-jaune.011-367x550.jpeg 367w, https:\/\/www.cocondedecoration.com\/blog\/wp-content\/uploads\/2024\/12\/interieur-deco-association-couleur-vert-et-jaune.011-333x500.jpeg 333w, https:\/\/www.cocondedecoration.com\/blog\/wp-content\/uploads\/2024\/12\/interieur-deco-association-couleur-vert-et-jaune.011.jpeg 1000w\" sizes=\"(max-width: 640px) 100vw, 640px\" \/><\/a><figcaption class=\"wp-element-caption\">plum-living.com<\/figcaption><\/figure>\n<\/div>\n<\/div>\n\n\n\n<div class=\"wp-block-columns is-layout-flex wp-container-core-columns-layout-13 wp-block-columns-is-layout-flex\">\n<div class=\"wp-block-column is-layout-flow wp-block-column-is-layout-flow\">\n<figure class=\"wp-block-image size-large\"><a href=\"https:\/\/www.cocondedecoration.com\/blog\/wp-content\/uploads\/2024\/12\/interieur-deco-association-couleur-vert-et-jaune.012.jpeg\"><img loading=\"lazy\" decoding=\"async\" width=\"640\" height=\"960\" src=\"https:\/\/www.cocondedecoration.com\/blog\/wp-content\/uploads\/2024\/12\/interieur-deco-association-couleur-vert-et-jaune.012-640x960.jpeg\" alt=\"association couleur d\u00e9coration int\u00e9rieure jaune et vert exemple peinture murale unie vert gazon applique vintage jaune franc \" class=\"wp-image-80219\" title=\"association couleur d\u00e9coration int\u00e9rieure jaune et vert exemple peinture murale unie vert gazon applique vintage jaune franc \" srcset=\"https:\/\/www.cocondedecoration.com\/blog\/wp-content\/uploads\/2024\/12\/interieur-deco-association-couleur-vert-et-jaune.012-640x960.jpeg 640w, https:\/\/www.cocondedecoration.com\/blog\/wp-content\/uploads\/2024\/12\/interieur-deco-association-couleur-vert-et-jaune.012-260x390.jpeg 260w, https:\/\/www.cocondedecoration.com\/blog\/wp-content\/uploads\/2024\/12\/interieur-deco-association-couleur-vert-et-jaune.012-768x1152.jpeg 768w, https:\/\/www.cocondedecoration.com\/blog\/wp-content\/uploads\/2024\/12\/interieur-deco-association-couleur-vert-et-jaune.012-367x550.jpeg 367w, https:\/\/www.cocondedecoration.com\/blog\/wp-content\/uploads\/2024\/12\/interieur-deco-association-couleur-vert-et-jaune.012-333x500.jpeg 333w, https:\/\/www.cocondedecoration.com\/blog\/wp-content\/uploads\/2024\/12\/interieur-deco-association-couleur-vert-et-jaune.012.jpeg 1000w\" sizes=\"(max-width: 640px) 100vw, 640px\" \/><\/a><figcaption class=\"wp-element-caption\">apartmenttherapy.com<\/figcaption><\/figure>\n<\/div>\n\n\n\n<div class=\"wp-block-column is-layout-flow wp-block-column-is-layout-flow\">\n<div style=\"height:100px\" aria-hidden=\"true\" class=\"wp-block-spacer\"><\/div>\n\n\n\n<h2 class=\"wp-block-heading\">Applique murale vintage jaune sur un mur vert gazon <\/h2>\n\n\n\n<p>Les <a href=\"https:\/\/www.cocondedecoration.com\/blog\/2023\/12\/luminaire-decoratif-couleur\/\" target=\"_blank\" rel=\"noopener\" title=\"\">luminaires peuvent \u00eatre une source de couleur<\/a>. Et dans notre cas, ils peuvent vous permettre de cr\u00e9er un d\u00e9cor vert et jaune dans votre espace. C'est une solution <strong>moins courante<\/strong> que le papier peint ou le mobilier. C'est aussi une id\u00e9e plus d\u00e9licate. Les luminaires sont g\u00e9n\u00e9ralement petits et donc sont pratique pour apporter<strong> une petite touche color\u00e9e suppl\u00e9mentaire<\/strong>. Un luminaire est parfait pour un rappel de couleur. <\/p>\n\n\n\n<p>En petite quantit\u00e9, les couleurs vives sont extras pour <strong>dynamiser un grand aplat de couleur<\/strong>. Apr\u00e8s des ann\u00e9es de couleurs neutres, \u00e7a fait du bien je trouve de vous montrer des associations color\u00e9es plus dynamiques. <\/p>\n<\/div>\n<\/div>\n\n\n\n<div class=\"wp-block-columns is-layout-flex wp-container-core-columns-layout-14 wp-block-columns-is-layout-flex\">\n<div class=\"wp-block-column is-layout-flow wp-block-column-is-layout-flow\">\n<div style=\"height:100px\" aria-hidden=\"true\" class=\"wp-block-spacer\"><\/div>\n\n\n\n<h2 class=\"wp-block-heading\">Douceur au naturel dans le salon: associer vert sauge et une touche de jaune <\/h2>\n\n\n\n<p>On a commenc\u00e9 cet article avec <strong>du jaune et vert doux<\/strong>, on le termine de la m\u00eame mani\u00e8re. Un salon \u00e0 dominante vert sauge agr\u00e9ment\u00e9 d'une touche de jaune (gr\u00e2ce <a href=\"https:\/\/www.cocondedecoration.com\/blog\/2020\/12\/ou-trouver-jolis-vases\/\" target=\"_blank\" rel=\"noopener\" title=\"\">aux vases<\/a> et aux housses de coussins). <\/p>\n\n\n\n<p>La finition de la <strong>peinture murale est mate<\/strong>, elle a tendance \u00e0 absorber la lumi\u00e8re. Cependant le jaune rend le d\u00e9cor <strong>plus lumineux<\/strong>, comme le velours du canap\u00e9 ou encore l'aspect brillant du pied de lampe ou des petites vases. <\/p>\n\n\n\n<p>A lire aussi: <a href=\"https:\/\/www.cocondedecoration.com\/blog\/2020\/10\/couleur-vert-sauge-salon\/\" target=\"_blank\" rel=\"noopener\" title=\"\">Du vert sauge dans le salon<\/a><\/p>\n\n\n\n<p>J'esp\u00e8re que cet article vous aura donn\u00e9 des id\u00e9es pour int\u00e9grer de la couleur dans votre int\u00e9rieur, notamment du jaune et du vert. En mixant ces deux couleurs, vous b\u00e9n\u00e9ficierez des bienfaits nature du vert et de la chaleur \/ bonne humeur du jaune... m\u00eame si ce n'est qu'avec quelques accessoires d\u00e9co. <\/p>\n<\/div>\n\n\n\n<div class=\"wp-block-column is-layout-flow wp-block-column-is-layout-flow\">\n<figure class=\"wp-block-image size-large\"><a href=\"https:\/\/www.cocondedecoration.com\/blog\/wp-content\/uploads\/2024\/12\/interieur-deco-association-couleur-vert-et-jaune.013.jpeg\"><img loading=\"lazy\" decoding=\"async\" width=\"640\" height=\"960\" src=\"https:\/\/www.cocondedecoration.com\/blog\/wp-content\/uploads\/2024\/12\/interieur-deco-association-couleur-vert-et-jaune.013-640x960.jpeg\" alt=\"association couleur d\u00e9coration int\u00e9rieure jaune et vert exemple douceur salon s\u00e9jour canap\u00e9 en velours accessoire d\u00e9coratif vase et coussin \" class=\"wp-image-80220\" title=\"association couleur d\u00e9coration int\u00e9rieure jaune et vert exemple douceur salon s\u00e9jour canap\u00e9 en velours accessoire d\u00e9coratif vase et coussin \" srcset=\"https:\/\/www.cocondedecoration.com\/blog\/wp-content\/uploads\/2024\/12\/interieur-deco-association-couleur-vert-et-jaune.013-640x960.jpeg 640w, https:\/\/www.cocondedecoration.com\/blog\/wp-content\/uploads\/2024\/12\/interieur-deco-association-couleur-vert-et-jaune.013-260x390.jpeg 260w, https:\/\/www.cocondedecoration.com\/blog\/wp-content\/uploads\/2024\/12\/interieur-deco-association-couleur-vert-et-jaune.013-768x1152.jpeg 768w, https:\/\/www.cocondedecoration.com\/blog\/wp-content\/uploads\/2024\/12\/interieur-deco-association-couleur-vert-et-jaune.013-367x550.jpeg 367w, https:\/\/www.cocondedecoration.com\/blog\/wp-content\/uploads\/2024\/12\/interieur-deco-association-couleur-vert-et-jaune.013-333x500.jpeg 333w, https:\/\/www.cocondedecoration.com\/blog\/wp-content\/uploads\/2024\/12\/interieur-deco-association-couleur-vert-et-jaune.013.jpeg 1000w\" sizes=\"(max-width: 640px) 100vw, 640px\" \/><\/a><figcaption class=\"wp-element-caption\">hyggeandhome.de<\/figcaption><\/figure>\n<\/div>\n<\/div>\n\n\n\n<hr class=\"wp-block-separator has-alpha-channel-opacity is-style-wide\"\/>\n\n\n\n<div class=\"wp-block-columns is-layout-flex wp-container-core-columns-layout-15 wp-block-columns-is-layout-flex\">\n<div class=\"wp-block-column is-layout-flow wp-block-column-is-layout-flow\">\n<p class=\"has-text-align-center has-medium-font-size\" style=\"padding-top:var(--wp--preset--spacing--40);padding-bottom:var(--wp--preset--spacing--40)\"><strong>Devenez m\u00e9c\u00e8ne du blog <\/strong><\/p>\n\n\n\n<hr class=\"wp-block-separator has-alpha-channel-opacity is-style-wide\"\/>\n\n\n\n<p style=\"padding-right:var(--wp--preset--spacing--30);padding-left:var(--wp--preset--spacing--30)\">Soutenez mon travail sur le blog et acc\u00e9dez \u00e0 des contreparties exclusives: <\/p>\n\n\n\n<ul style=\"padding-right:var(--wp--preset--spacing--40);padding-left:var(--wp--preset--spacing--40)\">\n<li>Plusieurs centaines d'articles d\u00e9co, lifestyle &amp; voyage r\u00e9serv\u00e9s aux abonn\u00e9\u2022e\u2022s <\/li>\n\n\n\n<li>Toutes les entr\u00e9es de mon side project - mon dictionnaire nomade <\/li>\n\n\n\n<li>Une publicit\u00e9 limit\u00e9e sur les articles Patreon <\/li>\n<\/ul>\n\n\n\n<div class=\"wp-block-buttons is-content-justification-center is-layout-flex wp-container-core-buttons-layout-1 wp-block-buttons-is-layout-flex\">\n<div class=\"wp-block-button\"><a class=\"wp-block-button__link wp-element-button\" href=\"https:\/\/www.patreon.com\/cocondedeco\" target=\"_blank\" rel=\"noreferrer noopener\">Soutenir le blog maintenant<\/a><\/div>\n<\/div>\n<\/div>\n\n\n\n<div class=\"wp-block-column is-layout-flow wp-block-column-is-layout-flow\">\n<p class=\"has-text-align-center has-medium-font-size\">Plus d'id\u00e9es pour colorer votre int\u00e9rieur<\/p>\n\n\n<ul class=\"wp-block-latest-posts__list wp-block-latest-posts\"><li><a class=\"wp-block-latest-posts__post-title\" href=\"https:\/\/www.cocondedecoration.com\/blog\/2026\/04\/deco-camaieu-vert\/\">Cama\u00efeu vert: le layering pour cr\u00e9er une d\u00e9co harmonieuse<\/a><\/li>\n<li><a class=\"wp-block-latest-posts__post-title\" href=\"https:\/\/www.cocondedecoration.com\/blog\/2025\/12\/decoration-jaune-beurre\/\">Butter Yellow, un jaune tout doux pour votre int\u00e9rieur<\/a><\/li>\n<li><a class=\"wp-block-latest-posts__post-title\" href=\"https:\/\/www.cocondedecoration.com\/blog\/2025\/10\/deco-tendance-vert-gen-z\/\">Green Gen Z, une nuance de vert pour une d\u00e9co audacieuse<\/a><\/li>\n<li><a class=\"wp-block-latest-posts__post-title\" href=\"https:\/\/www.cocondedecoration.com\/blog\/2025\/03\/papier-peint-vert\/\">D\u00e9cor naturel gr\u00e2ce \u00e0 du papier peint vert<\/a><\/li>\n<li><a class=\"wp-block-latest-posts__post-title\" href=\"https:\/\/www.cocondedecoration.com\/blog\/2024\/12\/papier-peint-jaune\/\">Un papier peint jaune pour un int\u00e9rieur joyeux et chaleureux<\/a><\/li>\n<li><a class=\"wp-block-latest-posts__post-title\" href=\"https:\/\/www.cocondedecoration.com\/blog\/2024\/10\/ou-trouver-canape-jaune\/\">Coup d&rsquo;\u00e9clat dans le salon: optez pour un canap\u00e9 jaune<\/a><\/li>\n<li><a class=\"wp-block-latest-posts__post-title\" href=\"https:\/\/www.cocondedecoration.com\/blog\/2024\/10\/decoration-jaune-moutarde\/\">Chaleur et douceur: Sublimer votre d\u00e9coration avec du jaune moutarde<\/a><\/li>\n<li><a class=\"wp-block-latest-posts__post-title\" href=\"https:\/\/www.cocondedecoration.com\/blog\/2024\/09\/objet-deco-vert\/\">Eveillez votre int\u00e9rieur avec des teintes de vert | shopping<\/a><\/li>\n<li><a class=\"wp-block-latest-posts__post-title\" href=\"https:\/\/www.cocondedecoration.com\/blog\/2023\/07\/chambre-enfant-vert-tendance\/\">Du vert pour d\u00e9corer la chambre d&rsquo;enfant | couleur d\u00e9co<\/a><\/li>\n<\/ul><\/div>\n<\/div>\n\n\n<div class=\"wp-block-image\">\n<figure class=\"aligncenter size-full\"><a href=\"https:\/\/www.cocondedecoration.com\/blog\/wp-content\/uploads\/2024\/12\/association-couleur-deco-jaune-et-vert.001.jpeg\"><img loading=\"lazy\" decoding=\"async\" width=\"732\" height=\"488\" src=\"https:\/\/www.cocondedecoration.com\/blog\/wp-content\/uploads\/2024\/12\/association-couleur-deco-jaune-et-vert.001.jpeg\" alt=\"exemples association couleur vert et jaune d\u00e9coration int\u00e9rieure \" class=\"wp-image-80221\" title=\"exemples association couleur vert et jaune d\u00e9coration int\u00e9rieure \" srcset=\"https:\/\/www.cocondedecoration.com\/blog\/wp-content\/uploads\/2024\/12\/association-couleur-deco-jaune-et-vert.001.jpeg 732w, https:\/\/www.cocondedecoration.com\/blog\/wp-content\/uploads\/2024\/12\/association-couleur-deco-jaune-et-vert.001-260x173.jpeg 260w, https:\/\/www.cocondedecoration.com\/blog\/wp-content\/uploads\/2024\/12\/association-couleur-deco-jaune-et-vert.001-640x427.jpeg 640w, https:\/\/www.cocondedecoration.com\/blog\/wp-content\/uploads\/2024\/12\/association-couleur-deco-jaune-et-vert.001-465x310.jpeg 465w, https:\/\/www.cocondedecoration.com\/blog\/wp-content\/uploads\/2024\/12\/association-couleur-deco-jaune-et-vert.001-695x463.jpeg 695w\" sizes=\"(max-width: 732px) 100vw, 732px\" \/><\/a><figcaption class=\"wp-element-caption\">clare.com<\/figcaption><\/figure><\/div>","protected":false},"excerpt":{"rendered":"<p>Le vert et le jaune sont des couleurs analogues qui se marient facilement entre elles. D\u00e9couvrez comment les mixer dans votre int\u00e9rieur.<span class=\"more-link\"><a href=\"https:\/\/www.cocondedecoration.com\/blog\/2024\/12\/association-vert-jaune-deco\/\">Lire la suite<\/a><\/span><\/p>\n","protected":false},"author":1,"featured_media":80221,"comment_status":"open","ping_status":"open","sticky":false,"template":"","format":"standard","meta":{"om_disable_all_campaigns":false,"_monsterinsights_skip_tracking":false,"_monsterinsights_sitenote_active":false,"_monsterinsights_sitenote_note":"","_monsterinsights_sitenote_category":0,"_uf_show_specific_survey":0,"_uf_disable_surveys":false,"footnotes":""},"categories":[61763],"tags":[35844,61773,61777,61776,61772,61774],"aioseo_notices":[],"_links":{"self":[{"href":"https:\/\/www.cocondedecoration.com\/blog\/wp-json\/wp\/v2\/posts\/80207"}],"collection":[{"href":"https:\/\/www.cocondedecoration.com\/blog\/wp-json\/wp\/v2\/posts"}],"about":[{"href":"https:\/\/www.cocondedecoration.com\/blog\/wp-json\/wp\/v2\/types\/post"}],"author":[{"embeddable":true,"href":"https:\/\/www.cocondedecoration.com\/blog\/wp-json\/wp\/v2\/users\/1"}],"replies":[{"embeddable":true,"href":"https:\/\/www.cocondedecoration.com\/blog\/wp-json\/wp\/v2\/comments?post=80207"}],"version-history":[{"count":5,"href":"https:\/\/www.cocondedecoration.com\/blog\/wp-json\/wp\/v2\/posts\/80207\/revisions"}],"predecessor-version":[{"id":80274,"href":"https:\/\/www.cocondedecoration.com\/blog\/wp-json\/wp\/v2\/posts\/80207\/revisions\/80274"}],"wp:featuredmedia":[{"embeddable":true,"href":"https:\/\/www.cocondedecoration.com\/blog\/wp-json\/wp\/v2\/media\/80221"}],"wp:attachment":[{"href":"https:\/\/www.cocondedecoration.com\/blog\/wp-json\/wp\/v2\/media?parent=80207"}],"wp:term":[{"taxonomy":"category","embeddable":true,"href":"https:\/\/www.cocondedecoration.com\/blog\/wp-json\/wp\/v2\/categories?post=80207"},{"taxonomy":"post_tag","embeddable":true,"href":"https:\/\/www.cocondedecoration.com\/blog\/wp-json\/wp\/v2\/tags?post=80207"}],"curies":[{"name":"wp","href":"https:\/\/api.w.org\/{rel}","templated":true}]}}