{"id":7996,"date":"2014-08-19T14:04:02","date_gmt":"2014-08-19T12:04:02","guid":{"rendered":"http:\/\/www.cocondedecoration.com\/blog\/?p=7996"},"modified":"2016-08-16T07:26:45","modified_gmt":"2016-08-16T05:26:45","slug":"emob4garden-un-salon-de-jardin-comme-vous-lentendez","status":"publish","type":"post","link":"https:\/\/www.cocondedecoration.com\/blog\/2014\/08\/emob4garden-un-salon-de-jardin-comme-vous-lentendez\/","title":{"rendered":"emob4garden, un salon de jardin comme vous l&rsquo;entendez"},"content":{"rendered":"<p style=\"text-align: justify;\">Non, l'\u00e9t\u00e9 n'est pas termin\u00e9 ! Je suis une grande optimiste qui esp\u00e8re que septembre il fera meilleur et que nous pourrons profiter pleinement de nos ext\u00e9rieurs. Et comme j'y crois, je suis en train de faire du rep\u00e9rage pour un salon de jardin. Ce qu'il ma faut avant tout c'est du confort et de la modularit\u00e9. Que ce soit \u00e0 l'int\u00e9rieur ou dans la cour, j'ai besoin que le mobilier puisse bouger de place au gr\u00e9 de mes envies.<\/p>\n<p style=\"text-align: justify;\">Au cours de mes recherches pour <strong>le salon de jardin id\u00e9al<\/strong>, je suis tomb\u00e9e sur le site <a href=\"http:\/\/www.emob4garden.fr\/\" target=\"_blank\">emob4garden<\/a>, qui propose 3 types de salons de jardin: en alu, en r\u00e9sine et en textyl\u00e8ne. Mon premier instinct a \u00e9t\u00e9 de regarder les salons en alu, puisque c'est une mati\u00e8re que nous aimons. Le site propose des ensemble parfois tr\u00e8s grands mais pour mon cas, je suis plus partie sur le salon de jardin Grenoble qui propose des fauteuils et un petit canap\u00e9. Nickel pour la modularit\u00e9. Je pense aussi que cet ensemble plairait \u00e0 Ch\u00e9ri parce que les formes sont simples et efficaces.<\/p>\n<p style=\"text-align: justify;\"><a href=\"http:\/\/www.cocondedecoration.com\/blog\/wp-content\/uploads\/2014\/08\/fauteuil-de-jardin-aluminium-emob4garden.png\"><img loading=\"lazy\" decoding=\"async\" class=\"aligncenter size-large wp-image-7997\" src=\"http:\/\/www.cocondedecoration.com\/blog\/wp-content\/uploads\/2014\/08\/fauteuil-de-jardin-aluminium-emob4garden-640x606.png\" alt=\"fauteuil de jardin aluminium emob4garden\" width=\"600\" height=\"568\" srcset=\"https:\/\/www.cocondedecoration.com\/blog\/wp-content\/uploads\/2014\/08\/fauteuil-de-jardin-aluminium-emob4garden-640x606.png 640w, https:\/\/www.cocondedecoration.com\/blog\/wp-content\/uploads\/2014\/08\/fauteuil-de-jardin-aluminium-emob4garden-260x246.png 260w, https:\/\/www.cocondedecoration.com\/blog\/wp-content\/uploads\/2014\/08\/fauteuil-de-jardin-aluminium-emob4garden.png 651w\" sizes=\"(max-width: 600px) 100vw, 600px\" \/><\/a><\/p>\n<p style=\"text-align: justify;\"><a href=\"http:\/\/www.cocondedecoration.com\/blog\/wp-content\/uploads\/2014\/08\/salon-de-jardin-alu-emob4garden.png\"><img loading=\"lazy\" decoding=\"async\" class=\"aligncenter size-large wp-image-7998\" src=\"http:\/\/www.cocondedecoration.com\/blog\/wp-content\/uploads\/2014\/08\/salon-de-jardin-alu-emob4garden-640x474.png\" alt=\"salon de jardin alu emob4garden\" width=\"600\" height=\"444\" srcset=\"https:\/\/www.cocondedecoration.com\/blog\/wp-content\/uploads\/2014\/08\/salon-de-jardin-alu-emob4garden-640x474.png 640w, https:\/\/www.cocondedecoration.com\/blog\/wp-content\/uploads\/2014\/08\/salon-de-jardin-alu-emob4garden-260x192.png 260w, https:\/\/www.cocondedecoration.com\/blog\/wp-content\/uploads\/2014\/08\/salon-de-jardin-alu-emob4garden.png 905w\" sizes=\"(max-width: 600px) 100vw, 600px\" \/><\/a><\/p>\n<p style=\"text-align: justify;\">J'ai aussi aim\u00e9 le salon de jardin Valence, qui est quant \u00e0 lui en\u00a0 aluminium et en textyl\u00e8ne. Je l'ai appr\u00e9ci\u00e9 parce qu'il est noir, et, c'est une couleur assez rare dans les salons de jardins. J'aime aussi ce mod\u00e8le parce qu'il est r\u00e9solument <strong>moderne<\/strong>. Il semble aussi tr\u00e8s <strong>confortable<\/strong> avec ses coussins. Ce mod\u00e8le propose lui aussi plusieurs modules qui permet de moduler selon ses besoins son salon de jardin. C'est toujours aussi assez pratique quand il faut le ranger pour l'hiver.<\/p>\n<p style=\"text-align: justify;\"><a href=\"http:\/\/www.cocondedecoration.com\/blog\/wp-content\/uploads\/2014\/08\/salon-valence-emob4garden.png\"><img loading=\"lazy\" decoding=\"async\" class=\"aligncenter size-full wp-image-7999\" src=\"http:\/\/www.cocondedecoration.com\/blog\/wp-content\/uploads\/2014\/08\/salon-valence-emob4garden.png\" alt=\"salon valence emob4garden\" width=\"554\" height=\"375\" srcset=\"https:\/\/www.cocondedecoration.com\/blog\/wp-content\/uploads\/2014\/08\/salon-valence-emob4garden.png 554w, https:\/\/www.cocondedecoration.com\/blog\/wp-content\/uploads\/2014\/08\/salon-valence-emob4garden-260x175.png 260w\" sizes=\"(max-width: 554px) 100vw, 554px\" \/><\/a><\/p>\n<p style=\"text-align: justify;\">Et vous, quel est votre salon de jardin id\u00e9al?<\/p>\n","protected":false},"excerpt":{"rendered":"<p>Non, l&rsquo;\u00e9t\u00e9 n&rsquo;est pas termin\u00e9 ! Je suis une grande optimiste qui esp\u00e8re que septembre il fera meilleur et que nous pourrons profiter pleinement de nos ext\u00e9rieurs. Et comme j&rsquo;y crois, je suis en train de faire du rep\u00e9rage pour un salon de jardin. Ce qu&rsquo;il ma faut avant tout<span class=\"more-link\"><a href=\"https:\/\/www.cocondedecoration.com\/blog\/2014\/08\/emob4garden-un-salon-de-jardin-comme-vous-lentendez\/\">Lire la suite<\/a><\/span><\/p>\n","protected":false},"author":1,"featured_media":7999,"comment_status":"open","ping_status":"open","sticky":false,"template":"","format":"standard","meta":{"om_disable_all_campaigns":false,"_monsterinsights_skip_tracking":false,"_monsterinsights_sitenote_active":false,"_monsterinsights_sitenote_note":"","_monsterinsights_sitenote_category":0,"_uf_show_specific_survey":0,"_uf_disable_surveys":false,"footnotes":""},"categories":[592,4],"tags":[1589,129,195,159,1657,711,1656],"aioseo_notices":[],"_links":{"self":[{"href":"https:\/\/www.cocondedecoration.com\/blog\/wp-json\/wp\/v2\/posts\/7996"}],"collection":[{"href":"https:\/\/www.cocondedecoration.com\/blog\/wp-json\/wp\/v2\/posts"}],"about":[{"href":"https:\/\/www.cocondedecoration.com\/blog\/wp-json\/wp\/v2\/types\/post"}],"author":[{"embeddable":true,"href":"https:\/\/www.cocondedecoration.com\/blog\/wp-json\/wp\/v2\/users\/1"}],"replies":[{"embeddable":true,"href":"https:\/\/www.cocondedecoration.com\/blog\/wp-json\/wp\/v2\/comments?post=7996"}],"version-history":[{"count":0,"href":"https:\/\/www.cocondedecoration.com\/blog\/wp-json\/wp\/v2\/posts\/7996\/revisions"}],"wp:featuredmedia":[{"embeddable":true,"href":"https:\/\/www.cocondedecoration.com\/blog\/wp-json\/wp\/v2\/media\/7999"}],"wp:attachment":[{"href":"https:\/\/www.cocondedecoration.com\/blog\/wp-json\/wp\/v2\/media?parent=7996"}],"wp:term":[{"taxonomy":"category","embeddable":true,"href":"https:\/\/www.cocondedecoration.com\/blog\/wp-json\/wp\/v2\/categories?post=7996"},{"taxonomy":"post_tag","embeddable":true,"href":"https:\/\/www.cocondedecoration.com\/blog\/wp-json\/wp\/v2\/tags?post=7996"}],"curies":[{"name":"wp","href":"https:\/\/api.w.org\/{rel}","templated":true}]}}