{"id":79104,"date":"2024-11-12T05:52:29","date_gmt":"2024-11-12T03:52:29","guid":{"rendered":"https:\/\/www.cocondedecoration.com\/blog\/?p=79104"},"modified":"2024-11-12T05:52:31","modified_gmt":"2024-11-12T03:52:31","slug":"appartement-55m2-fonctionnel","status":"publish","type":"post","link":"https:\/\/www.cocondedecoration.com\/blog\/2024\/11\/appartement-55m2-fonctionnel\/","title":{"rendered":"Un appartement de 55m2 fonctionnel \u00e0 S\u00e9ville | visite d\u00e9co"},"content":{"rendered":"\n<p>Dans le centre historique de S\u00e9ville se trouve un appartement avec 2 chambres, une cuisine, un salon et une salle \u00e0 manger... le tout sur une surface de 55m<sup>2<\/sup>. Un d\u00e9fi d'am\u00e9nagement qui devrait vous donner des id\u00e9es si vous \u00eates propri\u00e9taire d'un petit logement et que vous souhaitez le rendre vivant et convivial. <\/p>\n\n\n\n<!--more-->\n\n\n\n<p>Ce petit appartement est un espace flexible qui se modifie selon les occasions. Si des amis passent, la vie tourne autour de la pi\u00e8ce de vie et plus particuli\u00e8rement de l'\u00eelot de <a href=\"https:\/\/www.cocondedecoration.com\/blog\/2023\/01\/rangement-cuisine-fonctionnelle\/\" target=\"_blank\" rel=\"noopener\" title=\"\">cuisine<\/a>. Cet espace est modulable - mais j'y reviens apr\u00e8s. Pour rester dans l'id\u00e9e de convivialit\u00e9, le studio design en charge de l'am\u00e9nagement a fait le choix de cr\u00e9er des meubles en boulot pour cr\u00e9er un univers chaleureux.Le conception de l'am\u00e9nagement a \u00e9t\u00e9 r\u00e9alis\u00e9e avec une palette de mat\u00e9riaux restreinte pour que les habitants puissent personnaliser facilement leur lieux de vie avec <a href=\"https:\/\/www.cocondedecoration.com\/blog\/2023\/12\/ou-trouver-objet-decoratif-funky\/\" target=\"_blank\" rel=\"noopener\" title=\"\">des objets d\u00e9coratifs<\/a>. <\/p>\n\n\n\n<p>L'appartement regorge d'id\u00e9es intelligentes pour l'am\u00e9nagement. On peut noter par exemple la position de l'espace de vie. Il est \u00e0 c\u00f4t\u00e9 du <a href=\"https:\/\/www.cocondedecoration.com\/blog\/2022\/03\/idees-a-copier-deco-balcon\/\" target=\"_blank\" rel=\"noopener\" title=\"\">balcon<\/a> pour donner le sentiment que l'espace est plus vaste. Cette pi\u00e8ce de vie avec la cuisine, le salon et le coin repas est orient\u00e9e c\u00f4t\u00e9 fa\u00e7ade o\u00f9 se trouve en bas une petite place. Les espaces sommeil quant \u00e0 eux sont de l'autre c\u00f4t\u00e9, tourn\u00e9s vers un <a href=\"https:\/\/www.cocondedecoration.com\/blog\/2023\/06\/amenagement-patio-convivial\/\" target=\"_blank\" rel=\"noopener\" title=\"\">patio<\/a> int\u00e9rieur plus calme.  <\/p>\n\n\n\n<p>Une partie de la pi\u00e8ce \u00e0 vivre qui est modulable. On y trouve un <a href=\"https:\/\/www.cocondedecoration.com\/blog\/2021\/04\/idees-a-copier-bureau-salon\/\" target=\"_blank\" rel=\"noopener\" title=\"\">petit bureau<\/a>, une biblioth\u00e8que mais aussi un lit escamotable, le tout avec la possibilit\u00e9 de cloisonner l'espace avec un rideau. C'est parfait pour cr\u00e9er <a href=\"https:\/\/www.cocondedecoration.com\/blog\/2024\/10\/chambre-amis-polyvalente\/\" target=\"_blank\" rel=\"noopener\" title=\"\">une chambre d'amis<\/a> occasionnelle et de l'intimit\u00e9 quand cela est n\u00e9cessaire. <\/p>\n\n\n\n<p>Il y a de nombreux rangements dans la cuisine. C'est un meuble de cuisine qui se prolonge par une <a href=\"https:\/\/www.cocondedecoration.com\/blog\/2021\/01\/idees-a-copier-banquette-angle-coin-repas\/\" target=\"_blank\" rel=\"noopener\" title=\"\">banquette pour cr\u00e9er un coin salle \u00e0 manger<\/a>. Ce meuble permet de faire le lien entre deux fonctions diff\u00e9rentes de la pi\u00e8ce mais aussi gagner de la place pr\u00e9cieuse. <\/p>\n\n\n\n<blockquote class=\"wp-block-quote\">\n<p><strong>Pour en savoir plus: <br><\/strong>Never Too Small - <a href=\"https:\/\/www.nevertoosmall.com\/post\/furniture-house-seville\" target=\"_blank\" rel=\"noopener\" title=\"\">Furniture House, Seville<\/a><br>Heimat Studio - <a href=\"https:\/\/www.heimat-studio.com\/casa-mueble-reforma-vivienda\" target=\"_blank\" rel=\"noopener\" title=\"\">Casa-Mueble<\/a> <\/p>\n<\/blockquote>\n\n\n<div class=\"wp-block-image\">\n<figure class=\"aligncenter size-full\"><a href=\"https:\/\/www.cocondedecoration.com\/blog\/wp-content\/uploads\/2024\/11\/visite-deco-appartement-55m2-fonctionnel.001.jpeg\"><img loading=\"lazy\" decoding=\"async\" width=\"1000\" height=\"1500\" src=\"https:\/\/www.cocondedecoration.com\/blog\/wp-content\/uploads\/2024\/11\/visite-deco-appartement-55m2-fonctionnel.001.jpeg\" alt=\"appartement 55m2 fonctionnel entr\u00e9e couloir avec placard de rangement chaise fauteuil en bois et tissus jaune\" class=\"wp-image-79105\" title=\"appartement 55m2 fonctionnel entr\u00e9e couloir avec placard de rangement chaise fauteuil en bois et tissus jaune\" srcset=\"https:\/\/www.cocondedecoration.com\/blog\/wp-content\/uploads\/2024\/11\/visite-deco-appartement-55m2-fonctionnel.001.jpeg 1000w, https:\/\/www.cocondedecoration.com\/blog\/wp-content\/uploads\/2024\/11\/visite-deco-appartement-55m2-fonctionnel.001-260x390.jpeg 260w, https:\/\/www.cocondedecoration.com\/blog\/wp-content\/uploads\/2024\/11\/visite-deco-appartement-55m2-fonctionnel.001-640x960.jpeg 640w, https:\/\/www.cocondedecoration.com\/blog\/wp-content\/uploads\/2024\/11\/visite-deco-appartement-55m2-fonctionnel.001-768x1152.jpeg 768w, https:\/\/www.cocondedecoration.com\/blog\/wp-content\/uploads\/2024\/11\/visite-deco-appartement-55m2-fonctionnel.001-367x550.jpeg 367w, https:\/\/www.cocondedecoration.com\/blog\/wp-content\/uploads\/2024\/11\/visite-deco-appartement-55m2-fonctionnel.001-333x500.jpeg 333w\" sizes=\"(max-width: 1000px) 100vw, 1000px\" \/><\/a><\/figure><\/div>\n\n\n<div style=\"height:20px\" aria-hidden=\"true\" class=\"wp-block-spacer\"><\/div>\n\n\n\n<div class=\"wp-block-media-text alignwide\"><figure class=\"wp-block-media-text__media\"><img loading=\"lazy\" decoding=\"async\" width=\"640\" height=\"366\" src=\"https:\/\/www.cocondedecoration.com\/blog\/wp-content\/uploads\/2023\/12\/newsletter-patreon-640x366.png\" alt=\"\" class=\"wp-image-70176\" srcset=\"https:\/\/www.cocondedecoration.com\/blog\/wp-content\/uploads\/2023\/12\/newsletter-patreon-640x366.png 640w, https:\/\/www.cocondedecoration.com\/blog\/wp-content\/uploads\/2023\/12\/newsletter-patreon-260x149.png 260w, https:\/\/www.cocondedecoration.com\/blog\/wp-content\/uploads\/2023\/12\/newsletter-patreon-768x439.png 768w, https:\/\/www.cocondedecoration.com\/blog\/wp-content\/uploads\/2023\/12\/newsletter-patreon-465x266.png 465w, https:\/\/www.cocondedecoration.com\/blog\/wp-content\/uploads\/2023\/12\/newsletter-patreon-695x397.png 695w, https:\/\/www.cocondedecoration.com\/blog\/wp-content\/uploads\/2023\/12\/newsletter-patreon.png 1050w\" sizes=\"(max-width: 640px) 100vw, 640px\" \/><\/figure><div class=\"wp-block-media-text__content\">\n<p style=\"text-align:center\"><strong>La newsletter du blog est sur Patreon<\/strong><\/p>\n\n\n\n<p>Devenez membre gratuitement de mon Patron pour lire toutes les newsletters du blog &amp; recevoir une notification quand les prochaines seront en ligne. <\/p>\n\n\n\n<div class=\"wp-block-button aligncenter\"><a class=\"wp-block-button__link\" href=\"https:\/\/www.patreon.com\/cocondedeco\">Acc\u00e9der \u00e0 Patreon gratuitement<\/a><\/div>\n<\/div><\/div>\n\n\n\n<div style=\"height:30px\" aria-hidden=\"true\" class=\"wp-block-spacer\"><\/div>\n\n\n<div class=\"wp-block-image\">\n<figure class=\"aligncenter size-full\"><a href=\"https:\/\/www.cocondedecoration.com\/blog\/wp-content\/uploads\/2024\/11\/appartement-55m2-fonctionnel.001.jpeg\"><img loading=\"lazy\" decoding=\"async\" width=\"1024\" height=\"768\" src=\"https:\/\/www.cocondedecoration.com\/blog\/wp-content\/uploads\/2024\/11\/appartement-55m2-fonctionnel.001.jpeg\" alt=\"appartement 55m2 fonctionnel salon cuisine ouverte \u00eelot petit canap\u00e9 rouge color\u00e9 espace lumineux\" class=\"wp-image-79108\" title=\"appartement 55m2 fonctionnel salon cuisine ouverte \u00eelot petit canap\u00e9 rouge color\u00e9 espace lumineux\" srcset=\"https:\/\/www.cocondedecoration.com\/blog\/wp-content\/uploads\/2024\/11\/appartement-55m2-fonctionnel.001.jpeg 1024w, https:\/\/www.cocondedecoration.com\/blog\/wp-content\/uploads\/2024\/11\/appartement-55m2-fonctionnel.001-260x195.jpeg 260w, https:\/\/www.cocondedecoration.com\/blog\/wp-content\/uploads\/2024\/11\/appartement-55m2-fonctionnel.001-640x480.jpeg 640w, https:\/\/www.cocondedecoration.com\/blog\/wp-content\/uploads\/2024\/11\/appartement-55m2-fonctionnel.001-768x576.jpeg 768w, https:\/\/www.cocondedecoration.com\/blog\/wp-content\/uploads\/2024\/11\/appartement-55m2-fonctionnel.001-465x349.jpeg 465w, https:\/\/www.cocondedecoration.com\/blog\/wp-content\/uploads\/2024\/11\/appartement-55m2-fonctionnel.001-667x500.jpeg 667w\" sizes=\"(max-width: 1024px) 100vw, 1024px\" \/><\/a><\/figure><\/div>\n\n<div class=\"wp-block-image\">\n<figure class=\"aligncenter size-full\"><a href=\"https:\/\/www.cocondedecoration.com\/blog\/wp-content\/uploads\/2024\/11\/appartement-55m2-fonctionnel.002.jpeg\"><img loading=\"lazy\" decoding=\"async\" width=\"1024\" height=\"768\" src=\"https:\/\/www.cocondedecoration.com\/blog\/wp-content\/uploads\/2024\/11\/appartement-55m2-fonctionnel.002.jpeg\" alt=\"appartement 55m2 fonctionnel transat et fauteuil en bois id\u00e9e d\u00e9co simple et l\u00e9g\u00e8re \" class=\"wp-image-79109\" title=\"appartement 55m2 fonctionnel transat et fauteuil en bois id\u00e9e d\u00e9co simple et l\u00e9g\u00e8re \" srcset=\"https:\/\/www.cocondedecoration.com\/blog\/wp-content\/uploads\/2024\/11\/appartement-55m2-fonctionnel.002.jpeg 1024w, https:\/\/www.cocondedecoration.com\/blog\/wp-content\/uploads\/2024\/11\/appartement-55m2-fonctionnel.002-260x195.jpeg 260w, https:\/\/www.cocondedecoration.com\/blog\/wp-content\/uploads\/2024\/11\/appartement-55m2-fonctionnel.002-640x480.jpeg 640w, https:\/\/www.cocondedecoration.com\/blog\/wp-content\/uploads\/2024\/11\/appartement-55m2-fonctionnel.002-768x576.jpeg 768w, https:\/\/www.cocondedecoration.com\/blog\/wp-content\/uploads\/2024\/11\/appartement-55m2-fonctionnel.002-465x349.jpeg 465w, https:\/\/www.cocondedecoration.com\/blog\/wp-content\/uploads\/2024\/11\/appartement-55m2-fonctionnel.002-667x500.jpeg 667w\" sizes=\"(max-width: 1024px) 100vw, 1024px\" \/><\/a><\/figure><\/div>\n\n<div class=\"wp-block-image\">\n<figure class=\"aligncenter size-full\"><a href=\"https:\/\/www.cocondedecoration.com\/blog\/wp-content\/uploads\/2024\/11\/appartement-55m2-fonctionnel.003.jpeg\"><img loading=\"lazy\" decoding=\"async\" width=\"1024\" height=\"768\" src=\"https:\/\/www.cocondedecoration.com\/blog\/wp-content\/uploads\/2024\/11\/appartement-55m2-fonctionnel.003.jpeg\" alt=\"appartement 55m2 fonctionnel espace modulable biblioth\u00e8que bureau fen\u00eatre placard avec lit int\u00e9gr\u00e9 \" class=\"wp-image-79110\" title=\"appartement 55m2 fonctionnel espace modulable biblioth\u00e8que bureau fen\u00eatre placard avec lit int\u00e9gr\u00e9 \" srcset=\"https:\/\/www.cocondedecoration.com\/blog\/wp-content\/uploads\/2024\/11\/appartement-55m2-fonctionnel.003.jpeg 1024w, https:\/\/www.cocondedecoration.com\/blog\/wp-content\/uploads\/2024\/11\/appartement-55m2-fonctionnel.003-260x195.jpeg 260w, https:\/\/www.cocondedecoration.com\/blog\/wp-content\/uploads\/2024\/11\/appartement-55m2-fonctionnel.003-640x480.jpeg 640w, https:\/\/www.cocondedecoration.com\/blog\/wp-content\/uploads\/2024\/11\/appartement-55m2-fonctionnel.003-768x576.jpeg 768w, https:\/\/www.cocondedecoration.com\/blog\/wp-content\/uploads\/2024\/11\/appartement-55m2-fonctionnel.003-465x349.jpeg 465w, https:\/\/www.cocondedecoration.com\/blog\/wp-content\/uploads\/2024\/11\/appartement-55m2-fonctionnel.003-667x500.jpeg 667w\" sizes=\"(max-width: 1024px) 100vw, 1024px\" \/><\/a><\/figure><\/div>\n\n\n<figure class=\"wp-block-gallery has-nested-images columns-default is-cropped wp-block-gallery-1 is-layout-flex wp-block-gallery-is-layout-flex\">\n<figure class=\"wp-block-image size-large\"><a href=\"https:\/\/www.cocondedecoration.com\/blog\/wp-content\/uploads\/2024\/11\/appartement-55m2-fonctionnel.004.jpeg\"><img loading=\"lazy\" decoding=\"async\" width=\"640\" height=\"480\" data-id=\"79111\" src=\"https:\/\/www.cocondedecoration.com\/blog\/wp-content\/uploads\/2024\/11\/appartement-55m2-fonctionnel.004-640x480.jpeg\" alt=\"appartement 55m2 fonctionnel petit meuble de rangement rouge platine vinyle \" class=\"wp-image-79111\" title=\"appartement 55m2 fonctionnel petit meuble de rangement rouge platine vinyle \" srcset=\"https:\/\/www.cocondedecoration.com\/blog\/wp-content\/uploads\/2024\/11\/appartement-55m2-fonctionnel.004-640x480.jpeg 640w, https:\/\/www.cocondedecoration.com\/blog\/wp-content\/uploads\/2024\/11\/appartement-55m2-fonctionnel.004-260x195.jpeg 260w, https:\/\/www.cocondedecoration.com\/blog\/wp-content\/uploads\/2024\/11\/appartement-55m2-fonctionnel.004-768x576.jpeg 768w, https:\/\/www.cocondedecoration.com\/blog\/wp-content\/uploads\/2024\/11\/appartement-55m2-fonctionnel.004-465x349.jpeg 465w, https:\/\/www.cocondedecoration.com\/blog\/wp-content\/uploads\/2024\/11\/appartement-55m2-fonctionnel.004-667x500.jpeg 667w, https:\/\/www.cocondedecoration.com\/blog\/wp-content\/uploads\/2024\/11\/appartement-55m2-fonctionnel.004.jpeg 1024w\" sizes=\"(max-width: 640px) 100vw, 640px\" \/><\/a><\/figure>\n\n\n\n<figure class=\"wp-block-image size-large\"><a href=\"https:\/\/www.cocondedecoration.com\/blog\/wp-content\/uploads\/2024\/11\/appartement-55m2-fonctionnel.005.jpeg\"><img loading=\"lazy\" decoding=\"async\" width=\"640\" height=\"480\" data-id=\"79112\" src=\"https:\/\/www.cocondedecoration.com\/blog\/wp-content\/uploads\/2024\/11\/appartement-55m2-fonctionnel.005-640x480.jpeg\" alt=\"appartement 55m2 fonctionnel \u00e9tag\u00e8re murale meuble de rangement objets d\u00e9coratifs et livres \" class=\"wp-image-79112\" title=\"appartement 55m2 fonctionnel \u00e9tag\u00e8re murale meuble de rangement objets d\u00e9coratifs et livres \" srcset=\"https:\/\/www.cocondedecoration.com\/blog\/wp-content\/uploads\/2024\/11\/appartement-55m2-fonctionnel.005-640x480.jpeg 640w, https:\/\/www.cocondedecoration.com\/blog\/wp-content\/uploads\/2024\/11\/appartement-55m2-fonctionnel.005-260x195.jpeg 260w, https:\/\/www.cocondedecoration.com\/blog\/wp-content\/uploads\/2024\/11\/appartement-55m2-fonctionnel.005-768x576.jpeg 768w, https:\/\/www.cocondedecoration.com\/blog\/wp-content\/uploads\/2024\/11\/appartement-55m2-fonctionnel.005-465x349.jpeg 465w, https:\/\/www.cocondedecoration.com\/blog\/wp-content\/uploads\/2024\/11\/appartement-55m2-fonctionnel.005-667x500.jpeg 667w, https:\/\/www.cocondedecoration.com\/blog\/wp-content\/uploads\/2024\/11\/appartement-55m2-fonctionnel.005.jpeg 1024w\" sizes=\"(max-width: 640px) 100vw, 640px\" \/><\/a><\/figure>\n<\/figure>\n\n\n<div class=\"wp-block-image\">\n<figure class=\"aligncenter size-full\"><a href=\"https:\/\/www.cocondedecoration.com\/blog\/wp-content\/uploads\/2024\/11\/visite-deco-appartement-55m2-fonctionnel.002.jpeg\"><img loading=\"lazy\" decoding=\"async\" width=\"1000\" height=\"1500\" src=\"https:\/\/www.cocondedecoration.com\/blog\/wp-content\/uploads\/2024\/11\/visite-deco-appartement-55m2-fonctionnel.002.jpeg\" alt=\"appartement 55m2 fonctionnel meuble de cuisine moderne en bois clair \" class=\"wp-image-79106\" title=\"appartement 55m2 fonctionnel meuble de cuisine moderne en bois clair \" srcset=\"https:\/\/www.cocondedecoration.com\/blog\/wp-content\/uploads\/2024\/11\/visite-deco-appartement-55m2-fonctionnel.002.jpeg 1000w, https:\/\/www.cocondedecoration.com\/blog\/wp-content\/uploads\/2024\/11\/visite-deco-appartement-55m2-fonctionnel.002-260x390.jpeg 260w, https:\/\/www.cocondedecoration.com\/blog\/wp-content\/uploads\/2024\/11\/visite-deco-appartement-55m2-fonctionnel.002-640x960.jpeg 640w, https:\/\/www.cocondedecoration.com\/blog\/wp-content\/uploads\/2024\/11\/visite-deco-appartement-55m2-fonctionnel.002-768x1152.jpeg 768w, https:\/\/www.cocondedecoration.com\/blog\/wp-content\/uploads\/2024\/11\/visite-deco-appartement-55m2-fonctionnel.002-367x550.jpeg 367w, https:\/\/www.cocondedecoration.com\/blog\/wp-content\/uploads\/2024\/11\/visite-deco-appartement-55m2-fonctionnel.002-333x500.jpeg 333w\" sizes=\"(max-width: 1000px) 100vw, 1000px\" \/><\/a><\/figure><\/div>\n\n\n<figure class=\"wp-block-gallery has-nested-images columns-default is-cropped wp-block-gallery-2 is-layout-flex wp-block-gallery-is-layout-flex\">\n<figure class=\"wp-block-image size-large\"><a href=\"https:\/\/www.cocondedecoration.com\/blog\/wp-content\/uploads\/2024\/11\/appartement-55m2-fonctionnel.006.jpeg\"><img loading=\"lazy\" decoding=\"async\" width=\"640\" height=\"480\" data-id=\"79113\" src=\"https:\/\/www.cocondedecoration.com\/blog\/wp-content\/uploads\/2024\/11\/appartement-55m2-fonctionnel.006-640x480.jpeg\" alt=\"appartement 55m2 fonctionnel espace de vie modulable rideau s\u00e9paration bureau \" class=\"wp-image-79113\" title=\"appartement 55m2 fonctionnel espace de vie modulable rideau s\u00e9paration bureau \" srcset=\"https:\/\/www.cocondedecoration.com\/blog\/wp-content\/uploads\/2024\/11\/appartement-55m2-fonctionnel.006-640x480.jpeg 640w, https:\/\/www.cocondedecoration.com\/blog\/wp-content\/uploads\/2024\/11\/appartement-55m2-fonctionnel.006-260x195.jpeg 260w, https:\/\/www.cocondedecoration.com\/blog\/wp-content\/uploads\/2024\/11\/appartement-55m2-fonctionnel.006-768x576.jpeg 768w, https:\/\/www.cocondedecoration.com\/blog\/wp-content\/uploads\/2024\/11\/appartement-55m2-fonctionnel.006-465x349.jpeg 465w, https:\/\/www.cocondedecoration.com\/blog\/wp-content\/uploads\/2024\/11\/appartement-55m2-fonctionnel.006-667x500.jpeg 667w, https:\/\/www.cocondedecoration.com\/blog\/wp-content\/uploads\/2024\/11\/appartement-55m2-fonctionnel.006.jpeg 1024w\" sizes=\"(max-width: 640px) 100vw, 640px\" \/><\/a><\/figure>\n\n\n\n<figure class=\"wp-block-image size-large\"><a href=\"https:\/\/www.cocondedecoration.com\/blog\/wp-content\/uploads\/2024\/11\/appartement-55m2-fonctionnel.007.jpeg\"><img loading=\"lazy\" decoding=\"async\" width=\"640\" height=\"480\" data-id=\"79114\" src=\"https:\/\/www.cocondedecoration.com\/blog\/wp-content\/uploads\/2024\/11\/appartement-55m2-fonctionnel.007-640x480.jpeg\" alt=\"appartement 55m2 fonctionnel lit d'appoint int\u00e9gr\u00e9 au mur s\u00e9paration bureau espace modulable pratique \" class=\"wp-image-79114\" title=\"appartement 55m2 fonctionnel lit d'appoint int\u00e9gr\u00e9 au mur s\u00e9paration bureau espace modulable pratique \" srcset=\"https:\/\/www.cocondedecoration.com\/blog\/wp-content\/uploads\/2024\/11\/appartement-55m2-fonctionnel.007-640x480.jpeg 640w, https:\/\/www.cocondedecoration.com\/blog\/wp-content\/uploads\/2024\/11\/appartement-55m2-fonctionnel.007-260x195.jpeg 260w, https:\/\/www.cocondedecoration.com\/blog\/wp-content\/uploads\/2024\/11\/appartement-55m2-fonctionnel.007-768x576.jpeg 768w, https:\/\/www.cocondedecoration.com\/blog\/wp-content\/uploads\/2024\/11\/appartement-55m2-fonctionnel.007-465x349.jpeg 465w, https:\/\/www.cocondedecoration.com\/blog\/wp-content\/uploads\/2024\/11\/appartement-55m2-fonctionnel.007-667x500.jpeg 667w, https:\/\/www.cocondedecoration.com\/blog\/wp-content\/uploads\/2024\/11\/appartement-55m2-fonctionnel.007.jpeg 1024w\" sizes=\"(max-width: 640px) 100vw, 640px\" \/><\/a><\/figure>\n<\/figure>\n\n\n<div class=\"wp-block-image\">\n<figure class=\"aligncenter size-full\"><a href=\"https:\/\/www.cocondedecoration.com\/blog\/wp-content\/uploads\/2024\/11\/visite-deco-appartement-55m2-fonctionnel.003.jpeg\"><img loading=\"lazy\" decoding=\"async\" width=\"1000\" height=\"1500\" src=\"https:\/\/www.cocondedecoration.com\/blog\/wp-content\/uploads\/2024\/11\/visite-deco-appartement-55m2-fonctionnel.003.jpeg\" alt=\"appartement 55m2 fonctionnel coin bureau \u00e0 domicile am\u00e9nagement sur mesure gain de place espace lumineux fen\u00eatre \" class=\"wp-image-79107\" title=\"appartement 55m2 fonctionnel coin bureau \u00e0 domicile am\u00e9nagement sur mesure gain de place espace lumineux fen\u00eatre \" srcset=\"https:\/\/www.cocondedecoration.com\/blog\/wp-content\/uploads\/2024\/11\/visite-deco-appartement-55m2-fonctionnel.003.jpeg 1000w, https:\/\/www.cocondedecoration.com\/blog\/wp-content\/uploads\/2024\/11\/visite-deco-appartement-55m2-fonctionnel.003-260x390.jpeg 260w, https:\/\/www.cocondedecoration.com\/blog\/wp-content\/uploads\/2024\/11\/visite-deco-appartement-55m2-fonctionnel.003-640x960.jpeg 640w, https:\/\/www.cocondedecoration.com\/blog\/wp-content\/uploads\/2024\/11\/visite-deco-appartement-55m2-fonctionnel.003-768x1152.jpeg 768w, https:\/\/www.cocondedecoration.com\/blog\/wp-content\/uploads\/2024\/11\/visite-deco-appartement-55m2-fonctionnel.003-367x550.jpeg 367w, https:\/\/www.cocondedecoration.com\/blog\/wp-content\/uploads\/2024\/11\/visite-deco-appartement-55m2-fonctionnel.003-333x500.jpeg 333w\" sizes=\"(max-width: 1000px) 100vw, 1000px\" \/><\/a><\/figure><\/div>\n\n<div class=\"wp-block-image\">\n<figure class=\"aligncenter size-full\"><a href=\"https:\/\/www.cocondedecoration.com\/blog\/wp-content\/uploads\/2024\/11\/appartement-55m2-fonctionnel.008.jpeg\"><img loading=\"lazy\" decoding=\"async\" width=\"1024\" height=\"768\" src=\"https:\/\/www.cocondedecoration.com\/blog\/wp-content\/uploads\/2024\/11\/appartement-55m2-fonctionnel.008.jpeg\" alt=\"appartement 55m2 fonctionnel espace cuisine salle \u00e0 manger banquette sur mesure table carr\u00e9e 4 personnes \" class=\"wp-image-79115\" title=\"appartement 55m2 fonctionnel espace cuisine salle \u00e0 manger banquette sur mesure table carr\u00e9e 4 personnes \" srcset=\"https:\/\/www.cocondedecoration.com\/blog\/wp-content\/uploads\/2024\/11\/appartement-55m2-fonctionnel.008.jpeg 1024w, https:\/\/www.cocondedecoration.com\/blog\/wp-content\/uploads\/2024\/11\/appartement-55m2-fonctionnel.008-260x195.jpeg 260w, https:\/\/www.cocondedecoration.com\/blog\/wp-content\/uploads\/2024\/11\/appartement-55m2-fonctionnel.008-640x480.jpeg 640w, https:\/\/www.cocondedecoration.com\/blog\/wp-content\/uploads\/2024\/11\/appartement-55m2-fonctionnel.008-768x576.jpeg 768w, https:\/\/www.cocondedecoration.com\/blog\/wp-content\/uploads\/2024\/11\/appartement-55m2-fonctionnel.008-465x349.jpeg 465w, https:\/\/www.cocondedecoration.com\/blog\/wp-content\/uploads\/2024\/11\/appartement-55m2-fonctionnel.008-667x500.jpeg 667w\" sizes=\"(max-width: 1024px) 100vw, 1024px\" \/><\/a><\/figure><\/div>\n\n<div class=\"wp-block-image\">\n<figure class=\"aligncenter size-full\"><a href=\"https:\/\/www.cocondedecoration.com\/blog\/wp-content\/uploads\/2024\/11\/appartement-55m2-fonctionnel.009.jpeg\"><img loading=\"lazy\" decoding=\"async\" width=\"1024\" height=\"768\" src=\"https:\/\/www.cocondedecoration.com\/blog\/wp-content\/uploads\/2024\/11\/appartement-55m2-fonctionnel.009.jpeg\" alt=\"appartement 55m2 fonctionnel nombreux rangements placards cuisine jusqu'au plafond \" class=\"wp-image-79116\" title=\"appartement 55m2 fonctionnel nombreux rangements placards cuisine jusqu'au plafond \" srcset=\"https:\/\/www.cocondedecoration.com\/blog\/wp-content\/uploads\/2024\/11\/appartement-55m2-fonctionnel.009.jpeg 1024w, https:\/\/www.cocondedecoration.com\/blog\/wp-content\/uploads\/2024\/11\/appartement-55m2-fonctionnel.009-260x195.jpeg 260w, https:\/\/www.cocondedecoration.com\/blog\/wp-content\/uploads\/2024\/11\/appartement-55m2-fonctionnel.009-640x480.jpeg 640w, https:\/\/www.cocondedecoration.com\/blog\/wp-content\/uploads\/2024\/11\/appartement-55m2-fonctionnel.009-768x576.jpeg 768w, https:\/\/www.cocondedecoration.com\/blog\/wp-content\/uploads\/2024\/11\/appartement-55m2-fonctionnel.009-465x349.jpeg 465w, https:\/\/www.cocondedecoration.com\/blog\/wp-content\/uploads\/2024\/11\/appartement-55m2-fonctionnel.009-667x500.jpeg 667w\" sizes=\"(max-width: 1024px) 100vw, 1024px\" \/><\/a><\/figure><\/div>\n\n\n<figure class=\"wp-block-gallery has-nested-images columns-default is-cropped wp-block-gallery-3 is-layout-flex wp-block-gallery-is-layout-flex\">\n<figure class=\"wp-block-image size-large\"><a href=\"https:\/\/www.cocondedecoration.com\/blog\/wp-content\/uploads\/2024\/11\/appartement-55m2-fonctionnel.010.jpeg\"><img loading=\"lazy\" decoding=\"async\" width=\"640\" height=\"480\" data-id=\"79118\" src=\"https:\/\/www.cocondedecoration.com\/blog\/wp-content\/uploads\/2024\/11\/appartement-55m2-fonctionnel.010-640x480.jpeg\" alt=\"appartement 55m2 fonctionnel petite cuisine ouverte avec \u00eelot et coin salle \u00e0 manger compos\u00e9 d'une banquette table en bois et chaise \" class=\"wp-image-79118\" title=\"appartement 55m2 fonctionnel petite cuisine ouverte avec \u00eelot et coin salle \u00e0 manger compos\u00e9 d'une banquette table en bois et chaise \" srcset=\"https:\/\/www.cocondedecoration.com\/blog\/wp-content\/uploads\/2024\/11\/appartement-55m2-fonctionnel.010-640x480.jpeg 640w, https:\/\/www.cocondedecoration.com\/blog\/wp-content\/uploads\/2024\/11\/appartement-55m2-fonctionnel.010-260x195.jpeg 260w, https:\/\/www.cocondedecoration.com\/blog\/wp-content\/uploads\/2024\/11\/appartement-55m2-fonctionnel.010-768x576.jpeg 768w, https:\/\/www.cocondedecoration.com\/blog\/wp-content\/uploads\/2024\/11\/appartement-55m2-fonctionnel.010-465x349.jpeg 465w, https:\/\/www.cocondedecoration.com\/blog\/wp-content\/uploads\/2024\/11\/appartement-55m2-fonctionnel.010-667x500.jpeg 667w, https:\/\/www.cocondedecoration.com\/blog\/wp-content\/uploads\/2024\/11\/appartement-55m2-fonctionnel.010.jpeg 1024w\" sizes=\"(max-width: 640px) 100vw, 640px\" \/><\/a><\/figure>\n\n\n\n<figure class=\"wp-block-image size-large\"><a href=\"https:\/\/www.cocondedecoration.com\/blog\/wp-content\/uploads\/2024\/11\/appartement-55m2-fonctionnel.011.jpeg\"><img loading=\"lazy\" decoding=\"async\" width=\"640\" height=\"480\" data-id=\"79117\" src=\"https:\/\/www.cocondedecoration.com\/blog\/wp-content\/uploads\/2024\/11\/appartement-55m2-fonctionnel.011-640x480.jpeg\" alt=\"appartement 55m2 fonctionnel rangement cuisine pratique tiroir\" class=\"wp-image-79117\" title=\"appartement 55m2 fonctionnel rangement cuisine pratique tiroir\" srcset=\"https:\/\/www.cocondedecoration.com\/blog\/wp-content\/uploads\/2024\/11\/appartement-55m2-fonctionnel.011-640x480.jpeg 640w, https:\/\/www.cocondedecoration.com\/blog\/wp-content\/uploads\/2024\/11\/appartement-55m2-fonctionnel.011-260x195.jpeg 260w, https:\/\/www.cocondedecoration.com\/blog\/wp-content\/uploads\/2024\/11\/appartement-55m2-fonctionnel.011-768x576.jpeg 768w, https:\/\/www.cocondedecoration.com\/blog\/wp-content\/uploads\/2024\/11\/appartement-55m2-fonctionnel.011-465x349.jpeg 465w, https:\/\/www.cocondedecoration.com\/blog\/wp-content\/uploads\/2024\/11\/appartement-55m2-fonctionnel.011-667x500.jpeg 667w, https:\/\/www.cocondedecoration.com\/blog\/wp-content\/uploads\/2024\/11\/appartement-55m2-fonctionnel.011.jpeg 1024w\" sizes=\"(max-width: 640px) 100vw, 640px\" \/><\/a><\/figure>\n<\/figure>\n\n\n<div class=\"wp-block-image\">\n<figure class=\"aligncenter size-full\"><a href=\"https:\/\/www.cocondedecoration.com\/blog\/wp-content\/uploads\/2024\/11\/appartement-55m2-fonctionnel.012.jpeg\"><img loading=\"lazy\" decoding=\"async\" width=\"1024\" height=\"768\" src=\"https:\/\/www.cocondedecoration.com\/blog\/wp-content\/uploads\/2024\/11\/appartement-55m2-fonctionnel.012.jpeg\" alt=\"appartement 55m2 fonctionnel petite salle de bain avec douche mur accent carrelage zellige vert \" class=\"wp-image-79119\" title=\"appartement 55m2 fonctionnel petite salle de bain avec douche mur accent carrelage zellige vert \" srcset=\"https:\/\/www.cocondedecoration.com\/blog\/wp-content\/uploads\/2024\/11\/appartement-55m2-fonctionnel.012.jpeg 1024w, https:\/\/www.cocondedecoration.com\/blog\/wp-content\/uploads\/2024\/11\/appartement-55m2-fonctionnel.012-260x195.jpeg 260w, https:\/\/www.cocondedecoration.com\/blog\/wp-content\/uploads\/2024\/11\/appartement-55m2-fonctionnel.012-640x480.jpeg 640w, https:\/\/www.cocondedecoration.com\/blog\/wp-content\/uploads\/2024\/11\/appartement-55m2-fonctionnel.012-768x576.jpeg 768w, https:\/\/www.cocondedecoration.com\/blog\/wp-content\/uploads\/2024\/11\/appartement-55m2-fonctionnel.012-465x349.jpeg 465w, https:\/\/www.cocondedecoration.com\/blog\/wp-content\/uploads\/2024\/11\/appartement-55m2-fonctionnel.012-667x500.jpeg 667w\" sizes=\"(max-width: 1024px) 100vw, 1024px\" \/><\/a><\/figure><\/div>\n\n<div class=\"wp-block-image\">\n<figure class=\"aligncenter size-full\"><a href=\"https:\/\/www.cocondedecoration.com\/blog\/wp-content\/uploads\/2024\/11\/appartement-55m2-fonctionnel.013.jpeg\"><img loading=\"lazy\" decoding=\"async\" width=\"1024\" height=\"768\" src=\"https:\/\/www.cocondedecoration.com\/blog\/wp-content\/uploads\/2024\/11\/appartement-55m2-fonctionnel.013.jpeg\" alt=\"appartement 55m2 fonctionnel chambre \u00e0 coucher simple blanche avec t\u00eate de lit originale \" class=\"wp-image-79120\" title=\"appartement 55m2 fonctionnel chambre \u00e0 coucher simple blanche avec t\u00eate de lit originale \" srcset=\"https:\/\/www.cocondedecoration.com\/blog\/wp-content\/uploads\/2024\/11\/appartement-55m2-fonctionnel.013.jpeg 1024w, https:\/\/www.cocondedecoration.com\/blog\/wp-content\/uploads\/2024\/11\/appartement-55m2-fonctionnel.013-260x195.jpeg 260w, https:\/\/www.cocondedecoration.com\/blog\/wp-content\/uploads\/2024\/11\/appartement-55m2-fonctionnel.013-640x480.jpeg 640w, https:\/\/www.cocondedecoration.com\/blog\/wp-content\/uploads\/2024\/11\/appartement-55m2-fonctionnel.013-768x576.jpeg 768w, https:\/\/www.cocondedecoration.com\/blog\/wp-content\/uploads\/2024\/11\/appartement-55m2-fonctionnel.013-465x349.jpeg 465w, https:\/\/www.cocondedecoration.com\/blog\/wp-content\/uploads\/2024\/11\/appartement-55m2-fonctionnel.013-667x500.jpeg 667w\" sizes=\"(max-width: 1024px) 100vw, 1024px\" \/><\/a><\/figure><\/div>\n\n<div class=\"wp-block-image\">\n<figure class=\"aligncenter size-full\"><a href=\"https:\/\/www.cocondedecoration.com\/blog\/wp-content\/uploads\/2024\/11\/appartement-55m2-fonctionnel.014.jpeg\"><img loading=\"lazy\" decoding=\"async\" width=\"1024\" height=\"768\" src=\"https:\/\/www.cocondedecoration.com\/blog\/wp-content\/uploads\/2024\/11\/appartement-55m2-fonctionnel.014.jpeg\" alt=\"appartement 55m2 fonctionnel rangement chambre placard dressing sur mesure en bois simple et lumineux \" class=\"wp-image-79121\" title=\"appartement 55m2 fonctionnel rangement chambre placard dressing sur mesure en bois simple et lumineux \" srcset=\"https:\/\/www.cocondedecoration.com\/blog\/wp-content\/uploads\/2024\/11\/appartement-55m2-fonctionnel.014.jpeg 1024w, https:\/\/www.cocondedecoration.com\/blog\/wp-content\/uploads\/2024\/11\/appartement-55m2-fonctionnel.014-260x195.jpeg 260w, https:\/\/www.cocondedecoration.com\/blog\/wp-content\/uploads\/2024\/11\/appartement-55m2-fonctionnel.014-640x480.jpeg 640w, https:\/\/www.cocondedecoration.com\/blog\/wp-content\/uploads\/2024\/11\/appartement-55m2-fonctionnel.014-768x576.jpeg 768w, https:\/\/www.cocondedecoration.com\/blog\/wp-content\/uploads\/2024\/11\/appartement-55m2-fonctionnel.014-465x349.jpeg 465w, https:\/\/www.cocondedecoration.com\/blog\/wp-content\/uploads\/2024\/11\/appartement-55m2-fonctionnel.014-667x500.jpeg 667w\" sizes=\"(max-width: 1024px) 100vw, 1024px\" \/><\/a><\/figure><\/div>\n\n\n<figure class=\"wp-block-gallery has-nested-images columns-default is-cropped wp-block-gallery-4 is-layout-flex wp-block-gallery-is-layout-flex\">\n<figure class=\"wp-block-image size-large\"><a href=\"https:\/\/www.cocondedecoration.com\/blog\/wp-content\/uploads\/2024\/11\/appartement-55m2-fonctionnel.015.jpeg\"><img loading=\"lazy\" decoding=\"async\" width=\"640\" height=\"480\" data-id=\"79122\" src=\"https:\/\/www.cocondedecoration.com\/blog\/wp-content\/uploads\/2024\/11\/appartement-55m2-fonctionnel.015-640x480.jpeg\" alt=\"appartement 55m2 fonctionnel d\u00e9coration chambre blanche t\u00eate de lit color\u00e9e en tissus original \" class=\"wp-image-79122\" title=\"appartement 55m2 fonctionnel d\u00e9coration chambre blanche t\u00eate de lit color\u00e9e en tissus original \" srcset=\"https:\/\/www.cocondedecoration.com\/blog\/wp-content\/uploads\/2024\/11\/appartement-55m2-fonctionnel.015-640x480.jpeg 640w, https:\/\/www.cocondedecoration.com\/blog\/wp-content\/uploads\/2024\/11\/appartement-55m2-fonctionnel.015-260x195.jpeg 260w, https:\/\/www.cocondedecoration.com\/blog\/wp-content\/uploads\/2024\/11\/appartement-55m2-fonctionnel.015-768x576.jpeg 768w, https:\/\/www.cocondedecoration.com\/blog\/wp-content\/uploads\/2024\/11\/appartement-55m2-fonctionnel.015-465x349.jpeg 465w, https:\/\/www.cocondedecoration.com\/blog\/wp-content\/uploads\/2024\/11\/appartement-55m2-fonctionnel.015-667x500.jpeg 667w, https:\/\/www.cocondedecoration.com\/blog\/wp-content\/uploads\/2024\/11\/appartement-55m2-fonctionnel.015.jpeg 1024w\" sizes=\"(max-width: 640px) 100vw, 640px\" \/><\/a><\/figure>\n\n\n\n<figure class=\"wp-block-image size-large\"><a href=\"https:\/\/www.cocondedecoration.com\/blog\/wp-content\/uploads\/2024\/11\/appartement-55m2-fonctionnel.016.jpeg\"><img loading=\"lazy\" decoding=\"async\" width=\"640\" height=\"480\" data-id=\"79123\" src=\"https:\/\/www.cocondedecoration.com\/blog\/wp-content\/uploads\/2024\/11\/appartement-55m2-fonctionnel.016-640x480.jpeg\" alt=\"appartement 55m2 fonctionnel d\u00e9co simple chambre adulte plantes rebord de fen\u00eatre \" class=\"wp-image-79123\" title=\"appartement 55m2 fonctionnel d\u00e9co simple chambre adulte plantes rebord de fen\u00eatre \" srcset=\"https:\/\/www.cocondedecoration.com\/blog\/wp-content\/uploads\/2024\/11\/appartement-55m2-fonctionnel.016-640x480.jpeg 640w, https:\/\/www.cocondedecoration.com\/blog\/wp-content\/uploads\/2024\/11\/appartement-55m2-fonctionnel.016-260x195.jpeg 260w, https:\/\/www.cocondedecoration.com\/blog\/wp-content\/uploads\/2024\/11\/appartement-55m2-fonctionnel.016-768x576.jpeg 768w, https:\/\/www.cocondedecoration.com\/blog\/wp-content\/uploads\/2024\/11\/appartement-55m2-fonctionnel.016-465x349.jpeg 465w, https:\/\/www.cocondedecoration.com\/blog\/wp-content\/uploads\/2024\/11\/appartement-55m2-fonctionnel.016-667x500.jpeg 667w, https:\/\/www.cocondedecoration.com\/blog\/wp-content\/uploads\/2024\/11\/appartement-55m2-fonctionnel.016.jpeg 1024w\" sizes=\"(max-width: 640px) 100vw, 640px\" \/><\/a><\/figure>\n<\/figure>\n\n\n\n<hr class=\"wp-block-separator has-alpha-channel-opacity is-style-wide\"\/>\n\n\n\n<div class=\"wp-block-columns is-layout-flex wp-container-core-columns-layout-1 wp-block-columns-is-layout-flex\">\n<div class=\"wp-block-column is-layout-flow wp-block-column-is-layout-flow\">\n<p class=\"has-text-align-center has-medium-font-size\">Plus de visites d'appartements<\/p>\n\n\n<ul class=\"wp-block-latest-posts__list wp-block-latest-posts\"><li><a class=\"wp-block-latest-posts__post-title\" href=\"https:\/\/www.cocondedecoration.com\/blog\/2024\/12\/appartement-industriel-chic\/\">Un appartement aux airs de loft industriel chic | visite<\/a><\/li>\n<li><a class=\"wp-block-latest-posts__post-title\" href=\"https:\/\/www.cocondedecoration.com\/blog\/2024\/12\/appartement-moderne-lumineux\/\">Un appartement de 109m2 au d\u00e9cor l\u00e9g\u00e8rement loft et industriel<\/a><\/li>\n<li><a class=\"wp-block-latest-posts__post-title\" href=\"https:\/\/www.cocondedecoration.com\/blog\/2024\/11\/appartement-3-chambres-blanc-bois-couleur\/\">Du bois, du blanc et une touche de couleur pour cet appartement de 3 chambres<\/a><\/li>\n<li><a class=\"wp-block-latest-posts__post-title\" href=\"https:\/\/www.cocondedecoration.com\/blog\/2024\/11\/appartement-59m2-couleur-calme\/\">Un appartement de 59m2 aux couleurs calmes et naturelles<\/a><\/li>\n<li><a class=\"wp-block-latest-posts__post-title\" href=\"https:\/\/www.cocondedecoration.com\/blog\/2024\/11\/appartement-55m2-fonctionnel\/\">Un appartement de 55m2 fonctionnel \u00e0 S\u00e9ville | visite d\u00e9co<\/a><\/li>\n<li><a class=\"wp-block-latest-posts__post-title\" href=\"https:\/\/www.cocondedecoration.com\/blog\/2024\/11\/duplex-style-scandinave-masculin\/\">Un appartement en duplex au style scandinave et masculin<\/a><\/li>\n<li><a class=\"wp-block-latest-posts__post-title\" href=\"https:\/\/www.cocondedecoration.com\/blog\/2024\/10\/appartement-artiste-electique-creatif\/\">Appartement d\u2019artiste \u00e9clectique et cr\u00e9atif \u00e0 Brooklyn<\/a><\/li>\n<li><a class=\"wp-block-latest-posts__post-title\" href=\"https:\/\/www.cocondedecoration.com\/blog\/2024\/10\/appartement-minimaliste-mid-century-modern\/\">D\u00e9cor mid century modern \u00e9pur\u00e9 pour cet appartement de Singapour<\/a><\/li>\n<li><a class=\"wp-block-latest-posts__post-title\" href=\"https:\/\/www.cocondedecoration.com\/blog\/2024\/10\/amenagement-appartement-38m2\/\">Un d\u00e9cor n\u00e9o-r\u00e9tro pour cet appartement de 38m2 | visite<\/a><\/li>\n<\/ul><\/div>\n\n\n\n<div class=\"wp-block-column is-layout-flow wp-block-column-is-layout-flow\">\n<p class=\"has-text-align-center has-medium-font-size\" style=\"padding-top:var(--wp--preset--spacing--40);padding-bottom:var(--wp--preset--spacing--40)\"><strong>Devenez m\u00e9c\u00e8ne du blog <\/strong><\/p>\n\n\n\n<hr class=\"wp-block-separator has-alpha-channel-opacity is-style-wide\"\/>\n\n\n\n<p style=\"padding-right:var(--wp--preset--spacing--30);padding-left:var(--wp--preset--spacing--30)\">Soutenez mon travail sur le blog et acc\u00e9dez \u00e0 des contreparties exclusives: <\/p>\n\n\n\n<ul style=\"padding-right:var(--wp--preset--spacing--40);padding-left:var(--wp--preset--spacing--40)\">\n<li>Plusieurs centaines d'articles d\u00e9co, lifestyle &amp; voyage r\u00e9serv\u00e9s aux abonn\u00e9\u2022e\u2022s <\/li>\n\n\n\n<li>Toutes les entr\u00e9es de mon side project - mon dictionnaire nomade <\/li>\n\n\n\n<li>Une publicit\u00e9 limit\u00e9e sur les articles Patreon <\/li>\n<\/ul>\n\n\n\n<div class=\"wp-block-buttons is-content-justification-center is-layout-flex wp-container-core-buttons-layout-1 wp-block-buttons-is-layout-flex\">\n<div class=\"wp-block-button\"><a class=\"wp-block-button__link wp-element-button\" href=\"https:\/\/www.patreon.com\/cocondedeco\" target=\"_blank\" rel=\"noreferrer noopener\">Soutenir le blog maintenant<\/a><\/div>\n<\/div>\n<\/div>\n<\/div>\n\n\n\n<hr class=\"wp-block-separator has-alpha-channel-opacity is-style-wide\"\/>\n\n\n\n<div class=\"wp-block-columns has-2-columns is-layout-flex wp-container-core-columns-layout-2 wp-block-columns-is-layout-flex\">\n<div class=\"wp-block-column is-layout-flow wp-block-column-is-layout-flow\"><div class='white' style='background:rgba(0,0,0,0); border:solid 0px rgba(0,0,0,0); border-radius:0px; padding:0px 0px 0px 0px;'>\n<div id='slider_64019' class='owl-carousel sa_owl_theme owl-pagination-true autohide-arrows' data-slider-id='slider_64019' style='visibility:hidden;'>\n<div id='slider_64019_slide01' class='sa_hover_container' style='padding:5% 5%; margin:0px 0%; '><p><img loading=\"lazy\" decoding=\"async\" class=\"aligncenter size-full wp-image-64021\" src=\"https:\/\/www.cocondedecoration.com\/blog\/wp-content\/uploads\/2023\/08\/petit-logement-deco-chic-1.jpeg\" alt=\"petit logement deco chic Table ronde en mindy massif finition noyer 4 personnes\" width=\"500\" height=\"500\" srcset=\"https:\/\/www.cocondedecoration.com\/blog\/wp-content\/uploads\/2023\/08\/petit-logement-deco-chic-1.jpeg 500w, https:\/\/www.cocondedecoration.com\/blog\/wp-content\/uploads\/2023\/08\/petit-logement-deco-chic-1-165x165.jpeg 165w, https:\/\/www.cocondedecoration.com\/blog\/wp-content\/uploads\/2023\/08\/petit-logement-deco-chic-1-260x260.jpeg 260w, https:\/\/www.cocondedecoration.com\/blog\/wp-content\/uploads\/2023\/08\/petit-logement-deco-chic-1-465x465.jpeg 465w\" sizes=\"(max-width: 500px) 100vw, 500px\" \/><\/p><\/div>\n<div id='slider_64019_slide02' class='sa_hover_container' style='padding:5% 5%; margin:0px 0%; '><p><img loading=\"lazy\" decoding=\"async\" class=\"aligncenter size-full wp-image-64026\" src=\"https:\/\/www.cocondedecoration.com\/blog\/wp-content\/uploads\/2023\/08\/meuble-petit-logement-design-chic-1.jpeg\" alt=\"meuble petit logement design chic Canap\u00e9 convertible 2 places en velours\" width=\"500\" height=\"500\" srcset=\"https:\/\/www.cocondedecoration.com\/blog\/wp-content\/uploads\/2023\/08\/meuble-petit-logement-design-chic-1.jpeg 500w, https:\/\/www.cocondedecoration.com\/blog\/wp-content\/uploads\/2023\/08\/meuble-petit-logement-design-chic-1-165x165.jpeg 165w, https:\/\/www.cocondedecoration.com\/blog\/wp-content\/uploads\/2023\/08\/meuble-petit-logement-design-chic-1-260x260.jpeg 260w, https:\/\/www.cocondedecoration.com\/blog\/wp-content\/uploads\/2023\/08\/meuble-petit-logement-design-chic-1-465x465.jpeg 465w\" sizes=\"(max-width: 500px) 100vw, 500px\" \/><\/p><\/div>\n<div id='slider_64019_slide03' class='sa_hover_container' style='padding:5% 5%; margin:0px 0%; '><p><img loading=\"lazy\" decoding=\"async\" class=\"aligncenter size-full wp-image-64031\" src=\"https:\/\/www.cocondedecoration.com\/blog\/wp-content\/uploads\/2023\/08\/deco-petit-logement-design-moderne-1.jpeg\" alt=\"deco petit logement design moderne decoration mur Support \u00e0 photos\" width=\"500\" height=\"500\" srcset=\"https:\/\/www.cocondedecoration.com\/blog\/wp-content\/uploads\/2023\/08\/deco-petit-logement-design-moderne-1.jpeg 500w, https:\/\/www.cocondedecoration.com\/blog\/wp-content\/uploads\/2023\/08\/deco-petit-logement-design-moderne-1-165x165.jpeg 165w, https:\/\/www.cocondedecoration.com\/blog\/wp-content\/uploads\/2023\/08\/deco-petit-logement-design-moderne-1-260x260.jpeg 260w, https:\/\/www.cocondedecoration.com\/blog\/wp-content\/uploads\/2023\/08\/deco-petit-logement-design-moderne-1-465x465.jpeg 465w\" sizes=\"(max-width: 500px) 100vw, 500px\" \/><\/p><\/div>\n<div id='slider_64019_slide04' class='sa_hover_container' style='padding:5% 5%; margin:0px 0%; '><p><img loading=\"lazy\" decoding=\"async\" class=\"aligncenter size-full wp-image-64022\" src=\"https:\/\/www.cocondedecoration.com\/blog\/wp-content\/uploads\/2023\/08\/petit-logement-deco-chic-2.jpeg\" alt=\"petit logement deco chic Armoire vintage 2 portes 3 tiroirs\" width=\"500\" height=\"500\" srcset=\"https:\/\/www.cocondedecoration.com\/blog\/wp-content\/uploads\/2023\/08\/petit-logement-deco-chic-2.jpeg 500w, https:\/\/www.cocondedecoration.com\/blog\/wp-content\/uploads\/2023\/08\/petit-logement-deco-chic-2-165x165.jpeg 165w, https:\/\/www.cocondedecoration.com\/blog\/wp-content\/uploads\/2023\/08\/petit-logement-deco-chic-2-260x260.jpeg 260w, https:\/\/www.cocondedecoration.com\/blog\/wp-content\/uploads\/2023\/08\/petit-logement-deco-chic-2-465x465.jpeg 465w\" sizes=\"(max-width: 500px) 100vw, 500px\" \/><\/p><\/div>\n<div id='slider_64019_slide05' class='sa_hover_container' style='padding:5% 5%; margin:0px 0%; '><p><img loading=\"lazy\" decoding=\"async\" class=\"aligncenter size-full wp-image-64027\" src=\"https:\/\/www.cocondedecoration.com\/blog\/wp-content\/uploads\/2023\/08\/meuble-petit-logement-design-chic-2.jpeg\" alt=\"meuble petit logement design chic Lampadaire design m\u00e9tal finitions dor\u00e9es vintage\" width=\"500\" height=\"500\" srcset=\"https:\/\/www.cocondedecoration.com\/blog\/wp-content\/uploads\/2023\/08\/meuble-petit-logement-design-chic-2.jpeg 500w, https:\/\/www.cocondedecoration.com\/blog\/wp-content\/uploads\/2023\/08\/meuble-petit-logement-design-chic-2-165x165.jpeg 165w, https:\/\/www.cocondedecoration.com\/blog\/wp-content\/uploads\/2023\/08\/meuble-petit-logement-design-chic-2-260x260.jpeg 260w, https:\/\/www.cocondedecoration.com\/blog\/wp-content\/uploads\/2023\/08\/meuble-petit-logement-design-chic-2-465x465.jpeg 465w\" sizes=\"(max-width: 500px) 100vw, 500px\" \/><\/p><\/div>\n<div id='slider_64019_slide06' class='sa_hover_container' style='padding:5% 5%; margin:0px 0%; '><p><img loading=\"lazy\" decoding=\"async\" class=\"aligncenter size-full wp-image-64032\" src=\"https:\/\/www.cocondedecoration.com\/blog\/wp-content\/uploads\/2023\/08\/deco-petit-logement-design-moderne-2.jpeg\" alt=\"deco petit logement design moderne Lit en ch\u00eane pieds cr\u00e8mes 180 x 200 cm\" width=\"500\" height=\"500\" srcset=\"https:\/\/www.cocondedecoration.com\/blog\/wp-content\/uploads\/2023\/08\/deco-petit-logement-design-moderne-2.jpeg 500w, https:\/\/www.cocondedecoration.com\/blog\/wp-content\/uploads\/2023\/08\/deco-petit-logement-design-moderne-2-165x165.jpeg 165w, https:\/\/www.cocondedecoration.com\/blog\/wp-content\/uploads\/2023\/08\/deco-petit-logement-design-moderne-2-260x260.jpeg 260w, https:\/\/www.cocondedecoration.com\/blog\/wp-content\/uploads\/2023\/08\/deco-petit-logement-design-moderne-2-465x465.jpeg 465w\" sizes=\"(max-width: 500px) 100vw, 500px\" \/><\/p><\/div>\n<div id='slider_64019_slide07' class='sa_hover_container' style='padding:5% 5%; margin:0px 0%; '><p><img loading=\"lazy\" decoding=\"async\" class=\"aligncenter size-full wp-image-64023\" src=\"https:\/\/www.cocondedecoration.com\/blog\/wp-content\/uploads\/2023\/08\/petit-logement-deco-chic-3.jpeg\" alt=\"petit logement deco chic Chaise beige chin\u00e9 et noire\" width=\"500\" height=\"500\" srcset=\"https:\/\/www.cocondedecoration.com\/blog\/wp-content\/uploads\/2023\/08\/petit-logement-deco-chic-3.jpeg 500w, https:\/\/www.cocondedecoration.com\/blog\/wp-content\/uploads\/2023\/08\/petit-logement-deco-chic-3-165x165.jpeg 165w, https:\/\/www.cocondedecoration.com\/blog\/wp-content\/uploads\/2023\/08\/petit-logement-deco-chic-3-260x260.jpeg 260w, https:\/\/www.cocondedecoration.com\/blog\/wp-content\/uploads\/2023\/08\/petit-logement-deco-chic-3-465x465.jpeg 465w\" sizes=\"(max-width: 500px) 100vw, 500px\" \/><\/p><\/div>\n<div id='slider_64019_slide08' class='sa_hover_container' style='padding:5% 5%; margin:0px 0%; '><p><img loading=\"lazy\" decoding=\"async\" class=\"aligncenter size-full wp-image-64028\" src=\"https:\/\/www.cocondedecoration.com\/blog\/wp-content\/uploads\/2023\/08\/meuble-petit-logement-design-chic-3.jpeg\" alt=\"meuble petit logement design chic Tapis contemporain ovale \u00e9cru et noir\" width=\"500\" height=\"500\" srcset=\"https:\/\/www.cocondedecoration.com\/blog\/wp-content\/uploads\/2023\/08\/meuble-petit-logement-design-chic-3.jpeg 500w, https:\/\/www.cocondedecoration.com\/blog\/wp-content\/uploads\/2023\/08\/meuble-petit-logement-design-chic-3-165x165.jpeg 165w, https:\/\/www.cocondedecoration.com\/blog\/wp-content\/uploads\/2023\/08\/meuble-petit-logement-design-chic-3-260x260.jpeg 260w, https:\/\/www.cocondedecoration.com\/blog\/wp-content\/uploads\/2023\/08\/meuble-petit-logement-design-chic-3-465x465.jpeg 465w\" sizes=\"(max-width: 500px) 100vw, 500px\" \/><\/p><\/div>\n<div id='slider_64019_slide09' class='sa_hover_container' style='padding:5% 5%; margin:0px 0%; '><p><img loading=\"lazy\" decoding=\"async\" class=\"aligncenter size-full wp-image-64033\" src=\"https:\/\/www.cocondedecoration.com\/blog\/wp-content\/uploads\/2023\/08\/deco-petit-logement-design-moderne-3.jpeg\" alt=\"deco petit logement design moderne Syst\u00e8me d'\u00e9tag\u00e8res murales avec montants\" width=\"500\" height=\"500\" srcset=\"https:\/\/www.cocondedecoration.com\/blog\/wp-content\/uploads\/2023\/08\/deco-petit-logement-design-moderne-3.jpeg 500w, https:\/\/www.cocondedecoration.com\/blog\/wp-content\/uploads\/2023\/08\/deco-petit-logement-design-moderne-3-165x165.jpeg 165w, https:\/\/www.cocondedecoration.com\/blog\/wp-content\/uploads\/2023\/08\/deco-petit-logement-design-moderne-3-260x260.jpeg 260w, https:\/\/www.cocondedecoration.com\/blog\/wp-content\/uploads\/2023\/08\/deco-petit-logement-design-moderne-3-465x465.jpeg 465w\" sizes=\"(max-width: 500px) 100vw, 500px\" \/><\/p><\/div>\n<div id='slider_64019_slide10' class='sa_hover_container' style='padding:5% 5%; margin:0px 0%; '><p><img loading=\"lazy\" decoding=\"async\" class=\"aligncenter size-full wp-image-64024\" src=\"https:\/\/www.cocondedecoration.com\/blog\/wp-content\/uploads\/2023\/08\/petit-logement-deco-chic-4.jpeg\" alt=\"petit logement deco chic Commode vintage en manguier\" width=\"500\" height=\"500\" srcset=\"https:\/\/www.cocondedecoration.com\/blog\/wp-content\/uploads\/2023\/08\/petit-logement-deco-chic-4.jpeg 500w, https:\/\/www.cocondedecoration.com\/blog\/wp-content\/uploads\/2023\/08\/petit-logement-deco-chic-4-165x165.jpeg 165w, https:\/\/www.cocondedecoration.com\/blog\/wp-content\/uploads\/2023\/08\/petit-logement-deco-chic-4-260x260.jpeg 260w, https:\/\/www.cocondedecoration.com\/blog\/wp-content\/uploads\/2023\/08\/petit-logement-deco-chic-4-465x465.jpeg 465w\" sizes=\"(max-width: 500px) 100vw, 500px\" \/><\/p><\/div>\n<div id='slider_64019_slide11' class='sa_hover_container' style='padding:5% 5%; margin:0px 0%; '><p><img loading=\"lazy\" decoding=\"async\" class=\"aligncenter size-full wp-image-64029\" src=\"https:\/\/www.cocondedecoration.com\/blog\/wp-content\/uploads\/2023\/08\/meuble-petit-logement-design-chic-4.jpeg\" alt=\"meuble petit logement design chic Buffet haut a\u0300 roulettes en me\u0301tal\" width=\"500\" height=\"500\" srcset=\"https:\/\/www.cocondedecoration.com\/blog\/wp-content\/uploads\/2023\/08\/meuble-petit-logement-design-chic-4.jpeg 500w, https:\/\/www.cocondedecoration.com\/blog\/wp-content\/uploads\/2023\/08\/meuble-petit-logement-design-chic-4-165x165.jpeg 165w, https:\/\/www.cocondedecoration.com\/blog\/wp-content\/uploads\/2023\/08\/meuble-petit-logement-design-chic-4-260x260.jpeg 260w, https:\/\/www.cocondedecoration.com\/blog\/wp-content\/uploads\/2023\/08\/meuble-petit-logement-design-chic-4-465x465.jpeg 465w\" sizes=\"(max-width: 500px) 100vw, 500px\" \/><\/p><\/div>\n<div id='slider_64019_slide12' class='sa_hover_container' style='padding:5% 5%; margin:0px 0%; '><p><img loading=\"lazy\" decoding=\"async\" class=\"aligncenter size-full wp-image-64034\" src=\"https:\/\/www.cocondedecoration.com\/blog\/wp-content\/uploads\/2023\/08\/deco-petit-logement-design-moderne-4.jpeg\" alt=\"deco petit logement design moderne Table basse en bois de fr\u00eane marron\" width=\"500\" height=\"500\" srcset=\"https:\/\/www.cocondedecoration.com\/blog\/wp-content\/uploads\/2023\/08\/deco-petit-logement-design-moderne-4.jpeg 500w, https:\/\/www.cocondedecoration.com\/blog\/wp-content\/uploads\/2023\/08\/deco-petit-logement-design-moderne-4-165x165.jpeg 165w, https:\/\/www.cocondedecoration.com\/blog\/wp-content\/uploads\/2023\/08\/deco-petit-logement-design-moderne-4-260x260.jpeg 260w, https:\/\/www.cocondedecoration.com\/blog\/wp-content\/uploads\/2023\/08\/deco-petit-logement-design-moderne-4-465x465.jpeg 465w\" sizes=\"(max-width: 500px) 100vw, 500px\" \/><\/p><\/div>\n<div id='slider_64019_slide13' class='sa_hover_container' style='padding:5% 5%; margin:0px 0%; '><p><img loading=\"lazy\" decoding=\"async\" class=\"aligncenter size-full wp-image-64025\" src=\"https:\/\/www.cocondedecoration.com\/blog\/wp-content\/uploads\/2023\/08\/petit-logement-deco-chic-5.jpeg\" alt=\"petit logement deco chic Statuette arc en verre teint\u00e9 marron H20\" width=\"500\" height=\"500\" srcset=\"https:\/\/www.cocondedecoration.com\/blog\/wp-content\/uploads\/2023\/08\/petit-logement-deco-chic-5.jpeg 500w, https:\/\/www.cocondedecoration.com\/blog\/wp-content\/uploads\/2023\/08\/petit-logement-deco-chic-5-165x165.jpeg 165w, https:\/\/www.cocondedecoration.com\/blog\/wp-content\/uploads\/2023\/08\/petit-logement-deco-chic-5-260x260.jpeg 260w, https:\/\/www.cocondedecoration.com\/blog\/wp-content\/uploads\/2023\/08\/petit-logement-deco-chic-5-465x465.jpeg 465w\" sizes=\"(max-width: 500px) 100vw, 500px\" \/><\/p><\/div>\n<div id='slider_64019_slide14' class='sa_hover_container' style='padding:5% 5%; margin:0px 0%; '><p><img loading=\"lazy\" decoding=\"async\" class=\"aligncenter size-full wp-image-64030\" src=\"https:\/\/www.cocondedecoration.com\/blog\/wp-content\/uploads\/2023\/08\/meuble-petit-logement-design-chic-5.jpeg\" alt=\"meuble petit logement design chic Petit meuble de rangement en verre et m\u00e9tal H50cm\" width=\"500\" height=\"500\" srcset=\"https:\/\/www.cocondedecoration.com\/blog\/wp-content\/uploads\/2023\/08\/meuble-petit-logement-design-chic-5.jpeg 500w, https:\/\/www.cocondedecoration.com\/blog\/wp-content\/uploads\/2023\/08\/meuble-petit-logement-design-chic-5-165x165.jpeg 165w, https:\/\/www.cocondedecoration.com\/blog\/wp-content\/uploads\/2023\/08\/meuble-petit-logement-design-chic-5-260x260.jpeg 260w, https:\/\/www.cocondedecoration.com\/blog\/wp-content\/uploads\/2023\/08\/meuble-petit-logement-design-chic-5-465x465.jpeg 465w\" sizes=\"(max-width: 500px) 100vw, 500px\" \/><\/p><\/div>\n<div id='slider_64019_slide15' class='sa_hover_container' style='padding:5% 5%; margin:0px 0%; '><p><img loading=\"lazy\" decoding=\"async\" class=\"aligncenter size-full wp-image-64035\" src=\"https:\/\/www.cocondedecoration.com\/blog\/wp-content\/uploads\/2023\/08\/deco-petit-logement-design-moderne-5.jpeg\" alt=\"deco petit logement design moderne Vase orange corps de femme\" width=\"500\" height=\"500\" srcset=\"https:\/\/www.cocondedecoration.com\/blog\/wp-content\/uploads\/2023\/08\/deco-petit-logement-design-moderne-5.jpeg 500w, https:\/\/www.cocondedecoration.com\/blog\/wp-content\/uploads\/2023\/08\/deco-petit-logement-design-moderne-5-165x165.jpeg 165w, https:\/\/www.cocondedecoration.com\/blog\/wp-content\/uploads\/2023\/08\/deco-petit-logement-design-moderne-5-260x260.jpeg 260w, https:\/\/www.cocondedecoration.com\/blog\/wp-content\/uploads\/2023\/08\/deco-petit-logement-design-moderne-5-465x465.jpeg 465w\" sizes=\"(max-width: 500px) 100vw, 500px\" \/><\/p><\/div>\n<\/div>\n<\/div>\n<script type='text\/javascript'>\n\tjQuery(document).ready(function() {\n\t\tjQuery('#slider_64019').owlCarousel({\n\t\t\titems : 1,\n\t\t\tsmartSpeed : 200,\n\t\t\tautoplay : true,\n\t\t\tautoplayTimeout : 5000,\n\t\t\tautoplayHoverPause : true,\n\t\t\tsmartSpeed : 200,\n\t\t\tfluidSpeed : 200,\n\t\t\tautoplaySpeed : 200,\n\t\t\tnavSpeed : 200,\n\t\t\tdotsSpeed : 200,\n\t\t\tloop : true,\n\t\t\tnav : true,\n\t\t\tnavText : ['Previous','Next'],\n\t\t\tdots : true,\n\t\t\tresponsiveRefreshRate : 200,\n\t\t\tslideBy : 1,\n\t\t\tmergeFit : true,\n\t\t\tautoHeight : false,\n\t\t\tmouseDrag : false,\n\t\t\ttouchDrag : true\n\t\t});\n\t\tjQuery('#slider_64019').css('visibility', 'visible');\n\t\tsa_resize_slider_64019();\n\t\twindow.addEventListener('resize', sa_resize_slider_64019);\n\t\tfunction sa_resize_slider_64019() {\n\t\t\tvar min_height = '50';\n\t\t\tvar win_width = jQuery(window).width();\n\t\t\tvar slider_width = jQuery('#slider_64019').width();\n\t\t\tif (win_width < 480) {\n\t\t\t\tvar slide_width = slider_width \/ 1;\n\t\t\t} else if (win_width < 768) {\n\t\t\t\tvar slide_width = slider_width \/ 1;\n\t\t\t} else if (win_width < 980) {\n\t\t\t\tvar slide_width = slider_width \/ 1;\n\t\t\t} else if (win_width < 1200) {\n\t\t\t\tvar slide_width = slider_width \/ 1;\n\t\t\t} else if (win_width < 1500) {\n\t\t\t\tvar slide_width = slider_width \/ 1;\n\t\t\t} else {\n\t\t\t\tvar slide_width = slider_width \/ 1;\n\t\t\t}\n\t\t\tslide_width = Math.round(slide_width);\n\t\t\tvar slide_height = '0';\n\t\t\tif (min_height == 'aspect43') {\n\t\t\t\tslide_height = (slide_width \/ 4) * 3;\t\t\t\tslide_height = Math.round(slide_height);\n\t\t\t} else if (min_height == 'aspect169') {\n\t\t\t\tslide_height = (slide_width \/ 16) * 9;\t\t\t\tslide_height = Math.round(slide_height);\n\t\t\t} else {\n\t\t\t\tslide_height = (slide_width \/ 100) * min_height;\t\t\t\tslide_height = Math.round(slide_height);\n\t\t\t}\n\t\t\tjQuery('#slider_64019 .owl-item .sa_hover_container').css('min-height', slide_height+'px');\n\t\t}\n\t\tvar owl_goto = jQuery('#slider_64019');\n\t\tjQuery('.slider_64019_goto1').click(function(event){\n\t\t\towl_goto.trigger('to.owl.carousel', 0);\n\t\t});\n\t\tjQuery('.slider_64019_goto2').click(function(event){\n\t\t\towl_goto.trigger('to.owl.carousel', 1);\n\t\t});\n\t\tjQuery('.slider_64019_goto3').click(function(event){\n\t\t\towl_goto.trigger('to.owl.carousel', 2);\n\t\t});\n\t\tjQuery('.slider_64019_goto4').click(function(event){\n\t\t\towl_goto.trigger('to.owl.carousel', 3);\n\t\t});\n\t\tjQuery('.slider_64019_goto5').click(function(event){\n\t\t\towl_goto.trigger('to.owl.carousel', 4);\n\t\t});\n\t\tjQuery('.slider_64019_goto6').click(function(event){\n\t\t\towl_goto.trigger('to.owl.carousel', 5);\n\t\t});\n\t\tjQuery('.slider_64019_goto7').click(function(event){\n\t\t\towl_goto.trigger('to.owl.carousel', 6);\n\t\t});\n\t\tjQuery('.slider_64019_goto8').click(function(event){\n\t\t\towl_goto.trigger('to.owl.carousel', 7);\n\t\t});\n\t\tjQuery('.slider_64019_goto9').click(function(event){\n\t\t\towl_goto.trigger('to.owl.carousel', 8);\n\t\t});\n\t\tjQuery('.slider_64019_goto10').click(function(event){\n\t\t\towl_goto.trigger('to.owl.carousel', 9);\n\t\t});\n\t\tjQuery('.slider_64019_goto11').click(function(event){\n\t\t\towl_goto.trigger('to.owl.carousel', 10);\n\t\t});\n\t\tjQuery('.slider_64019_goto12').click(function(event){\n\t\t\towl_goto.trigger('to.owl.carousel', 11);\n\t\t});\n\t\tjQuery('.slider_64019_goto13').click(function(event){\n\t\t\towl_goto.trigger('to.owl.carousel', 12);\n\t\t});\n\t\tjQuery('.slider_64019_goto14').click(function(event){\n\t\t\towl_goto.trigger('to.owl.carousel', 13);\n\t\t});\n\t\tjQuery('.slider_64019_goto15').click(function(event){\n\t\t\towl_goto.trigger('to.owl.carousel', 14);\n\t\t});\n\t\tvar resize_64019 = jQuery('.owl-carousel');\n\t\tresize_64019.on('initialized.owl.carousel', function(e) {\n\t\t\tif (typeof(Event) === 'function') {\n\t\t\t\twindow.dispatchEvent(new Event('resize'));\n\t\t\t} else {\n\t\t\t\tvar evt = window.document.createEvent('UIEvents');\n\t\t\t\tevt.initUIEvent('resize', true, false, window, 0);\n\t\t\t\twindow.dispatchEvent(evt);\n\t\t\t}\n\t\t});\n\t});\n<\/script>\n\n<\/div>\n\n\n\n<div class=\"wp-block-column is-layout-flow wp-block-column-is-layout-flow\">\n<p style=\"text-align:center\" class=\"has-medium-font-size\">Mes coups de coeur pour un petit logement <\/p>\n\n\n\n<ol><li><a rel=\"noreferrer noopener\" aria-label=\"Table ronde finition noyer (s\u2019ouvre dans un nouvel onglet)\" href=\"https:\/\/fnty.co\/c\/r-lceahGmc\" target=\"_blank\">Table ronde finition noyer<\/a> - Maisons du Monde <\/li><li><a rel=\"noreferrer noopener\" aria-label=\"Canap\u00e9 convertible 2 places en velours rouille (s\u2019ouvre dans un nouvel onglet)\" href=\"https:\/\/c3po.link\/Q9g8ay9yAA\" target=\"_blank\">Canap\u00e9 convertible 2 places en velours rouille<\/a> - Drawer<\/li><li><a rel=\"noreferrer noopener\" aria-label=\"Support \u00e0 photos mural  (s\u2019ouvre dans un nouvel onglet)\" href=\"https:\/\/fnty.co\/c\/r-LigDJTjE\" target=\"_blank\">Support \u00e0 photos mural <\/a>- The Cool Republic<\/li><li><a rel=\"noreferrer noopener\" aria-label=\"Armoire vintage 2 portes 3 tiroirs (s\u2019ouvre dans un nouvel onglet)\" href=\"https:\/\/fnty.co\/c\/r-NwYzkZUP\" target=\"_blank\">Armoire vintage 2 portes 3 tiroirs<\/a> - Maisons du Monde <\/li><li><a rel=\"noreferrer noopener\" aria-label=\"Lampadaire design m\u00e9tal finitions dor\u00e9es (s\u2019ouvre dans un nouvel onglet)\" href=\"https:\/\/c3po.link\/Qy3QAykXWH\" target=\"_blank\">Lampadaire design m\u00e9tal finitions dor\u00e9es<\/a> - Drawer<\/li><li><a rel=\"noreferrer noopener\" aria-label=\"Lit en ch\u00eane pieds cr\u00e8mes (s\u2019ouvre dans un nouvel onglet)\" href=\"https:\/\/fnty.co\/c\/r-yqugcXgK\" target=\"_blank\">Lit en ch\u00eane pieds cr\u00e8mes<\/a> - The Cool Republic<\/li><li><a rel=\"noreferrer noopener\" aria-label=\"Chaise beige chin\u00e9 et noire (s\u2019ouvre dans un nouvel onglet)\" href=\"https:\/\/fnty.co\/c\/r-hCfVerIf\" target=\"_blank\">Chaise beige chin\u00e9 et noire<\/a> - Maisons du Monde <\/li><li><a rel=\"noreferrer noopener\" aria-label=\"Tapis contemporain ovale \u00e9cru et noir (s\u2019ouvre dans un nouvel onglet)\" href=\"https:\/\/c3po.link\/QW7K696RPn\" target=\"_blank\">Tapis contemporain ovale \u00e9cru et noir<\/a> - Drawer <\/li><li><a rel=\"noreferrer noopener\" aria-label=\"Syst\u00e8me d'\u00e9tag\u00e8res murales avec montants String (s\u2019ouvre dans un nouvel onglet)\" href=\"https:\/\/fnty.co\/c\/r-ydYbleTp\" target=\"_blank\">Syst\u00e8me d'\u00e9tag\u00e8res murales avec montants String<\/a> - The Cool Republic<\/li><li><a rel=\"noreferrer noopener\" aria-label=\"Commode vintage en manguier (s\u2019ouvre dans un nouvel onglet)\" href=\"https:\/\/fnty.co\/c\/r-grxyQkeT\" target=\"_blank\">Commode vintage en manguier<\/a> - Maisons du Monde <\/li><li><a rel=\"noreferrer noopener\" aria-label=\"Buffet haut \u00e0 roulettes en m\u00e9tal (s\u2019ouvre dans un nouvel onglet)\" href=\"https:\/\/c3po.link\/QJT4BZeHQA\" target=\"_blank\">Buffet haut \u00e0 roulettes en m\u00e9tal<\/a> - Drawer  <\/li><li><a rel=\"noreferrer noopener\" aria-label=\"Table basse en bois de fr\u00eane marron (s\u2019ouvre dans un nouvel onglet)\" href=\"https:\/\/fnty.co\/c\/r-SpMwAotM\" target=\"_blank\">Table basse en bois de fr\u00eane marron<\/a> - The Cool Republic<\/li><li><a rel=\"noreferrer noopener\" aria-label=\"Statuette arc en verre teint\u00e9 (s\u2019ouvre dans un nouvel onglet)\" href=\"https:\/\/fnty.co\/c\/r-vSNsUgaU\" target=\"_blank\">Statuette arc en verre teint\u00e9<\/a> - Maisons du Monde <\/li><li><a rel=\"noreferrer noopener\" aria-label=\"Petit meuble de rangement en verre et m\u00e9tal (s\u2019ouvre dans un nouvel onglet)\" href=\"https:\/\/c3po.link\/QpKAjjrckJ\" target=\"_blank\">Petit meuble de rangement en verre et m\u00e9tal<\/a> - Drawer <\/li><li><a rel=\"noreferrer noopener\" aria-label=\"Vase orange (s\u2019ouvre dans un nouvel onglet)\" href=\"https:\/\/fnty.co\/c\/r-cfbnnYOu\" target=\"_blank\">Vase orange<\/a> - The Cool Republic <\/li><\/ol>\n\n\n\n<p style=\"text-align:center\">A lire aussi: <a href=\"https:\/\/www.cocondedecoration.com\/blog\/2021\/05\/minimalisme-petit-logement\/\" target=\"_blank\" rel=\"noreferrer noopener\" aria-label=\"Minimalisme &amp; petit logement  (s\u2019ouvre dans un nouvel onglet)\">Minimalisme &amp; petit logement <\/a><\/p>\n<\/div>\n<\/div>\n","protected":false},"excerpt":{"rendered":"<p>Un petit appartement avec une grande pi\u00e8ce de vie parfaite pour recevoir. Un univers modulable et pratique au quotidien avec de nombreux rangements.<span class=\"more-link\"><a href=\"https:\/\/www.cocondedecoration.com\/blog\/2024\/11\/appartement-55m2-fonctionnel\/\">Lire la suite<\/a><\/span><\/p>\n","protected":false},"author":1,"featured_media":79124,"comment_status":"open","ping_status":"open","sticky":false,"template":"","format":"standard","meta":{"om_disable_all_campaigns":false,"_monsterinsights_skip_tracking":false,"_monsterinsights_sitenote_active":false,"_monsterinsights_sitenote_note":"","_monsterinsights_sitenote_category":0,"_uf_show_specific_survey":0,"_uf_disable_surveys":false,"footnotes":""},"categories":[57509],"tags":[3587,61412,61652,418,61653,22457,2494,2304,1804,54195],"aioseo_notices":[],"_links":{"self":[{"href":"https:\/\/www.cocondedecoration.com\/blog\/wp-json\/wp\/v2\/posts\/79104"}],"collection":[{"href":"https:\/\/www.cocondedecoration.com\/blog\/wp-json\/wp\/v2\/posts"}],"about":[{"href":"https:\/\/www.cocondedecoration.com\/blog\/wp-json\/wp\/v2\/types\/post"}],"author":[{"embeddable":true,"href":"https:\/\/www.cocondedecoration.com\/blog\/wp-json\/wp\/v2\/users\/1"}],"replies":[{"embeddable":true,"href":"https:\/\/www.cocondedecoration.com\/blog\/wp-json\/wp\/v2\/comments?post=79104"}],"version-history":[{"count":4,"href":"https:\/\/www.cocondedecoration.com\/blog\/wp-json\/wp\/v2\/posts\/79104\/revisions"}],"predecessor-version":[{"id":79205,"href":"https:\/\/www.cocondedecoration.com\/blog\/wp-json\/wp\/v2\/posts\/79104\/revisions\/79205"}],"wp:featuredmedia":[{"embeddable":true,"href":"https:\/\/www.cocondedecoration.com\/blog\/wp-json\/wp\/v2\/media\/79124"}],"wp:attachment":[{"href":"https:\/\/www.cocondedecoration.com\/blog\/wp-json\/wp\/v2\/media?parent=79104"}],"wp:term":[{"taxonomy":"category","embeddable":true,"href":"https:\/\/www.cocondedecoration.com\/blog\/wp-json\/wp\/v2\/categories?post=79104"},{"taxonomy":"post_tag","embeddable":true,"href":"https:\/\/www.cocondedecoration.com\/blog\/wp-json\/wp\/v2\/tags?post=79104"}],"curies":[{"name":"wp","href":"https:\/\/api.w.org\/{rel}","templated":true}]}}