{"id":78724,"date":"2024-10-26T07:21:30","date_gmt":"2024-10-26T05:21:30","guid":{"rendered":"https:\/\/www.cocondedecoration.com\/blog\/?p=78724"},"modified":"2025-08-20T07:37:33","modified_gmt":"2025-08-20T05:37:33","slug":"ou-trouver-canape-jaune","status":"publish","type":"post","link":"https:\/\/www.cocondedecoration.com\/blog\/2024\/10\/ou-trouver-canape-jaune\/","title":{"rendered":"Coup d&rsquo;\u00e9clat dans le salon: optez pour un canap\u00e9 jaune"},"content":{"rendered":"\n<p>J'aime l'id\u00e9e d'apporter de la couleur dans le salon autrement que par le rev\u00eatement mural. Pas besoin de savoir bricoler, pas besoin de demander l'autorisation quand on est locataire. Choisir un canap\u00e9 color\u00e9 permet de mettre en valeur l'id\u00e9e de convivialit\u00e9 dans votre pi\u00e8ce \u00e0 vivre et colorer l'espace. J'ai d\u00e9j\u00e0 eu l'occasion de vous proposer une s\u00e9lection de canap\u00e9s verts, une autre pour les canap\u00e9s roses. Cette fois, c'est le jaune qui m'int\u00e9resse. <\/p>\n\n\n\n<!--more-->\n\n\n\n<h2 class=\"wp-block-heading\">Pourquoi choisir un canap\u00e9 jaune pour le salon s\u00e9jour? <\/h2>\n\n\n\n<p>Le jaune est une couleur solaire. C'est \u00e9galement une couleur chaleureuse qui est synonyme de bonne humeur. J'aime beaucoup le jaune en d\u00e9co (et pas uniquement sur le canap\u00e9 ou <a href=\"https:\/\/www.cocondedecoration.com\/blog\/2020\/09\/couleur-jaune-salon\/\" target=\"_blank\" rel=\"noopener\" title=\"\">dans le salon<\/a>) parce que c'est une couleur qui lutte contre la grisaille du quotidien en hiver. <\/p>\n\n\n\n<p>Un canap\u00e9 jaune - m\u00eame dans une petite pi\u00e8ce de vie - c'est synonyme de convivialit\u00e9. C'est aussi une mani\u00e8re d'apporter du tonus \u00e0 l'espace. Si vous vous int\u00e9ressez un peu \u00e0 la psychologie des couleurs, vous n'\u00eates pas sans savoir que le jaune est la couleur du bonheur. Qui n'aspire pas au bonheur au quotidien? Le canap\u00e9 \u00e9tant le meuble central du <a href=\"https:\/\/www.cocondedecoration.com\/blog\/2024\/09\/100-salons-deco-moderne\/\" target=\"_blank\" rel=\"noopener\" title=\"\">s\u00e9jour<\/a>, quand il est habill\u00e9 de jaune, il rayonne (de bonheur) au coeur de votre espace de vie.  <\/p>\n\n\n\n<h2 class=\"wp-block-heading\">Quelle nuance de jaune choisir pour le canap\u00e9?<\/h2>\n\n\n\n<ul>\n<li>Le <a href=\"https:\/\/www.cocondedecoration.com\/blog\/2024\/10\/decoration-jaune-moutarde\/\" target=\"_blank\" rel=\"noopener\" title=\"\">jaune moutarde<\/a> est une couleur intemporelle, elle plait toujours autant malgr\u00e9 les tendances qui vont et qui viennent. L'effet moutarde offre un c\u00f4t\u00e9 \u00e9l\u00e9gant et chaleureux au salon. <\/li>\n\n\n\n<li>Un canap\u00e9 <a href=\"https:\/\/www.cocondedecoration.com\/blog\/2023\/01\/interieur-couleur-jaune-ocre\/\" target=\"_blank\" rel=\"noopener\" title=\"\">jaune ocre<\/a> s'inscrit dans la m\u00eame dynamique que le jaune moutarde. Une couleur organique, chaleureuse et \u00e9l\u00e9gante. <\/li>\n\n\n\n<li>En jaune franc, le canap\u00e9 est plus vivant, plus dynamique. Cette couleur est parfaite pour accentuer l'id\u00e9e de vie dans le salon. <\/li>\n<\/ul>\n\n\n\n<p>La nuance de jaune n'est pas le seul \u00e9l\u00e9ment \u00e0 prendre en compte pour <a href=\"https:\/\/www.cocondedecoration.com\/blog\/2018\/05\/10-canapes-pour-un-petit-salon\/\" target=\"_blank\" rel=\"noopener\" title=\"\">choisir votre nouveau canap\u00e9<\/a>. Le textile qui le compose va \u00e9galement influencer l'effet d\u00e9co dans l'espace. On trouve facilement des canap\u00e9s jaunes en velours. Ils sont int\u00e9ressant parce que le velours est un textile lumineux. Pour un c\u00f4t\u00e9 cosy, je vous conseille de partir par exemple sur un canap\u00e9 bouclette. M\u00eame si les bouclettes sont souvent dans des tonalit\u00e9s beiges et \u00e9crus, elles existent aussi en jaune. Plus commun, il y a le polyester, le coton ou le lin. Ce sont des textiles faciles \u00e0 vivre au quotidien. <\/p>\n\n\n\n<h2 class=\"wp-block-heading\">S\u00e9lection shopping: O\u00f9 trouver un canap\u00e9 jaune? <\/h2>\n\n\n<div class=\"wp-block-image\">\n<figure class=\"aligncenter size-full\"><a href=\"https:\/\/www.cocondedecoration.com\/blog\/wp-content\/uploads\/2024\/10\/beau-canape-jaune-maisons-du-monde.001.jpeg\"><img loading=\"lazy\" decoding=\"async\" width=\"1024\" height=\"768\" src=\"https:\/\/www.cocondedecoration.com\/blog\/wp-content\/uploads\/2024\/10\/beau-canape-jaune-maisons-du-monde.001.jpeg\" alt=\"Canap\u00e9 d'angle gauche 4 places en tissu velours jaune\" class=\"wp-image-78733\" title=\"Canap\u00e9 d'angle gauche 4 places en tissu velours jaune\" srcset=\"https:\/\/www.cocondedecoration.com\/blog\/wp-content\/uploads\/2024\/10\/beau-canape-jaune-maisons-du-monde.001.jpeg 1024w, https:\/\/www.cocondedecoration.com\/blog\/wp-content\/uploads\/2024\/10\/beau-canape-jaune-maisons-du-monde.001-260x195.jpeg 260w, https:\/\/www.cocondedecoration.com\/blog\/wp-content\/uploads\/2024\/10\/beau-canape-jaune-maisons-du-monde.001-640x480.jpeg 640w, https:\/\/www.cocondedecoration.com\/blog\/wp-content\/uploads\/2024\/10\/beau-canape-jaune-maisons-du-monde.001-768x576.jpeg 768w, https:\/\/www.cocondedecoration.com\/blog\/wp-content\/uploads\/2024\/10\/beau-canape-jaune-maisons-du-monde.001-465x349.jpeg 465w, https:\/\/www.cocondedecoration.com\/blog\/wp-content\/uploads\/2024\/10\/beau-canape-jaune-maisons-du-monde.001-667x500.jpeg 667w\" sizes=\"(max-width: 1024px) 100vw, 1024px\" \/><\/a><figcaption class=\"wp-element-caption\"><a href=\"https:\/\/fnty.co\/c\/r-kwlctqFv\" target=\"_blank\" rel=\"noopener\" title=\"\">Canap\u00e9 d'angle gauche 4 places en tissu velours jaune<\/a> - Micadoni Home via Maisons du Monde<\/figcaption><\/figure><\/div>\n\n\n<div class=\"wp-block-columns is-layout-flex wp-container-core-columns-layout-1 wp-block-columns-is-layout-flex\">\n<div class=\"wp-block-column is-layout-flow wp-block-column-is-layout-flow\">\n<figure class=\"wp-block-image size-large\"><a href=\"https:\/\/www.cocondedecoration.com\/blog\/wp-content\/uploads\/2024\/10\/canape-jaune-design-the-cool-republic.001.jpeg\"><img loading=\"lazy\" decoding=\"async\" width=\"640\" height=\"640\" src=\"https:\/\/www.cocondedecoration.com\/blog\/wp-content\/uploads\/2024\/10\/canape-jaune-design-the-cool-republic.001-640x640.jpeg\" alt=\"Canap\u00e9 3 places en tissu moutarde design pieds bleu \u00e9lectrique\" class=\"wp-image-78737\" title=\"Canap\u00e9 3 places en tissu moutarde design pieds bleu \u00e9lectrique\" srcset=\"https:\/\/www.cocondedecoration.com\/blog\/wp-content\/uploads\/2024\/10\/canape-jaune-design-the-cool-republic.001-640x640.jpeg 640w, https:\/\/www.cocondedecoration.com\/blog\/wp-content\/uploads\/2024\/10\/canape-jaune-design-the-cool-republic.001-260x260.jpeg 260w, https:\/\/www.cocondedecoration.com\/blog\/wp-content\/uploads\/2024\/10\/canape-jaune-design-the-cool-republic.001-165x165.jpeg 165w, https:\/\/www.cocondedecoration.com\/blog\/wp-content\/uploads\/2024\/10\/canape-jaune-design-the-cool-republic.001-465x465.jpeg 465w, https:\/\/www.cocondedecoration.com\/blog\/wp-content\/uploads\/2024\/10\/canape-jaune-design-the-cool-republic.001-500x500.jpeg 500w, https:\/\/www.cocondedecoration.com\/blog\/wp-content\/uploads\/2024\/10\/canape-jaune-design-the-cool-republic.001.jpeg 650w\" sizes=\"(max-width: 640px) 100vw, 640px\" \/><\/a><figcaption class=\"wp-element-caption\"><a href=\"https:\/\/fnty.co\/c\/r-HJnOKhkK\" target=\"_blank\" rel=\"noopener\" title=\"\">Canap\u00e9 3 places en tissu moutarde<\/a> - Kann Design via The Cool Republic<\/figcaption><\/figure>\n<\/div>\n\n\n\n<div class=\"wp-block-column is-layout-flow wp-block-column-is-layout-flow\">\n<figure class=\"wp-block-image size-large\"><a href=\"https:\/\/www.cocondedecoration.com\/blog\/wp-content\/uploads\/2024\/10\/canape-jaune-design-the-cool-republic.002.jpeg\"><img loading=\"lazy\" decoding=\"async\" width=\"640\" height=\"640\" src=\"https:\/\/www.cocondedecoration.com\/blog\/wp-content\/uploads\/2024\/10\/canape-jaune-design-the-cool-republic.002-640x640.jpeg\" alt=\"Canap\u00e9 2 places jaune \u00e9pur\u00e9 confortable\" class=\"wp-image-78738\" title=\"Canap\u00e9 2 places jaune \u00e9pur\u00e9 confortable\" srcset=\"https:\/\/www.cocondedecoration.com\/blog\/wp-content\/uploads\/2024\/10\/canape-jaune-design-the-cool-republic.002-640x640.jpeg 640w, https:\/\/www.cocondedecoration.com\/blog\/wp-content\/uploads\/2024\/10\/canape-jaune-design-the-cool-republic.002-260x260.jpeg 260w, https:\/\/www.cocondedecoration.com\/blog\/wp-content\/uploads\/2024\/10\/canape-jaune-design-the-cool-republic.002-165x165.jpeg 165w, https:\/\/www.cocondedecoration.com\/blog\/wp-content\/uploads\/2024\/10\/canape-jaune-design-the-cool-republic.002-465x465.jpeg 465w, https:\/\/www.cocondedecoration.com\/blog\/wp-content\/uploads\/2024\/10\/canape-jaune-design-the-cool-republic.002-500x500.jpeg 500w, https:\/\/www.cocondedecoration.com\/blog\/wp-content\/uploads\/2024\/10\/canape-jaune-design-the-cool-republic.002.jpeg 650w\" sizes=\"(max-width: 640px) 100vw, 640px\" \/><\/a><figcaption class=\"wp-element-caption\"><a href=\"https:\/\/fnty.co\/c\/r-FvsTlyeR\" target=\"_blank\" rel=\"noopener\" title=\"\">Canap\u00e9 2 places jaune <\/a>- Bolia chez The Cool Republic <\/figcaption><\/figure>\n<\/div>\n\n\n\n<div class=\"wp-block-column is-layout-flow wp-block-column-is-layout-flow\">\n<figure class=\"wp-block-image size-large\"><a href=\"https:\/\/www.cocondedecoration.com\/blog\/wp-content\/uploads\/2024\/10\/canape-jaune-design-the-cool-republic.003.jpeg\"><img loading=\"lazy\" decoding=\"async\" width=\"640\" height=\"640\" src=\"https:\/\/www.cocondedecoration.com\/blog\/wp-content\/uploads\/2024\/10\/canape-jaune-design-the-cool-republic.003-640x640.jpeg\" alt=\"Canap\u00e9 2 places design \u00e9l\u00e9gant qualit\u00e9 jaune\" class=\"wp-image-78739\" title=\"Canap\u00e9 2 places design \u00e9l\u00e9gant qualit\u00e9 jaune\" srcset=\"https:\/\/www.cocondedecoration.com\/blog\/wp-content\/uploads\/2024\/10\/canape-jaune-design-the-cool-republic.003-640x640.jpeg 640w, https:\/\/www.cocondedecoration.com\/blog\/wp-content\/uploads\/2024\/10\/canape-jaune-design-the-cool-republic.003-260x260.jpeg 260w, https:\/\/www.cocondedecoration.com\/blog\/wp-content\/uploads\/2024\/10\/canape-jaune-design-the-cool-republic.003-165x165.jpeg 165w, https:\/\/www.cocondedecoration.com\/blog\/wp-content\/uploads\/2024\/10\/canape-jaune-design-the-cool-republic.003-465x465.jpeg 465w, https:\/\/www.cocondedecoration.com\/blog\/wp-content\/uploads\/2024\/10\/canape-jaune-design-the-cool-republic.003-500x500.jpeg 500w, https:\/\/www.cocondedecoration.com\/blog\/wp-content\/uploads\/2024\/10\/canape-jaune-design-the-cool-republic.003.jpeg 650w\" sizes=\"(max-width: 640px) 100vw, 640px\" \/><\/a><figcaption class=\"wp-element-caption\"><a href=\"https:\/\/fnty.co\/c\/r-cGClECgh\" target=\"_blank\" rel=\"noopener\" title=\"\">Canap\u00e9 2 places<\/a> - Muuto chez The Cool Republic<\/figcaption><\/figure>\n<\/div>\n<\/div>\n\n\n\n<div class=\"wp-block-columns is-layout-flex wp-container-core-columns-layout-2 wp-block-columns-is-layout-flex\">\n<div class=\"wp-block-column is-layout-flow wp-block-column-is-layout-flow\">\n<figure class=\"wp-block-image size-large\"><a href=\"https:\/\/www.cocondedecoration.com\/blog\/wp-content\/uploads\/2024\/10\/canape-jaune-moderne.001.jpeg\"><img loading=\"lazy\" decoding=\"async\" width=\"640\" height=\"960\" src=\"https:\/\/www.cocondedecoration.com\/blog\/wp-content\/uploads\/2024\/10\/canape-jaune-moderne.001-640x960.jpeg\" alt=\"Canap\u00e9 convertible 3 places en velours - Jaune moutarde\" class=\"wp-image-78725\" title=\"Canap\u00e9 convertible 3 places en velours - Jaune moutarde\" srcset=\"https:\/\/www.cocondedecoration.com\/blog\/wp-content\/uploads\/2024\/10\/canape-jaune-moderne.001-640x960.jpeg 640w, https:\/\/www.cocondedecoration.com\/blog\/wp-content\/uploads\/2024\/10\/canape-jaune-moderne.001-260x390.jpeg 260w, https:\/\/www.cocondedecoration.com\/blog\/wp-content\/uploads\/2024\/10\/canape-jaune-moderne.001-768x1152.jpeg 768w, https:\/\/www.cocondedecoration.com\/blog\/wp-content\/uploads\/2024\/10\/canape-jaune-moderne.001-367x550.jpeg 367w, https:\/\/www.cocondedecoration.com\/blog\/wp-content\/uploads\/2024\/10\/canape-jaune-moderne.001-333x500.jpeg 333w, https:\/\/www.cocondedecoration.com\/blog\/wp-content\/uploads\/2024\/10\/canape-jaune-moderne.001.jpeg 1000w\" sizes=\"(max-width: 640px) 100vw, 640px\" \/><\/a><figcaption class=\"wp-element-caption\"><a href=\"https:\/\/fnty.co\/c\/r-VOFfCjmN\" target=\"_blank\" rel=\"noopener\" title=\"\">Canap\u00e9 convertible 3 places en velours - Jaune moutarde<\/a> - Drawer chez Maisons du Monde<\/figcaption><\/figure>\n<\/div>\n\n\n\n<div class=\"wp-block-column is-layout-flow wp-block-column-is-layout-flow\">\n<figure class=\"wp-block-image size-large\"><a href=\"https:\/\/www.cocondedecoration.com\/blog\/wp-content\/uploads\/2024\/10\/canape-jaune-moderne.002.jpeg\"><img loading=\"lazy\" decoding=\"async\" width=\"640\" height=\"960\" src=\"https:\/\/www.cocondedecoration.com\/blog\/wp-content\/uploads\/2024\/10\/canape-jaune-moderne.002-640x960.jpeg\" alt=\"Canap\u00e9 2 places en velours jaune\" class=\"wp-image-78726\" title=\"Canap\u00e9 2 places en velours jaune\" srcset=\"https:\/\/www.cocondedecoration.com\/blog\/wp-content\/uploads\/2024\/10\/canape-jaune-moderne.002-640x960.jpeg 640w, https:\/\/www.cocondedecoration.com\/blog\/wp-content\/uploads\/2024\/10\/canape-jaune-moderne.002-260x390.jpeg 260w, https:\/\/www.cocondedecoration.com\/blog\/wp-content\/uploads\/2024\/10\/canape-jaune-moderne.002-768x1152.jpeg 768w, https:\/\/www.cocondedecoration.com\/blog\/wp-content\/uploads\/2024\/10\/canape-jaune-moderne.002-367x550.jpeg 367w, https:\/\/www.cocondedecoration.com\/blog\/wp-content\/uploads\/2024\/10\/canape-jaune-moderne.002-333x500.jpeg 333w, https:\/\/www.cocondedecoration.com\/blog\/wp-content\/uploads\/2024\/10\/canape-jaune-moderne.002.jpeg 1000w\" sizes=\"(max-width: 640px) 100vw, 640px\" \/><\/a><figcaption class=\"wp-element-caption\"><a href=\"https:\/\/fnty.co\/c\/r-GbQyryMY\" target=\"_blank\" rel=\"noopener\" title=\"\">Canap\u00e9 2 places en velours jaune <\/a>- Rendez-vous d\u00e9co chez Maisons du Monde<\/figcaption><\/figure>\n<\/div>\n<\/div>\n\n\n<div class=\"wp-block-image\">\n<figure class=\"aligncenter size-full\"><a href=\"https:\/\/www.cocondedecoration.com\/blog\/wp-content\/uploads\/2024\/10\/beau-canape-jaune-maisons-du-monde.002.jpeg\"><img loading=\"lazy\" decoding=\"async\" width=\"1024\" height=\"768\" src=\"https:\/\/www.cocondedecoration.com\/blog\/wp-content\/uploads\/2024\/10\/beau-canape-jaune-maisons-du-monde.002.jpeg\" alt=\"Canap\u00e9 modulable 2 places en tissu velours jaune moderne\" class=\"wp-image-78734\" title=\"Canap\u00e9 modulable 2 places en tissu velours jaune moderne\" srcset=\"https:\/\/www.cocondedecoration.com\/blog\/wp-content\/uploads\/2024\/10\/beau-canape-jaune-maisons-du-monde.002.jpeg 1024w, https:\/\/www.cocondedecoration.com\/blog\/wp-content\/uploads\/2024\/10\/beau-canape-jaune-maisons-du-monde.002-260x195.jpeg 260w, https:\/\/www.cocondedecoration.com\/blog\/wp-content\/uploads\/2024\/10\/beau-canape-jaune-maisons-du-monde.002-640x480.jpeg 640w, https:\/\/www.cocondedecoration.com\/blog\/wp-content\/uploads\/2024\/10\/beau-canape-jaune-maisons-du-monde.002-768x576.jpeg 768w, https:\/\/www.cocondedecoration.com\/blog\/wp-content\/uploads\/2024\/10\/beau-canape-jaune-maisons-du-monde.002-465x349.jpeg 465w, https:\/\/www.cocondedecoration.com\/blog\/wp-content\/uploads\/2024\/10\/beau-canape-jaune-maisons-du-monde.002-667x500.jpeg 667w\" sizes=\"(max-width: 1024px) 100vw, 1024px\" \/><\/a><figcaption class=\"wp-element-caption\"><a href=\"https:\/\/fnty.co\/c\/r-gxCxkQEQ\" target=\"_blank\" rel=\"noopener\" title=\"\">Canap\u00e9 modulable 2 places en tissu velours jaune<\/a> - Micadoni Home via Maisons du Monde<\/figcaption><\/figure><\/div>\n\n\n<div style=\"height:20px\" aria-hidden=\"true\" class=\"wp-block-spacer\"><\/div>\n\n\n\n<div class=\"wp-block-media-text alignwide\"><figure class=\"wp-block-media-text__media\"><img loading=\"lazy\" decoding=\"async\" width=\"640\" height=\"366\" src=\"https:\/\/www.cocondedecoration.com\/blog\/wp-content\/uploads\/2023\/12\/newsletter-patreon-640x366.png\" alt=\"\" class=\"wp-image-70176\" srcset=\"https:\/\/www.cocondedecoration.com\/blog\/wp-content\/uploads\/2023\/12\/newsletter-patreon-640x366.png 640w, https:\/\/www.cocondedecoration.com\/blog\/wp-content\/uploads\/2023\/12\/newsletter-patreon-260x149.png 260w, https:\/\/www.cocondedecoration.com\/blog\/wp-content\/uploads\/2023\/12\/newsletter-patreon-768x439.png 768w, https:\/\/www.cocondedecoration.com\/blog\/wp-content\/uploads\/2023\/12\/newsletter-patreon-465x266.png 465w, https:\/\/www.cocondedecoration.com\/blog\/wp-content\/uploads\/2023\/12\/newsletter-patreon-695x397.png 695w, https:\/\/www.cocondedecoration.com\/blog\/wp-content\/uploads\/2023\/12\/newsletter-patreon.png 1050w\" sizes=\"(max-width: 640px) 100vw, 640px\" \/><\/figure><div class=\"wp-block-media-text__content\">\n<p style=\"text-align:center\"><strong>La newsletter du blog est sur Patreon<\/strong><\/p>\n\n\n\n<p>Devenez membre gratuitement de mon Patron pour lire toutes les newsletters du blog &amp; recevoir une notification quand les prochaines seront en ligne. <\/p>\n\n\n\n<div class=\"wp-block-button aligncenter\"><a class=\"wp-block-button__link\" href=\"https:\/\/www.patreon.com\/cocondedeco\">Acc\u00e9der \u00e0 Patreon gratuitement<\/a><\/div>\n<\/div><\/div>\n\n\n\n<div style=\"height:30px\" aria-hidden=\"true\" class=\"wp-block-spacer\"><\/div>\n\n\n<div class=\"wp-block-image\">\n<figure class=\"aligncenter size-full\"><a href=\"https:\/\/www.cocondedecoration.com\/blog\/wp-content\/uploads\/2024\/10\/canape-familial-jaune-la-redoute.001.jpeg\"><img loading=\"lazy\" decoding=\"async\" width=\"1024\" height=\"768\" src=\"https:\/\/www.cocondedecoration.com\/blog\/wp-content\/uploads\/2024\/10\/canape-familial-jaune-la-redoute.001.jpeg\" alt=\"Canap\u00e9 Panoramique Velours textur\u00e9 7 places\" class=\"wp-image-78755\" title=\"Canap\u00e9 Panoramique Velours textur\u00e9 7 places\" srcset=\"https:\/\/www.cocondedecoration.com\/blog\/wp-content\/uploads\/2024\/10\/canape-familial-jaune-la-redoute.001.jpeg 1024w, https:\/\/www.cocondedecoration.com\/blog\/wp-content\/uploads\/2024\/10\/canape-familial-jaune-la-redoute.001-260x195.jpeg 260w, https:\/\/www.cocondedecoration.com\/blog\/wp-content\/uploads\/2024\/10\/canape-familial-jaune-la-redoute.001-640x480.jpeg 640w, https:\/\/www.cocondedecoration.com\/blog\/wp-content\/uploads\/2024\/10\/canape-familial-jaune-la-redoute.001-768x576.jpeg 768w, https:\/\/www.cocondedecoration.com\/blog\/wp-content\/uploads\/2024\/10\/canape-familial-jaune-la-redoute.001-465x349.jpeg 465w, https:\/\/www.cocondedecoration.com\/blog\/wp-content\/uploads\/2024\/10\/canape-familial-jaune-la-redoute.001-667x500.jpeg 667w\" sizes=\"(max-width: 1024px) 100vw, 1024px\" \/><\/a><figcaption class=\"wp-element-caption\"><a href=\"https:\/\/c3po.link\/QCkP5WHrfq\" target=\"_blank\" rel=\"noopener\" title=\"\">Canap\u00e9 Panoramique Velours textur\u00e9 7 places<\/a> - Lisa Design via La Redoute<\/figcaption><\/figure><\/div>\n\n\n<div class=\"wp-block-columns is-layout-flex wp-container-core-columns-layout-3 wp-block-columns-is-layout-flex\">\n<div class=\"wp-block-column is-layout-flow wp-block-column-is-layout-flow\">\n<figure class=\"wp-block-image size-large\"><a href=\"https:\/\/www.cocondedecoration.com\/blog\/wp-content\/uploads\/2024\/10\/salon-moderne-canape-jaune.001.jpeg\"><img loading=\"lazy\" decoding=\"async\" width=\"640\" height=\"960\" src=\"https:\/\/www.cocondedecoration.com\/blog\/wp-content\/uploads\/2024\/10\/salon-moderne-canape-jaune.001-640x960.jpeg\" alt=\"Canap\u00e9 convertible scandinave 3 places en tissu effet velours jaune moutarde et bois clair\" class=\"wp-image-78743\" title=\"Canap\u00e9 convertible scandinave 3 places en tissu effet velours jaune moutarde et bois clair\" srcset=\"https:\/\/www.cocondedecoration.com\/blog\/wp-content\/uploads\/2024\/10\/salon-moderne-canape-jaune.001-640x960.jpeg 640w, https:\/\/www.cocondedecoration.com\/blog\/wp-content\/uploads\/2024\/10\/salon-moderne-canape-jaune.001-260x390.jpeg 260w, https:\/\/www.cocondedecoration.com\/blog\/wp-content\/uploads\/2024\/10\/salon-moderne-canape-jaune.001-768x1152.jpeg 768w, https:\/\/www.cocondedecoration.com\/blog\/wp-content\/uploads\/2024\/10\/salon-moderne-canape-jaune.001-367x550.jpeg 367w, https:\/\/www.cocondedecoration.com\/blog\/wp-content\/uploads\/2024\/10\/salon-moderne-canape-jaune.001-333x500.jpeg 333w, https:\/\/www.cocondedecoration.com\/blog\/wp-content\/uploads\/2024\/10\/salon-moderne-canape-jaune.001.jpeg 1000w\" sizes=\"(max-width: 640px) 100vw, 640px\" \/><\/a><figcaption class=\"wp-element-caption\"><a href=\"https:\/\/lk.gt\/abwNY\" target=\"_blank\" rel=\"noopener\" title=\"\">Canap\u00e9 convertible scandinave 3 places en tissu effet velours jaune moutarde et bois clair<\/a> - Miliboo<\/figcaption><\/figure>\n<\/div>\n\n\n\n<div class=\"wp-block-column is-layout-flow wp-block-column-is-layout-flow\">\n<figure class=\"wp-block-image size-large\"><a href=\"https:\/\/www.cocondedecoration.com\/blog\/wp-content\/uploads\/2024\/10\/salon-moderne-canape-jaune.002.jpeg\"><img loading=\"lazy\" decoding=\"async\" width=\"640\" height=\"960\" src=\"https:\/\/www.cocondedecoration.com\/blog\/wp-content\/uploads\/2024\/10\/salon-moderne-canape-jaune.002-640x960.jpeg\" alt=\"Canap\u00e9 convertible 3 places en tissu effet velours jaune moutarde\" class=\"wp-image-78742\" title=\"Canap\u00e9 convertible 3 places en tissu effet velours jaune moutarde\" srcset=\"https:\/\/www.cocondedecoration.com\/blog\/wp-content\/uploads\/2024\/10\/salon-moderne-canape-jaune.002-640x960.jpeg 640w, https:\/\/www.cocondedecoration.com\/blog\/wp-content\/uploads\/2024\/10\/salon-moderne-canape-jaune.002-260x390.jpeg 260w, https:\/\/www.cocondedecoration.com\/blog\/wp-content\/uploads\/2024\/10\/salon-moderne-canape-jaune.002-768x1152.jpeg 768w, https:\/\/www.cocondedecoration.com\/blog\/wp-content\/uploads\/2024\/10\/salon-moderne-canape-jaune.002-367x550.jpeg 367w, https:\/\/www.cocondedecoration.com\/blog\/wp-content\/uploads\/2024\/10\/salon-moderne-canape-jaune.002-333x500.jpeg 333w, https:\/\/www.cocondedecoration.com\/blog\/wp-content\/uploads\/2024\/10\/salon-moderne-canape-jaune.002.jpeg 1000w\" sizes=\"(max-width: 640px) 100vw, 640px\" \/><\/a><figcaption class=\"wp-element-caption\"><a href=\"https:\/\/lk.gt\/a7Tb4\" target=\"_blank\" rel=\"noopener\" title=\"\">Canap\u00e9 convertible 3 places en tissu effet velours jaune moutarde<\/a> - Miliboo<\/figcaption><\/figure>\n<\/div>\n<\/div>\n\n\n\n<div class=\"wp-block-columns is-layout-flex wp-container-core-columns-layout-4 wp-block-columns-is-layout-flex\">\n<div class=\"wp-block-column is-layout-flow wp-block-column-is-layout-flow\">\n<figure class=\"wp-block-image size-large\"><a href=\"https:\/\/www.cocondedecoration.com\/blog\/wp-content\/uploads\/2024\/10\/canape-jaune-moderne-maisons-du-monde.001.jpeg\"><img loading=\"lazy\" decoding=\"async\" width=\"640\" height=\"640\" src=\"https:\/\/www.cocondedecoration.com\/blog\/wp-content\/uploads\/2024\/10\/canape-jaune-moderne-maisons-du-monde.001-640x640.jpeg\" alt=\"Canap\u00e9 d'angle gauche 4\/5 places en velours ocre\" class=\"wp-image-78727\" title=\"Canap\u00e9 d'angle gauche 4\/5 places en velours ocre\" srcset=\"https:\/\/www.cocondedecoration.com\/blog\/wp-content\/uploads\/2024\/10\/canape-jaune-moderne-maisons-du-monde.001-640x640.jpeg 640w, https:\/\/www.cocondedecoration.com\/blog\/wp-content\/uploads\/2024\/10\/canape-jaune-moderne-maisons-du-monde.001-260x260.jpeg 260w, https:\/\/www.cocondedecoration.com\/blog\/wp-content\/uploads\/2024\/10\/canape-jaune-moderne-maisons-du-monde.001-165x165.jpeg 165w, https:\/\/www.cocondedecoration.com\/blog\/wp-content\/uploads\/2024\/10\/canape-jaune-moderne-maisons-du-monde.001-465x465.jpeg 465w, https:\/\/www.cocondedecoration.com\/blog\/wp-content\/uploads\/2024\/10\/canape-jaune-moderne-maisons-du-monde.001-500x500.jpeg 500w, https:\/\/www.cocondedecoration.com\/blog\/wp-content\/uploads\/2024\/10\/canape-jaune-moderne-maisons-du-monde.001.jpeg 650w\" sizes=\"(max-width: 640px) 100vw, 640px\" \/><\/a><figcaption class=\"wp-element-caption\"><a href=\"https:\/\/fnty.co\/c\/r-bEhKMOTh\" target=\"_blank\" rel=\"noopener\" title=\"\">Canap\u00e9 d'angle gauche 4\/5 places en velours ocre<\/a> - Maisons du Monde<\/figcaption><\/figure>\n<\/div>\n\n\n\n<div class=\"wp-block-column is-layout-flow wp-block-column-is-layout-flow\">\n<figure class=\"wp-block-image size-large\"><a href=\"https:\/\/www.cocondedecoration.com\/blog\/wp-content\/uploads\/2024\/10\/canape-jaune-moderne-maisons-du-monde.002.jpeg\"><img loading=\"lazy\" decoding=\"async\" width=\"640\" height=\"640\" src=\"https:\/\/www.cocondedecoration.com\/blog\/wp-content\/uploads\/2024\/10\/canape-jaune-moderne-maisons-du-monde.002-640x640.jpeg\" alt=\" Canap\u00e9 3 places jaune moutarde\" class=\"wp-image-78728\" title=\" Canap\u00e9 3 places jaune moutarde\" srcset=\"https:\/\/www.cocondedecoration.com\/blog\/wp-content\/uploads\/2024\/10\/canape-jaune-moderne-maisons-du-monde.002-640x640.jpeg 640w, https:\/\/www.cocondedecoration.com\/blog\/wp-content\/uploads\/2024\/10\/canape-jaune-moderne-maisons-du-monde.002-260x260.jpeg 260w, https:\/\/www.cocondedecoration.com\/blog\/wp-content\/uploads\/2024\/10\/canape-jaune-moderne-maisons-du-monde.002-165x165.jpeg 165w, https:\/\/www.cocondedecoration.com\/blog\/wp-content\/uploads\/2024\/10\/canape-jaune-moderne-maisons-du-monde.002-465x465.jpeg 465w, https:\/\/www.cocondedecoration.com\/blog\/wp-content\/uploads\/2024\/10\/canape-jaune-moderne-maisons-du-monde.002-500x500.jpeg 500w, https:\/\/www.cocondedecoration.com\/blog\/wp-content\/uploads\/2024\/10\/canape-jaune-moderne-maisons-du-monde.002.jpeg 650w\" sizes=\"(max-width: 640px) 100vw, 640px\" \/><\/a><figcaption class=\"wp-element-caption\"><a href=\"https:\/\/fnty.co\/c\/r-FsDCEqxo\" target=\"_blank\" rel=\"noopener\" title=\"\">\u00a0Canap\u00e9 3 places jaune moutarde<\/a> - Maisons du Monde<\/figcaption><\/figure>\n<\/div>\n\n\n\n<div class=\"wp-block-column is-layout-flow wp-block-column-is-layout-flow\">\n<figure class=\"wp-block-image size-large\"><a href=\"https:\/\/www.cocondedecoration.com\/blog\/wp-content\/uploads\/2024\/10\/canape-jaune-moderne-maisons-du-monde.003.jpeg\"><img loading=\"lazy\" decoding=\"async\" width=\"640\" height=\"640\" src=\"https:\/\/www.cocondedecoration.com\/blog\/wp-content\/uploads\/2024\/10\/canape-jaune-moderne-maisons-du-monde.003-640x640.jpeg\" alt=\"Canap\u00e9 d'angle convertible 4\/5 places en velours jaune\" class=\"wp-image-78729\" title=\"Canap\u00e9 d'angle convertible 4\/5 places en velours jaune\" srcset=\"https:\/\/www.cocondedecoration.com\/blog\/wp-content\/uploads\/2024\/10\/canape-jaune-moderne-maisons-du-monde.003-640x640.jpeg 640w, https:\/\/www.cocondedecoration.com\/blog\/wp-content\/uploads\/2024\/10\/canape-jaune-moderne-maisons-du-monde.003-260x260.jpeg 260w, https:\/\/www.cocondedecoration.com\/blog\/wp-content\/uploads\/2024\/10\/canape-jaune-moderne-maisons-du-monde.003-165x165.jpeg 165w, https:\/\/www.cocondedecoration.com\/blog\/wp-content\/uploads\/2024\/10\/canape-jaune-moderne-maisons-du-monde.003-465x465.jpeg 465w, https:\/\/www.cocondedecoration.com\/blog\/wp-content\/uploads\/2024\/10\/canape-jaune-moderne-maisons-du-monde.003-500x500.jpeg 500w, https:\/\/www.cocondedecoration.com\/blog\/wp-content\/uploads\/2024\/10\/canape-jaune-moderne-maisons-du-monde.003.jpeg 650w\" sizes=\"(max-width: 640px) 100vw, 640px\" \/><\/a><figcaption class=\"wp-element-caption\"><a href=\"https:\/\/fnty.co\/c\/r-CDdJyyfu\" target=\"_blank\" rel=\"noopener\" title=\"\">Canap\u00e9 d'angle convertible 4\/5 places en velours jaune<\/a> - Maisons du Monde<\/figcaption><\/figure>\n<\/div>\n<\/div>\n\n\n<div class=\"wp-block-image\">\n<figure class=\"aligncenter size-full\"><a href=\"https:\/\/www.cocondedecoration.com\/blog\/wp-content\/uploads\/2024\/10\/canape-familial-jaune-la-redoute.002.jpeg\"><img loading=\"lazy\" decoding=\"async\" width=\"1024\" height=\"768\" src=\"https:\/\/www.cocondedecoration.com\/blog\/wp-content\/uploads\/2024\/10\/canape-familial-jaune-la-redoute.002.jpeg\" alt=\"Canap\u00e9 panoramique fixe 7 places velours c\u00f4tel\u00e9\" class=\"wp-image-78754\" title=\"Canap\u00e9 panoramique fixe 7 places velours c\u00f4tel\u00e9\" srcset=\"https:\/\/www.cocondedecoration.com\/blog\/wp-content\/uploads\/2024\/10\/canape-familial-jaune-la-redoute.002.jpeg 1024w, https:\/\/www.cocondedecoration.com\/blog\/wp-content\/uploads\/2024\/10\/canape-familial-jaune-la-redoute.002-260x195.jpeg 260w, https:\/\/www.cocondedecoration.com\/blog\/wp-content\/uploads\/2024\/10\/canape-familial-jaune-la-redoute.002-640x480.jpeg 640w, https:\/\/www.cocondedecoration.com\/blog\/wp-content\/uploads\/2024\/10\/canape-familial-jaune-la-redoute.002-768x576.jpeg 768w, https:\/\/www.cocondedecoration.com\/blog\/wp-content\/uploads\/2024\/10\/canape-familial-jaune-la-redoute.002-465x349.jpeg 465w, https:\/\/www.cocondedecoration.com\/blog\/wp-content\/uploads\/2024\/10\/canape-familial-jaune-la-redoute.002-667x500.jpeg 667w\" sizes=\"(max-width: 1024px) 100vw, 1024px\" \/><\/a><figcaption class=\"wp-element-caption\"><a href=\"https:\/\/c3po.link\/QJ35pHCM96\" target=\"_blank\" rel=\"noopener\" title=\"\">Canap\u00e9 panoramique fixe 7 places velours c\u00f4tel\u00e9<\/a> - Bobochic via La Redoute<\/figcaption><\/figure><\/div>\n\n<div class=\"wp-block-image\">\n<figure class=\"aligncenter size-full\"><a href=\"https:\/\/www.cocondedecoration.com\/blog\/wp-content\/uploads\/2024\/10\/ou-acheter-canape-jaune-pas-cher.001.jpeg\"><img loading=\"lazy\" decoding=\"async\" width=\"1024\" height=\"768\" src=\"https:\/\/www.cocondedecoration.com\/blog\/wp-content\/uploads\/2024\/10\/ou-acheter-canape-jaune-pas-cher.001.jpeg\" alt=\"Canap\u00e9 clic clac 3 places effet peau de mouton jaune celeste\" class=\"wp-image-78746\" title=\"Canap\u00e9 clic clac 3 places effet peau de mouton jaune celeste\" srcset=\"https:\/\/www.cocondedecoration.com\/blog\/wp-content\/uploads\/2024\/10\/ou-acheter-canape-jaune-pas-cher.001.jpeg 1024w, https:\/\/www.cocondedecoration.com\/blog\/wp-content\/uploads\/2024\/10\/ou-acheter-canape-jaune-pas-cher.001-260x195.jpeg 260w, https:\/\/www.cocondedecoration.com\/blog\/wp-content\/uploads\/2024\/10\/ou-acheter-canape-jaune-pas-cher.001-640x480.jpeg 640w, https:\/\/www.cocondedecoration.com\/blog\/wp-content\/uploads\/2024\/10\/ou-acheter-canape-jaune-pas-cher.001-768x576.jpeg 768w, https:\/\/www.cocondedecoration.com\/blog\/wp-content\/uploads\/2024\/10\/ou-acheter-canape-jaune-pas-cher.001-465x349.jpeg 465w, https:\/\/www.cocondedecoration.com\/blog\/wp-content\/uploads\/2024\/10\/ou-acheter-canape-jaune-pas-cher.001-667x500.jpeg 667w\" sizes=\"(max-width: 1024px) 100vw, 1024px\" \/><\/a><figcaption class=\"wp-element-caption\"><a href=\"https:\/\/c3po.link\/QwfK2pzU2S\" target=\"_blank\" rel=\"noopener\" title=\"\">Canap\u00e9 clic clac 3 places effet peau de mouton jaune<\/a> - Conforama<\/figcaption><\/figure><\/div>\n\n\n<div class=\"wp-block-columns is-layout-flex wp-container-core-columns-layout-5 wp-block-columns-is-layout-flex\">\n<div class=\"wp-block-column is-layout-flow wp-block-column-is-layout-flow\">\n<figure class=\"wp-block-image size-large\"><a href=\"https:\/\/www.cocondedecoration.com\/blog\/wp-content\/uploads\/2024\/10\/petit-canape-jaune-la-redoute.001.jpeg\"><img loading=\"lazy\" decoding=\"async\" width=\"640\" height=\"960\" src=\"https:\/\/www.cocondedecoration.com\/blog\/wp-content\/uploads\/2024\/10\/petit-canape-jaune-la-redoute.001-640x960.jpeg\" alt=\"Canap\u00e9 Convertible en Velours textur\u00e9 3 places\" class=\"wp-image-78747\" title=\"Canap\u00e9 Convertible en Velours textur\u00e9 3 places\" srcset=\"https:\/\/www.cocondedecoration.com\/blog\/wp-content\/uploads\/2024\/10\/petit-canape-jaune-la-redoute.001-640x960.jpeg 640w, https:\/\/www.cocondedecoration.com\/blog\/wp-content\/uploads\/2024\/10\/petit-canape-jaune-la-redoute.001-260x390.jpeg 260w, https:\/\/www.cocondedecoration.com\/blog\/wp-content\/uploads\/2024\/10\/petit-canape-jaune-la-redoute.001-768x1152.jpeg 768w, https:\/\/www.cocondedecoration.com\/blog\/wp-content\/uploads\/2024\/10\/petit-canape-jaune-la-redoute.001-367x550.jpeg 367w, https:\/\/www.cocondedecoration.com\/blog\/wp-content\/uploads\/2024\/10\/petit-canape-jaune-la-redoute.001-333x500.jpeg 333w, https:\/\/www.cocondedecoration.com\/blog\/wp-content\/uploads\/2024\/10\/petit-canape-jaune-la-redoute.001.jpeg 1000w\" sizes=\"(max-width: 640px) 100vw, 640px\" \/><\/a><figcaption class=\"wp-element-caption\"><a href=\"https:\/\/c3po.link\/Qd34YTH5wf\" target=\"_blank\" rel=\"noopener\" title=\"\">Canap\u00e9 Convertible en Velours textur\u00e9 3 places<\/a> - Lisa Design via La Redoute<\/figcaption><\/figure>\n<\/div>\n\n\n\n<div class=\"wp-block-column is-layout-flow wp-block-column-is-layout-flow\">\n<figure class=\"wp-block-image size-large\"><a href=\"https:\/\/www.cocondedecoration.com\/blog\/wp-content\/uploads\/2024\/10\/petit-canape-jaune-la-redoute.002.jpeg\"><img loading=\"lazy\" decoding=\"async\" width=\"640\" height=\"960\" src=\"https:\/\/www.cocondedecoration.com\/blog\/wp-content\/uploads\/2024\/10\/petit-canape-jaune-la-redoute.002-640x960.jpeg\" alt=\"Canap\u00e9 velours et cannage\" class=\"wp-image-78748\" title=\"Canap\u00e9 velours et cannage\" srcset=\"https:\/\/www.cocondedecoration.com\/blog\/wp-content\/uploads\/2024\/10\/petit-canape-jaune-la-redoute.002-640x960.jpeg 640w, https:\/\/www.cocondedecoration.com\/blog\/wp-content\/uploads\/2024\/10\/petit-canape-jaune-la-redoute.002-260x390.jpeg 260w, https:\/\/www.cocondedecoration.com\/blog\/wp-content\/uploads\/2024\/10\/petit-canape-jaune-la-redoute.002-768x1152.jpeg 768w, https:\/\/www.cocondedecoration.com\/blog\/wp-content\/uploads\/2024\/10\/petit-canape-jaune-la-redoute.002-367x550.jpeg 367w, https:\/\/www.cocondedecoration.com\/blog\/wp-content\/uploads\/2024\/10\/petit-canape-jaune-la-redoute.002-333x500.jpeg 333w, https:\/\/www.cocondedecoration.com\/blog\/wp-content\/uploads\/2024\/10\/petit-canape-jaune-la-redoute.002.jpeg 1000w\" sizes=\"(max-width: 640px) 100vw, 640px\" \/><\/a><figcaption class=\"wp-element-caption\"><a href=\"https:\/\/c3po.link\/Qtt982pDeh\" target=\"_blank\" rel=\"noopener\" title=\"\">Canap\u00e9 velours et cannage<\/a> - La Redoute Int\u00e9rieurs <\/figcaption><\/figure>\n<\/div>\n<\/div>\n\n\n<div class=\"wp-block-image\">\n<figure class=\"aligncenter size-full\"><a href=\"https:\/\/www.cocondedecoration.com\/blog\/wp-content\/uploads\/2024\/10\/beau-canape-jaune-maisons-du-monde.003.jpeg\"><img loading=\"lazy\" decoding=\"async\" width=\"1024\" height=\"768\" src=\"https:\/\/www.cocondedecoration.com\/blog\/wp-content\/uploads\/2024\/10\/beau-canape-jaune-maisons-du-monde.003.jpeg\" alt=\"Canap\u00e9 droit scandinave convertible 3 places en tissu - Jaune simple et moderne\" class=\"wp-image-78735\" title=\"Canap\u00e9 droit scandinave convertible 3 places en tissu - Jaune simple et moderne\" srcset=\"https:\/\/www.cocondedecoration.com\/blog\/wp-content\/uploads\/2024\/10\/beau-canape-jaune-maisons-du-monde.003.jpeg 1024w, https:\/\/www.cocondedecoration.com\/blog\/wp-content\/uploads\/2024\/10\/beau-canape-jaune-maisons-du-monde.003-260x195.jpeg 260w, https:\/\/www.cocondedecoration.com\/blog\/wp-content\/uploads\/2024\/10\/beau-canape-jaune-maisons-du-monde.003-640x480.jpeg 640w, https:\/\/www.cocondedecoration.com\/blog\/wp-content\/uploads\/2024\/10\/beau-canape-jaune-maisons-du-monde.003-768x576.jpeg 768w, https:\/\/www.cocondedecoration.com\/blog\/wp-content\/uploads\/2024\/10\/beau-canape-jaune-maisons-du-monde.003-465x349.jpeg 465w, https:\/\/www.cocondedecoration.com\/blog\/wp-content\/uploads\/2024\/10\/beau-canape-jaune-maisons-du-monde.003-667x500.jpeg 667w\" sizes=\"(max-width: 1024px) 100vw, 1024px\" \/><\/a><figcaption class=\"wp-element-caption\"><a href=\"https:\/\/fnty.co\/c\/r-qUbpuFSl\" target=\"_blank\" rel=\"noopener\" title=\"\">Canap\u00e9 droit scandinave convertible 3 places en tissu - Jaune<\/a> - Usinestreet via Maisons du Monde<\/figcaption><\/figure><\/div>\n\n<div class=\"wp-block-image\">\n<figure class=\"aligncenter size-full\"><a href=\"https:\/\/www.cocondedecoration.com\/blog\/wp-content\/uploads\/2024\/10\/canape-familial-jaune-la-redoute.003.jpeg\"><img loading=\"lazy\" decoding=\"async\" width=\"1024\" height=\"768\" src=\"https:\/\/www.cocondedecoration.com\/blog\/wp-content\/uploads\/2024\/10\/canape-familial-jaune-la-redoute.003.jpeg\" alt=\"Canap\u00e9 droit fixe 3 places tissu bouclette\" class=\"wp-image-78753\" title=\"Canap\u00e9 droit fixe 3 places tissu bouclette\" srcset=\"https:\/\/www.cocondedecoration.com\/blog\/wp-content\/uploads\/2024\/10\/canape-familial-jaune-la-redoute.003.jpeg 1024w, https:\/\/www.cocondedecoration.com\/blog\/wp-content\/uploads\/2024\/10\/canape-familial-jaune-la-redoute.003-260x195.jpeg 260w, https:\/\/www.cocondedecoration.com\/blog\/wp-content\/uploads\/2024\/10\/canape-familial-jaune-la-redoute.003-640x480.jpeg 640w, https:\/\/www.cocondedecoration.com\/blog\/wp-content\/uploads\/2024\/10\/canape-familial-jaune-la-redoute.003-768x576.jpeg 768w, https:\/\/www.cocondedecoration.com\/blog\/wp-content\/uploads\/2024\/10\/canape-familial-jaune-la-redoute.003-465x349.jpeg 465w, https:\/\/www.cocondedecoration.com\/blog\/wp-content\/uploads\/2024\/10\/canape-familial-jaune-la-redoute.003-667x500.jpeg 667w\" sizes=\"(max-width: 1024px) 100vw, 1024px\" \/><\/a><figcaption class=\"wp-element-caption\"><a href=\"https:\/\/c3po.link\/QhjqzfuRaj\" target=\"_blank\" rel=\"noopener\" title=\"\">Canap\u00e9 droit fixe 3 places tissu bouclette<\/a> - Bobochic via La Redoute<\/figcaption><\/figure><\/div>\n\n\n<div class=\"wp-block-columns is-layout-flex wp-container-core-columns-layout-6 wp-block-columns-is-layout-flex\">\n<div class=\"wp-block-column is-layout-flow wp-block-column-is-layout-flow\">\n<figure class=\"wp-block-image size-large\"><a href=\"https:\/\/www.cocondedecoration.com\/blog\/wp-content\/uploads\/2024\/10\/salon-moderne-canape-jaune.003.jpeg\"><img loading=\"lazy\" decoding=\"async\" width=\"640\" height=\"960\" src=\"https:\/\/www.cocondedecoration.com\/blog\/wp-content\/uploads\/2024\/10\/salon-moderne-canape-jaune.003-640x960.jpeg\" alt=\"Canap\u00e9 scandinave 3 places en tissu jaune cumin et bois clair\" class=\"wp-image-78741\" title=\"Canap\u00e9 scandinave 3 places en tissu jaune cumin et bois clair\" srcset=\"https:\/\/www.cocondedecoration.com\/blog\/wp-content\/uploads\/2024\/10\/salon-moderne-canape-jaune.003-640x960.jpeg 640w, https:\/\/www.cocondedecoration.com\/blog\/wp-content\/uploads\/2024\/10\/salon-moderne-canape-jaune.003-260x390.jpeg 260w, https:\/\/www.cocondedecoration.com\/blog\/wp-content\/uploads\/2024\/10\/salon-moderne-canape-jaune.003-768x1152.jpeg 768w, https:\/\/www.cocondedecoration.com\/blog\/wp-content\/uploads\/2024\/10\/salon-moderne-canape-jaune.003-367x550.jpeg 367w, https:\/\/www.cocondedecoration.com\/blog\/wp-content\/uploads\/2024\/10\/salon-moderne-canape-jaune.003-333x500.jpeg 333w, https:\/\/www.cocondedecoration.com\/blog\/wp-content\/uploads\/2024\/10\/salon-moderne-canape-jaune.003.jpeg 1000w\" sizes=\"(max-width: 640px) 100vw, 640px\" \/><\/a><figcaption class=\"wp-element-caption\"><a href=\"https:\/\/lk.gt\/a8iXj\" target=\"_blank\" rel=\"noopener\" title=\"\">Canap\u00e9 scandinave 3 places en tissu jaune cumin et bois clair <\/a>- Miliboo<\/figcaption><\/figure>\n<\/div>\n\n\n\n<div class=\"wp-block-column is-layout-flow wp-block-column-is-layout-flow\">\n<figure class=\"wp-block-image size-large\"><a href=\"https:\/\/www.cocondedecoration.com\/blog\/wp-content\/uploads\/2024\/10\/salon-moderne-canape-jaune.004.jpeg\"><img loading=\"lazy\" decoding=\"async\" width=\"640\" height=\"960\" src=\"https:\/\/www.cocondedecoration.com\/blog\/wp-content\/uploads\/2024\/10\/salon-moderne-canape-jaune.004-640x960.jpeg\" alt=\"Canap\u00e9 scandinave d\u00e9houssable 3 places en tissu effet velours jaune moutarde et bois clair\" class=\"wp-image-78740\" title=\"Canap\u00e9 scandinave d\u00e9houssable 3 places en tissu effet velours jaune moutarde et bois clair\" srcset=\"https:\/\/www.cocondedecoration.com\/blog\/wp-content\/uploads\/2024\/10\/salon-moderne-canape-jaune.004-640x960.jpeg 640w, https:\/\/www.cocondedecoration.com\/blog\/wp-content\/uploads\/2024\/10\/salon-moderne-canape-jaune.004-260x390.jpeg 260w, https:\/\/www.cocondedecoration.com\/blog\/wp-content\/uploads\/2024\/10\/salon-moderne-canape-jaune.004-768x1152.jpeg 768w, https:\/\/www.cocondedecoration.com\/blog\/wp-content\/uploads\/2024\/10\/salon-moderne-canape-jaune.004-367x550.jpeg 367w, https:\/\/www.cocondedecoration.com\/blog\/wp-content\/uploads\/2024\/10\/salon-moderne-canape-jaune.004-333x500.jpeg 333w, https:\/\/www.cocondedecoration.com\/blog\/wp-content\/uploads\/2024\/10\/salon-moderne-canape-jaune.004.jpeg 1000w\" sizes=\"(max-width: 640px) 100vw, 640px\" \/><\/a><figcaption class=\"wp-element-caption\"><a href=\"https:\/\/lk.gt\/axeUp\" target=\"_blank\" rel=\"noopener\" title=\"\">Canap\u00e9 scandinave d\u00e9houssable 3 places en tissu effet velours jaune moutarde et bois clair<\/a> - Miliboo<\/figcaption><\/figure>\n<\/div>\n<\/div>\n\n\n\n<div class=\"wp-block-columns is-layout-flex wp-container-core-columns-layout-7 wp-block-columns-is-layout-flex\">\n<div class=\"wp-block-column is-layout-flow wp-block-column-is-layout-flow\">\n<figure class=\"wp-block-image size-large\"><a href=\"https:\/\/www.cocondedecoration.com\/blog\/wp-content\/uploads\/2024\/10\/canape-jaune-moderne-maisons-du-monde.004.jpeg\"><img loading=\"lazy\" decoding=\"async\" width=\"640\" height=\"640\" src=\"https:\/\/www.cocondedecoration.com\/blog\/wp-content\/uploads\/2024\/10\/canape-jaune-moderne-maisons-du-monde.004-640x640.jpeg\" alt=\"Canap\u00e9 clic-clac 1 place jaune moutarde\" class=\"wp-image-78730\" title=\"Canap\u00e9 clic-clac 1 place jaune moutarde\" srcset=\"https:\/\/www.cocondedecoration.com\/blog\/wp-content\/uploads\/2024\/10\/canape-jaune-moderne-maisons-du-monde.004-640x640.jpeg 640w, https:\/\/www.cocondedecoration.com\/blog\/wp-content\/uploads\/2024\/10\/canape-jaune-moderne-maisons-du-monde.004-260x260.jpeg 260w, https:\/\/www.cocondedecoration.com\/blog\/wp-content\/uploads\/2024\/10\/canape-jaune-moderne-maisons-du-monde.004-165x165.jpeg 165w, https:\/\/www.cocondedecoration.com\/blog\/wp-content\/uploads\/2024\/10\/canape-jaune-moderne-maisons-du-monde.004-465x465.jpeg 465w, https:\/\/www.cocondedecoration.com\/blog\/wp-content\/uploads\/2024\/10\/canape-jaune-moderne-maisons-du-monde.004-500x500.jpeg 500w, https:\/\/www.cocondedecoration.com\/blog\/wp-content\/uploads\/2024\/10\/canape-jaune-moderne-maisons-du-monde.004.jpeg 650w\" sizes=\"(max-width: 640px) 100vw, 640px\" \/><\/a><figcaption class=\"wp-element-caption\"><a href=\"https:\/\/fnty.co\/c\/r-iMRlIrDK\" target=\"_blank\" rel=\"noopener\" title=\"\">Canap\u00e9 clic-clac 1 place jaune moutarde<\/a> - Maisons du Monde<\/figcaption><\/figure>\n<\/div>\n\n\n\n<div class=\"wp-block-column is-layout-flow wp-block-column-is-layout-flow\">\n<figure class=\"wp-block-image size-large\"><a href=\"https:\/\/www.cocondedecoration.com\/blog\/wp-content\/uploads\/2024\/10\/canape-jaune-moderne-maisons-du-monde.005.jpeg\"><img loading=\"lazy\" decoding=\"async\" width=\"640\" height=\"640\" src=\"https:\/\/www.cocondedecoration.com\/blog\/wp-content\/uploads\/2024\/10\/canape-jaune-moderne-maisons-du-monde.005-640x640.jpeg\" alt=\"Canap\u00e9 droit 3 places en velours ocre\" class=\"wp-image-78731\" title=\"Canap\u00e9 droit 3 places en velours ocre\" srcset=\"https:\/\/www.cocondedecoration.com\/blog\/wp-content\/uploads\/2024\/10\/canape-jaune-moderne-maisons-du-monde.005-640x640.jpeg 640w, https:\/\/www.cocondedecoration.com\/blog\/wp-content\/uploads\/2024\/10\/canape-jaune-moderne-maisons-du-monde.005-260x260.jpeg 260w, https:\/\/www.cocondedecoration.com\/blog\/wp-content\/uploads\/2024\/10\/canape-jaune-moderne-maisons-du-monde.005-165x165.jpeg 165w, https:\/\/www.cocondedecoration.com\/blog\/wp-content\/uploads\/2024\/10\/canape-jaune-moderne-maisons-du-monde.005-465x465.jpeg 465w, https:\/\/www.cocondedecoration.com\/blog\/wp-content\/uploads\/2024\/10\/canape-jaune-moderne-maisons-du-monde.005-500x500.jpeg 500w, https:\/\/www.cocondedecoration.com\/blog\/wp-content\/uploads\/2024\/10\/canape-jaune-moderne-maisons-du-monde.005.jpeg 650w\" sizes=\"(max-width: 640px) 100vw, 640px\" \/><\/a><figcaption class=\"wp-element-caption\"><a href=\"https:\/\/fnty.co\/c\/r-SVsQQLXY\" target=\"_blank\" rel=\"noopener\" title=\"\">Canap\u00e9 3 places en velours ocre<\/a> - Maisons du Monde<\/figcaption><\/figure>\n<\/div>\n\n\n\n<div class=\"wp-block-column is-layout-flow wp-block-column-is-layout-flow\">\n<figure class=\"wp-block-image size-large\"><a href=\"https:\/\/www.cocondedecoration.com\/blog\/wp-content\/uploads\/2024\/10\/canape-jaune-moderne-maisons-du-monde.006.jpeg\"><img loading=\"lazy\" decoding=\"async\" width=\"640\" height=\"640\" src=\"https:\/\/www.cocondedecoration.com\/blog\/wp-content\/uploads\/2024\/10\/canape-jaune-moderne-maisons-du-monde.006-640x640.jpeg\" alt=\"Canap\u00e9 2 places velours c\u00f4tel\u00e9 moutarde, pieds bois\" class=\"wp-image-78732\" title=\"Canap\u00e9 2 places velours c\u00f4tel\u00e9 moutarde, pieds bois\" srcset=\"https:\/\/www.cocondedecoration.com\/blog\/wp-content\/uploads\/2024\/10\/canape-jaune-moderne-maisons-du-monde.006-640x640.jpeg 640w, https:\/\/www.cocondedecoration.com\/blog\/wp-content\/uploads\/2024\/10\/canape-jaune-moderne-maisons-du-monde.006-260x260.jpeg 260w, https:\/\/www.cocondedecoration.com\/blog\/wp-content\/uploads\/2024\/10\/canape-jaune-moderne-maisons-du-monde.006-165x165.jpeg 165w, https:\/\/www.cocondedecoration.com\/blog\/wp-content\/uploads\/2024\/10\/canape-jaune-moderne-maisons-du-monde.006-465x465.jpeg 465w, https:\/\/www.cocondedecoration.com\/blog\/wp-content\/uploads\/2024\/10\/canape-jaune-moderne-maisons-du-monde.006-500x500.jpeg 500w, https:\/\/www.cocondedecoration.com\/blog\/wp-content\/uploads\/2024\/10\/canape-jaune-moderne-maisons-du-monde.006.jpeg 650w\" sizes=\"(max-width: 640px) 100vw, 640px\" \/><\/a><figcaption class=\"wp-element-caption\"><a href=\"https:\/\/fnty.co\/c\/r-yEwtaPAv\" target=\"_blank\" rel=\"noopener\" title=\"\">Canap\u00e9 2 places velours c\u00f4tel\u00e9 moutarde, pieds bois<\/a> - Sweeek via Maisons du Monde<\/figcaption><\/figure>\n<\/div>\n<\/div>\n\n\n<div class=\"wp-block-image\">\n<figure class=\"aligncenter size-full\"><a href=\"https:\/\/www.cocondedecoration.com\/blog\/wp-content\/uploads\/2024\/10\/beau-canape-jaune-maisons-du-monde.004.jpeg\"><img loading=\"lazy\" decoding=\"async\" width=\"1024\" height=\"768\" src=\"https:\/\/www.cocondedecoration.com\/blog\/wp-content\/uploads\/2024\/10\/beau-canape-jaune-maisons-du-monde.004.jpeg\" alt=\"Canap\u00e9 2 places en tissu velours jaune \u00e9l\u00e9gant \" class=\"wp-image-78736\" title=\"Canap\u00e9 2 places en tissu velours jaune \u00e9l\u00e9gant \" srcset=\"https:\/\/www.cocondedecoration.com\/blog\/wp-content\/uploads\/2024\/10\/beau-canape-jaune-maisons-du-monde.004.jpeg 1024w, https:\/\/www.cocondedecoration.com\/blog\/wp-content\/uploads\/2024\/10\/beau-canape-jaune-maisons-du-monde.004-260x195.jpeg 260w, https:\/\/www.cocondedecoration.com\/blog\/wp-content\/uploads\/2024\/10\/beau-canape-jaune-maisons-du-monde.004-640x480.jpeg 640w, https:\/\/www.cocondedecoration.com\/blog\/wp-content\/uploads\/2024\/10\/beau-canape-jaune-maisons-du-monde.004-768x576.jpeg 768w, https:\/\/www.cocondedecoration.com\/blog\/wp-content\/uploads\/2024\/10\/beau-canape-jaune-maisons-du-monde.004-465x349.jpeg 465w, https:\/\/www.cocondedecoration.com\/blog\/wp-content\/uploads\/2024\/10\/beau-canape-jaune-maisons-du-monde.004-667x500.jpeg 667w\" sizes=\"(max-width: 1024px) 100vw, 1024px\" \/><\/a><figcaption class=\"wp-element-caption\"><a href=\"https:\/\/fnty.co\/c\/r-HrPLGZsm\" target=\"_blank\" rel=\"noopener\" title=\"\">Canap\u00e9 2 places en tissu velours jaune<\/a> - Micadoni Home chez Maisons du Monde<\/figcaption><\/figure><\/div>\n\n<div class=\"wp-block-image\">\n<figure class=\"aligncenter size-full\"><a href=\"https:\/\/www.cocondedecoration.com\/blog\/wp-content\/uploads\/2024\/10\/canape-familial-jaune-la-redoute.004.jpeg\"><img loading=\"lazy\" decoding=\"async\" width=\"1024\" height=\"768\" src=\"https:\/\/www.cocondedecoration.com\/blog\/wp-content\/uploads\/2024\/10\/canape-familial-jaune-la-redoute.004.jpeg\" alt=\"Canap\u00e9 modulable 3 places velours c\u00f4tel\u00e9\" class=\"wp-image-78752\" title=\"Canap\u00e9 modulable 3 places velours c\u00f4tel\u00e9\" srcset=\"https:\/\/www.cocondedecoration.com\/blog\/wp-content\/uploads\/2024\/10\/canape-familial-jaune-la-redoute.004.jpeg 1024w, https:\/\/www.cocondedecoration.com\/blog\/wp-content\/uploads\/2024\/10\/canape-familial-jaune-la-redoute.004-260x195.jpeg 260w, https:\/\/www.cocondedecoration.com\/blog\/wp-content\/uploads\/2024\/10\/canape-familial-jaune-la-redoute.004-640x480.jpeg 640w, https:\/\/www.cocondedecoration.com\/blog\/wp-content\/uploads\/2024\/10\/canape-familial-jaune-la-redoute.004-768x576.jpeg 768w, https:\/\/www.cocondedecoration.com\/blog\/wp-content\/uploads\/2024\/10\/canape-familial-jaune-la-redoute.004-465x349.jpeg 465w, https:\/\/www.cocondedecoration.com\/blog\/wp-content\/uploads\/2024\/10\/canape-familial-jaune-la-redoute.004-667x500.jpeg 667w\" sizes=\"(max-width: 1024px) 100vw, 1024px\" \/><\/a><figcaption class=\"wp-element-caption\"><a href=\"https:\/\/c3po.link\/QwY7vrJxte\" target=\"_blank\" rel=\"noopener\" title=\"\">Canap\u00e9 modulable 3 places velours c\u00f4tel\u00e9<\/a> - Bobochic via La Redoute<\/figcaption><\/figure><\/div>\n\n\n<div class=\"wp-block-columns is-layout-flex wp-container-core-columns-layout-8 wp-block-columns-is-layout-flex\">\n<div class=\"wp-block-column is-layout-flow wp-block-column-is-layout-flow\">\n<figure class=\"wp-block-image size-large\"><a href=\"https:\/\/www.cocondedecoration.com\/blog\/wp-content\/uploads\/2024\/10\/canape-jaune-deco-pas-cher.001.jpeg\"><img loading=\"lazy\" decoding=\"async\" width=\"640\" height=\"960\" src=\"https:\/\/www.cocondedecoration.com\/blog\/wp-content\/uploads\/2024\/10\/canape-jaune-deco-pas-cher.001-640x960.jpeg\" alt=\"Canap\u00e9 droit fixe tissu jaune moutarde 2 places\" class=\"wp-image-78744\" title=\"Canap\u00e9 droit fixe tissu jaune moutarde 2 places\" srcset=\"https:\/\/www.cocondedecoration.com\/blog\/wp-content\/uploads\/2024\/10\/canape-jaune-deco-pas-cher.001-640x960.jpeg 640w, https:\/\/www.cocondedecoration.com\/blog\/wp-content\/uploads\/2024\/10\/canape-jaune-deco-pas-cher.001-260x390.jpeg 260w, https:\/\/www.cocondedecoration.com\/blog\/wp-content\/uploads\/2024\/10\/canape-jaune-deco-pas-cher.001-768x1152.jpeg 768w, https:\/\/www.cocondedecoration.com\/blog\/wp-content\/uploads\/2024\/10\/canape-jaune-deco-pas-cher.001-367x550.jpeg 367w, https:\/\/www.cocondedecoration.com\/blog\/wp-content\/uploads\/2024\/10\/canape-jaune-deco-pas-cher.001-333x500.jpeg 333w, https:\/\/www.cocondedecoration.com\/blog\/wp-content\/uploads\/2024\/10\/canape-jaune-deco-pas-cher.001.jpeg 1000w\" sizes=\"(max-width: 640px) 100vw, 640px\" \/><\/a><figcaption class=\"wp-element-caption\"><a href=\"https:\/\/c3po.link\/Qdndn56S9K\" target=\"_blank\" rel=\"noopener\" title=\"\">Canap\u00e9 droit fixe tissu jaune moutarde 2 places<\/a> - Conforama<\/figcaption><\/figure>\n<\/div>\n\n\n\n<div class=\"wp-block-column is-layout-flow wp-block-column-is-layout-flow\">\n<figure class=\"wp-block-image size-large\"><a href=\"https:\/\/www.cocondedecoration.com\/blog\/wp-content\/uploads\/2024\/10\/canape-jaune-deco-pas-cher.002.jpeg\"><img loading=\"lazy\" decoding=\"async\" width=\"640\" height=\"960\" src=\"https:\/\/www.cocondedecoration.com\/blog\/wp-content\/uploads\/2024\/10\/canape-jaune-deco-pas-cher.002-640x960.jpeg\" alt=\"Bobochic canap\u00e9 droit convertible 3 places fuji tissu lisse jaune\" class=\"wp-image-78745\" title=\"Bobochic canap\u00e9 droit convertible 3 places fuji tissu lisse jaune\" srcset=\"https:\/\/www.cocondedecoration.com\/blog\/wp-content\/uploads\/2024\/10\/canape-jaune-deco-pas-cher.002-640x960.jpeg 640w, https:\/\/www.cocondedecoration.com\/blog\/wp-content\/uploads\/2024\/10\/canape-jaune-deco-pas-cher.002-260x390.jpeg 260w, https:\/\/www.cocondedecoration.com\/blog\/wp-content\/uploads\/2024\/10\/canape-jaune-deco-pas-cher.002-768x1152.jpeg 768w, https:\/\/www.cocondedecoration.com\/blog\/wp-content\/uploads\/2024\/10\/canape-jaune-deco-pas-cher.002-367x550.jpeg 367w, https:\/\/www.cocondedecoration.com\/blog\/wp-content\/uploads\/2024\/10\/canape-jaune-deco-pas-cher.002-333x500.jpeg 333w, https:\/\/www.cocondedecoration.com\/blog\/wp-content\/uploads\/2024\/10\/canape-jaune-deco-pas-cher.002.jpeg 1000w\" sizes=\"(max-width: 640px) 100vw, 640px\" \/><\/a><figcaption class=\"wp-element-caption\"><a href=\"https:\/\/c3po.link\/QWFYAUxv28\" target=\"_blank\" rel=\"noopener\" title=\"\">Bobochic canap\u00e9 droit convertible 3 places fuji tissu lisse jaune<\/a> - Conforama<\/figcaption><\/figure>\n<\/div>\n<\/div>\n\n\n\n<div class=\"wp-block-columns is-layout-flex wp-container-core-columns-layout-9 wp-block-columns-is-layout-flex\">\n<div class=\"wp-block-column is-layout-flow wp-block-column-is-layout-flow\">\n<figure class=\"wp-block-image size-large\"><a href=\"https:\/\/www.cocondedecoration.com\/blog\/wp-content\/uploads\/2024\/10\/canape-jaune-moderne-la-redoute.001.jpeg\"><img loading=\"lazy\" decoding=\"async\" width=\"640\" height=\"640\" src=\"https:\/\/www.cocondedecoration.com\/blog\/wp-content\/uploads\/2024\/10\/canape-jaune-moderne-la-redoute.001-640x640.jpeg\" alt=\"Canap\u00e9 fixe polyester m\u00e9lang\u00e9 couleur miel\" class=\"wp-image-78749\" title=\"Canap\u00e9 fixe polyester m\u00e9lang\u00e9 couleur miel\" srcset=\"https:\/\/www.cocondedecoration.com\/blog\/wp-content\/uploads\/2024\/10\/canape-jaune-moderne-la-redoute.001-640x640.jpeg 640w, https:\/\/www.cocondedecoration.com\/blog\/wp-content\/uploads\/2024\/10\/canape-jaune-moderne-la-redoute.001-260x260.jpeg 260w, https:\/\/www.cocondedecoration.com\/blog\/wp-content\/uploads\/2024\/10\/canape-jaune-moderne-la-redoute.001-165x165.jpeg 165w, https:\/\/www.cocondedecoration.com\/blog\/wp-content\/uploads\/2024\/10\/canape-jaune-moderne-la-redoute.001-465x465.jpeg 465w, https:\/\/www.cocondedecoration.com\/blog\/wp-content\/uploads\/2024\/10\/canape-jaune-moderne-la-redoute.001-500x500.jpeg 500w, https:\/\/www.cocondedecoration.com\/blog\/wp-content\/uploads\/2024\/10\/canape-jaune-moderne-la-redoute.001.jpeg 650w\" sizes=\"(max-width: 640px) 100vw, 640px\" \/><\/a><figcaption class=\"wp-element-caption\"><a href=\"https:\/\/c3po.link\/Q9ZHqb8Y7F\" target=\"_blank\" rel=\"noopener\" title=\"\">Canap\u00e9 fixe polyester m\u00e9lang\u00e9 miel <\/a>- La Redoute Int\u00e9rieurs <\/figcaption><\/figure>\n<\/div>\n\n\n\n<div class=\"wp-block-column is-layout-flow wp-block-column-is-layout-flow\">\n<figure class=\"wp-block-image size-large\"><a href=\"https:\/\/www.cocondedecoration.com\/blog\/wp-content\/uploads\/2024\/10\/canape-jaune-moderne-la-redoute.002.jpeg\"><img loading=\"lazy\" decoding=\"async\" width=\"640\" height=\"640\" src=\"https:\/\/www.cocondedecoration.com\/blog\/wp-content\/uploads\/2024\/10\/canape-jaune-moderne-la-redoute.002-640x640.jpeg\" alt=\"Canap\u00e9 Convertible en Tissu bouclette 3 places\" class=\"wp-image-78750\" title=\"Canap\u00e9 Convertible en Tissu bouclette 3 places\" srcset=\"https:\/\/www.cocondedecoration.com\/blog\/wp-content\/uploads\/2024\/10\/canape-jaune-moderne-la-redoute.002-640x640.jpeg 640w, https:\/\/www.cocondedecoration.com\/blog\/wp-content\/uploads\/2024\/10\/canape-jaune-moderne-la-redoute.002-260x260.jpeg 260w, https:\/\/www.cocondedecoration.com\/blog\/wp-content\/uploads\/2024\/10\/canape-jaune-moderne-la-redoute.002-165x165.jpeg 165w, https:\/\/www.cocondedecoration.com\/blog\/wp-content\/uploads\/2024\/10\/canape-jaune-moderne-la-redoute.002-465x465.jpeg 465w, https:\/\/www.cocondedecoration.com\/blog\/wp-content\/uploads\/2024\/10\/canape-jaune-moderne-la-redoute.002-500x500.jpeg 500w, https:\/\/www.cocondedecoration.com\/blog\/wp-content\/uploads\/2024\/10\/canape-jaune-moderne-la-redoute.002.jpeg 650w\" sizes=\"(max-width: 640px) 100vw, 640px\" \/><\/a><figcaption class=\"wp-element-caption\"><a href=\"https:\/\/c3po.link\/QHt2RKzpzD\" target=\"_blank\" rel=\"noopener\" title=\"\">Canap\u00e9 Convertible en Tissu bouclette 3 places <\/a>- Lisa Design via La Redoute<\/figcaption><\/figure>\n<\/div>\n\n\n\n<div class=\"wp-block-column is-layout-flow wp-block-column-is-layout-flow\">\n<figure class=\"wp-block-image size-large\"><a href=\"https:\/\/www.cocondedecoration.com\/blog\/wp-content\/uploads\/2024\/10\/canape-jaune-moderne-la-redoute.003.jpeg\"><img loading=\"lazy\" decoding=\"async\" width=\"640\" height=\"640\" src=\"https:\/\/www.cocondedecoration.com\/blog\/wp-content\/uploads\/2024\/10\/canape-jaune-moderne-la-redoute.003-640x640.jpeg\" alt=\"Canap\u00e9 velours, 2, 3 ou 4 places couleur ocre\" class=\"wp-image-78751\" title=\"Canap\u00e9 velours, 2, 3 ou 4 places couleur ocre\" srcset=\"https:\/\/www.cocondedecoration.com\/blog\/wp-content\/uploads\/2024\/10\/canape-jaune-moderne-la-redoute.003-640x640.jpeg 640w, https:\/\/www.cocondedecoration.com\/blog\/wp-content\/uploads\/2024\/10\/canape-jaune-moderne-la-redoute.003-260x260.jpeg 260w, https:\/\/www.cocondedecoration.com\/blog\/wp-content\/uploads\/2024\/10\/canape-jaune-moderne-la-redoute.003-165x165.jpeg 165w, https:\/\/www.cocondedecoration.com\/blog\/wp-content\/uploads\/2024\/10\/canape-jaune-moderne-la-redoute.003-465x465.jpeg 465w, https:\/\/www.cocondedecoration.com\/blog\/wp-content\/uploads\/2024\/10\/canape-jaune-moderne-la-redoute.003-500x500.jpeg 500w, https:\/\/www.cocondedecoration.com\/blog\/wp-content\/uploads\/2024\/10\/canape-jaune-moderne-la-redoute.003.jpeg 650w\" sizes=\"(max-width: 640px) 100vw, 640px\" \/><\/a><figcaption class=\"wp-element-caption\"><a href=\"https:\/\/c3po.link\/QxFSqx6qRZ\" target=\"_blank\" rel=\"noopener\" title=\"\">Canap\u00e9 velours, 2, 3 ou 4 places ocre<\/a> - La Redoute Int\u00e9rieurs <\/figcaption><\/figure>\n<\/div>\n<\/div>\n\n\n\n<hr class=\"wp-block-separator has-alpha-channel-opacity is-style-wide\"\/>\n\n\n\n<div class=\"wp-block-columns is-layout-flex wp-container-core-columns-layout-10 wp-block-columns-is-layout-flex\">\n<div class=\"wp-block-column is-layout-flow wp-block-column-is-layout-flow\">\n<p class=\"has-text-align-center has-medium-font-size\">Plus d'id\u00e9es pour un salon moderne<\/p>\n\n\n<ul class=\"wp-block-latest-posts__list wp-block-latest-posts\"><li><a class=\"wp-block-latest-posts__post-title\" href=\"https:\/\/www.cocondedecoration.com\/blog\/2026\/02\/buffet-salon-moderne\/\">Buffet de salon: quel mod\u00e8le choisir pour plus de rangement?<\/a><\/li>\n<li><a class=\"wp-block-latest-posts__post-title\" href=\"https:\/\/www.cocondedecoration.com\/blog\/2026\/01\/meuble-tele-tendance\/\">Meuble t\u00e9l\u00e9: quelles sont les tendances d\u00e9co pour 2026?<\/a><\/li>\n<li><a class=\"wp-block-latest-posts__post-title\" href=\"https:\/\/www.cocondedecoration.com\/blog\/2025\/09\/couleur-table-basse\/\">De la couleur au coeur du salon gr\u00e2ce \u00e0 la table basse<\/a><\/li>\n<li><a class=\"wp-block-latest-posts__post-title\" href=\"https:\/\/www.cocondedecoration.com\/blog\/2025\/07\/housse-de-canape\/\">Quelle housse de canap\u00e9 choisir? |\u00a0guide d\u00e9co<\/a><\/li>\n<li><a class=\"wp-block-latest-posts__post-title\" href=\"https:\/\/www.cocondedecoration.com\/blog\/2024\/09\/100-salons-deco-moderne\/\">100 salons modernes pour un espace de vie qui vous ressemble<\/a><\/li>\n<li><a class=\"wp-block-latest-posts__post-title\" href=\"https:\/\/www.cocondedecoration.com\/blog\/2023\/10\/ou-acheter-meuble-vitrine-moderne\/\">O\u00f9 trouver | Un meuble vitrine?<\/a><\/li>\n<li><a class=\"wp-block-latest-posts__post-title\" href=\"https:\/\/www.cocondedecoration.com\/blog\/2022\/07\/ou-trouver-bout-de-canape-moderne\/\">[O\u00f9 trouver] Un bout de canap\u00e9 arrondi?<\/a><\/li>\n<li><a class=\"wp-block-latest-posts__post-title\" href=\"https:\/\/www.cocondedecoration.com\/blog\/2021\/05\/ou-trouver-meuble-vintage-salon\/\">Des meubles style mid century pour le salon s\u00e9jour | guide d\u00e9co<\/a><\/li>\n<li><a class=\"wp-block-latest-posts__post-title\" href=\"https:\/\/www.cocondedecoration.com\/blog\/2021\/02\/ou-trouver-fauteuil-pas-cher\/\">[O\u00f9 trouver] Un fauteuil d\u00e9co \u00e0 moins de 100\u20ac?<\/a><\/li>\n<\/ul><\/div>\n\n\n\n<div class=\"wp-block-column is-layout-flow wp-block-column-is-layout-flow\">\n<p class=\"has-text-align-center has-medium-font-size\" style=\"padding-top:var(--wp--preset--spacing--40);padding-bottom:var(--wp--preset--spacing--40)\"><strong>Devenez m\u00e9c\u00e8ne du blog <\/strong><\/p>\n\n\n\n<hr class=\"wp-block-separator has-alpha-channel-opacity is-style-wide\"\/>\n\n\n\n<p style=\"padding-right:var(--wp--preset--spacing--30);padding-left:var(--wp--preset--spacing--30)\">Soutenez mon travail sur le blog et acc\u00e9dez \u00e0 des contreparties exclusives: <\/p>\n\n\n\n<ul style=\"padding-right:var(--wp--preset--spacing--40);padding-left:var(--wp--preset--spacing--40)\">\n<li>Plusieurs centaines d'articles d\u00e9co, lifestyle &amp; voyage r\u00e9serv\u00e9s aux abonn\u00e9\u2022e\u2022s <\/li>\n\n\n\n<li>Toutes les entr\u00e9es de mon side project - mon dictionnaire nomade <\/li>\n\n\n\n<li>Une publicit\u00e9 limit\u00e9e sur les articles Patreon <\/li>\n<\/ul>\n\n\n\n<div class=\"wp-block-buttons is-content-justification-center is-layout-flex wp-container-core-buttons-layout-1 wp-block-buttons-is-layout-flex\">\n<div class=\"wp-block-button\"><a class=\"wp-block-button__link wp-element-button\" href=\"https:\/\/www.patreon.com\/cocondedeco\" target=\"_blank\" rel=\"noreferrer noopener\">Soutenir le blog maintenant<\/a><\/div>\n<\/div>\n<\/div>\n<\/div>\n\n\n\n<p class=\"has-text-align-right has-small-font-size\">Note: Cet article contient des liens affili\u00e9s. Cela ne change rien \u00e0 votre utilisation du blog ou des sites partenaires. Si vous passez commande via l'un de ces liens, je touche une faible commission qui me permet d'entretenir le blog r\u00e9guli\u00e8rement. Par avance, merci de votre soutien! <\/p>\n","protected":false},"excerpt":{"rendered":"<p>Envie d&rsquo;apporter de la bonne humeur dans le salon? de la chaleur? Et si vous optiez pour un canap\u00e9 jaune. D\u00e9couvrez sans attendre ma s\u00e9lection d\u00e9co.<span class=\"more-link\"><a href=\"https:\/\/www.cocondedecoration.com\/blog\/2024\/10\/ou-trouver-canape-jaune\/\">Lire la suite<\/a><\/span><\/p>\n","protected":false},"author":1,"featured_media":78756,"comment_status":"open","ping_status":"open","sticky":false,"template":"","format":"standard","meta":{"om_disable_all_campaigns":false,"_monsterinsights_skip_tracking":false,"_monsterinsights_sitenote_active":false,"_monsterinsights_sitenote_note":"","_monsterinsights_sitenote_category":0,"_uf_show_specific_survey":0,"_uf_disable_surveys":false,"footnotes":""},"categories":[62066,8946],"tags":[110,3948,10001,10731,3568,3945,3282,61621,2006],"aioseo_notices":[],"_links":{"self":[{"href":"https:\/\/www.cocondedecoration.com\/blog\/wp-json\/wp\/v2\/posts\/78724"}],"collection":[{"href":"https:\/\/www.cocondedecoration.com\/blog\/wp-json\/wp\/v2\/posts"}],"about":[{"href":"https:\/\/www.cocondedecoration.com\/blog\/wp-json\/wp\/v2\/types\/post"}],"author":[{"embeddable":true,"href":"https:\/\/www.cocondedecoration.com\/blog\/wp-json\/wp\/v2\/users\/1"}],"replies":[{"embeddable":true,"href":"https:\/\/www.cocondedecoration.com\/blog\/wp-json\/wp\/v2\/comments?post=78724"}],"version-history":[{"count":3,"href":"https:\/\/www.cocondedecoration.com\/blog\/wp-json\/wp\/v2\/posts\/78724\/revisions"}],"predecessor-version":[{"id":78759,"href":"https:\/\/www.cocondedecoration.com\/blog\/wp-json\/wp\/v2\/posts\/78724\/revisions\/78759"}],"wp:featuredmedia":[{"embeddable":true,"href":"https:\/\/www.cocondedecoration.com\/blog\/wp-json\/wp\/v2\/media\/78756"}],"wp:attachment":[{"href":"https:\/\/www.cocondedecoration.com\/blog\/wp-json\/wp\/v2\/media?parent=78724"}],"wp:term":[{"taxonomy":"category","embeddable":true,"href":"https:\/\/www.cocondedecoration.com\/blog\/wp-json\/wp\/v2\/categories?post=78724"},{"taxonomy":"post_tag","embeddable":true,"href":"https:\/\/www.cocondedecoration.com\/blog\/wp-json\/wp\/v2\/tags?post=78724"}],"curies":[{"name":"wp","href":"https:\/\/api.w.org\/{rel}","templated":true}]}}