{"id":78033,"date":"2024-09-27T04:38:28","date_gmt":"2024-09-27T02:38:28","guid":{"rendered":"https:\/\/www.cocondedecoration.com\/blog\/?p=78033"},"modified":"2024-09-27T04:38:58","modified_gmt":"2024-09-27T02:38:58","slug":"objet-deco-vert","status":"publish","type":"post","link":"https:\/\/www.cocondedecoration.com\/blog\/2024\/09\/objet-deco-vert\/","title":{"rendered":"Eveillez votre int\u00e9rieur avec des teintes de vert | shopping"},"content":{"rendered":"\n<p>C\u00e9ladon, menthe, kaki, sauge, \u00e9meraude... Le vert est une vaste gamme de couleurs qui renvoient g\u00e9n\u00e9ralement \u00e0 la nature. Une couleur parfaite pour cr\u00e9er un sentiment d'authenticit\u00e9 dans un int\u00e9rieur. Le vert franc est dynamique, vivifiant. Les verts teint\u00e9s de blanc, de gris ou de marron quant \u00e0 eux vont apporter de la douceur, parfois m\u00eame une certaine tendresse. <\/p>\n\n\n\n<!--more-->\n\n\n\n<p>Si vous suivez le blog, vous savez que le vert est la couleur que je pr\u00e9f\u00e8re. Je ne m'en lasse pas. Elle m'apporte de la s\u00e9r\u00e9nit\u00e9. Mais j'aime le vert \u00e9galement parce qu'il s'invite avec aisance dans toutes les pi\u00e8ces de la maison \u00e0 travers les objets d\u00e9coratifs, les textiles, le mobilier. Aujourd'hui, je vous propose une s\u00e9lection d\u00e9co teint\u00e9e de vert et si vous souhaitez plus d'inspiration pour utiliser cette couleur, <a href=\"https:\/\/www.cocondedecoration.com\/blog\/category\/couleur-deco\/du-vert-dans-la-deco\/\" target=\"_blank\" rel=\"noopener\" title=\"\">c'est par ici<\/a>. <\/p>\n\n\n\n<div class=\"wp-block-columns is-layout-flex wp-container-core-columns-layout-1 wp-block-columns-is-layout-flex\">\n<div class=\"wp-block-column is-layout-flow wp-block-column-is-layout-flow\">\n<figure class=\"wp-block-image size-large\"><a href=\"https:\/\/www.cocondedecoration.com\/blog\/wp-content\/uploads\/2024\/09\/decoration-moderne-verte-maisons-du-monde.001.jpeg\"><img loading=\"lazy\" decoding=\"async\" width=\"640\" height=\"960\" src=\"https:\/\/www.cocondedecoration.com\/blog\/wp-content\/uploads\/2024\/09\/decoration-moderne-verte-maisons-du-monde.001-640x960.jpeg\" alt=\"Parure de lit en Coton Vert\" class=\"wp-image-78036\" title=\"Parure de lit en Coton Vert\" srcset=\"https:\/\/www.cocondedecoration.com\/blog\/wp-content\/uploads\/2024\/09\/decoration-moderne-verte-maisons-du-monde.001-640x960.jpeg 640w, https:\/\/www.cocondedecoration.com\/blog\/wp-content\/uploads\/2024\/09\/decoration-moderne-verte-maisons-du-monde.001-260x390.jpeg 260w, https:\/\/www.cocondedecoration.com\/blog\/wp-content\/uploads\/2024\/09\/decoration-moderne-verte-maisons-du-monde.001-768x1152.jpeg 768w, https:\/\/www.cocondedecoration.com\/blog\/wp-content\/uploads\/2024\/09\/decoration-moderne-verte-maisons-du-monde.001-367x550.jpeg 367w, https:\/\/www.cocondedecoration.com\/blog\/wp-content\/uploads\/2024\/09\/decoration-moderne-verte-maisons-du-monde.001-333x500.jpeg 333w, https:\/\/www.cocondedecoration.com\/blog\/wp-content\/uploads\/2024\/09\/decoration-moderne-verte-maisons-du-monde.001.jpeg 1000w\" sizes=\"(max-width: 640px) 100vw, 640px\" \/><\/a><figcaption class=\"wp-element-caption\"><a href=\"https:\/\/fnty.co\/c\/r-dTrBZCZO\" target=\"_blank\" rel=\"noopener\" title=\"\">Parure de lit en Coton Vert ray\u00e9e<\/a> - Today chez Maisons du Monde<\/figcaption><\/figure>\n<\/div>\n\n\n\n<div class=\"wp-block-column is-layout-flow wp-block-column-is-layout-flow\">\n<figure class=\"wp-block-image size-large\"><a href=\"https:\/\/www.cocondedecoration.com\/blog\/wp-content\/uploads\/2024\/09\/decoration-moderne-verte-maisons-du-monde.002.jpeg\"><img loading=\"lazy\" decoding=\"async\" width=\"640\" height=\"960\" src=\"https:\/\/www.cocondedecoration.com\/blog\/wp-content\/uploads\/2024\/09\/decoration-moderne-verte-maisons-du-monde.002-640x960.jpeg\" alt=\"Fauteuil en velours vert kaki\" class=\"wp-image-78035\" title=\"Fauteuil en velours vert kaki\" srcset=\"https:\/\/www.cocondedecoration.com\/blog\/wp-content\/uploads\/2024\/09\/decoration-moderne-verte-maisons-du-monde.002-640x960.jpeg 640w, https:\/\/www.cocondedecoration.com\/blog\/wp-content\/uploads\/2024\/09\/decoration-moderne-verte-maisons-du-monde.002-260x390.jpeg 260w, https:\/\/www.cocondedecoration.com\/blog\/wp-content\/uploads\/2024\/09\/decoration-moderne-verte-maisons-du-monde.002-768x1152.jpeg 768w, https:\/\/www.cocondedecoration.com\/blog\/wp-content\/uploads\/2024\/09\/decoration-moderne-verte-maisons-du-monde.002-367x550.jpeg 367w, https:\/\/www.cocondedecoration.com\/blog\/wp-content\/uploads\/2024\/09\/decoration-moderne-verte-maisons-du-monde.002-333x500.jpeg 333w, https:\/\/www.cocondedecoration.com\/blog\/wp-content\/uploads\/2024\/09\/decoration-moderne-verte-maisons-du-monde.002.jpeg 1000w\" sizes=\"(max-width: 640px) 100vw, 640px\" \/><\/a><figcaption class=\"wp-element-caption\"><a href=\"https:\/\/fnty.co\/c\/r-UtBBfDBW\" target=\"_blank\" rel=\"noopener\" title=\"\">Fauteuil en velours vert kaki<\/a> - Maisons du Monde<\/figcaption><\/figure>\n<\/div>\n<\/div>\n\n\n\n<div class=\"wp-block-columns is-layout-flex wp-container-core-columns-layout-2 wp-block-columns-is-layout-flex\">\n<div class=\"wp-block-column is-layout-flow wp-block-column-is-layout-flow\">\n<figure class=\"wp-block-image size-large\"><a href=\"https:\/\/www.cocondedecoration.com\/blog\/wp-content\/uploads\/2024\/09\/decoration-textile-vert-blancheporte.001.jpeg\"><img loading=\"lazy\" decoding=\"async\" width=\"640\" height=\"960\" src=\"https:\/\/www.cocondedecoration.com\/blog\/wp-content\/uploads\/2024\/09\/decoration-textile-vert-blancheporte.001-640x960.jpeg\" alt=\"Voilage imprim\u00e9 foug\u00e8res\" class=\"wp-image-78056\" title=\"Voilage imprim\u00e9 foug\u00e8res\" srcset=\"https:\/\/www.cocondedecoration.com\/blog\/wp-content\/uploads\/2024\/09\/decoration-textile-vert-blancheporte.001-640x960.jpeg 640w, https:\/\/www.cocondedecoration.com\/blog\/wp-content\/uploads\/2024\/09\/decoration-textile-vert-blancheporte.001-260x390.jpeg 260w, https:\/\/www.cocondedecoration.com\/blog\/wp-content\/uploads\/2024\/09\/decoration-textile-vert-blancheporte.001-768x1152.jpeg 768w, https:\/\/www.cocondedecoration.com\/blog\/wp-content\/uploads\/2024\/09\/decoration-textile-vert-blancheporte.001-367x550.jpeg 367w, https:\/\/www.cocondedecoration.com\/blog\/wp-content\/uploads\/2024\/09\/decoration-textile-vert-blancheporte.001-333x500.jpeg 333w, https:\/\/www.cocondedecoration.com\/blog\/wp-content\/uploads\/2024\/09\/decoration-textile-vert-blancheporte.001.jpeg 1000w\" sizes=\"(max-width: 640px) 100vw, 640px\" \/><\/a><figcaption class=\"wp-element-caption\"><a href=\"https:\/\/fnty.co\/c\/r-IBSMcXlx\" target=\"_blank\" rel=\"noopener\" title=\"\">Voilage imprim\u00e9 foug\u00e8res<\/a> - Blancheporte<\/figcaption><\/figure>\n<\/div>\n\n\n\n<div class=\"wp-block-column is-layout-flow wp-block-column-is-layout-flow\">\n<figure class=\"wp-block-image size-large\"><a href=\"https:\/\/www.cocondedecoration.com\/blog\/wp-content\/uploads\/2024\/09\/decoration-textile-vert-blancheporte.002.jpeg\"><img loading=\"lazy\" decoding=\"async\" width=\"640\" height=\"960\" src=\"https:\/\/www.cocondedecoration.com\/blog\/wp-content\/uploads\/2024\/09\/decoration-textile-vert-blancheporte.002-640x960.jpeg\" alt=\"Plaid uni coton textur\u00e9 vert\" class=\"wp-image-78057\" title=\"Plaid uni coton textur\u00e9 vert\" srcset=\"https:\/\/www.cocondedecoration.com\/blog\/wp-content\/uploads\/2024\/09\/decoration-textile-vert-blancheporte.002-640x960.jpeg 640w, https:\/\/www.cocondedecoration.com\/blog\/wp-content\/uploads\/2024\/09\/decoration-textile-vert-blancheporte.002-260x390.jpeg 260w, https:\/\/www.cocondedecoration.com\/blog\/wp-content\/uploads\/2024\/09\/decoration-textile-vert-blancheporte.002-768x1152.jpeg 768w, https:\/\/www.cocondedecoration.com\/blog\/wp-content\/uploads\/2024\/09\/decoration-textile-vert-blancheporte.002-367x550.jpeg 367w, https:\/\/www.cocondedecoration.com\/blog\/wp-content\/uploads\/2024\/09\/decoration-textile-vert-blancheporte.002-333x500.jpeg 333w, https:\/\/www.cocondedecoration.com\/blog\/wp-content\/uploads\/2024\/09\/decoration-textile-vert-blancheporte.002.jpeg 1000w\" sizes=\"(max-width: 640px) 100vw, 640px\" \/><\/a><figcaption class=\"wp-element-caption\"><a href=\"https:\/\/fnty.co\/c\/r-jYmiekSw\" target=\"_blank\" rel=\"noopener\" title=\"\">Plaid uni coton textur\u00e9 vert<\/a> - Blancheporte<\/figcaption><\/figure>\n<\/div>\n<\/div>\n\n\n\n<div class=\"wp-block-columns is-layout-flex wp-container-core-columns-layout-3 wp-block-columns-is-layout-flex\">\n<div class=\"wp-block-column is-layout-flow wp-block-column-is-layout-flow\">\n<figure class=\"wp-block-image size-large\"><a href=\"https:\/\/www.cocondedecoration.com\/blog\/wp-content\/uploads\/2024\/09\/deco-design-qualite-couleur-vert-drawer.001.jpeg\"><img loading=\"lazy\" decoding=\"async\" width=\"640\" height=\"960\" src=\"https:\/\/www.cocondedecoration.com\/blog\/wp-content\/uploads\/2024\/09\/deco-design-qualite-couleur-vert-drawer.001-640x960.jpeg\" alt=\"Table d'appoint ronde en aluminium\" class=\"wp-image-78077\" title=\"Table d'appoint ronde en aluminium\" srcset=\"https:\/\/www.cocondedecoration.com\/blog\/wp-content\/uploads\/2024\/09\/deco-design-qualite-couleur-vert-drawer.001-640x960.jpeg 640w, https:\/\/www.cocondedecoration.com\/blog\/wp-content\/uploads\/2024\/09\/deco-design-qualite-couleur-vert-drawer.001-260x390.jpeg 260w, https:\/\/www.cocondedecoration.com\/blog\/wp-content\/uploads\/2024\/09\/deco-design-qualite-couleur-vert-drawer.001-768x1152.jpeg 768w, https:\/\/www.cocondedecoration.com\/blog\/wp-content\/uploads\/2024\/09\/deco-design-qualite-couleur-vert-drawer.001-367x550.jpeg 367w, https:\/\/www.cocondedecoration.com\/blog\/wp-content\/uploads\/2024\/09\/deco-design-qualite-couleur-vert-drawer.001-333x500.jpeg 333w, https:\/\/www.cocondedecoration.com\/blog\/wp-content\/uploads\/2024\/09\/deco-design-qualite-couleur-vert-drawer.001.jpeg 1000w\" sizes=\"(max-width: 640px) 100vw, 640px\" \/><\/a><figcaption class=\"wp-element-caption\"><a href=\"https:\/\/c3po.link\/QpuPrVzTAs\" target=\"_blank\" rel=\"noopener\" title=\"\">Table d'appoint ronde en aluminium<\/a> - Drawer<\/figcaption><\/figure>\n<\/div>\n\n\n\n<div class=\"wp-block-column is-layout-flow wp-block-column-is-layout-flow\">\n<figure class=\"wp-block-image size-large\"><a href=\"https:\/\/www.cocondedecoration.com\/blog\/wp-content\/uploads\/2024\/09\/deco-design-qualite-couleur-vert-drawer.002.jpeg\"><img loading=\"lazy\" decoding=\"async\" width=\"640\" height=\"960\" src=\"https:\/\/www.cocondedecoration.com\/blog\/wp-content\/uploads\/2024\/09\/deco-design-qualite-couleur-vert-drawer.002-640x960.jpeg\" alt=\"Horloge \u00e0 pendule\" class=\"wp-image-78078\" title=\"Horloge \u00e0 pendule\" srcset=\"https:\/\/www.cocondedecoration.com\/blog\/wp-content\/uploads\/2024\/09\/deco-design-qualite-couleur-vert-drawer.002-640x960.jpeg 640w, https:\/\/www.cocondedecoration.com\/blog\/wp-content\/uploads\/2024\/09\/deco-design-qualite-couleur-vert-drawer.002-260x390.jpeg 260w, https:\/\/www.cocondedecoration.com\/blog\/wp-content\/uploads\/2024\/09\/deco-design-qualite-couleur-vert-drawer.002-768x1152.jpeg 768w, https:\/\/www.cocondedecoration.com\/blog\/wp-content\/uploads\/2024\/09\/deco-design-qualite-couleur-vert-drawer.002-367x550.jpeg 367w, https:\/\/www.cocondedecoration.com\/blog\/wp-content\/uploads\/2024\/09\/deco-design-qualite-couleur-vert-drawer.002-333x500.jpeg 333w, https:\/\/www.cocondedecoration.com\/blog\/wp-content\/uploads\/2024\/09\/deco-design-qualite-couleur-vert-drawer.002.jpeg 1000w\" sizes=\"(max-width: 640px) 100vw, 640px\" \/><\/a><figcaption class=\"wp-element-caption\"><a href=\"https:\/\/c3po.link\/QYHxZ9uDX2\" target=\"_blank\" rel=\"noopener\" title=\"\">Horloge \u00e0 pendule<\/a> - Karlsson via Drawer<\/figcaption><\/figure>\n<\/div>\n<\/div>\n\n\n\n<div class=\"wp-block-columns is-layout-flex wp-container-core-columns-layout-4 wp-block-columns-is-layout-flex\">\n<div class=\"wp-block-column is-layout-flow wp-block-column-is-layout-flow\">\n<figure class=\"wp-block-image size-large\"><a href=\"https:\/\/www.cocondedecoration.com\/blog\/wp-content\/uploads\/2024\/09\/accessoires-decoratifs-vert-la-redoute.001.jpeg\"><img loading=\"lazy\" decoding=\"async\" width=\"640\" height=\"640\" src=\"https:\/\/www.cocondedecoration.com\/blog\/wp-content\/uploads\/2024\/09\/accessoires-decoratifs-vert-la-redoute.001-640x640.jpeg\" alt=\"Lampe \u00e0 poser Polypropyl\u00e8ne design \" class=\"wp-image-78073\" title=\"Lampe \u00e0 poser Polypropyl\u00e8ne design \" srcset=\"https:\/\/www.cocondedecoration.com\/blog\/wp-content\/uploads\/2024\/09\/accessoires-decoratifs-vert-la-redoute.001-640x640.jpeg 640w, https:\/\/www.cocondedecoration.com\/blog\/wp-content\/uploads\/2024\/09\/accessoires-decoratifs-vert-la-redoute.001-260x260.jpeg 260w, https:\/\/www.cocondedecoration.com\/blog\/wp-content\/uploads\/2024\/09\/accessoires-decoratifs-vert-la-redoute.001-165x165.jpeg 165w, https:\/\/www.cocondedecoration.com\/blog\/wp-content\/uploads\/2024\/09\/accessoires-decoratifs-vert-la-redoute.001-465x465.jpeg 465w, https:\/\/www.cocondedecoration.com\/blog\/wp-content\/uploads\/2024\/09\/accessoires-decoratifs-vert-la-redoute.001-500x500.jpeg 500w, https:\/\/www.cocondedecoration.com\/blog\/wp-content\/uploads\/2024\/09\/accessoires-decoratifs-vert-la-redoute.001.jpeg 650w\" sizes=\"(max-width: 640px) 100vw, 640px\" \/><\/a><figcaption class=\"wp-element-caption\"><a href=\"https:\/\/c3po.link\/nmQwTSeXYX\" target=\"_blank\" rel=\"noopener\" title=\"\">Lampe \u00e0 poser Polypropyl\u00e8ne<\/a> - Fontana Arte via La Redoute<\/figcaption><\/figure>\n<\/div>\n\n\n\n<div class=\"wp-block-column is-layout-flow wp-block-column-is-layout-flow\">\n<figure class=\"wp-block-image size-large\"><a href=\"https:\/\/www.cocondedecoration.com\/blog\/wp-content\/uploads\/2024\/09\/accessoires-decoratifs-vert-la-redoute.002.jpeg\"><img loading=\"lazy\" decoding=\"async\" width=\"640\" height=\"640\" src=\"https:\/\/www.cocondedecoration.com\/blog\/wp-content\/uploads\/2024\/09\/accessoires-decoratifs-vert-la-redoute.002-640x640.jpeg\" alt=\"Pouf en Velours c\u00f4tel\u00e9 plat\" class=\"wp-image-78074\" title=\"Pouf en Velours c\u00f4tel\u00e9 plat\" srcset=\"https:\/\/www.cocondedecoration.com\/blog\/wp-content\/uploads\/2024\/09\/accessoires-decoratifs-vert-la-redoute.002-640x640.jpeg 640w, https:\/\/www.cocondedecoration.com\/blog\/wp-content\/uploads\/2024\/09\/accessoires-decoratifs-vert-la-redoute.002-260x260.jpeg 260w, https:\/\/www.cocondedecoration.com\/blog\/wp-content\/uploads\/2024\/09\/accessoires-decoratifs-vert-la-redoute.002-165x165.jpeg 165w, https:\/\/www.cocondedecoration.com\/blog\/wp-content\/uploads\/2024\/09\/accessoires-decoratifs-vert-la-redoute.002-465x465.jpeg 465w, https:\/\/www.cocondedecoration.com\/blog\/wp-content\/uploads\/2024\/09\/accessoires-decoratifs-vert-la-redoute.002-500x500.jpeg 500w, https:\/\/www.cocondedecoration.com\/blog\/wp-content\/uploads\/2024\/09\/accessoires-decoratifs-vert-la-redoute.002.jpeg 650w\" sizes=\"(max-width: 640px) 100vw, 640px\" \/><\/a><figcaption class=\"wp-element-caption\"><a href=\"https:\/\/c3po.link\/QWMEXYJTYs\" target=\"_blank\" rel=\"noopener\" title=\"\">Pouf en Velours c\u00f4tel\u00e9 plat<\/a> - Lisa Design chez La Redoute<\/figcaption><\/figure>\n<\/div>\n\n\n\n<div class=\"wp-block-column is-layout-flow wp-block-column-is-layout-flow\">\n<figure class=\"wp-block-image size-large\"><a href=\"https:\/\/www.cocondedecoration.com\/blog\/wp-content\/uploads\/2024\/09\/accessoires-decoratifs-vert-la-redoute.003.jpeg\"><img loading=\"lazy\" decoding=\"async\" width=\"640\" height=\"640\" src=\"https:\/\/www.cocondedecoration.com\/blog\/wp-content\/uploads\/2024\/09\/accessoires-decoratifs-vert-la-redoute.003-640x640.jpeg\" alt=\"Lampe \u00e0 poser verre et lin\" class=\"wp-image-78075\" title=\"Lampe \u00e0 poser verre et lin\" srcset=\"https:\/\/www.cocondedecoration.com\/blog\/wp-content\/uploads\/2024\/09\/accessoires-decoratifs-vert-la-redoute.003-640x640.jpeg 640w, https:\/\/www.cocondedecoration.com\/blog\/wp-content\/uploads\/2024\/09\/accessoires-decoratifs-vert-la-redoute.003-260x260.jpeg 260w, https:\/\/www.cocondedecoration.com\/blog\/wp-content\/uploads\/2024\/09\/accessoires-decoratifs-vert-la-redoute.003-165x165.jpeg 165w, https:\/\/www.cocondedecoration.com\/blog\/wp-content\/uploads\/2024\/09\/accessoires-decoratifs-vert-la-redoute.003-465x465.jpeg 465w, https:\/\/www.cocondedecoration.com\/blog\/wp-content\/uploads\/2024\/09\/accessoires-decoratifs-vert-la-redoute.003-500x500.jpeg 500w, https:\/\/www.cocondedecoration.com\/blog\/wp-content\/uploads\/2024\/09\/accessoires-decoratifs-vert-la-redoute.003.jpeg 650w\" sizes=\"(max-width: 640px) 100vw, 640px\" \/><\/a><figcaption class=\"wp-element-caption\"><a href=\"https:\/\/c3po.link\/QPwU8HTtzq\" target=\"_blank\" rel=\"noopener\" title=\"\">Lampe \u00e0 poser verre et lin<\/a> - La Redoute Int\u00e9rieurs <\/figcaption><\/figure>\n<\/div>\n<\/div>\n\n\n\n<div class=\"wp-block-columns is-layout-flex wp-container-core-columns-layout-5 wp-block-columns-is-layout-flex\">\n<div class=\"wp-block-column is-layout-flow wp-block-column-is-layout-flow\">\n<figure class=\"wp-block-image size-large\"><a href=\"https:\/\/www.cocondedecoration.com\/blog\/wp-content\/uploads\/2024\/09\/decoration-design-couleur-vert-the-cool-republic.001.jpeg\"><img loading=\"lazy\" decoding=\"async\" width=\"640\" height=\"960\" src=\"https:\/\/www.cocondedecoration.com\/blog\/wp-content\/uploads\/2024\/09\/decoration-design-couleur-vert-the-cool-republic.001-640x960.jpeg\" alt=\"Miroir rond en acier vert 50 cm\" class=\"wp-image-78055\" title=\"Miroir rond en acier vert 50 cm\" srcset=\"https:\/\/www.cocondedecoration.com\/blog\/wp-content\/uploads\/2024\/09\/decoration-design-couleur-vert-the-cool-republic.001-640x960.jpeg 640w, https:\/\/www.cocondedecoration.com\/blog\/wp-content\/uploads\/2024\/09\/decoration-design-couleur-vert-the-cool-republic.001-260x390.jpeg 260w, https:\/\/www.cocondedecoration.com\/blog\/wp-content\/uploads\/2024\/09\/decoration-design-couleur-vert-the-cool-republic.001-768x1152.jpeg 768w, https:\/\/www.cocondedecoration.com\/blog\/wp-content\/uploads\/2024\/09\/decoration-design-couleur-vert-the-cool-republic.001-367x550.jpeg 367w, https:\/\/www.cocondedecoration.com\/blog\/wp-content\/uploads\/2024\/09\/decoration-design-couleur-vert-the-cool-republic.001-333x500.jpeg 333w, https:\/\/www.cocondedecoration.com\/blog\/wp-content\/uploads\/2024\/09\/decoration-design-couleur-vert-the-cool-republic.001.jpeg 1000w\" sizes=\"(max-width: 640px) 100vw, 640px\" \/><\/a><figcaption class=\"wp-element-caption\"><a href=\"https:\/\/fnty.co\/c\/r-OOrMUNiP\" target=\"_blank\" rel=\"noopener\" title=\"\">Miroir rond en acier vert 50 cm<\/a> - Hay chez The Cool Republic<\/figcaption><\/figure>\n<\/div>\n\n\n\n<div class=\"wp-block-column is-layout-flow wp-block-column-is-layout-flow\">\n<figure class=\"wp-block-image size-large\"><a href=\"https:\/\/www.cocondedecoration.com\/blog\/wp-content\/uploads\/2024\/09\/decoration-design-couleur-vert-the-cool-republic.002.jpeg\"><img loading=\"lazy\" decoding=\"async\" width=\"640\" height=\"960\" src=\"https:\/\/www.cocondedecoration.com\/blog\/wp-content\/uploads\/2024\/09\/decoration-design-couleur-vert-the-cool-republic.002-640x960.jpeg\" alt=\"Vase en verre et laiton\" class=\"wp-image-78054\" srcset=\"https:\/\/www.cocondedecoration.com\/blog\/wp-content\/uploads\/2024\/09\/decoration-design-couleur-vert-the-cool-republic.002-640x960.jpeg 640w, https:\/\/www.cocondedecoration.com\/blog\/wp-content\/uploads\/2024\/09\/decoration-design-couleur-vert-the-cool-republic.002-260x390.jpeg 260w, https:\/\/www.cocondedecoration.com\/blog\/wp-content\/uploads\/2024\/09\/decoration-design-couleur-vert-the-cool-republic.002-768x1152.jpeg 768w, https:\/\/www.cocondedecoration.com\/blog\/wp-content\/uploads\/2024\/09\/decoration-design-couleur-vert-the-cool-republic.002-367x550.jpeg 367w, https:\/\/www.cocondedecoration.com\/blog\/wp-content\/uploads\/2024\/09\/decoration-design-couleur-vert-the-cool-republic.002-333x500.jpeg 333w, https:\/\/www.cocondedecoration.com\/blog\/wp-content\/uploads\/2024\/09\/decoration-design-couleur-vert-the-cool-republic.002.jpeg 1000w\" sizes=\"(max-width: 640px) 100vw, 640px\" \/><\/a><figcaption class=\"wp-element-caption\"><a href=\"https:\/\/fnty.co\/c\/r-eHmWSslS\" target=\"_blank\" rel=\"noopener\" title=\"\">Vase en verre et laiton<\/a> - Bloomingville chez The Cool Republic <\/figcaption><\/figure>\n<\/div>\n<\/div>\n\n\n<div class=\"wp-block-image\">\n<figure class=\"aligncenter size-full\"><a href=\"https:\/\/www.cocondedecoration.com\/blog\/wp-content\/uploads\/2024\/09\/canape-vert-moderne-tendance.001.jpeg\"><img loading=\"lazy\" decoding=\"async\" width=\"1024\" height=\"768\" src=\"https:\/\/www.cocondedecoration.com\/blog\/wp-content\/uploads\/2024\/09\/canape-vert-moderne-tendance.001.jpeg\" alt=\"Canap\u00e9 d'Angle Convertible en Tissu textur\u00e9 4 places\" class=\"wp-image-78076\" title=\"Canap\u00e9 d'Angle Convertible en Tissu textur\u00e9 4 places\" srcset=\"https:\/\/www.cocondedecoration.com\/blog\/wp-content\/uploads\/2024\/09\/canape-vert-moderne-tendance.001.jpeg 1024w, https:\/\/www.cocondedecoration.com\/blog\/wp-content\/uploads\/2024\/09\/canape-vert-moderne-tendance.001-260x195.jpeg 260w, https:\/\/www.cocondedecoration.com\/blog\/wp-content\/uploads\/2024\/09\/canape-vert-moderne-tendance.001-640x480.jpeg 640w, https:\/\/www.cocondedecoration.com\/blog\/wp-content\/uploads\/2024\/09\/canape-vert-moderne-tendance.001-768x576.jpeg 768w, https:\/\/www.cocondedecoration.com\/blog\/wp-content\/uploads\/2024\/09\/canape-vert-moderne-tendance.001-465x349.jpeg 465w, https:\/\/www.cocondedecoration.com\/blog\/wp-content\/uploads\/2024\/09\/canape-vert-moderne-tendance.001-667x500.jpeg 667w\" sizes=\"(max-width: 1024px) 100vw, 1024px\" \/><\/a><figcaption class=\"wp-element-caption\"><a href=\"https:\/\/c3po.link\/Qesevyy462\" target=\"_blank\" rel=\"noopener\" title=\"\">Canap\u00e9 d'Angle Convertible en Tissu textur\u00e9 4 places<\/a> - Lisa Design via La Redoute<\/figcaption><\/figure><\/div>\n\n\n<div class=\"wp-block-columns is-layout-flex wp-container-core-columns-layout-6 wp-block-columns-is-layout-flex\">\n<div class=\"wp-block-column is-layout-flow wp-block-column-is-layout-flow\">\n<figure class=\"wp-block-image size-large\"><a href=\"https:\/\/www.cocondedecoration.com\/blog\/wp-content\/uploads\/2024\/09\/element-deco-couleur-vert-moderne-maisons-du-monde.001.jpeg\"><img loading=\"lazy\" decoding=\"async\" width=\"640\" height=\"640\" src=\"https:\/\/www.cocondedecoration.com\/blog\/wp-content\/uploads\/2024\/09\/element-deco-couleur-vert-moderne-maisons-du-monde.001-640x640.jpeg\" alt=\"Lampe en c\u00e9ramique verte et abat-jour en polyester recycl\u00e9 beige\" class=\"wp-image-78049\" title=\"Lampe en c\u00e9ramique verte et abat-jour en polyester recycl\u00e9 beige\" srcset=\"https:\/\/www.cocondedecoration.com\/blog\/wp-content\/uploads\/2024\/09\/element-deco-couleur-vert-moderne-maisons-du-monde.001-640x640.jpeg 640w, https:\/\/www.cocondedecoration.com\/blog\/wp-content\/uploads\/2024\/09\/element-deco-couleur-vert-moderne-maisons-du-monde.001-260x260.jpeg 260w, https:\/\/www.cocondedecoration.com\/blog\/wp-content\/uploads\/2024\/09\/element-deco-couleur-vert-moderne-maisons-du-monde.001-165x165.jpeg 165w, https:\/\/www.cocondedecoration.com\/blog\/wp-content\/uploads\/2024\/09\/element-deco-couleur-vert-moderne-maisons-du-monde.001-465x465.jpeg 465w, https:\/\/www.cocondedecoration.com\/blog\/wp-content\/uploads\/2024\/09\/element-deco-couleur-vert-moderne-maisons-du-monde.001-500x500.jpeg 500w, https:\/\/www.cocondedecoration.com\/blog\/wp-content\/uploads\/2024\/09\/element-deco-couleur-vert-moderne-maisons-du-monde.001.jpeg 650w\" sizes=\"(max-width: 640px) 100vw, 640px\" \/><\/a><figcaption class=\"wp-element-caption\"><a href=\"https:\/\/fnty.co\/c\/r-fnNfKRrq\" target=\"_blank\" rel=\"noopener\" title=\"\">Lampe en c\u00e9ramique verte et abat-jour en polyester recycl\u00e9 beige<\/a> - Maisons du Monde<\/figcaption><\/figure>\n<\/div>\n\n\n\n<div class=\"wp-block-column is-layout-flow wp-block-column-is-layout-flow\">\n<figure class=\"wp-block-image size-large\"><a href=\"https:\/\/www.cocondedecoration.com\/blog\/wp-content\/uploads\/2024\/09\/element-deco-couleur-vert-moderne-maisons-du-monde.002.jpeg\"><img loading=\"lazy\" decoding=\"async\" width=\"640\" height=\"640\" src=\"https:\/\/www.cocondedecoration.com\/blog\/wp-content\/uploads\/2024\/09\/element-deco-couleur-vert-moderne-maisons-du-monde.002-640x640.jpeg\" alt=\"Miroir arche damier bleu et vert\" class=\"wp-image-78048\" title=\"Miroir arche damier bleu et vert\" srcset=\"https:\/\/www.cocondedecoration.com\/blog\/wp-content\/uploads\/2024\/09\/element-deco-couleur-vert-moderne-maisons-du-monde.002-640x640.jpeg 640w, https:\/\/www.cocondedecoration.com\/blog\/wp-content\/uploads\/2024\/09\/element-deco-couleur-vert-moderne-maisons-du-monde.002-260x260.jpeg 260w, https:\/\/www.cocondedecoration.com\/blog\/wp-content\/uploads\/2024\/09\/element-deco-couleur-vert-moderne-maisons-du-monde.002-165x165.jpeg 165w, https:\/\/www.cocondedecoration.com\/blog\/wp-content\/uploads\/2024\/09\/element-deco-couleur-vert-moderne-maisons-du-monde.002-465x465.jpeg 465w, https:\/\/www.cocondedecoration.com\/blog\/wp-content\/uploads\/2024\/09\/element-deco-couleur-vert-moderne-maisons-du-monde.002-500x500.jpeg 500w, https:\/\/www.cocondedecoration.com\/blog\/wp-content\/uploads\/2024\/09\/element-deco-couleur-vert-moderne-maisons-du-monde.002.jpeg 650w\" sizes=\"(max-width: 640px) 100vw, 640px\" \/><\/a><figcaption class=\"wp-element-caption\"><a href=\"https:\/\/fnty.co\/c\/r-IOYOerzZ\" target=\"_blank\" rel=\"noopener\" title=\"\">Miroir arche damier bleu et vert<\/a> - Maisons du Monde<\/figcaption><\/figure>\n<\/div>\n\n\n\n<div class=\"wp-block-column is-layout-flow wp-block-column-is-layout-flow\">\n<figure class=\"wp-block-image size-large\"><a href=\"https:\/\/www.cocondedecoration.com\/blog\/wp-content\/uploads\/2024\/09\/element-deco-couleur-vert-moderne-maisons-du-monde.003.jpeg\"><img loading=\"lazy\" decoding=\"async\" width=\"640\" height=\"640\" src=\"https:\/\/www.cocondedecoration.com\/blog\/wp-content\/uploads\/2024\/09\/element-deco-couleur-vert-moderne-maisons-du-monde.003-640x640.jpeg\" alt=\"Fauteuil professionnel en velours c\u00f4tel\u00e9 vert olive et tablette amovible\" class=\"wp-image-78047\" title=\"Fauteuil professionnel en velours c\u00f4tel\u00e9 vert olive et tablette amovible\" srcset=\"https:\/\/www.cocondedecoration.com\/blog\/wp-content\/uploads\/2024\/09\/element-deco-couleur-vert-moderne-maisons-du-monde.003-640x640.jpeg 640w, https:\/\/www.cocondedecoration.com\/blog\/wp-content\/uploads\/2024\/09\/element-deco-couleur-vert-moderne-maisons-du-monde.003-260x260.jpeg 260w, https:\/\/www.cocondedecoration.com\/blog\/wp-content\/uploads\/2024\/09\/element-deco-couleur-vert-moderne-maisons-du-monde.003-165x165.jpeg 165w, https:\/\/www.cocondedecoration.com\/blog\/wp-content\/uploads\/2024\/09\/element-deco-couleur-vert-moderne-maisons-du-monde.003-465x465.jpeg 465w, https:\/\/www.cocondedecoration.com\/blog\/wp-content\/uploads\/2024\/09\/element-deco-couleur-vert-moderne-maisons-du-monde.003-500x500.jpeg 500w, https:\/\/www.cocondedecoration.com\/blog\/wp-content\/uploads\/2024\/09\/element-deco-couleur-vert-moderne-maisons-du-monde.003.jpeg 650w\" sizes=\"(max-width: 640px) 100vw, 640px\" \/><\/a><figcaption class=\"wp-element-caption\"><a href=\"https:\/\/fnty.co\/c\/r-PgmckWLy\" target=\"_blank\" rel=\"noopener\" title=\"\">Fauteuil professionnel en velours c\u00f4tel\u00e9 vert olive et tablette amovible<\/a> - Maisons du Monde<\/figcaption><\/figure>\n<\/div>\n<\/div>\n\n\n\n<div class=\"wp-block-columns is-layout-flex wp-container-core-columns-layout-7 wp-block-columns-is-layout-flex\">\n<div class=\"wp-block-column is-layout-flow wp-block-column-is-layout-flow\">\n<figure class=\"wp-block-image size-large\"><a href=\"https:\/\/www.cocondedecoration.com\/blog\/wp-content\/uploads\/2024\/09\/deco-design-qualite-couleur-vert-drawer.003.jpeg\"><img loading=\"lazy\" decoding=\"async\" width=\"640\" height=\"960\" src=\"https:\/\/www.cocondedecoration.com\/blog\/wp-content\/uploads\/2024\/09\/deco-design-qualite-couleur-vert-drawer.003-640x960.jpeg\" alt=\"Table d'appoint en terrazzo H46cm\" class=\"wp-image-78079\" title=\"Table d'appoint en terrazzo H46cm\" srcset=\"https:\/\/www.cocondedecoration.com\/blog\/wp-content\/uploads\/2024\/09\/deco-design-qualite-couleur-vert-drawer.003-640x960.jpeg 640w, https:\/\/www.cocondedecoration.com\/blog\/wp-content\/uploads\/2024\/09\/deco-design-qualite-couleur-vert-drawer.003-260x390.jpeg 260w, https:\/\/www.cocondedecoration.com\/blog\/wp-content\/uploads\/2024\/09\/deco-design-qualite-couleur-vert-drawer.003-768x1152.jpeg 768w, https:\/\/www.cocondedecoration.com\/blog\/wp-content\/uploads\/2024\/09\/deco-design-qualite-couleur-vert-drawer.003-367x550.jpeg 367w, https:\/\/www.cocondedecoration.com\/blog\/wp-content\/uploads\/2024\/09\/deco-design-qualite-couleur-vert-drawer.003-333x500.jpeg 333w, https:\/\/www.cocondedecoration.com\/blog\/wp-content\/uploads\/2024\/09\/deco-design-qualite-couleur-vert-drawer.003.jpeg 1000w\" sizes=\"(max-width: 640px) 100vw, 640px\" \/><\/a><figcaption class=\"wp-element-caption\"><a href=\"https:\/\/c3po.link\/Q5XUfPv2CV\" target=\"_blank\" rel=\"noopener\" title=\"\">Table d'appoint en terrazzo H46cm <\/a>- Drawer<\/figcaption><\/figure>\n<\/div>\n\n\n\n<div class=\"wp-block-column is-layout-flow wp-block-column-is-layout-flow\">\n<figure class=\"wp-block-image size-large\"><a href=\"https:\/\/www.cocondedecoration.com\/blog\/wp-content\/uploads\/2024\/09\/deco-design-qualite-couleur-vert-drawer.004.jpeg\"><img loading=\"lazy\" decoding=\"async\" width=\"640\" height=\"960\" src=\"https:\/\/www.cocondedecoration.com\/blog\/wp-content\/uploads\/2024\/09\/deco-design-qualite-couleur-vert-drawer.004-640x960.jpeg\" alt=\"Meuble \u00e0 chaussures 2 portes 1 tiroir en m\u00e9tal PANTONE\" class=\"wp-image-78080\" title=\"Meuble \u00e0 chaussures 2 portes 1 tiroir en m\u00e9tal PANTONE\" srcset=\"https:\/\/www.cocondedecoration.com\/blog\/wp-content\/uploads\/2024\/09\/deco-design-qualite-couleur-vert-drawer.004-640x960.jpeg 640w, https:\/\/www.cocondedecoration.com\/blog\/wp-content\/uploads\/2024\/09\/deco-design-qualite-couleur-vert-drawer.004-260x390.jpeg 260w, https:\/\/www.cocondedecoration.com\/blog\/wp-content\/uploads\/2024\/09\/deco-design-qualite-couleur-vert-drawer.004-768x1152.jpeg 768w, https:\/\/www.cocondedecoration.com\/blog\/wp-content\/uploads\/2024\/09\/deco-design-qualite-couleur-vert-drawer.004-367x550.jpeg 367w, https:\/\/www.cocondedecoration.com\/blog\/wp-content\/uploads\/2024\/09\/deco-design-qualite-couleur-vert-drawer.004-333x500.jpeg 333w, https:\/\/www.cocondedecoration.com\/blog\/wp-content\/uploads\/2024\/09\/deco-design-qualite-couleur-vert-drawer.004.jpeg 1000w\" sizes=\"(max-width: 640px) 100vw, 640px\" \/><\/a><figcaption class=\"wp-element-caption\"><a href=\"https:\/\/c3po.link\/Qgdgx2zSVA\" target=\"_blank\" rel=\"noopener\" title=\"\">Meuble \u00e0 chaussures 2 portes 1 tiroir en m\u00e9tal PANTONE<\/a> - Drawer<\/figcaption><\/figure>\n<\/div>\n<\/div>\n\n\n\n<div class=\"wp-block-columns is-layout-flex wp-container-core-columns-layout-8 wp-block-columns-is-layout-flex\">\n<div class=\"wp-block-column is-layout-flow wp-block-column-is-layout-flow\">\n<figure class=\"wp-block-image size-large\"><a href=\"https:\/\/www.cocondedecoration.com\/blog\/wp-content\/uploads\/2024\/09\/decoration-moderne-verte-maisons-du-monde.003.jpeg\"><img loading=\"lazy\" decoding=\"async\" width=\"640\" height=\"960\" src=\"https:\/\/www.cocondedecoration.com\/blog\/wp-content\/uploads\/2024\/09\/decoration-moderne-verte-maisons-du-monde.003-640x960.jpeg\" alt=\"Lampe champignon en m\u00e9tal dor\u00e9 et vert\" class=\"wp-image-78037\" title=\"Lampe champignon en m\u00e9tal dor\u00e9 et vert\" srcset=\"https:\/\/www.cocondedecoration.com\/blog\/wp-content\/uploads\/2024\/09\/decoration-moderne-verte-maisons-du-monde.003-640x960.jpeg 640w, https:\/\/www.cocondedecoration.com\/blog\/wp-content\/uploads\/2024\/09\/decoration-moderne-verte-maisons-du-monde.003-260x390.jpeg 260w, https:\/\/www.cocondedecoration.com\/blog\/wp-content\/uploads\/2024\/09\/decoration-moderne-verte-maisons-du-monde.003-768x1152.jpeg 768w, https:\/\/www.cocondedecoration.com\/blog\/wp-content\/uploads\/2024\/09\/decoration-moderne-verte-maisons-du-monde.003-367x550.jpeg 367w, https:\/\/www.cocondedecoration.com\/blog\/wp-content\/uploads\/2024\/09\/decoration-moderne-verte-maisons-du-monde.003-333x500.jpeg 333w, https:\/\/www.cocondedecoration.com\/blog\/wp-content\/uploads\/2024\/09\/decoration-moderne-verte-maisons-du-monde.003.jpeg 1000w\" sizes=\"(max-width: 640px) 100vw, 640px\" \/><\/a><figcaption class=\"wp-element-caption\"><a href=\"https:\/\/fnty.co\/c\/r-MyvObnwF\" target=\"_blank\" rel=\"noopener\" title=\"\">Lampe champignon en m\u00e9tal dor\u00e9 et vert<\/a> - Maisons du Monde<\/figcaption><\/figure>\n<\/div>\n\n\n\n<div class=\"wp-block-column is-layout-flow wp-block-column-is-layout-flow\">\n<figure class=\"wp-block-image size-large\"><a href=\"https:\/\/www.cocondedecoration.com\/blog\/wp-content\/uploads\/2024\/09\/decoration-moderne-verte-maisons-du-monde.004.jpeg\"><img loading=\"lazy\" decoding=\"async\" width=\"640\" height=\"960\" src=\"https:\/\/www.cocondedecoration.com\/blog\/wp-content\/uploads\/2024\/09\/decoration-moderne-verte-maisons-du-monde.004-640x960.jpeg\" alt=\"Petit meuble multi-tiroirs vert sauge\" class=\"wp-image-78038\" title=\"Petit meuble multi-tiroirs vert sauge\" srcset=\"https:\/\/www.cocondedecoration.com\/blog\/wp-content\/uploads\/2024\/09\/decoration-moderne-verte-maisons-du-monde.004-640x960.jpeg 640w, https:\/\/www.cocondedecoration.com\/blog\/wp-content\/uploads\/2024\/09\/decoration-moderne-verte-maisons-du-monde.004-260x390.jpeg 260w, https:\/\/www.cocondedecoration.com\/blog\/wp-content\/uploads\/2024\/09\/decoration-moderne-verte-maisons-du-monde.004-768x1152.jpeg 768w, https:\/\/www.cocondedecoration.com\/blog\/wp-content\/uploads\/2024\/09\/decoration-moderne-verte-maisons-du-monde.004-367x550.jpeg 367w, https:\/\/www.cocondedecoration.com\/blog\/wp-content\/uploads\/2024\/09\/decoration-moderne-verte-maisons-du-monde.004-333x500.jpeg 333w, https:\/\/www.cocondedecoration.com\/blog\/wp-content\/uploads\/2024\/09\/decoration-moderne-verte-maisons-du-monde.004.jpeg 1000w\" sizes=\"(max-width: 640px) 100vw, 640px\" \/><\/a><figcaption class=\"wp-element-caption\"><a href=\"https:\/\/fnty.co\/c\/r-NPJnBWSW\" target=\"_blank\" rel=\"noopener\" title=\"\">Petit meuble multi-tiroirs vert sauge<\/a> - Maisons du Monde<\/figcaption><\/figure>\n<\/div>\n<\/div>\n\n\n\n<div class=\"wp-block-columns is-layout-flex wp-container-core-columns-layout-9 wp-block-columns-is-layout-flex\">\n<div class=\"wp-block-column is-layout-flow wp-block-column-is-layout-flow\">\n<figure class=\"wp-block-image size-large\"><a href=\"https:\/\/www.cocondedecoration.com\/blog\/wp-content\/uploads\/2024\/09\/decoration-design-couleur-vert-the-cool-republic.003.jpeg\"><img loading=\"lazy\" decoding=\"async\" width=\"640\" height=\"960\" src=\"https:\/\/www.cocondedecoration.com\/blog\/wp-content\/uploads\/2024\/09\/decoration-design-couleur-vert-the-cool-republic.003-640x960.jpeg\" alt=\"Vase noir et vert\" class=\"wp-image-78053\" title=\"Vase noir et vert\" srcset=\"https:\/\/www.cocondedecoration.com\/blog\/wp-content\/uploads\/2024\/09\/decoration-design-couleur-vert-the-cool-republic.003-640x960.jpeg 640w, https:\/\/www.cocondedecoration.com\/blog\/wp-content\/uploads\/2024\/09\/decoration-design-couleur-vert-the-cool-republic.003-260x390.jpeg 260w, https:\/\/www.cocondedecoration.com\/blog\/wp-content\/uploads\/2024\/09\/decoration-design-couleur-vert-the-cool-republic.003-768x1152.jpeg 768w, https:\/\/www.cocondedecoration.com\/blog\/wp-content\/uploads\/2024\/09\/decoration-design-couleur-vert-the-cool-republic.003-367x550.jpeg 367w, https:\/\/www.cocondedecoration.com\/blog\/wp-content\/uploads\/2024\/09\/decoration-design-couleur-vert-the-cool-republic.003-333x500.jpeg 333w, https:\/\/www.cocondedecoration.com\/blog\/wp-content\/uploads\/2024\/09\/decoration-design-couleur-vert-the-cool-republic.003.jpeg 1000w\" sizes=\"(max-width: 640px) 100vw, 640px\" \/><\/a><figcaption class=\"wp-element-caption\"><a href=\"https:\/\/fnty.co\/c\/r-LrSxORrV\" target=\"_blank\" rel=\"noopener\" title=\"\">Vase noir et vert <\/a>- AYTM chez The Cool Republic <\/figcaption><\/figure>\n<\/div>\n\n\n\n<div class=\"wp-block-column is-layout-flow wp-block-column-is-layout-flow\">\n<figure class=\"wp-block-image size-large\"><a href=\"https:\/\/www.cocondedecoration.com\/blog\/wp-content\/uploads\/2024\/09\/decoration-design-couleur-vert-the-cool-republic.004.jpeg\"><img loading=\"lazy\" decoding=\"async\" width=\"640\" height=\"960\" src=\"https:\/\/www.cocondedecoration.com\/blog\/wp-content\/uploads\/2024\/09\/decoration-design-couleur-vert-the-cool-republic.004-640x960.jpeg\" alt=\"Puppy vert L\" class=\"wp-image-78052\" title=\"Puppy vert L\" srcset=\"https:\/\/www.cocondedecoration.com\/blog\/wp-content\/uploads\/2024\/09\/decoration-design-couleur-vert-the-cool-republic.004-640x960.jpeg 640w, https:\/\/www.cocondedecoration.com\/blog\/wp-content\/uploads\/2024\/09\/decoration-design-couleur-vert-the-cool-republic.004-260x390.jpeg 260w, https:\/\/www.cocondedecoration.com\/blog\/wp-content\/uploads\/2024\/09\/decoration-design-couleur-vert-the-cool-republic.004-768x1152.jpeg 768w, https:\/\/www.cocondedecoration.com\/blog\/wp-content\/uploads\/2024\/09\/decoration-design-couleur-vert-the-cool-republic.004-367x550.jpeg 367w, https:\/\/www.cocondedecoration.com\/blog\/wp-content\/uploads\/2024\/09\/decoration-design-couleur-vert-the-cool-republic.004-333x500.jpeg 333w, https:\/\/www.cocondedecoration.com\/blog\/wp-content\/uploads\/2024\/09\/decoration-design-couleur-vert-the-cool-republic.004.jpeg 1000w\" sizes=\"(max-width: 640px) 100vw, 640px\" \/><\/a><figcaption class=\"wp-element-caption\"><a href=\"https:\/\/fnty.co\/c\/r-iNoMvyxG\" target=\"_blank\" rel=\"noopener\" title=\"\">Puppy vert L<\/a> - Magis chez The Cool Republic<\/figcaption><\/figure>\n<\/div>\n<\/div>\n\n\n\n<div class=\"wp-block-columns is-layout-flex wp-container-core-columns-layout-10 wp-block-columns-is-layout-flex\">\n<div class=\"wp-block-column is-layout-flow wp-block-column-is-layout-flow\">\n<p class=\"has-text-align-center has-medium-font-size\" style=\"padding-top:var(--wp--preset--spacing--40);padding-bottom:var(--wp--preset--spacing--40)\"><strong>Devenez m\u00e9c\u00e8ne du blog <\/strong><\/p>\n\n\n\n<hr class=\"wp-block-separator has-alpha-channel-opacity is-style-wide\"\/>\n\n\n\n<p style=\"padding-right:var(--wp--preset--spacing--30);padding-left:var(--wp--preset--spacing--30)\">Soutenez mon travail sur le blog et acc\u00e9dez \u00e0 des contreparties exclusives: <\/p>\n\n\n\n<ul style=\"padding-right:var(--wp--preset--spacing--40);padding-left:var(--wp--preset--spacing--40)\">\n<li>Plusieurs centaines d'articles d\u00e9co, lifestyle &amp; voyage r\u00e9serv\u00e9s aux abonn\u00e9\u2022e\u2022s <\/li>\n\n\n\n<li>Toutes les entr\u00e9es de mon side project - mon dictionnaire nomade <\/li>\n\n\n\n<li>Une publicit\u00e9 limit\u00e9e sur les articles Patreon <\/li>\n<\/ul>\n\n\n\n<div class=\"wp-block-buttons is-content-justification-center is-layout-flex wp-container-core-buttons-layout-1 wp-block-buttons-is-layout-flex\">\n<div class=\"wp-block-button\"><a class=\"wp-block-button__link wp-element-button\" href=\"https:\/\/www.patreon.com\/cocondedeco\" target=\"_blank\" rel=\"noreferrer noopener\">Soutenir le blog maintenant<\/a><\/div>\n<\/div>\n<\/div>\n\n\n\n<div class=\"wp-block-column is-layout-flow wp-block-column-is-layout-flow\"><a data-pin-do=\"embedUser\" href=\"\/\/www.pinterest.com\/cocondedeco\" data-pin-scale-width=\"61\" data-pin-scale-height=\"280\" data-pin-board-width=\"540\"><\/a>\n<\/div>\n<\/div>\n\n\n\n<div class=\"wp-block-columns is-layout-flex wp-container-core-columns-layout-11 wp-block-columns-is-layout-flex\">\n<div class=\"wp-block-column is-layout-flow wp-block-column-is-layout-flow\">\n<figure class=\"wp-block-image size-large\"><a href=\"https:\/\/www.cocondedecoration.com\/blog\/wp-content\/uploads\/2024\/09\/decoration-couleur-verte-la-redoute.001.jpeg\"><img loading=\"lazy\" decoding=\"async\" width=\"640\" height=\"960\" src=\"https:\/\/www.cocondedecoration.com\/blog\/wp-content\/uploads\/2024\/09\/decoration-couleur-verte-la-redoute.001-640x960.jpeg\" alt=\"Vase en verre Living design arrondi\" class=\"wp-image-78067\" title=\"Vase en verre Living design arrondi\" srcset=\"https:\/\/www.cocondedecoration.com\/blog\/wp-content\/uploads\/2024\/09\/decoration-couleur-verte-la-redoute.001-640x960.jpeg 640w, https:\/\/www.cocondedecoration.com\/blog\/wp-content\/uploads\/2024\/09\/decoration-couleur-verte-la-redoute.001-260x390.jpeg 260w, https:\/\/www.cocondedecoration.com\/blog\/wp-content\/uploads\/2024\/09\/decoration-couleur-verte-la-redoute.001-768x1152.jpeg 768w, https:\/\/www.cocondedecoration.com\/blog\/wp-content\/uploads\/2024\/09\/decoration-couleur-verte-la-redoute.001-367x550.jpeg 367w, https:\/\/www.cocondedecoration.com\/blog\/wp-content\/uploads\/2024\/09\/decoration-couleur-verte-la-redoute.001-333x500.jpeg 333w, https:\/\/www.cocondedecoration.com\/blog\/wp-content\/uploads\/2024\/09\/decoration-couleur-verte-la-redoute.001.jpeg 1000w\" sizes=\"(max-width: 640px) 100vw, 640px\" \/><\/a><figcaption class=\"wp-element-caption\"><a href=\"https:\/\/c3po.link\/QS7JSMj2HF\" target=\"_blank\" rel=\"noopener\" title=\"\">Vase en verre Living <\/a>- OYOY Living Design chez La Redoute<\/figcaption><\/figure>\n<\/div>\n\n\n\n<div class=\"wp-block-column is-layout-flow wp-block-column-is-layout-flow\">\n<figure class=\"wp-block-image size-large\"><a href=\"https:\/\/www.cocondedecoration.com\/blog\/wp-content\/uploads\/2024\/09\/decoration-couleur-verte-la-redoute.002.jpeg\"><img loading=\"lazy\" decoding=\"async\" width=\"640\" height=\"960\" src=\"https:\/\/www.cocondedecoration.com\/blog\/wp-content\/uploads\/2024\/09\/decoration-couleur-verte-la-redoute.002-640x960.jpeg\" alt=\"Plaid polaire et sherpa vert de gris\" class=\"wp-image-78068\" title=\"Plaid polaire et sherpa vert de gris\" srcset=\"https:\/\/www.cocondedecoration.com\/blog\/wp-content\/uploads\/2024\/09\/decoration-couleur-verte-la-redoute.002-640x960.jpeg 640w, https:\/\/www.cocondedecoration.com\/blog\/wp-content\/uploads\/2024\/09\/decoration-couleur-verte-la-redoute.002-260x390.jpeg 260w, https:\/\/www.cocondedecoration.com\/blog\/wp-content\/uploads\/2024\/09\/decoration-couleur-verte-la-redoute.002-768x1152.jpeg 768w, https:\/\/www.cocondedecoration.com\/blog\/wp-content\/uploads\/2024\/09\/decoration-couleur-verte-la-redoute.002-367x550.jpeg 367w, https:\/\/www.cocondedecoration.com\/blog\/wp-content\/uploads\/2024\/09\/decoration-couleur-verte-la-redoute.002-333x500.jpeg 333w, https:\/\/www.cocondedecoration.com\/blog\/wp-content\/uploads\/2024\/09\/decoration-couleur-verte-la-redoute.002.jpeg 1000w\" sizes=\"(max-width: 640px) 100vw, 640px\" \/><\/a><figcaption class=\"wp-element-caption\"><a href=\"https:\/\/c3po.link\/QJRF8feDw9\" target=\"_blank\" rel=\"noopener\" title=\"\">Plaid polaire et sherpa vert de gris<\/a> - La Redoute Int\u00e9rieurs<\/figcaption><\/figure>\n<\/div>\n<\/div>\n\n\n\n<div class=\"wp-block-columns is-layout-flex wp-container-core-columns-layout-12 wp-block-columns-is-layout-flex\">\n<div class=\"wp-block-column is-layout-flow wp-block-column-is-layout-flow\">\n<figure class=\"wp-block-image size-large\"><a href=\"https:\/\/www.cocondedecoration.com\/blog\/wp-content\/uploads\/2024\/09\/element-deco-couleur-vert-moderne-maisons-du-monde.004.jpeg\"><img loading=\"lazy\" decoding=\"async\" width=\"640\" height=\"640\" src=\"https:\/\/www.cocondedecoration.com\/blog\/wp-content\/uploads\/2024\/09\/element-deco-couleur-vert-moderne-maisons-du-monde.004-640x640.jpeg\" alt=\"Chandelier en m\u00e9tal filaire vert\" class=\"wp-image-78046\" title=\"Chandelier en m\u00e9tal filaire vert\" srcset=\"https:\/\/www.cocondedecoration.com\/blog\/wp-content\/uploads\/2024\/09\/element-deco-couleur-vert-moderne-maisons-du-monde.004-640x640.jpeg 640w, https:\/\/www.cocondedecoration.com\/blog\/wp-content\/uploads\/2024\/09\/element-deco-couleur-vert-moderne-maisons-du-monde.004-260x260.jpeg 260w, https:\/\/www.cocondedecoration.com\/blog\/wp-content\/uploads\/2024\/09\/element-deco-couleur-vert-moderne-maisons-du-monde.004-165x165.jpeg 165w, https:\/\/www.cocondedecoration.com\/blog\/wp-content\/uploads\/2024\/09\/element-deco-couleur-vert-moderne-maisons-du-monde.004-465x465.jpeg 465w, https:\/\/www.cocondedecoration.com\/blog\/wp-content\/uploads\/2024\/09\/element-deco-couleur-vert-moderne-maisons-du-monde.004-500x500.jpeg 500w, https:\/\/www.cocondedecoration.com\/blog\/wp-content\/uploads\/2024\/09\/element-deco-couleur-vert-moderne-maisons-du-monde.004.jpeg 650w\" sizes=\"(max-width: 640px) 100vw, 640px\" \/><\/a><figcaption class=\"wp-element-caption\"><a href=\"https:\/\/fnty.co\/c\/r-PuZsJCeZ\" target=\"_blank\" rel=\"noopener\" title=\"\">Chandelier en m\u00e9tal filaire vert<\/a> - Maisons du Monde<\/figcaption><\/figure>\n<\/div>\n\n\n\n<div class=\"wp-block-column is-layout-flow wp-block-column-is-layout-flow\">\n<figure class=\"wp-block-image size-large\"><a href=\"https:\/\/www.cocondedecoration.com\/blog\/wp-content\/uploads\/2024\/09\/element-deco-couleur-vert-moderne-maisons-du-monde.005.jpeg\"><img loading=\"lazy\" decoding=\"async\" width=\"640\" height=\"640\" src=\"https:\/\/www.cocondedecoration.com\/blog\/wp-content\/uploads\/2024\/09\/element-deco-couleur-vert-moderne-maisons-du-monde.005-640x640.jpeg\" alt=\"Vase en verre vert d'eau H25\" class=\"wp-image-78045\" title=\"Vase en verre vert d'eau H25\" srcset=\"https:\/\/www.cocondedecoration.com\/blog\/wp-content\/uploads\/2024\/09\/element-deco-couleur-vert-moderne-maisons-du-monde.005-640x640.jpeg 640w, https:\/\/www.cocondedecoration.com\/blog\/wp-content\/uploads\/2024\/09\/element-deco-couleur-vert-moderne-maisons-du-monde.005-260x260.jpeg 260w, https:\/\/www.cocondedecoration.com\/blog\/wp-content\/uploads\/2024\/09\/element-deco-couleur-vert-moderne-maisons-du-monde.005-165x165.jpeg 165w, https:\/\/www.cocondedecoration.com\/blog\/wp-content\/uploads\/2024\/09\/element-deco-couleur-vert-moderne-maisons-du-monde.005-465x465.jpeg 465w, https:\/\/www.cocondedecoration.com\/blog\/wp-content\/uploads\/2024\/09\/element-deco-couleur-vert-moderne-maisons-du-monde.005-500x500.jpeg 500w, https:\/\/www.cocondedecoration.com\/blog\/wp-content\/uploads\/2024\/09\/element-deco-couleur-vert-moderne-maisons-du-monde.005.jpeg 650w\" sizes=\"(max-width: 640px) 100vw, 640px\" \/><\/a><figcaption class=\"wp-element-caption\"><a href=\"https:\/\/fnty.co\/c\/r-hJxAvehg\" target=\"_blank\" rel=\"noopener\" title=\"\">Vase en verre vert d'eau H25<\/a> - Maisons du Monde<\/figcaption><\/figure>\n<\/div>\n\n\n\n<div class=\"wp-block-column is-layout-flow wp-block-column-is-layout-flow\">\n<figure class=\"wp-block-image size-large\"><a href=\"https:\/\/www.cocondedecoration.com\/blog\/wp-content\/uploads\/2024\/09\/element-deco-couleur-vert-moderne-maisons-du-monde.006.jpeg\"><img loading=\"lazy\" decoding=\"async\" width=\"640\" height=\"640\" src=\"https:\/\/www.cocondedecoration.com\/blog\/wp-content\/uploads\/2024\/09\/element-deco-couleur-vert-moderne-maisons-du-monde.006-640x640.jpeg\" alt=\"Miroir rectangulaire vert 48x60\" class=\"wp-image-78044\" title=\"Miroir rectangulaire vert 48x60\" srcset=\"https:\/\/www.cocondedecoration.com\/blog\/wp-content\/uploads\/2024\/09\/element-deco-couleur-vert-moderne-maisons-du-monde.006-640x640.jpeg 640w, https:\/\/www.cocondedecoration.com\/blog\/wp-content\/uploads\/2024\/09\/element-deco-couleur-vert-moderne-maisons-du-monde.006-260x260.jpeg 260w, https:\/\/www.cocondedecoration.com\/blog\/wp-content\/uploads\/2024\/09\/element-deco-couleur-vert-moderne-maisons-du-monde.006-165x165.jpeg 165w, https:\/\/www.cocondedecoration.com\/blog\/wp-content\/uploads\/2024\/09\/element-deco-couleur-vert-moderne-maisons-du-monde.006-465x465.jpeg 465w, https:\/\/www.cocondedecoration.com\/blog\/wp-content\/uploads\/2024\/09\/element-deco-couleur-vert-moderne-maisons-du-monde.006-500x500.jpeg 500w, https:\/\/www.cocondedecoration.com\/blog\/wp-content\/uploads\/2024\/09\/element-deco-couleur-vert-moderne-maisons-du-monde.006.jpeg 650w\" sizes=\"(max-width: 640px) 100vw, 640px\" \/><\/a><figcaption class=\"wp-element-caption\"><a href=\"https:\/\/fnty.co\/c\/r-wENtqKRp\" target=\"_blank\" rel=\"noopener\" title=\"\">Miroir rectangulaire vert <\/a>- Maisons du Monde<\/figcaption><\/figure>\n<\/div>\n<\/div>\n\n\n\n<div class=\"wp-block-columns is-layout-flex wp-container-core-columns-layout-13 wp-block-columns-is-layout-flex\">\n<div class=\"wp-block-column is-layout-flow wp-block-column-is-layout-flow\">\n<figure class=\"wp-block-image size-large\"><a href=\"https:\/\/www.cocondedecoration.com\/blog\/wp-content\/uploads\/2024\/09\/decoration-moderne-verte-maisons-du-monde.005.jpeg\"><img loading=\"lazy\" decoding=\"async\" width=\"640\" height=\"960\" src=\"https:\/\/www.cocondedecoration.com\/blog\/wp-content\/uploads\/2024\/09\/decoration-moderne-verte-maisons-du-monde.005-640x960.jpeg\" alt=\"Tapis style berb\u00e8re tuft\u00e9 coton kaki\" class=\"wp-image-78039\" title=\"Tapis style berb\u00e8re tuft\u00e9 coton kaki\" srcset=\"https:\/\/www.cocondedecoration.com\/blog\/wp-content\/uploads\/2024\/09\/decoration-moderne-verte-maisons-du-monde.005-640x960.jpeg 640w, https:\/\/www.cocondedecoration.com\/blog\/wp-content\/uploads\/2024\/09\/decoration-moderne-verte-maisons-du-monde.005-260x390.jpeg 260w, https:\/\/www.cocondedecoration.com\/blog\/wp-content\/uploads\/2024\/09\/decoration-moderne-verte-maisons-du-monde.005-768x1152.jpeg 768w, https:\/\/www.cocondedecoration.com\/blog\/wp-content\/uploads\/2024\/09\/decoration-moderne-verte-maisons-du-monde.005-367x550.jpeg 367w, https:\/\/www.cocondedecoration.com\/blog\/wp-content\/uploads\/2024\/09\/decoration-moderne-verte-maisons-du-monde.005-333x500.jpeg 333w, https:\/\/www.cocondedecoration.com\/blog\/wp-content\/uploads\/2024\/09\/decoration-moderne-verte-maisons-du-monde.005.jpeg 1000w\" sizes=\"(max-width: 640px) 100vw, 640px\" \/><\/a><figcaption class=\"wp-element-caption\"><a href=\"https:\/\/fnty.co\/c\/r-weOWYAoz\" target=\"_blank\" rel=\"noopener\" title=\"\">Tapis style berb\u00e8re tuft\u00e9 coton kaki <\/a>- Future Home chez Maisons du Monde<\/figcaption><\/figure>\n<\/div>\n\n\n\n<div class=\"wp-block-column is-layout-flow wp-block-column-is-layout-flow\">\n<figure class=\"wp-block-image size-large\"><a href=\"https:\/\/www.cocondedecoration.com\/blog\/wp-content\/uploads\/2024\/09\/decoration-moderne-verte-maisons-du-monde.006.jpeg\"><img loading=\"lazy\" decoding=\"async\" width=\"640\" height=\"960\" src=\"https:\/\/www.cocondedecoration.com\/blog\/wp-content\/uploads\/2024\/09\/decoration-moderne-verte-maisons-du-monde.006-640x960.jpeg\" alt=\"Rideau voilage \u00e0 \u0153illets en polyester recycl\u00e9 vert kaki \" class=\"wp-image-78040\" title=\"Rideau voilage \u00e0 \u0153illets en polyester recycl\u00e9 vert kaki \" srcset=\"https:\/\/www.cocondedecoration.com\/blog\/wp-content\/uploads\/2024\/09\/decoration-moderne-verte-maisons-du-monde.006-640x960.jpeg 640w, https:\/\/www.cocondedecoration.com\/blog\/wp-content\/uploads\/2024\/09\/decoration-moderne-verte-maisons-du-monde.006-260x390.jpeg 260w, https:\/\/www.cocondedecoration.com\/blog\/wp-content\/uploads\/2024\/09\/decoration-moderne-verte-maisons-du-monde.006-768x1152.jpeg 768w, https:\/\/www.cocondedecoration.com\/blog\/wp-content\/uploads\/2024\/09\/decoration-moderne-verte-maisons-du-monde.006-367x550.jpeg 367w, https:\/\/www.cocondedecoration.com\/blog\/wp-content\/uploads\/2024\/09\/decoration-moderne-verte-maisons-du-monde.006-333x500.jpeg 333w, https:\/\/www.cocondedecoration.com\/blog\/wp-content\/uploads\/2024\/09\/decoration-moderne-verte-maisons-du-monde.006.jpeg 1000w\" sizes=\"(max-width: 640px) 100vw, 640px\" \/><\/a><figcaption class=\"wp-element-caption\"><a href=\"https:\/\/fnty.co\/c\/r-EAPRccfc\" title=\"\">Rideau voilage \u00e0 \u0153illets en polyester recycl\u00e9 vert kaki&nbsp;<\/a> - Maisons du Monde<\/figcaption><\/figure>\n<\/div>\n<\/div>\n\n\n\n<div class=\"wp-block-columns is-layout-flex wp-container-core-columns-layout-14 wp-block-columns-is-layout-flex\">\n<div class=\"wp-block-column is-layout-flow wp-block-column-is-layout-flow\">\n<figure class=\"wp-block-image size-large\"><a href=\"https:\/\/www.cocondedecoration.com\/blog\/wp-content\/uploads\/2024\/09\/decoration-couleur-verte-la-redoute.003.jpeg\"><img loading=\"lazy\" decoding=\"async\" width=\"640\" height=\"960\" src=\"https:\/\/www.cocondedecoration.com\/blog\/wp-content\/uploads\/2024\/09\/decoration-couleur-verte-la-redoute.003-640x960.jpeg\" alt=\"Bougeoir en verre H20,3 cm\" class=\"wp-image-78069\" title=\"Bougeoir en verre H20,3 cm\" srcset=\"https:\/\/www.cocondedecoration.com\/blog\/wp-content\/uploads\/2024\/09\/decoration-couleur-verte-la-redoute.003-640x960.jpeg 640w, https:\/\/www.cocondedecoration.com\/blog\/wp-content\/uploads\/2024\/09\/decoration-couleur-verte-la-redoute.003-260x390.jpeg 260w, https:\/\/www.cocondedecoration.com\/blog\/wp-content\/uploads\/2024\/09\/decoration-couleur-verte-la-redoute.003-768x1152.jpeg 768w, https:\/\/www.cocondedecoration.com\/blog\/wp-content\/uploads\/2024\/09\/decoration-couleur-verte-la-redoute.003-367x550.jpeg 367w, https:\/\/www.cocondedecoration.com\/blog\/wp-content\/uploads\/2024\/09\/decoration-couleur-verte-la-redoute.003-333x500.jpeg 333w, https:\/\/www.cocondedecoration.com\/blog\/wp-content\/uploads\/2024\/09\/decoration-couleur-verte-la-redoute.003.jpeg 1000w\" sizes=\"(max-width: 640px) 100vw, 640px\" \/><\/a><figcaption class=\"wp-element-caption\"><a href=\"https:\/\/c3po.link\/Qw7ydtYDtw\" target=\"_blank\" rel=\"noopener\" title=\"\">Bougeoir en verre<\/a> - La Redoute Int\u00e9rieurs<\/figcaption><\/figure>\n<\/div>\n\n\n\n<div class=\"wp-block-column is-layout-flow wp-block-column-is-layout-flow\">\n<figure class=\"wp-block-image size-large\"><a href=\"https:\/\/www.cocondedecoration.com\/blog\/wp-content\/uploads\/2024\/09\/decoration-couleur-verte-la-redoute.004.jpeg\"><img loading=\"lazy\" decoding=\"async\" width=\"640\" height=\"960\" src=\"https:\/\/www.cocondedecoration.com\/blog\/wp-content\/uploads\/2024\/09\/decoration-couleur-verte-la-redoute.004-640x960.jpeg\" alt=\"Housse de coussin pur lin lav\u00e9\" class=\"wp-image-78070\" title=\"Housse de coussin pur lin lav\u00e9\" srcset=\"https:\/\/www.cocondedecoration.com\/blog\/wp-content\/uploads\/2024\/09\/decoration-couleur-verte-la-redoute.004-640x960.jpeg 640w, https:\/\/www.cocondedecoration.com\/blog\/wp-content\/uploads\/2024\/09\/decoration-couleur-verte-la-redoute.004-260x390.jpeg 260w, https:\/\/www.cocondedecoration.com\/blog\/wp-content\/uploads\/2024\/09\/decoration-couleur-verte-la-redoute.004-768x1152.jpeg 768w, https:\/\/www.cocondedecoration.com\/blog\/wp-content\/uploads\/2024\/09\/decoration-couleur-verte-la-redoute.004-367x550.jpeg 367w, https:\/\/www.cocondedecoration.com\/blog\/wp-content\/uploads\/2024\/09\/decoration-couleur-verte-la-redoute.004-333x500.jpeg 333w, https:\/\/www.cocondedecoration.com\/blog\/wp-content\/uploads\/2024\/09\/decoration-couleur-verte-la-redoute.004.jpeg 1000w\" sizes=\"(max-width: 640px) 100vw, 640px\" \/><\/a><figcaption class=\"wp-element-caption\"><a href=\"https:\/\/c3po.link\/QxYHhny4dV\" target=\"_blank\" rel=\"noopener\" title=\"\">Housse de coussin pur lin lav\u00e9<\/a> - AMPM<\/figcaption><\/figure>\n<\/div>\n<\/div>\n\n\n\n<div class=\"wp-block-columns is-layout-flex wp-container-core-columns-layout-15 wp-block-columns-is-layout-flex\">\n<div class=\"wp-block-column is-layout-flow wp-block-column-is-layout-flow\">\n<figure class=\"wp-block-image size-large\"><a href=\"https:\/\/www.cocondedecoration.com\/blog\/wp-content\/uploads\/2024\/09\/element-deco-couleur-vert-moderne-maisons-du-monde.007.jpeg\"><img loading=\"lazy\" decoding=\"async\" width=\"640\" height=\"640\" src=\"https:\/\/www.cocondedecoration.com\/blog\/wp-content\/uploads\/2024\/09\/element-deco-couleur-vert-moderne-maisons-du-monde.007-640x640.jpeg\" alt=\"Housse de couette imprim\u00e9e en lyocell vert\" class=\"wp-image-78043\" title=\"Housse de couette imprim\u00e9e en lyocell vert\" srcset=\"https:\/\/www.cocondedecoration.com\/blog\/wp-content\/uploads\/2024\/09\/element-deco-couleur-vert-moderne-maisons-du-monde.007-640x640.jpeg 640w, https:\/\/www.cocondedecoration.com\/blog\/wp-content\/uploads\/2024\/09\/element-deco-couleur-vert-moderne-maisons-du-monde.007-260x260.jpeg 260w, https:\/\/www.cocondedecoration.com\/blog\/wp-content\/uploads\/2024\/09\/element-deco-couleur-vert-moderne-maisons-du-monde.007-165x165.jpeg 165w, https:\/\/www.cocondedecoration.com\/blog\/wp-content\/uploads\/2024\/09\/element-deco-couleur-vert-moderne-maisons-du-monde.007-465x465.jpeg 465w, https:\/\/www.cocondedecoration.com\/blog\/wp-content\/uploads\/2024\/09\/element-deco-couleur-vert-moderne-maisons-du-monde.007-500x500.jpeg 500w, https:\/\/www.cocondedecoration.com\/blog\/wp-content\/uploads\/2024\/09\/element-deco-couleur-vert-moderne-maisons-du-monde.007.jpeg 650w\" sizes=\"(max-width: 640px) 100vw, 640px\" \/><\/a><figcaption class=\"wp-element-caption\"><a href=\"https:\/\/fnty.co\/c\/r-diWSVQph\" target=\"_blank\" rel=\"noopener\" title=\"\">Housse de couette imprim\u00e9e en lyocell vert<\/a> - Origin chez Maisons du Monde<\/figcaption><\/figure>\n<\/div>\n\n\n\n<div class=\"wp-block-column is-layout-flow wp-block-column-is-layout-flow\">\n<figure class=\"wp-block-image size-large\"><a href=\"https:\/\/www.cocondedecoration.com\/blog\/wp-content\/uploads\/2024\/09\/element-deco-couleur-vert-moderne-maisons-du-monde.008.jpeg\"><img loading=\"lazy\" decoding=\"async\" width=\"640\" height=\"640\" src=\"https:\/\/www.cocondedecoration.com\/blog\/wp-content\/uploads\/2024\/09\/element-deco-couleur-vert-moderne-maisons-du-monde.008-640x640.jpeg\" alt=\"Tapis Vert\/Turquoise 160 X 230\" class=\"wp-image-78042\" title=\"Tapis Vert\/Turquoise 160 X 230\" srcset=\"https:\/\/www.cocondedecoration.com\/blog\/wp-content\/uploads\/2024\/09\/element-deco-couleur-vert-moderne-maisons-du-monde.008-640x640.jpeg 640w, https:\/\/www.cocondedecoration.com\/blog\/wp-content\/uploads\/2024\/09\/element-deco-couleur-vert-moderne-maisons-du-monde.008-260x260.jpeg 260w, https:\/\/www.cocondedecoration.com\/blog\/wp-content\/uploads\/2024\/09\/element-deco-couleur-vert-moderne-maisons-du-monde.008-165x165.jpeg 165w, https:\/\/www.cocondedecoration.com\/blog\/wp-content\/uploads\/2024\/09\/element-deco-couleur-vert-moderne-maisons-du-monde.008-465x465.jpeg 465w, https:\/\/www.cocondedecoration.com\/blog\/wp-content\/uploads\/2024\/09\/element-deco-couleur-vert-moderne-maisons-du-monde.008-500x500.jpeg 500w, https:\/\/www.cocondedecoration.com\/blog\/wp-content\/uploads\/2024\/09\/element-deco-couleur-vert-moderne-maisons-du-monde.008.jpeg 650w\" sizes=\"(max-width: 640px) 100vw, 640px\" \/><\/a><figcaption class=\"wp-element-caption\"><a href=\"https:\/\/fnty.co\/c\/r-rFXjSNUR\" target=\"_blank\" rel=\"noopener\" title=\"\">Tapis Vert\/Turquoise 160 X 230<\/a> - Safavieh chez Maisons du Monde<\/figcaption><\/figure>\n<\/div>\n\n\n\n<div class=\"wp-block-column is-layout-flow wp-block-column-is-layout-flow\">\n<figure class=\"wp-block-image size-large\"><a href=\"https:\/\/www.cocondedecoration.com\/blog\/wp-content\/uploads\/2024\/09\/element-deco-couleur-vert-moderne-maisons-du-monde.009.jpeg\"><img loading=\"lazy\" decoding=\"async\" width=\"640\" height=\"640\" src=\"https:\/\/www.cocondedecoration.com\/blog\/wp-content\/uploads\/2024\/09\/element-deco-couleur-vert-moderne-maisons-du-monde.009-640x640.jpeg\" alt=\"Canap\u00e9 clic-clac 3 places en velours vert\" class=\"wp-image-78041\" title=\"Canap\u00e9 clic-clac 3 places en velours vert\" srcset=\"https:\/\/www.cocondedecoration.com\/blog\/wp-content\/uploads\/2024\/09\/element-deco-couleur-vert-moderne-maisons-du-monde.009-640x640.jpeg 640w, https:\/\/www.cocondedecoration.com\/blog\/wp-content\/uploads\/2024\/09\/element-deco-couleur-vert-moderne-maisons-du-monde.009-260x260.jpeg 260w, https:\/\/www.cocondedecoration.com\/blog\/wp-content\/uploads\/2024\/09\/element-deco-couleur-vert-moderne-maisons-du-monde.009-165x165.jpeg 165w, https:\/\/www.cocondedecoration.com\/blog\/wp-content\/uploads\/2024\/09\/element-deco-couleur-vert-moderne-maisons-du-monde.009-465x465.jpeg 465w, https:\/\/www.cocondedecoration.com\/blog\/wp-content\/uploads\/2024\/09\/element-deco-couleur-vert-moderne-maisons-du-monde.009-500x500.jpeg 500w, https:\/\/www.cocondedecoration.com\/blog\/wp-content\/uploads\/2024\/09\/element-deco-couleur-vert-moderne-maisons-du-monde.009.jpeg 650w\" sizes=\"(max-width: 640px) 100vw, 640px\" \/><\/a><figcaption class=\"wp-element-caption\"><a href=\"https:\/\/fnty.co\/c\/r-hFJyEJAw\" target=\"_blank\" rel=\"noopener\" title=\"\">Canap\u00e9 clic-clac 3 places en velours vert<\/a> - Maisons du Monde<\/figcaption><\/figure>\n<\/div>\n<\/div>\n\n\n\n<div class=\"wp-block-columns is-layout-flex wp-container-core-columns-layout-16 wp-block-columns-is-layout-flex\">\n<div class=\"wp-block-column is-layout-flow wp-block-column-is-layout-flow\">\n<figure class=\"wp-block-image size-large\"><a href=\"https:\/\/www.cocondedecoration.com\/blog\/wp-content\/uploads\/2024\/09\/deco-design-qualite-couleur-vert-drawer.005.jpeg\"><img loading=\"lazy\" decoding=\"async\" width=\"640\" height=\"960\" src=\"https:\/\/www.cocondedecoration.com\/blog\/wp-content\/uploads\/2024\/09\/deco-design-qualite-couleur-vert-drawer.005-640x960.jpeg\" alt=\"Lot de 2 chaises en tissu et m\u00e9tal\" class=\"wp-image-78081\" title=\"Lot de 2 chaises en tissu et m\u00e9tal\" srcset=\"https:\/\/www.cocondedecoration.com\/blog\/wp-content\/uploads\/2024\/09\/deco-design-qualite-couleur-vert-drawer.005-640x960.jpeg 640w, https:\/\/www.cocondedecoration.com\/blog\/wp-content\/uploads\/2024\/09\/deco-design-qualite-couleur-vert-drawer.005-260x390.jpeg 260w, https:\/\/www.cocondedecoration.com\/blog\/wp-content\/uploads\/2024\/09\/deco-design-qualite-couleur-vert-drawer.005-768x1152.jpeg 768w, https:\/\/www.cocondedecoration.com\/blog\/wp-content\/uploads\/2024\/09\/deco-design-qualite-couleur-vert-drawer.005-367x550.jpeg 367w, https:\/\/www.cocondedecoration.com\/blog\/wp-content\/uploads\/2024\/09\/deco-design-qualite-couleur-vert-drawer.005-333x500.jpeg 333w, https:\/\/www.cocondedecoration.com\/blog\/wp-content\/uploads\/2024\/09\/deco-design-qualite-couleur-vert-drawer.005.jpeg 1000w\" sizes=\"(max-width: 640px) 100vw, 640px\" \/><\/a><figcaption class=\"wp-element-caption\"><a href=\"https:\/\/c3po.link\/nQ2PakZ5wY\" target=\"_blank\" rel=\"noopener\" title=\"\">Lot de 2 chaises en tissu et m\u00e9tal <\/a>- Drawer<\/figcaption><\/figure>\n<\/div>\n\n\n\n<div class=\"wp-block-column is-layout-flow wp-block-column-is-layout-flow\">\n<figure class=\"wp-block-image size-large\"><a href=\"https:\/\/www.cocondedecoration.com\/blog\/wp-content\/uploads\/2024\/09\/deco-design-qualite-couleur-vert-drawer.006.jpeg\"><img loading=\"lazy\" decoding=\"async\" width=\"640\" height=\"960\" src=\"https:\/\/www.cocondedecoration.com\/blog\/wp-content\/uploads\/2024\/09\/deco-design-qualite-couleur-vert-drawer.006-640x960.jpeg\" alt=\"Table d'appoint ronde en aluminium design\" class=\"wp-image-78082\" title=\"Table d'appoint ronde en aluminium design\" srcset=\"https:\/\/www.cocondedecoration.com\/blog\/wp-content\/uploads\/2024\/09\/deco-design-qualite-couleur-vert-drawer.006-640x960.jpeg 640w, https:\/\/www.cocondedecoration.com\/blog\/wp-content\/uploads\/2024\/09\/deco-design-qualite-couleur-vert-drawer.006-260x390.jpeg 260w, https:\/\/www.cocondedecoration.com\/blog\/wp-content\/uploads\/2024\/09\/deco-design-qualite-couleur-vert-drawer.006-768x1152.jpeg 768w, https:\/\/www.cocondedecoration.com\/blog\/wp-content\/uploads\/2024\/09\/deco-design-qualite-couleur-vert-drawer.006-367x550.jpeg 367w, https:\/\/www.cocondedecoration.com\/blog\/wp-content\/uploads\/2024\/09\/deco-design-qualite-couleur-vert-drawer.006-333x500.jpeg 333w, https:\/\/www.cocondedecoration.com\/blog\/wp-content\/uploads\/2024\/09\/deco-design-qualite-couleur-vert-drawer.006.jpeg 1000w\" sizes=\"(max-width: 640px) 100vw, 640px\" \/><\/a><figcaption class=\"wp-element-caption\"><a href=\"https:\/\/c3po.link\/QPexAvpAgR\" target=\"_blank\" rel=\"noopener\" title=\"\">Table d'appoint ronde en aluminium<\/a> - Drawer<\/figcaption><\/figure>\n<\/div>\n<\/div>\n\n\n\n<div class=\"wp-block-columns is-layout-flex wp-container-core-columns-layout-17 wp-block-columns-is-layout-flex\">\n<div class=\"wp-block-column is-layout-flow wp-block-column-is-layout-flow\">\n<figure class=\"wp-block-image size-large\"><a href=\"https:\/\/www.cocondedecoration.com\/blog\/wp-content\/uploads\/2024\/09\/decoration-design-couleur-vert-the-cool-republic.005.jpeg\"><img loading=\"lazy\" decoding=\"async\" width=\"640\" height=\"960\" src=\"https:\/\/www.cocondedecoration.com\/blog\/wp-content\/uploads\/2024\/09\/decoration-design-couleur-vert-the-cool-republic.005-640x960.jpeg\" alt=\"Panier en c\u00e9ramique vert\" class=\"wp-image-78051\" title=\"Panier en c\u00e9ramique vert\" srcset=\"https:\/\/www.cocondedecoration.com\/blog\/wp-content\/uploads\/2024\/09\/decoration-design-couleur-vert-the-cool-republic.005-640x960.jpeg 640w, https:\/\/www.cocondedecoration.com\/blog\/wp-content\/uploads\/2024\/09\/decoration-design-couleur-vert-the-cool-republic.005-260x390.jpeg 260w, https:\/\/www.cocondedecoration.com\/blog\/wp-content\/uploads\/2024\/09\/decoration-design-couleur-vert-the-cool-republic.005-768x1152.jpeg 768w, https:\/\/www.cocondedecoration.com\/blog\/wp-content\/uploads\/2024\/09\/decoration-design-couleur-vert-the-cool-republic.005-367x550.jpeg 367w, https:\/\/www.cocondedecoration.com\/blog\/wp-content\/uploads\/2024\/09\/decoration-design-couleur-vert-the-cool-republic.005-333x500.jpeg 333w, https:\/\/www.cocondedecoration.com\/blog\/wp-content\/uploads\/2024\/09\/decoration-design-couleur-vert-the-cool-republic.005.jpeg 1000w\" sizes=\"(max-width: 640px) 100vw, 640px\" \/><\/a><figcaption class=\"wp-element-caption\"><a href=\"https:\/\/fnty.co\/c\/r-bPVqVyUG\" target=\"_blank\" rel=\"noopener\" title=\"\">Panier en c\u00e9ramique vert<\/a> - Ferm Living chez The Cool Republic <\/figcaption><\/figure>\n<\/div>\n\n\n\n<div class=\"wp-block-column is-layout-flow wp-block-column-is-layout-flow\">\n<figure class=\"wp-block-image size-large\"><a href=\"https:\/\/www.cocondedecoration.com\/blog\/wp-content\/uploads\/2024\/09\/decoration-design-couleur-vert-the-cool-republic.006.jpeg\"><img loading=\"lazy\" decoding=\"async\" width=\"640\" height=\"960\" src=\"https:\/\/www.cocondedecoration.com\/blog\/wp-content\/uploads\/2024\/09\/decoration-design-couleur-vert-the-cool-republic.006-640x960.jpeg\" alt=\"Tapis rectangulaire en laine blanc, kaki et noir\" class=\"wp-image-78050\" title=\"Tapis rectangulaire en laine blanc, kaki et noir\" srcset=\"https:\/\/www.cocondedecoration.com\/blog\/wp-content\/uploads\/2024\/09\/decoration-design-couleur-vert-the-cool-republic.006-640x960.jpeg 640w, https:\/\/www.cocondedecoration.com\/blog\/wp-content\/uploads\/2024\/09\/decoration-design-couleur-vert-the-cool-republic.006-260x390.jpeg 260w, https:\/\/www.cocondedecoration.com\/blog\/wp-content\/uploads\/2024\/09\/decoration-design-couleur-vert-the-cool-republic.006-768x1152.jpeg 768w, https:\/\/www.cocondedecoration.com\/blog\/wp-content\/uploads\/2024\/09\/decoration-design-couleur-vert-the-cool-republic.006-367x550.jpeg 367w, https:\/\/www.cocondedecoration.com\/blog\/wp-content\/uploads\/2024\/09\/decoration-design-couleur-vert-the-cool-republic.006-333x500.jpeg 333w, https:\/\/www.cocondedecoration.com\/blog\/wp-content\/uploads\/2024\/09\/decoration-design-couleur-vert-the-cool-republic.006.jpeg 1000w\" sizes=\"(max-width: 640px) 100vw, 640px\" \/><\/a><figcaption class=\"wp-element-caption\"><a href=\"https:\/\/fnty.co\/c\/r-KZlNWqFk\" target=\"_blank\" rel=\"noopener\" title=\"\">Tapis rectangulaire en laine blanc, kaki et noir<\/a> - Edito chez The Cool Republic<\/figcaption><\/figure>\n<\/div>\n<\/div>\n\n\n\n<div class=\"wp-block-columns is-layout-flex wp-container-core-columns-layout-18 wp-block-columns-is-layout-flex\">\n<div class=\"wp-block-column is-layout-flow wp-block-column-is-layout-flow\">\n<figure class=\"wp-block-image size-large\"><a href=\"https:\/\/www.cocondedecoration.com\/blog\/wp-content\/uploads\/2024\/09\/decoration-couleur-verte-pas-cher-blancheporte.001.jpeg\"><img loading=\"lazy\" decoding=\"async\" width=\"640\" height=\"640\" src=\"https:\/\/www.cocondedecoration.com\/blog\/wp-content\/uploads\/2024\/09\/decoration-couleur-verte-pas-cher-blancheporte.001-640x640.jpeg\" alt=\"Table de chevet bicolore, 1 tiroir\" class=\"wp-image-78058\" title=\"Table de chevet bicolore, 1 tiroir\" srcset=\"https:\/\/www.cocondedecoration.com\/blog\/wp-content\/uploads\/2024\/09\/decoration-couleur-verte-pas-cher-blancheporte.001-640x640.jpeg 640w, https:\/\/www.cocondedecoration.com\/blog\/wp-content\/uploads\/2024\/09\/decoration-couleur-verte-pas-cher-blancheporte.001-260x260.jpeg 260w, https:\/\/www.cocondedecoration.com\/blog\/wp-content\/uploads\/2024\/09\/decoration-couleur-verte-pas-cher-blancheporte.001-165x165.jpeg 165w, https:\/\/www.cocondedecoration.com\/blog\/wp-content\/uploads\/2024\/09\/decoration-couleur-verte-pas-cher-blancheporte.001-465x465.jpeg 465w, https:\/\/www.cocondedecoration.com\/blog\/wp-content\/uploads\/2024\/09\/decoration-couleur-verte-pas-cher-blancheporte.001-500x500.jpeg 500w, https:\/\/www.cocondedecoration.com\/blog\/wp-content\/uploads\/2024\/09\/decoration-couleur-verte-pas-cher-blancheporte.001.jpeg 650w\" sizes=\"(max-width: 640px) 100vw, 640px\" \/><\/a><figcaption class=\"wp-element-caption\"><a href=\"https:\/\/fnty.co\/c\/r-JUtpjzco\" target=\"_blank\" rel=\"noopener\" title=\"\">Table de chevet bicolore, 1 tiroir <\/a>- Blancheporte<\/figcaption><\/figure>\n<\/div>\n\n\n\n<div class=\"wp-block-column is-layout-flow wp-block-column-is-layout-flow\">\n<figure class=\"wp-block-image size-large\"><a href=\"https:\/\/www.cocondedecoration.com\/blog\/wp-content\/uploads\/2024\/09\/decoration-couleur-verte-pas-cher-blancheporte.002.jpeg\"><img loading=\"lazy\" decoding=\"async\" width=\"640\" height=\"640\" src=\"https:\/\/www.cocondedecoration.com\/blog\/wp-content\/uploads\/2024\/09\/decoration-couleur-verte-pas-cher-blancheporte.002-640x640.jpeg\" alt=\"Tapis rond poils longs vert sapin\" class=\"wp-image-78059\" title=\"Tapis rond poils longs vert sapin\" srcset=\"https:\/\/www.cocondedecoration.com\/blog\/wp-content\/uploads\/2024\/09\/decoration-couleur-verte-pas-cher-blancheporte.002-640x640.jpeg 640w, https:\/\/www.cocondedecoration.com\/blog\/wp-content\/uploads\/2024\/09\/decoration-couleur-verte-pas-cher-blancheporte.002-260x260.jpeg 260w, https:\/\/www.cocondedecoration.com\/blog\/wp-content\/uploads\/2024\/09\/decoration-couleur-verte-pas-cher-blancheporte.002-165x165.jpeg 165w, https:\/\/www.cocondedecoration.com\/blog\/wp-content\/uploads\/2024\/09\/decoration-couleur-verte-pas-cher-blancheporte.002-465x465.jpeg 465w, https:\/\/www.cocondedecoration.com\/blog\/wp-content\/uploads\/2024\/09\/decoration-couleur-verte-pas-cher-blancheporte.002-500x500.jpeg 500w, https:\/\/www.cocondedecoration.com\/blog\/wp-content\/uploads\/2024\/09\/decoration-couleur-verte-pas-cher-blancheporte.002.jpeg 650w\" sizes=\"(max-width: 640px) 100vw, 640px\" \/><\/a><figcaption class=\"wp-element-caption\"><a href=\"https:\/\/fnty.co\/c\/r-tvoTNkOd\" target=\"_blank\" rel=\"noopener\" title=\"\">Tapis rond poils longs vert sapin<\/a> - Blancheporte<\/figcaption><\/figure>\n<\/div>\n\n\n\n<div class=\"wp-block-column is-layout-flow wp-block-column-is-layout-flow\">\n<figure class=\"wp-block-image size-large\"><a href=\"https:\/\/www.cocondedecoration.com\/blog\/wp-content\/uploads\/2024\/09\/decoration-couleur-verte-pas-cher-blancheporte.003.jpeg\"><img loading=\"lazy\" decoding=\"async\" width=\"640\" height=\"640\" src=\"https:\/\/www.cocondedecoration.com\/blog\/wp-content\/uploads\/2024\/09\/decoration-couleur-verte-pas-cher-blancheporte.003-640x640.jpeg\" alt=\"Plaid jet\u00e9 multicolore coton tissage artisanal\" class=\"wp-image-78060\" title=\"Plaid jet\u00e9 multicolore coton tissage artisanal\" srcset=\"https:\/\/www.cocondedecoration.com\/blog\/wp-content\/uploads\/2024\/09\/decoration-couleur-verte-pas-cher-blancheporte.003-640x640.jpeg 640w, https:\/\/www.cocondedecoration.com\/blog\/wp-content\/uploads\/2024\/09\/decoration-couleur-verte-pas-cher-blancheporte.003-260x260.jpeg 260w, https:\/\/www.cocondedecoration.com\/blog\/wp-content\/uploads\/2024\/09\/decoration-couleur-verte-pas-cher-blancheporte.003-165x165.jpeg 165w, https:\/\/www.cocondedecoration.com\/blog\/wp-content\/uploads\/2024\/09\/decoration-couleur-verte-pas-cher-blancheporte.003-465x465.jpeg 465w, https:\/\/www.cocondedecoration.com\/blog\/wp-content\/uploads\/2024\/09\/decoration-couleur-verte-pas-cher-blancheporte.003-500x500.jpeg 500w, https:\/\/www.cocondedecoration.com\/blog\/wp-content\/uploads\/2024\/09\/decoration-couleur-verte-pas-cher-blancheporte.003.jpeg 650w\" sizes=\"(max-width: 640px) 100vw, 640px\" \/><\/a><figcaption class=\"wp-element-caption\"><a href=\"https:\/\/fnty.co\/c\/r-lubFrACK\" target=\"_blank\" rel=\"noopener\" title=\"\">Plaid jet\u00e9 multicolore coton tissage artisanal<\/a> - Blancheporte<\/figcaption><\/figure>\n<\/div>\n<\/div>\n\n\n\n<div class=\"wp-block-columns is-layout-flex wp-container-core-columns-layout-19 wp-block-columns-is-layout-flex\">\n<div class=\"wp-block-column is-layout-flow wp-block-column-is-layout-flow\">\n<figure class=\"wp-block-image size-large\"><a href=\"https:\/\/www.cocondedecoration.com\/blog\/wp-content\/uploads\/2024\/09\/decoration-couleur-verte-la-redoute.005.jpeg\"><img loading=\"lazy\" decoding=\"async\" width=\"640\" height=\"960\" src=\"https:\/\/www.cocondedecoration.com\/blog\/wp-content\/uploads\/2024\/09\/decoration-couleur-verte-la-redoute.005-640x960.jpeg\" alt=\"\" class=\"wp-image-78071\" srcset=\"https:\/\/www.cocondedecoration.com\/blog\/wp-content\/uploads\/2024\/09\/decoration-couleur-verte-la-redoute.005-640x960.jpeg 640w, https:\/\/www.cocondedecoration.com\/blog\/wp-content\/uploads\/2024\/09\/decoration-couleur-verte-la-redoute.005-260x390.jpeg 260w, https:\/\/www.cocondedecoration.com\/blog\/wp-content\/uploads\/2024\/09\/decoration-couleur-verte-la-redoute.005-768x1152.jpeg 768w, https:\/\/www.cocondedecoration.com\/blog\/wp-content\/uploads\/2024\/09\/decoration-couleur-verte-la-redoute.005-367x550.jpeg 367w, https:\/\/www.cocondedecoration.com\/blog\/wp-content\/uploads\/2024\/09\/decoration-couleur-verte-la-redoute.005-333x500.jpeg 333w, https:\/\/www.cocondedecoration.com\/blog\/wp-content\/uploads\/2024\/09\/decoration-couleur-verte-la-redoute.005.jpeg 1000w\" sizes=\"(max-width: 640px) 100vw, 640px\" \/><\/a><figcaption class=\"wp-element-caption\"><a href=\"https:\/\/c3po.link\/QWCJTdRFvj\" target=\"_blank\" rel=\"noopener\" title=\"\">Vase en c\u00e9ramique H.26 cm<\/a> - La Redoute Int\u00e9rieurs <\/figcaption><\/figure>\n<\/div>\n\n\n\n<div class=\"wp-block-column is-layout-flow wp-block-column-is-layout-flow\">\n<figure class=\"wp-block-image size-large\"><a href=\"https:\/\/www.cocondedecoration.com\/blog\/wp-content\/uploads\/2024\/09\/decoration-couleur-verte-la-redoute.006.jpeg\"><img loading=\"lazy\" decoding=\"async\" width=\"640\" height=\"960\" src=\"https:\/\/www.cocondedecoration.com\/blog\/wp-content\/uploads\/2024\/09\/decoration-couleur-verte-la-redoute.006-640x960.jpeg\" alt=\"Housse de coussin brod\u00e9e\" class=\"wp-image-78072\" title=\"Housse de coussin brod\u00e9e\" srcset=\"https:\/\/www.cocondedecoration.com\/blog\/wp-content\/uploads\/2024\/09\/decoration-couleur-verte-la-redoute.006-640x960.jpeg 640w, https:\/\/www.cocondedecoration.com\/blog\/wp-content\/uploads\/2024\/09\/decoration-couleur-verte-la-redoute.006-260x390.jpeg 260w, https:\/\/www.cocondedecoration.com\/blog\/wp-content\/uploads\/2024\/09\/decoration-couleur-verte-la-redoute.006-768x1152.jpeg 768w, https:\/\/www.cocondedecoration.com\/blog\/wp-content\/uploads\/2024\/09\/decoration-couleur-verte-la-redoute.006-367x550.jpeg 367w, https:\/\/www.cocondedecoration.com\/blog\/wp-content\/uploads\/2024\/09\/decoration-couleur-verte-la-redoute.006-333x500.jpeg 333w, https:\/\/www.cocondedecoration.com\/blog\/wp-content\/uploads\/2024\/09\/decoration-couleur-verte-la-redoute.006.jpeg 1000w\" sizes=\"(max-width: 640px) 100vw, 640px\" \/><\/a><figcaption class=\"wp-element-caption\"><a href=\"https:\/\/c3po.link\/QaAJxnSyYV\" target=\"_blank\" rel=\"noopener\" title=\"\">Housse de coussin brod\u00e9e<\/a> - La Redoute Int\u00e9rieurs <\/figcaption><\/figure>\n<\/div>\n<\/div>\n","protected":false},"excerpt":{"rendered":"<p>Envie d&rsquo;apporter une touche naturelle \u00e0 votre int\u00e9rieur? Le vert est la couleur parfaite pour cela! D\u00e9couvrez ma s\u00e9lection d\u00e9co \ud83d\ude42<span class=\"more-link\"><a href=\"https:\/\/www.cocondedecoration.com\/blog\/2024\/09\/objet-deco-vert\/\">Lire la suite<\/a><\/span><\/p>\n","protected":false},"author":1,"featured_media":78085,"comment_status":"open","ping_status":"open","sticky":false,"template":"","format":"standard","meta":{"om_disable_all_campaigns":false,"_monsterinsights_skip_tracking":false,"_monsterinsights_sitenote_active":false,"_monsterinsights_sitenote_note":"","_monsterinsights_sitenote_category":0,"_uf_show_specific_survey":0,"_uf_disable_surveys":false,"footnotes":""},"categories":[8886,2661],"tags":[3199,61583,29108,407,1247,1839,2006,61584],"aioseo_notices":[],"_links":{"self":[{"href":"https:\/\/www.cocondedecoration.com\/blog\/wp-json\/wp\/v2\/posts\/78033"}],"collection":[{"href":"https:\/\/www.cocondedecoration.com\/blog\/wp-json\/wp\/v2\/posts"}],"about":[{"href":"https:\/\/www.cocondedecoration.com\/blog\/wp-json\/wp\/v2\/types\/post"}],"author":[{"embeddable":true,"href":"https:\/\/www.cocondedecoration.com\/blog\/wp-json\/wp\/v2\/users\/1"}],"replies":[{"embeddable":true,"href":"https:\/\/www.cocondedecoration.com\/blog\/wp-json\/wp\/v2\/comments?post=78033"}],"version-history":[{"count":4,"href":"https:\/\/www.cocondedecoration.com\/blog\/wp-json\/wp\/v2\/posts\/78033\/revisions"}],"predecessor-version":[{"id":78086,"href":"https:\/\/www.cocondedecoration.com\/blog\/wp-json\/wp\/v2\/posts\/78033\/revisions\/78086"}],"wp:featuredmedia":[{"embeddable":true,"href":"https:\/\/www.cocondedecoration.com\/blog\/wp-json\/wp\/v2\/media\/78085"}],"wp:attachment":[{"href":"https:\/\/www.cocondedecoration.com\/blog\/wp-json\/wp\/v2\/media?parent=78033"}],"wp:term":[{"taxonomy":"category","embeddable":true,"href":"https:\/\/www.cocondedecoration.com\/blog\/wp-json\/wp\/v2\/categories?post=78033"},{"taxonomy":"post_tag","embeddable":true,"href":"https:\/\/www.cocondedecoration.com\/blog\/wp-json\/wp\/v2\/tags?post=78033"}],"curies":[{"name":"wp","href":"https:\/\/api.w.org\/{rel}","templated":true}]}}