{"id":7800,"date":"2014-07-21T06:00:30","date_gmt":"2014-07-21T04:00:30","guid":{"rendered":"http:\/\/www.cocondedecoration.com\/blog\/?p=7800"},"modified":"2014-07-20T11:20:46","modified_gmt":"2014-07-20T09:20:46","slug":"cocon-part-en-bretagne","status":"publish","type":"post","link":"https:\/\/www.cocondedecoration.com\/blog\/2014\/07\/cocon-part-en-bretagne\/","title":{"rendered":"Cocon part en Bretagne"},"content":{"rendered":"<p style=\"text-align: justify;\">Habituellement, quand on part en vacances, j'aime aller \u00e0 l'\u00e9tranger, dans un h\u00f4tel avec piscine, soleil et All In (ce qui nous permet de gouter la bi\u00e8re locale). Mais cette ann\u00e9e, on fait les dingues, <strong>on part en Bretagne<\/strong>. Quand on me parle de cette contr\u00e9e, c'est un peu comme quand on me parle de l'accouchement: On me dit que c'est beau, mais j'ai toujours du mal \u00e0 y croire...<\/p>\n<p style=\"text-align: justify;\">Bon contrairement \u00e0 un accouchement que je ne connais carr\u00e9ment pas, la Bretagne, <strong>j'en ai quelques vagues souvenirs<\/strong> de quand j'\u00e9tais gosse. Mais d\u00e9j\u00e0 le hic, c'est que mes souvenirs sont surtout compos\u00e9s de moments au camping et je n'aime vraiment pas \u00e7a. Cette ann\u00e9e, on a d\u00e9cid\u00e9 de partir l\u00e0-bas parce que 1\u00b0 Ch\u00e9ri me tanne avec la Bretagne depuis 13 ans et je peux bien lui c\u00e9der \u00e7a (mais pas le camping) 2\u00b0 On nous pr\u00eate un appartement \u00e0 Saint Brieuc ce qui est vraiment sympa.<\/p>\n<p style=\"text-align: justify;\">Ce qui a de bien avec la Bretagne, c'est que c'est assez grand. Alors m\u00eame si je suis <del>une quiche<\/del> un quinaman en g\u00e9ographie, je sais plus ou moins ou \u00e7a se trouve. Je sais que ce n'est pas trop loin de la Normandie, on y est all\u00e9 un No\u00ebl il y a quelques ann\u00e9es. Je sais aussi qu'il y a du Chouchen (merci \u00e0 <a href=\"https:\/\/www.youtube.com\/watch?v=JT0Ul9cP5e4\" target=\"_blank\">Matmatah<\/a>), des galettes (des cr\u00eapes quoi!), des huitres, des dolmens (mais \u00e7a ne se mange pas) et<a href=\"http:\/\/fr.wikipedia.org\/wiki\/L%C3%A9gende_arthurienne\" target=\"_blank\"> la l\u00e9gende arthurienne<\/a> (\u00e7a nourrit l'esprit). Je sais qu'il y a la mer (mais juste sur la c\u00f4te! lol)... Il y a le <a href=\"http:\/\/www.hellfest.fr\/\" target=\"_blank\">Hell Fest<\/a> aussi. Je ne crois pas au fait qu'il pleuve tout le temps en Bretagne, il y a la m\u00eame rumeur qui court sur le Nord et il fait beau quand m\u00eame de temps en temps. (Je prendrais quand m\u00eame mon parapluie sait-on jamais). Sinon... Je crois que j'ai fait le tour sur mes connaissances autour du pays du roi Arthur.<\/p>\n<p style=\"text-align: justify;\">Histoire de se mettre en conditions, avec Ch\u00e9ri, jeudi pass\u00e9 on est all\u00e9s au festival Het Lindeboom \u00e0 Loon Plage. Avant c'\u00e9tait un festival de musique celtique, maintenant c'est du \"folklore traditionnel\". Pendant 4 jours, le ville de Loon Plage propose des concerts gratuits. Juedi il y avait deux groupes, mais on y \u00e9tait all\u00e9 essentiellement pour Les<a href=\"http:\/\/www.ramoneursdemenhirs.fr\/\" target=\"_blank\"> Ramoneurs de Menhirs<\/a>. Je ne sais pas si \u00e7a existe, mais pour vous faire une id\u00e9e on peut dire que c'est du Punk Celte.<\/p>\n<p style=\"text-align: justify;\"><a href=\"http:\/\/iframewidth=420height=315src=\/\/www.youtube.com\/embed\/O-63EmrzzM4frameborder=0allowfullscreen\/iframe\"><iframe loading=\"lazy\" src=\"\/\/www.youtube.com\/embed\/O-63EmrzzM4\" width=\"420\" height=\"315\" frameborder=\"0\" allowfullscreen=\"allowfullscreen\"><\/iframe><\/a><\/p>\n<p style=\"text-align: justify;\">On a pas mal rigol\u00e9 quand on a vu la t\u00eate des gens qui ne connaissaient pas Les Ramoneurs de Menhirs. Doucement, devant la sc\u00e8ne les parents avec leurs petits Korrigans qui courraient partout ont laiss\u00e9 place aux m\u00e9taleux qui sautaient sur place ^^ Voil\u00e0 quelques photos de la soir\u00e9e...<\/p>\n<p style=\"text-align: justify;\"><a href=\"http:\/\/www.cocondedecoration.com\/blog\/wp-content\/uploads\/2014\/07\/festival-celte-loon-plage-2014.jpg\"><img loading=\"lazy\" decoding=\"async\" class=\"aligncenter wp-image-7802 size-large\" src=\"http:\/\/www.cocondedecoration.com\/blog\/wp-content\/uploads\/2014\/07\/festival-celte-loon-plage-2014-640x480.jpg\" alt=\"KODAK Digital Still Camera\" width=\"600\" height=\"450\" srcset=\"https:\/\/www.cocondedecoration.com\/blog\/wp-content\/uploads\/2014\/07\/festival-celte-loon-plage-2014-640x480.jpg 640w, https:\/\/www.cocondedecoration.com\/blog\/wp-content\/uploads\/2014\/07\/festival-celte-loon-plage-2014-260x195.jpg 260w, https:\/\/www.cocondedecoration.com\/blog\/wp-content\/uploads\/2014\/07\/festival-celte-loon-plage-2014-940x705.jpg 940w\" sizes=\"(max-width: 600px) 100vw, 600px\" \/><\/a><\/p>\n<p style=\"text-align: justify;\"><a href=\"http:\/\/www.cocondedecoration.com\/blog\/wp-content\/uploads\/2014\/07\/het-lindeboom-2014.jpg\"><img loading=\"lazy\" decoding=\"async\" class=\"aligncenter wp-image-7804 size-large\" src=\"http:\/\/www.cocondedecoration.com\/blog\/wp-content\/uploads\/2014\/07\/het-lindeboom-2014-640x480.jpg\" alt=\"KODAK Digital Still Camera\" width=\"600\" height=\"450\" srcset=\"https:\/\/www.cocondedecoration.com\/blog\/wp-content\/uploads\/2014\/07\/het-lindeboom-2014-640x480.jpg 640w, https:\/\/www.cocondedecoration.com\/blog\/wp-content\/uploads\/2014\/07\/het-lindeboom-2014-260x195.jpg 260w, https:\/\/www.cocondedecoration.com\/blog\/wp-content\/uploads\/2014\/07\/het-lindeboom-2014-940x705.jpg 940w\" sizes=\"(max-width: 600px) 100vw, 600px\" \/><\/a><\/p>\n<p style=\"text-align: justify;\"><a href=\"http:\/\/www.cocondedecoration.com\/blog\/wp-content\/uploads\/2014\/07\/het-lindeboom-2014.jpg\"><img loading=\"lazy\" decoding=\"async\" class=\"aligncenter size-large wp-image-7804\" src=\"http:\/\/www.cocondedecoration.com\/blog\/wp-content\/uploads\/2014\/07\/het-lindeboom-2014-640x480.jpg\" alt=\"KODAK Digital Still Camera\" width=\"600\" height=\"450\" srcset=\"https:\/\/www.cocondedecoration.com\/blog\/wp-content\/uploads\/2014\/07\/het-lindeboom-2014-640x480.jpg 640w, https:\/\/www.cocondedecoration.com\/blog\/wp-content\/uploads\/2014\/07\/het-lindeboom-2014-260x195.jpg 260w, https:\/\/www.cocondedecoration.com\/blog\/wp-content\/uploads\/2014\/07\/het-lindeboom-2014-940x705.jpg 940w\" sizes=\"(max-width: 600px) 100vw, 600px\" \/><\/a><\/p>\n<p style=\"text-align: justify;\"><a href=\"http:\/\/www.cocondedecoration.com\/blog\/wp-content\/uploads\/2014\/07\/loon-plage-festival.jpg\"><img loading=\"lazy\" decoding=\"async\" class=\"aligncenter size-large wp-image-7805\" src=\"http:\/\/www.cocondedecoration.com\/blog\/wp-content\/uploads\/2014\/07\/loon-plage-festival-640x480.jpg\" alt=\"KODAK Digital Still Camera\" width=\"600\" height=\"450\" srcset=\"https:\/\/www.cocondedecoration.com\/blog\/wp-content\/uploads\/2014\/07\/loon-plage-festival-640x480.jpg 640w, https:\/\/www.cocondedecoration.com\/blog\/wp-content\/uploads\/2014\/07\/loon-plage-festival-260x195.jpg 260w, https:\/\/www.cocondedecoration.com\/blog\/wp-content\/uploads\/2014\/07\/loon-plage-festival-940x705.jpg 940w\" sizes=\"(max-width: 600px) 100vw, 600px\" \/><\/a><\/p>\n<p style=\"text-align: justify;\"><a href=\"http:\/\/www.cocondedecoration.com\/blog\/wp-content\/uploads\/2014\/07\/punk-celte-ramoneurs-de-menhirs.jpg\"><img loading=\"lazy\" decoding=\"async\" class=\"aligncenter size-large wp-image-7806\" src=\"http:\/\/www.cocondedecoration.com\/blog\/wp-content\/uploads\/2014\/07\/punk-celte-ramoneurs-de-menhirs-640x480.jpg\" alt=\"KODAK Digital Still Camera\" width=\"600\" height=\"450\" srcset=\"https:\/\/www.cocondedecoration.com\/blog\/wp-content\/uploads\/2014\/07\/punk-celte-ramoneurs-de-menhirs-640x480.jpg 640w, https:\/\/www.cocondedecoration.com\/blog\/wp-content\/uploads\/2014\/07\/punk-celte-ramoneurs-de-menhirs-260x195.jpg 260w, https:\/\/www.cocondedecoration.com\/blog\/wp-content\/uploads\/2014\/07\/punk-celte-ramoneurs-de-menhirs-940x705.jpg 940w\" sizes=\"(max-width: 600px) 100vw, 600px\" \/><\/a><\/p>\n<p style=\"text-align: justify;\"><a href=\"http:\/\/www.cocondedecoration.com\/blog\/wp-content\/uploads\/2014\/07\/ramoneurs-concert-Loon-Plage.jpg\"><img loading=\"lazy\" decoding=\"async\" class=\"aligncenter size-large wp-image-7807\" src=\"http:\/\/www.cocondedecoration.com\/blog\/wp-content\/uploads\/2014\/07\/ramoneurs-concert-Loon-Plage-640x480.jpg\" alt=\"KODAK Digital Still Camera\" width=\"600\" height=\"450\" srcset=\"https:\/\/www.cocondedecoration.com\/blog\/wp-content\/uploads\/2014\/07\/ramoneurs-concert-Loon-Plage-640x480.jpg 640w, https:\/\/www.cocondedecoration.com\/blog\/wp-content\/uploads\/2014\/07\/ramoneurs-concert-Loon-Plage-260x195.jpg 260w, https:\/\/www.cocondedecoration.com\/blog\/wp-content\/uploads\/2014\/07\/ramoneurs-concert-Loon-Plage-940x705.jpg 940w\" sizes=\"(max-width: 600px) 100vw, 600px\" \/><\/a><\/p>\n<p style=\"text-align: justify;\"><a href=\"http:\/\/www.cocondedecoration.com\/blog\/wp-content\/uploads\/2014\/07\/Ramoneurs-de-Menhirs-Loon-Plage.jpg\"><img loading=\"lazy\" decoding=\"async\" class=\"aligncenter size-large wp-image-7808\" src=\"http:\/\/www.cocondedecoration.com\/blog\/wp-content\/uploads\/2014\/07\/Ramoneurs-de-Menhirs-Loon-Plage-640x480.jpg\" alt=\"KODAK Digital Still Camera\" width=\"600\" height=\"450\" srcset=\"https:\/\/www.cocondedecoration.com\/blog\/wp-content\/uploads\/2014\/07\/Ramoneurs-de-Menhirs-Loon-Plage-640x480.jpg 640w, https:\/\/www.cocondedecoration.com\/blog\/wp-content\/uploads\/2014\/07\/Ramoneurs-de-Menhirs-Loon-Plage-260x195.jpg 260w, https:\/\/www.cocondedecoration.com\/blog\/wp-content\/uploads\/2014\/07\/Ramoneurs-de-Menhirs-Loon-Plage-940x705.jpg 940w\" sizes=\"(max-width: 600px) 100vw, 600px\" \/><\/a><\/p>\n<p style=\"text-align: justify;\">Dans un autre registre, je remercie <a href=\"http:\/\/lesmotsdekiara.wordpress.com\/2014\/07\/11\/moi-ce-que-jaime-en-bretagne\/\" target=\"_blank\">Kiara<\/a>, qui a partag\u00e9 une super initiative des Bretons: \"Moi ce que j'aime en Bretagne\" sur le site <a href=\"http:\/\/viensenbretagne.fr\/\" target=\"_blank\">Viens en Bretagne<\/a>. C'est un site qui reprend des selfies vid\u00e9os pour montrer ce qu'il y a de sympas dans la r\u00e9gion. C'est mieux que de regarder les sites \u00e0 touriste. Ce sont des bretons qui montrent leur coup de coeurs. C'est vraiment sympa, comme site. Les vid\u00e9os ne durent pas longtemps, elle ne sont pas mal du tout et c'est tr\u00e8s vari\u00e9.<\/p>\n<p style=\"text-align: justify;\">Et vous, la Bretagne, \u00e7a vous parle?<\/p>\n<p style=\"text-align: justify;\"><a href=\"http:\/\/listphobia.com\/2009\/11\/18\/10-best-countries-to-see-mystic-megalithic-sites\/\" target=\"_blank\">Source de l'image \u00e0 la une<\/a> \/ autres images persos<\/p>\n","protected":false},"excerpt":{"rendered":"<p>Habituellement, quand on part en vacances, j&rsquo;aime aller \u00e0 l&rsquo;\u00e9tranger, dans un h\u00f4tel avec piscine, soleil et All In (ce qui nous permet de gouter la bi\u00e8re locale). Mais cette ann\u00e9e, on fait les dingues, on part en Bretagne. Quand on me parle de cette contr\u00e9e, c&rsquo;est un peu comme<span class=\"more-link\"><a href=\"https:\/\/www.cocondedecoration.com\/blog\/2014\/07\/cocon-part-en-bretagne\/\">Lire la suite<\/a><\/span><\/p>\n","protected":false},"author":1,"featured_media":7824,"comment_status":"open","ping_status":"open","sticky":false,"template":"","format":"standard","meta":{"om_disable_all_campaigns":false,"_monsterinsights_skip_tracking":false,"_monsterinsights_sitenote_active":false,"_monsterinsights_sitenote_note":"","_monsterinsights_sitenote_category":0,"_uf_show_specific_survey":0,"_uf_disable_surveys":false,"footnotes":""},"categories":[5],"tags":[1622,1618,1623,16,1620,1621,1625,2095,1619,644,30,1624,154],"aioseo_notices":[],"_links":{"self":[{"href":"https:\/\/www.cocondedecoration.com\/blog\/wp-json\/wp\/v2\/posts\/7800"}],"collection":[{"href":"https:\/\/www.cocondedecoration.com\/blog\/wp-json\/wp\/v2\/posts"}],"about":[{"href":"https:\/\/www.cocondedecoration.com\/blog\/wp-json\/wp\/v2\/types\/post"}],"author":[{"embeddable":true,"href":"https:\/\/www.cocondedecoration.com\/blog\/wp-json\/wp\/v2\/users\/1"}],"replies":[{"embeddable":true,"href":"https:\/\/www.cocondedecoration.com\/blog\/wp-json\/wp\/v2\/comments?post=7800"}],"version-history":[{"count":0,"href":"https:\/\/www.cocondedecoration.com\/blog\/wp-json\/wp\/v2\/posts\/7800\/revisions"}],"wp:featuredmedia":[{"embeddable":true,"href":"https:\/\/www.cocondedecoration.com\/blog\/wp-json\/wp\/v2\/media\/7824"}],"wp:attachment":[{"href":"https:\/\/www.cocondedecoration.com\/blog\/wp-json\/wp\/v2\/media?parent=7800"}],"wp:term":[{"taxonomy":"category","embeddable":true,"href":"https:\/\/www.cocondedecoration.com\/blog\/wp-json\/wp\/v2\/categories?post=7800"},{"taxonomy":"post_tag","embeddable":true,"href":"https:\/\/www.cocondedecoration.com\/blog\/wp-json\/wp\/v2\/tags?post=7800"}],"curies":[{"name":"wp","href":"https:\/\/api.w.org\/{rel}","templated":true}]}}