{"id":77989,"date":"2024-09-25T07:04:34","date_gmt":"2024-09-25T05:04:34","guid":{"rendered":"https:\/\/www.cocondedecoration.com\/blog\/?p=77989"},"modified":"2024-09-25T07:05:11","modified_gmt":"2024-09-25T05:05:11","slug":"gae-aulenti-design-architecture","status":"publish","type":"post","link":"https:\/\/www.cocondedecoration.com\/blog\/2024\/09\/gae-aulenti-design-architecture\/","title":{"rendered":"Qui est Gae Aulenti? Et pourquoi vous devriez la conna\u00eetre?"},"content":{"rendered":"\n<p>Elle a re\u00e7u la L\u00e9gion d'honneur par Fran\u00e7ois Mitterrand en 87, le prix japonais Praemium Imperiale en 91 (pour l'ensemble de sa carri\u00e8re). Mais depuis quelques ann\u00e9es, le grand public l'a connu gr\u00e2ce \u00e0 son iconique lampe \"Pipistrello\". Aujourd'hui, je vous propose d'en apprendre plus sur Gae Aulenti.<\/p>\n\n\n\n<!--more-->\n\n\n\n<div class=\"wp-block-columns is-layout-flex wp-container-core-columns-layout-1 wp-block-columns-is-layout-flex\">\n<div class=\"wp-block-column is-layout-flow wp-block-column-is-layout-flow\">\n<p class=\"has-medium-font-size\">Sommaire - Qui est Gae Aulenti? <\/p>\n\n\n\n<div class=\"wp-block-aioseo-table-of-contents\"><ul><li><a href=\"#aioseo-breve-biographie-de-gae-aulenti\">Br\u00e8ve biographie de Gae Aulenti<\/a><\/li><li><a href=\"#aioseo-design-meubles-et-deco-par-gae-aulenti\">Design, meubles et d\u00e9co par Gae Aulenti<\/a><ul><li><a href=\"#aioseo-caracteristiques-du-design-de-gae-aulenti\">Caract\u00e9ristiques du design de Gae Aulenti<\/a><\/li><li><a href=\"#aioseo-quelques-meubles-et-objets-designes-par-gae-aulenti\">Quelques meubles et objets d\u00e9sign\u00e9s par Gae Aulenti<\/a><\/li><li><a href=\"#aioseo-un-travail-en-collaboration-avec-de-celebres-enseignes\">Un travail en collaboration avec de c\u00e9l\u00e8bres enseignes<\/a><\/li><\/ul><\/li><li><a href=\"#aioseo-gae-aulenti-et-larchitecture\">Gae Aulenti et l'architecture<\/a><ul><li><a href=\"#aioseo-larchitecture-neo-liberty\">L'architecture Neo Liberty<\/a><\/li><li><a href=\"#aioseo-projets-de-renovation-de-gae-aulenti\">Projets de r\u00e9novation de Gae Aulenti<\/a><\/li><\/ul><\/li><li><a href=\"#aioseo-scenographie-et-decors-de-theatre\">Sc\u00e9nographie et d\u00e9cors de th\u00e9\u00e2tre<\/a><\/li><li><a href=\"#aioseo-pour-en-savoir-plus-sur-gae-aulenti\">Pour en savoir plus sur Gae Aulenti<\/a><\/li><\/ul><\/div>\n<\/div>\n\n\n\n<div class=\"wp-block-column is-layout-flow wp-block-column-is-layout-flow\">\n<div class=\"wp-block-image\"><figure class=\"aligncenter\"><a href=\"https:\/\/www.patreon.com\/cocondedeco\" target=\"_blank\" rel=\"noreferrer noopener\"><img loading=\"lazy\" decoding=\"async\" width=\"728\" height=\"90\" src=\"http:\/\/www.cocondedecoration.com\/blog\/wp-content\/uploads\/2021\/01\/banniere-patreon.png\" alt=\"\" class=\"wp-image-33877\" srcset=\"https:\/\/www.cocondedecoration.com\/blog\/wp-content\/uploads\/2021\/01\/banniere-patreon.png 728w, https:\/\/www.cocondedecoration.com\/blog\/wp-content\/uploads\/2021\/01\/banniere-patreon-260x32.png 260w, https:\/\/www.cocondedecoration.com\/blog\/wp-content\/uploads\/2021\/01\/banniere-patreon-640x79.png 640w, https:\/\/www.cocondedecoration.com\/blog\/wp-content\/uploads\/2021\/01\/banniere-patreon-465x57.png 465w, https:\/\/www.cocondedecoration.com\/blog\/wp-content\/uploads\/2021\/01\/banniere-patreon-695x86.png 695w\" sizes=\"(max-width: 728px) 100vw, 728px\" \/><\/a><\/figure><\/div>\n\n\n\n<p style=\"text-align:center\" class=\"has-background has-small-font-size has-very-light-gray-background-color\">Avant de poursuivre cet article, j'aimerai vous parler quelques instants de Patreon. C'est une plateforme en plus du blog sur laquelle vous pouvez devenir m\u00e9c\u00e8ne du blog. <br><strong>Pourquoi soutenir le blog?<\/strong> <br>Parce que c'est un travail consid\u00e9rable et m\u00eame si je le fais avec passion c'est aussi un travail pr\u00e9caire (<a rel=\"noreferrer noopener\" href=\"https:\/\/www.patreon.com\/posts\/en-quoi-consiste-86917611\" target=\"_blank\">je vous explique tout cela en d\u00e9tail dans ce post<\/a>). Si vous aimez l'article que vous \u00eates en train de lire, si vous me suivez sur les r\u00e9seaux sociaux ou encore si vous lisez r\u00e9guli\u00e8rement le blog, je vous serai reconnaissante de soutenir le blog via Patreon. Par ailleurs, en vous abonnant sur la plateforme vous acc\u00e9derez \u00e0 des contenus exclusifs pour vous remercier de votre soutien. C'est sans engagement et chaque contribution fera la diff\u00e9rence. Merci par avance de votre aide! <br><a rel=\"noreferrer noopener\" href=\"https:\/\/www.patreon.com\/cocondedeco\" target=\"_blank\"><strong>En savoir plus &amp; acc\u00e9der \u00e0 Patreon<\/strong><\/a><\/p>\n<\/div>\n<\/div>\n\n\n\n<h2 class=\"wp-block-heading\" id=\"aioseo-breve-biographie-de-gae-aulenti\">Br\u00e8ve biographie de Gae Aulenti <\/h2>\n\n\n\n<p>Gae Aulenti est n\u00e9e le 4 d\u00e9cembre 1927 \u00e0 Palazzolo dello Stella en <a href=\"https:\/\/www.cocondedecoration.com\/blog\/2023\/12\/style-memphis-decoration\/\" target=\"_blank\" rel=\"noopener\" title=\"\">Italie<\/a>. C'est une architecte, architecte d'int\u00e9rieur et th\u00e9oricienne d'architecture. En 53, elle obtient son dipl\u00f4me d'architecture de l\u2019\u00e9cole polytechnique de Milan. Au cours de sa carri\u00e8re, elle cr\u00e9e des b\u00e2timents, en r\u00e9nove d'autres. Elle s'int\u00e9resse tout autant au design de mobilier et d'accessoires ou encore \u00e0 l'am\u00e9nagement int\u00e9rieur. Elle \u00e9crit dans des magazines et enseigne. Gae Aulenti est morte le 31 octobre 2012 \u00e0 Milan. <\/p>\n\n\n\n<figure class=\"wp-block-gallery has-nested-images columns-default is-cropped wp-block-gallery-1 is-layout-flex wp-block-gallery-is-layout-flex\">\n<figure class=\"wp-block-image size-large\"><a href=\"https:\/\/www.cocondedecoration.com\/blog\/wp-content\/uploads\/2024\/09\/design-gae-aulenti.001.jpeg\"><img loading=\"lazy\" decoding=\"async\" width=\"640\" height=\"960\" data-id=\"77992\" src=\"https:\/\/www.cocondedecoration.com\/blog\/wp-content\/uploads\/2024\/09\/design-gae-aulenti.001-640x960.jpeg\" alt=\"design Gae Aulenti portrait femme architecte italienne \" class=\"wp-image-77992\" title=\"design Gae Aulenti portrait femme architecte italienne \" srcset=\"https:\/\/www.cocondedecoration.com\/blog\/wp-content\/uploads\/2024\/09\/design-gae-aulenti.001-640x960.jpeg 640w, https:\/\/www.cocondedecoration.com\/blog\/wp-content\/uploads\/2024\/09\/design-gae-aulenti.001-260x390.jpeg 260w, https:\/\/www.cocondedecoration.com\/blog\/wp-content\/uploads\/2024\/09\/design-gae-aulenti.001-768x1152.jpeg 768w, https:\/\/www.cocondedecoration.com\/blog\/wp-content\/uploads\/2024\/09\/design-gae-aulenti.001-367x550.jpeg 367w, https:\/\/www.cocondedecoration.com\/blog\/wp-content\/uploads\/2024\/09\/design-gae-aulenti.001-333x500.jpeg 333w, https:\/\/www.cocondedecoration.com\/blog\/wp-content\/uploads\/2024\/09\/design-gae-aulenti.001.jpeg 1000w\" sizes=\"(max-width: 640px) 100vw, 640px\" \/><\/a><figcaption class=\"wp-element-caption\">iodonna.it<\/figcaption><\/figure>\n\n\n\n<figure class=\"wp-block-image size-large\"><a href=\"https:\/\/www.cocondedecoration.com\/blog\/wp-content\/uploads\/2024\/09\/design-gae-aulenti.002.jpeg\"><img loading=\"lazy\" decoding=\"async\" width=\"640\" height=\"960\" data-id=\"77991\" src=\"https:\/\/www.cocondedecoration.com\/blog\/wp-content\/uploads\/2024\/09\/design-gae-aulenti.002-640x960.jpeg\" alt=\"design Gae Aulenti architecture mobilier lampe iconique italie XX\u00e8me si\u00e8cle \" class=\"wp-image-77991\" title=\"design Gae Aulenti architecture mobilier lampe iconique italie XX\u00e8me si\u00e8cle \" srcset=\"https:\/\/www.cocondedecoration.com\/blog\/wp-content\/uploads\/2024\/09\/design-gae-aulenti.002-640x960.jpeg 640w, https:\/\/www.cocondedecoration.com\/blog\/wp-content\/uploads\/2024\/09\/design-gae-aulenti.002-260x390.jpeg 260w, https:\/\/www.cocondedecoration.com\/blog\/wp-content\/uploads\/2024\/09\/design-gae-aulenti.002-768x1152.jpeg 768w, https:\/\/www.cocondedecoration.com\/blog\/wp-content\/uploads\/2024\/09\/design-gae-aulenti.002-367x550.jpeg 367w, https:\/\/www.cocondedecoration.com\/blog\/wp-content\/uploads\/2024\/09\/design-gae-aulenti.002-333x500.jpeg 333w, https:\/\/www.cocondedecoration.com\/blog\/wp-content\/uploads\/2024\/09\/design-gae-aulenti.002.jpeg 1000w\" sizes=\"(max-width: 640px) 100vw, 640px\" \/><\/a><figcaption class=\"wp-element-caption\">moderndesign.org<\/figcaption><\/figure>\n<\/figure>\n\n\n\n<h2 class=\"wp-block-heading\" id=\"aioseo-design-meubles-et-deco-par-gae-aulenti\">Design, meubles et d\u00e9co par Gae Aulenti <\/h2>\n\n\n\n<h3 class=\"wp-block-heading\" id=\"aioseo-caracteristiques-du-design-de-gae-aulenti\">Caract\u00e9ristiques du design de Gae Aulenti <\/h3>\n\n\n\n<p>L'architecte place le design avant la d\u00e9coration. En effet la d\u00e9coration n'est pas importante \u00e0 ses yeux alors que le design oui. Le design remplace l'artifice de la d\u00e9coration. M\u00eame si elle a cr\u00e9\u00e9 des \u00e9l\u00e9ments d\u00e9coratifs comme des lampes, leur design prime sur la d\u00e9coration. <\/p>\n\n\n\n<p>Par ailleurs, pour les meubles et accessoires qu'elle cr\u00e9e, elle utilise des mat\u00e9riaux comme l'acier tubulaire, l'aluminium laqu\u00e9, l'acrylique polym\u00e8re ainsi que le moulage par injection. Un m\u00e9lange de tradition et de modernit\u00e9. <\/p>\n\n\n\n<p>1972 - MoMa de New York - Gae Aulenti participe \u00e0 l'exposition \u201cItalian: The New Domestic Landscape\u201d qui tend \u00e0 montrer l'importance du design italien au public outre Atlantique.  <\/p>\n\n\n\n<h3 class=\"wp-block-heading\" id=\"aioseo-quelques-meubles-et-objets-designes-par-gae-aulenti\">Quelques meubles et objets d\u00e9sign\u00e9s par Gae Aulenti <\/h3>\n\n\n\n<ul>\n<li><a href=\"https:\/\/www.cocondedecoration.com\/blog\/2023\/10\/objet-design-culte-femme\/\" target=\"_blank\" rel=\"noopener\" title=\"\">Lampe \"pipistrello\"<\/a> pour Martinelli Luce (65)<\/li>\n\n\n\n<li>Lampe \"Ruspa\" pour Martinelli Luce (68) <\/li>\n\n\n\n<li>Rocking-chair \"Sgargul\" pour Poltranova (1962)<\/li>\n\n\n\n<li>Lampe \"Mezzoracolo\" chez Artemide <\/li>\n\n\n\n<li>Table basse \"Tavolo con Ruote\" chez Fontana Arte (1980)<\/li>\n\n\n\n<li>Canap\u00e9 \"Stringa\" pour Poltranova en 63<\/li>\n\n\n\n<li>Collection de mobilier \"Locus Solus\" en 64 (que vous pouvez voir dans le film <em>La Piscine<\/em> de Jacques Deray 1969)<\/li>\n\n\n\n<li>Table basse \"Jumbo\" \u00e9dit\u00e9e par Knoll d\u00e8s 1972<\/li>\n<\/ul>\n\n\n\n<h3 class=\"wp-block-heading\" id=\"aioseo-un-travail-en-collaboration-avec-de-celebres-enseignes\">Un travail en collaboration avec de c\u00e9l\u00e8bres enseignes <\/h3>\n\n\n\n<p>Gae Aulenti a travaill\u00e9 en collaboration avec les grandes entreprises d'\u00e9dition de mobilier et de d\u00e9coration comme Knoll, Artemide ou encore Poltranova. Ce ne sont pas ses seules collaborations notables. <\/p>\n\n\n\n<p>Par exemple, la designer a travaill\u00e9 en partenariat avec Olivetti, la c\u00e9l\u00e8bre marque de machines \u00e0 \u00e9crire. C'est \u00e0 l'occasion de la \"d\u00e9coration\" de certains showrooms de l'enseigne qu'est n\u00e9e la lampe Pipistrello si connue. Gae Aulenti a \u00e9galement travaill\u00e9 avec Fiat pour certains de leurs showrooms mais aussi avec Louis Vuitton pour concevoir un montre avec un stylo et une \u00e9charpe assortis (la collection \"Monterey\")<\/p>\n\n\n\n<figure class=\"wp-block-gallery has-nested-images columns-default is-cropped wp-block-gallery-2 is-layout-flex wp-block-gallery-is-layout-flex\">\n<figure class=\"wp-block-image size-large\"><a href=\"https:\/\/www.cocondedecoration.com\/blog\/wp-content\/uploads\/2024\/09\/design-gae-aulenti.003.jpeg\"><img loading=\"lazy\" decoding=\"async\" width=\"640\" height=\"960\" data-id=\"77994\" src=\"https:\/\/www.cocondedecoration.com\/blog\/wp-content\/uploads\/2024\/09\/design-gae-aulenti.003-640x960.jpeg\" alt=\"design Gae Aulenti lampe culte Pipistrello chauve-souris collaboration Olivetti Machine \u00e0 Ecrire \" class=\"wp-image-77994\" title=\"design Gae Aulenti lampe culte Pipistrello chauve-souris collaboration Olivetti Machine \u00e0 Ecrire \" srcset=\"https:\/\/www.cocondedecoration.com\/blog\/wp-content\/uploads\/2024\/09\/design-gae-aulenti.003-640x960.jpeg 640w, https:\/\/www.cocondedecoration.com\/blog\/wp-content\/uploads\/2024\/09\/design-gae-aulenti.003-260x390.jpeg 260w, https:\/\/www.cocondedecoration.com\/blog\/wp-content\/uploads\/2024\/09\/design-gae-aulenti.003-768x1152.jpeg 768w, https:\/\/www.cocondedecoration.com\/blog\/wp-content\/uploads\/2024\/09\/design-gae-aulenti.003-367x550.jpeg 367w, https:\/\/www.cocondedecoration.com\/blog\/wp-content\/uploads\/2024\/09\/design-gae-aulenti.003-333x500.jpeg 333w, https:\/\/www.cocondedecoration.com\/blog\/wp-content\/uploads\/2024\/09\/design-gae-aulenti.003.jpeg 1000w\" sizes=\"(max-width: 640px) 100vw, 640px\" \/><\/a><figcaption class=\"wp-element-caption\">for-interieur.fr<\/figcaption><\/figure>\n\n\n\n<figure class=\"wp-block-image size-large\"><a href=\"https:\/\/www.cocondedecoration.com\/blog\/wp-content\/uploads\/2024\/09\/design-gae-aulenti.004.jpeg\"><img loading=\"lazy\" decoding=\"async\" width=\"640\" height=\"960\" data-id=\"77993\" src=\"https:\/\/www.cocondedecoration.com\/blog\/wp-content\/uploads\/2024\/09\/design-gae-aulenti.004-640x960.jpeg\" alt=\"design Gae Aulenti mobilier vintage acier tubulaire jaune tabouret et table basse \" class=\"wp-image-77993\" title=\"design Gae Aulenti mobilier vintage acier tubulaire jaune tabouret et table basse \" srcset=\"https:\/\/www.cocondedecoration.com\/blog\/wp-content\/uploads\/2024\/09\/design-gae-aulenti.004-640x960.jpeg 640w, https:\/\/www.cocondedecoration.com\/blog\/wp-content\/uploads\/2024\/09\/design-gae-aulenti.004-260x390.jpeg 260w, https:\/\/www.cocondedecoration.com\/blog\/wp-content\/uploads\/2024\/09\/design-gae-aulenti.004-768x1152.jpeg 768w, https:\/\/www.cocondedecoration.com\/blog\/wp-content\/uploads\/2024\/09\/design-gae-aulenti.004-367x550.jpeg 367w, https:\/\/www.cocondedecoration.com\/blog\/wp-content\/uploads\/2024\/09\/design-gae-aulenti.004-333x500.jpeg 333w, https:\/\/www.cocondedecoration.com\/blog\/wp-content\/uploads\/2024\/09\/design-gae-aulenti.004.jpeg 1000w\" sizes=\"(max-width: 640px) 100vw, 640px\" \/><\/a><figcaption class=\"wp-element-caption\">wallpaper.com<\/figcaption><\/figure>\n<\/figure>\n\n\n\n<h2 class=\"wp-block-heading\" id=\"aioseo-gae-aulenti-et-larchitecture\">Gae Aulenti et l'architecture <\/h2>\n\n\n\n<p>Aulenti est l'une des deux femmes de sa classe (20 personnes) \u00e0 \u00eatre dipl\u00f4m\u00e9es, dans une Italie d'apr\u00e8s-guerre qui ne laisse pas ou peu de place aux femmes, une Italie assez machiste et pourtant, elle a su faire une diff\u00e9rence.  <\/p>\n\n\n\n<blockquote class=\"wp-block-quote\">\n<p>L'architecture est un m\u00e9tier d'homme, mais j'ai toujours fait semblant de ne pas le savoir.<\/p>\n<cite>Gae Aulenti<\/cite><\/blockquote>\n\n\n\n<p>Si le parcours de femmes architecte vous int\u00e9resse, je vous invite \u00e0 lire <a href=\"https:\/\/www.cocondedecoration.com\/blog\/2024\/05\/portrait-charlotte-perriand\/\" target=\"_blank\" rel=\"noopener\" title=\"\">l'article d\u00e9di\u00e9 \u00e0 Charlotte Perriand<\/a> et celui <a href=\"https:\/\/www.cocondedecoration.com\/blog\/2024\/07\/architecture-design-eileen-gray\/\" target=\"_blank\" rel=\"noopener\" title=\"\">d\u00e9di\u00e9 \u00e0 Eileen Gray<\/a>. <\/p>\n\n\n\n<h3 class=\"wp-block-heading\" id=\"aioseo-larchitecture-neo-liberty\">L'architecture Neo Liberty <\/h3>\n\n\n\n<p>Le style Neo Liberty est un mouvement architectural italien n\u00e9 dans les ann\u00e9es 50. Il marque une rupture avec le modernisme qui est trop associ\u00e9 aux p\u00e9riodes d'entre deux guerres et de guerre. Ce mouvement tend \u00e0 r\u00e9tablir la v\u00e9rit\u00e9 et \u00e0 pr\u00e9server le patrimoine. Aux c\u00f4t\u00e9s de Gae Aulenti, on retrouve les architectes Viitorio Gregotti et Aldo Rossi. <\/p>\n\n\n\n<p>En plus du rejet du <a href=\"https:\/\/www.cocondedecoration.com\/blog\/2024\/08\/maison-modernisme-plage\/\" target=\"_blank\" rel=\"noopener\" title=\"\">modernisme<\/a>, l'architecture Neo Liberty s'inscrit dans une d\u00e9marche de renouement avec la tradition. Un retour aux m\u00e9thodes de construction et de fabrication traditionnelles. <\/p>\n\n\n\n<h3 class=\"wp-block-heading\" id=\"aioseo-projets-de-renovation-de-gae-aulenti\">Projets de r\u00e9novation de Gae Aulenti<\/h3>\n\n\n\n<p>Dans les ann\u00e9es 80, l'architecte est appel\u00e9e pour des projets de r\u00e9novations de renoms. L'un des plus connus est la r\u00e9-habilitation et transformation de la Gare d'Orsay \u00e0 Paris. A cette \u00e9poque, la capitale fran\u00e7aise \u00e9tait plus enclin \u00e0 d\u00e9molir et reconstruire. Pourtant Aulenti a transform\u00e9 l'espace de mani\u00e8re spectaculaire. A cette \u00e9poque les critiques (fran\u00e7ais) n'y sont pas all\u00e9s de main morte (un projet \"m\u00e9galo\" revient souvent). Cela reste n\u00e9anmoins l'un des projets architecturaux les plus connus de Gae Aulenti. <\/p>\n\n\n\n<p>Parmi ses projets de r\u00e9novation, on peut retenir:  <\/p>\n\n\n\n<ul>\n<li>Mus\u00e9e d'Orsay - Paris - chantier en 1980 et 1986<\/li>\n\n\n\n<li>Salles d\u2019expositions du Centre Pompidou - Paris - chantier entre 82 et 85 <\/li>\n\n\n\n<li>Mus\u00e9e National d\u2019Art de Catalogne - 1990 <\/li>\n\n\n\n<li>Palazzo Grassi - Venise - 85\/86<\/li>\n\n\n\n<li>Asian Art Museum - San Francisco - 2003<\/li>\n\n\n\n<li>Institut culturel italien de Tokyo en 2006 (l'un des derniers projets)<\/li>\n<\/ul>\n\n\n\n<figure class=\"wp-block-gallery has-nested-images columns-default is-cropped wp-block-gallery-3 is-layout-flex wp-block-gallery-is-layout-flex\">\n<figure class=\"wp-block-image size-large\"><a href=\"https:\/\/www.cocondedecoration.com\/blog\/wp-content\/uploads\/2024\/09\/design-gae-aulenti.005.jpeg\"><img loading=\"lazy\" decoding=\"async\" width=\"640\" height=\"960\" data-id=\"77995\" src=\"https:\/\/www.cocondedecoration.com\/blog\/wp-content\/uploads\/2024\/09\/design-gae-aulenti.005-640x960.jpeg\" alt=\"design Gae Aulenti Mus\u00e9e quai d'Orsay r\u00e9novation architecture histoire\" class=\"wp-image-77995\" title=\"design Gae Aulenti Mus\u00e9e quai d'Orsay r\u00e9novation architecture histoire\" srcset=\"https:\/\/www.cocondedecoration.com\/blog\/wp-content\/uploads\/2024\/09\/design-gae-aulenti.005-640x960.jpeg 640w, https:\/\/www.cocondedecoration.com\/blog\/wp-content\/uploads\/2024\/09\/design-gae-aulenti.005-260x390.jpeg 260w, https:\/\/www.cocondedecoration.com\/blog\/wp-content\/uploads\/2024\/09\/design-gae-aulenti.005-768x1152.jpeg 768w, https:\/\/www.cocondedecoration.com\/blog\/wp-content\/uploads\/2024\/09\/design-gae-aulenti.005-367x550.jpeg 367w, https:\/\/www.cocondedecoration.com\/blog\/wp-content\/uploads\/2024\/09\/design-gae-aulenti.005-333x500.jpeg 333w, https:\/\/www.cocondedecoration.com\/blog\/wp-content\/uploads\/2024\/09\/design-gae-aulenti.005.jpeg 1000w\" sizes=\"(max-width: 640px) 100vw, 640px\" \/><\/a><figcaption class=\"wp-element-caption\">admagazine.fr<\/figcaption><\/figure>\n\n\n\n<figure class=\"wp-block-image size-large\"><a href=\"https:\/\/www.cocondedecoration.com\/blog\/wp-content\/uploads\/2024\/09\/design-gae-aulenti.006.jpeg\"><img loading=\"lazy\" decoding=\"async\" width=\"640\" height=\"960\" data-id=\"77996\" src=\"https:\/\/www.cocondedecoration.com\/blog\/wp-content\/uploads\/2024\/09\/design-gae-aulenti.006-640x960.jpeg\" alt=\"design Gae Aulenti architecture Palerme Sicile b\u00e2timent fresque espace \" class=\"wp-image-77996\" title=\"design Gae Aulenti architecture Palerme Sicile b\u00e2timent fresque espace \" srcset=\"https:\/\/www.cocondedecoration.com\/blog\/wp-content\/uploads\/2024\/09\/design-gae-aulenti.006-640x960.jpeg 640w, https:\/\/www.cocondedecoration.com\/blog\/wp-content\/uploads\/2024\/09\/design-gae-aulenti.006-260x390.jpeg 260w, https:\/\/www.cocondedecoration.com\/blog\/wp-content\/uploads\/2024\/09\/design-gae-aulenti.006-768x1152.jpeg 768w, https:\/\/www.cocondedecoration.com\/blog\/wp-content\/uploads\/2024\/09\/design-gae-aulenti.006-367x550.jpeg 367w, https:\/\/www.cocondedecoration.com\/blog\/wp-content\/uploads\/2024\/09\/design-gae-aulenti.006-333x500.jpeg 333w, https:\/\/www.cocondedecoration.com\/blog\/wp-content\/uploads\/2024\/09\/design-gae-aulenti.006.jpeg 1000w\" sizes=\"(max-width: 640px) 100vw, 640px\" \/><\/a><figcaption class=\"wp-element-caption\">worldofinteriors.com<\/figcaption><\/figure>\n<\/figure>\n\n\n\n<h2 class=\"wp-block-heading\" id=\"aioseo-scenographie-et-decors-de-theatre\">Sc\u00e9nographie et d\u00e9cors de th\u00e9\u00e2tre <\/h2>\n\n\n\n<p>A la fin des ann\u00e9es 70, elle a r\u00e9guli\u00e8rement travaill\u00e9 avec le metteur en sc\u00e8ne Luca Ronconi. Ils ont fond\u00e9 le <em>Laboratorio di Progettazione Teatrale<\/em> (le laboratoire de conception th\u00e9\u00e2trale). A travers ses d\u00e9cors, Aulenti rejette l'id\u00e9e de reproduire fid\u00e8lement l'histoire et le quotidien. Il y a une grande libert\u00e9 dans le design des d\u00e9cors, parfois avec des inspirations futuristes et satiriques. Par la suite, elle travaille aussi \u00e0 l'\u00e9laboration de d\u00e9cors d'op\u00e9ras. <\/p>\n\n\n\n<h2 class=\"wp-block-heading\" id=\"aioseo-pour-en-savoir-plus-sur-gae-aulenti\">Pour en savoir plus sur Gae Aulenti <\/h2>\n\n\n\n<p>Marie Claire Maison - <a href=\"https:\/\/www.marieclaire.fr\/maison\/gae-aulenti,1143168.asp\" target=\"_blank\" rel=\"noopener\" title=\"\">Gae Aulenti, architecte pionni\u00e8re et visionnaire<\/a><br>Goodmoods - <a href=\"https:\/\/www.goodmoods.com\/fr\/news\/iconic-gae-aulenti\" target=\"_blank\" rel=\"noopener\" title=\"\">Iconic \u2013 Gae Aulenti<\/a><br>Triennale Milano - <a href=\"https:\/\/triennale.org\/en\/magazine\/paola-antonelli-on-gae-aulenti-and-design\" target=\"_blank\" rel=\"noopener\" title=\"\">Paola Antonelli sur Gae Aulenti et le design \u2013 \u00e9pisode 1 de Gae Aulenti's Legacy<\/a> (en anglais mais je vous le conseille vraiment alors que je n'aime pas sp\u00e9cialement le format podcast) <br>AD magazine - <a href=\"https:\/\/www.admagazine.fr\/design\/portraits\/diaporama\/gae-aulenti-la-surdouee\/52173\" target=\"_blank\" rel=\"noopener\" title=\"\">Gae Aulenti, architecte et designeuse surdou\u00e9e<\/a><br>Italian Design Club - <a href=\"https:\/\/www.italiandesignclub.com\/2023\/10\/30\/gae-aulenti-a-pioneer-in-furniture-design\/\" target=\"_blank\" rel=\"noopener\" title=\"\">Gae Aulenti: A Pioneer in Furniture Design<\/a> <br>Elle Decoration UK - <a href=\"https:\/\/www.elledecoration.co.uk\/design\/people\/a34023976\/design-hero-gae-aulenti\/\" target=\"_blank\" rel=\"noopener\" title=\"\">Design hero: architect and original thinker Gae Aulenti<\/a><\/p>\n\n\n\n<figure class=\"wp-block-gallery has-nested-images columns-default is-cropped wp-block-gallery-4 is-layout-flex wp-block-gallery-is-layout-flex\">\n<figure class=\"wp-block-image size-large\"><a href=\"https:\/\/www.cocondedecoration.com\/blog\/wp-content\/uploads\/2024\/09\/design-gae-aulenti.007-1.jpeg\"><img loading=\"lazy\" decoding=\"async\" width=\"640\" height=\"960\" data-id=\"77999\" src=\"https:\/\/www.cocondedecoration.com\/blog\/wp-content\/uploads\/2024\/09\/design-gae-aulenti.007-1-640x960.jpeg\" alt=\"design Gae Aulenti bain de soleil m\u00e9tal roue rayures jaunes et blanches \" class=\"wp-image-77999\" title=\"design Gae Aulenti bain de soleil m\u00e9tal roue rayures jaunes et blanches \" srcset=\"https:\/\/www.cocondedecoration.com\/blog\/wp-content\/uploads\/2024\/09\/design-gae-aulenti.007-1-640x960.jpeg 640w, https:\/\/www.cocondedecoration.com\/blog\/wp-content\/uploads\/2024\/09\/design-gae-aulenti.007-1-260x390.jpeg 260w, https:\/\/www.cocondedecoration.com\/blog\/wp-content\/uploads\/2024\/09\/design-gae-aulenti.007-1-768x1152.jpeg 768w, https:\/\/www.cocondedecoration.com\/blog\/wp-content\/uploads\/2024\/09\/design-gae-aulenti.007-1-367x550.jpeg 367w, https:\/\/www.cocondedecoration.com\/blog\/wp-content\/uploads\/2024\/09\/design-gae-aulenti.007-1-333x500.jpeg 333w, https:\/\/www.cocondedecoration.com\/blog\/wp-content\/uploads\/2024\/09\/design-gae-aulenti.007-1.jpeg 1000w\" sizes=\"(max-width: 640px) 100vw, 640px\" \/><\/a><figcaption class=\"wp-element-caption\">shop.mohd.it<\/figcaption><\/figure>\n\n\n\n<figure class=\"wp-block-image size-large\"><a href=\"https:\/\/www.cocondedecoration.com\/blog\/wp-content\/uploads\/2024\/09\/design-gae-aulenti.008.jpeg\"><img loading=\"lazy\" decoding=\"async\" width=\"640\" height=\"960\" data-id=\"77998\" src=\"https:\/\/www.cocondedecoration.com\/blog\/wp-content\/uploads\/2024\/09\/design-gae-aulenti.008-640x960.jpeg\" alt=\"design Gae Aulenti mobilier rose plastique moul\u00e9 modernit\u00e9 et tradition \" class=\"wp-image-77998\" title=\"design Gae Aulenti mobilier rose plastique moul\u00e9 modernit\u00e9 et tradition \" srcset=\"https:\/\/www.cocondedecoration.com\/blog\/wp-content\/uploads\/2024\/09\/design-gae-aulenti.008-640x960.jpeg 640w, https:\/\/www.cocondedecoration.com\/blog\/wp-content\/uploads\/2024\/09\/design-gae-aulenti.008-260x390.jpeg 260w, https:\/\/www.cocondedecoration.com\/blog\/wp-content\/uploads\/2024\/09\/design-gae-aulenti.008-768x1152.jpeg 768w, https:\/\/www.cocondedecoration.com\/blog\/wp-content\/uploads\/2024\/09\/design-gae-aulenti.008-367x550.jpeg 367w, https:\/\/www.cocondedecoration.com\/blog\/wp-content\/uploads\/2024\/09\/design-gae-aulenti.008-333x500.jpeg 333w, https:\/\/www.cocondedecoration.com\/blog\/wp-content\/uploads\/2024\/09\/design-gae-aulenti.008.jpeg 1000w\" sizes=\"(max-width: 640px) 100vw, 640px\" \/><\/a><figcaption class=\"wp-element-caption\">improvisedlife.com<\/figcaption><\/figure>\n<\/figure>\n\n\n\n<hr class=\"wp-block-separator has-alpha-channel-opacity is-style-wide\"\/>\n\n\n\n<div class=\"wp-block-columns is-layout-flex wp-container-core-columns-layout-2 wp-block-columns-is-layout-flex\">\n<div class=\"wp-block-column is-layout-flow wp-block-column-is-layout-flow\">\n<p class=\"has-text-align-center has-medium-font-size\">Plus d'article design &amp; histoire<\/p>\n\n\n<ul class=\"wp-block-latest-posts__list wp-block-latest-posts\"><li><a class=\"wp-block-latest-posts__post-title\" href=\"https:\/\/www.cocondedecoration.com\/blog\/2026\/01\/histoire-pouf-poire-sacco\/\">La petite histoire du pouf poire, le \u00ab\u00a0Sacco\u00a0\u00bb<\/a><\/li>\n<li><a class=\"wp-block-latest-posts__post-title\" href=\"https:\/\/www.cocondedecoration.com\/blog\/2026\/01\/couleur-decoration-generation\/\">Pour chaque g\u00e9n\u00e9ration, sa palette de couleurs d\u00e9co<\/a><\/li>\n<li><a class=\"wp-block-latest-posts__post-title\" href=\"https:\/\/www.cocondedecoration.com\/blog\/2025\/02\/portrait-cini-boeri\/\">Qui est Cini Boeri? Et pourquoi vous devriez la conna\u00eetre?<\/a><\/li>\n<li><a class=\"wp-block-latest-posts__post-title\" href=\"https:\/\/www.cocondedecoration.com\/blog\/2025\/02\/histoire-tabouret-tam-tam\/\">La petite histoire du tabouret TAM TAM | Abonn\u00e9\u2022e\u2022s<\/a><\/li>\n<li><a class=\"wp-block-latest-posts__post-title\" href=\"https:\/\/www.cocondedecoration.com\/blog\/2025\/01\/design-mid-century-modern\/\">Comprendre le design Mid Century Modern en 3 minutes<\/a><\/li>\n<li><a class=\"wp-block-latest-posts__post-title\" href=\"https:\/\/www.cocondedecoration.com\/blog\/2024\/11\/biographie-anna-castelli-ferrieri\/\">Qui est Anna Castelli Ferrieri? Pourquoi vous devriez la conna\u00eetre?<\/a><\/li>\n<li><a class=\"wp-block-latest-posts__post-title\" href=\"https:\/\/www.cocondedecoration.com\/blog\/2024\/10\/biographie-florence-knoll\/\">Qui est Florence Knoll? Pourquoi vous devriez la conna\u00eetre?<\/a><\/li>\n<li><a class=\"wp-block-latest-posts__post-title\" href=\"https:\/\/www.cocondedecoration.com\/blog\/2024\/09\/gae-aulenti-design-architecture\/\">Qui est Gae Aulenti? Et pourquoi vous devriez la conna\u00eetre?<\/a><\/li>\n<li><a class=\"wp-block-latest-posts__post-title\" href=\"https:\/\/www.cocondedecoration.com\/blog\/2024\/08\/architecture-paquebot\/\">Courbes et Fluidit\u00e9 : L&rsquo;Architecture Paquebot<\/a><\/li>\n<\/ul><\/div>\n\n\n\n<div class=\"wp-block-column is-layout-flow wp-block-column-is-layout-flow\">\n<p class=\"has-text-align-center has-medium-font-size\" style=\"padding-top:var(--wp--preset--spacing--40);padding-bottom:var(--wp--preset--spacing--40)\"><strong>Devenez m\u00e9c\u00e8ne du blog <\/strong><\/p>\n\n\n\n<hr class=\"wp-block-separator has-alpha-channel-opacity is-style-wide\"\/>\n\n\n\n<p style=\"padding-right:var(--wp--preset--spacing--30);padding-left:var(--wp--preset--spacing--30)\">Soutenez mon travail sur le blog et acc\u00e9dez \u00e0 des contreparties exclusives: <\/p>\n\n\n\n<ul style=\"padding-right:var(--wp--preset--spacing--40);padding-left:var(--wp--preset--spacing--40)\">\n<li>Plusieurs centaines d'articles d\u00e9co, lifestyle &amp; voyage r\u00e9serv\u00e9s aux abonn\u00e9\u2022e\u2022s <\/li>\n\n\n\n<li>Toutes les entr\u00e9es de mon side project - mon dictionnaire nomade <\/li>\n\n\n\n<li>Une publicit\u00e9 limit\u00e9e sur les articles Patreon <\/li>\n<\/ul>\n\n\n\n<div class=\"wp-block-buttons is-content-justification-center is-layout-flex wp-container-core-buttons-layout-1 wp-block-buttons-is-layout-flex\">\n<div class=\"wp-block-button\"><a class=\"wp-block-button__link wp-element-button\" href=\"https:\/\/www.patreon.com\/cocondedeco\" target=\"_blank\" rel=\"noreferrer noopener\">Soutenir le blog maintenant<\/a><\/div>\n<\/div>\n<\/div>\n<\/div>\n\n\n<div class=\"wp-block-image\">\n<figure class=\"aligncenter size-full\"><a href=\"https:\/\/www.cocondedecoration.com\/blog\/wp-content\/uploads\/2024\/09\/biographie-gae-aulenti-architecte-design.001.jpeg\"><img loading=\"lazy\" decoding=\"async\" width=\"732\" height=\"488\" src=\"https:\/\/www.cocondedecoration.com\/blog\/wp-content\/uploads\/2024\/09\/biographie-gae-aulenti-architecte-design.001.jpeg\" alt=\"biographie Gae Aulenti architecte italienne designer \" class=\"wp-image-78000\" title=\"biographie Gae Aulenti architecte italienne designer \" srcset=\"https:\/\/www.cocondedecoration.com\/blog\/wp-content\/uploads\/2024\/09\/biographie-gae-aulenti-architecte-design.001.jpeg 732w, https:\/\/www.cocondedecoration.com\/blog\/wp-content\/uploads\/2024\/09\/biographie-gae-aulenti-architecte-design.001-260x173.jpeg 260w, https:\/\/www.cocondedecoration.com\/blog\/wp-content\/uploads\/2024\/09\/biographie-gae-aulenti-architecte-design.001-640x427.jpeg 640w, https:\/\/www.cocondedecoration.com\/blog\/wp-content\/uploads\/2024\/09\/biographie-gae-aulenti-architecte-design.001-465x310.jpeg 465w, https:\/\/www.cocondedecoration.com\/blog\/wp-content\/uploads\/2024\/09\/biographie-gae-aulenti-architecte-design.001-695x463.jpeg 695w\" sizes=\"(max-width: 732px) 100vw, 732px\" \/><\/a><figcaption class=\"wp-element-caption\">agofstore.com<\/figcaption><\/figure><\/div>","protected":false},"excerpt":{"rendered":"<p>Gae Aulenti est une figure iconique de l&rsquo;architecture et du design italien. Je vous propose d&rsquo;en apprendre plus sur son parcours et ses r\u00e9alisations. <span class=\"more-link\"><a href=\"https:\/\/www.cocondedecoration.com\/blog\/2024\/09\/gae-aulenti-design-architecture\/\">Lire la suite<\/a><\/span><\/p>\n","protected":false},"author":1,"featured_media":78000,"comment_status":"open","ping_status":"open","sticky":false,"template":"","format":"standard","meta":{"om_disable_all_campaigns":false,"_monsterinsights_skip_tracking":false,"_monsterinsights_sitenote_active":false,"_monsterinsights_sitenote_note":"","_monsterinsights_sitenote_category":0,"_uf_show_specific_survey":0,"_uf_disable_surveys":false,"footnotes":""},"categories":[36384],"tags":[61581,61580,61579,61578,60819,406,2241],"aioseo_notices":[],"_links":{"self":[{"href":"https:\/\/www.cocondedecoration.com\/blog\/wp-json\/wp\/v2\/posts\/77989"}],"collection":[{"href":"https:\/\/www.cocondedecoration.com\/blog\/wp-json\/wp\/v2\/posts"}],"about":[{"href":"https:\/\/www.cocondedecoration.com\/blog\/wp-json\/wp\/v2\/types\/post"}],"author":[{"embeddable":true,"href":"https:\/\/www.cocondedecoration.com\/blog\/wp-json\/wp\/v2\/users\/1"}],"replies":[{"embeddable":true,"href":"https:\/\/www.cocondedecoration.com\/blog\/wp-json\/wp\/v2\/comments?post=77989"}],"version-history":[{"count":3,"href":"https:\/\/www.cocondedecoration.com\/blog\/wp-json\/wp\/v2\/posts\/77989\/revisions"}],"predecessor-version":[{"id":78002,"href":"https:\/\/www.cocondedecoration.com\/blog\/wp-json\/wp\/v2\/posts\/77989\/revisions\/78002"}],"wp:featuredmedia":[{"embeddable":true,"href":"https:\/\/www.cocondedecoration.com\/blog\/wp-json\/wp\/v2\/media\/78000"}],"wp:attachment":[{"href":"https:\/\/www.cocondedecoration.com\/blog\/wp-json\/wp\/v2\/media?parent=77989"}],"wp:term":[{"taxonomy":"category","embeddable":true,"href":"https:\/\/www.cocondedecoration.com\/blog\/wp-json\/wp\/v2\/categories?post=77989"},{"taxonomy":"post_tag","embeddable":true,"href":"https:\/\/www.cocondedecoration.com\/blog\/wp-json\/wp\/v2\/tags?post=77989"}],"curies":[{"name":"wp","href":"https:\/\/api.w.org\/{rel}","templated":true}]}}