{"id":7786,"date":"2014-07-17T06:00:04","date_gmt":"2014-07-17T04:00:04","guid":{"rendered":"http:\/\/www.cocondedecoration.com\/blog\/?p=7786"},"modified":"2014-07-14T10:32:39","modified_gmt":"2014-07-14T08:32:39","slug":"quelques-images-persos","status":"publish","type":"post","link":"https:\/\/www.cocondedecoration.com\/blog\/2014\/07\/quelques-images-persos\/","title":{"rendered":"Quelques images persos&#8230;"},"content":{"rendered":"<p style=\"text-align: justify;\">Lundi 14 juillet, alors que je pouvais dormir pleinement, non, mon corps en a d\u00e9cid\u00e9 autrement et j'ai fait une jolie petite <strong>insomnie<\/strong>. Quand on est debout \u00e0 5h30, c'est dingue le nombre de choses qu'on peut faire pour s'occuper, comme par exemple, <strong>vider les photos<\/strong> de la tablette, faire du tri dans les images et les mettre sur le Mac... <strong>Je partage peu de photos personnelles<\/strong> ici, pour de nombreuses raisons. La premi\u00e8re c'est que je ne suis vraiment pas photographe. La plupart de mes images sont floues. (J'ai un don pour \u00e7a). La deuxi\u00e8me c'est que je fait peu de photos. J'aime profiter pleinement des moments que je passe et donc je ne pense pas \u00e0 sortir la tablette (l'appareil de mon t\u00e9l\u00e9phone est foutu...). Enfin, je ne partage que tr\u00e8s rarement des photos personnelles, m\u00eame sur les r\u00e9seaux sociaux. Comme je m'en sers surtout pour travailler, je fais attention \u00e0 ce que je poste et il y a rarement des photos de moi ou de Ch\u00e9ri ou de mes fr\u00e8res...<\/p>\n<p style=\"text-align: justify;\">Aujourd'hui, je vous montre donc une petite partie de mes activit\u00e9s de ces derniers mois. Il y en a pour tous les go\u00fbts...<\/p>\n<p style=\"text-align: justify;\">D\u00e9corer le hall d'entr\u00e9e de <a href=\"http:\/\/www.cocondedecoration.com\/blog\/2013\/11\/soiree-tedx-dunkerque-le-23-novembre\/\" target=\"_blank\">la conf\u00e9rence Ted-X Dunkerque<\/a> en novembre dernier<\/p>\n<p style=\"text-align: justify;\"><a href=\"http:\/\/www.cocondedecoration.com\/blog\/wp-content\/uploads\/2014\/07\/decoration-TedX-Dunkerqiue-2013.jpg\"><img loading=\"lazy\" decoding=\"async\" class=\"aligncenter size-full wp-image-7790\" src=\"http:\/\/www.cocondedecoration.com\/blog\/wp-content\/uploads\/2014\/07\/decoration-TedX-Dunkerqiue-2013.jpg\" alt=\"decoration TedX Dunkerqiue 2013\" width=\"851\" height=\"315\" srcset=\"https:\/\/www.cocondedecoration.com\/blog\/wp-content\/uploads\/2014\/07\/decoration-TedX-Dunkerqiue-2013.jpg 851w, https:\/\/www.cocondedecoration.com\/blog\/wp-content\/uploads\/2014\/07\/decoration-TedX-Dunkerqiue-2013-260x96.jpg 260w, https:\/\/www.cocondedecoration.com\/blog\/wp-content\/uploads\/2014\/07\/decoration-TedX-Dunkerqiue-2013-640x236.jpg 640w\" sizes=\"(max-width: 851px) 100vw, 851px\" \/><\/a><\/p>\n<p style=\"text-align: justify;\">D\u00e9corer la conf\u00e9rence <a href=\"http:\/\/www.cocondedecoration.com\/blog\/2013\/11\/vedk-parcours-dentrepreneurs-contes-aux-etudiants\/\" target=\"_blank\">Visions d'Entrepreneurs <\/a>au Studio 43 en d\u00e9but d'ann\u00e9e<\/p>\n<p style=\"text-align: justify;\"><a href=\"http:\/\/www.cocondedecoration.com\/blog\/wp-content\/uploads\/2014\/07\/vision-dentrepreneur-2014.jpg\"><img loading=\"lazy\" decoding=\"async\" class=\"aligncenter size-full wp-image-7787\" src=\"http:\/\/www.cocondedecoration.com\/blog\/wp-content\/uploads\/2014\/07\/vision-dentrepreneur-2014.jpg\" alt=\"vision d'entrepreneur 2014\" width=\"851\" height=\"315\" srcset=\"https:\/\/www.cocondedecoration.com\/blog\/wp-content\/uploads\/2014\/07\/vision-dentrepreneur-2014.jpg 851w, https:\/\/www.cocondedecoration.com\/blog\/wp-content\/uploads\/2014\/07\/vision-dentrepreneur-2014-260x96.jpg 260w, https:\/\/www.cocondedecoration.com\/blog\/wp-content\/uploads\/2014\/07\/vision-dentrepreneur-2014-640x236.jpg 640w\" sizes=\"(max-width: 851px) 100vw, 851px\" \/><\/a><\/p>\n<p style=\"text-align: justify;\">Passer un moment chez <a href=\"https:\/\/www.facebook.com\/pages\/Laiguille-%C3%A0-id%C3%A9es\/326162507421373\" target=\"_blank\">Marion<\/a>, cr\u00e9atrice d'entreprise qui a ouvert les portes de son atelier le temps d'un caf\u00e9 entre cr\u00e9atrices et blogueuses<\/p>\n<p style=\"text-align: justify;\"><a href=\"http:\/\/www.cocondedecoration.com\/blog\/wp-content\/uploads\/2014\/07\/Apre\u0300s-midi-cre\u0301atrices-dunkerque.jpg\"><img loading=\"lazy\" decoding=\"async\" class=\"aligncenter size-full wp-image-7791\" src=\"http:\/\/www.cocondedecoration.com\/blog\/wp-content\/uploads\/2014\/07\/Apre\u0300s-midi-cre\u0301atrices-dunkerque.jpg\" alt=\"Apre\u0300s midi cre\u0301atrices dunkerque\" width=\"851\" height=\"315\" srcset=\"https:\/\/www.cocondedecoration.com\/blog\/wp-content\/uploads\/2014\/07\/Apre\u0300s-midi-cre\u0301atrices-dunkerque.jpg 851w, https:\/\/www.cocondedecoration.com\/blog\/wp-content\/uploads\/2014\/07\/Apre\u0300s-midi-cre\u0301atrices-dunkerque-260x96.jpg 260w, https:\/\/www.cocondedecoration.com\/blog\/wp-content\/uploads\/2014\/07\/Apre\u0300s-midi-cre\u0301atrices-dunkerque-640x236.jpg 640w, https:\/\/www.cocondedecoration.com\/blog\/wp-content\/uploads\/2014\/07\/Apre\u0300s-midi-cre\u0301atrices-dunkerque-600x222.jpg 600w\" sizes=\"(max-width: 851px) 100vw, 851px\" \/><\/a><\/p>\n<p style=\"text-align: justify;\">Se promener le 21 juin dans Dunkerque et profiter de la f\u00eate de la musique<\/p>\n<p style=\"text-align: justify;\"><a href=\"http:\/\/www.cocondedecoration.com\/blog\/wp-content\/uploads\/2014\/07\/fe\u0302te-de-la-musique-2014-Dunkerque.jpg\"><img loading=\"lazy\" decoding=\"async\" class=\"aligncenter size-full wp-image-7789\" src=\"http:\/\/www.cocondedecoration.com\/blog\/wp-content\/uploads\/2014\/07\/fe\u0302te-de-la-musique-2014-Dunkerque.jpg\" alt=\"fe\u0302te de la musique 2014 Dunkerque\" width=\"851\" height=\"315\" srcset=\"https:\/\/www.cocondedecoration.com\/blog\/wp-content\/uploads\/2014\/07\/fe\u0302te-de-la-musique-2014-Dunkerque.jpg 851w, https:\/\/www.cocondedecoration.com\/blog\/wp-content\/uploads\/2014\/07\/fe\u0302te-de-la-musique-2014-Dunkerque-260x96.jpg 260w, https:\/\/www.cocondedecoration.com\/blog\/wp-content\/uploads\/2014\/07\/fe\u0302te-de-la-musique-2014-Dunkerque-640x236.jpg 640w, https:\/\/www.cocondedecoration.com\/blog\/wp-content\/uploads\/2014\/07\/fe\u0302te-de-la-musique-2014-Dunkerque-600x222.jpg 600w\" sizes=\"(max-width: 851px) 100vw, 851px\" \/><\/a><\/p>\n<p style=\"text-align: justify;\">D\u00e9couvrir le FRAC de Dunkerque (Font R\u00e9gional d'Art Contemporain) un dimanche couvert. Bien rire avec les commentaires de Ch\u00e9ri...<\/p>\n<p style=\"text-align: justify;\"><a href=\"http:\/\/www.cocondedecoration.com\/blog\/wp-content\/uploads\/2014\/07\/Frac-2014-Dunkerque.jpg\"><img loading=\"lazy\" decoding=\"async\" class=\"aligncenter size-full wp-image-7788\" src=\"http:\/\/www.cocondedecoration.com\/blog\/wp-content\/uploads\/2014\/07\/Frac-2014-Dunkerque.jpg\" alt=\"Frac 2014 Dunkerque\" width=\"851\" height=\"315\" srcset=\"https:\/\/www.cocondedecoration.com\/blog\/wp-content\/uploads\/2014\/07\/Frac-2014-Dunkerque.jpg 851w, https:\/\/www.cocondedecoration.com\/blog\/wp-content\/uploads\/2014\/07\/Frac-2014-Dunkerque-260x96.jpg 260w, https:\/\/www.cocondedecoration.com\/blog\/wp-content\/uploads\/2014\/07\/Frac-2014-Dunkerque-640x236.jpg 640w\" sizes=\"(max-width: 851px) 100vw, 851px\" \/><\/a><\/p>\n<p style=\"text-align: justify;\">Prendre des photos de mes chats... Quand je regarde les images, j'ai l'impression qu'elles sont sages... #cen'estqu'uneimpression<\/p>\n<p style=\"text-align: justify;\"><a href=\"http:\/\/www.cocondedecoration.com\/blog\/wp-content\/uploads\/2014\/07\/photos-chats.jpg\"><img loading=\"lazy\" decoding=\"async\" class=\"aligncenter size-full wp-image-7793\" src=\"http:\/\/www.cocondedecoration.com\/blog\/wp-content\/uploads\/2014\/07\/photos-chats.jpg\" alt=\"photos chats\" width=\"851\" height=\"315\" srcset=\"https:\/\/www.cocondedecoration.com\/blog\/wp-content\/uploads\/2014\/07\/photos-chats.jpg 851w, https:\/\/www.cocondedecoration.com\/blog\/wp-content\/uploads\/2014\/07\/photos-chats-260x96.jpg 260w, https:\/\/www.cocondedecoration.com\/blog\/wp-content\/uploads\/2014\/07\/photos-chats-640x236.jpg 640w\" sizes=\"(max-width: 851px) 100vw, 851px\" \/><\/a><\/p>\n<p style=\"text-align: justify;\">Quelques images de travail... La galerie d'art <a href=\"https:\/\/www.facebook.com\/MuseGalerie?ref_type=bookmark\" target=\"_blank\">Muse Galerie<\/a> a ouvert ses portes il y a quelques semaines...<\/p>\n<p style=\"text-align: justify;\"><a href=\"http:\/\/www.cocondedecoration.com\/blog\/wp-content\/uploads\/2014\/07\/projet-de\u0301co-pro.jpg\"><img loading=\"lazy\" decoding=\"async\" class=\"aligncenter size-full wp-image-7794\" src=\"http:\/\/www.cocondedecoration.com\/blog\/wp-content\/uploads\/2014\/07\/projet-de\u0301co-pro.jpg\" alt=\"projet de\u0301co pro\" width=\"851\" height=\"315\" srcset=\"https:\/\/www.cocondedecoration.com\/blog\/wp-content\/uploads\/2014\/07\/projet-de\u0301co-pro.jpg 851w, https:\/\/www.cocondedecoration.com\/blog\/wp-content\/uploads\/2014\/07\/projet-de\u0301co-pro-260x96.jpg 260w, https:\/\/www.cocondedecoration.com\/blog\/wp-content\/uploads\/2014\/07\/projet-de\u0301co-pro-640x236.jpg 640w, https:\/\/www.cocondedecoration.com\/blog\/wp-content\/uploads\/2014\/07\/projet-de\u0301co-pro-600x222.jpg 600w\" sizes=\"(max-width: 851px) 100vw, 851px\" \/><\/a><\/p>\n<p style=\"text-align: justify;\">\n","protected":false},"excerpt":{"rendered":"<p>Lundi 14 juillet, alors que je pouvais dormir pleinement, non, mon corps en a d\u00e9cid\u00e9 autrement et j&rsquo;ai fait une jolie petite insomnie. Quand on est debout \u00e0 5h30, c&rsquo;est dingue le nombre de choses qu&rsquo;on peut faire pour s&rsquo;occuper, comme par exemple, vider les photos de la tablette, faire<span class=\"more-link\"><a href=\"https:\/\/www.cocondedecoration.com\/blog\/2014\/07\/quelques-images-persos\/\">Lire la suite<\/a><\/span><\/p>\n","protected":false},"author":1,"featured_media":7794,"comment_status":"open","ping_status":"open","sticky":false,"template":"","format":"standard","meta":{"om_disable_all_campaigns":false,"_monsterinsights_skip_tracking":false,"_monsterinsights_sitenote_active":false,"_monsterinsights_sitenote_note":"","_monsterinsights_sitenote_category":0,"_uf_show_specific_survey":0,"_uf_disable_surveys":false,"footnotes":""},"categories":[5],"tags":[135,56,1164,785,129,528,16,1617,2095,191,1615,1616],"aioseo_notices":[],"_links":{"self":[{"href":"https:\/\/www.cocondedecoration.com\/blog\/wp-json\/wp\/v2\/posts\/7786"}],"collection":[{"href":"https:\/\/www.cocondedecoration.com\/blog\/wp-json\/wp\/v2\/posts"}],"about":[{"href":"https:\/\/www.cocondedecoration.com\/blog\/wp-json\/wp\/v2\/types\/post"}],"author":[{"embeddable":true,"href":"https:\/\/www.cocondedecoration.com\/blog\/wp-json\/wp\/v2\/users\/1"}],"replies":[{"embeddable":true,"href":"https:\/\/www.cocondedecoration.com\/blog\/wp-json\/wp\/v2\/comments?post=7786"}],"version-history":[{"count":0,"href":"https:\/\/www.cocondedecoration.com\/blog\/wp-json\/wp\/v2\/posts\/7786\/revisions"}],"wp:featuredmedia":[{"embeddable":true,"href":"https:\/\/www.cocondedecoration.com\/blog\/wp-json\/wp\/v2\/media\/7794"}],"wp:attachment":[{"href":"https:\/\/www.cocondedecoration.com\/blog\/wp-json\/wp\/v2\/media?parent=7786"}],"wp:term":[{"taxonomy":"category","embeddable":true,"href":"https:\/\/www.cocondedecoration.com\/blog\/wp-json\/wp\/v2\/categories?post=7786"},{"taxonomy":"post_tag","embeddable":true,"href":"https:\/\/www.cocondedecoration.com\/blog\/wp-json\/wp\/v2\/tags?post=7786"}],"curies":[{"name":"wp","href":"https:\/\/api.w.org\/{rel}","templated":true}]}}