{"id":75202,"date":"2024-06-26T04:27:17","date_gmt":"2024-06-26T02:27:17","guid":{"rendered":"https:\/\/www.cocondedecoration.com\/blog\/?p=75202"},"modified":"2024-06-26T04:27:49","modified_gmt":"2024-06-26T02:27:49","slug":"de-stijl-architecture-design","status":"publish","type":"post","link":"https:\/\/www.cocondedecoration.com\/blog\/2024\/06\/de-stijl-architecture-design\/","title":{"rendered":"De Stijl, entre art et architecture| design &#038; histoire"},"content":{"rendered":"\n<p>J'ai pas mal repouss\u00e9 la r\u00e9daction de cet article \u00e0 propos du mouvement De Stijl. Pourquoi? Parce que je ne le trouve pas particuli\u00e8rement accessible au premier abord. Peut-\u00eatre est-ce parce qu'il a \u00e9t\u00e9 peu vulgaris\u00e9? Peut-\u00eatre est-ce parce qu'on r\u00e9sume ce mouvement bien trop souvent qu'\u00e0 Mondrian? Je ne sais pas exactement. Je ne regrette pas de m'y \u00eatre coll\u00e9e, la pr\u00e9paration de cet article a fait tomber les limites de ma perception; Et j'ai enfin un peu mieux compris la d\u00e9marche, la volont\u00e9 de ce mouvement. J'esp\u00e8re que cet article vous permettra d'y voir plus clair aussi! <\/p>\n\n\n\n<!--more-->\n\n\n\n<div style=\"height:20px\" aria-hidden=\"true\" class=\"wp-block-spacer\"><\/div>\n\n\n\n<div class=\"wp-block-media-text alignwide\"><figure class=\"wp-block-media-text__media\"><img loading=\"lazy\" decoding=\"async\" width=\"640\" height=\"366\" src=\"https:\/\/www.cocondedecoration.com\/blog\/wp-content\/uploads\/2023\/12\/newsletter-patreon-640x366.png\" alt=\"\" class=\"wp-image-70176\" srcset=\"https:\/\/www.cocondedecoration.com\/blog\/wp-content\/uploads\/2023\/12\/newsletter-patreon-640x366.png 640w, https:\/\/www.cocondedecoration.com\/blog\/wp-content\/uploads\/2023\/12\/newsletter-patreon-260x149.png 260w, https:\/\/www.cocondedecoration.com\/blog\/wp-content\/uploads\/2023\/12\/newsletter-patreon-768x439.png 768w, https:\/\/www.cocondedecoration.com\/blog\/wp-content\/uploads\/2023\/12\/newsletter-patreon-465x266.png 465w, https:\/\/www.cocondedecoration.com\/blog\/wp-content\/uploads\/2023\/12\/newsletter-patreon-695x397.png 695w, https:\/\/www.cocondedecoration.com\/blog\/wp-content\/uploads\/2023\/12\/newsletter-patreon.png 1050w\" sizes=\"(max-width: 640px) 100vw, 640px\" \/><\/figure><div class=\"wp-block-media-text__content\">\n<p style=\"text-align:center\"><strong>La newsletter du blog est sur Patreon<\/strong><\/p>\n\n\n\n<p>Devenez membre gratuitement de mon Patron pour lire toutes les newsletters du blog &amp; recevoir une notification quand les prochaines seront en ligne. <\/p>\n\n\n\n<div class=\"wp-block-button aligncenter\"><a class=\"wp-block-button__link\" href=\"https:\/\/www.patreon.com\/cocondedeco\">Acc\u00e9der \u00e0 Patreon gratuitement<\/a><\/div>\n<\/div><\/div>\n\n\n\n<div style=\"height:30px\" aria-hidden=\"true\" class=\"wp-block-spacer\"><\/div>\n\n\n\n<div class=\"wp-block-columns is-layout-flex wp-container-core-columns-layout-1 wp-block-columns-is-layout-flex\">\n<div class=\"wp-block-column is-layout-flow wp-block-column-is-layout-flow\">\n<div style=\"height:100px\" aria-hidden=\"true\" class=\"wp-block-spacer\"><\/div>\n\n\n\n<h2 class=\"wp-block-heading\">01 |\u00a0C'est quoi le mouvement De Stijl? <\/h2>\n\n\n\n<p>De Stijl est un mouvement hollandais qui passe aussi bien par l'art que l'architecture, le mobilier ou encore la mode. C'est un mouvement d'avant-garde qui cr\u00e9e une rupture avec l'expression de l'art \u00e9tabli (l'expressionnisme par exemple). C'est un art abstrait rigoureux. La traduction de \"De Stijl\" est \"le style\". <\/p>\n\n\n\n<h2 class=\"wp-block-heading\">02 | D\u00e9but et fin du mouvement De Stijl<\/h2>\n\n\n\n<p><em>De Stijl<\/em> est avant tout une revue d'art publi\u00e9e entre 1917 et 1932 par Theo van Doesburg. Cette revue permet la diffusion des id\u00e9es du mouvement \u00e9ponyme. On y retrouve les id\u00e9es n\u00e9oplasticiennes de Mondrian mais aussi le travail d'architectes, d'artistes abstraits. La publication de cette revue et la naissance de ce mouvement se produisent en pleine Premi\u00e8re Guerre Mondiale. La revue est d'abord publi\u00e9e au Pays-Bas puis \u00e0 Paris. En tout, 90 num\u00e9ros sont publi\u00e9s. En 1918 est publi\u00e9 le premier manifeste De Stijl (j'y reviens apr\u00e8s). <\/p>\n\n\n\n<p>Au d\u00e9but des ann\u00e9es 20, il y a rupture entre van Doesburg et Mondrian. Ce dernier poursuit sa carri\u00e8re notamment aux Etats-Unis pendant la Seconde Guerre Mondiale. 1931, van Doesburg meurt. L'ann\u00e9e suivante est publi\u00e9 le dernier num\u00e9ro de la revue. <\/p>\n<\/div>\n\n\n\n<div class=\"wp-block-column is-layout-flow wp-block-column-is-layout-flow\">\n<figure class=\"wp-block-image size-large\"><a href=\"https:\/\/www.cocondedecoration.com\/blog\/wp-content\/uploads\/2024\/06\/caracteristiques-mouvement-de-stijl.001.jpeg\"><img loading=\"lazy\" decoding=\"async\" width=\"640\" height=\"960\" src=\"https:\/\/www.cocondedecoration.com\/blog\/wp-content\/uploads\/2024\/06\/caracteristiques-mouvement-de-stijl.001-640x960.jpeg\" alt=\"fauteuil iconique mouvement De Stijl art mobilier architecture couleur noir bleu rouge abstraction minimalisme \" class=\"wp-image-75206\" title=\"fauteuil iconique mouvement De Stijl art mobilier architecture couleur noir bleu rouge abstraction minimalisme \" srcset=\"https:\/\/www.cocondedecoration.com\/blog\/wp-content\/uploads\/2024\/06\/caracteristiques-mouvement-de-stijl.001-640x960.jpeg 640w, https:\/\/www.cocondedecoration.com\/blog\/wp-content\/uploads\/2024\/06\/caracteristiques-mouvement-de-stijl.001-260x390.jpeg 260w, https:\/\/www.cocondedecoration.com\/blog\/wp-content\/uploads\/2024\/06\/caracteristiques-mouvement-de-stijl.001-768x1152.jpeg 768w, https:\/\/www.cocondedecoration.com\/blog\/wp-content\/uploads\/2024\/06\/caracteristiques-mouvement-de-stijl.001-367x550.jpeg 367w, https:\/\/www.cocondedecoration.com\/blog\/wp-content\/uploads\/2024\/06\/caracteristiques-mouvement-de-stijl.001-333x500.jpeg 333w, https:\/\/www.cocondedecoration.com\/blog\/wp-content\/uploads\/2024\/06\/caracteristiques-mouvement-de-stijl.001.jpeg 1000w\" sizes=\"(max-width: 640px) 100vw, 640px\" \/><\/a><figcaption class=\"wp-element-caption\">citedudesign.com<\/figcaption><\/figure>\n<\/div>\n<\/div>\n\n\n\n<div class=\"wp-block-columns is-layout-flex wp-container-core-columns-layout-2 wp-block-columns-is-layout-flex\">\n<div class=\"wp-block-column is-layout-flow wp-block-column-is-layout-flow\">\n<figure class=\"wp-block-image size-large\"><a href=\"https:\/\/www.cocondedecoration.com\/blog\/wp-content\/uploads\/2024\/06\/caracteristiques-mouvement-de-stijl.002.jpeg\"><img loading=\"lazy\" decoding=\"async\" width=\"640\" height=\"960\" src=\"https:\/\/www.cocondedecoration.com\/blog\/wp-content\/uploads\/2024\/06\/caracteristiques-mouvement-de-stijl.002-640x960.jpeg\" alt=\"mouvement architecture De Stijl exemple France Strasbourg Aubette g\u00e9om\u00e9trie couleur \" class=\"wp-image-75207\" title=\"mouvement architecture De Stijl exemple France Strasbourg Aubette g\u00e9om\u00e9trie couleur \" srcset=\"https:\/\/www.cocondedecoration.com\/blog\/wp-content\/uploads\/2024\/06\/caracteristiques-mouvement-de-stijl.002-640x960.jpeg 640w, https:\/\/www.cocondedecoration.com\/blog\/wp-content\/uploads\/2024\/06\/caracteristiques-mouvement-de-stijl.002-260x390.jpeg 260w, https:\/\/www.cocondedecoration.com\/blog\/wp-content\/uploads\/2024\/06\/caracteristiques-mouvement-de-stijl.002-768x1152.jpeg 768w, https:\/\/www.cocondedecoration.com\/blog\/wp-content\/uploads\/2024\/06\/caracteristiques-mouvement-de-stijl.002-367x550.jpeg 367w, https:\/\/www.cocondedecoration.com\/blog\/wp-content\/uploads\/2024\/06\/caracteristiques-mouvement-de-stijl.002-333x500.jpeg 333w, https:\/\/www.cocondedecoration.com\/blog\/wp-content\/uploads\/2024\/06\/caracteristiques-mouvement-de-stijl.002.jpeg 1000w\" sizes=\"(max-width: 640px) 100vw, 640px\" \/><\/a><figcaption class=\"wp-element-caption\">destijlthac.blogspot.com<\/figcaption><\/figure>\n\n\n\n<figure class=\"wp-block-image size-large\"><a href=\"https:\/\/www.cocondedecoration.com\/blog\/wp-content\/uploads\/2024\/06\/de-stijl-mondrian-couleurs.001.jpeg\"><img loading=\"lazy\" decoding=\"async\" width=\"640\" height=\"960\" src=\"https:\/\/www.cocondedecoration.com\/blog\/wp-content\/uploads\/2024\/06\/de-stijl-mondrian-couleurs.001-640x960.jpeg\" alt=\"table et chaise de Stijl Mondrian couleur abstraction minimalisme \" class=\"wp-image-75214\" srcset=\"https:\/\/www.cocondedecoration.com\/blog\/wp-content\/uploads\/2024\/06\/de-stijl-mondrian-couleurs.001-640x960.jpeg 640w, https:\/\/www.cocondedecoration.com\/blog\/wp-content\/uploads\/2024\/06\/de-stijl-mondrian-couleurs.001-260x390.jpeg 260w, https:\/\/www.cocondedecoration.com\/blog\/wp-content\/uploads\/2024\/06\/de-stijl-mondrian-couleurs.001-768x1152.jpeg 768w, https:\/\/www.cocondedecoration.com\/blog\/wp-content\/uploads\/2024\/06\/de-stijl-mondrian-couleurs.001-367x550.jpeg 367w, https:\/\/www.cocondedecoration.com\/blog\/wp-content\/uploads\/2024\/06\/de-stijl-mondrian-couleurs.001-333x500.jpeg 333w, https:\/\/www.cocondedecoration.com\/blog\/wp-content\/uploads\/2024\/06\/de-stijl-mondrian-couleurs.001.jpeg 1000w\" sizes=\"(max-width: 640px) 100vw, 640px\" \/><\/a><figcaption class=\"wp-element-caption\">areacodeartfair.com<\/figcaption><\/figure>\n<\/div>\n\n\n\n<div class=\"wp-block-column is-layout-flow wp-block-column-is-layout-flow\">\n<div style=\"height:100px\" aria-hidden=\"true\" class=\"wp-block-spacer\"><\/div>\n\n\n\n<h2 class=\"wp-block-heading\">03 | Manifestes &amp; lignes directrices qui caract\u00e9risent le style De Stijl <\/h2>\n\n\n\n<h3 class=\"wp-block-heading\">Les diff\u00e9rents manifestes De Stijl <\/h3>\n\n\n\n<p>Comme je viens de l'\u00e9crire, le premier manifeste du mouvement sort en 1918. Comme tout manifeste, il \u00e9nonce les grandes lignes du mouvement. De Stijl se caract\u00e9rise par plusieurs manifestes - trop nombreux \u00e0 mon go\u00fbt! Chaque manifeste \u00e9nonce de nouvelles id\u00e9es mais met aussi en valeur les arriv\u00e9es et d\u00e9parts d'artistes et architectes qui adh\u00e8rent ou pas au mouvement. <\/p>\n\n\n\n<ul>\n<li>1918 - premier manisfeste <\/li>\n\n\n\n<li>1920 - deuxi\u00e8me manifeste <\/li>\n\n\n\n<li>1921 - troisi\u00e8me manifeste \"<em>Vers une formation du monde<\/em>\" <\/li>\n\n\n\n<li>1925- cinqui\u00e8me manifeste \"<em>Vers une construction collective<\/em>\"<\/li>\n<\/ul>\n\n\n\n<p>O\u00f9 est le 4\u00e8me manifeste? Je ne l'ai pas oubli\u00e9, je n'ai juste pas trouv\u00e9 de r\u00e9f\u00e9rences \u00e0 ce propos... <\/p>\n\n\n\n<h3 class=\"wp-block-heading\">Les principes qui caract\u00e9risent le mouvement De Stijl <\/h3>\n\n\n\n<ul>\n<li>Utilisation de grilles g\u00e9om\u00e9triques avec des carr\u00e9s, rectangles et lignes asym\u00e9triques <\/li>\n\n\n\n<li>Des couleurs pures (bleu, jaune, rouge) et des non-couleurs (blanc, noir et gris) appliqu\u00e9es en aplat (pas de m\u00e9lange ou de d\u00e9grad\u00e9)<\/li>\n\n\n\n<li>Utilisation de lignes droites, orthogonales (avec un angle droit) et de diagonales<\/li>\n<\/ul>\n\n\n\n<p>En architecture, les principes sont plus d\u00e9velopp\u00e9s mais toujours sur la base que je viens de lister. Il y a une d\u00e9-construction, une abstraction de ce que l'on connait en architecture \u00e0 plusieurs niveaux. Il y a une volont\u00e9 de faire avec moins (tant par la forme, les mat\u00e9riaux ou encore les couleurs). La d\u00e9coration disparait et n'est pas utile dans la pens\u00e9e De Stijl. La couleur n'est pas utilis\u00e9e pour faire joli mais pour mettre en valeur et rendre visible une relation plastique de l'espace temps. <\/p>\n\n\n\n<h3 class=\"wp-block-heading\">Comment j'ai enfin \"compris\" De Stijl? <\/h3>\n\n\n\n<p>J'\u00e9crivais en introduction que ce mouvement artistique et architectural ne me semblait pas accessible. Contrairement \u00e0 d'autres mouvements, je ne me sentais pas transport\u00e9e o\u00f9 que ce soit. Pour tous <a href=\"https:\/\/www.cocondedecoration.com\/blog\/category\/astuces-et-conseils-deco\/histoire-decoration-interieure\/\" target=\"_blank\" rel=\"noopener\" title=\"\">mes articles Design et Histoire<\/a>, je fais de nombreuses recherches, je lis beaucoup. Et l\u00e0, je lisais m\u00eame \u00e0 voix haute pour essayer de mettre du sens dans les phrases des manifestes. Je comprenais les mots mais je ne voyais pas pour autant l\u00e0 o\u00f9 ils voulaient en venir. <\/p>\n\n\n\n<p>Et puis! Bam! R\u00e9v\u00e9lation! C'est en regardant une photo du <em>caf\u00e9 de l\u2019Aubette<\/em> de Th\u00e9o Van Doesburg que j'ai compris ce qui clochait chez moi. Si au lieu de regarder une pi\u00e8ce et ses diff\u00e9rents \u00e9l\u00e9ments, vous envisagez cet espace comme une oeuvre d'art, cela vous aidera peut-\u00eatre \u00e0 mieux appr\u00e9hender ce mouvement. C'est ce qui m'a aid\u00e9. Jeu des couleurs et des formes, travail sur la cr\u00e9ation d'une perspective diff\u00e9rente, etc. <\/p>\n<\/div>\n<\/div>\n\n\n\n<div class=\"wp-block-columns is-layout-flex wp-container-core-columns-layout-3 wp-block-columns-is-layout-flex\">\n<div class=\"wp-block-column is-layout-flow wp-block-column-is-layout-flow\">\n<h2 class=\"wp-block-heading\">04 | Diff\u00e9rences entre De Stijl et n\u00e9oplasticisme <\/h2>\n\n\n\n<p>Toujours dans mon intro, je vous disais que le mouvement De Stijl et Piet Mondrian sont souvent assimil\u00e9s comme une unit\u00e9. L'oeuvre de Mondrian m'a aid\u00e9 \u00e0 appr\u00e9hender la dimension artistique du mouvement De Stijl. J'ai cherch\u00e9 \u00e0 regarder les autres oeuvres De Stijl comme je regarde celles de Mondrian. C'est la fameuse r\u00e9v\u00e9lation dont je parle juste avant. Regarder l'architecture comme une oeuvre d'art. <\/p>\n\n\n\n<p>Mondrian et Th\u00e9o Van Doesburg sont des figures phares du mouvement De Stijl mais il y a une rupture entre les deux hommes - rupture id\u00e9ologique et esth\u00e9tique. Ca me fait rire parce que dans tous les articles que j'ai pu lire, cette rupture est trait\u00e9e avec beaucoup de s\u00e9rieux. Mais en vrai, ils ont pris des chemins diff\u00e9rents \u00e0 cause d'un \"d\u00e9tail\". C'est du moins comme \u00e7a que je le per\u00e7ois. Ce d\u00e9tail est l'utilisation ou non de l'oblique. D\u00e9sol\u00e9e, il y a une part de ce d\u00e9tail que je trouve l\u00e9g\u00e8rement absurde et qui me fait rire. Mais bref. <\/p>\n\n\n\n<h3 class=\"wp-block-heading\">Si on sch\u00e9matise les 2 mouvements: <\/h3>\n\n\n\n<p>Mondrian = n\u00e9oplasticisme = rigueur, couleurs pures et non couleur, un ensemble orthogonal <br>Th\u00e9o Van Doesburg = De Stijl = la m\u00eame chose avec en plus des traits obliques, de la diagonale <\/p>\n\n\n\n<h3 class=\"wp-block-heading\">La symbolique de l'oblique <\/h3>\n\n\n\n<p>Le trait oblique n'est pas uniquement un point de discorde entre les deux artistes. Pour Th\u00e9o Van Doesburg le trait oblique permet de faire le lien entre la plan\u00e9it\u00e9 et l'espace, entre la 2D et la 3D. <\/p>\n<\/div>\n\n\n\n<div class=\"wp-block-column is-layout-flow wp-block-column-is-layout-flow\">\n<figure class=\"wp-block-image size-large\"><a href=\"https:\/\/www.cocondedecoration.com\/blog\/wp-content\/uploads\/2024\/06\/caracteristiques-mouvement-de-stijl.003.jpeg\"><img loading=\"lazy\" decoding=\"async\" width=\"640\" height=\"960\" src=\"https:\/\/www.cocondedecoration.com\/blog\/wp-content\/uploads\/2024\/06\/caracteristiques-mouvement-de-stijl.003-640x960.jpeg\" alt=\"De Stijl mouvement architectural caract\u00e9ristique histoire lien avec le Bauhaus \" class=\"wp-image-75208\" title=\"De Stijl mouvement architectural caract\u00e9ristique histoire lien avec le Bauhaus \" srcset=\"https:\/\/www.cocondedecoration.com\/blog\/wp-content\/uploads\/2024\/06\/caracteristiques-mouvement-de-stijl.003-640x960.jpeg 640w, https:\/\/www.cocondedecoration.com\/blog\/wp-content\/uploads\/2024\/06\/caracteristiques-mouvement-de-stijl.003-260x390.jpeg 260w, https:\/\/www.cocondedecoration.com\/blog\/wp-content\/uploads\/2024\/06\/caracteristiques-mouvement-de-stijl.003-768x1152.jpeg 768w, https:\/\/www.cocondedecoration.com\/blog\/wp-content\/uploads\/2024\/06\/caracteristiques-mouvement-de-stijl.003-367x550.jpeg 367w, https:\/\/www.cocondedecoration.com\/blog\/wp-content\/uploads\/2024\/06\/caracteristiques-mouvement-de-stijl.003-333x500.jpeg 333w, https:\/\/www.cocondedecoration.com\/blog\/wp-content\/uploads\/2024\/06\/caracteristiques-mouvement-de-stijl.003.jpeg 1000w\" sizes=\"(max-width: 640px) 100vw, 640px\" \/><\/a><figcaption class=\"wp-element-caption\">mightyinkdesign.com<\/figcaption><\/figure>\n<\/div>\n<\/div>\n\n\n\n<div class=\"wp-block-columns is-layout-flex wp-container-core-columns-layout-4 wp-block-columns-is-layout-flex\">\n<div class=\"wp-block-column is-layout-flow wp-block-column-is-layout-flow\">\n<figure class=\"wp-block-image size-large\"><a href=\"https:\/\/www.cocondedecoration.com\/blog\/wp-content\/uploads\/2024\/06\/caracteristiques-mouvement-de-stijl.004.jpeg\"><img loading=\"lazy\" decoding=\"async\" width=\"640\" height=\"960\" src=\"https:\/\/www.cocondedecoration.com\/blog\/wp-content\/uploads\/2024\/06\/caracteristiques-mouvement-de-stijl.004-640x960.jpeg\" alt=\"Theo Van Doesburg De Stijl architecture projet maison couleur forme g\u00e9om\u00e9trique abstraction \" class=\"wp-image-75209\" title=\"Theo Van Doesburg De Stijl architecture projet maison couleur forme g\u00e9om\u00e9trique abstraction \" srcset=\"https:\/\/www.cocondedecoration.com\/blog\/wp-content\/uploads\/2024\/06\/caracteristiques-mouvement-de-stijl.004-640x960.jpeg 640w, https:\/\/www.cocondedecoration.com\/blog\/wp-content\/uploads\/2024\/06\/caracteristiques-mouvement-de-stijl.004-260x390.jpeg 260w, https:\/\/www.cocondedecoration.com\/blog\/wp-content\/uploads\/2024\/06\/caracteristiques-mouvement-de-stijl.004-768x1152.jpeg 768w, https:\/\/www.cocondedecoration.com\/blog\/wp-content\/uploads\/2024\/06\/caracteristiques-mouvement-de-stijl.004-367x550.jpeg 367w, https:\/\/www.cocondedecoration.com\/blog\/wp-content\/uploads\/2024\/06\/caracteristiques-mouvement-de-stijl.004-333x500.jpeg 333w, https:\/\/www.cocondedecoration.com\/blog\/wp-content\/uploads\/2024\/06\/caracteristiques-mouvement-de-stijl.004.jpeg 1000w\" sizes=\"(max-width: 640px) 100vw, 640px\" \/><\/a><figcaption class=\"wp-element-caption\">gazette-drouot.com<\/figcaption><\/figure>\n<\/div>\n\n\n\n<div class=\"wp-block-column is-layout-flow wp-block-column-is-layout-flow\">\n<h2 class=\"wp-block-heading\">05 | Les principaux acteurs du mouvement De Stijl <\/h2>\n\n\n\n<p>Je l'ai \u00e9voqu\u00e9 plus haut, il y a beaucoup de va-et-vient d'un manifeste \u00e0 l'autre, des artistes et architectes qui adh\u00e9rent puis s'en vont. La revue mais aussi en valeur des travaux qui ne sont pas De Stijl. Donc plut\u00f4t que de vous proposer une liste interminable de noms, il y en a 3 \u00e0 conna\u00eetre absolument. <\/p>\n\n\n\n<h3 class=\"wp-block-heading\">Th\u00e9o Van Doesburg<\/h3>\n\n\n\n<p>Th\u00e9o Van Doesburg (1883 - 1931) est un peintre, architecte, th\u00e9oricien de l'Art n\u00e9erlandais. Il est le fondateur de la revue et du mouvement De Stijl. Avant cela, il \u00e9tait peintre dans un style naturaliste. C'est un artiste autodidacte qui - au d\u00e9part - souhaite \u00e9crire. D'ailleurs, en 1915 il publie un article \u00e0 propos du travail de Mondrian. <\/p>\n\n\n\n<h3 class=\"wp-block-heading\">Piet Mondrian <\/h3>\n\n\n\n<p>Piet Mondrian (1872 - 1944) est un peintre n\u00e9erlandais. Avant d'\u00eatre l'un des pionniers de l'abstraction, Mondrian est proche du symbolisme. Il d\u00e9couvre les oeuvres de Georges Braque et le cubisme analytique en 1911. Cela marque un tournant dans son travail et il d\u00e9cide de changer de nom (celui qu'on connait maintenant).  <\/p>\n\n\n\n<h3 class=\"wp-block-heading\">Gerrit Rietveld<\/h3>\n\n\n\n<p>Gerrit Rietveld (1888 - 1964) est un architecte, designer, \u00e9b\u00e9niste n\u00e9erlandais. Son <em>Fauteuil Rouge et Bleu<\/em> n'a pas \u00e9t\u00e9 con\u00e7u pour suivre le manifeste du mouvement, il ne s'int\u00e9ressait pas vraiment au milieu de l'avant-garde n\u00e9erlandaise. Il l'a dessin\u00e9 en 1917 pour son magasin d'ameublement et apr\u00e8s ce fauteuil a fait de lui un pr\u00e9curseur du mouvement De Stijl. Il devient membre de De Stijl en 1919. <\/p>\n<\/div>\n<\/div>\n\n\n\n<div class=\"wp-block-columns is-layout-flex wp-container-core-columns-layout-5 wp-block-columns-is-layout-flex\">\n<div class=\"wp-block-column is-layout-flow wp-block-column-is-layout-flow\">\n<h2 class=\"wp-block-heading\">06 | Les principaux b\u00e2timents repr\u00e9sentatifs du mouvement De Stijl <\/h2>\n\n\n\n<h3 class=\"wp-block-heading\">Maison Schr\u00f6der de Gerrit Rietveld<\/h3>\n\n\n\n<p>Maison Schr\u00f6der de Gerrit Rietveld construite en 1923 - 1924 \u00e0 Utrecht (Pays-Bas). Le traitement des murs est repr\u00e9sentatif de l'id\u00e9ologie De Stijl. Les murs porteurs disparaissent au profit d'un effacement entre l'int\u00e9rieur et l'ext\u00e9rieur. Les plans sont ouverts et se p\u00e9n\u00e8trent les uns les autres. Et les murs fixes de l'\u00e9tage sont remplac\u00e9s par des parois coulissantes. <\/p>\n\n\n\n<h3 class=\"wp-block-heading\">L'Aubette de Van Doesburg<\/h3>\n\n\n\n<p>L'Aubette \u00e0 Strasbourg partiellement r\u00e9nov\u00e9e par Th\u00e9o Van Doesburg. C'est un ancien b\u00e2timent militaire sur plusieurs \u00e9tages. Van Doesburg est en charge du caf\u00e9-brasserie, le caf\u00e9-restaurant, la salle des f\u00eates, le cin\u00e9-dancing. Pour la salle de f\u00eates, on trouve une composition modulaire avec motif. Dans le cin\u00e9-dancing, il travaillera sur la base orthogonale de l'espace et ajoute des obliques et un jeu de miroirs. <\/p>\n\n\n\n<h3 class=\"wp-block-heading\">La villa-atelier de Van Doesburg<\/h3>\n\n\n\n<p>Ce dernier exemple a \u00e9t\u00e9 construit \u00e0 Meudon en 1929. Une maison de deux niveaux compos\u00e9e de deux cubes se p\u00e9n\u00e9trant l'un l'autre. Des panneaux pivotants se trouvent dans les espaces de vie sur diff\u00e9rents demi-niveaux. <\/p>\n<\/div>\n\n\n\n<div class=\"wp-block-column is-layout-flow wp-block-column-is-layout-flow\">\n<figure class=\"wp-block-image size-large\"><a href=\"https:\/\/www.cocondedecoration.com\/blog\/wp-content\/uploads\/2024\/06\/caracteristiques-mouvement-de-stijl.005.jpeg\"><img loading=\"lazy\" decoding=\"async\" width=\"640\" height=\"960\" src=\"https:\/\/www.cocondedecoration.com\/blog\/wp-content\/uploads\/2024\/06\/caracteristiques-mouvement-de-stijl.005-640x960.jpeg\" alt=\"Principaux artistes De Stijl mobilier art et architecture couleur g\u00e9om\u00e9trie Mondrian \" class=\"wp-image-75210\" title=\"Principaux artistes De Stijl mobilier art et architecture couleur g\u00e9om\u00e9trie Mondrian \" srcset=\"https:\/\/www.cocondedecoration.com\/blog\/wp-content\/uploads\/2024\/06\/caracteristiques-mouvement-de-stijl.005-640x960.jpeg 640w, https:\/\/www.cocondedecoration.com\/blog\/wp-content\/uploads\/2024\/06\/caracteristiques-mouvement-de-stijl.005-260x390.jpeg 260w, https:\/\/www.cocondedecoration.com\/blog\/wp-content\/uploads\/2024\/06\/caracteristiques-mouvement-de-stijl.005-768x1152.jpeg 768w, https:\/\/www.cocondedecoration.com\/blog\/wp-content\/uploads\/2024\/06\/caracteristiques-mouvement-de-stijl.005-367x550.jpeg 367w, https:\/\/www.cocondedecoration.com\/blog\/wp-content\/uploads\/2024\/06\/caracteristiques-mouvement-de-stijl.005-333x500.jpeg 333w, https:\/\/www.cocondedecoration.com\/blog\/wp-content\/uploads\/2024\/06\/caracteristiques-mouvement-de-stijl.005.jpeg 1000w\" sizes=\"(max-width: 640px) 100vw, 640px\" \/><\/a><figcaption class=\"wp-element-caption\">cogestim.ch<\/figcaption><\/figure>\n<\/div>\n<\/div>\n\n\n\n<div class=\"wp-block-columns is-layout-flex wp-container-core-columns-layout-6 wp-block-columns-is-layout-flex\">\n<div class=\"wp-block-column is-layout-flow wp-block-column-is-layout-flow\">\n<figure class=\"wp-block-image size-large\"><a href=\"https:\/\/www.cocondedecoration.com\/blog\/wp-content\/uploads\/2024\/06\/caracteristiques-mouvement-de-stijl.006.jpeg\"><img loading=\"lazy\" decoding=\"async\" width=\"640\" height=\"960\" src=\"https:\/\/www.cocondedecoration.com\/blog\/wp-content\/uploads\/2024\/06\/caracteristiques-mouvement-de-stijl.006-640x960.jpeg\" alt=\"qu'est-ce que le mouvement De Stijl exemple architecture int\u00e9rieure abstraction design \" class=\"wp-image-75211\" title=\"qu'est-ce que le mouvement De Stijl exemple architecture int\u00e9rieure abstraction design \" srcset=\"https:\/\/www.cocondedecoration.com\/blog\/wp-content\/uploads\/2024\/06\/caracteristiques-mouvement-de-stijl.006-640x960.jpeg 640w, https:\/\/www.cocondedecoration.com\/blog\/wp-content\/uploads\/2024\/06\/caracteristiques-mouvement-de-stijl.006-260x390.jpeg 260w, https:\/\/www.cocondedecoration.com\/blog\/wp-content\/uploads\/2024\/06\/caracteristiques-mouvement-de-stijl.006-768x1152.jpeg 768w, https:\/\/www.cocondedecoration.com\/blog\/wp-content\/uploads\/2024\/06\/caracteristiques-mouvement-de-stijl.006-367x550.jpeg 367w, https:\/\/www.cocondedecoration.com\/blog\/wp-content\/uploads\/2024\/06\/caracteristiques-mouvement-de-stijl.006-333x500.jpeg 333w, https:\/\/www.cocondedecoration.com\/blog\/wp-content\/uploads\/2024\/06\/caracteristiques-mouvement-de-stijl.006.jpeg 1000w\" sizes=\"(max-width: 640px) 100vw, 640px\" \/><\/a><figcaption class=\"wp-element-caption\">mediakron.bc.edu<\/figcaption><\/figure>\n<\/div>\n\n\n\n<div class=\"wp-block-column is-layout-flow wp-block-column-is-layout-flow\">\n<h2 class=\"wp-block-heading\">07 |\u00a0Liens De Stijl et Bauhaus <\/h2>\n\n\n\n<p>Quand on voit l'abstraction et les couleurs du mouvement De Stijl, comment ne pas penser au <a href=\"https:\/\/www.cocondedecoration.com\/blog\/2022\/12\/mouvement-bauhaus-design\/\" target=\"_blank\" rel=\"noopener\" title=\"\">Bauhaus<\/a> en Allemagne? En 1920 Van Doesburg rencontre Gropius \u00e0 Berlin. <\/p>\n\n\n\n<p>L'ann\u00e9e suivante Van Doesburg donnera des conf\u00e9rences publiques \u00e0 l'\u00e9cole du Bauhaus. Les points communs entre les 2 mouvements sont une volont\u00e9 de cr\u00e9er un monde nouveau et de cr\u00e9er une oeuvre d'art totale (c'est \u00e0 dire que tous les corps de m\u00e9tiers sont associ\u00e9s ensemble). <\/p>\n\n\n\n<p>Mais, l\u00e0 o\u00f9 les deux mouvements se s\u00e9parent, se trouvent dans la conception de l'art qui doit \u00eatre abstrait pour De Stijl alors qu'il est mystique et romantique pour le Bauhaus. Autre point dissonant, la cr\u00e9ation industrielle de De Stijl s'oppose \u00e0 l'id\u00e9e d'artisanat du Bauhaus.  <\/p>\n\n\n\n<blockquote class=\"wp-block-quote\">\n<p><strong>A lire pour en savoir plus: <br><\/strong>Moma - <a href=\"https:\/\/www.moma.org\/collection\/terms\/de-stijl\" target=\"_blank\" rel=\"noopener\" title=\"\">de Stijl<\/a> <br>Beaux Arts - <a href=\"https:\/\/www.beauxarts.com\/grand-format\/de-stijl-en-2-minutes\/\" target=\"_blank\" rel=\"noopener\" title=\"\">De Stijl en 2 minutes<\/a> <br>BNF Passerelles - <a href=\"https:\/\/passerelles.essentiels.bnf.fr\/fr\/chronologie\/construction\/c6d883e0-bfff-41a3-a049-afadb4c5bf50-maison-schroder-utrecht\/article\/35aebbef-588e-42d0-9df8-8994dd0cc168-stijl-une-avant-garde\" target=\"_blank\" rel=\"noopener\" title=\"\">De Stijl, une avant-garde<\/a> <br>Les presses du r\u00e9el - <a href=\"https:\/\/www.lespressesdureel.com\/EN\/file\/ouvrage\/5484\/extrait_pdf_5484.pdf\" target=\"_blank\" rel=\"noopener\" title=\"\">\"L'id\u00e9e\" de Stijl<\/a> (PDF)<br>Cit\u00e9 du Design - <a href=\"https:\/\/www.citedudesign.com\/fr\/a\/de-stijl--1169\" target=\"_blank\" rel=\"noopener\" title=\"\">de Stijl<\/a> (\u00e0 propos du fauteuil <em>Red and Blue Chair<\/em> de Rietveld)<br><a href=\"https:\/\/theovandoesburg.org\/\" target=\"_blank\" rel=\"noopener\" title=\"\">Association Theo Van Doesbourg<\/a> <br>Beaux Arts - <a href=\"https:\/\/www.beauxarts.com\/grand-format\/piet-mondrian-en-3-minutes\/\" target=\"_blank\" rel=\"noopener\" title=\"\">Piet Mondrian en 3 minutes<\/a> <br><a href=\"https:\/\/rietveldoriginals.com\/en\" target=\"_blank\" rel=\"noopener\" title=\"\">Rietveld Originals<\/a> (en anglais) <br>Centre Pompidou - <a href=\"https:\/\/mediation.centrepompidou.fr\/education\/ressources\/ENS-mondrian\/ENS-mondrian.html#:~:text=Il%20est%20sign%C3%A9%20par%20les,acte%20de%20naissance%20du%20mouvement.\" target=\"_blank\" rel=\"noopener\" title=\"\">Mondrian \/ De Stijl<\/a> <br>Bozar - <a href=\"https:\/\/www.bozar.be\/sites\/default\/files\/efficy\/documents\/1650037_tvd_fr_17jan.pdf\" target=\"_blank\" rel=\"noopener\" title=\"\">Theo Van Doesburg - Une nouvelle expression de la vie, de l'art et de la technologie<\/a> (livret d'exposition en PDF) <\/p>\n<\/blockquote>\n<\/div>\n<\/div>\n\n\n\n<hr class=\"wp-block-separator has-alpha-channel-opacity is-style-wide\"\/>\n\n\n\n<div class=\"wp-block-columns is-layout-flex wp-container-core-columns-layout-7 wp-block-columns-is-layout-flex\">\n<div class=\"wp-block-column is-layout-flow wp-block-column-is-layout-flow\">\n<p class=\"has-text-align-center has-medium-font-size\">Plus d'histoire &amp; de design <\/p>\n\n\n<ul class=\"wp-block-latest-posts__list wp-block-latest-posts\"><li><a class=\"wp-block-latest-posts__post-title\" href=\"https:\/\/www.cocondedecoration.com\/blog\/2026\/01\/histoire-pouf-poire-sacco\/\">La petite histoire du pouf poire, le \u00ab\u00a0Sacco\u00a0\u00bb<\/a><\/li>\n<li><a class=\"wp-block-latest-posts__post-title\" href=\"https:\/\/www.cocondedecoration.com\/blog\/2026\/01\/couleur-decoration-generation\/\">Pour chaque g\u00e9n\u00e9ration, sa palette de couleurs d\u00e9co<\/a><\/li>\n<li><a class=\"wp-block-latest-posts__post-title\" href=\"https:\/\/www.cocondedecoration.com\/blog\/2025\/02\/portrait-cini-boeri\/\">Qui est Cini Boeri? Et pourquoi vous devriez la conna\u00eetre?<\/a><\/li>\n<li><a class=\"wp-block-latest-posts__post-title\" href=\"https:\/\/www.cocondedecoration.com\/blog\/2025\/02\/histoire-tabouret-tam-tam\/\">La petite histoire du tabouret TAM TAM | Abonn\u00e9\u2022e\u2022s<\/a><\/li>\n<li><a class=\"wp-block-latest-posts__post-title\" href=\"https:\/\/www.cocondedecoration.com\/blog\/2025\/01\/design-mid-century-modern\/\">Comprendre le design Mid Century Modern en 3 minutes<\/a><\/li>\n<li><a class=\"wp-block-latest-posts__post-title\" href=\"https:\/\/www.cocondedecoration.com\/blog\/2024\/11\/biographie-anna-castelli-ferrieri\/\">Qui est Anna Castelli Ferrieri? Pourquoi vous devriez la conna\u00eetre?<\/a><\/li>\n<li><a class=\"wp-block-latest-posts__post-title\" href=\"https:\/\/www.cocondedecoration.com\/blog\/2024\/10\/biographie-florence-knoll\/\">Qui est Florence Knoll? Pourquoi vous devriez la conna\u00eetre?<\/a><\/li>\n<li><a class=\"wp-block-latest-posts__post-title\" href=\"https:\/\/www.cocondedecoration.com\/blog\/2024\/09\/gae-aulenti-design-architecture\/\">Qui est Gae Aulenti? Et pourquoi vous devriez la conna\u00eetre?<\/a><\/li>\n<li><a class=\"wp-block-latest-posts__post-title\" href=\"https:\/\/www.cocondedecoration.com\/blog\/2024\/08\/architecture-paquebot\/\">Courbes et Fluidit\u00e9 : L&rsquo;Architecture Paquebot<\/a><\/li>\n<\/ul><\/div>\n\n\n\n<div class=\"wp-block-column has-background is-layout-flow wp-block-column-is-layout-flow\" style=\"background-color:#075ce370\">\n<p class=\"has-text-align-center has-medium-font-size\" style=\"padding-top:var(--wp--preset--spacing--40);padding-bottom:var(--wp--preset--spacing--40)\"><strong>Devenez m\u00e9c\u00e8ne du blog <\/strong><\/p>\n\n\n\n<hr class=\"wp-block-separator has-alpha-channel-opacity is-style-wide\"\/>\n\n\n\n<p style=\"padding-right:var(--wp--preset--spacing--30);padding-left:var(--wp--preset--spacing--30)\">Soutenez mon travail sur le blog et acc\u00e9dez \u00e0 des contreparties exclusives: <\/p>\n\n\n\n<ul style=\"padding-right:var(--wp--preset--spacing--40);padding-left:var(--wp--preset--spacing--40)\">\n<li>Plusieurs centaines d'articles d\u00e9co, lifestyle &amp; voyage r\u00e9serv\u00e9s aux abonn\u00e9\u2022e\u2022s <\/li>\n\n\n\n<li>Toutes les entr\u00e9es de mon side project - mon dictionnaire nomade <\/li>\n\n\n\n<li>Une publicit\u00e9 limit\u00e9e sur les articles Patreon <\/li>\n<\/ul>\n\n\n\n<div class=\"wp-block-buttons is-content-justification-center is-layout-flex wp-container-core-buttons-layout-1 wp-block-buttons-is-layout-flex\">\n<div class=\"wp-block-button\"><a class=\"wp-block-button__link wp-element-button\" href=\"https:\/\/www.patreon.com\/cocondedeco\" target=\"_blank\" rel=\"noreferrer noopener\">Soutenir le blog maintenant<\/a><\/div>\n<\/div>\n<\/div>\n<\/div>\n\n\n<div class=\"wp-block-image\">\n<figure class=\"aligncenter size-full\"><a href=\"https:\/\/www.cocondedecoration.com\/blog\/wp-content\/uploads\/2024\/06\/de-stijl-mouvement-architecture-design-interieur.001.jpeg\"><img loading=\"lazy\" decoding=\"async\" width=\"732\" height=\"488\" src=\"https:\/\/www.cocondedecoration.com\/blog\/wp-content\/uploads\/2024\/06\/de-stijl-mouvement-architecture-design-interieur.001.jpeg\" alt=\"de stijl mouvement architecture design interieur projet Aubette Strasbourg g\u00e9om\u00e9trie minimalisme couleur\" class=\"wp-image-75212\" title=\"de stijl mouvement architecture design interieur projet Aubette Strasbourg g\u00e9om\u00e9trie minimalisme couleur\" srcset=\"https:\/\/www.cocondedecoration.com\/blog\/wp-content\/uploads\/2024\/06\/de-stijl-mouvement-architecture-design-interieur.001.jpeg 732w, https:\/\/www.cocondedecoration.com\/blog\/wp-content\/uploads\/2024\/06\/de-stijl-mouvement-architecture-design-interieur.001-260x173.jpeg 260w, https:\/\/www.cocondedecoration.com\/blog\/wp-content\/uploads\/2024\/06\/de-stijl-mouvement-architecture-design-interieur.001-640x427.jpeg 640w, https:\/\/www.cocondedecoration.com\/blog\/wp-content\/uploads\/2024\/06\/de-stijl-mouvement-architecture-design-interieur.001-465x310.jpeg 465w, https:\/\/www.cocondedecoration.com\/blog\/wp-content\/uploads\/2024\/06\/de-stijl-mouvement-architecture-design-interieur.001-695x463.jpeg 695w\" sizes=\"(max-width: 732px) 100vw, 732px\" \/><\/a><figcaption class=\"wp-element-caption\">passerelles.essentiels.bnf.fr<\/figcaption><\/figure><\/div>","protected":false},"excerpt":{"rendered":"<p>Qu&rsquo;est-ce que le mouvement De Stijl? Quelles sont ses origines, ses caract\u00e9ristiques? Qui sont les principaux acteurs de ce mouvement?<span class=\"more-link\"><a href=\"https:\/\/www.cocondedecoration.com\/blog\/2024\/06\/de-stijl-architecture-design\/\">Lire la suite<\/a><\/span><\/p>\n","protected":false},"author":1,"featured_media":75212,"comment_status":"open","ping_status":"open","sticky":false,"template":"","format":"standard","meta":{"om_disable_all_campaigns":false,"_monsterinsights_skip_tracking":false,"_monsterinsights_sitenote_active":false,"_monsterinsights_sitenote_note":"","_monsterinsights_sitenote_category":0,"_uf_show_specific_survey":0,"_uf_disable_surveys":false,"footnotes":""},"categories":[36384],"tags":[60822,60825,60824,60823,50437,12282,58692,39275,60840,60829,60832,60835,60831,60836,60834,60833,60830,60837,60839,60826,60820,60819,60821,60828,60827,60838,60841],"aioseo_notices":[],"_links":{"self":[{"href":"https:\/\/www.cocondedecoration.com\/blog\/wp-json\/wp\/v2\/posts\/75202"}],"collection":[{"href":"https:\/\/www.cocondedecoration.com\/blog\/wp-json\/wp\/v2\/posts"}],"about":[{"href":"https:\/\/www.cocondedecoration.com\/blog\/wp-json\/wp\/v2\/types\/post"}],"author":[{"embeddable":true,"href":"https:\/\/www.cocondedecoration.com\/blog\/wp-json\/wp\/v2\/users\/1"}],"replies":[{"embeddable":true,"href":"https:\/\/www.cocondedecoration.com\/blog\/wp-json\/wp\/v2\/comments?post=75202"}],"version-history":[{"count":7,"href":"https:\/\/www.cocondedecoration.com\/blog\/wp-json\/wp\/v2\/posts\/75202\/revisions"}],"predecessor-version":[{"id":75217,"href":"https:\/\/www.cocondedecoration.com\/blog\/wp-json\/wp\/v2\/posts\/75202\/revisions\/75217"}],"wp:featuredmedia":[{"embeddable":true,"href":"https:\/\/www.cocondedecoration.com\/blog\/wp-json\/wp\/v2\/media\/75212"}],"wp:attachment":[{"href":"https:\/\/www.cocondedecoration.com\/blog\/wp-json\/wp\/v2\/media?parent=75202"}],"wp:term":[{"taxonomy":"category","embeddable":true,"href":"https:\/\/www.cocondedecoration.com\/blog\/wp-json\/wp\/v2\/categories?post=75202"},{"taxonomy":"post_tag","embeddable":true,"href":"https:\/\/www.cocondedecoration.com\/blog\/wp-json\/wp\/v2\/tags?post=75202"}],"curies":[{"name":"wp","href":"https:\/\/api.w.org\/{rel}","templated":true}]}}