{"id":73587,"date":"2024-04-17T10:38:33","date_gmt":"2024-04-17T08:38:33","guid":{"rendered":"https:\/\/www.cocondedecoration.com\/blog\/?p=73587"},"modified":"2024-04-17T10:39:08","modified_gmt":"2024-04-17T08:39:08","slug":"architecture-design-jean-prouve","status":"publish","type":"post","link":"https:\/\/www.cocondedecoration.com\/blog\/2024\/04\/architecture-design-jean-prouve\/","title":{"rendered":"Qui est Jean Prouv\u00e9? Et pourquoi vous devriez le conna\u00eetre! | design &#038; histoire"},"content":{"rendered":"\n<p>Un homme d'usine. Jean Prouv\u00e9 ne se consid\u00e9rait pas comme un architecte ni comme un artiste mais comme un homme d'usine. C'est peut-\u00eatre l'une des choses qui me touche le plus dans le parcours de cet homme, cette relation avec l'industrie (j'aime le milieu industriel). Il n'\u00e9tait pas ouvrier, il n'\u00e9tait pas non plus \"un homme d'argent\". C'\u00e9tait un homme qui aimait construire et innover. <\/p>\n\n\n\n<!--more-->\n\n\n\n<div class=\"wp-block-columns is-layout-flex wp-container-core-columns-layout-1 wp-block-columns-is-layout-flex\">\n<div class=\"wp-block-column is-layout-flow wp-block-column-is-layout-flow\">\n<p class=\"has-medium-font-size\">Sommaire - Qui est Jean Prouv\u00e9? <\/p>\n\n\n\n<div class=\"wp-block-aioseo-table-of-contents\"><ul><li><a href=\"#aioseo-jean-prouve-breve-biographie\">Jean Prouv\u00e9 - br\u00e8ve biographie<\/a><\/li><li><a href=\"#aioseo-jean-prouve-lart-nouveau\">Jean Prouv\u00e9 & l'Art Nouveau<\/a><\/li><li><a href=\"#aioseo-les-outils-de-travail-les-differents-ateliers-de-jean-prouve\">Les \"outils de travail\" - les diff\u00e9rents ateliers de Jean Prouv\u00e9<\/a><ul><li><a href=\"#aioseo-jean-prouve-ferronnier-dart-serrurerie-atelier-rue-du-general-custine-a-nancy\">\"Jean Prouv\u00e9, Ferronnier d'art - Serrurerie\", atelier rue du g\u00e9n\u00e9ral Custine \u00e0 Nancy<\/a><\/li><li><a href=\"#aioseo-les-ateliers-jean-prouve-rue-des-jardiniers\">\"Les ateliers Jean Prouv\u00e9\", rue des jardiniers<\/a><\/li><li><a href=\"#aioseo-les-ateliers-de-maxeville-dans-la-banlieue-nanceienne\">Les ateliers de Max\u00e9ville dans la banlieue Nanc\u00e9ienne<\/a><\/li><li><a href=\"#aioseo-pourquoi-je-viens-de-vous-parler-des-3-premiers-ateliers-de-jean-prouve\">Pourquoi je viens de vous parler des 3 premiers ateliers de Jean Prouv\u00e9<\/a><\/li><\/ul><\/li><li><a href=\"#aioseo-jean-prouve-a-paris-de-1954-a-1984\">Jean Prouv\u00e9 \u00e0 Paris de 1954 \u00e0 1984<\/a><\/li><li><a href=\"#aioseo-jean-prouve-et-larchitecture-un-vaste-domaine-de-creation\">Jean Prouv\u00e9 et l'architecture - un vaste domaine de cr\u00e9ation<\/a><ul><li><a href=\"#aioseo-concepteur-delements-architecturaux\">Concepteur d'\u00e9l\u00e9ments architecturaux<\/a><\/li><li><a href=\"#aioseo-des-constructions-pour-tous\">Des constructions pour tous<\/a><\/li><li><a href=\"#aioseo-la-construction-dhabitations-individuelles\">La construction d'habitations individuelles<\/a><\/li><\/ul><\/li><li><a href=\"#aioseo-1956-la-maison-des-jours-meilleurs\">1956 - La maison des Jours Meilleurs<\/a><\/li><li><a href=\"#aioseo-le-mobilier-concu-par-jean-prouve\">Le mobilier con\u00e7u par Jean Prouv\u00e9<\/a><\/li><li><a href=\"#aioseo-pour-en-savoir-plus-sur-jean-prouve-et-son-travail-tout-au-long-de-sa-vie\">Pour en savoir plus sur Jean Prouv\u00e9 et son travail tout au long de sa vie<\/a><\/li><\/ul><\/div>\n<\/div>\n\n\n\n<div class=\"wp-block-column is-layout-flow wp-block-column-is-layout-flow\">\n<div class=\"wp-block-image\"><figure class=\"aligncenter\"><a href=\"https:\/\/www.patreon.com\/cocondedeco\" target=\"_blank\" rel=\"noreferrer noopener\"><img loading=\"lazy\" decoding=\"async\" width=\"728\" height=\"90\" src=\"http:\/\/www.cocondedecoration.com\/blog\/wp-content\/uploads\/2021\/01\/banniere-patreon.png\" alt=\"\" class=\"wp-image-33877\" srcset=\"https:\/\/www.cocondedecoration.com\/blog\/wp-content\/uploads\/2021\/01\/banniere-patreon.png 728w, https:\/\/www.cocondedecoration.com\/blog\/wp-content\/uploads\/2021\/01\/banniere-patreon-260x32.png 260w, https:\/\/www.cocondedecoration.com\/blog\/wp-content\/uploads\/2021\/01\/banniere-patreon-640x79.png 640w, https:\/\/www.cocondedecoration.com\/blog\/wp-content\/uploads\/2021\/01\/banniere-patreon-465x57.png 465w, https:\/\/www.cocondedecoration.com\/blog\/wp-content\/uploads\/2021\/01\/banniere-patreon-695x86.png 695w\" sizes=\"(max-width: 728px) 100vw, 728px\" \/><\/a><\/figure><\/div>\n\n\n\n<p style=\"text-align:center\" class=\"has-background has-small-font-size has-very-light-gray-background-color\">Avant de poursuivre cet article, j'aimerai vous parler quelques instants de Patreon. C'est une plateforme en plus du blog sur laquelle vous pouvez devenir m\u00e9c\u00e8ne du blog. <br><strong>Pourquoi soutenir le blog?<\/strong> <br>Parce que c'est un travail consid\u00e9rable et m\u00eame si je le fais avec passion c'est aussi un travail pr\u00e9caire (<a rel=\"noreferrer noopener\" href=\"https:\/\/www.patreon.com\/posts\/en-quoi-consiste-86917611\" target=\"_blank\">je vous explique tout cela en d\u00e9tail dans ce post<\/a>). Si vous aimez l'article que vous \u00eates en train de lire, si vous me suivez sur les r\u00e9seaux sociaux ou encore si vous lisez r\u00e9guli\u00e8rement le blog, je vous serai reconnaissante de soutenir le blog via Patreon. Par ailleurs, en vous abonnant sur la plateforme vous acc\u00e9derez \u00e0 des contenus exclusifs pour vous remercier de votre soutien. C'est sans engagement et chaque contribution fera la diff\u00e9rence. Merci par avance de votre aide! <br><a rel=\"noreferrer noopener\" href=\"https:\/\/www.patreon.com\/cocondedeco\" target=\"_blank\"><strong>En savoir plus &amp; acc\u00e9der \u00e0 Patreon<\/strong><\/a><\/p>\n<\/div>\n<\/div>\n\n\n\n<h2 class=\"wp-block-heading\" id=\"aioseo-jean-prouve-breve-biographie\">Jean Prouv\u00e9 - br\u00e8ve biographie <\/h2>\n\n\n\n<p>Je n'aime pas des masses les biographies \u00e0 rallonge donc on va aller \u00e0 l'essentiel. Jean Prouv\u00e9 est un architecte et designer fran\u00e7ais n\u00e9 en 1901 (\u00e0 Paris) et mort en 1984 (\u00e0 Nancy). Son p\u00e8re est sculpteur (Victor Prouv\u00e9), sa m\u00e8re est pianiste. Son parrain est Emile Gall\u00e9, un ma\u00eetre verrier, fondateur de l'Ecole de Nancy (Art Nouveau). A 16 ans, il entre en apprentissage et devient par la suite ferronnier d'art. <\/p>\n\n\n\n<h2 class=\"wp-block-heading\" id=\"aioseo-jean-prouve-lart-nouveau\">Jean Prouv\u00e9 &amp; l'Art Nouveau <\/h2>\n\n\n\n<p>Je viens de l'\u00e9crire, son parrain est un des acteurs de l'Art Nouveau en France. Ce parrain meurt en 1904 (donc quelques ann\u00e9es apr\u00e8s la naissance de Jean Prouv\u00e9). Cependant, il y a une amiti\u00e9 entre les deux familles depuis plusieurs g\u00e9n\u00e9rations. Et c'est le p\u00e8re de Jean Prouv\u00e9 - Victor - qui reprend les r\u00eanes de l'Ecole de Nancy. Qu'est-ce que cela implique? Le jeune Jean grandit dans un environnement singulier, celui de l'Art Nouveau. <\/p>\n\n\n\n<p>Bref rappel \u00e0 propos de l'Art Nouveau: Ce n'est pas juste un courant esth\u00e9tique. L'Art Nouveau fait appel \u00e0 de nombreux corps de m\u00e9tiers. Il y a une dynamique commune: associer art et industrialisation. On peut aussi retenir qu'en plus de d\u00e9velopper le travail en commun et la compl\u00e9mentarit\u00e9 des savoir-faire, l'Art Nouveau souhaite que l'art soit \u00e0 la port\u00e9e de tous. C'est dans cet univers que Jean Prouv\u00e9 \u00e9volue dans les premi\u00e8res ann\u00e9es de sa vie. <br>A lire aussi: <a href=\"https:\/\/www.cocondedecoration.com\/blog\/2023\/03\/decoration-art-nouveau\/\" target=\"_blank\" rel=\"noopener\" title=\"\">L'Art Nouveau, une volont\u00e9 d'unir l'art et le quotidien | design &amp; histoire<\/a> <\/p>\n\n\n\n<figure class=\"wp-block-gallery has-nested-images columns-default is-cropped wp-block-gallery-1 is-layout-flex wp-block-gallery-is-layout-flex\">\n<figure class=\"wp-block-image size-large\"><a href=\"https:\/\/www.cocondedecoration.com\/blog\/wp-content\/uploads\/2024\/04\/jean-prouve-design.001.jpeg\"><img loading=\"lazy\" decoding=\"async\" width=\"640\" height=\"960\" data-id=\"73592\" src=\"https:\/\/www.cocondedecoration.com\/blog\/wp-content\/uploads\/2024\/04\/jean-prouve-design.001-640x960.jpeg\" alt=\"qui est Jean Prouv\u00e9 biographie travail architecture mobilier \" class=\"wp-image-73592\" title=\"qui est Jean Prouv\u00e9 biographie travail architecture mobilier \" srcset=\"https:\/\/www.cocondedecoration.com\/blog\/wp-content\/uploads\/2024\/04\/jean-prouve-design.001-640x960.jpeg 640w, https:\/\/www.cocondedecoration.com\/blog\/wp-content\/uploads\/2024\/04\/jean-prouve-design.001-260x390.jpeg 260w, https:\/\/www.cocondedecoration.com\/blog\/wp-content\/uploads\/2024\/04\/jean-prouve-design.001-768x1152.jpeg 768w, https:\/\/www.cocondedecoration.com\/blog\/wp-content\/uploads\/2024\/04\/jean-prouve-design.001-367x550.jpeg 367w, https:\/\/www.cocondedecoration.com\/blog\/wp-content\/uploads\/2024\/04\/jean-prouve-design.001-333x500.jpeg 333w, https:\/\/www.cocondedecoration.com\/blog\/wp-content\/uploads\/2024\/04\/jean-prouve-design.001.jpeg 1000w\" sizes=\"(max-width: 640px) 100vw, 640px\" \/><\/a><figcaption class=\"wp-element-caption\">vitra.com<\/figcaption><\/figure>\n\n\n\n<figure class=\"wp-block-image size-large\"><a href=\"https:\/\/www.cocondedecoration.com\/blog\/wp-content\/uploads\/2024\/04\/jean-prouve-design.002.jpeg\"><img loading=\"lazy\" decoding=\"async\" width=\"640\" height=\"960\" data-id=\"73593\" src=\"https:\/\/www.cocondedecoration.com\/blog\/wp-content\/uploads\/2024\/04\/jean-prouve-design.002-640x960.jpeg\" alt=\"Portrait Jean Prouv\u00e9 designer fran\u00e7ais architecte XX\u00e8me si\u00e8cle \" class=\"wp-image-73593\" title=\"Portrait Jean Prouv\u00e9 designer fran\u00e7ais architecte XX\u00e8me si\u00e8cle \" srcset=\"https:\/\/www.cocondedecoration.com\/blog\/wp-content\/uploads\/2024\/04\/jean-prouve-design.002-640x960.jpeg 640w, https:\/\/www.cocondedecoration.com\/blog\/wp-content\/uploads\/2024\/04\/jean-prouve-design.002-260x390.jpeg 260w, https:\/\/www.cocondedecoration.com\/blog\/wp-content\/uploads\/2024\/04\/jean-prouve-design.002-768x1152.jpeg 768w, https:\/\/www.cocondedecoration.com\/blog\/wp-content\/uploads\/2024\/04\/jean-prouve-design.002-367x550.jpeg 367w, https:\/\/www.cocondedecoration.com\/blog\/wp-content\/uploads\/2024\/04\/jean-prouve-design.002-333x500.jpeg 333w, https:\/\/www.cocondedecoration.com\/blog\/wp-content\/uploads\/2024\/04\/jean-prouve-design.002.jpeg 1000w\" sizes=\"(max-width: 640px) 100vw, 640px\" \/><\/a><figcaption class=\"wp-element-caption\">madoken.jp<\/figcaption><\/figure>\n<\/figure>\n\n\n\n<div style=\"height:100px\" aria-hidden=\"true\" class=\"wp-block-spacer\"><\/div>\n\n\n\n<h2 class=\"wp-block-heading\" id=\"aioseo-les-outils-de-travail-les-differents-ateliers-de-jean-prouve\">Les \"outils de travail\" - les diff\u00e9rents ateliers de Jean Prouv\u00e9 <\/h2>\n\n\n\n<p>Jusqu'en 1921, Jean Prouv\u00e9 apprend et travaille comme ferronnier notamment chez Szabo \u00e0 Paris. D\u00e8s 1918, il cr\u00e9e \u00e9galement \u00e0 son compte. Mais ce n'est qu'en 1923 qu'il ouvre son premier atelier. Les 3 ateliers qu'il cr\u00e9e seront la base de son travail que ce soit pour l'outillage, la conception comme pour le travail en \u00e9quipe. <\/p>\n\n\n\n<h3 class=\"wp-block-heading\" id=\"aioseo-jean-prouve-ferronnier-dart-serrurerie-atelier-rue-du-general-custine-a-nancy\">\"Jean Prouv\u00e9, Ferronnier d'art - Serrurerie\", atelier rue du g\u00e9n\u00e9ral Custine \u00e0 Nancy<\/h3>\n\n\n\n<p>Quand? De 1923 \u00e0 1931. <br>Il ouvre ce premier atelier avec une forge comme outil de travail. En 1925, il ajoute une presse-plieuse et un poste de soudure \u00e9lectrique. Alors qu'avec la forge, la cr\u00e9ation \u00e9tait manuelle, ce nouvel \u00e9quipement de pointe lui permet d'\u00e9voluer. Il y a comme un dialogue cr\u00e9atif entre le ferronnier et son outillage. Il connait les vastes possibilit\u00e9s que lui offre son outillage, il en tire parti pour d\u00e9velopper ses id\u00e9es et les mettre en oeuvre. <\/p>\n\n\n\n<p>1929 est une ann\u00e9e importante, il d\u00e9pose son premier brevet (au nom de Jean Prouv\u00e9) pour une cloison mobile. Il est aussi membre fondateur de l'UAM = l'Union des Artistes Modernes. En font partie: Charlotte Perriand, Eileen Gray, Sonia Delaunay, Robert Mallet-Stevens, Pierre Jeanneret... <\/p>\n\n\n\n<h3 class=\"wp-block-heading\" id=\"aioseo-les-ateliers-jean-prouve-rue-des-jardiniers\">\"Les ateliers Jean Prouv\u00e9\", rue des jardiniers <\/h3>\n\n\n\n<p>Quand? De 1931 \u00e0 1947 (jusqu'en 56, les brevets d\u00e9pos\u00e9s ont le nom de cet atelier)<br>Cet atelier est un agrandissement. Il travaille avec 30 \"compagnons\". Ses outils \u00e9voluent pour lui permettre de cr\u00e9er des projets de plus grande envergure. Il travaille sous deux angles compl\u00e9mentaires: le mobilier et des structures constructives. Et dans les deux cas, l'id\u00e9e est de concevoir et donner vie en s\u00e9rie pour que ce soit accessible au plus grand nombre. <\/p>\n\n\n\n<h3 class=\"wp-block-heading\" id=\"aioseo-les-ateliers-de-maxeville-dans-la-banlieue-nanceienne\">Les ateliers de Max\u00e9ville dans la banlieue Nanc\u00e9ienne <\/h3>\n\n\n\n<p>Quand? De 1947 \u00e0 1953 <br>On aborde ici une nouvelle dimension du travail de Jean Prouv\u00e9 qui est quasi-industrielle. Cela implique de nombreuses choses: des investisseurs, de nombreux ouvriers (200), un outillage de pointe. Les projets sont nombreux, les collaborations aussi. Cependant, avec certains investisseurs, cela ne se passe pas tr\u00e8s bien. Il d\u00e9missionne de son poste de directeur g\u00e9n\u00e9ral ne voulant pas rester dans un bureau et loin des machines. Je l'ai \u00e9crit plus haut, le travail de Jean Prouv\u00e9 est aliment\u00e9 par les possibilit\u00e9s techniques de ses outils de travail. Ce n'est pas juste un type qui a de bonnes id\u00e9es et qui fait faire par les autres. Gr\u00e2ce \u00e0 l'un de ses investisseurs (Aluminium Fran\u00e7ais), il revient dans le comit\u00e9 d'administration de l'atelier Max\u00e9ville. Aluminium Fran\u00e7ais est conscient de l'importance de Jean Prouv\u00e9 qui a su croitre l'activit\u00e9 de ses ateliers mais aussi ne jamais arr\u00eater d'innover. En 1956, les Ateliers Jean Prouv\u00e9 deviennent les Ateliers de constructions pr\u00e9fabriqu\u00e9es de Max\u00e9ville. <\/p>\n\n\n\n<h3 class=\"wp-block-heading\" id=\"aioseo-pourquoi-je-viens-de-vous-parler-des-3-premiers-ateliers-de-jean-prouve\">Pourquoi je viens de vous parler des 3 premiers ateliers de Jean Prouv\u00e9 <\/h3>\n\n\n\n<p>Vous avez s\u00fbrement remarqu\u00e9 que je n'ai pas \u00e9voqu\u00e9 ses r\u00e9alisations. Cela viendra plus tard dans cet article. S'int\u00e9resser au parcours d'un architecte, d'un designer (ou m\u00eame d'un auteur, d'un musicien) est toujours int\u00e9ressant. On a pu voir que Jean Prouv\u00e9 a commenc\u00e9 en tant que salari\u00e9 \u00e0 Paris puis petit \u00e0 petit il a su donner vie \u00e0 sa vision, celle de concevoir pour le plus grand nombre. Rome ne s'est pas fait en un jour, Jean Prouv\u00e9 non plus! Et c'est int\u00e9ressant de s'en souvenir, c'est inspirant (du moins pour moi). <\/p>\n\n\n\n<h2 class=\"wp-block-heading\" id=\"aioseo-jean-prouve-a-paris-de-1954-a-1984\">Jean Prouv\u00e9 \u00e0 Paris de 1954 \u00e0 1984 <\/h2>\n\n\n\n<ul>\n<li>1954 - 1957: son employeur est la CIMT (groupe industriel), il est responsable du bureau d'\u00e9tudes b\u00e2timent. C'est une p\u00e9riode f\u00e9conde pour Jean Prouv\u00e9. <\/li>\n\n\n\n<li>1957-1968: m\u00eame entreprise, il devient responsable du d\u00e9partement b\u00e2timent. Il acc\u00e8de \u00e0 l'industrialisation totale cependant il n'a plus la possibilit\u00e9 de travailler sur la conception (notamment de meubles). L'innovation n'est pas au programme. <\/li>\n\n\n\n<li>1957 - 1971: enseignant \u00e0 la CNAM. Cela lui offre un enrichissement humain bien qu'enseigner lui demande un effort particulier. <\/li>\n\n\n\n<li>1968-1984: Activit\u00e9 de conseils d'architecte ind\u00e9pendant (local situ\u00e9 rue des Blancs Manteaux \u00e0 Paris). <\/li>\n<\/ul>\n\n\n\n<figure class=\"wp-block-gallery has-nested-images columns-default is-cropped wp-block-gallery-2 is-layout-flex wp-block-gallery-is-layout-flex\">\n<figure class=\"wp-block-image size-large\"><a href=\"https:\/\/www.cocondedecoration.com\/blog\/wp-content\/uploads\/2024\/04\/jean-prouve-design.003.jpeg\"><img loading=\"lazy\" decoding=\"async\" width=\"640\" height=\"960\" data-id=\"73595\" src=\"https:\/\/www.cocondedecoration.com\/blog\/wp-content\/uploads\/2024\/04\/jean-prouve-design.003-640x960.jpeg\" alt=\"biographie br\u00e8ve Jean Prouv\u00e9 architecte et concepteur de meuble fran\u00e7ais XX\u00e8me si\u00e8cle \" class=\"wp-image-73595\" title=\"biographie br\u00e8ve Jean Prouv\u00e9 architecte et concepteur de meuble fran\u00e7ais XX\u00e8me si\u00e8cle \" srcset=\"https:\/\/www.cocondedecoration.com\/blog\/wp-content\/uploads\/2024\/04\/jean-prouve-design.003-640x960.jpeg 640w, https:\/\/www.cocondedecoration.com\/blog\/wp-content\/uploads\/2024\/04\/jean-prouve-design.003-260x390.jpeg 260w, https:\/\/www.cocondedecoration.com\/blog\/wp-content\/uploads\/2024\/04\/jean-prouve-design.003-768x1152.jpeg 768w, https:\/\/www.cocondedecoration.com\/blog\/wp-content\/uploads\/2024\/04\/jean-prouve-design.003-367x550.jpeg 367w, https:\/\/www.cocondedecoration.com\/blog\/wp-content\/uploads\/2024\/04\/jean-prouve-design.003-333x500.jpeg 333w, https:\/\/www.cocondedecoration.com\/blog\/wp-content\/uploads\/2024\/04\/jean-prouve-design.003.jpeg 1000w\" sizes=\"(max-width: 640px) 100vw, 640px\" \/><\/a><figcaption class=\"wp-element-caption\">carnets-traverse.com<\/figcaption><\/figure>\n\n\n\n<figure class=\"wp-block-image size-large\"><a href=\"https:\/\/www.cocondedecoration.com\/blog\/wp-content\/uploads\/2024\/04\/jean-prouve-design.004.jpeg\"><img loading=\"lazy\" decoding=\"async\" width=\"640\" height=\"960\" data-id=\"73594\" src=\"https:\/\/www.cocondedecoration.com\/blog\/wp-content\/uploads\/2024\/04\/jean-prouve-design.004-640x960.jpeg\" alt=\"chaise design Jean Prouv\u00e9 m\u00e9tal et bois style moderniste ann\u00e9es 50\/60 \" class=\"wp-image-73594\" title=\"chaise design Jean Prouv\u00e9 m\u00e9tal et bois style moderniste ann\u00e9es 50\/60 \" srcset=\"https:\/\/www.cocondedecoration.com\/blog\/wp-content\/uploads\/2024\/04\/jean-prouve-design.004-640x960.jpeg 640w, https:\/\/www.cocondedecoration.com\/blog\/wp-content\/uploads\/2024\/04\/jean-prouve-design.004-260x390.jpeg 260w, https:\/\/www.cocondedecoration.com\/blog\/wp-content\/uploads\/2024\/04\/jean-prouve-design.004-768x1152.jpeg 768w, https:\/\/www.cocondedecoration.com\/blog\/wp-content\/uploads\/2024\/04\/jean-prouve-design.004-367x550.jpeg 367w, https:\/\/www.cocondedecoration.com\/blog\/wp-content\/uploads\/2024\/04\/jean-prouve-design.004-333x500.jpeg 333w, https:\/\/www.cocondedecoration.com\/blog\/wp-content\/uploads\/2024\/04\/jean-prouve-design.004.jpeg 1000w\" sizes=\"(max-width: 640px) 100vw, 640px\" \/><\/a><figcaption class=\"wp-element-caption\">architecturaldigest.com<\/figcaption><\/figure>\n<\/figure>\n\n\n\n<div style=\"height:20px\" aria-hidden=\"true\" class=\"wp-block-spacer\"><\/div>\n\n\n\n<div class=\"wp-block-media-text alignwide\"><figure class=\"wp-block-media-text__media\"><img loading=\"lazy\" decoding=\"async\" width=\"640\" height=\"366\" src=\"https:\/\/www.cocondedecoration.com\/blog\/wp-content\/uploads\/2023\/12\/newsletter-patreon-640x366.png\" alt=\"\" class=\"wp-image-70176\" srcset=\"https:\/\/www.cocondedecoration.com\/blog\/wp-content\/uploads\/2023\/12\/newsletter-patreon-640x366.png 640w, https:\/\/www.cocondedecoration.com\/blog\/wp-content\/uploads\/2023\/12\/newsletter-patreon-260x149.png 260w, https:\/\/www.cocondedecoration.com\/blog\/wp-content\/uploads\/2023\/12\/newsletter-patreon-768x439.png 768w, https:\/\/www.cocondedecoration.com\/blog\/wp-content\/uploads\/2023\/12\/newsletter-patreon-465x266.png 465w, https:\/\/www.cocondedecoration.com\/blog\/wp-content\/uploads\/2023\/12\/newsletter-patreon-695x397.png 695w, https:\/\/www.cocondedecoration.com\/blog\/wp-content\/uploads\/2023\/12\/newsletter-patreon.png 1050w\" sizes=\"(max-width: 640px) 100vw, 640px\" \/><\/figure><div class=\"wp-block-media-text__content\">\n<p style=\"text-align:center\"><strong>La newsletter du blog est sur Patreon<\/strong><\/p>\n\n\n\n<p>Devenez membre gratuitement de mon Patron pour lire toutes les newsletters du blog &amp; recevoir une notification quand les prochaines seront en ligne. <\/p>\n\n\n\n<div class=\"wp-block-button aligncenter\"><a class=\"wp-block-button__link\" href=\"https:\/\/www.patreon.com\/cocondedeco\">Acc\u00e9der \u00e0 Patreon gratuitement<\/a><\/div>\n<\/div><\/div>\n\n\n\n<div style=\"height:30px\" aria-hidden=\"true\" class=\"wp-block-spacer\"><\/div>\n\n\n\n<div style=\"height:100px\" aria-hidden=\"true\" class=\"wp-block-spacer\"><\/div>\n\n\n\n<h2 class=\"wp-block-heading\" id=\"aioseo-jean-prouve-et-larchitecture-un-vaste-domaine-de-creation\">Jean Prouv\u00e9 et l'architecture - un vaste domaine de cr\u00e9ation<\/h2>\n\n\n\n<p>A sa mort, Jean Prouv\u00e9 laisse un vaste patrimoine architectural. Je ne vais pas tout vous pr\u00e9senter, ce serait trop fastidieux et pas s\u00fbre que ce soit pertinent. N\u00e9anmoins, on peut regarder bri\u00e8vement l'\u00e9tendue de son champ d'action. La liste de ses r\u00e9alisations d\u00e9passe largement les quelques exemples que je propose ici. <\/p>\n\n\n\n<h3 class=\"wp-block-heading\" id=\"aioseo-concepteur-delements-architecturaux\">Concepteur d'\u00e9l\u00e9ments architecturaux <\/h3>\n\n\n\n<ul>\n<li>Portes d'entr\u00e9e: maison Gompel (Paris) <\/li>\n\n\n\n<li>Grilles d'entr\u00e9e: villa Reifenberg (Paris), Palais de la Porte Dor\u00e9e <\/li>\n\n\n\n<li>Rampes d'escaliers: h\u00f4tel de l'ermitage (Vittel), brasserie Excelsior (Nancy)<\/li>\n\n\n\n<li>Escaliers: pavillon UAM (Paris)<\/li>\n\n\n\n<li>Cloisons mobiles  <\/li>\n\n\n\n<li>Fa\u00e7ades: garage Citro\u00ebn (Paris), Palais de la Foire (Lille)<\/li>\n\n\n\n<li>Brise-soleil <\/li>\n\n\n\n<li>Menuiseries m\u00e9talliques: Cit\u00e9e de la Muette (Nancy) <\/li>\n<\/ul>\n\n\n\n<h3 class=\"wp-block-heading\" id=\"aioseo-des-constructions-pour-tous\">Des constructions pour tous <\/h3>\n\n\n\n<ul>\n<li>Ecoles, groupes scolaires, lyc\u00e9es: Ecole maternelle (Villiers-l\u00e8s-Nancy), Ecole Boulle (Paris), Ecole du Merlan (Marseille)... <\/li>\n\n\n\n<li>Cit\u00e9s et immeubles <\/li>\n\n\n\n<li>Usines: Ferembal (Nancy)<\/li>\n\n\n\n<li>H\u00f4pitaux: Grange-Blanche (Lyon) <\/li>\n\n\n\n<li>Stations services <\/li>\n\n\n\n<li>Mus\u00e9es <\/li>\n\n\n\n<li>Eglises<\/li>\n\n\n\n<li>H\u00f4tel de ville (Grenoble)<\/li>\n\n\n\n<li>Baraque militaire <\/li>\n\n\n\n<li>Construction \u00e0 l'international: Pavillons du Luxembourg et de France \u00e0 Bruxelles, ambassade de France \u00e0 Varsovie, facult\u00e9 de m\u00e9decine \u00e0 Rotterdam...<\/li>\n<\/ul>\n\n\n\n<h3 class=\"wp-block-heading\" id=\"aioseo-la-construction-dhabitations-individuelles\">La construction d'habitations individuelles <\/h3>\n\n\n\n<ul>\n<li>Maison PLBS avec E. Beaudouin et M. Lods<\/li>\n\n\n\n<li>Pavillon d\u00e9montable \u00e0 Onville <\/li>\n\n\n\n<li>Maison F 8x8 BCC avec P. Jeanneret <\/li>\n\n\n\n<li>Maisons d\u00e9montables (de diff\u00e9rentes tailles) <\/li>\n\n\n\n<li>Villa Dollander (Saint Clair) <\/li>\n\n\n\n<li>Maison Tropique (Niamey) <\/li>\n\n\n\n<li>Maison \"standard\" (Meudon) <\/li>\n<\/ul>\n\n\n\n<iframe loading=\"lazy\" width=\"560\" height=\"315\" src=\"https:\/\/www.youtube.com\/embed\/T3cqNyZL6tk?si=4HvvRJ9Oxdm7pUyz\" title=\"YouTube video player\" frameborder=\"0\" allow=\"accelerometer; autoplay; clipboard-write; encrypted-media; gyroscope; picture-in-picture; web-share\" referrerpolicy=\"strict-origin-when-cross-origin\" allowfullscreen><\/iframe>\n\n\n\n<h2 class=\"wp-block-heading\" id=\"aioseo-1956-la-maison-des-jours-meilleurs\">1956 - La maison des Jours Meilleurs <\/h2>\n\n\n\n<p>C'est avec cette maison que j'ai entendu parl\u00e9 Jean Prouv\u00e9 il y a plusieurs ann\u00e9es. Je faisais des recherches sur un truc qui n'avait rien \u00e0 voir avec l'architecture puisque je m'int\u00e9ressais \u00e0 la figure de l'Abb\u00e9 Pierre (et plus largement aux figures m\u00e9diatis\u00e9es catholiques des ann\u00e9es 80\/90 - ouais je sais, j'ai parfois des centres d'int\u00e9r\u00eats particuliers!)<\/p>\n\n\n\n<p>On est dans un contexte d'apr\u00e8s-guerre et de reconstruction. Pendant l'hiver 53\/54, il y a encore foule de mal-log\u00e9s en France et \u00e0 Paris et certains meurent de froid. Suite au d\u00e9c\u00e8s d'un enfant et d'une vielle femme, l'Abb\u00e9 Pierre lance un appel radio pour alerter la population et les autorit\u00e9s quant au grave probl\u00e8me de logement et pour venir en aide aux sans-abris. Jean Prouv\u00e9 r\u00e9pond \u00e0 cet appel et en quelques semaines gr\u00e2ce \u00e0 ses recherches pass\u00e9es, il cr\u00e9e un prototype de maison pr\u00e9fabriqu\u00e9e. <\/p>\n\n\n\n<p>Une maison t\u00e9moin est mont\u00e9e sur le quai Alexandre III. Elle peut \u00eatre mont\u00e9e en 7h. Elle est compos\u00e9e d'un soubassement en b\u00e9ton. Au centre de la maison, un bloc de m\u00e9tal qui est le bloc sanitaire avec la cuisine, la salle de bain, les toilettes. Autour de ce bloc s'articulent les diff\u00e9rents espaces de l'habitation: 2 chambres (l'une pour les parents, l'autre pour les enfants), un espace repas, un espace salon, deux entr\u00e9es (une principale, une de service). Cette maison familiale fait 57m<sup>2<\/sup>. <\/p>\n\n\n\n<p>Malgr\u00e9 le 2<sup>nd<\/sup> appel de l'Abb\u00e9 Pierre pour financer le projet et le soutien financier de la lessive Persil, cette maison n'obtiendra pas l'homologation des autorit\u00e9s. Ces derni\u00e8res n'admettent pas que les sanitaires soient au coeur de l'habitat. Le concept de la Maison des Jours Meilleurs est trop novateur. <\/p>\n\n\n\n<figure class=\"wp-block-gallery has-nested-images columns-default is-cropped wp-block-gallery-3 is-layout-flex wp-block-gallery-is-layout-flex\">\n<figure class=\"wp-block-image size-large\"><a href=\"https:\/\/www.cocondedecoration.com\/blog\/wp-content\/uploads\/2024\/04\/jean-prouve-design.005.jpeg\"><img loading=\"lazy\" decoding=\"async\" width=\"640\" height=\"960\" data-id=\"73589\" src=\"https:\/\/www.cocondedecoration.com\/blog\/wp-content\/uploads\/2024\/04\/jean-prouve-design.005-640x960.jpeg\" alt=\"Jean Prouv\u00e9 fauteuil design modernisme fran\u00e7ais m\u00e9tal bois couleur bleu \u00e9lectrique \" class=\"wp-image-73589\" title=\"Jean Prouv\u00e9 fauteuil design modernisme fran\u00e7ais m\u00e9tal bois couleur bleu \u00e9lectrique \" srcset=\"https:\/\/www.cocondedecoration.com\/blog\/wp-content\/uploads\/2024\/04\/jean-prouve-design.005-640x960.jpeg 640w, https:\/\/www.cocondedecoration.com\/blog\/wp-content\/uploads\/2024\/04\/jean-prouve-design.005-260x390.jpeg 260w, https:\/\/www.cocondedecoration.com\/blog\/wp-content\/uploads\/2024\/04\/jean-prouve-design.005-768x1152.jpeg 768w, https:\/\/www.cocondedecoration.com\/blog\/wp-content\/uploads\/2024\/04\/jean-prouve-design.005-367x550.jpeg 367w, https:\/\/www.cocondedecoration.com\/blog\/wp-content\/uploads\/2024\/04\/jean-prouve-design.005-333x500.jpeg 333w, https:\/\/www.cocondedecoration.com\/blog\/wp-content\/uploads\/2024\/04\/jean-prouve-design.005.jpeg 1000w\" sizes=\"(max-width: 640px) 100vw, 640px\" \/><\/a><figcaption class=\"wp-element-caption\">ignant.com<\/figcaption><\/figure>\n\n\n\n<figure class=\"wp-block-image size-large\"><a href=\"https:\/\/www.cocondedecoration.com\/blog\/wp-content\/uploads\/2024\/04\/jean-prouve-design.006.jpeg\"><img loading=\"lazy\" decoding=\"async\" width=\"640\" height=\"960\" data-id=\"73590\" src=\"https:\/\/www.cocondedecoration.com\/blog\/wp-content\/uploads\/2024\/04\/jean-prouve-design.006-640x960.jpeg\" alt=\"architecture Jean Prouv\u00e9 maison int\u00e9rieur bois vintage couleurs espaces \" class=\"wp-image-73590\" title=\"architecture Jean Prouv\u00e9 maison int\u00e9rieur bois vintage couleurs espaces \" srcset=\"https:\/\/www.cocondedecoration.com\/blog\/wp-content\/uploads\/2024\/04\/jean-prouve-design.006-640x960.jpeg 640w, https:\/\/www.cocondedecoration.com\/blog\/wp-content\/uploads\/2024\/04\/jean-prouve-design.006-260x390.jpeg 260w, https:\/\/www.cocondedecoration.com\/blog\/wp-content\/uploads\/2024\/04\/jean-prouve-design.006-768x1152.jpeg 768w, https:\/\/www.cocondedecoration.com\/blog\/wp-content\/uploads\/2024\/04\/jean-prouve-design.006-367x550.jpeg 367w, https:\/\/www.cocondedecoration.com\/blog\/wp-content\/uploads\/2024\/04\/jean-prouve-design.006-333x500.jpeg 333w, https:\/\/www.cocondedecoration.com\/blog\/wp-content\/uploads\/2024\/04\/jean-prouve-design.006.jpeg 1000w\" sizes=\"(max-width: 640px) 100vw, 640px\" \/><\/a><figcaption class=\"wp-element-caption\">admagazine.fr<\/figcaption><\/figure>\n<\/figure>\n\n\n\n<div style=\"height:100px\" aria-hidden=\"true\" class=\"wp-block-spacer\"><\/div>\n\n\n\n<h2 class=\"wp-block-heading\" id=\"aioseo-le-mobilier-concu-par-jean-prouve\">Le mobilier con\u00e7u par Jean Prouv\u00e9 <\/h2>\n\n\n\n<p>Passons au mobilier. L\u00e0 aussi, Jean Prouv\u00e9 a \u00e9t\u00e9 prolifique au cours de son existence. Quand on vit dans un endroit, on ne prend pas souvent conscience des mat\u00e9riaux qui nous entourent et qui composent notre quotidien. Le designer travaillait le m\u00e9tal et quand on voit ces nombreuses r\u00e9alisations, on peut se rendre compte que le m\u00e9tal est un \u00e9l\u00e9ment quotidien qui passe \u00e0 travers le mobilier. <\/p>\n\n\n\n<p>Toujours dans une d\u00e9marche de rendre accessible au plus grand nombre, certaines de ses cr\u00e9ations ont r\u00e9pondu \u00e0 des appels \u00e0 projets pour meubler par exemple des cit\u00e9s universitaires (R\u00e9sidence Monbois \u00e0 Nancy entre autres). Je vous ai d\u00e9j\u00e0 parl\u00e9 de cette mani\u00e8re de cr\u00e9er dans mon article <a href=\"https:\/\/www.cocondedecoration.com\/blog\/2023\/10\/objet-design-culte-femme\/\" target=\"_blank\" rel=\"noopener\" title=\"\">10 objets design iconiques cr\u00e9\u00e9s par des femmes<\/a> o\u00f9 je pr\u00e9sente la biblioth\u00e8que de la Maison de Tunisie con\u00e7ue par Charlotte Perriand. <\/p>\n\n\n\n<ul>\n<li>Chaises: chaises d'\u00e9cole (plusieurs mod\u00e8les), chaises Caf\u00e9t\u00e9ria, chaise Cit\u00e9... <\/li>\n\n\n\n<li>Fauteuils: fauteuil visiteurs Kangourou, chaise longue pour sanatorium, fauteuil Cit\u00e9...<\/li>\n\n\n\n<li>Si\u00e8ges de bureau: fauteuil conf\u00e9rence n\u00b0355, chaise Dactylo... <\/li>\n\n\n\n<li>Tabourets et banquettes: tabouret d'atelier pivotant, banc Marcoule, banquette type n\u00b0356...  <\/li>\n\n\n\n<li>Bureaux: table-bureau Dactylo, bureaux Compas, table Cit\u00e9...<\/li>\n\n\n\n<li>Mobilier scolaire: pupitres d'\u00e9coles, pupitres et si\u00e8ges d'amphith\u00e9\u00e2tre... <\/li>\n\n\n\n<li>Tables et gu\u00e9ridons: tablette rabattable, tables de caf\u00e9t\u00e9ria... <\/li>\n\n\n\n<li>Luminaires: plafonniers, lampe de bureau, potences d'\u00e9clairage (qui devraient vous rappeler certains mod\u00e8les actuels)... <\/li>\n\n\n\n<li>Lits: \"lit Cit\u00e9\", lit de clinique, \"lit Flavigny\"... <\/li>\n\n\n\n<li>Syst\u00e8mes d'am\u00e9nagement et de rangement: armoire, bahut, meuble de s\u00e9paration, biblioth\u00e8que... <\/li>\n\n\n\n<li>Equipements divers: v\u00e9lo, terrain de jeux, remorque \u00e0 v\u00e9lo... <\/li>\n<\/ul>\n\n\n\n<h2 class=\"wp-block-heading\" id=\"aioseo-pour-en-savoir-plus-sur-jean-prouve-et-son-travail-tout-au-long-de-sa-vie\">Pour en savoir plus sur Jean Prouv\u00e9 et son travail tout au long de sa vie<\/h2>\n\n\n\n<blockquote class=\"wp-block-quote\">\n<p>Le <a href=\"https:\/\/www.jeanprouve.com\/\" target=\"_blank\" rel=\"noopener\" title=\"\">site d\u00e9di\u00e9 \u00e0 Jean Prouv\u00e9<\/a> (une p\u00e9pite d'informations et de visuels) <br>Vitra - <a href=\"https:\/\/www.vitra.com\/fr-lu\/product\/designer\/details\/jean-prouve\" target=\"_blank\" rel=\"noopener\" title=\"\">Jean Prouv\u00e9<\/a> (je vous conseille de visionner la courte vid\u00e9o de la fille de Jean Prouv\u00e9) <br>Galerie Patrick Seguin - <a href=\"https:\/\/www.patrickseguin.com\/fr\/expositions\/2012\/jean-prouve-maison-jours-meilleurs-1956\/\" target=\"_blank\" rel=\"noopener\" title=\"\">Maison des jours meilleurs, 1956<\/a> <br>L'Architecture aujourd'hui - <a href=\"https:\/\/www.larchitecturedaujourdhui.fr\/maison-des-jours-meilleurs-jean-prouve-1956\/\" target=\"_blank\" rel=\"noopener\" title=\"\">Maison des jours meilleurs, Jean Prouv\u00e9 (1956)<\/a><br>Laffanour Galerie Downtown Paris - <a href=\"https:\/\/www.galeriedowntown.com\/designers\/jean-prouve\/\" target=\"_blank\" rel=\"noopener\" title=\"\">Jean Prouv\u00e9 mobilier<\/a> <\/p>\n<\/blockquote>\n\n\n\n<figure class=\"wp-block-gallery has-nested-images columns-2 is-cropped wp-block-gallery-4 is-layout-flex wp-block-gallery-is-layout-flex\">\n<figure class=\"wp-block-image size-large\"><a href=\"https:\/\/www.cocondedecoration.com\/blog\/wp-content\/uploads\/2024\/04\/histoire-design-jean-prouve.001.jpeg\"><img loading=\"lazy\" decoding=\"async\" width=\"640\" height=\"960\" data-id=\"73607\" src=\"https:\/\/www.cocondedecoration.com\/blog\/wp-content\/uploads\/2024\/04\/histoire-design-jean-prouve.001-640x960.jpeg\" alt=\"histoire design jean prouv\u00e9 Maison Nancy vue de l'ext\u00e9rieur architecture grande baie vitr\u00e9e\" class=\"wp-image-73607\" title=\"histoire design jean prouv\u00e9 Maison Nancy vue de l'ext\u00e9rieur architecture grande baie vitr\u00e9e\" srcset=\"https:\/\/www.cocondedecoration.com\/blog\/wp-content\/uploads\/2024\/04\/histoire-design-jean-prouve.001-640x960.jpeg 640w, https:\/\/www.cocondedecoration.com\/blog\/wp-content\/uploads\/2024\/04\/histoire-design-jean-prouve.001-260x390.jpeg 260w, https:\/\/www.cocondedecoration.com\/blog\/wp-content\/uploads\/2024\/04\/histoire-design-jean-prouve.001-768x1152.jpeg 768w, https:\/\/www.cocondedecoration.com\/blog\/wp-content\/uploads\/2024\/04\/histoire-design-jean-prouve.001-367x550.jpeg 367w, https:\/\/www.cocondedecoration.com\/blog\/wp-content\/uploads\/2024\/04\/histoire-design-jean-prouve.001-333x500.jpeg 333w, https:\/\/www.cocondedecoration.com\/blog\/wp-content\/uploads\/2024\/04\/histoire-design-jean-prouve.001.jpeg 1000w\" sizes=\"(max-width: 640px) 100vw, 640px\" \/><\/a><figcaption class=\"wp-element-caption\">astudejaoublie.blogspot.com<\/figcaption><\/figure>\n\n\n\n<figure class=\"wp-block-image size-large\"><a href=\"https:\/\/www.cocondedecoration.com\/blog\/wp-content\/uploads\/2024\/04\/histoire-design-jean-prouve.002.jpeg\"><img loading=\"lazy\" decoding=\"async\" width=\"640\" height=\"960\" data-id=\"73604\" src=\"https:\/\/www.cocondedecoration.com\/blog\/wp-content\/uploads\/2024\/04\/histoire-design-jean-prouve.002-640x960.jpeg\" alt=\"histoire design jean prouv\u00e9 int\u00e9rieur maison d'architecte entr\u00e9e porte en m\u00e9tal ajour\u00e9e buffet en bois milieu de si\u00e8cle\" class=\"wp-image-73604\" title=\"histoire design jean prouv\u00e9 int\u00e9rieur maison d'architecte entr\u00e9e porte en m\u00e9tal ajour\u00e9e buffet en bois milieu de si\u00e8cle\" srcset=\"https:\/\/www.cocondedecoration.com\/blog\/wp-content\/uploads\/2024\/04\/histoire-design-jean-prouve.002-640x960.jpeg 640w, https:\/\/www.cocondedecoration.com\/blog\/wp-content\/uploads\/2024\/04\/histoire-design-jean-prouve.002-260x390.jpeg 260w, https:\/\/www.cocondedecoration.com\/blog\/wp-content\/uploads\/2024\/04\/histoire-design-jean-prouve.002-768x1152.jpeg 768w, https:\/\/www.cocondedecoration.com\/blog\/wp-content\/uploads\/2024\/04\/histoire-design-jean-prouve.002-367x550.jpeg 367w, https:\/\/www.cocondedecoration.com\/blog\/wp-content\/uploads\/2024\/04\/histoire-design-jean-prouve.002-333x500.jpeg 333w, https:\/\/www.cocondedecoration.com\/blog\/wp-content\/uploads\/2024\/04\/histoire-design-jean-prouve.002.jpeg 1000w\" sizes=\"(max-width: 640px) 100vw, 640px\" \/><\/a><figcaption class=\"wp-element-caption\">instagram.com<\/figcaption><\/figure>\n\n\n\n<figure class=\"wp-block-image size-large\"><a href=\"https:\/\/www.cocondedecoration.com\/blog\/wp-content\/uploads\/2024\/04\/histoire-design-jean-prouve.003.jpeg\"><img loading=\"lazy\" decoding=\"async\" width=\"640\" height=\"960\" data-id=\"73606\" src=\"https:\/\/www.cocondedecoration.com\/blog\/wp-content\/uploads\/2024\/04\/histoire-design-jean-prouve.003-640x960.jpeg\" alt=\"histoire design jean prouv\u00e9 ext\u00e9rieur maison pr\u00e9fabriqu\u00e9e m\u00e9tal bois cloison architecture\" class=\"wp-image-73606\" title=\"histoire design jean prouv\u00e9 ext\u00e9rieur maison pr\u00e9fabriqu\u00e9e m\u00e9tal bois cloison architecture\" srcset=\"https:\/\/www.cocondedecoration.com\/blog\/wp-content\/uploads\/2024\/04\/histoire-design-jean-prouve.003-640x960.jpeg 640w, https:\/\/www.cocondedecoration.com\/blog\/wp-content\/uploads\/2024\/04\/histoire-design-jean-prouve.003-260x390.jpeg 260w, https:\/\/www.cocondedecoration.com\/blog\/wp-content\/uploads\/2024\/04\/histoire-design-jean-prouve.003-768x1152.jpeg 768w, https:\/\/www.cocondedecoration.com\/blog\/wp-content\/uploads\/2024\/04\/histoire-design-jean-prouve.003-367x550.jpeg 367w, https:\/\/www.cocondedecoration.com\/blog\/wp-content\/uploads\/2024\/04\/histoire-design-jean-prouve.003-333x500.jpeg 333w, https:\/\/www.cocondedecoration.com\/blog\/wp-content\/uploads\/2024\/04\/histoire-design-jean-prouve.003.jpeg 1000w\" sizes=\"(max-width: 640px) 100vw, 640px\" \/><\/a><figcaption class=\"wp-element-caption\">architecturedecollection.fr<\/figcaption><\/figure>\n\n\n\n<figure class=\"wp-block-image size-large\"><a href=\"https:\/\/www.cocondedecoration.com\/blog\/wp-content\/uploads\/2024\/04\/histoire-design-jean-prouve.004.jpeg\"><img loading=\"lazy\" decoding=\"async\" width=\"640\" height=\"960\" data-id=\"73605\" src=\"https:\/\/www.cocondedecoration.com\/blog\/wp-content\/uploads\/2024\/04\/histoire-design-jean-prouve.004-640x960.jpeg\" alt=\"histoire design jean prouv\u00e9 mobilier si\u00e8ge de bureau avec accoudoir pi\u00e8tement m\u00e9tal ferronnerie \" class=\"wp-image-73605\" title=\"histoire design jean prouv\u00e9 mobilier si\u00e8ge de bureau avec accoudoir pi\u00e8tement m\u00e9tal ferronnerie \" srcset=\"https:\/\/www.cocondedecoration.com\/blog\/wp-content\/uploads\/2024\/04\/histoire-design-jean-prouve.004-640x960.jpeg 640w, https:\/\/www.cocondedecoration.com\/blog\/wp-content\/uploads\/2024\/04\/histoire-design-jean-prouve.004-260x390.jpeg 260w, https:\/\/www.cocondedecoration.com\/blog\/wp-content\/uploads\/2024\/04\/histoire-design-jean-prouve.004-768x1152.jpeg 768w, https:\/\/www.cocondedecoration.com\/blog\/wp-content\/uploads\/2024\/04\/histoire-design-jean-prouve.004-367x550.jpeg 367w, https:\/\/www.cocondedecoration.com\/blog\/wp-content\/uploads\/2024\/04\/histoire-design-jean-prouve.004-333x500.jpeg 333w, https:\/\/www.cocondedecoration.com\/blog\/wp-content\/uploads\/2024\/04\/histoire-design-jean-prouve.004.jpeg 1000w\" sizes=\"(max-width: 640px) 100vw, 640px\" \/><\/a><figcaption class=\"wp-element-caption\">finnishdesignshop.com<\/figcaption><\/figure>\n<\/figure>\n\n\n\n<figure class=\"wp-block-gallery has-nested-images columns-default is-cropped wp-block-gallery-5 is-layout-flex wp-block-gallery-is-layout-flex\">\n<figure class=\"wp-block-image size-large\"><a href=\"https:\/\/www.cocondedecoration.com\/blog\/wp-content\/uploads\/2024\/04\/jean-prouve-design.007.jpeg\"><img loading=\"lazy\" decoding=\"async\" width=\"640\" height=\"960\" data-id=\"73600\" src=\"https:\/\/www.cocondedecoration.com\/blog\/wp-content\/uploads\/2024\/04\/jean-prouve-design.007-640x960.jpeg\" alt=\"Jean Prouv\u00e9 chaise inconique culte bois metal couleur vert salle \u00e0 manger pied compas\" class=\"wp-image-73600\" title=\"Jean Prouv\u00e9 chaise inconique culte bois metal couleur vert salle \u00e0 manger pied compas\" srcset=\"https:\/\/www.cocondedecoration.com\/blog\/wp-content\/uploads\/2024\/04\/jean-prouve-design.007-640x960.jpeg 640w, https:\/\/www.cocondedecoration.com\/blog\/wp-content\/uploads\/2024\/04\/jean-prouve-design.007-260x390.jpeg 260w, https:\/\/www.cocondedecoration.com\/blog\/wp-content\/uploads\/2024\/04\/jean-prouve-design.007-768x1152.jpeg 768w, https:\/\/www.cocondedecoration.com\/blog\/wp-content\/uploads\/2024\/04\/jean-prouve-design.007-367x550.jpeg 367w, https:\/\/www.cocondedecoration.com\/blog\/wp-content\/uploads\/2024\/04\/jean-prouve-design.007-333x500.jpeg 333w, https:\/\/www.cocondedecoration.com\/blog\/wp-content\/uploads\/2024\/04\/jean-prouve-design.007.jpeg 1000w\" sizes=\"(max-width: 640px) 100vw, 640px\" \/><\/a><figcaption class=\"wp-element-caption\">ideat.fr<\/figcaption><\/figure>\n\n\n\n<figure class=\"wp-block-image size-large\"><a href=\"https:\/\/www.cocondedecoration.com\/blog\/wp-content\/uploads\/2024\/04\/jean-prouve-design.008.jpeg\"><img loading=\"lazy\" decoding=\"async\" width=\"640\" height=\"960\" data-id=\"73597\" src=\"https:\/\/www.cocondedecoration.com\/blog\/wp-content\/uploads\/2024\/04\/jean-prouve-design.008-640x960.jpeg\" alt=\"Jean Prouv\u00e9 mobilier vaste collection chaise fauteuil bureau travail couleur \" class=\"wp-image-73597\" title=\"Jean Prouv\u00e9 mobilier vaste collection chaise fauteuil bureau travail couleur \" srcset=\"https:\/\/www.cocondedecoration.com\/blog\/wp-content\/uploads\/2024\/04\/jean-prouve-design.008-640x960.jpeg 640w, https:\/\/www.cocondedecoration.com\/blog\/wp-content\/uploads\/2024\/04\/jean-prouve-design.008-260x390.jpeg 260w, https:\/\/www.cocondedecoration.com\/blog\/wp-content\/uploads\/2024\/04\/jean-prouve-design.008-768x1152.jpeg 768w, https:\/\/www.cocondedecoration.com\/blog\/wp-content\/uploads\/2024\/04\/jean-prouve-design.008-367x550.jpeg 367w, https:\/\/www.cocondedecoration.com\/blog\/wp-content\/uploads\/2024\/04\/jean-prouve-design.008-333x500.jpeg 333w, https:\/\/www.cocondedecoration.com\/blog\/wp-content\/uploads\/2024\/04\/jean-prouve-design.008.jpeg 1000w\" sizes=\"(max-width: 640px) 100vw, 640px\" \/><\/a><figcaption class=\"wp-element-caption\">lesconfettis.com<\/figcaption><\/figure>\n\n\n\n<figure class=\"wp-block-image size-large\"><a href=\"https:\/\/www.cocondedecoration.com\/blog\/wp-content\/uploads\/2024\/04\/jean-prouve-design.009.jpeg\"><img loading=\"lazy\" decoding=\"async\" width=\"640\" height=\"960\" data-id=\"73599\" src=\"https:\/\/www.cocondedecoration.com\/blog\/wp-content\/uploads\/2024\/04\/jean-prouve-design.009-640x960.jpeg\" alt=\"Jean Prouv\u00e9 maison pilotis construction architecture \" class=\"wp-image-73599\" title=\"Jean Prouv\u00e9 maison pilotis construction architecture \" srcset=\"https:\/\/www.cocondedecoration.com\/blog\/wp-content\/uploads\/2024\/04\/jean-prouve-design.009-640x960.jpeg 640w, https:\/\/www.cocondedecoration.com\/blog\/wp-content\/uploads\/2024\/04\/jean-prouve-design.009-260x390.jpeg 260w, https:\/\/www.cocondedecoration.com\/blog\/wp-content\/uploads\/2024\/04\/jean-prouve-design.009-768x1152.jpeg 768w, https:\/\/www.cocondedecoration.com\/blog\/wp-content\/uploads\/2024\/04\/jean-prouve-design.009-367x550.jpeg 367w, https:\/\/www.cocondedecoration.com\/blog\/wp-content\/uploads\/2024\/04\/jean-prouve-design.009-333x500.jpeg 333w, https:\/\/www.cocondedecoration.com\/blog\/wp-content\/uploads\/2024\/04\/jean-prouve-design.009.jpeg 1000w\" sizes=\"(max-width: 640px) 100vw, 640px\" \/><\/a><figcaption class=\"wp-element-caption\">Maison tropicale - francetvinfo.fr<\/figcaption><\/figure>\n\n\n\n<figure class=\"wp-block-image size-large\"><a href=\"https:\/\/www.cocondedecoration.com\/blog\/wp-content\/uploads\/2024\/04\/jean-prouve-design.010.jpeg\"><img loading=\"lazy\" decoding=\"async\" width=\"640\" height=\"960\" data-id=\"73598\" src=\"https:\/\/www.cocondedecoration.com\/blog\/wp-content\/uploads\/2024\/04\/jean-prouve-design.010-640x960.jpeg\" alt=\"Jean Prouv\u00e9 luminaire en m\u00e9tal lampe de bureau rouge design \" class=\"wp-image-73598\" title=\"Jean Prouv\u00e9 luminaire en m\u00e9tal lampe de bureau rouge design \" srcset=\"https:\/\/www.cocondedecoration.com\/blog\/wp-content\/uploads\/2024\/04\/jean-prouve-design.010-640x960.jpeg 640w, https:\/\/www.cocondedecoration.com\/blog\/wp-content\/uploads\/2024\/04\/jean-prouve-design.010-260x390.jpeg 260w, https:\/\/www.cocondedecoration.com\/blog\/wp-content\/uploads\/2024\/04\/jean-prouve-design.010-768x1152.jpeg 768w, https:\/\/www.cocondedecoration.com\/blog\/wp-content\/uploads\/2024\/04\/jean-prouve-design.010-367x550.jpeg 367w, https:\/\/www.cocondedecoration.com\/blog\/wp-content\/uploads\/2024\/04\/jean-prouve-design.010-333x500.jpeg 333w, https:\/\/www.cocondedecoration.com\/blog\/wp-content\/uploads\/2024\/04\/jean-prouve-design.010.jpeg 1000w\" sizes=\"(max-width: 640px) 100vw, 640px\" \/><\/a><figcaption class=\"wp-element-caption\">simons.ca<\/figcaption><\/figure>\n\n\n\n<figure class=\"wp-block-image size-large\"><a href=\"https:\/\/www.cocondedecoration.com\/blog\/wp-content\/uploads\/2024\/04\/jean-prouve-design.011.jpeg\"><img loading=\"lazy\" decoding=\"async\" width=\"640\" height=\"960\" data-id=\"73601\" src=\"https:\/\/www.cocondedecoration.com\/blog\/wp-content\/uploads\/2024\/04\/jean-prouve-design.011-640x960.jpeg\" alt=\"Jean Prouv\u00e9 fauteuil design m\u00e9tal bois pi\u00e8ce collection modernisme histoire design \" class=\"wp-image-73601\" title=\"Jean Prouv\u00e9 fauteuil design m\u00e9tal bois pi\u00e8ce collection modernisme histoire design \" srcset=\"https:\/\/www.cocondedecoration.com\/blog\/wp-content\/uploads\/2024\/04\/jean-prouve-design.011-640x960.jpeg 640w, https:\/\/www.cocondedecoration.com\/blog\/wp-content\/uploads\/2024\/04\/jean-prouve-design.011-260x390.jpeg 260w, https:\/\/www.cocondedecoration.com\/blog\/wp-content\/uploads\/2024\/04\/jean-prouve-design.011-768x1152.jpeg 768w, https:\/\/www.cocondedecoration.com\/blog\/wp-content\/uploads\/2024\/04\/jean-prouve-design.011-367x550.jpeg 367w, https:\/\/www.cocondedecoration.com\/blog\/wp-content\/uploads\/2024\/04\/jean-prouve-design.011-333x500.jpeg 333w, https:\/\/www.cocondedecoration.com\/blog\/wp-content\/uploads\/2024\/04\/jean-prouve-design.011.jpeg 1000w\" sizes=\"(max-width: 640px) 100vw, 640px\" \/><\/a><figcaption class=\"wp-element-caption\">hypebeast.com<\/figcaption><\/figure>\n\n\n\n<figure class=\"wp-block-image size-large\"><a href=\"https:\/\/www.cocondedecoration.com\/blog\/wp-content\/uploads\/2024\/04\/jean-prouve-design.012.jpeg\"><img loading=\"lazy\" decoding=\"async\" width=\"640\" height=\"960\" data-id=\"73602\" src=\"https:\/\/www.cocondedecoration.com\/blog\/wp-content\/uploads\/2024\/04\/jean-prouve-design.012-640x960.jpeg\" alt=\"Jean Prouv\u00e9 po\u00eale chemin\u00e9e int\u00e9rieur maison exemple vintage \" class=\"wp-image-73602\" title=\"Jean Prouv\u00e9 po\u00eale chemin\u00e9e int\u00e9rieur maison exemple vintage \" srcset=\"https:\/\/www.cocondedecoration.com\/blog\/wp-content\/uploads\/2024\/04\/jean-prouve-design.012-640x960.jpeg 640w, https:\/\/www.cocondedecoration.com\/blog\/wp-content\/uploads\/2024\/04\/jean-prouve-design.012-260x390.jpeg 260w, https:\/\/www.cocondedecoration.com\/blog\/wp-content\/uploads\/2024\/04\/jean-prouve-design.012-768x1152.jpeg 768w, https:\/\/www.cocondedecoration.com\/blog\/wp-content\/uploads\/2024\/04\/jean-prouve-design.012-367x550.jpeg 367w, https:\/\/www.cocondedecoration.com\/blog\/wp-content\/uploads\/2024\/04\/jean-prouve-design.012-333x500.jpeg 333w, https:\/\/www.cocondedecoration.com\/blog\/wp-content\/uploads\/2024\/04\/jean-prouve-design.012.jpeg 1000w\" sizes=\"(max-width: 640px) 100vw, 640px\" \/><\/a><figcaption class=\"wp-element-caption\">Maison de J. Prouv\u00e9 \u00e0 Nancy - equatorjournal.com<\/figcaption><\/figure>\n<\/figure>\n\n\n\n<hr class=\"wp-block-separator has-alpha-channel-opacity is-style-wide\"\/>\n\n\n\n<div class=\"wp-block-columns is-layout-flex wp-container-core-columns-layout-2 wp-block-columns-is-layout-flex\">\n<div class=\"wp-block-column is-layout-flow wp-block-column-is-layout-flow\">\n<p class=\"has-text-align-center has-medium-font-size\">A lire \u00e9galement<\/p>\n\n\n<ul class=\"wp-block-latest-posts__list wp-block-latest-posts\"><li><a class=\"wp-block-latest-posts__post-title\" href=\"https:\/\/www.cocondedecoration.com\/blog\/2026\/01\/histoire-pouf-poire-sacco\/\">La petite histoire du pouf poire, le \u00ab\u00a0Sacco\u00a0\u00bb<\/a><\/li>\n<li><a class=\"wp-block-latest-posts__post-title\" href=\"https:\/\/www.cocondedecoration.com\/blog\/2026\/01\/couleur-decoration-generation\/\">Pour chaque g\u00e9n\u00e9ration, sa palette de couleurs d\u00e9co<\/a><\/li>\n<li><a class=\"wp-block-latest-posts__post-title\" href=\"https:\/\/www.cocondedecoration.com\/blog\/2025\/02\/portrait-cini-boeri\/\">Qui est Cini Boeri? Et pourquoi vous devriez la conna\u00eetre?<\/a><\/li>\n<li><a class=\"wp-block-latest-posts__post-title\" href=\"https:\/\/www.cocondedecoration.com\/blog\/2025\/02\/histoire-tabouret-tam-tam\/\">La petite histoire du tabouret TAM TAM | Abonn\u00e9\u2022e\u2022s<\/a><\/li>\n<li><a class=\"wp-block-latest-posts__post-title\" href=\"https:\/\/www.cocondedecoration.com\/blog\/2025\/01\/design-mid-century-modern\/\">Comprendre le design Mid Century Modern en 3 minutes<\/a><\/li>\n<li><a class=\"wp-block-latest-posts__post-title\" href=\"https:\/\/www.cocondedecoration.com\/blog\/2024\/11\/biographie-anna-castelli-ferrieri\/\">Qui est Anna Castelli Ferrieri? Pourquoi vous devriez la conna\u00eetre?<\/a><\/li>\n<li><a class=\"wp-block-latest-posts__post-title\" href=\"https:\/\/www.cocondedecoration.com\/blog\/2024\/10\/biographie-florence-knoll\/\">Qui est Florence Knoll? Pourquoi vous devriez la conna\u00eetre?<\/a><\/li>\n<li><a class=\"wp-block-latest-posts__post-title\" href=\"https:\/\/www.cocondedecoration.com\/blog\/2024\/09\/gae-aulenti-design-architecture\/\">Qui est Gae Aulenti? Et pourquoi vous devriez la conna\u00eetre?<\/a><\/li>\n<li><a class=\"wp-block-latest-posts__post-title\" href=\"https:\/\/www.cocondedecoration.com\/blog\/2024\/08\/architecture-paquebot\/\">Courbes et Fluidit\u00e9 : L&rsquo;Architecture Paquebot<\/a><\/li>\n<li><a class=\"wp-block-latest-posts__post-title\" href=\"https:\/\/www.cocondedecoration.com\/blog\/2024\/07\/architecture-design-eileen-gray\/\">Qui est Eileen Gray? Et pourquoi vous devriez la conna\u00eetre?<\/a><\/li>\n<\/ul><\/div>\n\n\n\n<div class=\"wp-block-column has-background is-layout-flow wp-block-column-is-layout-flow\" style=\"background-color:#c39107a1\">\n<p class=\"has-text-align-center has-medium-font-size\" style=\"padding-top:var(--wp--preset--spacing--40);padding-bottom:var(--wp--preset--spacing--40)\"><strong>Devenez m\u00e9c\u00e8ne du blog <\/strong><\/p>\n\n\n\n<hr class=\"wp-block-separator has-alpha-channel-opacity is-style-wide\"\/>\n\n\n\n<p style=\"padding-right:var(--wp--preset--spacing--30);padding-left:var(--wp--preset--spacing--30)\">Soutenez mon travail sur le blog et acc\u00e9dez \u00e0 des contreparties exclusives: <\/p>\n\n\n\n<ul style=\"padding-right:var(--wp--preset--spacing--40);padding-left:var(--wp--preset--spacing--40)\">\n<li>Plusieurs centaines d'articles d\u00e9co, lifestyle &amp; voyage r\u00e9serv\u00e9s aux abonn\u00e9\u2022e\u2022s <\/li>\n\n\n\n<li>Toutes les entr\u00e9es de mon side project - mon dictionnaire nomade <\/li>\n\n\n\n<li>Une publicit\u00e9 limit\u00e9e sur les articles Patreon <\/li>\n<\/ul>\n\n\n\n<div class=\"wp-block-buttons is-content-justification-center is-layout-flex wp-container-core-buttons-layout-1 wp-block-buttons-is-layout-flex\">\n<div class=\"wp-block-button\"><a class=\"wp-block-button__link wp-element-button\" href=\"https:\/\/www.patreon.com\/cocondedeco\" target=\"_blank\" rel=\"noreferrer noopener\">Soutenir le blog maintenant<\/a><\/div>\n<\/div>\n<\/div>\n<\/div>\n\n\n<div class=\"wp-block-image\">\n<figure class=\"aligncenter size-full\"><a href=\"https:\/\/www.cocondedecoration.com\/blog\/wp-content\/uploads\/2024\/04\/maison-Jean-Prouve-abbe-Pierre-jours-meilleurs.jpg\"><img loading=\"lazy\" decoding=\"async\" width=\"732\" height=\"487\" src=\"https:\/\/www.cocondedecoration.com\/blog\/wp-content\/uploads\/2024\/04\/maison-Jean-Prouve-abbe-Pierre-jours-meilleurs.jpg\" alt=\"maison Jean Prouve abbe Pierre jours meilleurs exemple maison pr\u00e9fabriqu\u00e9e apr\u00e8s guerre architecture\" class=\"wp-image-73609\" title=\"maison Jean Prouve abbe Pierre jours meilleurs exemple maison pr\u00e9fabriqu\u00e9e apr\u00e8s guerre architecture\" srcset=\"https:\/\/www.cocondedecoration.com\/blog\/wp-content\/uploads\/2024\/04\/maison-Jean-Prouve-abbe-Pierre-jours-meilleurs.jpg 732w, https:\/\/www.cocondedecoration.com\/blog\/wp-content\/uploads\/2024\/04\/maison-Jean-Prouve-abbe-Pierre-jours-meilleurs-260x173.jpg 260w, https:\/\/www.cocondedecoration.com\/blog\/wp-content\/uploads\/2024\/04\/maison-Jean-Prouve-abbe-Pierre-jours-meilleurs-640x426.jpg 640w, https:\/\/www.cocondedecoration.com\/blog\/wp-content\/uploads\/2024\/04\/maison-Jean-Prouve-abbe-Pierre-jours-meilleurs-465x309.jpg 465w, https:\/\/www.cocondedecoration.com\/blog\/wp-content\/uploads\/2024\/04\/maison-Jean-Prouve-abbe-Pierre-jours-meilleurs-695x462.jpg 695w\" sizes=\"(max-width: 732px) 100vw, 732px\" \/><\/a><figcaption class=\"wp-element-caption\">yourse.co<\/figcaption><\/figure><\/div>","protected":false},"excerpt":{"rendered":"<p>Qui est Jean Prouv\u00e9? Quelles sont ses principales r\u00e9alisations? son parcours? Apprenez-en plus sur l\u00e9 c\u00e9l\u00e8bre architecte et designer fran\u00e7ais.<span class=\"more-link\"><a href=\"https:\/\/www.cocondedecoration.com\/blog\/2024\/04\/architecture-design-jean-prouve\/\">Lire la suite<\/a><\/span><\/p>\n","protected":false},"author":1,"featured_media":73609,"comment_status":"open","ping_status":"open","sticky":false,"template":"","format":"standard","meta":{"om_disable_all_campaigns":false,"_monsterinsights_skip_tracking":false,"_monsterinsights_sitenote_active":false,"_monsterinsights_sitenote_note":"","_monsterinsights_sitenote_category":0,"_uf_show_specific_survey":0,"_uf_disable_surveys":false,"footnotes":""},"categories":[36384],"tags":[59533,59534,59530,59522,12282,9565,17322,59561,39275,59562,59523,59558,59554,59555,59557,59549,59546,59527,59526,59539,59543,59541,59548,59547,59545,59529,59525,59544,59542,59550,59560,59531,59559,59532,59524,59528,59553,59540,59535,59556,59521,59551,59537,59536,59538,59552],"aioseo_notices":[],"_links":{"self":[{"href":"https:\/\/www.cocondedecoration.com\/blog\/wp-json\/wp\/v2\/posts\/73587"}],"collection":[{"href":"https:\/\/www.cocondedecoration.com\/blog\/wp-json\/wp\/v2\/posts"}],"about":[{"href":"https:\/\/www.cocondedecoration.com\/blog\/wp-json\/wp\/v2\/types\/post"}],"author":[{"embeddable":true,"href":"https:\/\/www.cocondedecoration.com\/blog\/wp-json\/wp\/v2\/users\/1"}],"replies":[{"embeddable":true,"href":"https:\/\/www.cocondedecoration.com\/blog\/wp-json\/wp\/v2\/comments?post=73587"}],"version-history":[{"count":10,"href":"https:\/\/www.cocondedecoration.com\/blog\/wp-json\/wp\/v2\/posts\/73587\/revisions"}],"predecessor-version":[{"id":73614,"href":"https:\/\/www.cocondedecoration.com\/blog\/wp-json\/wp\/v2\/posts\/73587\/revisions\/73614"}],"wp:featuredmedia":[{"embeddable":true,"href":"https:\/\/www.cocondedecoration.com\/blog\/wp-json\/wp\/v2\/media\/73609"}],"wp:attachment":[{"href":"https:\/\/www.cocondedecoration.com\/blog\/wp-json\/wp\/v2\/media?parent=73587"}],"wp:term":[{"taxonomy":"category","embeddable":true,"href":"https:\/\/www.cocondedecoration.com\/blog\/wp-json\/wp\/v2\/categories?post=73587"},{"taxonomy":"post_tag","embeddable":true,"href":"https:\/\/www.cocondedecoration.com\/blog\/wp-json\/wp\/v2\/tags?post=73587"}],"curies":[{"name":"wp","href":"https:\/\/api.w.org\/{rel}","templated":true}]}}