{"id":72778,"date":"2024-03-13T08:30:36","date_gmt":"2024-03-13T06:30:36","guid":{"rendered":"https:\/\/www.cocondedecoration.com\/blog\/?p=72778"},"modified":"2024-03-13T08:44:28","modified_gmt":"2024-03-13T06:44:28","slug":"design-annees-70-80","status":"publish","type":"post","link":"https:\/\/www.cocondedecoration.com\/blog\/2024\/03\/design-annees-70-80\/","title":{"rendered":"5 meubles design des ann\u00e9es 70\/80 \u00e0 conna\u00eetre | design &#038; histoire"},"content":{"rendered":"\n<p>Je fais une petite pause dans les mouvements design et \/ ou architecturaux pour m'int\u00e9resser au mobilier. Vous n'avez pas pu passer \u00e0 c\u00f4t\u00e9 du come back des ann\u00e9es 70 et 80 ces derniers temps. Motifs, couleurs, mat\u00e9riaux... je prends beaucoup de plaisir \u00e0 voir cette \u00e9poque revivre dans nos int\u00e9rieurs (ou du moins en inspirations). Cette fois, je vous propose de regarder de plus pr\u00e8s 5 meubles iconiques imagin\u00e9s et con\u00e7us il y a un peu moins d'un demi si\u00e8cle. <\/p>\n\n\n\n<!--more-->\n\n\n\n<div class=\"wp-block-image\"><figure class=\"aligncenter\"><a href=\"https:\/\/www.patreon.com\/cocondedeco\" target=\"_blank\" rel=\"noreferrer noopener\"><img loading=\"lazy\" decoding=\"async\" width=\"728\" height=\"90\" src=\"http:\/\/www.cocondedecoration.com\/blog\/wp-content\/uploads\/2021\/01\/banniere-patreon.png\" alt=\"\" class=\"wp-image-33877\" srcset=\"https:\/\/www.cocondedecoration.com\/blog\/wp-content\/uploads\/2021\/01\/banniere-patreon.png 728w, https:\/\/www.cocondedecoration.com\/blog\/wp-content\/uploads\/2021\/01\/banniere-patreon-260x32.png 260w, https:\/\/www.cocondedecoration.com\/blog\/wp-content\/uploads\/2021\/01\/banniere-patreon-640x79.png 640w, https:\/\/www.cocondedecoration.com\/blog\/wp-content\/uploads\/2021\/01\/banniere-patreon-465x57.png 465w, https:\/\/www.cocondedecoration.com\/blog\/wp-content\/uploads\/2021\/01\/banniere-patreon-695x86.png 695w\" sizes=\"(max-width: 728px) 100vw, 728px\" \/><\/a><\/figure><\/div>\n\n\n\n<p style=\"text-align:center\" class=\"has-background has-small-font-size has-very-light-gray-background-color\">Avant de poursuivre cet article, j'aimerai vous parler quelques instants de Patreon. C'est une plateforme en plus du blog sur laquelle vous pouvez devenir m\u00e9c\u00e8ne du blog. <br><strong>Pourquoi soutenir le blog?<\/strong> <br>Parce que c'est un travail consid\u00e9rable et m\u00eame si je le fais avec passion c'est aussi un travail pr\u00e9caire (<a rel=\"noreferrer noopener\" href=\"https:\/\/www.patreon.com\/posts\/en-quoi-consiste-86917611\" target=\"_blank\">je vous explique tout cela en d\u00e9tail dans ce post<\/a>). Si vous aimez l'article que vous \u00eates en train de lire, si vous me suivez sur les r\u00e9seaux sociaux ou encore si vous lisez r\u00e9guli\u00e8rement le blog, je vous serai reconnaissante de soutenir le blog via Patreon. Par ailleurs, en vous abonnant sur la plateforme vous acc\u00e9derez \u00e0 des contenus exclusifs pour vous remercier de votre soutien. C'est sans engagement et chaque contribution fera la diff\u00e9rence. Merci par avance de votre aide! <br><a rel=\"noreferrer noopener\" href=\"https:\/\/www.patreon.com\/cocondedeco\" target=\"_blank\"><strong>En savoir plus &amp; acc\u00e9der \u00e0 Patreon<\/strong><\/a><\/p>\n\n\n\n<div class=\"wp-block-columns is-layout-flex wp-container-core-columns-layout-1 wp-block-columns-is-layout-flex\">\n<div class=\"wp-block-column is-layout-flow wp-block-column-is-layout-flow\">\n<div style=\"height:100px\" aria-hidden=\"true\" class=\"wp-block-spacer\"><\/div>\n\n\n\n<h2 class=\"wp-block-heading\">01 \u2022 Le canap\u00e9-lit Amfibio de Alessandro Becchi pour Giovannetti - 1971<\/h2>\n\n\n\n<p>La modularit\u00e9 a inspir\u00e9 un grand nombre de designers et c'est le cas pour Alessandro Bechi qui a cr\u00e9\u00e9 un <a href=\"https:\/\/www.cocondedecoration.com\/blog\/2021\/01\/ou-trouver-canape-convertible-petit-prix\/\" target=\"_blank\" rel=\"noopener\" title=\"\">canap\u00e9-lit<\/a> aux formes douces et enveloppantes. C'est une structure basse qui se plie et de d\u00e9plie \u00e0 l'image d'un futon. Quand le canap\u00e9 est transform\u00e9 en lit, il peut nous faire penser \u00e0 un ring de boxe ou encore \u00e0 une piscine gonflable pour enfant avec des boudins qui encadrent le matelas. Ce canap\u00e9-lit dans les ann\u00e9es 70 et encore aujourd'hui est un symbole du savoir-faire italien. Ce canap\u00e9 a re\u00e7u le prix Compasso D'Oro par l'Association pour le design industriel.<\/p>\n\n\n\n<p>O\u00f9 acheter le canap\u00e9-lit Amfibio? Chez <a href=\"https:\/\/www.1stdibs.com\/fr\/creators\/alessandro-becchi\/furniture\/\" target=\"_blank\" rel=\"noopener\" title=\"\">1stdibs<\/a>, vous trouverez une large s\u00e9lection de couleurs et de rev\u00eatements; Vous le trouverez aussi sur les sites <a href=\"https:\/\/designitaly.com\/fr\/products\/leather-sofa-anfibio-alessandro-becchi-giovannetti\" target=\"_blank\" rel=\"noopener\" title=\"\">Design Italy<\/a> ou encore <a href=\"https:\/\/www.pamono.eu\/anfibio-sofa-by-alessandro-becchi-for-giovannetti-collezioni\" target=\"_blank\" rel=\"noopener\" title=\"\">Pamono<\/a>. Selon les mod\u00e8les, les prix sont dans une fourchette de 9500 \u00e0 15000\u20ac. <\/p>\n\n\n\n<blockquote class=\"wp-block-quote\">\n<p><strong>Pour en savoir plus: <br><\/strong>GQ Styles - <a href=\"https:\/\/www.gq.com\/story\/guide-to-ugly-furniture\" target=\"_blank\" rel=\"noopener\" title=\"\">God Loves Ugly Furniture<\/a> <br>Design Best - <a href=\"https:\/\/www.designbestmagazine.com\/it\/best-products\/divano-letto-anfibio-un-cult-del-design-anni-70\/\" target=\"_blank\" rel=\"noopener\" title=\"\">Divano letto Anfibio: un cult del design anni \u201870<\/a> <\/p>\n<\/blockquote>\n<\/div>\n\n\n\n<div class=\"wp-block-column is-layout-flow wp-block-column-is-layout-flow\">\n<figure class=\"wp-block-image size-large\"><a href=\"https:\/\/www.cocondedecoration.com\/blog\/wp-content\/uploads\/2024\/03\/design-culte-annees-70-canape-italien-1.jpeg\"><img loading=\"lazy\" decoding=\"async\" width=\"640\" height=\"960\" src=\"https:\/\/www.cocondedecoration.com\/blog\/wp-content\/uploads\/2024\/03\/design-culte-annees-70-canape-italien-1-640x960.jpeg\" alt=\"design culte annees 70 canape italien canap\u00e9-lit Amfibio 1971 cuir Alessandro Bechi \" class=\"wp-image-72779\" title=\"design culte annees 70 canape italien canap\u00e9-lit Amfibio 1971 cuir Alessandro Bechi \" srcset=\"https:\/\/www.cocondedecoration.com\/blog\/wp-content\/uploads\/2024\/03\/design-culte-annees-70-canape-italien-1-640x960.jpeg 640w, https:\/\/www.cocondedecoration.com\/blog\/wp-content\/uploads\/2024\/03\/design-culte-annees-70-canape-italien-1-260x390.jpeg 260w, https:\/\/www.cocondedecoration.com\/blog\/wp-content\/uploads\/2024\/03\/design-culte-annees-70-canape-italien-1-768x1152.jpeg 768w, https:\/\/www.cocondedecoration.com\/blog\/wp-content\/uploads\/2024\/03\/design-culte-annees-70-canape-italien-1-367x550.jpeg 367w, https:\/\/www.cocondedecoration.com\/blog\/wp-content\/uploads\/2024\/03\/design-culte-annees-70-canape-italien-1-333x500.jpeg 333w, https:\/\/www.cocondedecoration.com\/blog\/wp-content\/uploads\/2024\/03\/design-culte-annees-70-canape-italien-1.jpeg 1000w\" sizes=\"(max-width: 640px) 100vw, 640px\" \/><\/a><figcaption class=\"wp-element-caption\">pamono.eu<\/figcaption><\/figure>\n<\/div>\n<\/div>\n\n\n\n<figure class=\"wp-block-gallery has-nested-images columns-default is-cropped wp-block-gallery-1 is-layout-flex wp-block-gallery-is-layout-flex\">\n<figure class=\"wp-block-image size-large\"><a href=\"https:\/\/www.cocondedecoration.com\/blog\/wp-content\/uploads\/2024\/03\/design-culte-annees-70-canape-italien-2.jpeg\"><img loading=\"lazy\" decoding=\"async\" width=\"640\" height=\"960\" data-id=\"72781\" src=\"https:\/\/www.cocondedecoration.com\/blog\/wp-content\/uploads\/2024\/03\/design-culte-annees-70-canape-italien-2-640x960.jpeg\" alt=\"design culte annees 70 canape italien canap\u00e9-lit en cuir modulaire Alessandro Bechi mod\u00e8le Amfibio 1971 \" class=\"wp-image-72781\" title=\"design culte annees 70 canape italien canap\u00e9-lit en cuir modulaire Alessandro Bechi mod\u00e8le Amfibio 1971 \" srcset=\"https:\/\/www.cocondedecoration.com\/blog\/wp-content\/uploads\/2024\/03\/design-culte-annees-70-canape-italien-2-640x960.jpeg 640w, https:\/\/www.cocondedecoration.com\/blog\/wp-content\/uploads\/2024\/03\/design-culte-annees-70-canape-italien-2-260x390.jpeg 260w, https:\/\/www.cocondedecoration.com\/blog\/wp-content\/uploads\/2024\/03\/design-culte-annees-70-canape-italien-2-768x1152.jpeg 768w, https:\/\/www.cocondedecoration.com\/blog\/wp-content\/uploads\/2024\/03\/design-culte-annees-70-canape-italien-2-367x550.jpeg 367w, https:\/\/www.cocondedecoration.com\/blog\/wp-content\/uploads\/2024\/03\/design-culte-annees-70-canape-italien-2-333x500.jpeg 333w, https:\/\/www.cocondedecoration.com\/blog\/wp-content\/uploads\/2024\/03\/design-culte-annees-70-canape-italien-2.jpeg 1000w\" sizes=\"(max-width: 640px) 100vw, 640px\" \/><\/a><figcaption class=\"wp-element-caption\">designbestmagazine.com<\/figcaption><\/figure>\n\n\n\n<figure class=\"wp-block-image size-large\"><a href=\"https:\/\/www.cocondedecoration.com\/blog\/wp-content\/uploads\/2024\/03\/design-culte-annees-70-canape-italien-3.jpeg\"><img loading=\"lazy\" decoding=\"async\" width=\"640\" height=\"960\" data-id=\"72782\" src=\"https:\/\/www.cocondedecoration.com\/blog\/wp-content\/uploads\/2024\/03\/design-culte-annees-70-canape-italien-3-640x960.jpeg\" alt=\"design culte annees 70 canape italien canap\u00e9-lit Amfibio et fauteuil en cuir meuble iconique pratique \" class=\"wp-image-72782\" title=\"design culte annees 70 canape italien canap\u00e9-lit Amfibio et fauteuil en cuir meuble iconique pratique \" srcset=\"https:\/\/www.cocondedecoration.com\/blog\/wp-content\/uploads\/2024\/03\/design-culte-annees-70-canape-italien-3-640x960.jpeg 640w, https:\/\/www.cocondedecoration.com\/blog\/wp-content\/uploads\/2024\/03\/design-culte-annees-70-canape-italien-3-260x390.jpeg 260w, https:\/\/www.cocondedecoration.com\/blog\/wp-content\/uploads\/2024\/03\/design-culte-annees-70-canape-italien-3-768x1152.jpeg 768w, https:\/\/www.cocondedecoration.com\/blog\/wp-content\/uploads\/2024\/03\/design-culte-annees-70-canape-italien-3-367x550.jpeg 367w, https:\/\/www.cocondedecoration.com\/blog\/wp-content\/uploads\/2024\/03\/design-culte-annees-70-canape-italien-3-333x500.jpeg 333w, https:\/\/www.cocondedecoration.com\/blog\/wp-content\/uploads\/2024\/03\/design-culte-annees-70-canape-italien-3.jpeg 1000w\" sizes=\"(max-width: 640px) 100vw, 640px\" \/><\/a><figcaption class=\"wp-element-caption\">secondagiovinezza.com<\/figcaption><\/figure>\n\n\n\n<figure class=\"wp-block-image size-large\"><a href=\"https:\/\/www.cocondedecoration.com\/blog\/wp-content\/uploads\/2024\/03\/design-culte-annees-70-canape-italien-4.jpeg\"><img loading=\"lazy\" decoding=\"async\" width=\"640\" height=\"960\" data-id=\"72780\" src=\"https:\/\/www.cocondedecoration.com\/blog\/wp-content\/uploads\/2024\/03\/design-culte-annees-70-canape-italien-4-640x960.jpeg\" alt=\"design culte annees 70 canape italien canap\u00e9-lit Amfibio Alessandro Becchi pour Giovannetti\" class=\"wp-image-72780\" title=\"design culte annees 70 canape italien canap\u00e9-lit Amfibio Alessandro Becchi pour Giovannetti\" srcset=\"https:\/\/www.cocondedecoration.com\/blog\/wp-content\/uploads\/2024\/03\/design-culte-annees-70-canape-italien-4-640x960.jpeg 640w, https:\/\/www.cocondedecoration.com\/blog\/wp-content\/uploads\/2024\/03\/design-culte-annees-70-canape-italien-4-260x390.jpeg 260w, https:\/\/www.cocondedecoration.com\/blog\/wp-content\/uploads\/2024\/03\/design-culte-annees-70-canape-italien-4-768x1152.jpeg 768w, https:\/\/www.cocondedecoration.com\/blog\/wp-content\/uploads\/2024\/03\/design-culte-annees-70-canape-italien-4-367x550.jpeg 367w, https:\/\/www.cocondedecoration.com\/blog\/wp-content\/uploads\/2024\/03\/design-culte-annees-70-canape-italien-4-333x500.jpeg 333w, https:\/\/www.cocondedecoration.com\/blog\/wp-content\/uploads\/2024\/03\/design-culte-annees-70-canape-italien-4.jpeg 1000w\" sizes=\"(max-width: 640px) 100vw, 640px\" \/><\/a><figcaption class=\"wp-element-caption\">instagram.com<\/figcaption><\/figure>\n<\/figure>\n\n\n\n<div class=\"wp-block-columns is-layout-flex wp-container-core-columns-layout-2 wp-block-columns-is-layout-flex\">\n<div class=\"wp-block-column is-layout-flow wp-block-column-is-layout-flow\">\n<div style=\"height:100px\" aria-hidden=\"true\" class=\"wp-block-spacer\"><\/div>\n\n\n\n<h2 class=\"wp-block-heading\">02 \u2022 Armchair GHOST de Cini Boeri pour FIAM - 1987<\/h2>\n\n\n\n<p>On reste en Italie mais on change de d\u00e9cennie puisqu'on passe en 1987 avec un fauteuil aux formes organiques con\u00e7u par la designer Cini Boeri (qui aurait pu avoir sa place dans mon article <a href=\"https:\/\/www.cocondedecoration.com\/blog\/2023\/10\/objet-design-culte-femme\/\" target=\"_blank\" rel=\"noopener\" title=\"\">10 objets design cultes cr\u00e9\u00e9s par des femmes<\/a>). En plus de sa forme tr\u00e8s futuriste, ce fauteuil a d'autres particularit\u00e9s: il est monolithique et surtout il est int\u00e9gralement con\u00e7u en verre. Un projet innovant qui repr\u00e9sente la d\u00e9marche cr\u00e9ative en Italie \u00e0 cette \u00e9poque qui \u00e9tait de cr\u00e9er du mobilier audacieux en tirant pleinement partie du savoir-faire industriel. <\/p>\n\n\n\n<blockquote class=\"wp-block-quote is-style-plain\">\n<p>\"Je n\u2019aurais jamais pens\u00e9 r\u00e9aliser un jour un fauteuil en verre\u2026 Ma m\u00e9fiance initiale \u00e0 l\u2019\u00e9gard d\u2019une id\u00e9e qui semblait irr\u00e9elle a \u00e9t\u00e9 surmont\u00e9e par le d\u00e9sir \/ le d\u00e9fi de voir s\u2019il \u00e9tait possible de la concr\u00e9tiser et si Fiam serait \u00e0 la hauteur de la r\u00e9aliser.\"<\/p>\n<cite><em>Cini Boeri<\/em><\/cite><\/blockquote>\n\n\n\n<p>O\u00f9 trouver le fauteuil Ghost? Sur le site <a href=\"https:\/\/designitaly.com\/products\/armchair-ghost-cini-boeri-for-fiam\" target=\"_blank\" rel=\"noopener\" title=\"\">Design Italy<\/a> \u00e0 partir de 5079\u20ac.<\/p>\n\n\n\n<blockquote class=\"wp-block-quote\">\n<p><strong>Pour en savoir plus: <br><\/strong>Le site de FIAM Italia - la <a href=\"https:\/\/www.fiamitalia.it\/fr\/designer\/cini-boeri\/\" target=\"_blank\" rel=\"noopener\" title=\"\">fiche biographique de Cini Boeri<\/a> + <a href=\"https:\/\/www.fiamitalia.it\/fr\/canapes\/ghost\/\" target=\"_blank\" rel=\"noopener\" title=\"\">la fiche du fauteuil Ghost<\/a> <\/p>\n<\/blockquote>\n<\/div>\n\n\n\n<div class=\"wp-block-column is-layout-flow wp-block-column-is-layout-flow\">\n<figure class=\"wp-block-image size-large\"><a href=\"https:\/\/www.cocondedecoration.com\/blog\/wp-content\/uploads\/2024\/03\/fauteuil-culte-design-verre-annees-80-3.jpeg\"><img loading=\"lazy\" decoding=\"async\" width=\"640\" height=\"960\" src=\"https:\/\/www.cocondedecoration.com\/blog\/wp-content\/uploads\/2024\/03\/fauteuil-culte-design-verre-annees-80-3-640x960.jpeg\" alt=\"fauteuil culte design verre annees 80 Ghost armchair Fiam courbes et monolithique designer Cini Boeri \" class=\"wp-image-72783\" title=\"fauteuil culte design verre annees 80 Ghost armchair Fiam courbes et monolithique designer Cini Boeri \" srcset=\"https:\/\/www.cocondedecoration.com\/blog\/wp-content\/uploads\/2024\/03\/fauteuil-culte-design-verre-annees-80-3-640x960.jpeg 640w, https:\/\/www.cocondedecoration.com\/blog\/wp-content\/uploads\/2024\/03\/fauteuil-culte-design-verre-annees-80-3-260x390.jpeg 260w, https:\/\/www.cocondedecoration.com\/blog\/wp-content\/uploads\/2024\/03\/fauteuil-culte-design-verre-annees-80-3-768x1152.jpeg 768w, https:\/\/www.cocondedecoration.com\/blog\/wp-content\/uploads\/2024\/03\/fauteuil-culte-design-verre-annees-80-3-367x550.jpeg 367w, https:\/\/www.cocondedecoration.com\/blog\/wp-content\/uploads\/2024\/03\/fauteuil-culte-design-verre-annees-80-3-333x500.jpeg 333w, https:\/\/www.cocondedecoration.com\/blog\/wp-content\/uploads\/2024\/03\/fauteuil-culte-design-verre-annees-80-3.jpeg 1000w\" sizes=\"(max-width: 640px) 100vw, 640px\" \/><\/a><figcaption class=\"wp-element-caption\">metalocus.es<\/figcaption><\/figure>\n<\/div>\n<\/div>\n\n\n\n<figure class=\"wp-block-gallery has-nested-images columns-default is-cropped wp-block-gallery-2 is-layout-flex wp-block-gallery-is-layout-flex\">\n<figure class=\"wp-block-image size-large\"><a href=\"https:\/\/www.cocondedecoration.com\/blog\/wp-content\/uploads\/2024\/03\/fauteuil-culte-design-verre-annees-80-1.jpeg\"><img loading=\"lazy\" decoding=\"async\" width=\"640\" height=\"960\" data-id=\"72784\" src=\"https:\/\/www.cocondedecoration.com\/blog\/wp-content\/uploads\/2024\/03\/fauteuil-culte-design-verre-annees-80-1-640x960.jpeg\" alt=\"fauteuil culte design verre annees 80 Ghost armchair Cini Boeri classique iconique \u00e0 connaitre\" class=\"wp-image-72784\" title=\"fauteuil culte design verre annees 80 Ghost armchair Cini Boeri classique iconique \u00e0 connaitre\" srcset=\"https:\/\/www.cocondedecoration.com\/blog\/wp-content\/uploads\/2024\/03\/fauteuil-culte-design-verre-annees-80-1-640x960.jpeg 640w, https:\/\/www.cocondedecoration.com\/blog\/wp-content\/uploads\/2024\/03\/fauteuil-culte-design-verre-annees-80-1-260x390.jpeg 260w, https:\/\/www.cocondedecoration.com\/blog\/wp-content\/uploads\/2024\/03\/fauteuil-culte-design-verre-annees-80-1-768x1152.jpeg 768w, https:\/\/www.cocondedecoration.com\/blog\/wp-content\/uploads\/2024\/03\/fauteuil-culte-design-verre-annees-80-1-367x550.jpeg 367w, https:\/\/www.cocondedecoration.com\/blog\/wp-content\/uploads\/2024\/03\/fauteuil-culte-design-verre-annees-80-1-333x500.jpeg 333w, https:\/\/www.cocondedecoration.com\/blog\/wp-content\/uploads\/2024\/03\/fauteuil-culte-design-verre-annees-80-1.jpeg 1000w\" sizes=\"(max-width: 640px) 100vw, 640px\" \/><\/a><figcaption class=\"wp-element-caption\">designitaly.com<\/figcaption><\/figure>\n\n\n\n<figure class=\"wp-block-image size-large\"><a href=\"https:\/\/www.cocondedecoration.com\/blog\/wp-content\/uploads\/2024\/03\/fauteuil-culte-design-verre-annees-80-2.jpeg\"><img loading=\"lazy\" decoding=\"async\" width=\"640\" height=\"960\" data-id=\"72786\" src=\"https:\/\/www.cocondedecoration.com\/blog\/wp-content\/uploads\/2024\/03\/fauteuil-culte-design-verre-annees-80-2-640x960.jpeg\" alt=\"fauteuil culte design verre annees 80 Cini Boeri Ghost armchair en verre forme organique \" class=\"wp-image-72786\" title=\"fauteuil culte design verre annees 80 Cini Boeri Ghost armchair en verre forme organique \" srcset=\"https:\/\/www.cocondedecoration.com\/blog\/wp-content\/uploads\/2024\/03\/fauteuil-culte-design-verre-annees-80-2-640x960.jpeg 640w, https:\/\/www.cocondedecoration.com\/blog\/wp-content\/uploads\/2024\/03\/fauteuil-culte-design-verre-annees-80-2-260x390.jpeg 260w, https:\/\/www.cocondedecoration.com\/blog\/wp-content\/uploads\/2024\/03\/fauteuil-culte-design-verre-annees-80-2-768x1152.jpeg 768w, https:\/\/www.cocondedecoration.com\/blog\/wp-content\/uploads\/2024\/03\/fauteuil-culte-design-verre-annees-80-2-367x550.jpeg 367w, https:\/\/www.cocondedecoration.com\/blog\/wp-content\/uploads\/2024\/03\/fauteuil-culte-design-verre-annees-80-2-333x500.jpeg 333w, https:\/\/www.cocondedecoration.com\/blog\/wp-content\/uploads\/2024\/03\/fauteuil-culte-design-verre-annees-80-2.jpeg 1000w\" sizes=\"(max-width: 640px) 100vw, 640px\" \/><\/a><figcaption class=\"wp-element-caption\">fiamitalia.it<\/figcaption><\/figure>\n\n\n\n<figure class=\"wp-block-image size-large\"><a href=\"https:\/\/www.cocondedecoration.com\/blog\/wp-content\/uploads\/2024\/03\/fauteuil-culte-design-verre-annees-80-4.jpeg\"><img loading=\"lazy\" decoding=\"async\" width=\"640\" height=\"960\" data-id=\"72785\" src=\"https:\/\/www.cocondedecoration.com\/blog\/wp-content\/uploads\/2024\/03\/fauteuil-culte-design-verre-annees-80-4-640x960.jpeg\" alt=\"fauteuil culte design verre annees 80 Cini Boeri Ghost armchair transparence et \u00e9l\u00e9gance\" class=\"wp-image-72785\" title=\"fauteuil culte design verre annees 80 Cini Boeri Ghost armchair transparence et \u00e9l\u00e9gance\" srcset=\"https:\/\/www.cocondedecoration.com\/blog\/wp-content\/uploads\/2024\/03\/fauteuil-culte-design-verre-annees-80-4-640x960.jpeg 640w, https:\/\/www.cocondedecoration.com\/blog\/wp-content\/uploads\/2024\/03\/fauteuil-culte-design-verre-annees-80-4-260x390.jpeg 260w, https:\/\/www.cocondedecoration.com\/blog\/wp-content\/uploads\/2024\/03\/fauteuil-culte-design-verre-annees-80-4-768x1152.jpeg 768w, https:\/\/www.cocondedecoration.com\/blog\/wp-content\/uploads\/2024\/03\/fauteuil-culte-design-verre-annees-80-4-367x550.jpeg 367w, https:\/\/www.cocondedecoration.com\/blog\/wp-content\/uploads\/2024\/03\/fauteuil-culte-design-verre-annees-80-4-333x500.jpeg 333w, https:\/\/www.cocondedecoration.com\/blog\/wp-content\/uploads\/2024\/03\/fauteuil-culte-design-verre-annees-80-4.jpeg 1000w\" sizes=\"(max-width: 640px) 100vw, 640px\" \/><\/a><figcaption class=\"wp-element-caption\">shop.mohd.it<\/figcaption><\/figure>\n<\/figure>\n\n\n\n<div class=\"wp-block-columns is-layout-flex wp-container-core-columns-layout-3 wp-block-columns-is-layout-flex\">\n<div class=\"wp-block-column is-layout-flow wp-block-column-is-layout-flow\">\n<div style=\"height:100px\" aria-hidden=\"true\" class=\"wp-block-spacer\"><\/div>\n\n\n\n<h2 class=\"wp-block-heading\">03 \u2022 Rangement Boby - B-line de Joe Colombo - 1970 <\/h2>\n\n\n\n<p>Il n'y a pas que des fauteuils et des canap\u00e9s dans les ann\u00e9es 70\/80 quand il est question de design - m\u00eame si j'avoue que dans cet article j'ai eu du mal \u00e0 varier les plaisirs. L'exception ici est une desserte sur roues con\u00e7ue par le designer Joe Colombo en 1970. Au d\u00e9part, ce module de rangement est destin\u00e9 au bureau pour ranger le mat\u00e9riel et les fournitures. Il est peu encombrant et offre une grande capacit\u00e9 de stockage. Il est tellement pratique qu'au final il peut trouver sa place partout \u00e0 la maison! Etant compos\u00e9 de plastique (ABS moul\u00e9 par injection), il se  nettoie tr\u00e8s facilement et se pare de nombreuses couleurs. <\/p>\n\n\n\n<p>O\u00f9. acheter le rangement Boby - B-line? Sur le site <a href=\"https:\/\/www.connox.fr\/categories\/meubles\/chariots-containers-roulettes\/b-line-joe-colombo-s-trolley-klein.html\" target=\"_blank\" rel=\"noopener\" title=\"\">Connox<\/a> \u00e0 partir de 399\u20ac. <\/p>\n\n\n\n<blockquote class=\"wp-block-quote\">\n<p><strong>Pour en savoir plus: <br><\/strong>Oluce - <a href=\"https:\/\/www.oluce.com\/en\/designer\/joe-colombo\/\" target=\"_blank\" rel=\"noopener\" title=\"\">Joe Colombo<\/a> <br>B-line - <a href=\"https:\/\/www.b-line.it\/prodotti\/boby\/\" target=\"_blank\" rel=\"noopener\" title=\"\">Boby<\/a> <br>Marie Claire Maison - <a href=\"https:\/\/www.marieclaire.fr\/maison\/l-histoire-des-plus-celebres-objets-du-design,200150,1157503.asp\" target=\"_blank\" rel=\"noopener\" title=\"\">L\u2019histoire des plus c\u00e9l\u00e8bres meubles du design<\/a> <\/p>\n<\/blockquote>\n<\/div>\n\n\n\n<div class=\"wp-block-column is-layout-flow wp-block-column-is-layout-flow\">\n<figure class=\"wp-block-image size-large\"><a href=\"https:\/\/www.cocondedecoration.com\/blog\/wp-content\/uploads\/2024\/03\/rangement-appoint-design-annees-70-1.jpeg\"><img loading=\"lazy\" decoding=\"async\" width=\"640\" height=\"960\" src=\"https:\/\/www.cocondedecoration.com\/blog\/wp-content\/uploads\/2024\/03\/rangement-appoint-design-annees-70-1-640x960.jpeg\" alt=\"rangement appoint design annees 70 desserte bureau fonctionnel et pratique couleur plastique Joe Colombo\" class=\"wp-image-72789\" title=\"rangement appoint design annees 70 desserte bureau fonctionnel et pratique couleur plastique Joe Colombo\" srcset=\"https:\/\/www.cocondedecoration.com\/blog\/wp-content\/uploads\/2024\/03\/rangement-appoint-design-annees-70-1-640x960.jpeg 640w, https:\/\/www.cocondedecoration.com\/blog\/wp-content\/uploads\/2024\/03\/rangement-appoint-design-annees-70-1-260x390.jpeg 260w, https:\/\/www.cocondedecoration.com\/blog\/wp-content\/uploads\/2024\/03\/rangement-appoint-design-annees-70-1-768x1152.jpeg 768w, https:\/\/www.cocondedecoration.com\/blog\/wp-content\/uploads\/2024\/03\/rangement-appoint-design-annees-70-1-367x550.jpeg 367w, https:\/\/www.cocondedecoration.com\/blog\/wp-content\/uploads\/2024\/03\/rangement-appoint-design-annees-70-1-333x500.jpeg 333w, https:\/\/www.cocondedecoration.com\/blog\/wp-content\/uploads\/2024\/03\/rangement-appoint-design-annees-70-1.jpeg 1000w\" sizes=\"(max-width: 640px) 100vw, 640px\" \/><\/a><figcaption class=\"wp-element-caption\">connox.fr<\/figcaption><\/figure>\n<\/div>\n<\/div>\n\n\n\n<figure class=\"wp-block-gallery has-nested-images columns-default is-cropped wp-block-gallery-3 is-layout-flex wp-block-gallery-is-layout-flex\">\n<figure class=\"wp-block-image size-large\"><a href=\"https:\/\/www.cocondedecoration.com\/blog\/wp-content\/uploads\/2024\/03\/rangement-appoint-design-annees-70-2.jpeg\"><img loading=\"lazy\" decoding=\"async\" width=\"640\" height=\"960\" data-id=\"72790\" src=\"https:\/\/www.cocondedecoration.com\/blog\/wp-content\/uploads\/2024\/03\/rangement-appoint-design-annees-70-2-640x960.jpeg\" alt=\"rangement appoint design annees 70 desserte avec tiroir en plastique jaune pratique fonctionnel\" class=\"wp-image-72790\" title=\"rangement appoint design annees 70 desserte avec tiroir en plastique jaune pratique fonctionnel\" srcset=\"https:\/\/www.cocondedecoration.com\/blog\/wp-content\/uploads\/2024\/03\/rangement-appoint-design-annees-70-2-640x960.jpeg 640w, https:\/\/www.cocondedecoration.com\/blog\/wp-content\/uploads\/2024\/03\/rangement-appoint-design-annees-70-2-260x390.jpeg 260w, https:\/\/www.cocondedecoration.com\/blog\/wp-content\/uploads\/2024\/03\/rangement-appoint-design-annees-70-2-768x1152.jpeg 768w, https:\/\/www.cocondedecoration.com\/blog\/wp-content\/uploads\/2024\/03\/rangement-appoint-design-annees-70-2-367x550.jpeg 367w, https:\/\/www.cocondedecoration.com\/blog\/wp-content\/uploads\/2024\/03\/rangement-appoint-design-annees-70-2-333x500.jpeg 333w, https:\/\/www.cocondedecoration.com\/blog\/wp-content\/uploads\/2024\/03\/rangement-appoint-design-annees-70-2.jpeg 1000w\" sizes=\"(max-width: 640px) 100vw, 640px\" \/><\/a><figcaption class=\"wp-element-caption\">b-line.it<\/figcaption><\/figure>\n\n\n\n<figure class=\"wp-block-image size-large\"><a href=\"https:\/\/www.cocondedecoration.com\/blog\/wp-content\/uploads\/2024\/03\/rangement-appoint-design-annees-70-3.jpeg\"><img loading=\"lazy\" decoding=\"async\" width=\"640\" height=\"960\" data-id=\"72791\" src=\"https:\/\/www.cocondedecoration.com\/blog\/wp-content\/uploads\/2024\/03\/rangement-appoint-design-annees-70-3-640x960.jpeg\" alt=\"rangement appoint design annees 70 desserte avec tiroir en plastique rouge pratique fonctionnel\" class=\"wp-image-72791\" title=\"rangement appoint design annees 70 desserte avec tiroir en plastique rouge pratique fonctionnel\" srcset=\"https:\/\/www.cocondedecoration.com\/blog\/wp-content\/uploads\/2024\/03\/rangement-appoint-design-annees-70-3-640x960.jpeg 640w, https:\/\/www.cocondedecoration.com\/blog\/wp-content\/uploads\/2024\/03\/rangement-appoint-design-annees-70-3-260x390.jpeg 260w, https:\/\/www.cocondedecoration.com\/blog\/wp-content\/uploads\/2024\/03\/rangement-appoint-design-annees-70-3-768x1152.jpeg 768w, https:\/\/www.cocondedecoration.com\/blog\/wp-content\/uploads\/2024\/03\/rangement-appoint-design-annees-70-3-367x550.jpeg 367w, https:\/\/www.cocondedecoration.com\/blog\/wp-content\/uploads\/2024\/03\/rangement-appoint-design-annees-70-3-333x500.jpeg 333w, https:\/\/www.cocondedecoration.com\/blog\/wp-content\/uploads\/2024\/03\/rangement-appoint-design-annees-70-3.jpeg 1000w\" sizes=\"(max-width: 640px) 100vw, 640px\" \/><\/a><figcaption class=\"wp-element-caption\">Giorgio Lo Bosco via Pinterest<\/figcaption><\/figure>\n\n\n\n<figure class=\"wp-block-image size-large\"><a href=\"https:\/\/www.cocondedecoration.com\/blog\/wp-content\/uploads\/2024\/03\/rangement-appoint-design-annees-70-4.jpeg\"><img loading=\"lazy\" decoding=\"async\" width=\"640\" height=\"960\" data-id=\"72792\" src=\"https:\/\/www.cocondedecoration.com\/blog\/wp-content\/uploads\/2024\/03\/rangement-appoint-design-annees-70-4-640x960.jpeg\" alt=\"rangement appoint design annees 70 desserte avec tiroir en plastique rouge Joe Colombo meuble d'appoint\" class=\"wp-image-72792\" title=\"rangement appoint design annees 70 desserte avec tiroir en plastique rouge Joe Colombo meuble d'appoint\" srcset=\"https:\/\/www.cocondedecoration.com\/blog\/wp-content\/uploads\/2024\/03\/rangement-appoint-design-annees-70-4-640x960.jpeg 640w, https:\/\/www.cocondedecoration.com\/blog\/wp-content\/uploads\/2024\/03\/rangement-appoint-design-annees-70-4-260x390.jpeg 260w, https:\/\/www.cocondedecoration.com\/blog\/wp-content\/uploads\/2024\/03\/rangement-appoint-design-annees-70-4-768x1152.jpeg 768w, https:\/\/www.cocondedecoration.com\/blog\/wp-content\/uploads\/2024\/03\/rangement-appoint-design-annees-70-4-367x550.jpeg 367w, https:\/\/www.cocondedecoration.com\/blog\/wp-content\/uploads\/2024\/03\/rangement-appoint-design-annees-70-4-333x500.jpeg 333w, https:\/\/www.cocondedecoration.com\/blog\/wp-content\/uploads\/2024\/03\/rangement-appoint-design-annees-70-4.jpeg 1000w\" sizes=\"(max-width: 640px) 100vw, 640px\" \/><\/a><figcaption class=\"wp-element-caption\">b-line.it<\/figcaption><\/figure>\n<\/figure>\n\n\n\n<div class=\"wp-block-columns is-layout-flex wp-container-core-columns-layout-4 wp-block-columns-is-layout-flex\">\n<div class=\"wp-block-column is-layout-flow wp-block-column-is-layout-flow\">\n<div style=\"height:100px\" aria-hidden=\"true\" class=\"wp-block-spacer\"><\/div>\n\n\n\n<h2 class=\"wp-block-heading\">04 \u2022 Le canap\u00e9 Tramonto Sunset in New York de Gaetano Pesce pour Cassina - 1980<\/h2>\n\n\n\n<p>Initialement, ce canap\u00e9 design n'a \u00e9t\u00e9 produit qu'en 50 exemplaires, cependant, en 2022 Cassina a d\u00e9cid\u00e9 de r\u00e9-\u00e9diter le mod\u00e8le. Inspir\u00e9 du <a href=\"https:\/\/www.cocondedecoration.com\/blog\/2023\/04\/decoration-pop-art\/\" target=\"_blank\" rel=\"noopener\" title=\"\">Pop Art<\/a>, cet ensemble repr\u00e9sente la ville de New York. Un hommage mais pas que puisque le designer voulait aussi apporter \/ inciter une r\u00e9flexion lucide sur la ville. Le tissu tram\u00e9 est exclusif et repr\u00e9sente les vitres des gratte-ciels, le dossier est un soleil couchant en satin rouge vif. La forme g\u00e9n\u00e9rale du canap\u00e9 sch\u00e9matise l'architecture urbaine. <\/p>\n\n\n\n<p>O\u00f9 acheter le canap\u00e9 Sunset in New-York? Sur le site <a href=\"https:\/\/www.pamono.fr\/canape-modulable-sunset-in-new-york-par-gaetano-pesce-pour-cassina-1984-set-de-3\" target=\"_blank\" rel=\"noopener\" title=\"\">Pamono<\/a> pour 27000\u20ac.<\/p>\n\n\n\n<blockquote class=\"wp-block-quote\">\n<p><strong>Pour en savoir plus: <br><\/strong>Cassina - <a href=\"https:\/\/www.cassina.com\/fr\/fr\/products\/tramonto-a-new-york.html#356-tramonto-a-new-york_194660\" target=\"_blank\" rel=\"noopener\" title=\"\">TRAMONTO A NEW YORK<\/a> <br>Vitra Design Museum - <a href=\"https:\/\/collectiononline.design-museum.de\/#\/en\/object\/41413?_k=ac63gk\" target=\"_blank\" rel=\"noopener\" title=\"\">Tramonto a New York, 1980<\/a> <\/p>\n<\/blockquote>\n\n\n\n<p>A lire \u00e9galement: <a href=\"https:\/\/www.cocondedecoration.com\/blog\/2023\/06\/fauteuil-vintage-culte\/\" target=\"_blank\" rel=\"noopener\" title=\"\">5 fauteuils iconiques pour une d\u00e9co toute en rondeur | design &amp; histoire<\/a><\/p>\n<\/div>\n\n\n\n<div class=\"wp-block-column is-layout-flow wp-block-column-is-layout-flow\">\n<figure class=\"wp-block-image size-large\"><a href=\"https:\/\/www.cocondedecoration.com\/blog\/wp-content\/uploads\/2024\/03\/design-1980-canape-pop-art-1.jpeg\"><img loading=\"lazy\" decoding=\"async\" width=\"640\" height=\"960\" src=\"https:\/\/www.cocondedecoration.com\/blog\/wp-content\/uploads\/2024\/03\/design-1980-canape-pop-art-1-640x960.jpeg\" alt=\"design 1980 canape pop art Gaetano Pesce ville de new york \u00e0 conna\u00eetre \" class=\"wp-image-72793\" title=\"design 1980 canape pop art Gaetano Pesce ville de new york \u00e0 conna\u00eetre \" srcset=\"https:\/\/www.cocondedecoration.com\/blog\/wp-content\/uploads\/2024\/03\/design-1980-canape-pop-art-1-640x960.jpeg 640w, https:\/\/www.cocondedecoration.com\/blog\/wp-content\/uploads\/2024\/03\/design-1980-canape-pop-art-1-260x390.jpeg 260w, https:\/\/www.cocondedecoration.com\/blog\/wp-content\/uploads\/2024\/03\/design-1980-canape-pop-art-1-768x1152.jpeg 768w, https:\/\/www.cocondedecoration.com\/blog\/wp-content\/uploads\/2024\/03\/design-1980-canape-pop-art-1-367x550.jpeg 367w, https:\/\/www.cocondedecoration.com\/blog\/wp-content\/uploads\/2024\/03\/design-1980-canape-pop-art-1-333x500.jpeg 333w, https:\/\/www.cocondedecoration.com\/blog\/wp-content\/uploads\/2024\/03\/design-1980-canape-pop-art-1.jpeg 1000w\" sizes=\"(max-width: 640px) 100vw, 640px\" \/><\/a><figcaption class=\"wp-element-caption\">1stdibs.com<\/figcaption><\/figure>\n<\/div>\n<\/div>\n\n\n\n<figure class=\"wp-block-gallery has-nested-images columns-default is-cropped wp-block-gallery-4 is-layout-flex wp-block-gallery-is-layout-flex\">\n<figure class=\"wp-block-image size-large\"><a href=\"https:\/\/www.cocondedecoration.com\/blog\/wp-content\/uploads\/2024\/03\/design-1980-canape-pop-art-2.jpeg\"><img loading=\"lazy\" decoding=\"async\" width=\"640\" height=\"960\" data-id=\"72796\" src=\"https:\/\/www.cocondedecoration.com\/blog\/wp-content\/uploads\/2024\/03\/design-1980-canape-pop-art-2-640x960.jpeg\" alt=\"design 1980 canape pop art Gaetano Pesce original Sunset New York pop art inspiration\" class=\"wp-image-72796\" title=\"design 1980 canape pop art Gaetano Pesce original Sunset New York pop art inspiration\" srcset=\"https:\/\/www.cocondedecoration.com\/blog\/wp-content\/uploads\/2024\/03\/design-1980-canape-pop-art-2-640x960.jpeg 640w, https:\/\/www.cocondedecoration.com\/blog\/wp-content\/uploads\/2024\/03\/design-1980-canape-pop-art-2-260x390.jpeg 260w, https:\/\/www.cocondedecoration.com\/blog\/wp-content\/uploads\/2024\/03\/design-1980-canape-pop-art-2-768x1152.jpeg 768w, https:\/\/www.cocondedecoration.com\/blog\/wp-content\/uploads\/2024\/03\/design-1980-canape-pop-art-2-367x550.jpeg 367w, https:\/\/www.cocondedecoration.com\/blog\/wp-content\/uploads\/2024\/03\/design-1980-canape-pop-art-2-333x500.jpeg 333w, https:\/\/www.cocondedecoration.com\/blog\/wp-content\/uploads\/2024\/03\/design-1980-canape-pop-art-2.jpeg 1000w\" sizes=\"(max-width: 640px) 100vw, 640px\" \/><\/a><figcaption class=\"wp-element-caption\">elledecor.com<\/figcaption><\/figure>\n\n\n\n<figure class=\"wp-block-image size-large\"><a href=\"https:\/\/www.cocondedecoration.com\/blog\/wp-content\/uploads\/2024\/03\/design-1980-canape-pop-art-3.jpeg\"><img loading=\"lazy\" decoding=\"async\" width=\"640\" height=\"960\" data-id=\"72794\" src=\"https:\/\/www.cocondedecoration.com\/blog\/wp-content\/uploads\/2024\/03\/design-1980-canape-pop-art-3-640x960.jpeg\" alt=\"design 1980 canape pop art Gaetano Pesce original Sunset New York d\u00e9tails textiles rev\u00eatement ameublement \" class=\"wp-image-72794\" title=\"design 1980 canape pop art Gaetano Pesce original Sunset New York d\u00e9tails textiles rev\u00eatement ameublement \" srcset=\"https:\/\/www.cocondedecoration.com\/blog\/wp-content\/uploads\/2024\/03\/design-1980-canape-pop-art-3-640x960.jpeg 640w, https:\/\/www.cocondedecoration.com\/blog\/wp-content\/uploads\/2024\/03\/design-1980-canape-pop-art-3-260x390.jpeg 260w, https:\/\/www.cocondedecoration.com\/blog\/wp-content\/uploads\/2024\/03\/design-1980-canape-pop-art-3-768x1152.jpeg 768w, https:\/\/www.cocondedecoration.com\/blog\/wp-content\/uploads\/2024\/03\/design-1980-canape-pop-art-3-367x550.jpeg 367w, https:\/\/www.cocondedecoration.com\/blog\/wp-content\/uploads\/2024\/03\/design-1980-canape-pop-art-3-333x500.jpeg 333w, https:\/\/www.cocondedecoration.com\/blog\/wp-content\/uploads\/2024\/03\/design-1980-canape-pop-art-3.jpeg 1000w\" sizes=\"(max-width: 640px) 100vw, 640px\" \/><\/a><figcaption class=\"wp-element-caption\">laboratoriomaradona.com.ar<\/figcaption><\/figure>\n\n\n\n<figure class=\"wp-block-image size-large\"><a href=\"https:\/\/www.cocondedecoration.com\/blog\/wp-content\/uploads\/2024\/03\/design-1980-canape-pop-art-4.jpeg\"><img loading=\"lazy\" decoding=\"async\" width=\"640\" height=\"960\" data-id=\"72795\" src=\"https:\/\/www.cocondedecoration.com\/blog\/wp-content\/uploads\/2024\/03\/design-1980-canape-pop-art-4-640x960.jpeg\" alt=\"design 1980 canape pop art Gaetano Pesce original Sunset New York d\u00e9tails composition dossier rouge\" class=\"wp-image-72795\" title=\"design 1980 canape pop art Gaetano Pesce original Sunset New York d\u00e9tails composition dossier rouge\" srcset=\"https:\/\/www.cocondedecoration.com\/blog\/wp-content\/uploads\/2024\/03\/design-1980-canape-pop-art-4-640x960.jpeg 640w, https:\/\/www.cocondedecoration.com\/blog\/wp-content\/uploads\/2024\/03\/design-1980-canape-pop-art-4-260x390.jpeg 260w, https:\/\/www.cocondedecoration.com\/blog\/wp-content\/uploads\/2024\/03\/design-1980-canape-pop-art-4-768x1152.jpeg 768w, https:\/\/www.cocondedecoration.com\/blog\/wp-content\/uploads\/2024\/03\/design-1980-canape-pop-art-4-367x550.jpeg 367w, https:\/\/www.cocondedecoration.com\/blog\/wp-content\/uploads\/2024\/03\/design-1980-canape-pop-art-4-333x500.jpeg 333w, https:\/\/www.cocondedecoration.com\/blog\/wp-content\/uploads\/2024\/03\/design-1980-canape-pop-art-4.jpeg 1000w\" sizes=\"(max-width: 640px) 100vw, 640px\" \/><\/a><figcaption class=\"wp-element-caption\">wallector.com<\/figcaption><\/figure>\n<\/figure>\n\n\n\n<div class=\"wp-block-columns is-layout-flex wp-container-core-columns-layout-5 wp-block-columns-is-layout-flex\">\n<div class=\"wp-block-column is-layout-flow wp-block-column-is-layout-flow\">\n<div style=\"height:100px\" aria-hidden=\"true\" class=\"wp-block-spacer\"><\/div>\n\n\n\n<h2 class=\"wp-block-heading\">05 \u2022\u00a0La chaise Dr. Glob de Philippe Starck pour Kartell - 1988 <\/h2>\n\n\n\n<p>J'ai failli vous pr\u00e9senter uniquement des designers italiens dans cet article mais je me suis dit que les ann\u00e9es 80 c'\u00e9tait aussi Philippe Starck d'autant plus qu'il est fran\u00e7ais. On connait son travail au moins de vue et pour cet article, j'ai eu envie de vous pr\u00e9senter la chaise Dr. Glob. <\/p>\n\n\n\n<p>Cette assise \u00e0 plusieurs particularit\u00e9s. D'une part, elle est \u00e0 la fois compos\u00e9e de m\u00e9tal (aluminium) et de plastique (polypropyl\u00e8ne teint\u00e9), d'autre part, elle mixe formes anguleuses et arrondies. La chaise Dr Glob est la premi\u00e8re chaise du designer - premi\u00e8re d'une longue lign\u00e9e!<\/p>\n\n\n\n<p>O\u00f9 acheter la chaise Dr Glob? Les sites de vente d'occasion. <\/p>\n\n\n\n<blockquote class=\"wp-block-quote\">\n<p><strong>Pour en savoir plus: <br><\/strong>Art Supp - <a href=\"https:\/\/artsupp.com\/fr\/artistes\/philippe-starck\/sedia-dr-glob-philippe-starck\" target=\"_blank\" rel=\"noopener\" title=\"\">Pr\u00eat \"Dr Glob\"<\/a> <br>Arredatutto - <a href=\"https:\/\/www.arredatutto.com\/fr\/meubles\/chaises-et-tabourets\/chaises\/kartell-dr.-glob-4876-p-11129.html\" target=\"_blank\" rel=\"noopener\" title=\"\">Kartell Dr. Glob 4876 - Chaises<\/a> <\/p>\n<\/blockquote>\n<\/div>\n\n\n\n<div class=\"wp-block-column is-layout-flow wp-block-column-is-layout-flow\">\n<figure class=\"wp-block-image size-large\"><a href=\"https:\/\/www.cocondedecoration.com\/blog\/wp-content\/uploads\/2024\/03\/design-annees-80-philippe-starck-chaise-1.jpeg\"><img loading=\"lazy\" decoding=\"async\" width=\"640\" height=\"960\" src=\"https:\/\/www.cocondedecoration.com\/blog\/wp-content\/uploads\/2024\/03\/design-annees-80-philippe-starck-chaise-1-640x960.jpeg\" alt=\"design annees 80 philippe starck chaise m\u00e9tal et plastique salle \u00e0 manger\" class=\"wp-image-72797\" title=\"design annees 80 philippe starck chaise m\u00e9tal et plastique salle \u00e0 manger\" srcset=\"https:\/\/www.cocondedecoration.com\/blog\/wp-content\/uploads\/2024\/03\/design-annees-80-philippe-starck-chaise-1-640x960.jpeg 640w, https:\/\/www.cocondedecoration.com\/blog\/wp-content\/uploads\/2024\/03\/design-annees-80-philippe-starck-chaise-1-260x390.jpeg 260w, https:\/\/www.cocondedecoration.com\/blog\/wp-content\/uploads\/2024\/03\/design-annees-80-philippe-starck-chaise-1-768x1152.jpeg 768w, https:\/\/www.cocondedecoration.com\/blog\/wp-content\/uploads\/2024\/03\/design-annees-80-philippe-starck-chaise-1-367x550.jpeg 367w, https:\/\/www.cocondedecoration.com\/blog\/wp-content\/uploads\/2024\/03\/design-annees-80-philippe-starck-chaise-1-333x500.jpeg 333w, https:\/\/www.cocondedecoration.com\/blog\/wp-content\/uploads\/2024\/03\/design-annees-80-philippe-starck-chaise-1.jpeg 1000w\" sizes=\"(max-width: 640px) 100vw, 640px\" \/><\/a><figcaption class=\"wp-element-caption\">Wim May via Pinterest<\/figcaption><\/figure>\n<\/div>\n<\/div>\n\n\n\n<figure class=\"wp-block-gallery has-nested-images columns-default is-cropped wp-block-gallery-5 is-layout-flex wp-block-gallery-is-layout-flex\">\n<figure class=\"wp-block-image size-large\"><a href=\"https:\/\/www.cocondedecoration.com\/blog\/wp-content\/uploads\/2024\/03\/design-annees-80-philippe-starck-chaise-2.jpeg\"><img loading=\"lazy\" decoding=\"async\" width=\"640\" height=\"960\" data-id=\"72798\" src=\"https:\/\/www.cocondedecoration.com\/blog\/wp-content\/uploads\/2024\/03\/design-annees-80-philippe-starck-chaise-2-640x960.jpeg\" alt=\"design annees 80 philippe starck chaise noir anguleuse et arrondi m\u00e9tal et plastique\" class=\"wp-image-72798\" title=\"design annees 80 philippe starck chaise noir anguleuse et arrondi m\u00e9tal et plastique\" srcset=\"https:\/\/www.cocondedecoration.com\/blog\/wp-content\/uploads\/2024\/03\/design-annees-80-philippe-starck-chaise-2-640x960.jpeg 640w, https:\/\/www.cocondedecoration.com\/blog\/wp-content\/uploads\/2024\/03\/design-annees-80-philippe-starck-chaise-2-260x390.jpeg 260w, https:\/\/www.cocondedecoration.com\/blog\/wp-content\/uploads\/2024\/03\/design-annees-80-philippe-starck-chaise-2-768x1152.jpeg 768w, https:\/\/www.cocondedecoration.com\/blog\/wp-content\/uploads\/2024\/03\/design-annees-80-philippe-starck-chaise-2-367x550.jpeg 367w, https:\/\/www.cocondedecoration.com\/blog\/wp-content\/uploads\/2024\/03\/design-annees-80-philippe-starck-chaise-2-333x500.jpeg 333w, https:\/\/www.cocondedecoration.com\/blog\/wp-content\/uploads\/2024\/03\/design-annees-80-philippe-starck-chaise-2.jpeg 1000w\" sizes=\"(max-width: 640px) 100vw, 640px\" \/><\/a><figcaption class=\"wp-element-caption\">rbcmobilier.com<\/figcaption><\/figure>\n\n\n\n<figure class=\"wp-block-image size-large\"><a href=\"https:\/\/www.cocondedecoration.com\/blog\/wp-content\/uploads\/2024\/03\/design-annees-80-philippe-starck-chaise-3.jpeg\"><img loading=\"lazy\" decoding=\"async\" width=\"640\" height=\"960\" data-id=\"72799\" src=\"https:\/\/www.cocondedecoration.com\/blog\/wp-content\/uploads\/2024\/03\/design-annees-80-philippe-starck-chaise-3-640x960.jpeg\" alt=\"design annees 80 philippe starck chaise m\u00e9tal effet chrom\u00e9 assise color\u00e9e rose\" class=\"wp-image-72799\" title=\"design annees 80 philippe starck chaise m\u00e9tal effet chrom\u00e9 assise color\u00e9e rose\" srcset=\"https:\/\/www.cocondedecoration.com\/blog\/wp-content\/uploads\/2024\/03\/design-annees-80-philippe-starck-chaise-3-640x960.jpeg 640w, https:\/\/www.cocondedecoration.com\/blog\/wp-content\/uploads\/2024\/03\/design-annees-80-philippe-starck-chaise-3-260x390.jpeg 260w, https:\/\/www.cocondedecoration.com\/blog\/wp-content\/uploads\/2024\/03\/design-annees-80-philippe-starck-chaise-3-768x1152.jpeg 768w, https:\/\/www.cocondedecoration.com\/blog\/wp-content\/uploads\/2024\/03\/design-annees-80-philippe-starck-chaise-3-367x550.jpeg 367w, https:\/\/www.cocondedecoration.com\/blog\/wp-content\/uploads\/2024\/03\/design-annees-80-philippe-starck-chaise-3-333x500.jpeg 333w, https:\/\/www.cocondedecoration.com\/blog\/wp-content\/uploads\/2024\/03\/design-annees-80-philippe-starck-chaise-3.jpeg 1000w\" sizes=\"(max-width: 640px) 100vw, 640px\" \/><\/a><figcaption class=\"wp-element-caption\">selency.fr<\/figcaption><\/figure>\n\n\n\n<figure class=\"wp-block-image size-large\"><a href=\"https:\/\/www.cocondedecoration.com\/blog\/wp-content\/uploads\/2024\/03\/design-annees-80-philippe-starck-chaise-4.jpeg\"><img loading=\"lazy\" decoding=\"async\" width=\"640\" height=\"960\" data-id=\"72800\" src=\"https:\/\/www.cocondedecoration.com\/blog\/wp-content\/uploads\/2024\/03\/design-annees-80-philippe-starck-chaise-4-640x960.jpeg\" alt=\"design annees 80 philippe starck chaise noire sobre vintage \" class=\"wp-image-72800\" title=\"design annees 80 philippe starck chaise noire sobre vintage \" srcset=\"https:\/\/www.cocondedecoration.com\/blog\/wp-content\/uploads\/2024\/03\/design-annees-80-philippe-starck-chaise-4-640x960.jpeg 640w, https:\/\/www.cocondedecoration.com\/blog\/wp-content\/uploads\/2024\/03\/design-annees-80-philippe-starck-chaise-4-260x390.jpeg 260w, https:\/\/www.cocondedecoration.com\/blog\/wp-content\/uploads\/2024\/03\/design-annees-80-philippe-starck-chaise-4-768x1152.jpeg 768w, https:\/\/www.cocondedecoration.com\/blog\/wp-content\/uploads\/2024\/03\/design-annees-80-philippe-starck-chaise-4-367x550.jpeg 367w, https:\/\/www.cocondedecoration.com\/blog\/wp-content\/uploads\/2024\/03\/design-annees-80-philippe-starck-chaise-4-333x500.jpeg 333w, https:\/\/www.cocondedecoration.com\/blog\/wp-content\/uploads\/2024\/03\/design-annees-80-philippe-starck-chaise-4.jpeg 1000w\" sizes=\"(max-width: 640px) 100vw, 640px\" \/><\/a><figcaption class=\"wp-element-caption\">whoppah.com<\/figcaption><\/figure>\n<\/figure>\n\n\n\n<hr class=\"wp-block-separator has-alpha-channel-opacity is-style-wide\"\/>\n\n\n\n<div class=\"wp-block-columns is-layout-flex wp-container-core-columns-layout-6 wp-block-columns-is-layout-flex\">\n<div class=\"wp-block-column is-layout-flow wp-block-column-is-layout-flow\">\n<p class=\"has-text-align-center has-medium-font-size\">A lire \u00e9galement<\/p>\n\n\n<ul class=\"wp-block-latest-posts__list wp-block-latest-posts\"><li><a class=\"wp-block-latest-posts__post-title\" href=\"https:\/\/www.cocondedecoration.com\/blog\/2026\/01\/histoire-pouf-poire-sacco\/\">La petite histoire du pouf poire, le \u00ab\u00a0Sacco\u00a0\u00bb<\/a><\/li>\n<li><a class=\"wp-block-latest-posts__post-title\" href=\"https:\/\/www.cocondedecoration.com\/blog\/2026\/01\/couleur-decoration-generation\/\">Pour chaque g\u00e9n\u00e9ration, sa palette de couleurs d\u00e9co<\/a><\/li>\n<li><a class=\"wp-block-latest-posts__post-title\" href=\"https:\/\/www.cocondedecoration.com\/blog\/2025\/02\/portrait-cini-boeri\/\">Qui est Cini Boeri? Et pourquoi vous devriez la conna\u00eetre?<\/a><\/li>\n<li><a class=\"wp-block-latest-posts__post-title\" href=\"https:\/\/www.cocondedecoration.com\/blog\/2025\/02\/histoire-tabouret-tam-tam\/\">La petite histoire du tabouret TAM TAM | Abonn\u00e9\u2022e\u2022s<\/a><\/li>\n<li><a class=\"wp-block-latest-posts__post-title\" href=\"https:\/\/www.cocondedecoration.com\/blog\/2025\/01\/design-mid-century-modern\/\">Comprendre le design Mid Century Modern en 3 minutes<\/a><\/li>\n<li><a class=\"wp-block-latest-posts__post-title\" href=\"https:\/\/www.cocondedecoration.com\/blog\/2024\/11\/biographie-anna-castelli-ferrieri\/\">Qui est Anna Castelli Ferrieri? Pourquoi vous devriez la conna\u00eetre?<\/a><\/li>\n<li><a class=\"wp-block-latest-posts__post-title\" href=\"https:\/\/www.cocondedecoration.com\/blog\/2024\/10\/biographie-florence-knoll\/\">Qui est Florence Knoll? Pourquoi vous devriez la conna\u00eetre?<\/a><\/li>\n<li><a class=\"wp-block-latest-posts__post-title\" href=\"https:\/\/www.cocondedecoration.com\/blog\/2024\/09\/gae-aulenti-design-architecture\/\">Qui est Gae Aulenti? Et pourquoi vous devriez la conna\u00eetre?<\/a><\/li>\n<li><a class=\"wp-block-latest-posts__post-title\" href=\"https:\/\/www.cocondedecoration.com\/blog\/2024\/08\/architecture-paquebot\/\">Courbes et Fluidit\u00e9 : L&rsquo;Architecture Paquebot<\/a><\/li>\n<li><a class=\"wp-block-latest-posts__post-title\" href=\"https:\/\/www.cocondedecoration.com\/blog\/2024\/07\/architecture-design-eileen-gray\/\">Qui est Eileen Gray? Et pourquoi vous devriez la conna\u00eetre?<\/a><\/li>\n<\/ul><\/div>\n\n\n\n<div class=\"wp-block-column has-background is-layout-flow wp-block-column-is-layout-flow\" style=\"background-color:#fcb90082\">\n<p class=\"has-text-align-center has-medium-font-size\" style=\"padding-top:var(--wp--preset--spacing--40);padding-bottom:var(--wp--preset--spacing--40)\"><strong>Devenez m\u00e9c\u00e8ne du blog <\/strong><\/p>\n\n\n\n<hr class=\"wp-block-separator has-alpha-channel-opacity is-style-wide\"\/>\n\n\n\n<p style=\"padding-right:var(--wp--preset--spacing--30);padding-left:var(--wp--preset--spacing--30)\">Soutenez mon travail sur le blog et acc\u00e9dez \u00e0 des contreparties exclusives: <\/p>\n\n\n\n<ul style=\"padding-right:var(--wp--preset--spacing--40);padding-left:var(--wp--preset--spacing--40)\">\n<li>Plusieurs centaines d'articles d\u00e9co, lifestyle &amp; voyage r\u00e9serv\u00e9s aux abonn\u00e9\u2022e\u2022s <\/li>\n\n\n\n<li>Toutes les entr\u00e9es de mon side project - mon dictionnaire nomade <\/li>\n\n\n\n<li>Une publicit\u00e9 limit\u00e9e sur les articles Patreon <\/li>\n<\/ul>\n\n\n\n<div class=\"wp-block-buttons is-content-justification-center is-layout-flex wp-container-core-buttons-layout-1 wp-block-buttons-is-layout-flex\">\n<div class=\"wp-block-button\"><a class=\"wp-block-button__link wp-element-button\" href=\"https:\/\/www.patreon.com\/cocondedeco\" target=\"_blank\" rel=\"noreferrer noopener\">Soutenir le blog maintenant<\/a><\/div>\n<\/div>\n<\/div>\n<\/div>\n\n\n<div class=\"wp-block-image\">\n<figure class=\"aligncenter size-full\"><a href=\"https:\/\/www.cocondedecoration.com\/blog\/wp-content\/uploads\/2024\/03\/meuble-iconique-annees-70-80-design.jpg\"><img loading=\"lazy\" decoding=\"async\" width=\"732\" height=\"488\" src=\"https:\/\/www.cocondedecoration.com\/blog\/wp-content\/uploads\/2024\/03\/meuble-iconique-annees-70-80-design.jpg\" alt=\"meuble iconique annees 70 80 design Italie France canap\u00e9 chaise rangement\" class=\"wp-image-72801\" title=\"meuble iconique annees 70 80 design Italie France canap\u00e9 chaise rangement\" srcset=\"https:\/\/www.cocondedecoration.com\/blog\/wp-content\/uploads\/2024\/03\/meuble-iconique-annees-70-80-design.jpg 732w, https:\/\/www.cocondedecoration.com\/blog\/wp-content\/uploads\/2024\/03\/meuble-iconique-annees-70-80-design-260x173.jpg 260w, https:\/\/www.cocondedecoration.com\/blog\/wp-content\/uploads\/2024\/03\/meuble-iconique-annees-70-80-design-640x427.jpg 640w, https:\/\/www.cocondedecoration.com\/blog\/wp-content\/uploads\/2024\/03\/meuble-iconique-annees-70-80-design-465x310.jpg 465w, https:\/\/www.cocondedecoration.com\/blog\/wp-content\/uploads\/2024\/03\/meuble-iconique-annees-70-80-design-695x463.jpg 695w\" sizes=\"(max-width: 732px) 100vw, 732px\" \/><\/a><figcaption class=\"wp-element-caption\">1stdibs.com<\/figcaption><\/figure><\/div>","protected":false},"excerpt":{"rendered":"<p>Les ann\u00e9es 70 et 80 reviennent sur le devant de la sc\u00e8ne d\u00e9co. C&rsquo;est la bonne occasion pour (re)d\u00e9couvrir l-5 pi\u00e8ces design iconiques de  cette \u00e9poque!<span class=\"more-link\"><a href=\"https:\/\/www.cocondedecoration.com\/blog\/2024\/03\/design-annees-70-80\/\">Lire la suite<\/a><\/span><\/p>\n","protected":false},"author":1,"featured_media":72801,"comment_status":"open","ping_status":"open","sticky":false,"template":"","format":"standard","meta":{"om_disable_all_campaigns":false,"_monsterinsights_skip_tracking":false,"_monsterinsights_sitenote_active":false,"_monsterinsights_sitenote_note":"","_monsterinsights_sitenote_category":0,"_uf_show_specific_survey":0,"_uf_disable_surveys":false,"footnotes":""},"categories":[36384],"tags":[58678,2945,12282,25140,9565,17322,58692,39275,47738,47739,58658,58659,58685,42802,58660,58684,58690,58691,58680,58677,58664,58683,58665,58666,58681,58682,58663,58695,58696,35059,58652,58676,58674,58675,58650,58651,58661,58662,58688,58689,53225,58694,39271,58693,58648,58649,58654,58655,58653,53229,58656,58657,53263,53268,58668,58667,58669,58670,58672,58679,58686,58671,58673,58687],"aioseo_notices":[],"_links":{"self":[{"href":"https:\/\/www.cocondedecoration.com\/blog\/wp-json\/wp\/v2\/posts\/72778"}],"collection":[{"href":"https:\/\/www.cocondedecoration.com\/blog\/wp-json\/wp\/v2\/posts"}],"about":[{"href":"https:\/\/www.cocondedecoration.com\/blog\/wp-json\/wp\/v2\/types\/post"}],"author":[{"embeddable":true,"href":"https:\/\/www.cocondedecoration.com\/blog\/wp-json\/wp\/v2\/users\/1"}],"replies":[{"embeddable":true,"href":"https:\/\/www.cocondedecoration.com\/blog\/wp-json\/wp\/v2\/comments?post=72778"}],"version-history":[{"count":4,"href":"https:\/\/www.cocondedecoration.com\/blog\/wp-json\/wp\/v2\/posts\/72778\/revisions"}],"predecessor-version":[{"id":72803,"href":"https:\/\/www.cocondedecoration.com\/blog\/wp-json\/wp\/v2\/posts\/72778\/revisions\/72803"}],"wp:featuredmedia":[{"embeddable":true,"href":"https:\/\/www.cocondedecoration.com\/blog\/wp-json\/wp\/v2\/media\/72801"}],"wp:attachment":[{"href":"https:\/\/www.cocondedecoration.com\/blog\/wp-json\/wp\/v2\/media?parent=72778"}],"wp:term":[{"taxonomy":"category","embeddable":true,"href":"https:\/\/www.cocondedecoration.com\/blog\/wp-json\/wp\/v2\/categories?post=72778"},{"taxonomy":"post_tag","embeddable":true,"href":"https:\/\/www.cocondedecoration.com\/blog\/wp-json\/wp\/v2\/tags?post=72778"}],"curies":[{"name":"wp","href":"https:\/\/api.w.org\/{rel}","templated":true}]}}