{"id":7169,"date":"2014-05-05T06:00:07","date_gmt":"2014-05-05T04:00:07","guid":{"rendered":"http:\/\/www.cocondedecoration.com\/blog\/?p=7169"},"modified":"2015-01-22T10:33:24","modified_gmt":"2015-01-22T08:33:24","slug":"be-my-guest-laure-de-cartabille","status":"publish","type":"post","link":"https:\/\/www.cocondedecoration.com\/blog\/2014\/05\/be-my-guest-laure-de-cartabille\/","title":{"rendered":"Be my guest &#8211; Laure de Cartabille"},"content":{"rendered":"<p style=\"text-align: justify;\"><em>Une belle d\u00e9couverte... Un univers doux et accueillant. Un univers pour la maison mais pas seulement. Je suis contente aujourd'hui de partager cette d\u00e9couverte avec vous. Et pour ce faire, je laisse l-Laure, la cr\u00e9atrice de <a href=\"http:\/\/cartabille.bigcartel.com\/\" target=\"_blank\">Cartabille<\/a> vous parler de son projet.<\/em><\/p>\n<p style=\"text-align: justify;\"><!--more--><\/p>\n<p style=\"text-align: justify;\">\n<p style=\"text-align: justify;\"><strong><em>1\u00b0 Qui es-tu?<\/em><\/strong><\/p>\n<p style=\"text-align: justify;\">Laure, 28 ans, 27 pass\u00e9s \u00e0 Paris et depuis peu en Bourgogne, dans un petit village au bord de la rivi\u00e8re. J'ai troqu\u00e9 mon 1-pi\u00e8ce parisien contre une grande maison avec deux musiciens, un ancien cuisiner et trois chats. Nous y sommes bien, nous profitons de chaque jour en ayant conscience que notre joyeuse colocation ne durera pas toute la vie. Avant j'\u00e9tais traductrice. Je continue encore un peu, seulement pour une amie (<a href=\"http:\/\/leseditionsderrierelasalledebains.bigcartel.com\/\" target=\"_blank\"><em>les \u00c9ditions Derri\u00e8re la Salle de Bains<\/em><\/a>).<\/p>\n<p style=\"text-align: justify;\"><a href=\"http:\/\/www.cocondedecoration.com\/blog\/wp-content\/uploads\/2014\/04\/cartabille-art-de-la-table.jpg\"><img loading=\"lazy\" decoding=\"async\" class=\"aligncenter size-large wp-image-7170\" src=\"http:\/\/www.cocondedecoration.com\/blog\/wp-content\/uploads\/2014\/04\/cartabille-art-de-la-table-640x426.jpg\" alt=\"cartabille art de la table\" width=\"600\" height=\"399\" srcset=\"https:\/\/www.cocondedecoration.com\/blog\/wp-content\/uploads\/2014\/04\/cartabille-art-de-la-table-640x426.jpg 640w, https:\/\/www.cocondedecoration.com\/blog\/wp-content\/uploads\/2014\/04\/cartabille-art-de-la-table-260x173.jpg 260w, https:\/\/www.cocondedecoration.com\/blog\/wp-content\/uploads\/2014\/04\/cartabille-art-de-la-table-440x294.jpg 440w, https:\/\/www.cocondedecoration.com\/blog\/wp-content\/uploads\/2014\/04\/cartabille-art-de-la-table.jpg 690w\" sizes=\"(max-width: 600px) 100vw, 600px\" \/><\/a><\/p>\n<p style=\"text-align: justify;\"><strong><em>2\u00b0 Depuis quand existe ta jolie boutique? Comment t'es venue l'id\u00e9e de cr\u00e9er cette boutique?<\/em><\/strong><\/p>\n<p style=\"text-align: justify;\">J'ai ouvert Cartabille le 1er avril 2014. Ma m\u00e8re avait un atelier de bijouterie fantaisie. J'ai pass\u00e9 beaucoup de temps dans cet endroit d\u00e9bordant de mati\u00e8res et de couleurs. J'ai souvent jou\u00e9 \u00e0 la marchande pour aider et j'ai tout de suite aim\u00e9 \u00e7a, la complicit\u00e9 avec les clients et le d\u00e9sir de faire plaisir, de transmettre de belles choses. Le bac en main, j'ai refus\u00e9 de faire une \u00e9cole de commerce, je me sentais alors plus litt\u00e9raire et tr\u00e8s attach\u00e9e \u00e0 l'anglais, d'o\u00f9 les longues \u00e9tudes de traduction.<\/p>\n<p style=\"text-align: justify;\">En quittant Paris, j'ai fait table rase sur mon pass\u00e9. J'avais envie \/ besoin d'une nouvelle vie. Je suis revenue \u00e0 l'essentiel et ouvrir une boutique m'est apparu comme une \u00e9vidence. Au d\u00e9part, je voulais une boutique avec une porte qui carillonne. Il devait y avoir tout ce que j'aime : des objets de d\u00e9coration, d'art de la table, des objets anciens uniques, de la belle papeterie, des jouets en bois mais aussi un salon de th\u00e9 o\u00f9 s'asseoir pour bouquiner de tout son so\u00fbl, avec des bonbons et des g\u00e2teaux pour les enfants (grands et petits). Mais je n'ai pas trouv\u00e9 o\u00f9 ouvrir un tel lieu alors j'ai pris les devants et j'ai d\u00e9cid\u00e9 de commencer sur internet. Petit \u00e0 petit, l'oiseau fait son nid et j'ai bon espoir de r\u00e9aliser mon r\u00eave comme je l'avais imagin\u00e9.<\/p>\n<p style=\"text-align: justify;\">En attendant, j'aime vendre par correspondance. J'adore faire les colis ! Papier de soie, ruban de mousseline, petit cadeau et mot personnalis\u00e9 \u00e0 chaque envoi, j'esp\u00e8re que mes clients ont autant de plaisir que moi quand je pr\u00e9pare leurs commandes !<\/p>\n<p style=\"text-align: justify;\"><a href=\"http:\/\/www.cocondedecoration.com\/blog\/wp-content\/uploads\/2014\/04\/colis-cartabille-boutique-deco.jpg\"><img loading=\"lazy\" decoding=\"async\" class=\"aligncenter size-full wp-image-7174\" src=\"http:\/\/www.cocondedecoration.com\/blog\/wp-content\/uploads\/2014\/04\/colis-cartabille-boutique-deco.jpg\" alt=\"colis cartabille boutique deco\" width=\"612\" height=\"612\" srcset=\"https:\/\/www.cocondedecoration.com\/blog\/wp-content\/uploads\/2014\/04\/colis-cartabille-boutique-deco.jpg 612w, https:\/\/www.cocondedecoration.com\/blog\/wp-content\/uploads\/2014\/04\/colis-cartabille-boutique-deco-165x165.jpg 165w, https:\/\/www.cocondedecoration.com\/blog\/wp-content\/uploads\/2014\/04\/colis-cartabille-boutique-deco-260x260.jpg 260w\" sizes=\"(max-width: 612px) 100vw, 612px\" \/><\/a><br \/>\n<strong><em>3\u00b0 Si tu avais un budget illimit\u00e9, quel est l'objet d\u00e9co que tu t'offrirais?<\/em><\/strong><\/p>\n<p style=\"text-align: justify;\">Je m'offrirais un objet de d\u00e9co tr\u00e8s encombrant qui serait... une maison ! Je ne pensais pas en vouloir une un jour. J'ai toujours aim\u00e9 l'id\u00e9e de n'appartenir \u00e0 aucun lieu et donc \u00e0 tous. Mais depuis que je vis en Bourgogne, j'y pense tr\u00e8s souvent. Je voudrais concevoir les plans d'une maison de A \u00e0 Z, agencer les pi\u00e8ces exactement comme je veux, selon la lumi\u00e8re, le paysage et les saisons. Et la d\u00e9corer jusqu'\u00e0 la fin de ma vie ! La d\u00e9coration ne doit pas \u00eatre quelque chose de fig\u00e9. Il faut que \u00e7a change au gr\u00e9 des envies, des trouvailles, des humeurs. Bouger les meubles fait un bien fou \u00e0 la t\u00eate ! D\u00e8s que j'ai un coup de blues, je d\u00e9place une commode, un miroir ou je r\u00e9agence les objets d'une pi\u00e8ce. J'ai l'impression d'avoir un nouveau chez-moi et \u00e7a va tout de suite mieux !<\/p>\n<p style=\"text-align: justify;\"><a href=\"http:\/\/www.cocondedecoration.com\/blog\/wp-content\/uploads\/2014\/04\/cartabille-vintage.jpg\"><img loading=\"lazy\" decoding=\"async\" class=\"aligncenter size-large wp-image-7173\" src=\"http:\/\/www.cocondedecoration.com\/blog\/wp-content\/uploads\/2014\/04\/cartabille-vintage-640x426.jpg\" alt=\"cartabille vintage\" width=\"600\" height=\"399\" srcset=\"https:\/\/www.cocondedecoration.com\/blog\/wp-content\/uploads\/2014\/04\/cartabille-vintage-640x426.jpg 640w, https:\/\/www.cocondedecoration.com\/blog\/wp-content\/uploads\/2014\/04\/cartabille-vintage-260x173.jpg 260w, https:\/\/www.cocondedecoration.com\/blog\/wp-content\/uploads\/2014\/04\/cartabille-vintage-440x294.jpg 440w, https:\/\/www.cocondedecoration.com\/blog\/wp-content\/uploads\/2014\/04\/cartabille-vintage.jpg 690w\" sizes=\"(max-width: 600px) 100vw, 600px\" \/><\/a><\/p>\n<p style=\"text-align: justify;\"><strong><em>4\u00b0 Quel est l'objet qui te plait le plus dans ta boutique? Et pourquoi?\u00a0<\/em> <\/strong><\/p>\n<p style=\"text-align: justify;\">J'ai r\u00e9cemment mis sur le site un ensemble de trois carafes bleues. Ce sont des pi\u00e8ces uniques que j'ai trouv\u00e9es dans une brocante. J'ai longtemps h\u00e9sit\u00e9 entre les garder pour la maison ou les \"donner\" \u00e0 Cartabille et puis mes placards bond\u00e9s de pichets ont parl\u00e9 pour moi ! Ce sont des objets ordinaires, sans grande valeur mais leurs formes m'ont s\u00e9duite (notamment la plus grande, tout en longueur), et surtout j'aime le bleu. On dirait un bleu Klein. Et cette couleur me bouleverse profond\u00e9ment. J'aime aussi le fait qu'elles soient trois, mon chiffre f\u00e9tiche. Elles se r\u00e9pondent et se racontent des histoires, comme de vieilles copines. J'esp\u00e8re qu'elles vont vite trouver preneur ! Elles apportent tellement de po\u00e9sie l\u00e0 o\u00f9 elles sont pos\u00e9es.<\/p>\n<p style=\"text-align: justify;\"><em>Pour d\u00e9couvrir l'univers de Laure: <\/em><br \/>\n<em><a href=\"http:\/\/cartabille.bigcartel.com\/\" target=\"_blank\">La boutique Cartabille <\/a><\/em><br \/>\n<em><a href=\"https:\/\/www.facebook.com\/chezcartabille?fref=ts\" target=\"_blank\">La page Facebook de Cartabille <\/a><\/em><br \/>\n<em><a href=\"http:\/\/www.cartabille.tumblr.com\/\" target=\"_blank\">Le tumblr Cartabille<\/a> o\u00f9 Laure partage ses inspirations <\/em><br \/>\n<em>Et le compte <a href=\"http:\/\/instagram.com\/cartabille#\" target=\"_blank\">Instagram de Cartabille <\/a>avec des images qui donnent envie de prendre des vacances. <\/em><\/p>\n<p style=\"text-align: justify;\"><em>Merci Laure d'avoir r\u00e9pondu \u00e0 mes questions! <\/em><\/p>\n<p style=\"text-align: justify;\"><a href=\"http:\/\/www.cocondedecoration.com\/blog\/wp-content\/uploads\/2014\/04\/cartabille-carafes-bleues-Klein.jpg\"><img loading=\"lazy\" decoding=\"async\" class=\"aligncenter size-large wp-image-7171\" src=\"http:\/\/www.cocondedecoration.com\/blog\/wp-content\/uploads\/2014\/04\/cartabille-carafes-bleues-Klein-640x426.jpg\" alt=\"cartabille carafes bleues Klein\" width=\"600\" height=\"399\" srcset=\"https:\/\/www.cocondedecoration.com\/blog\/wp-content\/uploads\/2014\/04\/cartabille-carafes-bleues-Klein-640x426.jpg 640w, https:\/\/www.cocondedecoration.com\/blog\/wp-content\/uploads\/2014\/04\/cartabille-carafes-bleues-Klein-260x173.jpg 260w, https:\/\/www.cocondedecoration.com\/blog\/wp-content\/uploads\/2014\/04\/cartabille-carafes-bleues-Klein-440x294.jpg 440w, https:\/\/www.cocondedecoration.com\/blog\/wp-content\/uploads\/2014\/04\/cartabille-carafes-bleues-Klein.jpg 690w\" sizes=\"(max-width: 600px) 100vw, 600px\" \/><\/a><\/p>\n","protected":false},"excerpt":{"rendered":"<p>Une belle d\u00e9couverte&#8230; Un univers doux et accueillant. Un univers pour la maison mais pas seulement. Je suis contente aujourd&rsquo;hui de partager cette d\u00e9couverte avec vous. Et pour ce faire, je laisse l-Laure, la cr\u00e9atrice de Cartabille vous parler de son projet.<span class=\"more-link\"><a href=\"https:\/\/www.cocondedecoration.com\/blog\/2014\/05\/be-my-guest-laure-de-cartabille\/\">Lire la suite<\/a><\/span><\/p>\n","protected":false},"author":1,"featured_media":7172,"comment_status":"open","ping_status":"open","sticky":false,"template":"","format":"standard","meta":{"om_disable_all_campaigns":false,"_monsterinsights_skip_tracking":false,"_monsterinsights_sitenote_active":false,"_monsterinsights_sitenote_note":"","_monsterinsights_sitenote_category":0,"_uf_show_specific_survey":0,"_uf_disable_surveys":false,"footnotes":""},"categories":[1832,4],"tags":[1297,1476,427,1475,1474,129,528,362,335,41,43],"aioseo_notices":[],"_links":{"self":[{"href":"https:\/\/www.cocondedecoration.com\/blog\/wp-json\/wp\/v2\/posts\/7169"}],"collection":[{"href":"https:\/\/www.cocondedecoration.com\/blog\/wp-json\/wp\/v2\/posts"}],"about":[{"href":"https:\/\/www.cocondedecoration.com\/blog\/wp-json\/wp\/v2\/types\/post"}],"author":[{"embeddable":true,"href":"https:\/\/www.cocondedecoration.com\/blog\/wp-json\/wp\/v2\/users\/1"}],"replies":[{"embeddable":true,"href":"https:\/\/www.cocondedecoration.com\/blog\/wp-json\/wp\/v2\/comments?post=7169"}],"version-history":[{"count":0,"href":"https:\/\/www.cocondedecoration.com\/blog\/wp-json\/wp\/v2\/posts\/7169\/revisions"}],"wp:featuredmedia":[{"embeddable":true,"href":"https:\/\/www.cocondedecoration.com\/blog\/wp-json\/wp\/v2\/media\/7172"}],"wp:attachment":[{"href":"https:\/\/www.cocondedecoration.com\/blog\/wp-json\/wp\/v2\/media?parent=7169"}],"wp:term":[{"taxonomy":"category","embeddable":true,"href":"https:\/\/www.cocondedecoration.com\/blog\/wp-json\/wp\/v2\/categories?post=7169"},{"taxonomy":"post_tag","embeddable":true,"href":"https:\/\/www.cocondedecoration.com\/blog\/wp-json\/wp\/v2\/tags?post=7169"}],"curies":[{"name":"wp","href":"https:\/\/api.w.org\/{rel}","templated":true}]}}