{"id":71004,"date":"2024-01-11T01:00:59","date_gmt":"2024-01-10T23:00:59","guid":{"rendered":"https:\/\/www.cocondedecoration.com\/blog\/?p=71004"},"modified":"2024-01-09T16:19:34","modified_gmt":"2024-01-09T14:19:34","slug":"differences-style-eclectique-decor-vintage","status":"publish","type":"post","link":"https:\/\/www.cocondedecoration.com\/blog\/2024\/01\/differences-style-eclectique-decor-vintage\/","title":{"rendered":"Quelles sont les diff\u00e9rences entre une d\u00e9co \u00e9clectique &#038; un int\u00e9rieur vintage moderne? | d\u00e9cryptage"},"content":{"rendered":"\n<p>Tout au long de l'ann\u00e9e pass\u00e9e, je vous ai propos\u00e9 de nombreux articles autour du vintage. C'est un univers qui peut prendre bien des formes et cela le rend d'autant plus int\u00e9ressant. Je vous ai souvent parl\u00e9 de d\u00e9cors \u00e9clectiques et d'univers vintage moderne. Dans les deux cas, le vintage a la part belle cependant, il y a des diff\u00e9rences entre ces deux atmosph\u00e8res d\u00e9co. C'est pr\u00e9cis\u00e9ment ce qui nous int\u00e9resse dans cet article. Si vous avez envie de cr\u00e9er un d\u00e9cor vintage mais que vous ne savez pas quel chemin prendre, vous devriez trouver ici des inspirations et des pistes \u00e0 creuser pour cr\u00e9er un d\u00e9cor qui vous ressemble. <\/p>\n\n\n\n<!--more-->\n\n\n\n<div class=\"wp-block-image\"><figure class=\"aligncenter\"><a href=\"https:\/\/www.patreon.com\/cocondedeco\" target=\"_blank\" rel=\"noreferrer noopener\"><img loading=\"lazy\" decoding=\"async\" width=\"728\" height=\"90\" src=\"http:\/\/www.cocondedecoration.com\/blog\/wp-content\/uploads\/2021\/01\/banniere-patreon.png\" alt=\"\" class=\"wp-image-33877\" srcset=\"https:\/\/www.cocondedecoration.com\/blog\/wp-content\/uploads\/2021\/01\/banniere-patreon.png 728w, https:\/\/www.cocondedecoration.com\/blog\/wp-content\/uploads\/2021\/01\/banniere-patreon-260x32.png 260w, https:\/\/www.cocondedecoration.com\/blog\/wp-content\/uploads\/2021\/01\/banniere-patreon-640x79.png 640w, https:\/\/www.cocondedecoration.com\/blog\/wp-content\/uploads\/2021\/01\/banniere-patreon-465x57.png 465w, https:\/\/www.cocondedecoration.com\/blog\/wp-content\/uploads\/2021\/01\/banniere-patreon-695x86.png 695w\" sizes=\"(max-width: 728px) 100vw, 728px\" \/><\/a><\/figure><\/div>\n\n\n\n<p style=\"text-align:center\" class=\"has-background has-small-font-size has-very-light-gray-background-color\">Avant de poursuivre cet article, j'aimerai vous parler quelques instants de Patreon. C'est une plateforme en plus du blog sur laquelle vous pouvez devenir m\u00e9c\u00e8ne du blog. <br><strong>Pourquoi soutenir le blog?<\/strong> <br>Parce que c'est un travail consid\u00e9rable et m\u00eame si je le fais avec passion c'est aussi un travail pr\u00e9caire (<a rel=\"noreferrer noopener\" href=\"https:\/\/www.patreon.com\/posts\/en-quoi-consiste-86917611\" target=\"_blank\">je vous explique tout cela en d\u00e9tail dans ce post<\/a>). Si vous aimez l'article que vous \u00eates en train de lire, si vous me suivez sur les r\u00e9seaux sociaux ou encore si vous lisez r\u00e9guli\u00e8rement le blog, je vous serai reconnaissante de soutenir le blog via Patreon. Par ailleurs, en vous abonnant sur la plateforme vous acc\u00e9derez \u00e0 des contenus exclusifs pour vous remercier de votre soutien. C'est sans engagement et chaque contribution fera la diff\u00e9rence. Merci par avance de votre aide! <br><a rel=\"noreferrer noopener\" href=\"https:\/\/www.patreon.com\/cocondedeco\" target=\"_blank\"><strong>En savoir plus &amp; acc\u00e9der \u00e0 Patreon<\/strong><\/a><\/p>\n\n\n\n<h2 class=\"wp-block-heading\">Diff\u00e9rence entre style \u00e9clectique &amp; style vintage moderne - la question du m\u00e9lange <\/h2>\n\n\n\n<p>Le style \u00e9clectique par d\u00e9finition est un m\u00e9lange. Je vous propose pas mal de <a rel=\"noreferrer noopener\" aria-label=\"visites d\u00e9co (s\u2019ouvre dans un nouvel onglet)\" href=\"https:\/\/www.cocondedecoration.com\/blog\/2023\/12\/maison-pastel-vintage-eclectique\/\" target=\"_blank\">visites d\u00e9co<\/a> d'ailleurs dans ce style parce que le m\u00e9lange offre des possibilit\u00e9s infinies de combinaisons (et donc d'inspirations). Le m\u00e9lange est \u00e0 plusieurs niveaux: m\u00e9lange de styles, d'\u00e9poques, de couleurs, de motifs. Ce mixe peut donner des d\u00e9cors assez originaux, s'inscrivant parfois dans une dynamique maximaliste. Beaucoup d'objets, de motifs, de meubles... et j'en passe. Le maximalisme n'est pas une obligation mais en m\u00e9langeant toute sorte d'objet on peut vite avoir un d\u00e9cor charg\u00e9. <br>A lire \u00e9galement: <a href=\"https:\/\/www.cocondedecoration.com\/blog\/2023\/01\/caracteristique-decoration-eclectique\/\" target=\"_blank\" rel=\"noreferrer noopener\" aria-label=\"8 mani\u00e8res d'adopter le style \u00e9clectique chez soi (s\u2019ouvre dans un nouvel onglet)\">8 mani\u00e8res d'adopter le style \u00e9clectique chez soi<\/a> <\/p>\n\n\n\n<p>Le style vintage moderne quant \u00e0 lui est beaucoup plus doux sur cette question de m\u00e9lange. On peut m\u00e9langer diff\u00e9rentes \u00e9poques mais bien souvent, elles s'inscrivent dans un certain prolongement temporel. Par exemple, associer des meubles mid century modern (entre les ann\u00e9es 40 et 60) avec des objets du d\u00e9but des ann\u00e9es 70. La rupture esth\u00e9tique est moins flagrante qu'avec le style \u00e9clectique. Par ailleurs, la question du maximalisme n'a pas tout \u00e0 fait lieu d'\u00eatre quand on parle de <a href=\"https:\/\/www.cocondedecoration.com\/blog\/2023\/11\/salle-a-manger-deco-vintage-moderne\/\" target=\"_blank\" rel=\"noreferrer noopener\" aria-label=\"vintage moderne (s\u2019ouvre dans un nouvel onglet)\">vintage moderne<\/a>. Certains courants design sont plus minimalistes et on va tendre \u00e0 cr\u00e9er un int\u00e9rieur plus \u00e9pur\u00e9. <\/p>\n\n\n\n<div class=\"wp-block-image\"><figure class=\"aligncenter\"><img loading=\"lazy\" decoding=\"async\" width=\"1000\" height=\"1500\" src=\"https:\/\/www.cocondedecoration.com\/blog\/wp-content\/uploads\/2024\/01\/style-eclectique-ou-decor-vintage-moderne-1.jpeg\" alt=\"style eclectique ou decor vintage moderne salle \u00e0 manger table en bois plateau fin chaise design biblioth\u00e8que string\" class=\"wp-image-71006\" srcset=\"https:\/\/www.cocondedecoration.com\/blog\/wp-content\/uploads\/2024\/01\/style-eclectique-ou-decor-vintage-moderne-1.jpeg 1000w, https:\/\/www.cocondedecoration.com\/blog\/wp-content\/uploads\/2024\/01\/style-eclectique-ou-decor-vintage-moderne-1-260x390.jpeg 260w, https:\/\/www.cocondedecoration.com\/blog\/wp-content\/uploads\/2024\/01\/style-eclectique-ou-decor-vintage-moderne-1-768x1152.jpeg 768w, https:\/\/www.cocondedecoration.com\/blog\/wp-content\/uploads\/2024\/01\/style-eclectique-ou-decor-vintage-moderne-1-640x960.jpeg 640w, https:\/\/www.cocondedecoration.com\/blog\/wp-content\/uploads\/2024\/01\/style-eclectique-ou-decor-vintage-moderne-1-367x550.jpeg 367w, https:\/\/www.cocondedecoration.com\/blog\/wp-content\/uploads\/2024\/01\/style-eclectique-ou-decor-vintage-moderne-1-333x500.jpeg 333w\" sizes=\"(max-width: 1000px) 100vw, 1000px\" \/><figcaption>instagram.com\n<\/figcaption><\/figure><\/div>\n\n\n\n<ul class=\"wp-block-gallery columns-2 is-cropped wp-block-gallery-1 is-layout-flex wp-block-gallery-is-layout-flex\"><li class=\"blocks-gallery-item\"><figure><img loading=\"lazy\" decoding=\"async\" width=\"640\" height=\"960\" src=\"https:\/\/www.cocondedecoration.com\/blog\/wp-content\/uploads\/2024\/01\/style-eclectique-ou-decor-vintage-moderne-2-640x960.jpeg\" alt=\"style eclectique ou decor vintage moderne salon m\u00e9lange de couleurs et de motifs maximalisme d\u00e9co murale\" data-id=\"71007\" data-link=\"https:\/\/www.cocondedecoration.com\/blog\/?attachment_id=71007\" class=\"wp-image-71007\" srcset=\"https:\/\/www.cocondedecoration.com\/blog\/wp-content\/uploads\/2024\/01\/style-eclectique-ou-decor-vintage-moderne-2-640x960.jpeg 640w, https:\/\/www.cocondedecoration.com\/blog\/wp-content\/uploads\/2024\/01\/style-eclectique-ou-decor-vintage-moderne-2-260x390.jpeg 260w, https:\/\/www.cocondedecoration.com\/blog\/wp-content\/uploads\/2024\/01\/style-eclectique-ou-decor-vintage-moderne-2-768x1152.jpeg 768w, https:\/\/www.cocondedecoration.com\/blog\/wp-content\/uploads\/2024\/01\/style-eclectique-ou-decor-vintage-moderne-2-367x550.jpeg 367w, https:\/\/www.cocondedecoration.com\/blog\/wp-content\/uploads\/2024\/01\/style-eclectique-ou-decor-vintage-moderne-2-333x500.jpeg 333w, https:\/\/www.cocondedecoration.com\/blog\/wp-content\/uploads\/2024\/01\/style-eclectique-ou-decor-vintage-moderne-2.jpeg 1000w\" sizes=\"(max-width: 640px) 100vw, 640px\" \/><figcaption>fredericmagazine.com\n<\/figcaption><\/figure><\/li><li class=\"blocks-gallery-item\"><figure><img loading=\"lazy\" decoding=\"async\" width=\"640\" height=\"960\" src=\"https:\/\/www.cocondedecoration.com\/blog\/wp-content\/uploads\/2024\/01\/style-eclectique-ou-decor-vintage-moderne-3-640x960.jpeg\" alt=\"style eclectique ou decor vintage moderne salle \u00e0 manger ann\u00e9es 50 60 couleur bois et beige douceur plantes vertes\" data-id=\"71009\" data-link=\"https:\/\/www.cocondedecoration.com\/blog\/?attachment_id=71009\" class=\"wp-image-71009\" srcset=\"https:\/\/www.cocondedecoration.com\/blog\/wp-content\/uploads\/2024\/01\/style-eclectique-ou-decor-vintage-moderne-3-640x960.jpeg 640w, https:\/\/www.cocondedecoration.com\/blog\/wp-content\/uploads\/2024\/01\/style-eclectique-ou-decor-vintage-moderne-3-260x390.jpeg 260w, https:\/\/www.cocondedecoration.com\/blog\/wp-content\/uploads\/2024\/01\/style-eclectique-ou-decor-vintage-moderne-3-768x1152.jpeg 768w, https:\/\/www.cocondedecoration.com\/blog\/wp-content\/uploads\/2024\/01\/style-eclectique-ou-decor-vintage-moderne-3-367x550.jpeg 367w, https:\/\/www.cocondedecoration.com\/blog\/wp-content\/uploads\/2024\/01\/style-eclectique-ou-decor-vintage-moderne-3-333x500.jpeg 333w, https:\/\/www.cocondedecoration.com\/blog\/wp-content\/uploads\/2024\/01\/style-eclectique-ou-decor-vintage-moderne-3.jpeg 1000w\" sizes=\"(max-width: 640px) 100vw, 640px\" \/><figcaption>architecturaldigest.com\n<\/figcaption><\/figure><\/li><\/ul>\n\n\n\n<h2 class=\"wp-block-heading\">Des \u00e9poques plus cibl\u00e9es dans les int\u00e9rieurs vintage moderne <\/h2>\n\n\n\n<p>Dans les int\u00e9rieurs vintage moderne, j'ai le sentiment qu'on accorde plus de place au design, \u00e0 la d\u00e9marche des designers que dans les d\u00e9cors \u00e9clectiques o\u00f9 l'esth\u00e9tique prime. Cela joue consid\u00e9rablement sur l'id\u00e9e d'\u00e9poque. Je l'ai \u00e9voqu\u00e9 dans le paragraphe pr\u00e9c\u00e9dent, dans le vintage moderne, on va chercher une certaine continuit\u00e9 et donc des meubles, des objets, des couleurs m\u00eame qui seront contemporains les uns des autres. Imaginons que vous aimiez le style moderniste. Je n'ai pas encore eu le temps de le traiter dans ma s\u00e9rie d'articles autour du design &amp; de l'histoire mais ce n'est pas grave. Dans ce courant design, on retrouve les Eames, Jean Prouv\u00e9, <a href=\"https:\/\/www.cocondedecoration.com\/blog\/2023\/10\/objet-design-culte-femme\/\" target=\"_blank\" rel=\"noreferrer noopener\" aria-label=\"Charlotte Perriand (s\u2019ouvre dans un nouvel onglet)\">Charlotte Perriand<\/a> ou encore Marcel Breuer. M\u00eame si tout votre mobilier n'a pas \u00e9t\u00e9 imagin\u00e9 et con\u00e7u par l'un de ces grands noms du design, on s'orientera vers des meubles qui reprennent l'esprit, qui s'en inspirent. <br>Ceci peut vous int\u00e9resser: <a rel=\"noreferrer noopener\" aria-label=\"Qu'est-ce que le style vintage moderne? Et comment l'adopter?  (s\u2019ouvre dans un nouvel onglet)\" href=\"https:\/\/www.cocondedecoration.com\/blog\/2023\/09\/caracteristiques-decoration-vintage-moderne\/\" target=\"_blank\">Qu'est-ce que le style vintage moderne? Et comment l'adopter? <\/a><\/p>\n\n\n\n<div class=\"wp-block-image\"><figure class=\"aligncenter\"><img loading=\"lazy\" decoding=\"async\" width=\"1000\" height=\"1500\" src=\"https:\/\/www.cocondedecoration.com\/blog\/wp-content\/uploads\/2024\/01\/style-eclectique-ou-decor-vintage-moderne-4.jpeg\" alt=\"style eclectique ou decor vintage moderne salon s\u00e9jour m\u00e9lange de motifs tapis pois noir et blanc d\u00e9cor mural tableaux color\u00e9 canap\u00e9 rose\" class=\"wp-image-71011\" srcset=\"https:\/\/www.cocondedecoration.com\/blog\/wp-content\/uploads\/2024\/01\/style-eclectique-ou-decor-vintage-moderne-4.jpeg 1000w, https:\/\/www.cocondedecoration.com\/blog\/wp-content\/uploads\/2024\/01\/style-eclectique-ou-decor-vintage-moderne-4-260x390.jpeg 260w, https:\/\/www.cocondedecoration.com\/blog\/wp-content\/uploads\/2024\/01\/style-eclectique-ou-decor-vintage-moderne-4-768x1152.jpeg 768w, https:\/\/www.cocondedecoration.com\/blog\/wp-content\/uploads\/2024\/01\/style-eclectique-ou-decor-vintage-moderne-4-640x960.jpeg 640w, https:\/\/www.cocondedecoration.com\/blog\/wp-content\/uploads\/2024\/01\/style-eclectique-ou-decor-vintage-moderne-4-367x550.jpeg 367w, https:\/\/www.cocondedecoration.com\/blog\/wp-content\/uploads\/2024\/01\/style-eclectique-ou-decor-vintage-moderne-4-333x500.jpeg 333w\" sizes=\"(max-width: 1000px) 100vw, 1000px\" \/><figcaption>decorilla.com\n<\/figcaption><\/figure><\/div>\n\n\n\n<ul class=\"wp-block-gallery columns-2 is-cropped wp-block-gallery-2 is-layout-flex wp-block-gallery-is-layout-flex\"><li class=\"blocks-gallery-item\"><figure><img loading=\"lazy\" decoding=\"async\" width=\"640\" height=\"960\" src=\"https:\/\/www.cocondedecoration.com\/blog\/wp-content\/uploads\/2024\/01\/style-eclectique-ou-decor-vintage-moderne-5-640x960.jpeg\" alt=\"style eclectique ou decor vintage moderne salon ann\u00e9es 40 60 canap\u00e9 bleu fauteuil ocre table en bois noyer\" data-id=\"71005\" data-link=\"https:\/\/www.cocondedecoration.com\/blog\/?attachment_id=71005\" class=\"wp-image-71005\" srcset=\"https:\/\/www.cocondedecoration.com\/blog\/wp-content\/uploads\/2024\/01\/style-eclectique-ou-decor-vintage-moderne-5-640x960.jpeg 640w, https:\/\/www.cocondedecoration.com\/blog\/wp-content\/uploads\/2024\/01\/style-eclectique-ou-decor-vintage-moderne-5-260x390.jpeg 260w, https:\/\/www.cocondedecoration.com\/blog\/wp-content\/uploads\/2024\/01\/style-eclectique-ou-decor-vintage-moderne-5-768x1152.jpeg 768w, https:\/\/www.cocondedecoration.com\/blog\/wp-content\/uploads\/2024\/01\/style-eclectique-ou-decor-vintage-moderne-5-367x550.jpeg 367w, https:\/\/www.cocondedecoration.com\/blog\/wp-content\/uploads\/2024\/01\/style-eclectique-ou-decor-vintage-moderne-5-333x500.jpeg 333w, https:\/\/www.cocondedecoration.com\/blog\/wp-content\/uploads\/2024\/01\/style-eclectique-ou-decor-vintage-moderne-5.jpeg 1000w\" sizes=\"(max-width: 640px) 100vw, 640px\" \/><figcaption>axxla.com\n<\/figcaption><\/figure><\/li><li class=\"blocks-gallery-item\"><figure><img loading=\"lazy\" decoding=\"async\" width=\"640\" height=\"960\" src=\"https:\/\/www.cocondedecoration.com\/blog\/wp-content\/uploads\/2024\/01\/style-eclectique-ou-decor-vintage-moderne-6-640x960.jpeg\" alt=\"style eclectique ou decor vintage moderne meuble de rangement bas orange galerie de cadres m\u00e9lange d'affiches couleurs\" data-id=\"71008\" data-link=\"https:\/\/www.cocondedecoration.com\/blog\/?attachment_id=71008\" class=\"wp-image-71008\" srcset=\"https:\/\/www.cocondedecoration.com\/blog\/wp-content\/uploads\/2024\/01\/style-eclectique-ou-decor-vintage-moderne-6-640x960.jpeg 640w, https:\/\/www.cocondedecoration.com\/blog\/wp-content\/uploads\/2024\/01\/style-eclectique-ou-decor-vintage-moderne-6-260x390.jpeg 260w, https:\/\/www.cocondedecoration.com\/blog\/wp-content\/uploads\/2024\/01\/style-eclectique-ou-decor-vintage-moderne-6-768x1152.jpeg 768w, https:\/\/www.cocondedecoration.com\/blog\/wp-content\/uploads\/2024\/01\/style-eclectique-ou-decor-vintage-moderne-6-367x550.jpeg 367w, https:\/\/www.cocondedecoration.com\/blog\/wp-content\/uploads\/2024\/01\/style-eclectique-ou-decor-vintage-moderne-6-333x500.jpeg 333w, https:\/\/www.cocondedecoration.com\/blog\/wp-content\/uploads\/2024\/01\/style-eclectique-ou-decor-vintage-moderne-6.jpeg 1000w\" sizes=\"(max-width: 640px) 100vw, 640px\" \/><figcaption>emmajanepalin.com\n<\/figcaption><\/figure><\/li><\/ul>\n\n\n\n<div style=\"height:20px\" aria-hidden=\"true\" class=\"wp-block-spacer\"><\/div>\n\n\n\n<div class=\"wp-block-media-text alignwide\"><figure class=\"wp-block-media-text__media\"><img loading=\"lazy\" decoding=\"async\" width=\"640\" height=\"366\" src=\"https:\/\/www.cocondedecoration.com\/blog\/wp-content\/uploads\/2023\/12\/newsletter-patreon-640x366.png\" alt=\"\" class=\"wp-image-70176\" srcset=\"https:\/\/www.cocondedecoration.com\/blog\/wp-content\/uploads\/2023\/12\/newsletter-patreon-640x366.png 640w, https:\/\/www.cocondedecoration.com\/blog\/wp-content\/uploads\/2023\/12\/newsletter-patreon-260x149.png 260w, https:\/\/www.cocondedecoration.com\/blog\/wp-content\/uploads\/2023\/12\/newsletter-patreon-768x439.png 768w, https:\/\/www.cocondedecoration.com\/blog\/wp-content\/uploads\/2023\/12\/newsletter-patreon-465x266.png 465w, https:\/\/www.cocondedecoration.com\/blog\/wp-content\/uploads\/2023\/12\/newsletter-patreon-695x397.png 695w, https:\/\/www.cocondedecoration.com\/blog\/wp-content\/uploads\/2023\/12\/newsletter-patreon.png 1050w\" sizes=\"(max-width: 640px) 100vw, 640px\" \/><\/figure><div class=\"wp-block-media-text__content\">\n<p style=\"text-align:center\"><strong>La newsletter du blog est sur Patreon<\/strong><\/p>\n\n\n\n<p>Devenez membre gratuitement de mon Patron pour lire toutes les newsletters du blog &amp; recevoir une notification quand les prochaines seront en ligne. <\/p>\n\n\n\n<div class=\"wp-block-button aligncenter\"><a class=\"wp-block-button__link\" href=\"https:\/\/www.patreon.com\/cocondedeco\">Acc\u00e9der \u00e0 Patreon gratuitement<\/a><\/div>\n<\/div><\/div>\n\n\n\n<div style=\"height:30px\" aria-hidden=\"true\" class=\"wp-block-spacer\"><\/div>\n\n\n\n<h2 class=\"wp-block-heading\">La place des couleurs &amp; des motifs n'est pas tout \u00e0 fait la m\u00eame entre les 2 styles <\/h2>\n\n\n\n<p>Dans les d\u00e9cors \u00e9clectiques, on remarque une juxtaposition de motifs et de couleurs. On est toujours dans cette question de m\u00e9lange qui pour certains peut sembler de mauvais go\u00fbt (perso, je ne suis pas l\u00e0 pour juger!). Le motif l\u00e9opard va \u00eatre associ\u00e9 au tartan, \u00e0 des couleurs vives comme le bleu \u00e9lectrique ou encore du vert franc. Les <a href=\"https:\/\/www.cocondedecoration.com\/blog\/2023\/01\/deco-dessus-buffet-style-eclectique\/\" target=\"_blank\" rel=\"noreferrer noopener\" aria-label=\"objets d\u00e9co (s\u2019ouvre dans un nouvel onglet)\">objets d\u00e9co<\/a> vont se parer de motifs et de couleurs. Il y a profusion de messages visuels. <\/p>\n\n\n\n<p>Une nouvelle fois le style vintage moderne va se diff\u00e9rencier du style \u00e9clectique gr\u00e2ce \u00e0 une certaine forme de sobri\u00e9t\u00e9. Les couleurs choisies seront plus repr\u00e9sentatives d'une \u00e9poque donn\u00e9e. Idem pour les motifs. Dans les ann\u00e9es 40 par exemple, les couleurs sont \u00e9pur\u00e9es avec une certaine forme de modernisme. On trouve du blanc, des couleurs douces comme le beige ou du bleu tendre. Dans les ann\u00e9es 60 en revanche, les couleurs sont plus groovy, plus soutenues. On va trouver du vert avocat, du terracotta, de l'ocre... le tout associ\u00e9 \u00e0 du noir et du blanc. Il n'y a que 2 d\u00e9cennies de diff\u00e9rence mais les palettes de couleurs sont sensiblement diff\u00e9rentes. Evidemment, rien ne vous emp\u00eache de varier les couleurs et les motifs mais il y aura moins d'\u00e9clectisme, de m\u00e9lange dans un style vintage moderne.  <\/p>\n\n\n\n<div class=\"wp-block-image\"><figure class=\"aligncenter\"><img loading=\"lazy\" decoding=\"async\" width=\"1000\" height=\"1500\" src=\"https:\/\/www.cocondedecoration.com\/blog\/wp-content\/uploads\/2024\/01\/style-eclectique-ou-decor-vintage-moderne-7.jpeg\" alt=\"style eclectique ou decor vintage moderne salon s\u00e9jour mur rose fauteuil Eames jaune plantes vertes canap\u00e9 bleu gris\" class=\"wp-image-71010\" srcset=\"https:\/\/www.cocondedecoration.com\/blog\/wp-content\/uploads\/2024\/01\/style-eclectique-ou-decor-vintage-moderne-7.jpeg 1000w, https:\/\/www.cocondedecoration.com\/blog\/wp-content\/uploads\/2024\/01\/style-eclectique-ou-decor-vintage-moderne-7-260x390.jpeg 260w, https:\/\/www.cocondedecoration.com\/blog\/wp-content\/uploads\/2024\/01\/style-eclectique-ou-decor-vintage-moderne-7-768x1152.jpeg 768w, https:\/\/www.cocondedecoration.com\/blog\/wp-content\/uploads\/2024\/01\/style-eclectique-ou-decor-vintage-moderne-7-640x960.jpeg 640w, https:\/\/www.cocondedecoration.com\/blog\/wp-content\/uploads\/2024\/01\/style-eclectique-ou-decor-vintage-moderne-7-367x550.jpeg 367w, https:\/\/www.cocondedecoration.com\/blog\/wp-content\/uploads\/2024\/01\/style-eclectique-ou-decor-vintage-moderne-7-333x500.jpeg 333w\" sizes=\"(max-width: 1000px) 100vw, 1000px\" \/><figcaption>blog.sampleboard.com\n<\/figcaption><\/figure><\/div>\n\n\n\n<ul class=\"wp-block-gallery aligncenter columns-2 is-cropped wp-block-gallery-3 is-layout-flex wp-block-gallery-is-layout-flex\"><li class=\"blocks-gallery-item\"><figure><img loading=\"lazy\" decoding=\"async\" width=\"640\" height=\"960\" src=\"https:\/\/www.cocondedecoration.com\/blog\/wp-content\/uploads\/2024\/01\/style-eclectique-ou-decor-vintage-moderne-8-640x960.jpeg\" alt=\"style eclectique ou decor vintage moderne salon hype color\u00e9 mur terracotta rouge tapis et canap\u00e9 \u00e0 rayure maximalisme m\u00e9lange mix and match\" data-id=\"71012\" data-link=\"https:\/\/www.cocondedecoration.com\/blog\/?attachment_id=71012\" class=\"wp-image-71012\" srcset=\"https:\/\/www.cocondedecoration.com\/blog\/wp-content\/uploads\/2024\/01\/style-eclectique-ou-decor-vintage-moderne-8-640x960.jpeg 640w, https:\/\/www.cocondedecoration.com\/blog\/wp-content\/uploads\/2024\/01\/style-eclectique-ou-decor-vintage-moderne-8-260x390.jpeg 260w, https:\/\/www.cocondedecoration.com\/blog\/wp-content\/uploads\/2024\/01\/style-eclectique-ou-decor-vintage-moderne-8-768x1152.jpeg 768w, https:\/\/www.cocondedecoration.com\/blog\/wp-content\/uploads\/2024\/01\/style-eclectique-ou-decor-vintage-moderne-8-367x550.jpeg 367w, https:\/\/www.cocondedecoration.com\/blog\/wp-content\/uploads\/2024\/01\/style-eclectique-ou-decor-vintage-moderne-8-333x500.jpeg 333w, https:\/\/www.cocondedecoration.com\/blog\/wp-content\/uploads\/2024\/01\/style-eclectique-ou-decor-vintage-moderne-8.jpeg 1000w\" sizes=\"(max-width: 640px) 100vw, 640px\" \/><figcaption>leaveydesign.com\n<\/figcaption><\/figure><\/li><li class=\"blocks-gallery-item\"><figure><img loading=\"lazy\" decoding=\"async\" width=\"640\" height=\"960\" src=\"https:\/\/www.cocondedecoration.com\/blog\/wp-content\/uploads\/2024\/01\/style-eclectique-ou-decor-vintage-moderne-9-640x960.jpeg\" alt=\"style eclectique ou decor vintage moderne chambre \u00e0 coucher mid century modern mur terracotta t\u00eate de lit jaune ocre mobilier en bois\" data-id=\"71013\" data-link=\"https:\/\/www.cocondedecoration.com\/blog\/?attachment_id=71013\" class=\"wp-image-71013\" srcset=\"https:\/\/www.cocondedecoration.com\/blog\/wp-content\/uploads\/2024\/01\/style-eclectique-ou-decor-vintage-moderne-9-640x960.jpeg 640w, https:\/\/www.cocondedecoration.com\/blog\/wp-content\/uploads\/2024\/01\/style-eclectique-ou-decor-vintage-moderne-9-260x390.jpeg 260w, https:\/\/www.cocondedecoration.com\/blog\/wp-content\/uploads\/2024\/01\/style-eclectique-ou-decor-vintage-moderne-9-768x1152.jpeg 768w, https:\/\/www.cocondedecoration.com\/blog\/wp-content\/uploads\/2024\/01\/style-eclectique-ou-decor-vintage-moderne-9-367x550.jpeg 367w, https:\/\/www.cocondedecoration.com\/blog\/wp-content\/uploads\/2024\/01\/style-eclectique-ou-decor-vintage-moderne-9-333x500.jpeg 333w, https:\/\/www.cocondedecoration.com\/blog\/wp-content\/uploads\/2024\/01\/style-eclectique-ou-decor-vintage-moderne-9.jpeg 1000w\" sizes=\"(max-width: 640px) 100vw, 640px\" \/><figcaption>dgexp.de\n<\/figcaption><\/figure><\/li><\/ul>\n\n\n\n<p>M\u00eame s'il y a souvent une part tr\u00e8s instinctive quand on choisit sa nouvelle d\u00e9coration, je trouve int\u00e9ressant d'aller plus loin que juste l'instinct. J'aime quand on sait pourquoi on place tel meuble \u00e0 tel endroit par exemple, cela donne du sens \u00e0 sa d\u00e9co (et en vivant dans un d\u00e9cor qui a du sens pour nous, j'aime \u00e0 croire qu'on se lasse moins vite). J'aime aussi l'id\u00e9e de avoir d'o\u00f9 vient le meuble ou l'objet choisis, quelle \u00e9tait la d\u00e9marche du designer, o\u00f9 nous l'avons chin\u00e9, etc. Et m\u00eame si ici, j'insiste sur la diff\u00e9rence entre les deux styles, c'est avant tout dans cette id\u00e9e de sens. Si vous avez envie de vous affranchir de certaines limites impos\u00e9es par l'\u00e9poque, allez-y! Cela ne donnera que plus de charme et de personnalit\u00e9 \u00e0 votre int\u00e9rieur! <\/p>\n\n\n\n<div class=\"wp-block-columns has-2-columns is-layout-flex wp-container-core-columns-layout-1 wp-block-columns-is-layout-flex\">\n<div class=\"wp-block-column is-layout-flow wp-block-column-is-layout-flow\"><div class='white' style='background:rgba(0,0,0,0); border:solid 0px rgba(0,0,0,0); border-radius:0px; padding:0px 0px 0px 0px;'>\n<div id='slider_67011' class='owl-carousel sa_owl_theme owl-pagination-true autohide-arrows' data-slider-id='slider_67011' style='visibility:hidden;'>\n<div id='slider_67011_slide01' class='sa_hover_container' style='padding:5% 5%; margin:0px 0%; '><p><a href=\"https:\/\/www.cocondedecoration.com\/blog\/wp-content\/uploads\/2023\/09\/meuble-deco-vintage-maisons-du-monde-1.jpeg\"><img loading=\"lazy\" decoding=\"async\" class=\"aligncenter size-large wp-image-67013\" src=\"https:\/\/www.cocondedecoration.com\/blog\/wp-content\/uploads\/2023\/09\/meuble-deco-vintage-maisons-du-monde-1-640x640.jpeg\" alt=\"meuble deco vintage maisons du monde Fauteuil vintage vert kaki\" width=\"640\" height=\"640\" srcset=\"https:\/\/www.cocondedecoration.com\/blog\/wp-content\/uploads\/2023\/09\/meuble-deco-vintage-maisons-du-monde-1-640x640.jpeg 640w, https:\/\/www.cocondedecoration.com\/blog\/wp-content\/uploads\/2023\/09\/meuble-deco-vintage-maisons-du-monde-1-165x165.jpeg 165w, https:\/\/www.cocondedecoration.com\/blog\/wp-content\/uploads\/2023\/09\/meuble-deco-vintage-maisons-du-monde-1-260x260.jpeg 260w, https:\/\/www.cocondedecoration.com\/blog\/wp-content\/uploads\/2023\/09\/meuble-deco-vintage-maisons-du-monde-1-465x465.jpeg 465w, https:\/\/www.cocondedecoration.com\/blog\/wp-content\/uploads\/2023\/09\/meuble-deco-vintage-maisons-du-monde-1-500x500.jpeg 500w, https:\/\/www.cocondedecoration.com\/blog\/wp-content\/uploads\/2023\/09\/meuble-deco-vintage-maisons-du-monde-1.jpeg 650w\" sizes=\"(max-width: 640px) 100vw, 640px\" \/><\/a><\/p><\/div>\n<div id='slider_67011_slide02' class='sa_hover_container' style='padding:5% 5%; margin:0px 0%; '><p><a href=\"https:\/\/www.cocondedecoration.com\/blog\/wp-content\/uploads\/2023\/09\/deco-design-vintage-1.jpeg\"><img loading=\"lazy\" decoding=\"async\" class=\"aligncenter size-large wp-image-67018\" src=\"https:\/\/www.cocondedecoration.com\/blog\/wp-content\/uploads\/2023\/09\/deco-design-vintage-1-640x640.jpeg\" alt=\"deco design vintage Lampe sans fil\" width=\"640\" height=\"640\" srcset=\"https:\/\/www.cocondedecoration.com\/blog\/wp-content\/uploads\/2023\/09\/deco-design-vintage-1-640x640.jpeg 640w, https:\/\/www.cocondedecoration.com\/blog\/wp-content\/uploads\/2023\/09\/deco-design-vintage-1-165x165.jpeg 165w, https:\/\/www.cocondedecoration.com\/blog\/wp-content\/uploads\/2023\/09\/deco-design-vintage-1-260x260.jpeg 260w, https:\/\/www.cocondedecoration.com\/blog\/wp-content\/uploads\/2023\/09\/deco-design-vintage-1-465x465.jpeg 465w, https:\/\/www.cocondedecoration.com\/blog\/wp-content\/uploads\/2023\/09\/deco-design-vintage-1-500x500.jpeg 500w, https:\/\/www.cocondedecoration.com\/blog\/wp-content\/uploads\/2023\/09\/deco-design-vintage-1.jpeg 650w\" sizes=\"(max-width: 640px) 100vw, 640px\" \/><\/a><\/p><\/div>\n<div id='slider_67011_slide03' class='sa_hover_container' style='padding:5% 5%; margin:0px 0%; '><p><a href=\"https:\/\/www.cocondedecoration.com\/blog\/wp-content\/uploads\/2023\/09\/deco-mobilier-vintage-drawer-1.jpeg\"><img loading=\"lazy\" decoding=\"async\" class=\"aligncenter size-large wp-image-67023\" src=\"https:\/\/www.cocondedecoration.com\/blog\/wp-content\/uploads\/2023\/09\/deco-mobilier-vintage-drawer-1-640x640.jpeg\" alt=\"deco mobilier vintage drawer Chaise en bois et simili\" width=\"640\" height=\"640\" srcset=\"https:\/\/www.cocondedecoration.com\/blog\/wp-content\/uploads\/2023\/09\/deco-mobilier-vintage-drawer-1-640x640.jpeg 640w, https:\/\/www.cocondedecoration.com\/blog\/wp-content\/uploads\/2023\/09\/deco-mobilier-vintage-drawer-1-165x165.jpeg 165w, https:\/\/www.cocondedecoration.com\/blog\/wp-content\/uploads\/2023\/09\/deco-mobilier-vintage-drawer-1-260x260.jpeg 260w, https:\/\/www.cocondedecoration.com\/blog\/wp-content\/uploads\/2023\/09\/deco-mobilier-vintage-drawer-1-465x465.jpeg 465w, https:\/\/www.cocondedecoration.com\/blog\/wp-content\/uploads\/2023\/09\/deco-mobilier-vintage-drawer-1-500x500.jpeg 500w, https:\/\/www.cocondedecoration.com\/blog\/wp-content\/uploads\/2023\/09\/deco-mobilier-vintage-drawer-1.jpeg 650w\" sizes=\"(max-width: 640px) 100vw, 640px\" \/><\/a><\/p><\/div>\n<div id='slider_67011_slide04' class='sa_hover_container' style='padding:5% 5%; margin:0px 0%; '><p><a href=\"https:\/\/www.cocondedecoration.com\/blog\/wp-content\/uploads\/2023\/09\/meuble-deco-vintage-maisons-du-monde-2.jpeg\"><img loading=\"lazy\" decoding=\"async\" class=\"aligncenter size-large wp-image-67014\" src=\"https:\/\/www.cocondedecoration.com\/blog\/wp-content\/uploads\/2023\/09\/meuble-deco-vintage-maisons-du-monde-2-640x640.jpeg\" alt=\"meuble deco vintage maisons du monde Buffet vintage 2 portes\" width=\"640\" height=\"640\" srcset=\"https:\/\/www.cocondedecoration.com\/blog\/wp-content\/uploads\/2023\/09\/meuble-deco-vintage-maisons-du-monde-2-640x640.jpeg 640w, https:\/\/www.cocondedecoration.com\/blog\/wp-content\/uploads\/2023\/09\/meuble-deco-vintage-maisons-du-monde-2-165x165.jpeg 165w, https:\/\/www.cocondedecoration.com\/blog\/wp-content\/uploads\/2023\/09\/meuble-deco-vintage-maisons-du-monde-2-260x260.jpeg 260w, https:\/\/www.cocondedecoration.com\/blog\/wp-content\/uploads\/2023\/09\/meuble-deco-vintage-maisons-du-monde-2-465x465.jpeg 465w, https:\/\/www.cocondedecoration.com\/blog\/wp-content\/uploads\/2023\/09\/meuble-deco-vintage-maisons-du-monde-2-500x500.jpeg 500w, https:\/\/www.cocondedecoration.com\/blog\/wp-content\/uploads\/2023\/09\/meuble-deco-vintage-maisons-du-monde-2.jpeg 650w\" sizes=\"(max-width: 640px) 100vw, 640px\" \/><\/a><\/p><\/div>\n<div id='slider_67011_slide05' class='sa_hover_container' style='padding:5% 5%; margin:0px 0%; '><p><a href=\"https:\/\/www.cocondedecoration.com\/blog\/wp-content\/uploads\/2023\/09\/deco-design-vintage-2.jpeg\"><img loading=\"lazy\" decoding=\"async\" class=\"aligncenter size-large wp-image-67019\" src=\"https:\/\/www.cocondedecoration.com\/blog\/wp-content\/uploads\/2023\/09\/deco-design-vintage-2-640x640.jpeg\" alt=\"deco design vintage Carte Inde politique et \u00e9conomique 100x80\" width=\"640\" height=\"640\" srcset=\"https:\/\/www.cocondedecoration.com\/blog\/wp-content\/uploads\/2023\/09\/deco-design-vintage-2-640x640.jpeg 640w, https:\/\/www.cocondedecoration.com\/blog\/wp-content\/uploads\/2023\/09\/deco-design-vintage-2-165x165.jpeg 165w, https:\/\/www.cocondedecoration.com\/blog\/wp-content\/uploads\/2023\/09\/deco-design-vintage-2-260x260.jpeg 260w, https:\/\/www.cocondedecoration.com\/blog\/wp-content\/uploads\/2023\/09\/deco-design-vintage-2-465x465.jpeg 465w, https:\/\/www.cocondedecoration.com\/blog\/wp-content\/uploads\/2023\/09\/deco-design-vintage-2-500x500.jpeg 500w, https:\/\/www.cocondedecoration.com\/blog\/wp-content\/uploads\/2023\/09\/deco-design-vintage-2.jpeg 650w\" sizes=\"(max-width: 640px) 100vw, 640px\" \/><\/a><\/p><\/div>\n<div id='slider_67011_slide06' class='sa_hover_container' style='padding:5% 5%; margin:0px 0%; '><p><a href=\"https:\/\/www.cocondedecoration.com\/blog\/wp-content\/uploads\/2023\/09\/deco-mobilier-vintage-drawer-2.jpeg\"><img loading=\"lazy\" decoding=\"async\" class=\"aligncenter size-large wp-image-67024\" src=\"https:\/\/www.cocondedecoration.com\/blog\/wp-content\/uploads\/2023\/09\/deco-mobilier-vintage-drawer-2-640x640.jpeg\" alt=\"deco mobilier vintage drawer Chaise r\u00e9tro capitonn\u00e9e\" width=\"640\" height=\"640\" srcset=\"https:\/\/www.cocondedecoration.com\/blog\/wp-content\/uploads\/2023\/09\/deco-mobilier-vintage-drawer-2-640x640.jpeg 640w, https:\/\/www.cocondedecoration.com\/blog\/wp-content\/uploads\/2023\/09\/deco-mobilier-vintage-drawer-2-165x165.jpeg 165w, https:\/\/www.cocondedecoration.com\/blog\/wp-content\/uploads\/2023\/09\/deco-mobilier-vintage-drawer-2-260x260.jpeg 260w, https:\/\/www.cocondedecoration.com\/blog\/wp-content\/uploads\/2023\/09\/deco-mobilier-vintage-drawer-2-465x465.jpeg 465w, https:\/\/www.cocondedecoration.com\/blog\/wp-content\/uploads\/2023\/09\/deco-mobilier-vintage-drawer-2-500x500.jpeg 500w, https:\/\/www.cocondedecoration.com\/blog\/wp-content\/uploads\/2023\/09\/deco-mobilier-vintage-drawer-2.jpeg 650w\" sizes=\"(max-width: 640px) 100vw, 640px\" \/><\/a><\/p><\/div>\n<div id='slider_67011_slide07' class='sa_hover_container' style='padding:5% 5%; margin:0px 0%; '><p><a href=\"https:\/\/www.cocondedecoration.com\/blog\/wp-content\/uploads\/2023\/09\/meuble-deco-vintage-maisons-du-monde-3.jpeg\"><img loading=\"lazy\" decoding=\"async\" class=\"aligncenter size-large wp-image-67015\" src=\"https:\/\/www.cocondedecoration.com\/blog\/wp-content\/uploads\/2023\/09\/meuble-deco-vintage-maisons-du-monde-3-640x640.jpeg\" alt=\"meuble deco vintage maisons du monde R\u00e9veil r\u00e9tro rouge\" width=\"640\" height=\"640\" srcset=\"https:\/\/www.cocondedecoration.com\/blog\/wp-content\/uploads\/2023\/09\/meuble-deco-vintage-maisons-du-monde-3-640x640.jpeg 640w, https:\/\/www.cocondedecoration.com\/blog\/wp-content\/uploads\/2023\/09\/meuble-deco-vintage-maisons-du-monde-3-165x165.jpeg 165w, https:\/\/www.cocondedecoration.com\/blog\/wp-content\/uploads\/2023\/09\/meuble-deco-vintage-maisons-du-monde-3-260x260.jpeg 260w, https:\/\/www.cocondedecoration.com\/blog\/wp-content\/uploads\/2023\/09\/meuble-deco-vintage-maisons-du-monde-3-465x465.jpeg 465w, https:\/\/www.cocondedecoration.com\/blog\/wp-content\/uploads\/2023\/09\/meuble-deco-vintage-maisons-du-monde-3-500x500.jpeg 500w, https:\/\/www.cocondedecoration.com\/blog\/wp-content\/uploads\/2023\/09\/meuble-deco-vintage-maisons-du-monde-3.jpeg 650w\" sizes=\"(max-width: 640px) 100vw, 640px\" \/><\/a><\/p><\/div>\n<div id='slider_67011_slide08' class='sa_hover_container' style='padding:5% 5%; margin:0px 0%; '><p><a href=\"https:\/\/www.cocondedecoration.com\/blog\/wp-content\/uploads\/2023\/09\/deco-design-vintage-3.jpeg\"><img loading=\"lazy\" decoding=\"async\" class=\"aligncenter size-large wp-image-67020\" src=\"https:\/\/www.cocondedecoration.com\/blog\/wp-content\/uploads\/2023\/09\/deco-design-vintage-3-640x640.jpeg\" alt=\"deco design vintage Fauteuil en fr\u00eane et tissu beige\" width=\"640\" height=\"640\" srcset=\"https:\/\/www.cocondedecoration.com\/blog\/wp-content\/uploads\/2023\/09\/deco-design-vintage-3-640x640.jpeg 640w, https:\/\/www.cocondedecoration.com\/blog\/wp-content\/uploads\/2023\/09\/deco-design-vintage-3-165x165.jpeg 165w, https:\/\/www.cocondedecoration.com\/blog\/wp-content\/uploads\/2023\/09\/deco-design-vintage-3-260x260.jpeg 260w, https:\/\/www.cocondedecoration.com\/blog\/wp-content\/uploads\/2023\/09\/deco-design-vintage-3-465x465.jpeg 465w, https:\/\/www.cocondedecoration.com\/blog\/wp-content\/uploads\/2023\/09\/deco-design-vintage-3-500x500.jpeg 500w, https:\/\/www.cocondedecoration.com\/blog\/wp-content\/uploads\/2023\/09\/deco-design-vintage-3.jpeg 650w\" sizes=\"(max-width: 640px) 100vw, 640px\" \/><\/a><\/p><\/div>\n<div id='slider_67011_slide09' class='sa_hover_container' style='padding:5% 5%; margin:0px 0%; '><p><a href=\"https:\/\/www.cocondedecoration.com\/blog\/wp-content\/uploads\/2023\/09\/deco-mobilier-vintage-drawer-3.jpeg\"><img loading=\"lazy\" decoding=\"async\" class=\"aligncenter size-large wp-image-67025\" src=\"https:\/\/www.cocondedecoration.com\/blog\/wp-content\/uploads\/2023\/09\/deco-mobilier-vintage-drawer-3-640x640.jpeg\" alt=\"deco mobilier vintage drawer Pouf rectangulaire vintage\" width=\"640\" height=\"640\" srcset=\"https:\/\/www.cocondedecoration.com\/blog\/wp-content\/uploads\/2023\/09\/deco-mobilier-vintage-drawer-3-640x640.jpeg 640w, https:\/\/www.cocondedecoration.com\/blog\/wp-content\/uploads\/2023\/09\/deco-mobilier-vintage-drawer-3-165x165.jpeg 165w, https:\/\/www.cocondedecoration.com\/blog\/wp-content\/uploads\/2023\/09\/deco-mobilier-vintage-drawer-3-260x260.jpeg 260w, https:\/\/www.cocondedecoration.com\/blog\/wp-content\/uploads\/2023\/09\/deco-mobilier-vintage-drawer-3-465x465.jpeg 465w, https:\/\/www.cocondedecoration.com\/blog\/wp-content\/uploads\/2023\/09\/deco-mobilier-vintage-drawer-3-500x500.jpeg 500w, https:\/\/www.cocondedecoration.com\/blog\/wp-content\/uploads\/2023\/09\/deco-mobilier-vintage-drawer-3.jpeg 650w\" sizes=\"(max-width: 640px) 100vw, 640px\" \/><\/a><\/p><\/div>\n<div id='slider_67011_slide10' class='sa_hover_container' style='padding:5% 5%; margin:0px 0%; '><p><a href=\"https:\/\/www.cocondedecoration.com\/blog\/wp-content\/uploads\/2023\/09\/meuble-deco-vintage-maisons-du-monde-4.jpeg\"><img loading=\"lazy\" decoding=\"async\" class=\"aligncenter size-large wp-image-67016\" src=\"https:\/\/www.cocondedecoration.com\/blog\/wp-content\/uploads\/2023\/09\/meuble-deco-vintage-maisons-du-monde-4-640x640.jpeg\" alt=\"meuble deco vintage maisons du monde Biblioth\u00e8que vintage 3 tiroirs 1 porte en ch\u00eane massif\" width=\"640\" height=\"640\" srcset=\"https:\/\/www.cocondedecoration.com\/blog\/wp-content\/uploads\/2023\/09\/meuble-deco-vintage-maisons-du-monde-4-640x640.jpeg 640w, https:\/\/www.cocondedecoration.com\/blog\/wp-content\/uploads\/2023\/09\/meuble-deco-vintage-maisons-du-monde-4-165x165.jpeg 165w, https:\/\/www.cocondedecoration.com\/blog\/wp-content\/uploads\/2023\/09\/meuble-deco-vintage-maisons-du-monde-4-260x260.jpeg 260w, https:\/\/www.cocondedecoration.com\/blog\/wp-content\/uploads\/2023\/09\/meuble-deco-vintage-maisons-du-monde-4-465x465.jpeg 465w, https:\/\/www.cocondedecoration.com\/blog\/wp-content\/uploads\/2023\/09\/meuble-deco-vintage-maisons-du-monde-4-500x500.jpeg 500w, https:\/\/www.cocondedecoration.com\/blog\/wp-content\/uploads\/2023\/09\/meuble-deco-vintage-maisons-du-monde-4.jpeg 650w\" sizes=\"(max-width: 640px) 100vw, 640px\" \/><\/a><\/p><\/div>\n<div id='slider_67011_slide11' class='sa_hover_container' style='padding:5% 5%; margin:0px 0%; '><p><a href=\"https:\/\/www.cocondedecoration.com\/blog\/wp-content\/uploads\/2023\/09\/deco-design-vintage-4.jpeg\"><img loading=\"lazy\" decoding=\"async\" class=\"aligncenter size-large wp-image-67021\" src=\"https:\/\/www.cocondedecoration.com\/blog\/wp-content\/uploads\/2023\/09\/deco-design-vintage-4-640x640.jpeg\" alt=\"deco design vintage Laiton carr\u00e9 arrondi 58 cm\" width=\"640\" height=\"640\" srcset=\"https:\/\/www.cocondedecoration.com\/blog\/wp-content\/uploads\/2023\/09\/deco-design-vintage-4-640x640.jpeg 640w, https:\/\/www.cocondedecoration.com\/blog\/wp-content\/uploads\/2023\/09\/deco-design-vintage-4-165x165.jpeg 165w, https:\/\/www.cocondedecoration.com\/blog\/wp-content\/uploads\/2023\/09\/deco-design-vintage-4-260x260.jpeg 260w, https:\/\/www.cocondedecoration.com\/blog\/wp-content\/uploads\/2023\/09\/deco-design-vintage-4-465x465.jpeg 465w, https:\/\/www.cocondedecoration.com\/blog\/wp-content\/uploads\/2023\/09\/deco-design-vintage-4-500x500.jpeg 500w, https:\/\/www.cocondedecoration.com\/blog\/wp-content\/uploads\/2023\/09\/deco-design-vintage-4.jpeg 650w\" sizes=\"(max-width: 640px) 100vw, 640px\" \/><\/a><\/p><\/div>\n<div id='slider_67011_slide12' class='sa_hover_container' style='padding:5% 5%; margin:0px 0%; '><p><a href=\"https:\/\/www.cocondedecoration.com\/blog\/wp-content\/uploads\/2023\/09\/deco-mobilier-vintage-drawer-4.jpeg\"><img loading=\"lazy\" decoding=\"async\" class=\"aligncenter size-large wp-image-67026\" src=\"https:\/\/www.cocondedecoration.com\/blog\/wp-content\/uploads\/2023\/09\/deco-mobilier-vintage-drawer-4-640x640.jpeg\" alt=\"deco mobilier vintage drawer Canap\u00e9 3 places vintage cognac\" width=\"640\" height=\"640\" srcset=\"https:\/\/www.cocondedecoration.com\/blog\/wp-content\/uploads\/2023\/09\/deco-mobilier-vintage-drawer-4-640x640.jpeg 640w, https:\/\/www.cocondedecoration.com\/blog\/wp-content\/uploads\/2023\/09\/deco-mobilier-vintage-drawer-4-165x165.jpeg 165w, https:\/\/www.cocondedecoration.com\/blog\/wp-content\/uploads\/2023\/09\/deco-mobilier-vintage-drawer-4-260x260.jpeg 260w, https:\/\/www.cocondedecoration.com\/blog\/wp-content\/uploads\/2023\/09\/deco-mobilier-vintage-drawer-4-465x465.jpeg 465w, https:\/\/www.cocondedecoration.com\/blog\/wp-content\/uploads\/2023\/09\/deco-mobilier-vintage-drawer-4-500x500.jpeg 500w, https:\/\/www.cocondedecoration.com\/blog\/wp-content\/uploads\/2023\/09\/deco-mobilier-vintage-drawer-4.jpeg 650w\" sizes=\"(max-width: 640px) 100vw, 640px\" \/><\/a><\/p><\/div>\n<div id='slider_67011_slide13' class='sa_hover_container' style='padding:5% 5%; margin:0px 0%; '><p><a href=\"https:\/\/www.cocondedecoration.com\/blog\/wp-content\/uploads\/2023\/09\/meuble-deco-vintage-maisons-du-monde-5.jpeg\"><img loading=\"lazy\" decoding=\"async\" class=\"aligncenter size-large wp-image-67017\" src=\"https:\/\/www.cocondedecoration.com\/blog\/wp-content\/uploads\/2023\/09\/meuble-deco-vintage-maisons-du-monde-5-640x640.jpeg\" alt=\"meuble deco vintage maisons du monde Chaise de bureau r\u00e9glable \u00e0 roulettes \u00e9crue et cannage en rotin\" width=\"640\" height=\"640\" srcset=\"https:\/\/www.cocondedecoration.com\/blog\/wp-content\/uploads\/2023\/09\/meuble-deco-vintage-maisons-du-monde-5-640x640.jpeg 640w, https:\/\/www.cocondedecoration.com\/blog\/wp-content\/uploads\/2023\/09\/meuble-deco-vintage-maisons-du-monde-5-165x165.jpeg 165w, https:\/\/www.cocondedecoration.com\/blog\/wp-content\/uploads\/2023\/09\/meuble-deco-vintage-maisons-du-monde-5-260x260.jpeg 260w, https:\/\/www.cocondedecoration.com\/blog\/wp-content\/uploads\/2023\/09\/meuble-deco-vintage-maisons-du-monde-5-465x465.jpeg 465w, https:\/\/www.cocondedecoration.com\/blog\/wp-content\/uploads\/2023\/09\/meuble-deco-vintage-maisons-du-monde-5-500x500.jpeg 500w, https:\/\/www.cocondedecoration.com\/blog\/wp-content\/uploads\/2023\/09\/meuble-deco-vintage-maisons-du-monde-5.jpeg 650w\" sizes=\"(max-width: 640px) 100vw, 640px\" \/><\/a><\/p><\/div>\n<div id='slider_67011_slide14' class='sa_hover_container' style='padding:5% 5%; margin:0px 0%; '><p><a href=\"https:\/\/www.cocondedecoration.com\/blog\/wp-content\/uploads\/2023\/09\/deco-design-vintage-5.jpeg\"><img loading=\"lazy\" decoding=\"async\" class=\"aligncenter size-large wp-image-67022\" src=\"https:\/\/www.cocondedecoration.com\/blog\/wp-content\/uploads\/2023\/09\/deco-design-vintage-5-640x640.jpeg\" alt=\"deco design vintage Suspension en m\u00e9tal noir\" width=\"640\" height=\"640\" srcset=\"https:\/\/www.cocondedecoration.com\/blog\/wp-content\/uploads\/2023\/09\/deco-design-vintage-5-640x640.jpeg 640w, https:\/\/www.cocondedecoration.com\/blog\/wp-content\/uploads\/2023\/09\/deco-design-vintage-5-165x165.jpeg 165w, https:\/\/www.cocondedecoration.com\/blog\/wp-content\/uploads\/2023\/09\/deco-design-vintage-5-260x260.jpeg 260w, https:\/\/www.cocondedecoration.com\/blog\/wp-content\/uploads\/2023\/09\/deco-design-vintage-5-465x465.jpeg 465w, https:\/\/www.cocondedecoration.com\/blog\/wp-content\/uploads\/2023\/09\/deco-design-vintage-5-500x500.jpeg 500w, https:\/\/www.cocondedecoration.com\/blog\/wp-content\/uploads\/2023\/09\/deco-design-vintage-5.jpeg 650w\" sizes=\"(max-width: 640px) 100vw, 640px\" \/><\/a><\/p><\/div>\n<div id='slider_67011_slide15' class='sa_hover_container' style='padding:5% 5%; margin:0px 0%; '><p><a href=\"https:\/\/www.cocondedecoration.com\/blog\/wp-content\/uploads\/2023\/09\/deco-mobilier-vintage-drawer-5.jpeg\"><img loading=\"lazy\" decoding=\"async\" class=\"aligncenter size-large wp-image-67027\" src=\"https:\/\/www.cocondedecoration.com\/blog\/wp-content\/uploads\/2023\/09\/deco-mobilier-vintage-drawer-5-640x640.jpeg\" alt=\"deco mobilier vintage drawer Porte revues vintage cuir et m\u00e9tal\" width=\"640\" height=\"640\" srcset=\"https:\/\/www.cocondedecoration.com\/blog\/wp-content\/uploads\/2023\/09\/deco-mobilier-vintage-drawer-5-640x640.jpeg 640w, https:\/\/www.cocondedecoration.com\/blog\/wp-content\/uploads\/2023\/09\/deco-mobilier-vintage-drawer-5-165x165.jpeg 165w, https:\/\/www.cocondedecoration.com\/blog\/wp-content\/uploads\/2023\/09\/deco-mobilier-vintage-drawer-5-260x260.jpeg 260w, https:\/\/www.cocondedecoration.com\/blog\/wp-content\/uploads\/2023\/09\/deco-mobilier-vintage-drawer-5-465x465.jpeg 465w, https:\/\/www.cocondedecoration.com\/blog\/wp-content\/uploads\/2023\/09\/deco-mobilier-vintage-drawer-5-500x500.jpeg 500w, https:\/\/www.cocondedecoration.com\/blog\/wp-content\/uploads\/2023\/09\/deco-mobilier-vintage-drawer-5.jpeg 650w\" sizes=\"(max-width: 640px) 100vw, 640px\" \/><\/a><\/p><\/div>\n<\/div>\n<\/div>\n<script type='text\/javascript'>\n\tjQuery(document).ready(function() {\n\t\tjQuery('#slider_67011').owlCarousel({\n\t\t\titems : 1,\n\t\t\tsmartSpeed : 200,\n\t\t\tautoplay : true,\n\t\t\tautoplayTimeout : 5000,\n\t\t\tautoplayHoverPause : true,\n\t\t\tsmartSpeed : 200,\n\t\t\tfluidSpeed : 200,\n\t\t\tautoplaySpeed : 200,\n\t\t\tnavSpeed : 200,\n\t\t\tdotsSpeed : 200,\n\t\t\tloop : true,\n\t\t\tnav : true,\n\t\t\tnavText : ['Previous','Next'],\n\t\t\tdots : true,\n\t\t\tresponsiveRefreshRate : 200,\n\t\t\tslideBy : 1,\n\t\t\tmergeFit : true,\n\t\t\tautoHeight : false,\n\t\t\tmouseDrag : false,\n\t\t\ttouchDrag : true\n\t\t});\n\t\tjQuery('#slider_67011').css('visibility', 'visible');\n\t\tsa_resize_slider_67011();\n\t\twindow.addEventListener('resize', sa_resize_slider_67011);\n\t\tfunction sa_resize_slider_67011() {\n\t\t\tvar min_height = '50';\n\t\t\tvar win_width = jQuery(window).width();\n\t\t\tvar slider_width = jQuery('#slider_67011').width();\n\t\t\tif (win_width < 480) {\n\t\t\t\tvar slide_width = slider_width \/ 1;\n\t\t\t} else if (win_width < 768) {\n\t\t\t\tvar slide_width = slider_width \/ 1;\n\t\t\t} else if (win_width < 980) {\n\t\t\t\tvar slide_width = slider_width \/ 1;\n\t\t\t} else if (win_width < 1200) {\n\t\t\t\tvar slide_width = slider_width \/ 1;\n\t\t\t} else if (win_width < 1500) {\n\t\t\t\tvar slide_width = slider_width \/ 1;\n\t\t\t} else {\n\t\t\t\tvar slide_width = slider_width \/ 1;\n\t\t\t}\n\t\t\tslide_width = Math.round(slide_width);\n\t\t\tvar slide_height = '0';\n\t\t\tif (min_height == 'aspect43') {\n\t\t\t\tslide_height = (slide_width \/ 4) * 3;\t\t\t\tslide_height = Math.round(slide_height);\n\t\t\t} else if (min_height == 'aspect169') {\n\t\t\t\tslide_height = (slide_width \/ 16) * 9;\t\t\t\tslide_height = Math.round(slide_height);\n\t\t\t} else {\n\t\t\t\tslide_height = (slide_width \/ 100) * min_height;\t\t\t\tslide_height = Math.round(slide_height);\n\t\t\t}\n\t\t\tjQuery('#slider_67011 .owl-item .sa_hover_container').css('min-height', slide_height+'px');\n\t\t}\n\t\tvar owl_goto = jQuery('#slider_67011');\n\t\tjQuery('.slider_67011_goto1').click(function(event){\n\t\t\towl_goto.trigger('to.owl.carousel', 0);\n\t\t});\n\t\tjQuery('.slider_67011_goto2').click(function(event){\n\t\t\towl_goto.trigger('to.owl.carousel', 1);\n\t\t});\n\t\tjQuery('.slider_67011_goto3').click(function(event){\n\t\t\towl_goto.trigger('to.owl.carousel', 2);\n\t\t});\n\t\tjQuery('.slider_67011_goto4').click(function(event){\n\t\t\towl_goto.trigger('to.owl.carousel', 3);\n\t\t});\n\t\tjQuery('.slider_67011_goto5').click(function(event){\n\t\t\towl_goto.trigger('to.owl.carousel', 4);\n\t\t});\n\t\tjQuery('.slider_67011_goto6').click(function(event){\n\t\t\towl_goto.trigger('to.owl.carousel', 5);\n\t\t});\n\t\tjQuery('.slider_67011_goto7').click(function(event){\n\t\t\towl_goto.trigger('to.owl.carousel', 6);\n\t\t});\n\t\tjQuery('.slider_67011_goto8').click(function(event){\n\t\t\towl_goto.trigger('to.owl.carousel', 7);\n\t\t});\n\t\tjQuery('.slider_67011_goto9').click(function(event){\n\t\t\towl_goto.trigger('to.owl.carousel', 8);\n\t\t});\n\t\tjQuery('.slider_67011_goto10').click(function(event){\n\t\t\towl_goto.trigger('to.owl.carousel', 9);\n\t\t});\n\t\tjQuery('.slider_67011_goto11').click(function(event){\n\t\t\towl_goto.trigger('to.owl.carousel', 10);\n\t\t});\n\t\tjQuery('.slider_67011_goto12').click(function(event){\n\t\t\towl_goto.trigger('to.owl.carousel', 11);\n\t\t});\n\t\tjQuery('.slider_67011_goto13').click(function(event){\n\t\t\towl_goto.trigger('to.owl.carousel', 12);\n\t\t});\n\t\tjQuery('.slider_67011_goto14').click(function(event){\n\t\t\towl_goto.trigger('to.owl.carousel', 13);\n\t\t});\n\t\tjQuery('.slider_67011_goto15').click(function(event){\n\t\t\towl_goto.trigger('to.owl.carousel', 14);\n\t\t});\n\t\tvar resize_67011 = jQuery('.owl-carousel');\n\t\tresize_67011.on('initialized.owl.carousel', function(e) {\n\t\t\tif (typeof(Event) === 'function') {\n\t\t\t\twindow.dispatchEvent(new Event('resize'));\n\t\t\t} else {\n\t\t\t\tvar evt = window.document.createEvent('UIEvents');\n\t\t\t\tevt.initUIEvent('resize', true, false, window, 0);\n\t\t\t\twindow.dispatchEvent(evt);\n\t\t\t}\n\t\t});\n\t});\n<\/script>\n\n<\/div>\n\n\n\n<div class=\"wp-block-column is-layout-flow wp-block-column-is-layout-flow\">\n<p style=\"text-align:center\" class=\"has-medium-font-size\">Envie d'un int\u00e9rieur aux accents vintage?  <\/p>\n\n\n\n<ol><li><a rel=\"noreferrer noopener\" aria-label=\"Fauteuil vintage vert kaki (s\u2019ouvre dans un nouvel onglet)\" href=\"https:\/\/fnty.co\/c\/r-tKaFUdkd\" target=\"_blank\">Fauteuil vintage vert kaki<\/a> - Maisons du Monde <\/li><li><a rel=\"noreferrer noopener\" aria-label=\"Lampe sans fil (s\u2019ouvre dans un nouvel onglet)\" href=\"https:\/\/fnty.co\/c\/r-wRoKjdBp\" target=\"_blank\">Lampe sans fil<\/a> - The Cool Republic<\/li><li><a rel=\"noreferrer noopener\" aria-label=\"Chaise en bois et simili (s\u2019ouvre dans un nouvel onglet)\" href=\"https:\/\/c3po.link\/QVsAcuyf7H\" target=\"_blank\">Chaise en bois et simili<\/a> - Drawer <\/li><li><a rel=\"noreferrer noopener\" aria-label=\"Buffet vintage 2 portes (s\u2019ouvre dans un nouvel onglet)\" href=\"https:\/\/fnty.co\/c\/r-HFrsztTT\" target=\"_blank\">Buffet vintage 2 portes<\/a> - Maisons du Monde<\/li><li><a rel=\"noreferrer noopener\" aria-label=\"Carte Inde politique et \u00e9conomique (s\u2019ouvre dans un nouvel onglet)\" href=\"https:\/\/fnty.co\/c\/r-RmbayVmf\" target=\"_blank\">Carte Inde politique et \u00e9conomique<\/a> - The Cool Republic<\/li><li><a rel=\"noreferrer noopener\" aria-label=\"Chaise r\u00e9tro capitonn\u00e9e (s\u2019ouvre dans un nouvel onglet)\" href=\"https:\/\/c3po.link\/QybzejjQYY\" target=\"_blank\">Chaise r\u00e9tro capitonn\u00e9e<\/a> - Drawer<\/li><li><a rel=\"noreferrer noopener\" aria-label=\"R\u00e9veil r\u00e9tro rouge (s\u2019ouvre dans un nouvel onglet)\" href=\"https:\/\/fnty.co\/c\/r-CDywjMQM\" target=\"_blank\">R\u00e9veil r\u00e9tro rouge<\/a> - Maisons du Monde<\/li><li><a rel=\"noreferrer noopener\" aria-label=\"Fauteuil en fr\u00eane et tissu beige (s\u2019ouvre dans un nouvel onglet)\" href=\"https:\/\/fnty.co\/c\/r-QajamiKc\" target=\"_blank\">Fauteuil en fr\u00eane et tissu beige<\/a> - The Cool Republic<\/li><li><a rel=\"noreferrer noopener\" aria-label=\"Pouf rectangulaire vintage (s\u2019ouvre dans un nouvel onglet)\" href=\"https:\/\/c3po.link\/QzqvXBuBcf\" target=\"_blank\">Pouf rectangulaire vintage<\/a> - Drawer<\/li><li><a rel=\"noreferrer noopener\" aria-label=\"Biblioth\u00e8que vintage 3 tiroirs 1 porte en ch\u00eane massif (s\u2019ouvre dans un nouvel onglet)\" href=\"https:\/\/fnty.co\/c\/r-JbfuQBfe\" target=\"_blank\">Biblioth\u00e8que vintage 3 tiroirs 1 porte en ch\u00eane massif<\/a> - Maisons du Monde <\/li><li><a rel=\"noreferrer noopener\" aria-label=\"Miroir en Laiton carr\u00e9 arrondi (s\u2019ouvre dans un nouvel onglet)\" href=\"https:\/\/fnty.co\/c\/r-YVFLiWij\" target=\"_blank\">Miroir en Laiton carr\u00e9 arrondi<\/a> - The Cool Republic<\/li><li><a rel=\"noreferrer noopener\" aria-label=\"Canap\u00e9 3 places vintage (s\u2019ouvre dans un nouvel onglet)\" href=\"https:\/\/c3po.link\/Q9QMwcZ7gN\" target=\"_blank\">Canap\u00e9 3 places vintage<\/a> - Drawer<\/li><li><a rel=\"noreferrer noopener\" aria-label=\"Chaise de bureau r\u00e9glable \u00e0 roulettes \u00e9crue et cannage en rotin (s\u2019ouvre dans un nouvel onglet)\" href=\"https:\/\/fnty.co\/c\/r-TVXnDQID\" target=\"_blank\">Chaise de bureau r\u00e9glable \u00e0 roulettes \u00e9crue et cannage en rotin<\/a> - Maisons du Monde <\/li><li><a rel=\"noreferrer noopener\" aria-label=\"Suspension en m\u00e9tal noir (s\u2019ouvre dans un nouvel onglet)\" href=\"https:\/\/fnty.co\/c\/r-kbqnyqCS\" target=\"_blank\">Suspension en m\u00e9tal noir<\/a> - The Cool Republic<\/li><li><a href=\"https:\/\/c3po.link\/QWcS7nuFuJ\" target=\"_blank\" rel=\"noreferrer noopener\" aria-label=\"Porte revues vintage cuir et m\u00e9tal (s\u2019ouvre dans un nouvel onglet)\">Porte revues vintage cuir et m\u00e9tal<\/a> - Drawer<\/li><\/ol>\n\n\n\n<p style=\"text-align:center\">A lire aussi: <a rel=\"noreferrer noopener\" aria-label=\"8 mani\u00e8res d'adopter le style vintage chez soi (s\u2019ouvre dans un nouvel onglet)\" href=\"https:\/\/www.cocondedecoration.com\/blog\/2023\/06\/caracteristique-decoration-vintage\/\" target=\"_blank\"><strong>8 mani\u00e8res d'adopter le style vintage chez soi<\/strong><\/a><\/p>\n<\/div>\n<\/div>\n\n\n\n<hr class=\"wp-block-separator\"\/>\n\n\n\n<div class=\"wp-block-columns has-2-columns is-layout-flex wp-container-core-columns-layout-2 wp-block-columns-is-layout-flex\">\n<div class=\"wp-block-column is-layout-flow wp-block-column-is-layout-flow\">\n<p style=\"text-align:center\" class=\"has-medium-font-size\">A lire \u00e9galement<\/p>\n\n\n<ul class=\"wp-block-latest-posts__list wp-block-latest-posts\"><li><a class=\"wp-block-latest-posts__post-title\" href=\"https:\/\/www.cocondedecoration.com\/blog\/2025\/04\/mix-deco-kinfolk-vintage\/\">Mix kinfolk et vintage &#8211; 10 exemples d\u00e9co inspirants<\/a><\/li>\n<li><a class=\"wp-block-latest-posts__post-title\" href=\"https:\/\/www.cocondedecoration.com\/blog\/2024\/04\/maison-neuve-style-annees-50\/\">Construire une maison neuve dans un style vintage californien | visite d\u00e9co<\/a><\/li>\n<li><a class=\"wp-block-latest-posts__post-title\" href=\"https:\/\/www.cocondedecoration.com\/blog\/2024\/02\/decoration-vintage-metal-chrome\/\">Une touche de chrome pour un clin d&rsquo;oeil aux ann\u00e9es 70 dans son int\u00e9rieur | trendy<\/a><\/li>\n<li><a class=\"wp-block-latest-posts__post-title\" href=\"https:\/\/www.cocondedecoration.com\/blog\/2024\/01\/differences-style-eclectique-decor-vintage\/\">Quelles sont les diff\u00e9rences entre une d\u00e9co \u00e9clectique &#038; un int\u00e9rieur vintage moderne? | d\u00e9cryptage<\/a><\/li>\n<li><a class=\"wp-block-latest-posts__post-title\" href=\"https:\/\/www.cocondedecoration.com\/blog\/2023\/12\/style-memphis-decoration\/\">Design &#038; Histoire | Le style Memphis des ann\u00e9es 80<\/a><\/li>\n<li><a class=\"wp-block-latest-posts__post-title\" href=\"https:\/\/www.cocondedecoration.com\/blog\/2023\/12\/tendances-decoration-interieure-2024\/\">Trendy |\u00a0Quelles sont les grandes tendances d\u00e9co pour 2024?<\/a><\/li>\n<li><a class=\"wp-block-latest-posts__post-title\" href=\"https:\/\/www.cocondedecoration.com\/blog\/2023\/10\/loft-decor-eclectique-vintage\/\">Visite d\u00e9co | Un ancien atelier transform\u00e9 en loft \u00e9clectique<\/a><\/li>\n<\/ul><\/div>\n\n\n\n<div class=\"wp-block-column is-layout-flow wp-block-column-is-layout-flow\">\n<p class=\"has-text-align-center has-medium-font-size\">Ne perdons pas contact \ud83d\ude42 Rejoignez moi sur <a href=\"https:\/\/www.pinterest.fr\/cocondedeco\/\" target=\"_blank\" rel=\"noopener\" title=\"\">Pinterest<\/a> |\u00a0<a href=\"https:\/\/www.threads.net\/@cocondedeco\" target=\"_blank\" rel=\"noopener\" title=\"\">Threads<\/a> | <a href=\"https:\/\/www.patreon.com\/collection\/162946?view=expanded\" target=\"_blank\" rel=\"noopener\" title=\"\">la Newsletter<\/a> <br>Vous aimez lire le blog? Vous souhaitez continuer \u00e0 le lire? <a href=\"https:\/\/www.patreon.com\/cocondedeco\" target=\"_blank\" rel=\"noopener\" title=\"\">Devenez m\u00e9c\u00e8ne<\/a> sur Patreon et contribuez \u00e0 sa survie. <\/p>\n<\/div>\n<\/div>\n\n\n\n<div class=\"wp-block-image\"><figure class=\"aligncenter\"><img loading=\"lazy\" decoding=\"async\" width=\"732\" height=\"488\" src=\"https:\/\/www.cocondedecoration.com\/blog\/wp-content\/uploads\/2024\/01\/decoration-vintage-eclectique-photo.jpeg\" alt=\"decoration vintage eclectique photo salon s\u00e9jour meuble chin\u00e9 couleur objets d\u00e9coratifs\" class=\"wp-image-71015\" srcset=\"https:\/\/www.cocondedecoration.com\/blog\/wp-content\/uploads\/2024\/01\/decoration-vintage-eclectique-photo.jpeg 732w, https:\/\/www.cocondedecoration.com\/blog\/wp-content\/uploads\/2024\/01\/decoration-vintage-eclectique-photo-260x173.jpeg 260w, https:\/\/www.cocondedecoration.com\/blog\/wp-content\/uploads\/2024\/01\/decoration-vintage-eclectique-photo-640x427.jpeg 640w, https:\/\/www.cocondedecoration.com\/blog\/wp-content\/uploads\/2024\/01\/decoration-vintage-eclectique-photo-465x310.jpeg 465w, https:\/\/www.cocondedecoration.com\/blog\/wp-content\/uploads\/2024\/01\/decoration-vintage-eclectique-photo-695x463.jpeg 695w\" sizes=\"(max-width: 732px) 100vw, 732px\" \/><figcaption>blog.canadianloghomes.com<\/figcaption><\/figure><\/div>\n","protected":false},"excerpt":{"rendered":"<p>Tout au long de l&rsquo;ann\u00e9e pass\u00e9e, je vous ai propos\u00e9 de nombreux articles autour du vintage. C&rsquo;est un univers qui peut prendre bien des formes et cela le rend d&rsquo;autant plus int\u00e9ressant. Je vous ai souvent parl\u00e9 de d\u00e9cors \u00e9clectiques et d&rsquo;univers vintage moderne. Dans les deux cas, le vintage<span class=\"more-link\"><a href=\"https:\/\/www.cocondedecoration.com\/blog\/2024\/01\/differences-style-eclectique-decor-vintage\/\">Lire la suite<\/a><\/span><\/p>\n","protected":false},"author":1,"featured_media":71015,"comment_status":"open","ping_status":"open","sticky":false,"template":"","format":"standard","meta":{"om_disable_all_campaigns":false,"_monsterinsights_skip_tracking":false,"_monsterinsights_sitenote_active":false,"_monsterinsights_sitenote_note":"","_monsterinsights_sitenote_category":0,"_uf_show_specific_survey":0,"_uf_disable_surveys":false,"footnotes":""},"categories":[52415,10503,4],"tags":[56551,56528,56552,56524,2945,56401,52809,9565,17322,9694,56531,56540,56543,56544,56548,37572,56534,56541,37571,56533,56539,56532,36432,56536,56527,56525,56526,44407,56549,56546,56537,56529,56547,56538,56545,56550,56542,56530,56535],"aioseo_notices":[],"_links":{"self":[{"href":"https:\/\/www.cocondedecoration.com\/blog\/wp-json\/wp\/v2\/posts\/71004"}],"collection":[{"href":"https:\/\/www.cocondedecoration.com\/blog\/wp-json\/wp\/v2\/posts"}],"about":[{"href":"https:\/\/www.cocondedecoration.com\/blog\/wp-json\/wp\/v2\/types\/post"}],"author":[{"embeddable":true,"href":"https:\/\/www.cocondedecoration.com\/blog\/wp-json\/wp\/v2\/users\/1"}],"replies":[{"embeddable":true,"href":"https:\/\/www.cocondedecoration.com\/blog\/wp-json\/wp\/v2\/comments?post=71004"}],"version-history":[{"count":0,"href":"https:\/\/www.cocondedecoration.com\/blog\/wp-json\/wp\/v2\/posts\/71004\/revisions"}],"wp:featuredmedia":[{"embeddable":true,"href":"https:\/\/www.cocondedecoration.com\/blog\/wp-json\/wp\/v2\/media\/71015"}],"wp:attachment":[{"href":"https:\/\/www.cocondedecoration.com\/blog\/wp-json\/wp\/v2\/media?parent=71004"}],"wp:term":[{"taxonomy":"category","embeddable":true,"href":"https:\/\/www.cocondedecoration.com\/blog\/wp-json\/wp\/v2\/categories?post=71004"},{"taxonomy":"post_tag","embeddable":true,"href":"https:\/\/www.cocondedecoration.com\/blog\/wp-json\/wp\/v2\/tags?post=71004"}],"curies":[{"name":"wp","href":"https:\/\/api.w.org\/{rel}","templated":true}]}}