{"id":70230,"date":"2023-12-08T05:52:25","date_gmt":"2023-12-08T03:52:25","guid":{"rendered":"https:\/\/www.cocondedecoration.com\/blog\/?p=70230"},"modified":"2024-12-14T07:56:05","modified_gmt":"2024-12-14T05:56:05","slug":"ou-trouver-objet-decoratif-funky","status":"publish","type":"post","link":"https:\/\/www.cocondedecoration.com\/blog\/2023\/12\/ou-trouver-objet-decoratif-funky\/","title":{"rendered":"Shopping d\u00e9co | Des objets d\u00e9coratifs pour un int\u00e9rieur plus funky"},"content":{"rendered":"\n<p>J'en parlais il y a quelques jours quand j'abordais la th\u00e9matique <a href=\"https:\/\/www.cocondedecoration.com\/blog\/2023\/12\/tendances-decoration-interieure-2024\/\" target=\"_blank\" rel=\"noreferrer noopener\" aria-label=\"des tendances d\u00e9co pour 2024 (s\u2019ouvre dans un nouvel onglet)\">des tendances d\u00e9co pour 2024<\/a>, le style funky devrait \u00eatre plus pr\u00e9sent dans les mois \u00e0 venir. Il me parle bien ce style et c'est pourquoi je n'attends pas l'ann\u00e9e prochaine pour l'aborder. On a de la couleur, une part d'inattendu, d'amusement, de r\u00e9tro qui me parle bien. J'aime bien quand la d\u00e9coration ne se prend pas trop au s\u00e9rieux et surtout quand elle nous met de bonne humeur. Le style funky est dans l'absolu assez charg\u00e9, il y a une part de maximalisme qui entre en jeu dans la cr\u00e9ation d'un tel univers. Et donc, aujourd'hui je vous propose une s\u00e9lection d'objets qui pourraient vous aider \u00e0 cr\u00e9er un d\u00e9cor joyeux et original. <\/p>\n\n\n\n<!--more-->\n\n\n\n<div style=\"height:20px\" aria-hidden=\"true\" class=\"wp-block-spacer\"><\/div>\n\n\n\n<div class=\"wp-block-media-text alignwide\"><figure class=\"wp-block-media-text__media\"><img loading=\"lazy\" decoding=\"async\" width=\"640\" height=\"366\" src=\"https:\/\/www.cocondedecoration.com\/blog\/wp-content\/uploads\/2023\/12\/newsletter-patreon-640x366.png\" alt=\"\" class=\"wp-image-70176\" srcset=\"https:\/\/www.cocondedecoration.com\/blog\/wp-content\/uploads\/2023\/12\/newsletter-patreon-640x366.png 640w, https:\/\/www.cocondedecoration.com\/blog\/wp-content\/uploads\/2023\/12\/newsletter-patreon-260x149.png 260w, https:\/\/www.cocondedecoration.com\/blog\/wp-content\/uploads\/2023\/12\/newsletter-patreon-768x439.png 768w, https:\/\/www.cocondedecoration.com\/blog\/wp-content\/uploads\/2023\/12\/newsletter-patreon-465x266.png 465w, https:\/\/www.cocondedecoration.com\/blog\/wp-content\/uploads\/2023\/12\/newsletter-patreon-695x397.png 695w, https:\/\/www.cocondedecoration.com\/blog\/wp-content\/uploads\/2023\/12\/newsletter-patreon.png 1050w\" sizes=\"(max-width: 640px) 100vw, 640px\" \/><\/figure><div class=\"wp-block-media-text__content\">\n<p style=\"text-align:center\"><strong>La newsletter du blog est sur Patreon<\/strong><\/p>\n\n\n\n<p>Devenez membre gratuitement de mon Patron pour lire toutes les newsletters du blog &amp; recevoir une notification quand les prochaines seront en ligne. <\/p>\n\n\n\n<div class=\"wp-block-button aligncenter\"><a class=\"wp-block-button__link\" href=\"https:\/\/www.patreon.com\/cocondedeco\">Acc\u00e9der \u00e0 Patreon gratuitement<\/a><\/div>\n<\/div><\/div>\n\n\n\n<div style=\"height:30px\" aria-hidden=\"true\" class=\"wp-block-spacer\"><\/div>\n\n\n\n<h2 class=\"wp-block-heading\">S\u00e9lection d'objets d\u00e9coratifs funky qui sortent de l'ordinaire<\/h2>\n\n\n\n<div class=\"wp-block-columns has-3-columns is-layout-flex wp-container-core-columns-layout-1 wp-block-columns-is-layout-flex\">\n<div class=\"wp-block-column is-layout-flow wp-block-column-is-layout-flow\">\n<figure class=\"wp-block-image\"><img loading=\"lazy\" decoding=\"async\" width=\"640\" height=\"640\" src=\"https:\/\/www.cocondedecoration.com\/blog\/wp-content\/uploads\/2023\/12\/objet-deco-funky-enfance-annees-90-1-640x640.jpeg\" alt=\"objet deco funky enfance annees 90 Vase en forme de crayon de couleur\" class=\"wp-image-70231\" srcset=\"https:\/\/www.cocondedecoration.com\/blog\/wp-content\/uploads\/2023\/12\/objet-deco-funky-enfance-annees-90-1-640x640.jpeg 640w, https:\/\/www.cocondedecoration.com\/blog\/wp-content\/uploads\/2023\/12\/objet-deco-funky-enfance-annees-90-1-165x165.jpeg 165w, https:\/\/www.cocondedecoration.com\/blog\/wp-content\/uploads\/2023\/12\/objet-deco-funky-enfance-annees-90-1-260x260.jpeg 260w, https:\/\/www.cocondedecoration.com\/blog\/wp-content\/uploads\/2023\/12\/objet-deco-funky-enfance-annees-90-1-465x465.jpeg 465w, https:\/\/www.cocondedecoration.com\/blog\/wp-content\/uploads\/2023\/12\/objet-deco-funky-enfance-annees-90-1-500x500.jpeg 500w, https:\/\/www.cocondedecoration.com\/blog\/wp-content\/uploads\/2023\/12\/objet-deco-funky-enfance-annees-90-1.jpeg 650w\" sizes=\"(max-width: 640px) 100vw, 640px\" \/><figcaption><a href=\"https:\/\/fr135.net\/c\/?si=15334&amp;li=1664704&amp;wi=389952&amp;ws=2023%20ou%20trouver%20funky&amp;dl=fr-fr%2Fshop%2Fbando-crayon-vase%3Fcolor%3D000%26type%3DREGULAR%26size%3DONE%2520SIZE%26quantity%3D1\" target=\"_blank\" rel=\"noreferrer noopener\" aria-label=\"Vase en forme de crayon de couleur (s\u2019ouvre dans un nouvel onglet)\">Vase en forme de crayon de couleur<\/a> - Urban Outfitters<\/figcaption><\/figure>\n\n\n\n<figure class=\"wp-block-image\"><img loading=\"lazy\" decoding=\"async\" width=\"640\" height=\"640\" src=\"https:\/\/www.cocondedecoration.com\/blog\/wp-content\/uploads\/2023\/12\/objet-deco-funky-enfance-annees-90-4-640x640.jpeg\" alt=\"objet deco funky enfance annees 90 R\u00e9veil digital Super Champignon\" class=\"wp-image-70234\" srcset=\"https:\/\/www.cocondedecoration.com\/blog\/wp-content\/uploads\/2023\/12\/objet-deco-funky-enfance-annees-90-4-640x640.jpeg 640w, https:\/\/www.cocondedecoration.com\/blog\/wp-content\/uploads\/2023\/12\/objet-deco-funky-enfance-annees-90-4-165x165.jpeg 165w, https:\/\/www.cocondedecoration.com\/blog\/wp-content\/uploads\/2023\/12\/objet-deco-funky-enfance-annees-90-4-260x260.jpeg 260w, https:\/\/www.cocondedecoration.com\/blog\/wp-content\/uploads\/2023\/12\/objet-deco-funky-enfance-annees-90-4-465x465.jpeg 465w, https:\/\/www.cocondedecoration.com\/blog\/wp-content\/uploads\/2023\/12\/objet-deco-funky-enfance-annees-90-4-500x500.jpeg 500w, https:\/\/www.cocondedecoration.com\/blog\/wp-content\/uploads\/2023\/12\/objet-deco-funky-enfance-annees-90-4.jpeg 650w\" sizes=\"(max-width: 640px) 100vw, 640px\" \/><figcaption><a href=\"https:\/\/fr135.net\/c\/?si=15334&amp;li=1664704&amp;wi=389952&amp;ws=2023%20ou%20trouver%20funky&amp;dl=fr-fr%2Fshop%2Fsuper-mushroom-digital-alarm-clock%3Fcolor%3D000%26type%3DREGULAR%26size%3DONE%2520SIZE%26quantity%3D1\" target=\"_blank\" rel=\"noreferrer noopener\" aria-label=\"R\u00e9veil digital Super Champignon (s\u2019ouvre dans un nouvel onglet)\">R\u00e9veil digital Super Champignon<\/a> - Urban Outfitters<\/figcaption><\/figure>\n\n\n\n<figure class=\"wp-block-image\"><img loading=\"lazy\" decoding=\"async\" width=\"640\" height=\"640\" src=\"https:\/\/www.cocondedecoration.com\/blog\/wp-content\/uploads\/2023\/12\/objets-decoratifs-design-funky-3-640x640.jpeg\" alt=\"objets decoratifs design funky D\u00c9CORATION PUPPY MEDIUM PLASTIQUE ORANGE \/ L 56 CM\" class=\"wp-image-70265\" srcset=\"https:\/\/www.cocondedecoration.com\/blog\/wp-content\/uploads\/2023\/12\/objets-decoratifs-design-funky-3-640x640.jpeg 640w, https:\/\/www.cocondedecoration.com\/blog\/wp-content\/uploads\/2023\/12\/objets-decoratifs-design-funky-3-165x165.jpeg 165w, https:\/\/www.cocondedecoration.com\/blog\/wp-content\/uploads\/2023\/12\/objets-decoratifs-design-funky-3-260x260.jpeg 260w, https:\/\/www.cocondedecoration.com\/blog\/wp-content\/uploads\/2023\/12\/objets-decoratifs-design-funky-3-465x465.jpeg 465w, https:\/\/www.cocondedecoration.com\/blog\/wp-content\/uploads\/2023\/12\/objets-decoratifs-design-funky-3-500x500.jpeg 500w, https:\/\/www.cocondedecoration.com\/blog\/wp-content\/uploads\/2023\/12\/objets-decoratifs-design-funky-3.jpeg 650w\" sizes=\"(max-width: 640px) 100vw, 640px\" \/><figcaption><a href=\"https:\/\/c3po.link\/QCtZfKzzmh\" target=\"_blank\" rel=\"noreferrer noopener\" aria-label=\"D\u00e9coration Puppy orange  (s\u2019ouvre dans un nouvel onglet)\">D\u00e9coration Puppy orange <\/a>- Made in Design<\/figcaption><\/figure>\n\n\n\n<figure class=\"wp-block-image\"><img loading=\"lazy\" decoding=\"async\" width=\"640\" height=\"640\" src=\"https:\/\/www.cocondedecoration.com\/blog\/wp-content\/uploads\/2023\/12\/objets-decoratifs-design-funky-6-640x640.jpeg\" alt=\"objets decoratifs design funky MINIATURE GINZA BOIS \/ BY MASANORI UMEDA, 1982 - EDITION LIMIT\u00c9E - MEMPHIS MILANO\" class=\"wp-image-70268\" srcset=\"https:\/\/www.cocondedecoration.com\/blog\/wp-content\/uploads\/2023\/12\/objets-decoratifs-design-funky-6-640x640.jpeg 640w, https:\/\/www.cocondedecoration.com\/blog\/wp-content\/uploads\/2023\/12\/objets-decoratifs-design-funky-6-165x165.jpeg 165w, https:\/\/www.cocondedecoration.com\/blog\/wp-content\/uploads\/2023\/12\/objets-decoratifs-design-funky-6-260x260.jpeg 260w, https:\/\/www.cocondedecoration.com\/blog\/wp-content\/uploads\/2023\/12\/objets-decoratifs-design-funky-6-465x465.jpeg 465w, https:\/\/www.cocondedecoration.com\/blog\/wp-content\/uploads\/2023\/12\/objets-decoratifs-design-funky-6-500x500.jpeg 500w, https:\/\/www.cocondedecoration.com\/blog\/wp-content\/uploads\/2023\/12\/objets-decoratifs-design-funky-6.jpeg 650w\" sizes=\"(max-width: 640px) 100vw, 640px\" \/><figcaption><a href=\"https:\/\/c3po.link\/QJP8w6pzYU\" target=\"_blank\" rel=\"noreferrer noopener\" aria-label=\"Miniature 1982 MEMPHIS MILANO (s\u2019ouvre dans un nouvel onglet)\">Miniature 1982 MEMPHIS MILANO<\/a> - Made in Design <\/figcaption><\/figure>\n\n\n\n<figure class=\"wp-block-image\"><img loading=\"lazy\" decoding=\"async\" width=\"640\" height=\"640\" src=\"https:\/\/www.cocondedecoration.com\/blog\/wp-content\/uploads\/2023\/12\/ou-trouver-deco-funky-coloree-pas-cher-2-640x640.jpeg\" alt=\"ou trouver deco funky coloree pas cher D\u00e9co visage orange\" class=\"wp-image-70276\" srcset=\"https:\/\/www.cocondedecoration.com\/blog\/wp-content\/uploads\/2023\/12\/ou-trouver-deco-funky-coloree-pas-cher-2-640x640.jpeg 640w, https:\/\/www.cocondedecoration.com\/blog\/wp-content\/uploads\/2023\/12\/ou-trouver-deco-funky-coloree-pas-cher-2-165x165.jpeg 165w, https:\/\/www.cocondedecoration.com\/blog\/wp-content\/uploads\/2023\/12\/ou-trouver-deco-funky-coloree-pas-cher-2-260x260.jpeg 260w, https:\/\/www.cocondedecoration.com\/blog\/wp-content\/uploads\/2023\/12\/ou-trouver-deco-funky-coloree-pas-cher-2-465x465.jpeg 465w, https:\/\/www.cocondedecoration.com\/blog\/wp-content\/uploads\/2023\/12\/ou-trouver-deco-funky-coloree-pas-cher-2-500x500.jpeg 500w, https:\/\/www.cocondedecoration.com\/blog\/wp-content\/uploads\/2023\/12\/ou-trouver-deco-funky-coloree-pas-cher-2.jpeg 650w\" sizes=\"(max-width: 640px) 100vw, 640px\" \/><figcaption><a href=\"https:\/\/c3po.link\/QPFMeMHBkm\" target=\"_blank\" rel=\"noreferrer noopener\" aria-label=\"D\u00e9co visage orange (s\u2019ouvre dans un nouvel onglet)\">D\u00e9co visage orange<\/a> - La Redoute<\/figcaption><\/figure>\n\n\n\n<figure class=\"wp-block-image\"><img loading=\"lazy\" decoding=\"async\" width=\"640\" height=\"640\" src=\"https:\/\/www.cocondedecoration.com\/blog\/wp-content\/uploads\/2023\/12\/ou-trouver-deco-funky-coloree-pas-cher-5-640x640.jpeg\" alt=\"ou trouver deco funky coloree pas cher D\u00e9co lapin rayures XL 80cm\" class=\"wp-image-70279\" srcset=\"https:\/\/www.cocondedecoration.com\/blog\/wp-content\/uploads\/2023\/12\/ou-trouver-deco-funky-coloree-pas-cher-5-640x640.jpeg 640w, https:\/\/www.cocondedecoration.com\/blog\/wp-content\/uploads\/2023\/12\/ou-trouver-deco-funky-coloree-pas-cher-5-165x165.jpeg 165w, https:\/\/www.cocondedecoration.com\/blog\/wp-content\/uploads\/2023\/12\/ou-trouver-deco-funky-coloree-pas-cher-5-260x260.jpeg 260w, https:\/\/www.cocondedecoration.com\/blog\/wp-content\/uploads\/2023\/12\/ou-trouver-deco-funky-coloree-pas-cher-5-465x465.jpeg 465w, https:\/\/www.cocondedecoration.com\/blog\/wp-content\/uploads\/2023\/12\/ou-trouver-deco-funky-coloree-pas-cher-5-500x500.jpeg 500w, https:\/\/www.cocondedecoration.com\/blog\/wp-content\/uploads\/2023\/12\/ou-trouver-deco-funky-coloree-pas-cher-5.jpeg 650w\" sizes=\"(max-width: 640px) 100vw, 640px\" \/><figcaption><a href=\"https:\/\/c3po.link\/Qh52jwVQah\" target=\"_blank\" rel=\"noreferrer noopener\" aria-label=\"D\u00e9co lapin rayures XL 80cm (s\u2019ouvre dans un nouvel onglet)\">D\u00e9co lapin rayures XL 80cm<\/a> - La Redoute<\/figcaption><\/figure>\n\n\n\n<figure class=\"wp-block-image\"><img loading=\"lazy\" decoding=\"async\" width=\"640\" height=\"640\" src=\"https:\/\/www.cocondedecoration.com\/blog\/wp-content\/uploads\/2023\/12\/ou-trouver-deco-funky-coloree-pas-cher-8-640x640.jpeg\" alt=\"ou trouver deco funky coloree pas cher Sculpture moderne grande taille Chat\" class=\"wp-image-70282\" srcset=\"https:\/\/www.cocondedecoration.com\/blog\/wp-content\/uploads\/2023\/12\/ou-trouver-deco-funky-coloree-pas-cher-8-640x640.jpeg 640w, https:\/\/www.cocondedecoration.com\/blog\/wp-content\/uploads\/2023\/12\/ou-trouver-deco-funky-coloree-pas-cher-8-165x165.jpeg 165w, https:\/\/www.cocondedecoration.com\/blog\/wp-content\/uploads\/2023\/12\/ou-trouver-deco-funky-coloree-pas-cher-8-260x260.jpeg 260w, https:\/\/www.cocondedecoration.com\/blog\/wp-content\/uploads\/2023\/12\/ou-trouver-deco-funky-coloree-pas-cher-8-465x465.jpeg 465w, https:\/\/www.cocondedecoration.com\/blog\/wp-content\/uploads\/2023\/12\/ou-trouver-deco-funky-coloree-pas-cher-8-500x500.jpeg 500w, https:\/\/www.cocondedecoration.com\/blog\/wp-content\/uploads\/2023\/12\/ou-trouver-deco-funky-coloree-pas-cher-8.jpeg 650w\" sizes=\"(max-width: 640px) 100vw, 640px\" \/><figcaption><a href=\"https:\/\/c3po.link\/QhVRqusuRJ\" target=\"_blank\" rel=\"noreferrer noopener\" aria-label=\"Sculpture moderne grande taille Chat (s\u2019ouvre dans un nouvel onglet)\">Sculpture moderne grande taille Chat<\/a> - La Redoute<\/figcaption><\/figure>\n<\/div>\n\n\n\n<div class=\"wp-block-column is-layout-flow wp-block-column-is-layout-flow\">\n<figure class=\"wp-block-image\"><img loading=\"lazy\" decoding=\"async\" width=\"640\" height=\"640\" src=\"https:\/\/www.cocondedecoration.com\/blog\/wp-content\/uploads\/2023\/12\/objet-deco-funky-enfance-annees-90-2-640x640.jpeg\" alt=\"objet deco funky enfance annees 90  Figurine Garfield\" class=\"wp-image-70232\" srcset=\"https:\/\/www.cocondedecoration.com\/blog\/wp-content\/uploads\/2023\/12\/objet-deco-funky-enfance-annees-90-2-640x640.jpeg 640w, https:\/\/www.cocondedecoration.com\/blog\/wp-content\/uploads\/2023\/12\/objet-deco-funky-enfance-annees-90-2-165x165.jpeg 165w, https:\/\/www.cocondedecoration.com\/blog\/wp-content\/uploads\/2023\/12\/objet-deco-funky-enfance-annees-90-2-260x260.jpeg 260w, https:\/\/www.cocondedecoration.com\/blog\/wp-content\/uploads\/2023\/12\/objet-deco-funky-enfance-annees-90-2-465x465.jpeg 465w, https:\/\/www.cocondedecoration.com\/blog\/wp-content\/uploads\/2023\/12\/objet-deco-funky-enfance-annees-90-2-500x500.jpeg 500w, https:\/\/www.cocondedecoration.com\/blog\/wp-content\/uploads\/2023\/12\/objet-deco-funky-enfance-annees-90-2.jpeg 650w\" sizes=\"(max-width: 640px) 100vw, 640px\" \/><figcaption><a href=\"https:\/\/fr135.net\/c\/?si=15334&amp;li=1664704&amp;wi=389952&amp;ws=2023%20ou%20trouver%20funky&amp;dl=fr-fr%2Fshop%2Fmighty-jaxx-x-jason-freeny-xxray-plus-garfield-figurine%3Fcolor%3D080%26type%3DREGULAR%26size%3DONE%2520SIZE%26quantity%3D1\" target=\"_blank\" rel=\"noreferrer noopener\" aria-label=\" Figurine Garfield (s\u2019ouvre dans un nouvel onglet)\"> Figurine Garfield<\/a> - Urban Outfitters<\/figcaption><\/figure>\n\n\n\n<figure class=\"wp-block-image\"><img loading=\"lazy\" decoding=\"async\" width=\"640\" height=\"640\" src=\"https:\/\/www.cocondedecoration.com\/blog\/wp-content\/uploads\/2023\/12\/objets-decoratifs-design-funky-1-640x640.jpeg\" alt=\"objets decoratifs design funky MINIATURE TIP TON PLASTIQUE BLEU - VITRA\" class=\"wp-image-70263\" srcset=\"https:\/\/www.cocondedecoration.com\/blog\/wp-content\/uploads\/2023\/12\/objets-decoratifs-design-funky-1-640x640.jpeg 640w, https:\/\/www.cocondedecoration.com\/blog\/wp-content\/uploads\/2023\/12\/objets-decoratifs-design-funky-1-165x165.jpeg 165w, https:\/\/www.cocondedecoration.com\/blog\/wp-content\/uploads\/2023\/12\/objets-decoratifs-design-funky-1-260x260.jpeg 260w, https:\/\/www.cocondedecoration.com\/blog\/wp-content\/uploads\/2023\/12\/objets-decoratifs-design-funky-1-465x465.jpeg 465w, https:\/\/www.cocondedecoration.com\/blog\/wp-content\/uploads\/2023\/12\/objets-decoratifs-design-funky-1-500x500.jpeg 500w, https:\/\/www.cocondedecoration.com\/blog\/wp-content\/uploads\/2023\/12\/objets-decoratifs-design-funky-1.jpeg 650w\" sizes=\"(max-width: 640px) 100vw, 640px\" \/><figcaption><a href=\"https:\/\/c3po.link\/QCNPrTN7Dn\" target=\"_blank\" rel=\"noreferrer noopener\" aria-label=\"Miniature tip ton plastique bleu VITRA (s\u2019ouvre dans un nouvel onglet)\">Miniature tip ton plastique bleu VITRA<\/a> - Made in Design<\/figcaption><\/figure>\n\n\n\n<figure class=\"wp-block-image\"><img loading=\"lazy\" decoding=\"async\" width=\"640\" height=\"640\" src=\"https:\/\/www.cocondedecoration.com\/blog\/wp-content\/uploads\/2023\/12\/objets-decoratifs-design-funky-4-640x640.jpeg\" alt=\"objets decoratifs design funky VASE DIAVOLETTI C\u00c9RAMIQUE \/ H 31 CM - ALESSANDRO MENDINI &amp; DANIEL ELTNER, 2018 - CAPPELLINI\" class=\"wp-image-70266\" srcset=\"https:\/\/www.cocondedecoration.com\/blog\/wp-content\/uploads\/2023\/12\/objets-decoratifs-design-funky-4-640x640.jpeg 640w, https:\/\/www.cocondedecoration.com\/blog\/wp-content\/uploads\/2023\/12\/objets-decoratifs-design-funky-4-165x165.jpeg 165w, https:\/\/www.cocondedecoration.com\/blog\/wp-content\/uploads\/2023\/12\/objets-decoratifs-design-funky-4-260x260.jpeg 260w, https:\/\/www.cocondedecoration.com\/blog\/wp-content\/uploads\/2023\/12\/objets-decoratifs-design-funky-4-465x465.jpeg 465w, https:\/\/www.cocondedecoration.com\/blog\/wp-content\/uploads\/2023\/12\/objets-decoratifs-design-funky-4-500x500.jpeg 500w, https:\/\/www.cocondedecoration.com\/blog\/wp-content\/uploads\/2023\/12\/objets-decoratifs-design-funky-4.jpeg 650w\" sizes=\"(max-width: 640px) 100vw, 640px\" \/><figcaption><a href=\"https:\/\/c3po.link\/QhqtbtVynJ\" target=\"_blank\" rel=\"noreferrer noopener\" aria-label=\"Vase en c\u00e9ramique CAPPELLINI (s\u2019ouvre dans un nouvel onglet)\">Vase en c\u00e9ramique CAPPELLINI<\/a> - Made in Design<\/figcaption><\/figure>\n\n\n\n<figure class=\"wp-block-image\"><img loading=\"lazy\" decoding=\"async\" width=\"640\" height=\"640\" src=\"https:\/\/www.cocondedecoration.com\/blog\/wp-content\/uploads\/2023\/12\/objets-decoratifs-design-funky-7-640x640.jpeg\" alt=\"objets decoratifs design funky D\u00c9CORATION WOODEN DOLLS - NO. 1 BOIS \/ BY ALEXANDER GIRARD, 1952 - VITRA\" class=\"wp-image-70269\" srcset=\"https:\/\/www.cocondedecoration.com\/blog\/wp-content\/uploads\/2023\/12\/objets-decoratifs-design-funky-7-640x640.jpeg 640w, https:\/\/www.cocondedecoration.com\/blog\/wp-content\/uploads\/2023\/12\/objets-decoratifs-design-funky-7-165x165.jpeg 165w, https:\/\/www.cocondedecoration.com\/blog\/wp-content\/uploads\/2023\/12\/objets-decoratifs-design-funky-7-260x260.jpeg 260w, https:\/\/www.cocondedecoration.com\/blog\/wp-content\/uploads\/2023\/12\/objets-decoratifs-design-funky-7-465x465.jpeg 465w, https:\/\/www.cocondedecoration.com\/blog\/wp-content\/uploads\/2023\/12\/objets-decoratifs-design-funky-7-500x500.jpeg 500w, https:\/\/www.cocondedecoration.com\/blog\/wp-content\/uploads\/2023\/12\/objets-decoratifs-design-funky-7.jpeg 650w\" sizes=\"(max-width: 640px) 100vw, 640px\" \/><figcaption><a href=\"https:\/\/c3po.link\/QWSTtb7sWc\" target=\"_blank\" rel=\"noreferrer noopener\" aria-label=\"D\u00e9coration wooden dolls 1952 VITRA (s\u2019ouvre dans un nouvel onglet)\">D\u00e9coration wooden dolls 1952 VITRA<\/a> - Made in Design<\/figcaption><\/figure>\n\n\n\n<figure class=\"wp-block-image\"><img loading=\"lazy\" decoding=\"async\" width=\"640\" height=\"640\" src=\"https:\/\/www.cocondedecoration.com\/blog\/wp-content\/uploads\/2023\/12\/ou-trouver-deco-funky-coloree-pas-cher-3-640x640.jpeg\" alt=\"ou trouver deco funky coloree pas cher Statue icebear\" class=\"wp-image-70277\" srcset=\"https:\/\/www.cocondedecoration.com\/blog\/wp-content\/uploads\/2023\/12\/ou-trouver-deco-funky-coloree-pas-cher-3-640x640.jpeg 640w, https:\/\/www.cocondedecoration.com\/blog\/wp-content\/uploads\/2023\/12\/ou-trouver-deco-funky-coloree-pas-cher-3-165x165.jpeg 165w, https:\/\/www.cocondedecoration.com\/blog\/wp-content\/uploads\/2023\/12\/ou-trouver-deco-funky-coloree-pas-cher-3-260x260.jpeg 260w, https:\/\/www.cocondedecoration.com\/blog\/wp-content\/uploads\/2023\/12\/ou-trouver-deco-funky-coloree-pas-cher-3-465x465.jpeg 465w, https:\/\/www.cocondedecoration.com\/blog\/wp-content\/uploads\/2023\/12\/ou-trouver-deco-funky-coloree-pas-cher-3-500x500.jpeg 500w, https:\/\/www.cocondedecoration.com\/blog\/wp-content\/uploads\/2023\/12\/ou-trouver-deco-funky-coloree-pas-cher-3.jpeg 650w\" sizes=\"(max-width: 640px) 100vw, 640px\" \/><figcaption><a href=\"https:\/\/c3po.link\/QPApWkcv3u\" target=\"_blank\" rel=\"noreferrer noopener\" aria-label=\"Statue icebear (s\u2019ouvre dans un nouvel onglet)\">Statue icebear<\/a> - La Redoute<\/figcaption><\/figure>\n\n\n\n<figure class=\"wp-block-image\"><img loading=\"lazy\" decoding=\"async\" width=\"640\" height=\"640\" src=\"https:\/\/www.cocondedecoration.com\/blog\/wp-content\/uploads\/2023\/12\/ou-trouver-deco-funky-coloree-pas-cher-6-640x640.jpeg\" alt=\"ou trouver deco funky coloree pas cher D\u00e9co nains set de 6 multicolore\" class=\"wp-image-70280\" srcset=\"https:\/\/www.cocondedecoration.com\/blog\/wp-content\/uploads\/2023\/12\/ou-trouver-deco-funky-coloree-pas-cher-6-640x640.jpeg 640w, https:\/\/www.cocondedecoration.com\/blog\/wp-content\/uploads\/2023\/12\/ou-trouver-deco-funky-coloree-pas-cher-6-165x165.jpeg 165w, https:\/\/www.cocondedecoration.com\/blog\/wp-content\/uploads\/2023\/12\/ou-trouver-deco-funky-coloree-pas-cher-6-260x260.jpeg 260w, https:\/\/www.cocondedecoration.com\/blog\/wp-content\/uploads\/2023\/12\/ou-trouver-deco-funky-coloree-pas-cher-6-465x465.jpeg 465w, https:\/\/www.cocondedecoration.com\/blog\/wp-content\/uploads\/2023\/12\/ou-trouver-deco-funky-coloree-pas-cher-6-500x500.jpeg 500w, https:\/\/www.cocondedecoration.com\/blog\/wp-content\/uploads\/2023\/12\/ou-trouver-deco-funky-coloree-pas-cher-6.jpeg 650w\" sizes=\"(max-width: 640px) 100vw, 640px\" \/><figcaption><a href=\"https:\/\/c3po.link\/QPTj9n4nw4\" target=\"_blank\" rel=\"noreferrer noopener\" aria-label=\"D\u00e9co nains set de 6 multicolore (s\u2019ouvre dans un nouvel onglet)\">D\u00e9co nains set de 6 multicolore<\/a> - La Redoute<\/figcaption><\/figure>\n\n\n\n<figure class=\"wp-block-image\"><img loading=\"lazy\" decoding=\"async\" width=\"640\" height=\"640\" src=\"https:\/\/www.cocondedecoration.com\/blog\/wp-content\/uploads\/2023\/12\/ou-trouver-deco-funky-coloree-pas-cher-9-640x640.jpeg\" alt=\"ou trouver deco funky coloree pas cher Cactus r\u00e9sine petite taille h72 cm\" class=\"wp-image-70283\" srcset=\"https:\/\/www.cocondedecoration.com\/blog\/wp-content\/uploads\/2023\/12\/ou-trouver-deco-funky-coloree-pas-cher-9-640x640.jpeg 640w, https:\/\/www.cocondedecoration.com\/blog\/wp-content\/uploads\/2023\/12\/ou-trouver-deco-funky-coloree-pas-cher-9-165x165.jpeg 165w, https:\/\/www.cocondedecoration.com\/blog\/wp-content\/uploads\/2023\/12\/ou-trouver-deco-funky-coloree-pas-cher-9-260x260.jpeg 260w, https:\/\/www.cocondedecoration.com\/blog\/wp-content\/uploads\/2023\/12\/ou-trouver-deco-funky-coloree-pas-cher-9-465x465.jpeg 465w, https:\/\/www.cocondedecoration.com\/blog\/wp-content\/uploads\/2023\/12\/ou-trouver-deco-funky-coloree-pas-cher-9-500x500.jpeg 500w, https:\/\/www.cocondedecoration.com\/blog\/wp-content\/uploads\/2023\/12\/ou-trouver-deco-funky-coloree-pas-cher-9.jpeg 650w\" sizes=\"(max-width: 640px) 100vw, 640px\" \/><figcaption><a href=\"https:\/\/c3po.link\/Qhwcm4Ah8K\" target=\"_blank\" rel=\"noreferrer noopener\" aria-label=\"Cactus r\u00e9sine petite taille h72 cm (s\u2019ouvre dans un nouvel onglet)\">Cactus r\u00e9sine petite taille h72 cm<\/a> - La Redoute<\/figcaption><\/figure>\n<\/div>\n\n\n\n<div class=\"wp-block-column is-layout-flow wp-block-column-is-layout-flow\">\n<figure class=\"wp-block-image\"><img loading=\"lazy\" decoding=\"async\" width=\"640\" height=\"640\" src=\"https:\/\/www.cocondedecoration.com\/blog\/wp-content\/uploads\/2023\/12\/objet-deco-funky-enfance-annees-90-3-640x640.jpeg\" alt=\"objet deco funky enfance annees 90 Vase Lucky Cherry Soda\" class=\"wp-image-70233\" srcset=\"https:\/\/www.cocondedecoration.com\/blog\/wp-content\/uploads\/2023\/12\/objet-deco-funky-enfance-annees-90-3-640x640.jpeg 640w, https:\/\/www.cocondedecoration.com\/blog\/wp-content\/uploads\/2023\/12\/objet-deco-funky-enfance-annees-90-3-165x165.jpeg 165w, https:\/\/www.cocondedecoration.com\/blog\/wp-content\/uploads\/2023\/12\/objet-deco-funky-enfance-annees-90-3-260x260.jpeg 260w, https:\/\/www.cocondedecoration.com\/blog\/wp-content\/uploads\/2023\/12\/objet-deco-funky-enfance-annees-90-3-465x465.jpeg 465w, https:\/\/www.cocondedecoration.com\/blog\/wp-content\/uploads\/2023\/12\/objet-deco-funky-enfance-annees-90-3-500x500.jpeg 500w, https:\/\/www.cocondedecoration.com\/blog\/wp-content\/uploads\/2023\/12\/objet-deco-funky-enfance-annees-90-3.jpeg 650w\" sizes=\"(max-width: 640px) 100vw, 640px\" \/><figcaption><a href=\"https:\/\/fr135.net\/c\/?si=15334&amp;li=1664704&amp;wi=389952&amp;ws=2023%20ou%20trouver%20funky&amp;dl=fr-fr%2Fshop%2Fbando-lucky-cherry-soda-vase%3Fcolor%3D000%26type%3DREGULAR%26size%3DONE%2520SIZE%26quantity%3D1\" target=\"_blank\" rel=\"noreferrer noopener\" aria-label=\"Vase Lucky Cherry Soda (s\u2019ouvre dans un nouvel onglet)\">Vase Lucky Cherry Soda<\/a> - Urban Outfitters <\/figcaption><\/figure>\n\n\n\n<figure class=\"wp-block-image\"><img loading=\"lazy\" decoding=\"async\" width=\"640\" height=\"640\" src=\"https:\/\/www.cocondedecoration.com\/blog\/wp-content\/uploads\/2023\/12\/objets-decoratifs-design-funky-2-640x640.jpeg\" alt=\"objets decoratifs design funky D\u00c9CORATION WOODEN DOLLS - LITTLE DEVIL BOIS \/ BY ALEXANDER GIRARD, 1952 - VITRA\" class=\"wp-image-70264\" srcset=\"https:\/\/www.cocondedecoration.com\/blog\/wp-content\/uploads\/2023\/12\/objets-decoratifs-design-funky-2-640x640.jpeg 640w, https:\/\/www.cocondedecoration.com\/blog\/wp-content\/uploads\/2023\/12\/objets-decoratifs-design-funky-2-165x165.jpeg 165w, https:\/\/www.cocondedecoration.com\/blog\/wp-content\/uploads\/2023\/12\/objets-decoratifs-design-funky-2-260x260.jpeg 260w, https:\/\/www.cocondedecoration.com\/blog\/wp-content\/uploads\/2023\/12\/objets-decoratifs-design-funky-2-465x465.jpeg 465w, https:\/\/www.cocondedecoration.com\/blog\/wp-content\/uploads\/2023\/12\/objets-decoratifs-design-funky-2-500x500.jpeg 500w, https:\/\/www.cocondedecoration.com\/blog\/wp-content\/uploads\/2023\/12\/objets-decoratifs-design-funky-2.jpeg 650w\" sizes=\"(max-width: 640px) 100vw, 640px\" \/><figcaption><a href=\"https:\/\/c3po.link\/Q9SQT5kCTd\" target=\"_blank\" rel=\"noreferrer noopener\" aria-label=\"D\u00e9coration Little Devil 1952 VITRA (s\u2019ouvre dans un nouvel onglet)\">D\u00e9coration Little Devil 1952 VITRA<\/a> - Made in Design<\/figcaption><\/figure>\n\n\n\n<figure class=\"wp-block-image\"><img loading=\"lazy\" decoding=\"async\" width=\"640\" height=\"640\" src=\"https:\/\/www.cocondedecoration.com\/blog\/wp-content\/uploads\/2023\/12\/objets-decoratifs-design-funky-5-640x640.jpeg\" alt=\"objets decoratifs design funky D\u00c9CORATION EAMES ELEPHANT PLASTIQUE \/ SMALL (1945)\" class=\"wp-image-70267\" srcset=\"https:\/\/www.cocondedecoration.com\/blog\/wp-content\/uploads\/2023\/12\/objets-decoratifs-design-funky-5-640x640.jpeg 640w, https:\/\/www.cocondedecoration.com\/blog\/wp-content\/uploads\/2023\/12\/objets-decoratifs-design-funky-5-165x165.jpeg 165w, https:\/\/www.cocondedecoration.com\/blog\/wp-content\/uploads\/2023\/12\/objets-decoratifs-design-funky-5-260x260.jpeg 260w, https:\/\/www.cocondedecoration.com\/blog\/wp-content\/uploads\/2023\/12\/objets-decoratifs-design-funky-5-465x465.jpeg 465w, https:\/\/www.cocondedecoration.com\/blog\/wp-content\/uploads\/2023\/12\/objets-decoratifs-design-funky-5-500x500.jpeg 500w, https:\/\/www.cocondedecoration.com\/blog\/wp-content\/uploads\/2023\/12\/objets-decoratifs-design-funky-5.jpeg 650w\" sizes=\"(max-width: 640px) 100vw, 640px\" \/><figcaption><a href=\"https:\/\/c3po.link\/QhapcypNHh\" target=\"_blank\" rel=\"noreferrer noopener\" aria-label=\"Objet d\u00e9coratif \u00e9l\u00e9phant Eames 1945 VITRA (s\u2019ouvre dans un nouvel onglet)\">Objet d\u00e9coratif \u00e9l\u00e9phant Eames 1945 VITRA<\/a> - Made in Design<\/figcaption><\/figure>\n\n\n\n<figure class=\"wp-block-image\"><img loading=\"lazy\" decoding=\"async\" width=\"640\" height=\"640\" src=\"https:\/\/www.cocondedecoration.com\/blog\/wp-content\/uploads\/2023\/12\/ou-trouver-deco-funky-coloree-pas-cher-1-640x640.jpeg\" alt=\"ou trouver deco funky coloree pas cher D\u00e9co visage abstrait multicolore\" class=\"wp-image-70275\" srcset=\"https:\/\/www.cocondedecoration.com\/blog\/wp-content\/uploads\/2023\/12\/ou-trouver-deco-funky-coloree-pas-cher-1-640x640.jpeg 640w, https:\/\/www.cocondedecoration.com\/blog\/wp-content\/uploads\/2023\/12\/ou-trouver-deco-funky-coloree-pas-cher-1-165x165.jpeg 165w, https:\/\/www.cocondedecoration.com\/blog\/wp-content\/uploads\/2023\/12\/ou-trouver-deco-funky-coloree-pas-cher-1-260x260.jpeg 260w, https:\/\/www.cocondedecoration.com\/blog\/wp-content\/uploads\/2023\/12\/ou-trouver-deco-funky-coloree-pas-cher-1-465x465.jpeg 465w, https:\/\/www.cocondedecoration.com\/blog\/wp-content\/uploads\/2023\/12\/ou-trouver-deco-funky-coloree-pas-cher-1-500x500.jpeg 500w, https:\/\/www.cocondedecoration.com\/blog\/wp-content\/uploads\/2023\/12\/ou-trouver-deco-funky-coloree-pas-cher-1.jpeg 650w\" sizes=\"(max-width: 640px) 100vw, 640px\" \/><figcaption><a href=\"https:\/\/c3po.link\/QCNUVmEXMk\" target=\"_blank\" rel=\"noreferrer noopener\" aria-label=\"D\u00e9co visage abstrait multicolore (s\u2019ouvre dans un nouvel onglet)\">D\u00e9co visage abstrait multicolore<\/a> - La Redoute<\/figcaption><\/figure>\n\n\n\n<figure class=\"wp-block-image\"><img loading=\"lazy\" decoding=\"async\" width=\"640\" height=\"640\" src=\"https:\/\/www.cocondedecoration.com\/blog\/wp-content\/uploads\/2023\/12\/ou-trouver-deco-funky-coloree-pas-cher-4-640x640.jpeg\" alt=\"ou trouver deco funky coloree pas cher D\u00e9co Hairstyle rouge\" class=\"wp-image-70278\" srcset=\"https:\/\/www.cocondedecoration.com\/blog\/wp-content\/uploads\/2023\/12\/ou-trouver-deco-funky-coloree-pas-cher-4-640x640.jpeg 640w, https:\/\/www.cocondedecoration.com\/blog\/wp-content\/uploads\/2023\/12\/ou-trouver-deco-funky-coloree-pas-cher-4-165x165.jpeg 165w, https:\/\/www.cocondedecoration.com\/blog\/wp-content\/uploads\/2023\/12\/ou-trouver-deco-funky-coloree-pas-cher-4-260x260.jpeg 260w, https:\/\/www.cocondedecoration.com\/blog\/wp-content\/uploads\/2023\/12\/ou-trouver-deco-funky-coloree-pas-cher-4-465x465.jpeg 465w, https:\/\/www.cocondedecoration.com\/blog\/wp-content\/uploads\/2023\/12\/ou-trouver-deco-funky-coloree-pas-cher-4-500x500.jpeg 500w, https:\/\/www.cocondedecoration.com\/blog\/wp-content\/uploads\/2023\/12\/ou-trouver-deco-funky-coloree-pas-cher-4.jpeg 650w\" sizes=\"(max-width: 640px) 100vw, 640px\" \/><figcaption><a href=\"https:\/\/c3po.link\/Qhw7mADdr9\" target=\"_blank\" rel=\"noreferrer noopener\" aria-label=\"D\u00e9co Hairstyle rouge (s\u2019ouvre dans un nouvel onglet)\">D\u00e9co Hairstyle rouge<\/a> - La Redoute<\/figcaption><\/figure>\n\n\n\n<figure class=\"wp-block-image\"><img loading=\"lazy\" decoding=\"async\" width=\"640\" height=\"640\" src=\"https:\/\/www.cocondedecoration.com\/blog\/wp-content\/uploads\/2023\/12\/ou-trouver-deco-funky-coloree-pas-cher-7-640x640.jpeg\" alt=\"ou trouver deco funky coloree pas cher D\u00e9co ours ail\u00e9 bleu\" class=\"wp-image-70281\" srcset=\"https:\/\/www.cocondedecoration.com\/blog\/wp-content\/uploads\/2023\/12\/ou-trouver-deco-funky-coloree-pas-cher-7-640x640.jpeg 640w, https:\/\/www.cocondedecoration.com\/blog\/wp-content\/uploads\/2023\/12\/ou-trouver-deco-funky-coloree-pas-cher-7-165x165.jpeg 165w, https:\/\/www.cocondedecoration.com\/blog\/wp-content\/uploads\/2023\/12\/ou-trouver-deco-funky-coloree-pas-cher-7-260x260.jpeg 260w, https:\/\/www.cocondedecoration.com\/blog\/wp-content\/uploads\/2023\/12\/ou-trouver-deco-funky-coloree-pas-cher-7-465x465.jpeg 465w, https:\/\/www.cocondedecoration.com\/blog\/wp-content\/uploads\/2023\/12\/ou-trouver-deco-funky-coloree-pas-cher-7-500x500.jpeg 500w, https:\/\/www.cocondedecoration.com\/blog\/wp-content\/uploads\/2023\/12\/ou-trouver-deco-funky-coloree-pas-cher-7.jpeg 650w\" sizes=\"(max-width: 640px) 100vw, 640px\" \/><figcaption><a href=\"https:\/\/c3po.link\/Qh6b3xA4bp\" target=\"_blank\" rel=\"noreferrer noopener\" aria-label=\"D\u00e9co ours ail\u00e9 bleu  (s\u2019ouvre dans un nouvel onglet)\">D\u00e9co ours ail\u00e9 bleu <\/a>- La Redoute<\/figcaption><\/figure>\n\n\n\n<figure class=\"wp-block-image\"><img loading=\"lazy\" decoding=\"async\" width=\"640\" height=\"640\" src=\"https:\/\/www.cocondedecoration.com\/blog\/wp-content\/uploads\/2023\/12\/ou-trouver-deco-funky-coloree-pas-cher-10-640x640.jpeg\" alt=\"ou trouver deco funky coloree pas cher Objet d\u00e9coratif en terre cuite H29 cm\" class=\"wp-image-70284\" srcset=\"https:\/\/www.cocondedecoration.com\/blog\/wp-content\/uploads\/2023\/12\/ou-trouver-deco-funky-coloree-pas-cher-10-640x640.jpeg 640w, https:\/\/www.cocondedecoration.com\/blog\/wp-content\/uploads\/2023\/12\/ou-trouver-deco-funky-coloree-pas-cher-10-165x165.jpeg 165w, https:\/\/www.cocondedecoration.com\/blog\/wp-content\/uploads\/2023\/12\/ou-trouver-deco-funky-coloree-pas-cher-10-260x260.jpeg 260w, https:\/\/www.cocondedecoration.com\/blog\/wp-content\/uploads\/2023\/12\/ou-trouver-deco-funky-coloree-pas-cher-10-465x465.jpeg 465w, https:\/\/www.cocondedecoration.com\/blog\/wp-content\/uploads\/2023\/12\/ou-trouver-deco-funky-coloree-pas-cher-10-500x500.jpeg 500w, https:\/\/www.cocondedecoration.com\/blog\/wp-content\/uploads\/2023\/12\/ou-trouver-deco-funky-coloree-pas-cher-10.jpeg 650w\" sizes=\"(max-width: 640px) 100vw, 640px\" \/><figcaption><a href=\"https:\/\/c3po.link\/QfxAeR297K\" target=\"_blank\" rel=\"noreferrer noopener\" aria-label=\"Objet d\u00e9coratif en terre cuite H29 cm  (s\u2019ouvre dans un nouvel onglet)\">Objet d\u00e9coratif en terre cuite H29 cm <\/a>- La Redoute<\/figcaption><\/figure>\n<\/div>\n<\/div>\n\n\n\n<ul class=\"wp-block-gallery columns-2 is-cropped wp-block-gallery-1 is-layout-flex wp-block-gallery-is-layout-flex\"><li class=\"blocks-gallery-item\"><figure><img loading=\"lazy\" decoding=\"async\" width=\"640\" height=\"960\" src=\"https:\/\/www.cocondedecoration.com\/blog\/wp-content\/uploads\/2023\/12\/exemple-decor-funky-annees-80-1-640x960.jpeg\" alt=\"exemple decor funky annees 80 salon s\u00e9jour canap\u00e9 vert coussin motif bouche galerie murale cadre noir\" data-id=\"70359\" data-link=\"https:\/\/www.cocondedecoration.com\/blog\/?attachment_id=70359\" class=\"wp-image-70359\" srcset=\"https:\/\/www.cocondedecoration.com\/blog\/wp-content\/uploads\/2023\/12\/exemple-decor-funky-annees-80-1-640x960.jpeg 640w, https:\/\/www.cocondedecoration.com\/blog\/wp-content\/uploads\/2023\/12\/exemple-decor-funky-annees-80-1-260x390.jpeg 260w, https:\/\/www.cocondedecoration.com\/blog\/wp-content\/uploads\/2023\/12\/exemple-decor-funky-annees-80-1-768x1152.jpeg 768w, https:\/\/www.cocondedecoration.com\/blog\/wp-content\/uploads\/2023\/12\/exemple-decor-funky-annees-80-1-367x550.jpeg 367w, https:\/\/www.cocondedecoration.com\/blog\/wp-content\/uploads\/2023\/12\/exemple-decor-funky-annees-80-1-333x500.jpeg 333w, https:\/\/www.cocondedecoration.com\/blog\/wp-content\/uploads\/2023\/12\/exemple-decor-funky-annees-80-1.jpeg 1000w\" sizes=\"(max-width: 640px) 100vw, 640px\" \/><figcaption>howirent.grillo-designs.com\n<\/figcaption><\/figure><\/li><li class=\"blocks-gallery-item\"><figure><img loading=\"lazy\" decoding=\"async\" width=\"640\" height=\"960\" src=\"https:\/\/www.cocondedecoration.com\/blog\/wp-content\/uploads\/2023\/12\/exemple-decor-funky-annees-80-2-640x960.jpeg\" alt=\"exemple decor funky annees 80 salon s\u00e9jour chemin\u00e9e peinture bleu \u00e9lectrique papier peint rose fleur\" data-id=\"70360\" data-link=\"https:\/\/www.cocondedecoration.com\/blog\/?attachment_id=70360\" class=\"wp-image-70360\" srcset=\"https:\/\/www.cocondedecoration.com\/blog\/wp-content\/uploads\/2023\/12\/exemple-decor-funky-annees-80-2-640x960.jpeg 640w, https:\/\/www.cocondedecoration.com\/blog\/wp-content\/uploads\/2023\/12\/exemple-decor-funky-annees-80-2-260x390.jpeg 260w, https:\/\/www.cocondedecoration.com\/blog\/wp-content\/uploads\/2023\/12\/exemple-decor-funky-annees-80-2-768x1152.jpeg 768w, https:\/\/www.cocondedecoration.com\/blog\/wp-content\/uploads\/2023\/12\/exemple-decor-funky-annees-80-2-367x550.jpeg 367w, https:\/\/www.cocondedecoration.com\/blog\/wp-content\/uploads\/2023\/12\/exemple-decor-funky-annees-80-2-333x500.jpeg 333w, https:\/\/www.cocondedecoration.com\/blog\/wp-content\/uploads\/2023\/12\/exemple-decor-funky-annees-80-2.jpeg 1000w\" sizes=\"(max-width: 640px) 100vw, 640px\" \/><figcaption>dailymail.co.uk\n<\/figcaption><\/figure><\/li><\/ul>\n\n\n\n<h2 class=\"wp-block-heading\">Un d\u00e9cor joyeux et gai gr\u00e2ce \u00e0 la d\u00e9co textile <\/h2>\n\n\n\n<div class=\"wp-block-columns has-3-columns is-layout-flex wp-container-core-columns-layout-2 wp-block-columns-is-layout-flex\">\n<div class=\"wp-block-column is-layout-flow wp-block-column-is-layout-flow\">\n<figure class=\"wp-block-image\"><img loading=\"lazy\" decoding=\"async\" width=\"640\" height=\"640\" src=\"https:\/\/www.cocondedecoration.com\/blog\/wp-content\/uploads\/2023\/12\/ou-trouver-deco-funky-textile-1-640x640.jpeg\" alt=\"ou trouver deco funky textile Tapis de bain en forme d'\u0153uf au plat\" class=\"wp-image-70235\" srcset=\"https:\/\/www.cocondedecoration.com\/blog\/wp-content\/uploads\/2023\/12\/ou-trouver-deco-funky-textile-1-640x640.jpeg 640w, https:\/\/www.cocondedecoration.com\/blog\/wp-content\/uploads\/2023\/12\/ou-trouver-deco-funky-textile-1-165x165.jpeg 165w, https:\/\/www.cocondedecoration.com\/blog\/wp-content\/uploads\/2023\/12\/ou-trouver-deco-funky-textile-1-260x260.jpeg 260w, https:\/\/www.cocondedecoration.com\/blog\/wp-content\/uploads\/2023\/12\/ou-trouver-deco-funky-textile-1-465x465.jpeg 465w, https:\/\/www.cocondedecoration.com\/blog\/wp-content\/uploads\/2023\/12\/ou-trouver-deco-funky-textile-1-500x500.jpeg 500w, https:\/\/www.cocondedecoration.com\/blog\/wp-content\/uploads\/2023\/12\/ou-trouver-deco-funky-textile-1.jpeg 650w\" sizes=\"(max-width: 640px) 100vw, 640px\" \/><figcaption><a href=\"https:\/\/fr135.net\/c\/?si=15334&amp;li=1664704&amp;wi=389952&amp;ws=2023%20ou%20trouver%20funky&amp;dl=fr-fr%2Fshop%2Ffried-egg-bath-mat%3Fcolor%3D000%26type%3DREGULAR%26size%3DONE%2520SIZE%26quantity%3D1\" target=\"_blank\" rel=\"noreferrer noopener\" aria-label=\"Tapis de bain en forme d'\u0153uf au plat (s\u2019ouvre dans un nouvel onglet)\">Tapis de bain en forme d'\u0153uf au plat<\/a> - Urban Outfitters<\/figcaption><\/figure>\n\n\n\n<figure class=\"wp-block-image\"><img loading=\"lazy\" decoding=\"async\" width=\"640\" height=\"640\" src=\"https:\/\/www.cocondedecoration.com\/blog\/wp-content\/uploads\/2023\/12\/ou-trouver-deco-funky-textile-4-640x640.jpeg\" alt=\"ou trouver deco funky textile Coussin Stay Wild Moon Child\" class=\"wp-image-70238\" srcset=\"https:\/\/www.cocondedecoration.com\/blog\/wp-content\/uploads\/2023\/12\/ou-trouver-deco-funky-textile-4-640x640.jpeg 640w, https:\/\/www.cocondedecoration.com\/blog\/wp-content\/uploads\/2023\/12\/ou-trouver-deco-funky-textile-4-165x165.jpeg 165w, https:\/\/www.cocondedecoration.com\/blog\/wp-content\/uploads\/2023\/12\/ou-trouver-deco-funky-textile-4-260x260.jpeg 260w, https:\/\/www.cocondedecoration.com\/blog\/wp-content\/uploads\/2023\/12\/ou-trouver-deco-funky-textile-4-465x465.jpeg 465w, https:\/\/www.cocondedecoration.com\/blog\/wp-content\/uploads\/2023\/12\/ou-trouver-deco-funky-textile-4-500x500.jpeg 500w, https:\/\/www.cocondedecoration.com\/blog\/wp-content\/uploads\/2023\/12\/ou-trouver-deco-funky-textile-4.jpeg 650w\" sizes=\"(max-width: 640px) 100vw, 640px\" \/><figcaption><a href=\"https:\/\/fr135.net\/c\/?si=15334&amp;li=1664704&amp;wi=389952&amp;ws=2023%20ou%20trouver%20funky&amp;dl=fr-fr%2Fshop%2Fstay-wild-moon-child-cushion%3Fcolor%3D066%26type%3DREGULAR%26size%3DONE%2520SIZE%26quantity%3D1\" target=\"_blank\" rel=\"noreferrer noopener\" aria-label=\"Coussin Stay Wild Moon Child (s\u2019ouvre dans un nouvel onglet)\">Coussin Stay Wild Moon Child<\/a> - Urban Outfitters<\/figcaption><\/figure>\n\n\n\n<figure class=\"wp-block-image\"><img loading=\"lazy\" decoding=\"async\" width=\"640\" height=\"640\" src=\"https:\/\/www.cocondedecoration.com\/blog\/wp-content\/uploads\/2023\/12\/decoration-textile-esprit-funky-1-640x640.jpeg\" alt=\"decoration textile esprit funky Tapis tiss\u00e9 plat kilim en laine\" class=\"wp-image-70285\" srcset=\"https:\/\/www.cocondedecoration.com\/blog\/wp-content\/uploads\/2023\/12\/decoration-textile-esprit-funky-1-640x640.jpeg 640w, https:\/\/www.cocondedecoration.com\/blog\/wp-content\/uploads\/2023\/12\/decoration-textile-esprit-funky-1-165x165.jpeg 165w, https:\/\/www.cocondedecoration.com\/blog\/wp-content\/uploads\/2023\/12\/decoration-textile-esprit-funky-1-260x260.jpeg 260w, https:\/\/www.cocondedecoration.com\/blog\/wp-content\/uploads\/2023\/12\/decoration-textile-esprit-funky-1-465x465.jpeg 465w, https:\/\/www.cocondedecoration.com\/blog\/wp-content\/uploads\/2023\/12\/decoration-textile-esprit-funky-1-500x500.jpeg 500w, https:\/\/www.cocondedecoration.com\/blog\/wp-content\/uploads\/2023\/12\/decoration-textile-esprit-funky-1.jpeg 650w\" sizes=\"(max-width: 640px) 100vw, 640px\" \/><figcaption><a href=\"https:\/\/c3po.link\/QhHUT9qQbb\" target=\"_blank\" rel=\"noreferrer noopener\" aria-label=\"Tapis tiss\u00e9 plat kilim en laine  (s\u2019ouvre dans un nouvel onglet)\">Tapis tiss\u00e9 plat kilim en laine <\/a>- La Redoute<\/figcaption><\/figure>\n\n\n\n<figure class=\"wp-block-image\"><img loading=\"lazy\" decoding=\"async\" width=\"640\" height=\"640\" src=\"https:\/\/www.cocondedecoration.com\/blog\/wp-content\/uploads\/2023\/12\/decoration-textile-esprit-funky-4-640x640.jpeg\" alt=\"decoration textile esprit funky Lot de 2 housses de coussin\" class=\"wp-image-70288\" srcset=\"https:\/\/www.cocondedecoration.com\/blog\/wp-content\/uploads\/2023\/12\/decoration-textile-esprit-funky-4-640x640.jpeg 640w, https:\/\/www.cocondedecoration.com\/blog\/wp-content\/uploads\/2023\/12\/decoration-textile-esprit-funky-4-165x165.jpeg 165w, https:\/\/www.cocondedecoration.com\/blog\/wp-content\/uploads\/2023\/12\/decoration-textile-esprit-funky-4-260x260.jpeg 260w, https:\/\/www.cocondedecoration.com\/blog\/wp-content\/uploads\/2023\/12\/decoration-textile-esprit-funky-4-465x465.jpeg 465w, https:\/\/www.cocondedecoration.com\/blog\/wp-content\/uploads\/2023\/12\/decoration-textile-esprit-funky-4-500x500.jpeg 500w, https:\/\/www.cocondedecoration.com\/blog\/wp-content\/uploads\/2023\/12\/decoration-textile-esprit-funky-4.jpeg 650w\" sizes=\"(max-width: 640px) 100vw, 640px\" \/><figcaption><a href=\"https:\/\/c3po.link\/QPwsTkDx2M\" target=\"_blank\" rel=\"noreferrer noopener\" aria-label=\"Lot de 2 housses de coussin (s\u2019ouvre dans un nouvel onglet)\">Lot de 2 housses de coussin<\/a> - La Redoute<\/figcaption><\/figure>\n\n\n\n<figure class=\"wp-block-image\"><img loading=\"lazy\" decoding=\"async\" width=\"640\" height=\"640\" src=\"https:\/\/www.cocondedecoration.com\/blog\/wp-content\/uploads\/2023\/12\/decoration-textile-esprit-funky-7-640x640.jpeg\" alt=\"decoration textile esprit funky Housse de coussin vert et bleu vintage motif\" class=\"wp-image-70291\" srcset=\"https:\/\/www.cocondedecoration.com\/blog\/wp-content\/uploads\/2023\/12\/decoration-textile-esprit-funky-7-640x640.jpeg 640w, https:\/\/www.cocondedecoration.com\/blog\/wp-content\/uploads\/2023\/12\/decoration-textile-esprit-funky-7-165x165.jpeg 165w, https:\/\/www.cocondedecoration.com\/blog\/wp-content\/uploads\/2023\/12\/decoration-textile-esprit-funky-7-260x260.jpeg 260w, https:\/\/www.cocondedecoration.com\/blog\/wp-content\/uploads\/2023\/12\/decoration-textile-esprit-funky-7-465x465.jpeg 465w, https:\/\/www.cocondedecoration.com\/blog\/wp-content\/uploads\/2023\/12\/decoration-textile-esprit-funky-7-500x500.jpeg 500w, https:\/\/www.cocondedecoration.com\/blog\/wp-content\/uploads\/2023\/12\/decoration-textile-esprit-funky-7.jpeg 650w\" sizes=\"(max-width: 640px) 100vw, 640px\" \/><figcaption><a href=\"https:\/\/c3po.link\/QPNHYDvQ7a\" target=\"_blank\" rel=\"noreferrer noopener\" aria-label=\"Housse de coussin (s\u2019ouvre dans un nouvel onglet)\">Housse de coussin<\/a> - La Redoute<\/figcaption><\/figure>\n<\/div>\n\n\n\n<div class=\"wp-block-column is-layout-flow wp-block-column-is-layout-flow\">\n<figure class=\"wp-block-image\"><img loading=\"lazy\" decoding=\"async\" width=\"640\" height=\"640\" src=\"https:\/\/www.cocondedecoration.com\/blog\/wp-content\/uploads\/2023\/12\/ou-trouver-deco-funky-textile-2-640x640.jpeg\" alt=\"ou trouver deco funky textile Coussin \u00e0 motif \u0153il en maille au crochet\" class=\"wp-image-70236\" srcset=\"https:\/\/www.cocondedecoration.com\/blog\/wp-content\/uploads\/2023\/12\/ou-trouver-deco-funky-textile-2-640x640.jpeg 640w, https:\/\/www.cocondedecoration.com\/blog\/wp-content\/uploads\/2023\/12\/ou-trouver-deco-funky-textile-2-165x165.jpeg 165w, https:\/\/www.cocondedecoration.com\/blog\/wp-content\/uploads\/2023\/12\/ou-trouver-deco-funky-textile-2-260x260.jpeg 260w, https:\/\/www.cocondedecoration.com\/blog\/wp-content\/uploads\/2023\/12\/ou-trouver-deco-funky-textile-2-465x465.jpeg 465w, https:\/\/www.cocondedecoration.com\/blog\/wp-content\/uploads\/2023\/12\/ou-trouver-deco-funky-textile-2-500x500.jpeg 500w, https:\/\/www.cocondedecoration.com\/blog\/wp-content\/uploads\/2023\/12\/ou-trouver-deco-funky-textile-2.jpeg 650w\" sizes=\"(max-width: 640px) 100vw, 640px\" \/><figcaption><a href=\"https:\/\/fr135.net\/c\/?si=15334&amp;li=1664704&amp;wi=389952&amp;ws=2023%20ou%20trouver%20funky&amp;dl=fr-fr%2Fshop%2Fcrochet-eye-throw-pillow%3Fcolor%3D000%26type%3DREGULAR%26size%3DONE%2520SIZE%26quantity%3D1\" target=\"_blank\" rel=\"noreferrer noopener\" aria-label=\"Coussin \u00e0 motif \u0153il en maille au crochet  (s\u2019ouvre dans un nouvel onglet)\">Coussin \u00e0 motif \u0153il en maille au crochet <\/a>- Urban Outfitters<\/figcaption><\/figure>\n\n\n\n<figure class=\"wp-block-image\"><img loading=\"lazy\" decoding=\"async\" width=\"640\" height=\"640\" src=\"https:\/\/www.cocondedecoration.com\/blog\/wp-content\/uploads\/2023\/12\/ou-trouver-deco-funky-textile-5-640x640.jpeg\" alt=\"ou trouver deco funky textile Coussin tuft\u00e9 avec motifs de cerises\" class=\"wp-image-70239\" srcset=\"https:\/\/www.cocondedecoration.com\/blog\/wp-content\/uploads\/2023\/12\/ou-trouver-deco-funky-textile-5-640x640.jpeg 640w, https:\/\/www.cocondedecoration.com\/blog\/wp-content\/uploads\/2023\/12\/ou-trouver-deco-funky-textile-5-165x165.jpeg 165w, https:\/\/www.cocondedecoration.com\/blog\/wp-content\/uploads\/2023\/12\/ou-trouver-deco-funky-textile-5-260x260.jpeg 260w, https:\/\/www.cocondedecoration.com\/blog\/wp-content\/uploads\/2023\/12\/ou-trouver-deco-funky-textile-5-465x465.jpeg 465w, https:\/\/www.cocondedecoration.com\/blog\/wp-content\/uploads\/2023\/12\/ou-trouver-deco-funky-textile-5-500x500.jpeg 500w, https:\/\/www.cocondedecoration.com\/blog\/wp-content\/uploads\/2023\/12\/ou-trouver-deco-funky-textile-5.jpeg 650w\" sizes=\"(max-width: 640px) 100vw, 640px\" \/><figcaption><a href=\"https:\/\/fr135.net\/c\/?si=15334&amp;li=1664704&amp;wi=389952&amp;ws=2023%20ou%20trouver%20funky&amp;dl=fr-fr%2Fshop%2Fcherries-tufted-pillow%3Fcolor%3D030%26type%3DREGULAR%26size%3DONE%2520SIZE%26quantity%3D1\" target=\"_blank\" rel=\"noreferrer noopener\" aria-label=\"Coussin tuft\u00e9 avec motifs de cerises (s\u2019ouvre dans un nouvel onglet)\">Coussin tuft\u00e9 avec motifs de cerises<\/a> - Urban Outfitters<\/figcaption><\/figure>\n\n\n\n<figure class=\"wp-block-image\"><img loading=\"lazy\" decoding=\"async\" width=\"640\" height=\"640\" src=\"https:\/\/www.cocondedecoration.com\/blog\/wp-content\/uploads\/2023\/12\/decoration-textile-esprit-funky-2-640x640.jpeg\" alt=\"decoration textile esprit funky Tapis ovale en laine\" class=\"wp-image-70286\" srcset=\"https:\/\/www.cocondedecoration.com\/blog\/wp-content\/uploads\/2023\/12\/decoration-textile-esprit-funky-2-640x640.jpeg 640w, https:\/\/www.cocondedecoration.com\/blog\/wp-content\/uploads\/2023\/12\/decoration-textile-esprit-funky-2-165x165.jpeg 165w, https:\/\/www.cocondedecoration.com\/blog\/wp-content\/uploads\/2023\/12\/decoration-textile-esprit-funky-2-260x260.jpeg 260w, https:\/\/www.cocondedecoration.com\/blog\/wp-content\/uploads\/2023\/12\/decoration-textile-esprit-funky-2-465x465.jpeg 465w, https:\/\/www.cocondedecoration.com\/blog\/wp-content\/uploads\/2023\/12\/decoration-textile-esprit-funky-2-500x500.jpeg 500w, https:\/\/www.cocondedecoration.com\/blog\/wp-content\/uploads\/2023\/12\/decoration-textile-esprit-funky-2.jpeg 650w\" sizes=\"(max-width: 640px) 100vw, 640px\" \/><figcaption><a href=\"https:\/\/c3po.link\/QZetVJHDSP\" target=\"_blank\" rel=\"noreferrer noopener\" aria-label=\"Tapis ovale en laine (s\u2019ouvre dans un nouvel onglet)\">Tapis ovale en laine<\/a> - La Redoute<\/figcaption><\/figure>\n\n\n\n<figure class=\"wp-block-image\"><img loading=\"lazy\" decoding=\"async\" width=\"640\" height=\"640\" src=\"https:\/\/www.cocondedecoration.com\/blog\/wp-content\/uploads\/2023\/12\/decoration-textile-esprit-funky-5-640x640.jpeg\" alt=\"decoration textile esprit funky Coussin en fme de fleur diam.65\" class=\"wp-image-70289\" srcset=\"https:\/\/www.cocondedecoration.com\/blog\/wp-content\/uploads\/2023\/12\/decoration-textile-esprit-funky-5-640x640.jpeg 640w, https:\/\/www.cocondedecoration.com\/blog\/wp-content\/uploads\/2023\/12\/decoration-textile-esprit-funky-5-165x165.jpeg 165w, https:\/\/www.cocondedecoration.com\/blog\/wp-content\/uploads\/2023\/12\/decoration-textile-esprit-funky-5-260x260.jpeg 260w, https:\/\/www.cocondedecoration.com\/blog\/wp-content\/uploads\/2023\/12\/decoration-textile-esprit-funky-5-465x465.jpeg 465w, https:\/\/www.cocondedecoration.com\/blog\/wp-content\/uploads\/2023\/12\/decoration-textile-esprit-funky-5-500x500.jpeg 500w, https:\/\/www.cocondedecoration.com\/blog\/wp-content\/uploads\/2023\/12\/decoration-textile-esprit-funky-5.jpeg 650w\" sizes=\"(max-width: 640px) 100vw, 640px\" \/><figcaption><a href=\"https:\/\/c3po.link\/QzSW3HHAsZ\" target=\"_blank\" rel=\"noreferrer noopener\" aria-label=\"Coussin en forme de fleur diam.65 (s\u2019ouvre dans un nouvel onglet)\">Coussin en forme de fleur diam.65<\/a> - La Redoute<\/figcaption><\/figure>\n\n\n\n<figure class=\"wp-block-image\"><img loading=\"lazy\" decoding=\"async\" width=\"640\" height=\"640\" src=\"https:\/\/www.cocondedecoration.com\/blog\/wp-content\/uploads\/2023\/12\/decoration-textile-esprit-funky-8-640x640.jpeg\" alt=\"decoration textile esprit funky Coussin Sela\" class=\"wp-image-70292\" srcset=\"https:\/\/www.cocondedecoration.com\/blog\/wp-content\/uploads\/2023\/12\/decoration-textile-esprit-funky-8-640x640.jpeg 640w, https:\/\/www.cocondedecoration.com\/blog\/wp-content\/uploads\/2023\/12\/decoration-textile-esprit-funky-8-165x165.jpeg 165w, https:\/\/www.cocondedecoration.com\/blog\/wp-content\/uploads\/2023\/12\/decoration-textile-esprit-funky-8-260x260.jpeg 260w, https:\/\/www.cocondedecoration.com\/blog\/wp-content\/uploads\/2023\/12\/decoration-textile-esprit-funky-8-465x465.jpeg 465w, https:\/\/www.cocondedecoration.com\/blog\/wp-content\/uploads\/2023\/12\/decoration-textile-esprit-funky-8-500x500.jpeg 500w, https:\/\/www.cocondedecoration.com\/blog\/wp-content\/uploads\/2023\/12\/decoration-textile-esprit-funky-8.jpeg 650w\" sizes=\"(max-width: 640px) 100vw, 640px\" \/><figcaption><a href=\"https:\/\/c3po.link\/QP3zY4KEBS\" target=\"_blank\" rel=\"noreferrer noopener\" aria-label=\"Coussin Sela (s\u2019ouvre dans un nouvel onglet)\">Coussin Sela<\/a> - La Redoute<\/figcaption><\/figure>\n<\/div>\n\n\n\n<div class=\"wp-block-column is-layout-flow wp-block-column-is-layout-flow\">\n<figure class=\"wp-block-image\"><img loading=\"lazy\" decoding=\"async\" width=\"640\" height=\"640\" src=\"https:\/\/www.cocondedecoration.com\/blog\/wp-content\/uploads\/2023\/12\/ou-trouver-deco-funky-textile-3-640x640.jpeg\" alt=\"ou trouver deco funky textile Coussin tuft\u00e9 doughnut\" class=\"wp-image-70237\" srcset=\"https:\/\/www.cocondedecoration.com\/blog\/wp-content\/uploads\/2023\/12\/ou-trouver-deco-funky-textile-3-640x640.jpeg 640w, https:\/\/www.cocondedecoration.com\/blog\/wp-content\/uploads\/2023\/12\/ou-trouver-deco-funky-textile-3-165x165.jpeg 165w, https:\/\/www.cocondedecoration.com\/blog\/wp-content\/uploads\/2023\/12\/ou-trouver-deco-funky-textile-3-260x260.jpeg 260w, https:\/\/www.cocondedecoration.com\/blog\/wp-content\/uploads\/2023\/12\/ou-trouver-deco-funky-textile-3-465x465.jpeg 465w, https:\/\/www.cocondedecoration.com\/blog\/wp-content\/uploads\/2023\/12\/ou-trouver-deco-funky-textile-3-500x500.jpeg 500w, https:\/\/www.cocondedecoration.com\/blog\/wp-content\/uploads\/2023\/12\/ou-trouver-deco-funky-textile-3.jpeg 650w\" sizes=\"(max-width: 640px) 100vw, 640px\" \/><figcaption><a href=\"https:\/\/fr135.net\/c\/?si=15334&amp;li=1664704&amp;wi=389952&amp;ws=2023%20ou%20trouver%20funky&amp;dl=fr-fr%2Fshop%2Fdoughnut-tufted-cushion%3Fcolor%3D066%26type%3DREGULAR%26size%3DONE%2520SIZE%26quantity%3D1\" target=\"_blank\" rel=\"noreferrer noopener\" aria-label=\"Coussin tuft\u00e9 doughnut  (s\u2019ouvre dans un nouvel onglet)\">Coussin tuft\u00e9 doughnut <\/a>- Urban Outfitters <\/figcaption><\/figure>\n\n\n\n<figure class=\"wp-block-image\"><img loading=\"lazy\" decoding=\"async\" width=\"640\" height=\"640\" src=\"https:\/\/www.cocondedecoration.com\/blog\/wp-content\/uploads\/2023\/12\/ou-trouver-deco-funky-textile-6-640x640.jpeg\" alt=\"ou trouver deco funky textile Rideau en bambou imprim\u00e9 visage de soleil\" class=\"wp-image-70240\" srcset=\"https:\/\/www.cocondedecoration.com\/blog\/wp-content\/uploads\/2023\/12\/ou-trouver-deco-funky-textile-6-640x640.jpeg 640w, https:\/\/www.cocondedecoration.com\/blog\/wp-content\/uploads\/2023\/12\/ou-trouver-deco-funky-textile-6-165x165.jpeg 165w, https:\/\/www.cocondedecoration.com\/blog\/wp-content\/uploads\/2023\/12\/ou-trouver-deco-funky-textile-6-260x260.jpeg 260w, https:\/\/www.cocondedecoration.com\/blog\/wp-content\/uploads\/2023\/12\/ou-trouver-deco-funky-textile-6-465x465.jpeg 465w, https:\/\/www.cocondedecoration.com\/blog\/wp-content\/uploads\/2023\/12\/ou-trouver-deco-funky-textile-6-500x500.jpeg 500w, https:\/\/www.cocondedecoration.com\/blog\/wp-content\/uploads\/2023\/12\/ou-trouver-deco-funky-textile-6.jpeg 650w\" sizes=\"(max-width: 640px) 100vw, 640px\" \/><figcaption><a href=\"https:\/\/fr135.net\/c\/?si=15334&amp;li=1664704&amp;wi=389952&amp;ws=2023%20ou%20trouver%20funky&amp;dl=fr-fr%2Fshop%2Fsun-face-bamboo-curtain%3Fcolor%3D000%26type%3DREGULAR%26size%3DONE%2520SIZE%26quantity%3D1\" target=\"_blank\" rel=\"noreferrer noopener\" aria-label=\"Rideau en bambou imprim\u00e9 visage de soleil (s\u2019ouvre dans un nouvel onglet)\">Rideau en bambou imprim\u00e9 visage de soleil<\/a> - Urban Outfitters<\/figcaption><\/figure>\n\n\n\n<figure class=\"wp-block-image\"><img loading=\"lazy\" decoding=\"async\" width=\"640\" height=\"640\" src=\"https:\/\/www.cocondedecoration.com\/blog\/wp-content\/uploads\/2023\/12\/decoration-textile-esprit-funky-3-640x640.jpeg\" alt=\"decoration textile esprit funky Tapis damier\" class=\"wp-image-70287\" srcset=\"https:\/\/www.cocondedecoration.com\/blog\/wp-content\/uploads\/2023\/12\/decoration-textile-esprit-funky-3-640x640.jpeg 640w, https:\/\/www.cocondedecoration.com\/blog\/wp-content\/uploads\/2023\/12\/decoration-textile-esprit-funky-3-165x165.jpeg 165w, https:\/\/www.cocondedecoration.com\/blog\/wp-content\/uploads\/2023\/12\/decoration-textile-esprit-funky-3-260x260.jpeg 260w, https:\/\/www.cocondedecoration.com\/blog\/wp-content\/uploads\/2023\/12\/decoration-textile-esprit-funky-3-465x465.jpeg 465w, https:\/\/www.cocondedecoration.com\/blog\/wp-content\/uploads\/2023\/12\/decoration-textile-esprit-funky-3-500x500.jpeg 500w, https:\/\/www.cocondedecoration.com\/blog\/wp-content\/uploads\/2023\/12\/decoration-textile-esprit-funky-3.jpeg 650w\" sizes=\"(max-width: 640px) 100vw, 640px\" \/><figcaption><a href=\"https:\/\/c3po.link\/QhK4cPZ83J\" target=\"_blank\" rel=\"noreferrer noopener\" aria-label=\"Tapis damier (s\u2019ouvre dans un nouvel onglet)\">Tapis damier<\/a> - La Redoute<\/figcaption><\/figure>\n\n\n\n<figure class=\"wp-block-image\"><img loading=\"lazy\" decoding=\"async\" width=\"640\" height=\"640\" src=\"https:\/\/www.cocondedecoration.com\/blog\/wp-content\/uploads\/2023\/12\/decoration-textile-esprit-funky-6-640x640.jpeg\" alt=\"decoration textile esprit funky Housse de coussin brod\u00e9e\" class=\"wp-image-70290\" srcset=\"https:\/\/www.cocondedecoration.com\/blog\/wp-content\/uploads\/2023\/12\/decoration-textile-esprit-funky-6-640x640.jpeg 640w, https:\/\/www.cocondedecoration.com\/blog\/wp-content\/uploads\/2023\/12\/decoration-textile-esprit-funky-6-165x165.jpeg 165w, https:\/\/www.cocondedecoration.com\/blog\/wp-content\/uploads\/2023\/12\/decoration-textile-esprit-funky-6-260x260.jpeg 260w, https:\/\/www.cocondedecoration.com\/blog\/wp-content\/uploads\/2023\/12\/decoration-textile-esprit-funky-6-465x465.jpeg 465w, https:\/\/www.cocondedecoration.com\/blog\/wp-content\/uploads\/2023\/12\/decoration-textile-esprit-funky-6-500x500.jpeg 500w, https:\/\/www.cocondedecoration.com\/blog\/wp-content\/uploads\/2023\/12\/decoration-textile-esprit-funky-6.jpeg 650w\" sizes=\"(max-width: 640px) 100vw, 640px\" \/><figcaption><a href=\"https:\/\/c3po.link\/QCkd77ns5c\" target=\"_blank\" rel=\"noreferrer noopener\" aria-label=\"Housse de coussin brod\u00e9e (s\u2019ouvre dans un nouvel onglet)\">Housse de coussin brod\u00e9e<\/a> - La Redoute<\/figcaption><\/figure>\n\n\n\n<figure class=\"wp-block-image\"><img loading=\"lazy\" decoding=\"async\" width=\"640\" height=\"640\" src=\"https:\/\/www.cocondedecoration.com\/blog\/wp-content\/uploads\/2023\/12\/decoration-textile-esprit-funky-9-640x640.jpeg\" alt=\"decoration textile esprit funky Housse de coussin \u00e0 carreaux laine agneau\" class=\"wp-image-70293\" srcset=\"https:\/\/www.cocondedecoration.com\/blog\/wp-content\/uploads\/2023\/12\/decoration-textile-esprit-funky-9-640x640.jpeg 640w, https:\/\/www.cocondedecoration.com\/blog\/wp-content\/uploads\/2023\/12\/decoration-textile-esprit-funky-9-165x165.jpeg 165w, https:\/\/www.cocondedecoration.com\/blog\/wp-content\/uploads\/2023\/12\/decoration-textile-esprit-funky-9-260x260.jpeg 260w, https:\/\/www.cocondedecoration.com\/blog\/wp-content\/uploads\/2023\/12\/decoration-textile-esprit-funky-9-465x465.jpeg 465w, https:\/\/www.cocondedecoration.com\/blog\/wp-content\/uploads\/2023\/12\/decoration-textile-esprit-funky-9-500x500.jpeg 500w, https:\/\/www.cocondedecoration.com\/blog\/wp-content\/uploads\/2023\/12\/decoration-textile-esprit-funky-9.jpeg 650w\" sizes=\"(max-width: 640px) 100vw, 640px\" \/><figcaption><a href=\"https:\/\/c3po.link\/QdgKQvMTHZ\" target=\"_blank\" rel=\"noreferrer noopener\" aria-label=\"Housse de coussin \u00e0 carreaux laine agneau (s\u2019ouvre dans un nouvel onglet)\">Housse de coussin \u00e0 carreaux laine agneau<\/a> - La Redoute<\/figcaption><\/figure>\n<\/div>\n<\/div>\n\n\n\n<ul class=\"wp-block-gallery columns-2 is-cropped wp-block-gallery-2 is-layout-flex wp-block-gallery-is-layout-flex\"><li class=\"blocks-gallery-item\"><figure><img loading=\"lazy\" decoding=\"async\" width=\"640\" height=\"960\" src=\"https:\/\/www.cocondedecoration.com\/blog\/wp-content\/uploads\/2023\/12\/exemple-decor-funky-annees-80-3-640x960.jpeg\" alt=\"exemple decor funky annees 80 s\u00e9jour salle \u00e0 manger dominante blanche avec touche de couleur pop\" data-id=\"70361\" data-link=\"https:\/\/www.cocondedecoration.com\/blog\/?attachment_id=70361\" class=\"wp-image-70361\" srcset=\"https:\/\/www.cocondedecoration.com\/blog\/wp-content\/uploads\/2023\/12\/exemple-decor-funky-annees-80-3-640x960.jpeg 640w, https:\/\/www.cocondedecoration.com\/blog\/wp-content\/uploads\/2023\/12\/exemple-decor-funky-annees-80-3-260x390.jpeg 260w, https:\/\/www.cocondedecoration.com\/blog\/wp-content\/uploads\/2023\/12\/exemple-decor-funky-annees-80-3-768x1152.jpeg 768w, https:\/\/www.cocondedecoration.com\/blog\/wp-content\/uploads\/2023\/12\/exemple-decor-funky-annees-80-3-367x550.jpeg 367w, https:\/\/www.cocondedecoration.com\/blog\/wp-content\/uploads\/2023\/12\/exemple-decor-funky-annees-80-3-333x500.jpeg 333w, https:\/\/www.cocondedecoration.com\/blog\/wp-content\/uploads\/2023\/12\/exemple-decor-funky-annees-80-3.jpeg 1000w\" sizes=\"(max-width: 640px) 100vw, 640px\" \/><figcaption>littlebigbell.com\n<\/figcaption><\/figure><\/li><li class=\"blocks-gallery-item\"><figure><img loading=\"lazy\" decoding=\"async\" width=\"640\" height=\"960\" src=\"https:\/\/www.cocondedecoration.com\/blog\/wp-content\/uploads\/2023\/12\/exemple-decor-funky-annees-80-4-640x960.jpeg\" alt=\"exemple decor funky annees 80 salon rose canap\u00e9 vert \u00e0 motof poster color\u00e9 plantes vertes\" data-id=\"70362\" data-link=\"https:\/\/www.cocondedecoration.com\/blog\/?attachment_id=70362\" class=\"wp-image-70362\" srcset=\"https:\/\/www.cocondedecoration.com\/blog\/wp-content\/uploads\/2023\/12\/exemple-decor-funky-annees-80-4-640x960.jpeg 640w, https:\/\/www.cocondedecoration.com\/blog\/wp-content\/uploads\/2023\/12\/exemple-decor-funky-annees-80-4-260x390.jpeg 260w, https:\/\/www.cocondedecoration.com\/blog\/wp-content\/uploads\/2023\/12\/exemple-decor-funky-annees-80-4-768x1152.jpeg 768w, https:\/\/www.cocondedecoration.com\/blog\/wp-content\/uploads\/2023\/12\/exemple-decor-funky-annees-80-4-367x550.jpeg 367w, https:\/\/www.cocondedecoration.com\/blog\/wp-content\/uploads\/2023\/12\/exemple-decor-funky-annees-80-4-333x500.jpeg 333w, https:\/\/www.cocondedecoration.com\/blog\/wp-content\/uploads\/2023\/12\/exemple-decor-funky-annees-80-4.jpeg 1000w\" sizes=\"(max-width: 640px) 100vw, 640px\" \/><figcaption>thenordroom.com\n<\/figcaption><\/figure><\/li><\/ul>\n\n\n\n<h2 class=\"wp-block-heading\">Luminaires originaux pour un int\u00e9rieur plus amusant <\/h2>\n\n\n\n<div class=\"wp-block-columns has-3-columns is-layout-flex wp-container-core-columns-layout-3 wp-block-columns-is-layout-flex\">\n<div class=\"wp-block-column is-layout-flow wp-block-column-is-layout-flow\">\n<figure class=\"wp-block-image\"><img loading=\"lazy\" decoding=\"async\" width=\"640\" height=\"640\" src=\"https:\/\/www.cocondedecoration.com\/blog\/wp-content\/uploads\/2023\/12\/deco-funky-neon-pas-cher-1-640x640.jpeg\" alt=\"deco funky neon pas cher Mini panneau LED en forme d'\u00e9clair\" class=\"wp-image-70243\" srcset=\"https:\/\/www.cocondedecoration.com\/blog\/wp-content\/uploads\/2023\/12\/deco-funky-neon-pas-cher-1-640x640.jpeg 640w, https:\/\/www.cocondedecoration.com\/blog\/wp-content\/uploads\/2023\/12\/deco-funky-neon-pas-cher-1-165x165.jpeg 165w, https:\/\/www.cocondedecoration.com\/blog\/wp-content\/uploads\/2023\/12\/deco-funky-neon-pas-cher-1-260x260.jpeg 260w, https:\/\/www.cocondedecoration.com\/blog\/wp-content\/uploads\/2023\/12\/deco-funky-neon-pas-cher-1-465x465.jpeg 465w, https:\/\/www.cocondedecoration.com\/blog\/wp-content\/uploads\/2023\/12\/deco-funky-neon-pas-cher-1-500x500.jpeg 500w, https:\/\/www.cocondedecoration.com\/blog\/wp-content\/uploads\/2023\/12\/deco-funky-neon-pas-cher-1.jpeg 650w\" sizes=\"(max-width: 640px) 100vw, 640px\" \/><figcaption><a href=\"https:\/\/fr135.net\/c\/?si=15334&amp;li=1664704&amp;wi=389952&amp;ws=2023%20ou%20trouver%20funky&amp;dl=fr-fr%2Fshop%2Fmini-bolt-led-sign2%3Fcolor%3D072%26type%3DREGULAR%26size%3DONE%2520SIZE%26quantity%3D1\" target=\"_blank\" rel=\"noreferrer noopener\" aria-label=\"Mini panneau LED en forme d'\u00e9clair (s\u2019ouvre dans un nouvel onglet)\">Mini panneau LED en forme d'\u00e9clair<\/a> - Urban Outfitters<\/figcaption><\/figure>\n\n\n\n<figure class=\"wp-block-image\"><img loading=\"lazy\" decoding=\"async\" width=\"640\" height=\"640\" src=\"https:\/\/www.cocondedecoration.com\/blog\/wp-content\/uploads\/2023\/12\/objet-deco-design-funky-1-640x640.jpeg\" alt=\"objet deco design funky LAMPE DE TABLE BANANA DEWEY PLASTIQUE JAUNE \/ R\u00c9SINE - SELETTI\" class=\"wp-image-70270\" srcset=\"https:\/\/www.cocondedecoration.com\/blog\/wp-content\/uploads\/2023\/12\/objet-deco-design-funky-1-640x640.jpeg 640w, https:\/\/www.cocondedecoration.com\/blog\/wp-content\/uploads\/2023\/12\/objet-deco-design-funky-1-165x165.jpeg 165w, https:\/\/www.cocondedecoration.com\/blog\/wp-content\/uploads\/2023\/12\/objet-deco-design-funky-1-260x260.jpeg 260w, https:\/\/www.cocondedecoration.com\/blog\/wp-content\/uploads\/2023\/12\/objet-deco-design-funky-1-465x465.jpeg 465w, https:\/\/www.cocondedecoration.com\/blog\/wp-content\/uploads\/2023\/12\/objet-deco-design-funky-1-500x500.jpeg 500w, https:\/\/www.cocondedecoration.com\/blog\/wp-content\/uploads\/2023\/12\/objet-deco-design-funky-1.jpeg 650w\" sizes=\"(max-width: 640px) 100vw, 640px\" \/><figcaption><a href=\"https:\/\/c3po.link\/QaFepTMaEz\" target=\"_blank\" rel=\"noreferrer noopener\" aria-label=\"Lampe de table SELETTI  (s\u2019ouvre dans un nouvel onglet)\">Lampe de table SELETTI <\/a>- Made in Design<\/figcaption><\/figure>\n\n\n\n<figure class=\"wp-block-image\"><img loading=\"lazy\" decoding=\"async\" width=\"640\" height=\"640\" src=\"https:\/\/www.cocondedecoration.com\/blog\/wp-content\/uploads\/2023\/12\/luminaire-colore-vintage-design-funky-1-640x640.jpeg\" alt=\"luminaire colore vintage design funky Applique avec prise n\u00e9on bouche\" class=\"wp-image-70352\" srcset=\"https:\/\/www.cocondedecoration.com\/blog\/wp-content\/uploads\/2023\/12\/luminaire-colore-vintage-design-funky-1-640x640.jpeg 640w, https:\/\/www.cocondedecoration.com\/blog\/wp-content\/uploads\/2023\/12\/luminaire-colore-vintage-design-funky-1-165x165.jpeg 165w, https:\/\/www.cocondedecoration.com\/blog\/wp-content\/uploads\/2023\/12\/luminaire-colore-vintage-design-funky-1-260x260.jpeg 260w, https:\/\/www.cocondedecoration.com\/blog\/wp-content\/uploads\/2023\/12\/luminaire-colore-vintage-design-funky-1-465x465.jpeg 465w, https:\/\/www.cocondedecoration.com\/blog\/wp-content\/uploads\/2023\/12\/luminaire-colore-vintage-design-funky-1-500x500.jpeg 500w, https:\/\/www.cocondedecoration.com\/blog\/wp-content\/uploads\/2023\/12\/luminaire-colore-vintage-design-funky-1.jpeg 650w\" sizes=\"(max-width: 640px) 100vw, 640px\" \/><figcaption><a href=\"https:\/\/fnty.co\/c\/r-fJyHxltE\" target=\"_blank\" rel=\"noreferrer noopener\" aria-label=\"Applique avec prise n\u00e9on bouche (s\u2019ouvre dans un nouvel onglet)\">Applique avec prise n\u00e9on bouche<\/a> - The Cool Republic<\/figcaption><\/figure>\n<\/div>\n\n\n\n<div class=\"wp-block-column is-layout-flow wp-block-column-is-layout-flow\">\n<figure class=\"wp-block-image\"><img loading=\"lazy\" decoding=\"async\" width=\"640\" height=\"640\" src=\"https:\/\/www.cocondedecoration.com\/blog\/wp-content\/uploads\/2023\/12\/deco-funky-neon-pas-cher-2-640x640.jpeg\" alt=\"deco funky neon pas cher Lampe n\u00e9on Good Vibes\" class=\"wp-image-70241\" srcset=\"https:\/\/www.cocondedecoration.com\/blog\/wp-content\/uploads\/2023\/12\/deco-funky-neon-pas-cher-2-640x640.jpeg 640w, https:\/\/www.cocondedecoration.com\/blog\/wp-content\/uploads\/2023\/12\/deco-funky-neon-pas-cher-2-165x165.jpeg 165w, https:\/\/www.cocondedecoration.com\/blog\/wp-content\/uploads\/2023\/12\/deco-funky-neon-pas-cher-2-260x260.jpeg 260w, https:\/\/www.cocondedecoration.com\/blog\/wp-content\/uploads\/2023\/12\/deco-funky-neon-pas-cher-2-465x465.jpeg 465w, https:\/\/www.cocondedecoration.com\/blog\/wp-content\/uploads\/2023\/12\/deco-funky-neon-pas-cher-2-500x500.jpeg 500w, https:\/\/www.cocondedecoration.com\/blog\/wp-content\/uploads\/2023\/12\/deco-funky-neon-pas-cher-2.jpeg 650w\" sizes=\"(max-width: 640px) 100vw, 640px\" \/><figcaption><a href=\"https:\/\/fr135.net\/c\/?si=15334&amp;li=1664704&amp;wi=389952&amp;ws=2023%20ou%20trouver%20funky&amp;dl=fr-fr%2Fshop%2Fgood-vibes-neon-light2%3Fcolor%3D066%26type%3DREGULAR%26size%3DONE%2520SIZE%26quantity%3D1\" target=\"_blank\" rel=\"noreferrer noopener\" aria-label=\"Lampe n\u00e9on Good Vibes (s\u2019ouvre dans un nouvel onglet)\">Lampe n\u00e9on Good Vibes<\/a> - Urban Outfitters<\/figcaption><\/figure>\n\n\n\n<figure class=\"wp-block-image\"><img loading=\"lazy\" decoding=\"async\" width=\"640\" height=\"640\" src=\"https:\/\/www.cocondedecoration.com\/blog\/wp-content\/uploads\/2023\/12\/neon-deco-lampe-funky-1-640x640.jpeg\" alt=\"neon deco lampe funky Lampe LED effet n\u00e9on Hello\" class=\"wp-image-70294\" srcset=\"https:\/\/www.cocondedecoration.com\/blog\/wp-content\/uploads\/2023\/12\/neon-deco-lampe-funky-1-640x640.jpeg 640w, https:\/\/www.cocondedecoration.com\/blog\/wp-content\/uploads\/2023\/12\/neon-deco-lampe-funky-1-165x165.jpeg 165w, https:\/\/www.cocondedecoration.com\/blog\/wp-content\/uploads\/2023\/12\/neon-deco-lampe-funky-1-260x260.jpeg 260w, https:\/\/www.cocondedecoration.com\/blog\/wp-content\/uploads\/2023\/12\/neon-deco-lampe-funky-1-465x465.jpeg 465w, https:\/\/www.cocondedecoration.com\/blog\/wp-content\/uploads\/2023\/12\/neon-deco-lampe-funky-1-500x500.jpeg 500w, https:\/\/www.cocondedecoration.com\/blog\/wp-content\/uploads\/2023\/12\/neon-deco-lampe-funky-1.jpeg 650w\" sizes=\"(max-width: 640px) 100vw, 640px\" \/><figcaption><a href=\"https:\/\/c3po.link\/Q993urvj5j\" target=\"_blank\" rel=\"noreferrer noopener\" aria-label=\"Lampe LED effet n\u00e9on Hello  (s\u2019ouvre dans un nouvel onglet)\">Lampe LED effet n\u00e9on Hello <\/a>- La Redoute<\/figcaption><\/figure>\n\n\n\n<figure class=\"wp-block-image\"><img loading=\"lazy\" decoding=\"async\" width=\"640\" height=\"640\" src=\"https:\/\/www.cocondedecoration.com\/blog\/wp-content\/uploads\/2023\/12\/luminaire-colore-vintage-design-funky-2-640x640.jpeg\" alt=\"luminaire colore vintage design funky Lampe \u00e0 poser orange 22,3x32cm\" class=\"wp-image-70353\" srcset=\"https:\/\/www.cocondedecoration.com\/blog\/wp-content\/uploads\/2023\/12\/luminaire-colore-vintage-design-funky-2-640x640.jpeg 640w, https:\/\/www.cocondedecoration.com\/blog\/wp-content\/uploads\/2023\/12\/luminaire-colore-vintage-design-funky-2-165x165.jpeg 165w, https:\/\/www.cocondedecoration.com\/blog\/wp-content\/uploads\/2023\/12\/luminaire-colore-vintage-design-funky-2-260x260.jpeg 260w, https:\/\/www.cocondedecoration.com\/blog\/wp-content\/uploads\/2023\/12\/luminaire-colore-vintage-design-funky-2-465x465.jpeg 465w, https:\/\/www.cocondedecoration.com\/blog\/wp-content\/uploads\/2023\/12\/luminaire-colore-vintage-design-funky-2-500x500.jpeg 500w, https:\/\/www.cocondedecoration.com\/blog\/wp-content\/uploads\/2023\/12\/luminaire-colore-vintage-design-funky-2.jpeg 650w\" sizes=\"(max-width: 640px) 100vw, 640px\" \/><figcaption><a href=\"https:\/\/fnty.co\/c\/r-djfFAtWy\" target=\"_blank\" rel=\"noreferrer noopener\" aria-label=\"Lampe \u00e0 poser orange 22,3x32cm Artemide (s\u2019ouvre dans un nouvel onglet)\">Lampe \u00e0 poser orange 22,3x32cm Artemide<\/a> - The Cool Republic<\/figcaption><\/figure>\n<\/div>\n\n\n\n<div class=\"wp-block-column is-layout-flow wp-block-column-is-layout-flow\">\n<figure class=\"wp-block-image\"><img loading=\"lazy\" decoding=\"async\" width=\"640\" height=\"640\" src=\"https:\/\/www.cocondedecoration.com\/blog\/wp-content\/uploads\/2023\/12\/deco-funky-neon-pas-cher-3-640x640.jpeg\" alt=\"deco funky neon pas cher Mini lampe n\u00e9on LED en forme de fraise\" class=\"wp-image-70242\" srcset=\"https:\/\/www.cocondedecoration.com\/blog\/wp-content\/uploads\/2023\/12\/deco-funky-neon-pas-cher-3-640x640.jpeg 640w, https:\/\/www.cocondedecoration.com\/blog\/wp-content\/uploads\/2023\/12\/deco-funky-neon-pas-cher-3-165x165.jpeg 165w, https:\/\/www.cocondedecoration.com\/blog\/wp-content\/uploads\/2023\/12\/deco-funky-neon-pas-cher-3-260x260.jpeg 260w, https:\/\/www.cocondedecoration.com\/blog\/wp-content\/uploads\/2023\/12\/deco-funky-neon-pas-cher-3-465x465.jpeg 465w, https:\/\/www.cocondedecoration.com\/blog\/wp-content\/uploads\/2023\/12\/deco-funky-neon-pas-cher-3-500x500.jpeg 500w, https:\/\/www.cocondedecoration.com\/blog\/wp-content\/uploads\/2023\/12\/deco-funky-neon-pas-cher-3.jpeg 650w\" sizes=\"(max-width: 640px) 100vw, 640px\" \/><figcaption><a href=\"https:\/\/fr135.net\/c\/?si=15334&amp;li=1664704&amp;wi=389952&amp;ws=2023%20ou%20trouver%20funky&amp;dl=fr-fr%2Fshop%2Fled-mini-neon-strawberry-light%3Fcolor%3D060%26type%3DREGULAR%26size%3DONE%2520SIZE%26quantity%3D1\" target=\"_blank\" rel=\"noreferrer noopener\" aria-label=\"Mini lampe n\u00e9on LED en forme de fraise  (s\u2019ouvre dans un nouvel onglet)\">Mini lampe n\u00e9on LED en forme de fraise <\/a>- Urban Outfitters<\/figcaption><\/figure>\n\n\n\n<figure class=\"wp-block-image\"><img loading=\"lazy\" decoding=\"async\" width=\"640\" height=\"640\" src=\"https:\/\/www.cocondedecoration.com\/blog\/wp-content\/uploads\/2023\/12\/neon-deco-lampe-funky-2-640x640.jpeg\" alt=\"neon deco lampe funky Lampe fun effet n\u00e9on cactus\" class=\"wp-image-70295\" srcset=\"https:\/\/www.cocondedecoration.com\/blog\/wp-content\/uploads\/2023\/12\/neon-deco-lampe-funky-2-640x640.jpeg 640w, https:\/\/www.cocondedecoration.com\/blog\/wp-content\/uploads\/2023\/12\/neon-deco-lampe-funky-2-165x165.jpeg 165w, https:\/\/www.cocondedecoration.com\/blog\/wp-content\/uploads\/2023\/12\/neon-deco-lampe-funky-2-260x260.jpeg 260w, https:\/\/www.cocondedecoration.com\/blog\/wp-content\/uploads\/2023\/12\/neon-deco-lampe-funky-2-465x465.jpeg 465w, https:\/\/www.cocondedecoration.com\/blog\/wp-content\/uploads\/2023\/12\/neon-deco-lampe-funky-2-500x500.jpeg 500w, https:\/\/www.cocondedecoration.com\/blog\/wp-content\/uploads\/2023\/12\/neon-deco-lampe-funky-2.jpeg 650w\" sizes=\"(max-width: 640px) 100vw, 640px\" \/><figcaption><a href=\"https:\/\/c3po.link\/QuYjR8yfC9\" target=\"_blank\" rel=\"noreferrer noopener\" aria-label=\"Lampe fun effet n\u00e9on cactus (s\u2019ouvre dans un nouvel onglet)\">Lampe fun effet n\u00e9on cactus<\/a> - La Redoute<\/figcaption><\/figure>\n\n\n\n<figure class=\"wp-block-image\"><img loading=\"lazy\" decoding=\"async\" width=\"640\" height=\"640\" src=\"https:\/\/www.cocondedecoration.com\/blog\/wp-content\/uploads\/2023\/12\/luminaire-colore-vintage-design-funky-3-640x640.jpeg\" alt=\"luminaire colore vintage design funky Lampe de bureau en m\u00e9tal et verre souffl\u00e9 ambr\u00e9 et gris\" class=\"wp-image-70354\" srcset=\"https:\/\/www.cocondedecoration.com\/blog\/wp-content\/uploads\/2023\/12\/luminaire-colore-vintage-design-funky-3-640x640.jpeg 640w, https:\/\/www.cocondedecoration.com\/blog\/wp-content\/uploads\/2023\/12\/luminaire-colore-vintage-design-funky-3-165x165.jpeg 165w, https:\/\/www.cocondedecoration.com\/blog\/wp-content\/uploads\/2023\/12\/luminaire-colore-vintage-design-funky-3-260x260.jpeg 260w, https:\/\/www.cocondedecoration.com\/blog\/wp-content\/uploads\/2023\/12\/luminaire-colore-vintage-design-funky-3-465x465.jpeg 465w, https:\/\/www.cocondedecoration.com\/blog\/wp-content\/uploads\/2023\/12\/luminaire-colore-vintage-design-funky-3-500x500.jpeg 500w, https:\/\/www.cocondedecoration.com\/blog\/wp-content\/uploads\/2023\/12\/luminaire-colore-vintage-design-funky-3.jpeg 650w\" sizes=\"(max-width: 640px) 100vw, 640px\" \/><figcaption><a href=\"https:\/\/fnty.co\/c\/r-xtnWTxNI\" target=\"_blank\" rel=\"noreferrer noopener\" aria-label=\"Lampe de bureau en m\u00e9tal et verre souffl\u00e9 ambr\u00e9 et gris (s\u2019ouvre dans un nouvel onglet)\">Lampe de bureau en m\u00e9tal et verre souffl\u00e9 ambr\u00e9 et gris<\/a> - The Cool Republic<\/figcaption><\/figure>\n<\/div>\n<\/div>\n\n\n\n<ul class=\"wp-block-gallery columns-2 is-cropped wp-block-gallery-3 is-layout-flex wp-block-gallery-is-layout-flex\"><li class=\"blocks-gallery-item\"><figure><img loading=\"lazy\" decoding=\"async\" width=\"640\" height=\"960\" src=\"https:\/\/www.cocondedecoration.com\/blog\/wp-content\/uploads\/2023\/12\/exemple-decor-funky-annees-80-5-640x960.jpeg\" alt=\"exemple decor funky annees 80 galerie murale poster objets d\u00e9coratifs color\u00e9 salon\" data-id=\"70363\" data-link=\"https:\/\/www.cocondedecoration.com\/blog\/?attachment_id=70363\" class=\"wp-image-70363\" srcset=\"https:\/\/www.cocondedecoration.com\/blog\/wp-content\/uploads\/2023\/12\/exemple-decor-funky-annees-80-5-640x960.jpeg 640w, https:\/\/www.cocondedecoration.com\/blog\/wp-content\/uploads\/2023\/12\/exemple-decor-funky-annees-80-5-260x390.jpeg 260w, https:\/\/www.cocondedecoration.com\/blog\/wp-content\/uploads\/2023\/12\/exemple-decor-funky-annees-80-5-768x1152.jpeg 768w, https:\/\/www.cocondedecoration.com\/blog\/wp-content\/uploads\/2023\/12\/exemple-decor-funky-annees-80-5-367x550.jpeg 367w, https:\/\/www.cocondedecoration.com\/blog\/wp-content\/uploads\/2023\/12\/exemple-decor-funky-annees-80-5-333x500.jpeg 333w, https:\/\/www.cocondedecoration.com\/blog\/wp-content\/uploads\/2023\/12\/exemple-decor-funky-annees-80-5.jpeg 1000w\" sizes=\"(max-width: 640px) 100vw, 640px\" \/><figcaption>pinterest.fr<\/figcaption><\/figure><\/li><li class=\"blocks-gallery-item\"><figure><img loading=\"lazy\" decoding=\"async\" width=\"640\" height=\"960\" src=\"https:\/\/www.cocondedecoration.com\/blog\/wp-content\/uploads\/2023\/12\/exemple-decor-funky-annees-80-6-640x960.jpeg\" alt=\"exemple decor funky annees 80 \u00e9tag\u00e8re biblioth\u00e8que objets d\u00e9coratifs pouf bleu ciel tapis orange\" data-id=\"70364\" data-link=\"https:\/\/www.cocondedecoration.com\/blog\/?attachment_id=70364\" class=\"wp-image-70364\" srcset=\"https:\/\/www.cocondedecoration.com\/blog\/wp-content\/uploads\/2023\/12\/exemple-decor-funky-annees-80-6-640x960.jpeg 640w, https:\/\/www.cocondedecoration.com\/blog\/wp-content\/uploads\/2023\/12\/exemple-decor-funky-annees-80-6-260x390.jpeg 260w, https:\/\/www.cocondedecoration.com\/blog\/wp-content\/uploads\/2023\/12\/exemple-decor-funky-annees-80-6-768x1152.jpeg 768w, https:\/\/www.cocondedecoration.com\/blog\/wp-content\/uploads\/2023\/12\/exemple-decor-funky-annees-80-6-367x550.jpeg 367w, https:\/\/www.cocondedecoration.com\/blog\/wp-content\/uploads\/2023\/12\/exemple-decor-funky-annees-80-6-333x500.jpeg 333w, https:\/\/www.cocondedecoration.com\/blog\/wp-content\/uploads\/2023\/12\/exemple-decor-funky-annees-80-6.jpeg 1000w\" sizes=\"(max-width: 640px) 100vw, 640px\" \/><figcaption>revivalrugs.com\n<\/figcaption><\/figure><\/li><\/ul>\n\n\n\n<h2 class=\"wp-block-heading\">Les meubles d'appoint peuvent eux aussi \u00eatre plus fun &amp; color\u00e9s <\/h2>\n\n\n\n<div class=\"wp-block-columns has-3-columns is-layout-flex wp-container-core-columns-layout-4 wp-block-columns-is-layout-flex\">\n<div class=\"wp-block-column is-layout-flow wp-block-column-is-layout-flow\">\n<figure class=\"wp-block-image\"><img loading=\"lazy\" decoding=\"async\" width=\"640\" height=\"640\" src=\"https:\/\/www.cocondedecoration.com\/blog\/wp-content\/uploads\/2023\/12\/petit-meuble-colore-funky-1-640x640.jpeg\" alt=\"petit meuble colore funky  Petit casier jaune moutarde\" class=\"wp-image-70244\" srcset=\"https:\/\/www.cocondedecoration.com\/blog\/wp-content\/uploads\/2023\/12\/petit-meuble-colore-funky-1-640x640.jpeg 640w, https:\/\/www.cocondedecoration.com\/blog\/wp-content\/uploads\/2023\/12\/petit-meuble-colore-funky-1-165x165.jpeg 165w, https:\/\/www.cocondedecoration.com\/blog\/wp-content\/uploads\/2023\/12\/petit-meuble-colore-funky-1-260x260.jpeg 260w, https:\/\/www.cocondedecoration.com\/blog\/wp-content\/uploads\/2023\/12\/petit-meuble-colore-funky-1-465x465.jpeg 465w, https:\/\/www.cocondedecoration.com\/blog\/wp-content\/uploads\/2023\/12\/petit-meuble-colore-funky-1-500x500.jpeg 500w, https:\/\/www.cocondedecoration.com\/blog\/wp-content\/uploads\/2023\/12\/petit-meuble-colore-funky-1.jpeg 650w\" sizes=\"(max-width: 640px) 100vw, 640px\" \/><figcaption><a href=\"https:\/\/fr135.net\/c\/?si=15334&amp;li=1664704&amp;wi=389952&amp;ws=2023%20ou%20trouver%20funky&amp;dl=fr-fr%2Fshop%2Fmustard-made-mustard-shorty-locker%3Fcolor%3D072%26type%3DREGULAR%26size%3DONE%2520SIZE%26quantity%3D1\" target=\"_blank\" rel=\"noreferrer noopener\" aria-label=\"Petit casier jaune moutarde (s\u2019ouvre dans un nouvel onglet)\">Petit casier jaune moutarde<\/a> - Urban Outfitters<\/figcaption><\/figure>\n\n\n\n<figure class=\"wp-block-image\"><img loading=\"lazy\" decoding=\"async\" width=\"640\" height=\"640\" src=\"https:\/\/www.cocondedecoration.com\/blog\/wp-content\/uploads\/2023\/12\/meuble-appoint-design-style-funky-1-640x640.jpeg\" alt=\"meuble appoint design style funky Tabouret vert laqu\u00e9\" class=\"wp-image-70343\" srcset=\"https:\/\/www.cocondedecoration.com\/blog\/wp-content\/uploads\/2023\/12\/meuble-appoint-design-style-funky-1-640x640.jpeg 640w, https:\/\/www.cocondedecoration.com\/blog\/wp-content\/uploads\/2023\/12\/meuble-appoint-design-style-funky-1-165x165.jpeg 165w, https:\/\/www.cocondedecoration.com\/blog\/wp-content\/uploads\/2023\/12\/meuble-appoint-design-style-funky-1-260x260.jpeg 260w, https:\/\/www.cocondedecoration.com\/blog\/wp-content\/uploads\/2023\/12\/meuble-appoint-design-style-funky-1-465x465.jpeg 465w, https:\/\/www.cocondedecoration.com\/blog\/wp-content\/uploads\/2023\/12\/meuble-appoint-design-style-funky-1-500x500.jpeg 500w, https:\/\/www.cocondedecoration.com\/blog\/wp-content\/uploads\/2023\/12\/meuble-appoint-design-style-funky-1.jpeg 650w\" sizes=\"(max-width: 640px) 100vw, 640px\" \/><figcaption><a href=\"https:\/\/fnty.co\/c\/r-vFpGgBml\" target=\"_blank\" rel=\"noreferrer noopener\" aria-label=\"Tabouret vert laqu\u00e9 Tam Tam (s\u2019ouvre dans un nouvel onglet)\">Tabouret vert laqu\u00e9 Tam Tam<\/a> - The Cool Republic<\/figcaption><\/figure>\n\n\n\n<figure class=\"wp-block-image\"><img loading=\"lazy\" decoding=\"async\" width=\"640\" height=\"640\" src=\"https:\/\/www.cocondedecoration.com\/blog\/wp-content\/uploads\/2023\/12\/meuble-appoint-design-style-funky-4-640x640.jpeg\" alt=\"meuble appoint design style funky Etag\u00e8res en bois et acier vertes\" class=\"wp-image-70346\" srcset=\"https:\/\/www.cocondedecoration.com\/blog\/wp-content\/uploads\/2023\/12\/meuble-appoint-design-style-funky-4-640x640.jpeg 640w, https:\/\/www.cocondedecoration.com\/blog\/wp-content\/uploads\/2023\/12\/meuble-appoint-design-style-funky-4-165x165.jpeg 165w, https:\/\/www.cocondedecoration.com\/blog\/wp-content\/uploads\/2023\/12\/meuble-appoint-design-style-funky-4-260x260.jpeg 260w, https:\/\/www.cocondedecoration.com\/blog\/wp-content\/uploads\/2023\/12\/meuble-appoint-design-style-funky-4-465x465.jpeg 465w, https:\/\/www.cocondedecoration.com\/blog\/wp-content\/uploads\/2023\/12\/meuble-appoint-design-style-funky-4-500x500.jpeg 500w, https:\/\/www.cocondedecoration.com\/blog\/wp-content\/uploads\/2023\/12\/meuble-appoint-design-style-funky-4.jpeg 650w\" sizes=\"(max-width: 640px) 100vw, 640px\" \/><figcaption><a href=\"https:\/\/fnty.co\/c\/r-WZuyazQU\" target=\"_blank\" rel=\"noreferrer noopener\" aria-label=\"Etag\u00e8res en bois et acier vertes String Pocket (s\u2019ouvre dans un nouvel onglet)\">Etag\u00e8res en bois et acier vertes String Pocket<\/a> - The Cool Republic<\/figcaption><\/figure>\n\n\n\n<figure class=\"wp-block-image\"><img loading=\"lazy\" decoding=\"async\" width=\"640\" height=\"640\" src=\"https:\/\/www.cocondedecoration.com\/blog\/wp-content\/uploads\/2023\/12\/meuble-appoint-design-style-funky-7-640x640.jpeg\" alt=\"meuble appoint design style funky \u00c9tag\u00e8re en h\u00eatre et acier rouge Shrink\" class=\"wp-image-70349\" srcset=\"https:\/\/www.cocondedecoration.com\/blog\/wp-content\/uploads\/2023\/12\/meuble-appoint-design-style-funky-7-640x640.jpeg 640w, https:\/\/www.cocondedecoration.com\/blog\/wp-content\/uploads\/2023\/12\/meuble-appoint-design-style-funky-7-165x165.jpeg 165w, https:\/\/www.cocondedecoration.com\/blog\/wp-content\/uploads\/2023\/12\/meuble-appoint-design-style-funky-7-260x260.jpeg 260w, https:\/\/www.cocondedecoration.com\/blog\/wp-content\/uploads\/2023\/12\/meuble-appoint-design-style-funky-7-465x465.jpeg 465w, https:\/\/www.cocondedecoration.com\/blog\/wp-content\/uploads\/2023\/12\/meuble-appoint-design-style-funky-7-500x500.jpeg 500w, https:\/\/www.cocondedecoration.com\/blog\/wp-content\/uploads\/2023\/12\/meuble-appoint-design-style-funky-7.jpeg 650w\" sizes=\"(max-width: 640px) 100vw, 640px\" \/><figcaption><a href=\"https:\/\/fnty.co\/c\/r-dYVtlFqU\" target=\"_blank\" rel=\"noreferrer noopener\" aria-label=\"\u00c9tag\u00e8re en h\u00eatre et acier rouge Shrink (s\u2019ouvre dans un nouvel onglet)\">\u00c9tag\u00e8re en h\u00eatre et acier rouge Shrink<\/a> - The Cool Republic<\/figcaption><\/figure>\n<\/div>\n\n\n\n<div class=\"wp-block-column is-layout-flow wp-block-column-is-layout-flow\">\n<figure class=\"wp-block-image\"><img loading=\"lazy\" decoding=\"async\" width=\"640\" height=\"640\" src=\"https:\/\/www.cocondedecoration.com\/blog\/wp-content\/uploads\/2023\/12\/petit-meuble-colore-funky-2-640x640.jpeg\" alt=\"petit meuble colore funky \u00c9tag\u00e8re murale Shannon Letter\" class=\"wp-image-70245\" srcset=\"https:\/\/www.cocondedecoration.com\/blog\/wp-content\/uploads\/2023\/12\/petit-meuble-colore-funky-2-640x640.jpeg 640w, https:\/\/www.cocondedecoration.com\/blog\/wp-content\/uploads\/2023\/12\/petit-meuble-colore-funky-2-165x165.jpeg 165w, https:\/\/www.cocondedecoration.com\/blog\/wp-content\/uploads\/2023\/12\/petit-meuble-colore-funky-2-260x260.jpeg 260w, https:\/\/www.cocondedecoration.com\/blog\/wp-content\/uploads\/2023\/12\/petit-meuble-colore-funky-2-465x465.jpeg 465w, https:\/\/www.cocondedecoration.com\/blog\/wp-content\/uploads\/2023\/12\/petit-meuble-colore-funky-2-500x500.jpeg 500w, https:\/\/www.cocondedecoration.com\/blog\/wp-content\/uploads\/2023\/12\/petit-meuble-colore-funky-2.jpeg 650w\" sizes=\"(max-width: 640px) 100vw, 640px\" \/><figcaption><a href=\"https:\/\/fr135.net\/c\/?si=15334&amp;li=1664704&amp;wi=389952&amp;ws=2023%20ou%20trouver%20funky&amp;dl=fr-fr%2Fshop%2Fshannon-letter-wall-shelf%3Fcolor%3D000%26type%3DREGULAR%26size%3DONE%2520SIZE%26quantity%3D1\" target=\"_blank\" rel=\"noreferrer noopener\" aria-label=\"\u00c9tag\u00e8re murale Shannon Letter (s\u2019ouvre dans un nouvel onglet)\">\u00c9tag\u00e8re murale Shannon Letter<\/a> - Urban Outfitters<\/figcaption><\/figure>\n\n\n\n<figure class=\"wp-block-image\"><img loading=\"lazy\" decoding=\"async\" width=\"640\" height=\"640\" src=\"https:\/\/www.cocondedecoration.com\/blog\/wp-content\/uploads\/2023\/12\/meuble-appoint-design-style-funky-2-640x640.jpeg\" alt=\"meuble appoint design style funky Rangement vert 3 tiroirs Componibili\" class=\"wp-image-70344\" srcset=\"https:\/\/www.cocondedecoration.com\/blog\/wp-content\/uploads\/2023\/12\/meuble-appoint-design-style-funky-2-640x640.jpeg 640w, https:\/\/www.cocondedecoration.com\/blog\/wp-content\/uploads\/2023\/12\/meuble-appoint-design-style-funky-2-165x165.jpeg 165w, https:\/\/www.cocondedecoration.com\/blog\/wp-content\/uploads\/2023\/12\/meuble-appoint-design-style-funky-2-260x260.jpeg 260w, https:\/\/www.cocondedecoration.com\/blog\/wp-content\/uploads\/2023\/12\/meuble-appoint-design-style-funky-2-465x465.jpeg 465w, https:\/\/www.cocondedecoration.com\/blog\/wp-content\/uploads\/2023\/12\/meuble-appoint-design-style-funky-2-500x500.jpeg 500w, https:\/\/www.cocondedecoration.com\/blog\/wp-content\/uploads\/2023\/12\/meuble-appoint-design-style-funky-2.jpeg 650w\" sizes=\"(max-width: 640px) 100vw, 640px\" \/><figcaption><a href=\"https:\/\/fnty.co\/c\/r-GEaZoyEc\" target=\"_blank\" rel=\"noreferrer noopener\" aria-label=\"Rangement vert 3 tiroirs Componibili (s\u2019ouvre dans un nouvel onglet)\">Rangement vert 3 tiroirs Componibili<\/a> - The Cool Republic<\/figcaption><\/figure>\n\n\n\n<figure class=\"wp-block-image\"><img loading=\"lazy\" decoding=\"async\" width=\"640\" height=\"640\" src=\"https:\/\/www.cocondedecoration.com\/blog\/wp-content\/uploads\/2023\/12\/meuble-appoint-design-style-funky-5-640x640.jpeg\" alt=\"meuble appoint design style funky Pouf Cotton candy Boa\" class=\"wp-image-70347\" srcset=\"https:\/\/www.cocondedecoration.com\/blog\/wp-content\/uploads\/2023\/12\/meuble-appoint-design-style-funky-5-640x640.jpeg 640w, https:\/\/www.cocondedecoration.com\/blog\/wp-content\/uploads\/2023\/12\/meuble-appoint-design-style-funky-5-165x165.jpeg 165w, https:\/\/www.cocondedecoration.com\/blog\/wp-content\/uploads\/2023\/12\/meuble-appoint-design-style-funky-5-260x260.jpeg 260w, https:\/\/www.cocondedecoration.com\/blog\/wp-content\/uploads\/2023\/12\/meuble-appoint-design-style-funky-5-465x465.jpeg 465w, https:\/\/www.cocondedecoration.com\/blog\/wp-content\/uploads\/2023\/12\/meuble-appoint-design-style-funky-5-500x500.jpeg 500w, https:\/\/www.cocondedecoration.com\/blog\/wp-content\/uploads\/2023\/12\/meuble-appoint-design-style-funky-5.jpeg 650w\" sizes=\"(max-width: 640px) 100vw, 640px\" \/><figcaption><a href=\"https:\/\/fnty.co\/c\/r-uQwFsIwQ\" target=\"_blank\" rel=\"noreferrer noopener\" aria-label=\"Pouf Cotton candy Boa (s\u2019ouvre dans un nouvel onglet)\">Pouf Cotton candy Boa<\/a> - The Cool Republic<\/figcaption><\/figure>\n\n\n\n<figure class=\"wp-block-image\"><img loading=\"lazy\" decoding=\"async\" width=\"640\" height=\"640\" src=\"https:\/\/www.cocondedecoration.com\/blog\/wp-content\/uploads\/2023\/12\/meuble-appoint-design-style-funky-8-640x640.jpeg\" alt=\"meuble appoint design style funky Rangement violet 3 tiroirs Componibili\" class=\"wp-image-70350\" srcset=\"https:\/\/www.cocondedecoration.com\/blog\/wp-content\/uploads\/2023\/12\/meuble-appoint-design-style-funky-8-640x640.jpeg 640w, https:\/\/www.cocondedecoration.com\/blog\/wp-content\/uploads\/2023\/12\/meuble-appoint-design-style-funky-8-165x165.jpeg 165w, https:\/\/www.cocondedecoration.com\/blog\/wp-content\/uploads\/2023\/12\/meuble-appoint-design-style-funky-8-260x260.jpeg 260w, https:\/\/www.cocondedecoration.com\/blog\/wp-content\/uploads\/2023\/12\/meuble-appoint-design-style-funky-8-465x465.jpeg 465w, https:\/\/www.cocondedecoration.com\/blog\/wp-content\/uploads\/2023\/12\/meuble-appoint-design-style-funky-8-500x500.jpeg 500w, https:\/\/www.cocondedecoration.com\/blog\/wp-content\/uploads\/2023\/12\/meuble-appoint-design-style-funky-8.jpeg 650w\" sizes=\"(max-width: 640px) 100vw, 640px\" \/><figcaption><a href=\"https:\/\/fnty.co\/c\/r-lPbCdlpN\" target=\"_blank\" rel=\"noreferrer noopener\" aria-label=\"Rangement violet 3 tiroirs Componibili (s\u2019ouvre dans un nouvel onglet)\">Rangement violet 3 tiroirs Componibili<\/a> - The Cool Republic<\/figcaption><\/figure>\n<\/div>\n\n\n\n<div class=\"wp-block-column is-layout-flow wp-block-column-is-layout-flow\">\n<figure class=\"wp-block-image\"><img loading=\"lazy\" decoding=\"async\" width=\"640\" height=\"640\" src=\"https:\/\/www.cocondedecoration.com\/blog\/wp-content\/uploads\/2023\/12\/petit-meuble-colore-funky-3-640x640.jpeg\" alt=\"petit meuble colore funky Petit casier rouge coquelicot\" class=\"wp-image-70246\" srcset=\"https:\/\/www.cocondedecoration.com\/blog\/wp-content\/uploads\/2023\/12\/petit-meuble-colore-funky-3-640x640.jpeg 640w, https:\/\/www.cocondedecoration.com\/blog\/wp-content\/uploads\/2023\/12\/petit-meuble-colore-funky-3-165x165.jpeg 165w, https:\/\/www.cocondedecoration.com\/blog\/wp-content\/uploads\/2023\/12\/petit-meuble-colore-funky-3-260x260.jpeg 260w, https:\/\/www.cocondedecoration.com\/blog\/wp-content\/uploads\/2023\/12\/petit-meuble-colore-funky-3-465x465.jpeg 465w, https:\/\/www.cocondedecoration.com\/blog\/wp-content\/uploads\/2023\/12\/petit-meuble-colore-funky-3-500x500.jpeg 500w, https:\/\/www.cocondedecoration.com\/blog\/wp-content\/uploads\/2023\/12\/petit-meuble-colore-funky-3.jpeg 650w\" sizes=\"(max-width: 640px) 100vw, 640px\" \/><figcaption><a href=\"https:\/\/fr135.net\/c\/?si=15334&amp;li=1664704&amp;wi=389952&amp;ws=2023%20ou%20trouver%20funky&amp;dl=fr-fr%2Fshop%2Fmustard-made-poppy-shorty-locker%3Fcolor%3D062%26type%3DREGULAR%26size%3DONE%2520SIZE%26quantity%3D1\" target=\"_blank\" rel=\"noreferrer noopener\" aria-label=\"Petit casier rouge coquelicot (s\u2019ouvre dans un nouvel onglet)\">Petit casier rouge coquelicot<\/a> - Urban Outfitters<\/figcaption><\/figure>\n\n\n\n<figure class=\"wp-block-image\"><img loading=\"lazy\" decoding=\"async\" width=\"640\" height=\"640\" src=\"https:\/\/www.cocondedecoration.com\/blog\/wp-content\/uploads\/2023\/12\/meuble-appoint-design-style-funky-3-640x640.jpeg\" alt=\"meuble appoint design style funky Table d'appoint en fibre de verre rose\" class=\"wp-image-70345\" srcset=\"https:\/\/www.cocondedecoration.com\/blog\/wp-content\/uploads\/2023\/12\/meuble-appoint-design-style-funky-3-640x640.jpeg 640w, https:\/\/www.cocondedecoration.com\/blog\/wp-content\/uploads\/2023\/12\/meuble-appoint-design-style-funky-3-165x165.jpeg 165w, https:\/\/www.cocondedecoration.com\/blog\/wp-content\/uploads\/2023\/12\/meuble-appoint-design-style-funky-3-260x260.jpeg 260w, https:\/\/www.cocondedecoration.com\/blog\/wp-content\/uploads\/2023\/12\/meuble-appoint-design-style-funky-3-465x465.jpeg 465w, https:\/\/www.cocondedecoration.com\/blog\/wp-content\/uploads\/2023\/12\/meuble-appoint-design-style-funky-3-500x500.jpeg 500w, https:\/\/www.cocondedecoration.com\/blog\/wp-content\/uploads\/2023\/12\/meuble-appoint-design-style-funky-3.jpeg 650w\" sizes=\"(max-width: 640px) 100vw, 640px\" \/><figcaption><a href=\"https:\/\/fnty.co\/c\/r-DNMkGxWU\" target=\"_blank\" rel=\"noreferrer noopener\" aria-label=\"Table d'appoint en fibre de verre rose (s\u2019ouvre dans un nouvel onglet)\">Table d'appoint en fibre de verre rose<\/a> - The Cool Republic<\/figcaption><\/figure>\n\n\n\n<figure class=\"wp-block-image\"><img loading=\"lazy\" decoding=\"async\" width=\"640\" height=\"640\" src=\"https:\/\/www.cocondedecoration.com\/blog\/wp-content\/uploads\/2023\/12\/meuble-appoint-design-style-funky-6-640x640.jpeg\" alt=\"meuble appoint design style funky Fauteuil en poly\u00e9thyl\u00e8ne jaune ocre\" class=\"wp-image-70348\" srcset=\"https:\/\/www.cocondedecoration.com\/blog\/wp-content\/uploads\/2023\/12\/meuble-appoint-design-style-funky-6-640x640.jpeg 640w, https:\/\/www.cocondedecoration.com\/blog\/wp-content\/uploads\/2023\/12\/meuble-appoint-design-style-funky-6-165x165.jpeg 165w, https:\/\/www.cocondedecoration.com\/blog\/wp-content\/uploads\/2023\/12\/meuble-appoint-design-style-funky-6-260x260.jpeg 260w, https:\/\/www.cocondedecoration.com\/blog\/wp-content\/uploads\/2023\/12\/meuble-appoint-design-style-funky-6-465x465.jpeg 465w, https:\/\/www.cocondedecoration.com\/blog\/wp-content\/uploads\/2023\/12\/meuble-appoint-design-style-funky-6-500x500.jpeg 500w, https:\/\/www.cocondedecoration.com\/blog\/wp-content\/uploads\/2023\/12\/meuble-appoint-design-style-funky-6.jpeg 650w\" sizes=\"(max-width: 640px) 100vw, 640px\" \/><figcaption><a href=\"https:\/\/fnty.co\/c\/r-SQJGugtp\" target=\"_blank\" rel=\"noreferrer noopener\" aria-label=\"Fauteuil en poly\u00e9thyl\u00e8ne jaune ocre (s\u2019ouvre dans un nouvel onglet)\">Fauteuil en poly\u00e9thyl\u00e8ne jaune ocre<\/a> - The Cool Republic<\/figcaption><\/figure>\n\n\n\n<figure class=\"wp-block-image\"><img loading=\"lazy\" decoding=\"async\" width=\"640\" height=\"640\" src=\"https:\/\/www.cocondedecoration.com\/blog\/wp-content\/uploads\/2023\/12\/meuble-appoint-design-style-funky-9-640x640.jpeg\" alt=\"meuble appoint design style funky Table d'appoint laqu\u00e9 lilas 46 cm\" class=\"wp-image-70351\" srcset=\"https:\/\/www.cocondedecoration.com\/blog\/wp-content\/uploads\/2023\/12\/meuble-appoint-design-style-funky-9-640x640.jpeg 640w, https:\/\/www.cocondedecoration.com\/blog\/wp-content\/uploads\/2023\/12\/meuble-appoint-design-style-funky-9-165x165.jpeg 165w, https:\/\/www.cocondedecoration.com\/blog\/wp-content\/uploads\/2023\/12\/meuble-appoint-design-style-funky-9-260x260.jpeg 260w, https:\/\/www.cocondedecoration.com\/blog\/wp-content\/uploads\/2023\/12\/meuble-appoint-design-style-funky-9-465x465.jpeg 465w, https:\/\/www.cocondedecoration.com\/blog\/wp-content\/uploads\/2023\/12\/meuble-appoint-design-style-funky-9-500x500.jpeg 500w, https:\/\/www.cocondedecoration.com\/blog\/wp-content\/uploads\/2023\/12\/meuble-appoint-design-style-funky-9.jpeg 650w\" sizes=\"(max-width: 640px) 100vw, 640px\" \/><figcaption><a href=\"https:\/\/fnty.co\/c\/r-rAQAukWc\" target=\"_blank\" rel=\"noreferrer noopener\" aria-label=\"Table d'appoint laqu\u00e9 lilas 46 cm (s\u2019ouvre dans un nouvel onglet)\">Table d'appoint laqu\u00e9 lilas 46 cm<\/a> - The Cool Republic<\/figcaption><\/figure>\n<\/div>\n<\/div>\n\n\n\n<ul class=\"wp-block-gallery columns-2 is-cropped wp-block-gallery-4 is-layout-flex wp-block-gallery-is-layout-flex\"><li class=\"blocks-gallery-item\"><figure><img loading=\"lazy\" decoding=\"async\" width=\"640\" height=\"960\" src=\"https:\/\/www.cocondedecoration.com\/blog\/wp-content\/uploads\/2023\/12\/exemple-decor-funky-annees-80-7-640x960.jpeg\" alt=\"exemple decor funky annees 80 fauteuil style ancien coussin motif l\u00e9opard plaid vert franc\" data-id=\"70365\" data-link=\"https:\/\/www.cocondedecoration.com\/blog\/?attachment_id=70365\" class=\"wp-image-70365\" srcset=\"https:\/\/www.cocondedecoration.com\/blog\/wp-content\/uploads\/2023\/12\/exemple-decor-funky-annees-80-7-640x960.jpeg 640w, https:\/\/www.cocondedecoration.com\/blog\/wp-content\/uploads\/2023\/12\/exemple-decor-funky-annees-80-7-260x390.jpeg 260w, https:\/\/www.cocondedecoration.com\/blog\/wp-content\/uploads\/2023\/12\/exemple-decor-funky-annees-80-7-768x1152.jpeg 768w, https:\/\/www.cocondedecoration.com\/blog\/wp-content\/uploads\/2023\/12\/exemple-decor-funky-annees-80-7-367x550.jpeg 367w, https:\/\/www.cocondedecoration.com\/blog\/wp-content\/uploads\/2023\/12\/exemple-decor-funky-annees-80-7-333x500.jpeg 333w, https:\/\/www.cocondedecoration.com\/blog\/wp-content\/uploads\/2023\/12\/exemple-decor-funky-annees-80-7.jpeg 1000w\" sizes=\"(max-width: 640px) 100vw, 640px\" \/><figcaption>pmqfortwo.com\n<\/figcaption><\/figure><\/li><li class=\"blocks-gallery-item\"><figure><img loading=\"lazy\" decoding=\"async\" width=\"640\" height=\"960\" src=\"https:\/\/www.cocondedecoration.com\/blog\/wp-content\/uploads\/2023\/12\/exemple-decor-funky-annees-80-8-640x960.jpeg\" alt=\"exemple decor funky annees 80 canap\u00e9 bleu table basse violette parle coussins \u00e0 rayures tendances salon 2024\" data-id=\"70366\" data-link=\"https:\/\/www.cocondedecoration.com\/blog\/?attachment_id=70366\" class=\"wp-image-70366\" srcset=\"https:\/\/www.cocondedecoration.com\/blog\/wp-content\/uploads\/2023\/12\/exemple-decor-funky-annees-80-8-640x960.jpeg 640w, https:\/\/www.cocondedecoration.com\/blog\/wp-content\/uploads\/2023\/12\/exemple-decor-funky-annees-80-8-260x390.jpeg 260w, https:\/\/www.cocondedecoration.com\/blog\/wp-content\/uploads\/2023\/12\/exemple-decor-funky-annees-80-8-768x1152.jpeg 768w, https:\/\/www.cocondedecoration.com\/blog\/wp-content\/uploads\/2023\/12\/exemple-decor-funky-annees-80-8-367x550.jpeg 367w, https:\/\/www.cocondedecoration.com\/blog\/wp-content\/uploads\/2023\/12\/exemple-decor-funky-annees-80-8-333x500.jpeg 333w, https:\/\/www.cocondedecoration.com\/blog\/wp-content\/uploads\/2023\/12\/exemple-decor-funky-annees-80-8.jpeg 1000w\" sizes=\"(max-width: 640px) 100vw, 640px\" \/><figcaption>thecraftedlife.com\n<\/figcaption><\/figure><\/li><\/ul>\n\n\n\n<h2 class=\"wp-block-heading\">Posters funky pour donner un nouveau souffle \u00e0 sa d\u00e9co murale <\/h2>\n\n\n\n<div class=\"wp-block-columns has-3-columns is-layout-flex wp-container-core-columns-layout-5 wp-block-columns-is-layout-flex\">\n<div class=\"wp-block-column is-layout-flow wp-block-column-is-layout-flow\">\n<figure class=\"wp-block-image\"><img loading=\"lazy\" decoding=\"async\" width=\"640\" height=\"640\" src=\"https:\/\/www.cocondedecoration.com\/blog\/wp-content\/uploads\/2023\/12\/poster-deco-murale-funky-1-640x640.jpeg\" alt=\"poster deco murale funky Affiche A4 d'art mural Here For A Good Time\" class=\"wp-image-70247\" srcset=\"https:\/\/www.cocondedecoration.com\/blog\/wp-content\/uploads\/2023\/12\/poster-deco-murale-funky-1-640x640.jpeg 640w, https:\/\/www.cocondedecoration.com\/blog\/wp-content\/uploads\/2023\/12\/poster-deco-murale-funky-1-165x165.jpeg 165w, https:\/\/www.cocondedecoration.com\/blog\/wp-content\/uploads\/2023\/12\/poster-deco-murale-funky-1-260x260.jpeg 260w, https:\/\/www.cocondedecoration.com\/blog\/wp-content\/uploads\/2023\/12\/poster-deco-murale-funky-1-465x465.jpeg 465w, https:\/\/www.cocondedecoration.com\/blog\/wp-content\/uploads\/2023\/12\/poster-deco-murale-funky-1-500x500.jpeg 500w, https:\/\/www.cocondedecoration.com\/blog\/wp-content\/uploads\/2023\/12\/poster-deco-murale-funky-1.jpeg 650w\" sizes=\"(max-width: 640px) 100vw, 640px\" \/><figcaption><a href=\"https:\/\/fr135.net\/c\/?si=15334&amp;li=1664704&amp;wi=389952&amp;ws=2023%20ou%20trouver%20funky&amp;dl=fr-fr%2Fshop%2Fprinted-weird-here-for-a-good-time-wall-art-a4-print%3Fcolor%3D066%26type%3DREGULAR%26size%3DONE%2520SIZE%26quantity%3D1\" target=\"_blank\" rel=\"noreferrer noopener\" aria-label=\"Affiche A4 d'art mural Here For A Good Time (s\u2019ouvre dans un nouvel onglet)\">Affiche A4 d'art mural Here For A Good Time<\/a> - Urban Outfitters<\/figcaption><\/figure>\n\n\n\n<figure class=\"wp-block-image\"><img loading=\"lazy\" decoding=\"async\" width=\"640\" height=\"640\" src=\"https:\/\/www.cocondedecoration.com\/blog\/wp-content\/uploads\/2023\/12\/poster-deco-murale-funky-4-640x640.jpeg\" alt=\"poster deco murale funky Affiche A4 Cherry Bomb\" class=\"wp-image-70250\" srcset=\"https:\/\/www.cocondedecoration.com\/blog\/wp-content\/uploads\/2023\/12\/poster-deco-murale-funky-4-640x640.jpeg 640w, https:\/\/www.cocondedecoration.com\/blog\/wp-content\/uploads\/2023\/12\/poster-deco-murale-funky-4-165x165.jpeg 165w, https:\/\/www.cocondedecoration.com\/blog\/wp-content\/uploads\/2023\/12\/poster-deco-murale-funky-4-260x260.jpeg 260w, https:\/\/www.cocondedecoration.com\/blog\/wp-content\/uploads\/2023\/12\/poster-deco-murale-funky-4-465x465.jpeg 465w, https:\/\/www.cocondedecoration.com\/blog\/wp-content\/uploads\/2023\/12\/poster-deco-murale-funky-4-500x500.jpeg 500w, https:\/\/www.cocondedecoration.com\/blog\/wp-content\/uploads\/2023\/12\/poster-deco-murale-funky-4.jpeg 650w\" sizes=\"(max-width: 640px) 100vw, 640px\" \/><figcaption><a href=\"https:\/\/fr135.net\/c\/?si=15334&amp;li=1664704&amp;wi=389952&amp;ws=2023%20ou%20trouver%20funky&amp;dl=fr-fr%2Fshop%2Fprinted-weird-uo-exclusive-cherry-bomb-a4-print%3Fcolor%3D066%26type%3DREGULAR%26size%3DONE%2520SIZE%26quantity%3D1\" target=\"_blank\" rel=\"noreferrer noopener\" aria-label=\"Affiche A4 Cherry Bomb (s\u2019ouvre dans un nouvel onglet)\">Affiche A4 Cherry Bomb<\/a> - Urban Outfitters <\/figcaption><\/figure>\n\n\n\n<figure class=\"wp-block-image\"><img loading=\"lazy\" decoding=\"async\" width=\"640\" height=\"640\" src=\"https:\/\/www.cocondedecoration.com\/blog\/wp-content\/uploads\/2023\/12\/objet-deco-design-funky-2-640x640.jpeg\" alt=\"objet deco design funky AFFICHE NATHALIE DU PASQUIER - FROID PAPIER MULTICOLORE \/ 47,5 X 67,5 CM - THE WRONG SHOP\" class=\"wp-image-70271\" srcset=\"https:\/\/www.cocondedecoration.com\/blog\/wp-content\/uploads\/2023\/12\/objet-deco-design-funky-2-640x640.jpeg 640w, https:\/\/www.cocondedecoration.com\/blog\/wp-content\/uploads\/2023\/12\/objet-deco-design-funky-2-165x165.jpeg 165w, https:\/\/www.cocondedecoration.com\/blog\/wp-content\/uploads\/2023\/12\/objet-deco-design-funky-2-260x260.jpeg 260w, https:\/\/www.cocondedecoration.com\/blog\/wp-content\/uploads\/2023\/12\/objet-deco-design-funky-2-465x465.jpeg 465w, https:\/\/www.cocondedecoration.com\/blog\/wp-content\/uploads\/2023\/12\/objet-deco-design-funky-2-500x500.jpeg 500w, https:\/\/www.cocondedecoration.com\/blog\/wp-content\/uploads\/2023\/12\/objet-deco-design-funky-2.jpeg 650w\" sizes=\"(max-width: 640px) 100vw, 640px\" \/><figcaption><a href=\"https:\/\/c3po.link\/QCpEB6jRwq\" target=\"_blank\" rel=\"noreferrer noopener\" aria-label=\"Affiche NATHALIE DU PASQUIER (s\u2019ouvre dans un nouvel onglet)\">Affiche NATHALIE DU PASQUIER<\/a> - Made in Design<\/figcaption><\/figure>\n\n\n\n<figure class=\"wp-block-image\"><img loading=\"lazy\" decoding=\"async\" width=\"640\" height=\"640\" src=\"https:\/\/www.cocondedecoration.com\/blog\/wp-content\/uploads\/2023\/12\/objet-deco-design-funky-5-640x640.jpeg\" alt=\"objet deco design funky AFFICHE NATHALIE DU PASQUIER - MANIFESTO 02 PAPIER \/ 49 X 67,8 CM - THE WRONG SHOP\" class=\"wp-image-70274\" srcset=\"https:\/\/www.cocondedecoration.com\/blog\/wp-content\/uploads\/2023\/12\/objet-deco-design-funky-5-640x640.jpeg 640w, https:\/\/www.cocondedecoration.com\/blog\/wp-content\/uploads\/2023\/12\/objet-deco-design-funky-5-165x165.jpeg 165w, https:\/\/www.cocondedecoration.com\/blog\/wp-content\/uploads\/2023\/12\/objet-deco-design-funky-5-260x260.jpeg 260w, https:\/\/www.cocondedecoration.com\/blog\/wp-content\/uploads\/2023\/12\/objet-deco-design-funky-5-465x465.jpeg 465w, https:\/\/www.cocondedecoration.com\/blog\/wp-content\/uploads\/2023\/12\/objet-deco-design-funky-5-500x500.jpeg 500w, https:\/\/www.cocondedecoration.com\/blog\/wp-content\/uploads\/2023\/12\/objet-deco-design-funky-5.jpeg 650w\" sizes=\"(max-width: 640px) 100vw, 640px\" \/><figcaption><a href=\"https:\/\/c3po.link\/QJ2d67jAkK\" target=\"_blank\" rel=\"noreferrer noopener\" aria-label=\"Affiche NATHALIE DU PASQUIER (s\u2019ouvre dans un nouvel onglet)\">Affiche NATHALIE DU PASQUIER<\/a> - Made in Design<\/figcaption><\/figure>\n<\/div>\n\n\n\n<div class=\"wp-block-column is-layout-flow wp-block-column-is-layout-flow\">\n<figure class=\"wp-block-image\"><img loading=\"lazy\" decoding=\"async\" width=\"640\" height=\"640\" src=\"https:\/\/www.cocondedecoration.com\/blog\/wp-content\/uploads\/2023\/12\/poster-deco-murale-funky-2-640x640.jpeg\" alt=\"poster deco murale funky Affiche A4 d'art mural Play That Funky Music\" class=\"wp-image-70248\" srcset=\"https:\/\/www.cocondedecoration.com\/blog\/wp-content\/uploads\/2023\/12\/poster-deco-murale-funky-2-640x640.jpeg 640w, https:\/\/www.cocondedecoration.com\/blog\/wp-content\/uploads\/2023\/12\/poster-deco-murale-funky-2-165x165.jpeg 165w, https:\/\/www.cocondedecoration.com\/blog\/wp-content\/uploads\/2023\/12\/poster-deco-murale-funky-2-260x260.jpeg 260w, https:\/\/www.cocondedecoration.com\/blog\/wp-content\/uploads\/2023\/12\/poster-deco-murale-funky-2-465x465.jpeg 465w, https:\/\/www.cocondedecoration.com\/blog\/wp-content\/uploads\/2023\/12\/poster-deco-murale-funky-2-500x500.jpeg 500w, https:\/\/www.cocondedecoration.com\/blog\/wp-content\/uploads\/2023\/12\/poster-deco-murale-funky-2.jpeg 650w\" sizes=\"(max-width: 640px) 100vw, 640px\" \/><figcaption><a href=\"https:\/\/fr135.net\/c\/?si=15334&amp;li=1664704&amp;wi=389952&amp;ws=2023%20ou%20trouver%20funky&amp;dl=fr-fr%2Fshop%2Fprinted-weird-play-that-funky-music-wall-art-a4-print%3Fcolor%3D066%26type%3DREGULAR%26size%3DONE%2520SIZE%26quantity%3D1\" target=\"_blank\" rel=\"noreferrer noopener\" aria-label=\"Affiche A4 d'art mural Play That Funky Music (s\u2019ouvre dans un nouvel onglet)\">Affiche A4 d'art mural Play That Funky Music<\/a> - Urban Outfitters<\/figcaption><\/figure>\n\n\n\n<figure class=\"wp-block-image\"><img loading=\"lazy\" decoding=\"async\" width=\"640\" height=\"640\" src=\"https:\/\/www.cocondedecoration.com\/blog\/wp-content\/uploads\/2023\/12\/poster-deco-murale-funky-5-640x640.jpeg\" alt=\"poster deco murale funky Poster 30x40 chaise Earmes\" class=\"wp-image-70251\" srcset=\"https:\/\/www.cocondedecoration.com\/blog\/wp-content\/uploads\/2023\/12\/poster-deco-murale-funky-5-640x640.jpeg 640w, https:\/\/www.cocondedecoration.com\/blog\/wp-content\/uploads\/2023\/12\/poster-deco-murale-funky-5-165x165.jpeg 165w, https:\/\/www.cocondedecoration.com\/blog\/wp-content\/uploads\/2023\/12\/poster-deco-murale-funky-5-260x260.jpeg 260w, https:\/\/www.cocondedecoration.com\/blog\/wp-content\/uploads\/2023\/12\/poster-deco-murale-funky-5-465x465.jpeg 465w, https:\/\/www.cocondedecoration.com\/blog\/wp-content\/uploads\/2023\/12\/poster-deco-murale-funky-5-500x500.jpeg 500w, https:\/\/www.cocondedecoration.com\/blog\/wp-content\/uploads\/2023\/12\/poster-deco-murale-funky-5.jpeg 650w\" sizes=\"(max-width: 640px) 100vw, 640px\" \/><figcaption><a href=\"https:\/\/fr135.net\/c\/?si=15334&amp;li=1664704&amp;wi=389952&amp;ws=2023%20ou%20trouver%20funky&amp;dl=fr-fr%2Fshop%2Feames-chair-30x40-poster%3Fcolor%3D000%26type%3DREGULAR%26size%3DONE%2520SIZE%26quantity%3D1\" target=\"_blank\" rel=\"noreferrer noopener\" aria-label=\"Poster 30x40 chaise Earmes (s\u2019ouvre dans un nouvel onglet)\">Poster 30x40 chaise Earmes<\/a> - Urban Outfitters<\/figcaption><\/figure>\n\n\n\n<figure class=\"wp-block-image\"><img loading=\"lazy\" decoding=\"async\" width=\"640\" height=\"640\" src=\"https:\/\/www.cocondedecoration.com\/blog\/wp-content\/uploads\/2023\/12\/objet-deco-design-funky-3-640x640.jpeg\" alt=\"objet deco design funky AFFICHE NATHALIE DU PASQUIER - MANIFESTO 04 PAPIER \/ 49 X 67,8 CM - THE WRONG SHOP\" class=\"wp-image-70272\" srcset=\"https:\/\/www.cocondedecoration.com\/blog\/wp-content\/uploads\/2023\/12\/objet-deco-design-funky-3-640x640.jpeg 640w, https:\/\/www.cocondedecoration.com\/blog\/wp-content\/uploads\/2023\/12\/objet-deco-design-funky-3-165x165.jpeg 165w, https:\/\/www.cocondedecoration.com\/blog\/wp-content\/uploads\/2023\/12\/objet-deco-design-funky-3-260x260.jpeg 260w, https:\/\/www.cocondedecoration.com\/blog\/wp-content\/uploads\/2023\/12\/objet-deco-design-funky-3-465x465.jpeg 465w, https:\/\/www.cocondedecoration.com\/blog\/wp-content\/uploads\/2023\/12\/objet-deco-design-funky-3-500x500.jpeg 500w, https:\/\/www.cocondedecoration.com\/blog\/wp-content\/uploads\/2023\/12\/objet-deco-design-funky-3.jpeg 650w\" sizes=\"(max-width: 640px) 100vw, 640px\" \/><figcaption><a href=\"https:\/\/c3po.link\/QfTwHSpUNa\" target=\"_blank\" rel=\"noreferrer noopener\" aria-label=\"Affiche NATHALIE DU PASQUIER (s\u2019ouvre dans un nouvel onglet)\">Affiche NATHALIE DU PASQUIER<\/a> - Made in Design<\/figcaption><\/figure>\n\n\n\n<figure class=\"wp-block-image\"><img loading=\"lazy\" decoding=\"async\" width=\"640\" height=\"640\" src=\"https:\/\/www.cocondedecoration.com\/blog\/wp-content\/uploads\/2023\/12\/affiche-deco-couleur-funky-1-640x640.jpeg\" alt=\"affiche deco couleur funky Affiche Sponge Bob 40 x 60 cm Joshua Budich\" class=\"wp-image-70355\" srcset=\"https:\/\/www.cocondedecoration.com\/blog\/wp-content\/uploads\/2023\/12\/affiche-deco-couleur-funky-1-640x640.jpeg 640w, https:\/\/www.cocondedecoration.com\/blog\/wp-content\/uploads\/2023\/12\/affiche-deco-couleur-funky-1-165x165.jpeg 165w, https:\/\/www.cocondedecoration.com\/blog\/wp-content\/uploads\/2023\/12\/affiche-deco-couleur-funky-1-260x260.jpeg 260w, https:\/\/www.cocondedecoration.com\/blog\/wp-content\/uploads\/2023\/12\/affiche-deco-couleur-funky-1-465x465.jpeg 465w, https:\/\/www.cocondedecoration.com\/blog\/wp-content\/uploads\/2023\/12\/affiche-deco-couleur-funky-1-500x500.jpeg 500w, https:\/\/www.cocondedecoration.com\/blog\/wp-content\/uploads\/2023\/12\/affiche-deco-couleur-funky-1.jpeg 650w\" sizes=\"(max-width: 640px) 100vw, 640px\" \/><figcaption><a href=\"https:\/\/fnty.co\/c\/r-AXfSpEfq\" target=\"_blank\" rel=\"noreferrer noopener\" aria-label=\"Affiche Sponge Bob Joshua Budich (s\u2019ouvre dans un nouvel onglet)\">Affiche Sponge Bob Joshua Budich<\/a> - The Cool Republic<\/figcaption><\/figure>\n<\/div>\n\n\n\n<div class=\"wp-block-column is-layout-flow wp-block-column-is-layout-flow\">\n<figure class=\"wp-block-image\"><img loading=\"lazy\" decoding=\"async\" width=\"640\" height=\"640\" src=\"https:\/\/www.cocondedecoration.com\/blog\/wp-content\/uploads\/2023\/12\/poster-deco-murale-funky-3-640x640.jpeg\" alt=\"poster deco murale funky Affiche A4 Born To Ride, exclusivit\u00e9 UO\" class=\"wp-image-70249\" srcset=\"https:\/\/www.cocondedecoration.com\/blog\/wp-content\/uploads\/2023\/12\/poster-deco-murale-funky-3-640x640.jpeg 640w, https:\/\/www.cocondedecoration.com\/blog\/wp-content\/uploads\/2023\/12\/poster-deco-murale-funky-3-165x165.jpeg 165w, https:\/\/www.cocondedecoration.com\/blog\/wp-content\/uploads\/2023\/12\/poster-deco-murale-funky-3-260x260.jpeg 260w, https:\/\/www.cocondedecoration.com\/blog\/wp-content\/uploads\/2023\/12\/poster-deco-murale-funky-3-465x465.jpeg 465w, https:\/\/www.cocondedecoration.com\/blog\/wp-content\/uploads\/2023\/12\/poster-deco-murale-funky-3-500x500.jpeg 500w, https:\/\/www.cocondedecoration.com\/blog\/wp-content\/uploads\/2023\/12\/poster-deco-murale-funky-3.jpeg 650w\" sizes=\"(max-width: 640px) 100vw, 640px\" \/><figcaption><a href=\"https:\/\/fr135.net\/c\/?si=15334&amp;li=1664704&amp;wi=389952&amp;ws=2023%20ou%20trouver%20funky&amp;dl=fr-fr%2Fshop%2Fprinted-weird-uo-exclusive-born-to-ride-a4-print%3Fcolor%3D072%26type%3DREGULAR%26size%3DONE%2520SIZE%26quantity%3D1\" target=\"_blank\" rel=\"noreferrer noopener\" aria-label=\"Affiche A4 Born To Ride (s\u2019ouvre dans un nouvel onglet)\">Affiche A4 Born To Ride<\/a> - Urban Outfitters<\/figcaption><\/figure>\n\n\n\n<figure class=\"wp-block-image\"><img loading=\"lazy\" decoding=\"async\" width=\"640\" height=\"640\" src=\"https:\/\/www.cocondedecoration.com\/blog\/wp-content\/uploads\/2023\/12\/poster-deco-murale-funky-6-640x640.jpeg\" alt=\"poster deco murale funky Affiche A Lot Of Luck 30x40\" class=\"wp-image-70252\" srcset=\"https:\/\/www.cocondedecoration.com\/blog\/wp-content\/uploads\/2023\/12\/poster-deco-murale-funky-6-640x640.jpeg 640w, https:\/\/www.cocondedecoration.com\/blog\/wp-content\/uploads\/2023\/12\/poster-deco-murale-funky-6-165x165.jpeg 165w, https:\/\/www.cocondedecoration.com\/blog\/wp-content\/uploads\/2023\/12\/poster-deco-murale-funky-6-260x260.jpeg 260w, https:\/\/www.cocondedecoration.com\/blog\/wp-content\/uploads\/2023\/12\/poster-deco-murale-funky-6-465x465.jpeg 465w, https:\/\/www.cocondedecoration.com\/blog\/wp-content\/uploads\/2023\/12\/poster-deco-murale-funky-6-500x500.jpeg 500w, https:\/\/www.cocondedecoration.com\/blog\/wp-content\/uploads\/2023\/12\/poster-deco-murale-funky-6.jpeg 650w\" sizes=\"(max-width: 640px) 100vw, 640px\" \/><figcaption><a href=\"https:\/\/fr135.net\/c\/?si=15334&amp;li=1664704&amp;wi=389952&amp;ws=2023%20ou%20trouver%20funky&amp;dl=fr-fr%2Fshop%2Fhousewarmings-a-lot-of-luck-30x40-print%3Fcolor%3D000%26type%3DREGULAR%26size%3DONE%2520SIZE%26quantity%3D1\" target=\"_blank\" rel=\"noreferrer noopener\" aria-label=\"Affiche A Lot Of Luck 30x40 (s\u2019ouvre dans un nouvel onglet)\">Affiche A Lot Of Luck 30x40<\/a> - Urban Outfitters<\/figcaption><\/figure>\n\n\n\n<figure class=\"wp-block-image\"><img loading=\"lazy\" decoding=\"async\" width=\"640\" height=\"640\" src=\"https:\/\/www.cocondedecoration.com\/blog\/wp-content\/uploads\/2023\/12\/objet-deco-design-funky-4-640x640.jpeg\" alt=\"objet deco design funky AFFICHE NATHALIE DU PASQUIER - MANIFESTO 03 PAPIER \/ 49 X 67,8 CM - THE WRONG SHOP\" class=\"wp-image-70273\" srcset=\"https:\/\/www.cocondedecoration.com\/blog\/wp-content\/uploads\/2023\/12\/objet-deco-design-funky-4-640x640.jpeg 640w, https:\/\/www.cocondedecoration.com\/blog\/wp-content\/uploads\/2023\/12\/objet-deco-design-funky-4-165x165.jpeg 165w, https:\/\/www.cocondedecoration.com\/blog\/wp-content\/uploads\/2023\/12\/objet-deco-design-funky-4-260x260.jpeg 260w, https:\/\/www.cocondedecoration.com\/blog\/wp-content\/uploads\/2023\/12\/objet-deco-design-funky-4-465x465.jpeg 465w, https:\/\/www.cocondedecoration.com\/blog\/wp-content\/uploads\/2023\/12\/objet-deco-design-funky-4-500x500.jpeg 500w, https:\/\/www.cocondedecoration.com\/blog\/wp-content\/uploads\/2023\/12\/objet-deco-design-funky-4.jpeg 650w\" sizes=\"(max-width: 640px) 100vw, 640px\" \/><figcaption><a href=\"https:\/\/c3po.link\/Qh9qK9t6Vc\" target=\"_blank\" rel=\"noreferrer noopener\" aria-label=\"Affiche NATHALIE DU PASQUIER (s\u2019ouvre dans un nouvel onglet)\">Affiche NATHALIE DU PASQUIER<\/a> - Made in Design <\/figcaption><\/figure>\n\n\n\n<figure class=\"wp-block-image\"><img loading=\"lazy\" decoding=\"async\" width=\"640\" height=\"640\" src=\"https:\/\/www.cocondedecoration.com\/blog\/wp-content\/uploads\/2023\/12\/affiche-deco-couleur-funky-2-640x640.jpeg\" alt=\"affiche deco couleur funky Affiche Freddie Mercury 40 x 60 cm Concerts\" class=\"wp-image-70356\" srcset=\"https:\/\/www.cocondedecoration.com\/blog\/wp-content\/uploads\/2023\/12\/affiche-deco-couleur-funky-2-640x640.jpeg 640w, https:\/\/www.cocondedecoration.com\/blog\/wp-content\/uploads\/2023\/12\/affiche-deco-couleur-funky-2-165x165.jpeg 165w, https:\/\/www.cocondedecoration.com\/blog\/wp-content\/uploads\/2023\/12\/affiche-deco-couleur-funky-2-260x260.jpeg 260w, https:\/\/www.cocondedecoration.com\/blog\/wp-content\/uploads\/2023\/12\/affiche-deco-couleur-funky-2-465x465.jpeg 465w, https:\/\/www.cocondedecoration.com\/blog\/wp-content\/uploads\/2023\/12\/affiche-deco-couleur-funky-2-500x500.jpeg 500w, https:\/\/www.cocondedecoration.com\/blog\/wp-content\/uploads\/2023\/12\/affiche-deco-couleur-funky-2.jpeg 650w\" sizes=\"(max-width: 640px) 100vw, 640px\" \/><figcaption><a href=\"https:\/\/fnty.co\/c\/r-OQWredKU\" target=\"_blank\" rel=\"noreferrer noopener\" aria-label=\"Affiche Freddie Mercury Concerts (s\u2019ouvre dans un nouvel onglet)\">Affiche Freddie Mercury Concerts<\/a> - The Cool Republic<\/figcaption><\/figure>\n<\/div>\n<\/div>\n\n\n\n<ul class=\"wp-block-gallery columns-2 is-cropped wp-block-gallery-5 is-layout-flex wp-block-gallery-is-layout-flex\"><li class=\"blocks-gallery-item\"><figure><img loading=\"lazy\" decoding=\"async\" width=\"640\" height=\"960\" src=\"https:\/\/www.cocondedecoration.com\/blog\/wp-content\/uploads\/2023\/12\/exemple-decor-funky-annees-80-9-640x960.jpeg\" alt=\"exemple decor funky annees 80 canap\u00e9 d'angle orange peinture murale jaune et rose salon d\u00e9coration originale\" data-id=\"70367\" data-link=\"https:\/\/www.cocondedecoration.com\/blog\/?attachment_id=70367\" class=\"wp-image-70367\" srcset=\"https:\/\/www.cocondedecoration.com\/blog\/wp-content\/uploads\/2023\/12\/exemple-decor-funky-annees-80-9-640x960.jpeg 640w, https:\/\/www.cocondedecoration.com\/blog\/wp-content\/uploads\/2023\/12\/exemple-decor-funky-annees-80-9-260x390.jpeg 260w, https:\/\/www.cocondedecoration.com\/blog\/wp-content\/uploads\/2023\/12\/exemple-decor-funky-annees-80-9-768x1152.jpeg 768w, https:\/\/www.cocondedecoration.com\/blog\/wp-content\/uploads\/2023\/12\/exemple-decor-funky-annees-80-9-367x550.jpeg 367w, https:\/\/www.cocondedecoration.com\/blog\/wp-content\/uploads\/2023\/12\/exemple-decor-funky-annees-80-9-333x500.jpeg 333w, https:\/\/www.cocondedecoration.com\/blog\/wp-content\/uploads\/2023\/12\/exemple-decor-funky-annees-80-9.jpeg 1000w\" sizes=\"(max-width: 640px) 100vw, 640px\" \/><figcaption>drool-art.com\n<\/figcaption><\/figure><\/li><li class=\"blocks-gallery-item\"><figure><img loading=\"lazy\" decoding=\"async\" width=\"640\" height=\"960\" src=\"https:\/\/www.cocondedecoration.com\/blog\/wp-content\/uploads\/2023\/12\/exemple-decor-funky-annees-80-10-640x960.jpeg\" alt=\"exemple decor funky annees 80 \u00e9clectique design fauteuil main galerie murale affiche color\u00e9e\" data-id=\"70368\" data-link=\"https:\/\/www.cocondedecoration.com\/blog\/?attachment_id=70368\" class=\"wp-image-70368\" srcset=\"https:\/\/www.cocondedecoration.com\/blog\/wp-content\/uploads\/2023\/12\/exemple-decor-funky-annees-80-10-640x960.jpeg 640w, https:\/\/www.cocondedecoration.com\/blog\/wp-content\/uploads\/2023\/12\/exemple-decor-funky-annees-80-10-260x390.jpeg 260w, https:\/\/www.cocondedecoration.com\/blog\/wp-content\/uploads\/2023\/12\/exemple-decor-funky-annees-80-10-768x1152.jpeg 768w, https:\/\/www.cocondedecoration.com\/blog\/wp-content\/uploads\/2023\/12\/exemple-decor-funky-annees-80-10-367x550.jpeg 367w, https:\/\/www.cocondedecoration.com\/blog\/wp-content\/uploads\/2023\/12\/exemple-decor-funky-annees-80-10-333x500.jpeg 333w, https:\/\/www.cocondedecoration.com\/blog\/wp-content\/uploads\/2023\/12\/exemple-decor-funky-annees-80-10.jpeg 1000w\" sizes=\"(max-width: 640px) 100vw, 640px\" \/><figcaption>apartmenttherapy.com\n<\/figcaption><\/figure><\/li><\/ul>\n\n\n\n<hr class=\"wp-block-separator\"\/>\n\n\n\n<p class=\"has-text-align-center has-medium-font-size\">Ne perdons pas contact \ud83d\ude42 Rejoignez moi sur <a href=\"https:\/\/www.pinterest.fr\/cocondedeco\/\" target=\"_blank\" rel=\"noopener\" title=\"\">Pinterest<\/a> |\u00a0<a href=\"https:\/\/www.threads.net\/@cocondedeco\" target=\"_blank\" rel=\"noopener\" title=\"\">Threads<\/a> | <a href=\"https:\/\/www.patreon.com\/collection\/162946?view=expanded\" target=\"_blank\" rel=\"noopener\" title=\"\">la Newsletter<\/a> <br>Vous aimez lire le blog? Vous souhaitez continuer \u00e0 le lire? <a href=\"https:\/\/www.patreon.com\/cocondedeco\" target=\"_blank\" rel=\"noopener\" title=\"\">Devenez m\u00e9c\u00e8ne<\/a> sur Patreon et contribuez \u00e0 sa survie. <\/p>\n\n\n\n<hr class=\"wp-block-separator\"\/>\n\n\n\n<div class=\"wp-block-columns has-2-columns is-layout-flex wp-container-core-columns-layout-6 wp-block-columns-is-layout-flex\">\n<div class=\"wp-block-column is-layout-flow wp-block-column-is-layout-flow\">\n<p style=\"text-align:center\" class=\"has-medium-font-size\">A lire \u00e9galement<\/p>\n\n\n<ul class=\"wp-block-latest-posts__list wp-block-latest-posts\"><li><a class=\"wp-block-latest-posts__post-title\" href=\"https:\/\/www.cocondedecoration.com\/blog\/2024\/12\/decoration-scandinave-couleur\/\">Une touche de couleur pour dynamiser un int\u00e9rieur scandinave<\/a><\/li>\n<li><a class=\"wp-block-latest-posts__post-title\" href=\"https:\/\/www.cocondedecoration.com\/blog\/2024\/04\/decoration-couleur-la-redoute\/\">Colorer facilement son int\u00e9rieur avec La Redoute | shopping d\u00e9co<\/a><\/li>\n<li><a class=\"wp-block-latest-posts__post-title\" href=\"https:\/\/www.cocondedecoration.com\/blog\/2024\/01\/touche-de-couleur-chambre-enfant\/\">Cr\u00e9er une touche de couleur dans la chambre d&rsquo;enfant | Conseils d\u00e9co<\/a><\/li>\n<li><a class=\"wp-block-latest-posts__post-title\" href=\"https:\/\/www.cocondedecoration.com\/blog\/2023\/12\/luminaire-decoratif-couleur\/\">Cr\u00e9er une touche de couleur gr\u00e2ce aux luminaires | Shopping d\u00e9co<\/a><\/li>\n<li><a class=\"wp-block-latest-posts__post-title\" href=\"https:\/\/www.cocondedecoration.com\/blog\/2023\/12\/appartement-colore-et-eclectique\/\">Visite d\u00e9co | Un appartement color\u00e9 et \u00e9clectique d\u00e9cor\u00e9 par une amoureuse des chiens<\/a><\/li>\n<\/ul><\/div>\n\n\n\n<div class=\"wp-block-column is-layout-flow wp-block-column-is-layout-flow\">\n<p class=\"has-text-align-center has-medium-font-size\" style=\"padding-top:var(--wp--preset--spacing--40);padding-bottom:var(--wp--preset--spacing--40)\"><strong>Devenez m\u00e9c\u00e8ne du blog <\/strong><\/p>\n\n\n\n<hr class=\"wp-block-separator has-alpha-channel-opacity is-style-wide\"\/>\n\n\n\n<p style=\"padding-right:var(--wp--preset--spacing--30);padding-left:var(--wp--preset--spacing--30)\">Soutenez mon travail sur le blog et acc\u00e9dez \u00e0 des contreparties exclusives: <\/p>\n\n\n\n<ul style=\"padding-right:var(--wp--preset--spacing--40);padding-left:var(--wp--preset--spacing--40)\">\n<li>Plusieurs centaines d'articles d\u00e9co, lifestyle &amp; voyage r\u00e9serv\u00e9s aux abonn\u00e9\u2022e\u2022s <\/li>\n\n\n\n<li>Toutes les entr\u00e9es de mon side project - mon dictionnaire nomade <\/li>\n\n\n\n<li>Une publicit\u00e9 limit\u00e9e sur les articles Patreon <\/li>\n<\/ul>\n\n\n\n<div class=\"wp-block-buttons is-content-justification-center is-layout-flex wp-container-core-buttons-layout-1 wp-block-buttons-is-layout-flex\">\n<div class=\"wp-block-button\"><a class=\"wp-block-button__link wp-element-button\" href=\"https:\/\/www.patreon.com\/cocondedeco\" target=\"_blank\" rel=\"noreferrer noopener\">Soutenir le blog maintenant<\/a><\/div>\n<\/div>\n<\/div>\n<\/div>\n\n\n\n<div class=\"wp-block-image\"><figure class=\"aligncenter\"><img loading=\"lazy\" decoding=\"async\" width=\"732\" height=\"488\" src=\"https:\/\/www.cocondedecoration.com\/blog\/wp-content\/uploads\/2023\/12\/ou-trouver-objet-deco-style-funky.jpeg\" alt=\"ou trouver objet deco style funky int\u00e9rieur design \u00e9clectique original\" class=\"wp-image-70357\" srcset=\"https:\/\/www.cocondedecoration.com\/blog\/wp-content\/uploads\/2023\/12\/ou-trouver-objet-deco-style-funky.jpeg 732w, https:\/\/www.cocondedecoration.com\/blog\/wp-content\/uploads\/2023\/12\/ou-trouver-objet-deco-style-funky-260x173.jpeg 260w, https:\/\/www.cocondedecoration.com\/blog\/wp-content\/uploads\/2023\/12\/ou-trouver-objet-deco-style-funky-640x427.jpeg 640w, https:\/\/www.cocondedecoration.com\/blog\/wp-content\/uploads\/2023\/12\/ou-trouver-objet-deco-style-funky-465x310.jpeg 465w, https:\/\/www.cocondedecoration.com\/blog\/wp-content\/uploads\/2023\/12\/ou-trouver-objet-deco-style-funky-695x463.jpeg 695w\" sizes=\"(max-width: 732px) 100vw, 732px\" \/><figcaption>livinator.com<\/figcaption><\/figure><\/div>\n\n\n\n<p style=\"text-align:right\" class=\"has-small-font-size\">Note: Cet article contient des liens affili\u00e9s. Cela ne change rien \u00e0 votre utilisation du blog ou des sites partenaires. Si vous passez commande via l'un de ces liens, je touche une faible commission qui me permet d'entretenir r\u00e9guli\u00e8rement le blog. Par avance, merci de votre soutien! <\/p>\n","protected":false},"excerpt":{"rendered":"<p>J&rsquo;en parlais il y a quelques jours quand j&rsquo;abordais la th\u00e9matique des tendances d\u00e9co pour 2024, le style funky devrait \u00eatre plus pr\u00e9sent dans les mois \u00e0 venir. Il me parle bien ce style et c&rsquo;est pourquoi je n&rsquo;attends pas l&rsquo;ann\u00e9e prochaine pour l&rsquo;aborder. On a de la couleur, une<span class=\"more-link\"><a href=\"https:\/\/www.cocondedecoration.com\/blog\/2023\/12\/ou-trouver-objet-decoratif-funky\/\">Lire la suite<\/a><\/span><\/p>\n","protected":false},"author":1,"featured_media":70357,"comment_status":"open","ping_status":"open","sticky":false,"template":"","format":"standard","meta":{"om_disable_all_campaigns":false,"_monsterinsights_skip_tracking":false,"_monsterinsights_sitenote_active":false,"_monsterinsights_sitenote_note":"","_monsterinsights_sitenote_category":0,"_uf_show_specific_survey":0,"_uf_disable_surveys":false,"footnotes":""},"categories":[61761,2661],"tags":[2945,55647,55648,9565,18240,17322,9694,55602,55605,55604,55608,55601,55603,55606,55609,52777,55645,55646,46200,55644,55503,15255,55636,55637,55634,55635,55639,55638,55618,55619,55616,55617,55621,55620,55641,55642,46167,55607,55640,55643,35377,22019,55614,55615,55612,55613,55610,55611,55630,55631,55628,55629,55633,55632,55624,55625,55622,55623,55627,55626],"aioseo_notices":[],"_links":{"self":[{"href":"https:\/\/www.cocondedecoration.com\/blog\/wp-json\/wp\/v2\/posts\/70230"}],"collection":[{"href":"https:\/\/www.cocondedecoration.com\/blog\/wp-json\/wp\/v2\/posts"}],"about":[{"href":"https:\/\/www.cocondedecoration.com\/blog\/wp-json\/wp\/v2\/types\/post"}],"author":[{"embeddable":true,"href":"https:\/\/www.cocondedecoration.com\/blog\/wp-json\/wp\/v2\/users\/1"}],"replies":[{"embeddable":true,"href":"https:\/\/www.cocondedecoration.com\/blog\/wp-json\/wp\/v2\/comments?post=70230"}],"version-history":[{"count":1,"href":"https:\/\/www.cocondedecoration.com\/blog\/wp-json\/wp\/v2\/posts\/70230\/revisions"}],"predecessor-version":[{"id":80039,"href":"https:\/\/www.cocondedecoration.com\/blog\/wp-json\/wp\/v2\/posts\/70230\/revisions\/80039"}],"wp:featuredmedia":[{"embeddable":true,"href":"https:\/\/www.cocondedecoration.com\/blog\/wp-json\/wp\/v2\/media\/70357"}],"wp:attachment":[{"href":"https:\/\/www.cocondedecoration.com\/blog\/wp-json\/wp\/v2\/media?parent=70230"}],"wp:term":[{"taxonomy":"category","embeddable":true,"href":"https:\/\/www.cocondedecoration.com\/blog\/wp-json\/wp\/v2\/categories?post=70230"},{"taxonomy":"post_tag","embeddable":true,"href":"https:\/\/www.cocondedecoration.com\/blog\/wp-json\/wp\/v2\/tags?post=70230"}],"curies":[{"name":"wp","href":"https:\/\/api.w.org\/{rel}","templated":true}]}}