{"id":7001,"date":"2014-04-11T20:08:27","date_gmt":"2014-04-11T18:08:27","guid":{"rendered":"http:\/\/www.cocondedecoration.com\/blog\/?p=7001"},"modified":"2014-06-30T15:38:33","modified_gmt":"2014-06-30T13:38:33","slug":"amenager-son-jardin-pour-les-beaux-jours","status":"publish","type":"post","link":"https:\/\/www.cocondedecoration.com\/blog\/2014\/04\/amenager-son-jardin-pour-les-beaux-jours\/","title":{"rendered":"Am\u00e9nager son jardin pour les beaux jours"},"content":{"rendered":"<p style=\"text-align: justify;\">Visiblement, le printemps a pris ses marques et on dirait qu'il ne laissera plus la place \u00e0 la gr\u00eale et au froid. Tout \u00e7a me donne l'envie de modifier ma terrasse et mon jardiner. Depuis que nous avons emm\u00e9nag\u00e9, c'est un peu le carnage dehors, d'ailleurs ma voisine sait bien me le faire remarquer de mani\u00e8re indirecte. Elle est gentille, elle s'est occup\u00e9e de planter des fleurs dans la jardini\u00e8re. \u00c7a m'arrange, vu que je n'ai pas sp\u00e9cialement la main verte. Perso, je pr\u00e9f\u00e8re penser \u00e0 l'am\u00e9nagement en vu des futures soir\u00e9es que nous allons pass\u00e9es dehors.<\/p>\n<p style=\"text-align: justify;\">\u00c7a se fera petit \u00e0 petit, parce que je n'ai pas un budget \u00e9norme. J'ai un grand mur, tr\u00e8s long, tr\u00e8s large. J'ai un projet abstrait dessus dont je vous reparlerai en temps voulu. J'ai un pr\u00e9au, comme celui d'une \u00e9cole, sous lequel on gare la voiture (et l\u00e0 o\u00f9 il y a le fameux capharna\u00fcm qui g\u00e8ne la voisine) et il doit y avoir 10 \u00e0 15 m\u00b2 de terrasse. L'an pass\u00e9 et cet hiver, la mission \u00e9tait de nettoyer cet espace. Maintenant, je commence \u00e0 songer \u00e0 l'am\u00e9nagement. J'ai quasiment toujours eu des appartements en rez de jardin. Mais je n'ai jamais pens\u00e9 \u00e0 investir dans de la d\u00e9co et du mobilier. Maintenant cela fait quelques semaines que je pense \u00e0 ce que je vais faire et il y a un tas d'id\u00e9es sur le web, comme <a href=\"http:\/\/www.jardinchic.com\/accessoires-objets-deco.html\">chez JardinChic<\/a>.<\/p>\n<p style=\"text-align: justify;\"><a href=\"http:\/\/www.cocondedecoration.com\/blog\/wp-content\/uploads\/2014\/04\/deco-jardin.jpg\"><img loading=\"lazy\" decoding=\"async\" class=\"aligncenter size-full wp-image-7002\" alt=\"deco jardin\" src=\"http:\/\/www.cocondedecoration.com\/blog\/wp-content\/uploads\/2014\/04\/deco-jardin.jpg\" width=\"450\" height=\"600\" srcset=\"https:\/\/www.cocondedecoration.com\/blog\/wp-content\/uploads\/2014\/04\/deco-jardin.jpg 450w, https:\/\/www.cocondedecoration.com\/blog\/wp-content\/uploads\/2014\/04\/deco-jardin-260x346.jpg 260w\" sizes=\"(max-width: 450px) 100vw, 450px\" \/><\/a><\/p>\n<p style=\"text-align: justify;\">Il va falloir que je fasse un choix dans mes id\u00e9es, mais tout azimut, les voil\u00e0: J'ai envie de guirlandes color\u00e9es et lumineuses accroch\u00e9es sur les fers IPN du pr\u00e9au. J'aimerai aussi une table avec des pots de peintures qui font office de pots de fleurs. J'ai de la place aussi pour mettre une \u00e9tag\u00e8re avec des pots de fleurs. Si je m'\u00e9coutais, j'adorerai avoir une mini serre, juste parce que c'est joli de voir la lumi\u00e8re passer \u00e0 travers le verre. Et il y a tant d'autres id\u00e9es...<br \/>\nCe week end, je vais commencer par ranger. Et au fil du temps, j'essayerai de vous montrer des photos du cheminement!<\/p>\n<p style=\"text-align: justify;\"><a href=\"http:\/\/www.cocondedecoration.com\/blog\/wp-content\/uploads\/2014\/04\/serre-ajradin-plante-fleur.jpg\"><img loading=\"lazy\" decoding=\"async\" class=\"aligncenter size-full wp-image-7004\" alt=\"serre ajradin plante fleur\" src=\"http:\/\/www.cocondedecoration.com\/blog\/wp-content\/uploads\/2014\/04\/serre-ajradin-plante-fleur.jpg\" width=\"736\" height=\"981\" srcset=\"https:\/\/www.cocondedecoration.com\/blog\/wp-content\/uploads\/2014\/04\/serre-ajradin-plante-fleur.jpg 736w, https:\/\/www.cocondedecoration.com\/blog\/wp-content\/uploads\/2014\/04\/serre-ajradin-plante-fleur-260x346.jpg 260w, https:\/\/www.cocondedecoration.com\/blog\/wp-content\/uploads\/2014\/04\/serre-ajradin-plante-fleur-640x853.jpg 640w\" sizes=\"(max-width: 736px) 100vw, 736px\" \/><\/a>Source images: pinterest<\/p>\n","protected":false},"excerpt":{"rendered":"<p>Visiblement, le printemps a pris ses marques et on dirait qu&rsquo;il ne laissera plus la place \u00e0 la gr\u00eale et au froid. Tout \u00e7a me donne l&rsquo;envie de modifier ma terrasse et mon jardiner. Depuis que nous avons emm\u00e9nag\u00e9, c&rsquo;est un peu le carnage dehors, d&rsquo;ailleurs ma voisine sait bien<span class=\"more-link\"><a href=\"https:\/\/www.cocondedecoration.com\/blog\/2014\/04\/amenager-son-jardin-pour-les-beaux-jours\/\">Lire la suite<\/a><\/span><\/p>\n","protected":false},"author":1,"featured_media":7003,"comment_status":"open","ping_status":"open","sticky":false,"template":"","format":"standard","meta":{"om_disable_all_campaigns":false,"_monsterinsights_skip_tracking":false,"_monsterinsights_sitenote_active":false,"_monsterinsights_sitenote_note":"","_monsterinsights_sitenote_category":0,"_uf_show_specific_survey":0,"_uf_disable_surveys":false,"footnotes":""},"categories":[592,4],"tags":[1589,141,1448,129,528,300,22,62,1447,52],"aioseo_notices":[],"_links":{"self":[{"href":"https:\/\/www.cocondedecoration.com\/blog\/wp-json\/wp\/v2\/posts\/7001"}],"collection":[{"href":"https:\/\/www.cocondedecoration.com\/blog\/wp-json\/wp\/v2\/posts"}],"about":[{"href":"https:\/\/www.cocondedecoration.com\/blog\/wp-json\/wp\/v2\/types\/post"}],"author":[{"embeddable":true,"href":"https:\/\/www.cocondedecoration.com\/blog\/wp-json\/wp\/v2\/users\/1"}],"replies":[{"embeddable":true,"href":"https:\/\/www.cocondedecoration.com\/blog\/wp-json\/wp\/v2\/comments?post=7001"}],"version-history":[{"count":0,"href":"https:\/\/www.cocondedecoration.com\/blog\/wp-json\/wp\/v2\/posts\/7001\/revisions"}],"wp:featuredmedia":[{"embeddable":true,"href":"https:\/\/www.cocondedecoration.com\/blog\/wp-json\/wp\/v2\/media\/7003"}],"wp:attachment":[{"href":"https:\/\/www.cocondedecoration.com\/blog\/wp-json\/wp\/v2\/media?parent=7001"}],"wp:term":[{"taxonomy":"category","embeddable":true,"href":"https:\/\/www.cocondedecoration.com\/blog\/wp-json\/wp\/v2\/categories?post=7001"},{"taxonomy":"post_tag","embeddable":true,"href":"https:\/\/www.cocondedecoration.com\/blog\/wp-json\/wp\/v2\/tags?post=7001"}],"curies":[{"name":"wp","href":"https:\/\/api.w.org\/{rel}","templated":true}]}}