{"id":6955,"date":"2014-04-02T06:22:34","date_gmt":"2014-04-02T04:22:34","guid":{"rendered":"http:\/\/www.cocondedecoration.com\/blog\/?p=6955"},"modified":"2025-08-04T09:31:23","modified_gmt":"2025-08-04T07:31:23","slug":"cuisines-pastelles","status":"publish","type":"post","link":"https:\/\/www.cocondedecoration.com\/blog\/2014\/04\/cuisines-pastelles\/","title":{"rendered":"Cuisines pastelles"},"content":{"rendered":"<p style=\"text-align: justify;\">Depuis qu'on a emm\u00e9nag\u00e9, je suis vraiment contente de ma <a href=\"http:\/\/www.cocondedecoration.com\/blog\/?s=cuisine\" target=\"_blank\" rel=\"noopener\">cuisine<\/a>. Un jour quand elle sera finie, je vous mettrai des photos, pour que vous compreniez pourquoi. Il ne reste plus grand chose \u00e0 faire. Juste un morceau de MDF \u00e0 couper, \u00e0 fixer et \u00e0 peindre... Mais il faut avoir le temps, ce qui est rare en ce moment.<br \/>\nEn attendant, je r\u00e9fl\u00e9chis sur les couleurs de ce fameux morceau de MDF. C'est la grande question. Est-ce que je fais la partie visible du salon de la m\u00eame couleur que le coffrage qui n'est pas loin? Est-ce que je me fais plaisir avec une couleur plus pastelle \u00e0 l'int\u00e9rieur de la cuisine? Est-ce que ch\u00e9ri voudra du pastel? (Il a quand m\u00eame son mot \u00e0 dire de temps \u00e0 autre...)<br \/>\nFaute d'avoir deux heures de libres d'affil\u00e9es devant moi, pour le moment, je me contente de regarder et de m'inspirer.<\/p>\n<p style=\"text-align: justify;\"><a href=\"http:\/\/www.cocondedecoration.com\/blog\/wp-content\/uploads\/2014\/04\/chaise-cuisine-pastel.jpg\"><img loading=\"lazy\" decoding=\"async\" class=\"aligncenter size-full wp-image-6956\" alt=\"chaise cuisine pastel\" src=\"http:\/\/www.cocondedecoration.com\/blog\/wp-content\/uploads\/2014\/04\/chaise-cuisine-pastel.jpg\" width=\"500\" height=\"750\" srcset=\"https:\/\/www.cocondedecoration.com\/blog\/wp-content\/uploads\/2014\/04\/chaise-cuisine-pastel.jpg 500w, https:\/\/www.cocondedecoration.com\/blog\/wp-content\/uploads\/2014\/04\/chaise-cuisine-pastel-260x390.jpg 260w\" sizes=\"(max-width: 500px) 100vw, 500px\" \/><\/a><a href=\"http:\/\/etxekodeco.blogspot.com.es\/2013\/07\/comedores-en-tonalidades-pastel.html\" target=\"_blank\" rel=\"noopener\">Source <\/a><\/p>\n<p style=\"text-align: justify;\"><a href=\"http:\/\/www.cocondedecoration.com\/blog\/wp-content\/uploads\/2014\/04\/luminaire-cuisine-pastel.jpg\"><img loading=\"lazy\" decoding=\"async\" class=\"aligncenter size-full wp-image-6961\" alt=\"luminaire cuisine pastel\" src=\"http:\/\/www.cocondedecoration.com\/blog\/wp-content\/uploads\/2014\/04\/luminaire-cuisine-pastel.jpg\" width=\"736\" height=\"981\" srcset=\"https:\/\/www.cocondedecoration.com\/blog\/wp-content\/uploads\/2014\/04\/luminaire-cuisine-pastel.jpg 736w, https:\/\/www.cocondedecoration.com\/blog\/wp-content\/uploads\/2014\/04\/luminaire-cuisine-pastel-260x346.jpg 260w, https:\/\/www.cocondedecoration.com\/blog\/wp-content\/uploads\/2014\/04\/luminaire-cuisine-pastel-640x853.jpg 640w\" sizes=\"(max-width: 736px) 100vw, 736px\" \/><\/a><a href=\"http:\/\/livethemma.ikea.se\/inspiration\/pask-i-pastell\" target=\"_blank\" rel=\"noopener\">Source <\/a><\/p>\n<p style=\"text-align: justify;\"><a href=\"http:\/\/www.cocondedecoration.com\/blog\/wp-content\/uploads\/2014\/04\/frigo-smeg-rose-pastel.jpg\"><img loading=\"lazy\" decoding=\"async\" class=\"aligncenter size-full wp-image-6960\" alt=\"frigo smeg rose pastel\" src=\"http:\/\/www.cocondedecoration.com\/blog\/wp-content\/uploads\/2014\/04\/frigo-smeg-rose-pastel.jpg\" width=\"310\" height=\"403\" srcset=\"https:\/\/www.cocondedecoration.com\/blog\/wp-content\/uploads\/2014\/04\/frigo-smeg-rose-pastel.jpg 310w, https:\/\/www.cocondedecoration.com\/blog\/wp-content\/uploads\/2014\/04\/frigo-smeg-rose-pastel-260x338.jpg 260w\" sizes=\"(max-width: 310px) 100vw, 310px\" \/><\/a><a href=\"http:\/\/media-cache-ak0.pinimg.com\/originals\/66\/9b\/aa\/669baa4a0a675b3fa463fec63e127cf3.jpg\" target=\"_blank\" rel=\"noopener\">Source <\/a><\/p>\n<p style=\"text-align: justify;\"><a href=\"http:\/\/www.cocondedecoration.com\/blog\/wp-content\/uploads\/2014\/04\/table-cuisine-pastelle.jpg\"><img loading=\"lazy\" decoding=\"async\" class=\"aligncenter size-full wp-image-6962\" alt=\"table cuisine pastelle\" src=\"http:\/\/www.cocondedecoration.com\/blog\/wp-content\/uploads\/2014\/04\/table-cuisine-pastelle.jpg\" width=\"448\" height=\"640\" srcset=\"https:\/\/www.cocondedecoration.com\/blog\/wp-content\/uploads\/2014\/04\/table-cuisine-pastelle.jpg 448w, https:\/\/www.cocondedecoration.com\/blog\/wp-content\/uploads\/2014\/04\/table-cuisine-pastelle-260x371.jpg 260w\" sizes=\"(max-width: 448px) 100vw, 448px\" \/><\/a><a href=\"http:\/\/www.vtwonen.nl\/wooninspiratie\/eettafel-met-roze-en-koper.html\" target=\"_blank\" rel=\"noopener\">Source <\/a><\/p>\n<p style=\"text-align: justify;\"><a href=\"http:\/\/www.cocondedecoration.com\/blog\/wp-content\/uploads\/2014\/04\/cuisine-decoration-bois-clair.jpg\"><img loading=\"lazy\" decoding=\"async\" class=\"aligncenter size-full wp-image-6958\" alt=\"cuisine decoration bois clair\" src=\"http:\/\/www.cocondedecoration.com\/blog\/wp-content\/uploads\/2014\/04\/cuisine-decoration-bois-clair.jpg\" width=\"570\" height=\"858\" srcset=\"https:\/\/www.cocondedecoration.com\/blog\/wp-content\/uploads\/2014\/04\/cuisine-decoration-bois-clair.jpg 570w, https:\/\/www.cocondedecoration.com\/blog\/wp-content\/uploads\/2014\/04\/cuisine-decoration-bois-clair-260x391.jpg 260w\" sizes=\"(max-width: 570px) 100vw, 570px\" \/><\/a><a href=\"http:\/\/www.etsy.com\/fr\/listing\/121386525\/lampes-pixoss?ref=listing-shop-header-2\" target=\"_blank\" rel=\"noopener\">Source <\/a><\/p>\n<p style=\"text-align: justify;\"><a href=\"http:\/\/www.cocondedecoration.com\/blog\/wp-content\/uploads\/2014\/04\/cuisine-deco-pastelle.jpg\"><img loading=\"lazy\" decoding=\"async\" class=\"aligncenter size-full wp-image-6957\" alt=\"SONY DSC\" src=\"http:\/\/www.cocondedecoration.com\/blog\/wp-content\/uploads\/2014\/04\/cuisine-deco-pastelle.jpg\" width=\"533\" height=\"800\" srcset=\"https:\/\/www.cocondedecoration.com\/blog\/wp-content\/uploads\/2014\/04\/cuisine-deco-pastelle.jpg 533w, https:\/\/www.cocondedecoration.com\/blog\/wp-content\/uploads\/2014\/04\/cuisine-deco-pastelle-260x390.jpg 260w\" sizes=\"(max-width: 533px) 100vw, 533px\" \/><\/a><a href=\"http:\/\/www.svenngaarden.com\/search\/label\/Children%27s%20room\" target=\"_blank\" rel=\"noopener\">Source <\/a> et <a href=\"http:\/\/media-cache-ec0.pinimg.com\/originals\/72\/71\/17\/72711712a2b0d2b691c6a08dbe63e5c1.jpg\" target=\"_blank\" rel=\"noopener\">source de l'image \u00e0 la une <\/a><\/p>\n","protected":false},"excerpt":{"rendered":"<p>Depuis qu&rsquo;on a emm\u00e9nag\u00e9, je suis vraiment contente de ma cuisine. Un jour quand elle sera finie, je vous mettrai des photos, pour que vous compreniez pourquoi. Il ne reste plus grand chose \u00e0 faire. Juste un morceau de MDF \u00e0 couper, \u00e0 fixer et \u00e0 peindre&#8230; Mais il faut<span class=\"more-link\"><a href=\"https:\/\/www.cocondedecoration.com\/blog\/2014\/04\/cuisines-pastelles\/\">Lire la suite<\/a><\/span><\/p>\n","protected":false},"author":1,"featured_media":6959,"comment_status":"open","ping_status":"open","sticky":false,"template":"","format":"standard","meta":{"om_disable_all_campaigns":false,"_monsterinsights_skip_tracking":false,"_monsterinsights_sitenote_active":false,"_monsterinsights_sitenote_note":"","_monsterinsights_sitenote_category":0,"_uf_show_specific_survey":0,"_uf_disable_surveys":false,"footnotes":""},"categories":[62047],"tags":[288,752,15,129,528,679,78,350,118,1425,210,39,41],"aioseo_notices":[],"_links":{"self":[{"href":"https:\/\/www.cocondedecoration.com\/blog\/wp-json\/wp\/v2\/posts\/6955"}],"collection":[{"href":"https:\/\/www.cocondedecoration.com\/blog\/wp-json\/wp\/v2\/posts"}],"about":[{"href":"https:\/\/www.cocondedecoration.com\/blog\/wp-json\/wp\/v2\/types\/post"}],"author":[{"embeddable":true,"href":"https:\/\/www.cocondedecoration.com\/blog\/wp-json\/wp\/v2\/users\/1"}],"replies":[{"embeddable":true,"href":"https:\/\/www.cocondedecoration.com\/blog\/wp-json\/wp\/v2\/comments?post=6955"}],"version-history":[{"count":1,"href":"https:\/\/www.cocondedecoration.com\/blog\/wp-json\/wp\/v2\/posts\/6955\/revisions"}],"predecessor-version":[{"id":84149,"href":"https:\/\/www.cocondedecoration.com\/blog\/wp-json\/wp\/v2\/posts\/6955\/revisions\/84149"}],"wp:featuredmedia":[{"embeddable":true,"href":"https:\/\/www.cocondedecoration.com\/blog\/wp-json\/wp\/v2\/media\/6959"}],"wp:attachment":[{"href":"https:\/\/www.cocondedecoration.com\/blog\/wp-json\/wp\/v2\/media?parent=6955"}],"wp:term":[{"taxonomy":"category","embeddable":true,"href":"https:\/\/www.cocondedecoration.com\/blog\/wp-json\/wp\/v2\/categories?post=6955"},{"taxonomy":"post_tag","embeddable":true,"href":"https:\/\/www.cocondedecoration.com\/blog\/wp-json\/wp\/v2\/tags?post=6955"}],"curies":[{"name":"wp","href":"https:\/\/api.w.org\/{rel}","templated":true}]}}